{"id":35680,"date":"2021-08-10T15:26:03","date_gmt":"2021-08-10T13:26:03","guid":{"rendered":"https:\/\/dorogimedence.hu\/?p=35680"},"modified":"2021-08-10T15:26:16","modified_gmt":"2021-08-10T13:26:16","slug":"herballal-amfetaminnal-kereskedtek-esztergomban","status":"publish","type":"post","link":"https:\/\/dorogimedence.hu\/index.php\/2021\/08\/10\/herballal-amfetaminnal-kereskedtek-esztergomban\/","title":{"rendered":"Herb\u00e1llal, amfetaminnal kereskedtek Esztergomban"},"content":{"rendered":"<p><strong>Tov\u00e1bbi h\u00e1rom h\u00f3nappal meghosszabb\u00edtott\u00e1k annak a k\u00e9t f\u00e9rfinak \u00e9s egy n\u0151nek az el\u0151zetes letart\u00f3ztat\u00e1s\u00e1t, akik Esztergomban amfetaminnal \u00e9s herb\u00e1llal kereskedtek.<\/strong><\/p>\n<p>A megalapozott gyan\u00fa szerint az egyik f\u00e9rfi 2018. \u00e9vben heti rendszeress\u00e9ggel adott el herbal elnevez\u00e9s\u0171 \u00faj pszichoakt\u00edv anyagot egy m\u00e1sik f\u00e9rfinak \u00e9s egy n\u0151nek. Ezt k\u00f6vet\u0151en a p\u00e1r az anyagot acetonnal keverte, majd azt doh\u00e1nyra sz\u00f3rta \u00e9s \u00edgy \u00e9rt\u00e9kes\u00edtette Esztergomban t\u00f6bb fogyaszt\u00f3nak. Az a f\u00e9rfi, akit\u0151l a p\u00e1r a herb\u00e1lt szerezte amfetaminnal is kereskedett Esztergom ter\u00fclet\u00e9n.<\/p>\n<p>A nyomoz\u00f3 hat\u00f3s\u00e1g a p\u00e1r lak\u00f3hely\u00e9n \u00e9rt\u00e9kes\u00edt\u00e9sre k\u00e9szletezett \u00faj pszichoakt\u00edv anyagot, digit\u00e1lis m\u00e9rleget, a f\u00e9rfit\u00f3l pedig jelent\u0151s mennyis\u00e9g\u0171 amfetamint foglalt le.<\/p>\n<p>Az \u00fcgy\u00e9szs\u00e9g ind\u00edtv\u00e1ny\u00e1ra az Esztergomi J\u00e1r\u00e1sb\u00edr\u00f3s\u00e1g nyomoz\u00e1si b\u00edr\u00e1ja 2021. febru\u00e1r 12. napj\u00e1n elrendelte a gyan\u00fas\u00edtottak letart\u00f3ztat\u00e1s\u00e1t.<\/p>\n<p>Az \u00fcgy\u00e9szs\u00e9g ism\u00e9telten ind\u00edtv\u00e1nyozta mindh\u00e1rom gyan\u00fas\u00edtott letart\u00f3ztat\u00e1s\u00e1nak meghosszabb\u00edt\u00e1s\u00e1t tekintettel arra, hogy vel\u00fck szemben tov\u00e1bbra is fenn\u00e1ll a b\u0171nism\u00e9tl\u00e9s, valamint annak a vesz\u00e9lye, hogy szabadl\u00e1bra ker\u00fcl\u00e9s\u00fck eset\u00e9n a bizony\u00edt\u00e1st vesz\u00e9lyeztetn\u00e9k.<\/p>\n<p>A Tatab\u00e1nyai J\u00e1r\u00e1sb\u00edr\u00f3s\u00e1g az \u00fcgy\u00e9szi ind\u00edtv\u00e1nynak helyt adott \u00e9s a gyan\u00fas\u00edtottak letart\u00f3ztat\u00e1s\u00e1t tov\u00e1bbi h\u00e1rom h\u00f3nappal, 2021. november 12. napj\u00e1ig meghosszabb\u00edtotta.<\/p>\n<p><em>Forr\u00e1s: Kom\u00e1rom-Esztergom Megyei F\u0151\u00fcgy\u00e9szs\u00e9g<\/em><\/p>\n","protected":false},"excerpt":{"rendered":"<p>Tov\u00e1bbi h\u00e1rom h\u00f3nappal meghosszabb\u00edtott\u00e1k annak a k\u00e9t f\u00e9rfinak \u00e9s egy n\u0151nek az el\u0151zetes letart\u00f3ztat\u00e1s\u00e1t, akik Esztergomban amfetaminnal \u00e9s herb\u00e1llal kereskedtek. A megalapozott gyan\u00fa szerint az egyik f\u00e9rfi 2018. \u00e9vben heti rendszeress\u00e9ggel adott el herbal elnevez\u00e9s\u0171 \u00faj pszichoakt\u00edv anyagot egy m\u00e1sik f\u00e9rfinak \u00e9s egy n\u0151nek. Ezt k\u00f6vet\u0151en a p\u00e1r az anyagot acetonnal keverte, majd azt doh\u00e1nyra<\/p>\n","protected":false},"author":1,"featured_media":35681,"comment_status":"closed","ping_status":"closed","sticky":false,"template":"","format":"standard","meta":{"ngg_post_thumbnail":0,"footnotes":""},"categories":[38,3,39],"tags":[1042,1938,42,528,61,326],"class_list":{"0":"post-35680","1":"post","2":"type-post","3":"status-publish","4":"format-standard","5":"has-post-thumbnail","7":"category-esztergom","8":"category-hirek","9":"category-kek-hirek","10":"tag-birosag","11":"tag-diler","12":"tag-esztergom","13":"tag-kabitoszer","14":"tag-rendorsegi-hirek","15":"tag-ugyeszseg"},"yoast_head":"<!-- This site is optimized with the Yoast SEO plugin v27.5 - https:\/\/yoast.com\/product\/yoast-seo-wordpress\/ -->\n<title>Herb\u00e1llal, amfetaminnal kereskedtek Esztergomban<\/title>\n<meta name=\"robots\" content=\"index, follow, max-snippet:-1, max-image-preview:large, max-video-preview:-1\" \/>\n<link rel=\"canonical\" href=\"https:\/\/dorogimedence.hu\/index.php\/2021\/08\/10\/herballal-amfetaminnal-kereskedtek-esztergomban\/\" class=\"yoast-seo-meta-tag\" \/>\n<meta property=\"og:locale\" content=\"hu_HU\" class=\"yoast-seo-meta-tag\" \/>\n<meta property=\"og:type\" content=\"article\" class=\"yoast-seo-meta-tag\" \/>\n<meta property=\"og:title\" content=\"Herb\u00e1llal, amfetaminnal kereskedtek Esztergomban\" class=\"yoast-seo-meta-tag\" \/>\n<meta property=\"og:description\" content=\"Tov\u00e1bbi h\u00e1rom h\u00f3nappal meghosszabb\u00edtott\u00e1k annak a k\u00e9t f\u00e9rfinak \u00e9s egy n\u0151nek az el\u0151zetes letart\u00f3ztat\u00e1s\u00e1t, akik Esztergomban amfetaminnal \u00e9s herb\u00e1llal kereskedtek. A megalapozott gyan\u00fa szerint az egyik f\u00e9rfi 2018. \u00e9vben heti rendszeress\u00e9ggel adott el herbal elnevez\u00e9s\u0171 \u00faj pszichoakt\u00edv anyagot egy m\u00e1sik f\u00e9rfinak \u00e9s egy n\u0151nek. Ezt k\u00f6vet\u0151en a p\u00e1r az anyagot acetonnal keverte, majd azt doh\u00e1nyra\" class=\"yoast-seo-meta-tag\" \/>\n<meta property=\"og:url\" content=\"https:\/\/dorogimedence.hu\/index.php\/2021\/08\/10\/herballal-amfetaminnal-kereskedtek-esztergomban\/\" class=\"yoast-seo-meta-tag\" \/>\n<meta property=\"og:site_name\" content=\"Dorogi-medence Region\u00e1lis H\u00edrport\u00e1l\" class=\"yoast-seo-meta-tag\" \/>\n<meta property=\"article:publisher\" content=\"https:\/\/www.facebook.com\/dorogimedence\/\" class=\"yoast-seo-meta-tag\" \/>\n<meta property=\"article:published_time\" content=\"2021-08-10T13:26:03+00:00\" class=\"yoast-seo-meta-tag\" \/>\n<meta property=\"article:modified_time\" content=\"2021-08-10T13:26:16+00:00\" class=\"yoast-seo-meta-tag\" \/>\n<meta property=\"og:image\" content=\"https:\/\/i0.wp.com\/dorogimedence.hu\/wp-content\/uploads\/2021\/08\/marijuana-2174302_1920.jpg?fit=1920%2C1280&ssl=1\" class=\"yoast-seo-meta-tag\" \/>\n\t<meta property=\"og:image:width\" content=\"1920\" class=\"yoast-seo-meta-tag\" \/>\n\t<meta property=\"og:image:height\" content=\"1280\" class=\"yoast-seo-meta-tag\" \/>\n\t<meta property=\"og:image:type\" content=\"image\/jpeg\" class=\"yoast-seo-meta-tag\" \/>\n<meta name=\"author\" content=\"dorogimedence.hu\" class=\"yoast-seo-meta-tag\" \/>\n<meta name=\"twitter:card\" content=\"summary_large_image\" class=\"yoast-seo-meta-tag\" \/>\n<meta name=\"twitter:label1\" content=\"Szerz\u0151:\" class=\"yoast-seo-meta-tag\" \/>\n\t<meta name=\"twitter:data1\" content=\"dorogimedence.hu\" class=\"yoast-seo-meta-tag\" \/>\n\t<meta name=\"twitter:label2\" content=\"Becs\u00fclt olvas\u00e1si id\u0151\" class=\"yoast-seo-meta-tag\" \/>\n\t<meta name=\"twitter:data2\" content=\"1 perc\" class=\"yoast-seo-meta-tag\" \/>\n<script type=\"application\/ld+json\" class=\"yoast-schema-graph\">{\"@context\":\"https:\\\/\\\/schema.org\",\"@graph\":[{\"@type\":\"Article\",\"@id\":\"https:\\\/\\\/dorogimedence.hu\\\/index.php\\\/2021\\\/08\\\/10\\\/herballal-amfetaminnal-kereskedtek-esztergomban\\\/#article\",\"isPartOf\":{\"@id\":\"https:\\\/\\\/dorogimedence.hu\\\/index.php\\\/2021\\\/08\\\/10\\\/herballal-amfetaminnal-kereskedtek-esztergomban\\\/\"},\"author\":{\"name\":\"dorogimedence.hu\",\"@id\":\"https:\\\/\\\/dorogimedence.hu\\\/#\\\/schema\\\/person\\\/ce6091eeb7e95ecdc87890d6aa8e0fd4\"},\"headline\":\"Herb\u00e1llal, amfetaminnal kereskedtek Esztergomban\",\"datePublished\":\"2021-08-10T13:26:03+00:00\",\"dateModified\":\"2021-08-10T13:26:16+00:00\",\"mainEntityOfPage\":{\"@id\":\"https:\\\/\\\/dorogimedence.hu\\\/index.php\\\/2021\\\/08\\\/10\\\/herballal-amfetaminnal-kereskedtek-esztergomban\\\/\"},\"wordCount\":291,\"publisher\":{\"@id\":\"https:\\\/\\\/dorogimedence.hu\\\/#organization\"},\"image\":{\"@id\":\"https:\\\/\\\/dorogimedence.hu\\\/index.php\\\/2021\\\/08\\\/10\\\/herballal-amfetaminnal-kereskedtek-esztergomban\\\/#primaryimage\"},\"thumbnailUrl\":\"https:\\\/\\\/dorogimedence.hu\\\/wp-content\\\/uploads\\\/2021\\\/08\\\/marijuana-2174302_1920.jpg\",\"keywords\":[\"b\u00edr\u00f3s\u00e1g\",\"d\u00edler\",\"esztergom\",\"k\u00e1b\u00edt\u00f3szer\",\"rend\u0151rs\u00e9gi h\u00edrek\",\"\u00fcgy\u00e9szs\u00e9g\"],\"articleSection\":[\"Esztergom\",\"H\u00edrek\",\"K\u00e9k h\u00edrek\"],\"inLanguage\":\"hu\"},{\"@type\":\"WebPage\",\"@id\":\"https:\\\/\\\/dorogimedence.hu\\\/index.php\\\/2021\\\/08\\\/10\\\/herballal-amfetaminnal-kereskedtek-esztergomban\\\/\",\"url\":\"https:\\\/\\\/dorogimedence.hu\\\/index.php\\\/2021\\\/08\\\/10\\\/herballal-amfetaminnal-kereskedtek-esztergomban\\\/\",\"name\":\"Herb\u00e1llal, amfetaminnal kereskedtek Esztergomban\",\"isPartOf\":{\"@id\":\"https:\\\/\\\/dorogimedence.hu\\\/#website\"},\"primaryImageOfPage\":{\"@id\":\"https:\\\/\\\/dorogimedence.hu\\\/index.php\\\/2021\\\/08\\\/10\\\/herballal-amfetaminnal-kereskedtek-esztergomban\\\/#primaryimage\"},\"image\":{\"@id\":\"https:\\\/\\\/dorogimedence.hu\\\/index.php\\\/2021\\\/08\\\/10\\\/herballal-amfetaminnal-kereskedtek-esztergomban\\\/#primaryimage\"},\"thumbnailUrl\":\"https:\\\/\\\/dorogimedence.hu\\\/wp-content\\\/uploads\\\/2021\\\/08\\\/marijuana-2174302_1920.jpg\",\"datePublished\":\"2021-08-10T13:26:03+00:00\",\"dateModified\":\"2021-08-10T13:26:16+00:00\",\"breadcrumb\":{\"@id\":\"https:\\\/\\\/dorogimedence.hu\\\/index.php\\\/2021\\\/08\\\/10\\\/herballal-amfetaminnal-kereskedtek-esztergomban\\\/#breadcrumb\"},\"inLanguage\":\"hu\",\"potentialAction\":[{\"@type\":\"ReadAction\",\"target\":[\"https:\\\/\\\/dorogimedence.hu\\\/index.php\\\/2021\\\/08\\\/10\\\/herballal-amfetaminnal-kereskedtek-esztergomban\\\/\"]}]},{\"@type\":\"ImageObject\",\"inLanguage\":\"hu\",\"@id\":\"https:\\\/\\\/dorogimedence.hu\\\/index.php\\\/2021\\\/08\\\/10\\\/herballal-amfetaminnal-kereskedtek-esztergomban\\\/#primaryimage\",\"url\":\"https:\\\/\\\/dorogimedence.hu\\\/wp-content\\\/uploads\\\/2021\\\/08\\\/marijuana-2174302_1920.jpg\",\"contentUrl\":\"https:\\\/\\\/dorogimedence.hu\\\/wp-content\\\/uploads\\\/2021\\\/08\\\/marijuana-2174302_1920.jpg\",\"width\":1920,\"height\":1280},{\"@type\":\"BreadcrumbList\",\"@id\":\"https:\\\/\\\/dorogimedence.hu\\\/index.php\\\/2021\\\/08\\\/10\\\/herballal-amfetaminnal-kereskedtek-esztergomban\\\/#breadcrumb\",\"itemListElement\":[{\"@type\":\"ListItem\",\"position\":1,\"name\":\"Kezd\u0151lap\",\"item\":\"https:\\\/\\\/dorogimedence.hu\\\/\"},{\"@type\":\"ListItem\",\"position\":2,\"name\":\"Herb\u00e1llal, amfetaminnal kereskedtek Esztergomban\"}]},{\"@type\":\"WebSite\",\"@id\":\"https:\\\/\\\/dorogimedence.hu\\\/#website\",\"url\":\"https:\\\/\\\/dorogimedence.hu\\\/\",\"name\":\"Dorogi-medence Region\u00e1lis H\u00edrport\u00e1l\",\"description\":\"Dorog, Keszt\u00f6lc, Le\u00e1nyv\u00e1r, Piliscs\u00e9v, Tokod, Tokodalt\u00e1r\u00f3, Csolnok, Esztergom-kertv\u00e1ros: h\u00edrek, programok\",\"publisher\":{\"@id\":\"https:\\\/\\\/dorogimedence.hu\\\/#organization\"},\"potentialAction\":[{\"@type\":\"SearchAction\",\"target\":{\"@type\":\"EntryPoint\",\"urlTemplate\":\"https:\\\/\\\/dorogimedence.hu\\\/?s={search_term_string}\"},\"query-input\":{\"@type\":\"PropertyValueSpecification\",\"valueRequired\":true,\"valueName\":\"search_term_string\"}}],\"inLanguage\":\"hu\"},{\"@type\":\"Organization\",\"@id\":\"https:\\\/\\\/dorogimedence.hu\\\/#organization\",\"name\":\"Dorogi-medence Region\u00e1lis H\u00edrport\u00e1l\",\"url\":\"https:\\\/\\\/dorogimedence.hu\\\/\",\"logo\":{\"@type\":\"ImageObject\",\"inLanguage\":\"hu\",\"@id\":\"https:\\\/\\\/dorogimedence.hu\\\/#\\\/schema\\\/logo\\\/image\\\/\",\"url\":\"https:\\\/\\\/dorogimedence.hu\\\/wp-content\\\/uploads\\\/2021\\\/04\\\/logo-feher-600.png\",\"contentUrl\":\"https:\\\/\\\/dorogimedence.hu\\\/wp-content\\\/uploads\\\/2021\\\/04\\\/logo-feher-600.png\",\"width\":600,\"height\":100,\"caption\":\"Dorogi-medence Region\u00e1lis H\u00edrport\u00e1l\"},\"image\":{\"@id\":\"https:\\\/\\\/dorogimedence.hu\\\/#\\\/schema\\\/logo\\\/image\\\/\"},\"sameAs\":[\"https:\\\/\\\/www.facebook.com\\\/dorogimedence\\\/\"]},{\"@type\":\"Person\",\"@id\":\"https:\\\/\\\/dorogimedence.hu\\\/#\\\/schema\\\/person\\\/ce6091eeb7e95ecdc87890d6aa8e0fd4\",\"name\":\"dorogimedence.hu\",\"image\":{\"@type\":\"ImageObject\",\"inLanguage\":\"hu\",\"@id\":\"\\\/\\\/www.gravatar.com\\\/avatar\\\/d8d45f8901aadff40a4af72c0b826f1d?s=96&#038;r=g&#038;d=mm\",\"url\":\"\\\/\\\/www.gravatar.com\\\/avatar\\\/d8d45f8901aadff40a4af72c0b826f1d?s=96&#038;r=g&#038;d=mm\",\"contentUrl\":\"\\\/\\\/www.gravatar.com\\\/avatar\\\/d8d45f8901aadff40a4af72c0b826f1d?s=96&#038;r=g&#038;d=mm\",\"caption\":\"dorogimedence.hu\"}}]}<\/script>\n<!-- \/ Yoast SEO plugin. -->","yoast_head_json":{"title":"Herb\u00e1llal, amfetaminnal kereskedtek Esztergomban","robots":{"index":"index","follow":"follow","max-snippet":"max-snippet:-1","max-image-preview":"max-image-preview:large","max-video-preview":"max-video-preview:-1"},"canonical":"https:\/\/dorogimedence.hu\/index.php\/2021\/08\/10\/herballal-amfetaminnal-kereskedtek-esztergomban\/","og_locale":"hu_HU","og_type":"article","og_title":"Herb\u00e1llal, amfetaminnal kereskedtek Esztergomban","og_description":"Tov\u00e1bbi h\u00e1rom h\u00f3nappal meghosszabb\u00edtott\u00e1k annak a k\u00e9t f\u00e9rfinak \u00e9s egy n\u0151nek az el\u0151zetes letart\u00f3ztat\u00e1s\u00e1t, akik Esztergomban amfetaminnal \u00e9s herb\u00e1llal kereskedtek. A megalapozott gyan\u00fa szerint az egyik f\u00e9rfi 2018. \u00e9vben heti rendszeress\u00e9ggel adott el herbal elnevez\u00e9s\u0171 \u00faj pszichoakt\u00edv anyagot egy m\u00e1sik f\u00e9rfinak \u00e9s egy n\u0151nek. Ezt k\u00f6vet\u0151en a p\u00e1r az anyagot acetonnal keverte, majd azt doh\u00e1nyra","og_url":"https:\/\/dorogimedence.hu\/index.php\/2021\/08\/10\/herballal-amfetaminnal-kereskedtek-esztergomban\/","og_site_name":"Dorogi-medence Region\u00e1lis H\u00edrport\u00e1l","article_publisher":"https:\/\/www.facebook.com\/dorogimedence\/","article_published_time":"2021-08-10T13:26:03+00:00","article_modified_time":"2021-08-10T13:26:16+00:00","og_image":[{"width":1920,"height":1280,"url":"https:\/\/i0.wp.com\/dorogimedence.hu\/wp-content\/uploads\/2021\/08\/marijuana-2174302_1920.jpg?fit=1920%2C1280&ssl=1","type":"image\/jpeg"}],"author":"dorogimedence.hu","twitter_card":"summary_large_image","twitter_misc":{"Szerz\u0151:":"dorogimedence.hu","Becs\u00fclt olvas\u00e1si id\u0151":"1 perc"},"schema":{"@context":"https:\/\/schema.org","@graph":[{"@type":"Article","@id":"https:\/\/dorogimedence.hu\/index.php\/2021\/08\/10\/herballal-amfetaminnal-kereskedtek-esztergomban\/#article","isPartOf":{"@id":"https:\/\/dorogimedence.hu\/index.php\/2021\/08\/10\/herballal-amfetaminnal-kereskedtek-esztergomban\/"},"author":{"name":"dorogimedence.hu","@id":"https:\/\/dorogimedence.hu\/#\/schema\/person\/ce6091eeb7e95ecdc87890d6aa8e0fd4"},"headline":"Herb\u00e1llal, amfetaminnal kereskedtek Esztergomban","datePublished":"2021-08-10T13:26:03+00:00","dateModified":"2021-08-10T13:26:16+00:00","mainEntityOfPage":{"@id":"https:\/\/dorogimedence.hu\/index.php\/2021\/08\/10\/herballal-amfetaminnal-kereskedtek-esztergomban\/"},"wordCount":291,"publisher":{"@id":"https:\/\/dorogimedence.hu\/#organization"},"image":{"@id":"https:\/\/dorogimedence.hu\/index.php\/2021\/08\/10\/herballal-amfetaminnal-kereskedtek-esztergomban\/#primaryimage"},"thumbnailUrl":"https:\/\/dorogimedence.hu\/wp-content\/uploads\/2021\/08\/marijuana-2174302_1920.jpg","keywords":["b\u00edr\u00f3s\u00e1g","d\u00edler","esztergom","k\u00e1b\u00edt\u00f3szer","rend\u0151rs\u00e9gi h\u00edrek","\u00fcgy\u00e9szs\u00e9g"],"articleSection":["Esztergom","H\u00edrek","K\u00e9k h\u00edrek"],"inLanguage":"hu"},{"@type":"WebPage","@id":"https:\/\/dorogimedence.hu\/index.php\/2021\/08\/10\/herballal-amfetaminnal-kereskedtek-esztergomban\/","url":"https:\/\/dorogimedence.hu\/index.php\/2021\/08\/10\/herballal-amfetaminnal-kereskedtek-esztergomban\/","name":"Herb\u00e1llal, amfetaminnal kereskedtek Esztergomban","isPartOf":{"@id":"https:\/\/dorogimedence.hu\/#website"},"primaryImageOfPage":{"@id":"https:\/\/dorogimedence.hu\/index.php\/2021\/08\/10\/herballal-amfetaminnal-kereskedtek-esztergomban\/#primaryimage"},"image":{"@id":"https:\/\/dorogimedence.hu\/index.php\/2021\/08\/10\/herballal-amfetaminnal-kereskedtek-esztergomban\/#primaryimage"},"thumbnailUrl":"https:\/\/dorogimedence.hu\/wp-content\/uploads\/2021\/08\/marijuana-2174302_1920.jpg","datePublished":"2021-08-10T13:26:03+00:00","dateModified":"2021-08-10T13:26:16+00:00","breadcrumb":{"@id":"https:\/\/dorogimedence.hu\/index.php\/2021\/08\/10\/herballal-amfetaminnal-kereskedtek-esztergomban\/#breadcrumb"},"inLanguage":"hu","potentialAction":[{"@type":"ReadAction","target":["https:\/\/dorogimedence.hu\/index.php\/2021\/08\/10\/herballal-amfetaminnal-kereskedtek-esztergomban\/"]}]},{"@type":"ImageObject","inLanguage":"hu","@id":"https:\/\/dorogimedence.hu\/index.php\/2021\/08\/10\/herballal-amfetaminnal-kereskedtek-esztergomban\/#primaryimage","url":"https:\/\/dorogimedence.hu\/wp-content\/uploads\/2021\/08\/marijuana-2174302_1920.jpg","contentUrl":"https:\/\/dorogimedence.hu\/wp-content\/uploads\/2021\/08\/marijuana-2174302_1920.jpg","width":1920,"height":1280},{"@type":"BreadcrumbList","@id":"https:\/\/dorogimedence.hu\/index.php\/2021\/08\/10\/herballal-amfetaminnal-kereskedtek-esztergomban\/#breadcrumb","itemListElement":[{"@type":"ListItem","position":1,"name":"Kezd\u0151lap","item":"https:\/\/dorogimedence.hu\/"},{"@type":"ListItem","position":2,"name":"Herb\u00e1llal, amfetaminnal kereskedtek Esztergomban"}]},{"@type":"WebSite","@id":"https:\/\/dorogimedence.hu\/#website","url":"https:\/\/dorogimedence.hu\/","name":"Dorogi-medence Region\u00e1lis H\u00edrport\u00e1l","description":"Dorog, Keszt\u00f6lc, Le\u00e1nyv\u00e1r, Piliscs\u00e9v, Tokod, Tokodalt\u00e1r\u00f3, Csolnok, Esztergom-kertv\u00e1ros: h\u00edrek, programok","publisher":{"@id":"https:\/\/dorogimedence.hu\/#organization"},"potentialAction":[{"@type":"SearchAction","target":{"@type":"EntryPoint","urlTemplate":"https:\/\/dorogimedence.hu\/?s={search_term_string}"},"query-input":{"@type":"PropertyValueSpecification","valueRequired":true,"valueName":"search_term_string"}}],"inLanguage":"hu"},{"@type":"Organization","@id":"https:\/\/dorogimedence.hu\/#organization","name":"Dorogi-medence Region\u00e1lis H\u00edrport\u00e1l","url":"https:\/\/dorogimedence.hu\/","logo":{"@type":"ImageObject","inLanguage":"hu","@id":"https:\/\/dorogimedence.hu\/#\/schema\/logo\/image\/","url":"https:\/\/dorogimedence.hu\/wp-content\/uploads\/2021\/04\/logo-feher-600.png","contentUrl":"https:\/\/dorogimedence.hu\/wp-content\/uploads\/2021\/04\/logo-feher-600.png","width":600,"height":100,"caption":"Dorogi-medence Region\u00e1lis H\u00edrport\u00e1l"},"image":{"@id":"https:\/\/dorogimedence.hu\/#\/schema\/logo\/image\/"},"sameAs":["https:\/\/www.facebook.com\/dorogimedence\/"]},{"@type":"Person","@id":"https:\/\/dorogimedence.hu\/#\/schema\/person\/ce6091eeb7e95ecdc87890d6aa8e0fd4","name":"dorogimedence.hu","image":{"@type":"ImageObject","inLanguage":"hu","@id":"\/\/www.gravatar.com\/avatar\/d8d45f8901aadff40a4af72c0b826f1d?s=96&#038;r=g&#038;d=mm","url":"\/\/www.gravatar.com\/avatar\/d8d45f8901aadff40a4af72c0b826f1d?s=96&#038;r=g&#038;d=mm","contentUrl":"\/\/www.gravatar.com\/avatar\/d8d45f8901aadff40a4af72c0b826f1d?s=96&#038;r=g&#038;d=mm","caption":"dorogimedence.hu"}}]}},"_links":{"self":[{"href":"https:\/\/dorogimedence.hu\/index.php\/wp-json\/wp\/v2\/posts\/35680","targetHints":{"allow":["GET"]}}],"collection":[{"href":"https:\/\/dorogimedence.hu\/index.php\/wp-json\/wp\/v2\/posts"}],"about":[{"href":"https:\/\/dorogimedence.hu\/index.php\/wp-json\/wp\/v2\/types\/post"}],"author":[{"embeddable":true,"href":"https:\/\/dorogimedence.hu\/index.php\/wp-json\/wp\/v2\/users\/1"}],"replies":[{"embeddable":true,"href":"https:\/\/dorogimedence.hu\/index.php\/wp-json\/wp\/v2\/comments?post=35680"}],"version-history":[{"count":0,"href":"https:\/\/dorogimedence.hu\/index.php\/wp-json\/wp\/v2\/posts\/35680\/revisions"}],"wp:featuredmedia":[{"embeddable":true,"href":"https:\/\/dorogimedence.hu\/index.php\/wp-json\/wp\/v2\/media\/35681"}],"wp:attachment":[{"href":"https:\/\/dorogimedence.hu\/index.php\/wp-json\/wp\/v2\/media?parent=35680"}],"wp:term":[{"taxonomy":"category","embeddable":true,"href":"https:\/\/dorogimedence.hu\/index.php\/wp-json\/wp\/v2\/categories?post=35680"},{"taxonomy":"post_tag","embeddable":true,"href":"https:\/\/dorogimedence.hu\/index.php\/wp-json\/wp\/v2\/tags?post=35680"}],"curies":[{"name":"wp","href":"https:\/\/api.w.org\/{rel}","templated":true}]}}