{"id":35642,"date":"2021-08-09T16:01:21","date_gmt":"2021-08-09T14:01:21","guid":{"rendered":"https:\/\/dorogimedence.hu\/?p=35642"},"modified":"2021-08-09T16:03:53","modified_gmt":"2021-08-09T14:03:53","slug":"kirandultunk-furodtunk-borokat-kortyoltunk-ilyen-volt-az-agrowellness","status":"publish","type":"post","link":"https:\/\/dorogimedence.hu\/index.php\/2021\/08\/09\/kirandultunk-furodtunk-borokat-kortyoltunk-ilyen-volt-az-agrowellness\/","title":{"rendered":"Kir\u00e1ndultunk, f\u00fcr\u00f6dt\u00fcnk, borokat kortyoltunk: ilyen volt az Agrowellness"},"content":{"rendered":"<p><strong>Mintegy negyven f\u0151 vett r\u00e9szt a m\u00e1r hagyom\u00e1nyosnak mondhat\u00f3 agrowellness esem\u00e9nyen, a Szivek Pinc\u00e9szet keszt\u00f6lci d\u0171l\u0151j\u00e9ben, augusztus 7-\u00e9n, szombaton.<\/strong><\/p>\n<p>T\u00e1rsas\u00e1gunkkal \u2013 a menetrend szerinti aut\u00f3busz k\u00e9s\u00e9se miatt \u2013 mire a helysz\u00ednre \u00e9rkezt\u00fcnk, m\u00e1r zajlott a d\u00e9lel\u0151tti j\u00f3ga, de mivel egyik\u00fcnk sem gyakorolja az \u00f6nm\u0171vel\u00e9s ezen m\u00f3dszer\u00e9t, ez\u00e9rt \u00fagy d\u00f6nt\u00f6tt\u00fcnk nem t\u00fals\u00e1gosan baj, ha nem csatlakozunk a testet-lelket form\u00e1l\u00f3 gyakorlathoz. Miut\u00e1n piknikfelszerel\u00e9seinkkel letelepedt\u00fcnk, mindj\u00e1rt egy friss\u00edt\u0151 laza fr\u00f6ccsel \u00e9s t\u00e1pl\u00e1l\u00f3 p\u00e9ks\u00fctem\u00e9nyekkel k\u00edn\u00e1ltak minket.<\/p>\n<p><img fetchpriority=\"high\" decoding=\"async\" class=\"alignnone size-large wp-image-35644\" src=\"https:\/\/dorogimedence.hu\/wp-content\/uploads\/2021\/08\/agrowellness-02-1024x569.jpg\" alt=\"\" width=\"755\" height=\"420\" srcset=\"https:\/\/dorogimedence.hu\/wp-content\/uploads\/2021\/08\/agrowellness-02-1024x569.jpg 1024w, https:\/\/dorogimedence.hu\/wp-content\/uploads\/2021\/08\/agrowellness-02-300x167.jpg 300w, https:\/\/dorogimedence.hu\/wp-content\/uploads\/2021\/08\/agrowellness-02-768x427.jpg 768w, https:\/\/dorogimedence.hu\/wp-content\/uploads\/2021\/08\/agrowellness-02-150x83.jpg 150w, https:\/\/dorogimedence.hu\/wp-content\/uploads\/2021\/08\/agrowellness-02-450x250.jpg 450w, https:\/\/dorogimedence.hu\/wp-content\/uploads\/2021\/08\/agrowellness-02.jpg 1200w\" sizes=\"(max-width: 755px) 100vw, 755px\" \/><\/p>\n<p>A R\u00e9v\u00e9sz-Fodor Adrienn vezette j\u00f3ga ut\u00e1n tead\u00e9lel\u0151tt\u00f6n vehett\u00fcnk r\u00e9szt, ahol Kal\u00f3z Erika tea specialista \u00e1ltal ismerhett\u00fck meg a k\u00fcl\u00f6nb\u00f6z\u0151 gy\u00f3gyn\u00f6v\u00e9nyekb\u0151l k\u00e9sz\u00fclt te\u00e1kat. Ezut\u00e1n k\u00f6vetkezett az Agro-nordic walking, ami annyiban t\u00e9rt el a hagyom\u00e1nyos nordic walking-t\u00f3l, hogy sz\u0151l\u0151kar\u00f3val indultunk el az idei term\u00e9st megtekinteni. A hatalmas sz\u0151l\u0151\u00fcltetv\u00e9ny egy r\u00e9sz\u00e9t be is j\u00e1rtuk, k\u00f6zben Szivek Gyuri osztotta meg vel\u00fcnk a sz\u0151l\u0151termel\u00e9s legfontosabb szab\u00e1lyait. Az egyik helysz\u00ednen szomjasan meg\u00e1llva eszembe jutott, hogy kor\u00e1bban friss\u00edt\u0151vel k\u00edn\u00e1lt\u00e1k a megf\u00e1radt kir\u00e1ndul\u00f3kat. \u2013 \u00c1ll\u00edt\u00f3lag a t\u00fara sor\u00e1n f\u00e9l\u00faton el szoktatok rejteni n\u00e9h\u00e1ny palack bort, hogy azt\u00e1n \u2013 mint h\u00fasv\u00e9tkor a gyerekek \u2013 megtal\u00e1ljuk a sz\u0151l\u0151vessz\u0151k alatt a finom ned\u0171ket \u2013 eml\u00e9keztettem Szivek Gyurit, egy kor\u00e1bbi \u00e9v tapasztalataira alapozva. Mosolyogva n\u00e9zett r\u00e1m \u00e9s azt mondta, hogy rosszul eml\u00e9kszem \u00e9s ilyenre most sem gondoltak. K\u00f6zben a t\u00e1rsas\u00e1g egyik tagja a z\u00f6ld sz\u0151l\u0151levelek k\u00f6z\u00f6tt figyelmes lett egy ugyanolyan sz\u00edn\u0171 h\u0171t\u0151t\u00e1sk\u00e1ra. \u201eLel\u0151tt\u00fck a po\u00e9nt\u201d \u2013 mondta az egyik r\u00e9sztvev\u0151, majd kider\u00fclt, hogy igaz a legenda \u00e9s a j\u00e9ggel teli h\u0171t\u0151t\u00e1sk\u00e1b\u00f3l k\u00e9t palack Sz\u00edvhez Sz\u0151l\u0151 bor ker\u00fclt el\u0151. A bor eloszt\u00e1s\u00e1t k\u00f6vet\u0151en folytat\u00f3dott a t\u00fara, majd visszat\u00e9rt\u00fcnk a b\u00e1zisunkra, ahol finom ny\u00e1rias z\u00f6lds\u00e9glevessel v\u00e1rtak.<\/p>\n<p><img decoding=\"async\" class=\"alignnone size-large wp-image-35645\" src=\"https:\/\/dorogimedence.hu\/wp-content\/uploads\/2021\/08\/agrowellness-03-1024x666.jpg\" alt=\"\" width=\"755\" height=\"491\" srcset=\"https:\/\/dorogimedence.hu\/wp-content\/uploads\/2021\/08\/agrowellness-03-1024x666.jpg 1024w, https:\/\/dorogimedence.hu\/wp-content\/uploads\/2021\/08\/agrowellness-03-300x195.jpg 300w, https:\/\/dorogimedence.hu\/wp-content\/uploads\/2021\/08\/agrowellness-03-768x500.jpg 768w, https:\/\/dorogimedence.hu\/wp-content\/uploads\/2021\/08\/agrowellness-03-150x98.jpg 150w, https:\/\/dorogimedence.hu\/wp-content\/uploads\/2021\/08\/agrowellness-03-450x293.jpg 450w, https:\/\/dorogimedence.hu\/wp-content\/uploads\/2021\/08\/agrowellness-03.jpg 1200w\" sizes=\"(max-width: 755px) 100vw, 755px\" \/><\/p>\n<p>Az eb\u00e9d ut\u00e1n szabad program k\u00f6vetkezett, majd miut\u00e1n mindenki \u00f6sszeszedte mag\u00e1t, irodalmi d\u00e9lut\u00e1n vette kezdet\u00e9t. Sink\u00f3 Gyula riporter, tan\u00e1r \u00d6rk\u00e9ny egypercesekkel k\u00e9sz\u00fclt, majd Forg\u00e1cs P\u00e9ter tan\u00e1r, \u00edr\u00f3 saj\u00e1t novell\u00e1ib\u00f3l olvasott fel, ami ism\u00e9t elnyerte a k\u00f6z\u00f6ns\u00e9g tetsz\u00e9s\u00e9t. A program k\u00f6zben Szivek\u00e9k k\u00f6rbej\u00e1rtak \u00e9s borokkal, dinny\u00e9vel k\u00edn\u00e1lt\u00e1k a hallgat\u00f3kat.<\/p>\n<p><img decoding=\"async\" class=\"alignnone size-large wp-image-35646\" src=\"https:\/\/dorogimedence.hu\/wp-content\/uploads\/2021\/08\/agrowellness-04-1024x718.jpg\" alt=\"\" width=\"755\" height=\"529\" srcset=\"https:\/\/dorogimedence.hu\/wp-content\/uploads\/2021\/08\/agrowellness-04-1024x718.jpg 1024w, https:\/\/dorogimedence.hu\/wp-content\/uploads\/2021\/08\/agrowellness-04-300x210.jpg 300w, https:\/\/dorogimedence.hu\/wp-content\/uploads\/2021\/08\/agrowellness-04-768x538.jpg 768w, https:\/\/dorogimedence.hu\/wp-content\/uploads\/2021\/08\/agrowellness-04-150x105.jpg 150w, https:\/\/dorogimedence.hu\/wp-content\/uploads\/2021\/08\/agrowellness-04-450x315.jpg 450w, https:\/\/dorogimedence.hu\/wp-content\/uploads\/2021\/08\/agrowellness-04.jpg 1200w\" sizes=\"(max-width: 755px) 100vw, 755px\" \/><\/p>\n<p>Igaz\u00e1n j\u00f3 id\u0151 volt ezen a napon, ez\u00e9rt a vir\u00e1gokkal \u00e9s gy\u00f3gyn\u00f6v\u00e9nyekkel d\u00edsz\u00edtett d\u00e9zs\u00e1k, valamint a fel\u00e1ll\u00edtott medence meg is telt f\u00fcrd\u0151z\u0151kkel. El is kezd\u0151d\u00f6tt a nap f\u00e9nypontja: a bork\u00f3stol\u00e1s ideje. A kor\u00e1bbi \u00e9vhez hasonl\u00f3an, most is v\u00e9gig k\u00f3stolhattuk a pinc\u00e9szet \u00f6sszes bor\u00e1t. Mindek\u00f6zben beindultak a grillek \u00e9s kellemes zen\u00e9vel hangol\u00f3dtunk az esti vacsor\u00e1ra \u00e9s bulira. M\u00edg napk\u00f6zben a szem ell\u00e1tott olyan sz\u00e9p panor\u00e1ma t\u00e1rult el\u00e9nk a d\u0171l\u0151n, addig este a csillagokban \u00e9s a k\u00f6rnyez\u0151 telep\u00fcl\u00e9sek vil\u00e1g\u00edt\u00e1saiban gy\u00f6ny\u00f6rk\u00f6dhett\u00fcnk. A sz\u00f3rakoz\u00e1snak \u00e9jf\u00e9lt\u00e1jt lett v\u00e9ge, akik pedig ott aludtak, finom reggelire sz\u00e1m\u00edthattak.<\/p>\n<p><img loading=\"lazy\" decoding=\"async\" class=\"alignnone size-large wp-image-35647\" src=\"https:\/\/dorogimedence.hu\/wp-content\/uploads\/2021\/08\/agrowellness-06-1024x596.jpg\" alt=\"\" width=\"755\" height=\"439\" srcset=\"https:\/\/dorogimedence.hu\/wp-content\/uploads\/2021\/08\/agrowellness-06-1024x596.jpg 1024w, https:\/\/dorogimedence.hu\/wp-content\/uploads\/2021\/08\/agrowellness-06-300x175.jpg 300w, https:\/\/dorogimedence.hu\/wp-content\/uploads\/2021\/08\/agrowellness-06-768x447.jpg 768w, https:\/\/dorogimedence.hu\/wp-content\/uploads\/2021\/08\/agrowellness-06-150x87.jpg 150w, https:\/\/dorogimedence.hu\/wp-content\/uploads\/2021\/08\/agrowellness-06-450x262.jpg 450w, https:\/\/dorogimedence.hu\/wp-content\/uploads\/2021\/08\/agrowellness-06.jpg 1200w\" sizes=\"(max-width: 755px) 100vw, 755px\" \/><\/p>\n","protected":false},"excerpt":{"rendered":"<p>Mintegy negyven f\u0151 vett r\u00e9szt a m\u00e1r hagyom\u00e1nyosnak mondhat\u00f3 agrowellness esem\u00e9nyen, a Szivek Pinc\u00e9szet keszt\u00f6lci d\u0171l\u0151j\u00e9ben, augusztus 7-\u00e9n, szombaton. T\u00e1rsas\u00e1gunkkal \u2013 a menetrend szerinti aut\u00f3busz k\u00e9s\u00e9se miatt \u2013 mire a helysz\u00ednre \u00e9rkezt\u00fcnk, m\u00e1r zajlott a d\u00e9lel\u0151tti j\u00f3ga, de mivel egyik\u00fcnk sem gyakorolja az \u00f6nm\u0171vel\u00e9s ezen m\u00f3dszer\u00e9t, ez\u00e9rt \u00fagy d\u00f6nt\u00f6tt\u00fcnk nem t\u00fals\u00e1gosan baj, ha nem csatlakozunk<\/p>\n","protected":false},"author":1,"featured_media":35643,"comment_status":"closed","ping_status":"closed","sticky":false,"template":"","format":"standard","meta":{"ngg_post_thumbnail":0,"footnotes":""},"categories":[3,8],"tags":[2821,5624,129,611],"class_list":{"0":"post-35642","1":"post","2":"type-post","3":"status-publish","4":"format-standard","5":"has-post-thumbnail","7":"category-hirek","8":"category-kesztolc","9":"tag-agrowellness","10":"tag-featured","11":"tag-kesztolc","12":"tag-szivek-pince"},"yoast_head":"<!-- This site is optimized with the Yoast SEO plugin v27.5 - https:\/\/yoast.com\/product\/yoast-seo-wordpress\/ -->\n<title>Kir\u00e1ndultunk, f\u00fcr\u00f6dt\u00fcnk, borokat kortyoltunk: ilyen volt az Agrowellness<\/title>\n<meta name=\"robots\" content=\"index, follow, max-snippet:-1, max-image-preview:large, max-video-preview:-1\" \/>\n<link rel=\"canonical\" href=\"https:\/\/dorogimedence.hu\/index.php\/2021\/08\/09\/kirandultunk-furodtunk-borokat-kortyoltunk-ilyen-volt-az-agrowellness\/\" class=\"yoast-seo-meta-tag\" \/>\n<meta property=\"og:locale\" content=\"hu_HU\" class=\"yoast-seo-meta-tag\" \/>\n<meta property=\"og:type\" content=\"article\" class=\"yoast-seo-meta-tag\" \/>\n<meta property=\"og:title\" content=\"Kir\u00e1ndultunk, f\u00fcr\u00f6dt\u00fcnk, borokat kortyoltunk: ilyen volt az Agrowellness\" class=\"yoast-seo-meta-tag\" \/>\n<meta property=\"og:description\" content=\"Mintegy negyven f\u0151 vett r\u00e9szt a m\u00e1r hagyom\u00e1nyosnak mondhat\u00f3 agrowellness esem\u00e9nyen, a Szivek Pinc\u00e9szet keszt\u00f6lci d\u0171l\u0151j\u00e9ben, augusztus 7-\u00e9n, szombaton. T\u00e1rsas\u00e1gunkkal \u2013 a menetrend szerinti aut\u00f3busz k\u00e9s\u00e9se miatt \u2013 mire a helysz\u00ednre \u00e9rkezt\u00fcnk, m\u00e1r zajlott a d\u00e9lel\u0151tti j\u00f3ga, de mivel egyik\u00fcnk sem gyakorolja az \u00f6nm\u0171vel\u00e9s ezen m\u00f3dszer\u00e9t, ez\u00e9rt \u00fagy d\u00f6nt\u00f6tt\u00fcnk nem t\u00fals\u00e1gosan baj, ha nem csatlakozunk\" class=\"yoast-seo-meta-tag\" \/>\n<meta property=\"og:url\" content=\"https:\/\/dorogimedence.hu\/index.php\/2021\/08\/09\/kirandultunk-furodtunk-borokat-kortyoltunk-ilyen-volt-az-agrowellness\/\" class=\"yoast-seo-meta-tag\" \/>\n<meta property=\"og:site_name\" content=\"Dorogi-medence Region\u00e1lis H\u00edrport\u00e1l\" class=\"yoast-seo-meta-tag\" \/>\n<meta property=\"article:publisher\" content=\"https:\/\/www.facebook.com\/dorogimedence\/\" class=\"yoast-seo-meta-tag\" \/>\n<meta property=\"article:published_time\" content=\"2021-08-09T14:01:21+00:00\" class=\"yoast-seo-meta-tag\" \/>\n<meta property=\"article:modified_time\" content=\"2021-08-09T14:03:53+00:00\" class=\"yoast-seo-meta-tag\" \/>\n<meta property=\"og:image\" content=\"https:\/\/i0.wp.com\/dorogimedence.hu\/wp-content\/uploads\/2021\/08\/agrowellness-01.jpg?fit=1920%2C1158&ssl=1\" class=\"yoast-seo-meta-tag\" \/>\n\t<meta property=\"og:image:width\" content=\"1920\" class=\"yoast-seo-meta-tag\" \/>\n\t<meta property=\"og:image:height\" content=\"1158\" class=\"yoast-seo-meta-tag\" \/>\n\t<meta property=\"og:image:type\" content=\"image\/jpeg\" class=\"yoast-seo-meta-tag\" \/>\n<meta name=\"author\" content=\"dorogimedence.hu\" class=\"yoast-seo-meta-tag\" \/>\n<meta name=\"twitter:card\" content=\"summary_large_image\" class=\"yoast-seo-meta-tag\" \/>\n<meta name=\"twitter:label1\" content=\"Szerz\u0151:\" class=\"yoast-seo-meta-tag\" \/>\n\t<meta name=\"twitter:data1\" content=\"dorogimedence.hu\" class=\"yoast-seo-meta-tag\" \/>\n\t<meta name=\"twitter:label2\" content=\"Becs\u00fclt olvas\u00e1si id\u0151\" class=\"yoast-seo-meta-tag\" \/>\n\t<meta name=\"twitter:data2\" content=\"3 perc\" class=\"yoast-seo-meta-tag\" \/>\n<script type=\"application\/ld+json\" class=\"yoast-schema-graph\">{\"@context\":\"https:\\\/\\\/schema.org\",\"@graph\":[{\"@type\":\"Article\",\"@id\":\"https:\\\/\\\/dorogimedence.hu\\\/index.php\\\/2021\\\/08\\\/09\\\/kirandultunk-furodtunk-borokat-kortyoltunk-ilyen-volt-az-agrowellness\\\/#article\",\"isPartOf\":{\"@id\":\"https:\\\/\\\/dorogimedence.hu\\\/index.php\\\/2021\\\/08\\\/09\\\/kirandultunk-furodtunk-borokat-kortyoltunk-ilyen-volt-az-agrowellness\\\/\"},\"author\":{\"name\":\"dorogimedence.hu\",\"@id\":\"https:\\\/\\\/dorogimedence.hu\\\/#\\\/schema\\\/person\\\/ce6091eeb7e95ecdc87890d6aa8e0fd4\"},\"headline\":\"Kir\u00e1ndultunk, f\u00fcr\u00f6dt\u00fcnk, borokat kortyoltunk: ilyen volt az Agrowellness\",\"datePublished\":\"2021-08-09T14:01:21+00:00\",\"dateModified\":\"2021-08-09T14:03:53+00:00\",\"mainEntityOfPage\":{\"@id\":\"https:\\\/\\\/dorogimedence.hu\\\/index.php\\\/2021\\\/08\\\/09\\\/kirandultunk-furodtunk-borokat-kortyoltunk-ilyen-volt-az-agrowellness\\\/\"},\"wordCount\":647,\"publisher\":{\"@id\":\"https:\\\/\\\/dorogimedence.hu\\\/#organization\"},\"image\":{\"@id\":\"https:\\\/\\\/dorogimedence.hu\\\/index.php\\\/2021\\\/08\\\/09\\\/kirandultunk-furodtunk-borokat-kortyoltunk-ilyen-volt-az-agrowellness\\\/#primaryimage\"},\"thumbnailUrl\":\"https:\\\/\\\/dorogimedence.hu\\\/wp-content\\\/uploads\\\/2021\\\/08\\\/agrowellness-01.jpg\",\"keywords\":[\"Agrowellness\",\"featured\",\"Keszt\u00f6lc\",\"Szivek Pince\"],\"articleSection\":[\"H\u00edrek\",\"Keszt\u00f6lc\"],\"inLanguage\":\"hu\"},{\"@type\":\"WebPage\",\"@id\":\"https:\\\/\\\/dorogimedence.hu\\\/index.php\\\/2021\\\/08\\\/09\\\/kirandultunk-furodtunk-borokat-kortyoltunk-ilyen-volt-az-agrowellness\\\/\",\"url\":\"https:\\\/\\\/dorogimedence.hu\\\/index.php\\\/2021\\\/08\\\/09\\\/kirandultunk-furodtunk-borokat-kortyoltunk-ilyen-volt-az-agrowellness\\\/\",\"name\":\"Kir\u00e1ndultunk, f\u00fcr\u00f6dt\u00fcnk, borokat kortyoltunk: ilyen volt az Agrowellness\",\"isPartOf\":{\"@id\":\"https:\\\/\\\/dorogimedence.hu\\\/#website\"},\"primaryImageOfPage\":{\"@id\":\"https:\\\/\\\/dorogimedence.hu\\\/index.php\\\/2021\\\/08\\\/09\\\/kirandultunk-furodtunk-borokat-kortyoltunk-ilyen-volt-az-agrowellness\\\/#primaryimage\"},\"image\":{\"@id\":\"https:\\\/\\\/dorogimedence.hu\\\/index.php\\\/2021\\\/08\\\/09\\\/kirandultunk-furodtunk-borokat-kortyoltunk-ilyen-volt-az-agrowellness\\\/#primaryimage\"},\"thumbnailUrl\":\"https:\\\/\\\/dorogimedence.hu\\\/wp-content\\\/uploads\\\/2021\\\/08\\\/agrowellness-01.jpg\",\"datePublished\":\"2021-08-09T14:01:21+00:00\",\"dateModified\":\"2021-08-09T14:03:53+00:00\",\"breadcrumb\":{\"@id\":\"https:\\\/\\\/dorogimedence.hu\\\/index.php\\\/2021\\\/08\\\/09\\\/kirandultunk-furodtunk-borokat-kortyoltunk-ilyen-volt-az-agrowellness\\\/#breadcrumb\"},\"inLanguage\":\"hu\",\"potentialAction\":[{\"@type\":\"ReadAction\",\"target\":[\"https:\\\/\\\/dorogimedence.hu\\\/index.php\\\/2021\\\/08\\\/09\\\/kirandultunk-furodtunk-borokat-kortyoltunk-ilyen-volt-az-agrowellness\\\/\"]}]},{\"@type\":\"ImageObject\",\"inLanguage\":\"hu\",\"@id\":\"https:\\\/\\\/dorogimedence.hu\\\/index.php\\\/2021\\\/08\\\/09\\\/kirandultunk-furodtunk-borokat-kortyoltunk-ilyen-volt-az-agrowellness\\\/#primaryimage\",\"url\":\"https:\\\/\\\/dorogimedence.hu\\\/wp-content\\\/uploads\\\/2021\\\/08\\\/agrowellness-01.jpg\",\"contentUrl\":\"https:\\\/\\\/dorogimedence.hu\\\/wp-content\\\/uploads\\\/2021\\\/08\\\/agrowellness-01.jpg\",\"width\":1920,\"height\":1158},{\"@type\":\"BreadcrumbList\",\"@id\":\"https:\\\/\\\/dorogimedence.hu\\\/index.php\\\/2021\\\/08\\\/09\\\/kirandultunk-furodtunk-borokat-kortyoltunk-ilyen-volt-az-agrowellness\\\/#breadcrumb\",\"itemListElement\":[{\"@type\":\"ListItem\",\"position\":1,\"name\":\"Kezd\u0151lap\",\"item\":\"https:\\\/\\\/dorogimedence.hu\\\/\"},{\"@type\":\"ListItem\",\"position\":2,\"name\":\"Kir\u00e1ndultunk, f\u00fcr\u00f6dt\u00fcnk, borokat kortyoltunk: ilyen volt az Agrowellness\"}]},{\"@type\":\"WebSite\",\"@id\":\"https:\\\/\\\/dorogimedence.hu\\\/#website\",\"url\":\"https:\\\/\\\/dorogimedence.hu\\\/\",\"name\":\"Dorogi-medence Region\u00e1lis H\u00edrport\u00e1l\",\"description\":\"Dorog, Keszt\u00f6lc, Le\u00e1nyv\u00e1r, Piliscs\u00e9v, Tokod, Tokodalt\u00e1r\u00f3, Csolnok, Esztergom-kertv\u00e1ros: h\u00edrek, programok\",\"publisher\":{\"@id\":\"https:\\\/\\\/dorogimedence.hu\\\/#organization\"},\"potentialAction\":[{\"@type\":\"SearchAction\",\"target\":{\"@type\":\"EntryPoint\",\"urlTemplate\":\"https:\\\/\\\/dorogimedence.hu\\\/?s={search_term_string}\"},\"query-input\":{\"@type\":\"PropertyValueSpecification\",\"valueRequired\":true,\"valueName\":\"search_term_string\"}}],\"inLanguage\":\"hu\"},{\"@type\":\"Organization\",\"@id\":\"https:\\\/\\\/dorogimedence.hu\\\/#organization\",\"name\":\"Dorogi-medence Region\u00e1lis H\u00edrport\u00e1l\",\"url\":\"https:\\\/\\\/dorogimedence.hu\\\/\",\"logo\":{\"@type\":\"ImageObject\",\"inLanguage\":\"hu\",\"@id\":\"https:\\\/\\\/dorogimedence.hu\\\/#\\\/schema\\\/logo\\\/image\\\/\",\"url\":\"https:\\\/\\\/dorogimedence.hu\\\/wp-content\\\/uploads\\\/2021\\\/04\\\/logo-feher-600.png\",\"contentUrl\":\"https:\\\/\\\/dorogimedence.hu\\\/wp-content\\\/uploads\\\/2021\\\/04\\\/logo-feher-600.png\",\"width\":600,\"height\":100,\"caption\":\"Dorogi-medence Region\u00e1lis H\u00edrport\u00e1l\"},\"image\":{\"@id\":\"https:\\\/\\\/dorogimedence.hu\\\/#\\\/schema\\\/logo\\\/image\\\/\"},\"sameAs\":[\"https:\\\/\\\/www.facebook.com\\\/dorogimedence\\\/\"]},{\"@type\":\"Person\",\"@id\":\"https:\\\/\\\/dorogimedence.hu\\\/#\\\/schema\\\/person\\\/ce6091eeb7e95ecdc87890d6aa8e0fd4\",\"name\":\"dorogimedence.hu\",\"image\":{\"@type\":\"ImageObject\",\"inLanguage\":\"hu\",\"@id\":\"\\\/\\\/www.gravatar.com\\\/avatar\\\/d8d45f8901aadff40a4af72c0b826f1d?s=96&#038;r=g&#038;d=mm\",\"url\":\"\\\/\\\/www.gravatar.com\\\/avatar\\\/d8d45f8901aadff40a4af72c0b826f1d?s=96&#038;r=g&#038;d=mm\",\"contentUrl\":\"\\\/\\\/www.gravatar.com\\\/avatar\\\/d8d45f8901aadff40a4af72c0b826f1d?s=96&#038;r=g&#038;d=mm\",\"caption\":\"dorogimedence.hu\"}}]}<\/script>\n<!-- \/ Yoast SEO plugin. -->","yoast_head_json":{"title":"Kir\u00e1ndultunk, f\u00fcr\u00f6dt\u00fcnk, borokat kortyoltunk: ilyen volt az Agrowellness","robots":{"index":"index","follow":"follow","max-snippet":"max-snippet:-1","max-image-preview":"max-image-preview:large","max-video-preview":"max-video-preview:-1"},"canonical":"https:\/\/dorogimedence.hu\/index.php\/2021\/08\/09\/kirandultunk-furodtunk-borokat-kortyoltunk-ilyen-volt-az-agrowellness\/","og_locale":"hu_HU","og_type":"article","og_title":"Kir\u00e1ndultunk, f\u00fcr\u00f6dt\u00fcnk, borokat kortyoltunk: ilyen volt az Agrowellness","og_description":"Mintegy negyven f\u0151 vett r\u00e9szt a m\u00e1r hagyom\u00e1nyosnak mondhat\u00f3 agrowellness esem\u00e9nyen, a Szivek Pinc\u00e9szet keszt\u00f6lci d\u0171l\u0151j\u00e9ben, augusztus 7-\u00e9n, szombaton. T\u00e1rsas\u00e1gunkkal \u2013 a menetrend szerinti aut\u00f3busz k\u00e9s\u00e9se miatt \u2013 mire a helysz\u00ednre \u00e9rkezt\u00fcnk, m\u00e1r zajlott a d\u00e9lel\u0151tti j\u00f3ga, de mivel egyik\u00fcnk sem gyakorolja az \u00f6nm\u0171vel\u00e9s ezen m\u00f3dszer\u00e9t, ez\u00e9rt \u00fagy d\u00f6nt\u00f6tt\u00fcnk nem t\u00fals\u00e1gosan baj, ha nem csatlakozunk","og_url":"https:\/\/dorogimedence.hu\/index.php\/2021\/08\/09\/kirandultunk-furodtunk-borokat-kortyoltunk-ilyen-volt-az-agrowellness\/","og_site_name":"Dorogi-medence Region\u00e1lis H\u00edrport\u00e1l","article_publisher":"https:\/\/www.facebook.com\/dorogimedence\/","article_published_time":"2021-08-09T14:01:21+00:00","article_modified_time":"2021-08-09T14:03:53+00:00","og_image":[{"width":1920,"height":1158,"url":"https:\/\/i0.wp.com\/dorogimedence.hu\/wp-content\/uploads\/2021\/08\/agrowellness-01.jpg?fit=1920%2C1158&ssl=1","type":"image\/jpeg"}],"author":"dorogimedence.hu","twitter_card":"summary_large_image","twitter_misc":{"Szerz\u0151:":"dorogimedence.hu","Becs\u00fclt olvas\u00e1si id\u0151":"3 perc"},"schema":{"@context":"https:\/\/schema.org","@graph":[{"@type":"Article","@id":"https:\/\/dorogimedence.hu\/index.php\/2021\/08\/09\/kirandultunk-furodtunk-borokat-kortyoltunk-ilyen-volt-az-agrowellness\/#article","isPartOf":{"@id":"https:\/\/dorogimedence.hu\/index.php\/2021\/08\/09\/kirandultunk-furodtunk-borokat-kortyoltunk-ilyen-volt-az-agrowellness\/"},"author":{"name":"dorogimedence.hu","@id":"https:\/\/dorogimedence.hu\/#\/schema\/person\/ce6091eeb7e95ecdc87890d6aa8e0fd4"},"headline":"Kir\u00e1ndultunk, f\u00fcr\u00f6dt\u00fcnk, borokat kortyoltunk: ilyen volt az Agrowellness","datePublished":"2021-08-09T14:01:21+00:00","dateModified":"2021-08-09T14:03:53+00:00","mainEntityOfPage":{"@id":"https:\/\/dorogimedence.hu\/index.php\/2021\/08\/09\/kirandultunk-furodtunk-borokat-kortyoltunk-ilyen-volt-az-agrowellness\/"},"wordCount":647,"publisher":{"@id":"https:\/\/dorogimedence.hu\/#organization"},"image":{"@id":"https:\/\/dorogimedence.hu\/index.php\/2021\/08\/09\/kirandultunk-furodtunk-borokat-kortyoltunk-ilyen-volt-az-agrowellness\/#primaryimage"},"thumbnailUrl":"https:\/\/dorogimedence.hu\/wp-content\/uploads\/2021\/08\/agrowellness-01.jpg","keywords":["Agrowellness","featured","Keszt\u00f6lc","Szivek Pince"],"articleSection":["H\u00edrek","Keszt\u00f6lc"],"inLanguage":"hu"},{"@type":"WebPage","@id":"https:\/\/dorogimedence.hu\/index.php\/2021\/08\/09\/kirandultunk-furodtunk-borokat-kortyoltunk-ilyen-volt-az-agrowellness\/","url":"https:\/\/dorogimedence.hu\/index.php\/2021\/08\/09\/kirandultunk-furodtunk-borokat-kortyoltunk-ilyen-volt-az-agrowellness\/","name":"Kir\u00e1ndultunk, f\u00fcr\u00f6dt\u00fcnk, borokat kortyoltunk: ilyen volt az Agrowellness","isPartOf":{"@id":"https:\/\/dorogimedence.hu\/#website"},"primaryImageOfPage":{"@id":"https:\/\/dorogimedence.hu\/index.php\/2021\/08\/09\/kirandultunk-furodtunk-borokat-kortyoltunk-ilyen-volt-az-agrowellness\/#primaryimage"},"image":{"@id":"https:\/\/dorogimedence.hu\/index.php\/2021\/08\/09\/kirandultunk-furodtunk-borokat-kortyoltunk-ilyen-volt-az-agrowellness\/#primaryimage"},"thumbnailUrl":"https:\/\/dorogimedence.hu\/wp-content\/uploads\/2021\/08\/agrowellness-01.jpg","datePublished":"2021-08-09T14:01:21+00:00","dateModified":"2021-08-09T14:03:53+00:00","breadcrumb":{"@id":"https:\/\/dorogimedence.hu\/index.php\/2021\/08\/09\/kirandultunk-furodtunk-borokat-kortyoltunk-ilyen-volt-az-agrowellness\/#breadcrumb"},"inLanguage":"hu","potentialAction":[{"@type":"ReadAction","target":["https:\/\/dorogimedence.hu\/index.php\/2021\/08\/09\/kirandultunk-furodtunk-borokat-kortyoltunk-ilyen-volt-az-agrowellness\/"]}]},{"@type":"ImageObject","inLanguage":"hu","@id":"https:\/\/dorogimedence.hu\/index.php\/2021\/08\/09\/kirandultunk-furodtunk-borokat-kortyoltunk-ilyen-volt-az-agrowellness\/#primaryimage","url":"https:\/\/dorogimedence.hu\/wp-content\/uploads\/2021\/08\/agrowellness-01.jpg","contentUrl":"https:\/\/dorogimedence.hu\/wp-content\/uploads\/2021\/08\/agrowellness-01.jpg","width":1920,"height":1158},{"@type":"BreadcrumbList","@id":"https:\/\/dorogimedence.hu\/index.php\/2021\/08\/09\/kirandultunk-furodtunk-borokat-kortyoltunk-ilyen-volt-az-agrowellness\/#breadcrumb","itemListElement":[{"@type":"ListItem","position":1,"name":"Kezd\u0151lap","item":"https:\/\/dorogimedence.hu\/"},{"@type":"ListItem","position":2,"name":"Kir\u00e1ndultunk, f\u00fcr\u00f6dt\u00fcnk, borokat kortyoltunk: ilyen volt az Agrowellness"}]},{"@type":"WebSite","@id":"https:\/\/dorogimedence.hu\/#website","url":"https:\/\/dorogimedence.hu\/","name":"Dorogi-medence Region\u00e1lis H\u00edrport\u00e1l","description":"Dorog, Keszt\u00f6lc, Le\u00e1nyv\u00e1r, Piliscs\u00e9v, Tokod, Tokodalt\u00e1r\u00f3, Csolnok, Esztergom-kertv\u00e1ros: h\u00edrek, programok","publisher":{"@id":"https:\/\/dorogimedence.hu\/#organization"},"potentialAction":[{"@type":"SearchAction","target":{"@type":"EntryPoint","urlTemplate":"https:\/\/dorogimedence.hu\/?s={search_term_string}"},"query-input":{"@type":"PropertyValueSpecification","valueRequired":true,"valueName":"search_term_string"}}],"inLanguage":"hu"},{"@type":"Organization","@id":"https:\/\/dorogimedence.hu\/#organization","name":"Dorogi-medence Region\u00e1lis H\u00edrport\u00e1l","url":"https:\/\/dorogimedence.hu\/","logo":{"@type":"ImageObject","inLanguage":"hu","@id":"https:\/\/dorogimedence.hu\/#\/schema\/logo\/image\/","url":"https:\/\/dorogimedence.hu\/wp-content\/uploads\/2021\/04\/logo-feher-600.png","contentUrl":"https:\/\/dorogimedence.hu\/wp-content\/uploads\/2021\/04\/logo-feher-600.png","width":600,"height":100,"caption":"Dorogi-medence Region\u00e1lis H\u00edrport\u00e1l"},"image":{"@id":"https:\/\/dorogimedence.hu\/#\/schema\/logo\/image\/"},"sameAs":["https:\/\/www.facebook.com\/dorogimedence\/"]},{"@type":"Person","@id":"https:\/\/dorogimedence.hu\/#\/schema\/person\/ce6091eeb7e95ecdc87890d6aa8e0fd4","name":"dorogimedence.hu","image":{"@type":"ImageObject","inLanguage":"hu","@id":"\/\/www.gravatar.com\/avatar\/d8d45f8901aadff40a4af72c0b826f1d?s=96&#038;r=g&#038;d=mm","url":"\/\/www.gravatar.com\/avatar\/d8d45f8901aadff40a4af72c0b826f1d?s=96&#038;r=g&#038;d=mm","contentUrl":"\/\/www.gravatar.com\/avatar\/d8d45f8901aadff40a4af72c0b826f1d?s=96&#038;r=g&#038;d=mm","caption":"dorogimedence.hu"}}]}},"_links":{"self":[{"href":"https:\/\/dorogimedence.hu\/index.php\/wp-json\/wp\/v2\/posts\/35642","targetHints":{"allow":["GET"]}}],"collection":[{"href":"https:\/\/dorogimedence.hu\/index.php\/wp-json\/wp\/v2\/posts"}],"about":[{"href":"https:\/\/dorogimedence.hu\/index.php\/wp-json\/wp\/v2\/types\/post"}],"author":[{"embeddable":true,"href":"https:\/\/dorogimedence.hu\/index.php\/wp-json\/wp\/v2\/users\/1"}],"replies":[{"embeddable":true,"href":"https:\/\/dorogimedence.hu\/index.php\/wp-json\/wp\/v2\/comments?post=35642"}],"version-history":[{"count":0,"href":"https:\/\/dorogimedence.hu\/index.php\/wp-json\/wp\/v2\/posts\/35642\/revisions"}],"wp:featuredmedia":[{"embeddable":true,"href":"https:\/\/dorogimedence.hu\/index.php\/wp-json\/wp\/v2\/media\/35643"}],"wp:attachment":[{"href":"https:\/\/dorogimedence.hu\/index.php\/wp-json\/wp\/v2\/media?parent=35642"}],"wp:term":[{"taxonomy":"category","embeddable":true,"href":"https:\/\/dorogimedence.hu\/index.php\/wp-json\/wp\/v2\/categories?post=35642"},{"taxonomy":"post_tag","embeddable":true,"href":"https:\/\/dorogimedence.hu\/index.php\/wp-json\/wp\/v2\/tags?post=35642"}],"curies":[{"name":"wp","href":"https:\/\/api.w.org\/{rel}","templated":true}]}}