{"id":35287,"date":"2021-07-30T10:47:58","date_gmt":"2021-07-30T08:47:58","guid":{"rendered":"https:\/\/dorogimedence.hu\/?p=35287"},"modified":"2021-10-18T05:23:23","modified_gmt":"2021-10-18T03:23:23","slug":"50-eve-tortent-lengyelorszagi-stadionavato-a-dorogiakkal","status":"publish","type":"post","link":"https:\/\/dorogimedence.hu\/index.php\/2021\/07\/30\/50-eve-tortent-lengyelorszagi-stadionavato-a-dorogiakkal\/","title":{"rendered":"50 \u00e9ve t\u00f6rt\u00e9nt: Lengyelorsz\u00e1gi stadionavat\u00f3 a dorogiakkal"},"content":{"rendered":"<p style=\"text-align: justify;\"><b>Ez\u00fattal egy k\u00fcl\u00f6nleges sportesem\u00e9ny kerek \u00e9vfordul\u00f3ja alkalm\u00e1b\u00f3l utazunk vissza egy f\u00e9l \u00e9vsz\u00e1zadnyi id\u0151t. Lengyelorsz\u00e1gba kalauzolnak a sorok, ahol 1971 j\u00falius utols\u00f3 napj\u00e1n stadionavat\u00e1sra ker\u00fclt sor a Dorogi B\u00e1ny\u00e1sz csapat\u00e1nak megh\u00edv\u00e1s\u00e1val. A nyit\u00f3tal\u00e1lkoz\u00f3t a mieink a h\u00e1zigazda Unia Racib\u00f3rz ellen v\u00edvt\u00e1k <\/b><em>&#8211; Szab\u00f3 Gyula cikke.<\/em><\/p>\n<p style=\"text-align: justify;\">1971 nyara igaz\u00e1n esem\u00e9nyd\u00fas, egyben \u00f6r\u00f6mteli id\u0151szakot hozott a Dorogi AC t\u00f6rt\u00e9net\u00e9ben. A csapat sikeres NB I\/B-be val\u00f3 jut\u00e1s\u00e1t \u00fcnnepelt\u00e9k m\u00e9g, amikor megtisztel\u0151 felk\u00e9r\u00e9st kapott az egyes\u00fclet. Nevezetesen, a Racib\u00f3rzban meg\u00e9p\u00fclt \u00faj, 30 ezer f\u0151 befogad\u00e1s\u00e1ra alkalmas stadion avat\u00f3j\u00e1ra a dorogi csapatot h\u00edvt\u00e1k\u00a0az \u00fcnnepi nyit\u00f3meccsre\u00a0a hazai g\u00e1rda ellenfelek\u00e9nt.<\/p>\n<p><img fetchpriority=\"high\" decoding=\"async\" class=\"aligncenter wp-image-35289 size-full\" src=\"https:\/\/dorogimedence.hu\/wp-content\/uploads\/2021\/07\/Piac-ter-Raciborzban.png\" alt=\"\" width=\"777\" height=\"640\" srcset=\"https:\/\/dorogimedence.hu\/wp-content\/uploads\/2021\/07\/Piac-ter-Raciborzban.png 777w, https:\/\/dorogimedence.hu\/wp-content\/uploads\/2021\/07\/Piac-ter-Raciborzban-300x247.png 300w, https:\/\/dorogimedence.hu\/wp-content\/uploads\/2021\/07\/Piac-ter-Raciborzban-768x633.png 768w, https:\/\/dorogimedence.hu\/wp-content\/uploads\/2021\/07\/Piac-ter-Raciborzban-150x124.png 150w, https:\/\/dorogimedence.hu\/wp-content\/uploads\/2021\/07\/Piac-ter-Raciborzban-450x371.png 450w\" sizes=\"(max-width: 777px) 100vw, 777px\" \/><\/p>\n<p><i>\u00a0 \u00a0 \u00a0 \u00a0 \u00a0 \u00a0 \u00a0 \u00a0 \u00a0 \u00a0 \u00a0 \u00a0 \u00a0 \u00a0 \u00a0 \u00a0 \u00a0 \u00a0 \u00a0 \u00a0 \u00a0 \u00a0 \u00a0 \u00a0 \u00a0 \u00a0 \u00a0 \u00a0 \u00a0<span style=\"font-size: 10pt;\">A Piact\u00e9r Racib\u00f3rzban (forr\u00e1s: britannica.com)<\/span><\/i><\/p>\n<p style=\"text-align: justify;\">A vadonat\u00faj ar\u00e9na az 1946-ban alap\u00edtott KS Unia Racib\u00f3rz lengyel labdar\u00fag\u00f3 csapat otthona, amely a kor\u00e1bbiakban a lengyel els\u0151 oszt\u00e1lyban vit\u00e9zkedett, s egy \u00edzben el\u0151d\u00f6nt\u0151s is volt a Lengyel Kupa 1956\u20131957-es ki\u00edr\u00e1s\u00e1ban. 1965-ben estek ki az legfels\u0151bb oszt\u00e1lyb\u00f3l, \u00e9ppen egy \u00e9vaddal kor\u00e1bban, mint a dorogiak. 1971-ben hozz\u00e1nk hasonl\u00f3an a m\u00e1sodoszt\u00e1lyban szerepeltek. R\u00e9szben a dorogi klub h\u00edrnev\u00e9nek is k\u00f6sz\u00f6nhet\u0151en esett a v\u00e1laszt\u00e1s az egyes\u00fclet\u00fcnkre e megtisztel\u0151 esem\u00e9ny alkalm\u00e1b\u00f3l.<\/p>\n<p><img decoding=\"async\" class=\"aligncenter wp-image-35295 size-full\" src=\"https:\/\/dorogimedence.hu\/wp-content\/uploads\/2021\/07\/Racstad-3.-kep.png\" alt=\"\" width=\"700\" height=\"458\" srcset=\"https:\/\/dorogimedence.hu\/wp-content\/uploads\/2021\/07\/Racstad-3.-kep.png 700w, https:\/\/dorogimedence.hu\/wp-content\/uploads\/2021\/07\/Racstad-3.-kep-300x196.png 300w, https:\/\/dorogimedence.hu\/wp-content\/uploads\/2021\/07\/Racstad-3.-kep-150x98.png 150w, https:\/\/dorogimedence.hu\/wp-content\/uploads\/2021\/07\/Racstad-3.-kep-450x294.png 450w\" sizes=\"(max-width: 700px) 100vw, 700px\" \/><\/p>\n<p><i>\u00a0 \u00a0 \u00a0 \u00a0 \u00a0 \u00a0 \u00a0 \u00a0 \u00a0 \u00a0 \u00a0 \u00a0 \u00a0 \u00a0 \u00a0 \u00a0 \u00a0 \u00a0 \u00a0 \u00a0 \u00a0 \u00a0 \u00a0 \u00a0 \u00a0 <span style=\"font-size: 10pt;\">A stadion keleti lel\u00e1t\u00f3ja (forr\u00e1s: Wikimapia.org)<\/span><\/i><\/p>\n<p style=\"text-align: justify;\">Az \u00faj l\u00e9tes\u00edtm\u00e9ny neve Osir stadion, amelynek tervez\u0151je\u00a0Oswald Ko\u0142odziej, lengyel \u00e9p\u00edt\u00e9sz. Racib\u00f3rz Fels\u0151-Szil\u00e9zia egyik legjelent\u0151sebb telep\u00fcl\u00e9se, amely egyben a t\u00e9rs\u00e9g t\u00f6rt\u00e9nelmi f\u0151v\u00e1rosa is volt. Nev\u00e9t a r\u00e9gi\u00f3t birtokl\u00f3 lengyel nemesi Racib\u00f3rz nemzets\u00e9gr\u0151l kapta. A v\u00e1rost k\u00f6zel 60 ezren lakj\u00e1k, viszont el\u0151v\u00e1rosaival egy\u00fctt a teljes n\u00e9pess\u00e9g megk\u00f6zel\u00edti a 120 ezer f\u0151t.<\/p>\n<p><img decoding=\"async\" class=\"wp-image-35291 size-full aligncenter\" src=\"https:\/\/dorogimedence.hu\/wp-content\/uploads\/2021\/07\/racbstad-4.-kep.png\" alt=\"\" width=\"333\" height=\"450\" srcset=\"https:\/\/dorogimedence.hu\/wp-content\/uploads\/2021\/07\/racbstad-4.-kep.png 333w, https:\/\/dorogimedence.hu\/wp-content\/uploads\/2021\/07\/racbstad-4.-kep-222x300.png 222w, https:\/\/dorogimedence.hu\/wp-content\/uploads\/2021\/07\/racbstad-4.-kep-150x203.png 150w\" sizes=\"(max-width: 333px) 100vw, 333px\" \/><\/p>\n<p><i>\u00a0 \u00a0 \u00a0 \u00a0 \u00a0 \u00a0 \u00a0 \u00a0 \u00a0 \u00a0 \u00a0 \u00a0 \u00a0 \u00a0 \u00a0 \u00a0 \u00a0 \u00a0 \u00a0 \u00a0 \u00a0 \u00a0 \u00a0 \u00a0 \u00a0 \u00a0 \u00a0<span style=\"font-size: 10pt;\">\u00a0S\u00e9t\u00e1l\u00f3utca Racib\u00f3rzban (forr\u00e1s: tripadvisor.com.ph)<\/span><\/i><\/p>\n<p style=\"text-align: justify;\">\u00a0Els\u0151sorban kultur\u00e1lis k\u00f6zpont, a szil\u00e9ziai g\u00f3tika fellegv\u00e1ra. A v\u00e1rost \u00e9szak-d\u00e9l ir\u00e1nyban teljes hossz\u00e1ban az Odera foly\u00f3 szeli \u00e1t, amely Racib\u00f3rz k\u00f6zigazgat\u00e1si ter\u00fclet\u00e9n bel\u00fcl k\u00e9t \u00e1gra oszlik, amellyel egy hatalmas szigetet k\u00e9pez. Ennek a szigetnek nyugati r\u00e9sz\u00e9n az Odera jellegzetes \u00e9les kanyarulatot vesz. \u00c9ppen ezen a ter\u00fcleten \u00e9p\u00fclt az Osir stadion. Hozz\u00e1 k\u00f6zvetlen\u00fcl az Oder\u00e1n \u00e1t\u00edvel\u0151 k\u00e9t h\u00eddon is eljutni, amely k\u00f6z\u00fcl az egyik a Zamkowy h\u00edd, nem messze t\u0151le pedig a m\u00e1sik egy gyalogos h\u00edd. El\u0151bbin a k\u00e9tir\u00e1ny\u00fa, n\u00e9gys\u00e1vos 935-\u00f6s f\u0151\u00fat halad \u00e1t. Ezen fel\u00fcl a v\u00e1rosnak az Oder\u00e1n \u00e1t\u00edvel\u0151 tov\u00e1bbi k\u00e9t h\u00eddja is van, k\u00f6z\u00fcl\u00fck az egyik vas\u00fati h\u00edd.\u00a0 A telep\u00fcl\u00e9s sz\u00e1mos csat\u00e1t \u00e1t\u00e9lt, illetve szenvedett el a t\u00f6rt\u00e9nelem sor\u00e1n. T\u00f6bbek k\u00f6z\u00f6tt a XIII. sz\u00e1zad sor\u00e1n a Tat\u00e1r-j\u00e1r\u00e1s is \u00e9rintette. Lengyelorsz\u00e1g sz\u00e9tszakad\u00e1s\u00e1t \u00e9s bekebelez\u00e9s\u00e9t k\u00f6vet\u0151en a XVIII. sz\u00e1zad m\u00e1sodik fel\u00e9t\u0151l a Porosz birodalomhoz tartozott.<\/p>\n<p><img loading=\"lazy\" decoding=\"async\" class=\"aligncenter wp-image-35292 size-full\" src=\"https:\/\/dorogimedence.hu\/wp-content\/uploads\/2021\/07\/racbstad-5.-kep.png\" alt=\"\" width=\"777\" height=\"380\" srcset=\"https:\/\/dorogimedence.hu\/wp-content\/uploads\/2021\/07\/racbstad-5.-kep.png 777w, https:\/\/dorogimedence.hu\/wp-content\/uploads\/2021\/07\/racbstad-5.-kep-300x147.png 300w, https:\/\/dorogimedence.hu\/wp-content\/uploads\/2021\/07\/racbstad-5.-kep-768x376.png 768w, https:\/\/dorogimedence.hu\/wp-content\/uploads\/2021\/07\/racbstad-5.-kep-150x73.png 150w, https:\/\/dorogimedence.hu\/wp-content\/uploads\/2021\/07\/racbstad-5.-kep-450x220.png 450w\" sizes=\"(max-width: 777px) 100vw, 777px\" \/><\/p>\n<p><span style=\"font-size: 10pt;\"><i>A keleti oldali lel\u00e1t\u00f3r\u00f3l k\u00e9sz\u00fclt felv\u00e9tel. T\u00faloldalon, a nyugati lel\u00e1t\u00f3 m\u00f6g\u00f6tt k\u00f6zvetlen folyik az Odera (forr\u00e1s: stadiony.net)<\/i><\/span><\/p>\n<p style=\"text-align: justify;\">A stadionavat\u00f3t j\u00falius 31-\u00e9n, szombaton rendezt\u00e9k. Nagy volt az \u00e9rdekl\u0151d\u00e9s \u00e9s a szurkol\u00f3k teljesen megt\u00f6lt\u00f6tt\u00e9k az \u00faj l\u00e9tes\u00edtm\u00e9nyt. Noha 30 ezerben adt\u00e1k meg a stadion befogad\u00f3k\u00e9pess\u00e9g\u00e9t, egyes forr\u00e1sok &#8211; k\u00f6zte a Dolgoz\u00f3k Lapja &#8211; mintegy 40 ezerre taks\u00e1lta a jelenl\u00e9v\u0151k sz\u00e1m\u00e1t. A lel\u00e1t\u00f3rendszer saj\u00e1toss\u00e1g\u00e1n\u00e1l fogva egy\u00e9bk\u00e9nt val\u00f3ban \u00f6sszej\u00f6hetett ak\u00e1r ekkora t\u00f6meg is, azonban mindett\u0151l f\u00fcggetlen\u00fcl, abban biztosak lehet\u00fcnk, hogy legal\u00e1bb 30 ezren ott voltak. A mieink a Horv\u00e1th Istv\u00e1n &#8211; T\u00f3th Gyula, Kiss Rudolf, Lah\u00f3 Istv\u00e1n, Gabala Ferenc, Aspir\u00e1ny Ferenc, Horv\u00e1th P\u00e9ter, R\u00e1tvai Istv\u00e1n, Peszeki Jen\u0151, Bartalos J\u00f3zsef, Vir\u00e1g P\u00e1l \u00f6ssze\u00e1ll\u00edt\u00e1sban l\u00e9ptek p\u00e1ly\u00e1ra. Vezet\u0151 edz\u0151nk H\u00e1ri L\u00e1szl\u00f3 volt. \u00c9ppen az \u00faj id\u00e9ny rajtj\u00e1ra v\u00e1ltozott az egyes\u00fclet\u00fcnk hivatalos neve, s lett a B\u00e1ny\u00e1szb\u00f3l DAC \u00fajfent, mint a legkor\u00e1bbi id\u0151kben. A cikkben bemutatott esem\u00e9ny idej\u00e9n m\u00e9g a B\u00e1ny\u00e1sz forma a hivatalos, m\u00edg a Dorogi AC elnevez\u00e9s az 1971\u201372-es bajnoki \u00e9vad nyit\u00f3m\u00e9rk\u0151z\u00e9s\u00e9t\u0151l dat\u00e1l\u00f3dik.<\/p>\n<p><img loading=\"lazy\" decoding=\"async\" class=\"wp-image-35293 aligncenter\" src=\"https:\/\/dorogimedence.hu\/wp-content\/uploads\/2021\/07\/racbstad-6.-kep.png\" alt=\"\" width=\"553\" height=\"350\" srcset=\"https:\/\/dorogimedence.hu\/wp-content\/uploads\/2021\/07\/racbstad-6.-kep.png 777w, https:\/\/dorogimedence.hu\/wp-content\/uploads\/2021\/07\/racbstad-6.-kep-300x190.png 300w, https:\/\/dorogimedence.hu\/wp-content\/uploads\/2021\/07\/racbstad-6.-kep-768x485.png 768w, https:\/\/dorogimedence.hu\/wp-content\/uploads\/2021\/07\/racbstad-6.-kep-150x95.png 150w, https:\/\/dorogimedence.hu\/wp-content\/uploads\/2021\/07\/racbstad-6.-kep-450x284.png 450w\" sizes=\"(max-width: 553px) 100vw, 553px\" \/><\/p>\n<p><i>\u00a0 \u00a0 \u00a0 \u00a0 \u00a0 \u00a0 \u00a0 \u00a0 \u00a0 \u00a0 \u00a0 \u00a0 \u00a0 \u00a0 \u00a0 \u00a0 \u00a0 \u00a0 \u00a0 \u00a0 \u00a0 \u00a0 \u00a0 \u00a0 \u00a0 \u00a0 <span style=\"font-size: 10pt;\">A keleti hosszanti lel\u00e1t\u00f3 (forr\u00e1s: stadiony.net)<\/span><\/i><\/p>\n<div style=\"text-align: justify;\">A hazai csapat hatalmas becsv\u00e1ggyal vetette mag\u00e1t a k\u00fczdelembe, de a kicsikart mez\u0151f\u00f6l\u00e9ny\u00fck ellen\u00e9re sem ker\u00fcltek komoly helyzetbe. A dorogi v\u00e9delem remek\u00fcl helyt\u00e1llt, azonban m\u00e9g els\u0151 j\u00e1t\u00e9kr\u00e9sz befejez\u00e9se el\u0151tt m\u00e9gis el\u0151nyh\u00f6z jutottak a vend\u00e9gl\u00e1t\u00f3k. Legal\u00e1bb \u00f6t m\u00e9teres lesr\u0151l indult a lengyel t\u00e1mad\u00f3, s noha a partjelz\u0151 is hat\u00e1rozottan jelzett, a j\u00e1t\u00e9kvezet\u0151 tov\u00e1bbengedte. A dorogi v\u00e9d\u0151k automatikusan le\u00e1lltak, ez azonban nem zavarta a hazai j\u00e1t\u00e9kost hogy a kapuba l\u0151jj\u00f6n. Az egy\u00e9rtelm\u0171 helyzet ellen\u00e9re megadt\u00e1k a g\u00f3lt, amely a legels\u0151 tal\u00e1latot jelentette a stadion t\u00f6rt\u00e9net\u00e9ben. Fordul\u00e1st k\u00f6vet\u0151en egyre ink\u00e1bb a dorogiak ker\u00fcltek f\u00f6l\u00e9nybe \u00e9s sz\u00e1mos kecsegtet\u0151 helyzet\u00fcket k\u00f6vet\u0151en sikeresen kiegyenl\u00edtettek. Lah\u00f3 l\u00f6v\u00e9s\u00e9t m\u00e9g brav\u00farral v\u00e9dte a kapus, azonban a kipattan\u00f3t R\u00e1tvai k\u00edm\u00e9letlen\u00fcl bev\u00e1gta. \u00d6sszess\u00e9g\u00e9ben egy kifejezetten \u00e9lvezetes, helyenk\u00e9nt sz\u00ednvonalas tal\u00e1lkoz\u00f3n a dorogiak k\u00f6zelebb \u00e1lltak a gy\u0151zelemhez, azonban az el\u00e9rt d\u00f6ntetlen sem sz\u00e1m\u00edtott rossz eredm\u00e9nynek. A k\u00f6z\u00f6ns\u00e9g kit\u0171n\u0151en sz\u00f3rakozott \u00e9s igen sportszer\u0171en mindk\u00e9t csapatot vastapssal jutalmazta.<\/div>\n<div><\/div>\n<div><img loading=\"lazy\" decoding=\"async\" class=\"alignnone wp-image-35313\" src=\"https:\/\/dorogimedence.hu\/wp-content\/uploads\/2021\/07\/Raciborz-Dorog-1-300x192.jpg\" alt=\"\" width=\"445\" height=\"285\" srcset=\"https:\/\/dorogimedence.hu\/wp-content\/uploads\/2021\/07\/Raciborz-Dorog-1-300x192.jpg 300w, https:\/\/dorogimedence.hu\/wp-content\/uploads\/2021\/07\/Raciborz-Dorog-1-150x96.jpg 150w, https:\/\/dorogimedence.hu\/wp-content\/uploads\/2021\/07\/Raciborz-Dorog-1.jpg 416w\" sizes=\"(max-width: 445px) 100vw, 445px\" \/><\/div>\n<div style=\"text-align: justify;\"><span style=\"font-size: 14px; text-align: justify; color: var(--c-contrast-800);\">Az imm\u00e1r f\u00e9l \u00e9vsz\u00e1dos fenn\u00e1ll\u00e1sa sor\u00e1n sz\u00e1mos m\u00e9rk\u0151z\u00e9s \u00e9s egy\u00e9b neves esem\u00e9ny zajlott az Osir stadionban, ahol v\u00e1logatott meccset is rendeztek. Itt ker\u00fclt sor t\u00f6bbek k\u00f6z\u00f6tt a Lengyelorsz\u00e1g\u2013Csehszlov\u00e1kia (2:0) m\u00e9rk\u0151z\u00e9sre, de rendeztek nemzetk\u00f6zi kupameccset is, ahol a neves lengyel egyes\u00fclet, a G\u00f3rnik Zabrze itt fogadta sv\u00e1jci Young Boys egy\u00fcttes\u00e9t \u00e9s gy\u0151z\u00f6tt 3\u20130-ra. Az ar\u00e9na id\u0151vel a n\u0151i labdar\u00fag\u00e1s mekk\u00e1j\u00e1v\u00e1 v\u00e1lt. A helyi n\u0151i csapat, az RTP Unia Racib\u00f3rz a lengyel els\u0151 oszt\u00e1ly meghat\u00e1roz\u00f3 tagja. T\u00f6bbsz\u00f6r\u00f6s bajnok \u00e9s kupagy\u0151ztes, s igen sz\u00e9p eredm\u00e9nyeket \u00e9rt el a nemzetk\u00f6zi porondon is. Ezen fel\u00fcl a n\u0151i v\u00e1logatott m\u00e9rk\u0151z\u00e9sek t\u00f6bbsz\u00f6r is sz\u00ednes\u00edtett\u00e9k a stadion palett\u00e1j\u00e1t. J\u00e1tszott itt a Bosznia-Hercegovina \u00e9s az orosz n\u0151i v\u00e1logatott, tov\u00e1bb\u00e1 a n\u0151i labdar\u00fag\u00f3 vil\u00e1gbajnoks\u00e1g selejtez\u0151inek is otthont adott. Az id\u0151k sor\u00e1n a dorogiak mintegy 4-5 alkalommal voltak abban a megtisztel\u0151 szerepk\u00f6rben, hogy stadionavat\u00e1sra h\u00edvt\u00e1k, azonban a vend\u00e9gl\u00e1t\u00f3k \u00e9s az \u00fcnnepelt csapatnak nem lehetett felh\u0151tlen az \u00f6r\u00f6me, hiszen egyetlen avat\u00f3meccsen sem siker\u00fclt senkinek a mieinket legy\u0151zni, s\u0151t legt\u00f6bbsz\u00f6r a Dorog nyerte ezeket a tal\u00e1lkoz\u00f3kat.<\/span><\/div>\n<div>\n<p><em>Bor\u00edt\u00f3k\u00e9p: Az Osir stadion esti f\u00e9nyben napjainkban\u00a0\u00a0(forr\u00e1s: nowiny.pl)<\/em><\/p>\n<p><strong><em>Szab\u00f3 Gyula<\/em><\/strong><\/p>\n<\/div>\n<div><b style=\"font-size: 14px; color: var(--c-contrast-800);\">\u00a0 \u00a0 \u00a0\u00a0<\/b><\/div>\n<div><b style=\"font-size: 14px; color: var(--c-contrast-800);\">\u00a0 \u00a0 \u00a0 \u00a0 \u00a0 \u00a0 \u00a0 \u00a0 \u00a0<\/b><\/div>\n<div><\/div>\n<div><\/div>\n","protected":false},"excerpt":{"rendered":"<p>Ez\u00fattal egy k\u00fcl\u00f6nleges sportesem\u00e9ny kerek \u00e9vfordul\u00f3ja alkalm\u00e1b\u00f3l utazunk vissza egy f\u00e9l \u00e9vsz\u00e1zadnyi id\u0151t. Lengyelorsz\u00e1gba kalauzolnak a sorok, ahol 1971 j\u00falius utols\u00f3 napj\u00e1n stadionavat\u00e1sra ker\u00fclt sor a Dorogi B\u00e1ny\u00e1sz csapat\u00e1nak megh\u00edv\u00e1s\u00e1val. A nyit\u00f3tal\u00e1lkoz\u00f3t a mieink a h\u00e1zigazda Unia Racib\u00f3rz ellen v\u00edvt\u00e1k &#8211; Szab\u00f3 Gyula cikke. 1971 nyara igaz\u00e1n esem\u00e9nyd\u00fas, egyben \u00f6r\u00f6mteli id\u0151szakot hozott a Dorogi AC<\/p>\n","protected":false},"author":4,"featured_media":35294,"comment_status":"closed","ping_status":"closed","sticky":false,"template":"","format":"standard","meta":{"ngg_post_thumbnail":0,"footnotes":""},"categories":[2,3,6031,5],"tags":[15,37,70,69,72,16],"class_list":{"0":"post-35287","1":"post","2":"type-post","3":"status-publish","4":"format-standard","5":"has-post-thumbnail","7":"category-dorog","8":"category-hirek","9":"category-kerek-evfordulok","10":"category-sport","11":"tag-dorog","12":"tag-dorogi-fc","13":"tag-foci","14":"tag-futball","15":"tag-labdarugas","16":"tag-sport"},"yoast_head":"<!-- This site is optimized with the Yoast SEO plugin v27.5 - https:\/\/yoast.com\/product\/yoast-seo-wordpress\/ -->\n<title>50 \u00e9ve t\u00f6rt\u00e9nt: Lengyelorsz\u00e1gi stadionavat\u00f3 a dorogiakkal<\/title>\n<meta name=\"robots\" content=\"index, follow, max-snippet:-1, max-image-preview:large, max-video-preview:-1\" \/>\n<link rel=\"canonical\" href=\"https:\/\/dorogimedence.hu\/index.php\/2021\/07\/30\/50-eve-tortent-lengyelorszagi-stadionavato-a-dorogiakkal\/\" class=\"yoast-seo-meta-tag\" \/>\n<meta property=\"og:locale\" content=\"hu_HU\" class=\"yoast-seo-meta-tag\" \/>\n<meta property=\"og:type\" content=\"article\" class=\"yoast-seo-meta-tag\" \/>\n<meta property=\"og:title\" content=\"50 \u00e9ve t\u00f6rt\u00e9nt: Lengyelorsz\u00e1gi stadionavat\u00f3 a dorogiakkal\" class=\"yoast-seo-meta-tag\" \/>\n<meta property=\"og:description\" content=\"Ez\u00fattal egy k\u00fcl\u00f6nleges sportesem\u00e9ny kerek \u00e9vfordul\u00f3ja alkalm\u00e1b\u00f3l utazunk vissza egy f\u00e9l \u00e9vsz\u00e1zadnyi id\u0151t. Lengyelorsz\u00e1gba kalauzolnak a sorok, ahol 1971 j\u00falius utols\u00f3 napj\u00e1n stadionavat\u00e1sra ker\u00fclt sor a Dorogi B\u00e1ny\u00e1sz csapat\u00e1nak megh\u00edv\u00e1s\u00e1val. A nyit\u00f3tal\u00e1lkoz\u00f3t a mieink a h\u00e1zigazda Unia Racib\u00f3rz ellen v\u00edvt\u00e1k &#8211; Szab\u00f3 Gyula cikke. 1971 nyara igaz\u00e1n esem\u00e9nyd\u00fas, egyben \u00f6r\u00f6mteli id\u0151szakot hozott a Dorogi AC\" class=\"yoast-seo-meta-tag\" \/>\n<meta property=\"og:url\" content=\"https:\/\/dorogimedence.hu\/index.php\/2021\/07\/30\/50-eve-tortent-lengyelorszagi-stadionavato-a-dorogiakkal\/\" class=\"yoast-seo-meta-tag\" \/>\n<meta property=\"og:site_name\" content=\"Dorogi-medence Region\u00e1lis H\u00edrport\u00e1l\" class=\"yoast-seo-meta-tag\" \/>\n<meta property=\"article:publisher\" content=\"https:\/\/www.facebook.com\/dorogimedence\/\" class=\"yoast-seo-meta-tag\" \/>\n<meta property=\"article:published_time\" content=\"2021-07-30T08:47:58+00:00\" class=\"yoast-seo-meta-tag\" \/>\n<meta property=\"article:modified_time\" content=\"2021-10-18T03:23:23+00:00\" class=\"yoast-seo-meta-tag\" \/>\n<meta property=\"og:image\" content=\"https:\/\/i0.wp.com\/dorogimedence.hu\/wp-content\/uploads\/2021\/07\/Raciborz-stadion-borkep.png?fit=777%2C468&ssl=1\" class=\"yoast-seo-meta-tag\" \/>\n\t<meta property=\"og:image:width\" content=\"777\" class=\"yoast-seo-meta-tag\" \/>\n\t<meta property=\"og:image:height\" content=\"468\" class=\"yoast-seo-meta-tag\" \/>\n\t<meta property=\"og:image:type\" content=\"image\/png\" class=\"yoast-seo-meta-tag\" \/>\n<meta name=\"author\" content=\"Szab\u00f3 Gyula\" class=\"yoast-seo-meta-tag\" \/>\n<meta name=\"twitter:card\" content=\"summary_large_image\" class=\"yoast-seo-meta-tag\" \/>\n<meta name=\"twitter:label1\" content=\"Szerz\u0151:\" class=\"yoast-seo-meta-tag\" \/>\n\t<meta name=\"twitter:data1\" content=\"Szab\u00f3 Gyula\" class=\"yoast-seo-meta-tag\" \/>\n\t<meta name=\"twitter:label2\" content=\"Becs\u00fclt olvas\u00e1si id\u0151\" class=\"yoast-seo-meta-tag\" \/>\n\t<meta name=\"twitter:data2\" content=\"7 perc\" class=\"yoast-seo-meta-tag\" \/>\n<script type=\"application\/ld+json\" class=\"yoast-schema-graph\">{\"@context\":\"https:\\\/\\\/schema.org\",\"@graph\":[{\"@type\":\"Article\",\"@id\":\"https:\\\/\\\/dorogimedence.hu\\\/index.php\\\/2021\\\/07\\\/30\\\/50-eve-tortent-lengyelorszagi-stadionavato-a-dorogiakkal\\\/#article\",\"isPartOf\":{\"@id\":\"https:\\\/\\\/dorogimedence.hu\\\/index.php\\\/2021\\\/07\\\/30\\\/50-eve-tortent-lengyelorszagi-stadionavato-a-dorogiakkal\\\/\"},\"author\":{\"name\":\"Szab\u00f3 Gyula\",\"@id\":\"https:\\\/\\\/dorogimedence.hu\\\/#\\\/schema\\\/person\\\/76605e8151ec1b7376385cd184ede973\"},\"headline\":\"50 \u00e9ve t\u00f6rt\u00e9nt: Lengyelorsz\u00e1gi stadionavat\u00f3 a dorogiakkal\",\"datePublished\":\"2021-07-30T08:47:58+00:00\",\"dateModified\":\"2021-10-18T03:23:23+00:00\",\"mainEntityOfPage\":{\"@id\":\"https:\\\/\\\/dorogimedence.hu\\\/index.php\\\/2021\\\/07\\\/30\\\/50-eve-tortent-lengyelorszagi-stadionavato-a-dorogiakkal\\\/\"},\"wordCount\":1359,\"publisher\":{\"@id\":\"https:\\\/\\\/dorogimedence.hu\\\/#organization\"},\"image\":{\"@id\":\"https:\\\/\\\/dorogimedence.hu\\\/index.php\\\/2021\\\/07\\\/30\\\/50-eve-tortent-lengyelorszagi-stadionavato-a-dorogiakkal\\\/#primaryimage\"},\"thumbnailUrl\":\"https:\\\/\\\/dorogimedence.hu\\\/wp-content\\\/uploads\\\/2021\\\/07\\\/Raciborz-stadion-borkep.png\",\"keywords\":[\"Dorog\",\"Dorogi FC\",\"foci\",\"futball\",\"labdar\u00fag\u00e1s\",\"sport\"],\"articleSection\":[\"Dorog\",\"H\u00edrek\",\"Kerek \u00e9vfordul\u00f3k\",\"Sport\"],\"inLanguage\":\"hu\"},{\"@type\":\"WebPage\",\"@id\":\"https:\\\/\\\/dorogimedence.hu\\\/index.php\\\/2021\\\/07\\\/30\\\/50-eve-tortent-lengyelorszagi-stadionavato-a-dorogiakkal\\\/\",\"url\":\"https:\\\/\\\/dorogimedence.hu\\\/index.php\\\/2021\\\/07\\\/30\\\/50-eve-tortent-lengyelorszagi-stadionavato-a-dorogiakkal\\\/\",\"name\":\"50 \u00e9ve t\u00f6rt\u00e9nt: Lengyelorsz\u00e1gi stadionavat\u00f3 a dorogiakkal\",\"isPartOf\":{\"@id\":\"https:\\\/\\\/dorogimedence.hu\\\/#website\"},\"primaryImageOfPage\":{\"@id\":\"https:\\\/\\\/dorogimedence.hu\\\/index.php\\\/2021\\\/07\\\/30\\\/50-eve-tortent-lengyelorszagi-stadionavato-a-dorogiakkal\\\/#primaryimage\"},\"image\":{\"@id\":\"https:\\\/\\\/dorogimedence.hu\\\/index.php\\\/2021\\\/07\\\/30\\\/50-eve-tortent-lengyelorszagi-stadionavato-a-dorogiakkal\\\/#primaryimage\"},\"thumbnailUrl\":\"https:\\\/\\\/dorogimedence.hu\\\/wp-content\\\/uploads\\\/2021\\\/07\\\/Raciborz-stadion-borkep.png\",\"datePublished\":\"2021-07-30T08:47:58+00:00\",\"dateModified\":\"2021-10-18T03:23:23+00:00\",\"breadcrumb\":{\"@id\":\"https:\\\/\\\/dorogimedence.hu\\\/index.php\\\/2021\\\/07\\\/30\\\/50-eve-tortent-lengyelorszagi-stadionavato-a-dorogiakkal\\\/#breadcrumb\"},\"inLanguage\":\"hu\",\"potentialAction\":[{\"@type\":\"ReadAction\",\"target\":[\"https:\\\/\\\/dorogimedence.hu\\\/index.php\\\/2021\\\/07\\\/30\\\/50-eve-tortent-lengyelorszagi-stadionavato-a-dorogiakkal\\\/\"]}]},{\"@type\":\"ImageObject\",\"inLanguage\":\"hu\",\"@id\":\"https:\\\/\\\/dorogimedence.hu\\\/index.php\\\/2021\\\/07\\\/30\\\/50-eve-tortent-lengyelorszagi-stadionavato-a-dorogiakkal\\\/#primaryimage\",\"url\":\"https:\\\/\\\/dorogimedence.hu\\\/wp-content\\\/uploads\\\/2021\\\/07\\\/Raciborz-stadion-borkep.png\",\"contentUrl\":\"https:\\\/\\\/dorogimedence.hu\\\/wp-content\\\/uploads\\\/2021\\\/07\\\/Raciborz-stadion-borkep.png\",\"width\":777,\"height\":468},{\"@type\":\"BreadcrumbList\",\"@id\":\"https:\\\/\\\/dorogimedence.hu\\\/index.php\\\/2021\\\/07\\\/30\\\/50-eve-tortent-lengyelorszagi-stadionavato-a-dorogiakkal\\\/#breadcrumb\",\"itemListElement\":[{\"@type\":\"ListItem\",\"position\":1,\"name\":\"Kezd\u0151lap\",\"item\":\"https:\\\/\\\/dorogimedence.hu\\\/\"},{\"@type\":\"ListItem\",\"position\":2,\"name\":\"50 \u00e9ve t\u00f6rt\u00e9nt: Lengyelorsz\u00e1gi stadionavat\u00f3 a dorogiakkal\"}]},{\"@type\":\"WebSite\",\"@id\":\"https:\\\/\\\/dorogimedence.hu\\\/#website\",\"url\":\"https:\\\/\\\/dorogimedence.hu\\\/\",\"name\":\"Dorogi-medence Region\u00e1lis H\u00edrport\u00e1l\",\"description\":\"Dorog, Keszt\u00f6lc, Le\u00e1nyv\u00e1r, Piliscs\u00e9v, Tokod, Tokodalt\u00e1r\u00f3, Csolnok, Esztergom-kertv\u00e1ros: h\u00edrek, programok\",\"publisher\":{\"@id\":\"https:\\\/\\\/dorogimedence.hu\\\/#organization\"},\"potentialAction\":[{\"@type\":\"SearchAction\",\"target\":{\"@type\":\"EntryPoint\",\"urlTemplate\":\"https:\\\/\\\/dorogimedence.hu\\\/?s={search_term_string}\"},\"query-input\":{\"@type\":\"PropertyValueSpecification\",\"valueRequired\":true,\"valueName\":\"search_term_string\"}}],\"inLanguage\":\"hu\"},{\"@type\":\"Organization\",\"@id\":\"https:\\\/\\\/dorogimedence.hu\\\/#organization\",\"name\":\"Dorogi-medence Region\u00e1lis H\u00edrport\u00e1l\",\"url\":\"https:\\\/\\\/dorogimedence.hu\\\/\",\"logo\":{\"@type\":\"ImageObject\",\"inLanguage\":\"hu\",\"@id\":\"https:\\\/\\\/dorogimedence.hu\\\/#\\\/schema\\\/logo\\\/image\\\/\",\"url\":\"https:\\\/\\\/dorogimedence.hu\\\/wp-content\\\/uploads\\\/2021\\\/04\\\/logo-feher-600.png\",\"contentUrl\":\"https:\\\/\\\/dorogimedence.hu\\\/wp-content\\\/uploads\\\/2021\\\/04\\\/logo-feher-600.png\",\"width\":600,\"height\":100,\"caption\":\"Dorogi-medence Region\u00e1lis H\u00edrport\u00e1l\"},\"image\":{\"@id\":\"https:\\\/\\\/dorogimedence.hu\\\/#\\\/schema\\\/logo\\\/image\\\/\"},\"sameAs\":[\"https:\\\/\\\/www.facebook.com\\\/dorogimedence\\\/\"]},{\"@type\":\"Person\",\"@id\":\"https:\\\/\\\/dorogimedence.hu\\\/#\\\/schema\\\/person\\\/76605e8151ec1b7376385cd184ede973\",\"name\":\"Szab\u00f3 Gyula\",\"image\":{\"@type\":\"ImageObject\",\"inLanguage\":\"hu\",\"@id\":\"\\\/\\\/www.gravatar.com\\\/avatar\\\/3e44b6fb2ef9bcea3639958cc2a587cb?s=96&#038;r=g&#038;d=mm\",\"url\":\"\\\/\\\/www.gravatar.com\\\/avatar\\\/3e44b6fb2ef9bcea3639958cc2a587cb?s=96&#038;r=g&#038;d=mm\",\"contentUrl\":\"\\\/\\\/www.gravatar.com\\\/avatar\\\/3e44b6fb2ef9bcea3639958cc2a587cb?s=96&#038;r=g&#038;d=mm\",\"caption\":\"Szab\u00f3 Gyula\"}}]}<\/script>\n<!-- \/ Yoast SEO plugin. -->","yoast_head_json":{"title":"50 \u00e9ve t\u00f6rt\u00e9nt: Lengyelorsz\u00e1gi stadionavat\u00f3 a dorogiakkal","robots":{"index":"index","follow":"follow","max-snippet":"max-snippet:-1","max-image-preview":"max-image-preview:large","max-video-preview":"max-video-preview:-1"},"canonical":"https:\/\/dorogimedence.hu\/index.php\/2021\/07\/30\/50-eve-tortent-lengyelorszagi-stadionavato-a-dorogiakkal\/","og_locale":"hu_HU","og_type":"article","og_title":"50 \u00e9ve t\u00f6rt\u00e9nt: Lengyelorsz\u00e1gi stadionavat\u00f3 a dorogiakkal","og_description":"Ez\u00fattal egy k\u00fcl\u00f6nleges sportesem\u00e9ny kerek \u00e9vfordul\u00f3ja alkalm\u00e1b\u00f3l utazunk vissza egy f\u00e9l \u00e9vsz\u00e1zadnyi id\u0151t. Lengyelorsz\u00e1gba kalauzolnak a sorok, ahol 1971 j\u00falius utols\u00f3 napj\u00e1n stadionavat\u00e1sra ker\u00fclt sor a Dorogi B\u00e1ny\u00e1sz csapat\u00e1nak megh\u00edv\u00e1s\u00e1val. A nyit\u00f3tal\u00e1lkoz\u00f3t a mieink a h\u00e1zigazda Unia Racib\u00f3rz ellen v\u00edvt\u00e1k &#8211; Szab\u00f3 Gyula cikke. 1971 nyara igaz\u00e1n esem\u00e9nyd\u00fas, egyben \u00f6r\u00f6mteli id\u0151szakot hozott a Dorogi AC","og_url":"https:\/\/dorogimedence.hu\/index.php\/2021\/07\/30\/50-eve-tortent-lengyelorszagi-stadionavato-a-dorogiakkal\/","og_site_name":"Dorogi-medence Region\u00e1lis H\u00edrport\u00e1l","article_publisher":"https:\/\/www.facebook.com\/dorogimedence\/","article_published_time":"2021-07-30T08:47:58+00:00","article_modified_time":"2021-10-18T03:23:23+00:00","og_image":[{"width":777,"height":468,"url":"https:\/\/i0.wp.com\/dorogimedence.hu\/wp-content\/uploads\/2021\/07\/Raciborz-stadion-borkep.png?fit=777%2C468&ssl=1","type":"image\/png"}],"author":"Szab\u00f3 Gyula","twitter_card":"summary_large_image","twitter_misc":{"Szerz\u0151:":"Szab\u00f3 Gyula","Becs\u00fclt olvas\u00e1si id\u0151":"7 perc"},"schema":{"@context":"https:\/\/schema.org","@graph":[{"@type":"Article","@id":"https:\/\/dorogimedence.hu\/index.php\/2021\/07\/30\/50-eve-tortent-lengyelorszagi-stadionavato-a-dorogiakkal\/#article","isPartOf":{"@id":"https:\/\/dorogimedence.hu\/index.php\/2021\/07\/30\/50-eve-tortent-lengyelorszagi-stadionavato-a-dorogiakkal\/"},"author":{"name":"Szab\u00f3 Gyula","@id":"https:\/\/dorogimedence.hu\/#\/schema\/person\/76605e8151ec1b7376385cd184ede973"},"headline":"50 \u00e9ve t\u00f6rt\u00e9nt: Lengyelorsz\u00e1gi stadionavat\u00f3 a dorogiakkal","datePublished":"2021-07-30T08:47:58+00:00","dateModified":"2021-10-18T03:23:23+00:00","mainEntityOfPage":{"@id":"https:\/\/dorogimedence.hu\/index.php\/2021\/07\/30\/50-eve-tortent-lengyelorszagi-stadionavato-a-dorogiakkal\/"},"wordCount":1359,"publisher":{"@id":"https:\/\/dorogimedence.hu\/#organization"},"image":{"@id":"https:\/\/dorogimedence.hu\/index.php\/2021\/07\/30\/50-eve-tortent-lengyelorszagi-stadionavato-a-dorogiakkal\/#primaryimage"},"thumbnailUrl":"https:\/\/dorogimedence.hu\/wp-content\/uploads\/2021\/07\/Raciborz-stadion-borkep.png","keywords":["Dorog","Dorogi FC","foci","futball","labdar\u00fag\u00e1s","sport"],"articleSection":["Dorog","H\u00edrek","Kerek \u00e9vfordul\u00f3k","Sport"],"inLanguage":"hu"},{"@type":"WebPage","@id":"https:\/\/dorogimedence.hu\/index.php\/2021\/07\/30\/50-eve-tortent-lengyelorszagi-stadionavato-a-dorogiakkal\/","url":"https:\/\/dorogimedence.hu\/index.php\/2021\/07\/30\/50-eve-tortent-lengyelorszagi-stadionavato-a-dorogiakkal\/","name":"50 \u00e9ve t\u00f6rt\u00e9nt: Lengyelorsz\u00e1gi stadionavat\u00f3 a dorogiakkal","isPartOf":{"@id":"https:\/\/dorogimedence.hu\/#website"},"primaryImageOfPage":{"@id":"https:\/\/dorogimedence.hu\/index.php\/2021\/07\/30\/50-eve-tortent-lengyelorszagi-stadionavato-a-dorogiakkal\/#primaryimage"},"image":{"@id":"https:\/\/dorogimedence.hu\/index.php\/2021\/07\/30\/50-eve-tortent-lengyelorszagi-stadionavato-a-dorogiakkal\/#primaryimage"},"thumbnailUrl":"https:\/\/dorogimedence.hu\/wp-content\/uploads\/2021\/07\/Raciborz-stadion-borkep.png","datePublished":"2021-07-30T08:47:58+00:00","dateModified":"2021-10-18T03:23:23+00:00","breadcrumb":{"@id":"https:\/\/dorogimedence.hu\/index.php\/2021\/07\/30\/50-eve-tortent-lengyelorszagi-stadionavato-a-dorogiakkal\/#breadcrumb"},"inLanguage":"hu","potentialAction":[{"@type":"ReadAction","target":["https:\/\/dorogimedence.hu\/index.php\/2021\/07\/30\/50-eve-tortent-lengyelorszagi-stadionavato-a-dorogiakkal\/"]}]},{"@type":"ImageObject","inLanguage":"hu","@id":"https:\/\/dorogimedence.hu\/index.php\/2021\/07\/30\/50-eve-tortent-lengyelorszagi-stadionavato-a-dorogiakkal\/#primaryimage","url":"https:\/\/dorogimedence.hu\/wp-content\/uploads\/2021\/07\/Raciborz-stadion-borkep.png","contentUrl":"https:\/\/dorogimedence.hu\/wp-content\/uploads\/2021\/07\/Raciborz-stadion-borkep.png","width":777,"height":468},{"@type":"BreadcrumbList","@id":"https:\/\/dorogimedence.hu\/index.php\/2021\/07\/30\/50-eve-tortent-lengyelorszagi-stadionavato-a-dorogiakkal\/#breadcrumb","itemListElement":[{"@type":"ListItem","position":1,"name":"Kezd\u0151lap","item":"https:\/\/dorogimedence.hu\/"},{"@type":"ListItem","position":2,"name":"50 \u00e9ve t\u00f6rt\u00e9nt: Lengyelorsz\u00e1gi stadionavat\u00f3 a dorogiakkal"}]},{"@type":"WebSite","@id":"https:\/\/dorogimedence.hu\/#website","url":"https:\/\/dorogimedence.hu\/","name":"Dorogi-medence Region\u00e1lis H\u00edrport\u00e1l","description":"Dorog, Keszt\u00f6lc, Le\u00e1nyv\u00e1r, Piliscs\u00e9v, Tokod, Tokodalt\u00e1r\u00f3, Csolnok, Esztergom-kertv\u00e1ros: h\u00edrek, programok","publisher":{"@id":"https:\/\/dorogimedence.hu\/#organization"},"potentialAction":[{"@type":"SearchAction","target":{"@type":"EntryPoint","urlTemplate":"https:\/\/dorogimedence.hu\/?s={search_term_string}"},"query-input":{"@type":"PropertyValueSpecification","valueRequired":true,"valueName":"search_term_string"}}],"inLanguage":"hu"},{"@type":"Organization","@id":"https:\/\/dorogimedence.hu\/#organization","name":"Dorogi-medence Region\u00e1lis H\u00edrport\u00e1l","url":"https:\/\/dorogimedence.hu\/","logo":{"@type":"ImageObject","inLanguage":"hu","@id":"https:\/\/dorogimedence.hu\/#\/schema\/logo\/image\/","url":"https:\/\/dorogimedence.hu\/wp-content\/uploads\/2021\/04\/logo-feher-600.png","contentUrl":"https:\/\/dorogimedence.hu\/wp-content\/uploads\/2021\/04\/logo-feher-600.png","width":600,"height":100,"caption":"Dorogi-medence Region\u00e1lis H\u00edrport\u00e1l"},"image":{"@id":"https:\/\/dorogimedence.hu\/#\/schema\/logo\/image\/"},"sameAs":["https:\/\/www.facebook.com\/dorogimedence\/"]},{"@type":"Person","@id":"https:\/\/dorogimedence.hu\/#\/schema\/person\/76605e8151ec1b7376385cd184ede973","name":"Szab\u00f3 Gyula","image":{"@type":"ImageObject","inLanguage":"hu","@id":"\/\/www.gravatar.com\/avatar\/3e44b6fb2ef9bcea3639958cc2a587cb?s=96&#038;r=g&#038;d=mm","url":"\/\/www.gravatar.com\/avatar\/3e44b6fb2ef9bcea3639958cc2a587cb?s=96&#038;r=g&#038;d=mm","contentUrl":"\/\/www.gravatar.com\/avatar\/3e44b6fb2ef9bcea3639958cc2a587cb?s=96&#038;r=g&#038;d=mm","caption":"Szab\u00f3 Gyula"}}]}},"_links":{"self":[{"href":"https:\/\/dorogimedence.hu\/index.php\/wp-json\/wp\/v2\/posts\/35287","targetHints":{"allow":["GET"]}}],"collection":[{"href":"https:\/\/dorogimedence.hu\/index.php\/wp-json\/wp\/v2\/posts"}],"about":[{"href":"https:\/\/dorogimedence.hu\/index.php\/wp-json\/wp\/v2\/types\/post"}],"author":[{"embeddable":true,"href":"https:\/\/dorogimedence.hu\/index.php\/wp-json\/wp\/v2\/users\/4"}],"replies":[{"embeddable":true,"href":"https:\/\/dorogimedence.hu\/index.php\/wp-json\/wp\/v2\/comments?post=35287"}],"version-history":[{"count":0,"href":"https:\/\/dorogimedence.hu\/index.php\/wp-json\/wp\/v2\/posts\/35287\/revisions"}],"wp:featuredmedia":[{"embeddable":true,"href":"https:\/\/dorogimedence.hu\/index.php\/wp-json\/wp\/v2\/media\/35294"}],"wp:attachment":[{"href":"https:\/\/dorogimedence.hu\/index.php\/wp-json\/wp\/v2\/media?parent=35287"}],"wp:term":[{"taxonomy":"category","embeddable":true,"href":"https:\/\/dorogimedence.hu\/index.php\/wp-json\/wp\/v2\/categories?post=35287"},{"taxonomy":"post_tag","embeddable":true,"href":"https:\/\/dorogimedence.hu\/index.php\/wp-json\/wp\/v2\/tags?post=35287"}],"curies":[{"name":"wp","href":"https:\/\/api.w.org\/{rel}","templated":true}]}}