{"id":35143,"date":"2021-07-27T08:51:46","date_gmt":"2021-07-27T06:51:46","guid":{"rendered":"https:\/\/dorogimedence.hu\/?p=35143"},"modified":"2021-10-18T05:24:14","modified_gmt":"2021-10-18T03:24:14","slug":"a-dorogi-fc-kerek-egy-evtizede-ujra-a-felemelkedes-utjan","status":"publish","type":"post","link":"https:\/\/dorogimedence.hu\/index.php\/2021\/07\/27\/a-dorogi-fc-kerek-egy-evtizede-ujra-a-felemelkedes-utjan\/","title":{"rendered":"A Dorogi FC kerek egy \u00e9vtizede \u00fajra a felemelked\u00e9s \u00fatj\u00e1n"},"content":{"rendered":"<p style=\"text-align: justify;\"><b>Pontosan t\u00edz \u00e9ve annak, hogy a dorogi labdar\u00fag\u00e1s hosszabb vaj\u00fad\u00e1s \u00e9s veget\u00e1l\u00e1s ut\u00e1n \u00fajra elindul felfel\u00e9. 2011 nyar\u00e1n a megyei oszt\u00e1ly k\u00fcsz\u00f6b\u00e9r\u0151l indulva az elm\u00falt \u00e9vtized megint a sikerekr\u0151l sz\u00f3lt, amely sor\u00e1n az NB II-ig k\u00fczd\u00f6tte mag\u00e1t a csapat, ahol pedig biztosan meg is kapaszkodott \u00e9s imm\u00e1r hat \u00e9ve egy\u00e9rtelm\u0171en jelent\u0151s helyet foglal el az orsz\u00e1g labdar\u00fag\u00e1s\u00e1nak t\u00e9rk\u00e9p\u00e9n, egyben megy\u00e9nk legjobb, legsikeresebb egyes\u00fclete. Mindezek mellett az ut\u00e1np\u00f3tl\u00e1s \u00e9s a n\u0151i labdar\u00fag\u00e1s ter\u00e9n is egyar\u00e1nt a sikerek jellemezt\u00e9k <\/b><em>&#8211; Szab\u00f3 Gyula cikke.<\/em><\/p>\n<p style=\"text-align: justify;\">Kisebb-nagyobb hull\u00e1mv\u00f6lgyek a kor\u00e1bbiakban is el\u0151fordultak a dorogi labdar\u00fag\u00e1s t\u00f6rt\u00e9net\u00e9ben, de \u00f6sszess\u00e9g\u00e9ben mindig is az orsz\u00e1g egyik meghat\u00e1roz\u00f3 klubj\u00e1nak sz\u00e1m\u00edtott. 2002 nyar\u00e1t\u00f3l viszont egy nagyon hossz\u00fa \u00e9s szinte kil\u00e1t\u00e1stalan helyben j\u00e1r\u00e1s jellemezte a helyi labdar\u00fag\u00f3 \u00e9letet. A versenysportra nehezed\u0151 egyre kem\u00e9nyebb anyagi megpr\u00f3b\u00e1ltat\u00e1sok sz\u00e1mos honi klubot k\u00fcldtek padl\u00f3ra. K\u00f6zt\u00fck t\u00f6bb egykori neves egyes\u00fclet meg is sz\u0171nt, vagy \u00e9ppen belesz\u00fcrk\u00fclt az alacsonyabb oszt\u00e1lyok mez\u0151ny\u00e9ben. Dorogot sem ker\u00fclte el a v\u00e1ls\u00e1gos id\u0151szak, amelyben huzamosabb ideig maga is beleragadt.<\/p>\n<p style=\"text-align: justify;\">2002-ben m\u00e1r nem tudt\u00e1k v\u00e1llalni a m\u00e1sodoszt\u00e1ly\u00fa szerepl\u00e9st az akkori NB I\/B oszt\u00e1lyban. A nevez\u00e9shez hib\u00e1dzott m\u00e9g tov\u00e1bbi 40 milli\u00f3 forint, ez\u00e9rt az NB II-nek nevezett harmadoszt\u00e1lyban indultak. Azonban \u00fajabb \u00e9vad eltelt\u00e9vel m\u00e1r ezt a szintet sem voltak k\u00e9pesek tartani \u00e9s a klub maga k\u00e9rte a negyedoszt\u00e1lyba val\u00f3 besorol\u00e1s\u00e1t, az akkori NB III-as csoportba annak ellen\u00e9re, hogy a mez\u0151ny \u00e9lboly\u00e1ban v\u00e9geztek az NB II-ben. A dorogi labdar\u00fag\u00e1s addigi t\u00f6rt\u00e9net\u00e9ben soha nem volt a harmadoszt\u00e1lyn\u00e1l alacsonyabb szinten, azonban 2003 \u00e9s 2005 k\u00f6z\u00f6tt k\u00e9t \u00e9vadot voltak k\u00e9nytelenek t\u00f6lteni a negyedik vonalban. Az MLSZ \u00e1ltal a bajnoki rendszer \u00e1tszervez\u00e9s\u00e9vel \u00fajb\u00f3l a harmadoszt\u00e1lyban szerepeltek, miut\u00e1n a 2005-2006-os \u00e9vadt\u00f3l a csoportot eggyel feljebb sorolt\u00e1k. Dorogon nem volt k\u00fcl\u00f6n\u00f6sebb perspekt\u00edva \u00e9s a klub vezet\u0151s\u00e9g\u00e9nek els\u0151dleges c\u00e9lja ezekben az id\u0151kben csakis az egyes\u00fclet \u00e9letben tart\u00e1sa lehetett \u00e9s lehet\u0151s\u00e9g szerint legal\u00e1bb az NB III-as szint meg\u0151rz\u00e9se. Egy esetleges megyei oszt\u00e1lyba t\u00f6rt\u00e9n\u0151 kies\u00e9ssel a legkisebb rem\u00e9nysugarak is el\u00faszhattak volna egy k\u00e9s\u0151bbi felemelked\u00e9shez.<br \/>\n<img fetchpriority=\"high\" decoding=\"async\" class=\"alignnone wp-image-35146 size-full aligncenter\" src=\"https:\/\/dorogimedence.hu\/wp-content\/uploads\/2021\/07\/2..png\" alt=\"\" width=\"777\" height=\"545\" srcset=\"https:\/\/dorogimedence.hu\/wp-content\/uploads\/2021\/07\/2..png 777w, https:\/\/dorogimedence.hu\/wp-content\/uploads\/2021\/07\/2.-300x210.png 300w, https:\/\/dorogimedence.hu\/wp-content\/uploads\/2021\/07\/2.-768x539.png 768w, https:\/\/dorogimedence.hu\/wp-content\/uploads\/2021\/07\/2.-150x105.png 150w, https:\/\/dorogimedence.hu\/wp-content\/uploads\/2021\/07\/2.-450x316.png 450w\" sizes=\"(max-width: 777px) 100vw, 777px\" \/><\/p>\n<p>&nbsp;<\/p>\n<p style=\"text-align: center;\"><em style=\"font-size: 14px; color: var(--c-contrast-800);\">A harmadik vonalban szerepelt csapatunk, amelyet a k\u00f6vetkez\u0151 \u00e9vben a negyedoszt\u00e1lyban ind\u00edtottak<\/em><\/p>\n<p>&nbsp;<\/p>\n<p style=\"text-align: justify;\">Nyolc nagyon keserves \u00e9v ut\u00e1n, a 2010-2011-es \u00e9vad befejezt\u00e9vel pap\u00edron bek\u00f6vetkezett az, amit mindenk\u00e9ppen szerettek volna elker\u00fclni, m\u00e9gpedig a kies\u00e9s az NB III-b\u00f3l. \u00dajabb \u00e1tszervez\u00e9s, illetve visszal\u00e9p\u00e9seknek k\u00f6sz\u00f6nhet\u0151en viszont megtarthatta harmadoszt\u00e1ly\u00fa tags\u00e1g\u00e1t, viszont ez a ment\u0151\u00f6v csak akkor \u00e9rt volna b\u00e1rmit is, ha sikeresen kiakn\u00e1zz\u00e1k a lehet\u0151s\u00e9get, szemben azzal, hogy egy \u00e9vvel csak elod\u00e1zz\u00e1k a s\u00fcllyeszt\u0151t. Ekkor vette kez\u00e9be a klub sors\u00e1t Mayer L\u00e1szl\u00f3, aki egykor maga is a Dorog ut\u00e1np\u00f3tl\u00e1s csapataiban r\u00fagta a labd\u00e1t \u00e9s 2006 \u00f3ta a dorogi sport adminisztrat\u00edv vonal\u00e1ba ker\u00fclt. El\u0151bb, mint a Dorogi-sz\u00e9nmedence Sportj\u00e1\u00e9rt K\u00f6zalap\u00edtv\u00e1ny ellen\u0151rz\u0151 bizotts\u00e1g\u00e1nak tagja, k\u00e9s\u0151bb pedig a Dorogi FC eln\u00f6ks\u00e9gi tagja, v\u00e9g\u00fcl pedig a klub eln\u00f6khelyettesi poz\u00edci\u00f3j\u00e1t t\u00f6lt\u00f6tte be. 2011 nyar\u00e1n egy konzult\u00e1ci\u00f3t kezdem\u00e9nyezett, amelynek r\u00e9szek\u00e9nt a helyi labdar\u00fag\u00e1st \u00faj, s f\u0151leg biztosabb alapokra helyezve v\u00e1zolta fel az egyes\u00fclet lehet\u0151s\u00e9g\u00e9t a sikeresebb j\u00f6v\u0151 rem\u00e9ny\u00e9ben. A tervszer\u0171s\u00e9g mellett saj\u00e1t \u00fczleti v\u00e1llalkoz\u00e1s\u00e1val anyagilag is a klub mell\u00e9 \u00e1llt. Ha nem is mindj\u00e1rt egy nagyszab\u00e1s\u00fa t\u0151ke megteremt\u00e9s\u00e9t siker\u00fclt a t\u00e1mogat\u00e1s\u00e1val megval\u00f3s\u00edtani, viszont egy\u00e9rtelm\u0171en a klub m\u0171k\u00f6d\u00e9s\u00e9hez sz\u00fcks\u00e9ges biztos anyagi h\u00e1tteret garant\u00e1lni tudott.<br \/>\n<img decoding=\"async\" class=\"alignnone wp-image-35147 \" src=\"https:\/\/dorogimedence.hu\/wp-content\/uploads\/2021\/07\/3.png\" alt=\"\" width=\"707\" height=\"470\" srcset=\"https:\/\/dorogimedence.hu\/wp-content\/uploads\/2021\/07\/3.png 520w, https:\/\/dorogimedence.hu\/wp-content\/uploads\/2021\/07\/3-300x200.png 300w, https:\/\/dorogimedence.hu\/wp-content\/uploads\/2021\/07\/3-150x100.png 150w, https:\/\/dorogimedence.hu\/wp-content\/uploads\/2021\/07\/3-450x299.png 450w, https:\/\/dorogimedence.hu\/wp-content\/uploads\/2021\/07\/3-272x182.png 272w\" sizes=\"(max-width: 707px) 100vw, 707px\" \/><\/p>\n<p>&nbsp;<\/p>\n<p style=\"text-align: center;\"><em><em style=\"font-size: 14px; color: var(--c-contrast-800);\">A 2011-12-es \u00e9vad csapata, amellyel kezdet\u00e9t vette a felemelked\u00e9s<\/em><\/em><\/p>\n<p>&nbsp;<\/p>\n<p style=\"text-align: justify;\">Az \u00faj szezonra val\u00f3 k\u00e9sz\u00fcl\u0151d\u00e9s k\u00f6zepette az el\u0151z\u0151 \u00e9v csapat\u00e1nak j\u00e1t\u00e9kos\u00e1llom\u00e1ny\u00e1nak j\u00f3r\u00e9sz\u00e9t megtartva a klubhoz h\u00edvta a Dorog egykori j\u00e1t\u00e9kos\u00e1t, az akkoriban T\u00f6k\u00f6l\u00f6n edz\u0151k\u00e9nt sikeresen munk\u00e1lkod\u00f3 Miskei Attil\u00e1t, aki n\u00e9h\u00e1ny j\u00e1t\u00e9kos\u00e1t is mag\u00e1val hozta Dorogra. Tov\u00e1bb\u00e1 visszat\u00e9rt az egykori rem\u00e9nyteljes csat\u00e1runk, Vigh \u00c1d\u00e1m is, aki hossz\u00fa \u00e9veket Ausztri\u00e1ban l\u00e9gi\u00f3skodott. A hat\u00e9konys\u00e1g mindenkit meglepett \u00e9s a kor\u00e1bbiakban bukd\u00e1csol\u00f3 \u00e9s az elm\u00falt \u00e9vekben rendre kies\u0151jel\u00f6lt dorogi csapat mintegy var\u00e1zs\u00fct\u00e9sre megt\u00e1ltosodott. Tal\u00e1n m\u00e9g a vezet\u0151s\u00e9g legszebb sz\u00e1m\u00edt\u00e1sait is fel\u00fclm\u00falta az \u0151szi szererpl\u00e9s. A csapat a szezon sor\u00e1n egyetlen egyszer szenvedett veres\u00e9get, azt is a 13. fordul\u00f3ban, a bajnok \u00c9rd elleni minim\u00e1lis 1-0-\u00e1s meccsen. A tavaszi folytat\u00e1sban megism\u00e9telt\u00e9k a nagyszer\u0171 \u0151szi szezont, s szint\u00e9n egyetlen veres\u00e9g mellett &#8211; ugyancsak az \u00e9llovas \u00c9rd ellen vesz\u00edtettek 1-0-ra &#8211; a dobog\u00f3 m\u00e1sodik fok\u00e1ra \u00e1llhattak a bajnoks\u00e1g v\u00e9g\u00e9n. Egyetlen \u00e9v eltelt\u00e9vel ez \u00f3ri\u00e1si el\u0151rel\u00e9p\u00e9snek sz\u00e1m\u00edtott, s nem csak az ez\u00fcst\u00e9rem elnyer\u00e9se jelentette az \u00f6r\u00f6m\u00f6t, de a csapatnak fazonja lett, amely helyenk\u00e9nt l\u00e1tv\u00e1nyos, igazi t\u00e1mad\u00f3 felfog\u00e1s\u00fa focit produk\u00e1lt.<\/p>\n<p><img decoding=\"async\" class=\"alignnone wp-image-35148 size-full\" src=\"https:\/\/dorogimedence.hu\/wp-content\/uploads\/2021\/07\/4.png\" alt=\"\" width=\"777\" height=\"468\" srcset=\"https:\/\/dorogimedence.hu\/wp-content\/uploads\/2021\/07\/4.png 777w, https:\/\/dorogimedence.hu\/wp-content\/uploads\/2021\/07\/4-300x181.png 300w, https:\/\/dorogimedence.hu\/wp-content\/uploads\/2021\/07\/4-768x463.png 768w, https:\/\/dorogimedence.hu\/wp-content\/uploads\/2021\/07\/4-150x90.png 150w, https:\/\/dorogimedence.hu\/wp-content\/uploads\/2021\/07\/4-450x271.png 450w\" sizes=\"(max-width: 777px) 100vw, 777px\" \/><i style=\"font-size: 14px; color: var(--c-contrast-800);\"> <\/i><\/p>\n<div style=\"text-align: center;\"><i style=\"font-size: 14px; color: var(--c-contrast-800);\">Az ez\u00fcst\u00e9rmet nyert g\u00e1rda 2012-ben<\/i><\/div>\n<div style=\"text-align: justify;\">A Dorog imm\u00e1r az NB III egyik meghat\u00e1roz\u00f3 csapat\u00e1v\u00e1 v\u00e1lt \u00e9s innen m\u00e1r nem volt t\u00f6bb\u00e9 visszaes\u00e9s. A k\u00f6vetkez\u0151 \u00e9vadban csak a legjobb 6-k\u00f6z\u00e9 ker\u00fcl\u00e9s volt a c\u00e9lkit\u0171z\u00e9s, ugyanis 2013-t\u00f3l az MLSZ drasztikus l\u00e9tsz\u00e1mcs\u00f6kkent\u00e9st hat\u00e1rozott meg, amely alapj\u00e1n az NB II-ben a hetedik helyt\u0151l lefel\u00e9 minden csapat kiesett az NB III-ba, m\u00edg a harmadik vonalban l\u00e9v\u0151kn\u00e9l a 6. helyt\u0151l lejebb v\u00e9gz\u0151k k\u00e9nyszer\u00fcltek a megyei oszt\u00e1lyba. A csapat tavaszi hajr\u00e1ja viszont olyan f\u00e9nyesere sikeredett, hogy a v\u00e9g\u00e9n bajnokok lettek. A teljes szezont veretlen\u00fcl \u00e9s mind\u00f6ssze k\u00e9t d\u00f6ntetlent j\u00e1tszva hozt\u00e1k. A kiugr\u00f3 siker annyira v\u00e1ratlanul \u00e9rt mindenkit, hogy a tavaszi indul\u00e1skor a klub csak a harmadoszt\u00e1lyhoz sz\u00fcks\u00e9ges licencet k\u00e9rte, \u00edgy hi\u00e1ba lett volna jogosult az NB II-es szerepl\u00e9shez, az MLSZ nem j\u00e1rult hozz\u00e1. Bizonyos fokig tal\u00e1n szerencs\u00e9sebb is, hogy mindez \u00edgy alakult akkor, hiszen a hirtelen j\u00f6tt sikert k\u00f6vet\u0151en nagyon neh\u00e9z lett volna a meglehet\u0151sen er\u0151s m\u00e1sodoszt\u00e1ly\u00fa mez\u0151nyben val\u00f3 helyt\u00e1ll\u00e1s.<br \/>\n<img loading=\"lazy\" decoding=\"async\" class=\"alignnone wp-image-35149 size-full\" src=\"https:\/\/dorogimedence.hu\/wp-content\/uploads\/2021\/07\/5..png\" alt=\"\" width=\"777\" height=\"583\" srcset=\"https:\/\/dorogimedence.hu\/wp-content\/uploads\/2021\/07\/5..png 777w, https:\/\/dorogimedence.hu\/wp-content\/uploads\/2021\/07\/5.-300x225.png 300w, https:\/\/dorogimedence.hu\/wp-content\/uploads\/2021\/07\/5.-768x576.png 768w, https:\/\/dorogimedence.hu\/wp-content\/uploads\/2021\/07\/5.-150x113.png 150w, https:\/\/dorogimedence.hu\/wp-content\/uploads\/2021\/07\/5.-450x338.png 450w\" sizes=\"(max-width: 777px) 100vw, 777px\" \/><i style=\"font-size: 14px; color: var(--c-contrast-800);\"> <\/i><\/div>\n<div><\/div>\n<div style=\"text-align: center;\"><em style=\"font-size: 14px; color: var(--c-contrast-800); text-align: center;\"><span style=\"font-size: 10pt;\"><i style=\"font-size: 14px; color: var(--c-contrast-800);\">A bajnokcsapat 2013-ban<\/i><\/span><\/em><\/div>\n<div style=\"text-align: justify;\">A folytat\u00e1sban \u00edgy is nagyon er\u0151s volt az NB III is, hiszen a mez\u0151nyt az el\u0151z\u0151 \u00e9v \u00e9lcsapatai \u00e9s a NB II-es csapatok alkott\u00e1k. A csapat viszonylag j\u00f3l vette a meger\u0151s\u00f6d\u00f6tt oszt\u00e1lyt, ahol v\u00e9g\u00fcl a k\u00f6z\u00e9pmez\u0151nyben v\u00e9gzett \u00fagy, hogy n\u00e9h\u00e1ny brav\u00fart is bemutatott. Biztosan gy\u0151zte le a bajnok Cs\u00e1kv\u00e1rt, s a dobog\u00f3s Gy\u0151ri ETO II. csapat\u00e1t 5:1 ar\u00e1nyban \u00fct\u00f6tte ki, amelyet a gy\u0151ri visszav\u00e1g\u00f3n is legy\u0151z\u00f6tt. A t\u00e9li szezonban Miskei edz\u0151t Ozor\u00f3czi G\u00e1bor v\u00e1ltotta, az \u00e9vad v\u00e9g\u00e9n pedig N\u00e9meth Szabolcsot szerz\u0151dtett\u00e9k. Vele m\u00e1r egy\u00e9rtelm\u0171en a m\u00e1sodoszt\u00e1lyra val\u00f3 el\u0151k\u00e9sz\u00edt\u00e9st c\u00e9lozt\u00e1k meg.<\/div>\n<div style=\"text-align: center;\"><img loading=\"lazy\" decoding=\"async\" class=\"alignnone wp-image-35150 size-full\" src=\"https:\/\/dorogimedence.hu\/wp-content\/uploads\/2021\/07\/6..png\" alt=\"\" width=\"777\" height=\"583\" srcset=\"https:\/\/dorogimedence.hu\/wp-content\/uploads\/2021\/07\/6..png 777w, https:\/\/dorogimedence.hu\/wp-content\/uploads\/2021\/07\/6.-300x225.png 300w, https:\/\/dorogimedence.hu\/wp-content\/uploads\/2021\/07\/6.-768x576.png 768w, https:\/\/dorogimedence.hu\/wp-content\/uploads\/2021\/07\/6.-150x113.png 150w, https:\/\/dorogimedence.hu\/wp-content\/uploads\/2021\/07\/6.-450x338.png 450w\" sizes=\"(max-width: 777px) 100vw, 777px\" \/><span style=\"font-size: 10pt;\"><i style=\"font-size: 14px; color: var(--c-contrast-800);\">Lel\u00e1t\u00f3k\u00e9p 2014-ben<\/i><\/span><\/div>\n<p style=\"text-align: justify;\">A Dorog minden bizonnyal fel is jutott volna az NB II-be, hiszen magabiztosan szerepelve \u0151szi bajnokk\u00e9nt z\u00e1rt. Azonban egy sajn\u00e1latos eset miatt a teljes addigi eredm\u00e9nyek k\u00e1rba mentek. T\u00f6rt\u00e9nt, hogy h\u00e1rom j\u00e1t\u00e9kosunk nem tudott munkahelyi elfoglalts\u00e1gai miatt a k\u00f6zponti sportorvosi vizsg\u00e1laton megjelenni, helyette egy\u00e9nileg int\u00e9zt\u00e9k az igazol\u00e1st. Noha m\u00e9g az MLSZ r\u00e9sz\u00e9r\u0151l sem vet\u0151d\u00f6tt fel szab\u00e1lys\u00e9rt\u00e9s, id\u0151vel m\u00e9gis \u00e9rv\u00e9nytelennek tartott\u00e1k ezen igazol\u00e1sokat. Rejt\u00e9lyes k\u00f6r\u00fclm\u00e9nyek k\u00f6z\u00f6tt, az akkori egyik legnagyobb ellenl\u00e1bas, az \u00dajbuda \u00e9rtes\u00fcl\u00e9st szerzett arr\u00f3l, hogy Dorogon nincs minden j\u00e1t\u00e9kos eset\u00e9ben rendben az igazol\u00e1s. Viszont csak az ellen\u00fcnk elszenvedett s\u00falyos, 4:1 ar\u00e1ny\u00fa veres\u00e9g\u00fcket k\u00f6vet\u0151en \u00f3vtak a Sz\u00f6vets\u00e9gn\u00e9l, amelyet helybenhagytak \u00e9s 3-0-\u00e1s g\u00f3lk\u00fcl\u00f6nbs\u00e9ggel a f\u0151v\u00e1rosi csapat jav\u00e1ra adt\u00e1k meg mindh\u00e1rom bajnoki pontot. Az \u00f3v\u00e1s egy hatalmas lavin\u00e1t ind\u00edtott, amely v\u00e9g\u00e9n \u00f6sszesen 25 pontot vontak le a dorogiakt\u00f3l. Tavasszal \u00edgy is remek\u00fcl szerepelt a csapat, amely a 8. helyre futott be v\u00e9g\u00fcl.<\/p>\n<p style=\"text-align: center;\"><img loading=\"lazy\" decoding=\"async\" class=\"alignnone wp-image-35151 size-full\" src=\"https:\/\/dorogimedence.hu\/wp-content\/uploads\/2021\/07\/8..png\" alt=\"\" width=\"777\" height=\"492\" srcset=\"https:\/\/dorogimedence.hu\/wp-content\/uploads\/2021\/07\/8..png 777w, https:\/\/dorogimedence.hu\/wp-content\/uploads\/2021\/07\/8.-300x190.png 300w, https:\/\/dorogimedence.hu\/wp-content\/uploads\/2021\/07\/8.-768x486.png 768w, https:\/\/dorogimedence.hu\/wp-content\/uploads\/2021\/07\/8.-150x95.png 150w, https:\/\/dorogimedence.hu\/wp-content\/uploads\/2021\/07\/8.-450x285.png 450w\" sizes=\"(max-width: 777px) 100vw, 777px\" \/><em><span style=\"font-size: 10pt;\"><i style=\"font-size: 14px; color: var(--c-contrast-800);\">Csapatunk a 2014-15-\u00f6s \u00e9vadban<\/i><\/span><\/em><\/p>\n<p style=\"text-align: justify;\">Az \u00faj \u00e9vadban egy\u00e9rtelm\u0171en a feljut\u00e1s volt a c\u00e9l, amelyet biztosan teljes\u00edtett a g\u00e1rda, amely 14 \u00e9v eltelte ut\u00e1n \u00fajra m\u00e1sodoszt\u00e1ly\u00fa lett, egyben a Sz\u00f6vets\u00e9g el\u0151\u00edr\u00e1sainak megfelel\u0151en a t\u00f6bb, mint m\u00e1sf\u00e9l \u00e9vtizednyi id\u0151n kereszt\u00fcl amat\u00f6r alapokra helyezett dorogi klub imm\u00e1r profi egyes\u00fclett\u00e9 v\u00e1lt. 2016 nyar\u00e1t\u00f3l napjainkig tart az NB II-es tags\u00e1g \u00e9s rem\u00e9lhet\u0151en az elk\u00f6vetkez\u0151 \u00e9vtizedben is tov\u00e1bbi sikerek fogj\u00e1k k\u00eds\u00e9rni a klub m\u0171k\u00f6d\u00e9s\u00e9t \u00e9s a csapat szerepl\u00e9s\u00e9t. Tekintve, hogy az NB II-es feljut\u00e1snak mini jubileuma van, \u00edgy egy k\u00fcl\u00f6n cikket szentel\u00fcnk ennek is a tov\u00e1bbi r\u00e9szletekkel.<\/p>\n<div><span style=\"text-decoration: underline;\"><em><strong>Az elm\u00falt kerek 10 \u00e9v statiszitk\u00e1ja<\/strong><\/em><\/span><\/div>\n<div style=\"text-align: justify;\">A dorogi csapat az elm\u00falt t\u00edz \u00e9v sor\u00e1n 324 bajnoki m\u00e9rk\u0151z\u00e9sen szerepelt, ahol 141 alkalommal gy\u0151ztesen hagyta el a p\u00e1ly\u00e1t, 85 d\u00f6ntetlent j\u00e1tszott \u00e9s 98 esetben szenvedett veres\u00e9get. 442 dorogi g\u00f3l mellett 336 g\u00f3lt kaptak. A t\u00edz \u00e9v els\u0151 \u00f6t \u00e9ve az NB III-ban, az azt k\u00f6vet\u0151en eltelt \u00f6t esztend\u0151t pedig az NB II-ben t\u00f6lt\u00f6tte. A harmadik vonalban h\u00e1rom alkalommal is a dobog\u00f3n v\u00e9geztek, s \u00e9rdekes, hogy k\u00f6z\u00fcl\u00fck \u00e9ppen a bajnoki bronz \u00e9rt aranyat.<\/div>\n<div style=\"text-align: justify;\">Az elm\u00falt egy \u00e9vtized a Magyar Kup\u00e1ban is sz\u00e9p eredm\u00e9nyeket hozott. 2015-ben \u00e9s 2021-ben a legjobb 16-k\u00f6z\u00e9 jut\u00e1s\u00e9rt, 2017-ben \u00e9s 2018-ban nyolcadd\u00f6nt\u0151t\u00a0j\u00e1tszottak,\u00a0m\u00edg 2020-ban a negyedd\u00f6nt\u0151ig jutottak.<\/div>\n<div style=\"text-align: justify;\">K\u00fcl\u00f6nb\u00f6z\u0151 bar\u00e1ts\u00e1gos \u00e9s el\u0151k\u00e9sz\u00fcleti m\u00e9rk\u0151z\u00e9sek sor\u00e1n sz\u00e1mos nemzetk\u00f6zi tal\u00e1lkoz\u00f3n is r\u00e9sztvettek, k\u00f6zt\u00fck t\u00f6bb neves csapat ellen. Legkiemelked\u0151bb eredm\u00e9nyk\u00e9nt egyar\u00e1nt 2-1-re gy\u0151zt\u00e9k le az Inter Bratislava \u00e9s az Egyes\u00fclt Arab Em\u00edrs\u00e9gb\u0151l val\u00f3 Shabab Al-Ahli Dubai FC csapat\u00e1t \u00e9s az utols\u00f3 percben bekapott g\u00f3lt k\u00f6vet\u0151en 1-1-es d\u00f6ntetlent \u00e9rtek el az izraeli Makkabi Petah Tikva ellen\u00e9ben.<\/div>\n<div style=\"text-align: justify;\">A t\u00edz \u00e9v sor\u00e1n hat vezet\u0151 edz\u0151 \u00e1llt a csapat \u00e9l\u00e9n, id\u0151rendben: Miskei Attila (2011 \u0151szi szezon &#8211; 2013 \u0151szi szezon), Ozor\u00f3czi G\u00e1bor (2014 tavaszi szezon), N\u00e9meth Szabolcs (2014 \u0151szi szezon &#8211; 2017 tavaszi szezon), Schindler Szabolcs (2017-2018-as teljes \u00e9vad), Miskei Attila (2018 \u0151szi szezon &#8211; 2019 tavaszi szezon 6. fordul\u00f3ig), Balogh P\u00e1l (2019 tavaszi szezon tov\u00e1bbi 13 fordul\u00f3), N\u00e9meth Szabolcs (2019 \u0151sz &#8211; 2020 \u0151szi szezon 15. fordul\u00f3ig), Fenyvesi L\u00e1szl\u00f3 (2020. \u0151szi szezon 16. fordul\u00f3t\u00f3l napjainkig).<\/div>\n<div style=\"text-align: justify;\">Az elm\u00falt 10 \u00e9v sor\u00e1n a Dorogi FC eln\u00f6ks\u00e9ge &#8211; Mayer L\u00e1szl\u00f3, Dr. Bartalos J\u00f3zsef,\u00a0 Dr. P\u00e1k P\u00e9ter, Sitku P\u00e1l, Krecskovszky Ferenc &#8211; v\u00e1ltozatlan \u00f6sszet\u00e9telben munk\u00e1lkodik. Egyetlen szem\u00e9lyi csere a volt eln\u00f6k, Kara D\u00e1niel 2012-ben t\u00f6rt\u00e9n\u0151 nyugd\u00edjba vonul\u00e1s\u00e1t\u00f3l Mayer L\u00e1szl\u00f3 aleln\u00f6ki posztot k\u00f6vet\u0151en eln\u00f6kk\u00e9nt \u00e1ll a klub \u00e9l\u00e9n. Mayer L\u00e1szl\u00f3 a dorogi labdar\u00fag\u00e1s\u00e9rt kifejtett er\u0151fesz\u00edt\u00e9seinke \u00e9s remek eredm\u00e9nyeinek elismer\u00e9sek\u00e9nt Pro Urbe d\u00edjjal lett kit\u00fcntetve 2019-ben. A szakmai st\u00e1b is \u00e9vek \u00f3ta stabil \u00f6sszet\u00e9tel\u0171, amelyben T\u00f3th L\u00e1szl\u00f3 technikai vezet\u0151 2012 \u00f3ta t\u00f6lti be tiszts\u00e9g\u00e9t, aki a 2012 nyar\u00e1n nyugd\u00edjba vonult Kiss L\u00e1szl\u00f3t\u00f3l vette \u00e1t a posztot, m\u00edg Harmat J\u00f3zsef gy\u00far\u00f3 \u00e9s massz\u0151r mind az elm\u00falt teljes \u00e9vtized sor\u00e1n folyamatosan szolg\u00e1lta a csapatot.<\/div>\n<div style=\"text-align: justify;\">A 10 \u00e9vvel ezel\u0151tti j\u00e1t\u00e9kos\u00e1llom\u00e1nyb\u00f3l Vigh \u00c1d\u00e1m m\u00e9g jelenleg is tagja a csapatunknak. A dorogi klub jelenleg az orsz\u00e1g legsikeresebb egyes\u00fcleteinek rangsor\u00e1nak 26. hely\u00e9n \u00e1ll.<\/div>\n<div><img loading=\"lazy\" decoding=\"async\" class=\"alignnone wp-image-35152 size-full\" src=\"https:\/\/dorogimedence.hu\/wp-content\/uploads\/2021\/07\/9..png\" alt=\"\" width=\"777\" height=\"518\" srcset=\"https:\/\/dorogimedence.hu\/wp-content\/uploads\/2021\/07\/9..png 777w, https:\/\/dorogimedence.hu\/wp-content\/uploads\/2021\/07\/9.-300x200.png 300w, https:\/\/dorogimedence.hu\/wp-content\/uploads\/2021\/07\/9.-768x512.png 768w, https:\/\/dorogimedence.hu\/wp-content\/uploads\/2021\/07\/9.-150x100.png 150w, https:\/\/dorogimedence.hu\/wp-content\/uploads\/2021\/07\/9.-450x300.png 450w, https:\/\/dorogimedence.hu\/wp-content\/uploads\/2021\/07\/9.-272x182.png 272w\" sizes=\"(max-width: 777px) 100vw, 777px\" \/><\/div>\n<div>\n<div style=\"text-align: center;\"><i><span style=\"font-size: 10pt;\"><i style=\"font-size: 14px; color: var(--c-contrast-800);\">Az eredeti sz\u00e9ps\u00e9g\u00e9ben fel\u00faj\u00edtott D\u00e9li kapu<\/i><\/span><\/i><\/div>\n<\/div>\n<div style=\"text-align: justify;\">Az \u00e9vtized idej\u00e9re esett a dorogi klub centen\u00e1riuma, amelyet m\u00e9lt\u00f3 \u00e9s eml\u00e9kezetes keretek k\u00f6z\u00f6tt siker\u00fclt megrendezni, tov\u00e1bb\u00e1 n\u00e9gy jelent\u0151sebb p\u00e1lyafel\u00faj\u00edt\u00e1s. Mindj\u00e1rt 2011 nyar\u00e1n a j\u00e1t\u00e9kt\u00e9r teljes f\u0171cser\u00e9je t\u00f6rt\u00e9nt, majd 2014-ben k\u00e9t elektromos eredm\u00e9nyjelz\u0151 \u00e9s \u00f3ra, a D\u00e9li kapu meg\u00fajul\u00e1sa, tataroz\u00e1sa, tov\u00e1bb\u00e1 a Monostori Tivadar Ut\u00e1np\u00f3tl\u00e1s Nevel\u0151 K\u00f6zpont avat\u00e1sa, azt k\u00f6vet\u0151en pedig 2016-ban a Nyugati kapu kialak\u00edt\u00e1sa \u00e9s a lel\u00e1t\u00f3kon \u00fcl\u0151k\u00e9k felszerel\u00e9se, valamint a jelenleg is zajl\u00f3 nagyszab\u00e1s\u00fa stadion-rekonstrukci\u00f3s munk\u00e1latok, amely sor\u00e1n t\u00f6bbek k\u00f6z\u00f6tt vil\u00e1g\u00edt\u00e1ssal, f\u0171thet\u0151, vadonat\u00faj gyepsz\u0151nyeggel \u00e9s egy nagym\u00e9ret\u0171 elektromos kivet\u00edt\u0151vel is gazdagodik a Buz\u00e1nszky stadion.<\/div>\n<div>\n<div><img loading=\"lazy\" decoding=\"async\" class=\"alignnone wp-image-35153 size-full\" src=\"https:\/\/dorogimedence.hu\/wp-content\/uploads\/2021\/07\/10..png\" alt=\"\" width=\"777\" height=\"441\" srcset=\"https:\/\/dorogimedence.hu\/wp-content\/uploads\/2021\/07\/10..png 777w, https:\/\/dorogimedence.hu\/wp-content\/uploads\/2021\/07\/10.-300x170.png 300w, https:\/\/dorogimedence.hu\/wp-content\/uploads\/2021\/07\/10.-768x436.png 768w, https:\/\/dorogimedence.hu\/wp-content\/uploads\/2021\/07\/10.-150x85.png 150w, https:\/\/dorogimedence.hu\/wp-content\/uploads\/2021\/07\/10.-450x255.png 450w\" sizes=\"(max-width: 777px) 100vw, 777px\" \/><\/div>\n<\/div>\n<div>\n<div style=\"text-align: center;\"><i><span style=\"font-size: 10pt;\"><i style=\"font-size: 14px; color: var(--c-contrast-800);\">A Halad\u00e1s elleni kupameccs \u00e9s az \u00faj digit\u00e1lis eredm\u00e9nyjelz\u0151 2014-ben<\/i><\/span><\/i><\/div>\n<\/div>\n<div>\n<div style=\"text-align: justify;\">Az id\u0151szak tov\u00e1bbi \u00f6r\u00f6mteli, egyben kiemelked\u0151 esem\u00e9nyei k\u00f6z\u00e9 tartozik a n\u0151i labdar\u00fag\u00f3 csapat sikerei, amely sor\u00e1n NB II-es bajnoki c\u00edmet nyertek, m\u00e9gpedig 100%-os teljes\u00edtm\u00e9nnyel, tov\u00e1bb\u00e1 sikeresen feljutottak az NB I-be is \u00fagy, hogy az oszt\u00e1lyoz\u00f3t oda-vissza nyert\u00e9k, cs\u00facsk\u00e9nt pedig bajnoki bronz\u00e9rmet nyertek az els\u0151 oszt\u00e1lyban. Ezenfel\u00fcl negyedd\u00f6nt\u0151s j\u00e1tszottak a Magyar Kup\u00e1ban \u00e9s h\u00e1rom dorogi l\u00e1ny is a magyar n\u0151i v\u00e1logatottban szerepelt. Szint\u00e9n eredm\u00e9nyes az ut\u00e1np\u00f3tl\u00e1s nevel\u00e9s. A versenyeztet\u00e9s sor\u00e1n remekelnek a k\u00fcl\u00f6nb\u00f6z\u0151 koroszt\u00e1lyos dorogi csapatok, k\u00f6zt\u00fck az U-19-es koroszt\u00e1ly \u00e9ppen id\u00e9n lett toronymagasan bajnok \u00fagy, hogy egyetlen d\u00f6ntetlent j\u00e1tszott csak, t\u00f6bbi m\u00e9rk\u0151z\u00e9s\u00e9t mind megnyerte. Az egyes\u00fclet 2018-ban a Magyar Labdar\u00fag\u00f3 Sz\u00f6vets\u00e9gt\u0151l Bozsik Ut\u00e1np\u00f3tl\u00e1s K\u00f6zpont st\u00e1tuszt kapott.<\/div>\n<\/div>\n<div><em>Bor\u00edt\u00f3k\u00e9p: Dorogi szurkol\u00f3k idegenben, az \u00c9rd elleni meccsen 2012-ben<\/em><\/div>\n<div><em><strong>Szab\u00f3 Gyula<\/strong><\/em><\/div>\n","protected":false},"excerpt":{"rendered":"<p>Pontosan t\u00edz \u00e9ve annak, hogy a dorogi labdar\u00fag\u00e1s hosszabb vaj\u00fad\u00e1s \u00e9s veget\u00e1l\u00e1s ut\u00e1n \u00fajra elindul felfel\u00e9. 2011 nyar\u00e1n a megyei oszt\u00e1ly k\u00fcsz\u00f6b\u00e9r\u0151l indulva az elm\u00falt \u00e9vtized megint a sikerekr\u0151l sz\u00f3lt, amely sor\u00e1n az NB II-ig k\u00fczd\u00f6tte mag\u00e1t a csapat, ahol pedig biztosan meg is kapaszkodott \u00e9s imm\u00e1r hat \u00e9ve egy\u00e9rtelm\u0171en jelent\u0151s helyet foglal el az<\/p>\n","protected":false},"author":4,"featured_media":35154,"comment_status":"closed","ping_status":"closed","sticky":false,"template":"","format":"standard","meta":{"ngg_post_thumbnail":0,"footnotes":""},"categories":[2,3,6031,5],"tags":[15,37,70,69,72,16],"class_list":{"0":"post-35143","1":"post","2":"type-post","3":"status-publish","4":"format-standard","5":"has-post-thumbnail","7":"category-dorog","8":"category-hirek","9":"category-kerek-evfordulok","10":"category-sport","11":"tag-dorog","12":"tag-dorogi-fc","13":"tag-foci","14":"tag-futball","15":"tag-labdarugas","16":"tag-sport"},"yoast_head":"<!-- This site is optimized with the Yoast SEO plugin v27.5 - https:\/\/yoast.com\/product\/yoast-seo-wordpress\/ -->\n<title>A Dorogi FC kerek egy \u00e9vtizede \u00fajra a felemelked\u00e9s \u00fatj\u00e1n<\/title>\n<meta name=\"robots\" content=\"index, follow, max-snippet:-1, max-image-preview:large, max-video-preview:-1\" \/>\n<link rel=\"canonical\" href=\"https:\/\/dorogimedence.hu\/index.php\/2021\/07\/27\/a-dorogi-fc-kerek-egy-evtizede-ujra-a-felemelkedes-utjan\/\" class=\"yoast-seo-meta-tag\" \/>\n<meta property=\"og:locale\" content=\"hu_HU\" class=\"yoast-seo-meta-tag\" \/>\n<meta property=\"og:type\" content=\"article\" class=\"yoast-seo-meta-tag\" \/>\n<meta property=\"og:title\" content=\"A Dorogi FC kerek egy \u00e9vtizede \u00fajra a felemelked\u00e9s \u00fatj\u00e1n\" class=\"yoast-seo-meta-tag\" \/>\n<meta property=\"og:description\" content=\"Pontosan t\u00edz \u00e9ve annak, hogy a dorogi labdar\u00fag\u00e1s hosszabb vaj\u00fad\u00e1s \u00e9s veget\u00e1l\u00e1s ut\u00e1n \u00fajra elindul felfel\u00e9. 2011 nyar\u00e1n a megyei oszt\u00e1ly k\u00fcsz\u00f6b\u00e9r\u0151l indulva az elm\u00falt \u00e9vtized megint a sikerekr\u0151l sz\u00f3lt, amely sor\u00e1n az NB II-ig k\u00fczd\u00f6tte mag\u00e1t a csapat, ahol pedig biztosan meg is kapaszkodott \u00e9s imm\u00e1r hat \u00e9ve egy\u00e9rtelm\u0171en jelent\u0151s helyet foglal el az\" class=\"yoast-seo-meta-tag\" \/>\n<meta property=\"og:url\" content=\"https:\/\/dorogimedence.hu\/index.php\/2021\/07\/27\/a-dorogi-fc-kerek-egy-evtizede-ujra-a-felemelkedes-utjan\/\" class=\"yoast-seo-meta-tag\" \/>\n<meta property=\"og:site_name\" content=\"Dorogi-medence Region\u00e1lis H\u00edrport\u00e1l\" class=\"yoast-seo-meta-tag\" \/>\n<meta property=\"article:publisher\" content=\"https:\/\/www.facebook.com\/dorogimedence\/\" class=\"yoast-seo-meta-tag\" \/>\n<meta property=\"article:published_time\" content=\"2021-07-27T06:51:46+00:00\" class=\"yoast-seo-meta-tag\" \/>\n<meta property=\"article:modified_time\" content=\"2021-10-18T03:24:14+00:00\" class=\"yoast-seo-meta-tag\" \/>\n<meta property=\"og:image\" content=\"https:\/\/i0.wp.com\/dorogimedence.hu\/wp-content\/uploads\/2021\/07\/bor.png?fit=960%2C720&ssl=1\" class=\"yoast-seo-meta-tag\" \/>\n\t<meta property=\"og:image:width\" content=\"960\" class=\"yoast-seo-meta-tag\" \/>\n\t<meta property=\"og:image:height\" content=\"720\" class=\"yoast-seo-meta-tag\" \/>\n\t<meta property=\"og:image:type\" content=\"image\/png\" class=\"yoast-seo-meta-tag\" \/>\n<meta name=\"author\" content=\"Szab\u00f3 Gyula\" class=\"yoast-seo-meta-tag\" \/>\n<meta name=\"twitter:card\" content=\"summary_large_image\" class=\"yoast-seo-meta-tag\" \/>\n<meta name=\"twitter:label1\" content=\"Szerz\u0151:\" class=\"yoast-seo-meta-tag\" \/>\n\t<meta name=\"twitter:data1\" content=\"Szab\u00f3 Gyula\" class=\"yoast-seo-meta-tag\" \/>\n\t<meta name=\"twitter:label2\" content=\"Becs\u00fclt olvas\u00e1si id\u0151\" class=\"yoast-seo-meta-tag\" \/>\n\t<meta name=\"twitter:data2\" content=\"13 perc\" class=\"yoast-seo-meta-tag\" \/>\n<script type=\"application\/ld+json\" class=\"yoast-schema-graph\">{\"@context\":\"https:\\\/\\\/schema.org\",\"@graph\":[{\"@type\":\"Article\",\"@id\":\"https:\\\/\\\/dorogimedence.hu\\\/index.php\\\/2021\\\/07\\\/27\\\/a-dorogi-fc-kerek-egy-evtizede-ujra-a-felemelkedes-utjan\\\/#article\",\"isPartOf\":{\"@id\":\"https:\\\/\\\/dorogimedence.hu\\\/index.php\\\/2021\\\/07\\\/27\\\/a-dorogi-fc-kerek-egy-evtizede-ujra-a-felemelkedes-utjan\\\/\"},\"author\":{\"name\":\"Szab\u00f3 Gyula\",\"@id\":\"https:\\\/\\\/dorogimedence.hu\\\/#\\\/schema\\\/person\\\/76605e8151ec1b7376385cd184ede973\"},\"headline\":\"A Dorogi FC kerek egy \u00e9vtizede \u00fajra a felemelked\u00e9s \u00fatj\u00e1n\",\"datePublished\":\"2021-07-27T06:51:46+00:00\",\"dateModified\":\"2021-10-18T03:24:14+00:00\",\"mainEntityOfPage\":{\"@id\":\"https:\\\/\\\/dorogimedence.hu\\\/index.php\\\/2021\\\/07\\\/27\\\/a-dorogi-fc-kerek-egy-evtizede-ujra-a-felemelkedes-utjan\\\/\"},\"wordCount\":2618,\"publisher\":{\"@id\":\"https:\\\/\\\/dorogimedence.hu\\\/#organization\"},\"image\":{\"@id\":\"https:\\\/\\\/dorogimedence.hu\\\/index.php\\\/2021\\\/07\\\/27\\\/a-dorogi-fc-kerek-egy-evtizede-ujra-a-felemelkedes-utjan\\\/#primaryimage\"},\"thumbnailUrl\":\"https:\\\/\\\/dorogimedence.hu\\\/wp-content\\\/uploads\\\/2021\\\/07\\\/bor.png\",\"keywords\":[\"Dorog\",\"Dorogi FC\",\"foci\",\"futball\",\"labdar\u00fag\u00e1s\",\"sport\"],\"articleSection\":[\"Dorog\",\"H\u00edrek\",\"Kerek \u00e9vfordul\u00f3k\",\"Sport\"],\"inLanguage\":\"hu\"},{\"@type\":\"WebPage\",\"@id\":\"https:\\\/\\\/dorogimedence.hu\\\/index.php\\\/2021\\\/07\\\/27\\\/a-dorogi-fc-kerek-egy-evtizede-ujra-a-felemelkedes-utjan\\\/\",\"url\":\"https:\\\/\\\/dorogimedence.hu\\\/index.php\\\/2021\\\/07\\\/27\\\/a-dorogi-fc-kerek-egy-evtizede-ujra-a-felemelkedes-utjan\\\/\",\"name\":\"A Dorogi FC kerek egy \u00e9vtizede \u00fajra a felemelked\u00e9s \u00fatj\u00e1n\",\"isPartOf\":{\"@id\":\"https:\\\/\\\/dorogimedence.hu\\\/#website\"},\"primaryImageOfPage\":{\"@id\":\"https:\\\/\\\/dorogimedence.hu\\\/index.php\\\/2021\\\/07\\\/27\\\/a-dorogi-fc-kerek-egy-evtizede-ujra-a-felemelkedes-utjan\\\/#primaryimage\"},\"image\":{\"@id\":\"https:\\\/\\\/dorogimedence.hu\\\/index.php\\\/2021\\\/07\\\/27\\\/a-dorogi-fc-kerek-egy-evtizede-ujra-a-felemelkedes-utjan\\\/#primaryimage\"},\"thumbnailUrl\":\"https:\\\/\\\/dorogimedence.hu\\\/wp-content\\\/uploads\\\/2021\\\/07\\\/bor.png\",\"datePublished\":\"2021-07-27T06:51:46+00:00\",\"dateModified\":\"2021-10-18T03:24:14+00:00\",\"breadcrumb\":{\"@id\":\"https:\\\/\\\/dorogimedence.hu\\\/index.php\\\/2021\\\/07\\\/27\\\/a-dorogi-fc-kerek-egy-evtizede-ujra-a-felemelkedes-utjan\\\/#breadcrumb\"},\"inLanguage\":\"hu\",\"potentialAction\":[{\"@type\":\"ReadAction\",\"target\":[\"https:\\\/\\\/dorogimedence.hu\\\/index.php\\\/2021\\\/07\\\/27\\\/a-dorogi-fc-kerek-egy-evtizede-ujra-a-felemelkedes-utjan\\\/\"]}]},{\"@type\":\"ImageObject\",\"inLanguage\":\"hu\",\"@id\":\"https:\\\/\\\/dorogimedence.hu\\\/index.php\\\/2021\\\/07\\\/27\\\/a-dorogi-fc-kerek-egy-evtizede-ujra-a-felemelkedes-utjan\\\/#primaryimage\",\"url\":\"https:\\\/\\\/dorogimedence.hu\\\/wp-content\\\/uploads\\\/2021\\\/07\\\/bor.png\",\"contentUrl\":\"https:\\\/\\\/dorogimedence.hu\\\/wp-content\\\/uploads\\\/2021\\\/07\\\/bor.png\",\"width\":960,\"height\":720},{\"@type\":\"BreadcrumbList\",\"@id\":\"https:\\\/\\\/dorogimedence.hu\\\/index.php\\\/2021\\\/07\\\/27\\\/a-dorogi-fc-kerek-egy-evtizede-ujra-a-felemelkedes-utjan\\\/#breadcrumb\",\"itemListElement\":[{\"@type\":\"ListItem\",\"position\":1,\"name\":\"Kezd\u0151lap\",\"item\":\"https:\\\/\\\/dorogimedence.hu\\\/\"},{\"@type\":\"ListItem\",\"position\":2,\"name\":\"A Dorogi FC kerek egy \u00e9vtizede \u00fajra a felemelked\u00e9s \u00fatj\u00e1n\"}]},{\"@type\":\"WebSite\",\"@id\":\"https:\\\/\\\/dorogimedence.hu\\\/#website\",\"url\":\"https:\\\/\\\/dorogimedence.hu\\\/\",\"name\":\"Dorogi-medence Region\u00e1lis H\u00edrport\u00e1l\",\"description\":\"Dorog, Keszt\u00f6lc, Le\u00e1nyv\u00e1r, Piliscs\u00e9v, Tokod, Tokodalt\u00e1r\u00f3, Csolnok, Esztergom-kertv\u00e1ros: h\u00edrek, programok\",\"publisher\":{\"@id\":\"https:\\\/\\\/dorogimedence.hu\\\/#organization\"},\"potentialAction\":[{\"@type\":\"SearchAction\",\"target\":{\"@type\":\"EntryPoint\",\"urlTemplate\":\"https:\\\/\\\/dorogimedence.hu\\\/?s={search_term_string}\"},\"query-input\":{\"@type\":\"PropertyValueSpecification\",\"valueRequired\":true,\"valueName\":\"search_term_string\"}}],\"inLanguage\":\"hu\"},{\"@type\":\"Organization\",\"@id\":\"https:\\\/\\\/dorogimedence.hu\\\/#organization\",\"name\":\"Dorogi-medence Region\u00e1lis H\u00edrport\u00e1l\",\"url\":\"https:\\\/\\\/dorogimedence.hu\\\/\",\"logo\":{\"@type\":\"ImageObject\",\"inLanguage\":\"hu\",\"@id\":\"https:\\\/\\\/dorogimedence.hu\\\/#\\\/schema\\\/logo\\\/image\\\/\",\"url\":\"https:\\\/\\\/dorogimedence.hu\\\/wp-content\\\/uploads\\\/2021\\\/04\\\/logo-feher-600.png\",\"contentUrl\":\"https:\\\/\\\/dorogimedence.hu\\\/wp-content\\\/uploads\\\/2021\\\/04\\\/logo-feher-600.png\",\"width\":600,\"height\":100,\"caption\":\"Dorogi-medence Region\u00e1lis H\u00edrport\u00e1l\"},\"image\":{\"@id\":\"https:\\\/\\\/dorogimedence.hu\\\/#\\\/schema\\\/logo\\\/image\\\/\"},\"sameAs\":[\"https:\\\/\\\/www.facebook.com\\\/dorogimedence\\\/\"]},{\"@type\":\"Person\",\"@id\":\"https:\\\/\\\/dorogimedence.hu\\\/#\\\/schema\\\/person\\\/76605e8151ec1b7376385cd184ede973\",\"name\":\"Szab\u00f3 Gyula\",\"image\":{\"@type\":\"ImageObject\",\"inLanguage\":\"hu\",\"@id\":\"\\\/\\\/www.gravatar.com\\\/avatar\\\/3e44b6fb2ef9bcea3639958cc2a587cb?s=96&#038;r=g&#038;d=mm\",\"url\":\"\\\/\\\/www.gravatar.com\\\/avatar\\\/3e44b6fb2ef9bcea3639958cc2a587cb?s=96&#038;r=g&#038;d=mm\",\"contentUrl\":\"\\\/\\\/www.gravatar.com\\\/avatar\\\/3e44b6fb2ef9bcea3639958cc2a587cb?s=96&#038;r=g&#038;d=mm\",\"caption\":\"Szab\u00f3 Gyula\"}}]}<\/script>\n<!-- \/ Yoast SEO plugin. -->","yoast_head_json":{"title":"A Dorogi FC kerek egy \u00e9vtizede \u00fajra a felemelked\u00e9s \u00fatj\u00e1n","robots":{"index":"index","follow":"follow","max-snippet":"max-snippet:-1","max-image-preview":"max-image-preview:large","max-video-preview":"max-video-preview:-1"},"canonical":"https:\/\/dorogimedence.hu\/index.php\/2021\/07\/27\/a-dorogi-fc-kerek-egy-evtizede-ujra-a-felemelkedes-utjan\/","og_locale":"hu_HU","og_type":"article","og_title":"A Dorogi FC kerek egy \u00e9vtizede \u00fajra a felemelked\u00e9s \u00fatj\u00e1n","og_description":"Pontosan t\u00edz \u00e9ve annak, hogy a dorogi labdar\u00fag\u00e1s hosszabb vaj\u00fad\u00e1s \u00e9s veget\u00e1l\u00e1s ut\u00e1n \u00fajra elindul felfel\u00e9. 2011 nyar\u00e1n a megyei oszt\u00e1ly k\u00fcsz\u00f6b\u00e9r\u0151l indulva az elm\u00falt \u00e9vtized megint a sikerekr\u0151l sz\u00f3lt, amely sor\u00e1n az NB II-ig k\u00fczd\u00f6tte mag\u00e1t a csapat, ahol pedig biztosan meg is kapaszkodott \u00e9s imm\u00e1r hat \u00e9ve egy\u00e9rtelm\u0171en jelent\u0151s helyet foglal el az","og_url":"https:\/\/dorogimedence.hu\/index.php\/2021\/07\/27\/a-dorogi-fc-kerek-egy-evtizede-ujra-a-felemelkedes-utjan\/","og_site_name":"Dorogi-medence Region\u00e1lis H\u00edrport\u00e1l","article_publisher":"https:\/\/www.facebook.com\/dorogimedence\/","article_published_time":"2021-07-27T06:51:46+00:00","article_modified_time":"2021-10-18T03:24:14+00:00","og_image":[{"width":960,"height":720,"url":"https:\/\/i0.wp.com\/dorogimedence.hu\/wp-content\/uploads\/2021\/07\/bor.png?fit=960%2C720&ssl=1","type":"image\/png"}],"author":"Szab\u00f3 Gyula","twitter_card":"summary_large_image","twitter_misc":{"Szerz\u0151:":"Szab\u00f3 Gyula","Becs\u00fclt olvas\u00e1si id\u0151":"13 perc"},"schema":{"@context":"https:\/\/schema.org","@graph":[{"@type":"Article","@id":"https:\/\/dorogimedence.hu\/index.php\/2021\/07\/27\/a-dorogi-fc-kerek-egy-evtizede-ujra-a-felemelkedes-utjan\/#article","isPartOf":{"@id":"https:\/\/dorogimedence.hu\/index.php\/2021\/07\/27\/a-dorogi-fc-kerek-egy-evtizede-ujra-a-felemelkedes-utjan\/"},"author":{"name":"Szab\u00f3 Gyula","@id":"https:\/\/dorogimedence.hu\/#\/schema\/person\/76605e8151ec1b7376385cd184ede973"},"headline":"A Dorogi FC kerek egy \u00e9vtizede \u00fajra a felemelked\u00e9s \u00fatj\u00e1n","datePublished":"2021-07-27T06:51:46+00:00","dateModified":"2021-10-18T03:24:14+00:00","mainEntityOfPage":{"@id":"https:\/\/dorogimedence.hu\/index.php\/2021\/07\/27\/a-dorogi-fc-kerek-egy-evtizede-ujra-a-felemelkedes-utjan\/"},"wordCount":2618,"publisher":{"@id":"https:\/\/dorogimedence.hu\/#organization"},"image":{"@id":"https:\/\/dorogimedence.hu\/index.php\/2021\/07\/27\/a-dorogi-fc-kerek-egy-evtizede-ujra-a-felemelkedes-utjan\/#primaryimage"},"thumbnailUrl":"https:\/\/dorogimedence.hu\/wp-content\/uploads\/2021\/07\/bor.png","keywords":["Dorog","Dorogi FC","foci","futball","labdar\u00fag\u00e1s","sport"],"articleSection":["Dorog","H\u00edrek","Kerek \u00e9vfordul\u00f3k","Sport"],"inLanguage":"hu"},{"@type":"WebPage","@id":"https:\/\/dorogimedence.hu\/index.php\/2021\/07\/27\/a-dorogi-fc-kerek-egy-evtizede-ujra-a-felemelkedes-utjan\/","url":"https:\/\/dorogimedence.hu\/index.php\/2021\/07\/27\/a-dorogi-fc-kerek-egy-evtizede-ujra-a-felemelkedes-utjan\/","name":"A Dorogi FC kerek egy \u00e9vtizede \u00fajra a felemelked\u00e9s \u00fatj\u00e1n","isPartOf":{"@id":"https:\/\/dorogimedence.hu\/#website"},"primaryImageOfPage":{"@id":"https:\/\/dorogimedence.hu\/index.php\/2021\/07\/27\/a-dorogi-fc-kerek-egy-evtizede-ujra-a-felemelkedes-utjan\/#primaryimage"},"image":{"@id":"https:\/\/dorogimedence.hu\/index.php\/2021\/07\/27\/a-dorogi-fc-kerek-egy-evtizede-ujra-a-felemelkedes-utjan\/#primaryimage"},"thumbnailUrl":"https:\/\/dorogimedence.hu\/wp-content\/uploads\/2021\/07\/bor.png","datePublished":"2021-07-27T06:51:46+00:00","dateModified":"2021-10-18T03:24:14+00:00","breadcrumb":{"@id":"https:\/\/dorogimedence.hu\/index.php\/2021\/07\/27\/a-dorogi-fc-kerek-egy-evtizede-ujra-a-felemelkedes-utjan\/#breadcrumb"},"inLanguage":"hu","potentialAction":[{"@type":"ReadAction","target":["https:\/\/dorogimedence.hu\/index.php\/2021\/07\/27\/a-dorogi-fc-kerek-egy-evtizede-ujra-a-felemelkedes-utjan\/"]}]},{"@type":"ImageObject","inLanguage":"hu","@id":"https:\/\/dorogimedence.hu\/index.php\/2021\/07\/27\/a-dorogi-fc-kerek-egy-evtizede-ujra-a-felemelkedes-utjan\/#primaryimage","url":"https:\/\/dorogimedence.hu\/wp-content\/uploads\/2021\/07\/bor.png","contentUrl":"https:\/\/dorogimedence.hu\/wp-content\/uploads\/2021\/07\/bor.png","width":960,"height":720},{"@type":"BreadcrumbList","@id":"https:\/\/dorogimedence.hu\/index.php\/2021\/07\/27\/a-dorogi-fc-kerek-egy-evtizede-ujra-a-felemelkedes-utjan\/#breadcrumb","itemListElement":[{"@type":"ListItem","position":1,"name":"Kezd\u0151lap","item":"https:\/\/dorogimedence.hu\/"},{"@type":"ListItem","position":2,"name":"A Dorogi FC kerek egy \u00e9vtizede \u00fajra a felemelked\u00e9s \u00fatj\u00e1n"}]},{"@type":"WebSite","@id":"https:\/\/dorogimedence.hu\/#website","url":"https:\/\/dorogimedence.hu\/","name":"Dorogi-medence Region\u00e1lis H\u00edrport\u00e1l","description":"Dorog, Keszt\u00f6lc, Le\u00e1nyv\u00e1r, Piliscs\u00e9v, Tokod, Tokodalt\u00e1r\u00f3, Csolnok, Esztergom-kertv\u00e1ros: h\u00edrek, programok","publisher":{"@id":"https:\/\/dorogimedence.hu\/#organization"},"potentialAction":[{"@type":"SearchAction","target":{"@type":"EntryPoint","urlTemplate":"https:\/\/dorogimedence.hu\/?s={search_term_string}"},"query-input":{"@type":"PropertyValueSpecification","valueRequired":true,"valueName":"search_term_string"}}],"inLanguage":"hu"},{"@type":"Organization","@id":"https:\/\/dorogimedence.hu\/#organization","name":"Dorogi-medence Region\u00e1lis H\u00edrport\u00e1l","url":"https:\/\/dorogimedence.hu\/","logo":{"@type":"ImageObject","inLanguage":"hu","@id":"https:\/\/dorogimedence.hu\/#\/schema\/logo\/image\/","url":"https:\/\/dorogimedence.hu\/wp-content\/uploads\/2021\/04\/logo-feher-600.png","contentUrl":"https:\/\/dorogimedence.hu\/wp-content\/uploads\/2021\/04\/logo-feher-600.png","width":600,"height":100,"caption":"Dorogi-medence Region\u00e1lis H\u00edrport\u00e1l"},"image":{"@id":"https:\/\/dorogimedence.hu\/#\/schema\/logo\/image\/"},"sameAs":["https:\/\/www.facebook.com\/dorogimedence\/"]},{"@type":"Person","@id":"https:\/\/dorogimedence.hu\/#\/schema\/person\/76605e8151ec1b7376385cd184ede973","name":"Szab\u00f3 Gyula","image":{"@type":"ImageObject","inLanguage":"hu","@id":"\/\/www.gravatar.com\/avatar\/3e44b6fb2ef9bcea3639958cc2a587cb?s=96&#038;r=g&#038;d=mm","url":"\/\/www.gravatar.com\/avatar\/3e44b6fb2ef9bcea3639958cc2a587cb?s=96&#038;r=g&#038;d=mm","contentUrl":"\/\/www.gravatar.com\/avatar\/3e44b6fb2ef9bcea3639958cc2a587cb?s=96&#038;r=g&#038;d=mm","caption":"Szab\u00f3 Gyula"}}]}},"_links":{"self":[{"href":"https:\/\/dorogimedence.hu\/index.php\/wp-json\/wp\/v2\/posts\/35143","targetHints":{"allow":["GET"]}}],"collection":[{"href":"https:\/\/dorogimedence.hu\/index.php\/wp-json\/wp\/v2\/posts"}],"about":[{"href":"https:\/\/dorogimedence.hu\/index.php\/wp-json\/wp\/v2\/types\/post"}],"author":[{"embeddable":true,"href":"https:\/\/dorogimedence.hu\/index.php\/wp-json\/wp\/v2\/users\/4"}],"replies":[{"embeddable":true,"href":"https:\/\/dorogimedence.hu\/index.php\/wp-json\/wp\/v2\/comments?post=35143"}],"version-history":[{"count":0,"href":"https:\/\/dorogimedence.hu\/index.php\/wp-json\/wp\/v2\/posts\/35143\/revisions"}],"wp:featuredmedia":[{"embeddable":true,"href":"https:\/\/dorogimedence.hu\/index.php\/wp-json\/wp\/v2\/media\/35154"}],"wp:attachment":[{"href":"https:\/\/dorogimedence.hu\/index.php\/wp-json\/wp\/v2\/media?parent=35143"}],"wp:term":[{"taxonomy":"category","embeddable":true,"href":"https:\/\/dorogimedence.hu\/index.php\/wp-json\/wp\/v2\/categories?post=35143"},{"taxonomy":"post_tag","embeddable":true,"href":"https:\/\/dorogimedence.hu\/index.php\/wp-json\/wp\/v2\/tags?post=35143"}],"curies":[{"name":"wp","href":"https:\/\/api.w.org\/{rel}","templated":true}]}}