{"id":35086,"date":"2021-07-25T15:09:07","date_gmt":"2021-07-25T13:09:07","guid":{"rendered":"https:\/\/dorogimedence.hu\/?p=35086"},"modified":"2021-07-25T15:09:36","modified_gmt":"2021-07-25T13:09:36","slug":"megujult-a-kulturhaz-es-a-jatszoter-nagysapon","status":"publish","type":"post","link":"https:\/\/dorogimedence.hu\/index.php\/2021\/07\/25\/megujult-a-kulturhaz-es-a-jatszoter-nagysapon\/","title":{"rendered":"Meg\u00fajult a kult\u00farh\u00e1z \u00e9s a j\u00e1tsz\u00f3t\u00e9r Nagys\u00e1pon"},"content":{"rendered":"<p><strong>J\u00falius 23-\u00e1n, p\u00e9nteken d\u00e9lut\u00e1n \u00fcnnep\u00e9lyes keretek k\u00f6z\u00f6tt adt\u00e1k \u00e1t Nagys\u00e1p \u00faj j\u00e1tsz\u00f3ter\u00e9t \u00e9s a fel\u00faj\u00edtott kult\u00farh\u00e1zat.<\/strong><\/p>\n<p>Els\u0151k\u00e9nt Balogh Mikl\u00f3s, Nagys\u00e1p polg\u00e1rmestere k\u00f6sz\u00f6nt\u00f6tte a jelenl\u00e9v\u0151ket, majd elmondta, hogy a kult\u00farh\u00e1z mintegy huszon\u00f6t milli\u00f3 forintb\u00f3l \u00fajult meg. Kicser\u00e9lt\u00e9k a ny\u00edl\u00e1sz\u00e1rokat, fel\u00faj\u00edtott\u00e1k a l\u00e9pcs\u0151ket, leburkolt\u00e1k a bej\u00e1rat el\u0151tti teret, a k\u00fcls\u0151 homlokzat \u00faj d\u00edsz\u00edt\u0151vakolatot kapott, valamint a vizesblokk \u00e9s a g\u00e9p\u00e9szet is meg\u00fajult, de \u00faj sz\u00e9keket \u00e9s f\u00fcgg\u00f6ny\u00f6ket is beszereztek az elnyert \u00e1llami t\u00e1mogat\u00e1sb\u00f3l. S\u0151t m\u00e9g h\u0151szivatty\u00fas berendez\u00e9st is v\u00e1s\u00e1roltak, az \u00e9p\u00fcletre pedig napelemeket telep\u00edtettek. Az \u00f6tmilli\u00f3 forint t\u00e1mogat\u00e1sb\u00f3l \u00e9p\u00fclt j\u00e1tsz\u00f3t\u00e9r kapcs\u00e1n a polg\u00e1rmester azt mondta, hogy a mai fiatals\u00e1g ink\u00e1bb a sz\u00e1m\u00edt\u00f3g\u00e9peken \u00e9s az okoseszk\u00f6z\u00f6k\u00f6n j\u00e1tszik, ez\u00e1ltal a j\u00e1tsz\u00f3tereket is kevesebben l\u00e1togatj\u00e1k, viszont rem\u00e9li, hogy az \u00faj j\u00e1tsz\u00f3t\u00e9ri eszk\u00f6z\u00f6k \u00e1ltal t\u00f6bbeket ki tudnak majd cs\u00e1b\u00edtani a szabadba \u00e9s egyre t\u00f6bb gyerk\u0151c veszi majd ig\u00e9nybe azokat.<\/p>\n<p><img fetchpriority=\"high\" decoding=\"async\" class=\"alignnone size-large wp-image-35087\" src=\"https:\/\/dorogimedence.hu\/wp-content\/uploads\/2021\/07\/nagysap-02-1024x683.jpg\" alt=\"\" width=\"755\" height=\"504\" srcset=\"https:\/\/dorogimedence.hu\/wp-content\/uploads\/2021\/07\/nagysap-02-1024x683.jpg 1024w, https:\/\/dorogimedence.hu\/wp-content\/uploads\/2021\/07\/nagysap-02-300x200.jpg 300w, https:\/\/dorogimedence.hu\/wp-content\/uploads\/2021\/07\/nagysap-02-768x512.jpg 768w, https:\/\/dorogimedence.hu\/wp-content\/uploads\/2021\/07\/nagysap-02-150x100.jpg 150w, https:\/\/dorogimedence.hu\/wp-content\/uploads\/2021\/07\/nagysap-02-450x300.jpg 450w, https:\/\/dorogimedence.hu\/wp-content\/uploads\/2021\/07\/nagysap-02-272x182.jpg 272w, https:\/\/dorogimedence.hu\/wp-content\/uploads\/2021\/07\/nagysap-02.jpg 1200w\" sizes=\"(max-width: 755px) 100vw, 755px\" \/><\/p>\n<p>Az esem\u00e9nyen jelen volt Popovics Gy\u00f6rgy, a megyei k\u00f6zgy\u0171l\u00e9s eln\u00f6ke is, aki gratul\u00e1lt a telep\u00fcl\u00e9snek az \u00fajabb el\u0151rel\u00e9p\u00e9sekhez. Elmondta, fontos, hogy vid\u00e9ken is mindenki el\u00e9rje a legfontosabb szolg\u00e1ltat\u00e1sokat. Legut\u00f3bb tavaly k\u00f6sz\u00f6nthette a nagys\u00e1piakat, amikor a megye koordin\u00e1l\u00e1sban \u00e9rkezett 230 milli\u00f3s TOP t\u00e1mogat\u00e1s seg\u00edts\u00e9g\u00e9vel elk\u00e9sz\u00fclt a k\u00f6zs\u00e9g \u00faj, mesesz\u00e9p \u00f3vod\u00e1ja.<\/p>\n<p><img decoding=\"async\" class=\"alignnone size-large wp-image-35088\" src=\"https:\/\/dorogimedence.hu\/wp-content\/uploads\/2021\/07\/nagysap-03-1024x683.jpg\" alt=\"\" width=\"755\" height=\"504\" srcset=\"https:\/\/dorogimedence.hu\/wp-content\/uploads\/2021\/07\/nagysap-03-1024x683.jpg 1024w, https:\/\/dorogimedence.hu\/wp-content\/uploads\/2021\/07\/nagysap-03-300x200.jpg 300w, https:\/\/dorogimedence.hu\/wp-content\/uploads\/2021\/07\/nagysap-03-768x512.jpg 768w, https:\/\/dorogimedence.hu\/wp-content\/uploads\/2021\/07\/nagysap-03-150x100.jpg 150w, https:\/\/dorogimedence.hu\/wp-content\/uploads\/2021\/07\/nagysap-03-450x300.jpg 450w, https:\/\/dorogimedence.hu\/wp-content\/uploads\/2021\/07\/nagysap-03-272x182.jpg 272w, https:\/\/dorogimedence.hu\/wp-content\/uploads\/2021\/07\/nagysap-03.jpg 1200w\" sizes=\"(max-width: 755px) 100vw, 755px\" \/><\/p>\n<p>\u201eA nagys\u00e1piak \u00e9s Balogh Mikl\u00f3s polg\u00e1rmester \u00far sok ter\u00fcleten terveznek fejleszt\u00e9seket. A korm\u00e1nynak pedig fontosak a falvak, ez\u00e9rt t\u00e1mogatja is ezeket a t\u00f6rekv\u00e9seket\u201d \u2013 mondta el a dorogimedence.hu-nak V\u00f6lner P\u00e1l, a t\u00e9rs\u00e9g orsz\u00e1ggy\u0171l\u00e9si k\u00e9pvisel\u0151je a nagys\u00e1pi \u00e1tad\u00f3kkal kapcsolatban. Mint mondta, most a fel\u00faj\u00edtott Pet\u0151fi S\u00e1ndor Kult\u00farh\u00e1zat \u00e9s az \u00faj j\u00e1tsz\u00f3teret vehette birtokba a falu, de m\u00e1s c\u00e9lokra is nyertek t\u00e1mogat\u00e1st. \u201eEgyh\u00e1zi k\u00f6z\u00f6ss\u00e9gi t\u00e9r \u00e9s az \u00f6nkorm\u00e1nyzati temet\u0151 fejleszt\u00e9s\u00e9re, valamint \u00fatfel\u00faj\u00edt\u00e1sra is kapott t\u00e1mogat\u00e1st Nagys\u00e1p a Magyar Falu Program keret\u00e9ben. Ez \u00f6sszesen t\u00f6bb mint 90 milli\u00f3 forintnyi seg\u00edts\u00e9get jelent, de m\u00e1s ki\u00edr\u00e1sokon is sikerrel p\u00e1ly\u00e1ztak. A Sz\u00e9chenyi 2020 keret\u00e9ben \u00f3voda\u00e9p\u00edt\u00e9sre mintegy 230 milli\u00f3 forintot \u00edt\u00e9lt meg a telep\u00fcl\u00e9snek a korm\u00e1nyzat, az iskola is kapott 20 milli\u00f3 forintot, de az id\u0151sek ell\u00e1t\u00e1s\u00e1t is seg\u00edtett\u00fck 60 milli\u00f3 forinttal\u201d \u2013 sorolta a t\u00e1mogat\u00e1sokat a k\u00e9pvisel\u0151, hozz\u00e1t\u00e9ve, hogy a lista \u00edgy sem teljes, hiszen p\u00e9ld\u00e1ul gazdas\u00e1gfejleszt\u00e9sre is \u00e9rkezetek forr\u00e1sok. A p\u00e9nteki \u00e1tad\u00f3kkal kapcsolatban V\u00f6lner P\u00e1l elmondta, hogy sz\u00e1m\u00e1ra nem csak az volt \u00f6r\u00f6mteli ezekkel a beruh\u00e1z\u00e1sokkal kapcsolatban, hogy infrastruktur\u00e1lisan fejl\u0151d\u00f6tt a telep\u00fcl\u00e9s, hanem az is, hogy ez a k\u00e9t projekt azt is j\u00f3l jelk\u00e9pezi, hogy mi a fontos az itt \u00e9l\u0151k sz\u00e1m\u00e1ra. \u201eA nagys\u00e1piak szeretnek itt \u00e9lni, \u00edgy a fiatalok azt szeretn\u00e9k, hogy minden felt\u00e9tel adott legyen a csal\u00e1dalap\u00edt\u00e1shoz, a gyerekek felnevel\u00e9s\u00e9hez is. Most j\u00e1tsz\u00f3t\u00e9r \u00e9p\u00fclt, de ugye az \u00faj \u00f3voda\u00e9p\u00fcletre is hatalmas ig\u00e9ny volt. A kult\u00farh\u00e1z fel\u00faj\u00edt\u00e1sa pedig azt mutatja, hogy val\u00f3di k\u00f6z\u00f6ss\u00e9get alkotnak az itt \u00e9l\u0151k. Min\u00e9l szebb \u00e9s korszer\u0171bb \u00e9p\u00fcletet szeretn\u00e9nek a k\u00f6z\u00f6s \u00e9lm\u00e9nyekhez\u201d \u2013 fejtette ki a k\u00e9pvisel\u0151. Hozz\u00e1tette: Balogh Mikl\u00f3s polg\u00e1rmesterrel remek\u00fcl egy\u00fctt tudnak dolgozni a telep\u00fcl\u00e9s \u00e9rdek\u00e9ben, \u00e9s rendszeresen egyeztetnek is arr\u00f3l, hogy milyen tov\u00e1bbi fejleszt\u00e9sekre van sz\u00fcks\u00e9g.<\/p>\n<p><img decoding=\"async\" class=\"alignnone size-large wp-image-35089\" src=\"https:\/\/dorogimedence.hu\/wp-content\/uploads\/2021\/07\/nagysap-04-1024x683.jpg\" alt=\"\" width=\"755\" height=\"504\" srcset=\"https:\/\/dorogimedence.hu\/wp-content\/uploads\/2021\/07\/nagysap-04-1024x683.jpg 1024w, https:\/\/dorogimedence.hu\/wp-content\/uploads\/2021\/07\/nagysap-04-300x200.jpg 300w, https:\/\/dorogimedence.hu\/wp-content\/uploads\/2021\/07\/nagysap-04-768x512.jpg 768w, https:\/\/dorogimedence.hu\/wp-content\/uploads\/2021\/07\/nagysap-04-150x100.jpg 150w, https:\/\/dorogimedence.hu\/wp-content\/uploads\/2021\/07\/nagysap-04-450x300.jpg 450w, https:\/\/dorogimedence.hu\/wp-content\/uploads\/2021\/07\/nagysap-04-272x182.jpg 272w, https:\/\/dorogimedence.hu\/wp-content\/uploads\/2021\/07\/nagysap-04.jpg 1200w\" sizes=\"(max-width: 755px) 100vw, 755px\" \/><\/p>\n<p><img loading=\"lazy\" decoding=\"async\" class=\"alignnone size-large wp-image-35090\" src=\"https:\/\/dorogimedence.hu\/wp-content\/uploads\/2021\/07\/nagysap-05-1024x683.jpg\" alt=\"\" width=\"755\" height=\"504\" srcset=\"https:\/\/dorogimedence.hu\/wp-content\/uploads\/2021\/07\/nagysap-05-1024x683.jpg 1024w, https:\/\/dorogimedence.hu\/wp-content\/uploads\/2021\/07\/nagysap-05-300x200.jpg 300w, https:\/\/dorogimedence.hu\/wp-content\/uploads\/2021\/07\/nagysap-05-768x512.jpg 768w, https:\/\/dorogimedence.hu\/wp-content\/uploads\/2021\/07\/nagysap-05-150x100.jpg 150w, https:\/\/dorogimedence.hu\/wp-content\/uploads\/2021\/07\/nagysap-05-450x300.jpg 450w, https:\/\/dorogimedence.hu\/wp-content\/uploads\/2021\/07\/nagysap-05-272x182.jpg 272w, https:\/\/dorogimedence.hu\/wp-content\/uploads\/2021\/07\/nagysap-05.jpg 1200w\" sizes=\"(max-width: 755px) 100vw, 755px\" \/><\/p>\n<p><em>Bor\u00edt\u00f3k\u00e9p: Kom\u00e1rom-Esztergom Megyei \u00d6nkorm\u00e1nyzat<\/em><\/p>\n","protected":false},"excerpt":{"rendered":"<p>J\u00falius 23-\u00e1n, p\u00e9nteken d\u00e9lut\u00e1n \u00fcnnep\u00e9lyes keretek k\u00f6z\u00f6tt adt\u00e1k \u00e1t Nagys\u00e1p \u00faj j\u00e1tsz\u00f3ter\u00e9t \u00e9s a fel\u00faj\u00edtott kult\u00farh\u00e1zat. Els\u0151k\u00e9nt Balogh Mikl\u00f3s, Nagys\u00e1p polg\u00e1rmestere k\u00f6sz\u00f6nt\u00f6tte a jelenl\u00e9v\u0151ket, majd elmondta, hogy a kult\u00farh\u00e1z mintegy huszon\u00f6t milli\u00f3 forintb\u00f3l \u00fajult meg. Kicser\u00e9lt\u00e9k a ny\u00edl\u00e1sz\u00e1rokat, fel\u00faj\u00edtott\u00e1k a l\u00e9pcs\u0151ket, leburkolt\u00e1k a bej\u00e1rat el\u0151tti teret, a k\u00fcls\u0151 homlokzat \u00faj d\u00edsz\u00edt\u0151vakolatot kapott, valamint a vizesblokk<\/p>\n","protected":false},"author":1,"featured_media":35091,"comment_status":"closed","ping_status":"closed","sticky":false,"template":"","format":"standard","meta":{"ngg_post_thumbnail":0,"footnotes":""},"categories":[3],"tags":[5624,464,597,1250,135],"class_list":{"0":"post-35086","1":"post","2":"type-post","3":"status-publish","4":"format-standard","5":"has-post-thumbnail","7":"category-hirek","8":"tag-featured","9":"tag-felujitas","10":"tag-jatszoter","11":"tag-kulturhaz","12":"tag-nagysap"},"yoast_head":"<!-- This site is optimized with the Yoast SEO plugin v27.5 - https:\/\/yoast.com\/product\/yoast-seo-wordpress\/ -->\n<title>Meg\u00fajult a kult\u00farh\u00e1z \u00e9s a j\u00e1tsz\u00f3t\u00e9r Nagys\u00e1pon<\/title>\n<meta name=\"robots\" content=\"index, follow, max-snippet:-1, max-image-preview:large, max-video-preview:-1\" \/>\n<link rel=\"canonical\" href=\"https:\/\/dorogimedence.hu\/index.php\/2021\/07\/25\/megujult-a-kulturhaz-es-a-jatszoter-nagysapon\/\" class=\"yoast-seo-meta-tag\" \/>\n<meta property=\"og:locale\" content=\"hu_HU\" class=\"yoast-seo-meta-tag\" \/>\n<meta property=\"og:type\" content=\"article\" class=\"yoast-seo-meta-tag\" \/>\n<meta property=\"og:title\" content=\"Meg\u00fajult a kult\u00farh\u00e1z \u00e9s a j\u00e1tsz\u00f3t\u00e9r Nagys\u00e1pon\" class=\"yoast-seo-meta-tag\" \/>\n<meta property=\"og:description\" content=\"J\u00falius 23-\u00e1n, p\u00e9nteken d\u00e9lut\u00e1n \u00fcnnep\u00e9lyes keretek k\u00f6z\u00f6tt adt\u00e1k \u00e1t Nagys\u00e1p \u00faj j\u00e1tsz\u00f3ter\u00e9t \u00e9s a fel\u00faj\u00edtott kult\u00farh\u00e1zat. Els\u0151k\u00e9nt Balogh Mikl\u00f3s, Nagys\u00e1p polg\u00e1rmestere k\u00f6sz\u00f6nt\u00f6tte a jelenl\u00e9v\u0151ket, majd elmondta, hogy a kult\u00farh\u00e1z mintegy huszon\u00f6t milli\u00f3 forintb\u00f3l \u00fajult meg. Kicser\u00e9lt\u00e9k a ny\u00edl\u00e1sz\u00e1rokat, fel\u00faj\u00edtott\u00e1k a l\u00e9pcs\u0151ket, leburkolt\u00e1k a bej\u00e1rat el\u0151tti teret, a k\u00fcls\u0151 homlokzat \u00faj d\u00edsz\u00edt\u0151vakolatot kapott, valamint a vizesblokk\" class=\"yoast-seo-meta-tag\" \/>\n<meta property=\"og:url\" content=\"https:\/\/dorogimedence.hu\/index.php\/2021\/07\/25\/megujult-a-kulturhaz-es-a-jatszoter-nagysapon\/\" class=\"yoast-seo-meta-tag\" \/>\n<meta property=\"og:site_name\" content=\"Dorogi-medence Region\u00e1lis H\u00edrport\u00e1l\" class=\"yoast-seo-meta-tag\" \/>\n<meta property=\"article:publisher\" content=\"https:\/\/www.facebook.com\/dorogimedence\/\" class=\"yoast-seo-meta-tag\" \/>\n<meta property=\"article:published_time\" content=\"2021-07-25T13:09:07+00:00\" class=\"yoast-seo-meta-tag\" \/>\n<meta property=\"article:modified_time\" content=\"2021-07-25T13:09:36+00:00\" class=\"yoast-seo-meta-tag\" \/>\n<meta property=\"og:image\" content=\"https:\/\/i0.wp.com\/dorogimedence.hu\/wp-content\/uploads\/2021\/07\/nagysap-01.jpg?fit=2048%2C1363&ssl=1\" class=\"yoast-seo-meta-tag\" \/>\n\t<meta property=\"og:image:width\" content=\"2048\" class=\"yoast-seo-meta-tag\" \/>\n\t<meta property=\"og:image:height\" content=\"1363\" class=\"yoast-seo-meta-tag\" \/>\n\t<meta property=\"og:image:type\" content=\"image\/jpeg\" class=\"yoast-seo-meta-tag\" \/>\n<meta name=\"author\" content=\"dorogimedence.hu\" class=\"yoast-seo-meta-tag\" \/>\n<meta name=\"twitter:card\" content=\"summary_large_image\" class=\"yoast-seo-meta-tag\" \/>\n<meta name=\"twitter:label1\" content=\"Szerz\u0151:\" class=\"yoast-seo-meta-tag\" \/>\n\t<meta name=\"twitter:data1\" content=\"dorogimedence.hu\" class=\"yoast-seo-meta-tag\" \/>\n\t<meta name=\"twitter:label2\" content=\"Becs\u00fclt olvas\u00e1si id\u0151\" class=\"yoast-seo-meta-tag\" \/>\n\t<meta name=\"twitter:data2\" content=\"4 perc\" class=\"yoast-seo-meta-tag\" \/>\n<script type=\"application\/ld+json\" class=\"yoast-schema-graph\">{\"@context\":\"https:\\\/\\\/schema.org\",\"@graph\":[{\"@type\":\"Article\",\"@id\":\"https:\\\/\\\/dorogimedence.hu\\\/index.php\\\/2021\\\/07\\\/25\\\/megujult-a-kulturhaz-es-a-jatszoter-nagysapon\\\/#article\",\"isPartOf\":{\"@id\":\"https:\\\/\\\/dorogimedence.hu\\\/index.php\\\/2021\\\/07\\\/25\\\/megujult-a-kulturhaz-es-a-jatszoter-nagysapon\\\/\"},\"author\":{\"name\":\"dorogimedence.hu\",\"@id\":\"https:\\\/\\\/dorogimedence.hu\\\/#\\\/schema\\\/person\\\/ce6091eeb7e95ecdc87890d6aa8e0fd4\"},\"headline\":\"Meg\u00fajult a kult\u00farh\u00e1z \u00e9s a j\u00e1tsz\u00f3t\u00e9r Nagys\u00e1pon\",\"datePublished\":\"2021-07-25T13:09:07+00:00\",\"dateModified\":\"2021-07-25T13:09:36+00:00\",\"mainEntityOfPage\":{\"@id\":\"https:\\\/\\\/dorogimedence.hu\\\/index.php\\\/2021\\\/07\\\/25\\\/megujult-a-kulturhaz-es-a-jatszoter-nagysapon\\\/\"},\"wordCount\":750,\"publisher\":{\"@id\":\"https:\\\/\\\/dorogimedence.hu\\\/#organization\"},\"image\":{\"@id\":\"https:\\\/\\\/dorogimedence.hu\\\/index.php\\\/2021\\\/07\\\/25\\\/megujult-a-kulturhaz-es-a-jatszoter-nagysapon\\\/#primaryimage\"},\"thumbnailUrl\":\"https:\\\/\\\/dorogimedence.hu\\\/wp-content\\\/uploads\\\/2021\\\/07\\\/nagysap-01.jpg\",\"keywords\":[\"featured\",\"fel\u00faj\u00edt\u00e1s\",\"j\u00e1tsz\u00f3t\u00e9r\",\"kult\u00farh\u00e1z\",\"Nagys\u00e1p\"],\"articleSection\":[\"H\u00edrek\"],\"inLanguage\":\"hu\"},{\"@type\":\"WebPage\",\"@id\":\"https:\\\/\\\/dorogimedence.hu\\\/index.php\\\/2021\\\/07\\\/25\\\/megujult-a-kulturhaz-es-a-jatszoter-nagysapon\\\/\",\"url\":\"https:\\\/\\\/dorogimedence.hu\\\/index.php\\\/2021\\\/07\\\/25\\\/megujult-a-kulturhaz-es-a-jatszoter-nagysapon\\\/\",\"name\":\"Meg\u00fajult a kult\u00farh\u00e1z \u00e9s a j\u00e1tsz\u00f3t\u00e9r Nagys\u00e1pon\",\"isPartOf\":{\"@id\":\"https:\\\/\\\/dorogimedence.hu\\\/#website\"},\"primaryImageOfPage\":{\"@id\":\"https:\\\/\\\/dorogimedence.hu\\\/index.php\\\/2021\\\/07\\\/25\\\/megujult-a-kulturhaz-es-a-jatszoter-nagysapon\\\/#primaryimage\"},\"image\":{\"@id\":\"https:\\\/\\\/dorogimedence.hu\\\/index.php\\\/2021\\\/07\\\/25\\\/megujult-a-kulturhaz-es-a-jatszoter-nagysapon\\\/#primaryimage\"},\"thumbnailUrl\":\"https:\\\/\\\/dorogimedence.hu\\\/wp-content\\\/uploads\\\/2021\\\/07\\\/nagysap-01.jpg\",\"datePublished\":\"2021-07-25T13:09:07+00:00\",\"dateModified\":\"2021-07-25T13:09:36+00:00\",\"breadcrumb\":{\"@id\":\"https:\\\/\\\/dorogimedence.hu\\\/index.php\\\/2021\\\/07\\\/25\\\/megujult-a-kulturhaz-es-a-jatszoter-nagysapon\\\/#breadcrumb\"},\"inLanguage\":\"hu\",\"potentialAction\":[{\"@type\":\"ReadAction\",\"target\":[\"https:\\\/\\\/dorogimedence.hu\\\/index.php\\\/2021\\\/07\\\/25\\\/megujult-a-kulturhaz-es-a-jatszoter-nagysapon\\\/\"]}]},{\"@type\":\"ImageObject\",\"inLanguage\":\"hu\",\"@id\":\"https:\\\/\\\/dorogimedence.hu\\\/index.php\\\/2021\\\/07\\\/25\\\/megujult-a-kulturhaz-es-a-jatszoter-nagysapon\\\/#primaryimage\",\"url\":\"https:\\\/\\\/dorogimedence.hu\\\/wp-content\\\/uploads\\\/2021\\\/07\\\/nagysap-01.jpg\",\"contentUrl\":\"https:\\\/\\\/dorogimedence.hu\\\/wp-content\\\/uploads\\\/2021\\\/07\\\/nagysap-01.jpg\",\"width\":2048,\"height\":1363},{\"@type\":\"BreadcrumbList\",\"@id\":\"https:\\\/\\\/dorogimedence.hu\\\/index.php\\\/2021\\\/07\\\/25\\\/megujult-a-kulturhaz-es-a-jatszoter-nagysapon\\\/#breadcrumb\",\"itemListElement\":[{\"@type\":\"ListItem\",\"position\":1,\"name\":\"Kezd\u0151lap\",\"item\":\"https:\\\/\\\/dorogimedence.hu\\\/\"},{\"@type\":\"ListItem\",\"position\":2,\"name\":\"Meg\u00fajult a kult\u00farh\u00e1z \u00e9s a j\u00e1tsz\u00f3t\u00e9r Nagys\u00e1pon\"}]},{\"@type\":\"WebSite\",\"@id\":\"https:\\\/\\\/dorogimedence.hu\\\/#website\",\"url\":\"https:\\\/\\\/dorogimedence.hu\\\/\",\"name\":\"Dorogi-medence Region\u00e1lis H\u00edrport\u00e1l\",\"description\":\"Dorog, Keszt\u00f6lc, Le\u00e1nyv\u00e1r, Piliscs\u00e9v, Tokod, Tokodalt\u00e1r\u00f3, Csolnok, Esztergom-kertv\u00e1ros: h\u00edrek, programok\",\"publisher\":{\"@id\":\"https:\\\/\\\/dorogimedence.hu\\\/#organization\"},\"potentialAction\":[{\"@type\":\"SearchAction\",\"target\":{\"@type\":\"EntryPoint\",\"urlTemplate\":\"https:\\\/\\\/dorogimedence.hu\\\/?s={search_term_string}\"},\"query-input\":{\"@type\":\"PropertyValueSpecification\",\"valueRequired\":true,\"valueName\":\"search_term_string\"}}],\"inLanguage\":\"hu\"},{\"@type\":\"Organization\",\"@id\":\"https:\\\/\\\/dorogimedence.hu\\\/#organization\",\"name\":\"Dorogi-medence Region\u00e1lis H\u00edrport\u00e1l\",\"url\":\"https:\\\/\\\/dorogimedence.hu\\\/\",\"logo\":{\"@type\":\"ImageObject\",\"inLanguage\":\"hu\",\"@id\":\"https:\\\/\\\/dorogimedence.hu\\\/#\\\/schema\\\/logo\\\/image\\\/\",\"url\":\"https:\\\/\\\/dorogimedence.hu\\\/wp-content\\\/uploads\\\/2021\\\/04\\\/logo-feher-600.png\",\"contentUrl\":\"https:\\\/\\\/dorogimedence.hu\\\/wp-content\\\/uploads\\\/2021\\\/04\\\/logo-feher-600.png\",\"width\":600,\"height\":100,\"caption\":\"Dorogi-medence Region\u00e1lis H\u00edrport\u00e1l\"},\"image\":{\"@id\":\"https:\\\/\\\/dorogimedence.hu\\\/#\\\/schema\\\/logo\\\/image\\\/\"},\"sameAs\":[\"https:\\\/\\\/www.facebook.com\\\/dorogimedence\\\/\"]},{\"@type\":\"Person\",\"@id\":\"https:\\\/\\\/dorogimedence.hu\\\/#\\\/schema\\\/person\\\/ce6091eeb7e95ecdc87890d6aa8e0fd4\",\"name\":\"dorogimedence.hu\",\"image\":{\"@type\":\"ImageObject\",\"inLanguage\":\"hu\",\"@id\":\"\\\/\\\/www.gravatar.com\\\/avatar\\\/d8d45f8901aadff40a4af72c0b826f1d?s=96&#038;r=g&#038;d=mm\",\"url\":\"\\\/\\\/www.gravatar.com\\\/avatar\\\/d8d45f8901aadff40a4af72c0b826f1d?s=96&#038;r=g&#038;d=mm\",\"contentUrl\":\"\\\/\\\/www.gravatar.com\\\/avatar\\\/d8d45f8901aadff40a4af72c0b826f1d?s=96&#038;r=g&#038;d=mm\",\"caption\":\"dorogimedence.hu\"}}]}<\/script>\n<!-- \/ Yoast SEO plugin. -->","yoast_head_json":{"title":"Meg\u00fajult a kult\u00farh\u00e1z \u00e9s a j\u00e1tsz\u00f3t\u00e9r Nagys\u00e1pon","robots":{"index":"index","follow":"follow","max-snippet":"max-snippet:-1","max-image-preview":"max-image-preview:large","max-video-preview":"max-video-preview:-1"},"canonical":"https:\/\/dorogimedence.hu\/index.php\/2021\/07\/25\/megujult-a-kulturhaz-es-a-jatszoter-nagysapon\/","og_locale":"hu_HU","og_type":"article","og_title":"Meg\u00fajult a kult\u00farh\u00e1z \u00e9s a j\u00e1tsz\u00f3t\u00e9r Nagys\u00e1pon","og_description":"J\u00falius 23-\u00e1n, p\u00e9nteken d\u00e9lut\u00e1n \u00fcnnep\u00e9lyes keretek k\u00f6z\u00f6tt adt\u00e1k \u00e1t Nagys\u00e1p \u00faj j\u00e1tsz\u00f3ter\u00e9t \u00e9s a fel\u00faj\u00edtott kult\u00farh\u00e1zat. Els\u0151k\u00e9nt Balogh Mikl\u00f3s, Nagys\u00e1p polg\u00e1rmestere k\u00f6sz\u00f6nt\u00f6tte a jelenl\u00e9v\u0151ket, majd elmondta, hogy a kult\u00farh\u00e1z mintegy huszon\u00f6t milli\u00f3 forintb\u00f3l \u00fajult meg. Kicser\u00e9lt\u00e9k a ny\u00edl\u00e1sz\u00e1rokat, fel\u00faj\u00edtott\u00e1k a l\u00e9pcs\u0151ket, leburkolt\u00e1k a bej\u00e1rat el\u0151tti teret, a k\u00fcls\u0151 homlokzat \u00faj d\u00edsz\u00edt\u0151vakolatot kapott, valamint a vizesblokk","og_url":"https:\/\/dorogimedence.hu\/index.php\/2021\/07\/25\/megujult-a-kulturhaz-es-a-jatszoter-nagysapon\/","og_site_name":"Dorogi-medence Region\u00e1lis H\u00edrport\u00e1l","article_publisher":"https:\/\/www.facebook.com\/dorogimedence\/","article_published_time":"2021-07-25T13:09:07+00:00","article_modified_time":"2021-07-25T13:09:36+00:00","og_image":[{"width":2048,"height":1363,"url":"https:\/\/i0.wp.com\/dorogimedence.hu\/wp-content\/uploads\/2021\/07\/nagysap-01.jpg?fit=2048%2C1363&ssl=1","type":"image\/jpeg"}],"author":"dorogimedence.hu","twitter_card":"summary_large_image","twitter_misc":{"Szerz\u0151:":"dorogimedence.hu","Becs\u00fclt olvas\u00e1si id\u0151":"4 perc"},"schema":{"@context":"https:\/\/schema.org","@graph":[{"@type":"Article","@id":"https:\/\/dorogimedence.hu\/index.php\/2021\/07\/25\/megujult-a-kulturhaz-es-a-jatszoter-nagysapon\/#article","isPartOf":{"@id":"https:\/\/dorogimedence.hu\/index.php\/2021\/07\/25\/megujult-a-kulturhaz-es-a-jatszoter-nagysapon\/"},"author":{"name":"dorogimedence.hu","@id":"https:\/\/dorogimedence.hu\/#\/schema\/person\/ce6091eeb7e95ecdc87890d6aa8e0fd4"},"headline":"Meg\u00fajult a kult\u00farh\u00e1z \u00e9s a j\u00e1tsz\u00f3t\u00e9r Nagys\u00e1pon","datePublished":"2021-07-25T13:09:07+00:00","dateModified":"2021-07-25T13:09:36+00:00","mainEntityOfPage":{"@id":"https:\/\/dorogimedence.hu\/index.php\/2021\/07\/25\/megujult-a-kulturhaz-es-a-jatszoter-nagysapon\/"},"wordCount":750,"publisher":{"@id":"https:\/\/dorogimedence.hu\/#organization"},"image":{"@id":"https:\/\/dorogimedence.hu\/index.php\/2021\/07\/25\/megujult-a-kulturhaz-es-a-jatszoter-nagysapon\/#primaryimage"},"thumbnailUrl":"https:\/\/dorogimedence.hu\/wp-content\/uploads\/2021\/07\/nagysap-01.jpg","keywords":["featured","fel\u00faj\u00edt\u00e1s","j\u00e1tsz\u00f3t\u00e9r","kult\u00farh\u00e1z","Nagys\u00e1p"],"articleSection":["H\u00edrek"],"inLanguage":"hu"},{"@type":"WebPage","@id":"https:\/\/dorogimedence.hu\/index.php\/2021\/07\/25\/megujult-a-kulturhaz-es-a-jatszoter-nagysapon\/","url":"https:\/\/dorogimedence.hu\/index.php\/2021\/07\/25\/megujult-a-kulturhaz-es-a-jatszoter-nagysapon\/","name":"Meg\u00fajult a kult\u00farh\u00e1z \u00e9s a j\u00e1tsz\u00f3t\u00e9r Nagys\u00e1pon","isPartOf":{"@id":"https:\/\/dorogimedence.hu\/#website"},"primaryImageOfPage":{"@id":"https:\/\/dorogimedence.hu\/index.php\/2021\/07\/25\/megujult-a-kulturhaz-es-a-jatszoter-nagysapon\/#primaryimage"},"image":{"@id":"https:\/\/dorogimedence.hu\/index.php\/2021\/07\/25\/megujult-a-kulturhaz-es-a-jatszoter-nagysapon\/#primaryimage"},"thumbnailUrl":"https:\/\/dorogimedence.hu\/wp-content\/uploads\/2021\/07\/nagysap-01.jpg","datePublished":"2021-07-25T13:09:07+00:00","dateModified":"2021-07-25T13:09:36+00:00","breadcrumb":{"@id":"https:\/\/dorogimedence.hu\/index.php\/2021\/07\/25\/megujult-a-kulturhaz-es-a-jatszoter-nagysapon\/#breadcrumb"},"inLanguage":"hu","potentialAction":[{"@type":"ReadAction","target":["https:\/\/dorogimedence.hu\/index.php\/2021\/07\/25\/megujult-a-kulturhaz-es-a-jatszoter-nagysapon\/"]}]},{"@type":"ImageObject","inLanguage":"hu","@id":"https:\/\/dorogimedence.hu\/index.php\/2021\/07\/25\/megujult-a-kulturhaz-es-a-jatszoter-nagysapon\/#primaryimage","url":"https:\/\/dorogimedence.hu\/wp-content\/uploads\/2021\/07\/nagysap-01.jpg","contentUrl":"https:\/\/dorogimedence.hu\/wp-content\/uploads\/2021\/07\/nagysap-01.jpg","width":2048,"height":1363},{"@type":"BreadcrumbList","@id":"https:\/\/dorogimedence.hu\/index.php\/2021\/07\/25\/megujult-a-kulturhaz-es-a-jatszoter-nagysapon\/#breadcrumb","itemListElement":[{"@type":"ListItem","position":1,"name":"Kezd\u0151lap","item":"https:\/\/dorogimedence.hu\/"},{"@type":"ListItem","position":2,"name":"Meg\u00fajult a kult\u00farh\u00e1z \u00e9s a j\u00e1tsz\u00f3t\u00e9r Nagys\u00e1pon"}]},{"@type":"WebSite","@id":"https:\/\/dorogimedence.hu\/#website","url":"https:\/\/dorogimedence.hu\/","name":"Dorogi-medence Region\u00e1lis H\u00edrport\u00e1l","description":"Dorog, Keszt\u00f6lc, Le\u00e1nyv\u00e1r, Piliscs\u00e9v, Tokod, Tokodalt\u00e1r\u00f3, Csolnok, Esztergom-kertv\u00e1ros: h\u00edrek, programok","publisher":{"@id":"https:\/\/dorogimedence.hu\/#organization"},"potentialAction":[{"@type":"SearchAction","target":{"@type":"EntryPoint","urlTemplate":"https:\/\/dorogimedence.hu\/?s={search_term_string}"},"query-input":{"@type":"PropertyValueSpecification","valueRequired":true,"valueName":"search_term_string"}}],"inLanguage":"hu"},{"@type":"Organization","@id":"https:\/\/dorogimedence.hu\/#organization","name":"Dorogi-medence Region\u00e1lis H\u00edrport\u00e1l","url":"https:\/\/dorogimedence.hu\/","logo":{"@type":"ImageObject","inLanguage":"hu","@id":"https:\/\/dorogimedence.hu\/#\/schema\/logo\/image\/","url":"https:\/\/dorogimedence.hu\/wp-content\/uploads\/2021\/04\/logo-feher-600.png","contentUrl":"https:\/\/dorogimedence.hu\/wp-content\/uploads\/2021\/04\/logo-feher-600.png","width":600,"height":100,"caption":"Dorogi-medence Region\u00e1lis H\u00edrport\u00e1l"},"image":{"@id":"https:\/\/dorogimedence.hu\/#\/schema\/logo\/image\/"},"sameAs":["https:\/\/www.facebook.com\/dorogimedence\/"]},{"@type":"Person","@id":"https:\/\/dorogimedence.hu\/#\/schema\/person\/ce6091eeb7e95ecdc87890d6aa8e0fd4","name":"dorogimedence.hu","image":{"@type":"ImageObject","inLanguage":"hu","@id":"\/\/www.gravatar.com\/avatar\/d8d45f8901aadff40a4af72c0b826f1d?s=96&#038;r=g&#038;d=mm","url":"\/\/www.gravatar.com\/avatar\/d8d45f8901aadff40a4af72c0b826f1d?s=96&#038;r=g&#038;d=mm","contentUrl":"\/\/www.gravatar.com\/avatar\/d8d45f8901aadff40a4af72c0b826f1d?s=96&#038;r=g&#038;d=mm","caption":"dorogimedence.hu"}}]}},"_links":{"self":[{"href":"https:\/\/dorogimedence.hu\/index.php\/wp-json\/wp\/v2\/posts\/35086","targetHints":{"allow":["GET"]}}],"collection":[{"href":"https:\/\/dorogimedence.hu\/index.php\/wp-json\/wp\/v2\/posts"}],"about":[{"href":"https:\/\/dorogimedence.hu\/index.php\/wp-json\/wp\/v2\/types\/post"}],"author":[{"embeddable":true,"href":"https:\/\/dorogimedence.hu\/index.php\/wp-json\/wp\/v2\/users\/1"}],"replies":[{"embeddable":true,"href":"https:\/\/dorogimedence.hu\/index.php\/wp-json\/wp\/v2\/comments?post=35086"}],"version-history":[{"count":0,"href":"https:\/\/dorogimedence.hu\/index.php\/wp-json\/wp\/v2\/posts\/35086\/revisions"}],"wp:featuredmedia":[{"embeddable":true,"href":"https:\/\/dorogimedence.hu\/index.php\/wp-json\/wp\/v2\/media\/35091"}],"wp:attachment":[{"href":"https:\/\/dorogimedence.hu\/index.php\/wp-json\/wp\/v2\/media?parent=35086"}],"wp:term":[{"taxonomy":"category","embeddable":true,"href":"https:\/\/dorogimedence.hu\/index.php\/wp-json\/wp\/v2\/categories?post=35086"},{"taxonomy":"post_tag","embeddable":true,"href":"https:\/\/dorogimedence.hu\/index.php\/wp-json\/wp\/v2\/tags?post=35086"}],"curies":[{"name":"wp","href":"https:\/\/api.w.org\/{rel}","templated":true}]}}