{"id":35034,"date":"2021-07-22T11:34:09","date_gmt":"2021-07-22T09:34:09","guid":{"rendered":"https:\/\/dorogimedence.hu\/?p=35034"},"modified":"2021-07-22T11:36:34","modified_gmt":"2021-07-22T09:36:34","slug":"uj-hajoallasokat-epitett-ki-a-mahart","status":"publish","type":"post","link":"https:\/\/dorogimedence.hu\/index.php\/2021\/07\/22\/uj-hajoallasokat-epitett-ki-a-mahart\/","title":{"rendered":"\u00daj haj\u00f3\u00e1ll\u00e1sokat \u00e9p\u00edtett ki a MAHART"},"content":{"rendered":"<p><strong>500 milli\u00f3 forint eur\u00f3pai uni\u00f3s t\u00e1mogat\u00e1ssal val\u00f3sult meg a MAHART-PassNave Kft. \u201eIKOP-2.1.0-15-2016-00034\u201d azonos\u00edt\u00f3sz\u00e1m\u00fa projektje, melynek c\u00e9lja a szem\u00e9lysz\u00e1ll\u00edt\u00e1sra alkalmas haj\u00f3\u00e1ll\u00e1sok ki\u00e9p\u00edt\u00e9se volt Visegr\u00e1d, D\u00f6m\u00f6s \u00e1tkel\u00e9s, Zebeg\u00e9ny, Esztergom \u00e9s Kom\u00e1rom kik\u00f6t\u0151iben. A v\u00edzoldali infrastrukt\u00fara ki\u00e9p\u00edt\u00e9se mellett a parti infrastrukt\u00fara helyre\u00e1ll\u00edt\u00e1sa is a beruh\u00e1z\u00e1s r\u00e9sze volt.<\/strong><\/p>\n<p>A projekt strat\u00e9giai c\u00e9lja, hogy a Dunakanyar t\u00e9rs\u00e9g\u00e9ben, t\u00e1gabb megk\u00f6zel\u00edt\u00e9sben pedig a B\u00e9cs-Pozsony-Budapest tengelyen fellend\u00fclj\u00f6n a v\u00edzi szem\u00e9lysz\u00e1ll\u00edt\u00e1s a Duna szem\u00e9lysz\u00e1ll\u00edt\u00e1si kapacit\u00e1s\u00e1nak fejleszt\u00e9se \u00e1ltal. Ennek \u00e9rdek\u00e9ben a t\u00e1mogat\u00f3 infrastrukt\u00fara fejleszt\u00e9s\u00e9vel a szolg\u00e1ltat\u00e1s sz\u00ednvonal\u00e1nak n\u00f6vel\u00e9se a c\u00e9l mind a nemzetk\u00f6zi sz\u00e1llodahaj\u00f3k, mind a menetrendszerinti kir\u00e1ndul\u00f3j\u00e1ratok, sz\u00e1rnyashaj\u00f3k \u00e9s kompok vonatkoz\u00e1s\u00e1ban. A Kom\u00e1romban, Esztergomban, Zebeg\u00e9nyben, Visegr\u00e1don \u00e9s a D\u00f6m\u00f6s \u00e1tkel\u00e9s meg\u00e1ll\u00f3n\u00e1l a megval\u00f3sult beruh\u00e1z\u00e1sok hozz\u00e1j\u00e1rulnak az Integr\u00e1lt K\u00f6zleked\u00e9sfejleszt\u00e9si Operat\u00edv Program c\u00e9lkit\u0171z\u00e9seihez, jav\u00edtj\u00e1k a multimod\u00e1lis \u00f6sszek\u00f6ttet\u00e9seket, \u00e1tsz\u00e1ll\u00e1si lehet\u0151s\u00e9get biztos\u00edtva vonat \u00e9s komp, aut\u00f3busz \u00e9s haj\u00f3 k\u00f6z\u00f6tt a ker\u00e9kp\u00e1rsz\u00e1ll\u00edt\u00e1st is lehet\u0151v\u00e9 t\u00e9ve.<\/p>\n<p>A MAHART PassNave Kft. fejlesztett kik\u00f6t\u0151iben a projekt k\u00f6zvetlen hat\u00e1s\u00e1ra a kik\u00f6t\u0151 haj\u00f3k sz\u00e1m\u00e1nak n\u00f6veked\u00e9se v\u00e1rhat\u00f3.<\/p>\n<p>A Nemzeti Fejleszt\u00e9si Miniszt\u00e9rium \u00e1ltal t\u00e1mogatott projekt a Koh\u00e9zi\u00f3s Alapb\u00f3l \u00e9s hazai k\u00f6zponti k\u00f6lts\u00e9gvet\u00e9si el\u0151ir\u00e1nyzatb\u00f3l vissza nem t\u00e9r\u00edtend\u0151 t\u00e1mogat\u00e1s form\u00e1j\u00e1ban ker\u00fclt finansz\u00edroz\u00e1sra.<\/p>\n<p><em>Bor\u00edt\u00f3k\u00e9p: illusztr\u00e1ci\u00f3 (az \u00faj szobi kik\u00f6t\u0151)<\/em><\/p>\n","protected":false},"excerpt":{"rendered":"<p>500 milli\u00f3 forint eur\u00f3pai uni\u00f3s t\u00e1mogat\u00e1ssal val\u00f3sult meg a MAHART-PassNave Kft. \u201eIKOP-2.1.0-15-2016-00034\u201d azonos\u00edt\u00f3sz\u00e1m\u00fa projektje, melynek c\u00e9lja a szem\u00e9lysz\u00e1ll\u00edt\u00e1sra alkalmas haj\u00f3\u00e1ll\u00e1sok ki\u00e9p\u00edt\u00e9se volt Visegr\u00e1d, D\u00f6m\u00f6s \u00e1tkel\u00e9s, Zebeg\u00e9ny, Esztergom \u00e9s Kom\u00e1rom kik\u00f6t\u0151iben. A v\u00edzoldali infrastrukt\u00fara ki\u00e9p\u00edt\u00e9se mellett a parti infrastrukt\u00fara helyre\u00e1ll\u00edt\u00e1sa is a beruh\u00e1z\u00e1s r\u00e9sze volt. A projekt strat\u00e9giai c\u00e9lja, hogy a Dunakanyar t\u00e9rs\u00e9g\u00e9ben, t\u00e1gabb megk\u00f6zel\u00edt\u00e9sben pedig<\/p>\n","protected":false},"author":1,"featured_media":35035,"comment_status":"closed","ping_status":"closed","sticky":false,"template":"","format":"standard","meta":{"ngg_post_thumbnail":0,"footnotes":""},"categories":[38,3],"tags":[5842,42,5843,4397,1402,746,1426,2551],"class_list":{"0":"post-35034","1":"post","2":"type-post","3":"status-publish","4":"format-standard","5":"has-post-thumbnail","7":"category-esztergom","8":"category-hirek","9":"tag-domos-atkeles","10":"tag-esztergom","11":"tag-hajoallas","12":"tag-kikoto","13":"tag-komarom","14":"tag-mahart","15":"tag-visegrad","16":"tag-zebegeny"},"yoast_head":"<!-- This site is optimized with the Yoast SEO plugin v27.4 - https:\/\/yoast.com\/product\/yoast-seo-wordpress\/ -->\n<title>\u00daj haj\u00f3\u00e1ll\u00e1sokat \u00e9p\u00edtett ki a MAHART<\/title>\n<meta name=\"robots\" content=\"index, follow, max-snippet:-1, max-image-preview:large, max-video-preview:-1\" \/>\n<link rel=\"canonical\" href=\"https:\/\/dorogimedence.hu\/index.php\/2021\/07\/22\/uj-hajoallasokat-epitett-ki-a-mahart\/\" class=\"yoast-seo-meta-tag\" \/>\n<meta property=\"og:locale\" content=\"hu_HU\" class=\"yoast-seo-meta-tag\" \/>\n<meta property=\"og:type\" content=\"article\" class=\"yoast-seo-meta-tag\" \/>\n<meta property=\"og:title\" content=\"\u00daj haj\u00f3\u00e1ll\u00e1sokat \u00e9p\u00edtett ki a MAHART\" class=\"yoast-seo-meta-tag\" \/>\n<meta property=\"og:description\" content=\"500 milli\u00f3 forint eur\u00f3pai uni\u00f3s t\u00e1mogat\u00e1ssal val\u00f3sult meg a MAHART-PassNave Kft. \u201eIKOP-2.1.0-15-2016-00034\u201d azonos\u00edt\u00f3sz\u00e1m\u00fa projektje, melynek c\u00e9lja a szem\u00e9lysz\u00e1ll\u00edt\u00e1sra alkalmas haj\u00f3\u00e1ll\u00e1sok ki\u00e9p\u00edt\u00e9se volt Visegr\u00e1d, D\u00f6m\u00f6s \u00e1tkel\u00e9s, Zebeg\u00e9ny, Esztergom \u00e9s Kom\u00e1rom kik\u00f6t\u0151iben. A v\u00edzoldali infrastrukt\u00fara ki\u00e9p\u00edt\u00e9se mellett a parti infrastrukt\u00fara helyre\u00e1ll\u00edt\u00e1sa is a beruh\u00e1z\u00e1s r\u00e9sze volt. A projekt strat\u00e9giai c\u00e9lja, hogy a Dunakanyar t\u00e9rs\u00e9g\u00e9ben, t\u00e1gabb megk\u00f6zel\u00edt\u00e9sben pedig\" class=\"yoast-seo-meta-tag\" \/>\n<meta property=\"og:url\" content=\"https:\/\/dorogimedence.hu\/index.php\/2021\/07\/22\/uj-hajoallasokat-epitett-ki-a-mahart\/\" class=\"yoast-seo-meta-tag\" \/>\n<meta property=\"og:site_name\" content=\"Dorogi-medence Region\u00e1lis H\u00edrport\u00e1l\" class=\"yoast-seo-meta-tag\" \/>\n<meta property=\"article:publisher\" content=\"https:\/\/www.facebook.com\/dorogimedence\/\" class=\"yoast-seo-meta-tag\" \/>\n<meta property=\"article:published_time\" content=\"2021-07-22T09:34:09+00:00\" class=\"yoast-seo-meta-tag\" \/>\n<meta property=\"article:modified_time\" content=\"2021-07-22T09:36:34+00:00\" class=\"yoast-seo-meta-tag\" \/>\n<meta property=\"og:image\" content=\"https:\/\/i0.wp.com\/dorogimedence.hu\/wp-content\/uploads\/2021\/07\/kikoto-szob.jpg?fit=1020%2C618&ssl=1\" class=\"yoast-seo-meta-tag\" \/>\n\t<meta property=\"og:image:width\" content=\"1020\" class=\"yoast-seo-meta-tag\" \/>\n\t<meta property=\"og:image:height\" content=\"618\" class=\"yoast-seo-meta-tag\" \/>\n\t<meta property=\"og:image:type\" content=\"image\/jpeg\" class=\"yoast-seo-meta-tag\" \/>\n<meta name=\"author\" content=\"dorogimedence.hu\" class=\"yoast-seo-meta-tag\" \/>\n<meta name=\"twitter:card\" content=\"summary_large_image\" class=\"yoast-seo-meta-tag\" \/>\n<meta name=\"twitter:label1\" content=\"Szerz\u0151:\" class=\"yoast-seo-meta-tag\" \/>\n\t<meta name=\"twitter:data1\" content=\"dorogimedence.hu\" class=\"yoast-seo-meta-tag\" \/>\n\t<meta name=\"twitter:label2\" content=\"Becs\u00fclt olvas\u00e1si id\u0151\" class=\"yoast-seo-meta-tag\" \/>\n\t<meta name=\"twitter:data2\" content=\"2 perc\" class=\"yoast-seo-meta-tag\" \/>\n<script type=\"application\/ld+json\" class=\"yoast-schema-graph\">{\"@context\":\"https:\\\/\\\/schema.org\",\"@graph\":[{\"@type\":\"Article\",\"@id\":\"https:\\\/\\\/dorogimedence.hu\\\/index.php\\\/2021\\\/07\\\/22\\\/uj-hajoallasokat-epitett-ki-a-mahart\\\/#article\",\"isPartOf\":{\"@id\":\"https:\\\/\\\/dorogimedence.hu\\\/index.php\\\/2021\\\/07\\\/22\\\/uj-hajoallasokat-epitett-ki-a-mahart\\\/\"},\"author\":{\"name\":\"dorogimedence.hu\",\"@id\":\"https:\\\/\\\/dorogimedence.hu\\\/#\\\/schema\\\/person\\\/ce6091eeb7e95ecdc87890d6aa8e0fd4\"},\"headline\":\"\u00daj haj\u00f3\u00e1ll\u00e1sokat \u00e9p\u00edtett ki a MAHART\",\"datePublished\":\"2021-07-22T09:34:09+00:00\",\"dateModified\":\"2021-07-22T09:36:34+00:00\",\"mainEntityOfPage\":{\"@id\":\"https:\\\/\\\/dorogimedence.hu\\\/index.php\\\/2021\\\/07\\\/22\\\/uj-hajoallasokat-epitett-ki-a-mahart\\\/\"},\"wordCount\":351,\"publisher\":{\"@id\":\"https:\\\/\\\/dorogimedence.hu\\\/#organization\"},\"image\":{\"@id\":\"https:\\\/\\\/dorogimedence.hu\\\/index.php\\\/2021\\\/07\\\/22\\\/uj-hajoallasokat-epitett-ki-a-mahart\\\/#primaryimage\"},\"thumbnailUrl\":\"https:\\\/\\\/dorogimedence.hu\\\/wp-content\\\/uploads\\\/2021\\\/07\\\/kikoto-szob.jpg\",\"keywords\":[\"D\u00f6m\u00f6s \u00e1tkel\u00e9s\",\"esztergom\",\"haj\u00f3\u00e1ll\u00e1s\",\"kik\u00f6t\u0151\",\"Kom\u00e1rom\",\"mahart\",\"Visegr\u00e1d\",\"Zebeg\u00e9ny\"],\"articleSection\":[\"Esztergom\",\"H\u00edrek\"],\"inLanguage\":\"hu\"},{\"@type\":\"WebPage\",\"@id\":\"https:\\\/\\\/dorogimedence.hu\\\/index.php\\\/2021\\\/07\\\/22\\\/uj-hajoallasokat-epitett-ki-a-mahart\\\/\",\"url\":\"https:\\\/\\\/dorogimedence.hu\\\/index.php\\\/2021\\\/07\\\/22\\\/uj-hajoallasokat-epitett-ki-a-mahart\\\/\",\"name\":\"\u00daj haj\u00f3\u00e1ll\u00e1sokat \u00e9p\u00edtett ki a MAHART\",\"isPartOf\":{\"@id\":\"https:\\\/\\\/dorogimedence.hu\\\/#website\"},\"primaryImageOfPage\":{\"@id\":\"https:\\\/\\\/dorogimedence.hu\\\/index.php\\\/2021\\\/07\\\/22\\\/uj-hajoallasokat-epitett-ki-a-mahart\\\/#primaryimage\"},\"image\":{\"@id\":\"https:\\\/\\\/dorogimedence.hu\\\/index.php\\\/2021\\\/07\\\/22\\\/uj-hajoallasokat-epitett-ki-a-mahart\\\/#primaryimage\"},\"thumbnailUrl\":\"https:\\\/\\\/dorogimedence.hu\\\/wp-content\\\/uploads\\\/2021\\\/07\\\/kikoto-szob.jpg\",\"datePublished\":\"2021-07-22T09:34:09+00:00\",\"dateModified\":\"2021-07-22T09:36:34+00:00\",\"breadcrumb\":{\"@id\":\"https:\\\/\\\/dorogimedence.hu\\\/index.php\\\/2021\\\/07\\\/22\\\/uj-hajoallasokat-epitett-ki-a-mahart\\\/#breadcrumb\"},\"inLanguage\":\"hu\",\"potentialAction\":[{\"@type\":\"ReadAction\",\"target\":[\"https:\\\/\\\/dorogimedence.hu\\\/index.php\\\/2021\\\/07\\\/22\\\/uj-hajoallasokat-epitett-ki-a-mahart\\\/\"]}]},{\"@type\":\"ImageObject\",\"inLanguage\":\"hu\",\"@id\":\"https:\\\/\\\/dorogimedence.hu\\\/index.php\\\/2021\\\/07\\\/22\\\/uj-hajoallasokat-epitett-ki-a-mahart\\\/#primaryimage\",\"url\":\"https:\\\/\\\/dorogimedence.hu\\\/wp-content\\\/uploads\\\/2021\\\/07\\\/kikoto-szob.jpg\",\"contentUrl\":\"https:\\\/\\\/dorogimedence.hu\\\/wp-content\\\/uploads\\\/2021\\\/07\\\/kikoto-szob.jpg\",\"width\":1020,\"height\":618},{\"@type\":\"BreadcrumbList\",\"@id\":\"https:\\\/\\\/dorogimedence.hu\\\/index.php\\\/2021\\\/07\\\/22\\\/uj-hajoallasokat-epitett-ki-a-mahart\\\/#breadcrumb\",\"itemListElement\":[{\"@type\":\"ListItem\",\"position\":1,\"name\":\"Kezd\u0151lap\",\"item\":\"https:\\\/\\\/dorogimedence.hu\\\/\"},{\"@type\":\"ListItem\",\"position\":2,\"name\":\"\u00daj haj\u00f3\u00e1ll\u00e1sokat \u00e9p\u00edtett ki a MAHART\"}]},{\"@type\":\"WebSite\",\"@id\":\"https:\\\/\\\/dorogimedence.hu\\\/#website\",\"url\":\"https:\\\/\\\/dorogimedence.hu\\\/\",\"name\":\"Dorogi-medence Region\u00e1lis H\u00edrport\u00e1l\",\"description\":\"Dorog, Keszt\u00f6lc, Le\u00e1nyv\u00e1r, Piliscs\u00e9v, Tokod, Tokodalt\u00e1r\u00f3, Csolnok, Esztergom-kertv\u00e1ros: h\u00edrek, programok\",\"publisher\":{\"@id\":\"https:\\\/\\\/dorogimedence.hu\\\/#organization\"},\"potentialAction\":[{\"@type\":\"SearchAction\",\"target\":{\"@type\":\"EntryPoint\",\"urlTemplate\":\"https:\\\/\\\/dorogimedence.hu\\\/?s={search_term_string}\"},\"query-input\":{\"@type\":\"PropertyValueSpecification\",\"valueRequired\":true,\"valueName\":\"search_term_string\"}}],\"inLanguage\":\"hu\"},{\"@type\":\"Organization\",\"@id\":\"https:\\\/\\\/dorogimedence.hu\\\/#organization\",\"name\":\"Dorogi-medence Region\u00e1lis H\u00edrport\u00e1l\",\"url\":\"https:\\\/\\\/dorogimedence.hu\\\/\",\"logo\":{\"@type\":\"ImageObject\",\"inLanguage\":\"hu\",\"@id\":\"https:\\\/\\\/dorogimedence.hu\\\/#\\\/schema\\\/logo\\\/image\\\/\",\"url\":\"https:\\\/\\\/dorogimedence.hu\\\/wp-content\\\/uploads\\\/2021\\\/04\\\/logo-feher-600.png\",\"contentUrl\":\"https:\\\/\\\/dorogimedence.hu\\\/wp-content\\\/uploads\\\/2021\\\/04\\\/logo-feher-600.png\",\"width\":600,\"height\":100,\"caption\":\"Dorogi-medence Region\u00e1lis H\u00edrport\u00e1l\"},\"image\":{\"@id\":\"https:\\\/\\\/dorogimedence.hu\\\/#\\\/schema\\\/logo\\\/image\\\/\"},\"sameAs\":[\"https:\\\/\\\/www.facebook.com\\\/dorogimedence\\\/\"]},{\"@type\":\"Person\",\"@id\":\"https:\\\/\\\/dorogimedence.hu\\\/#\\\/schema\\\/person\\\/ce6091eeb7e95ecdc87890d6aa8e0fd4\",\"name\":\"dorogimedence.hu\",\"image\":{\"@type\":\"ImageObject\",\"inLanguage\":\"hu\",\"@id\":\"\\\/\\\/www.gravatar.com\\\/avatar\\\/d8d45f8901aadff40a4af72c0b826f1d?s=96&#038;r=g&#038;d=mm\",\"url\":\"\\\/\\\/www.gravatar.com\\\/avatar\\\/d8d45f8901aadff40a4af72c0b826f1d?s=96&#038;r=g&#038;d=mm\",\"contentUrl\":\"\\\/\\\/www.gravatar.com\\\/avatar\\\/d8d45f8901aadff40a4af72c0b826f1d?s=96&#038;r=g&#038;d=mm\",\"caption\":\"dorogimedence.hu\"}}]}<\/script>\n<!-- \/ Yoast SEO plugin. -->","yoast_head_json":{"title":"\u00daj haj\u00f3\u00e1ll\u00e1sokat \u00e9p\u00edtett ki a MAHART","robots":{"index":"index","follow":"follow","max-snippet":"max-snippet:-1","max-image-preview":"max-image-preview:large","max-video-preview":"max-video-preview:-1"},"canonical":"https:\/\/dorogimedence.hu\/index.php\/2021\/07\/22\/uj-hajoallasokat-epitett-ki-a-mahart\/","og_locale":"hu_HU","og_type":"article","og_title":"\u00daj haj\u00f3\u00e1ll\u00e1sokat \u00e9p\u00edtett ki a MAHART","og_description":"500 milli\u00f3 forint eur\u00f3pai uni\u00f3s t\u00e1mogat\u00e1ssal val\u00f3sult meg a MAHART-PassNave Kft. \u201eIKOP-2.1.0-15-2016-00034\u201d azonos\u00edt\u00f3sz\u00e1m\u00fa projektje, melynek c\u00e9lja a szem\u00e9lysz\u00e1ll\u00edt\u00e1sra alkalmas haj\u00f3\u00e1ll\u00e1sok ki\u00e9p\u00edt\u00e9se volt Visegr\u00e1d, D\u00f6m\u00f6s \u00e1tkel\u00e9s, Zebeg\u00e9ny, Esztergom \u00e9s Kom\u00e1rom kik\u00f6t\u0151iben. A v\u00edzoldali infrastrukt\u00fara ki\u00e9p\u00edt\u00e9se mellett a parti infrastrukt\u00fara helyre\u00e1ll\u00edt\u00e1sa is a beruh\u00e1z\u00e1s r\u00e9sze volt. A projekt strat\u00e9giai c\u00e9lja, hogy a Dunakanyar t\u00e9rs\u00e9g\u00e9ben, t\u00e1gabb megk\u00f6zel\u00edt\u00e9sben pedig","og_url":"https:\/\/dorogimedence.hu\/index.php\/2021\/07\/22\/uj-hajoallasokat-epitett-ki-a-mahart\/","og_site_name":"Dorogi-medence Region\u00e1lis H\u00edrport\u00e1l","article_publisher":"https:\/\/www.facebook.com\/dorogimedence\/","article_published_time":"2021-07-22T09:34:09+00:00","article_modified_time":"2021-07-22T09:36:34+00:00","og_image":[{"width":1020,"height":618,"url":"https:\/\/i0.wp.com\/dorogimedence.hu\/wp-content\/uploads\/2021\/07\/kikoto-szob.jpg?fit=1020%2C618&ssl=1","type":"image\/jpeg"}],"author":"dorogimedence.hu","twitter_card":"summary_large_image","twitter_misc":{"Szerz\u0151:":"dorogimedence.hu","Becs\u00fclt olvas\u00e1si id\u0151":"2 perc"},"schema":{"@context":"https:\/\/schema.org","@graph":[{"@type":"Article","@id":"https:\/\/dorogimedence.hu\/index.php\/2021\/07\/22\/uj-hajoallasokat-epitett-ki-a-mahart\/#article","isPartOf":{"@id":"https:\/\/dorogimedence.hu\/index.php\/2021\/07\/22\/uj-hajoallasokat-epitett-ki-a-mahart\/"},"author":{"name":"dorogimedence.hu","@id":"https:\/\/dorogimedence.hu\/#\/schema\/person\/ce6091eeb7e95ecdc87890d6aa8e0fd4"},"headline":"\u00daj haj\u00f3\u00e1ll\u00e1sokat \u00e9p\u00edtett ki a MAHART","datePublished":"2021-07-22T09:34:09+00:00","dateModified":"2021-07-22T09:36:34+00:00","mainEntityOfPage":{"@id":"https:\/\/dorogimedence.hu\/index.php\/2021\/07\/22\/uj-hajoallasokat-epitett-ki-a-mahart\/"},"wordCount":351,"publisher":{"@id":"https:\/\/dorogimedence.hu\/#organization"},"image":{"@id":"https:\/\/dorogimedence.hu\/index.php\/2021\/07\/22\/uj-hajoallasokat-epitett-ki-a-mahart\/#primaryimage"},"thumbnailUrl":"https:\/\/dorogimedence.hu\/wp-content\/uploads\/2021\/07\/kikoto-szob.jpg","keywords":["D\u00f6m\u00f6s \u00e1tkel\u00e9s","esztergom","haj\u00f3\u00e1ll\u00e1s","kik\u00f6t\u0151","Kom\u00e1rom","mahart","Visegr\u00e1d","Zebeg\u00e9ny"],"articleSection":["Esztergom","H\u00edrek"],"inLanguage":"hu"},{"@type":"WebPage","@id":"https:\/\/dorogimedence.hu\/index.php\/2021\/07\/22\/uj-hajoallasokat-epitett-ki-a-mahart\/","url":"https:\/\/dorogimedence.hu\/index.php\/2021\/07\/22\/uj-hajoallasokat-epitett-ki-a-mahart\/","name":"\u00daj haj\u00f3\u00e1ll\u00e1sokat \u00e9p\u00edtett ki a MAHART","isPartOf":{"@id":"https:\/\/dorogimedence.hu\/#website"},"primaryImageOfPage":{"@id":"https:\/\/dorogimedence.hu\/index.php\/2021\/07\/22\/uj-hajoallasokat-epitett-ki-a-mahart\/#primaryimage"},"image":{"@id":"https:\/\/dorogimedence.hu\/index.php\/2021\/07\/22\/uj-hajoallasokat-epitett-ki-a-mahart\/#primaryimage"},"thumbnailUrl":"https:\/\/dorogimedence.hu\/wp-content\/uploads\/2021\/07\/kikoto-szob.jpg","datePublished":"2021-07-22T09:34:09+00:00","dateModified":"2021-07-22T09:36:34+00:00","breadcrumb":{"@id":"https:\/\/dorogimedence.hu\/index.php\/2021\/07\/22\/uj-hajoallasokat-epitett-ki-a-mahart\/#breadcrumb"},"inLanguage":"hu","potentialAction":[{"@type":"ReadAction","target":["https:\/\/dorogimedence.hu\/index.php\/2021\/07\/22\/uj-hajoallasokat-epitett-ki-a-mahart\/"]}]},{"@type":"ImageObject","inLanguage":"hu","@id":"https:\/\/dorogimedence.hu\/index.php\/2021\/07\/22\/uj-hajoallasokat-epitett-ki-a-mahart\/#primaryimage","url":"https:\/\/dorogimedence.hu\/wp-content\/uploads\/2021\/07\/kikoto-szob.jpg","contentUrl":"https:\/\/dorogimedence.hu\/wp-content\/uploads\/2021\/07\/kikoto-szob.jpg","width":1020,"height":618},{"@type":"BreadcrumbList","@id":"https:\/\/dorogimedence.hu\/index.php\/2021\/07\/22\/uj-hajoallasokat-epitett-ki-a-mahart\/#breadcrumb","itemListElement":[{"@type":"ListItem","position":1,"name":"Kezd\u0151lap","item":"https:\/\/dorogimedence.hu\/"},{"@type":"ListItem","position":2,"name":"\u00daj haj\u00f3\u00e1ll\u00e1sokat \u00e9p\u00edtett ki a MAHART"}]},{"@type":"WebSite","@id":"https:\/\/dorogimedence.hu\/#website","url":"https:\/\/dorogimedence.hu\/","name":"Dorogi-medence Region\u00e1lis H\u00edrport\u00e1l","description":"Dorog, Keszt\u00f6lc, Le\u00e1nyv\u00e1r, Piliscs\u00e9v, Tokod, Tokodalt\u00e1r\u00f3, Csolnok, Esztergom-kertv\u00e1ros: h\u00edrek, programok","publisher":{"@id":"https:\/\/dorogimedence.hu\/#organization"},"potentialAction":[{"@type":"SearchAction","target":{"@type":"EntryPoint","urlTemplate":"https:\/\/dorogimedence.hu\/?s={search_term_string}"},"query-input":{"@type":"PropertyValueSpecification","valueRequired":true,"valueName":"search_term_string"}}],"inLanguage":"hu"},{"@type":"Organization","@id":"https:\/\/dorogimedence.hu\/#organization","name":"Dorogi-medence Region\u00e1lis H\u00edrport\u00e1l","url":"https:\/\/dorogimedence.hu\/","logo":{"@type":"ImageObject","inLanguage":"hu","@id":"https:\/\/dorogimedence.hu\/#\/schema\/logo\/image\/","url":"https:\/\/dorogimedence.hu\/wp-content\/uploads\/2021\/04\/logo-feher-600.png","contentUrl":"https:\/\/dorogimedence.hu\/wp-content\/uploads\/2021\/04\/logo-feher-600.png","width":600,"height":100,"caption":"Dorogi-medence Region\u00e1lis H\u00edrport\u00e1l"},"image":{"@id":"https:\/\/dorogimedence.hu\/#\/schema\/logo\/image\/"},"sameAs":["https:\/\/www.facebook.com\/dorogimedence\/"]},{"@type":"Person","@id":"https:\/\/dorogimedence.hu\/#\/schema\/person\/ce6091eeb7e95ecdc87890d6aa8e0fd4","name":"dorogimedence.hu","image":{"@type":"ImageObject","inLanguage":"hu","@id":"\/\/www.gravatar.com\/avatar\/d8d45f8901aadff40a4af72c0b826f1d?s=96&#038;r=g&#038;d=mm","url":"\/\/www.gravatar.com\/avatar\/d8d45f8901aadff40a4af72c0b826f1d?s=96&#038;r=g&#038;d=mm","contentUrl":"\/\/www.gravatar.com\/avatar\/d8d45f8901aadff40a4af72c0b826f1d?s=96&#038;r=g&#038;d=mm","caption":"dorogimedence.hu"}}]}},"_links":{"self":[{"href":"https:\/\/dorogimedence.hu\/index.php\/wp-json\/wp\/v2\/posts\/35034","targetHints":{"allow":["GET"]}}],"collection":[{"href":"https:\/\/dorogimedence.hu\/index.php\/wp-json\/wp\/v2\/posts"}],"about":[{"href":"https:\/\/dorogimedence.hu\/index.php\/wp-json\/wp\/v2\/types\/post"}],"author":[{"embeddable":true,"href":"https:\/\/dorogimedence.hu\/index.php\/wp-json\/wp\/v2\/users\/1"}],"replies":[{"embeddable":true,"href":"https:\/\/dorogimedence.hu\/index.php\/wp-json\/wp\/v2\/comments?post=35034"}],"version-history":[{"count":0,"href":"https:\/\/dorogimedence.hu\/index.php\/wp-json\/wp\/v2\/posts\/35034\/revisions"}],"wp:featuredmedia":[{"embeddable":true,"href":"https:\/\/dorogimedence.hu\/index.php\/wp-json\/wp\/v2\/media\/35035"}],"wp:attachment":[{"href":"https:\/\/dorogimedence.hu\/index.php\/wp-json\/wp\/v2\/media?parent=35034"}],"wp:term":[{"taxonomy":"category","embeddable":true,"href":"https:\/\/dorogimedence.hu\/index.php\/wp-json\/wp\/v2\/categories?post=35034"},{"taxonomy":"post_tag","embeddable":true,"href":"https:\/\/dorogimedence.hu\/index.php\/wp-json\/wp\/v2\/tags?post=35034"}],"curies":[{"name":"wp","href":"https:\/\/api.w.org\/{rel}","templated":true}]}}