{"id":35031,"date":"2021-07-22T11:03:55","date_gmt":"2021-07-22T09:03:55","guid":{"rendered":"https:\/\/dorogimedence.hu\/?p=35031"},"modified":"2021-07-22T11:05:01","modified_gmt":"2021-07-22T09:05:01","slug":"gulyas-a-pegasus-ugy-egy-albotrany","status":"publish","type":"post","link":"https:\/\/dorogimedence.hu\/index.php\/2021\/07\/22\/gulyas-a-pegasus-ugy-egy-albotrany\/","title":{"rendered":"Guly\u00e1s: a Pegasus-\u00fcgy egy \u00e1lbotr\u00e1ny"},"content":{"rendered":"<p><strong>Politikai \u00e1ll\u00e1sfoglal\u00e1s miatt senkit nem hallgat le a kabinet. A Pegasus-\u00fcgy egy hiszt\u00e9rikus kamp\u00e1ny<\/strong> <em>\u2013 mondta Guly\u00e1s Gergely, Minisztereln\u00f6ks\u00e9get vezet\u0151 miniszter a cs\u00fct\u00f6rt\u00f6ki Korm\u00e1nyinf\u00f3n.<\/em><\/p>\n<p>\u201eBr\u00fcsszel egy\u00e9rtelm\u0171en megt\u00e1madta Magyarorsz\u00e1got a gyermekv\u00e9delmi t\u00f6rv\u00e9ny miatt. Az \u00e1llam alkotm\u00e1nyos k\u00f6telezetts\u00e9ge, hogy a gyermekv\u00e9delmi feladatait ell\u00e1ssa.\u201d \u2013 ezzel kezdte a Korm\u00e1nyinf\u00f3t Guly\u00e1s Gergely.<\/p>\n<p>A miniszter elmondta, hogy a legdemokratikusabb elj\u00e1r\u00e1s a n\u00e9pszavaz\u00e1s. Legk\u00e9s\u0151bb id\u00e9n \u00e9v v\u00e9g\u00e9n, vagy a j\u00f6v\u0151 \u00e9v elej\u00e9n lehet megtartani a n\u00e9pszavaz\u00e1st. Kiemelte, hogy a 2016-os kv\u00f3tan\u00e9pszavaz\u00e1s bebizony\u00edtotta, hogy minden szavazat sz\u00e1m\u00edt.&nbsp;<\/p>\n<p>A helyre\u00e1ll\u00edt\u00e1si alapra vonatkoz\u00f3 k\u00e9rd\u00e9sre a miniszter elmondta: \u201eA helyre\u00e1ll\u00edt\u00e1si alapban m\u00e1r megegyezt\u00fcnk, de Br\u00fcsszel ezt \u00fajra nyitotta.\u201d Hozz\u00e1tette, hogy a korm\u00e1ny tov\u00e1bbra is t\u00e1rgyal a bizotts\u00e1ggal. A helyre\u00e1ll\u00edt\u00e1si alaphoz sz\u00fcks\u00e9ges p\u00e9nzeket a korm\u00e1ny ki fogja fizetni, el\u0151finansz\u00edroz\u00e1ssal. Kiemelte: kiz\u00e1r\u00f3lag az Eur\u00f3pai Bizotts\u00e1gt\u00f3l f\u00fcgg a meg\u00e1llapod\u00e1s.<\/p>\n<p>A miniszter az eur\u00f3pai k\u00f6z\u00f6s piacra vonatkoz\u00f3 k\u00e9rd\u00e9sre kifejtette, hogy a k\u00f6z\u00f6s piac mindny\u00e1junk \u00e9rdeke, de a lopakod\u00f3 szerz\u0151d\u00e9sm\u00f3dos\u00edt\u00e1st nem lehet elfogadni, \u00e9s az intoler\u00e1ns agresszi\u00f3t sem az Uni\u00f3 r\u00e9sz\u00e9r\u0151l. \u201eAz, hogy az LMBTQ aktivist\u00e1k beenged\u00e9s\u00e9t az iskol\u00e1kba jog\u00e1llami k\u00f6nt\u00f6sbe \u00f6lt\u00f6ztetik, az teljesen elfogadhatatlan.\u201d \u2013 jelentette ki Guly\u00e1s Gergely. Egy m\u00e1sik k\u00e9rd\u00e9sre pedig azt mondta, hogy a t\u00f6rv\u00e9ny nem mossa \u00f6ssze a pedofili\u00e1t a homoszexualit\u00e1ssal. Teljesen abszurd, hogy teljesen k\u00fcl\u00f6nb\u00f6z\u0151 dolgokat mosnak \u00f6ssze.&nbsp;<\/p>\n<p>A politikus r\u00e1mutatott arra is, hogy a n\u00e9met Z\u00f6ldek, akik es\u00e9lyesek arra, hogy korm\u00e1nyra ker\u00fcljenek, olyan javaslatot terjesztettek el\u0151, hogy 14 \u00e9ven fel\u00fcliek k\u00f6r\u00e9ben \u00e1llami p\u00e9nzb\u0151l lehessen nemv\u00e1ltoztat\u00f3 m\u0171t\u00e9teket el\u0151terjeszteni.<\/p>\n<p>Guly\u00e1s Gergely a Pegasus-\u00fcggyel kapcsolatban kijelentette, hogy az nem volt t\u00e9ma a korm\u00e1ny\u00fcl\u00e9sen. Kiemelte: egy hiszt\u00e9rikus kamp\u00e1nyr\u00f3l van sz\u00f3. 1995 \u00f3ta a nemzetbiztons\u00e1gi t\u00f6rv\u00e9ny szab\u00e1lyozza a titkosszolg\u00e1latok m\u0171k\u00f6d\u00e9s\u00e9t. Hat\u00e1rozottan kijelentette, hogy politikai \u00e1ll\u00e1sfoglal\u00e1s miatt senkit nem hallgat le a kabinet. \u201eGyurcs\u00e1ny Ferenc korm\u00e1nyz\u00e1sa idej\u00e9n hallgattak le embereket a politikai v\u00e9lem\u00e9ny\u00fcket miatt.\u201d \u2013 tette hozz\u00e1.&nbsp;<\/p>\n<p>A miniszter megjegyezte, hogy a Pegasus-\u00fcgy nem arr\u00f3l sz\u00f3l, hogy a politikai \u00e9s gazdas\u00e1gi \u00e9let szerepl\u0151it lehallgatj\u00e1k, hanem hogy a korm\u00e1ny vissza\u00e9l\u00e9st k\u00f6vetett-e el. Egy v\u00e1laszt\u00e1st megel\u0151z\u0151en nyolc h\u00f3nappal ilyen a k\u00f6z\u00e9let &#8211; tette hozz\u00e1.<\/p>\n<p>Guly\u00e1s Gergely azt is mondta, hogy a titkos inform\u00e1ci\u00f3szerz\u00e9s jogellenes, teh\u00e1t b\u0171ncselekm\u00e9ny. Egy k\u00e9rd\u00e9sre pedig azt nyilatkozta, hogy a nemzetbiztons\u00e1gi v\u00e9delemnek is r\u00e9sze az inform\u00e1ci\u00f3gy\u0171jt\u00e9s, \u00e9s az adott szem\u00e9ly \u00edgy hozz\u00e1j\u00e1rul a r\u00f3la sz\u00f3l\u00f3 inform\u00e1ci\u00f3gy\u0171jt\u00e9shez. \u201eLehet azt a l\u00e1tszatot kelteni, hogy valaki r\u00e9sze egy lehallgat\u00e1snak, de ez egy\u00e1ltal\u00e1n nem biztos, hogy igaz.\u201d \u2013 tette hozz\u00e1.<\/p>\n<p><em>Forr\u00e1s: origo.hu \/ Korm\u00e1nyinf\u00f3<\/em><em><br \/>\nFot\u00f3: MTI\/Bruz\u00e1k No\u00e9mi<\/em><\/p>\n","protected":false},"excerpt":{"rendered":"<p>Politikai \u00e1ll\u00e1sfoglal\u00e1s miatt senkit nem hallgat le a kabinet. A Pegasus-\u00fcgy egy hiszt\u00e9rikus kamp\u00e1ny \u2013 mondta Guly\u00e1s Gergely, Minisztereln\u00f6ks\u00e9get vezet\u0151 miniszter a cs\u00fct\u00f6rt\u00f6ki Korm\u00e1nyinf\u00f3n. \u201eBr\u00fcsszel egy\u00e9rtelm\u0171en megt\u00e1madta Magyarorsz\u00e1got a gyermekv\u00e9delmi t\u00f6rv\u00e9ny miatt. Az \u00e1llam alkotm\u00e1nyos k\u00f6telezetts\u00e9ge, hogy a gyermekv\u00e9delmi feladatait ell\u00e1ssa.\u201d \u2013 ezzel kezdte a Korm\u00e1nyinf\u00f3t Guly\u00e1s Gergely. A miniszter elmondta, hogy a legdemokratikusabb elj\u00e1r\u00e1s<\/p>\n","protected":false},"author":1,"featured_media":35032,"comment_status":"closed","ping_status":"closed","sticky":false,"template":"","format":"standard","meta":{"ngg_post_thumbnail":0,"footnotes":""},"categories":[3],"tags":[5038],"class_list":{"0":"post-35031","1":"post","2":"type-post","3":"status-publish","4":"format-standard","5":"has-post-thumbnail","7":"category-hirek","8":"tag-kormanyinfo"},"yoast_head":"<!-- This site is optimized with the Yoast SEO plugin v27.4 - https:\/\/yoast.com\/product\/yoast-seo-wordpress\/ -->\n<title>Guly\u00e1s: a Pegasus-\u00fcgy egy \u00e1lbotr\u00e1ny<\/title>\n<meta name=\"robots\" content=\"index, follow, max-snippet:-1, max-image-preview:large, max-video-preview:-1\" \/>\n<link rel=\"canonical\" href=\"https:\/\/dorogimedence.hu\/index.php\/2021\/07\/22\/gulyas-a-pegasus-ugy-egy-albotrany\/\" class=\"yoast-seo-meta-tag\" \/>\n<meta property=\"og:locale\" content=\"hu_HU\" class=\"yoast-seo-meta-tag\" \/>\n<meta property=\"og:type\" content=\"article\" class=\"yoast-seo-meta-tag\" \/>\n<meta property=\"og:title\" content=\"Guly\u00e1s: a Pegasus-\u00fcgy egy \u00e1lbotr\u00e1ny\" class=\"yoast-seo-meta-tag\" \/>\n<meta property=\"og:description\" content=\"Politikai \u00e1ll\u00e1sfoglal\u00e1s miatt senkit nem hallgat le a kabinet. A Pegasus-\u00fcgy egy hiszt\u00e9rikus kamp\u00e1ny \u2013 mondta Guly\u00e1s Gergely, Minisztereln\u00f6ks\u00e9get vezet\u0151 miniszter a cs\u00fct\u00f6rt\u00f6ki Korm\u00e1nyinf\u00f3n. \u201eBr\u00fcsszel egy\u00e9rtelm\u0171en megt\u00e1madta Magyarorsz\u00e1got a gyermekv\u00e9delmi t\u00f6rv\u00e9ny miatt. Az \u00e1llam alkotm\u00e1nyos k\u00f6telezetts\u00e9ge, hogy a gyermekv\u00e9delmi feladatait ell\u00e1ssa.\u201d \u2013 ezzel kezdte a Korm\u00e1nyinf\u00f3t Guly\u00e1s Gergely. A miniszter elmondta, hogy a legdemokratikusabb elj\u00e1r\u00e1s\" class=\"yoast-seo-meta-tag\" \/>\n<meta property=\"og:url\" content=\"https:\/\/dorogimedence.hu\/index.php\/2021\/07\/22\/gulyas-a-pegasus-ugy-egy-albotrany\/\" class=\"yoast-seo-meta-tag\" \/>\n<meta property=\"og:site_name\" content=\"Dorogi-medence Region\u00e1lis H\u00edrport\u00e1l\" class=\"yoast-seo-meta-tag\" \/>\n<meta property=\"article:publisher\" content=\"https:\/\/www.facebook.com\/dorogimedence\/\" class=\"yoast-seo-meta-tag\" \/>\n<meta property=\"article:published_time\" content=\"2021-07-22T09:03:55+00:00\" class=\"yoast-seo-meta-tag\" \/>\n<meta property=\"article:modified_time\" content=\"2021-07-22T09:05:01+00:00\" class=\"yoast-seo-meta-tag\" \/>\n<meta property=\"og:image\" content=\"https:\/\/i0.wp.com\/dorogimedence.hu\/wp-content\/uploads\/2021\/07\/gulyasgergely2.jpg?fit=1920%2C1280&ssl=1\" class=\"yoast-seo-meta-tag\" \/>\n\t<meta property=\"og:image:width\" content=\"1920\" class=\"yoast-seo-meta-tag\" \/>\n\t<meta property=\"og:image:height\" content=\"1280\" class=\"yoast-seo-meta-tag\" \/>\n\t<meta property=\"og:image:type\" content=\"image\/jpeg\" class=\"yoast-seo-meta-tag\" \/>\n<meta name=\"author\" content=\"dorogimedence.hu\" class=\"yoast-seo-meta-tag\" \/>\n<meta name=\"twitter:card\" content=\"summary_large_image\" class=\"yoast-seo-meta-tag\" \/>\n<meta name=\"twitter:label1\" content=\"Szerz\u0151:\" class=\"yoast-seo-meta-tag\" \/>\n\t<meta name=\"twitter:data1\" content=\"dorogimedence.hu\" class=\"yoast-seo-meta-tag\" \/>\n\t<meta name=\"twitter:label2\" content=\"Becs\u00fclt olvas\u00e1si id\u0151\" class=\"yoast-seo-meta-tag\" \/>\n\t<meta name=\"twitter:data2\" content=\"3 perc\" class=\"yoast-seo-meta-tag\" \/>\n<script type=\"application\/ld+json\" class=\"yoast-schema-graph\">{\"@context\":\"https:\\\/\\\/schema.org\",\"@graph\":[{\"@type\":\"Article\",\"@id\":\"https:\\\/\\\/dorogimedence.hu\\\/index.php\\\/2021\\\/07\\\/22\\\/gulyas-a-pegasus-ugy-egy-albotrany\\\/#article\",\"isPartOf\":{\"@id\":\"https:\\\/\\\/dorogimedence.hu\\\/index.php\\\/2021\\\/07\\\/22\\\/gulyas-a-pegasus-ugy-egy-albotrany\\\/\"},\"author\":{\"name\":\"dorogimedence.hu\",\"@id\":\"https:\\\/\\\/dorogimedence.hu\\\/#\\\/schema\\\/person\\\/ce6091eeb7e95ecdc87890d6aa8e0fd4\"},\"headline\":\"Guly\u00e1s: a Pegasus-\u00fcgy egy \u00e1lbotr\u00e1ny\",\"datePublished\":\"2021-07-22T09:03:55+00:00\",\"dateModified\":\"2021-07-22T09:05:01+00:00\",\"mainEntityOfPage\":{\"@id\":\"https:\\\/\\\/dorogimedence.hu\\\/index.php\\\/2021\\\/07\\\/22\\\/gulyas-a-pegasus-ugy-egy-albotrany\\\/\"},\"wordCount\":598,\"publisher\":{\"@id\":\"https:\\\/\\\/dorogimedence.hu\\\/#organization\"},\"image\":{\"@id\":\"https:\\\/\\\/dorogimedence.hu\\\/index.php\\\/2021\\\/07\\\/22\\\/gulyas-a-pegasus-ugy-egy-albotrany\\\/#primaryimage\"},\"thumbnailUrl\":\"https:\\\/\\\/dorogimedence.hu\\\/wp-content\\\/uploads\\\/2021\\\/07\\\/gulyasgergely2.jpg\",\"keywords\":[\"korm\u00e1nyinf\u00f3\"],\"articleSection\":[\"H\u00edrek\"],\"inLanguage\":\"hu\"},{\"@type\":\"WebPage\",\"@id\":\"https:\\\/\\\/dorogimedence.hu\\\/index.php\\\/2021\\\/07\\\/22\\\/gulyas-a-pegasus-ugy-egy-albotrany\\\/\",\"url\":\"https:\\\/\\\/dorogimedence.hu\\\/index.php\\\/2021\\\/07\\\/22\\\/gulyas-a-pegasus-ugy-egy-albotrany\\\/\",\"name\":\"Guly\u00e1s: a Pegasus-\u00fcgy egy \u00e1lbotr\u00e1ny\",\"isPartOf\":{\"@id\":\"https:\\\/\\\/dorogimedence.hu\\\/#website\"},\"primaryImageOfPage\":{\"@id\":\"https:\\\/\\\/dorogimedence.hu\\\/index.php\\\/2021\\\/07\\\/22\\\/gulyas-a-pegasus-ugy-egy-albotrany\\\/#primaryimage\"},\"image\":{\"@id\":\"https:\\\/\\\/dorogimedence.hu\\\/index.php\\\/2021\\\/07\\\/22\\\/gulyas-a-pegasus-ugy-egy-albotrany\\\/#primaryimage\"},\"thumbnailUrl\":\"https:\\\/\\\/dorogimedence.hu\\\/wp-content\\\/uploads\\\/2021\\\/07\\\/gulyasgergely2.jpg\",\"datePublished\":\"2021-07-22T09:03:55+00:00\",\"dateModified\":\"2021-07-22T09:05:01+00:00\",\"breadcrumb\":{\"@id\":\"https:\\\/\\\/dorogimedence.hu\\\/index.php\\\/2021\\\/07\\\/22\\\/gulyas-a-pegasus-ugy-egy-albotrany\\\/#breadcrumb\"},\"inLanguage\":\"hu\",\"potentialAction\":[{\"@type\":\"ReadAction\",\"target\":[\"https:\\\/\\\/dorogimedence.hu\\\/index.php\\\/2021\\\/07\\\/22\\\/gulyas-a-pegasus-ugy-egy-albotrany\\\/\"]}]},{\"@type\":\"ImageObject\",\"inLanguage\":\"hu\",\"@id\":\"https:\\\/\\\/dorogimedence.hu\\\/index.php\\\/2021\\\/07\\\/22\\\/gulyas-a-pegasus-ugy-egy-albotrany\\\/#primaryimage\",\"url\":\"https:\\\/\\\/dorogimedence.hu\\\/wp-content\\\/uploads\\\/2021\\\/07\\\/gulyasgergely2.jpg\",\"contentUrl\":\"https:\\\/\\\/dorogimedence.hu\\\/wp-content\\\/uploads\\\/2021\\\/07\\\/gulyasgergely2.jpg\",\"width\":1920,\"height\":1280,\"caption\":\"Budapest, 2021. j\u00falius 22. Guly\u00e1s Gergely Minisztereln\u00f6ks\u00e9get vezet\u00f5 miniszter a Korm\u00e1nyinf\u00f3 sajt\u00f3t\u00e1j\u00e9koztat\u00f3n a Minisztereln\u00f6ki Kabinetiroda sajt\u00f3term\u00e9ben Budapesten 2021. j\u00falius 22-\u00e9n. MTI\\\/Bruz\u00e1k No\u00e9mi\"},{\"@type\":\"BreadcrumbList\",\"@id\":\"https:\\\/\\\/dorogimedence.hu\\\/index.php\\\/2021\\\/07\\\/22\\\/gulyas-a-pegasus-ugy-egy-albotrany\\\/#breadcrumb\",\"itemListElement\":[{\"@type\":\"ListItem\",\"position\":1,\"name\":\"Kezd\u0151lap\",\"item\":\"https:\\\/\\\/dorogimedence.hu\\\/\"},{\"@type\":\"ListItem\",\"position\":2,\"name\":\"Guly\u00e1s: a Pegasus-\u00fcgy egy \u00e1lbotr\u00e1ny\"}]},{\"@type\":\"WebSite\",\"@id\":\"https:\\\/\\\/dorogimedence.hu\\\/#website\",\"url\":\"https:\\\/\\\/dorogimedence.hu\\\/\",\"name\":\"Dorogi-medence Region\u00e1lis H\u00edrport\u00e1l\",\"description\":\"Dorog, Keszt\u00f6lc, Le\u00e1nyv\u00e1r, Piliscs\u00e9v, Tokod, Tokodalt\u00e1r\u00f3, Csolnok, Esztergom-kertv\u00e1ros: h\u00edrek, programok\",\"publisher\":{\"@id\":\"https:\\\/\\\/dorogimedence.hu\\\/#organization\"},\"potentialAction\":[{\"@type\":\"SearchAction\",\"target\":{\"@type\":\"EntryPoint\",\"urlTemplate\":\"https:\\\/\\\/dorogimedence.hu\\\/?s={search_term_string}\"},\"query-input\":{\"@type\":\"PropertyValueSpecification\",\"valueRequired\":true,\"valueName\":\"search_term_string\"}}],\"inLanguage\":\"hu\"},{\"@type\":\"Organization\",\"@id\":\"https:\\\/\\\/dorogimedence.hu\\\/#organization\",\"name\":\"Dorogi-medence Region\u00e1lis H\u00edrport\u00e1l\",\"url\":\"https:\\\/\\\/dorogimedence.hu\\\/\",\"logo\":{\"@type\":\"ImageObject\",\"inLanguage\":\"hu\",\"@id\":\"https:\\\/\\\/dorogimedence.hu\\\/#\\\/schema\\\/logo\\\/image\\\/\",\"url\":\"https:\\\/\\\/dorogimedence.hu\\\/wp-content\\\/uploads\\\/2021\\\/04\\\/logo-feher-600.png\",\"contentUrl\":\"https:\\\/\\\/dorogimedence.hu\\\/wp-content\\\/uploads\\\/2021\\\/04\\\/logo-feher-600.png\",\"width\":600,\"height\":100,\"caption\":\"Dorogi-medence Region\u00e1lis H\u00edrport\u00e1l\"},\"image\":{\"@id\":\"https:\\\/\\\/dorogimedence.hu\\\/#\\\/schema\\\/logo\\\/image\\\/\"},\"sameAs\":[\"https:\\\/\\\/www.facebook.com\\\/dorogimedence\\\/\"]},{\"@type\":\"Person\",\"@id\":\"https:\\\/\\\/dorogimedence.hu\\\/#\\\/schema\\\/person\\\/ce6091eeb7e95ecdc87890d6aa8e0fd4\",\"name\":\"dorogimedence.hu\",\"image\":{\"@type\":\"ImageObject\",\"inLanguage\":\"hu\",\"@id\":\"\\\/\\\/www.gravatar.com\\\/avatar\\\/d8d45f8901aadff40a4af72c0b826f1d?s=96&#038;r=g&#038;d=mm\",\"url\":\"\\\/\\\/www.gravatar.com\\\/avatar\\\/d8d45f8901aadff40a4af72c0b826f1d?s=96&#038;r=g&#038;d=mm\",\"contentUrl\":\"\\\/\\\/www.gravatar.com\\\/avatar\\\/d8d45f8901aadff40a4af72c0b826f1d?s=96&#038;r=g&#038;d=mm\",\"caption\":\"dorogimedence.hu\"}}]}<\/script>\n<!-- \/ Yoast SEO plugin. -->","yoast_head_json":{"title":"Guly\u00e1s: a Pegasus-\u00fcgy egy \u00e1lbotr\u00e1ny","robots":{"index":"index","follow":"follow","max-snippet":"max-snippet:-1","max-image-preview":"max-image-preview:large","max-video-preview":"max-video-preview:-1"},"canonical":"https:\/\/dorogimedence.hu\/index.php\/2021\/07\/22\/gulyas-a-pegasus-ugy-egy-albotrany\/","og_locale":"hu_HU","og_type":"article","og_title":"Guly\u00e1s: a Pegasus-\u00fcgy egy \u00e1lbotr\u00e1ny","og_description":"Politikai \u00e1ll\u00e1sfoglal\u00e1s miatt senkit nem hallgat le a kabinet. A Pegasus-\u00fcgy egy hiszt\u00e9rikus kamp\u00e1ny \u2013 mondta Guly\u00e1s Gergely, Minisztereln\u00f6ks\u00e9get vezet\u0151 miniszter a cs\u00fct\u00f6rt\u00f6ki Korm\u00e1nyinf\u00f3n. \u201eBr\u00fcsszel egy\u00e9rtelm\u0171en megt\u00e1madta Magyarorsz\u00e1got a gyermekv\u00e9delmi t\u00f6rv\u00e9ny miatt. Az \u00e1llam alkotm\u00e1nyos k\u00f6telezetts\u00e9ge, hogy a gyermekv\u00e9delmi feladatait ell\u00e1ssa.\u201d \u2013 ezzel kezdte a Korm\u00e1nyinf\u00f3t Guly\u00e1s Gergely. A miniszter elmondta, hogy a legdemokratikusabb elj\u00e1r\u00e1s","og_url":"https:\/\/dorogimedence.hu\/index.php\/2021\/07\/22\/gulyas-a-pegasus-ugy-egy-albotrany\/","og_site_name":"Dorogi-medence Region\u00e1lis H\u00edrport\u00e1l","article_publisher":"https:\/\/www.facebook.com\/dorogimedence\/","article_published_time":"2021-07-22T09:03:55+00:00","article_modified_time":"2021-07-22T09:05:01+00:00","og_image":[{"width":1920,"height":1280,"url":"https:\/\/i0.wp.com\/dorogimedence.hu\/wp-content\/uploads\/2021\/07\/gulyasgergely2.jpg?fit=1920%2C1280&ssl=1","type":"image\/jpeg"}],"author":"dorogimedence.hu","twitter_card":"summary_large_image","twitter_misc":{"Szerz\u0151:":"dorogimedence.hu","Becs\u00fclt olvas\u00e1si id\u0151":"3 perc"},"schema":{"@context":"https:\/\/schema.org","@graph":[{"@type":"Article","@id":"https:\/\/dorogimedence.hu\/index.php\/2021\/07\/22\/gulyas-a-pegasus-ugy-egy-albotrany\/#article","isPartOf":{"@id":"https:\/\/dorogimedence.hu\/index.php\/2021\/07\/22\/gulyas-a-pegasus-ugy-egy-albotrany\/"},"author":{"name":"dorogimedence.hu","@id":"https:\/\/dorogimedence.hu\/#\/schema\/person\/ce6091eeb7e95ecdc87890d6aa8e0fd4"},"headline":"Guly\u00e1s: a Pegasus-\u00fcgy egy \u00e1lbotr\u00e1ny","datePublished":"2021-07-22T09:03:55+00:00","dateModified":"2021-07-22T09:05:01+00:00","mainEntityOfPage":{"@id":"https:\/\/dorogimedence.hu\/index.php\/2021\/07\/22\/gulyas-a-pegasus-ugy-egy-albotrany\/"},"wordCount":598,"publisher":{"@id":"https:\/\/dorogimedence.hu\/#organization"},"image":{"@id":"https:\/\/dorogimedence.hu\/index.php\/2021\/07\/22\/gulyas-a-pegasus-ugy-egy-albotrany\/#primaryimage"},"thumbnailUrl":"https:\/\/dorogimedence.hu\/wp-content\/uploads\/2021\/07\/gulyasgergely2.jpg","keywords":["korm\u00e1nyinf\u00f3"],"articleSection":["H\u00edrek"],"inLanguage":"hu"},{"@type":"WebPage","@id":"https:\/\/dorogimedence.hu\/index.php\/2021\/07\/22\/gulyas-a-pegasus-ugy-egy-albotrany\/","url":"https:\/\/dorogimedence.hu\/index.php\/2021\/07\/22\/gulyas-a-pegasus-ugy-egy-albotrany\/","name":"Guly\u00e1s: a Pegasus-\u00fcgy egy \u00e1lbotr\u00e1ny","isPartOf":{"@id":"https:\/\/dorogimedence.hu\/#website"},"primaryImageOfPage":{"@id":"https:\/\/dorogimedence.hu\/index.php\/2021\/07\/22\/gulyas-a-pegasus-ugy-egy-albotrany\/#primaryimage"},"image":{"@id":"https:\/\/dorogimedence.hu\/index.php\/2021\/07\/22\/gulyas-a-pegasus-ugy-egy-albotrany\/#primaryimage"},"thumbnailUrl":"https:\/\/dorogimedence.hu\/wp-content\/uploads\/2021\/07\/gulyasgergely2.jpg","datePublished":"2021-07-22T09:03:55+00:00","dateModified":"2021-07-22T09:05:01+00:00","breadcrumb":{"@id":"https:\/\/dorogimedence.hu\/index.php\/2021\/07\/22\/gulyas-a-pegasus-ugy-egy-albotrany\/#breadcrumb"},"inLanguage":"hu","potentialAction":[{"@type":"ReadAction","target":["https:\/\/dorogimedence.hu\/index.php\/2021\/07\/22\/gulyas-a-pegasus-ugy-egy-albotrany\/"]}]},{"@type":"ImageObject","inLanguage":"hu","@id":"https:\/\/dorogimedence.hu\/index.php\/2021\/07\/22\/gulyas-a-pegasus-ugy-egy-albotrany\/#primaryimage","url":"https:\/\/dorogimedence.hu\/wp-content\/uploads\/2021\/07\/gulyasgergely2.jpg","contentUrl":"https:\/\/dorogimedence.hu\/wp-content\/uploads\/2021\/07\/gulyasgergely2.jpg","width":1920,"height":1280,"caption":"Budapest, 2021. j\u00falius 22. Guly\u00e1s Gergely Minisztereln\u00f6ks\u00e9get vezet\u00f5 miniszter a Korm\u00e1nyinf\u00f3 sajt\u00f3t\u00e1j\u00e9koztat\u00f3n a Minisztereln\u00f6ki Kabinetiroda sajt\u00f3term\u00e9ben Budapesten 2021. j\u00falius 22-\u00e9n. MTI\/Bruz\u00e1k No\u00e9mi"},{"@type":"BreadcrumbList","@id":"https:\/\/dorogimedence.hu\/index.php\/2021\/07\/22\/gulyas-a-pegasus-ugy-egy-albotrany\/#breadcrumb","itemListElement":[{"@type":"ListItem","position":1,"name":"Kezd\u0151lap","item":"https:\/\/dorogimedence.hu\/"},{"@type":"ListItem","position":2,"name":"Guly\u00e1s: a Pegasus-\u00fcgy egy \u00e1lbotr\u00e1ny"}]},{"@type":"WebSite","@id":"https:\/\/dorogimedence.hu\/#website","url":"https:\/\/dorogimedence.hu\/","name":"Dorogi-medence Region\u00e1lis H\u00edrport\u00e1l","description":"Dorog, Keszt\u00f6lc, Le\u00e1nyv\u00e1r, Piliscs\u00e9v, Tokod, Tokodalt\u00e1r\u00f3, Csolnok, Esztergom-kertv\u00e1ros: h\u00edrek, programok","publisher":{"@id":"https:\/\/dorogimedence.hu\/#organization"},"potentialAction":[{"@type":"SearchAction","target":{"@type":"EntryPoint","urlTemplate":"https:\/\/dorogimedence.hu\/?s={search_term_string}"},"query-input":{"@type":"PropertyValueSpecification","valueRequired":true,"valueName":"search_term_string"}}],"inLanguage":"hu"},{"@type":"Organization","@id":"https:\/\/dorogimedence.hu\/#organization","name":"Dorogi-medence Region\u00e1lis H\u00edrport\u00e1l","url":"https:\/\/dorogimedence.hu\/","logo":{"@type":"ImageObject","inLanguage":"hu","@id":"https:\/\/dorogimedence.hu\/#\/schema\/logo\/image\/","url":"https:\/\/dorogimedence.hu\/wp-content\/uploads\/2021\/04\/logo-feher-600.png","contentUrl":"https:\/\/dorogimedence.hu\/wp-content\/uploads\/2021\/04\/logo-feher-600.png","width":600,"height":100,"caption":"Dorogi-medence Region\u00e1lis H\u00edrport\u00e1l"},"image":{"@id":"https:\/\/dorogimedence.hu\/#\/schema\/logo\/image\/"},"sameAs":["https:\/\/www.facebook.com\/dorogimedence\/"]},{"@type":"Person","@id":"https:\/\/dorogimedence.hu\/#\/schema\/person\/ce6091eeb7e95ecdc87890d6aa8e0fd4","name":"dorogimedence.hu","image":{"@type":"ImageObject","inLanguage":"hu","@id":"\/\/www.gravatar.com\/avatar\/d8d45f8901aadff40a4af72c0b826f1d?s=96&#038;r=g&#038;d=mm","url":"\/\/www.gravatar.com\/avatar\/d8d45f8901aadff40a4af72c0b826f1d?s=96&#038;r=g&#038;d=mm","contentUrl":"\/\/www.gravatar.com\/avatar\/d8d45f8901aadff40a4af72c0b826f1d?s=96&#038;r=g&#038;d=mm","caption":"dorogimedence.hu"}}]}},"_links":{"self":[{"href":"https:\/\/dorogimedence.hu\/index.php\/wp-json\/wp\/v2\/posts\/35031","targetHints":{"allow":["GET"]}}],"collection":[{"href":"https:\/\/dorogimedence.hu\/index.php\/wp-json\/wp\/v2\/posts"}],"about":[{"href":"https:\/\/dorogimedence.hu\/index.php\/wp-json\/wp\/v2\/types\/post"}],"author":[{"embeddable":true,"href":"https:\/\/dorogimedence.hu\/index.php\/wp-json\/wp\/v2\/users\/1"}],"replies":[{"embeddable":true,"href":"https:\/\/dorogimedence.hu\/index.php\/wp-json\/wp\/v2\/comments?post=35031"}],"version-history":[{"count":0,"href":"https:\/\/dorogimedence.hu\/index.php\/wp-json\/wp\/v2\/posts\/35031\/revisions"}],"wp:featuredmedia":[{"embeddable":true,"href":"https:\/\/dorogimedence.hu\/index.php\/wp-json\/wp\/v2\/media\/35032"}],"wp:attachment":[{"href":"https:\/\/dorogimedence.hu\/index.php\/wp-json\/wp\/v2\/media?parent=35031"}],"wp:term":[{"taxonomy":"category","embeddable":true,"href":"https:\/\/dorogimedence.hu\/index.php\/wp-json\/wp\/v2\/categories?post=35031"},{"taxonomy":"post_tag","embeddable":true,"href":"https:\/\/dorogimedence.hu\/index.php\/wp-json\/wp\/v2\/tags?post=35031"}],"curies":[{"name":"wp","href":"https:\/\/api.w.org\/{rel}","templated":true}]}}