{"id":34970,"date":"2021-07-20T14:02:36","date_gmt":"2021-07-20T12:02:36","guid":{"rendered":"https:\/\/dorogimedence.hu\/?p=34970"},"modified":"2021-07-20T14:38:09","modified_gmt":"2021-07-20T12:38:09","slug":"szijjarto-a-kormany-tamogatasaval-jelenleg-46-beruhazas-zajlik-a-megyeben","status":"publish","type":"post","link":"https:\/\/dorogimedence.hu\/index.php\/2021\/07\/20\/szijjarto-a-kormany-tamogatasaval-jelenleg-46-beruhazas-zajlik-a-megyeben\/","title":{"rendered":"Szijj\u00e1rt\u00f3: a korm\u00e1ny t\u00e1mogat\u00e1s\u00e1val jelenleg 46 beruh\u00e1z\u00e1s zajlik a megy\u00e9ben"},"content":{"rendered":"<p><strong>Szijj\u00e1rt\u00f3 P\u00e9ter, K\u00fclgazdas\u00e1gi \u00e9s K\u00fcl\u00fcgyminiszter j\u00falius 15-\u00e9n, cs\u00fct\u00f6rt\u00f6k\u00f6n a t\u00e9rs\u00e9g\u00fcnkbe l\u00e1togatott. T\u00f6bbek k\u00f6z\u00f6tt elment az esztergomi Suzukiba, valamint a nyerges\u00fajfalui Lucartba \u00e9s a MegaWattba. A gy\u00e1rl\u00e1togat\u00e1sokat k\u00f6vet\u0151en pedig a helyi m\u00e9diumok is feltehett\u00e9k a k\u00e9rd\u00e9seiket. A Dorogi-medence Region\u00e1lis H\u00edrport\u00e1l a t\u00e9rs\u00e9get \u00e9rint\u0151 beruh\u00e1z\u00e1sokr\u00f3l, valamint a j\u00e1rv\u00e1nykezel\u00e9sr\u0151l k\u00e9rdezte a minisztert.<\/strong><\/p>\n<p>Szijj\u00e1rt\u00f3 P\u00e9ter a dorogimedence.hu-nak elmondta, hogy a t\u00e9rs\u00e9g m\u0171k\u00f6d\u00e9s\u00e9t alapvet\u0151en az esztergomi \u00e9s a nyerges\u00fajfalui ipari z\u00f3n\u00e1k hat\u00e1rozz\u00e1k meg. A Suzuki jelenl\u00e9te nyilv\u00e1nval\u00f3an \u00fajabb aut\u00f3ipari besz\u00e1ll\u00edt\u00f3k megjelen\u00e9s\u00e9t kell, hogy \u00f6szt\u00f6n\u00f6zze. Az aut\u00f3ipar vil\u00e1gviszonylatban egy \u00faj korszakba l\u00e9pett \u00e1t, a hagyom\u00e1nyosb\u00f3l \u00e1tl\u00e9p\u00fcnk a modern korszakba, teh\u00e1t a d\u00edzelmotorok \u00e1ltal dikt\u00e1lt aut\u00f3ipart\u00f3l az elektormobilit\u00e1son alapul\u00f3 aut\u00f3iparhoz jutunk el, ami \u00faj technol\u00f3gi\u00e1kat felt\u00e9telez. Ebb\u0151l a szempontb\u00f3l kulcsfontoss\u00e1g\u00fa lesz a k\u00f6vetkez\u0151 id\u0151szak, hogy melyik nagy gy\u00e1rt\u00f3v\u00e1llalatok helyezik a b\u00e1zisukat, az elektronmobilit\u00e1shoz kapcsol\u00f3d\u00f3 tev\u00e9kenys\u00e9geiket Magyarorsz\u00e1gra. Szijj\u00e1rt\u00f3 P\u00e9ter kiemelte, hogy a Suzukival abban \u00e1llapodtak meg, hogy a gy\u00e1r az elektronmobilit\u00e1si \u00e9s hibrid strat\u00e9gi\u00e1j\u00e1nak v\u00e9grehajt\u00e1s\u00e1ban &nbsp;az esztergomi gy\u00e1r &#8211; az egyetlen eur\u00f3pai gy\u00e1rk\u00e9nt &#8211; fontos szerepet fog kapni. Id\u00e9n 60 milli\u00f3 eur\u00f3nyi beruh\u00e1z\u00e1st terveznek, ami azt jelenteni, hogy a 2600 f\u0151s alkalmazotti l\u00e9tsz\u00e1m egy\u00e1ltal\u00e1n nem fog cs\u00f6kkenni.<\/p>\n<p>Emellett ott van Nyerges\u00fajfalu, ahol pedig az Zoltek-Toray \u00e1ltal dikt\u00e1lt temp\u00f3ban fejl\u0151dik a gazdas\u00e1g. \u201eCs\u00fct\u00f6rt\u00f6k\u00f6n k\u00e9t k\u00f6zepes v\u00e1llalatnak adhattam \u00e1t a beruh\u00e1z\u00e1si t\u00e1mogat\u00e1sokat. Egy 900 \u00e9s egy 330 milli\u00f3 forintos beruh\u00e1z\u00e1sr\u00f3l besz\u00e9l\u00fcnk, \u00e9s azt gondolom, hogy Nyerges\u00fajfalu \u00e9s L\u00e1batlan k\u00f6rny\u00e9ke az ipari hagyom\u00e1nyaikkal a feldolgoz\u00f3iparban komoly szerepet fognak tudni j\u00e1tszani a j\u00f6v\u0151ben.\u201d \u2013 folytatta a miniszter.<\/p>\n<p>Szijj\u00e1rt\u00f3 P\u00e9ter visszaeml\u00e9kezett, hogy Kom\u00e1rom-Esztergom megy\u00e9t r\u00e9gen lesajn\u00e1lt\u00e1k, a &#8217;90-es \u00e9vekben \u00fagy tekintettek r\u00e1, mint a szocialista nagyipar romjai \u00e1ltal maga al\u00e1 temetett sz\u00e1nni val\u00f3 t\u00e9rs\u00e9g. Ehhez k\u00e9pest ma m\u00e1r Kom\u00e1rom-Esztergom megye az egyik legjobban teljes\u00edt\u0151 megy\u00e9je az orsz\u00e1gnak, mindemellett az egyik legvonz\u00f3bb beruh\u00e1z\u00e1si c\u00e9lpont. \u201eCsak a korm\u00e1ny t\u00e1mogat\u00e1s\u00e1val jelenleg 46 beruh\u00e1z\u00e1s zajlik 34 milli\u00e1rd forint \u00e9rt\u00e9kben Kom\u00e1rom-Esztergom megy\u00e9ben. Ezekkel 14,5 ezer munkahelyet megv\u00e9d\u00fcnk, 16 milli\u00e1rd forintnyi korm\u00e1nyzati t\u00e1mogat\u00e1s felhaszn\u00e1l\u00e1s\u00e1val.\u201d \u2013 mutatott r\u00e1 a miniszter.<\/p>\n<p><img fetchpriority=\"high\" decoding=\"async\" class=\"alignnone size-large wp-image-34972\" src=\"https:\/\/dorogimedence.hu\/wp-content\/uploads\/2021\/07\/szijjarto-02-1024x908.jpg\" alt=\"\" width=\"755\" height=\"669\" srcset=\"https:\/\/dorogimedence.hu\/wp-content\/uploads\/2021\/07\/szijjarto-02-1024x908.jpg 1024w, https:\/\/dorogimedence.hu\/wp-content\/uploads\/2021\/07\/szijjarto-02-300x266.jpg 300w, https:\/\/dorogimedence.hu\/wp-content\/uploads\/2021\/07\/szijjarto-02-768x681.jpg 768w, https:\/\/dorogimedence.hu\/wp-content\/uploads\/2021\/07\/szijjarto-02-150x133.jpg 150w, https:\/\/dorogimedence.hu\/wp-content\/uploads\/2021\/07\/szijjarto-02-450x399.jpg 450w, https:\/\/dorogimedence.hu\/wp-content\/uploads\/2021\/07\/szijjarto-02.jpg 1200w\" sizes=\"(max-width: 755px) 100vw, 755px\" \/><\/p>\n<p>A j\u00e1rv\u00e1nykezel\u00e9ssel kapcsolatban a k\u00fcl\u00fcgyminiszter elmondta, hogy szerinte a vil\u00e1gj\u00e1rv\u00e1ny azt bizony\u00edtotta, hogy azok a v\u00e1laszok m\u0171k\u00f6dtek igaz\u00e1n, amelyek nemzeti alapon sz\u00fclettek meg. A nemzetk\u00f6zileg koordin\u00e1lt v\u00e1laszok azok vagy elk\u00e9stek, vagy kev\u00e9sb\u00e9 lettek hat\u00e9konyak, mint a nemzeti v\u00e1laszok, vagy a kett\u0151 egy\u00fctt. \u201eAzzal, hogy mi a magunk \u00fatj\u00e1t j\u00e1rtuk, gyakorlatilag be tudtunk szerezni 7 milli\u00f3 extra adag olt\u00f3anyagot ahhoz k\u00e9pest, mintha csak v\u00e1rtunk volna a nyugatiakra. Sok id\u0151t nyert\u00fcnk, legal\u00e1bb m\u00e1sf\u00e9l-k\u00e9t h\u00f3nappal megel\u0151zt\u00fck a kontinenst. Ennek jelent\u0151s\u00e9ge abban is m\u00e9rhet\u0151, hogy kor\u00e1bban napi szinten volt, hogy a hal\u00e1loz\u00e1sok sz\u00e1ma a 200 k\u00f6r\u00fclit is el\u00e9rte, \u00e9s t\u00f6bb ezer megfert\u0151z\u0151d\u00e9s t\u00f6rt\u00e9nt egy nap alatt. Minden egyes nap, amivel kor\u00e1bban el tudtuk kezdeni az olt\u00e1si kamp\u00e1nyt, ember\u00e9letek megment\u00e9s\u00e9t jelentette. Harmincmilli\u00f3 eur\u00f3 vesztes\u00e9get szenvedett el a magyar gazdas\u00e1g a korl\u00e1toz\u00e1sok miatt, teh\u00e1t ott is egy nap az ennyit jelentett volna.\u201d \u2013 r\u00e9szletezte Szijj\u00e1rt\u00f3 P\u00e9ter a sikeres j\u00e1rv\u00e1nykezel\u00e9st.<\/p>\n<p>A miniszter r\u00e1mutatott arra is, hogy mivel nemzeti v\u00e1laszokat adtak, ez\u00e9rt t\u00f6bb olt\u00f3anyagot \u00e9s gyorsabban tudtak venni, mint m\u00e1sok. Meg tudt\u00e1k venni az eg\u00e9szs\u00e9g\u00fcgyi v\u00e9dekez\u00e9shez sz\u00fcks\u00e9ges eszk\u00f6z\u00f6ket, \u00fagy, mint l\u00e9legeztet\u0151g\u00e9pek, maszkok, keszty\u0171k, k\u00f6penyek. Haza tudtak hozni t\u00f6bb mint 11 ezer embert k\u00fclf\u00f6ldr\u0151l a repatri\u00e1ci\u00f3 keret\u00e9ben, \u00e9s ami szint\u00e9n nagyon fontos, hogy egy olyan gazdas\u00e1gpolitika mellett d\u00f6nt\u00f6ttek, amelynek nyom\u00e1n 270 ezer munkahelyet meg tudtak v\u00e9deni, \u00e9s 1494 c\u00e9gnek tudtak adni beruh\u00e1z\u00e1si t\u00e1mogat\u00e1st. \u201e\u00cdgy tavaly \u2013 dac\u00e1ra annak, hogy a vil\u00e1ggazdas\u00e1gnak egy fekete \u00e9ve volt \u2013 Magyarorsz\u00e1gon beruh\u00e1z\u00e1si rekordot tudtunk d\u00f6nteni.\u201d \u2013 emelte ki v\u00e9gezet\u00fcl a k\u00fcl\u00fcgyminiszter.<\/p>\n<p><img decoding=\"async\" class=\"alignnone size-large wp-image-34973\" src=\"https:\/\/dorogimedence.hu\/wp-content\/uploads\/2021\/07\/szijjarto-03-1024x673.jpg\" alt=\"\" width=\"755\" height=\"496\" srcset=\"https:\/\/dorogimedence.hu\/wp-content\/uploads\/2021\/07\/szijjarto-03-1024x673.jpg 1024w, https:\/\/dorogimedence.hu\/wp-content\/uploads\/2021\/07\/szijjarto-03-300x197.jpg 300w, https:\/\/dorogimedence.hu\/wp-content\/uploads\/2021\/07\/szijjarto-03-768x505.jpg 768w, https:\/\/dorogimedence.hu\/wp-content\/uploads\/2021\/07\/szijjarto-03-150x99.jpg 150w, https:\/\/dorogimedence.hu\/wp-content\/uploads\/2021\/07\/szijjarto-03-450x296.jpg 450w, https:\/\/dorogimedence.hu\/wp-content\/uploads\/2021\/07\/szijjarto-03.jpg 1200w\" sizes=\"(max-width: 755px) 100vw, 755px\" \/><\/p>\n","protected":false},"excerpt":{"rendered":"<p>Szijj\u00e1rt\u00f3 P\u00e9ter, K\u00fclgazdas\u00e1gi \u00e9s K\u00fcl\u00fcgyminiszter j\u00falius 15-\u00e9n, cs\u00fct\u00f6rt\u00f6k\u00f6n a t\u00e9rs\u00e9g\u00fcnkbe l\u00e1togatott. T\u00f6bbek k\u00f6z\u00f6tt elment az esztergomi Suzukiba, valamint a nyerges\u00fajfalui Lucartba \u00e9s a MegaWattba. A gy\u00e1rl\u00e1togat\u00e1sokat k\u00f6vet\u0151en pedig a helyi m\u00e9diumok is feltehett\u00e9k a k\u00e9rd\u00e9seiket. A Dorogi-medence Region\u00e1lis H\u00edrport\u00e1l a t\u00e9rs\u00e9get \u00e9rint\u0151 beruh\u00e1z\u00e1sokr\u00f3l, valamint a j\u00e1rv\u00e1nykezel\u00e9sr\u0151l k\u00e9rdezte a minisztert. Szijj\u00e1rt\u00f3 P\u00e9ter a dorogimedence.hu-nak elmondta, hogy<\/p>\n","protected":false},"author":1,"featured_media":34971,"comment_status":"closed","ping_status":"closed","sticky":false,"template":"","format":"standard","meta":{"ngg_post_thumbnail":0,"footnotes":""},"categories":[3,56],"tags":[1896,5624,4069],"class_list":{"0":"post-34970","1":"post","2":"type-post","3":"status-publish","4":"format-standard","5":"has-post-thumbnail","7":"category-hirek","8":"category-komarom-esztergom","9":"tag-beruhazasok","10":"tag-featured","11":"tag-szijjarto-peter"},"yoast_head":"<!-- This site is optimized with the Yoast SEO plugin v27.5 - https:\/\/yoast.com\/product\/yoast-seo-wordpress\/ -->\n<title>Szijj\u00e1rt\u00f3: a korm\u00e1ny t\u00e1mogat\u00e1s\u00e1val jelenleg 46 beruh\u00e1z\u00e1s zajlik a megy\u00e9ben<\/title>\n<meta name=\"robots\" content=\"index, follow, max-snippet:-1, max-image-preview:large, max-video-preview:-1\" \/>\n<link rel=\"canonical\" href=\"https:\/\/dorogimedence.hu\/index.php\/2021\/07\/20\/szijjarto-a-kormany-tamogatasaval-jelenleg-46-beruhazas-zajlik-a-megyeben\/\" class=\"yoast-seo-meta-tag\" \/>\n<meta property=\"og:locale\" content=\"hu_HU\" class=\"yoast-seo-meta-tag\" \/>\n<meta property=\"og:type\" content=\"article\" class=\"yoast-seo-meta-tag\" \/>\n<meta property=\"og:title\" content=\"Szijj\u00e1rt\u00f3: a korm\u00e1ny t\u00e1mogat\u00e1s\u00e1val jelenleg 46 beruh\u00e1z\u00e1s zajlik a megy\u00e9ben\" class=\"yoast-seo-meta-tag\" \/>\n<meta property=\"og:description\" content=\"Szijj\u00e1rt\u00f3 P\u00e9ter, K\u00fclgazdas\u00e1gi \u00e9s K\u00fcl\u00fcgyminiszter j\u00falius 15-\u00e9n, cs\u00fct\u00f6rt\u00f6k\u00f6n a t\u00e9rs\u00e9g\u00fcnkbe l\u00e1togatott. T\u00f6bbek k\u00f6z\u00f6tt elment az esztergomi Suzukiba, valamint a nyerges\u00fajfalui Lucartba \u00e9s a MegaWattba. A gy\u00e1rl\u00e1togat\u00e1sokat k\u00f6vet\u0151en pedig a helyi m\u00e9diumok is feltehett\u00e9k a k\u00e9rd\u00e9seiket. A Dorogi-medence Region\u00e1lis H\u00edrport\u00e1l a t\u00e9rs\u00e9get \u00e9rint\u0151 beruh\u00e1z\u00e1sokr\u00f3l, valamint a j\u00e1rv\u00e1nykezel\u00e9sr\u0151l k\u00e9rdezte a minisztert. Szijj\u00e1rt\u00f3 P\u00e9ter a dorogimedence.hu-nak elmondta, hogy\" class=\"yoast-seo-meta-tag\" \/>\n<meta property=\"og:url\" content=\"https:\/\/dorogimedence.hu\/index.php\/2021\/07\/20\/szijjarto-a-kormany-tamogatasaval-jelenleg-46-beruhazas-zajlik-a-megyeben\/\" class=\"yoast-seo-meta-tag\" \/>\n<meta property=\"og:site_name\" content=\"Dorogi-medence Region\u00e1lis H\u00edrport\u00e1l\" class=\"yoast-seo-meta-tag\" \/>\n<meta property=\"article:publisher\" content=\"https:\/\/www.facebook.com\/dorogimedence\/\" class=\"yoast-seo-meta-tag\" \/>\n<meta property=\"article:published_time\" content=\"2021-07-20T12:02:36+00:00\" class=\"yoast-seo-meta-tag\" \/>\n<meta property=\"article:modified_time\" content=\"2021-07-20T12:38:09+00:00\" class=\"yoast-seo-meta-tag\" \/>\n<meta property=\"og:image\" content=\"https:\/\/i0.wp.com\/dorogimedence.hu\/wp-content\/uploads\/2021\/07\/szijjarto-01.jpg?fit=1920%2C1280&ssl=1\" class=\"yoast-seo-meta-tag\" \/>\n\t<meta property=\"og:image:width\" content=\"1920\" class=\"yoast-seo-meta-tag\" \/>\n\t<meta property=\"og:image:height\" content=\"1280\" class=\"yoast-seo-meta-tag\" \/>\n\t<meta property=\"og:image:type\" content=\"image\/jpeg\" class=\"yoast-seo-meta-tag\" \/>\n<meta name=\"author\" content=\"dorogimedence.hu\" class=\"yoast-seo-meta-tag\" \/>\n<meta name=\"twitter:card\" content=\"summary_large_image\" class=\"yoast-seo-meta-tag\" \/>\n<meta name=\"twitter:label1\" content=\"Szerz\u0151:\" class=\"yoast-seo-meta-tag\" \/>\n\t<meta name=\"twitter:data1\" content=\"dorogimedence.hu\" class=\"yoast-seo-meta-tag\" \/>\n\t<meta name=\"twitter:label2\" content=\"Becs\u00fclt olvas\u00e1si id\u0151\" class=\"yoast-seo-meta-tag\" \/>\n\t<meta name=\"twitter:data2\" content=\"4 perc\" class=\"yoast-seo-meta-tag\" \/>\n<script type=\"application\/ld+json\" class=\"yoast-schema-graph\">{\"@context\":\"https:\\\/\\\/schema.org\",\"@graph\":[{\"@type\":\"Article\",\"@id\":\"https:\\\/\\\/dorogimedence.hu\\\/index.php\\\/2021\\\/07\\\/20\\\/szijjarto-a-kormany-tamogatasaval-jelenleg-46-beruhazas-zajlik-a-megyeben\\\/#article\",\"isPartOf\":{\"@id\":\"https:\\\/\\\/dorogimedence.hu\\\/index.php\\\/2021\\\/07\\\/20\\\/szijjarto-a-kormany-tamogatasaval-jelenleg-46-beruhazas-zajlik-a-megyeben\\\/\"},\"author\":{\"name\":\"dorogimedence.hu\",\"@id\":\"https:\\\/\\\/dorogimedence.hu\\\/#\\\/schema\\\/person\\\/ce6091eeb7e95ecdc87890d6aa8e0fd4\"},\"headline\":\"Szijj\u00e1rt\u00f3: a korm\u00e1ny t\u00e1mogat\u00e1s\u00e1val jelenleg 46 beruh\u00e1z\u00e1s zajlik a megy\u00e9ben\",\"datePublished\":\"2021-07-20T12:02:36+00:00\",\"dateModified\":\"2021-07-20T12:38:09+00:00\",\"mainEntityOfPage\":{\"@id\":\"https:\\\/\\\/dorogimedence.hu\\\/index.php\\\/2021\\\/07\\\/20\\\/szijjarto-a-kormany-tamogatasaval-jelenleg-46-beruhazas-zajlik-a-megyeben\\\/\"},\"wordCount\":858,\"publisher\":{\"@id\":\"https:\\\/\\\/dorogimedence.hu\\\/#organization\"},\"image\":{\"@id\":\"https:\\\/\\\/dorogimedence.hu\\\/index.php\\\/2021\\\/07\\\/20\\\/szijjarto-a-kormany-tamogatasaval-jelenleg-46-beruhazas-zajlik-a-megyeben\\\/#primaryimage\"},\"thumbnailUrl\":\"https:\\\/\\\/dorogimedence.hu\\\/wp-content\\\/uploads\\\/2021\\\/07\\\/szijjarto-01.jpg\",\"keywords\":[\"beruh\u00e1z\u00e1sok\",\"featured\",\"Szijj\u00e1rt\u00f3 P\u00e9ter\"],\"articleSection\":[\"H\u00edrek\",\"Kom\u00e1rom-Esztergom\"],\"inLanguage\":\"hu\"},{\"@type\":\"WebPage\",\"@id\":\"https:\\\/\\\/dorogimedence.hu\\\/index.php\\\/2021\\\/07\\\/20\\\/szijjarto-a-kormany-tamogatasaval-jelenleg-46-beruhazas-zajlik-a-megyeben\\\/\",\"url\":\"https:\\\/\\\/dorogimedence.hu\\\/index.php\\\/2021\\\/07\\\/20\\\/szijjarto-a-kormany-tamogatasaval-jelenleg-46-beruhazas-zajlik-a-megyeben\\\/\",\"name\":\"Szijj\u00e1rt\u00f3: a korm\u00e1ny t\u00e1mogat\u00e1s\u00e1val jelenleg 46 beruh\u00e1z\u00e1s zajlik a megy\u00e9ben\",\"isPartOf\":{\"@id\":\"https:\\\/\\\/dorogimedence.hu\\\/#website\"},\"primaryImageOfPage\":{\"@id\":\"https:\\\/\\\/dorogimedence.hu\\\/index.php\\\/2021\\\/07\\\/20\\\/szijjarto-a-kormany-tamogatasaval-jelenleg-46-beruhazas-zajlik-a-megyeben\\\/#primaryimage\"},\"image\":{\"@id\":\"https:\\\/\\\/dorogimedence.hu\\\/index.php\\\/2021\\\/07\\\/20\\\/szijjarto-a-kormany-tamogatasaval-jelenleg-46-beruhazas-zajlik-a-megyeben\\\/#primaryimage\"},\"thumbnailUrl\":\"https:\\\/\\\/dorogimedence.hu\\\/wp-content\\\/uploads\\\/2021\\\/07\\\/szijjarto-01.jpg\",\"datePublished\":\"2021-07-20T12:02:36+00:00\",\"dateModified\":\"2021-07-20T12:38:09+00:00\",\"breadcrumb\":{\"@id\":\"https:\\\/\\\/dorogimedence.hu\\\/index.php\\\/2021\\\/07\\\/20\\\/szijjarto-a-kormany-tamogatasaval-jelenleg-46-beruhazas-zajlik-a-megyeben\\\/#breadcrumb\"},\"inLanguage\":\"hu\",\"potentialAction\":[{\"@type\":\"ReadAction\",\"target\":[\"https:\\\/\\\/dorogimedence.hu\\\/index.php\\\/2021\\\/07\\\/20\\\/szijjarto-a-kormany-tamogatasaval-jelenleg-46-beruhazas-zajlik-a-megyeben\\\/\"]}]},{\"@type\":\"ImageObject\",\"inLanguage\":\"hu\",\"@id\":\"https:\\\/\\\/dorogimedence.hu\\\/index.php\\\/2021\\\/07\\\/20\\\/szijjarto-a-kormany-tamogatasaval-jelenleg-46-beruhazas-zajlik-a-megyeben\\\/#primaryimage\",\"url\":\"https:\\\/\\\/dorogimedence.hu\\\/wp-content\\\/uploads\\\/2021\\\/07\\\/szijjarto-01.jpg\",\"contentUrl\":\"https:\\\/\\\/dorogimedence.hu\\\/wp-content\\\/uploads\\\/2021\\\/07\\\/szijjarto-01.jpg\",\"width\":1920,\"height\":1280},{\"@type\":\"BreadcrumbList\",\"@id\":\"https:\\\/\\\/dorogimedence.hu\\\/index.php\\\/2021\\\/07\\\/20\\\/szijjarto-a-kormany-tamogatasaval-jelenleg-46-beruhazas-zajlik-a-megyeben\\\/#breadcrumb\",\"itemListElement\":[{\"@type\":\"ListItem\",\"position\":1,\"name\":\"Kezd\u0151lap\",\"item\":\"https:\\\/\\\/dorogimedence.hu\\\/\"},{\"@type\":\"ListItem\",\"position\":2,\"name\":\"Szijj\u00e1rt\u00f3: a korm\u00e1ny t\u00e1mogat\u00e1s\u00e1val jelenleg 46 beruh\u00e1z\u00e1s zajlik a megy\u00e9ben\"}]},{\"@type\":\"WebSite\",\"@id\":\"https:\\\/\\\/dorogimedence.hu\\\/#website\",\"url\":\"https:\\\/\\\/dorogimedence.hu\\\/\",\"name\":\"Dorogi-medence Region\u00e1lis H\u00edrport\u00e1l\",\"description\":\"Dorog, Keszt\u00f6lc, Le\u00e1nyv\u00e1r, Piliscs\u00e9v, Tokod, Tokodalt\u00e1r\u00f3, Csolnok, Esztergom-kertv\u00e1ros: h\u00edrek, programok\",\"publisher\":{\"@id\":\"https:\\\/\\\/dorogimedence.hu\\\/#organization\"},\"potentialAction\":[{\"@type\":\"SearchAction\",\"target\":{\"@type\":\"EntryPoint\",\"urlTemplate\":\"https:\\\/\\\/dorogimedence.hu\\\/?s={search_term_string}\"},\"query-input\":{\"@type\":\"PropertyValueSpecification\",\"valueRequired\":true,\"valueName\":\"search_term_string\"}}],\"inLanguage\":\"hu\"},{\"@type\":\"Organization\",\"@id\":\"https:\\\/\\\/dorogimedence.hu\\\/#organization\",\"name\":\"Dorogi-medence Region\u00e1lis H\u00edrport\u00e1l\",\"url\":\"https:\\\/\\\/dorogimedence.hu\\\/\",\"logo\":{\"@type\":\"ImageObject\",\"inLanguage\":\"hu\",\"@id\":\"https:\\\/\\\/dorogimedence.hu\\\/#\\\/schema\\\/logo\\\/image\\\/\",\"url\":\"https:\\\/\\\/dorogimedence.hu\\\/wp-content\\\/uploads\\\/2021\\\/04\\\/logo-feher-600.png\",\"contentUrl\":\"https:\\\/\\\/dorogimedence.hu\\\/wp-content\\\/uploads\\\/2021\\\/04\\\/logo-feher-600.png\",\"width\":600,\"height\":100,\"caption\":\"Dorogi-medence Region\u00e1lis H\u00edrport\u00e1l\"},\"image\":{\"@id\":\"https:\\\/\\\/dorogimedence.hu\\\/#\\\/schema\\\/logo\\\/image\\\/\"},\"sameAs\":[\"https:\\\/\\\/www.facebook.com\\\/dorogimedence\\\/\"]},{\"@type\":\"Person\",\"@id\":\"https:\\\/\\\/dorogimedence.hu\\\/#\\\/schema\\\/person\\\/ce6091eeb7e95ecdc87890d6aa8e0fd4\",\"name\":\"dorogimedence.hu\",\"image\":{\"@type\":\"ImageObject\",\"inLanguage\":\"hu\",\"@id\":\"\\\/\\\/www.gravatar.com\\\/avatar\\\/d8d45f8901aadff40a4af72c0b826f1d?s=96&#038;r=g&#038;d=mm\",\"url\":\"\\\/\\\/www.gravatar.com\\\/avatar\\\/d8d45f8901aadff40a4af72c0b826f1d?s=96&#038;r=g&#038;d=mm\",\"contentUrl\":\"\\\/\\\/www.gravatar.com\\\/avatar\\\/d8d45f8901aadff40a4af72c0b826f1d?s=96&#038;r=g&#038;d=mm\",\"caption\":\"dorogimedence.hu\"}}]}<\/script>\n<!-- \/ Yoast SEO plugin. -->","yoast_head_json":{"title":"Szijj\u00e1rt\u00f3: a korm\u00e1ny t\u00e1mogat\u00e1s\u00e1val jelenleg 46 beruh\u00e1z\u00e1s zajlik a megy\u00e9ben","robots":{"index":"index","follow":"follow","max-snippet":"max-snippet:-1","max-image-preview":"max-image-preview:large","max-video-preview":"max-video-preview:-1"},"canonical":"https:\/\/dorogimedence.hu\/index.php\/2021\/07\/20\/szijjarto-a-kormany-tamogatasaval-jelenleg-46-beruhazas-zajlik-a-megyeben\/","og_locale":"hu_HU","og_type":"article","og_title":"Szijj\u00e1rt\u00f3: a korm\u00e1ny t\u00e1mogat\u00e1s\u00e1val jelenleg 46 beruh\u00e1z\u00e1s zajlik a megy\u00e9ben","og_description":"Szijj\u00e1rt\u00f3 P\u00e9ter, K\u00fclgazdas\u00e1gi \u00e9s K\u00fcl\u00fcgyminiszter j\u00falius 15-\u00e9n, cs\u00fct\u00f6rt\u00f6k\u00f6n a t\u00e9rs\u00e9g\u00fcnkbe l\u00e1togatott. T\u00f6bbek k\u00f6z\u00f6tt elment az esztergomi Suzukiba, valamint a nyerges\u00fajfalui Lucartba \u00e9s a MegaWattba. A gy\u00e1rl\u00e1togat\u00e1sokat k\u00f6vet\u0151en pedig a helyi m\u00e9diumok is feltehett\u00e9k a k\u00e9rd\u00e9seiket. A Dorogi-medence Region\u00e1lis H\u00edrport\u00e1l a t\u00e9rs\u00e9get \u00e9rint\u0151 beruh\u00e1z\u00e1sokr\u00f3l, valamint a j\u00e1rv\u00e1nykezel\u00e9sr\u0151l k\u00e9rdezte a minisztert. Szijj\u00e1rt\u00f3 P\u00e9ter a dorogimedence.hu-nak elmondta, hogy","og_url":"https:\/\/dorogimedence.hu\/index.php\/2021\/07\/20\/szijjarto-a-kormany-tamogatasaval-jelenleg-46-beruhazas-zajlik-a-megyeben\/","og_site_name":"Dorogi-medence Region\u00e1lis H\u00edrport\u00e1l","article_publisher":"https:\/\/www.facebook.com\/dorogimedence\/","article_published_time":"2021-07-20T12:02:36+00:00","article_modified_time":"2021-07-20T12:38:09+00:00","og_image":[{"width":1920,"height":1280,"url":"https:\/\/i0.wp.com\/dorogimedence.hu\/wp-content\/uploads\/2021\/07\/szijjarto-01.jpg?fit=1920%2C1280&ssl=1","type":"image\/jpeg"}],"author":"dorogimedence.hu","twitter_card":"summary_large_image","twitter_misc":{"Szerz\u0151:":"dorogimedence.hu","Becs\u00fclt olvas\u00e1si id\u0151":"4 perc"},"schema":{"@context":"https:\/\/schema.org","@graph":[{"@type":"Article","@id":"https:\/\/dorogimedence.hu\/index.php\/2021\/07\/20\/szijjarto-a-kormany-tamogatasaval-jelenleg-46-beruhazas-zajlik-a-megyeben\/#article","isPartOf":{"@id":"https:\/\/dorogimedence.hu\/index.php\/2021\/07\/20\/szijjarto-a-kormany-tamogatasaval-jelenleg-46-beruhazas-zajlik-a-megyeben\/"},"author":{"name":"dorogimedence.hu","@id":"https:\/\/dorogimedence.hu\/#\/schema\/person\/ce6091eeb7e95ecdc87890d6aa8e0fd4"},"headline":"Szijj\u00e1rt\u00f3: a korm\u00e1ny t\u00e1mogat\u00e1s\u00e1val jelenleg 46 beruh\u00e1z\u00e1s zajlik a megy\u00e9ben","datePublished":"2021-07-20T12:02:36+00:00","dateModified":"2021-07-20T12:38:09+00:00","mainEntityOfPage":{"@id":"https:\/\/dorogimedence.hu\/index.php\/2021\/07\/20\/szijjarto-a-kormany-tamogatasaval-jelenleg-46-beruhazas-zajlik-a-megyeben\/"},"wordCount":858,"publisher":{"@id":"https:\/\/dorogimedence.hu\/#organization"},"image":{"@id":"https:\/\/dorogimedence.hu\/index.php\/2021\/07\/20\/szijjarto-a-kormany-tamogatasaval-jelenleg-46-beruhazas-zajlik-a-megyeben\/#primaryimage"},"thumbnailUrl":"https:\/\/dorogimedence.hu\/wp-content\/uploads\/2021\/07\/szijjarto-01.jpg","keywords":["beruh\u00e1z\u00e1sok","featured","Szijj\u00e1rt\u00f3 P\u00e9ter"],"articleSection":["H\u00edrek","Kom\u00e1rom-Esztergom"],"inLanguage":"hu"},{"@type":"WebPage","@id":"https:\/\/dorogimedence.hu\/index.php\/2021\/07\/20\/szijjarto-a-kormany-tamogatasaval-jelenleg-46-beruhazas-zajlik-a-megyeben\/","url":"https:\/\/dorogimedence.hu\/index.php\/2021\/07\/20\/szijjarto-a-kormany-tamogatasaval-jelenleg-46-beruhazas-zajlik-a-megyeben\/","name":"Szijj\u00e1rt\u00f3: a korm\u00e1ny t\u00e1mogat\u00e1s\u00e1val jelenleg 46 beruh\u00e1z\u00e1s zajlik a megy\u00e9ben","isPartOf":{"@id":"https:\/\/dorogimedence.hu\/#website"},"primaryImageOfPage":{"@id":"https:\/\/dorogimedence.hu\/index.php\/2021\/07\/20\/szijjarto-a-kormany-tamogatasaval-jelenleg-46-beruhazas-zajlik-a-megyeben\/#primaryimage"},"image":{"@id":"https:\/\/dorogimedence.hu\/index.php\/2021\/07\/20\/szijjarto-a-kormany-tamogatasaval-jelenleg-46-beruhazas-zajlik-a-megyeben\/#primaryimage"},"thumbnailUrl":"https:\/\/dorogimedence.hu\/wp-content\/uploads\/2021\/07\/szijjarto-01.jpg","datePublished":"2021-07-20T12:02:36+00:00","dateModified":"2021-07-20T12:38:09+00:00","breadcrumb":{"@id":"https:\/\/dorogimedence.hu\/index.php\/2021\/07\/20\/szijjarto-a-kormany-tamogatasaval-jelenleg-46-beruhazas-zajlik-a-megyeben\/#breadcrumb"},"inLanguage":"hu","potentialAction":[{"@type":"ReadAction","target":["https:\/\/dorogimedence.hu\/index.php\/2021\/07\/20\/szijjarto-a-kormany-tamogatasaval-jelenleg-46-beruhazas-zajlik-a-megyeben\/"]}]},{"@type":"ImageObject","inLanguage":"hu","@id":"https:\/\/dorogimedence.hu\/index.php\/2021\/07\/20\/szijjarto-a-kormany-tamogatasaval-jelenleg-46-beruhazas-zajlik-a-megyeben\/#primaryimage","url":"https:\/\/dorogimedence.hu\/wp-content\/uploads\/2021\/07\/szijjarto-01.jpg","contentUrl":"https:\/\/dorogimedence.hu\/wp-content\/uploads\/2021\/07\/szijjarto-01.jpg","width":1920,"height":1280},{"@type":"BreadcrumbList","@id":"https:\/\/dorogimedence.hu\/index.php\/2021\/07\/20\/szijjarto-a-kormany-tamogatasaval-jelenleg-46-beruhazas-zajlik-a-megyeben\/#breadcrumb","itemListElement":[{"@type":"ListItem","position":1,"name":"Kezd\u0151lap","item":"https:\/\/dorogimedence.hu\/"},{"@type":"ListItem","position":2,"name":"Szijj\u00e1rt\u00f3: a korm\u00e1ny t\u00e1mogat\u00e1s\u00e1val jelenleg 46 beruh\u00e1z\u00e1s zajlik a megy\u00e9ben"}]},{"@type":"WebSite","@id":"https:\/\/dorogimedence.hu\/#website","url":"https:\/\/dorogimedence.hu\/","name":"Dorogi-medence Region\u00e1lis H\u00edrport\u00e1l","description":"Dorog, Keszt\u00f6lc, Le\u00e1nyv\u00e1r, Piliscs\u00e9v, Tokod, Tokodalt\u00e1r\u00f3, Csolnok, Esztergom-kertv\u00e1ros: h\u00edrek, programok","publisher":{"@id":"https:\/\/dorogimedence.hu\/#organization"},"potentialAction":[{"@type":"SearchAction","target":{"@type":"EntryPoint","urlTemplate":"https:\/\/dorogimedence.hu\/?s={search_term_string}"},"query-input":{"@type":"PropertyValueSpecification","valueRequired":true,"valueName":"search_term_string"}}],"inLanguage":"hu"},{"@type":"Organization","@id":"https:\/\/dorogimedence.hu\/#organization","name":"Dorogi-medence Region\u00e1lis H\u00edrport\u00e1l","url":"https:\/\/dorogimedence.hu\/","logo":{"@type":"ImageObject","inLanguage":"hu","@id":"https:\/\/dorogimedence.hu\/#\/schema\/logo\/image\/","url":"https:\/\/dorogimedence.hu\/wp-content\/uploads\/2021\/04\/logo-feher-600.png","contentUrl":"https:\/\/dorogimedence.hu\/wp-content\/uploads\/2021\/04\/logo-feher-600.png","width":600,"height":100,"caption":"Dorogi-medence Region\u00e1lis H\u00edrport\u00e1l"},"image":{"@id":"https:\/\/dorogimedence.hu\/#\/schema\/logo\/image\/"},"sameAs":["https:\/\/www.facebook.com\/dorogimedence\/"]},{"@type":"Person","@id":"https:\/\/dorogimedence.hu\/#\/schema\/person\/ce6091eeb7e95ecdc87890d6aa8e0fd4","name":"dorogimedence.hu","image":{"@type":"ImageObject","inLanguage":"hu","@id":"\/\/www.gravatar.com\/avatar\/d8d45f8901aadff40a4af72c0b826f1d?s=96&#038;r=g&#038;d=mm","url":"\/\/www.gravatar.com\/avatar\/d8d45f8901aadff40a4af72c0b826f1d?s=96&#038;r=g&#038;d=mm","contentUrl":"\/\/www.gravatar.com\/avatar\/d8d45f8901aadff40a4af72c0b826f1d?s=96&#038;r=g&#038;d=mm","caption":"dorogimedence.hu"}}]}},"_links":{"self":[{"href":"https:\/\/dorogimedence.hu\/index.php\/wp-json\/wp\/v2\/posts\/34970","targetHints":{"allow":["GET"]}}],"collection":[{"href":"https:\/\/dorogimedence.hu\/index.php\/wp-json\/wp\/v2\/posts"}],"about":[{"href":"https:\/\/dorogimedence.hu\/index.php\/wp-json\/wp\/v2\/types\/post"}],"author":[{"embeddable":true,"href":"https:\/\/dorogimedence.hu\/index.php\/wp-json\/wp\/v2\/users\/1"}],"replies":[{"embeddable":true,"href":"https:\/\/dorogimedence.hu\/index.php\/wp-json\/wp\/v2\/comments?post=34970"}],"version-history":[{"count":0,"href":"https:\/\/dorogimedence.hu\/index.php\/wp-json\/wp\/v2\/posts\/34970\/revisions"}],"wp:featuredmedia":[{"embeddable":true,"href":"https:\/\/dorogimedence.hu\/index.php\/wp-json\/wp\/v2\/media\/34971"}],"wp:attachment":[{"href":"https:\/\/dorogimedence.hu\/index.php\/wp-json\/wp\/v2\/media?parent=34970"}],"wp:term":[{"taxonomy":"category","embeddable":true,"href":"https:\/\/dorogimedence.hu\/index.php\/wp-json\/wp\/v2\/categories?post=34970"},{"taxonomy":"post_tag","embeddable":true,"href":"https:\/\/dorogimedence.hu\/index.php\/wp-json\/wp\/v2\/tags?post=34970"}],"curies":[{"name":"wp","href":"https:\/\/api.w.org\/{rel}","templated":true}]}}