{"id":34929,"date":"2021-07-19T07:03:45","date_gmt":"2021-07-19T05:03:45","guid":{"rendered":"https:\/\/dorogimedence.hu\/?p=34929"},"modified":"2021-07-19T12:10:47","modified_gmt":"2021-07-19T10:10:47","slug":"arhullam-jon-a-dunan","status":"publish","type":"post","link":"https:\/\/dorogimedence.hu\/index.php\/2021\/07\/19\/arhullam-jon-a-dunan\/","title":{"rendered":"\u00c1rhull\u00e1m j\u00f6n a Dun\u00e1n"},"content":{"rendered":"<p><strong>Az Orsz\u00e1gos V\u00edzjelz\u0151 Szolg\u00e1lat (OVSZ) jelent\u00e9se alapj\u00e1n I. fok\u00fa \u00e1rv\u00e9delmi k\u00e9sz\u00fclts\u00e9gi szintet meghalad\u00f3 v\u00edz\u00e1ll\u00e1s v\u00e1rhat\u00f3 a Dun\u00e1n Esztergomn\u00e1l.<\/strong><\/p>\n<p>Az el\u0151rejelz\u00e9s szerint j\u00falius 21-\u00e9n, szerd\u00e1n 514 cm is lehet a v\u00edz\u00e1ll\u00e1s a Duna esztergomi szakasz\u00e1n, amely 14 centim\u00e9terrel haladja meg az els\u0151fok\u00fa \u00e1rv\u00e9delmi k\u00e9sz\u00fclts\u00e9g szintj\u00e9t. Nagybajcsn\u00e1l m\u00e1r nem ennyire szerencs\u00e9s a helyzet, ott n\u00e9h\u00e1ny centim\u00e9ter h\u00edj\u00e1n k\u00f6zel\u00edti meg a harmadfok\u00fa \u00e1rv\u00e9delmi k\u00e9sz\u00fclts\u00e9get a foly\u00f3: szerd\u00e1n hajnalban a 601 cm-t is mutathat a v\u00edzm\u00e9rce.<\/p>\n<p>Az elm\u00falt h\u00e9ten Nyugat-Eur\u00f3p\u00e1ban rendk\u00edv\u00fcl heves es\u0151z\u00e9seket okoz\u00f3 hideg\u00f6rv\u00e9ny a Duna v\u00edzgy\u0171jt\u0151j\u00e9t mind id\u0151ben, mind t\u00e9rben kev\u00e9ss\u00e9 \u00e9rintette. A magyarorsz\u00e1gi \u00e1rv\u00edzi helyzetet els\u0151sorban a szombaton, legink\u00e1bb Ausztria ter\u00fclet\u00e9n hullott jelent\u0151s mennyis\u00e9g\u0171 csapad\u00e9k befoly\u00e1solja, amely az Inn, a Traun, az Enns foly\u00f3k v\u00edzgy\u0171jt\u0151j\u00e9t \u00e9s a B\u00e9csi medenc\u00e9t \u00e9rintette. Itt ter\u00fcleti \u00e1tlagban 24 \u00f3ra leforg\u00e1sa alatt 33-62 mm csapad\u00e9k hullott, vas\u00e1rnap pedig erre tov\u00e1bbi 15 mm es\u0151 esett. A hideg\u00f6rv\u00e9ny a mai napon lassan d\u00e9l fel\u00e9 elt\u00e1volodik \u00e9s legyeng\u00fcl, \u00e9szaknyugat fel\u0151l hidegfront \u00e9rkezik, mellyel sz\u00e1razabb l\u00e9gt\u00f6megek \u00e9rkeznek a t\u00e9rs\u00e9gbe. A lehullott csapad\u00e9k hat\u00e1s\u00e1ra intenz\u00edv v\u00edzszintemelked\u00e9sek indultak meg. A n\u00e9met \u00e9s osztr\u00e1k szakaszon m\u00e1r megindult az apad\u00e1s. A most k\u00f6vetkez\u0151 napokban a Dun\u00e1n \u00e9s a hozz\u00e1 kapcsol\u00f3d\u00f3 mell\u00e9k\u00e1grendszerekben jelent\u0151sen megn\u0151nek a v\u00edzsebess\u00e9gek, sokfel\u00e9 kell sz\u00e1m\u00edtani komolyabb mennyis\u00e9g\u0171 uszad\u00e9kra is a foly\u00f3n.<\/p>\n<p>Fontos kiemelni, hogy a jelenlegi \u00e1rv\u00edz biztons\u00e1ggal levezethet\u0151 az \u00e1rv\u00edzv\u00e9delmi t\u00f6lt\u00e9sek k\u00f6z\u00f6tt vagy a kijel\u00f6lt \u00e1rtereken.<\/p>\n<p><img fetchpriority=\"high\" decoding=\"async\" class=\"alignnone size-full wp-image-34949\" src=\"https:\/\/dorogimedence.hu\/wp-content\/uploads\/2021\/07\/442025H-210719-uj.jpg\" alt=\"\" width=\"735\" height=\"463\" srcset=\"https:\/\/dorogimedence.hu\/wp-content\/uploads\/2021\/07\/442025H-210719-uj.jpg 735w, https:\/\/dorogimedence.hu\/wp-content\/uploads\/2021\/07\/442025H-210719-uj-300x189.jpg 300w, https:\/\/dorogimedence.hu\/wp-content\/uploads\/2021\/07\/442025H-210719-uj-150x94.jpg 150w, https:\/\/dorogimedence.hu\/wp-content\/uploads\/2021\/07\/442025H-210719-uj-450x283.jpg 450w\" sizes=\"(max-width: 735px) 100vw, 735px\" \/><\/p>\n<p><img decoding=\"async\" class=\"alignnone size-full wp-image-34950\" src=\"https:\/\/dorogimedence.hu\/wp-content\/uploads\/2021\/07\/442502H-210719-uj.jpg\" alt=\"\" width=\"735\" height=\"463\" srcset=\"https:\/\/dorogimedence.hu\/wp-content\/uploads\/2021\/07\/442502H-210719-uj.jpg 735w, https:\/\/dorogimedence.hu\/wp-content\/uploads\/2021\/07\/442502H-210719-uj-300x189.jpg 300w, https:\/\/dorogimedence.hu\/wp-content\/uploads\/2021\/07\/442502H-210719-uj-150x94.jpg 150w, https:\/\/dorogimedence.hu\/wp-content\/uploads\/2021\/07\/442502H-210719-uj-450x283.jpg 450w\" sizes=\"(max-width: 735px) 100vw, 735px\" \/><\/p>\n<p><img decoding=\"async\" class=\"alignnone size-large wp-image-34937\" src=\"https:\/\/dorogimedence.hu\/wp-content\/uploads\/2021\/07\/217390396_3572293646329662_1968653843957134081_n-1024x768.jpg\" alt=\"\" width=\"755\" height=\"566\" srcset=\"https:\/\/dorogimedence.hu\/wp-content\/uploads\/2021\/07\/217390396_3572293646329662_1968653843957134081_n-1024x768.jpg 1024w, https:\/\/dorogimedence.hu\/wp-content\/uploads\/2021\/07\/217390396_3572293646329662_1968653843957134081_n-300x225.jpg 300w, https:\/\/dorogimedence.hu\/wp-content\/uploads\/2021\/07\/217390396_3572293646329662_1968653843957134081_n-768x576.jpg 768w, https:\/\/dorogimedence.hu\/wp-content\/uploads\/2021\/07\/217390396_3572293646329662_1968653843957134081_n-150x113.jpg 150w, https:\/\/dorogimedence.hu\/wp-content\/uploads\/2021\/07\/217390396_3572293646329662_1968653843957134081_n-450x338.jpg 450w, https:\/\/dorogimedence.hu\/wp-content\/uploads\/2021\/07\/217390396_3572293646329662_1968653843957134081_n-1200x900.jpg 1200w, https:\/\/dorogimedence.hu\/wp-content\/uploads\/2021\/07\/217390396_3572293646329662_1968653843957134081_n.jpg 1440w\" sizes=\"(max-width: 755px) 100vw, 755px\" \/><\/p>\n<p><img loading=\"lazy\" decoding=\"async\" class=\"alignnone size-large wp-image-34938\" src=\"https:\/\/dorogimedence.hu\/wp-content\/uploads\/2021\/07\/219071244_202877048515793_2101197726058848551_n-1024x768.jpg\" alt=\"\" width=\"755\" height=\"566\" srcset=\"https:\/\/dorogimedence.hu\/wp-content\/uploads\/2021\/07\/219071244_202877048515793_2101197726058848551_n-1024x768.jpg 1024w, https:\/\/dorogimedence.hu\/wp-content\/uploads\/2021\/07\/219071244_202877048515793_2101197726058848551_n-300x225.jpg 300w, https:\/\/dorogimedence.hu\/wp-content\/uploads\/2021\/07\/219071244_202877048515793_2101197726058848551_n-768x576.jpg 768w, https:\/\/dorogimedence.hu\/wp-content\/uploads\/2021\/07\/219071244_202877048515793_2101197726058848551_n-150x113.jpg 150w, https:\/\/dorogimedence.hu\/wp-content\/uploads\/2021\/07\/219071244_202877048515793_2101197726058848551_n-450x338.jpg 450w, https:\/\/dorogimedence.hu\/wp-content\/uploads\/2021\/07\/219071244_202877048515793_2101197726058848551_n-1200x900.jpg 1200w, https:\/\/dorogimedence.hu\/wp-content\/uploads\/2021\/07\/219071244_202877048515793_2101197726058848551_n.jpg 1440w\" sizes=\"(max-width: 755px) 100vw, 755px\" \/><\/p>\n<p><em>Forr\u00e1s: hydroinfo.hu (OVSZ)<\/em><\/p>\n","protected":false},"excerpt":{"rendered":"<p>Az Orsz\u00e1gos V\u00edzjelz\u0151 Szolg\u00e1lat (OVSZ) jelent\u00e9se alapj\u00e1n I. fok\u00fa \u00e1rv\u00e9delmi k\u00e9sz\u00fclts\u00e9gi szintet meghalad\u00f3 v\u00edz\u00e1ll\u00e1s v\u00e1rhat\u00f3 a Dun\u00e1n Esztergomn\u00e1l. Az el\u0151rejelz\u00e9s szerint j\u00falius 21-\u00e9n, szerd\u00e1n 514 cm is lehet a v\u00edz\u00e1ll\u00e1s a Duna esztergomi szakasz\u00e1n, amely 14 centim\u00e9terrel haladja meg az els\u0151fok\u00fa \u00e1rv\u00e9delmi k\u00e9sz\u00fclts\u00e9g szintj\u00e9t. Nagybajcsn\u00e1l m\u00e1r nem ennyire szerencs\u00e9s a helyzet, ott n\u00e9h\u00e1ny centim\u00e9ter h\u00edj\u00e1n<\/p>\n","protected":false},"author":1,"featured_media":34932,"comment_status":"closed","ping_status":"closed","sticky":false,"template":"","format":"standard","meta":{"ngg_post_thumbnail":0,"footnotes":""},"categories":[38,3],"tags":[4701,137,229,42,5624,2950],"class_list":{"0":"post-34929","1":"post","2":"type-post","3":"status-publish","4":"format-standard","5":"has-post-thumbnail","7":"category-esztergom","8":"category-hirek","9":"tag-arhullam","10":"tag-arviz","11":"tag-duna","12":"tag-esztergom","13":"tag-featured","14":"tag-vizallas"},"yoast_head":"<!-- This site is optimized with the Yoast SEO plugin v27.4 - https:\/\/yoast.com\/product\/yoast-seo-wordpress\/ -->\n<title>\u00c1rhull\u00e1m j\u00f6n a Dun\u00e1n<\/title>\n<meta name=\"robots\" content=\"index, follow, max-snippet:-1, max-image-preview:large, max-video-preview:-1\" \/>\n<link rel=\"canonical\" href=\"https:\/\/dorogimedence.hu\/index.php\/2021\/07\/19\/arhullam-jon-a-dunan\/\" class=\"yoast-seo-meta-tag\" \/>\n<meta property=\"og:locale\" content=\"hu_HU\" class=\"yoast-seo-meta-tag\" \/>\n<meta property=\"og:type\" content=\"article\" class=\"yoast-seo-meta-tag\" \/>\n<meta property=\"og:title\" content=\"\u00c1rhull\u00e1m j\u00f6n a Dun\u00e1n\" class=\"yoast-seo-meta-tag\" \/>\n<meta property=\"og:description\" content=\"Az Orsz\u00e1gos V\u00edzjelz\u0151 Szolg\u00e1lat (OVSZ) jelent\u00e9se alapj\u00e1n I. fok\u00fa \u00e1rv\u00e9delmi k\u00e9sz\u00fclts\u00e9gi szintet meghalad\u00f3 v\u00edz\u00e1ll\u00e1s v\u00e1rhat\u00f3 a Dun\u00e1n Esztergomn\u00e1l. Az el\u0151rejelz\u00e9s szerint j\u00falius 21-\u00e9n, szerd\u00e1n 514 cm is lehet a v\u00edz\u00e1ll\u00e1s a Duna esztergomi szakasz\u00e1n, amely 14 centim\u00e9terrel haladja meg az els\u0151fok\u00fa \u00e1rv\u00e9delmi k\u00e9sz\u00fclts\u00e9g szintj\u00e9t. Nagybajcsn\u00e1l m\u00e1r nem ennyire szerencs\u00e9s a helyzet, ott n\u00e9h\u00e1ny centim\u00e9ter h\u00edj\u00e1n\" class=\"yoast-seo-meta-tag\" \/>\n<meta property=\"og:url\" content=\"https:\/\/dorogimedence.hu\/index.php\/2021\/07\/19\/arhullam-jon-a-dunan\/\" class=\"yoast-seo-meta-tag\" \/>\n<meta property=\"og:site_name\" content=\"Dorogi-medence Region\u00e1lis H\u00edrport\u00e1l\" class=\"yoast-seo-meta-tag\" \/>\n<meta property=\"article:publisher\" content=\"https:\/\/www.facebook.com\/dorogimedence\/\" class=\"yoast-seo-meta-tag\" \/>\n<meta property=\"article:published_time\" content=\"2021-07-19T05:03:45+00:00\" class=\"yoast-seo-meta-tag\" \/>\n<meta property=\"article:modified_time\" content=\"2021-07-19T10:10:47+00:00\" class=\"yoast-seo-meta-tag\" \/>\n<meta property=\"og:image\" content=\"https:\/\/i0.wp.com\/dorogimedence.hu\/wp-content\/uploads\/2021\/07\/arhullam-duna.jpg?fit=1920%2C1080&ssl=1\" class=\"yoast-seo-meta-tag\" \/>\n\t<meta property=\"og:image:width\" content=\"1920\" class=\"yoast-seo-meta-tag\" \/>\n\t<meta property=\"og:image:height\" content=\"1080\" class=\"yoast-seo-meta-tag\" \/>\n\t<meta property=\"og:image:type\" content=\"image\/jpeg\" class=\"yoast-seo-meta-tag\" \/>\n<meta name=\"author\" content=\"dorogimedence.hu\" class=\"yoast-seo-meta-tag\" \/>\n<meta name=\"twitter:card\" content=\"summary_large_image\" class=\"yoast-seo-meta-tag\" \/>\n<meta name=\"twitter:label1\" content=\"Szerz\u0151:\" class=\"yoast-seo-meta-tag\" \/>\n\t<meta name=\"twitter:data1\" content=\"dorogimedence.hu\" class=\"yoast-seo-meta-tag\" \/>\n\t<meta name=\"twitter:label2\" content=\"Becs\u00fclt olvas\u00e1si id\u0151\" class=\"yoast-seo-meta-tag\" \/>\n\t<meta name=\"twitter:data2\" content=\"2 perc\" class=\"yoast-seo-meta-tag\" \/>\n<script type=\"application\/ld+json\" class=\"yoast-schema-graph\">{\"@context\":\"https:\\\/\\\/schema.org\",\"@graph\":[{\"@type\":\"Article\",\"@id\":\"https:\\\/\\\/dorogimedence.hu\\\/index.php\\\/2021\\\/07\\\/19\\\/arhullam-jon-a-dunan\\\/#article\",\"isPartOf\":{\"@id\":\"https:\\\/\\\/dorogimedence.hu\\\/index.php\\\/2021\\\/07\\\/19\\\/arhullam-jon-a-dunan\\\/\"},\"author\":{\"name\":\"dorogimedence.hu\",\"@id\":\"https:\\\/\\\/dorogimedence.hu\\\/#\\\/schema\\\/person\\\/ce6091eeb7e95ecdc87890d6aa8e0fd4\"},\"headline\":\"\u00c1rhull\u00e1m j\u00f6n a Dun\u00e1n\",\"datePublished\":\"2021-07-19T05:03:45+00:00\",\"dateModified\":\"2021-07-19T10:10:47+00:00\",\"mainEntityOfPage\":{\"@id\":\"https:\\\/\\\/dorogimedence.hu\\\/index.php\\\/2021\\\/07\\\/19\\\/arhullam-jon-a-dunan\\\/\"},\"wordCount\":354,\"publisher\":{\"@id\":\"https:\\\/\\\/dorogimedence.hu\\\/#organization\"},\"image\":{\"@id\":\"https:\\\/\\\/dorogimedence.hu\\\/index.php\\\/2021\\\/07\\\/19\\\/arhullam-jon-a-dunan\\\/#primaryimage\"},\"thumbnailUrl\":\"https:\\\/\\\/dorogimedence.hu\\\/wp-content\\\/uploads\\\/2021\\\/07\\\/arhullam-duna.jpg\",\"keywords\":[\"\u00e1rhull\u00e1m\",\"\u00e1rv\u00edz\",\"Duna\",\"esztergom\",\"featured\",\"v\u00edz\u00e1ll\u00e1s\"],\"articleSection\":[\"Esztergom\",\"H\u00edrek\"],\"inLanguage\":\"hu\"},{\"@type\":\"WebPage\",\"@id\":\"https:\\\/\\\/dorogimedence.hu\\\/index.php\\\/2021\\\/07\\\/19\\\/arhullam-jon-a-dunan\\\/\",\"url\":\"https:\\\/\\\/dorogimedence.hu\\\/index.php\\\/2021\\\/07\\\/19\\\/arhullam-jon-a-dunan\\\/\",\"name\":\"\u00c1rhull\u00e1m j\u00f6n a Dun\u00e1n\",\"isPartOf\":{\"@id\":\"https:\\\/\\\/dorogimedence.hu\\\/#website\"},\"primaryImageOfPage\":{\"@id\":\"https:\\\/\\\/dorogimedence.hu\\\/index.php\\\/2021\\\/07\\\/19\\\/arhullam-jon-a-dunan\\\/#primaryimage\"},\"image\":{\"@id\":\"https:\\\/\\\/dorogimedence.hu\\\/index.php\\\/2021\\\/07\\\/19\\\/arhullam-jon-a-dunan\\\/#primaryimage\"},\"thumbnailUrl\":\"https:\\\/\\\/dorogimedence.hu\\\/wp-content\\\/uploads\\\/2021\\\/07\\\/arhullam-duna.jpg\",\"datePublished\":\"2021-07-19T05:03:45+00:00\",\"dateModified\":\"2021-07-19T10:10:47+00:00\",\"breadcrumb\":{\"@id\":\"https:\\\/\\\/dorogimedence.hu\\\/index.php\\\/2021\\\/07\\\/19\\\/arhullam-jon-a-dunan\\\/#breadcrumb\"},\"inLanguage\":\"hu\",\"potentialAction\":[{\"@type\":\"ReadAction\",\"target\":[\"https:\\\/\\\/dorogimedence.hu\\\/index.php\\\/2021\\\/07\\\/19\\\/arhullam-jon-a-dunan\\\/\"]}]},{\"@type\":\"ImageObject\",\"inLanguage\":\"hu\",\"@id\":\"https:\\\/\\\/dorogimedence.hu\\\/index.php\\\/2021\\\/07\\\/19\\\/arhullam-jon-a-dunan\\\/#primaryimage\",\"url\":\"https:\\\/\\\/dorogimedence.hu\\\/wp-content\\\/uploads\\\/2021\\\/07\\\/arhullam-duna.jpg\",\"contentUrl\":\"https:\\\/\\\/dorogimedence.hu\\\/wp-content\\\/uploads\\\/2021\\\/07\\\/arhullam-duna.jpg\",\"width\":1920,\"height\":1080},{\"@type\":\"BreadcrumbList\",\"@id\":\"https:\\\/\\\/dorogimedence.hu\\\/index.php\\\/2021\\\/07\\\/19\\\/arhullam-jon-a-dunan\\\/#breadcrumb\",\"itemListElement\":[{\"@type\":\"ListItem\",\"position\":1,\"name\":\"Kezd\u0151lap\",\"item\":\"https:\\\/\\\/dorogimedence.hu\\\/\"},{\"@type\":\"ListItem\",\"position\":2,\"name\":\"\u00c1rhull\u00e1m j\u00f6n a Dun\u00e1n\"}]},{\"@type\":\"WebSite\",\"@id\":\"https:\\\/\\\/dorogimedence.hu\\\/#website\",\"url\":\"https:\\\/\\\/dorogimedence.hu\\\/\",\"name\":\"Dorogi-medence Region\u00e1lis H\u00edrport\u00e1l\",\"description\":\"Dorog, Keszt\u00f6lc, Le\u00e1nyv\u00e1r, Piliscs\u00e9v, Tokod, Tokodalt\u00e1r\u00f3, Csolnok, Esztergom-kertv\u00e1ros: h\u00edrek, programok\",\"publisher\":{\"@id\":\"https:\\\/\\\/dorogimedence.hu\\\/#organization\"},\"potentialAction\":[{\"@type\":\"SearchAction\",\"target\":{\"@type\":\"EntryPoint\",\"urlTemplate\":\"https:\\\/\\\/dorogimedence.hu\\\/?s={search_term_string}\"},\"query-input\":{\"@type\":\"PropertyValueSpecification\",\"valueRequired\":true,\"valueName\":\"search_term_string\"}}],\"inLanguage\":\"hu\"},{\"@type\":\"Organization\",\"@id\":\"https:\\\/\\\/dorogimedence.hu\\\/#organization\",\"name\":\"Dorogi-medence Region\u00e1lis H\u00edrport\u00e1l\",\"url\":\"https:\\\/\\\/dorogimedence.hu\\\/\",\"logo\":{\"@type\":\"ImageObject\",\"inLanguage\":\"hu\",\"@id\":\"https:\\\/\\\/dorogimedence.hu\\\/#\\\/schema\\\/logo\\\/image\\\/\",\"url\":\"https:\\\/\\\/dorogimedence.hu\\\/wp-content\\\/uploads\\\/2021\\\/04\\\/logo-feher-600.png\",\"contentUrl\":\"https:\\\/\\\/dorogimedence.hu\\\/wp-content\\\/uploads\\\/2021\\\/04\\\/logo-feher-600.png\",\"width\":600,\"height\":100,\"caption\":\"Dorogi-medence Region\u00e1lis H\u00edrport\u00e1l\"},\"image\":{\"@id\":\"https:\\\/\\\/dorogimedence.hu\\\/#\\\/schema\\\/logo\\\/image\\\/\"},\"sameAs\":[\"https:\\\/\\\/www.facebook.com\\\/dorogimedence\\\/\"]},{\"@type\":\"Person\",\"@id\":\"https:\\\/\\\/dorogimedence.hu\\\/#\\\/schema\\\/person\\\/ce6091eeb7e95ecdc87890d6aa8e0fd4\",\"name\":\"dorogimedence.hu\",\"image\":{\"@type\":\"ImageObject\",\"inLanguage\":\"hu\",\"@id\":\"\\\/\\\/www.gravatar.com\\\/avatar\\\/d8d45f8901aadff40a4af72c0b826f1d?s=96&#038;r=g&#038;d=mm\",\"url\":\"\\\/\\\/www.gravatar.com\\\/avatar\\\/d8d45f8901aadff40a4af72c0b826f1d?s=96&#038;r=g&#038;d=mm\",\"contentUrl\":\"\\\/\\\/www.gravatar.com\\\/avatar\\\/d8d45f8901aadff40a4af72c0b826f1d?s=96&#038;r=g&#038;d=mm\",\"caption\":\"dorogimedence.hu\"}}]}<\/script>\n<!-- \/ Yoast SEO plugin. -->","yoast_head_json":{"title":"\u00c1rhull\u00e1m j\u00f6n a Dun\u00e1n","robots":{"index":"index","follow":"follow","max-snippet":"max-snippet:-1","max-image-preview":"max-image-preview:large","max-video-preview":"max-video-preview:-1"},"canonical":"https:\/\/dorogimedence.hu\/index.php\/2021\/07\/19\/arhullam-jon-a-dunan\/","og_locale":"hu_HU","og_type":"article","og_title":"\u00c1rhull\u00e1m j\u00f6n a Dun\u00e1n","og_description":"Az Orsz\u00e1gos V\u00edzjelz\u0151 Szolg\u00e1lat (OVSZ) jelent\u00e9se alapj\u00e1n I. fok\u00fa \u00e1rv\u00e9delmi k\u00e9sz\u00fclts\u00e9gi szintet meghalad\u00f3 v\u00edz\u00e1ll\u00e1s v\u00e1rhat\u00f3 a Dun\u00e1n Esztergomn\u00e1l. Az el\u0151rejelz\u00e9s szerint j\u00falius 21-\u00e9n, szerd\u00e1n 514 cm is lehet a v\u00edz\u00e1ll\u00e1s a Duna esztergomi szakasz\u00e1n, amely 14 centim\u00e9terrel haladja meg az els\u0151fok\u00fa \u00e1rv\u00e9delmi k\u00e9sz\u00fclts\u00e9g szintj\u00e9t. Nagybajcsn\u00e1l m\u00e1r nem ennyire szerencs\u00e9s a helyzet, ott n\u00e9h\u00e1ny centim\u00e9ter h\u00edj\u00e1n","og_url":"https:\/\/dorogimedence.hu\/index.php\/2021\/07\/19\/arhullam-jon-a-dunan\/","og_site_name":"Dorogi-medence Region\u00e1lis H\u00edrport\u00e1l","article_publisher":"https:\/\/www.facebook.com\/dorogimedence\/","article_published_time":"2021-07-19T05:03:45+00:00","article_modified_time":"2021-07-19T10:10:47+00:00","og_image":[{"width":1920,"height":1080,"url":"https:\/\/i0.wp.com\/dorogimedence.hu\/wp-content\/uploads\/2021\/07\/arhullam-duna.jpg?fit=1920%2C1080&ssl=1","type":"image\/jpeg"}],"author":"dorogimedence.hu","twitter_card":"summary_large_image","twitter_misc":{"Szerz\u0151:":"dorogimedence.hu","Becs\u00fclt olvas\u00e1si id\u0151":"2 perc"},"schema":{"@context":"https:\/\/schema.org","@graph":[{"@type":"Article","@id":"https:\/\/dorogimedence.hu\/index.php\/2021\/07\/19\/arhullam-jon-a-dunan\/#article","isPartOf":{"@id":"https:\/\/dorogimedence.hu\/index.php\/2021\/07\/19\/arhullam-jon-a-dunan\/"},"author":{"name":"dorogimedence.hu","@id":"https:\/\/dorogimedence.hu\/#\/schema\/person\/ce6091eeb7e95ecdc87890d6aa8e0fd4"},"headline":"\u00c1rhull\u00e1m j\u00f6n a Dun\u00e1n","datePublished":"2021-07-19T05:03:45+00:00","dateModified":"2021-07-19T10:10:47+00:00","mainEntityOfPage":{"@id":"https:\/\/dorogimedence.hu\/index.php\/2021\/07\/19\/arhullam-jon-a-dunan\/"},"wordCount":354,"publisher":{"@id":"https:\/\/dorogimedence.hu\/#organization"},"image":{"@id":"https:\/\/dorogimedence.hu\/index.php\/2021\/07\/19\/arhullam-jon-a-dunan\/#primaryimage"},"thumbnailUrl":"https:\/\/dorogimedence.hu\/wp-content\/uploads\/2021\/07\/arhullam-duna.jpg","keywords":["\u00e1rhull\u00e1m","\u00e1rv\u00edz","Duna","esztergom","featured","v\u00edz\u00e1ll\u00e1s"],"articleSection":["Esztergom","H\u00edrek"],"inLanguage":"hu"},{"@type":"WebPage","@id":"https:\/\/dorogimedence.hu\/index.php\/2021\/07\/19\/arhullam-jon-a-dunan\/","url":"https:\/\/dorogimedence.hu\/index.php\/2021\/07\/19\/arhullam-jon-a-dunan\/","name":"\u00c1rhull\u00e1m j\u00f6n a Dun\u00e1n","isPartOf":{"@id":"https:\/\/dorogimedence.hu\/#website"},"primaryImageOfPage":{"@id":"https:\/\/dorogimedence.hu\/index.php\/2021\/07\/19\/arhullam-jon-a-dunan\/#primaryimage"},"image":{"@id":"https:\/\/dorogimedence.hu\/index.php\/2021\/07\/19\/arhullam-jon-a-dunan\/#primaryimage"},"thumbnailUrl":"https:\/\/dorogimedence.hu\/wp-content\/uploads\/2021\/07\/arhullam-duna.jpg","datePublished":"2021-07-19T05:03:45+00:00","dateModified":"2021-07-19T10:10:47+00:00","breadcrumb":{"@id":"https:\/\/dorogimedence.hu\/index.php\/2021\/07\/19\/arhullam-jon-a-dunan\/#breadcrumb"},"inLanguage":"hu","potentialAction":[{"@type":"ReadAction","target":["https:\/\/dorogimedence.hu\/index.php\/2021\/07\/19\/arhullam-jon-a-dunan\/"]}]},{"@type":"ImageObject","inLanguage":"hu","@id":"https:\/\/dorogimedence.hu\/index.php\/2021\/07\/19\/arhullam-jon-a-dunan\/#primaryimage","url":"https:\/\/dorogimedence.hu\/wp-content\/uploads\/2021\/07\/arhullam-duna.jpg","contentUrl":"https:\/\/dorogimedence.hu\/wp-content\/uploads\/2021\/07\/arhullam-duna.jpg","width":1920,"height":1080},{"@type":"BreadcrumbList","@id":"https:\/\/dorogimedence.hu\/index.php\/2021\/07\/19\/arhullam-jon-a-dunan\/#breadcrumb","itemListElement":[{"@type":"ListItem","position":1,"name":"Kezd\u0151lap","item":"https:\/\/dorogimedence.hu\/"},{"@type":"ListItem","position":2,"name":"\u00c1rhull\u00e1m j\u00f6n a Dun\u00e1n"}]},{"@type":"WebSite","@id":"https:\/\/dorogimedence.hu\/#website","url":"https:\/\/dorogimedence.hu\/","name":"Dorogi-medence Region\u00e1lis H\u00edrport\u00e1l","description":"Dorog, Keszt\u00f6lc, Le\u00e1nyv\u00e1r, Piliscs\u00e9v, Tokod, Tokodalt\u00e1r\u00f3, Csolnok, Esztergom-kertv\u00e1ros: h\u00edrek, programok","publisher":{"@id":"https:\/\/dorogimedence.hu\/#organization"},"potentialAction":[{"@type":"SearchAction","target":{"@type":"EntryPoint","urlTemplate":"https:\/\/dorogimedence.hu\/?s={search_term_string}"},"query-input":{"@type":"PropertyValueSpecification","valueRequired":true,"valueName":"search_term_string"}}],"inLanguage":"hu"},{"@type":"Organization","@id":"https:\/\/dorogimedence.hu\/#organization","name":"Dorogi-medence Region\u00e1lis H\u00edrport\u00e1l","url":"https:\/\/dorogimedence.hu\/","logo":{"@type":"ImageObject","inLanguage":"hu","@id":"https:\/\/dorogimedence.hu\/#\/schema\/logo\/image\/","url":"https:\/\/dorogimedence.hu\/wp-content\/uploads\/2021\/04\/logo-feher-600.png","contentUrl":"https:\/\/dorogimedence.hu\/wp-content\/uploads\/2021\/04\/logo-feher-600.png","width":600,"height":100,"caption":"Dorogi-medence Region\u00e1lis H\u00edrport\u00e1l"},"image":{"@id":"https:\/\/dorogimedence.hu\/#\/schema\/logo\/image\/"},"sameAs":["https:\/\/www.facebook.com\/dorogimedence\/"]},{"@type":"Person","@id":"https:\/\/dorogimedence.hu\/#\/schema\/person\/ce6091eeb7e95ecdc87890d6aa8e0fd4","name":"dorogimedence.hu","image":{"@type":"ImageObject","inLanguage":"hu","@id":"\/\/www.gravatar.com\/avatar\/d8d45f8901aadff40a4af72c0b826f1d?s=96&#038;r=g&#038;d=mm","url":"\/\/www.gravatar.com\/avatar\/d8d45f8901aadff40a4af72c0b826f1d?s=96&#038;r=g&#038;d=mm","contentUrl":"\/\/www.gravatar.com\/avatar\/d8d45f8901aadff40a4af72c0b826f1d?s=96&#038;r=g&#038;d=mm","caption":"dorogimedence.hu"}}]}},"_links":{"self":[{"href":"https:\/\/dorogimedence.hu\/index.php\/wp-json\/wp\/v2\/posts\/34929","targetHints":{"allow":["GET"]}}],"collection":[{"href":"https:\/\/dorogimedence.hu\/index.php\/wp-json\/wp\/v2\/posts"}],"about":[{"href":"https:\/\/dorogimedence.hu\/index.php\/wp-json\/wp\/v2\/types\/post"}],"author":[{"embeddable":true,"href":"https:\/\/dorogimedence.hu\/index.php\/wp-json\/wp\/v2\/users\/1"}],"replies":[{"embeddable":true,"href":"https:\/\/dorogimedence.hu\/index.php\/wp-json\/wp\/v2\/comments?post=34929"}],"version-history":[{"count":0,"href":"https:\/\/dorogimedence.hu\/index.php\/wp-json\/wp\/v2\/posts\/34929\/revisions"}],"wp:featuredmedia":[{"embeddable":true,"href":"https:\/\/dorogimedence.hu\/index.php\/wp-json\/wp\/v2\/media\/34932"}],"wp:attachment":[{"href":"https:\/\/dorogimedence.hu\/index.php\/wp-json\/wp\/v2\/media?parent=34929"}],"wp:term":[{"taxonomy":"category","embeddable":true,"href":"https:\/\/dorogimedence.hu\/index.php\/wp-json\/wp\/v2\/categories?post=34929"},{"taxonomy":"post_tag","embeddable":true,"href":"https:\/\/dorogimedence.hu\/index.php\/wp-json\/wp\/v2\/tags?post=34929"}],"curies":[{"name":"wp","href":"https:\/\/api.w.org\/{rel}","templated":true}]}}