{"id":34866,"date":"2021-07-15T17:22:16","date_gmt":"2021-07-15T15:22:16","guid":{"rendered":"https:\/\/dorogimedence.hu\/?p=34866"},"modified":"2021-07-16T07:40:42","modified_gmt":"2021-07-16T05:40:42","slug":"megduplazta-raktarkapacitasat-a-lucart-kft-nyergesujfaluban","status":"publish","type":"post","link":"https:\/\/dorogimedence.hu\/index.php\/2021\/07\/15\/megduplazta-raktarkapacitasat-a-lucart-kft-nyergesujfaluban\/","title":{"rendered":"Megdupl\u00e1zta rakt\u00e1rkapacit\u00e1s\u00e1t a\u00a0Lucart\u00a0Kft. Nyerges\u00fajfaluban"},"content":{"rendered":"<p><strong>Megdupl\u00e1zta rakt\u00e1rkapacit\u00e1s\u00e1t az olasz \u00e9rdekelts\u00e9g\u0171 Lucart Kft. Nyerges\u00fajfaluban, a 900 milli\u00f3 forintos beruh\u00e1z\u00e1shoz 282 milli\u00f3 forint vissza nem t\u00e9r\u00edtend\u0151 t\u00e1mogat\u00e1st ny\u00fajtott a korm\u00e1ny<\/strong> <em>&#8211; mondta Szijj\u00e1rt\u00f3 P\u00e9ter, k\u00fclgazdas\u00e1gi \u00e9s k\u00fcl\u00fcgyminiszter cs\u00fct\u00f6rt\u00f6k\u00f6n az \u00fczemben tartott bej\u00e1r\u00e1son.<\/em><\/p>\n<p>Szijj\u00e1rt\u00f3 P\u00e9ter kiemelte: az \u00faj rakt\u00e1rb\u00e1zis\u00e9p\u00edt\u00e9ssel a c\u00e9gn\u00e9l 92 munkahely v\u00e1lt &#8222;betonbiztoss\u00e1&#8221;. Ez az egyetlen olyan c\u00e9g a magyar pap\u00edr\u00e1ru piacon, amely rendelkezik az Eur\u00f3pai Uni\u00f3 \u00fagynevezett Ecolabel min\u0151s\u00edt\u00e9s\u00e9vel, innen l\u00e1tj\u00e1k el a kelet-k\u00f6z\u00e9p-eur\u00f3pai piacokat is &#8211; hangs\u00falyozta.<\/p>\n<p><img fetchpriority=\"high\" decoding=\"async\" class=\"alignnone size-large wp-image-34870\" src=\"https:\/\/dorogimedence.hu\/wp-content\/uploads\/2021\/07\/lucart-1024x683.jpg\" alt=\"\" width=\"755\" height=\"504\" srcset=\"https:\/\/dorogimedence.hu\/wp-content\/uploads\/2021\/07\/lucart-1024x683.jpg 1024w, https:\/\/dorogimedence.hu\/wp-content\/uploads\/2021\/07\/lucart-300x200.jpg 300w, https:\/\/dorogimedence.hu\/wp-content\/uploads\/2021\/07\/lucart-768x512.jpg 768w, https:\/\/dorogimedence.hu\/wp-content\/uploads\/2021\/07\/lucart-150x100.jpg 150w, https:\/\/dorogimedence.hu\/wp-content\/uploads\/2021\/07\/lucart-450x300.jpg 450w, https:\/\/dorogimedence.hu\/wp-content\/uploads\/2021\/07\/lucart-272x182.jpg 272w, https:\/\/dorogimedence.hu\/wp-content\/uploads\/2021\/07\/lucart.jpg 1200w\" sizes=\"(max-width: 755px) 100vw, 755px\" \/><\/p>\n<p>A miniszter \u00fagy v\u00e9lte, ami a&nbsp;Lucartn\u00e1l zajlik, az j\u00f3l \u00f6sszefoglalja azt a magyar gazdas\u00e1gstrat\u00e9giai c\u00e9lkit\u0171z\u00e9st, amely szerint \u00fagy n\u00f6velik a gazdas\u00e1gi teljes\u00edtm\u00e9nyt, hogy k\u00f6zben cs\u00f6kkentik a k\u00e1rosanyag-kibocs\u00e1t\u00e1st. Hozz\u00e1tette, hogy a vil\u00e1gon 21 orsz\u00e1g, k\u00f6z\u00f6tt\u00fck Magyarorsz\u00e1g tartozik ezek k\u00f6z\u00e9 az orsz\u00e1gok k\u00f6z\u00e9. Ez j\u00f3 es\u00e9lyt ad arra, hogy a k\u00f6rforg\u00e1sos gazdas\u00e1gra min\u00e9l el\u0151bb \u00e1t tudjunk \u00e1llni, ez\u00e9rt tiltottak be egyes egyszer haszn\u00e1latos m\u0171anyagterm\u00e9keket j\u00faliust\u00f3l Magyarorsz\u00e1gon.<\/p>\n<p>Szijj\u00e1rt\u00f3 P\u00e9ter kiemelte, hogy Olaszorsz\u00e1g Magyarorsz\u00e1g \u00f6t\u00f6dik legfontosabb kereskedelmi partnere, a magyar gazdas\u00e1g harmadik legfontosabb exportpiaca, \u00e9s a hetedik legnagyobb beruh\u00e1z\u00e1si k\u00f6z\u00f6ss\u00e9g Magyarorsz\u00e1gon az olasz. A magyar-olasz kereskedelmi forgalom az els\u0151 n\u00e9gy h\u00f3napban k\u00f6zel 30 sz\u00e1zal\u00e9kkal n\u0151tt, ha ez folytat\u00f3dik, akkor rekordot d\u00f6nthet id\u00e9n &#8211; tette hozz\u00e1. A miniszter kit\u00e9rt arra is, hogy verseny indult a vil\u00e1ggazdas\u00e1gban, amely eld\u00f6nti, kik lehetnek az \u00faj korszak nyertesei. Azok az orsz\u00e1gok ker\u00fclnek a gy\u0151ztesek oldal\u00e1ra, amelyek k\u00e9pesek a lehet\u0151 legt\u00f6bb \u00faj beruh\u00e1z\u00e1st magukhoz vonzani &#8211; h\u00fazta al\u00e1.<\/p>\n<p><img decoding=\"async\" class=\"alignnone size-large wp-image-34871\" src=\"https:\/\/dorogimedence.hu\/wp-content\/uploads\/2021\/07\/lucart-02-1024x679.jpg\" alt=\"\" width=\"755\" height=\"501\" srcset=\"https:\/\/dorogimedence.hu\/wp-content\/uploads\/2021\/07\/lucart-02-1024x679.jpg 1024w, https:\/\/dorogimedence.hu\/wp-content\/uploads\/2021\/07\/lucart-02-300x199.jpg 300w, https:\/\/dorogimedence.hu\/wp-content\/uploads\/2021\/07\/lucart-02-768x509.jpg 768w, https:\/\/dorogimedence.hu\/wp-content\/uploads\/2021\/07\/lucart-02-150x100.jpg 150w, https:\/\/dorogimedence.hu\/wp-content\/uploads\/2021\/07\/lucart-02-450x299.jpg 450w, https:\/\/dorogimedence.hu\/wp-content\/uploads\/2021\/07\/lucart-02.jpg 1200w\" sizes=\"(max-width: 755px) 100vw, 755px\" \/><\/p>\n<p><em>\u201eNemr\u00e9giben \u00e1lltunk itt, amikor a c\u00e9gn\u00e9l \u00e1tad\u00e1sra ker\u00fclt a gy\u00e1rt\u00f3csarnok \u00e9s nagyon \u00f6r\u00fcl\u00f6k, hogy \u00fajabb beruh\u00e1z\u00e1st adhatunk \u00e1t. Akkor is arr\u00f3l besz\u00e9ltem, hogy milyen kiv\u00e1l\u00f3ak voltak mindig az olasz magyar kapcsolatok, azt hiszem, hogy ez a c\u00e9g is sokat hozz\u00e1tett ehhez. Nagyon k\u00f6sz\u00f6n\u00f6m a tulajdonosoknak, hogy b\u00edznak a magyar piacban \u00e9s a magyar munkaer\u0151ben. A korm\u00e1nynak pedig nagyon k\u00f6sz\u00f6n\u00f6m, hogy ism\u00e9telten t\u00e1mogatott itt Nyerges\u00fajfaluban egy ilyen beruh\u00e1z\u00e1st.\u201d<\/em> \u2013 mondta dr. V\u00f6lner P\u00e1l, a t\u00e9rs\u00e9g orsz\u00e1ggy\u0171l\u00e9si k\u00e9pvisel\u0151je.<\/p>\n<p><img decoding=\"async\" class=\"alignnone size-large wp-image-34872\" src=\"https:\/\/dorogimedence.hu\/wp-content\/uploads\/2021\/07\/lucart-03-1024x707.jpg\" alt=\"\" width=\"755\" height=\"521\" srcset=\"https:\/\/dorogimedence.hu\/wp-content\/uploads\/2021\/07\/lucart-03-1024x707.jpg 1024w, https:\/\/dorogimedence.hu\/wp-content\/uploads\/2021\/07\/lucart-03-300x207.jpg 300w, https:\/\/dorogimedence.hu\/wp-content\/uploads\/2021\/07\/lucart-03-768x530.jpg 768w, https:\/\/dorogimedence.hu\/wp-content\/uploads\/2021\/07\/lucart-03-150x104.jpg 150w, https:\/\/dorogimedence.hu\/wp-content\/uploads\/2021\/07\/lucart-03-450x311.jpg 450w, https:\/\/dorogimedence.hu\/wp-content\/uploads\/2021\/07\/lucart-03.jpg 1200w\" sizes=\"(max-width: 755px) 100vw, 755px\" \/><\/p>\n<p><em>\u201eA vil\u00e1gj\u00e1rv\u00e1ny okozta glob\u00e1lis v\u00e1ls\u00e1g egyik \u00fczenete a pap\u00edripar szerepl\u0151i sz\u00e1m\u00e1ra is az, hogy szerencs\u00e9sebb a termel\u00e9s teljes vertikum\u00e1t egy helyre koncentr\u00e1lni. A rakt\u00e1rb\u0151v\u00edt\u00e9s is ezt a c\u00e9lt szolg\u00e1lja, hiszen m\u00e9g hat\u00e9konyabb kiszolg\u00e1l\u00e1st tesz lehet\u0151v\u00e9\u201d<\/em> \u2013 mondta Bab\u00e1k \u00c1kos, a Lucart Kft. \u00fcgyvezet\u0151 igazgat\u00f3ja. Hozz\u00e1tette, hogy az \u00fajrahasznos\u00edtott pap\u00edr a t\u00e1rsas\u00e1g franciaorsz\u00e1gi \u00e9s olaszorsz\u00e1gi gy\u00e1raib\u00f3l \u00e9rkezik Nyerges\u00fajfalura, t\u00f6bbek k\u00f6zt WC-pap\u00edr, k\u00e9zt\u00f6rl\u0151 \u00e9s pap\u00edrt\u00f6rl\u0151 alapanyagak\u00e9nt. Kiemelte, hogy a&nbsp;Lucart&nbsp;Kft. \u00e1rbev\u00e9tele 2020-ban megk\u00f6zel\u00edtette a 6,2 milli\u00e1rd forintot, ennek k\u00f6zel negyede sz\u00e1rmazott exportb\u00f3l. A c\u00e9g f\u0151bb kereskedelmi partnerei Bulg\u00e1ria, Moldova, Rom\u00e1nia \u00e9s Szlov\u00e1kia.<\/p>\n<p><img loading=\"lazy\" decoding=\"async\" class=\"alignnone size-large wp-image-34867\" src=\"https:\/\/dorogimedence.hu\/wp-content\/uploads\/2021\/07\/9afa5ccc-c05f-b400-c7ce-fd5d82c8396c-1024x682.jpg\" alt=\"\" width=\"755\" height=\"503\" srcset=\"https:\/\/dorogimedence.hu\/wp-content\/uploads\/2021\/07\/9afa5ccc-c05f-b400-c7ce-fd5d82c8396c-1024x682.jpg 1024w, https:\/\/dorogimedence.hu\/wp-content\/uploads\/2021\/07\/9afa5ccc-c05f-b400-c7ce-fd5d82c8396c-300x200.jpg 300w, https:\/\/dorogimedence.hu\/wp-content\/uploads\/2021\/07\/9afa5ccc-c05f-b400-c7ce-fd5d82c8396c-768x512.jpg 768w, https:\/\/dorogimedence.hu\/wp-content\/uploads\/2021\/07\/9afa5ccc-c05f-b400-c7ce-fd5d82c8396c-1536x1023.jpg 1536w, https:\/\/dorogimedence.hu\/wp-content\/uploads\/2021\/07\/9afa5ccc-c05f-b400-c7ce-fd5d82c8396c-150x100.jpg 150w, https:\/\/dorogimedence.hu\/wp-content\/uploads\/2021\/07\/9afa5ccc-c05f-b400-c7ce-fd5d82c8396c-450x300.jpg 450w, https:\/\/dorogimedence.hu\/wp-content\/uploads\/2021\/07\/9afa5ccc-c05f-b400-c7ce-fd5d82c8396c-1200x800.jpg 1200w, https:\/\/dorogimedence.hu\/wp-content\/uploads\/2021\/07\/9afa5ccc-c05f-b400-c7ce-fd5d82c8396c-272x182.jpg 272w, https:\/\/dorogimedence.hu\/wp-content\/uploads\/2021\/07\/9afa5ccc-c05f-b400-c7ce-fd5d82c8396c.jpg 1732w\" sizes=\"(max-width: 755px) 100vw, 755px\" \/><\/p>\n<p>Omar Balducci, a Lucart K\u00f6z\u00e9p-Kelet-Eur\u00f3p\u00e1\u00e9rt felel\u0151s kereskedelmi igazgat\u00f3ja a rakt\u00e1rb\u0151v\u00edt\u00e9s kapcs\u00e1n elmondta: <em>\u201eEgy \u00fajabb l\u00e9p\u00e9st tett\u00fcnk annak \u00e9rdek\u00e9ben, hogy meger\u0151s\u00edts\u00fck \u00e9s konszolid\u00e1ljuk a poz\u00edci\u00f3nkat Magyarorsz\u00e1gon, illetve K\u00f6z\u00e9p-Eur\u00f3p\u00e1ban\u201d.<\/em> Omar Balducci megjegyezte, hogy a Pasquini csal\u00e1d \u00e1ltal 1953-ban alap\u00edtott&nbsp;Lucart&nbsp;piacvezet\u0151eur\u00f3pai v\u00e1llalat, amely h\u00e1ztart\u00e1si higi\u00e9niai term\u00e9keket gy\u00e1rt. A&nbsp;Lucart&nbsp;termel\u00e9si kapacit\u00e1sa meghaladja az \u00e9vi 395 ezer tonna pap\u00edrt. A gy\u00e1rtott mennyis\u00e9g t\u00f6bb mint fele \u00fajrahasznos\u00edtott anyagb\u00f3l sz\u00e1rmazik. A c\u00e9g t\u00f6bb mint 1600 alkalmazottat foglalkoztat 11 \u00fczem\u00e9ben, amelyek k\u00f6z\u00fcl \u00f6t Olaszorsz\u00e1gban, h\u00e1rom Spanyolorsz\u00e1gban, egy-egy pedig Franciaorsz\u00e1gban, Nagy-Britanni\u00e1ban \u00e9s Magyarorsz\u00e1gon tal\u00e1lhat\u00f3.<\/p>\n<p><img loading=\"lazy\" decoding=\"async\" class=\"alignnone size-large wp-image-34868\" src=\"https:\/\/dorogimedence.hu\/wp-content\/uploads\/2021\/07\/8db63fc4-1a37-14a5-4eb0-dfc0b670ac5c-1024x682.jpg\" alt=\"\" width=\"755\" height=\"503\" srcset=\"https:\/\/dorogimedence.hu\/wp-content\/uploads\/2021\/07\/8db63fc4-1a37-14a5-4eb0-dfc0b670ac5c-1024x682.jpg 1024w, https:\/\/dorogimedence.hu\/wp-content\/uploads\/2021\/07\/8db63fc4-1a37-14a5-4eb0-dfc0b670ac5c-300x200.jpg 300w, https:\/\/dorogimedence.hu\/wp-content\/uploads\/2021\/07\/8db63fc4-1a37-14a5-4eb0-dfc0b670ac5c-768x512.jpg 768w, https:\/\/dorogimedence.hu\/wp-content\/uploads\/2021\/07\/8db63fc4-1a37-14a5-4eb0-dfc0b670ac5c-1536x1023.jpg 1536w, https:\/\/dorogimedence.hu\/wp-content\/uploads\/2021\/07\/8db63fc4-1a37-14a5-4eb0-dfc0b670ac5c-150x100.jpg 150w, https:\/\/dorogimedence.hu\/wp-content\/uploads\/2021\/07\/8db63fc4-1a37-14a5-4eb0-dfc0b670ac5c-450x300.jpg 450w, https:\/\/dorogimedence.hu\/wp-content\/uploads\/2021\/07\/8db63fc4-1a37-14a5-4eb0-dfc0b670ac5c-1200x800.jpg 1200w, https:\/\/dorogimedence.hu\/wp-content\/uploads\/2021\/07\/8db63fc4-1a37-14a5-4eb0-dfc0b670ac5c-272x182.jpg 272w, https:\/\/dorogimedence.hu\/wp-content\/uploads\/2021\/07\/8db63fc4-1a37-14a5-4eb0-dfc0b670ac5c.jpg 1732w\" sizes=\"(max-width: 755px) 100vw, 755px\" \/><\/p>\n<p>A&nbsp;Lucart&nbsp;Kft. sajt\u00f3k\u00f6zlem\u00e9nye szerint a saj\u00e1t ingatlanon v\u00e9grehajtott 4600 n\u00e9gyzetm\u00e9teres b\u0151v\u00edt\u00e9ssel m\u00e1r 10 ezer raklapnyi k\u00e9sz\u00e1rut rakt\u00e1rozhatnak. A fejleszt\u00e9s el\u0151tt a&nbsp;Lucart&nbsp;3 k\u00fcls\u0151 rakt\u00e1rt haszn\u00e1lt az alappap\u00edrok \u00e9s a k\u00e9szterm\u00e9kek t\u00e1rol\u00e1s\u00e1ra, a sz\u00e1ll\u00edt\u00e1s jelent\u0151s t\u00f6bbletk\u00f6lts\u00e9get okozott a c\u00e9gnek. A rakt\u00e1rb\u0151v\u00edt\u00e9s mellett az \u00fczemben tov\u00e1bbi k\u00e9t raklapoz\u00f3 robotot is telep\u00edtettek.<\/p>\n<p><img loading=\"lazy\" decoding=\"async\" class=\"alignnone size-large wp-image-34873\" src=\"https:\/\/dorogimedence.hu\/wp-content\/uploads\/2021\/07\/4a61b1b9-e3d7-9608-5065-143e6c1af1b3-1024x682.jpg\" alt=\"\" width=\"755\" height=\"503\" srcset=\"https:\/\/dorogimedence.hu\/wp-content\/uploads\/2021\/07\/4a61b1b9-e3d7-9608-5065-143e6c1af1b3-1024x682.jpg 1024w, https:\/\/dorogimedence.hu\/wp-content\/uploads\/2021\/07\/4a61b1b9-e3d7-9608-5065-143e6c1af1b3-300x200.jpg 300w, https:\/\/dorogimedence.hu\/wp-content\/uploads\/2021\/07\/4a61b1b9-e3d7-9608-5065-143e6c1af1b3-768x512.jpg 768w, https:\/\/dorogimedence.hu\/wp-content\/uploads\/2021\/07\/4a61b1b9-e3d7-9608-5065-143e6c1af1b3-1536x1023.jpg 1536w, https:\/\/dorogimedence.hu\/wp-content\/uploads\/2021\/07\/4a61b1b9-e3d7-9608-5065-143e6c1af1b3-150x100.jpg 150w, https:\/\/dorogimedence.hu\/wp-content\/uploads\/2021\/07\/4a61b1b9-e3d7-9608-5065-143e6c1af1b3-450x300.jpg 450w, https:\/\/dorogimedence.hu\/wp-content\/uploads\/2021\/07\/4a61b1b9-e3d7-9608-5065-143e6c1af1b3-1200x800.jpg 1200w, https:\/\/dorogimedence.hu\/wp-content\/uploads\/2021\/07\/4a61b1b9-e3d7-9608-5065-143e6c1af1b3-272x182.jpg 272w, https:\/\/dorogimedence.hu\/wp-content\/uploads\/2021\/07\/4a61b1b9-e3d7-9608-5065-143e6c1af1b3.jpg 1732w\" sizes=\"(max-width: 755px) 100vw, 755px\" \/><\/p>\n<p><img loading=\"lazy\" decoding=\"async\" class=\"alignnone size-large wp-image-34874\" src=\"https:\/\/dorogimedence.hu\/wp-content\/uploads\/2021\/07\/lucart-04-1024x683.jpg\" alt=\"\" width=\"755\" height=\"504\" srcset=\"https:\/\/dorogimedence.hu\/wp-content\/uploads\/2021\/07\/lucart-04-1024x683.jpg 1024w, https:\/\/dorogimedence.hu\/wp-content\/uploads\/2021\/07\/lucart-04-300x200.jpg 300w, https:\/\/dorogimedence.hu\/wp-content\/uploads\/2021\/07\/lucart-04-768x512.jpg 768w, https:\/\/dorogimedence.hu\/wp-content\/uploads\/2021\/07\/lucart-04-150x100.jpg 150w, https:\/\/dorogimedence.hu\/wp-content\/uploads\/2021\/07\/lucart-04-450x300.jpg 450w, https:\/\/dorogimedence.hu\/wp-content\/uploads\/2021\/07\/lucart-04-272x182.jpg 272w, https:\/\/dorogimedence.hu\/wp-content\/uploads\/2021\/07\/lucart-04.jpg 1200w\" sizes=\"(max-width: 755px) 100vw, 755px\" \/><\/p>\n<p><em>Forr\u00e1s: MTI \/ Lucart \/ dorogimedence.hu<\/em><\/p>\n","protected":false},"excerpt":{"rendered":"<p>Megdupl\u00e1zta rakt\u00e1rkapacit\u00e1s\u00e1t az olasz \u00e9rdekelts\u00e9g\u0171 Lucart Kft. Nyerges\u00fajfaluban, a 900 milli\u00f3 forintos beruh\u00e1z\u00e1shoz 282 milli\u00f3 forint vissza nem t\u00e9r\u00edtend\u0151 t\u00e1mogat\u00e1st ny\u00fajtott a korm\u00e1ny &#8211; mondta Szijj\u00e1rt\u00f3 P\u00e9ter, k\u00fclgazdas\u00e1gi \u00e9s k\u00fcl\u00fcgyminiszter cs\u00fct\u00f6rt\u00f6k\u00f6n az \u00fczemben tartott bej\u00e1r\u00e1son. Szijj\u00e1rt\u00f3 P\u00e9ter kiemelte: az \u00faj rakt\u00e1rb\u00e1zis\u00e9p\u00edt\u00e9ssel a c\u00e9gn\u00e9l 92 munkahely v\u00e1lt &#8222;betonbiztoss\u00e1&#8221;. Ez az egyetlen olyan c\u00e9g a magyar pap\u00edr\u00e1ru<\/p>\n","protected":false},"author":1,"featured_media":34869,"comment_status":"closed","ping_status":"closed","sticky":false,"template":"","format":"standard","meta":{"ngg_post_thumbnail":0,"footnotes":""},"categories":[3,1390],"tags":[5624,2783,140,2250,4069],"class_list":{"0":"post-34866","1":"post","2":"type-post","3":"status-publish","4":"format-standard","5":"has-post-thumbnail","7":"category-hirek","8":"category-nyergesujfalu","9":"tag-featured","10":"tag-lucart","11":"tag-nyergesujfalu","12":"tag-papirgyar","13":"tag-szijjarto-peter"},"yoast_head":"<!-- This site is optimized with the Yoast SEO plugin v27.5 - https:\/\/yoast.com\/product\/yoast-seo-wordpress\/ -->\n<title>Megdupl\u00e1zta rakt\u00e1rkapacit\u00e1s\u00e1t a\u00a0Lucart\u00a0Kft. Nyerges\u00fajfaluban<\/title>\n<meta name=\"robots\" content=\"index, follow, max-snippet:-1, max-image-preview:large, max-video-preview:-1\" \/>\n<link rel=\"canonical\" href=\"https:\/\/dorogimedence.hu\/index.php\/2021\/07\/15\/megduplazta-raktarkapacitasat-a-lucart-kft-nyergesujfaluban\/\" class=\"yoast-seo-meta-tag\" \/>\n<meta property=\"og:locale\" content=\"hu_HU\" class=\"yoast-seo-meta-tag\" \/>\n<meta property=\"og:type\" content=\"article\" class=\"yoast-seo-meta-tag\" \/>\n<meta property=\"og:title\" content=\"Megdupl\u00e1zta rakt\u00e1rkapacit\u00e1s\u00e1t a\u00a0Lucart\u00a0Kft. Nyerges\u00fajfaluban\" class=\"yoast-seo-meta-tag\" \/>\n<meta property=\"og:description\" content=\"Megdupl\u00e1zta rakt\u00e1rkapacit\u00e1s\u00e1t az olasz \u00e9rdekelts\u00e9g\u0171 Lucart Kft. Nyerges\u00fajfaluban, a 900 milli\u00f3 forintos beruh\u00e1z\u00e1shoz 282 milli\u00f3 forint vissza nem t\u00e9r\u00edtend\u0151 t\u00e1mogat\u00e1st ny\u00fajtott a korm\u00e1ny &#8211; mondta Szijj\u00e1rt\u00f3 P\u00e9ter, k\u00fclgazdas\u00e1gi \u00e9s k\u00fcl\u00fcgyminiszter cs\u00fct\u00f6rt\u00f6k\u00f6n az \u00fczemben tartott bej\u00e1r\u00e1son. Szijj\u00e1rt\u00f3 P\u00e9ter kiemelte: az \u00faj rakt\u00e1rb\u00e1zis\u00e9p\u00edt\u00e9ssel a c\u00e9gn\u00e9l 92 munkahely v\u00e1lt &#8222;betonbiztoss\u00e1&#8221;. Ez az egyetlen olyan c\u00e9g a magyar pap\u00edr\u00e1ru\" class=\"yoast-seo-meta-tag\" \/>\n<meta property=\"og:url\" content=\"https:\/\/dorogimedence.hu\/index.php\/2021\/07\/15\/megduplazta-raktarkapacitasat-a-lucart-kft-nyergesujfaluban\/\" class=\"yoast-seo-meta-tag\" \/>\n<meta property=\"og:site_name\" content=\"Dorogi-medence Region\u00e1lis H\u00edrport\u00e1l\" class=\"yoast-seo-meta-tag\" \/>\n<meta property=\"article:publisher\" content=\"https:\/\/www.facebook.com\/dorogimedence\/\" class=\"yoast-seo-meta-tag\" \/>\n<meta property=\"article:published_time\" content=\"2021-07-15T15:22:16+00:00\" class=\"yoast-seo-meta-tag\" \/>\n<meta property=\"article:modified_time\" content=\"2021-07-16T05:40:42+00:00\" class=\"yoast-seo-meta-tag\" \/>\n<meta property=\"og:image\" content=\"https:\/\/i0.wp.com\/dorogimedence.hu\/wp-content\/uploads\/2021\/07\/37c36272-646c-cfc2-5964-5fa1b2b85cdd-scaled.jpg?fit=2560%2C1707&ssl=1\" class=\"yoast-seo-meta-tag\" \/>\n\t<meta property=\"og:image:width\" content=\"2560\" class=\"yoast-seo-meta-tag\" \/>\n\t<meta property=\"og:image:height\" content=\"1707\" class=\"yoast-seo-meta-tag\" \/>\n\t<meta property=\"og:image:type\" content=\"image\/jpeg\" class=\"yoast-seo-meta-tag\" \/>\n<meta name=\"author\" content=\"dorogimedence.hu\" class=\"yoast-seo-meta-tag\" \/>\n<meta name=\"twitter:card\" content=\"summary_large_image\" class=\"yoast-seo-meta-tag\" \/>\n<meta name=\"twitter:label1\" content=\"Szerz\u0151:\" class=\"yoast-seo-meta-tag\" \/>\n\t<meta name=\"twitter:data1\" content=\"dorogimedence.hu\" class=\"yoast-seo-meta-tag\" \/>\n\t<meta name=\"twitter:label2\" content=\"Becs\u00fclt olvas\u00e1si id\u0151\" class=\"yoast-seo-meta-tag\" \/>\n\t<meta name=\"twitter:data2\" content=\"4 perc\" class=\"yoast-seo-meta-tag\" \/>\n<script type=\"application\/ld+json\" class=\"yoast-schema-graph\">{\"@context\":\"https:\\\/\\\/schema.org\",\"@graph\":[{\"@type\":\"Article\",\"@id\":\"https:\\\/\\\/dorogimedence.hu\\\/index.php\\\/2021\\\/07\\\/15\\\/megduplazta-raktarkapacitasat-a-lucart-kft-nyergesujfaluban\\\/#article\",\"isPartOf\":{\"@id\":\"https:\\\/\\\/dorogimedence.hu\\\/index.php\\\/2021\\\/07\\\/15\\\/megduplazta-raktarkapacitasat-a-lucart-kft-nyergesujfaluban\\\/\"},\"author\":{\"name\":\"dorogimedence.hu\",\"@id\":\"https:\\\/\\\/dorogimedence.hu\\\/#\\\/schema\\\/person\\\/ce6091eeb7e95ecdc87890d6aa8e0fd4\"},\"headline\":\"Megdupl\u00e1zta rakt\u00e1rkapacit\u00e1s\u00e1t a\u00a0Lucart\u00a0Kft. Nyerges\u00fajfaluban\",\"datePublished\":\"2021-07-15T15:22:16+00:00\",\"dateModified\":\"2021-07-16T05:40:42+00:00\",\"mainEntityOfPage\":{\"@id\":\"https:\\\/\\\/dorogimedence.hu\\\/index.php\\\/2021\\\/07\\\/15\\\/megduplazta-raktarkapacitasat-a-lucart-kft-nyergesujfaluban\\\/\"},\"wordCount\":859,\"publisher\":{\"@id\":\"https:\\\/\\\/dorogimedence.hu\\\/#organization\"},\"image\":{\"@id\":\"https:\\\/\\\/dorogimedence.hu\\\/index.php\\\/2021\\\/07\\\/15\\\/megduplazta-raktarkapacitasat-a-lucart-kft-nyergesujfaluban\\\/#primaryimage\"},\"thumbnailUrl\":\"https:\\\/\\\/dorogimedence.hu\\\/wp-content\\\/uploads\\\/2021\\\/07\\\/37c36272-646c-cfc2-5964-5fa1b2b85cdd-scaled.jpg\",\"keywords\":[\"featured\",\"Lucart\",\"Nyerges\u00fajfalu\",\"pap\u00edrgy\u00e1r\",\"Szijj\u00e1rt\u00f3 P\u00e9ter\"],\"articleSection\":[\"H\u00edrek\",\"Nyerges\u00fajfalu\"],\"inLanguage\":\"hu\"},{\"@type\":\"WebPage\",\"@id\":\"https:\\\/\\\/dorogimedence.hu\\\/index.php\\\/2021\\\/07\\\/15\\\/megduplazta-raktarkapacitasat-a-lucart-kft-nyergesujfaluban\\\/\",\"url\":\"https:\\\/\\\/dorogimedence.hu\\\/index.php\\\/2021\\\/07\\\/15\\\/megduplazta-raktarkapacitasat-a-lucart-kft-nyergesujfaluban\\\/\",\"name\":\"Megdupl\u00e1zta rakt\u00e1rkapacit\u00e1s\u00e1t a\u00a0Lucart\u00a0Kft. Nyerges\u00fajfaluban\",\"isPartOf\":{\"@id\":\"https:\\\/\\\/dorogimedence.hu\\\/#website\"},\"primaryImageOfPage\":{\"@id\":\"https:\\\/\\\/dorogimedence.hu\\\/index.php\\\/2021\\\/07\\\/15\\\/megduplazta-raktarkapacitasat-a-lucart-kft-nyergesujfaluban\\\/#primaryimage\"},\"image\":{\"@id\":\"https:\\\/\\\/dorogimedence.hu\\\/index.php\\\/2021\\\/07\\\/15\\\/megduplazta-raktarkapacitasat-a-lucart-kft-nyergesujfaluban\\\/#primaryimage\"},\"thumbnailUrl\":\"https:\\\/\\\/dorogimedence.hu\\\/wp-content\\\/uploads\\\/2021\\\/07\\\/37c36272-646c-cfc2-5964-5fa1b2b85cdd-scaled.jpg\",\"datePublished\":\"2021-07-15T15:22:16+00:00\",\"dateModified\":\"2021-07-16T05:40:42+00:00\",\"breadcrumb\":{\"@id\":\"https:\\\/\\\/dorogimedence.hu\\\/index.php\\\/2021\\\/07\\\/15\\\/megduplazta-raktarkapacitasat-a-lucart-kft-nyergesujfaluban\\\/#breadcrumb\"},\"inLanguage\":\"hu\",\"potentialAction\":[{\"@type\":\"ReadAction\",\"target\":[\"https:\\\/\\\/dorogimedence.hu\\\/index.php\\\/2021\\\/07\\\/15\\\/megduplazta-raktarkapacitasat-a-lucart-kft-nyergesujfaluban\\\/\"]}]},{\"@type\":\"ImageObject\",\"inLanguage\":\"hu\",\"@id\":\"https:\\\/\\\/dorogimedence.hu\\\/index.php\\\/2021\\\/07\\\/15\\\/megduplazta-raktarkapacitasat-a-lucart-kft-nyergesujfaluban\\\/#primaryimage\",\"url\":\"https:\\\/\\\/dorogimedence.hu\\\/wp-content\\\/uploads\\\/2021\\\/07\\\/37c36272-646c-cfc2-5964-5fa1b2b85cdd-scaled.jpg\",\"contentUrl\":\"https:\\\/\\\/dorogimedence.hu\\\/wp-content\\\/uploads\\\/2021\\\/07\\\/37c36272-646c-cfc2-5964-5fa1b2b85cdd-scaled.jpg\",\"width\":2560,\"height\":1707},{\"@type\":\"BreadcrumbList\",\"@id\":\"https:\\\/\\\/dorogimedence.hu\\\/index.php\\\/2021\\\/07\\\/15\\\/megduplazta-raktarkapacitasat-a-lucart-kft-nyergesujfaluban\\\/#breadcrumb\",\"itemListElement\":[{\"@type\":\"ListItem\",\"position\":1,\"name\":\"Kezd\u0151lap\",\"item\":\"https:\\\/\\\/dorogimedence.hu\\\/\"},{\"@type\":\"ListItem\",\"position\":2,\"name\":\"Megdupl\u00e1zta rakt\u00e1rkapacit\u00e1s\u00e1t a\u00a0Lucart\u00a0Kft. Nyerges\u00fajfaluban\"}]},{\"@type\":\"WebSite\",\"@id\":\"https:\\\/\\\/dorogimedence.hu\\\/#website\",\"url\":\"https:\\\/\\\/dorogimedence.hu\\\/\",\"name\":\"Dorogi-medence Region\u00e1lis H\u00edrport\u00e1l\",\"description\":\"Dorog, Keszt\u00f6lc, Le\u00e1nyv\u00e1r, Piliscs\u00e9v, Tokod, Tokodalt\u00e1r\u00f3, Csolnok, Esztergom-kertv\u00e1ros: h\u00edrek, programok\",\"publisher\":{\"@id\":\"https:\\\/\\\/dorogimedence.hu\\\/#organization\"},\"potentialAction\":[{\"@type\":\"SearchAction\",\"target\":{\"@type\":\"EntryPoint\",\"urlTemplate\":\"https:\\\/\\\/dorogimedence.hu\\\/?s={search_term_string}\"},\"query-input\":{\"@type\":\"PropertyValueSpecification\",\"valueRequired\":true,\"valueName\":\"search_term_string\"}}],\"inLanguage\":\"hu\"},{\"@type\":\"Organization\",\"@id\":\"https:\\\/\\\/dorogimedence.hu\\\/#organization\",\"name\":\"Dorogi-medence Region\u00e1lis H\u00edrport\u00e1l\",\"url\":\"https:\\\/\\\/dorogimedence.hu\\\/\",\"logo\":{\"@type\":\"ImageObject\",\"inLanguage\":\"hu\",\"@id\":\"https:\\\/\\\/dorogimedence.hu\\\/#\\\/schema\\\/logo\\\/image\\\/\",\"url\":\"https:\\\/\\\/dorogimedence.hu\\\/wp-content\\\/uploads\\\/2021\\\/04\\\/logo-feher-600.png\",\"contentUrl\":\"https:\\\/\\\/dorogimedence.hu\\\/wp-content\\\/uploads\\\/2021\\\/04\\\/logo-feher-600.png\",\"width\":600,\"height\":100,\"caption\":\"Dorogi-medence Region\u00e1lis H\u00edrport\u00e1l\"},\"image\":{\"@id\":\"https:\\\/\\\/dorogimedence.hu\\\/#\\\/schema\\\/logo\\\/image\\\/\"},\"sameAs\":[\"https:\\\/\\\/www.facebook.com\\\/dorogimedence\\\/\"]},{\"@type\":\"Person\",\"@id\":\"https:\\\/\\\/dorogimedence.hu\\\/#\\\/schema\\\/person\\\/ce6091eeb7e95ecdc87890d6aa8e0fd4\",\"name\":\"dorogimedence.hu\",\"image\":{\"@type\":\"ImageObject\",\"inLanguage\":\"hu\",\"@id\":\"\\\/\\\/www.gravatar.com\\\/avatar\\\/d8d45f8901aadff40a4af72c0b826f1d?s=96&#038;r=g&#038;d=mm\",\"url\":\"\\\/\\\/www.gravatar.com\\\/avatar\\\/d8d45f8901aadff40a4af72c0b826f1d?s=96&#038;r=g&#038;d=mm\",\"contentUrl\":\"\\\/\\\/www.gravatar.com\\\/avatar\\\/d8d45f8901aadff40a4af72c0b826f1d?s=96&#038;r=g&#038;d=mm\",\"caption\":\"dorogimedence.hu\"}}]}<\/script>\n<!-- \/ Yoast SEO plugin. -->","yoast_head_json":{"title":"Megdupl\u00e1zta rakt\u00e1rkapacit\u00e1s\u00e1t a\u00a0Lucart\u00a0Kft. Nyerges\u00fajfaluban","robots":{"index":"index","follow":"follow","max-snippet":"max-snippet:-1","max-image-preview":"max-image-preview:large","max-video-preview":"max-video-preview:-1"},"canonical":"https:\/\/dorogimedence.hu\/index.php\/2021\/07\/15\/megduplazta-raktarkapacitasat-a-lucart-kft-nyergesujfaluban\/","og_locale":"hu_HU","og_type":"article","og_title":"Megdupl\u00e1zta rakt\u00e1rkapacit\u00e1s\u00e1t a\u00a0Lucart\u00a0Kft. Nyerges\u00fajfaluban","og_description":"Megdupl\u00e1zta rakt\u00e1rkapacit\u00e1s\u00e1t az olasz \u00e9rdekelts\u00e9g\u0171 Lucart Kft. Nyerges\u00fajfaluban, a 900 milli\u00f3 forintos beruh\u00e1z\u00e1shoz 282 milli\u00f3 forint vissza nem t\u00e9r\u00edtend\u0151 t\u00e1mogat\u00e1st ny\u00fajtott a korm\u00e1ny &#8211; mondta Szijj\u00e1rt\u00f3 P\u00e9ter, k\u00fclgazdas\u00e1gi \u00e9s k\u00fcl\u00fcgyminiszter cs\u00fct\u00f6rt\u00f6k\u00f6n az \u00fczemben tartott bej\u00e1r\u00e1son. Szijj\u00e1rt\u00f3 P\u00e9ter kiemelte: az \u00faj rakt\u00e1rb\u00e1zis\u00e9p\u00edt\u00e9ssel a c\u00e9gn\u00e9l 92 munkahely v\u00e1lt &#8222;betonbiztoss\u00e1&#8221;. Ez az egyetlen olyan c\u00e9g a magyar pap\u00edr\u00e1ru","og_url":"https:\/\/dorogimedence.hu\/index.php\/2021\/07\/15\/megduplazta-raktarkapacitasat-a-lucart-kft-nyergesujfaluban\/","og_site_name":"Dorogi-medence Region\u00e1lis H\u00edrport\u00e1l","article_publisher":"https:\/\/www.facebook.com\/dorogimedence\/","article_published_time":"2021-07-15T15:22:16+00:00","article_modified_time":"2021-07-16T05:40:42+00:00","og_image":[{"width":2560,"height":1707,"url":"https:\/\/i0.wp.com\/dorogimedence.hu\/wp-content\/uploads\/2021\/07\/37c36272-646c-cfc2-5964-5fa1b2b85cdd-scaled.jpg?fit=2560%2C1707&ssl=1","type":"image\/jpeg"}],"author":"dorogimedence.hu","twitter_card":"summary_large_image","twitter_misc":{"Szerz\u0151:":"dorogimedence.hu","Becs\u00fclt olvas\u00e1si id\u0151":"4 perc"},"schema":{"@context":"https:\/\/schema.org","@graph":[{"@type":"Article","@id":"https:\/\/dorogimedence.hu\/index.php\/2021\/07\/15\/megduplazta-raktarkapacitasat-a-lucart-kft-nyergesujfaluban\/#article","isPartOf":{"@id":"https:\/\/dorogimedence.hu\/index.php\/2021\/07\/15\/megduplazta-raktarkapacitasat-a-lucart-kft-nyergesujfaluban\/"},"author":{"name":"dorogimedence.hu","@id":"https:\/\/dorogimedence.hu\/#\/schema\/person\/ce6091eeb7e95ecdc87890d6aa8e0fd4"},"headline":"Megdupl\u00e1zta rakt\u00e1rkapacit\u00e1s\u00e1t a\u00a0Lucart\u00a0Kft. Nyerges\u00fajfaluban","datePublished":"2021-07-15T15:22:16+00:00","dateModified":"2021-07-16T05:40:42+00:00","mainEntityOfPage":{"@id":"https:\/\/dorogimedence.hu\/index.php\/2021\/07\/15\/megduplazta-raktarkapacitasat-a-lucart-kft-nyergesujfaluban\/"},"wordCount":859,"publisher":{"@id":"https:\/\/dorogimedence.hu\/#organization"},"image":{"@id":"https:\/\/dorogimedence.hu\/index.php\/2021\/07\/15\/megduplazta-raktarkapacitasat-a-lucart-kft-nyergesujfaluban\/#primaryimage"},"thumbnailUrl":"https:\/\/dorogimedence.hu\/wp-content\/uploads\/2021\/07\/37c36272-646c-cfc2-5964-5fa1b2b85cdd-scaled.jpg","keywords":["featured","Lucart","Nyerges\u00fajfalu","pap\u00edrgy\u00e1r","Szijj\u00e1rt\u00f3 P\u00e9ter"],"articleSection":["H\u00edrek","Nyerges\u00fajfalu"],"inLanguage":"hu"},{"@type":"WebPage","@id":"https:\/\/dorogimedence.hu\/index.php\/2021\/07\/15\/megduplazta-raktarkapacitasat-a-lucart-kft-nyergesujfaluban\/","url":"https:\/\/dorogimedence.hu\/index.php\/2021\/07\/15\/megduplazta-raktarkapacitasat-a-lucart-kft-nyergesujfaluban\/","name":"Megdupl\u00e1zta rakt\u00e1rkapacit\u00e1s\u00e1t a\u00a0Lucart\u00a0Kft. Nyerges\u00fajfaluban","isPartOf":{"@id":"https:\/\/dorogimedence.hu\/#website"},"primaryImageOfPage":{"@id":"https:\/\/dorogimedence.hu\/index.php\/2021\/07\/15\/megduplazta-raktarkapacitasat-a-lucart-kft-nyergesujfaluban\/#primaryimage"},"image":{"@id":"https:\/\/dorogimedence.hu\/index.php\/2021\/07\/15\/megduplazta-raktarkapacitasat-a-lucart-kft-nyergesujfaluban\/#primaryimage"},"thumbnailUrl":"https:\/\/dorogimedence.hu\/wp-content\/uploads\/2021\/07\/37c36272-646c-cfc2-5964-5fa1b2b85cdd-scaled.jpg","datePublished":"2021-07-15T15:22:16+00:00","dateModified":"2021-07-16T05:40:42+00:00","breadcrumb":{"@id":"https:\/\/dorogimedence.hu\/index.php\/2021\/07\/15\/megduplazta-raktarkapacitasat-a-lucart-kft-nyergesujfaluban\/#breadcrumb"},"inLanguage":"hu","potentialAction":[{"@type":"ReadAction","target":["https:\/\/dorogimedence.hu\/index.php\/2021\/07\/15\/megduplazta-raktarkapacitasat-a-lucart-kft-nyergesujfaluban\/"]}]},{"@type":"ImageObject","inLanguage":"hu","@id":"https:\/\/dorogimedence.hu\/index.php\/2021\/07\/15\/megduplazta-raktarkapacitasat-a-lucart-kft-nyergesujfaluban\/#primaryimage","url":"https:\/\/dorogimedence.hu\/wp-content\/uploads\/2021\/07\/37c36272-646c-cfc2-5964-5fa1b2b85cdd-scaled.jpg","contentUrl":"https:\/\/dorogimedence.hu\/wp-content\/uploads\/2021\/07\/37c36272-646c-cfc2-5964-5fa1b2b85cdd-scaled.jpg","width":2560,"height":1707},{"@type":"BreadcrumbList","@id":"https:\/\/dorogimedence.hu\/index.php\/2021\/07\/15\/megduplazta-raktarkapacitasat-a-lucart-kft-nyergesujfaluban\/#breadcrumb","itemListElement":[{"@type":"ListItem","position":1,"name":"Kezd\u0151lap","item":"https:\/\/dorogimedence.hu\/"},{"@type":"ListItem","position":2,"name":"Megdupl\u00e1zta rakt\u00e1rkapacit\u00e1s\u00e1t a\u00a0Lucart\u00a0Kft. Nyerges\u00fajfaluban"}]},{"@type":"WebSite","@id":"https:\/\/dorogimedence.hu\/#website","url":"https:\/\/dorogimedence.hu\/","name":"Dorogi-medence Region\u00e1lis H\u00edrport\u00e1l","description":"Dorog, Keszt\u00f6lc, Le\u00e1nyv\u00e1r, Piliscs\u00e9v, Tokod, Tokodalt\u00e1r\u00f3, Csolnok, Esztergom-kertv\u00e1ros: h\u00edrek, programok","publisher":{"@id":"https:\/\/dorogimedence.hu\/#organization"},"potentialAction":[{"@type":"SearchAction","target":{"@type":"EntryPoint","urlTemplate":"https:\/\/dorogimedence.hu\/?s={search_term_string}"},"query-input":{"@type":"PropertyValueSpecification","valueRequired":true,"valueName":"search_term_string"}}],"inLanguage":"hu"},{"@type":"Organization","@id":"https:\/\/dorogimedence.hu\/#organization","name":"Dorogi-medence Region\u00e1lis H\u00edrport\u00e1l","url":"https:\/\/dorogimedence.hu\/","logo":{"@type":"ImageObject","inLanguage":"hu","@id":"https:\/\/dorogimedence.hu\/#\/schema\/logo\/image\/","url":"https:\/\/dorogimedence.hu\/wp-content\/uploads\/2021\/04\/logo-feher-600.png","contentUrl":"https:\/\/dorogimedence.hu\/wp-content\/uploads\/2021\/04\/logo-feher-600.png","width":600,"height":100,"caption":"Dorogi-medence Region\u00e1lis H\u00edrport\u00e1l"},"image":{"@id":"https:\/\/dorogimedence.hu\/#\/schema\/logo\/image\/"},"sameAs":["https:\/\/www.facebook.com\/dorogimedence\/"]},{"@type":"Person","@id":"https:\/\/dorogimedence.hu\/#\/schema\/person\/ce6091eeb7e95ecdc87890d6aa8e0fd4","name":"dorogimedence.hu","image":{"@type":"ImageObject","inLanguage":"hu","@id":"\/\/www.gravatar.com\/avatar\/d8d45f8901aadff40a4af72c0b826f1d?s=96&#038;r=g&#038;d=mm","url":"\/\/www.gravatar.com\/avatar\/d8d45f8901aadff40a4af72c0b826f1d?s=96&#038;r=g&#038;d=mm","contentUrl":"\/\/www.gravatar.com\/avatar\/d8d45f8901aadff40a4af72c0b826f1d?s=96&#038;r=g&#038;d=mm","caption":"dorogimedence.hu"}}]}},"_links":{"self":[{"href":"https:\/\/dorogimedence.hu\/index.php\/wp-json\/wp\/v2\/posts\/34866","targetHints":{"allow":["GET"]}}],"collection":[{"href":"https:\/\/dorogimedence.hu\/index.php\/wp-json\/wp\/v2\/posts"}],"about":[{"href":"https:\/\/dorogimedence.hu\/index.php\/wp-json\/wp\/v2\/types\/post"}],"author":[{"embeddable":true,"href":"https:\/\/dorogimedence.hu\/index.php\/wp-json\/wp\/v2\/users\/1"}],"replies":[{"embeddable":true,"href":"https:\/\/dorogimedence.hu\/index.php\/wp-json\/wp\/v2\/comments?post=34866"}],"version-history":[{"count":0,"href":"https:\/\/dorogimedence.hu\/index.php\/wp-json\/wp\/v2\/posts\/34866\/revisions"}],"wp:featuredmedia":[{"embeddable":true,"href":"https:\/\/dorogimedence.hu\/index.php\/wp-json\/wp\/v2\/media\/34869"}],"wp:attachment":[{"href":"https:\/\/dorogimedence.hu\/index.php\/wp-json\/wp\/v2\/media?parent=34866"}],"wp:term":[{"taxonomy":"category","embeddable":true,"href":"https:\/\/dorogimedence.hu\/index.php\/wp-json\/wp\/v2\/categories?post=34866"},{"taxonomy":"post_tag","embeddable":true,"href":"https:\/\/dorogimedence.hu\/index.php\/wp-json\/wp\/v2\/tags?post=34866"}],"curies":[{"name":"wp","href":"https:\/\/api.w.org\/{rel}","templated":true}]}}