{"id":34821,"date":"2021-07-13T15:22:50","date_gmt":"2021-07-13T13:22:50","guid":{"rendered":"https:\/\/dorogimedence.hu\/?p=34821"},"modified":"2021-07-13T15:23:03","modified_gmt":"2021-07-13T13:23:03","slug":"ujra-hosegriasztast-adtak-ki","status":"publish","type":"post","link":"https:\/\/dorogimedence.hu\/index.php\/2021\/07\/13\/ujra-hosegriasztast-adtak-ki\/","title":{"rendered":"\u00dajra h\u0151s\u00e9griaszt\u00e1st adtak ki"},"content":{"rendered":"<p><strong>Az orsz\u00e1gos tisztif\u0151orvos kedd 0 \u00f3r\u00e1t\u00f3l cs\u00fct\u00f6rt\u00f6k \u00e9jf\u00e9lig rendelte el m\u00e1sodfok\u00fa int\u00e9zked\u00e9s\u00e9t<\/strong> <em>&#8211; k\u00f6z\u00f6lte az MTI-vel <span id=\"ctl05_lbBody\">a Nemzeti N\u00e9peg\u00e9szs\u00e9g\u00fcgyi K\u00f6zpont (NNK) \u00e9s az Orsz\u00e1gos Katasztr\u00f3fav\u00e9delmi F\u0151igazgat\u00f3s\u00e1g (OKF).<\/span><\/em><\/p>\n<p>H\u0151s\u00e9griaszt\u00e1st akkor rendelnek el, ha legal\u00e1bb h\u00e1rom egym\u00e1st k\u00f6vet\u0151 napon el\u00e9ri, vagy ak\u00e1r meghaladja a napi k\u00f6z\u00e9ph\u0151m\u00e9rs\u00e9klet a 25 Celsius-fokot.<\/p>\n<p>A h\u0151s\u00e9gre val\u00f3 tekintettel \u00e9s az Eg\u00e9szs\u00e9g\u00fcgyi Vil\u00e1gszervezet (WHO) aj\u00e1nl\u00e1sait k\u00f6vetve a tisztif\u0151orvos javasolja az \u00e1ram- \u00e9s v\u00edzell\u00e1t\u00e1s zavartalan fenntart\u00e1s\u00e1t, a programozott karbantart\u00e1sok elnapol\u00e1s\u00e1t.<\/p>\n<p>Kiemelt\u00e9k, hogy az \u00e1tlagosn\u00e1l melegebb id\u0151j\u00e1r\u00e1s megterhel\u0151 az eg\u00e9szs\u00e9ges szervezetre is, illetve b\u00e1rkin\u00e9l okozhat eg\u00e9szs\u00e9g\u00fcgyi panaszokat, kellemetlen t\u00fcneteket, dekoncentr\u00e1ci\u00f3t.<\/p>\n<p>Vannak k\u00fcl\u00f6n\u00f6sen vesz\u00e9lyeztetett csoportok, ilyenek p\u00e9ld\u00e1ul a kisgyermekek, az id\u0151sek, valamint a sz\u00edv- \u00e9s \u00e9rrendszeri betegs\u00e9gben szenved\u0151k &#8211; tett\u00e9k hozz\u00e1.<\/p>\n<p>Az NNK \u00e9s az OKF azt k\u00e9ri, hogy a nagy melegben mindenki \u00fcgyeljen a fokozott folyad\u00e9kbevitelre. Ker\u00fclni kell a k\u00e1v\u00e9, az alkohol, a magas koffein \u00e9s cukortartalm\u00fa \u00fcd\u00edt\u0151k \u00e9s zs\u00edros \u00e9telek fogyaszt\u00e1s\u00e1t. Felh\u00edvt\u00e1k a figyelmet arra is, hogy 11 \u00e9s 15 \u00f3ra k\u00f6z\u00f6tt lehet\u0151s\u00e9g szerint \u00e1rny\u00e9kba kell h\u00faz\u00f3dni. A szabadt\u00e9ren tart\u00f3zkod\u00f3knak aj\u00e1nlott b\u0151, szell\u0151z\u0151 ruh\u00e1zattal \u00e9s naptejjel v\u00e9dekezni a le\u00e9g\u00e9s ellen. A v\u00edzparton tart\u00f3zkod\u00f3knak is azt javasolj\u00e1k, hogy a d\u00e9li \u00f3r\u00e1kban ker\u00fclj\u00e9k a napoz\u00e1st, h\u0171ts\u00e9k le magukat, miel\u0151tt a v\u00edzbe menn\u00e9nek, illetve semmik\u00e9ppen ne ugorjanak a v\u00edzbe felhev\u00fclt testtel.<\/p>\n<p>Az aut\u00f3val k\u00f6zleked\u0151ket is fokozott \u00f3vatoss\u00e1gra intik, \u00e9s ism\u00e9t hangs\u00falyozt\u00e1k, hogy ne hagyj\u00e1k a gyerekeket, \u00e1llatokat t\u0171z\u0151 napon parkol\u00f3 aut\u00f3ban.<\/p>\n<p>Ha b\u00e1rki napon \u00e1ll\u00f3 aut\u00f3ban hagyott gyereket vagy h\u00e1zi\u00e1llatot l\u00e1t, azonnal h\u00edvja a 112-es seg\u00e9lyh\u00edv\u00f3 sz\u00e1mot &#8211; \u00edrt\u00e1k. Mint megjegyezt\u00e9k: aj\u00e1nlatos t\u00f6bb \u00f3r\u00e1n \u00e1t l\u00e9gkondicion\u00e1lt, h\u0171t\u00f6tt helyis\u00e9gben tart\u00f3zkodni. A b\u00e1rki \u00e1ltal ig\u00e9nybe vehet\u0151 l\u00e9gkondicion\u00e1lt helyis\u00e9gek list\u00e1ja el\u00e9rhet\u0151 a katasztr\u00f3fav\u00e9delem weboldal\u00e1n &#8211; tett\u00e9k hozz\u00e1.<\/p>\n<p>Az NNK \u00e9s az OKF k\u00f6z\u00f6s eml\u00e9keztett arra, hogy j\u00fanius 24. \u00f3ta az eg\u00e9sz orsz\u00e1gban t\u0171zgy\u00fajt\u00e1si tilalom van \u00e9rv\u00e9nyben. \u00cdgy tilos t\u00fczet gy\u00fajtani erd\u0151kben, f\u00e1s\u00edt\u00e1sokban, facsoportokban, \u00fatsz\u00e9li fasorokban \u00e9s ezek 200 m\u00e9teres k\u00f6rzet\u00e9ben, m\u00e9g a kijel\u00f6lt t\u0171zrak\u00f3helyeken is. &nbsp;&nbsp;&nbsp;&nbsp;Id\u00e9n m\u00e1r t\u00f6bb mint hatezer t\u0171z volt a szabadban, a le\u00e9gett ter\u00fclet 7060 focip\u00e1ly\u00e1nyi &#8211; emelt\u00e9k ki.<\/p>\n<p>Az Orsz\u00e1gos Meteorol\u00f3giai Szolg\u00e1lat el\u0151rejelz\u00e9se szerint kedden \u00e9s szerd\u00e1n mindenhol 30 fok felett alakulnak a maximumok, n\u00e9hol ak\u00e1r 39 fok is lehet. Cs\u00fct\u00f6rt\u00f6k\u00f6n v\u00e1rhat\u00f3an n\u00e9h\u00e1ny fokkal m\u00e1r kezd m\u00e9rs\u00e9kl\u0151dni a h\u0151s\u00e9g.&nbsp;<\/p>\n<p>Az orsz\u00e1gos tisztif\u0151orvos \u00e9s az Orsz\u00e1gos Meteorol\u00f3gia Szolg\u00e1lat h\u0151s\u00e9g miatti figyelmeztet\u00e9s\u00e9nek k\u00fcl\u00f6nb\u00f6z\u0151 krit\u00e9riumai vannak. Az orsz\u00e1gos tisztif\u0151orvos h\u00e1rom fokozatot rendelhet el.<\/p>\n<p>Az els\u0151 fok a figyelmeztet\u0151 jelz\u00e9s, amely azt tudatja, hogy egy napig a napi k\u00f6z\u00e9ph\u0151m\u00e9rs\u00e9klet el\u00e9ri vagy meghaladja a 25 fokot. A m\u00e1sodik fokozat a riaszt\u00e1s, ha a k\u00f6z\u00e9ph\u0151m\u00e9rs\u00e9klet v\u00e1rhat\u00f3an legal\u00e1bb h\u00e1rom egym\u00e1st k\u00f6vet\u0151 napon el\u00e9ri vagy meghaladja a 25 fokot. A riaszt\u00e1s egy\u00fattal azt is jelzi, hogy a magas napi \u00e1tlagh\u0151m\u00e9rs\u00e9klet olyan k\u00f6rnyezet-eg\u00e9szs\u00e9g\u00fcgyi kock\u00e1zatot jelent, amely indokolja az eg\u00e9szs\u00e9g\u00fcgyi ell\u00e1t\u00f3rendszer, az \u00f6nkorm\u00e1nyzatok figyelmeztet\u00e9s\u00e9t \u00e9s a lakoss\u00e1g h\u0151hull\u00e1m alatti rendszeres t\u00e1j\u00e9koztat\u00e1s\u00e1t.<\/p>\n<p>Az orsz\u00e1gos tisztif\u0151orvos harmadfok\u00fa jelz\u00e9se a h\u0151s\u00e9griad\u00f3. Ennek felt\u00e9tele, hogy a napi k\u00f6z\u00e9ph\u0151m\u00e9rs\u00e9klet az el\u0151rejelz\u00e9sek szerint legal\u00e1bb h\u00e1rom egym\u00e1st k\u00f6vet\u0151 napon el\u00e9rje a 27 fokot. Ez &#8211; az err\u0151l sz\u00f3l\u00f3 korm\u00e1nyrendelet szerint &#8211; rendk\u00edv\u00fcli id\u0151j\u00e1r\u00e1si helyzetnek sz\u00e1m\u00edt, \u00e9s rendk\u00edv\u00fcli int\u00e9zked\u00e9sek elrendel\u00e9s\u00e9t is indokolja.<\/p>\n<p><em>Forr\u00e1s: MTI<\/em><\/p>\n","protected":false},"excerpt":{"rendered":"<p>Az orsz\u00e1gos tisztif\u0151orvos kedd 0 \u00f3r\u00e1t\u00f3l cs\u00fct\u00f6rt\u00f6k \u00e9jf\u00e9lig rendelte el m\u00e1sodfok\u00fa int\u00e9zked\u00e9s\u00e9t &#8211; k\u00f6z\u00f6lte az MTI-vel a Nemzeti N\u00e9peg\u00e9szs\u00e9g\u00fcgyi K\u00f6zpont (NNK) \u00e9s az Orsz\u00e1gos Katasztr\u00f3fav\u00e9delmi F\u0151igazgat\u00f3s\u00e1g (OKF). H\u0151s\u00e9griaszt\u00e1st akkor rendelnek el, ha legal\u00e1bb h\u00e1rom egym\u00e1st k\u00f6vet\u0151 napon el\u00e9ri, vagy ak\u00e1r meghaladja a napi k\u00f6z\u00e9ph\u0151m\u00e9rs\u00e9klet a 25 Celsius-fokot. A h\u0151s\u00e9gre val\u00f3 tekintettel \u00e9s az Eg\u00e9szs\u00e9g\u00fcgyi Vil\u00e1gszervezet<\/p>\n","protected":false},"author":1,"featured_media":34265,"comment_status":"closed","ping_status":"closed","sticky":false,"template":"","format":"standard","meta":{"ngg_post_thumbnail":0,"footnotes":""},"categories":[3],"tags":[1173,2876],"class_list":{"0":"post-34821","1":"post","2":"type-post","3":"status-publish","4":"format-standard","5":"has-post-thumbnail","7":"category-hirek","8":"tag-hoseg","9":"tag-hosegriasztas"},"yoast_head":"<!-- This site is optimized with the Yoast SEO plugin v27.5 - https:\/\/yoast.com\/product\/yoast-seo-wordpress\/ -->\n<title>\u00dajra h\u0151s\u00e9griaszt\u00e1st adtak ki<\/title>\n<meta name=\"robots\" content=\"index, follow, max-snippet:-1, max-image-preview:large, max-video-preview:-1\" \/>\n<link rel=\"canonical\" href=\"https:\/\/dorogimedence.hu\/index.php\/2021\/07\/13\/ujra-hosegriasztast-adtak-ki\/\" class=\"yoast-seo-meta-tag\" \/>\n<meta property=\"og:locale\" content=\"hu_HU\" class=\"yoast-seo-meta-tag\" \/>\n<meta property=\"og:type\" content=\"article\" class=\"yoast-seo-meta-tag\" \/>\n<meta property=\"og:title\" content=\"\u00dajra h\u0151s\u00e9griaszt\u00e1st adtak ki\" class=\"yoast-seo-meta-tag\" \/>\n<meta property=\"og:description\" content=\"Az orsz\u00e1gos tisztif\u0151orvos kedd 0 \u00f3r\u00e1t\u00f3l cs\u00fct\u00f6rt\u00f6k \u00e9jf\u00e9lig rendelte el m\u00e1sodfok\u00fa int\u00e9zked\u00e9s\u00e9t &#8211; k\u00f6z\u00f6lte az MTI-vel a Nemzeti N\u00e9peg\u00e9szs\u00e9g\u00fcgyi K\u00f6zpont (NNK) \u00e9s az Orsz\u00e1gos Katasztr\u00f3fav\u00e9delmi F\u0151igazgat\u00f3s\u00e1g (OKF). H\u0151s\u00e9griaszt\u00e1st akkor rendelnek el, ha legal\u00e1bb h\u00e1rom egym\u00e1st k\u00f6vet\u0151 napon el\u00e9ri, vagy ak\u00e1r meghaladja a napi k\u00f6z\u00e9ph\u0151m\u00e9rs\u00e9klet a 25 Celsius-fokot. A h\u0151s\u00e9gre val\u00f3 tekintettel \u00e9s az Eg\u00e9szs\u00e9g\u00fcgyi Vil\u00e1gszervezet\" class=\"yoast-seo-meta-tag\" \/>\n<meta property=\"og:url\" content=\"https:\/\/dorogimedence.hu\/index.php\/2021\/07\/13\/ujra-hosegriasztast-adtak-ki\/\" class=\"yoast-seo-meta-tag\" \/>\n<meta property=\"og:site_name\" content=\"Dorogi-medence Region\u00e1lis H\u00edrport\u00e1l\" class=\"yoast-seo-meta-tag\" \/>\n<meta property=\"article:publisher\" content=\"https:\/\/www.facebook.com\/dorogimedence\/\" class=\"yoast-seo-meta-tag\" \/>\n<meta property=\"article:published_time\" content=\"2021-07-13T13:22:50+00:00\" class=\"yoast-seo-meta-tag\" \/>\n<meta property=\"article:modified_time\" content=\"2021-07-13T13:23:03+00:00\" class=\"yoast-seo-meta-tag\" \/>\n<meta property=\"og:image\" content=\"https:\/\/i0.wp.com\/dorogimedence.hu\/wp-content\/uploads\/2021\/06\/homero.jpg?fit=1200%2C858&ssl=1\" class=\"yoast-seo-meta-tag\" \/>\n\t<meta property=\"og:image:width\" content=\"1200\" class=\"yoast-seo-meta-tag\" \/>\n\t<meta property=\"og:image:height\" content=\"858\" class=\"yoast-seo-meta-tag\" \/>\n\t<meta property=\"og:image:type\" content=\"image\/jpeg\" class=\"yoast-seo-meta-tag\" \/>\n<meta name=\"author\" content=\"dorogimedence.hu\" class=\"yoast-seo-meta-tag\" \/>\n<meta name=\"twitter:card\" content=\"summary_large_image\" class=\"yoast-seo-meta-tag\" \/>\n<meta name=\"twitter:label1\" content=\"Szerz\u0151:\" class=\"yoast-seo-meta-tag\" \/>\n\t<meta name=\"twitter:data1\" content=\"dorogimedence.hu\" class=\"yoast-seo-meta-tag\" \/>\n\t<meta name=\"twitter:label2\" content=\"Becs\u00fclt olvas\u00e1si id\u0151\" class=\"yoast-seo-meta-tag\" \/>\n\t<meta name=\"twitter:data2\" content=\"4 perc\" class=\"yoast-seo-meta-tag\" \/>\n<script type=\"application\/ld+json\" class=\"yoast-schema-graph\">{\"@context\":\"https:\\\/\\\/schema.org\",\"@graph\":[{\"@type\":\"Article\",\"@id\":\"https:\\\/\\\/dorogimedence.hu\\\/index.php\\\/2021\\\/07\\\/13\\\/ujra-hosegriasztast-adtak-ki\\\/#article\",\"isPartOf\":{\"@id\":\"https:\\\/\\\/dorogimedence.hu\\\/index.php\\\/2021\\\/07\\\/13\\\/ujra-hosegriasztast-adtak-ki\\\/\"},\"author\":{\"name\":\"dorogimedence.hu\",\"@id\":\"https:\\\/\\\/dorogimedence.hu\\\/#\\\/schema\\\/person\\\/ce6091eeb7e95ecdc87890d6aa8e0fd4\"},\"headline\":\"\u00dajra h\u0151s\u00e9griaszt\u00e1st adtak ki\",\"datePublished\":\"2021-07-13T13:22:50+00:00\",\"dateModified\":\"2021-07-13T13:23:03+00:00\",\"mainEntityOfPage\":{\"@id\":\"https:\\\/\\\/dorogimedence.hu\\\/index.php\\\/2021\\\/07\\\/13\\\/ujra-hosegriasztast-adtak-ki\\\/\"},\"wordCount\":805,\"publisher\":{\"@id\":\"https:\\\/\\\/dorogimedence.hu\\\/#organization\"},\"image\":{\"@id\":\"https:\\\/\\\/dorogimedence.hu\\\/index.php\\\/2021\\\/07\\\/13\\\/ujra-hosegriasztast-adtak-ki\\\/#primaryimage\"},\"thumbnailUrl\":\"https:\\\/\\\/dorogimedence.hu\\\/wp-content\\\/uploads\\\/2021\\\/06\\\/homero.jpg\",\"keywords\":[\"h\u0151s\u00e9g\",\"h\u0151s\u00e9griaszt\u00e1s\"],\"articleSection\":[\"H\u00edrek\"],\"inLanguage\":\"hu\"},{\"@type\":\"WebPage\",\"@id\":\"https:\\\/\\\/dorogimedence.hu\\\/index.php\\\/2021\\\/07\\\/13\\\/ujra-hosegriasztast-adtak-ki\\\/\",\"url\":\"https:\\\/\\\/dorogimedence.hu\\\/index.php\\\/2021\\\/07\\\/13\\\/ujra-hosegriasztast-adtak-ki\\\/\",\"name\":\"\u00dajra h\u0151s\u00e9griaszt\u00e1st adtak ki\",\"isPartOf\":{\"@id\":\"https:\\\/\\\/dorogimedence.hu\\\/#website\"},\"primaryImageOfPage\":{\"@id\":\"https:\\\/\\\/dorogimedence.hu\\\/index.php\\\/2021\\\/07\\\/13\\\/ujra-hosegriasztast-adtak-ki\\\/#primaryimage\"},\"image\":{\"@id\":\"https:\\\/\\\/dorogimedence.hu\\\/index.php\\\/2021\\\/07\\\/13\\\/ujra-hosegriasztast-adtak-ki\\\/#primaryimage\"},\"thumbnailUrl\":\"https:\\\/\\\/dorogimedence.hu\\\/wp-content\\\/uploads\\\/2021\\\/06\\\/homero.jpg\",\"datePublished\":\"2021-07-13T13:22:50+00:00\",\"dateModified\":\"2021-07-13T13:23:03+00:00\",\"breadcrumb\":{\"@id\":\"https:\\\/\\\/dorogimedence.hu\\\/index.php\\\/2021\\\/07\\\/13\\\/ujra-hosegriasztast-adtak-ki\\\/#breadcrumb\"},\"inLanguage\":\"hu\",\"potentialAction\":[{\"@type\":\"ReadAction\",\"target\":[\"https:\\\/\\\/dorogimedence.hu\\\/index.php\\\/2021\\\/07\\\/13\\\/ujra-hosegriasztast-adtak-ki\\\/\"]}]},{\"@type\":\"ImageObject\",\"inLanguage\":\"hu\",\"@id\":\"https:\\\/\\\/dorogimedence.hu\\\/index.php\\\/2021\\\/07\\\/13\\\/ujra-hosegriasztast-adtak-ki\\\/#primaryimage\",\"url\":\"https:\\\/\\\/dorogimedence.hu\\\/wp-content\\\/uploads\\\/2021\\\/06\\\/homero.jpg\",\"contentUrl\":\"https:\\\/\\\/dorogimedence.hu\\\/wp-content\\\/uploads\\\/2021\\\/06\\\/homero.jpg\",\"width\":1200,\"height\":858},{\"@type\":\"BreadcrumbList\",\"@id\":\"https:\\\/\\\/dorogimedence.hu\\\/index.php\\\/2021\\\/07\\\/13\\\/ujra-hosegriasztast-adtak-ki\\\/#breadcrumb\",\"itemListElement\":[{\"@type\":\"ListItem\",\"position\":1,\"name\":\"Kezd\u0151lap\",\"item\":\"https:\\\/\\\/dorogimedence.hu\\\/\"},{\"@type\":\"ListItem\",\"position\":2,\"name\":\"\u00dajra h\u0151s\u00e9griaszt\u00e1st adtak ki\"}]},{\"@type\":\"WebSite\",\"@id\":\"https:\\\/\\\/dorogimedence.hu\\\/#website\",\"url\":\"https:\\\/\\\/dorogimedence.hu\\\/\",\"name\":\"Dorogi-medence Region\u00e1lis H\u00edrport\u00e1l\",\"description\":\"Dorog, Keszt\u00f6lc, Le\u00e1nyv\u00e1r, Piliscs\u00e9v, Tokod, Tokodalt\u00e1r\u00f3, Csolnok, Esztergom-kertv\u00e1ros: h\u00edrek, programok\",\"publisher\":{\"@id\":\"https:\\\/\\\/dorogimedence.hu\\\/#organization\"},\"potentialAction\":[{\"@type\":\"SearchAction\",\"target\":{\"@type\":\"EntryPoint\",\"urlTemplate\":\"https:\\\/\\\/dorogimedence.hu\\\/?s={search_term_string}\"},\"query-input\":{\"@type\":\"PropertyValueSpecification\",\"valueRequired\":true,\"valueName\":\"search_term_string\"}}],\"inLanguage\":\"hu\"},{\"@type\":\"Organization\",\"@id\":\"https:\\\/\\\/dorogimedence.hu\\\/#organization\",\"name\":\"Dorogi-medence Region\u00e1lis H\u00edrport\u00e1l\",\"url\":\"https:\\\/\\\/dorogimedence.hu\\\/\",\"logo\":{\"@type\":\"ImageObject\",\"inLanguage\":\"hu\",\"@id\":\"https:\\\/\\\/dorogimedence.hu\\\/#\\\/schema\\\/logo\\\/image\\\/\",\"url\":\"https:\\\/\\\/dorogimedence.hu\\\/wp-content\\\/uploads\\\/2021\\\/04\\\/logo-feher-600.png\",\"contentUrl\":\"https:\\\/\\\/dorogimedence.hu\\\/wp-content\\\/uploads\\\/2021\\\/04\\\/logo-feher-600.png\",\"width\":600,\"height\":100,\"caption\":\"Dorogi-medence Region\u00e1lis H\u00edrport\u00e1l\"},\"image\":{\"@id\":\"https:\\\/\\\/dorogimedence.hu\\\/#\\\/schema\\\/logo\\\/image\\\/\"},\"sameAs\":[\"https:\\\/\\\/www.facebook.com\\\/dorogimedence\\\/\"]},{\"@type\":\"Person\",\"@id\":\"https:\\\/\\\/dorogimedence.hu\\\/#\\\/schema\\\/person\\\/ce6091eeb7e95ecdc87890d6aa8e0fd4\",\"name\":\"dorogimedence.hu\",\"image\":{\"@type\":\"ImageObject\",\"inLanguage\":\"hu\",\"@id\":\"\\\/\\\/www.gravatar.com\\\/avatar\\\/d8d45f8901aadff40a4af72c0b826f1d?s=96&#038;r=g&#038;d=mm\",\"url\":\"\\\/\\\/www.gravatar.com\\\/avatar\\\/d8d45f8901aadff40a4af72c0b826f1d?s=96&#038;r=g&#038;d=mm\",\"contentUrl\":\"\\\/\\\/www.gravatar.com\\\/avatar\\\/d8d45f8901aadff40a4af72c0b826f1d?s=96&#038;r=g&#038;d=mm\",\"caption\":\"dorogimedence.hu\"}}]}<\/script>\n<!-- \/ Yoast SEO plugin. -->","yoast_head_json":{"title":"\u00dajra h\u0151s\u00e9griaszt\u00e1st adtak ki","robots":{"index":"index","follow":"follow","max-snippet":"max-snippet:-1","max-image-preview":"max-image-preview:large","max-video-preview":"max-video-preview:-1"},"canonical":"https:\/\/dorogimedence.hu\/index.php\/2021\/07\/13\/ujra-hosegriasztast-adtak-ki\/","og_locale":"hu_HU","og_type":"article","og_title":"\u00dajra h\u0151s\u00e9griaszt\u00e1st adtak ki","og_description":"Az orsz\u00e1gos tisztif\u0151orvos kedd 0 \u00f3r\u00e1t\u00f3l cs\u00fct\u00f6rt\u00f6k \u00e9jf\u00e9lig rendelte el m\u00e1sodfok\u00fa int\u00e9zked\u00e9s\u00e9t &#8211; k\u00f6z\u00f6lte az MTI-vel a Nemzeti N\u00e9peg\u00e9szs\u00e9g\u00fcgyi K\u00f6zpont (NNK) \u00e9s az Orsz\u00e1gos Katasztr\u00f3fav\u00e9delmi F\u0151igazgat\u00f3s\u00e1g (OKF). H\u0151s\u00e9griaszt\u00e1st akkor rendelnek el, ha legal\u00e1bb h\u00e1rom egym\u00e1st k\u00f6vet\u0151 napon el\u00e9ri, vagy ak\u00e1r meghaladja a napi k\u00f6z\u00e9ph\u0151m\u00e9rs\u00e9klet a 25 Celsius-fokot. A h\u0151s\u00e9gre val\u00f3 tekintettel \u00e9s az Eg\u00e9szs\u00e9g\u00fcgyi Vil\u00e1gszervezet","og_url":"https:\/\/dorogimedence.hu\/index.php\/2021\/07\/13\/ujra-hosegriasztast-adtak-ki\/","og_site_name":"Dorogi-medence Region\u00e1lis H\u00edrport\u00e1l","article_publisher":"https:\/\/www.facebook.com\/dorogimedence\/","article_published_time":"2021-07-13T13:22:50+00:00","article_modified_time":"2021-07-13T13:23:03+00:00","og_image":[{"width":1200,"height":858,"url":"https:\/\/i0.wp.com\/dorogimedence.hu\/wp-content\/uploads\/2021\/06\/homero.jpg?fit=1200%2C858&ssl=1","type":"image\/jpeg"}],"author":"dorogimedence.hu","twitter_card":"summary_large_image","twitter_misc":{"Szerz\u0151:":"dorogimedence.hu","Becs\u00fclt olvas\u00e1si id\u0151":"4 perc"},"schema":{"@context":"https:\/\/schema.org","@graph":[{"@type":"Article","@id":"https:\/\/dorogimedence.hu\/index.php\/2021\/07\/13\/ujra-hosegriasztast-adtak-ki\/#article","isPartOf":{"@id":"https:\/\/dorogimedence.hu\/index.php\/2021\/07\/13\/ujra-hosegriasztast-adtak-ki\/"},"author":{"name":"dorogimedence.hu","@id":"https:\/\/dorogimedence.hu\/#\/schema\/person\/ce6091eeb7e95ecdc87890d6aa8e0fd4"},"headline":"\u00dajra h\u0151s\u00e9griaszt\u00e1st adtak ki","datePublished":"2021-07-13T13:22:50+00:00","dateModified":"2021-07-13T13:23:03+00:00","mainEntityOfPage":{"@id":"https:\/\/dorogimedence.hu\/index.php\/2021\/07\/13\/ujra-hosegriasztast-adtak-ki\/"},"wordCount":805,"publisher":{"@id":"https:\/\/dorogimedence.hu\/#organization"},"image":{"@id":"https:\/\/dorogimedence.hu\/index.php\/2021\/07\/13\/ujra-hosegriasztast-adtak-ki\/#primaryimage"},"thumbnailUrl":"https:\/\/dorogimedence.hu\/wp-content\/uploads\/2021\/06\/homero.jpg","keywords":["h\u0151s\u00e9g","h\u0151s\u00e9griaszt\u00e1s"],"articleSection":["H\u00edrek"],"inLanguage":"hu"},{"@type":"WebPage","@id":"https:\/\/dorogimedence.hu\/index.php\/2021\/07\/13\/ujra-hosegriasztast-adtak-ki\/","url":"https:\/\/dorogimedence.hu\/index.php\/2021\/07\/13\/ujra-hosegriasztast-adtak-ki\/","name":"\u00dajra h\u0151s\u00e9griaszt\u00e1st adtak ki","isPartOf":{"@id":"https:\/\/dorogimedence.hu\/#website"},"primaryImageOfPage":{"@id":"https:\/\/dorogimedence.hu\/index.php\/2021\/07\/13\/ujra-hosegriasztast-adtak-ki\/#primaryimage"},"image":{"@id":"https:\/\/dorogimedence.hu\/index.php\/2021\/07\/13\/ujra-hosegriasztast-adtak-ki\/#primaryimage"},"thumbnailUrl":"https:\/\/dorogimedence.hu\/wp-content\/uploads\/2021\/06\/homero.jpg","datePublished":"2021-07-13T13:22:50+00:00","dateModified":"2021-07-13T13:23:03+00:00","breadcrumb":{"@id":"https:\/\/dorogimedence.hu\/index.php\/2021\/07\/13\/ujra-hosegriasztast-adtak-ki\/#breadcrumb"},"inLanguage":"hu","potentialAction":[{"@type":"ReadAction","target":["https:\/\/dorogimedence.hu\/index.php\/2021\/07\/13\/ujra-hosegriasztast-adtak-ki\/"]}]},{"@type":"ImageObject","inLanguage":"hu","@id":"https:\/\/dorogimedence.hu\/index.php\/2021\/07\/13\/ujra-hosegriasztast-adtak-ki\/#primaryimage","url":"https:\/\/dorogimedence.hu\/wp-content\/uploads\/2021\/06\/homero.jpg","contentUrl":"https:\/\/dorogimedence.hu\/wp-content\/uploads\/2021\/06\/homero.jpg","width":1200,"height":858},{"@type":"BreadcrumbList","@id":"https:\/\/dorogimedence.hu\/index.php\/2021\/07\/13\/ujra-hosegriasztast-adtak-ki\/#breadcrumb","itemListElement":[{"@type":"ListItem","position":1,"name":"Kezd\u0151lap","item":"https:\/\/dorogimedence.hu\/"},{"@type":"ListItem","position":2,"name":"\u00dajra h\u0151s\u00e9griaszt\u00e1st adtak ki"}]},{"@type":"WebSite","@id":"https:\/\/dorogimedence.hu\/#website","url":"https:\/\/dorogimedence.hu\/","name":"Dorogi-medence Region\u00e1lis H\u00edrport\u00e1l","description":"Dorog, Keszt\u00f6lc, Le\u00e1nyv\u00e1r, Piliscs\u00e9v, Tokod, Tokodalt\u00e1r\u00f3, Csolnok, Esztergom-kertv\u00e1ros: h\u00edrek, programok","publisher":{"@id":"https:\/\/dorogimedence.hu\/#organization"},"potentialAction":[{"@type":"SearchAction","target":{"@type":"EntryPoint","urlTemplate":"https:\/\/dorogimedence.hu\/?s={search_term_string}"},"query-input":{"@type":"PropertyValueSpecification","valueRequired":true,"valueName":"search_term_string"}}],"inLanguage":"hu"},{"@type":"Organization","@id":"https:\/\/dorogimedence.hu\/#organization","name":"Dorogi-medence Region\u00e1lis H\u00edrport\u00e1l","url":"https:\/\/dorogimedence.hu\/","logo":{"@type":"ImageObject","inLanguage":"hu","@id":"https:\/\/dorogimedence.hu\/#\/schema\/logo\/image\/","url":"https:\/\/dorogimedence.hu\/wp-content\/uploads\/2021\/04\/logo-feher-600.png","contentUrl":"https:\/\/dorogimedence.hu\/wp-content\/uploads\/2021\/04\/logo-feher-600.png","width":600,"height":100,"caption":"Dorogi-medence Region\u00e1lis H\u00edrport\u00e1l"},"image":{"@id":"https:\/\/dorogimedence.hu\/#\/schema\/logo\/image\/"},"sameAs":["https:\/\/www.facebook.com\/dorogimedence\/"]},{"@type":"Person","@id":"https:\/\/dorogimedence.hu\/#\/schema\/person\/ce6091eeb7e95ecdc87890d6aa8e0fd4","name":"dorogimedence.hu","image":{"@type":"ImageObject","inLanguage":"hu","@id":"\/\/www.gravatar.com\/avatar\/d8d45f8901aadff40a4af72c0b826f1d?s=96&#038;r=g&#038;d=mm","url":"\/\/www.gravatar.com\/avatar\/d8d45f8901aadff40a4af72c0b826f1d?s=96&#038;r=g&#038;d=mm","contentUrl":"\/\/www.gravatar.com\/avatar\/d8d45f8901aadff40a4af72c0b826f1d?s=96&#038;r=g&#038;d=mm","caption":"dorogimedence.hu"}}]}},"_links":{"self":[{"href":"https:\/\/dorogimedence.hu\/index.php\/wp-json\/wp\/v2\/posts\/34821","targetHints":{"allow":["GET"]}}],"collection":[{"href":"https:\/\/dorogimedence.hu\/index.php\/wp-json\/wp\/v2\/posts"}],"about":[{"href":"https:\/\/dorogimedence.hu\/index.php\/wp-json\/wp\/v2\/types\/post"}],"author":[{"embeddable":true,"href":"https:\/\/dorogimedence.hu\/index.php\/wp-json\/wp\/v2\/users\/1"}],"replies":[{"embeddable":true,"href":"https:\/\/dorogimedence.hu\/index.php\/wp-json\/wp\/v2\/comments?post=34821"}],"version-history":[{"count":0,"href":"https:\/\/dorogimedence.hu\/index.php\/wp-json\/wp\/v2\/posts\/34821\/revisions"}],"wp:featuredmedia":[{"embeddable":true,"href":"https:\/\/dorogimedence.hu\/index.php\/wp-json\/wp\/v2\/media\/34265"}],"wp:attachment":[{"href":"https:\/\/dorogimedence.hu\/index.php\/wp-json\/wp\/v2\/media?parent=34821"}],"wp:term":[{"taxonomy":"category","embeddable":true,"href":"https:\/\/dorogimedence.hu\/index.php\/wp-json\/wp\/v2\/categories?post=34821"},{"taxonomy":"post_tag","embeddable":true,"href":"https:\/\/dorogimedence.hu\/index.php\/wp-json\/wp\/v2\/tags?post=34821"}],"curies":[{"name":"wp","href":"https:\/\/api.w.org\/{rel}","templated":true}]}}