{"id":34792,"date":"2021-07-12T14:03:40","date_gmt":"2021-07-12T12:03:40","guid":{"rendered":"https:\/\/dorogimedence.hu\/?p=34792"},"modified":"2021-07-12T14:04:05","modified_gmt":"2021-07-12T12:04:05","slug":"ujjaszuletik-a-visegradi-var-es-a-kornyezete","status":"publish","type":"post","link":"https:\/\/dorogimedence.hu\/index.php\/2021\/07\/12\/ujjaszuletik-a-visegradi-var-es-a-kornyezete\/","title":{"rendered":"\u00dajj\u00e1sz\u00fcletik a visegr\u00e1di v\u00e1r \u00e9s a k\u00f6rnyezete"},"content":{"rendered":"<p><strong>A visegr\u00e1di kir\u00e1lytal\u00e1lkoz\u00f3 700. \u00e9vfordul\u00f3j\u00e1ra, 2035-re teljesen meg\u00fajul a visegr\u00e1di v\u00e1r \u00e9s k\u00f6rnyezete. A m\u00e1r id\u00e9n megkezd\u0151d\u0151 munk\u00e1latok r\u00e9szek\u00e9nt nemcsak a fest\u0151i k\u00f6rnyezetben l\u00e9v\u0151 visegr\u00e1di fellegv\u00e1r \u00e9s a kir\u00e1lyi palota, de az als\u00f3v\u00e1r \u00e9s a Salamon-torony, valamint a v\u00f6lgyz\u00e1r\u00f3fal \u00e9s a v\u00edzib\u00e1stya rekonstrukci\u00f3ja is megval\u00f3sul. A kultur\u00e1lis \u00e9s turisztikai fejleszt\u00e9sek mellett pedig a telep\u00fcl\u00e9sen \u00e9l\u0151k \u00e9rdekeit szolg\u00e1l\u00f3 beruh\u00e1z\u00e1sok is zajlanak.<\/strong><\/p>\n<p>A Salamon-torony \u00e9s az als\u00f3v\u00e1r, valamint a fellegv\u00e1r \u00e1llapot\u00e1nak felm\u00e9r\u00e9s\u00e9vel \u00e9s \u00e1tfog\u00f3 r\u00e9g\u00e9szeti felt\u00e1r\u00e1s\u00e1val kezd\u0151dik el a visegr\u00e1di egy\u00fcttm\u0171k\u00f6d\u00e9s szimbolikus helysz\u00edn\u00e9nek meg\u00faj\u00edt\u00e1sa. A kiemelt korm\u00e1nyzati beruh\u00e1z\u00e1st Fodor Gergely, a Budav\u00e1ri Palotanegyed \u00e9s a Citadella meg\u00faj\u00edt\u00e1s\u00e1\u00e9rt is felel\u0151s korm\u00e1nybiztos ir\u00e1ny\u00edtja.<\/p>\n<p><em>&nbsp;\u201eA V4 eln\u00f6ks\u00e9g\u00e9t \u00e1tvev\u0151 magyar f\u00e9l v\u00e1llalja, hogy a n\u00e9gy nemzet sz\u00e1m\u00e1ra is kiemelten fontos visegr\u00e1di v\u00e1rat jelent\u0151s\u00e9g\u00e9hez \u00e9s m\u00faltj\u00e1hoz m\u00e9lt\u00f3 m\u00f3don \u00e1ll\u00edtja helyre. A \u201eVisegr\u00e1d 700\u201d programnak k\u00f6sz\u00f6nhet\u0151en 2035-re, a<\/em> <em>k\u00f6z\u00e9p-eur\u00f3pai egy\u00fcttm\u0171k\u00f6d\u00e9s meghat\u00e1roz\u00f3 visegr\u00e1di kir\u00e1lytal\u00e1lkoz\u00f3&nbsp;700. \u00e9vfordul\u00f3j\u00e1ra, a v\u00e1rat, a v\u00e1rhoz kapcsol\u00f3d\u00f3 t\u00f6rt\u00e9nelmi \u00e9p\u00fcleteket \u00e9s a k\u00f6rnyez\u0151 ter\u00fcleteket a hely szellem\u00e9hez m\u00e9lt\u00f3 k\u00f6nt\u00f6sbe \u00f6lt\u00f6ztethetj\u00fck\u201d<\/em> \u2013 hangs\u00falyozta Fodor Gergely korm\u00e1nybiztos.<\/p>\n<p><img fetchpriority=\"high\" decoding=\"async\" class=\"alignnone size-full wp-image-34793\" src=\"https:\/\/dorogimedence.hu\/wp-content\/uploads\/2021\/07\/fodor-gergely.jpg\" alt=\"\" width=\"1000\" height=\"667\" srcset=\"https:\/\/dorogimedence.hu\/wp-content\/uploads\/2021\/07\/fodor-gergely.jpg 1000w, https:\/\/dorogimedence.hu\/wp-content\/uploads\/2021\/07\/fodor-gergely-300x200.jpg 300w, https:\/\/dorogimedence.hu\/wp-content\/uploads\/2021\/07\/fodor-gergely-768x512.jpg 768w, https:\/\/dorogimedence.hu\/wp-content\/uploads\/2021\/07\/fodor-gergely-150x100.jpg 150w, https:\/\/dorogimedence.hu\/wp-content\/uploads\/2021\/07\/fodor-gergely-450x300.jpg 450w, https:\/\/dorogimedence.hu\/wp-content\/uploads\/2021\/07\/fodor-gergely-272x182.jpg 272w\" sizes=\"(max-width: 1000px) 100vw, 1000px\" \/><\/p>\n<p>Az \u00e9p\u00fcletek \u00e1llapota az ut\u00f3bbi \u00e9vtizedekben jelent\u0151sen leromlott, a teljesk\u00f6r\u0171 rekonstrukci\u00f3 nem halaszthat\u00f3 tov\u00e1bb. J\u00f3l mutatja ezt, hogy a Salamon-torony gyilokj\u00e1r\u00f3ja \u00e9letvesz\u00e9lyess\u00e9 v\u00e1lt, az als\u00f3v\u00e1r \u00e9p\u00fcletei k\u00f6z\u00fcl t\u00f6bb be\u00e1zik. A fellegv\u00e1r ter\u00fclet\u00e9nek egy r\u00e9sze szint\u00e9n nem l\u00e1togathat\u00f3. Volt, ahol eg\u00e9sz bolt\u00edvek omlottak le.<\/p>\n<p>A \u201eVisegr\u00e1d 700\u201d program keret\u00e9ben helyre\u00e1ll\u00edtj\u00e1k \u00e9s meger\u0151s\u00edtik a Salamon-tornyot \u00e9s az als\u00f3v\u00e1r t\u00f6bbi \u00e9p\u00fclet\u00e9t, megval\u00f3sul a v\u00f6lgyz\u00e1r\u00f3fal \u00e9s a v\u00edzib\u00e1stya rekonstrukci\u00f3ja, meg\u00fajul a visegr\u00e1di fellegv\u00e1r \u00e9s a kir\u00e1lyi palota. Emellett akad\u00e1lymentes\u00edtik a ter\u00fcletet, valamint \u00f6sszekapcsolj\u00e1k a v\u00e1rrendszer k\u00e9t pontj\u00e1t, biztos\u00edtva ezzel a szabad \u00e1tj\u00e1r\u00e1st. A jelenleg m\u00e1r korszer\u0171tlen ki\u00e1ll\u00edt\u00e1sokat is \u00e1talak\u00edtj\u00e1k, \u00fagy, hogy azok igazodjanak a 21. sz\u00e1zadi l\u00e1togat\u00f3i ig\u00e9nyekhez.<\/p>\n<p><img decoding=\"async\" class=\"alignnone size-large wp-image-34796\" src=\"https:\/\/dorogimedence.hu\/wp-content\/uploads\/2021\/07\/Visegrad-1024x679.jpg\" alt=\"\" width=\"755\" height=\"501\" srcset=\"https:\/\/dorogimedence.hu\/wp-content\/uploads\/2021\/07\/Visegrad-1024x679.jpg 1024w, https:\/\/dorogimedence.hu\/wp-content\/uploads\/2021\/07\/Visegrad-300x199.jpg 300w, https:\/\/dorogimedence.hu\/wp-content\/uploads\/2021\/07\/Visegrad-768x510.jpg 768w, https:\/\/dorogimedence.hu\/wp-content\/uploads\/2021\/07\/Visegrad-150x100.jpg 150w, https:\/\/dorogimedence.hu\/wp-content\/uploads\/2021\/07\/Visegrad-450x299.jpg 450w, https:\/\/dorogimedence.hu\/wp-content\/uploads\/2021\/07\/Visegrad-1200x796.jpg 1200w, https:\/\/dorogimedence.hu\/wp-content\/uploads\/2021\/07\/Visegrad.jpg 1263w\" sizes=\"(max-width: 755px) 100vw, 755px\" \/><\/p>\n<p>A V\u00e1rkapit\u00e1nys\u00e1g ir\u00e1ny\u00edt\u00e1s\u00e1val zajl\u00f3 program nemcsak kultur\u00e1lis \u00e9s turisztikai c\u00e9lokat szolg\u00e1l, de a telep\u00fcl\u00e9s \u00e9s a t\u00e9rs\u00e9g hossz\u00fat\u00e1v\u00fa fejl\u0151d\u00e9s\u00e9t is seg\u00edti. R\u00e9sze ugyanis egy \u00faj v\u00e1rosk\u00f6zponti parkol\u00f3 \u00e9s s\u00e9t\u00e1ny kialak\u00edt\u00e1sa, a Makovecz Imre \u00e1ltal tervezett Magyar L\u00e1szl\u00f3 Tornacsarnok korszer\u0171s\u00edt\u00e9se \u00e9s a Viktorin s\u00e9t\u00e1ny fel\u00faj\u00edt\u00e1sa.&nbsp;<\/p>\n<p><em>\u201e<\/em><em>A fejleszt\u00e9si program kiemelt c\u00e9lja, hogy magas min\u0151s\u00e9g\u0171, t\u00f6bbdimenzi\u00f3s ter\u00fcletfejleszt\u00e9si keretet adjon, amely sor\u00e1n \u00f6sszehangolt ingatlanfejleszt\u00e9si, kultur\u00e1lis, infrastruktur\u00e1lis \u00e9s turisztikai beruh\u00e1z\u00e1sok val\u00f3sulhatnak meg. Visegr\u00e1d az orsz\u00e1g f\u0151v\u00e1rosa, a kontinens meghat\u00e1roz\u00f3 m\u0171v\u00e9szeti \u00e9s szellemi k\u00f6zpontja volt, \u00e9s most k\u00f6z\u00f6sen \u00e9ppen azon dolgozunk, hogy a XXI. sz\u00e1zadban is egy rendk\u00edv\u00fcl jelent\u0151s hely legyen<\/em><em>\u201d<\/em> \u2013 mondta el Dr. Vit\u00e1lyos Eszter, az EMMI Eur\u00f3pai Uni\u00f3s fejleszt\u00e9spolitik\u00e1\u00e9rt felel\u0151s \u00e1llamtitk\u00e1ra \u00e9s a Fidesz Magyar Polg\u00e1ri Sz\u00f6vets\u00e9g Pest megye 3. sz\u00e1m\u00fa v\u00e1laszt\u00f3ker\u00fclet\u00e9nek eln\u00f6ke.<\/p>\n<p><img decoding=\"async\" class=\"alignnone size-full wp-image-34794\" src=\"https:\/\/dorogimedence.hu\/wp-content\/uploads\/2021\/07\/vitalyos-eszter.jpg\" alt=\"\" width=\"1000\" height=\"667\" srcset=\"https:\/\/dorogimedence.hu\/wp-content\/uploads\/2021\/07\/vitalyos-eszter.jpg 1000w, https:\/\/dorogimedence.hu\/wp-content\/uploads\/2021\/07\/vitalyos-eszter-300x200.jpg 300w, https:\/\/dorogimedence.hu\/wp-content\/uploads\/2021\/07\/vitalyos-eszter-768x512.jpg 768w, https:\/\/dorogimedence.hu\/wp-content\/uploads\/2021\/07\/vitalyos-eszter-150x100.jpg 150w, https:\/\/dorogimedence.hu\/wp-content\/uploads\/2021\/07\/vitalyos-eszter-450x300.jpg 450w, https:\/\/dorogimedence.hu\/wp-content\/uploads\/2021\/07\/vitalyos-eszter-272x182.jpg 272w\" sizes=\"(max-width: 1000px) 100vw, 1000px\" \/><\/p>\n<p>A Dunakanyar p\u00e1ratlan panor\u00e1m\u00e1j\u00e1val rendelkez\u0151 t\u00f6rt\u00e9nelmi \u00e9p\u00fcletegy\u00fcttes\u00e9t \u00e9vente t\u00f6bb sz\u00e1zezer l\u00e1togat\u00f3 keresi fel. A fel\u00faj\u00edt\u00e1sok hozz\u00e1j\u00e1rulnak a telep\u00fcl\u00e9s turisztikai fejl\u0151d\u00e9s\u00e9hez.&nbsp;<\/p>\n<p><em>\u201eA Visegr\u00e1d 700 fejleszt\u00e9si program keret\u00e9n bel\u00fcl megval\u00f3sul\u00f3 projektek arra hivatottak, hogy a visegr\u00e1di polg\u00e1rok \u00e9s vend\u00e9geink napr\u00f3l napra jobban \u00e9rezhess\u00e9k magukat. A munk\u00e1k sor\u00e1n rendk\u00edv\u00fcl fontos szempont a v\u00e1ros m\u0171k\u00f6d\u00e9s\u00e9nek fenntart\u00e1sa\u201d<\/em> \u2013 fogalmazott E\u00f6ry D\u00e9nes, Visegr\u00e1d polg\u00e1rmestere.<\/p>\n<p>A munk\u00e1latok \u00fctemezetten zajlanak, a rekonstrukci\u00f3 idej\u00e9n a fellegv\u00e1r \u00e9s az als\u00f3v\u00e1r is l\u00e1togathat\u00f3 lesz.<\/p>\n<p><img loading=\"lazy\" decoding=\"async\" class=\"alignnone size-full wp-image-34795\" src=\"https:\/\/dorogimedence.hu\/wp-content\/uploads\/2021\/07\/eory-denes.jpg\" alt=\"\" width=\"1000\" height=\"666\" srcset=\"https:\/\/dorogimedence.hu\/wp-content\/uploads\/2021\/07\/eory-denes.jpg 1000w, https:\/\/dorogimedence.hu\/wp-content\/uploads\/2021\/07\/eory-denes-300x200.jpg 300w, https:\/\/dorogimedence.hu\/wp-content\/uploads\/2021\/07\/eory-denes-768x511.jpg 768w, https:\/\/dorogimedence.hu\/wp-content\/uploads\/2021\/07\/eory-denes-150x100.jpg 150w, https:\/\/dorogimedence.hu\/wp-content\/uploads\/2021\/07\/eory-denes-450x300.jpg 450w, https:\/\/dorogimedence.hu\/wp-content\/uploads\/2021\/07\/eory-denes-272x182.jpg 272w\" sizes=\"(max-width: 1000px) 100vw, 1000px\" \/><\/p>\n<p><em>Fot\u00f3k, forr\u00e1s: V\u00e1rkapit\u00e1nys\u00e1g<\/em><\/p>\n","protected":false},"excerpt":{"rendered":"<p>A visegr\u00e1di kir\u00e1lytal\u00e1lkoz\u00f3 700. \u00e9vfordul\u00f3j\u00e1ra, 2035-re teljesen meg\u00fajul a visegr\u00e1di v\u00e1r \u00e9s k\u00f6rnyezete. A m\u00e1r id\u00e9n megkezd\u0151d\u0151 munk\u00e1latok r\u00e9szek\u00e9nt nemcsak a fest\u0151i k\u00f6rnyezetben l\u00e9v\u0151 visegr\u00e1di fellegv\u00e1r \u00e9s a kir\u00e1lyi palota, de az als\u00f3v\u00e1r \u00e9s a Salamon-torony, valamint a v\u00f6lgyz\u00e1r\u00f3fal \u00e9s a v\u00edzib\u00e1stya rekonstrukci\u00f3ja is megval\u00f3sul. A kultur\u00e1lis \u00e9s turisztikai fejleszt\u00e9sek mellett pedig a telep\u00fcl\u00e9sen \u00e9l\u0151k<\/p>\n","protected":false},"author":1,"featured_media":34797,"comment_status":"closed","ping_status":"closed","sticky":false,"template":"","format":"standard","meta":{"ngg_post_thumbnail":0,"footnotes":""},"categories":[3],"tags":[5624,464,1426,5829],"class_list":{"0":"post-34792","1":"post","2":"type-post","3":"status-publish","4":"format-standard","5":"has-post-thumbnail","7":"category-hirek","8":"tag-featured","9":"tag-felujitas","10":"tag-visegrad","11":"tag-visegradi-var"},"yoast_head":"<!-- This site is optimized with the Yoast SEO plugin v27.5 - https:\/\/yoast.com\/product\/yoast-seo-wordpress\/ -->\n<title>\u00dajj\u00e1sz\u00fcletik a visegr\u00e1di v\u00e1r \u00e9s a k\u00f6rnyezete<\/title>\n<meta name=\"robots\" content=\"index, follow, max-snippet:-1, max-image-preview:large, max-video-preview:-1\" \/>\n<link rel=\"canonical\" href=\"https:\/\/dorogimedence.hu\/index.php\/2021\/07\/12\/ujjaszuletik-a-visegradi-var-es-a-kornyezete\/\" class=\"yoast-seo-meta-tag\" \/>\n<meta property=\"og:locale\" content=\"hu_HU\" class=\"yoast-seo-meta-tag\" \/>\n<meta property=\"og:type\" content=\"article\" class=\"yoast-seo-meta-tag\" \/>\n<meta property=\"og:title\" content=\"\u00dajj\u00e1sz\u00fcletik a visegr\u00e1di v\u00e1r \u00e9s a k\u00f6rnyezete\" class=\"yoast-seo-meta-tag\" \/>\n<meta property=\"og:description\" content=\"A visegr\u00e1di kir\u00e1lytal\u00e1lkoz\u00f3 700. \u00e9vfordul\u00f3j\u00e1ra, 2035-re teljesen meg\u00fajul a visegr\u00e1di v\u00e1r \u00e9s k\u00f6rnyezete. A m\u00e1r id\u00e9n megkezd\u0151d\u0151 munk\u00e1latok r\u00e9szek\u00e9nt nemcsak a fest\u0151i k\u00f6rnyezetben l\u00e9v\u0151 visegr\u00e1di fellegv\u00e1r \u00e9s a kir\u00e1lyi palota, de az als\u00f3v\u00e1r \u00e9s a Salamon-torony, valamint a v\u00f6lgyz\u00e1r\u00f3fal \u00e9s a v\u00edzib\u00e1stya rekonstrukci\u00f3ja is megval\u00f3sul. A kultur\u00e1lis \u00e9s turisztikai fejleszt\u00e9sek mellett pedig a telep\u00fcl\u00e9sen \u00e9l\u0151k\" class=\"yoast-seo-meta-tag\" \/>\n<meta property=\"og:url\" content=\"https:\/\/dorogimedence.hu\/index.php\/2021\/07\/12\/ujjaszuletik-a-visegradi-var-es-a-kornyezete\/\" class=\"yoast-seo-meta-tag\" \/>\n<meta property=\"og:site_name\" content=\"Dorogi-medence Region\u00e1lis H\u00edrport\u00e1l\" class=\"yoast-seo-meta-tag\" \/>\n<meta property=\"article:publisher\" content=\"https:\/\/www.facebook.com\/dorogimedence\/\" class=\"yoast-seo-meta-tag\" \/>\n<meta property=\"article:published_time\" content=\"2021-07-12T12:03:40+00:00\" class=\"yoast-seo-meta-tag\" \/>\n<meta property=\"article:modified_time\" content=\"2021-07-12T12:04:05+00:00\" class=\"yoast-seo-meta-tag\" \/>\n<meta property=\"og:image\" content=\"https:\/\/i0.wp.com\/dorogimedence.hu\/wp-content\/uploads\/2021\/07\/visegrad_2002.jpg?fit=1194%2C796&ssl=1\" class=\"yoast-seo-meta-tag\" \/>\n\t<meta property=\"og:image:width\" content=\"1194\" class=\"yoast-seo-meta-tag\" \/>\n\t<meta property=\"og:image:height\" content=\"796\" class=\"yoast-seo-meta-tag\" \/>\n\t<meta property=\"og:image:type\" content=\"image\/jpeg\" class=\"yoast-seo-meta-tag\" \/>\n<meta name=\"author\" content=\"dorogimedence.hu\" class=\"yoast-seo-meta-tag\" \/>\n<meta name=\"twitter:card\" content=\"summary_large_image\" class=\"yoast-seo-meta-tag\" \/>\n<meta name=\"twitter:label1\" content=\"Szerz\u0151:\" class=\"yoast-seo-meta-tag\" \/>\n\t<meta name=\"twitter:data1\" content=\"dorogimedence.hu\" class=\"yoast-seo-meta-tag\" \/>\n\t<meta name=\"twitter:label2\" content=\"Becs\u00fclt olvas\u00e1si id\u0151\" class=\"yoast-seo-meta-tag\" \/>\n\t<meta name=\"twitter:data2\" content=\"4 perc\" class=\"yoast-seo-meta-tag\" \/>\n<script type=\"application\/ld+json\" class=\"yoast-schema-graph\">{\"@context\":\"https:\\\/\\\/schema.org\",\"@graph\":[{\"@type\":\"Article\",\"@id\":\"https:\\\/\\\/dorogimedence.hu\\\/index.php\\\/2021\\\/07\\\/12\\\/ujjaszuletik-a-visegradi-var-es-a-kornyezete\\\/#article\",\"isPartOf\":{\"@id\":\"https:\\\/\\\/dorogimedence.hu\\\/index.php\\\/2021\\\/07\\\/12\\\/ujjaszuletik-a-visegradi-var-es-a-kornyezete\\\/\"},\"author\":{\"name\":\"dorogimedence.hu\",\"@id\":\"https:\\\/\\\/dorogimedence.hu\\\/#\\\/schema\\\/person\\\/ce6091eeb7e95ecdc87890d6aa8e0fd4\"},\"headline\":\"\u00dajj\u00e1sz\u00fcletik a visegr\u00e1di v\u00e1r \u00e9s a k\u00f6rnyezete\",\"datePublished\":\"2021-07-12T12:03:40+00:00\",\"dateModified\":\"2021-07-12T12:04:05+00:00\",\"mainEntityOfPage\":{\"@id\":\"https:\\\/\\\/dorogimedence.hu\\\/index.php\\\/2021\\\/07\\\/12\\\/ujjaszuletik-a-visegradi-var-es-a-kornyezete\\\/\"},\"wordCount\":796,\"publisher\":{\"@id\":\"https:\\\/\\\/dorogimedence.hu\\\/#organization\"},\"image\":{\"@id\":\"https:\\\/\\\/dorogimedence.hu\\\/index.php\\\/2021\\\/07\\\/12\\\/ujjaszuletik-a-visegradi-var-es-a-kornyezete\\\/#primaryimage\"},\"thumbnailUrl\":\"https:\\\/\\\/dorogimedence.hu\\\/wp-content\\\/uploads\\\/2021\\\/07\\\/visegrad_2002.jpg\",\"keywords\":[\"featured\",\"fel\u00faj\u00edt\u00e1s\",\"Visegr\u00e1d\",\"visegr\u00e1di v\u00e1r\"],\"articleSection\":[\"H\u00edrek\"],\"inLanguage\":\"hu\"},{\"@type\":\"WebPage\",\"@id\":\"https:\\\/\\\/dorogimedence.hu\\\/index.php\\\/2021\\\/07\\\/12\\\/ujjaszuletik-a-visegradi-var-es-a-kornyezete\\\/\",\"url\":\"https:\\\/\\\/dorogimedence.hu\\\/index.php\\\/2021\\\/07\\\/12\\\/ujjaszuletik-a-visegradi-var-es-a-kornyezete\\\/\",\"name\":\"\u00dajj\u00e1sz\u00fcletik a visegr\u00e1di v\u00e1r \u00e9s a k\u00f6rnyezete\",\"isPartOf\":{\"@id\":\"https:\\\/\\\/dorogimedence.hu\\\/#website\"},\"primaryImageOfPage\":{\"@id\":\"https:\\\/\\\/dorogimedence.hu\\\/index.php\\\/2021\\\/07\\\/12\\\/ujjaszuletik-a-visegradi-var-es-a-kornyezete\\\/#primaryimage\"},\"image\":{\"@id\":\"https:\\\/\\\/dorogimedence.hu\\\/index.php\\\/2021\\\/07\\\/12\\\/ujjaszuletik-a-visegradi-var-es-a-kornyezete\\\/#primaryimage\"},\"thumbnailUrl\":\"https:\\\/\\\/dorogimedence.hu\\\/wp-content\\\/uploads\\\/2021\\\/07\\\/visegrad_2002.jpg\",\"datePublished\":\"2021-07-12T12:03:40+00:00\",\"dateModified\":\"2021-07-12T12:04:05+00:00\",\"breadcrumb\":{\"@id\":\"https:\\\/\\\/dorogimedence.hu\\\/index.php\\\/2021\\\/07\\\/12\\\/ujjaszuletik-a-visegradi-var-es-a-kornyezete\\\/#breadcrumb\"},\"inLanguage\":\"hu\",\"potentialAction\":[{\"@type\":\"ReadAction\",\"target\":[\"https:\\\/\\\/dorogimedence.hu\\\/index.php\\\/2021\\\/07\\\/12\\\/ujjaszuletik-a-visegradi-var-es-a-kornyezete\\\/\"]}]},{\"@type\":\"ImageObject\",\"inLanguage\":\"hu\",\"@id\":\"https:\\\/\\\/dorogimedence.hu\\\/index.php\\\/2021\\\/07\\\/12\\\/ujjaszuletik-a-visegradi-var-es-a-kornyezete\\\/#primaryimage\",\"url\":\"https:\\\/\\\/dorogimedence.hu\\\/wp-content\\\/uploads\\\/2021\\\/07\\\/visegrad_2002.jpg\",\"contentUrl\":\"https:\\\/\\\/dorogimedence.hu\\\/wp-content\\\/uploads\\\/2021\\\/07\\\/visegrad_2002.jpg\",\"width\":1194,\"height\":796},{\"@type\":\"BreadcrumbList\",\"@id\":\"https:\\\/\\\/dorogimedence.hu\\\/index.php\\\/2021\\\/07\\\/12\\\/ujjaszuletik-a-visegradi-var-es-a-kornyezete\\\/#breadcrumb\",\"itemListElement\":[{\"@type\":\"ListItem\",\"position\":1,\"name\":\"Kezd\u0151lap\",\"item\":\"https:\\\/\\\/dorogimedence.hu\\\/\"},{\"@type\":\"ListItem\",\"position\":2,\"name\":\"\u00dajj\u00e1sz\u00fcletik a visegr\u00e1di v\u00e1r \u00e9s a k\u00f6rnyezete\"}]},{\"@type\":\"WebSite\",\"@id\":\"https:\\\/\\\/dorogimedence.hu\\\/#website\",\"url\":\"https:\\\/\\\/dorogimedence.hu\\\/\",\"name\":\"Dorogi-medence Region\u00e1lis H\u00edrport\u00e1l\",\"description\":\"Dorog, Keszt\u00f6lc, Le\u00e1nyv\u00e1r, Piliscs\u00e9v, Tokod, Tokodalt\u00e1r\u00f3, Csolnok, Esztergom-kertv\u00e1ros: h\u00edrek, programok\",\"publisher\":{\"@id\":\"https:\\\/\\\/dorogimedence.hu\\\/#organization\"},\"potentialAction\":[{\"@type\":\"SearchAction\",\"target\":{\"@type\":\"EntryPoint\",\"urlTemplate\":\"https:\\\/\\\/dorogimedence.hu\\\/?s={search_term_string}\"},\"query-input\":{\"@type\":\"PropertyValueSpecification\",\"valueRequired\":true,\"valueName\":\"search_term_string\"}}],\"inLanguage\":\"hu\"},{\"@type\":\"Organization\",\"@id\":\"https:\\\/\\\/dorogimedence.hu\\\/#organization\",\"name\":\"Dorogi-medence Region\u00e1lis H\u00edrport\u00e1l\",\"url\":\"https:\\\/\\\/dorogimedence.hu\\\/\",\"logo\":{\"@type\":\"ImageObject\",\"inLanguage\":\"hu\",\"@id\":\"https:\\\/\\\/dorogimedence.hu\\\/#\\\/schema\\\/logo\\\/image\\\/\",\"url\":\"https:\\\/\\\/dorogimedence.hu\\\/wp-content\\\/uploads\\\/2021\\\/04\\\/logo-feher-600.png\",\"contentUrl\":\"https:\\\/\\\/dorogimedence.hu\\\/wp-content\\\/uploads\\\/2021\\\/04\\\/logo-feher-600.png\",\"width\":600,\"height\":100,\"caption\":\"Dorogi-medence Region\u00e1lis H\u00edrport\u00e1l\"},\"image\":{\"@id\":\"https:\\\/\\\/dorogimedence.hu\\\/#\\\/schema\\\/logo\\\/image\\\/\"},\"sameAs\":[\"https:\\\/\\\/www.facebook.com\\\/dorogimedence\\\/\"]},{\"@type\":\"Person\",\"@id\":\"https:\\\/\\\/dorogimedence.hu\\\/#\\\/schema\\\/person\\\/ce6091eeb7e95ecdc87890d6aa8e0fd4\",\"name\":\"dorogimedence.hu\",\"image\":{\"@type\":\"ImageObject\",\"inLanguage\":\"hu\",\"@id\":\"\\\/\\\/www.gravatar.com\\\/avatar\\\/d8d45f8901aadff40a4af72c0b826f1d?s=96&#038;r=g&#038;d=mm\",\"url\":\"\\\/\\\/www.gravatar.com\\\/avatar\\\/d8d45f8901aadff40a4af72c0b826f1d?s=96&#038;r=g&#038;d=mm\",\"contentUrl\":\"\\\/\\\/www.gravatar.com\\\/avatar\\\/d8d45f8901aadff40a4af72c0b826f1d?s=96&#038;r=g&#038;d=mm\",\"caption\":\"dorogimedence.hu\"}}]}<\/script>\n<!-- \/ Yoast SEO plugin. -->","yoast_head_json":{"title":"\u00dajj\u00e1sz\u00fcletik a visegr\u00e1di v\u00e1r \u00e9s a k\u00f6rnyezete","robots":{"index":"index","follow":"follow","max-snippet":"max-snippet:-1","max-image-preview":"max-image-preview:large","max-video-preview":"max-video-preview:-1"},"canonical":"https:\/\/dorogimedence.hu\/index.php\/2021\/07\/12\/ujjaszuletik-a-visegradi-var-es-a-kornyezete\/","og_locale":"hu_HU","og_type":"article","og_title":"\u00dajj\u00e1sz\u00fcletik a visegr\u00e1di v\u00e1r \u00e9s a k\u00f6rnyezete","og_description":"A visegr\u00e1di kir\u00e1lytal\u00e1lkoz\u00f3 700. \u00e9vfordul\u00f3j\u00e1ra, 2035-re teljesen meg\u00fajul a visegr\u00e1di v\u00e1r \u00e9s k\u00f6rnyezete. A m\u00e1r id\u00e9n megkezd\u0151d\u0151 munk\u00e1latok r\u00e9szek\u00e9nt nemcsak a fest\u0151i k\u00f6rnyezetben l\u00e9v\u0151 visegr\u00e1di fellegv\u00e1r \u00e9s a kir\u00e1lyi palota, de az als\u00f3v\u00e1r \u00e9s a Salamon-torony, valamint a v\u00f6lgyz\u00e1r\u00f3fal \u00e9s a v\u00edzib\u00e1stya rekonstrukci\u00f3ja is megval\u00f3sul. A kultur\u00e1lis \u00e9s turisztikai fejleszt\u00e9sek mellett pedig a telep\u00fcl\u00e9sen \u00e9l\u0151k","og_url":"https:\/\/dorogimedence.hu\/index.php\/2021\/07\/12\/ujjaszuletik-a-visegradi-var-es-a-kornyezete\/","og_site_name":"Dorogi-medence Region\u00e1lis H\u00edrport\u00e1l","article_publisher":"https:\/\/www.facebook.com\/dorogimedence\/","article_published_time":"2021-07-12T12:03:40+00:00","article_modified_time":"2021-07-12T12:04:05+00:00","og_image":[{"width":1194,"height":796,"url":"https:\/\/i0.wp.com\/dorogimedence.hu\/wp-content\/uploads\/2021\/07\/visegrad_2002.jpg?fit=1194%2C796&ssl=1","type":"image\/jpeg"}],"author":"dorogimedence.hu","twitter_card":"summary_large_image","twitter_misc":{"Szerz\u0151:":"dorogimedence.hu","Becs\u00fclt olvas\u00e1si id\u0151":"4 perc"},"schema":{"@context":"https:\/\/schema.org","@graph":[{"@type":"Article","@id":"https:\/\/dorogimedence.hu\/index.php\/2021\/07\/12\/ujjaszuletik-a-visegradi-var-es-a-kornyezete\/#article","isPartOf":{"@id":"https:\/\/dorogimedence.hu\/index.php\/2021\/07\/12\/ujjaszuletik-a-visegradi-var-es-a-kornyezete\/"},"author":{"name":"dorogimedence.hu","@id":"https:\/\/dorogimedence.hu\/#\/schema\/person\/ce6091eeb7e95ecdc87890d6aa8e0fd4"},"headline":"\u00dajj\u00e1sz\u00fcletik a visegr\u00e1di v\u00e1r \u00e9s a k\u00f6rnyezete","datePublished":"2021-07-12T12:03:40+00:00","dateModified":"2021-07-12T12:04:05+00:00","mainEntityOfPage":{"@id":"https:\/\/dorogimedence.hu\/index.php\/2021\/07\/12\/ujjaszuletik-a-visegradi-var-es-a-kornyezete\/"},"wordCount":796,"publisher":{"@id":"https:\/\/dorogimedence.hu\/#organization"},"image":{"@id":"https:\/\/dorogimedence.hu\/index.php\/2021\/07\/12\/ujjaszuletik-a-visegradi-var-es-a-kornyezete\/#primaryimage"},"thumbnailUrl":"https:\/\/dorogimedence.hu\/wp-content\/uploads\/2021\/07\/visegrad_2002.jpg","keywords":["featured","fel\u00faj\u00edt\u00e1s","Visegr\u00e1d","visegr\u00e1di v\u00e1r"],"articleSection":["H\u00edrek"],"inLanguage":"hu"},{"@type":"WebPage","@id":"https:\/\/dorogimedence.hu\/index.php\/2021\/07\/12\/ujjaszuletik-a-visegradi-var-es-a-kornyezete\/","url":"https:\/\/dorogimedence.hu\/index.php\/2021\/07\/12\/ujjaszuletik-a-visegradi-var-es-a-kornyezete\/","name":"\u00dajj\u00e1sz\u00fcletik a visegr\u00e1di v\u00e1r \u00e9s a k\u00f6rnyezete","isPartOf":{"@id":"https:\/\/dorogimedence.hu\/#website"},"primaryImageOfPage":{"@id":"https:\/\/dorogimedence.hu\/index.php\/2021\/07\/12\/ujjaszuletik-a-visegradi-var-es-a-kornyezete\/#primaryimage"},"image":{"@id":"https:\/\/dorogimedence.hu\/index.php\/2021\/07\/12\/ujjaszuletik-a-visegradi-var-es-a-kornyezete\/#primaryimage"},"thumbnailUrl":"https:\/\/dorogimedence.hu\/wp-content\/uploads\/2021\/07\/visegrad_2002.jpg","datePublished":"2021-07-12T12:03:40+00:00","dateModified":"2021-07-12T12:04:05+00:00","breadcrumb":{"@id":"https:\/\/dorogimedence.hu\/index.php\/2021\/07\/12\/ujjaszuletik-a-visegradi-var-es-a-kornyezete\/#breadcrumb"},"inLanguage":"hu","potentialAction":[{"@type":"ReadAction","target":["https:\/\/dorogimedence.hu\/index.php\/2021\/07\/12\/ujjaszuletik-a-visegradi-var-es-a-kornyezete\/"]}]},{"@type":"ImageObject","inLanguage":"hu","@id":"https:\/\/dorogimedence.hu\/index.php\/2021\/07\/12\/ujjaszuletik-a-visegradi-var-es-a-kornyezete\/#primaryimage","url":"https:\/\/dorogimedence.hu\/wp-content\/uploads\/2021\/07\/visegrad_2002.jpg","contentUrl":"https:\/\/dorogimedence.hu\/wp-content\/uploads\/2021\/07\/visegrad_2002.jpg","width":1194,"height":796},{"@type":"BreadcrumbList","@id":"https:\/\/dorogimedence.hu\/index.php\/2021\/07\/12\/ujjaszuletik-a-visegradi-var-es-a-kornyezete\/#breadcrumb","itemListElement":[{"@type":"ListItem","position":1,"name":"Kezd\u0151lap","item":"https:\/\/dorogimedence.hu\/"},{"@type":"ListItem","position":2,"name":"\u00dajj\u00e1sz\u00fcletik a visegr\u00e1di v\u00e1r \u00e9s a k\u00f6rnyezete"}]},{"@type":"WebSite","@id":"https:\/\/dorogimedence.hu\/#website","url":"https:\/\/dorogimedence.hu\/","name":"Dorogi-medence Region\u00e1lis H\u00edrport\u00e1l","description":"Dorog, Keszt\u00f6lc, Le\u00e1nyv\u00e1r, Piliscs\u00e9v, Tokod, Tokodalt\u00e1r\u00f3, Csolnok, Esztergom-kertv\u00e1ros: h\u00edrek, programok","publisher":{"@id":"https:\/\/dorogimedence.hu\/#organization"},"potentialAction":[{"@type":"SearchAction","target":{"@type":"EntryPoint","urlTemplate":"https:\/\/dorogimedence.hu\/?s={search_term_string}"},"query-input":{"@type":"PropertyValueSpecification","valueRequired":true,"valueName":"search_term_string"}}],"inLanguage":"hu"},{"@type":"Organization","@id":"https:\/\/dorogimedence.hu\/#organization","name":"Dorogi-medence Region\u00e1lis H\u00edrport\u00e1l","url":"https:\/\/dorogimedence.hu\/","logo":{"@type":"ImageObject","inLanguage":"hu","@id":"https:\/\/dorogimedence.hu\/#\/schema\/logo\/image\/","url":"https:\/\/dorogimedence.hu\/wp-content\/uploads\/2021\/04\/logo-feher-600.png","contentUrl":"https:\/\/dorogimedence.hu\/wp-content\/uploads\/2021\/04\/logo-feher-600.png","width":600,"height":100,"caption":"Dorogi-medence Region\u00e1lis H\u00edrport\u00e1l"},"image":{"@id":"https:\/\/dorogimedence.hu\/#\/schema\/logo\/image\/"},"sameAs":["https:\/\/www.facebook.com\/dorogimedence\/"]},{"@type":"Person","@id":"https:\/\/dorogimedence.hu\/#\/schema\/person\/ce6091eeb7e95ecdc87890d6aa8e0fd4","name":"dorogimedence.hu","image":{"@type":"ImageObject","inLanguage":"hu","@id":"\/\/www.gravatar.com\/avatar\/d8d45f8901aadff40a4af72c0b826f1d?s=96&#038;r=g&#038;d=mm","url":"\/\/www.gravatar.com\/avatar\/d8d45f8901aadff40a4af72c0b826f1d?s=96&#038;r=g&#038;d=mm","contentUrl":"\/\/www.gravatar.com\/avatar\/d8d45f8901aadff40a4af72c0b826f1d?s=96&#038;r=g&#038;d=mm","caption":"dorogimedence.hu"}}]}},"_links":{"self":[{"href":"https:\/\/dorogimedence.hu\/index.php\/wp-json\/wp\/v2\/posts\/34792","targetHints":{"allow":["GET"]}}],"collection":[{"href":"https:\/\/dorogimedence.hu\/index.php\/wp-json\/wp\/v2\/posts"}],"about":[{"href":"https:\/\/dorogimedence.hu\/index.php\/wp-json\/wp\/v2\/types\/post"}],"author":[{"embeddable":true,"href":"https:\/\/dorogimedence.hu\/index.php\/wp-json\/wp\/v2\/users\/1"}],"replies":[{"embeddable":true,"href":"https:\/\/dorogimedence.hu\/index.php\/wp-json\/wp\/v2\/comments?post=34792"}],"version-history":[{"count":0,"href":"https:\/\/dorogimedence.hu\/index.php\/wp-json\/wp\/v2\/posts\/34792\/revisions"}],"wp:featuredmedia":[{"embeddable":true,"href":"https:\/\/dorogimedence.hu\/index.php\/wp-json\/wp\/v2\/media\/34797"}],"wp:attachment":[{"href":"https:\/\/dorogimedence.hu\/index.php\/wp-json\/wp\/v2\/media?parent=34792"}],"wp:term":[{"taxonomy":"category","embeddable":true,"href":"https:\/\/dorogimedence.hu\/index.php\/wp-json\/wp\/v2\/categories?post=34792"},{"taxonomy":"post_tag","embeddable":true,"href":"https:\/\/dorogimedence.hu\/index.php\/wp-json\/wp\/v2\/tags?post=34792"}],"curies":[{"name":"wp","href":"https:\/\/api.w.org\/{rel}","templated":true}]}}