{"id":34734,"date":"2021-07-09T15:34:05","date_gmt":"2021-07-09T13:34:05","guid":{"rendered":"https:\/\/dorogimedence.hu\/?p=34734"},"modified":"2021-07-09T15:34:54","modified_gmt":"2021-07-09T13:34:54","slug":"turista-es-horgasz-latogatokozpontot-adtak-at-az-esztergomi-bubanat-volgyben","status":"publish","type":"post","link":"https:\/\/dorogimedence.hu\/index.php\/2021\/07\/09\/turista-es-horgasz-latogatokozpontot-adtak-at-az-esztergomi-bubanat-volgyben\/","title":{"rendered":"Turista \u00e9s horg\u00e1sz l\u00e1togat\u00f3k\u00f6zpontot adtak \u00e1t az esztergomi B\u00fab\u00e1nat-v\u00f6lgyben"},"content":{"rendered":"<p><strong>A B\u00fab\u00e1nat-v\u00f6lgyi Kerek t\u00f3 mellett \u00e1tadt\u00e1k j\u00falius 9-\u00e9n, p\u00e9nteken az esztergomi Vasas Horg\u00e1sz Egyes\u00fclet 640 n\u00e9gyzetm\u00e9teres, k\u00e9tszintes turista \u00e9s horg\u00e1sz l\u00e1togat\u00f3k\u00f6zpontj\u00e1t, amelyhez az egyes\u00fclet 190 milli\u00f3 forintot p\u00e1ly\u00e1zaton nyert el, 70 milli\u00f3 forintot \u00f6ner\u0151b\u0151l biztos\u00edtott.<\/strong><\/p>\n<p>Szentkir\u00e1lyi \u00c1d\u00e1m, az egyes\u00fclet eln\u00f6ke elmondta, a Kerektavi Term\u00e9szeth\u00e1z nev\u0171 l\u00e9tes\u00edtm\u00e9ny a horg\u00e1szok \u00e9s a term\u00e9szetj\u00e1r\u00f3k ig\u00e9nyeinek kiszolg\u00e1l\u00e1s\u00e1ra \u00e9p\u00fclt. Egy 150 f\u0151s k\u00f6z\u00f6ss\u00e9gi terem mellett k\u00e9t oktat\u00f3teremnek is helyet ad, ahol horg\u00e1szoktat\u00e1st, valamint t\u00faravezet\u0151 k\u00e9pz\u00e9st tarthatnak. Az eln\u00f6k hozz\u00e1tette, a tavaly 60 \u00e9ves Vasas Horg\u00e1sz Egyes\u00fclet a Magyar Term\u00e9szetj\u00e1r\u00f3 Sz\u00f6vets\u00e9ggel, a Pilisi Parkerd\u0151vel \u00e9s a Magyar Turisztikai \u00dcgyn\u00f6ks\u00e9ggel k\u00f6z\u00f6s konzorciumban \u00e9p\u00edtette fel a term\u00e9szeth\u00e1zat, amely eg\u00e9sz \u00e9vben v\u00e1rja a l\u00e1togat\u00f3kat, \u00e9ttermi ell\u00e1t\u00e1st is k\u00edn\u00e1lva.<\/p>\n<p><img fetchpriority=\"high\" decoding=\"async\" class=\"alignnone size-large wp-image-34737\" src=\"https:\/\/dorogimedence.hu\/wp-content\/uploads\/2021\/07\/bubanatvolgy-03-1024x683.jpg\" alt=\"\" width=\"755\" height=\"504\" srcset=\"https:\/\/dorogimedence.hu\/wp-content\/uploads\/2021\/07\/bubanatvolgy-03-1024x683.jpg 1024w, https:\/\/dorogimedence.hu\/wp-content\/uploads\/2021\/07\/bubanatvolgy-03-300x200.jpg 300w, https:\/\/dorogimedence.hu\/wp-content\/uploads\/2021\/07\/bubanatvolgy-03-768x512.jpg 768w, https:\/\/dorogimedence.hu\/wp-content\/uploads\/2021\/07\/bubanatvolgy-03-150x100.jpg 150w, https:\/\/dorogimedence.hu\/wp-content\/uploads\/2021\/07\/bubanatvolgy-03-450x300.jpg 450w, https:\/\/dorogimedence.hu\/wp-content\/uploads\/2021\/07\/bubanatvolgy-03-272x182.jpg 272w, https:\/\/dorogimedence.hu\/wp-content\/uploads\/2021\/07\/bubanatvolgy-03.jpg 1200w\" sizes=\"(max-width: 755px) 100vw, 755px\" \/><\/p>\n<p>Dr. V\u00f6lner P\u00e1l, a t\u00e9rs\u00e9g fideszes orsz\u00e1ggy\u0171l\u00e9si k\u00e9pvisel\u0151je k\u00f6sz\u00f6nt\u0151j\u00e9ben kiemelte, hogy a turisztikai, erd\u0151gazd\u00e1lkod\u00e1ssal foglalkoz\u00f3 \u00e9s civil szervezet p\u00e9lda\u00e9rt\u00e9k\u0171 \u00f6sszefog\u00e1s\u00e1val j\u00f6tt l\u00e9tre a term\u00e9szeth\u00e1z meg\u00e9p\u00edt\u00e9s\u00e9t eredm\u00e9nyez\u0151 p\u00e1ly\u00e1zat. A sikerhez kiemelked\u0151 m\u00e9rt\u00e9k\u0171, 70 milli\u00f3 forintos \u00f6ner\u0151t biztos\u00edtott a horg\u00e1sz egyes\u00fclet. Hozz\u00e1tette, hogy a korm\u00e1nyzatnak fontos, hogy min\u00e9l t\u00f6bb ilyen \u00f6tlet val\u00f3suljon meg, ez\u00e9rt jelent\u0151s \u00f6sszegekkel t\u00e1mogatja a hasonl\u00f3 kezdem\u00e9nyez\u00e9seket.<\/p>\n<p><img decoding=\"async\" class=\"alignnone size-large wp-image-34736\" src=\"https:\/\/dorogimedence.hu\/wp-content\/uploads\/2021\/07\/bubanatvolgy-02-1024x683.jpg\" alt=\"\" width=\"755\" height=\"504\" srcset=\"https:\/\/dorogimedence.hu\/wp-content\/uploads\/2021\/07\/bubanatvolgy-02-1024x683.jpg 1024w, https:\/\/dorogimedence.hu\/wp-content\/uploads\/2021\/07\/bubanatvolgy-02-300x200.jpg 300w, https:\/\/dorogimedence.hu\/wp-content\/uploads\/2021\/07\/bubanatvolgy-02-768x512.jpg 768w, https:\/\/dorogimedence.hu\/wp-content\/uploads\/2021\/07\/bubanatvolgy-02-150x100.jpg 150w, https:\/\/dorogimedence.hu\/wp-content\/uploads\/2021\/07\/bubanatvolgy-02-450x300.jpg 450w, https:\/\/dorogimedence.hu\/wp-content\/uploads\/2021\/07\/bubanatvolgy-02-272x182.jpg 272w, https:\/\/dorogimedence.hu\/wp-content\/uploads\/2021\/07\/bubanatvolgy-02.jpg 1200w\" sizes=\"(max-width: 755px) 100vw, 755px\" \/><\/p>\n<p>Seregi J\u00e1nos, a Magyar Turisztikai \u00dcgyn\u00f6ks\u00e9g eln\u00f6khelyettese elmondta, hogy a konzorciumban beny\u00fajtott p\u00e1ly\u00e1zat tejes k\u00f6lts\u00e9gvet\u00e9se 418 milli\u00f3 forint, a fennmarad\u00f3 \u00f6sszegb\u0151l egy\u00e9b fejleszt\u00e9sek val\u00f3sulnak meg a Pilisi Parkerd\u0151 ter\u00fclet\u00e9n.<\/p>\n<p>Reinitz G\u00e1bor, a Pilisi Parkerd\u0151 vez\u00e9rigazgat\u00f3ja sz\u00f3lt arr\u00f3l, hogy a kezel\u00e9s\u00fckben l\u00e9v\u0151 ter\u00fcletet \u00e1tlagosan \u00e9vente 25 milli\u00f3 ember keresi fel, de ez a sz\u00e1m a j\u00e1rv\u00e1ny id\u0151szak\u00e1ban 30 milli\u00f3ra emelkedett. A vez\u00e9rigazgat\u00f3 kiemelte, hogy a term\u00e9szetj\u00e1r\u00f3 sz\u00f6vets\u00e9ggel egy\u00fcttm\u0171k\u00f6dve a nagy beruh\u00e1z\u00e1sok mellett sz\u00e1mtalan helysz\u00ednen v\u00e9geztek olyan fejleszt\u00e9seket, amelyek a term\u00e9szetj\u00e1r\u00f3k ig\u00e9nyeit szolg\u00e1lja.<\/p>\n<p><img decoding=\"async\" class=\"alignnone size-large wp-image-34735\" src=\"https:\/\/dorogimedence.hu\/wp-content\/uploads\/2021\/07\/bubanatvolgy-01-1024x683.jpg\" alt=\"\" width=\"755\" height=\"504\" srcset=\"https:\/\/dorogimedence.hu\/wp-content\/uploads\/2021\/07\/bubanatvolgy-01-1024x683.jpg 1024w, https:\/\/dorogimedence.hu\/wp-content\/uploads\/2021\/07\/bubanatvolgy-01-300x200.jpg 300w, https:\/\/dorogimedence.hu\/wp-content\/uploads\/2021\/07\/bubanatvolgy-01-768x512.jpg 768w, https:\/\/dorogimedence.hu\/wp-content\/uploads\/2021\/07\/bubanatvolgy-01-1536x1024.jpg 1536w, https:\/\/dorogimedence.hu\/wp-content\/uploads\/2021\/07\/bubanatvolgy-01-150x100.jpg 150w, https:\/\/dorogimedence.hu\/wp-content\/uploads\/2021\/07\/bubanatvolgy-01-450x300.jpg 450w, https:\/\/dorogimedence.hu\/wp-content\/uploads\/2021\/07\/bubanatvolgy-01-1200x800.jpg 1200w, https:\/\/dorogimedence.hu\/wp-content\/uploads\/2021\/07\/bubanatvolgy-01-272x182.jpg 272w, https:\/\/dorogimedence.hu\/wp-content\/uploads\/2021\/07\/bubanatvolgy-01.jpg 1920w\" sizes=\"(max-width: 755px) 100vw, 755px\" \/><\/p>\n<p>A Vasas Horg\u00e1sz Egyes\u00fclet Esztergom legnagyobb civil szervezete t\u00f6bb mint 2700 taggal. Az 1960-ban alap\u00edtott egyes\u00fclet t\u00f3\u00e9p\u00edt\u00e9si jegyek kibocs\u00e1t\u00e1s\u00e1val is finansz\u00edrozva hozta l\u00e9tre a B\u00fab\u00e1nat-v\u00f6lgy n\u00e9gy t\u00f3b\u00f3l \u00e1ll\u00f3 t\u00f3rendszer\u00e9t, ahol horg\u00e1szattal \u00e9s halnevel\u00e9ssel foglalkoznak, valamint 9 hivat\u00e1sos hal\u0151rrel fel\u00fcgyelik a megyei Duna szakasz v\u00edzter\u00fcleteit.<\/p>\n<p><em>Forr\u00e1s: MTI<\/em><\/p>\n","protected":false},"excerpt":{"rendered":"<p>A B\u00fab\u00e1nat-v\u00f6lgyi Kerek t\u00f3 mellett \u00e1tadt\u00e1k j\u00falius 9-\u00e9n, p\u00e9nteken az esztergomi Vasas Horg\u00e1sz Egyes\u00fclet 640 n\u00e9gyzetm\u00e9teres, k\u00e9tszintes turista \u00e9s horg\u00e1sz l\u00e1togat\u00f3k\u00f6zpontj\u00e1t, amelyhez az egyes\u00fclet 190 milli\u00f3 forintot p\u00e1ly\u00e1zaton nyert el, 70 milli\u00f3 forintot \u00f6ner\u0151b\u0151l biztos\u00edtott. Szentkir\u00e1lyi \u00c1d\u00e1m, az egyes\u00fclet eln\u00f6ke elmondta, a Kerektavi Term\u00e9szeth\u00e1z nev\u0171 l\u00e9tes\u00edtm\u00e9ny a horg\u00e1szok \u00e9s a term\u00e9szetj\u00e1r\u00f3k ig\u00e9nyeinek kiszolg\u00e1l\u00e1s\u00e1ra \u00e9p\u00fclt. Egy<\/p>\n","protected":false},"author":1,"featured_media":34738,"comment_status":"closed","ping_status":"closed","sticky":false,"template":"","format":"standard","meta":{"ngg_post_thumbnail":0,"footnotes":""},"categories":[38,3],"tags":[600,42,5624,601,182],"class_list":{"0":"post-34734","1":"post","2":"type-post","3":"status-publish","4":"format-standard","5":"has-post-thumbnail","7":"category-esztergom","8":"category-hirek","9":"tag-bubanatvolgy","10":"tag-esztergom","11":"tag-featured","12":"tag-kerek-to","13":"tag-latogatokozpont"},"yoast_head":"<!-- This site is optimized with the Yoast SEO plugin v27.4 - https:\/\/yoast.com\/product\/yoast-seo-wordpress\/ -->\n<title>Turista \u00e9s horg\u00e1sz l\u00e1togat\u00f3k\u00f6zpontot adtak \u00e1t az esztergomi B\u00fab\u00e1nat-v\u00f6lgyben<\/title>\n<meta name=\"robots\" content=\"index, follow, max-snippet:-1, max-image-preview:large, max-video-preview:-1\" \/>\n<link rel=\"canonical\" href=\"https:\/\/dorogimedence.hu\/index.php\/2021\/07\/09\/turista-es-horgasz-latogatokozpontot-adtak-at-az-esztergomi-bubanat-volgyben\/\" class=\"yoast-seo-meta-tag\" \/>\n<meta property=\"og:locale\" content=\"hu_HU\" class=\"yoast-seo-meta-tag\" \/>\n<meta property=\"og:type\" content=\"article\" class=\"yoast-seo-meta-tag\" \/>\n<meta property=\"og:title\" content=\"Turista \u00e9s horg\u00e1sz l\u00e1togat\u00f3k\u00f6zpontot adtak \u00e1t az esztergomi B\u00fab\u00e1nat-v\u00f6lgyben\" class=\"yoast-seo-meta-tag\" \/>\n<meta property=\"og:description\" content=\"A B\u00fab\u00e1nat-v\u00f6lgyi Kerek t\u00f3 mellett \u00e1tadt\u00e1k j\u00falius 9-\u00e9n, p\u00e9nteken az esztergomi Vasas Horg\u00e1sz Egyes\u00fclet 640 n\u00e9gyzetm\u00e9teres, k\u00e9tszintes turista \u00e9s horg\u00e1sz l\u00e1togat\u00f3k\u00f6zpontj\u00e1t, amelyhez az egyes\u00fclet 190 milli\u00f3 forintot p\u00e1ly\u00e1zaton nyert el, 70 milli\u00f3 forintot \u00f6ner\u0151b\u0151l biztos\u00edtott. Szentkir\u00e1lyi \u00c1d\u00e1m, az egyes\u00fclet eln\u00f6ke elmondta, a Kerektavi Term\u00e9szeth\u00e1z nev\u0171 l\u00e9tes\u00edtm\u00e9ny a horg\u00e1szok \u00e9s a term\u00e9szetj\u00e1r\u00f3k ig\u00e9nyeinek kiszolg\u00e1l\u00e1s\u00e1ra \u00e9p\u00fclt. Egy\" class=\"yoast-seo-meta-tag\" \/>\n<meta property=\"og:url\" content=\"https:\/\/dorogimedence.hu\/index.php\/2021\/07\/09\/turista-es-horgasz-latogatokozpontot-adtak-at-az-esztergomi-bubanat-volgyben\/\" class=\"yoast-seo-meta-tag\" \/>\n<meta property=\"og:site_name\" content=\"Dorogi-medence Region\u00e1lis H\u00edrport\u00e1l\" class=\"yoast-seo-meta-tag\" \/>\n<meta property=\"article:publisher\" content=\"https:\/\/www.facebook.com\/dorogimedence\/\" class=\"yoast-seo-meta-tag\" \/>\n<meta property=\"article:published_time\" content=\"2021-07-09T13:34:05+00:00\" class=\"yoast-seo-meta-tag\" \/>\n<meta property=\"article:modified_time\" content=\"2021-07-09T13:34:54+00:00\" class=\"yoast-seo-meta-tag\" \/>\n<meta property=\"og:image\" content=\"https:\/\/i0.wp.com\/dorogimedence.hu\/wp-content\/uploads\/2021\/07\/bubanatvolgy-04.jpg?fit=1920%2C914&ssl=1\" class=\"yoast-seo-meta-tag\" \/>\n\t<meta property=\"og:image:width\" content=\"1920\" class=\"yoast-seo-meta-tag\" \/>\n\t<meta property=\"og:image:height\" content=\"914\" class=\"yoast-seo-meta-tag\" \/>\n\t<meta property=\"og:image:type\" content=\"image\/jpeg\" class=\"yoast-seo-meta-tag\" \/>\n<meta name=\"author\" content=\"dorogimedence.hu\" class=\"yoast-seo-meta-tag\" \/>\n<meta name=\"twitter:card\" content=\"summary_large_image\" class=\"yoast-seo-meta-tag\" \/>\n<meta name=\"twitter:label1\" content=\"Szerz\u0151:\" class=\"yoast-seo-meta-tag\" \/>\n\t<meta name=\"twitter:data1\" content=\"dorogimedence.hu\" class=\"yoast-seo-meta-tag\" \/>\n\t<meta name=\"twitter:label2\" content=\"Becs\u00fclt olvas\u00e1si id\u0151\" class=\"yoast-seo-meta-tag\" \/>\n\t<meta name=\"twitter:data2\" content=\"2 perc\" class=\"yoast-seo-meta-tag\" \/>\n<script type=\"application\/ld+json\" class=\"yoast-schema-graph\">{\"@context\":\"https:\\\/\\\/schema.org\",\"@graph\":[{\"@type\":\"Article\",\"@id\":\"https:\\\/\\\/dorogimedence.hu\\\/index.php\\\/2021\\\/07\\\/09\\\/turista-es-horgasz-latogatokozpontot-adtak-at-az-esztergomi-bubanat-volgyben\\\/#article\",\"isPartOf\":{\"@id\":\"https:\\\/\\\/dorogimedence.hu\\\/index.php\\\/2021\\\/07\\\/09\\\/turista-es-horgasz-latogatokozpontot-adtak-at-az-esztergomi-bubanat-volgyben\\\/\"},\"author\":{\"name\":\"dorogimedence.hu\",\"@id\":\"https:\\\/\\\/dorogimedence.hu\\\/#\\\/schema\\\/person\\\/ce6091eeb7e95ecdc87890d6aa8e0fd4\"},\"headline\":\"Turista \u00e9s horg\u00e1sz l\u00e1togat\u00f3k\u00f6zpontot adtak \u00e1t az esztergomi B\u00fab\u00e1nat-v\u00f6lgyben\",\"datePublished\":\"2021-07-09T13:34:05+00:00\",\"dateModified\":\"2021-07-09T13:34:54+00:00\",\"mainEntityOfPage\":{\"@id\":\"https:\\\/\\\/dorogimedence.hu\\\/index.php\\\/2021\\\/07\\\/09\\\/turista-es-horgasz-latogatokozpontot-adtak-at-az-esztergomi-bubanat-volgyben\\\/\"},\"wordCount\":502,\"publisher\":{\"@id\":\"https:\\\/\\\/dorogimedence.hu\\\/#organization\"},\"image\":{\"@id\":\"https:\\\/\\\/dorogimedence.hu\\\/index.php\\\/2021\\\/07\\\/09\\\/turista-es-horgasz-latogatokozpontot-adtak-at-az-esztergomi-bubanat-volgyben\\\/#primaryimage\"},\"thumbnailUrl\":\"https:\\\/\\\/dorogimedence.hu\\\/wp-content\\\/uploads\\\/2021\\\/07\\\/bubanatvolgy-04.jpg\",\"keywords\":[\"B\u00fab\u00e1natv\u00f6lgy\",\"esztergom\",\"featured\",\"Kerek-t\u00f3\",\"l\u00e1togat\u00f3k\u00f6zpont\"],\"articleSection\":[\"Esztergom\",\"H\u00edrek\"],\"inLanguage\":\"hu\"},{\"@type\":\"WebPage\",\"@id\":\"https:\\\/\\\/dorogimedence.hu\\\/index.php\\\/2021\\\/07\\\/09\\\/turista-es-horgasz-latogatokozpontot-adtak-at-az-esztergomi-bubanat-volgyben\\\/\",\"url\":\"https:\\\/\\\/dorogimedence.hu\\\/index.php\\\/2021\\\/07\\\/09\\\/turista-es-horgasz-latogatokozpontot-adtak-at-az-esztergomi-bubanat-volgyben\\\/\",\"name\":\"Turista \u00e9s horg\u00e1sz l\u00e1togat\u00f3k\u00f6zpontot adtak \u00e1t az esztergomi B\u00fab\u00e1nat-v\u00f6lgyben\",\"isPartOf\":{\"@id\":\"https:\\\/\\\/dorogimedence.hu\\\/#website\"},\"primaryImageOfPage\":{\"@id\":\"https:\\\/\\\/dorogimedence.hu\\\/index.php\\\/2021\\\/07\\\/09\\\/turista-es-horgasz-latogatokozpontot-adtak-at-az-esztergomi-bubanat-volgyben\\\/#primaryimage\"},\"image\":{\"@id\":\"https:\\\/\\\/dorogimedence.hu\\\/index.php\\\/2021\\\/07\\\/09\\\/turista-es-horgasz-latogatokozpontot-adtak-at-az-esztergomi-bubanat-volgyben\\\/#primaryimage\"},\"thumbnailUrl\":\"https:\\\/\\\/dorogimedence.hu\\\/wp-content\\\/uploads\\\/2021\\\/07\\\/bubanatvolgy-04.jpg\",\"datePublished\":\"2021-07-09T13:34:05+00:00\",\"dateModified\":\"2021-07-09T13:34:54+00:00\",\"breadcrumb\":{\"@id\":\"https:\\\/\\\/dorogimedence.hu\\\/index.php\\\/2021\\\/07\\\/09\\\/turista-es-horgasz-latogatokozpontot-adtak-at-az-esztergomi-bubanat-volgyben\\\/#breadcrumb\"},\"inLanguage\":\"hu\",\"potentialAction\":[{\"@type\":\"ReadAction\",\"target\":[\"https:\\\/\\\/dorogimedence.hu\\\/index.php\\\/2021\\\/07\\\/09\\\/turista-es-horgasz-latogatokozpontot-adtak-at-az-esztergomi-bubanat-volgyben\\\/\"]}]},{\"@type\":\"ImageObject\",\"inLanguage\":\"hu\",\"@id\":\"https:\\\/\\\/dorogimedence.hu\\\/index.php\\\/2021\\\/07\\\/09\\\/turista-es-horgasz-latogatokozpontot-adtak-at-az-esztergomi-bubanat-volgyben\\\/#primaryimage\",\"url\":\"https:\\\/\\\/dorogimedence.hu\\\/wp-content\\\/uploads\\\/2021\\\/07\\\/bubanatvolgy-04.jpg\",\"contentUrl\":\"https:\\\/\\\/dorogimedence.hu\\\/wp-content\\\/uploads\\\/2021\\\/07\\\/bubanatvolgy-04.jpg\",\"width\":1920,\"height\":914},{\"@type\":\"BreadcrumbList\",\"@id\":\"https:\\\/\\\/dorogimedence.hu\\\/index.php\\\/2021\\\/07\\\/09\\\/turista-es-horgasz-latogatokozpontot-adtak-at-az-esztergomi-bubanat-volgyben\\\/#breadcrumb\",\"itemListElement\":[{\"@type\":\"ListItem\",\"position\":1,\"name\":\"Kezd\u0151lap\",\"item\":\"https:\\\/\\\/dorogimedence.hu\\\/\"},{\"@type\":\"ListItem\",\"position\":2,\"name\":\"Turista \u00e9s horg\u00e1sz l\u00e1togat\u00f3k\u00f6zpontot adtak \u00e1t az esztergomi B\u00fab\u00e1nat-v\u00f6lgyben\"}]},{\"@type\":\"WebSite\",\"@id\":\"https:\\\/\\\/dorogimedence.hu\\\/#website\",\"url\":\"https:\\\/\\\/dorogimedence.hu\\\/\",\"name\":\"Dorogi-medence Region\u00e1lis H\u00edrport\u00e1l\",\"description\":\"Dorog, Keszt\u00f6lc, Le\u00e1nyv\u00e1r, Piliscs\u00e9v, Tokod, Tokodalt\u00e1r\u00f3, Csolnok, Esztergom-kertv\u00e1ros: h\u00edrek, programok\",\"publisher\":{\"@id\":\"https:\\\/\\\/dorogimedence.hu\\\/#organization\"},\"potentialAction\":[{\"@type\":\"SearchAction\",\"target\":{\"@type\":\"EntryPoint\",\"urlTemplate\":\"https:\\\/\\\/dorogimedence.hu\\\/?s={search_term_string}\"},\"query-input\":{\"@type\":\"PropertyValueSpecification\",\"valueRequired\":true,\"valueName\":\"search_term_string\"}}],\"inLanguage\":\"hu\"},{\"@type\":\"Organization\",\"@id\":\"https:\\\/\\\/dorogimedence.hu\\\/#organization\",\"name\":\"Dorogi-medence Region\u00e1lis H\u00edrport\u00e1l\",\"url\":\"https:\\\/\\\/dorogimedence.hu\\\/\",\"logo\":{\"@type\":\"ImageObject\",\"inLanguage\":\"hu\",\"@id\":\"https:\\\/\\\/dorogimedence.hu\\\/#\\\/schema\\\/logo\\\/image\\\/\",\"url\":\"https:\\\/\\\/dorogimedence.hu\\\/wp-content\\\/uploads\\\/2021\\\/04\\\/logo-feher-600.png\",\"contentUrl\":\"https:\\\/\\\/dorogimedence.hu\\\/wp-content\\\/uploads\\\/2021\\\/04\\\/logo-feher-600.png\",\"width\":600,\"height\":100,\"caption\":\"Dorogi-medence Region\u00e1lis H\u00edrport\u00e1l\"},\"image\":{\"@id\":\"https:\\\/\\\/dorogimedence.hu\\\/#\\\/schema\\\/logo\\\/image\\\/\"},\"sameAs\":[\"https:\\\/\\\/www.facebook.com\\\/dorogimedence\\\/\"]},{\"@type\":\"Person\",\"@id\":\"https:\\\/\\\/dorogimedence.hu\\\/#\\\/schema\\\/person\\\/ce6091eeb7e95ecdc87890d6aa8e0fd4\",\"name\":\"dorogimedence.hu\",\"image\":{\"@type\":\"ImageObject\",\"inLanguage\":\"hu\",\"@id\":\"\\\/\\\/www.gravatar.com\\\/avatar\\\/d8d45f8901aadff40a4af72c0b826f1d?s=96&#038;r=g&#038;d=mm\",\"url\":\"\\\/\\\/www.gravatar.com\\\/avatar\\\/d8d45f8901aadff40a4af72c0b826f1d?s=96&#038;r=g&#038;d=mm\",\"contentUrl\":\"\\\/\\\/www.gravatar.com\\\/avatar\\\/d8d45f8901aadff40a4af72c0b826f1d?s=96&#038;r=g&#038;d=mm\",\"caption\":\"dorogimedence.hu\"}}]}<\/script>\n<!-- \/ Yoast SEO plugin. -->","yoast_head_json":{"title":"Turista \u00e9s horg\u00e1sz l\u00e1togat\u00f3k\u00f6zpontot adtak \u00e1t az esztergomi B\u00fab\u00e1nat-v\u00f6lgyben","robots":{"index":"index","follow":"follow","max-snippet":"max-snippet:-1","max-image-preview":"max-image-preview:large","max-video-preview":"max-video-preview:-1"},"canonical":"https:\/\/dorogimedence.hu\/index.php\/2021\/07\/09\/turista-es-horgasz-latogatokozpontot-adtak-at-az-esztergomi-bubanat-volgyben\/","og_locale":"hu_HU","og_type":"article","og_title":"Turista \u00e9s horg\u00e1sz l\u00e1togat\u00f3k\u00f6zpontot adtak \u00e1t az esztergomi B\u00fab\u00e1nat-v\u00f6lgyben","og_description":"A B\u00fab\u00e1nat-v\u00f6lgyi Kerek t\u00f3 mellett \u00e1tadt\u00e1k j\u00falius 9-\u00e9n, p\u00e9nteken az esztergomi Vasas Horg\u00e1sz Egyes\u00fclet 640 n\u00e9gyzetm\u00e9teres, k\u00e9tszintes turista \u00e9s horg\u00e1sz l\u00e1togat\u00f3k\u00f6zpontj\u00e1t, amelyhez az egyes\u00fclet 190 milli\u00f3 forintot p\u00e1ly\u00e1zaton nyert el, 70 milli\u00f3 forintot \u00f6ner\u0151b\u0151l biztos\u00edtott. Szentkir\u00e1lyi \u00c1d\u00e1m, az egyes\u00fclet eln\u00f6ke elmondta, a Kerektavi Term\u00e9szeth\u00e1z nev\u0171 l\u00e9tes\u00edtm\u00e9ny a horg\u00e1szok \u00e9s a term\u00e9szetj\u00e1r\u00f3k ig\u00e9nyeinek kiszolg\u00e1l\u00e1s\u00e1ra \u00e9p\u00fclt. Egy","og_url":"https:\/\/dorogimedence.hu\/index.php\/2021\/07\/09\/turista-es-horgasz-latogatokozpontot-adtak-at-az-esztergomi-bubanat-volgyben\/","og_site_name":"Dorogi-medence Region\u00e1lis H\u00edrport\u00e1l","article_publisher":"https:\/\/www.facebook.com\/dorogimedence\/","article_published_time":"2021-07-09T13:34:05+00:00","article_modified_time":"2021-07-09T13:34:54+00:00","og_image":[{"width":1920,"height":914,"url":"https:\/\/i0.wp.com\/dorogimedence.hu\/wp-content\/uploads\/2021\/07\/bubanatvolgy-04.jpg?fit=1920%2C914&ssl=1","type":"image\/jpeg"}],"author":"dorogimedence.hu","twitter_card":"summary_large_image","twitter_misc":{"Szerz\u0151:":"dorogimedence.hu","Becs\u00fclt olvas\u00e1si id\u0151":"2 perc"},"schema":{"@context":"https:\/\/schema.org","@graph":[{"@type":"Article","@id":"https:\/\/dorogimedence.hu\/index.php\/2021\/07\/09\/turista-es-horgasz-latogatokozpontot-adtak-at-az-esztergomi-bubanat-volgyben\/#article","isPartOf":{"@id":"https:\/\/dorogimedence.hu\/index.php\/2021\/07\/09\/turista-es-horgasz-latogatokozpontot-adtak-at-az-esztergomi-bubanat-volgyben\/"},"author":{"name":"dorogimedence.hu","@id":"https:\/\/dorogimedence.hu\/#\/schema\/person\/ce6091eeb7e95ecdc87890d6aa8e0fd4"},"headline":"Turista \u00e9s horg\u00e1sz l\u00e1togat\u00f3k\u00f6zpontot adtak \u00e1t az esztergomi B\u00fab\u00e1nat-v\u00f6lgyben","datePublished":"2021-07-09T13:34:05+00:00","dateModified":"2021-07-09T13:34:54+00:00","mainEntityOfPage":{"@id":"https:\/\/dorogimedence.hu\/index.php\/2021\/07\/09\/turista-es-horgasz-latogatokozpontot-adtak-at-az-esztergomi-bubanat-volgyben\/"},"wordCount":502,"publisher":{"@id":"https:\/\/dorogimedence.hu\/#organization"},"image":{"@id":"https:\/\/dorogimedence.hu\/index.php\/2021\/07\/09\/turista-es-horgasz-latogatokozpontot-adtak-at-az-esztergomi-bubanat-volgyben\/#primaryimage"},"thumbnailUrl":"https:\/\/dorogimedence.hu\/wp-content\/uploads\/2021\/07\/bubanatvolgy-04.jpg","keywords":["B\u00fab\u00e1natv\u00f6lgy","esztergom","featured","Kerek-t\u00f3","l\u00e1togat\u00f3k\u00f6zpont"],"articleSection":["Esztergom","H\u00edrek"],"inLanguage":"hu"},{"@type":"WebPage","@id":"https:\/\/dorogimedence.hu\/index.php\/2021\/07\/09\/turista-es-horgasz-latogatokozpontot-adtak-at-az-esztergomi-bubanat-volgyben\/","url":"https:\/\/dorogimedence.hu\/index.php\/2021\/07\/09\/turista-es-horgasz-latogatokozpontot-adtak-at-az-esztergomi-bubanat-volgyben\/","name":"Turista \u00e9s horg\u00e1sz l\u00e1togat\u00f3k\u00f6zpontot adtak \u00e1t az esztergomi B\u00fab\u00e1nat-v\u00f6lgyben","isPartOf":{"@id":"https:\/\/dorogimedence.hu\/#website"},"primaryImageOfPage":{"@id":"https:\/\/dorogimedence.hu\/index.php\/2021\/07\/09\/turista-es-horgasz-latogatokozpontot-adtak-at-az-esztergomi-bubanat-volgyben\/#primaryimage"},"image":{"@id":"https:\/\/dorogimedence.hu\/index.php\/2021\/07\/09\/turista-es-horgasz-latogatokozpontot-adtak-at-az-esztergomi-bubanat-volgyben\/#primaryimage"},"thumbnailUrl":"https:\/\/dorogimedence.hu\/wp-content\/uploads\/2021\/07\/bubanatvolgy-04.jpg","datePublished":"2021-07-09T13:34:05+00:00","dateModified":"2021-07-09T13:34:54+00:00","breadcrumb":{"@id":"https:\/\/dorogimedence.hu\/index.php\/2021\/07\/09\/turista-es-horgasz-latogatokozpontot-adtak-at-az-esztergomi-bubanat-volgyben\/#breadcrumb"},"inLanguage":"hu","potentialAction":[{"@type":"ReadAction","target":["https:\/\/dorogimedence.hu\/index.php\/2021\/07\/09\/turista-es-horgasz-latogatokozpontot-adtak-at-az-esztergomi-bubanat-volgyben\/"]}]},{"@type":"ImageObject","inLanguage":"hu","@id":"https:\/\/dorogimedence.hu\/index.php\/2021\/07\/09\/turista-es-horgasz-latogatokozpontot-adtak-at-az-esztergomi-bubanat-volgyben\/#primaryimage","url":"https:\/\/dorogimedence.hu\/wp-content\/uploads\/2021\/07\/bubanatvolgy-04.jpg","contentUrl":"https:\/\/dorogimedence.hu\/wp-content\/uploads\/2021\/07\/bubanatvolgy-04.jpg","width":1920,"height":914},{"@type":"BreadcrumbList","@id":"https:\/\/dorogimedence.hu\/index.php\/2021\/07\/09\/turista-es-horgasz-latogatokozpontot-adtak-at-az-esztergomi-bubanat-volgyben\/#breadcrumb","itemListElement":[{"@type":"ListItem","position":1,"name":"Kezd\u0151lap","item":"https:\/\/dorogimedence.hu\/"},{"@type":"ListItem","position":2,"name":"Turista \u00e9s horg\u00e1sz l\u00e1togat\u00f3k\u00f6zpontot adtak \u00e1t az esztergomi B\u00fab\u00e1nat-v\u00f6lgyben"}]},{"@type":"WebSite","@id":"https:\/\/dorogimedence.hu\/#website","url":"https:\/\/dorogimedence.hu\/","name":"Dorogi-medence Region\u00e1lis H\u00edrport\u00e1l","description":"Dorog, Keszt\u00f6lc, Le\u00e1nyv\u00e1r, Piliscs\u00e9v, Tokod, Tokodalt\u00e1r\u00f3, Csolnok, Esztergom-kertv\u00e1ros: h\u00edrek, programok","publisher":{"@id":"https:\/\/dorogimedence.hu\/#organization"},"potentialAction":[{"@type":"SearchAction","target":{"@type":"EntryPoint","urlTemplate":"https:\/\/dorogimedence.hu\/?s={search_term_string}"},"query-input":{"@type":"PropertyValueSpecification","valueRequired":true,"valueName":"search_term_string"}}],"inLanguage":"hu"},{"@type":"Organization","@id":"https:\/\/dorogimedence.hu\/#organization","name":"Dorogi-medence Region\u00e1lis H\u00edrport\u00e1l","url":"https:\/\/dorogimedence.hu\/","logo":{"@type":"ImageObject","inLanguage":"hu","@id":"https:\/\/dorogimedence.hu\/#\/schema\/logo\/image\/","url":"https:\/\/dorogimedence.hu\/wp-content\/uploads\/2021\/04\/logo-feher-600.png","contentUrl":"https:\/\/dorogimedence.hu\/wp-content\/uploads\/2021\/04\/logo-feher-600.png","width":600,"height":100,"caption":"Dorogi-medence Region\u00e1lis H\u00edrport\u00e1l"},"image":{"@id":"https:\/\/dorogimedence.hu\/#\/schema\/logo\/image\/"},"sameAs":["https:\/\/www.facebook.com\/dorogimedence\/"]},{"@type":"Person","@id":"https:\/\/dorogimedence.hu\/#\/schema\/person\/ce6091eeb7e95ecdc87890d6aa8e0fd4","name":"dorogimedence.hu","image":{"@type":"ImageObject","inLanguage":"hu","@id":"\/\/www.gravatar.com\/avatar\/d8d45f8901aadff40a4af72c0b826f1d?s=96&#038;r=g&#038;d=mm","url":"\/\/www.gravatar.com\/avatar\/d8d45f8901aadff40a4af72c0b826f1d?s=96&#038;r=g&#038;d=mm","contentUrl":"\/\/www.gravatar.com\/avatar\/d8d45f8901aadff40a4af72c0b826f1d?s=96&#038;r=g&#038;d=mm","caption":"dorogimedence.hu"}}]}},"_links":{"self":[{"href":"https:\/\/dorogimedence.hu\/index.php\/wp-json\/wp\/v2\/posts\/34734","targetHints":{"allow":["GET"]}}],"collection":[{"href":"https:\/\/dorogimedence.hu\/index.php\/wp-json\/wp\/v2\/posts"}],"about":[{"href":"https:\/\/dorogimedence.hu\/index.php\/wp-json\/wp\/v2\/types\/post"}],"author":[{"embeddable":true,"href":"https:\/\/dorogimedence.hu\/index.php\/wp-json\/wp\/v2\/users\/1"}],"replies":[{"embeddable":true,"href":"https:\/\/dorogimedence.hu\/index.php\/wp-json\/wp\/v2\/comments?post=34734"}],"version-history":[{"count":0,"href":"https:\/\/dorogimedence.hu\/index.php\/wp-json\/wp\/v2\/posts\/34734\/revisions"}],"wp:featuredmedia":[{"embeddable":true,"href":"https:\/\/dorogimedence.hu\/index.php\/wp-json\/wp\/v2\/media\/34738"}],"wp:attachment":[{"href":"https:\/\/dorogimedence.hu\/index.php\/wp-json\/wp\/v2\/media?parent=34734"}],"wp:term":[{"taxonomy":"category","embeddable":true,"href":"https:\/\/dorogimedence.hu\/index.php\/wp-json\/wp\/v2\/categories?post=34734"},{"taxonomy":"post_tag","embeddable":true,"href":"https:\/\/dorogimedence.hu\/index.php\/wp-json\/wp\/v2\/tags?post=34734"}],"curies":[{"name":"wp","href":"https:\/\/api.w.org\/{rel}","templated":true}]}}