{"id":34680,"date":"2021-07-08T12:01:29","date_gmt":"2021-07-08T10:01:29","guid":{"rendered":"https:\/\/dorogimedence.hu\/?p=34680"},"modified":"2021-07-09T10:44:28","modified_gmt":"2021-07-09T08:44:28","slug":"tersegunkben-hat-intezmenyen-hajtanak-vegre-energetikai-korszerusitest","status":"publish","type":"post","link":"https:\/\/dorogimedence.hu\/index.php\/2021\/07\/08\/tersegunkben-hat-intezmenyen-hajtanak-vegre-energetikai-korszerusitest\/","title":{"rendered":"T\u00e9rs\u00e9g\u00fcnkben hat int\u00e9zm\u00e9nyen hajtanak v\u00e9gre energetikai korszer\u0171s\u00edt\u00e9st"},"content":{"rendered":"<p><strong>A Ter\u00fclet- \u00e9s Telep\u00fcl\u00e9sfejleszt\u00e9si Operat\u00edv Program keret\u00e9ben, korm\u00e1nyzati forr\u00e1sb\u00f3l energetikailag korszer\u0171s\u00edtik a nyerges\u00fajfalui m\u0171vel\u0151d\u00e9si h\u00e1z \u00e9s k\u00f6nyvt\u00e1r \u00e9p\u00fclet\u00e9t, a csolnoki sportcsarnokot, a piliscs\u00e9vi \u00e1ltal\u00e1nos iskol\u00e1t, Bajn\u00e1n pedig az \u00f3vod\u00e1t, a polg\u00e1rmesteri hivatalt \u00e9s a sportcsarnokot.<\/strong><\/p>\n<p>A <strong>csolnoki sportcsarnokban<\/strong> 106.000.000 forintb\u00f3l a falakat \u00e9s a padl\u00e1s f\u00f6d\u00e9m\u00e9t h\u0151szigetelik, valamint kicser\u00e9lik a ny\u00edl\u00e1sz\u00e1r\u00f3kat \u00e9s a tet\u0151szerkezetet, mindemellett akad\u00e1lymentes vizesblokk \u00e9p\u00fcl a bej\u00e1rat mell\u00e9. Az 1993-ban \u00e9p\u00fclt sportcsarnokon a l\u00e9tes\u00edt\u00e9s \u00f3ta jelent\u0151sebb fel\u00faj\u00edt\u00e1s nem t\u00f6rt\u00e9nt, csup\u00e1n az elengedhetetlen \u00e9p\u00fcletfenntart\u00e1si munk\u00e1latok. Falai, valamint a ny\u00edl\u00e1sz\u00e1r\u00f3i nem felelnek meg a jelenlegi h\u0151technikai k\u00f6vetelm\u00e9nyeknek. Az \u00e9p\u00fclet fenntart\u00e1si k\u00f6lts\u00e9ge jelenleg igen magas, amit a szigeteletlen homlokzatok, r\u00e9gi f\u00f6d\u00e9m szerkezetek, a r\u00e9gi ny\u00edl\u00e1sz\u00e1r\u00f3k, a rossz hat\u00e9konys\u00e1g\u00fa f\u0171t\u00e9si rendszer okoz. Ez\u00e9rt energetikai szempontb\u00f3l teljes fel\u00faj\u00edt\u00e1s sz\u00fcks\u00e9ges. \u201eA sportcsarnokot hatalmas \u00f6r\u00f6mmel haszn\u00e1lta a k\u00f6zs\u00e9g lakoss\u00e1ga \u00e9s haszn\u00e1lja a mai napig is. Itt kapnak helyet az \u00e1ltal\u00e1nos iskola tanul\u00f3i testnevel\u00e9s \u00f3r\u00e1n, az ovisok, a k\u00f6zs\u00e9g lak\u00f3i k\u00fcl\u00f6nb\u00f6z\u0151 focicsapatokban, de a Spori a helysz\u00edne sok m\u00e1s rendezv\u00e9nynek is pl. az Id\u0151sek napj\u00e1nak, a Zenekar Zene vil\u00e1gnapi koncertj\u00e9nek, vagy a Sportb\u00e1lnak. Nagyon szeretj\u00fck a Sportcsarnokot, de az elm\u00falt 28 \u00e9v alatt \u00e1llapota sokban leromlott \u00e9s nem felel meg a mai kor elv\u00e1r\u00e1sainak, energetikai szempontb\u00f3l sem. \u00c9ppen ez\u00e9rt nagyon \u00f6r\u00fcl\u00fcnk a p\u00e1ly\u00e1zati lehet\u0151s\u00e9gnek, amelynek seg\u00edts\u00e9g\u00e9vel meg\u00fajulhat Csolnok k\u00f6zkedvelt int\u00e9zm\u00e9nye.\u201d \u2013 nyilatkozta Kolonics P\u00e9tern\u00e9, a telep\u00fcl\u00e9s polg\u00e1rmestere.<\/p>\n<p>A <strong>piliscs\u00e9vi \u00e1ltal\u00e1nos iskol\u00e1ban<\/strong> 111.558.710 forintb\u00f3l a falszerkezeteket \u00e9s a padl\u00e1s f\u00f6d\u00e9m\u00e9t h\u0151szigetelik, valamint kicser\u00e9lik a ny\u00edl\u00e1sz\u00e1r\u00f3kat \u00e9s a tet\u0151szerkezetet. Az \u00e9p\u00fclet egyes r\u00e9szei legal\u00e1bb 90 \u00e9vesek, a kor \u00e9p\u00edt\u00e9szeti technol\u00f3gi\u00e1ja szerint \u00e9p\u00fcltek. Az \u00e9p\u00fclet fenntart\u00e1si k\u00f6lts\u00e9ge jelenleg igen magas, amit a h\u0151szigeteletlen homlokzatok, r\u00e9gi f\u00f6d\u00e9m szerkezetek, a r\u00e9gi ny\u00edl\u00e1sz\u00e1r\u00f3k, a rossz hat\u00e9konys\u00e1g\u00fa f\u0171t\u00e9si rendszer okoz. Ez\u00e9rt energetikai szempontb\u00f3l teljes fel\u00faj\u00edt\u00e1s sz\u00fcks\u00e9ges. \u201eNagyon \u00f6r\u00fcl\u00fcnk a sikeres p\u00e1ly\u00e1zatnak, hiszen az iskola energetikai szempontb\u00f3l meg\u00fajul, ami \u00e1ltal nem csak hogy olcs\u00f3bb lesz az int\u00e9zm\u00e9ny fenntart\u00e1sa, de v\u00e9lhet\u0151en a gyerekek \u00e9s a dolgoz\u00f3k komfort\u00e9rzete is javulni fog\u201d \u2013 nyilatkozta Kosztk\u00e1n\u00e9 Rokolya Bernadett, a telep\u00fcl\u00e9s polg\u00e1rmestere.<\/p>\n<p><strong>Bajn\u00e1n h\u00e1rom int\u00e9zm\u00e9ny is meg\u00fajul, a Bajnai Napk\u00f6ziotthonos \u00d3voda, a Sportcsarnok \u00e9s a Polg\u00e1rmesteri Hivatal is.<\/strong> Az \u00d3voda \u00e9p\u00fclet\u00e9nek fenntart\u00e1si k\u00f6lts\u00e9ge jelenleg igen magas, amit a h\u0151szigetel\u00e9s n\u00e9lk\u00fclihomlokzatok \u00e9s az elavult f\u0171t\u00e9si rendszer okoz. A Sportcsarnok f\u0171t\u00e9si rendszer is elavult, energiapazarl\u00f3. Ez\u00e9rt sz\u00fcks\u00e9ges az \u00e9p\u00fcletek meg\u00faj\u00edt\u00e1sa. 79.624.455 + 9.754.358 forintb\u00f3l a falszerkezeteket h\u0151szigetelik, a f\u0171t\u00e9si \u00e9s vil\u00e1g\u00edt\u00e1si rendszereket korszer\u0171s\u00edtik, valamint napelemes rendszereket telep\u00edtenek.<\/p>\n<p><strong>A nyerges\u00fajfalui m\u0171vel\u0151d\u00e9si h\u00e1z \u00e9s k\u00f6nyvt\u00e1r<\/strong> \u00e9p\u00fclet\u00e9ben komplexebb beruh\u00e1z\u00e1s t\u00f6rt\u00e9nik 226.449.999 forintb\u00f3l. Az \u00e9p\u00fcletet h\u0151szigetelik, napelemes rendszert hoznak l\u00e9tre, kicser\u00e9lik a ny\u00edl\u00e1sz\u00e1r\u00f3kat, valamint a vil\u00e1g\u00edt\u00e1si, g\u00e9p\u00e9szeti, f\u0171t\u00e9si \u00e9s h\u0171t\u00e9si rendszereket korszer\u0171s\u00edtik. Az 1970-es \u00e9vekben az \u00e9p\u00fcletet fel\u00faj\u00edtott\u00e1k, de az az\u00f3ta eltelt \u00e9vtizedekben jelent\u0151s fel\u00faj\u00edt\u00e1s nem t\u00f6rt\u00e9nt, 2013-ban a tet\u0151 kapott szigetel\u00e9st. 2008-ban a f\u00f6ldszinten megval\u00f3sult a v\u00e1rosi k\u00f6nyvt\u00e1ri gy\u0171jtem\u00e9nyek teljes koncentr\u00e1ci\u00f3ja. Az \u00e9p\u00fcletben k\u00f6z\u00f6ss\u00e9gi funkci\u00f3hoz kapcsol\u00f3d\u00f3 termek, illetve a k\u00f6nyvt\u00e1r funkci\u00f3hoz kapcsol\u00f3d\u00f3 termek \u00e9s kiszolg\u00e1l\u00f3 helyis\u00e9gek kapnak helyet. Az \u00e9p\u00fclet sz\u00e1rnyai legal\u00e1bb 50 \u00e9vesek, a kor \u00e9p\u00edt\u00e9szeti technol\u00f3gi\u00e1ja szerint \u00e9p\u00fcltek. Az \u00e9p\u00fclet fenntart\u00e1si k\u00f6lts\u00e9ge jelenleg igen magas.&nbsp;Ez\u00e9rt energetikai szempontb\u00f3l teljes fel\u00faj\u00edt\u00e1s sz\u00fcks\u00e9ges.<\/p>\n<p>\u201eL\u00e1thatjuk, mi t\u00f6rt\u00e9nik a f\u0151v\u00e1rosban k\u00f6rnyezetv\u00e9delem c\u00edmsz\u00f3 alatt. A baloldal \u00fcres jelmondatokat ism\u00e9telget, de k\u00f6zben leszereltetik a szemetesek negyed\u00e9t, m\u00e9hlegel\u0151nek hazudj\u00e1k a m\u00e9teres gazt, \u00e9s borzalmas forgalmi dug\u00f3kat el\u0151id\u00e9zve teszik t\u00f6nkre a leveg\u0151t\u201d \u2013 fejtette ki lapunknak dr. V\u00f6lner P\u00e1l. A t\u00e9rs\u00e9g orsz\u00e1ggy\u0171l\u00e9si k\u00e9pvisel\u0151je, az igazs\u00e1g\u00fcgyi miniszter helyettese hozz\u00e1tette: a korm\u00e1ny teljesen m\u00e1sk\u00e9nt \u00e1ll a term\u00e9szet \u00e9s a kl\u00edma v\u00e9delm\u00e9hez. \u201eNek\u00fcnk ez nem csak egy tartalmatlan szlogen. Egy\u00e9rtelm\u0171, hogy min\u00e9l jobb \u00e1llapotban szeretn\u00e9nk tov\u00e1bbadni a K\u00e1rp\u00e1t-medenc\u00e9t a gyerekeinknek, unok\u00e1inknak, ez\u00e9rt mi val\u00f3di tettekkel, int\u00e9zked\u00e9sekkel seg\u00edtj\u00fck a k\u00f6rnyezet meg\u00f3v\u00e1s\u00e1t\u201d \u2013 sz\u00f6gezte le a k\u00e9pvisel\u0151. Mint mondta, alapelv\u00fck az is, hogy mindezt \u00fagy hajts\u00e1k v\u00e9gre, hogy k\u00f6zben ne s\u00e9r\u00fclj\u00f6n Magyarorsz\u00e1g gazdas\u00e1ga, \u00e9s ne okozzanak probl\u00e9m\u00e1kat a magyar embereknek, csal\u00e1doknak. \u201eAzzal, hogy t\u00e1mogatjuk az \u00e9p\u00fcletenergetikai beruh\u00e1z\u00e1sokat, t\u00f6bb c\u00e9l is szolg\u00e1lunk. Egyfel\u0151l, \u00edgy sokkal k\u00f6rnyezetbar\u00e1tabb m\u00f3don tudj\u00e1k \u00fczemeltetni az int\u00e9zm\u00e9nyeket \u2013 hiszen a legtiszt\u00e1bb energia a fel nem haszn\u00e1lt energia. Ez persze egy\u00fctt j\u00e1r azzal is, hogy \u00edgy olcs\u00f3bb fenntartani ezeket az \u00e9p\u00fcleteket, az \u00f6nkorm\u00e1nyzatoknak vagy m\u00e1s szervezeteknek teh\u00e1t m\u00e1s c\u00e9lokra marad meg a p\u00e9nz\u00fck. M\u00e1sfel\u0151l pedig szebb, korszer\u0171bb, komfortosabb munkahelyet teremt\u00fcnk a fejleszt\u00e9sekkel az ott dolgoz\u00f3knak, ami szint\u00e9n nagyon fontos szempont\u201d \u2013 sorolta dr. V\u00f6lner P\u00e1l az \u00e9p\u00fcletenergetikai beruh\u00e1z\u00e1sok el\u0151nyeit.<\/p>\n","protected":false},"excerpt":{"rendered":"<p>A Ter\u00fclet- \u00e9s Telep\u00fcl\u00e9sfejleszt\u00e9si Operat\u00edv Program keret\u00e9ben, korm\u00e1nyzati forr\u00e1sb\u00f3l energetikailag korszer\u0171s\u00edtik a nyerges\u00fajfalui m\u0171vel\u0151d\u00e9si h\u00e1z \u00e9s k\u00f6nyvt\u00e1r \u00e9p\u00fclet\u00e9t, a csolnoki sportcsarnokot, a piliscs\u00e9vi \u00e1ltal\u00e1nos iskol\u00e1t, Bajn\u00e1n pedig az \u00f3vod\u00e1t, a polg\u00e1rmesteri hivatalt \u00e9s a sportcsarnokot. A csolnoki sportcsarnokban 106.000.000 forintb\u00f3l a falakat \u00e9s a padl\u00e1s f\u00f6d\u00e9m\u00e9t h\u0151szigetelik, valamint kicser\u00e9lik a ny\u00edl\u00e1sz\u00e1r\u00f3kat \u00e9s a tet\u0151szerkezetet, mindemellett<\/p>\n","protected":false},"author":1,"featured_media":34681,"comment_status":"closed","ping_status":"closed","sticky":false,"template":"","format":"standard","meta":{"ngg_post_thumbnail":0,"footnotes":""},"categories":[64,3,1390,11],"tags":[249,66,2187,5624,464,140,91],"class_list":{"0":"post-34680","1":"post","2":"type-post","3":"status-publish","4":"format-standard","5":"has-post-thumbnail","7":"category-csolnok","8":"category-hirek","9":"category-nyergesujfalu","10":"category-piliscsev","11":"tag-bajna","12":"tag-csolnok","13":"tag-energetikai-korszerusites","14":"tag-featured","15":"tag-felujitas","16":"tag-nyergesujfalu","17":"tag-piliscsev"},"yoast_head":"<!-- This site is optimized with the Yoast SEO plugin v27.5 - https:\/\/yoast.com\/product\/yoast-seo-wordpress\/ -->\n<title>T\u00e9rs\u00e9g\u00fcnkben hat int\u00e9zm\u00e9nyen hajtanak v\u00e9gre energetikai korszer\u0171s\u00edt\u00e9st<\/title>\n<meta name=\"robots\" content=\"index, follow, max-snippet:-1, max-image-preview:large, max-video-preview:-1\" \/>\n<link rel=\"canonical\" href=\"https:\/\/dorogimedence.hu\/index.php\/2021\/07\/08\/tersegunkben-hat-intezmenyen-hajtanak-vegre-energetikai-korszerusitest\/\" class=\"yoast-seo-meta-tag\" \/>\n<meta property=\"og:locale\" content=\"hu_HU\" class=\"yoast-seo-meta-tag\" \/>\n<meta property=\"og:type\" content=\"article\" class=\"yoast-seo-meta-tag\" \/>\n<meta property=\"og:title\" content=\"T\u00e9rs\u00e9g\u00fcnkben hat int\u00e9zm\u00e9nyen hajtanak v\u00e9gre energetikai korszer\u0171s\u00edt\u00e9st\" class=\"yoast-seo-meta-tag\" \/>\n<meta property=\"og:description\" content=\"A Ter\u00fclet- \u00e9s Telep\u00fcl\u00e9sfejleszt\u00e9si Operat\u00edv Program keret\u00e9ben, korm\u00e1nyzati forr\u00e1sb\u00f3l energetikailag korszer\u0171s\u00edtik a nyerges\u00fajfalui m\u0171vel\u0151d\u00e9si h\u00e1z \u00e9s k\u00f6nyvt\u00e1r \u00e9p\u00fclet\u00e9t, a csolnoki sportcsarnokot, a piliscs\u00e9vi \u00e1ltal\u00e1nos iskol\u00e1t, Bajn\u00e1n pedig az \u00f3vod\u00e1t, a polg\u00e1rmesteri hivatalt \u00e9s a sportcsarnokot. A csolnoki sportcsarnokban 106.000.000 forintb\u00f3l a falakat \u00e9s a padl\u00e1s f\u00f6d\u00e9m\u00e9t h\u0151szigetelik, valamint kicser\u00e9lik a ny\u00edl\u00e1sz\u00e1r\u00f3kat \u00e9s a tet\u0151szerkezetet, mindemellett\" class=\"yoast-seo-meta-tag\" \/>\n<meta property=\"og:url\" content=\"https:\/\/dorogimedence.hu\/index.php\/2021\/07\/08\/tersegunkben-hat-intezmenyen-hajtanak-vegre-energetikai-korszerusitest\/\" class=\"yoast-seo-meta-tag\" \/>\n<meta property=\"og:site_name\" content=\"Dorogi-medence Region\u00e1lis H\u00edrport\u00e1l\" class=\"yoast-seo-meta-tag\" \/>\n<meta property=\"article:publisher\" content=\"https:\/\/www.facebook.com\/dorogimedence\/\" class=\"yoast-seo-meta-tag\" \/>\n<meta property=\"article:published_time\" content=\"2021-07-08T10:01:29+00:00\" class=\"yoast-seo-meta-tag\" \/>\n<meta property=\"article:modified_time\" content=\"2021-07-09T08:44:28+00:00\" class=\"yoast-seo-meta-tag\" \/>\n<meta property=\"og:image\" content=\"https:\/\/i0.wp.com\/dorogimedence.hu\/wp-content\/uploads\/2021\/07\/solar-system-2939560_1920.jpg?fit=1920%2C983&ssl=1\" class=\"yoast-seo-meta-tag\" \/>\n\t<meta property=\"og:image:width\" content=\"1920\" class=\"yoast-seo-meta-tag\" \/>\n\t<meta property=\"og:image:height\" content=\"983\" class=\"yoast-seo-meta-tag\" \/>\n\t<meta property=\"og:image:type\" content=\"image\/jpeg\" class=\"yoast-seo-meta-tag\" \/>\n<meta name=\"author\" content=\"dorogimedence.hu\" class=\"yoast-seo-meta-tag\" \/>\n<meta name=\"twitter:card\" content=\"summary_large_image\" class=\"yoast-seo-meta-tag\" \/>\n<meta name=\"twitter:label1\" content=\"Szerz\u0151:\" class=\"yoast-seo-meta-tag\" \/>\n\t<meta name=\"twitter:data1\" content=\"dorogimedence.hu\" class=\"yoast-seo-meta-tag\" \/>\n\t<meta name=\"twitter:label2\" content=\"Becs\u00fclt olvas\u00e1si id\u0151\" class=\"yoast-seo-meta-tag\" \/>\n\t<meta name=\"twitter:data2\" content=\"5 perc\" class=\"yoast-seo-meta-tag\" \/>\n<script type=\"application\/ld+json\" class=\"yoast-schema-graph\">{\"@context\":\"https:\\\/\\\/schema.org\",\"@graph\":[{\"@type\":\"Article\",\"@id\":\"https:\\\/\\\/dorogimedence.hu\\\/index.php\\\/2021\\\/07\\\/08\\\/tersegunkben-hat-intezmenyen-hajtanak-vegre-energetikai-korszerusitest\\\/#article\",\"isPartOf\":{\"@id\":\"https:\\\/\\\/dorogimedence.hu\\\/index.php\\\/2021\\\/07\\\/08\\\/tersegunkben-hat-intezmenyen-hajtanak-vegre-energetikai-korszerusitest\\\/\"},\"author\":{\"name\":\"dorogimedence.hu\",\"@id\":\"https:\\\/\\\/dorogimedence.hu\\\/#\\\/schema\\\/person\\\/ce6091eeb7e95ecdc87890d6aa8e0fd4\"},\"headline\":\"T\u00e9rs\u00e9g\u00fcnkben hat int\u00e9zm\u00e9nyen hajtanak v\u00e9gre energetikai korszer\u0171s\u00edt\u00e9st\",\"datePublished\":\"2021-07-08T10:01:29+00:00\",\"dateModified\":\"2021-07-09T08:44:28+00:00\",\"mainEntityOfPage\":{\"@id\":\"https:\\\/\\\/dorogimedence.hu\\\/index.php\\\/2021\\\/07\\\/08\\\/tersegunkben-hat-intezmenyen-hajtanak-vegre-energetikai-korszerusitest\\\/\"},\"wordCount\":1110,\"publisher\":{\"@id\":\"https:\\\/\\\/dorogimedence.hu\\\/#organization\"},\"image\":{\"@id\":\"https:\\\/\\\/dorogimedence.hu\\\/index.php\\\/2021\\\/07\\\/08\\\/tersegunkben-hat-intezmenyen-hajtanak-vegre-energetikai-korszerusitest\\\/#primaryimage\"},\"thumbnailUrl\":\"https:\\\/\\\/dorogimedence.hu\\\/wp-content\\\/uploads\\\/2021\\\/07\\\/solar-system-2939560_1920.jpg\",\"keywords\":[\"Bajna\",\"Csolnok\",\"energetikai korszer\u0171s\u00edt\u00e9s\",\"featured\",\"fel\u00faj\u00edt\u00e1s\",\"Nyerges\u00fajfalu\",\"Piliscs\u00e9v\"],\"articleSection\":[\"Csolnok\",\"H\u00edrek\",\"Nyerges\u00fajfalu\",\"Piliscs\u00e9v\"],\"inLanguage\":\"hu\"},{\"@type\":\"WebPage\",\"@id\":\"https:\\\/\\\/dorogimedence.hu\\\/index.php\\\/2021\\\/07\\\/08\\\/tersegunkben-hat-intezmenyen-hajtanak-vegre-energetikai-korszerusitest\\\/\",\"url\":\"https:\\\/\\\/dorogimedence.hu\\\/index.php\\\/2021\\\/07\\\/08\\\/tersegunkben-hat-intezmenyen-hajtanak-vegre-energetikai-korszerusitest\\\/\",\"name\":\"T\u00e9rs\u00e9g\u00fcnkben hat int\u00e9zm\u00e9nyen hajtanak v\u00e9gre energetikai korszer\u0171s\u00edt\u00e9st\",\"isPartOf\":{\"@id\":\"https:\\\/\\\/dorogimedence.hu\\\/#website\"},\"primaryImageOfPage\":{\"@id\":\"https:\\\/\\\/dorogimedence.hu\\\/index.php\\\/2021\\\/07\\\/08\\\/tersegunkben-hat-intezmenyen-hajtanak-vegre-energetikai-korszerusitest\\\/#primaryimage\"},\"image\":{\"@id\":\"https:\\\/\\\/dorogimedence.hu\\\/index.php\\\/2021\\\/07\\\/08\\\/tersegunkben-hat-intezmenyen-hajtanak-vegre-energetikai-korszerusitest\\\/#primaryimage\"},\"thumbnailUrl\":\"https:\\\/\\\/dorogimedence.hu\\\/wp-content\\\/uploads\\\/2021\\\/07\\\/solar-system-2939560_1920.jpg\",\"datePublished\":\"2021-07-08T10:01:29+00:00\",\"dateModified\":\"2021-07-09T08:44:28+00:00\",\"breadcrumb\":{\"@id\":\"https:\\\/\\\/dorogimedence.hu\\\/index.php\\\/2021\\\/07\\\/08\\\/tersegunkben-hat-intezmenyen-hajtanak-vegre-energetikai-korszerusitest\\\/#breadcrumb\"},\"inLanguage\":\"hu\",\"potentialAction\":[{\"@type\":\"ReadAction\",\"target\":[\"https:\\\/\\\/dorogimedence.hu\\\/index.php\\\/2021\\\/07\\\/08\\\/tersegunkben-hat-intezmenyen-hajtanak-vegre-energetikai-korszerusitest\\\/\"]}]},{\"@type\":\"ImageObject\",\"inLanguage\":\"hu\",\"@id\":\"https:\\\/\\\/dorogimedence.hu\\\/index.php\\\/2021\\\/07\\\/08\\\/tersegunkben-hat-intezmenyen-hajtanak-vegre-energetikai-korszerusitest\\\/#primaryimage\",\"url\":\"https:\\\/\\\/dorogimedence.hu\\\/wp-content\\\/uploads\\\/2021\\\/07\\\/solar-system-2939560_1920.jpg\",\"contentUrl\":\"https:\\\/\\\/dorogimedence.hu\\\/wp-content\\\/uploads\\\/2021\\\/07\\\/solar-system-2939560_1920.jpg\",\"width\":1920,\"height\":983},{\"@type\":\"BreadcrumbList\",\"@id\":\"https:\\\/\\\/dorogimedence.hu\\\/index.php\\\/2021\\\/07\\\/08\\\/tersegunkben-hat-intezmenyen-hajtanak-vegre-energetikai-korszerusitest\\\/#breadcrumb\",\"itemListElement\":[{\"@type\":\"ListItem\",\"position\":1,\"name\":\"Kezd\u0151lap\",\"item\":\"https:\\\/\\\/dorogimedence.hu\\\/\"},{\"@type\":\"ListItem\",\"position\":2,\"name\":\"T\u00e9rs\u00e9g\u00fcnkben hat int\u00e9zm\u00e9nyen hajtanak v\u00e9gre energetikai korszer\u0171s\u00edt\u00e9st\"}]},{\"@type\":\"WebSite\",\"@id\":\"https:\\\/\\\/dorogimedence.hu\\\/#website\",\"url\":\"https:\\\/\\\/dorogimedence.hu\\\/\",\"name\":\"Dorogi-medence Region\u00e1lis H\u00edrport\u00e1l\",\"description\":\"Dorog, Keszt\u00f6lc, Le\u00e1nyv\u00e1r, Piliscs\u00e9v, Tokod, Tokodalt\u00e1r\u00f3, Csolnok, Esztergom-kertv\u00e1ros: h\u00edrek, programok\",\"publisher\":{\"@id\":\"https:\\\/\\\/dorogimedence.hu\\\/#organization\"},\"potentialAction\":[{\"@type\":\"SearchAction\",\"target\":{\"@type\":\"EntryPoint\",\"urlTemplate\":\"https:\\\/\\\/dorogimedence.hu\\\/?s={search_term_string}\"},\"query-input\":{\"@type\":\"PropertyValueSpecification\",\"valueRequired\":true,\"valueName\":\"search_term_string\"}}],\"inLanguage\":\"hu\"},{\"@type\":\"Organization\",\"@id\":\"https:\\\/\\\/dorogimedence.hu\\\/#organization\",\"name\":\"Dorogi-medence Region\u00e1lis H\u00edrport\u00e1l\",\"url\":\"https:\\\/\\\/dorogimedence.hu\\\/\",\"logo\":{\"@type\":\"ImageObject\",\"inLanguage\":\"hu\",\"@id\":\"https:\\\/\\\/dorogimedence.hu\\\/#\\\/schema\\\/logo\\\/image\\\/\",\"url\":\"https:\\\/\\\/dorogimedence.hu\\\/wp-content\\\/uploads\\\/2021\\\/04\\\/logo-feher-600.png\",\"contentUrl\":\"https:\\\/\\\/dorogimedence.hu\\\/wp-content\\\/uploads\\\/2021\\\/04\\\/logo-feher-600.png\",\"width\":600,\"height\":100,\"caption\":\"Dorogi-medence Region\u00e1lis H\u00edrport\u00e1l\"},\"image\":{\"@id\":\"https:\\\/\\\/dorogimedence.hu\\\/#\\\/schema\\\/logo\\\/image\\\/\"},\"sameAs\":[\"https:\\\/\\\/www.facebook.com\\\/dorogimedence\\\/\"]},{\"@type\":\"Person\",\"@id\":\"https:\\\/\\\/dorogimedence.hu\\\/#\\\/schema\\\/person\\\/ce6091eeb7e95ecdc87890d6aa8e0fd4\",\"name\":\"dorogimedence.hu\",\"image\":{\"@type\":\"ImageObject\",\"inLanguage\":\"hu\",\"@id\":\"\\\/\\\/www.gravatar.com\\\/avatar\\\/d8d45f8901aadff40a4af72c0b826f1d?s=96&#038;r=g&#038;d=mm\",\"url\":\"\\\/\\\/www.gravatar.com\\\/avatar\\\/d8d45f8901aadff40a4af72c0b826f1d?s=96&#038;r=g&#038;d=mm\",\"contentUrl\":\"\\\/\\\/www.gravatar.com\\\/avatar\\\/d8d45f8901aadff40a4af72c0b826f1d?s=96&#038;r=g&#038;d=mm\",\"caption\":\"dorogimedence.hu\"}}]}<\/script>\n<!-- \/ Yoast SEO plugin. -->","yoast_head_json":{"title":"T\u00e9rs\u00e9g\u00fcnkben hat int\u00e9zm\u00e9nyen hajtanak v\u00e9gre energetikai korszer\u0171s\u00edt\u00e9st","robots":{"index":"index","follow":"follow","max-snippet":"max-snippet:-1","max-image-preview":"max-image-preview:large","max-video-preview":"max-video-preview:-1"},"canonical":"https:\/\/dorogimedence.hu\/index.php\/2021\/07\/08\/tersegunkben-hat-intezmenyen-hajtanak-vegre-energetikai-korszerusitest\/","og_locale":"hu_HU","og_type":"article","og_title":"T\u00e9rs\u00e9g\u00fcnkben hat int\u00e9zm\u00e9nyen hajtanak v\u00e9gre energetikai korszer\u0171s\u00edt\u00e9st","og_description":"A Ter\u00fclet- \u00e9s Telep\u00fcl\u00e9sfejleszt\u00e9si Operat\u00edv Program keret\u00e9ben, korm\u00e1nyzati forr\u00e1sb\u00f3l energetikailag korszer\u0171s\u00edtik a nyerges\u00fajfalui m\u0171vel\u0151d\u00e9si h\u00e1z \u00e9s k\u00f6nyvt\u00e1r \u00e9p\u00fclet\u00e9t, a csolnoki sportcsarnokot, a piliscs\u00e9vi \u00e1ltal\u00e1nos iskol\u00e1t, Bajn\u00e1n pedig az \u00f3vod\u00e1t, a polg\u00e1rmesteri hivatalt \u00e9s a sportcsarnokot. A csolnoki sportcsarnokban 106.000.000 forintb\u00f3l a falakat \u00e9s a padl\u00e1s f\u00f6d\u00e9m\u00e9t h\u0151szigetelik, valamint kicser\u00e9lik a ny\u00edl\u00e1sz\u00e1r\u00f3kat \u00e9s a tet\u0151szerkezetet, mindemellett","og_url":"https:\/\/dorogimedence.hu\/index.php\/2021\/07\/08\/tersegunkben-hat-intezmenyen-hajtanak-vegre-energetikai-korszerusitest\/","og_site_name":"Dorogi-medence Region\u00e1lis H\u00edrport\u00e1l","article_publisher":"https:\/\/www.facebook.com\/dorogimedence\/","article_published_time":"2021-07-08T10:01:29+00:00","article_modified_time":"2021-07-09T08:44:28+00:00","og_image":[{"width":1920,"height":983,"url":"https:\/\/i0.wp.com\/dorogimedence.hu\/wp-content\/uploads\/2021\/07\/solar-system-2939560_1920.jpg?fit=1920%2C983&ssl=1","type":"image\/jpeg"}],"author":"dorogimedence.hu","twitter_card":"summary_large_image","twitter_misc":{"Szerz\u0151:":"dorogimedence.hu","Becs\u00fclt olvas\u00e1si id\u0151":"5 perc"},"schema":{"@context":"https:\/\/schema.org","@graph":[{"@type":"Article","@id":"https:\/\/dorogimedence.hu\/index.php\/2021\/07\/08\/tersegunkben-hat-intezmenyen-hajtanak-vegre-energetikai-korszerusitest\/#article","isPartOf":{"@id":"https:\/\/dorogimedence.hu\/index.php\/2021\/07\/08\/tersegunkben-hat-intezmenyen-hajtanak-vegre-energetikai-korszerusitest\/"},"author":{"name":"dorogimedence.hu","@id":"https:\/\/dorogimedence.hu\/#\/schema\/person\/ce6091eeb7e95ecdc87890d6aa8e0fd4"},"headline":"T\u00e9rs\u00e9g\u00fcnkben hat int\u00e9zm\u00e9nyen hajtanak v\u00e9gre energetikai korszer\u0171s\u00edt\u00e9st","datePublished":"2021-07-08T10:01:29+00:00","dateModified":"2021-07-09T08:44:28+00:00","mainEntityOfPage":{"@id":"https:\/\/dorogimedence.hu\/index.php\/2021\/07\/08\/tersegunkben-hat-intezmenyen-hajtanak-vegre-energetikai-korszerusitest\/"},"wordCount":1110,"publisher":{"@id":"https:\/\/dorogimedence.hu\/#organization"},"image":{"@id":"https:\/\/dorogimedence.hu\/index.php\/2021\/07\/08\/tersegunkben-hat-intezmenyen-hajtanak-vegre-energetikai-korszerusitest\/#primaryimage"},"thumbnailUrl":"https:\/\/dorogimedence.hu\/wp-content\/uploads\/2021\/07\/solar-system-2939560_1920.jpg","keywords":["Bajna","Csolnok","energetikai korszer\u0171s\u00edt\u00e9s","featured","fel\u00faj\u00edt\u00e1s","Nyerges\u00fajfalu","Piliscs\u00e9v"],"articleSection":["Csolnok","H\u00edrek","Nyerges\u00fajfalu","Piliscs\u00e9v"],"inLanguage":"hu"},{"@type":"WebPage","@id":"https:\/\/dorogimedence.hu\/index.php\/2021\/07\/08\/tersegunkben-hat-intezmenyen-hajtanak-vegre-energetikai-korszerusitest\/","url":"https:\/\/dorogimedence.hu\/index.php\/2021\/07\/08\/tersegunkben-hat-intezmenyen-hajtanak-vegre-energetikai-korszerusitest\/","name":"T\u00e9rs\u00e9g\u00fcnkben hat int\u00e9zm\u00e9nyen hajtanak v\u00e9gre energetikai korszer\u0171s\u00edt\u00e9st","isPartOf":{"@id":"https:\/\/dorogimedence.hu\/#website"},"primaryImageOfPage":{"@id":"https:\/\/dorogimedence.hu\/index.php\/2021\/07\/08\/tersegunkben-hat-intezmenyen-hajtanak-vegre-energetikai-korszerusitest\/#primaryimage"},"image":{"@id":"https:\/\/dorogimedence.hu\/index.php\/2021\/07\/08\/tersegunkben-hat-intezmenyen-hajtanak-vegre-energetikai-korszerusitest\/#primaryimage"},"thumbnailUrl":"https:\/\/dorogimedence.hu\/wp-content\/uploads\/2021\/07\/solar-system-2939560_1920.jpg","datePublished":"2021-07-08T10:01:29+00:00","dateModified":"2021-07-09T08:44:28+00:00","breadcrumb":{"@id":"https:\/\/dorogimedence.hu\/index.php\/2021\/07\/08\/tersegunkben-hat-intezmenyen-hajtanak-vegre-energetikai-korszerusitest\/#breadcrumb"},"inLanguage":"hu","potentialAction":[{"@type":"ReadAction","target":["https:\/\/dorogimedence.hu\/index.php\/2021\/07\/08\/tersegunkben-hat-intezmenyen-hajtanak-vegre-energetikai-korszerusitest\/"]}]},{"@type":"ImageObject","inLanguage":"hu","@id":"https:\/\/dorogimedence.hu\/index.php\/2021\/07\/08\/tersegunkben-hat-intezmenyen-hajtanak-vegre-energetikai-korszerusitest\/#primaryimage","url":"https:\/\/dorogimedence.hu\/wp-content\/uploads\/2021\/07\/solar-system-2939560_1920.jpg","contentUrl":"https:\/\/dorogimedence.hu\/wp-content\/uploads\/2021\/07\/solar-system-2939560_1920.jpg","width":1920,"height":983},{"@type":"BreadcrumbList","@id":"https:\/\/dorogimedence.hu\/index.php\/2021\/07\/08\/tersegunkben-hat-intezmenyen-hajtanak-vegre-energetikai-korszerusitest\/#breadcrumb","itemListElement":[{"@type":"ListItem","position":1,"name":"Kezd\u0151lap","item":"https:\/\/dorogimedence.hu\/"},{"@type":"ListItem","position":2,"name":"T\u00e9rs\u00e9g\u00fcnkben hat int\u00e9zm\u00e9nyen hajtanak v\u00e9gre energetikai korszer\u0171s\u00edt\u00e9st"}]},{"@type":"WebSite","@id":"https:\/\/dorogimedence.hu\/#website","url":"https:\/\/dorogimedence.hu\/","name":"Dorogi-medence Region\u00e1lis H\u00edrport\u00e1l","description":"Dorog, Keszt\u00f6lc, Le\u00e1nyv\u00e1r, Piliscs\u00e9v, Tokod, Tokodalt\u00e1r\u00f3, Csolnok, Esztergom-kertv\u00e1ros: h\u00edrek, programok","publisher":{"@id":"https:\/\/dorogimedence.hu\/#organization"},"potentialAction":[{"@type":"SearchAction","target":{"@type":"EntryPoint","urlTemplate":"https:\/\/dorogimedence.hu\/?s={search_term_string}"},"query-input":{"@type":"PropertyValueSpecification","valueRequired":true,"valueName":"search_term_string"}}],"inLanguage":"hu"},{"@type":"Organization","@id":"https:\/\/dorogimedence.hu\/#organization","name":"Dorogi-medence Region\u00e1lis H\u00edrport\u00e1l","url":"https:\/\/dorogimedence.hu\/","logo":{"@type":"ImageObject","inLanguage":"hu","@id":"https:\/\/dorogimedence.hu\/#\/schema\/logo\/image\/","url":"https:\/\/dorogimedence.hu\/wp-content\/uploads\/2021\/04\/logo-feher-600.png","contentUrl":"https:\/\/dorogimedence.hu\/wp-content\/uploads\/2021\/04\/logo-feher-600.png","width":600,"height":100,"caption":"Dorogi-medence Region\u00e1lis H\u00edrport\u00e1l"},"image":{"@id":"https:\/\/dorogimedence.hu\/#\/schema\/logo\/image\/"},"sameAs":["https:\/\/www.facebook.com\/dorogimedence\/"]},{"@type":"Person","@id":"https:\/\/dorogimedence.hu\/#\/schema\/person\/ce6091eeb7e95ecdc87890d6aa8e0fd4","name":"dorogimedence.hu","image":{"@type":"ImageObject","inLanguage":"hu","@id":"\/\/www.gravatar.com\/avatar\/d8d45f8901aadff40a4af72c0b826f1d?s=96&#038;r=g&#038;d=mm","url":"\/\/www.gravatar.com\/avatar\/d8d45f8901aadff40a4af72c0b826f1d?s=96&#038;r=g&#038;d=mm","contentUrl":"\/\/www.gravatar.com\/avatar\/d8d45f8901aadff40a4af72c0b826f1d?s=96&#038;r=g&#038;d=mm","caption":"dorogimedence.hu"}}]}},"_links":{"self":[{"href":"https:\/\/dorogimedence.hu\/index.php\/wp-json\/wp\/v2\/posts\/34680","targetHints":{"allow":["GET"]}}],"collection":[{"href":"https:\/\/dorogimedence.hu\/index.php\/wp-json\/wp\/v2\/posts"}],"about":[{"href":"https:\/\/dorogimedence.hu\/index.php\/wp-json\/wp\/v2\/types\/post"}],"author":[{"embeddable":true,"href":"https:\/\/dorogimedence.hu\/index.php\/wp-json\/wp\/v2\/users\/1"}],"replies":[{"embeddable":true,"href":"https:\/\/dorogimedence.hu\/index.php\/wp-json\/wp\/v2\/comments?post=34680"}],"version-history":[{"count":0,"href":"https:\/\/dorogimedence.hu\/index.php\/wp-json\/wp\/v2\/posts\/34680\/revisions"}],"wp:featuredmedia":[{"embeddable":true,"href":"https:\/\/dorogimedence.hu\/index.php\/wp-json\/wp\/v2\/media\/34681"}],"wp:attachment":[{"href":"https:\/\/dorogimedence.hu\/index.php\/wp-json\/wp\/v2\/media?parent=34680"}],"wp:term":[{"taxonomy":"category","embeddable":true,"href":"https:\/\/dorogimedence.hu\/index.php\/wp-json\/wp\/v2\/categories?post=34680"},{"taxonomy":"post_tag","embeddable":true,"href":"https:\/\/dorogimedence.hu\/index.php\/wp-json\/wp\/v2\/tags?post=34680"}],"curies":[{"name":"wp","href":"https:\/\/api.w.org\/{rel}","templated":true}]}}