{"id":34669,"date":"2021-07-08T10:19:36","date_gmt":"2021-07-08T08:19:36","guid":{"rendered":"https:\/\/dorogimedence.hu\/?p=34669"},"modified":"2021-07-09T09:09:30","modified_gmt":"2021-07-09T07:09:30","slug":"halalos-baleset-tortent-a-111-es-uton","status":"publish","type":"post","link":"https:\/\/dorogimedence.hu\/index.php\/2021\/07\/08\/halalos-baleset-tortent-a-111-es-uton\/","title":{"rendered":"Hal\u00e1los baleset t\u00f6rt\u00e9nt a 111-es \u00faton"},"content":{"rendered":"<div class=\"lead-text\">\n<p><strong>Az Esztergom-Kertv\u00e1rosban t\u00f6rt\u00e9nt balesetben a biciklis \u00e9let\u00e9t vesztette. A rend\u0151r\u00f6k teljes \u00fatlez\u00e1r\u00e1s mellett kezdt\u00e9k meg a helysz\u00ednel\u00e9st.<\/strong><\/p>\n<p>Hal\u00e1los kimenetel\u0171 k\u00f6z\u00fati k\u00f6zleked\u00e9si baleset t\u00f6rt\u00e9nt Esztergom-Kertv\u00e1rosban 2021. j\u00falius 8-\u00e1n, cs\u00fct\u00f6rt\u00f6k\u00f6n 9 \u00f3ra 37 perckor. A jelenlegi adatok szerint egy kisteheraut\u00f3 a 111-es f\u0151\u00faton, a rep\u00fcl\u0151t\u00e9rn\u00e9l elg\u00e1zolt egy ker\u00e9kp\u00e1rost, aki olyan s\u00falyos s\u00e9r\u00fcl\u00e9seket szenvedett, hogy a helysz\u00ednen \u00e9let\u00e9t vesztette. A rend\u0151r\u00f6k a helysz\u00ednel\u00e9st teljes \u00fatlez\u00e1r\u00e1s mellett megkezdt\u00e9k, a forgalmat ker\u00fcl\u0151 utakra terelik.<\/p>\n<p>A rend\u0151rs\u00e9g sz\u00f3viv\u0151je elmondta, hogy az eset \u00e1ldozata egy 1957-es f\u00e9rfi volt.<\/p>\n<p><em>Friss\u00edt\u00e9s (15.22):&nbsp;A rend\u0151r\u00f6k a baleset helysz\u00ednel\u00e9s\u00e9t befejezt\u00e9k, a forgalom ism\u00e9t zavartalanul haladhat.<\/em><\/p>\n<p><em>Forr\u00e1s: police.hu<\/em><\/p>\n<\/div>\n","protected":false},"excerpt":{"rendered":"<p>Az Esztergom-Kertv\u00e1rosban t\u00f6rt\u00e9nt balesetben a biciklis \u00e9let\u00e9t vesztette. A rend\u0151r\u00f6k teljes \u00fatlez\u00e1r\u00e1s mellett kezdt\u00e9k meg a helysz\u00ednel\u00e9st. Hal\u00e1los kimenetel\u0171 k\u00f6z\u00fati k\u00f6zleked\u00e9si baleset t\u00f6rt\u00e9nt Esztergom-Kertv\u00e1rosban 2021. j\u00falius 8-\u00e1n, cs\u00fct\u00f6rt\u00f6k\u00f6n 9 \u00f3ra 37 perckor. A jelenlegi adatok szerint egy kisteheraut\u00f3 a 111-es f\u0151\u00faton, a rep\u00fcl\u0151t\u00e9rn\u00e9l elg\u00e1zolt egy ker\u00e9kp\u00e1rost, aki olyan s\u00falyos s\u00e9r\u00fcl\u00e9seket szenvedett, hogy a helysz\u00ednen \u00e9let\u00e9t<\/p>\n","protected":false},"author":1,"featured_media":0,"comment_status":"closed","ping_status":"closed","sticky":false,"template":"","format":"standard","meta":{"ngg_post_thumbnail":0,"footnotes":""},"categories":[38,7,3,39],"tags":[44,42,169,946,61],"class_list":{"0":"post-34669","1":"post","2":"type-post","3":"status-publish","4":"format-standard","6":"category-esztergom","7":"category-esztergom_kertvaros","8":"category-hirek","9":"category-kek-hirek","10":"tag-baleset","11":"tag-esztergom","12":"tag-esztergom-kertvaros","13":"tag-halalos-baleset","14":"tag-rendorsegi-hirek"},"yoast_head":"<!-- This site is optimized with the Yoast SEO plugin v27.4 - https:\/\/yoast.com\/product\/yoast-seo-wordpress\/ -->\n<title>Hal\u00e1los baleset t\u00f6rt\u00e9nt a 111-es \u00faton<\/title>\n<meta name=\"robots\" content=\"index, follow, max-snippet:-1, max-image-preview:large, max-video-preview:-1\" \/>\n<link rel=\"canonical\" href=\"https:\/\/dorogimedence.hu\/index.php\/2021\/07\/08\/halalos-baleset-tortent-a-111-es-uton\/\" class=\"yoast-seo-meta-tag\" \/>\n<meta property=\"og:locale\" content=\"hu_HU\" class=\"yoast-seo-meta-tag\" \/>\n<meta property=\"og:type\" content=\"article\" class=\"yoast-seo-meta-tag\" \/>\n<meta property=\"og:title\" content=\"Hal\u00e1los baleset t\u00f6rt\u00e9nt a 111-es \u00faton\" class=\"yoast-seo-meta-tag\" \/>\n<meta property=\"og:description\" content=\"Az Esztergom-Kertv\u00e1rosban t\u00f6rt\u00e9nt balesetben a biciklis \u00e9let\u00e9t vesztette. A rend\u0151r\u00f6k teljes \u00fatlez\u00e1r\u00e1s mellett kezdt\u00e9k meg a helysz\u00ednel\u00e9st. Hal\u00e1los kimenetel\u0171 k\u00f6z\u00fati k\u00f6zleked\u00e9si baleset t\u00f6rt\u00e9nt Esztergom-Kertv\u00e1rosban 2021. j\u00falius 8-\u00e1n, cs\u00fct\u00f6rt\u00f6k\u00f6n 9 \u00f3ra 37 perckor. A jelenlegi adatok szerint egy kisteheraut\u00f3 a 111-es f\u0151\u00faton, a rep\u00fcl\u0151t\u00e9rn\u00e9l elg\u00e1zolt egy ker\u00e9kp\u00e1rost, aki olyan s\u00falyos s\u00e9r\u00fcl\u00e9seket szenvedett, hogy a helysz\u00ednen \u00e9let\u00e9t\" class=\"yoast-seo-meta-tag\" \/>\n<meta property=\"og:url\" content=\"https:\/\/dorogimedence.hu\/index.php\/2021\/07\/08\/halalos-baleset-tortent-a-111-es-uton\/\" class=\"yoast-seo-meta-tag\" \/>\n<meta property=\"og:site_name\" content=\"Dorogi-medence Region\u00e1lis H\u00edrport\u00e1l\" class=\"yoast-seo-meta-tag\" \/>\n<meta property=\"article:publisher\" content=\"https:\/\/www.facebook.com\/dorogimedence\/\" class=\"yoast-seo-meta-tag\" \/>\n<meta property=\"article:published_time\" content=\"2021-07-08T08:19:36+00:00\" class=\"yoast-seo-meta-tag\" \/>\n<meta property=\"article:modified_time\" content=\"2021-07-09T07:09:30+00:00\" class=\"yoast-seo-meta-tag\" \/>\n<meta property=\"og:image\" content=\"https:\/\/i0.wp.com\/dorogimedence.hu\/wp-content\/uploads\/2017\/06\/szirena-02-1.jpg?fit=670%2C365&ssl=1\" class=\"yoast-seo-meta-tag\" \/>\n\t<meta property=\"og:image:width\" content=\"670\" class=\"yoast-seo-meta-tag\" \/>\n\t<meta property=\"og:image:height\" content=\"365\" class=\"yoast-seo-meta-tag\" \/>\n\t<meta property=\"og:image:type\" content=\"image\/jpeg\" class=\"yoast-seo-meta-tag\" \/>\n<meta name=\"author\" content=\"dorogimedence.hu\" class=\"yoast-seo-meta-tag\" \/>\n<meta name=\"twitter:card\" content=\"summary_large_image\" class=\"yoast-seo-meta-tag\" \/>\n<meta name=\"twitter:label1\" content=\"Szerz\u0151:\" class=\"yoast-seo-meta-tag\" \/>\n\t<meta name=\"twitter:data1\" content=\"dorogimedence.hu\" class=\"yoast-seo-meta-tag\" \/>\n\t<meta name=\"twitter:label2\" content=\"Becs\u00fclt olvas\u00e1si id\u0151\" class=\"yoast-seo-meta-tag\" \/>\n\t<meta name=\"twitter:data2\" content=\"1 perc\" class=\"yoast-seo-meta-tag\" \/>\n<script type=\"application\/ld+json\" class=\"yoast-schema-graph\">{\"@context\":\"https:\\\/\\\/schema.org\",\"@graph\":[{\"@type\":\"Article\",\"@id\":\"https:\\\/\\\/dorogimedence.hu\\\/index.php\\\/2021\\\/07\\\/08\\\/halalos-baleset-tortent-a-111-es-uton\\\/#article\",\"isPartOf\":{\"@id\":\"https:\\\/\\\/dorogimedence.hu\\\/index.php\\\/2021\\\/07\\\/08\\\/halalos-baleset-tortent-a-111-es-uton\\\/\"},\"author\":{\"name\":\"dorogimedence.hu\",\"@id\":\"https:\\\/\\\/dorogimedence.hu\\\/#\\\/schema\\\/person\\\/ce6091eeb7e95ecdc87890d6aa8e0fd4\"},\"headline\":\"Hal\u00e1los baleset t\u00f6rt\u00e9nt a 111-es \u00faton\",\"datePublished\":\"2021-07-08T08:19:36+00:00\",\"dateModified\":\"2021-07-09T07:09:30+00:00\",\"mainEntityOfPage\":{\"@id\":\"https:\\\/\\\/dorogimedence.hu\\\/index.php\\\/2021\\\/07\\\/08\\\/halalos-baleset-tortent-a-111-es-uton\\\/\"},\"wordCount\":165,\"publisher\":{\"@id\":\"https:\\\/\\\/dorogimedence.hu\\\/#organization\"},\"keywords\":[\"baleset\",\"esztergom\",\"Esztergom-kertv\u00e1ros\",\"hal\u00e1los baleset\",\"rend\u0151rs\u00e9gi h\u00edrek\"],\"articleSection\":[\"Esztergom\",\"Esztergom-kertv\u00e1ros\",\"H\u00edrek\",\"K\u00e9k h\u00edrek\"],\"inLanguage\":\"hu\"},{\"@type\":\"WebPage\",\"@id\":\"https:\\\/\\\/dorogimedence.hu\\\/index.php\\\/2021\\\/07\\\/08\\\/halalos-baleset-tortent-a-111-es-uton\\\/\",\"url\":\"https:\\\/\\\/dorogimedence.hu\\\/index.php\\\/2021\\\/07\\\/08\\\/halalos-baleset-tortent-a-111-es-uton\\\/\",\"name\":\"Hal\u00e1los baleset t\u00f6rt\u00e9nt a 111-es \u00faton\",\"isPartOf\":{\"@id\":\"https:\\\/\\\/dorogimedence.hu\\\/#website\"},\"datePublished\":\"2021-07-08T08:19:36+00:00\",\"dateModified\":\"2021-07-09T07:09:30+00:00\",\"breadcrumb\":{\"@id\":\"https:\\\/\\\/dorogimedence.hu\\\/index.php\\\/2021\\\/07\\\/08\\\/halalos-baleset-tortent-a-111-es-uton\\\/#breadcrumb\"},\"inLanguage\":\"hu\",\"potentialAction\":[{\"@type\":\"ReadAction\",\"target\":[\"https:\\\/\\\/dorogimedence.hu\\\/index.php\\\/2021\\\/07\\\/08\\\/halalos-baleset-tortent-a-111-es-uton\\\/\"]}]},{\"@type\":\"BreadcrumbList\",\"@id\":\"https:\\\/\\\/dorogimedence.hu\\\/index.php\\\/2021\\\/07\\\/08\\\/halalos-baleset-tortent-a-111-es-uton\\\/#breadcrumb\",\"itemListElement\":[{\"@type\":\"ListItem\",\"position\":1,\"name\":\"Kezd\u0151lap\",\"item\":\"https:\\\/\\\/dorogimedence.hu\\\/\"},{\"@type\":\"ListItem\",\"position\":2,\"name\":\"Hal\u00e1los baleset t\u00f6rt\u00e9nt a 111-es \u00faton\"}]},{\"@type\":\"WebSite\",\"@id\":\"https:\\\/\\\/dorogimedence.hu\\\/#website\",\"url\":\"https:\\\/\\\/dorogimedence.hu\\\/\",\"name\":\"Dorogi-medence Region\u00e1lis H\u00edrport\u00e1l\",\"description\":\"Dorog, Keszt\u00f6lc, Le\u00e1nyv\u00e1r, Piliscs\u00e9v, Tokod, Tokodalt\u00e1r\u00f3, Csolnok, Esztergom-kertv\u00e1ros: h\u00edrek, programok\",\"publisher\":{\"@id\":\"https:\\\/\\\/dorogimedence.hu\\\/#organization\"},\"potentialAction\":[{\"@type\":\"SearchAction\",\"target\":{\"@type\":\"EntryPoint\",\"urlTemplate\":\"https:\\\/\\\/dorogimedence.hu\\\/?s={search_term_string}\"},\"query-input\":{\"@type\":\"PropertyValueSpecification\",\"valueRequired\":true,\"valueName\":\"search_term_string\"}}],\"inLanguage\":\"hu\"},{\"@type\":\"Organization\",\"@id\":\"https:\\\/\\\/dorogimedence.hu\\\/#organization\",\"name\":\"Dorogi-medence Region\u00e1lis H\u00edrport\u00e1l\",\"url\":\"https:\\\/\\\/dorogimedence.hu\\\/\",\"logo\":{\"@type\":\"ImageObject\",\"inLanguage\":\"hu\",\"@id\":\"https:\\\/\\\/dorogimedence.hu\\\/#\\\/schema\\\/logo\\\/image\\\/\",\"url\":\"https:\\\/\\\/dorogimedence.hu\\\/wp-content\\\/uploads\\\/2021\\\/04\\\/logo-feher-600.png\",\"contentUrl\":\"https:\\\/\\\/dorogimedence.hu\\\/wp-content\\\/uploads\\\/2021\\\/04\\\/logo-feher-600.png\",\"width\":600,\"height\":100,\"caption\":\"Dorogi-medence Region\u00e1lis H\u00edrport\u00e1l\"},\"image\":{\"@id\":\"https:\\\/\\\/dorogimedence.hu\\\/#\\\/schema\\\/logo\\\/image\\\/\"},\"sameAs\":[\"https:\\\/\\\/www.facebook.com\\\/dorogimedence\\\/\"]},{\"@type\":\"Person\",\"@id\":\"https:\\\/\\\/dorogimedence.hu\\\/#\\\/schema\\\/person\\\/ce6091eeb7e95ecdc87890d6aa8e0fd4\",\"name\":\"dorogimedence.hu\",\"image\":{\"@type\":\"ImageObject\",\"inLanguage\":\"hu\",\"@id\":\"\\\/\\\/www.gravatar.com\\\/avatar\\\/d8d45f8901aadff40a4af72c0b826f1d?s=96&#038;r=g&#038;d=mm\",\"url\":\"\\\/\\\/www.gravatar.com\\\/avatar\\\/d8d45f8901aadff40a4af72c0b826f1d?s=96&#038;r=g&#038;d=mm\",\"contentUrl\":\"\\\/\\\/www.gravatar.com\\\/avatar\\\/d8d45f8901aadff40a4af72c0b826f1d?s=96&#038;r=g&#038;d=mm\",\"caption\":\"dorogimedence.hu\"}}]}<\/script>\n<!-- \/ Yoast SEO plugin. -->","yoast_head_json":{"title":"Hal\u00e1los baleset t\u00f6rt\u00e9nt a 111-es \u00faton","robots":{"index":"index","follow":"follow","max-snippet":"max-snippet:-1","max-image-preview":"max-image-preview:large","max-video-preview":"max-video-preview:-1"},"canonical":"https:\/\/dorogimedence.hu\/index.php\/2021\/07\/08\/halalos-baleset-tortent-a-111-es-uton\/","og_locale":"hu_HU","og_type":"article","og_title":"Hal\u00e1los baleset t\u00f6rt\u00e9nt a 111-es \u00faton","og_description":"Az Esztergom-Kertv\u00e1rosban t\u00f6rt\u00e9nt balesetben a biciklis \u00e9let\u00e9t vesztette. A rend\u0151r\u00f6k teljes \u00fatlez\u00e1r\u00e1s mellett kezdt\u00e9k meg a helysz\u00ednel\u00e9st. Hal\u00e1los kimenetel\u0171 k\u00f6z\u00fati k\u00f6zleked\u00e9si baleset t\u00f6rt\u00e9nt Esztergom-Kertv\u00e1rosban 2021. j\u00falius 8-\u00e1n, cs\u00fct\u00f6rt\u00f6k\u00f6n 9 \u00f3ra 37 perckor. A jelenlegi adatok szerint egy kisteheraut\u00f3 a 111-es f\u0151\u00faton, a rep\u00fcl\u0151t\u00e9rn\u00e9l elg\u00e1zolt egy ker\u00e9kp\u00e1rost, aki olyan s\u00falyos s\u00e9r\u00fcl\u00e9seket szenvedett, hogy a helysz\u00ednen \u00e9let\u00e9t","og_url":"https:\/\/dorogimedence.hu\/index.php\/2021\/07\/08\/halalos-baleset-tortent-a-111-es-uton\/","og_site_name":"Dorogi-medence Region\u00e1lis H\u00edrport\u00e1l","article_publisher":"https:\/\/www.facebook.com\/dorogimedence\/","article_published_time":"2021-07-08T08:19:36+00:00","article_modified_time":"2021-07-09T07:09:30+00:00","og_image":[{"width":670,"height":365,"url":"https:\/\/i0.wp.com\/dorogimedence.hu\/wp-content\/uploads\/2017\/06\/szirena-02-1.jpg?fit=670%2C365&ssl=1","type":"image\/jpeg"}],"author":"dorogimedence.hu","twitter_card":"summary_large_image","twitter_misc":{"Szerz\u0151:":"dorogimedence.hu","Becs\u00fclt olvas\u00e1si id\u0151":"1 perc"},"schema":{"@context":"https:\/\/schema.org","@graph":[{"@type":"Article","@id":"https:\/\/dorogimedence.hu\/index.php\/2021\/07\/08\/halalos-baleset-tortent-a-111-es-uton\/#article","isPartOf":{"@id":"https:\/\/dorogimedence.hu\/index.php\/2021\/07\/08\/halalos-baleset-tortent-a-111-es-uton\/"},"author":{"name":"dorogimedence.hu","@id":"https:\/\/dorogimedence.hu\/#\/schema\/person\/ce6091eeb7e95ecdc87890d6aa8e0fd4"},"headline":"Hal\u00e1los baleset t\u00f6rt\u00e9nt a 111-es \u00faton","datePublished":"2021-07-08T08:19:36+00:00","dateModified":"2021-07-09T07:09:30+00:00","mainEntityOfPage":{"@id":"https:\/\/dorogimedence.hu\/index.php\/2021\/07\/08\/halalos-baleset-tortent-a-111-es-uton\/"},"wordCount":165,"publisher":{"@id":"https:\/\/dorogimedence.hu\/#organization"},"keywords":["baleset","esztergom","Esztergom-kertv\u00e1ros","hal\u00e1los baleset","rend\u0151rs\u00e9gi h\u00edrek"],"articleSection":["Esztergom","Esztergom-kertv\u00e1ros","H\u00edrek","K\u00e9k h\u00edrek"],"inLanguage":"hu"},{"@type":"WebPage","@id":"https:\/\/dorogimedence.hu\/index.php\/2021\/07\/08\/halalos-baleset-tortent-a-111-es-uton\/","url":"https:\/\/dorogimedence.hu\/index.php\/2021\/07\/08\/halalos-baleset-tortent-a-111-es-uton\/","name":"Hal\u00e1los baleset t\u00f6rt\u00e9nt a 111-es \u00faton","isPartOf":{"@id":"https:\/\/dorogimedence.hu\/#website"},"datePublished":"2021-07-08T08:19:36+00:00","dateModified":"2021-07-09T07:09:30+00:00","breadcrumb":{"@id":"https:\/\/dorogimedence.hu\/index.php\/2021\/07\/08\/halalos-baleset-tortent-a-111-es-uton\/#breadcrumb"},"inLanguage":"hu","potentialAction":[{"@type":"ReadAction","target":["https:\/\/dorogimedence.hu\/index.php\/2021\/07\/08\/halalos-baleset-tortent-a-111-es-uton\/"]}]},{"@type":"BreadcrumbList","@id":"https:\/\/dorogimedence.hu\/index.php\/2021\/07\/08\/halalos-baleset-tortent-a-111-es-uton\/#breadcrumb","itemListElement":[{"@type":"ListItem","position":1,"name":"Kezd\u0151lap","item":"https:\/\/dorogimedence.hu\/"},{"@type":"ListItem","position":2,"name":"Hal\u00e1los baleset t\u00f6rt\u00e9nt a 111-es \u00faton"}]},{"@type":"WebSite","@id":"https:\/\/dorogimedence.hu\/#website","url":"https:\/\/dorogimedence.hu\/","name":"Dorogi-medence Region\u00e1lis H\u00edrport\u00e1l","description":"Dorog, Keszt\u00f6lc, Le\u00e1nyv\u00e1r, Piliscs\u00e9v, Tokod, Tokodalt\u00e1r\u00f3, Csolnok, Esztergom-kertv\u00e1ros: h\u00edrek, programok","publisher":{"@id":"https:\/\/dorogimedence.hu\/#organization"},"potentialAction":[{"@type":"SearchAction","target":{"@type":"EntryPoint","urlTemplate":"https:\/\/dorogimedence.hu\/?s={search_term_string}"},"query-input":{"@type":"PropertyValueSpecification","valueRequired":true,"valueName":"search_term_string"}}],"inLanguage":"hu"},{"@type":"Organization","@id":"https:\/\/dorogimedence.hu\/#organization","name":"Dorogi-medence Region\u00e1lis H\u00edrport\u00e1l","url":"https:\/\/dorogimedence.hu\/","logo":{"@type":"ImageObject","inLanguage":"hu","@id":"https:\/\/dorogimedence.hu\/#\/schema\/logo\/image\/","url":"https:\/\/dorogimedence.hu\/wp-content\/uploads\/2021\/04\/logo-feher-600.png","contentUrl":"https:\/\/dorogimedence.hu\/wp-content\/uploads\/2021\/04\/logo-feher-600.png","width":600,"height":100,"caption":"Dorogi-medence Region\u00e1lis H\u00edrport\u00e1l"},"image":{"@id":"https:\/\/dorogimedence.hu\/#\/schema\/logo\/image\/"},"sameAs":["https:\/\/www.facebook.com\/dorogimedence\/"]},{"@type":"Person","@id":"https:\/\/dorogimedence.hu\/#\/schema\/person\/ce6091eeb7e95ecdc87890d6aa8e0fd4","name":"dorogimedence.hu","image":{"@type":"ImageObject","inLanguage":"hu","@id":"\/\/www.gravatar.com\/avatar\/d8d45f8901aadff40a4af72c0b826f1d?s=96&#038;r=g&#038;d=mm","url":"\/\/www.gravatar.com\/avatar\/d8d45f8901aadff40a4af72c0b826f1d?s=96&#038;r=g&#038;d=mm","contentUrl":"\/\/www.gravatar.com\/avatar\/d8d45f8901aadff40a4af72c0b826f1d?s=96&#038;r=g&#038;d=mm","caption":"dorogimedence.hu"}}]}},"_links":{"self":[{"href":"https:\/\/dorogimedence.hu\/index.php\/wp-json\/wp\/v2\/posts\/34669","targetHints":{"allow":["GET"]}}],"collection":[{"href":"https:\/\/dorogimedence.hu\/index.php\/wp-json\/wp\/v2\/posts"}],"about":[{"href":"https:\/\/dorogimedence.hu\/index.php\/wp-json\/wp\/v2\/types\/post"}],"author":[{"embeddable":true,"href":"https:\/\/dorogimedence.hu\/index.php\/wp-json\/wp\/v2\/users\/1"}],"replies":[{"embeddable":true,"href":"https:\/\/dorogimedence.hu\/index.php\/wp-json\/wp\/v2\/comments?post=34669"}],"version-history":[{"count":0,"href":"https:\/\/dorogimedence.hu\/index.php\/wp-json\/wp\/v2\/posts\/34669\/revisions"}],"wp:attachment":[{"href":"https:\/\/dorogimedence.hu\/index.php\/wp-json\/wp\/v2\/media?parent=34669"}],"wp:term":[{"taxonomy":"category","embeddable":true,"href":"https:\/\/dorogimedence.hu\/index.php\/wp-json\/wp\/v2\/categories?post=34669"},{"taxonomy":"post_tag","embeddable":true,"href":"https:\/\/dorogimedence.hu\/index.php\/wp-json\/wp\/v2\/tags?post=34669"}],"curies":[{"name":"wp","href":"https:\/\/api.w.org\/{rel}","templated":true}]}}