{"id":34593,"date":"2021-07-06T14:29:37","date_gmt":"2021-07-06T12:29:37","guid":{"rendered":"https:\/\/dorogimedence.hu\/?p=34593"},"modified":"2022-04-27T19:35:08","modified_gmt":"2022-04-27T17:35:08","slug":"55-eve-tortent-a-dorogi-banyasz-labdarugoinak-sikere-a-vilaghiru-nemzetkozi-tornan","status":"publish","type":"post","link":"https:\/\/dorogimedence.hu\/index.php\/2021\/07\/06\/55-eve-tortent-a-dorogi-banyasz-labdarugoinak-sikere-a-vilaghiru-nemzetkozi-tornan\/","title":{"rendered":"55 \u00e9ve t\u00f6rt\u00e9nt: A Dorogi B\u00e1ny\u00e1sz labdar\u00fag\u00f3inak sikere a vil\u00e1gh\u00edr\u0171 nemzetk\u00f6zi torn\u00e1n"},"content":{"rendered":"<p style=\"text-align: justify;\"><strong>A kontinens egyik legnevesebb nemzetk\u00f6zi kup\u00e1j\u00e1ban, a Kvarnerska Rivijera 1966-os ki\u00edr\u00e1s\u00e1ban a dorogiak a dobog\u00f3n v\u00e9geztek, miut\u00e1n az el\u0151kel\u0151 harmadik helyet szerezt\u00e9k meg. E jeles esem\u00e9ny \u00f6t \u00e9s f\u00e9l \u00e9vtizedes \u00e9vfordul\u00f3ja alkalm\u00e1b\u00f3l \u00e1ll\u00edt eml\u00e9ket ez az \u00f6ssze\u00e1ll\u00edt\u00e1s<\/strong> <em>&#8211; Szab\u00f3 Gyula cikke.<\/em><\/p>\n<p style=\"text-align: justify;\">A neves jugoszl\u00e1v HNK Rijeka egyes\u00fclet\u00e9nek kezdem\u00e9nyez\u00e9s\u00e9re \u00e9s rendez\u00e9s\u00e9ben egy nagyszab\u00e1s\u00fa nemzetk\u00f6zi torn\u00e1t alap\u00edtottak, amelynek t\u00f6rt\u00e9nete eg\u00e9szen az \u00f6tvenes \u00e9vek els\u0151 \u00e9veiben gy\u00f6keredzik. Az \u00f6tletgazd\u00e1k eredetileg nagy volumen\u0171 ut\u00e1np\u00f3tl\u00e1s seregszeml\u00e9nek sz\u00e1nt\u00e1k, amely jelleg\u00e9ben mindv\u00e9gig igyekszik meg\u0151rizni az ifjoncok priorit\u00e1s\u00e1t, noha id\u0151vel a r\u00e9sztvev\u0151 csapatok t\u00f6bb feln\u0151tt j\u00e1t\u00e9kossal is kieg\u00e9sz\u00fclve vettek r\u00e9szt a viadalon. A f\u0151 szempont a nagykor\u00fa p\u00e1lyafut\u00e1suk k\u00fcsz\u00f6b\u00e9n \u00e1ll\u00f3 labdar\u00fag\u00f3k szerepeltet\u00e9se. A h\u00e1zigazda Rijeka v\u00e1rosa \u00e9s a rendez\u0151 egyes\u00fclet HNK Rijeka az egykori Jugoszl\u00e1via r\u00e9szek\u00e9nt, a mez\u0151ny egyik fel\u00e9t a legkiemelked\u0151bb hazai klubokb\u00f3l verbuv\u00e1lta, m\u00edg a m\u00e1sik r\u00e9sz\u00e9t k\u00fclf\u00f6ldi orsz\u00e1gok, ugyancsak jeles egyes\u00fcleteinek megh\u00edv\u00e1s\u00e1val tette teljess\u00e9.<\/p>\n<p><img fetchpriority=\"high\" decoding=\"async\" class=\"alignnone size-full wp-image-34597\" src=\"https:\/\/dorogimedence.hu\/wp-content\/uploads\/2021\/07\/torna-02.jpg\" alt=\"\" width=\"900\" height=\"440\" srcset=\"https:\/\/dorogimedence.hu\/wp-content\/uploads\/2021\/07\/torna-02.jpg 900w, https:\/\/dorogimedence.hu\/wp-content\/uploads\/2021\/07\/torna-02-300x147.jpg 300w, https:\/\/dorogimedence.hu\/wp-content\/uploads\/2021\/07\/torna-02-768x375.jpg 768w, https:\/\/dorogimedence.hu\/wp-content\/uploads\/2021\/07\/torna-02-150x73.jpg 150w, https:\/\/dorogimedence.hu\/wp-content\/uploads\/2021\/07\/torna-02-450x220.jpg 450w\" sizes=\"(max-width: 900px) 100vw, 900px\" \/><\/p>\n<p style=\"text-align: center;\"><span style=\"font-size: 10pt;\"><em>A kupa n\u00e9vad\u00f3ja, az Adria sz\u00e9ps\u00e9ges fiumei partszakasza (forr\u00e1s: KAYAK.com)<\/em><\/span><\/p>\n<p style=\"text-align: justify;\">A kezdeti id\u0151kt\u0151l kezdve azonos rendszerben zajlik a kupa. A mez\u0151nyt 16 csapat teszi ki, amelyet n\u00e9gy csoportba sorolnak, csoportonk\u00e9nt n\u00e9gy csapattal. Csoporton bel\u00fcl mindenki k\u00f6rm\u00e9rk\u0151z\u00e9st j\u00e1tszik egym\u00e1ssal, majd a csoportels\u0151k jutnak a legjobb 4-k\u00f6z\u00e9. Ezt k\u00f6vet\u0151en j\u00e1tssz\u00e1k az el\u0151d\u00f6nt\u0151ket, majd a bronzmeccset \u00e9s a d\u00f6nt\u0151t. A lebonyol\u00edt\u00e1s g\u00f6rd\u00fcl\u00e9kenys\u00e9ge v\u00e9gett, a rendez\u0151 HNK stadionja mellett, tov\u00e1bbi helysz\u00edneket is bevonnak a csoportmeccsek lej\u00e1tsz\u00e1s\u00e1hoz.<\/p>\n<p><img decoding=\"async\" class=\"alignnone size-full wp-image-34598\" src=\"https:\/\/dorogimedence.hu\/wp-content\/uploads\/2021\/07\/torna-03.jpg\" alt=\"\" width=\"900\" height=\"674\" srcset=\"https:\/\/dorogimedence.hu\/wp-content\/uploads\/2021\/07\/torna-03.jpg 900w, https:\/\/dorogimedence.hu\/wp-content\/uploads\/2021\/07\/torna-03-300x225.jpg 300w, https:\/\/dorogimedence.hu\/wp-content\/uploads\/2021\/07\/torna-03-768x575.jpg 768w, https:\/\/dorogimedence.hu\/wp-content\/uploads\/2021\/07\/torna-03-150x112.jpg 150w, https:\/\/dorogimedence.hu\/wp-content\/uploads\/2021\/07\/torna-03-450x337.jpg 450w\" sizes=\"(max-width: 900px) 100vw, 900px\" \/><\/p>\n<p style=\"text-align: center;\"><span style=\"font-size: 10pt;\"><em>A Grand Hotel Central \u00e9s k\u00f6rny\u00e9ke. Itt volt elsz\u00e1ll\u00e1solva a dorogi deleg\u00e1ci\u00f3 (forr\u00e1s: nikitravel)<\/em><\/span><\/p>\n<p style=\"text-align: justify;\">A k\u00fclf\u00f6ldi r\u00e9sztvev\u0151ket els\u0151sorban olasz, bolg\u00e1r, lengyel, csehszlov\u00e1k \u00e9s n\u00e9met csapatok tett\u00e9k ki \u00e9vr\u0151l-\u00e9vre, de nem volt ritka d\u00e1n, angol, osztr\u00e1k vagy szovjet csapat\u00a0 megh\u00edv\u00e1sa, s nem utols\u00f3 sorban a magyar g\u00e1rd\u00e1k r\u00e9szv\u00e9tele sem. Az elej\u00e9t\u0151l fogva nagy n\u00e9pszer\u0171s\u00e9gnek \u00f6rvendett a torna, amely minden \u00e9vben sikeresen lett megrendezve. A k\u00e9s\u0151bbiekben m\u00e9g ink\u00e1bb kiterjesztett\u00e9k a nemzetk\u00f6zi jelleg\u00e9t \u00e9s az id\u0151k sor\u00e1n m\u00e1r t\u00f6bb f\u00f6ldr\u00e9szr\u0151l sz\u00e1rmaz\u00f3 csapat is megh\u00edvott lett, s\u0151t ugyancsak bevett szok\u00e1ss\u00e1 v\u00e1lt ut\u00e1np\u00f3tl\u00e1s-v\u00e1logatottak r\u00e9szv\u00e9tele is. K\u00f6zt\u00fck szerepelt m\u00e1r az alb\u00e1n, a csehszlov\u00e1k, az USA, a maced\u00f3n, az \u00edr, a tuniszi, az iraki, a D\u00e9l-koreai, a jap\u00e1n \u00e9s az om\u00e1ni v\u00e1logatott is. A vil\u00e1g sz\u00e1mos kiemelked\u0151 klubja szerepelt a rijekai torn\u00e1n, k\u00f6zt\u00fck brazil r\u00e9sztvev\u0151 is, a Belo Horizonte v\u00e1ros\u00e1b\u00f3l val\u00f3 Clube Atl\u00e9tico Mineiro, amely t\u00f6bbek k\u00f6z\u00f6tt brazil bajnok \u00e9s Libertadores kupagy\u0151ztes is volt. Ezen a torn\u00e1n t\u00f6bb alkalommal is k\u00e9pviseltett\u00e9k magukat \u00e9s nem is adt\u00e1k al\u00e1bb a kupagy\u0151zelemn\u00e9l. K\u00e9tszer is elh\u00f3d\u00edtott\u00e1k a Kvarnerska Rivijera tr\u00f3fe\u00e1j\u00e1t.<\/p>\n<p><img decoding=\"async\" class=\"alignnone size-full wp-image-34599\" src=\"https:\/\/dorogimedence.hu\/wp-content\/uploads\/2021\/07\/torna-04.jpg\" alt=\"\" width=\"900\" height=\"788\" srcset=\"https:\/\/dorogimedence.hu\/wp-content\/uploads\/2021\/07\/torna-04.jpg 900w, https:\/\/dorogimedence.hu\/wp-content\/uploads\/2021\/07\/torna-04-300x263.jpg 300w, https:\/\/dorogimedence.hu\/wp-content\/uploads\/2021\/07\/torna-04-768x672.jpg 768w, https:\/\/dorogimedence.hu\/wp-content\/uploads\/2021\/07\/torna-04-150x131.jpg 150w, https:\/\/dorogimedence.hu\/wp-content\/uploads\/2021\/07\/torna-04-450x394.jpg 450w\" sizes=\"(max-width: 900px) 100vw, 900px\" \/><\/p>\n<p style=\"text-align: left;\"><span style=\"font-size: 10pt;\"><em>Egy k\u00fcl\u00f6nleges helyi gy\u0171jtem\u00e9ny egyik r\u00e9sze, amely a torn\u00e1n eddig szerepelt \u00f6sszes csapat kit\u0171z\u0151j\u00e9t tartalmazza. K\u00f6zte ott l\u00e1that\u00f3 a dorogi klubc\u00edmeres jelv\u00e9ny is<\/em>\u00a0<em>(forr\u00e1s: Lokalpatrioti Rijeka.com)<\/em><\/span><\/p>\n<p style=\"text-align: justify;\">A kupa 1953-ban ker\u00fclt els\u0151k\u00e9nt megrendez\u00e9sre \u00e9s az\u00f3ta is t\u00f6retlen n\u00e9pszer\u0171s\u00e9ggel zajlik minden \u00e9vben. M\u00e9g a D\u00e9lszl\u00e1v h\u00e1bor\u00fa idej\u00e9n sem szakadt meg folytonoss\u00e1ga. Csak a koronav\u00edrus miatti j\u00e1rv\u00e1nyhelyzet k\u00f6vetkezt\u00e9ben kellett tavaly \u00e9s id\u00e9n is t\u00f6r\u00f6lni. 2019-ig m\u00e1r 67. alkalommal rendezt\u00e9k \u00e9s ez id\u00e1ig 18 csapat h\u00f3d\u00edtotta el a kup\u00e1t, k\u00f6zt\u00fck 10 g\u00e1rda t\u00f6bbsz\u00f6r is. A legels\u0151 d\u00f6nt\u0151t a Hajduk Split \u00e9s a Vienna j\u00e1tszotta, amely 2 : 1 ar\u00e1ny\u00fa jugoszl\u00e1v gy\u0151zelemmel z\u00e1rult. Az abszol\u00fat cs\u00facstart\u00f3 a h\u00e1zigazda Rijeka, amely kereken h\u00fasszoros kupagy\u0151ztes, mellette pedig tov\u00e1bbi nyolc alkalommal j\u00e1tszott d\u00f6nt\u0151t. Az igazs\u00e1ghoz tartozik, hogy a hazaiak kiv\u00e1l\u00f3 eredm\u00e9nyeit tekintve nem elhanyagolhat\u00f3 szempont, hogy \u0151k az egyetlen csapat, amely valamennyi alkalommal szerepeltek.<\/p>\n<p><img loading=\"lazy\" decoding=\"async\" class=\"alignnone size-full wp-image-34600\" src=\"https:\/\/dorogimedence.hu\/wp-content\/uploads\/2021\/07\/torna-05.jpg\" alt=\"\" width=\"900\" height=\"628\" srcset=\"https:\/\/dorogimedence.hu\/wp-content\/uploads\/2021\/07\/torna-05.jpg 900w, https:\/\/dorogimedence.hu\/wp-content\/uploads\/2021\/07\/torna-05-300x209.jpg 300w, https:\/\/dorogimedence.hu\/wp-content\/uploads\/2021\/07\/torna-05-768x536.jpg 768w, https:\/\/dorogimedence.hu\/wp-content\/uploads\/2021\/07\/torna-05-150x105.jpg 150w, https:\/\/dorogimedence.hu\/wp-content\/uploads\/2021\/07\/torna-05-450x314.jpg 450w\" sizes=\"(max-width: 900px) 100vw, 900px\" \/><\/p>\n<p style=\"text-align: center;\"><span style=\"font-size: 10pt;\"><em>A torn\u00e1ra megjelen\u0151 prom\u00f3ci\u00f3s kiadv\u00e1nyok egyik beharangoz\u00f3 oldala (forr\u00e1s: Lokalpatrioti Rijeka.com)<\/em><\/span><\/p>\n<p style=\"text-align: justify;\">Az els\u0151 k\u00fclf\u00f6ldi kupagy\u0151ztes a Vasas lett, amelyet k\u00e9s\u0151bb megism\u00e9telt m\u00e9g egyszer, majd a Dukla Praha k\u00f6vette a sorban. Az 1970-es \u00e9s 1971-es ki\u00edr\u00e1sban fordult el\u0151 el\u0151sz\u00f6r, hogy egym\u00e1st k\u00f6vet\u0151 k\u00e9t \u00e9vben is k\u00fcls\u0151s csapat tudta megnyerni, m\u00e9gpedig a Burevestik Moszkva, valamint a Leeds United. N\u00e9h\u00e1ny \u00e9vvel k\u00e9s\u0151bb a moszkvai csapat \u00fajb\u00f3l elh\u00f3d\u00edtotta a kup\u00e1t. B\u0151 egy \u00e9vtizeddel k\u00e9s\u0151bb ism\u00e9tl\u0151d\u00f6tt meg \u00fajfent, hogy k\u00e9t egym\u00e1s ut\u00e1ni \u00e9vben nyert k\u00fclf\u00f6ldi csapat. Ebben a Leeds United megintcsak benne volt, tov\u00e1bb\u00e1 a jap\u00e1n v\u00e1logatott. Egym\u00e1st k\u00f6vet\u0151 dupl\u00e1z\u00e1s pedig egyed\u00fcl a fentebb m\u00e1r eml\u00edtett brazil csapatnak siker\u00fclt, miut\u00e1n a Mineiro 2003-ban \u00e9s 2004-ben is az \u00e9len v\u00e9gzett. A minden \u00e9vben kiv\u00e1l\u00f3 csapatokat felsorakoztat\u00f3 mez\u0151nyben egy\u00fattal rengeteg klasszis labdar\u00fag\u00f3 is szerepelt az id\u0151k sor\u00e1n. Csak n\u00e9h\u00e1ny vil\u00e1gh\u00edr\u0171 j\u00e1t\u00e9kost eml\u00edtve, mint Dino Zoff, Pietro Carmignani, Giovanni Galli, Gerd M\u00fcller, Paul Breitner, Joe Jordan, Zvonimir Boban, Robert Prosinecki, vagy \u00e9ppen Davor \u0160uker.<\/p>\n<p><img loading=\"lazy\" decoding=\"async\" class=\"alignnone size-full wp-image-34601\" src=\"https:\/\/dorogimedence.hu\/wp-content\/uploads\/2021\/07\/torna-06.jpg\" alt=\"\" width=\"900\" height=\"880\" srcset=\"https:\/\/dorogimedence.hu\/wp-content\/uploads\/2021\/07\/torna-06.jpg 900w, https:\/\/dorogimedence.hu\/wp-content\/uploads\/2021\/07\/torna-06-300x293.jpg 300w, https:\/\/dorogimedence.hu\/wp-content\/uploads\/2021\/07\/torna-06-768x751.jpg 768w, https:\/\/dorogimedence.hu\/wp-content\/uploads\/2021\/07\/torna-06-150x147.jpg 150w, https:\/\/dorogimedence.hu\/wp-content\/uploads\/2021\/07\/torna-06-450x440.jpg 450w\" sizes=\"(max-width: 900px) 100vw, 900px\" \/><\/p>\n<p style=\"text-align: center;\"><span style=\"font-size: 10pt;\"><em>Az egyik f\u0151rendez\u0151, Edo Jardas a nyit\u00f3\u00fcnneps\u00e9gen 1954-ben\u00a0(forr\u00e1s: Lokalpatrioti Rijeka.com)<\/em><\/span><\/p>\n<p style=\"text-align: justify;\">N\u00e9h\u00e1ny \u00e9rdekess\u00e9get eml\u00edtve m\u00e9g\u00a0 kupa t\u00f6rt\u00e9net\u00e9b\u0151l, hogy a d\u00f6nt\u0151ben legnagyobb ar\u00e1ny\u00fa gy\u0151zelem a 6\u20131 volt, amelyre k\u00e9tszer akadt p\u00e9lda. El\u0151bb a Dukla Praha verte a Rudart 1963-ban, majd a Hajduk Split a Dinamo Zagrebot 1972-ben. Egy alkalommal t\u00f6rt\u00e9nt m\u00e9g h\u00e9t g\u00f3lt hoz\u00f3 d\u00f6nt\u0151, csak m\u00e1s leoszt\u00e1sban, amikor a\u00a0Sutjeska Nik\u0161i\u0107 5\u20132-re gy\u0151z\u00f6tt a Skopje ellen. A k\u00e9t magyar sikert hoz\u00f3 \u00e9vben a Vasas els\u0151k\u00e9nt 3\u20132-re nyert a Trieszttel szemben, k\u00e9s\u0151bb pedig 1\u20130-ra a Dukla Praha ellen. 14 alkalommal fordult el\u0151, hogy a rendes j\u00e1t\u00e9kid\u0151 nem hozott d\u00f6nt\u00e9st \u00e9s csak a hosszabb\u00edt\u00e1s, illetve 11-es p\u00e1rbaj \u00e1ltal tudt\u00e1k a v\u00e9gs\u0151 gy\u0151zelmet kicsikarni. K\u00f6z\u00fcl\u00fck a\u00a0Crvena zvezda\u2013Vojvodina d\u00f6nt\u0151n val\u00f3s\u00e1gos g\u00f3lsz\u00fcret volt, ahol 3\u20133-ra v\u00e9geztek a felek \u00e9s v\u00e9g\u00fcl b\u00fcntet\u0151kkel a belgr\u00e1di g\u00e1rd\u00e1\u00e9 lett a kupa. Mind\u00f6ssze h\u00e9t d\u00f6nt\u0151 v\u00e9gz\u0151d\u00f6tt g\u00f3l n\u00e9lk\u00fcli d\u00f6ntetlenre. A Vasas, az MTK \u00e9s a Dorog ut\u00e1n, a k\u00e9s\u0151bbiekben a kup\u00e1n szerepelt tov\u00e1bbi magyar csapatok a Ferencv\u00e1ros, az \u00dajpesti D\u00f3zsa, a Csepel, a R\u00e1ba ETO, valamint a ZTE voltak.<\/p>\n<p><img loading=\"lazy\" decoding=\"async\" class=\"alignnone size-full wp-image-34602\" src=\"https:\/\/dorogimedence.hu\/wp-content\/uploads\/2021\/07\/torna-07.jpg\" alt=\"\" width=\"900\" height=\"730\" srcset=\"https:\/\/dorogimedence.hu\/wp-content\/uploads\/2021\/07\/torna-07.jpg 900w, https:\/\/dorogimedence.hu\/wp-content\/uploads\/2021\/07\/torna-07-300x243.jpg 300w, https:\/\/dorogimedence.hu\/wp-content\/uploads\/2021\/07\/torna-07-768x623.jpg 768w, https:\/\/dorogimedence.hu\/wp-content\/uploads\/2021\/07\/torna-07-150x122.jpg 150w, https:\/\/dorogimedence.hu\/wp-content\/uploads\/2021\/07\/torna-07-450x365.jpg 450w\" sizes=\"(max-width: 900px) 100vw, 900px\" \/><\/p>\n<p style=\"text-align: center;\"><span style=\"font-size: 10pt;\">A Hajduk Split\u2013Dinamo Zagreb 6 : 1-es d\u00f6nt\u0151n k\u00e9sz\u00fclt felv\u00e9tel 1972-ben <em>(forr\u00e1s: Lokalpatrioti Rijeka.com)<\/em><\/span><\/p>\n<p style=\"text-align: justify;\">A tov\u00e1bbi r\u00e9szletek folytat\u00e1sa el\u0151tt essen n\u00e9h\u00e1ny gondolat a torn\u00e1nak otthont ad\u00f3 helysz\u00ednr\u0151l is. Rijeka &#8211; avagy magyar nev\u00e9n, Fiume &#8211; a helyi foly\u00f3r\u00f3l, a Recsin\u00e1r\u00f3l (olasz, illetve latinos form\u00e1ban: Fiuma) kapta nev\u00e9t. \u00d3kori alap\u00edt\u00e1s\u00fa telep\u00fcl\u00e9s, amelyet a kelt\u00e1k \u00e9s az ill\u00edrek lakt\u00e1k, majd a r\u00f3maiak h\u00f3d\u00edtott\u00e1k meg \u00e9s olvasztott\u00e1k a birodalmukba Tarsatica n\u00e9ven, m\u00e9g az id\u0151sz\u00e1m\u00edt\u00e1sunk el\u0151tti \u00e9vtizedekben. A R\u00f3mai Birodalom kett\u00e9v\u00e1l\u00e1s\u00e1t k\u00f6vet\u0151en, a keleti cs\u00e1sz\u00e1rs\u00e1g, Biz\u00e1nc fennhat\u00f3s\u00e1ga al\u00e1 ker\u00fclt, majd a IX. sz\u00e1zad v\u00e9ge fel\u00e9 a frankok h\u00f3d\u00edt\u00e1sai nyom\u00e1n a Frank Birodalom r\u00e9sze lett. A t\u00f6rt\u00e9nelem viharos \u00e9vsz\u00e1zadai sor\u00e1n t\u00f6bb uradalom al\u00e1 tartozott, viszont\u00a0 1091-t\u0151l a Magyar Kir\u00e1lys\u00e1ggal nyolc \u00e9vsz\u00e1zadon kereszt\u00fcl \u00e1llt perszon\u00e1luni\u00f3ba, s r\u00e9sze a Szent Korona orsz\u00e1gainak, illetve a Regnum Marianumnak, k\u00e9s\u0151bb pedig az Osztr\u00e1k-Magyar Monarchia tartom\u00e1nya volt. Az I. vil\u00e1gh\u00e1bor\u00fat k\u00f6vet\u0151en kett\u00e9 szak\u00edtott\u00e1k. Egyik fele Olaszorsz\u00e1ghoz, m\u00edg m\u00e1sik r\u00e9sze a Szerb-Horv\u00e1t-Szlov\u00e9n kir\u00e1lys\u00e1ghoz tartozott. A hat\u00e1rvonal a m\u00e1r eml\u00edtett Recsina foly\u00f3 lett.<\/p>\n<p><img loading=\"lazy\" decoding=\"async\" class=\"alignnone size-full wp-image-34603\" src=\"https:\/\/dorogimedence.hu\/wp-content\/uploads\/2021\/07\/torna-08.jpg\" alt=\"\" width=\"900\" height=\"580\" srcset=\"https:\/\/dorogimedence.hu\/wp-content\/uploads\/2021\/07\/torna-08.jpg 900w, https:\/\/dorogimedence.hu\/wp-content\/uploads\/2021\/07\/torna-08-300x193.jpg 300w, https:\/\/dorogimedence.hu\/wp-content\/uploads\/2021\/07\/torna-08-768x495.jpg 768w, https:\/\/dorogimedence.hu\/wp-content\/uploads\/2021\/07\/torna-08-150x97.jpg 150w, https:\/\/dorogimedence.hu\/wp-content\/uploads\/2021\/07\/torna-08-450x290.jpg 450w\" sizes=\"(max-width: 900px) 100vw, 900px\" \/><\/p>\n<p style=\"text-align: left;\"><span style=\"font-size: 10pt;\"><em>A leny\u0171g\u00f6z\u0151 Rijeka, amely 2020-ban Eur\u00f3pa kultur\u00e1lis f\u0151v\u00e1rosa c\u00edmben r\u00e9szes\u00fclt (forr\u00e1s: Love Exploring &#8211; Stefan Brajkovic felv\u00e9tele)<\/em><\/span><\/p>\n<p style=\"text-align: justify;\">A II. vil\u00e1gh\u00e1bor\u00fa sor\u00e1n n\u00e9met megsz\u00e1ll\u00e1s alatt volt, majd a h\u00e1bor\u00fa ut\u00e1n Jugoszl\u00e1via r\u00e9sze lett, m\u00edg az orsz\u00e1gban az kilencvenes \u00e9vek elej\u00e9n kit\u00f6rt polg\u00e1rh\u00e1bor\u00fa k\u00f6vetkezm\u00e9nyek\u00e9nt 1991. j\u00fanius 25. \u00f3ta az \u00f6n\u00e1ll\u00f3 \u00e9s f\u00fcggetlen Horv\u00e1torsz\u00e1ghoz tartozik. Fiume a Tengermell\u00e9k-Hegyvid\u00e9k megy\u00e9ben, az Adria partj\u00e1n fest\u0151i k\u00f6rnyezetben tal\u00e1lhat\u00f3 130 ezres telep\u00fcl\u00e9s, amely az orsz\u00e1g harmadik legnagyobb v\u00e1rosa. Fontos kik\u00f6t\u0151v\u00e1ros \u00e9s jelent\u0151s haj\u00f3gy\u00e1rt\u00e1s\u00e1r\u00f3l is nevezetes, tov\u00e1bb\u00e1 a r\u00e9gi\u00f3 k\u00f6zigazgat\u00e1si-, kultur\u00e1lis-, valamint \u00fcd\u00fcl\u0151k\u00f6zpontja. A v\u00e1ros h\u00edres adriai partszakasza a Kvarnerska. Innen kapta a neves labdar\u00fag\u00f3 torna is a nev\u00e9t.<\/p>\n<p><img loading=\"lazy\" decoding=\"async\" class=\"alignnone size-full wp-image-34604\" src=\"https:\/\/dorogimedence.hu\/wp-content\/uploads\/2021\/07\/torna-09.jpg\" alt=\"\" width=\"900\" height=\"700\" srcset=\"https:\/\/dorogimedence.hu\/wp-content\/uploads\/2021\/07\/torna-09.jpg 900w, https:\/\/dorogimedence.hu\/wp-content\/uploads\/2021\/07\/torna-09-300x233.jpg 300w, https:\/\/dorogimedence.hu\/wp-content\/uploads\/2021\/07\/torna-09-768x597.jpg 768w, https:\/\/dorogimedence.hu\/wp-content\/uploads\/2021\/07\/torna-09-150x117.jpg 150w, https:\/\/dorogimedence.hu\/wp-content\/uploads\/2021\/07\/torna-09-450x350.jpg 450w\" sizes=\"(max-width: 900px) 100vw, 900px\" \/><\/p>\n<p style=\"text-align: center;\"><span style=\"font-size: 10pt;\"><em>A torna &#8217;66-os ki\u00edr\u00e1s\u00e1ra k\u00e9sz\u00fclt m\u0171sorf\u00fczet (forr\u00e1s: Njuskalo.hr Ogalsnik)<\/em><\/span><\/p>\n<p style=\"text-align: justify;\">1966-ban a kupa 14. ki\u00edr\u00e1s\u00e1ra ker\u00fclt sor, amelyre a dorogi csapat is megh\u00edv\u00e1st kapott. T\u00e9ny, hogy komoly megtisztel\u00e9s az invit\u00e1ci\u00f3, azonban azt is \u00e9rdemes hozz\u00e1tenni, hogy az \u00f6tvenes-hatvanas \u00e9vekben hatalmas nimbusza volt az egyes\u00fclet\u00fcnknek. A Dorogi B\u00e1ny\u00e1sz nem csak kiv\u00e1l\u00f3 eredm\u00e9nyeivel v\u00edvta ki nemzetk\u00f6zi szinten is az elismer\u00e9st, de igen nagy rokonszenv is \u00f6vezte. Ennek megfelel\u0151en igen gyakran h\u00edvt\u00e1k k\u00fcl\u00f6nb\u00f6z\u0151 nemzetk\u00f6zi torn\u00e1kra is. A magyar csapatok sor\u00e1b\u00f3l kor\u00e1bban m\u00e1r a Vasas \u00e9s az MTK is szerepelt, mi t\u00f6bb, az angyalf\u00f6ldiek k\u00e9t alkalommal &#8211; 1956-ban \u00e9s 1962-ben &#8211; meg is nyert\u00e9k, de az MTK is vit\u00e9zkedett a megszerzett 4. hely\u00e9vel 1965-ben. A dorogiak az els\u0151 magyar vid\u00e9ki g\u00e1rdak\u00e9nt szerepeltek a torn\u00e1n. A csoportm\u00e9rk\u0151z\u00e9sek h\u00e1rom helysz\u00ednen, Rijek\u00e1ban, Pul\u00e1ban \u00e9s Labinban rendezt\u00e9k, n\u00e9gy stadionban. A negyedik helysz\u00edn Rijeka Su\u0161ak nev\u0171 v\u00e1rosr\u00e9sz\u00e9ben tal\u00e1lhat\u00f3 ar\u00e9na volt.<\/p>\n<p style=\"text-align: center;\"><strong><em>A 16 r\u00e9sztvev\u0151 csapatot sorsol\u00e1ssal a k\u00f6vetkez\u0151 csoportokba \u00e9s helysz\u00ednekre osztott\u00e1k:<\/em><\/strong><\/p>\n<p><img loading=\"lazy\" decoding=\"async\" class=\"alignnone size-full wp-image-34605\" src=\"https:\/\/dorogimedence.hu\/wp-content\/uploads\/2021\/07\/torna-10.jpg\" alt=\"\" width=\"900\" height=\"304\" srcset=\"https:\/\/dorogimedence.hu\/wp-content\/uploads\/2021\/07\/torna-10.jpg 900w, https:\/\/dorogimedence.hu\/wp-content\/uploads\/2021\/07\/torna-10-300x101.jpg 300w, https:\/\/dorogimedence.hu\/wp-content\/uploads\/2021\/07\/torna-10-768x259.jpg 768w, https:\/\/dorogimedence.hu\/wp-content\/uploads\/2021\/07\/torna-10-150x51.jpg 150w, https:\/\/dorogimedence.hu\/wp-content\/uploads\/2021\/07\/torna-10-450x152.jpg 450w\" sizes=\"(max-width: 900px) 100vw, 900px\" \/><\/p>\n<p style=\"text-align: center;\"><strong><u> 1. Csoport &#8211; PULA<\/u><\/strong><\/p>\n<p>Calcio Novara (olasz) &#8211; Slavia Praha (csehszlov\u00e1k) &#8211; Partizan Beograd (jugoszl\u00e1v) &#8211; NK Istra (jugoszl\u00e1v)<\/p>\n<p><img loading=\"lazy\" decoding=\"async\" class=\"alignnone size-full wp-image-34606\" src=\"https:\/\/dorogimedence.hu\/wp-content\/uploads\/2021\/07\/torna-11.jpg\" alt=\"\" width=\"900\" height=\"257\" srcset=\"https:\/\/dorogimedence.hu\/wp-content\/uploads\/2021\/07\/torna-11.jpg 900w, https:\/\/dorogimedence.hu\/wp-content\/uploads\/2021\/07\/torna-11-300x86.jpg 300w, https:\/\/dorogimedence.hu\/wp-content\/uploads\/2021\/07\/torna-11-768x219.jpg 768w, https:\/\/dorogimedence.hu\/wp-content\/uploads\/2021\/07\/torna-11-150x43.jpg 150w, https:\/\/dorogimedence.hu\/wp-content\/uploads\/2021\/07\/torna-11-450x129.jpg 450w\" sizes=\"(max-width: 900px) 100vw, 900px\" \/><\/p>\n<p style=\"text-align: center;\"><strong><u>2. Csoport &#8211; LABIN<\/u><\/strong><\/p>\n<p>Bayern M\u00fcnchen (nyugat-n\u00e9met) &#8211; CSZKA Szofija (bolg\u00e1r) &#8211; NK Rudar (jugoszl\u00e1v) &#8211; Dinamo Zagreb (jugoszl\u00e1v)<\/p>\n<p><img loading=\"lazy\" decoding=\"async\" class=\"alignnone size-full wp-image-34607\" src=\"https:\/\/dorogimedence.hu\/wp-content\/uploads\/2021\/07\/torna-12.jpg\" alt=\"\" width=\"900\" height=\"269\" srcset=\"https:\/\/dorogimedence.hu\/wp-content\/uploads\/2021\/07\/torna-12.jpg 900w, https:\/\/dorogimedence.hu\/wp-content\/uploads\/2021\/07\/torna-12-300x90.jpg 300w, https:\/\/dorogimedence.hu\/wp-content\/uploads\/2021\/07\/torna-12-768x230.jpg 768w, https:\/\/dorogimedence.hu\/wp-content\/uploads\/2021\/07\/torna-12-150x45.jpg 150w, https:\/\/dorogimedence.hu\/wp-content\/uploads\/2021\/07\/torna-12-450x135.jpg 450w\" sizes=\"(max-width: 900px) 100vw, 900px\" \/><\/p>\n<p style=\"text-align: center;\"><strong><u>3. Csoport &#8211; RIJEKA<\/u><\/strong><\/p>\n<p>Torino FC (olasz) &#8211; Legia Warsawa (lengyel) &#8211;\u00a0Br\u00f8nsh\u00f8j BK (d\u00e1n) &#8211; NK Rijeka (jugoszl\u00e1v)<\/p>\n<p><img loading=\"lazy\" decoding=\"async\" class=\"alignnone size-full wp-image-34608\" src=\"https:\/\/dorogimedence.hu\/wp-content\/uploads\/2021\/07\/torna-13.jpg\" alt=\"\" width=\"900\" height=\"253\" srcset=\"https:\/\/dorogimedence.hu\/wp-content\/uploads\/2021\/07\/torna-13.jpg 900w, https:\/\/dorogimedence.hu\/wp-content\/uploads\/2021\/07\/torna-13-300x84.jpg 300w, https:\/\/dorogimedence.hu\/wp-content\/uploads\/2021\/07\/torna-13-768x216.jpg 768w, https:\/\/dorogimedence.hu\/wp-content\/uploads\/2021\/07\/torna-13-150x42.jpg 150w, https:\/\/dorogimedence.hu\/wp-content\/uploads\/2021\/07\/torna-13-450x127.jpg 450w\" sizes=\"(max-width: 900px) 100vw, 900px\" \/><\/p>\n<p style=\"text-align: center;\"><strong><u>4. Csoport &#8211; SU<\/u><\/strong><strong><u>\u0160<\/u><\/strong><strong><u>AK\/RIJEKA<\/u><\/strong><\/p>\n<p>Dorogi B\u00e1ny\u00e1sz (magyar) &#8211; HNK Orijent (jugoszl\u00e1v) &#8211; Austria Wien (osztr\u00e1k) &#8211; FK Vojvodina (jugoszl\u00e1v)<\/p>\n<p style=\"text-align: justify;\">A torna j\u00fanius 26. \u00e9s j\u00falius 3. k\u00f6z\u00f6tt ker\u00fclt megrendez\u00e9sre, amely\u00a0 a hivatalos megnyit\u00f3 \u00fcnneps\u00e9ggel kezd\u0151d\u00f6tt a Kantrida stadionban.<\/p>\n<p><img loading=\"lazy\" decoding=\"async\" class=\"alignnone size-full wp-image-34609\" src=\"https:\/\/dorogimedence.hu\/wp-content\/uploads\/2021\/07\/torna-14.jpg\" alt=\"\" width=\"900\" height=\"688\" srcset=\"https:\/\/dorogimedence.hu\/wp-content\/uploads\/2021\/07\/torna-14.jpg 900w, https:\/\/dorogimedence.hu\/wp-content\/uploads\/2021\/07\/torna-14-300x229.jpg 300w, https:\/\/dorogimedence.hu\/wp-content\/uploads\/2021\/07\/torna-14-768x587.jpg 768w, https:\/\/dorogimedence.hu\/wp-content\/uploads\/2021\/07\/torna-14-150x115.jpg 150w, https:\/\/dorogimedence.hu\/wp-content\/uploads\/2021\/07\/torna-14-450x344.jpg 450w\" sizes=\"(max-width: 900px) 100vw, 900px\" \/><\/p>\n<p style=\"text-align: center;\"><span style=\"font-size: 10pt;\"><em>A nyit\u00f3\u00fcnneps\u00e9g (forr\u00e1s: Lokalpatrioti Rijeka.com)<\/em><\/span><\/p>\n<p style=\"text-align: justify;\">A dorogi csapat \u00e9s k\u00eds\u00e9r\u0151i a megnyit\u00f3 el\u0151tti napon \u00e9rkeztek a helysz\u00ednre a kimer\u00edt\u0151, egyben \u00e9lvezetes, vonattal megtett t\u00f6bb, mint 13 \u00f3r\u00e1s utaz\u00e1st k\u00f6vet\u0151en. A csapat \u00e9s a deleg\u00e1ci\u00f3 az Adria egyik legszebb \u00e9s legfelkapottabb r\u00e9sz\u00e9n, Opatij\u00e1n &#8211; magyar nev\u00e9n Abb\u00e1zi\u00e1n &#8211; lett elsz\u00e1ll\u00e1solva a minden ig\u00e9nyt kiel\u00e9g\u00edt\u0151 Hotel Centralban. A dorogiakat sz\u00edv\u00e9lyes fogadtat\u00e1sban r\u00e9szes\u00edtett\u00e9k mindj\u00e1rt a rijekai p\u00e1lyaudvarra val\u00f3 meg\u00e9rkez\u00e9s\u00fck alkalm\u00e1n \u00e9s az eg\u00e9sz torna sor\u00e1n kifog\u00e1stalan ell\u00e1t\u00e1sban \u00e9s bar\u00e1ti vend\u00e9gszeretetben volt r\u00e9sz\u00fck. A j\u00e1t\u00e9kosok szabadidej\u00fckben v\u00e1rosn\u00e9z\u00e9ssel, de legink\u00e1bb az Adri\u00e1ban val\u00f3 f\u00fcrd\u0151z\u00e9ssel kapcsol\u00f3dtak ki.<\/p>\n<p><img loading=\"lazy\" decoding=\"async\" class=\"alignnone size-full wp-image-34610\" src=\"https:\/\/dorogimedence.hu\/wp-content\/uploads\/2021\/07\/torna-15.jpg\" alt=\"\" width=\"900\" height=\"900\" srcset=\"https:\/\/dorogimedence.hu\/wp-content\/uploads\/2021\/07\/torna-15.jpg 900w, https:\/\/dorogimedence.hu\/wp-content\/uploads\/2021\/07\/torna-15-300x300.jpg 300w, https:\/\/dorogimedence.hu\/wp-content\/uploads\/2021\/07\/torna-15-150x150.jpg 150w, https:\/\/dorogimedence.hu\/wp-content\/uploads\/2021\/07\/torna-15-768x768.jpg 768w, https:\/\/dorogimedence.hu\/wp-content\/uploads\/2021\/07\/torna-15-450x450.jpg 450w\" sizes=\"(max-width: 900px) 100vw, 900px\" \/><\/p>\n<p style=\"text-align: center;\"><span style=\"font-size: 10pt;\"><em>A dorogiak hotel\u00e9nek log\u00f3ja<\/em><\/span><\/p>\n<p style=\"text-align: justify;\">Mindj\u00e1rt az els\u0151 \u00e9jszak\u00e1t k\u00f6vet\u0151 nap megkezd\u0151dtek a csoportk\u00fczdelmek, ahol az els\u0151 k\u00f6rben a mieink a helyi klubnak sz\u00e1m\u00edt\u00f3, az 1919-es alap\u00edt\u00e1s\u00fa, Su\u0161ak v\u00e1rosr\u00e9sz\u00e9ben tal\u00e1lhat\u00f3 Orijent ellen l\u00e9ptek p\u00e1ly\u00e1ra. Su\u0161ak egykor \u00f6n\u00e1ll\u00f3 telep\u00fcl\u00e9s volt, 1946 \u00f3ta lett Rijek\u00e1hoz csatolva. Sajn\u00e1latos m\u00f3don a g\u00f3lszerz\u0151ket egyetlen forr\u00e1s sem eml\u00edti \u00e9s a legnagyobb igyekezet ellen\u00e9re sem siker\u00fclt kider\u00edteni. \u00cdgy valamennyi m\u00e9rk\u0151z\u00e9sn\u00e9l csak az eredm\u00e9nyek fognak szerepelni.<\/p>\n<p><img loading=\"lazy\" decoding=\"async\" class=\"alignnone size-full wp-image-34611\" src=\"https:\/\/dorogimedence.hu\/wp-content\/uploads\/2021\/07\/torna-16.jpg\" alt=\"\" width=\"900\" height=\"540\" srcset=\"https:\/\/dorogimedence.hu\/wp-content\/uploads\/2021\/07\/torna-16.jpg 900w, https:\/\/dorogimedence.hu\/wp-content\/uploads\/2021\/07\/torna-16-300x180.jpg 300w, https:\/\/dorogimedence.hu\/wp-content\/uploads\/2021\/07\/torna-16-768x461.jpg 768w, https:\/\/dorogimedence.hu\/wp-content\/uploads\/2021\/07\/torna-16-150x90.jpg 150w, https:\/\/dorogimedence.hu\/wp-content\/uploads\/2021\/07\/torna-16-450x270.jpg 450w\" sizes=\"(max-width: 900px) 100vw, 900px\" \/><\/p>\n<p style=\"text-align: center;\"><span style=\"font-size: 10pt;\"><em>A dorogi g\u00e1rda tagjai a sz\u00e1ll\u00e1shely\u00fck bej\u00e1rata el\u0151tt (forr\u00e1s: A Csisz\u00e1r csal\u00e1d album\u00e1b\u00f3l)<\/em><\/span><\/p>\n<p style=\"text-align: center;\"><strong><em><u>Els\u0151 csoportk\u00f6r &#8211;\u00a0J\u00fanius 26.<\/u><\/em><\/strong><\/p>\n<p style=\"text-align: justify;\">A m\u00e9rk\u0151z\u00e9st a dorogiak ir\u00e1ny\u00edtott\u00e1k, amelyet meg\u00e9rdemelten meg is nyertek, azonban rengeteg helyzet maradt kihaszn\u00e1latlanul. A meccs k\u00e9pe \u00e9s a helyzetek alapj\u00e1n nagyobb g\u00f3lar\u00e1nnyal is gy\u0151zhettek volna.<strong><em><br \/>\n<\/em><\/strong><\/p>\n<p><img loading=\"lazy\" decoding=\"async\" class=\"alignnone size-full wp-image-34612\" src=\"https:\/\/dorogimedence.hu\/wp-content\/uploads\/2021\/07\/torna-17.jpg\" alt=\"\" width=\"900\" height=\"250\" srcset=\"https:\/\/dorogimedence.hu\/wp-content\/uploads\/2021\/07\/torna-17.jpg 900w, https:\/\/dorogimedence.hu\/wp-content\/uploads\/2021\/07\/torna-17-300x83.jpg 300w, https:\/\/dorogimedence.hu\/wp-content\/uploads\/2021\/07\/torna-17-768x213.jpg 768w, https:\/\/dorogimedence.hu\/wp-content\/uploads\/2021\/07\/torna-17-150x42.jpg 150w, https:\/\/dorogimedence.hu\/wp-content\/uploads\/2021\/07\/torna-17-450x125.jpg 450w\" sizes=\"(max-width: 900px) 100vw, 900px\" \/><\/p>\n<p style=\"text-align: center;\"><strong>ORIJENT RIJEKA <\/strong><strong>\u2013\u00a0<\/strong><strong>DOROGI B\u00c1NY\u00c1SZ\u00a0 0 : 1\u00a0<\/strong><\/p>\n<p style=\"text-align: center;\"><strong><em><u>M\u00e1sodik csoportk\u00f6r &#8211;\u00a0J\u00fanius 27.<\/u><\/em><\/strong><\/p>\n<p style=\"text-align: justify;\">K\u00f6vetkez\u0151 nap m\u00e1ris a m\u00e1sodik csoportmeccsre ker\u00fclt sor a kiv\u00e1l\u00f3 osztr\u00e1k csapat ellen. A piros-feket\u00e9k ez\u00fattal jobban \u00f6sszpontos\u00edtva j\u00e1tszottak \u00e9s a helyzetkihaszn\u00e1l\u00e1ssal is el\u00e9gedettek lehettek.<\/p>\n<p><img loading=\"lazy\" decoding=\"async\" class=\"alignnone size-full wp-image-34613\" src=\"https:\/\/dorogimedence.hu\/wp-content\/uploads\/2021\/07\/torna-18.jpg\" alt=\"\" width=\"900\" height=\"250\" srcset=\"https:\/\/dorogimedence.hu\/wp-content\/uploads\/2021\/07\/torna-18.jpg 900w, https:\/\/dorogimedence.hu\/wp-content\/uploads\/2021\/07\/torna-18-300x83.jpg 300w, https:\/\/dorogimedence.hu\/wp-content\/uploads\/2021\/07\/torna-18-768x213.jpg 768w, https:\/\/dorogimedence.hu\/wp-content\/uploads\/2021\/07\/torna-18-150x42.jpg 150w, https:\/\/dorogimedence.hu\/wp-content\/uploads\/2021\/07\/torna-18-450x125.jpg 450w\" sizes=\"(max-width: 900px) 100vw, 900px\" \/><\/p>\n<p style=\"text-align: center;\"><strong>DOROGI B\u00c1NY\u00c1SZ\u00a0<\/strong><strong>\u2013\u00a0AUSTRIA WIEN 3 : 0<\/strong><\/p>\n<p style=\"text-align: center;\"><strong><em><u>Harmadik csoportk\u00f6r &#8211;\u00a0J\u00fanius 29.<\/u><\/em><\/strong><\/p>\n<p style=\"text-align: justify;\">A z\u00e1r\u00f3k\u00f6r el\u0151tt vil\u00e1goss\u00e1 v\u00e1lt, hogy a csoport harmadik meccse ki-ki csata lesz. A Vojvodina ugyanis szint\u00e9n mindk\u00e9t vet\u00e9lyt\u00e1rs\u00e1t legyez\u0151zte, viszont a jobb g\u00f3lar\u00e1ny\u00e1nak k\u00f6sz\u00f6nhet\u0151en sz\u00e1mukra egy d\u00f6ntetlen is elegend\u0151 lett volna a tov\u00e1bbjut\u00e1s kiharcol\u00e1s\u00e1ra. Egynapos pihen\u0151t k\u00f6vet\u0151en ker\u00fclt sor a tal\u00e1lkoz\u00f3ra \u00e9s a dorogiak mindent megtettek, hogy gy\u0151ztesen hagyhass\u00e1k el a p\u00e1ly\u00e1t. Nagy csat\u00e1ban, de teljesen meg\u00e9rdemelten harmadik meccs\u00fcket is hozt\u00e1k, \u00edgy a csoport \u00e9l\u00e9n v\u00e9geztek \u00fagy, hogy m\u00e9g g\u00f3lt sem kaptak.<strong><em><br \/>\n<\/em><\/strong><\/p>\n<p><img loading=\"lazy\" decoding=\"async\" class=\"alignnone size-full wp-image-34614\" src=\"https:\/\/dorogimedence.hu\/wp-content\/uploads\/2021\/07\/torna-19.jpg\" alt=\"\" width=\"900\" height=\"250\" srcset=\"https:\/\/dorogimedence.hu\/wp-content\/uploads\/2021\/07\/torna-19.jpg 900w, https:\/\/dorogimedence.hu\/wp-content\/uploads\/2021\/07\/torna-19-300x83.jpg 300w, https:\/\/dorogimedence.hu\/wp-content\/uploads\/2021\/07\/torna-19-768x213.jpg 768w, https:\/\/dorogimedence.hu\/wp-content\/uploads\/2021\/07\/torna-19-150x42.jpg 150w, https:\/\/dorogimedence.hu\/wp-content\/uploads\/2021\/07\/torna-19-450x125.jpg 450w\" sizes=\"(max-width: 900px) 100vw, 900px\" \/><\/p>\n<p style=\"text-align: center;\"><strong>DOROGI B\u00c1NY\u00c1SZ\u00a0\u2013 FK VOJVODINA 1 : 0<\/strong><\/p>\n<p><img loading=\"lazy\" decoding=\"async\" class=\"alignnone size-full wp-image-34615\" src=\"https:\/\/dorogimedence.hu\/wp-content\/uploads\/2021\/07\/torna-20.jpg\" alt=\"\" width=\"900\" height=\"469\" srcset=\"https:\/\/dorogimedence.hu\/wp-content\/uploads\/2021\/07\/torna-20.jpg 900w, https:\/\/dorogimedence.hu\/wp-content\/uploads\/2021\/07\/torna-20-300x156.jpg 300w, https:\/\/dorogimedence.hu\/wp-content\/uploads\/2021\/07\/torna-20-768x400.jpg 768w, https:\/\/dorogimedence.hu\/wp-content\/uploads\/2021\/07\/torna-20-150x78.jpg 150w, https:\/\/dorogimedence.hu\/wp-content\/uploads\/2021\/07\/torna-20-450x235.jpg 450w\" sizes=\"(max-width: 900px) 100vw, 900px\" \/><\/p>\n<p style=\"text-align: left;\"><span style=\"font-size: 10pt;\"><em>A Krimeja stadion Rijeka <\/em><em>Su\u0161ak negyed\u00e9ben. Itt j\u00e1tszott\u00e1k a dorogiak a csoportmecseiket (forr\u00e1s: A HNK Orijent 1919 hivatalos honlapja)<\/em><\/span><\/p>\n<p style=\"text-align: justify;\">A csoportk\u00f6r\u00f6k ut\u00e1n a n\u00e9gy csoportgy\u0151ztes a legjobb 4-k\u00f6z\u00e9 jutott. Az 1. csoportb\u00f3l a Partizan Beograd, a 2. csoportb\u00f3l a CSZKA Sofija, a 3. csoportb\u00f3l a HNK Rijeka, m\u00edg a 4. csoportb\u00f3l a Dorog v\u00e1rhatta az el\u0151d\u00f6nt\u0151t. A folytat\u00e1s el\u0151tt a csapatok k\u00e9tnapos pihen\u0151t kaptak. A sorsol\u00e1s \u00fagy hozta, hogy a c\u00edmv\u00e9d\u0151 Partiz\u00e1n Belgr\u00e1d lett az el\u0151d\u00f6nt\u0151s ellenfel\u00fck.<\/p>\n<p><img loading=\"lazy\" decoding=\"async\" class=\"alignnone size-full wp-image-34616\" src=\"https:\/\/dorogimedence.hu\/wp-content\/uploads\/2021\/07\/torna-21.jpg\" alt=\"\" width=\"900\" height=\"599\" srcset=\"https:\/\/dorogimedence.hu\/wp-content\/uploads\/2021\/07\/torna-21.jpg 900w, https:\/\/dorogimedence.hu\/wp-content\/uploads\/2021\/07\/torna-21-300x200.jpg 300w, https:\/\/dorogimedence.hu\/wp-content\/uploads\/2021\/07\/torna-21-768x511.jpg 768w, https:\/\/dorogimedence.hu\/wp-content\/uploads\/2021\/07\/torna-21-150x100.jpg 150w, https:\/\/dorogimedence.hu\/wp-content\/uploads\/2021\/07\/torna-21-450x300.jpg 450w, https:\/\/dorogimedence.hu\/wp-content\/uploads\/2021\/07\/torna-21-272x182.jpg 272w\" sizes=\"(max-width: 900px) 100vw, 900px\" \/><\/p>\n<p style=\"text-align: left;\"><span style=\"font-size: 10pt;\"><em>A 3. csoport m\u00e9rk\u0151z\u00e9seinek, tov\u00e1bb\u00e1 az el\u0151d\u00f6nt\u0151k, a bronzm\u00e9rk\u0151z\u00e9s \u00e9s a d\u00f6nt\u0151 sz\u00ednhelye, a csod\u00e1latos fekv\u00e9s\u0171 <\/em><em>Kantrida stadion (forr\u00e1s: Wikimedia Commons)<\/em><\/span><\/p>\n<p style=\"text-align: center;\"><strong><em><u>El\u0151d\u00f6nt\u0151 &#8211;\u00a0<\/u><\/em><\/strong><strong><em><u>J\u00falius 2.<\/u><\/em><\/strong><strong><em><u><br \/>\n<\/u><\/em><\/strong><\/p>\n<p style=\"text-align: justify;\">A pihen\u00e9s mintha megzavarta volna a dorogi j\u00e1t\u00e9kosokat, akik egy nagy veres\u00e9gbe szaladtak bele. A Partiz\u00e1nnak ugyan f\u00e9lelmetes h\u00edrneve volt \u00e9s mindent meg is tett az\u00e9rt, hogy ism\u00e9t elh\u00f3d\u00edtsa a kup\u00e1t, azonban a kisikl\u00e1sban szerepet j\u00e1tszott az is, hogy az egy\u00e9bk\u00e9nt kiv\u00e1l\u00f3 k\u00e9pess\u00e9g\u0171 \u00e9s a torn\u00e1n addig m\u00e9g g\u00f3lt sem kap\u00f3 Szab\u00f3 kapus ez\u00fattal szerencs\u00e9tlen napot fogott ki, pedig t\u00f6bb g\u00f3l is elker\u00fclhet\u0151 lett volna.\u00a0<strong><em><br \/>\n<\/em><\/strong><\/p>\n<p><img loading=\"lazy\" decoding=\"async\" class=\"alignnone size-full wp-image-34617\" src=\"https:\/\/dorogimedence.hu\/wp-content\/uploads\/2021\/07\/torna-22.jpg\" alt=\"\" width=\"900\" height=\"250\" srcset=\"https:\/\/dorogimedence.hu\/wp-content\/uploads\/2021\/07\/torna-22.jpg 900w, https:\/\/dorogimedence.hu\/wp-content\/uploads\/2021\/07\/torna-22-300x83.jpg 300w, https:\/\/dorogimedence.hu\/wp-content\/uploads\/2021\/07\/torna-22-768x213.jpg 768w, https:\/\/dorogimedence.hu\/wp-content\/uploads\/2021\/07\/torna-22-150x42.jpg 150w, https:\/\/dorogimedence.hu\/wp-content\/uploads\/2021\/07\/torna-22-450x125.jpg 450w\" sizes=\"(max-width: 900px) 100vw, 900px\" \/><\/p>\n<p style=\"text-align: center;\"><strong>PARTIZAN BEOGRAD\u00a0\u2013\u00a0<\/strong><strong>DOROGI B\u00c1NY\u00c1SZ\u00a0 4 : 0<\/strong><\/p>\n<p style=\"text-align: center;\">A m\u00e1sik \u00e1gon a hazai csapatnak nem j\u00f6tt \u00f6ssze a d\u00f6nt\u0151be jut\u00e1s:<\/p>\n<p><img loading=\"lazy\" decoding=\"async\" class=\"alignnone size-full wp-image-34618\" src=\"https:\/\/dorogimedence.hu\/wp-content\/uploads\/2021\/07\/torna-23.jpg\" alt=\"\" width=\"900\" height=\"250\" srcset=\"https:\/\/dorogimedence.hu\/wp-content\/uploads\/2021\/07\/torna-23.jpg 900w, https:\/\/dorogimedence.hu\/wp-content\/uploads\/2021\/07\/torna-23-300x83.jpg 300w, https:\/\/dorogimedence.hu\/wp-content\/uploads\/2021\/07\/torna-23-768x213.jpg 768w, https:\/\/dorogimedence.hu\/wp-content\/uploads\/2021\/07\/torna-23-150x42.jpg 150w, https:\/\/dorogimedence.hu\/wp-content\/uploads\/2021\/07\/torna-23-450x125.jpg 450w\" sizes=\"(max-width: 900px) 100vw, 900px\" \/><\/p>\n<p style=\"text-align: center;\"><strong>HNK RIJEKA\u00a0<\/strong><strong>\u2013\u00a0<\/strong><strong>CSZKA SZOFIJA\u00a0\u00a00 : 1<\/strong><\/p>\n<p style=\"text-align: center;\"><strong><u>Bronzm\u00e9rk\u0151z\u00e9s &#8211; J\u00falius 3.<\/u><\/strong><\/p>\n<p style=\"text-align: justify;\">M\u00e1snap pedig m\u00e1r az \u00e9rmek\u00e9rt zajlottak a k\u00fczdelmek. A hazaiak b\u00edztak abban, hogy legal\u00e1bb a dobog\u00f3 harmadik fok\u00e1ra \u00e1lljanak, amir\u0151l viszont a dorogiak sem tettel le. T\u00f6bbezres n\u00e9z\u0151sereg biztat\u00e1sa mellett tal\u00e1n a torna egyik legjobb meccse kerekedett kettej\u00fck p\u00e1rharc\u00e1b\u00f3l, amely ak\u00e1r a d\u00f6nt\u0151nek is beillett volna. A mieink t\u00faltett\u00e9k magukat az el\u0151z\u0151 napi fiask\u00f3n \u00e9s remek\u00fcl megszervezt\u00e9k a soraikat. Az els\u0151 f\u00e9lid\u0151t k\u00f6vet\u0151en egy g\u00f3los el\u0151nnyel t\u00e9rhettek pihen\u0151re, a folytat\u00e1sban viszont a hazaiak mindent beleadva el\u0151bb kiegyenl\u00edtettek, majd \u00e1tvett\u00e9k a vezet\u00e9st is. A b\u00e1ny\u00e1szcsapat azonban nem t\u00f6r\u0151d\u00f6tt bele \u00e9s tov\u00e1bbi fordulatot hozott az izgalmas, helyenk\u00e9nt kifejezetten sz\u00ednvonlas j\u00e1t\u00e9k. Ez\u00fattal a Dorog egyenl\u00edtett, majd \u00fajabb tal\u00e1lat\u00e1val a maga jav\u00e1ra ford\u00edtotta az eredm\u00e9ny, s v\u00e9g\u00fcl legy\u0151zte a vend\u00e9gl\u00e1t\u00f3kat. Noha a helyi drukkerek \u00e9rthet\u0151en csal\u00f3dottak lehettek, m\u00e9gis igen sportszer\u0171en vastapssal \u00e9ltett\u00e9k a dorogi csapatot, amely a teljes torna sor\u00e1n, kiemelten a harmadik hely\u00e9rt j\u00e1tszott meccsen nagy k\u00f6z\u00f6ns\u00e9gsikert aratott.<strong><br \/>\n<\/strong><\/p>\n<p><img loading=\"lazy\" decoding=\"async\" class=\"alignnone size-full wp-image-34619\" src=\"https:\/\/dorogimedence.hu\/wp-content\/uploads\/2021\/07\/torna-24.jpg\" alt=\"\" width=\"900\" height=\"250\" srcset=\"https:\/\/dorogimedence.hu\/wp-content\/uploads\/2021\/07\/torna-24.jpg 900w, https:\/\/dorogimedence.hu\/wp-content\/uploads\/2021\/07\/torna-24-300x83.jpg 300w, https:\/\/dorogimedence.hu\/wp-content\/uploads\/2021\/07\/torna-24-768x213.jpg 768w, https:\/\/dorogimedence.hu\/wp-content\/uploads\/2021\/07\/torna-24-150x42.jpg 150w, https:\/\/dorogimedence.hu\/wp-content\/uploads\/2021\/07\/torna-24-450x125.jpg 450w\" sizes=\"(max-width: 900px) 100vw, 900px\" \/><\/p>\n<p style=\"text-align: center;\"><strong>HNK RIJEKA\u00a0<\/strong><strong>\u2013\u00a0<\/strong><strong>DOROGI B\u00c1NY\u00c1SZ\u00a0 2\u00a0: 3<\/strong><\/p>\n<p style=\"text-align: center;\"><strong><u>D\u00f6nt\u0151\u00a0&#8211; J\u00falius 3.<\/u><\/strong><\/p>\n<p style=\"text-align: justify;\">Ezt k\u00f6vet\u0151en j\u00f6tt a d\u00f6nt\u0151, amely igen szoros meccset hozott, de v\u00e9g\u00fcl a belgr\u00e1diaknak siker\u00fclt a c\u00edm\u00fcket megv\u00e9deni \u00e9s \u00fajabb egy \u00e9vre hazavihett\u00e9k a tr\u00f3fe\u00e1t.\u00a0<strong><br \/>\n<\/strong><\/p>\n<p><img loading=\"lazy\" decoding=\"async\" class=\"alignnone size-full wp-image-34620\" src=\"https:\/\/dorogimedence.hu\/wp-content\/uploads\/2021\/07\/torna-25.jpg\" alt=\"\" width=\"900\" height=\"250\" srcset=\"https:\/\/dorogimedence.hu\/wp-content\/uploads\/2021\/07\/torna-25.jpg 900w, https:\/\/dorogimedence.hu\/wp-content\/uploads\/2021\/07\/torna-25-300x83.jpg 300w, https:\/\/dorogimedence.hu\/wp-content\/uploads\/2021\/07\/torna-25-768x213.jpg 768w, https:\/\/dorogimedence.hu\/wp-content\/uploads\/2021\/07\/torna-25-150x42.jpg 150w, https:\/\/dorogimedence.hu\/wp-content\/uploads\/2021\/07\/torna-25-450x125.jpg 450w\" sizes=\"(max-width: 900px) 100vw, 900px\" \/><\/p>\n<p style=\"text-align: center;\"><strong>PARTIZAN BEOGRAD\u00a0\u2013\u00a0<\/strong><strong>C<\/strong><strong>SZKA SZOFIJA\u00a0<\/strong><strong>1 : 0<\/strong><\/p>\n<p style=\"text-align: justify;\">A dorogi csapat sz\u00e9p sikert \u00e9rt el, amellyel egyben a magyar labdar\u00fag\u00e1s\u00e1nak is tov\u00e1bbi elismer\u00e9st szerzett, s m\u00e9lt\u00f3n k\u00e9pviselte nem csak Dorog v\u00e1ros\u00e1t, hanem az eg\u00e9sz orsz\u00e1gunkat. A torn\u00e1n elszenvedett egyetlen veres\u00e9get k\u00f6nnyebb volt feldolgozni annak tudat\u00e1ban, hogy a kupagy\u0151ztes ellen t\u00f6rt\u00e9nt. Az eredm\u00e9nyh\u00edrdet\u00e9s \u00e9s az \u00e9rmek kioszt\u00e1s\u00e1t k\u00f6vet\u0151en k\u00f6z\u00f6s b\u00facs\u00fabankettre invit\u00e1lt\u00e1k a r\u00e9sztvev\u0151ket.<\/p>\n<p><strong><u>Az 1966-os torna v\u00e9geredm\u00e9nye:<\/u><\/strong><\/p>\n<ol>\n<li><strong> Partizan Beograd<\/strong><\/li>\n<li><strong> CSZKA Szofija<\/strong><\/li>\n<li><strong> Dorogi B\u00e1ny\u00e1sz<\/strong><\/li>\n<\/ol>\n<p><img loading=\"lazy\" decoding=\"async\" class=\"alignnone size-full wp-image-34621\" src=\"https:\/\/dorogimedence.hu\/wp-content\/uploads\/2021\/07\/torna-26.jpg\" alt=\"\" width=\"900\" height=\"800\" srcset=\"https:\/\/dorogimedence.hu\/wp-content\/uploads\/2021\/07\/torna-26.jpg 900w, https:\/\/dorogimedence.hu\/wp-content\/uploads\/2021\/07\/torna-26-300x267.jpg 300w, https:\/\/dorogimedence.hu\/wp-content\/uploads\/2021\/07\/torna-26-768x683.jpg 768w, https:\/\/dorogimedence.hu\/wp-content\/uploads\/2021\/07\/torna-26-150x133.jpg 150w, https:\/\/dorogimedence.hu\/wp-content\/uploads\/2021\/07\/torna-26-450x400.jpg 450w\" sizes=\"(max-width: 900px) 100vw, 900px\" \/><\/p>\n<p style=\"text-align: center;\"><span style=\"font-size: 10pt;\">A 3. hely\u00e9rt j\u00e1r\u00f3 tr\u00f3fea (forr\u00e1s: A Csisz\u00e1r csal\u00e1d album\u00e1b\u00f3l)<\/span><\/p>\n<p style=\"text-align: justify;\">A torna g\u00f3lkir\u00e1ly\u00e1nak \u00e9s legjobb j\u00e1t\u00e9kosnak j\u00e1r\u00f3 k\u00fcl\u00f6nd\u00edjat a Partiz\u00e1n k\u00e9t labdar\u00fag\u00f3ja, m\u00edg a legsportszer\u0171bb csapat c\u00edmet a d\u00e1nok vehett\u00e9k \u00e1t. Ezen fel\u00fcl tov\u00e1bbi d\u00edjak is kioszt\u00e1sra ker\u00fcltek, k\u00f6zt\u00fck a dorogiak is t\u00f6bb elismer\u00e9sben\u00a0r\u00e9szes\u00fcltek. \u00c9rdemes sz\u00f3t ejteni a j\u00e1t\u00e9kvezet\u00e9sr\u0151l is, amellyel minden r\u00e9sztvev\u0151 csapat teljes m\u00e9rt\u00e9kben el\u00e9gedetten nyilatkozott. Teljesen p\u00e1rtatlanul dirig\u00e1lt\u00e1k valamennyi tal\u00e1lkoz\u00f3t.<\/p>\n<p><img loading=\"lazy\" decoding=\"async\" class=\"alignnone size-full wp-image-34622\" src=\"https:\/\/dorogimedence.hu\/wp-content\/uploads\/2021\/07\/torna-27.jpg\" alt=\"\" width=\"900\" height=\"488\" srcset=\"https:\/\/dorogimedence.hu\/wp-content\/uploads\/2021\/07\/torna-27.jpg 900w, https:\/\/dorogimedence.hu\/wp-content\/uploads\/2021\/07\/torna-27-300x163.jpg 300w, https:\/\/dorogimedence.hu\/wp-content\/uploads\/2021\/07\/torna-27-768x416.jpg 768w, https:\/\/dorogimedence.hu\/wp-content\/uploads\/2021\/07\/torna-27-150x81.jpg 150w, https:\/\/dorogimedence.hu\/wp-content\/uploads\/2021\/07\/torna-27-450x244.jpg 450w\" sizes=\"(max-width: 900px) 100vw, 900px\" \/><\/p>\n<p style=\"text-align: left;\"><span style=\"font-size: 10pt;\"><em>A Rijek\u00e1ban szerepelt csapat tagjai m\u00e9g a dorogi p\u00e1ly\u00e1n meg\u00f6r\u00f6k\u00edtve az egyik edz\u00e9s sor\u00e1n. Fels\u0151 sor balr\u00f3l: Simonfi, Csisz\u00e1r, Debre, Simon, Varga J\u00e1nos edz\u0151, Laczk\u00f3, Bartl, Duralla, Moln\u00e1r. El\u0151l: Nagy, Lakics, Dancs, Szab\u00f3 I., Bartalos, Kiss R.\u00a0<\/em><em>(forr\u00e1s: A Csisz\u00e1r csal\u00e1d album\u00e1b\u00f3l).<\/em><\/span><\/p>\n<p style=\"text-align: justify;\">Varga J\u00e1nos h\u00e1rom \u00e9vvel kor\u00e1bban m\u00e9g maga is a Dorog labdar\u00fag\u00f3ja volt, majd visszavonulva az akt\u00edv j\u00e1t\u00e9kt\u00f3l, edz\u0151k\u00e9nt folytatta p\u00e1lyafut\u00e1s\u00e1t. Tr\u00e9nerk\u00e9nt mindj\u00e1rt sz\u00e9p sikerrel rukkolt el\u0151 \u00e9s m\u00e1r ekkor sejteni lehetett, hogy igen eredm\u00e9nyes edz\u0151i p\u00e1ly\u00e1t fog befutni.<\/p>\n<p style=\"text-align: justify;\"><strong><em><u>A Dorogi csapat tagjai:<\/u> Bartalos J\u00f3zsef, Bartl L\u0151rinc, Cz\u00e9h L\u00e1szl\u00f3, Csisz\u00e1r L\u00e1szl\u00f3, Dancs Gyula, Debre P\u00e9ter, Duralla Ferenc, Kaiser J\u00f3zsef, Kiss Rudolf, Laczk\u00f3 Istv\u00e1n, Lakics Bal\u00e1zs, Moln\u00e1r J\u00f3zsef, Nagy S\u00e1ndor, Simon Gyula, Simonfi Ferenc, Szab\u00f3 I. Istv\u00e1n, Szab\u00f3 II. Istv\u00e1n. Szakmai st\u00e1b: Varga J\u00e1nos vezet\u0151edz\u0151, Nyir\u00e1k Rudolf technikai vezet\u0151, K\u00e1llai K\u00e1roly szakoszt\u00e1lyvezet\u0151, Havas Mikl\u00f3s sportvezet\u0151.<\/em><\/strong><\/p>\n<p><img loading=\"lazy\" decoding=\"async\" class=\"alignnone size-full wp-image-34623\" src=\"https:\/\/dorogimedence.hu\/wp-content\/uploads\/2021\/07\/torna-28.jpg\" alt=\"\" width=\"900\" height=\"271\" srcset=\"https:\/\/dorogimedence.hu\/wp-content\/uploads\/2021\/07\/torna-28.jpg 900w, https:\/\/dorogimedence.hu\/wp-content\/uploads\/2021\/07\/torna-28-300x90.jpg 300w, https:\/\/dorogimedence.hu\/wp-content\/uploads\/2021\/07\/torna-28-768x231.jpg 768w, https:\/\/dorogimedence.hu\/wp-content\/uploads\/2021\/07\/torna-28-150x45.jpg 150w, https:\/\/dorogimedence.hu\/wp-content\/uploads\/2021\/07\/torna-28-450x136.jpg 450w\" sizes=\"(max-width: 900px) 100vw, 900px\" \/><\/p>\n<p style=\"text-align: center;\"><span style=\"font-size: 10pt;\"><em>K\u00e9t szalagc\u00edm is a korabeli sajt\u00f3 lapjair\u00f3l (forr\u00e1s: Dolgoz\u00f3k Lapja)<\/em><\/span><\/p>\n<p style=\"text-align: justify;\">A szakvezet\u0151k el\u00e9gedettek voltak a csapat teljes\u00edtm\u00e9ny\u00e9vel, s k\u00fcl\u00f6n dics\u00e9rt\u00e9k a j\u00e1t\u00e9kosok mor\u00e1lj\u00e1t \u00e9s p\u00e9ld\u00e1s helyt\u00e1ll\u00e1s\u00e1t. K\u00fcl\u00f6n kiemelt\u00e9k, hogy a rekken\u0151 h\u0151s\u00e9g ellen\u00e9re is mindent beleadtak. A torna sor\u00e1n a napi \u00e1tlagh\u0151m\u00e9rs\u00e9klet b\u0151ven meghaladta a 30 Celsiust. Egy\u00e9nileg is j\u00f3l teljes\u00edtettek a labdar\u00fag\u00f3k, azonban Simonfi Ferencet egy fejjel mindenki f\u00f6l\u00e9 helyezt\u00e9k az edz\u0151k, aki k\u00fcl\u00f6n\u00f6sen kiemelked\u0151t ny\u00fajtott a kupa-sorozaton. Bartalos, Duralla, Lakics, Simon, Cz\u00e9h \u00e9s Moln\u00e1r az NB I-es csapat meghat\u00e1roz\u00f3i voltak, viszont a feln\u0151tt csapatba val\u00f3 ker\u00fcl\u00e9s k\u00fcsz\u00f6b\u00e9n \u00e1ll\u00f3 ifjak is rem\u00e9nyteljesen fejl\u0151dtek, s k\u00f6z\u00fcl\u00fck t\u00f6bben is a k\u00e9s\u0151bbiekben ugyancsak sz\u00e9p p\u00e1ly\u00e1t futottak be. A g\u00e1rd\u00e1t k\u00fcl\u00f6n n\u00e9h\u00e1ny \u00e9rdekess\u00e9g is jellemezte. A csapatban k\u00e9t olyan j\u00e1t\u00e9kos is szerepelt, akiknek \u00e9desapjuk a dorogi foci aranykor\u00e1ban oszlopos tagjai voltak a B\u00e1ny\u00e1sznak. Nevezetesen, Laczk\u00f3 Istv\u00e1n \u00e9s Moln\u00e1r J\u00f3zsef ugyancsak azonos nev\u0171 fiair\u00f3l van sz\u00f3. Az ifjabbik Laczk\u00f3 minden id\u0151k egyik legeredm\u00e9nyesebb j\u00e1t\u00e9kosa lett \u00e9s a h\u00e1zi \u00f6r\u00f6k g\u00f3lranglist\u00e1n a 4. helyen \u00e1ll, amelyet pedig \u00e9ppen a m\u00e1sikuk, az ifjabb Moln\u00e1r \u00e9desapja vezet gyakorlatilag megd\u00f6nthetetlen\u00fcl.<\/p>\n<p><img loading=\"lazy\" decoding=\"async\" class=\"alignnone size-full wp-image-34624\" src=\"https:\/\/dorogimedence.hu\/wp-content\/uploads\/2021\/07\/torna-29.jpg\" alt=\"\" width=\"900\" height=\"675\" srcset=\"https:\/\/dorogimedence.hu\/wp-content\/uploads\/2021\/07\/torna-29.jpg 900w, https:\/\/dorogimedence.hu\/wp-content\/uploads\/2021\/07\/torna-29-300x225.jpg 300w, https:\/\/dorogimedence.hu\/wp-content\/uploads\/2021\/07\/torna-29-768x576.jpg 768w, https:\/\/dorogimedence.hu\/wp-content\/uploads\/2021\/07\/torna-29-150x113.jpg 150w, https:\/\/dorogimedence.hu\/wp-content\/uploads\/2021\/07\/torna-29-450x338.jpg 450w\" sizes=\"(max-width: 900px) 100vw, 900px\" \/><\/p>\n<p style=\"text-align: left;\"><span style=\"font-size: 10pt;\"><em>A torn\u00e1n a csapat legrutinosabb tagja, egyben koreln\u00f6ke, Bartalos J\u00f3zsef volt, aki a k\u00f6zelm\u00falt \u00e9veiben meg\u00f6r\u00f6k\u00edtett k\u00e9pen l\u00e1that\u00f3 a Dorogi Sportm\u00fazeum II. sz\u00e1m\u00fa term\u00e9ben, ahol a nemzetk\u00f6zi erekly\u00e9k vannak ki\u00e1ll\u00edtva, k\u00f6zt\u00fck n\u00e9h\u00e1ny \u00e9ppen a rijekai torn\u00e1r\u00f3l. T\u00f6bbek k\u00f6z\u00f6tt mellette bal k\u00e9z fel\u0151l egy d\u00edszes faragott fakulacs piros selyemszalaggal, rajta a felirat: Rijeka. Tov\u00e1bb\u00e1 jobbra, k\u00f6zel a sarki r\u00e9szhez pedig egy jugoszl\u00e1v z\u00e1szl\u00f3.<\/em><\/span><em><br \/>\n<\/em><\/p>\n<p style=\"text-align: justify;\">\u00a0Ugyancsak \u00e9rdekes egybees\u00e9s, hogy k\u00e9t azonos nev\u0171 j\u00e1t\u00e9kos volt tagja ennek a csapatnak, m\u00e9gpedig a k\u00e9t Szab\u00f3 Istv\u00e1n, akiket posztjuk, no meg a v\u00e9djegy\u00fckk\u00e9 v\u00e1lt becenev\u00fck alapj\u00e1n lehet a legk\u00f6nnyebben azonos\u00edtani. &#8222;Piszka&#8221; a kapus \u00e9s &#8222;Okos&#8221; az ir\u00e1ny\u00edt\u00f3. A h\u00e1l\u00f3\u0151r lett a visszavonul\u00f3ban l\u00e9v\u0151 Ilku Istv\u00e1n k\u00f6zvetlen ut\u00f3da, majd 1968-ban a Videoton igazolta soraiba, ahol k\u00f6zel egy teljes \u00e9vtizedig volt a feh\u00e9rv\u00e1riak kapusa, majd 1977-ben t\u00e9rt vissza Dorogra \u00e9s m\u00e9g hossz\u00fa \u00e9vekig \u0151rizte a dorogi kaput. N\u00e9vrokon\u00e1\u00e9k h\u00e1rman voltak fi\u00fa testv\u00e9rek, s valamennyien ugyancsak futballoztak. A h\u00e1rom testv\u00e9r- Istv\u00e1n, Gyula \u00e9s J\u00f3zsef &#8211; k\u00f6z\u00fcl a legifjabb fiv\u00e9r a k\u00f6vetkez\u0151 \u00e9vtized nagy felfedezettje, aki a Dorog, majd a Videoton kiemelked\u0151 \u00e9s igen g\u00f3ler\u0151s csat\u00e1r\u00e1v\u00e1 v\u00e1lt (Azt m\u00e1r csak z\u00e1r\u00f3jelben jegyezn\u00e9m meg, hogy hogy b\u00e1r kisgyermekkorom \u00f3ta mindk\u00e9t Szab\u00f3 csal\u00e1ddal ismerets\u00e9gbe \u00e9s j\u00f3 kapcsolatba ker\u00fcltem, azonban egyik fam\u00edli\u00e1val sem \u00e1llok rokons\u00e1gba.). A csapat h\u00edven mutatja azt a potenci\u00e1t, amely ebben a kisv\u00e1rosban rejlik. A g\u00e1rda szinte valamennyi tagja dorogi, j\u00f3 r\u00e9sz\u00fck pedig egyben dorogi sz\u00fclet\u00e9s\u0171 is volt.<\/p>\n<p><img loading=\"lazy\" decoding=\"async\" class=\"alignnone size-full wp-image-34625\" src=\"https:\/\/dorogimedence.hu\/wp-content\/uploads\/2021\/07\/torna-30.jpg\" alt=\"\" width=\"900\" height=\"397\" srcset=\"https:\/\/dorogimedence.hu\/wp-content\/uploads\/2021\/07\/torna-30.jpg 900w, https:\/\/dorogimedence.hu\/wp-content\/uploads\/2021\/07\/torna-30-300x132.jpg 300w, https:\/\/dorogimedence.hu\/wp-content\/uploads\/2021\/07\/torna-30-768x339.jpg 768w, https:\/\/dorogimedence.hu\/wp-content\/uploads\/2021\/07\/torna-30-150x66.jpg 150w, https:\/\/dorogimedence.hu\/wp-content\/uploads\/2021\/07\/torna-30-450x199.jpg 450w\" sizes=\"(max-width: 900px) 100vw, 900px\" \/><\/p>\n<p style=\"text-align: center;\"><span style=\"font-size: 10pt;\"><em>A 2018-ban rendezett torna 2. csoportj\u00e1nak menetrendje a programf\u00fczetben (forr\u00e1s: Kvarnerska Rivijera weboldala)<\/em><\/span><\/p>\n<p style=\"text-align: justify;\"><u>Megjegyz\u00e9s:<\/u> A k\u00fclf\u00f6ldi nevek helyes haszn\u00e1lata gyakorta \u00e1ll\u00edt benn\u00fcnket neh\u00e9z feladat el\u00e9. R\u00e1ad\u00e1sul k\u00f6reinkben megszokott, hogy sok helyis\u00e9g \u00e9s f\u00f6ldrajzi nevet magyarosan \u00edrunk, amely alapj\u00e1ban v\u00e9ve teljesen elfogadott. A hat\u00e1rainkon t\u00fali sportegyes\u00fcletek nevei k\u00fcl\u00f6n is gondot okoz, azonban igyekeztem konszenzusra jutni, hogy a lehet\u0151 legjobb vonalat k\u00f6vetve pr\u00f3b\u00e1ljak k\u00f6vetkezetes lenni. Ez abszol\u00fat neh\u00e9z, mert k\u00e9ptelens\u00e9g minden n\u00e9v eset\u00e9n k\u00f6z\u00f6s nevez\u0151t tal\u00e1lni. A cikkben szerepl\u0151 csapat nevek k\u00f6z\u00f6tt eleve vannak olyanok, amelyek eredetileg ciril-bet\u0171vel \u00edr\u00f3dnak, amelyre van elfogadott latinos\u00edtott v\u00e1ltozat. A csapatok nevein\u00e9l d\u00f6nt\u0151 t\u00f6bbs\u00e9gben \u00fagy \u00edrtam, ahogy a magyar szaksajt\u00f3ban \u00edrott form\u00e1ban jelenleg haszn\u00e1latos. Ez\u00e9rt nincs fentebb p\u00e9ld\u00e1ul Sz\u00f3fia,Vars\u00f3, Z\u00e1gr\u00e1b, Belgr\u00e1d vagy Pr\u00e1ga form\u00e1ban n\u00e9v. A Partiz\u00e1n Belgr\u00e1d v\u00e1ltozat pedig k\u00f6zelebb \u00e1llna hozz\u00e1m, de jelenleg a kiv\u00e1l\u00f3 szerb csapat mostani nev\u00e9t \u00fagy haszn\u00e1lj\u00e1k minden\u00fctt, mint FK Partizan. Tekintve, hogy a cikkben a korabeli nev\u00fck\u00f6n adtam meg valamennyi csapatot, \u00edgy ezt nem \u00edrhattam.<\/p>\n<p style=\"text-align: justify;\">K\u00fcl\u00f6n k\u00f6sz\u00f6net Csisz\u00e1r L\u00e1szl\u00f3 \u00e9s csal\u00e1dja r\u00e9sz\u00e9re a megosztott fot\u00f3k\u00e9rt \u00e9s t\u00f6bb inform\u00e1ci\u00f3 pontos\u00edt\u00e1s\u00e1\u00e9rt, illetve azok meger\u0151s\u00edt\u00e9s\u00e9\u00e9rt.<\/p>\n<p><em>Bor\u00edt\u00f3k\u00e9p: A torna embl\u00e9m\u00e1ja (forr\u00e1s: Kvarnerska Rivijera weboldala)\u00a0<\/em><\/p>\n<p><strong><u>Felhaszn\u00e1lt irodalom:<\/u><\/strong><\/p>\n<ul>\n<li>Kvarnerska Rivijera weboldala<\/li>\n<li>Dolgoz\u00f3k Lapja &#8211; Kom\u00e1rom megyei napilap, 1966. j\u00falius 7-10. sz\u00e1mok<\/li>\n<li>Magyar Sz\u00f3 &#8211; D\u00e9lvid\u00e9ki magyar nyelv\u0171 napilap, 1966. j\u00faniusi-j\u00faliusi sz\u00e1mok<\/li>\n<li>Danilo Butorovi\u0107: MEZZO SECOLO DELLA KVARNERSKA RIVIJERA 1953. \u2013 2002. (horv\u00e1t nyelven) &#8211;\u00a0Anno accademico 2005\/2006<\/li>\n<li>NK Rijeka.hr: Kvarnerska Rivijera Contest rules (angol nyelven) &#8211; Rijeka, 2016.<\/li>\n<\/ul>\n<p><em><strong>Szab\u00f3 Gyula<\/strong><\/em><\/p>\n","protected":false},"excerpt":{"rendered":"<p>A kontinens egyik legnevesebb nemzetk\u00f6zi kup\u00e1j\u00e1ban, a Kvarnerska Rivijera 1966-os ki\u00edr\u00e1s\u00e1ban a dorogiak a dobog\u00f3n v\u00e9geztek, miut\u00e1n az el\u0151kel\u0151 harmadik helyet szerezt\u00e9k meg. E jeles esem\u00e9ny \u00f6t \u00e9s f\u00e9l \u00e9vtizedes \u00e9vfordul\u00f3ja alkalm\u00e1b\u00f3l \u00e1ll\u00edt eml\u00e9ket ez az \u00f6ssze\u00e1ll\u00edt\u00e1s &#8211; Szab\u00f3 Gyula cikke. A neves jugoszl\u00e1v HNK Rijeka egyes\u00fclet\u00e9nek kezdem\u00e9nyez\u00e9s\u00e9re \u00e9s rendez\u00e9s\u00e9ben egy nagyszab\u00e1s\u00fa nemzetk\u00f6zi torn\u00e1t alap\u00edtottak,<\/p>\n","protected":false},"author":1,"featured_media":34595,"comment_status":"closed","ping_status":"closed","sticky":false,"template":"","format":"standard","meta":{"ngg_post_thumbnail":0,"footnotes":""},"categories":[2,3,6031,5],"tags":[15,37,70,69,72,16,3563,266],"class_list":{"0":"post-34593","1":"post","2":"type-post","3":"status-publish","4":"format-standard","5":"has-post-thumbnail","7":"category-dorog","8":"category-hirek","9":"category-kerek-evfordulok","10":"category-sport","11":"tag-dorog","12":"tag-dorogi-fc","13":"tag-foci","14":"tag-futball","15":"tag-labdarugas","16":"tag-sport","17":"tag-sporttortenelem","18":"tag-tortenelem"},"yoast_head":"<!-- This site is optimized with the Yoast SEO plugin v27.5 - https:\/\/yoast.com\/product\/yoast-seo-wordpress\/ -->\n<title>55 \u00e9ve t\u00f6rt\u00e9nt: A Dorogi B\u00e1ny\u00e1sz labdar\u00fag\u00f3inak sikere a vil\u00e1gh\u00edr\u0171 nemzetk\u00f6zi torn\u00e1n<\/title>\n<meta name=\"robots\" content=\"index, follow, max-snippet:-1, max-image-preview:large, max-video-preview:-1\" \/>\n<link rel=\"canonical\" href=\"https:\/\/dorogimedence.hu\/index.php\/2021\/07\/06\/55-eve-tortent-a-dorogi-banyasz-labdarugoinak-sikere-a-vilaghiru-nemzetkozi-tornan\/\" class=\"yoast-seo-meta-tag\" \/>\n<meta property=\"og:locale\" content=\"hu_HU\" class=\"yoast-seo-meta-tag\" \/>\n<meta property=\"og:type\" content=\"article\" class=\"yoast-seo-meta-tag\" \/>\n<meta property=\"og:title\" content=\"55 \u00e9ve t\u00f6rt\u00e9nt: A Dorogi B\u00e1ny\u00e1sz labdar\u00fag\u00f3inak sikere a vil\u00e1gh\u00edr\u0171 nemzetk\u00f6zi torn\u00e1n\" class=\"yoast-seo-meta-tag\" \/>\n<meta property=\"og:description\" content=\"A kontinens egyik legnevesebb nemzetk\u00f6zi kup\u00e1j\u00e1ban, a Kvarnerska Rivijera 1966-os ki\u00edr\u00e1s\u00e1ban a dorogiak a dobog\u00f3n v\u00e9geztek, miut\u00e1n az el\u0151kel\u0151 harmadik helyet szerezt\u00e9k meg. E jeles esem\u00e9ny \u00f6t \u00e9s f\u00e9l \u00e9vtizedes \u00e9vfordul\u00f3ja alkalm\u00e1b\u00f3l \u00e1ll\u00edt eml\u00e9ket ez az \u00f6ssze\u00e1ll\u00edt\u00e1s &#8211; Szab\u00f3 Gyula cikke. A neves jugoszl\u00e1v HNK Rijeka egyes\u00fclet\u00e9nek kezdem\u00e9nyez\u00e9s\u00e9re \u00e9s rendez\u00e9s\u00e9ben egy nagyszab\u00e1s\u00fa nemzetk\u00f6zi torn\u00e1t alap\u00edtottak,\" class=\"yoast-seo-meta-tag\" \/>\n<meta property=\"og:url\" content=\"https:\/\/dorogimedence.hu\/index.php\/2021\/07\/06\/55-eve-tortent-a-dorogi-banyasz-labdarugoinak-sikere-a-vilaghiru-nemzetkozi-tornan\/\" class=\"yoast-seo-meta-tag\" \/>\n<meta property=\"og:site_name\" content=\"Dorogi-medence Region\u00e1lis H\u00edrport\u00e1l\" class=\"yoast-seo-meta-tag\" \/>\n<meta property=\"article:publisher\" content=\"https:\/\/www.facebook.com\/dorogimedence\/\" class=\"yoast-seo-meta-tag\" \/>\n<meta property=\"article:published_time\" content=\"2021-07-06T12:29:37+00:00\" class=\"yoast-seo-meta-tag\" \/>\n<meta property=\"article:modified_time\" content=\"2022-04-27T17:35:08+00:00\" class=\"yoast-seo-meta-tag\" \/>\n<meta property=\"og:image\" content=\"https:\/\/i0.wp.com\/dorogimedence.hu\/wp-content\/uploads\/2021\/07\/torna-01.jpg?fit=970%2C490&ssl=1\" class=\"yoast-seo-meta-tag\" \/>\n\t<meta property=\"og:image:width\" content=\"970\" class=\"yoast-seo-meta-tag\" \/>\n\t<meta property=\"og:image:height\" content=\"490\" class=\"yoast-seo-meta-tag\" \/>\n\t<meta property=\"og:image:type\" content=\"image\/jpeg\" class=\"yoast-seo-meta-tag\" \/>\n<meta name=\"author\" content=\"dorogimedence.hu\" class=\"yoast-seo-meta-tag\" \/>\n<meta name=\"twitter:card\" content=\"summary_large_image\" class=\"yoast-seo-meta-tag\" \/>\n<meta name=\"twitter:label1\" content=\"Szerz\u0151:\" class=\"yoast-seo-meta-tag\" \/>\n\t<meta name=\"twitter:data1\" content=\"dorogimedence.hu\" class=\"yoast-seo-meta-tag\" \/>\n\t<meta name=\"twitter:label2\" content=\"Becs\u00fclt olvas\u00e1si id\u0151\" class=\"yoast-seo-meta-tag\" \/>\n\t<meta name=\"twitter:data2\" content=\"22 perc\" class=\"yoast-seo-meta-tag\" \/>\n<script type=\"application\/ld+json\" class=\"yoast-schema-graph\">{\"@context\":\"https:\\\/\\\/schema.org\",\"@graph\":[{\"@type\":\"Article\",\"@id\":\"https:\\\/\\\/dorogimedence.hu\\\/index.php\\\/2021\\\/07\\\/06\\\/55-eve-tortent-a-dorogi-banyasz-labdarugoinak-sikere-a-vilaghiru-nemzetkozi-tornan\\\/#article\",\"isPartOf\":{\"@id\":\"https:\\\/\\\/dorogimedence.hu\\\/index.php\\\/2021\\\/07\\\/06\\\/55-eve-tortent-a-dorogi-banyasz-labdarugoinak-sikere-a-vilaghiru-nemzetkozi-tornan\\\/\"},\"author\":{\"name\":\"dorogimedence.hu\",\"@id\":\"https:\\\/\\\/dorogimedence.hu\\\/#\\\/schema\\\/person\\\/ce6091eeb7e95ecdc87890d6aa8e0fd4\"},\"headline\":\"55 \u00e9ve t\u00f6rt\u00e9nt: A Dorogi B\u00e1ny\u00e1sz labdar\u00fag\u00f3inak sikere a vil\u00e1gh\u00edr\u0171 nemzetk\u00f6zi torn\u00e1n\",\"datePublished\":\"2021-07-06T12:29:37+00:00\",\"dateModified\":\"2022-04-27T17:35:08+00:00\",\"mainEntityOfPage\":{\"@id\":\"https:\\\/\\\/dorogimedence.hu\\\/index.php\\\/2021\\\/07\\\/06\\\/55-eve-tortent-a-dorogi-banyasz-labdarugoinak-sikere-a-vilaghiru-nemzetkozi-tornan\\\/\"},\"wordCount\":4457,\"publisher\":{\"@id\":\"https:\\\/\\\/dorogimedence.hu\\\/#organization\"},\"image\":{\"@id\":\"https:\\\/\\\/dorogimedence.hu\\\/index.php\\\/2021\\\/07\\\/06\\\/55-eve-tortent-a-dorogi-banyasz-labdarugoinak-sikere-a-vilaghiru-nemzetkozi-tornan\\\/#primaryimage\"},\"thumbnailUrl\":\"https:\\\/\\\/dorogimedence.hu\\\/wp-content\\\/uploads\\\/2021\\\/07\\\/torna-01.jpg\",\"keywords\":[\"Dorog\",\"Dorogi FC\",\"foci\",\"futball\",\"labdar\u00fag\u00e1s\",\"sport\",\"sportt\u00f6rt\u00e9nelem\",\"t\u00f6rt\u00e9nelem\"],\"articleSection\":[\"Dorog\",\"H\u00edrek\",\"Kerek \u00e9vfordul\u00f3k\",\"Sport\"],\"inLanguage\":\"hu\"},{\"@type\":\"WebPage\",\"@id\":\"https:\\\/\\\/dorogimedence.hu\\\/index.php\\\/2021\\\/07\\\/06\\\/55-eve-tortent-a-dorogi-banyasz-labdarugoinak-sikere-a-vilaghiru-nemzetkozi-tornan\\\/\",\"url\":\"https:\\\/\\\/dorogimedence.hu\\\/index.php\\\/2021\\\/07\\\/06\\\/55-eve-tortent-a-dorogi-banyasz-labdarugoinak-sikere-a-vilaghiru-nemzetkozi-tornan\\\/\",\"name\":\"55 \u00e9ve t\u00f6rt\u00e9nt: A Dorogi B\u00e1ny\u00e1sz labdar\u00fag\u00f3inak sikere a vil\u00e1gh\u00edr\u0171 nemzetk\u00f6zi torn\u00e1n\",\"isPartOf\":{\"@id\":\"https:\\\/\\\/dorogimedence.hu\\\/#website\"},\"primaryImageOfPage\":{\"@id\":\"https:\\\/\\\/dorogimedence.hu\\\/index.php\\\/2021\\\/07\\\/06\\\/55-eve-tortent-a-dorogi-banyasz-labdarugoinak-sikere-a-vilaghiru-nemzetkozi-tornan\\\/#primaryimage\"},\"image\":{\"@id\":\"https:\\\/\\\/dorogimedence.hu\\\/index.php\\\/2021\\\/07\\\/06\\\/55-eve-tortent-a-dorogi-banyasz-labdarugoinak-sikere-a-vilaghiru-nemzetkozi-tornan\\\/#primaryimage\"},\"thumbnailUrl\":\"https:\\\/\\\/dorogimedence.hu\\\/wp-content\\\/uploads\\\/2021\\\/07\\\/torna-01.jpg\",\"datePublished\":\"2021-07-06T12:29:37+00:00\",\"dateModified\":\"2022-04-27T17:35:08+00:00\",\"breadcrumb\":{\"@id\":\"https:\\\/\\\/dorogimedence.hu\\\/index.php\\\/2021\\\/07\\\/06\\\/55-eve-tortent-a-dorogi-banyasz-labdarugoinak-sikere-a-vilaghiru-nemzetkozi-tornan\\\/#breadcrumb\"},\"inLanguage\":\"hu\",\"potentialAction\":[{\"@type\":\"ReadAction\",\"target\":[\"https:\\\/\\\/dorogimedence.hu\\\/index.php\\\/2021\\\/07\\\/06\\\/55-eve-tortent-a-dorogi-banyasz-labdarugoinak-sikere-a-vilaghiru-nemzetkozi-tornan\\\/\"]}]},{\"@type\":\"ImageObject\",\"inLanguage\":\"hu\",\"@id\":\"https:\\\/\\\/dorogimedence.hu\\\/index.php\\\/2021\\\/07\\\/06\\\/55-eve-tortent-a-dorogi-banyasz-labdarugoinak-sikere-a-vilaghiru-nemzetkozi-tornan\\\/#primaryimage\",\"url\":\"https:\\\/\\\/dorogimedence.hu\\\/wp-content\\\/uploads\\\/2021\\\/07\\\/torna-01.jpg\",\"contentUrl\":\"https:\\\/\\\/dorogimedence.hu\\\/wp-content\\\/uploads\\\/2021\\\/07\\\/torna-01.jpg\",\"width\":970,\"height\":490},{\"@type\":\"BreadcrumbList\",\"@id\":\"https:\\\/\\\/dorogimedence.hu\\\/index.php\\\/2021\\\/07\\\/06\\\/55-eve-tortent-a-dorogi-banyasz-labdarugoinak-sikere-a-vilaghiru-nemzetkozi-tornan\\\/#breadcrumb\",\"itemListElement\":[{\"@type\":\"ListItem\",\"position\":1,\"name\":\"Kezd\u0151lap\",\"item\":\"https:\\\/\\\/dorogimedence.hu\\\/\"},{\"@type\":\"ListItem\",\"position\":2,\"name\":\"55 \u00e9ve t\u00f6rt\u00e9nt: A Dorogi B\u00e1ny\u00e1sz labdar\u00fag\u00f3inak sikere a vil\u00e1gh\u00edr\u0171 nemzetk\u00f6zi torn\u00e1n\"}]},{\"@type\":\"WebSite\",\"@id\":\"https:\\\/\\\/dorogimedence.hu\\\/#website\",\"url\":\"https:\\\/\\\/dorogimedence.hu\\\/\",\"name\":\"Dorogi-medence Region\u00e1lis H\u00edrport\u00e1l\",\"description\":\"Dorog, Keszt\u00f6lc, Le\u00e1nyv\u00e1r, Piliscs\u00e9v, Tokod, Tokodalt\u00e1r\u00f3, Csolnok, Esztergom-kertv\u00e1ros: h\u00edrek, programok\",\"publisher\":{\"@id\":\"https:\\\/\\\/dorogimedence.hu\\\/#organization\"},\"potentialAction\":[{\"@type\":\"SearchAction\",\"target\":{\"@type\":\"EntryPoint\",\"urlTemplate\":\"https:\\\/\\\/dorogimedence.hu\\\/?s={search_term_string}\"},\"query-input\":{\"@type\":\"PropertyValueSpecification\",\"valueRequired\":true,\"valueName\":\"search_term_string\"}}],\"inLanguage\":\"hu\"},{\"@type\":\"Organization\",\"@id\":\"https:\\\/\\\/dorogimedence.hu\\\/#organization\",\"name\":\"Dorogi-medence Region\u00e1lis H\u00edrport\u00e1l\",\"url\":\"https:\\\/\\\/dorogimedence.hu\\\/\",\"logo\":{\"@type\":\"ImageObject\",\"inLanguage\":\"hu\",\"@id\":\"https:\\\/\\\/dorogimedence.hu\\\/#\\\/schema\\\/logo\\\/image\\\/\",\"url\":\"https:\\\/\\\/dorogimedence.hu\\\/wp-content\\\/uploads\\\/2021\\\/04\\\/logo-feher-600.png\",\"contentUrl\":\"https:\\\/\\\/dorogimedence.hu\\\/wp-content\\\/uploads\\\/2021\\\/04\\\/logo-feher-600.png\",\"width\":600,\"height\":100,\"caption\":\"Dorogi-medence Region\u00e1lis H\u00edrport\u00e1l\"},\"image\":{\"@id\":\"https:\\\/\\\/dorogimedence.hu\\\/#\\\/schema\\\/logo\\\/image\\\/\"},\"sameAs\":[\"https:\\\/\\\/www.facebook.com\\\/dorogimedence\\\/\"]},{\"@type\":\"Person\",\"@id\":\"https:\\\/\\\/dorogimedence.hu\\\/#\\\/schema\\\/person\\\/ce6091eeb7e95ecdc87890d6aa8e0fd4\",\"name\":\"dorogimedence.hu\",\"image\":{\"@type\":\"ImageObject\",\"inLanguage\":\"hu\",\"@id\":\"\\\/\\\/www.gravatar.com\\\/avatar\\\/d8d45f8901aadff40a4af72c0b826f1d?s=96&#038;r=g&#038;d=mm\",\"url\":\"\\\/\\\/www.gravatar.com\\\/avatar\\\/d8d45f8901aadff40a4af72c0b826f1d?s=96&#038;r=g&#038;d=mm\",\"contentUrl\":\"\\\/\\\/www.gravatar.com\\\/avatar\\\/d8d45f8901aadff40a4af72c0b826f1d?s=96&#038;r=g&#038;d=mm\",\"caption\":\"dorogimedence.hu\"}}]}<\/script>\n<!-- \/ Yoast SEO plugin. -->","yoast_head_json":{"title":"55 \u00e9ve t\u00f6rt\u00e9nt: A Dorogi B\u00e1ny\u00e1sz labdar\u00fag\u00f3inak sikere a vil\u00e1gh\u00edr\u0171 nemzetk\u00f6zi torn\u00e1n","robots":{"index":"index","follow":"follow","max-snippet":"max-snippet:-1","max-image-preview":"max-image-preview:large","max-video-preview":"max-video-preview:-1"},"canonical":"https:\/\/dorogimedence.hu\/index.php\/2021\/07\/06\/55-eve-tortent-a-dorogi-banyasz-labdarugoinak-sikere-a-vilaghiru-nemzetkozi-tornan\/","og_locale":"hu_HU","og_type":"article","og_title":"55 \u00e9ve t\u00f6rt\u00e9nt: A Dorogi B\u00e1ny\u00e1sz labdar\u00fag\u00f3inak sikere a vil\u00e1gh\u00edr\u0171 nemzetk\u00f6zi torn\u00e1n","og_description":"A kontinens egyik legnevesebb nemzetk\u00f6zi kup\u00e1j\u00e1ban, a Kvarnerska Rivijera 1966-os ki\u00edr\u00e1s\u00e1ban a dorogiak a dobog\u00f3n v\u00e9geztek, miut\u00e1n az el\u0151kel\u0151 harmadik helyet szerezt\u00e9k meg. E jeles esem\u00e9ny \u00f6t \u00e9s f\u00e9l \u00e9vtizedes \u00e9vfordul\u00f3ja alkalm\u00e1b\u00f3l \u00e1ll\u00edt eml\u00e9ket ez az \u00f6ssze\u00e1ll\u00edt\u00e1s &#8211; Szab\u00f3 Gyula cikke. A neves jugoszl\u00e1v HNK Rijeka egyes\u00fclet\u00e9nek kezdem\u00e9nyez\u00e9s\u00e9re \u00e9s rendez\u00e9s\u00e9ben egy nagyszab\u00e1s\u00fa nemzetk\u00f6zi torn\u00e1t alap\u00edtottak,","og_url":"https:\/\/dorogimedence.hu\/index.php\/2021\/07\/06\/55-eve-tortent-a-dorogi-banyasz-labdarugoinak-sikere-a-vilaghiru-nemzetkozi-tornan\/","og_site_name":"Dorogi-medence Region\u00e1lis H\u00edrport\u00e1l","article_publisher":"https:\/\/www.facebook.com\/dorogimedence\/","article_published_time":"2021-07-06T12:29:37+00:00","article_modified_time":"2022-04-27T17:35:08+00:00","og_image":[{"width":970,"height":490,"url":"https:\/\/i0.wp.com\/dorogimedence.hu\/wp-content\/uploads\/2021\/07\/torna-01.jpg?fit=970%2C490&ssl=1","type":"image\/jpeg"}],"author":"dorogimedence.hu","twitter_card":"summary_large_image","twitter_misc":{"Szerz\u0151:":"dorogimedence.hu","Becs\u00fclt olvas\u00e1si id\u0151":"22 perc"},"schema":{"@context":"https:\/\/schema.org","@graph":[{"@type":"Article","@id":"https:\/\/dorogimedence.hu\/index.php\/2021\/07\/06\/55-eve-tortent-a-dorogi-banyasz-labdarugoinak-sikere-a-vilaghiru-nemzetkozi-tornan\/#article","isPartOf":{"@id":"https:\/\/dorogimedence.hu\/index.php\/2021\/07\/06\/55-eve-tortent-a-dorogi-banyasz-labdarugoinak-sikere-a-vilaghiru-nemzetkozi-tornan\/"},"author":{"name":"dorogimedence.hu","@id":"https:\/\/dorogimedence.hu\/#\/schema\/person\/ce6091eeb7e95ecdc87890d6aa8e0fd4"},"headline":"55 \u00e9ve t\u00f6rt\u00e9nt: A Dorogi B\u00e1ny\u00e1sz labdar\u00fag\u00f3inak sikere a vil\u00e1gh\u00edr\u0171 nemzetk\u00f6zi torn\u00e1n","datePublished":"2021-07-06T12:29:37+00:00","dateModified":"2022-04-27T17:35:08+00:00","mainEntityOfPage":{"@id":"https:\/\/dorogimedence.hu\/index.php\/2021\/07\/06\/55-eve-tortent-a-dorogi-banyasz-labdarugoinak-sikere-a-vilaghiru-nemzetkozi-tornan\/"},"wordCount":4457,"publisher":{"@id":"https:\/\/dorogimedence.hu\/#organization"},"image":{"@id":"https:\/\/dorogimedence.hu\/index.php\/2021\/07\/06\/55-eve-tortent-a-dorogi-banyasz-labdarugoinak-sikere-a-vilaghiru-nemzetkozi-tornan\/#primaryimage"},"thumbnailUrl":"https:\/\/dorogimedence.hu\/wp-content\/uploads\/2021\/07\/torna-01.jpg","keywords":["Dorog","Dorogi FC","foci","futball","labdar\u00fag\u00e1s","sport","sportt\u00f6rt\u00e9nelem","t\u00f6rt\u00e9nelem"],"articleSection":["Dorog","H\u00edrek","Kerek \u00e9vfordul\u00f3k","Sport"],"inLanguage":"hu"},{"@type":"WebPage","@id":"https:\/\/dorogimedence.hu\/index.php\/2021\/07\/06\/55-eve-tortent-a-dorogi-banyasz-labdarugoinak-sikere-a-vilaghiru-nemzetkozi-tornan\/","url":"https:\/\/dorogimedence.hu\/index.php\/2021\/07\/06\/55-eve-tortent-a-dorogi-banyasz-labdarugoinak-sikere-a-vilaghiru-nemzetkozi-tornan\/","name":"55 \u00e9ve t\u00f6rt\u00e9nt: A Dorogi B\u00e1ny\u00e1sz labdar\u00fag\u00f3inak sikere a vil\u00e1gh\u00edr\u0171 nemzetk\u00f6zi torn\u00e1n","isPartOf":{"@id":"https:\/\/dorogimedence.hu\/#website"},"primaryImageOfPage":{"@id":"https:\/\/dorogimedence.hu\/index.php\/2021\/07\/06\/55-eve-tortent-a-dorogi-banyasz-labdarugoinak-sikere-a-vilaghiru-nemzetkozi-tornan\/#primaryimage"},"image":{"@id":"https:\/\/dorogimedence.hu\/index.php\/2021\/07\/06\/55-eve-tortent-a-dorogi-banyasz-labdarugoinak-sikere-a-vilaghiru-nemzetkozi-tornan\/#primaryimage"},"thumbnailUrl":"https:\/\/dorogimedence.hu\/wp-content\/uploads\/2021\/07\/torna-01.jpg","datePublished":"2021-07-06T12:29:37+00:00","dateModified":"2022-04-27T17:35:08+00:00","breadcrumb":{"@id":"https:\/\/dorogimedence.hu\/index.php\/2021\/07\/06\/55-eve-tortent-a-dorogi-banyasz-labdarugoinak-sikere-a-vilaghiru-nemzetkozi-tornan\/#breadcrumb"},"inLanguage":"hu","potentialAction":[{"@type":"ReadAction","target":["https:\/\/dorogimedence.hu\/index.php\/2021\/07\/06\/55-eve-tortent-a-dorogi-banyasz-labdarugoinak-sikere-a-vilaghiru-nemzetkozi-tornan\/"]}]},{"@type":"ImageObject","inLanguage":"hu","@id":"https:\/\/dorogimedence.hu\/index.php\/2021\/07\/06\/55-eve-tortent-a-dorogi-banyasz-labdarugoinak-sikere-a-vilaghiru-nemzetkozi-tornan\/#primaryimage","url":"https:\/\/dorogimedence.hu\/wp-content\/uploads\/2021\/07\/torna-01.jpg","contentUrl":"https:\/\/dorogimedence.hu\/wp-content\/uploads\/2021\/07\/torna-01.jpg","width":970,"height":490},{"@type":"BreadcrumbList","@id":"https:\/\/dorogimedence.hu\/index.php\/2021\/07\/06\/55-eve-tortent-a-dorogi-banyasz-labdarugoinak-sikere-a-vilaghiru-nemzetkozi-tornan\/#breadcrumb","itemListElement":[{"@type":"ListItem","position":1,"name":"Kezd\u0151lap","item":"https:\/\/dorogimedence.hu\/"},{"@type":"ListItem","position":2,"name":"55 \u00e9ve t\u00f6rt\u00e9nt: A Dorogi B\u00e1ny\u00e1sz labdar\u00fag\u00f3inak sikere a vil\u00e1gh\u00edr\u0171 nemzetk\u00f6zi torn\u00e1n"}]},{"@type":"WebSite","@id":"https:\/\/dorogimedence.hu\/#website","url":"https:\/\/dorogimedence.hu\/","name":"Dorogi-medence Region\u00e1lis H\u00edrport\u00e1l","description":"Dorog, Keszt\u00f6lc, Le\u00e1nyv\u00e1r, Piliscs\u00e9v, Tokod, Tokodalt\u00e1r\u00f3, Csolnok, Esztergom-kertv\u00e1ros: h\u00edrek, programok","publisher":{"@id":"https:\/\/dorogimedence.hu\/#organization"},"potentialAction":[{"@type":"SearchAction","target":{"@type":"EntryPoint","urlTemplate":"https:\/\/dorogimedence.hu\/?s={search_term_string}"},"query-input":{"@type":"PropertyValueSpecification","valueRequired":true,"valueName":"search_term_string"}}],"inLanguage":"hu"},{"@type":"Organization","@id":"https:\/\/dorogimedence.hu\/#organization","name":"Dorogi-medence Region\u00e1lis H\u00edrport\u00e1l","url":"https:\/\/dorogimedence.hu\/","logo":{"@type":"ImageObject","inLanguage":"hu","@id":"https:\/\/dorogimedence.hu\/#\/schema\/logo\/image\/","url":"https:\/\/dorogimedence.hu\/wp-content\/uploads\/2021\/04\/logo-feher-600.png","contentUrl":"https:\/\/dorogimedence.hu\/wp-content\/uploads\/2021\/04\/logo-feher-600.png","width":600,"height":100,"caption":"Dorogi-medence Region\u00e1lis H\u00edrport\u00e1l"},"image":{"@id":"https:\/\/dorogimedence.hu\/#\/schema\/logo\/image\/"},"sameAs":["https:\/\/www.facebook.com\/dorogimedence\/"]},{"@type":"Person","@id":"https:\/\/dorogimedence.hu\/#\/schema\/person\/ce6091eeb7e95ecdc87890d6aa8e0fd4","name":"dorogimedence.hu","image":{"@type":"ImageObject","inLanguage":"hu","@id":"\/\/www.gravatar.com\/avatar\/d8d45f8901aadff40a4af72c0b826f1d?s=96&#038;r=g&#038;d=mm","url":"\/\/www.gravatar.com\/avatar\/d8d45f8901aadff40a4af72c0b826f1d?s=96&#038;r=g&#038;d=mm","contentUrl":"\/\/www.gravatar.com\/avatar\/d8d45f8901aadff40a4af72c0b826f1d?s=96&#038;r=g&#038;d=mm","caption":"dorogimedence.hu"}}]}},"_links":{"self":[{"href":"https:\/\/dorogimedence.hu\/index.php\/wp-json\/wp\/v2\/posts\/34593","targetHints":{"allow":["GET"]}}],"collection":[{"href":"https:\/\/dorogimedence.hu\/index.php\/wp-json\/wp\/v2\/posts"}],"about":[{"href":"https:\/\/dorogimedence.hu\/index.php\/wp-json\/wp\/v2\/types\/post"}],"author":[{"embeddable":true,"href":"https:\/\/dorogimedence.hu\/index.php\/wp-json\/wp\/v2\/users\/1"}],"replies":[{"embeddable":true,"href":"https:\/\/dorogimedence.hu\/index.php\/wp-json\/wp\/v2\/comments?post=34593"}],"version-history":[{"count":0,"href":"https:\/\/dorogimedence.hu\/index.php\/wp-json\/wp\/v2\/posts\/34593\/revisions"}],"wp:featuredmedia":[{"embeddable":true,"href":"https:\/\/dorogimedence.hu\/index.php\/wp-json\/wp\/v2\/media\/34595"}],"wp:attachment":[{"href":"https:\/\/dorogimedence.hu\/index.php\/wp-json\/wp\/v2\/media?parent=34593"}],"wp:term":[{"taxonomy":"category","embeddable":true,"href":"https:\/\/dorogimedence.hu\/index.php\/wp-json\/wp\/v2\/categories?post=34593"},{"taxonomy":"post_tag","embeddable":true,"href":"https:\/\/dorogimedence.hu\/index.php\/wp-json\/wp\/v2\/tags?post=34593"}],"curies":[{"name":"wp","href":"https:\/\/api.w.org\/{rel}","templated":true}]}}