{"id":34533,"date":"2021-07-04T17:37:06","date_gmt":"2021-07-04T15:37:06","guid":{"rendered":"https:\/\/dorogimedence.hu\/?p=34533"},"modified":"2021-10-18T05:25:20","modified_gmt":"2021-10-18T03:25:20","slug":"45-eve-tortent-a-dorogi-csapat-utolso-nb-i-be-valo-jutasa","status":"publish","type":"post","link":"https:\/\/dorogimedence.hu\/index.php\/2021\/07\/04\/45-eve-tortent-a-dorogi-csapat-utolso-nb-i-be-valo-jutasa\/","title":{"rendered":"45 \u00e9ve t\u00f6rt\u00e9nt: A dorogi csapat utols\u00f3 NB I-be val\u00f3 jut\u00e1sa"},"content":{"rendered":"<p><strong>Egyre t\u00e1volodik az id\u0151 az abszol\u00fat \u00e9lvonalbeli szerepl\u00e9st\u0151l, ugyanakkor semmit sem halv\u00e1nyodik, s\u0151t bizonyos szempont\u00f3l csak fel\u00e9rt\u00e9kel\u0151dik a jelent\u0151s\u00e9ge. A Dorog labdar\u00fag\u00f3 csapata 1945, 1949 \u00e9s 1973 ut\u00e1n 1976-ban negyedszer, egyben utols\u00f3 alkalommal v\u00edvta ki a szerepl\u00e9s jog\u00e1t a legjobbak k\u00f6z\u00f6tt. Az esem\u00e9ny harminc \u00e9ves \u00e9vfordul\u00f3ja alkalm\u00e1b\u00f3l nosztalgia \u00f6sszej\u00f6vetelt tartottak annak idej\u00e9n, amely pedig 15 \u00e9ve t\u00f6rt\u00e9nt, \u00edgy kett\u0151s megeml\u00e9kez\u00e9ssel lesz teljes ez a visszatekint\u00e9s<\/strong> <em>&#8211; Szab\u00f3 Gyula cikke.<\/em><\/p>\n<p>A dorogi labdar\u00fag\u00e1s dics\u0151 m\u00faltj\u00e1nak kiemelked\u0151 m\u00e9rf\u00f6ldk\u00f6ve volt az 1945-ben t\u00f6rt\u00e9nt NB I-be jut\u00e1s. Az akkori csapat h\u00e1rom egym\u00e1st k\u00f6vet\u0151 \u00e9vadot k\u00fczdhetett a legmagasabb oszt\u00e1lyban, majd k\u00e9t \u00e9vnyi m\u00e1sodoszt\u00e1lyban val\u00f3 szerepl\u00e9st k\u00f6vet\u0151en m\u00e9g nagyobb pomp\u00e1val t\u00e9rt vissza 1949-ben, mint az 1945-\u00f6s premier alkalm\u00e1n. Az eml\u00edtett jelz\u0151 nem az ut\u00f3kor \u00e1ltali holmi t\u00fal\u00e1rad\u00f3 \u00f6mleng\u00e9s, vagy a szerz\u0151t\u0151l sz\u00e1rmaz\u00f3 nagyotmond\u00e1s, hanem val\u00f3ban nagyot sz\u00f3lt a Dorog visszaker\u00fcl\u00e9se. Nemcsak saj\u00e1t csoportj\u00e1ban v\u00e9gzett az \u00e9len, s vele egy\u00fctt automatikusan kiharcolta a feljut\u00e1st, hanem a n\u00e9gy NB II-es csoport bajnok\u00e1nak k\u00f6rm\u00e9rk\u0151z\u00e9se sor\u00e1n valamennyit f\u00f6l\u00e9nyesen legy\u0151zte a bajnokok d\u00f6nt\u0151j\u00e9ben.<\/p>\n<p>Ami viszont enn\u00e9l is szenz\u00e1ci\u00f3sabb, hogy innen kezdve k\u00f6zel k\u00e9t teljes \u00e9vtizeden \u00e1t megszak\u00edt\u00e1s n\u00e9lk\u00fcl volt tagja az NB I mez\u0151ny\u00e9nek &#8211; \u00f6sszesen zsin\u00f3rban 19 \u00e9lvonalbeli \u00e9vaddal -, egyben az orsz\u00e1g egyik legmeghat\u00e1roz\u00f3bb egyes\u00fclet\u00e9v\u00e9 v\u00e1lt. A k\u00f6zelm\u00faltban megjelent sportt\u00f6rt\u00e9neti cikkben sz\u00f3 esett arr\u00f3l, hogy mik\u00e9nt k\u00e9nyszer\u00fclt b\u00facs\u00fat inteni a legjobbak k\u00f6r\u00e9t\u0151l \u00e9s hogy k\u00e9t oszt\u00e1lynyit zuhant vissza, azonban h\u00e9t \u00e9vvel k\u00e9s\u0151bb \u00fajra visszak\u00fczd\u00f6tte mag\u00e1t az NB I-be, ahol sajnos egy \u00e9vad ut\u00e1n &#8211; amely imm\u00e1r a 23. volt a sorban &#8211; \u00fajra kiesett. K\u00e9t \u00e9vnyi m\u00e1sodoszt\u00e1ly\u00fa tags\u00e1ga ut\u00e1n viszont megint feljutott, de akkor m\u00e9g sokan nem sejthett\u00e9k, hogy az a 24. \u00e9vada lesz t\u00f6rt\u00e9net\u00e9nek m\u00e1ig utols\u00f3 NB I-es szerepl\u00e9se.<\/p>\n<p><img fetchpriority=\"high\" decoding=\"async\" class=\"alignnone size-full wp-image-34537\" src=\"https:\/\/dorogimedence.hu\/wp-content\/uploads\/2021\/07\/foci-02.jpg\" alt=\"\" width=\"900\" height=\"806\" srcset=\"https:\/\/dorogimedence.hu\/wp-content\/uploads\/2021\/07\/foci-02.jpg 900w, https:\/\/dorogimedence.hu\/wp-content\/uploads\/2021\/07\/foci-02-300x269.jpg 300w, https:\/\/dorogimedence.hu\/wp-content\/uploads\/2021\/07\/foci-02-768x688.jpg 768w, https:\/\/dorogimedence.hu\/wp-content\/uploads\/2021\/07\/foci-02-150x134.jpg 150w, https:\/\/dorogimedence.hu\/wp-content\/uploads\/2021\/07\/foci-02-450x403.jpg 450w\" sizes=\"(max-width: 900px) 100vw, 900px\" \/><\/p>\n<p style=\"text-align: center;\"><em>Ezzel a f\u0151c\u00edmmel sz\u00e1mos m\u00e9rk\u0151z\u00e9s beharangoz\u00f3ja kezd\u0151d\u00f6tt annak idej\u00e9n. Ez t\u00f6rt\u00e9netes az \u00e9v egyik legnagyobbnak \u00edg\u00e9rkez\u0151 tal\u00e1lkoz\u00f3j\u00e1ra \u00edr\u00f3dott<\/em><\/p>\n<p>Az 1974-ben t\u00f6rt\u00e9n\u0151 NB I-b\u0151l val\u00f3 kies\u00e9st k\u00f6vet\u0151en a m\u00e1sodoszt\u00e1lyban csak a k\u00f6z\u00e9pmez\u0151nyben v\u00e9geztek a piros-feket\u00e9k, m\u00e9gpedig a h\u00fasz csapatb\u00f3l \u00e1ll\u00f3 egycsoportos NB II. kilencedik hely\u00e9t szerezt\u00e9k meg. Az \u00faj \u00e9vadra k\u00e9sz\u00fcl\u0151 dorogi csapatb\u00f3l t\u00f6bb r\u00e9gi meghat\u00e1roz\u00f3 j\u00e1t\u00e9kost kellett n\u00e9lk\u00fcl\u00f6zni. 1975 nyar\u00e1n ugyanis befejezte akt\u00edv p\u00e1lyafut\u00e1s\u00e1t Horv\u00e1th P\u00e9ter, Tak\u00e1cs Tibor \u00e9s Berecz J\u00f3zsef, valamint t\u00e1vozott K\u00e1csor Attila, L\u00f3di L\u00e1szl\u00f3 \u00e9s Gub\u00e1n L\u00e1szl\u00f3 is. Ezen fel\u00fcl szerz\u0151d\u00e9st bontottak H\u00e1ri L\u00e1szl\u00f3val, akinek a hely\u00e9re Ivanics Tibor vezet\u0151edz\u0151 \u00e9rkezett. Az azt megel\u0151z\u0151 \u00e9vekben Kub\u00e1ban dolgozott tr\u00e9nernek a Dorog lett az els\u0151 feln\u0151tt csapata, m\u00edg seg\u00edt\u0151je a dorogiak egykori kiv\u00e1l\u00f3s\u00e1ga, Cs\u00f3ri L\u00e1szl\u00f3 lett. A klub csapat\u00e9p\u00edt\u00e9si koncepci\u00f3ja a fiatal\u00edt\u00e1s volt, m\u00e9gpedig a helyi saj\u00e1t nevel\u00e9s\u0171 labdar\u00fag\u00f3ikkal k\u00edv\u00e1nt\u00e1k felt\u00f6lteni a meg\u00fcresedett helyeket.<\/p>\n<p>A csapatban ekkor am\u00fagy is j\u00f3szer\u00e9vel dorogiak, illetve k\u00f6rny\u00e9kbeliek j\u00e1tszottak, \u00edgy mondhatni, a Dorog igazi helyb\u00e9li g\u00e1rda volt. Ritka kiv\u00e9telk\u00e9nt, a tehets\u00e9ges Kiss K\u00e1roly \u00e9rkezett egyed\u00fcl a f\u0151v\u00e1rosb\u00f3l, m\u00edg a kor\u00e1bbiakban m\u00e1r itt szerepl\u0151 k\u00e9t \u00f3v\u00e1ri, Schnitzer Imre \u00e9s Major Ferenc. Schnitzer viszont addigra m\u00e1r elk\u00f6telezve mag\u00e1t, doroginak t\u00e9telez\u0151d\u00f6tt. Negyedik \u00e9vadj\u00e1ra k\u00e9sz\u00fclt a mieink soraiban \u00e9s Dorogon is telepedett le, m\u00edg f\u00f6ldije, Major mind\u00f6ssze 19 esztend\u0151s volt \u00e9s a helyi leg\u00e9nysz\u00e1ll\u00f3n \u00e9lt. A csapat legnagyobb er\u0151s\u00edt\u00e9s\u00e9nek ekkor az az \u00f6r\u00f6mteli h\u00edr bizonyult, hogy kor\u00e1bbi nagyszer\u0171 csat\u00e1ra, Peszeki Jen\u0151 visszat\u00e9rt a Honv\u00e9db\u00f3l. Igazi fiatalos g\u00e1rda \u00e1llt \u00f6ssze \u00edgy 1975-re, amelyben a r\u00e9gi nagy id\u0151k korszak\u00e1b\u00f3l h\u00edrmond\u00f3k\u00e9nt Bartalos J\u00f3zsef \u00e9s T\u00f3th Gyula maradtak csak mutat\u00f3ban. Rajtuk k\u00edv\u00fcl pedig a szint\u00e9n dorogi, Gabala Ferenc \u00e9s Kiss Rudolf sz\u00e1m\u00edtottak rutinosabb labdar\u00fag\u00f3nak, akiknek volt n\u00e9mi NB I-es m\u00faltjuk is.<\/p>\n<p><img decoding=\"async\" class=\"alignnone size-full wp-image-34538\" src=\"https:\/\/dorogimedence.hu\/wp-content\/uploads\/2021\/07\/foci-03.jpg\" alt=\"\" width=\"900\" height=\"752\" srcset=\"https:\/\/dorogimedence.hu\/wp-content\/uploads\/2021\/07\/foci-03.jpg 900w, https:\/\/dorogimedence.hu\/wp-content\/uploads\/2021\/07\/foci-03-300x251.jpg 300w, https:\/\/dorogimedence.hu\/wp-content\/uploads\/2021\/07\/foci-03-768x642.jpg 768w, https:\/\/dorogimedence.hu\/wp-content\/uploads\/2021\/07\/foci-03-150x125.jpg 150w, https:\/\/dorogimedence.hu\/wp-content\/uploads\/2021\/07\/foci-03-450x376.jpg 450w\" sizes=\"(max-width: 900px) 100vw, 900px\" \/><\/p>\n<p style=\"text-align: center;\"><em>Az \u00faj vezet\u0151edz\u0151: Ivanics Tibor, egy k\u00e9s\u0151bbi felv\u00e9telen<\/em><\/p>\n<p>A m\u00e1sodik vonal az \u00faj \u00e9vadban is hasonl\u00f3an h\u00fasz csapatb\u00f3l \u00e1ll\u00f3, az orsz\u00e1g teljes ter\u00fclet\u00e9t fel\u00f6lel\u0151, egycsoportos bajnoki rendszer\u0171 volt. K\u00f6z\u00fcl\u00fck els\u0151sorban az NB I-et kor\u00e1bban t\u00f6bbsz\u00f6r is megj\u00e1rt csapatok l\u00e9ptek el\u0151 a feljut\u00e1s v\u00e1rom\u00e1nyosainak, \u00e9l\u00e9n az \u00e9ppen friss\u00e9ben kiesett P\u00e9ccsel. A baranyaiak mellett a Duna\u00fajv\u00e1ros sz\u00e1m\u00edtott a m\u00e1sik f\u0151 favoritnak, de az els\u0151 oszt\u00e1lyba jut\u00e1ssal kac\u00e9rkodott a Szolnok, a Koml\u00f3, a Debrecen \u00e9s a Budafok is. Mellett\u00fck pedig tov\u00e1bbi kiv\u00e1l\u00f3 er\u0151kb\u0151ll \u00e1ll\u00f3 csapatokkal is sz\u00e1molni lehetett, akik okozhattak meglepet\u00e9st a v\u00e9gelsz\u00e1mol\u00e1sn\u00e1l. A dorogiak sz\u00e1m\u00e1ra hatlamas preszt\u00edzscsat\u00e1knak \u00edg\u00e9rkezett, hogy k\u00e9t megyei riv\u00e1lis is a csoport tagja volt. Az 1975-76-os NB II-es mez\u0151nye \u00edgy festett: B\u00e1bolna, Budafok, Bp. Spartacus, Bp. Vasas Izz\u00f3, Bp. Vol\u00e1n SC, BVSC, Debreceni VSC, Dorogi AC, Duna\u00fajv\u00e1rosi Koh\u00e1sz, F\u0150SPED Sz\u00e1ll\u00edt\u00f3k SE, M\u00c1V DAC, Nagyb\u00e1tonyi B\u00e1ny\u00e1sz, Nagykanizsai Olajb\u00e1ny\u00e1sz, Koml\u00f3i B\u00e1ny\u00e1sz, Kossuth KFSE, Oroszl\u00e1nyi B\u00e1ny\u00e1sz, P\u00e9csi MSC, Szeksz\u00e1rdi D\u00f3zsa, Szolnoki MTE, V\u00e1rpalotai B\u00e1ny\u00e1sz.<\/p>\n<p>Dorogon nem volt rendk\u00edv\u00fcli elv\u00e1r\u00e1s sem a klub, sem a szurkol\u00f3k r\u00e9sz\u00e9r\u0151l. Tudt\u00e1k, az ifj\u00fa csapathoz id\u0151 \u00e9s t\u00fcrelem kell, \u00edgy csak annyit szerettek volna, hogy minden fiatal beilleszkedjen \u00e9s valamennyi labdar\u00fag\u00f3 sz\u00edvvel-l\u00e9lekkel k\u00fczdj\u00f6n. Az elm\u00falt \u00e9vi eredm\u00e9nnyel maxim\u00e1lisan el\u00e9gedettek lettek volna. A bajnoks\u00e1g 1975. augusztus 3-\u00e1n rajtolt, ahol a dorogiak a BVSC vend\u00e9gek\u00e9nt kezdt\u00e9k meg a bajnoki k\u00fczdelmeket. Jobban aligha indulhatott volna a nyit\u00e1ny, miut\u00e1n Szilasi g\u00f3lj\u00e1val csapatunk 1:0 ar\u00e1nyban gy\u0151z\u00f6tt. M\u00e9g miel\u0151tt elragadtat\u00e1sba ker\u00fcltek volna a szurkol\u00f3k, k\u00e9t egym\u00e1sut\u00e1ni veres\u00e9g k\u00f6vetkezett: El\u0151bb hazai p\u00e1ly\u00e1n a nagy mumus, Szeksz\u00e1rd ellen 1-0-ra, majd Koml\u00f3n 2-0-ra kaptak ki. A k\u00e9t veres\u00e9g ellen\u00e9re a soronk\u00f6vetkez\u0151 hazai megyei rangad\u00f3ra a B\u00e1bolna ellen \u00edgy is kij\u00f6tt 3 ezer n\u00e9z\u0151. Nem is kezd\u0151dhetett volna rosszabbul a m\u00e9rk\u0151z\u00e9s, ugyanis a v\u00e9delem tengely\u00e9t jelent\u0151, egyben csapatkapit\u00e1ny T\u00f3th Gyul\u00e1t r\u00f6gt\u00f6n az elej\u00e9n ki\u00e1ll\u00edtott\u00e1k. Gyakorlatilag \u00edgy a teljes meccset emberh\u00e1tr\u00e1nyban j\u00e1tszott\u00e1k. Kaptak is k\u00e9t g\u00f3lt a mieink, azonban l\u0151ttek mell\u00e9 h\u00e1rmat, ez\u00e1ltal t\u00edz emberrel is meg\u00e9rdemelten nyertek.<\/p>\n<p><img decoding=\"async\" class=\"alignnone size-full wp-image-34539\" src=\"https:\/\/dorogimedence.hu\/wp-content\/uploads\/2021\/07\/foci-04.jpg\" alt=\"\" width=\"900\" height=\"696\" srcset=\"https:\/\/dorogimedence.hu\/wp-content\/uploads\/2021\/07\/foci-04.jpg 900w, https:\/\/dorogimedence.hu\/wp-content\/uploads\/2021\/07\/foci-04-300x232.jpg 300w, https:\/\/dorogimedence.hu\/wp-content\/uploads\/2021\/07\/foci-04-768x594.jpg 768w, https:\/\/dorogimedence.hu\/wp-content\/uploads\/2021\/07\/foci-04-150x116.jpg 150w, https:\/\/dorogimedence.hu\/wp-content\/uploads\/2021\/07\/foci-04-450x348.jpg 450w\" sizes=\"(max-width: 900px) 100vw, 900px\" \/><\/p>\n<p style=\"text-align: center;\"><em>Schnitzer h\u00fazza le a labd\u00e1t az Oroszl\u00e1ny<\/em>\u2013<em>Dorog rangad\u00f3n<\/em><\/p>\n<p>Mindj\u00e1rt a folytat\u00e1s is megyei \u00f6sszecsap\u00e1st hozott, ahol a hazai oroszl\u00e1nyi csapatot tartott\u00e1k es\u00e9lyesebbnek, s nem v\u00e9letlen\u00fcl. A megyei riv\u00e1lisunk nagyszer\u0171en rajtolt \u00e9s a 3. helyr\u0151l v\u00e1rta a dorogiakat, akik T\u00f3th Gyul\u00e1t n\u00e9lk\u00fcl\u00f6zve l\u00e9ptek p\u00e1ly\u00e1ra, aki k\u00e9t m\u00e9rk\u0151z\u00e9sr\u0151l sz\u00f3l\u00f3 eltilt\u00e1s kapott a m\u00falt heti ki\u00e1ll\u00edt\u00e1s\u00e1nak vonzatak\u00e9nt. Gyakorlatilag telth\u00e1z, mintegy 3 ezer n\u00e9z\u0151 fogadta a feleket \u00e9s az el\u0151zetes es\u00e9lylatolgat\u00e1soknak megfelel\u0151en, 3-1-es hazai vezet\u00e9ssel z\u00e1rult az els\u0151 j\u00e1t\u00e9kr\u00e9sz. A m\u00e1sodik f\u00e9lid\u0151ben egy ellen\u00e1llhatatlan Dorog j\u00f6tt ki, amely szinte v\u00e9gig nagy f\u00f6l\u00e9nyben j\u00e1tszva kiegyenl\u00edtett \u00e9s a v\u00e9g\u00e9n ak\u00e1r meg is nyerhette volna a rangad\u00f3t. V\u00e9g\u00fcl 3-3-as d\u00f6ntetlennel z\u00e1rtak. A csapatot egyre ink\u00e1bb a stabilit\u00e1s jellemezte \u00e9s egy nagyszer\u0171, t\u00edz egym\u00e1s ut\u00e1ni meccsb\u0151l \u00e1ll\u00f3 veretlens\u00e9gi sorozattal &#8211; amelyben f\u0151leg a gy\u0151zelmek ker\u00fcltek t\u00fals\u00falyba -, az \u00e9lbolyhoz z\u00e1rk\u00f3ztak fel.\u00a0 Ebben a peri\u00f3dusban t\u00f6bb feljut\u00e1sra es\u00e9lyes g\u00e1rda skalpj\u00e1t gy\u0171jt\u00f6tt\u00e9k be: Legy\u0151zt\u00e9k a Szolnokot \u00e9s a P\u00e9cset is, tov\u00e1bb\u00e1 a V\u00e1rpalot\u00e1t, meg a Vasas Izz\u00f3t, Budafokr\u00f3l pedig pontot hoztak a 2-2-es d\u00f6ntetlennel, s odahaza j\u00e1tszottak ugyancsak d\u00f6ntetlent a Duna\u00fajv\u00e1ros elleni g\u00f3l n\u00e9lk\u00fcli tal\u00e1lkoz\u00f3n. Nem csak az eredm\u00e9nyess\u00e9gnek, de a mutatott j\u00e1t\u00e9knak is k\u00f6sz\u00f6nhet\u0151en, szinte kiv\u00e9tel n\u00e9lk\u00fcl a 3 ezres n\u00e9z\u0151sz\u00e1m garant\u00e1lt volt minden fordul\u00f3ban, Debrecenben pedig 5 ezer n\u00e9z\u0151 volt k\u00edv\u00e1ncsi a Negyerdei stadionban a vend\u00e9gszerepl\u00e9s\u00fckre, ahonnan szint\u00e9n ponttal t\u00e1voztak.<\/p>\n<p><img loading=\"lazy\" decoding=\"async\" class=\"alignnone size-full wp-image-34540\" src=\"https:\/\/dorogimedence.hu\/wp-content\/uploads\/2021\/07\/foci-05.jpg\" alt=\"\" width=\"900\" height=\"636\" srcset=\"https:\/\/dorogimedence.hu\/wp-content\/uploads\/2021\/07\/foci-05.jpg 900w, https:\/\/dorogimedence.hu\/wp-content\/uploads\/2021\/07\/foci-05-300x212.jpg 300w, https:\/\/dorogimedence.hu\/wp-content\/uploads\/2021\/07\/foci-05-768x543.jpg 768w, https:\/\/dorogimedence.hu\/wp-content\/uploads\/2021\/07\/foci-05-150x106.jpg 150w, https:\/\/dorogimedence.hu\/wp-content\/uploads\/2021\/07\/foci-05-450x318.jpg 450w\" sizes=\"(max-width: 900px) 100vw, 900px\" \/><\/p>\n<p style=\"text-align: center;\"><em>A Vasas Izz\u00f3 elleni m\u00e9rk\u0151z\u00e9sre felsorakozott dorogiak 1975. szeptember 28-\u00e1n. Balr\u00f3l: Szab\u00f3, Peszeki G., Engelbrecht, Bartalos, Izs\u00f3, Gabala, Peszeki J., Major, Kiss R., Schnitzer \u00e9s T\u00f3th. (forr\u00e1s: Major Ferenc album\u00e1b\u00f3l)\u00a0<\/em><\/p>\n<p>A remek sz\u00e9ri\u00e1t a Vol\u00e1n elleni 2-1-es idegenbeli veres\u00e9g t\u00f6rte meg, azonban a szezon hajr\u00e1j\u00e1ban m\u00e1r csak egyetlen tov\u00e1bbi kudarck\u00e9nt, a Nagykanizs\u00e1n elszenvedett 1-0-\u00e1s veres\u00e9get kellett elk\u00f6nyvelni, ugyanakkor a f\u00e9nyes 4-1-es gy\u0151zelem a F\u0150SPED otthon\u00e1ban gyors vigaszt jelentett. Az id\u00e9ny v\u00e9g\u00e9n dobog\u00f3s helyen z\u00e1rtak, amely messze t\u00faltett minden el\u0151zetes v\u00e1rakoz\u00e1son. A nem v\u00e1rt sikeres szerepl\u00e9s ellen\u00e9re is megmaradt a visszafogottabb hangv\u00e9tel, b\u00e1r joggal \u00fcnnepeltek a szimpatiz\u00e1nsok. Az MLSZ hat\u00e1rozata alapj\u00e1n egy m\u00e9rk\u0151z\u00e9st el\u0151rehoztak tavaszr\u00f3l, \u00edgy december 14-\u00e9n l\u00e9ptek utolj\u00e1ra p\u00e1ly\u00e1ra, a BVSC elleni hazai tal\u00e1lkoz\u00f3n. A meccs 1-1-es d\u00f6ntetlennel z\u00e1rult, viszont a t\u00e9lies id\u0151 ellen\u00e9re is kint volt 2 ezer szurkol\u00f3 a lel\u00e1t\u00f3kon.<\/p>\n<p><img loading=\"lazy\" decoding=\"async\" class=\"alignnone size-full wp-image-34541\" src=\"https:\/\/dorogimedence.hu\/wp-content\/uploads\/2021\/07\/foci-06.jpg\" alt=\"\" width=\"900\" height=\"359\" srcset=\"https:\/\/dorogimedence.hu\/wp-content\/uploads\/2021\/07\/foci-06.jpg 900w, https:\/\/dorogimedence.hu\/wp-content\/uploads\/2021\/07\/foci-06-300x120.jpg 300w, https:\/\/dorogimedence.hu\/wp-content\/uploads\/2021\/07\/foci-06-768x306.jpg 768w, https:\/\/dorogimedence.hu\/wp-content\/uploads\/2021\/07\/foci-06-150x60.jpg 150w, https:\/\/dorogimedence.hu\/wp-content\/uploads\/2021\/07\/foci-06-450x180.jpg 450w\" sizes=\"(max-width: 900px) 100vw, 900px\" \/><\/p>\n<p style=\"text-align: center;\"><em>\u00cdgy indult az 1976-os szezon<\/em><\/p>\n<p>A tavaszi folytat\u00e1s el\u0151tt m\u00e9g mindig visszafogottabban nyilatkoztak a terveket illet\u0151en \u00e9s t\u00f6bben is azt mondt\u00e1k, hogy az \u00e9v els\u0151 tal\u00e1lkoz\u00f3j\u00e1n sok fog m\u00falni. Febru\u00e1r utols\u00f3 napj\u00e1n a kiv\u00e1l\u00f3 Koml\u00f3 \u00e9rkezett Dorogra, amely titkon m\u00e9g rem\u00e9nykedtek az esetleges feljut\u00e1sban, ez\u00e1ltal a dorogiak \u00fagy v\u00e9lekedtek, hogy a tov\u00e1bbi bajnoki es\u00e9lyeket \u00e9s realit\u00e1sokat a meccs kimenetel\u00e9nek t\u00fckr\u00e9ben lehet majd igaz\u00e1n kinyilatkoztatni. A m\u00e9rk\u0151z\u00e9sen m\u00e1ris n\u00e9z\u0151cs\u00facs sz\u00fcletett, ahol 5, egyes forr\u00e1sok szerint viszont 7 ezren l\u00e1togattak ki a stadionba. A l\u00e1tottak m\u00e9g a legvehemensebb Dorog-drukkereket is letagl\u00f3zt\u00e1k, m\u00e9gpedig pozit\u00edv \u00e9rtelemben. A csapat mindv\u00e9gig ellen\u00e1llhatatlan j\u00e1t\u00e9kkal szipork\u00e1zott \u00e9s val\u00f3s\u00e1ggal ki\u00fct\u00f6tte nagynev\u0171 ellenl\u00e1bas\u00e1t. Az els\u0151t\u0151l az utols\u00f3 percig a hazaiak kez\u00e9ben volt a meccs, akik fikarcnyi es\u00e9lyt sem adva vend\u00e9geiknek, h\u00e9t g\u00f3lt r\u00e1moltak be a kiv\u00e1l\u00f3, egyben komoly NB I-es rutinnal rendelkez\u0151 Bu\u00fas Gy\u00f6rgy kapuj\u00e1ba. Az eredm\u00e9ny \u00edgy is a koml\u00f3iakra n\u00e9zve volt h\u00edzelg\u0151. Bu\u00fas kapus m\u00e9g 7-0 ut\u00e1n is k\u00e9t holtbiztos g\u00f3lt\u00f3l mentette meg brav\u00farjaival a csapat\u00e1t. Minden j\u00e1t\u00e9kos kiemelked\u0151en teljes\u00edtett, Peszeki Jen\u0151 pedig a mez\u0151ny legjobbjak\u00e9nt n\u00e9gy g\u00f3lt szerzett.<\/p>\n<p>Tov\u00e1bbra is tartott a lend\u00fclet, s mindj\u00e1rt a k\u00f6vetkez\u0151 fordul\u00f3ban &#8211; a v\u00e1ltozatoss\u00e1g kedv\u00e9\u00e9rt -,\u00a0 ez\u00fattal Szab\u00f3 J\u00f3zsef l\u0151tt n\u00e9gy g\u00f3lt a megyei rangad\u00f3n B\u00e1boln\u00e1n. Kiv\u00e1l\u00f3 teljes\u00edtm\u00e9ny\u00e9ben n\u00e9mi sz\u00e9ps\u00e9ghiba, hogy az egyik g\u00f3lt t\u00f6rt\u00e9netesen a saj\u00e1t kapunkba siker\u00fclt \u00f6ng\u00f3lk\u00e9nt szereznie. Viszont a biztos gy\u0151zelmet ez sem vesz\u00e9lyeztette, ahol a mieink 4:2 ar\u00e1nyban nyertek. N\u00e9gy meccset k\u00f6vet\u0151 100%-os teljes\u00edtm\u00e9nnyel &#8211; k\u00f6zben az Oroszl\u00e1nyt \u00e9s a Szolnokot is vert\u00e9k kapott g\u00f3l n\u00e9lk\u00fcl &#8211; mas\u00edroz\u00f3 dorogiak ekkor kezdtek ny\u00edltabban besz\u00e9lni az esetleges feljut\u00e1sr\u00f3l \u00e9s \u00fagy t\u0171nt, a korai bizakod\u00e1s m\u00e1ris megbosszulta mag\u00e1t. Ugyanis a Budafok elleni rangad\u00f3t m\u00e1r a legt\u00f6bben az NB I-\u00e9rt j\u00e1tszott el\u0151rehozott m\u00e9rk\u0151z\u00e9sk\u00e9nt emlegett\u00e9k, azonban ez\u00fattal kellemetlen veres\u00e9gbe szaladt bele a csapat hazai p\u00e1ly\u00e1n. Igaz, az el\u0151z\u0151 fordul\u00f3ban aratott f\u00e9nyes gy\u0151zelemnek nagy \u00e1ra volt, mert a szolnoki csata t\u00f6bb s\u00e9r\u00fcl\u00e9ssel j\u00e1rt a hazaiak olykor kifejezetten durva harcmodora miatt. Ennek ellen\u00e9re Engelbrechtet \u00e1ll\u00edtotta ki a j\u00e1t\u00e9kvezet\u0151, akit automatikusan k\u00e9t meccsr\u0151l el is tiltottak. Ez\u00e9rt n\u00e9h\u00e1ny j\u00e1t\u00e9kosunk ki is d\u0151lt a sorb\u00f3l a rangad\u00f3 el\u0151tt, s k\u00f6zt\u00fck Peszeki Jen\u0151 szerepl\u00e9se is er\u0151sen k\u00e9rd\u00e9ses volt. A csat\u00e1r viszont l\u00e1bfej\u00e9t f\u00e1jlalva, m\u00e9gis v\u00e1llalta a j\u00e1t\u00e9kot. Ez\u00fattal is kint volt 7 ezer n\u00e9z\u0151, s b\u00e1r szoros meccset j\u00e1tszottak, azonban a vend\u00e9gek mindk\u00e9t pontot elvitt\u00e9k Dorogr\u00f3l a 3-2-es eredm\u00e9nnyel z\u00e1rult rangad\u00f3n.<\/p>\n<p><img loading=\"lazy\" decoding=\"async\" class=\"alignnone size-full wp-image-34542\" src=\"https:\/\/dorogimedence.hu\/wp-content\/uploads\/2021\/07\/foci-07.jpg\" alt=\"\" width=\"900\" height=\"877\" srcset=\"https:\/\/dorogimedence.hu\/wp-content\/uploads\/2021\/07\/foci-07.jpg 900w, https:\/\/dorogimedence.hu\/wp-content\/uploads\/2021\/07\/foci-07-300x292.jpg 300w, https:\/\/dorogimedence.hu\/wp-content\/uploads\/2021\/07\/foci-07-768x748.jpg 768w, https:\/\/dorogimedence.hu\/wp-content\/uploads\/2021\/07\/foci-07-150x146.jpg 150w, https:\/\/dorogimedence.hu\/wp-content\/uploads\/2021\/07\/foci-07-450x439.jpg 450w\" sizes=\"(max-width: 900px) 100vw, 900px\" \/><\/p>\n<p style=\"text-align: center;\"><em>A korabeli \u00fajs\u00e1gcikk a Budafok elleni hazai tal\u00e1lkoz\u00f3r\u00f3l<\/em><\/p>\n<p>A veres\u00e9g m\u00e9gsem z\u00f6kkentette ki a csapatot, amely h\u00e1rom egym\u00e1st k\u00f6vet\u0151 meccsen ism\u00e9t remekelt, k\u00f6zte a Debrecen elleni rangad\u00f3n. \u00d6nmag\u00e1ban is remek csemeg\u00e9nek \u00edg\u00e9rkezett az \u00f6sszecsap\u00e1s, viszont a Loki fantasztikus sz\u00e9ri\u00e1ban volt, amely Budafokon is nyerni tudott \u00e9s re\u00e1lis es\u00e9lye volt ak\u00e1r a feljut\u00e1sra is. Dorogon k\u00f6zel 6 ezer n\u00e9z\u0151 biztat\u00e1sa mellett nagyszer\u0171 m\u00e9rk\u0151z\u00e9st j\u00e1tszott a k\u00e9t f\u00e9l, ahol a mieink meg\u00e9rdemelten nyertek 1-0-ra. Ekkor viszont az \u00e9vad m\u00e9lypontja k\u00f6vetkezett. A menetk\u00f6zben a k\u00f6z\u00e9pmez\u0151nybe visszacs\u00faszott V\u00e1rpalota vend\u00e9gek\u00e9nt hatalmas zak\u00f3t kapott a Dorog. A hazaiak el\u0151tt m\u00e9g a kies\u00e9s lehet\u0151s\u00e9g\u00e9nek r\u00e9me is kezdett felt\u0171nni a m\u00e9rs\u00e9kelt szerepl\u00e9s\u00fck folyt\u00e1n, ez\u00e9rt mindent beleadva rohamozni kezdtek a teljesen megtelt palotai sporttelepen. Mintegy 4 ezer szurkol\u00f3 j\u00f6tt \u00f6ssze, k\u00f6zt\u00fck igen nagy sz\u00e1mban \u00e9rkeztek Dorogr\u00f3l is buzd\u00edtani a csapatot. Pedig nem \u00fagy indult, hogy s\u00falyos veres\u00e9g lesz a v\u00e9ge, m\u00e9gha kellemetlen el\u0151jelekkel is l\u00e9pett p\u00e1ly\u00e1ra a csaptunk. A Debrecen ellen sz\u00e1mos durva belemen\u00e9s k\u00f6vetkezt\u00e9ben t\u00f6bben is megs\u00e9r\u00fcltek, de n\u00e9h\u00e1nyan a mar\u00f3diak k\u00f6z\u00fcl m\u00e9gis v\u00e1llalt\u00e1k a j\u00e1t\u00e9kot. Noha er\u0151sen nyomott a vend\u00e9gl\u00e1t\u00f3, az igazi g\u00f3lvesz\u00e9ly ink\u00e1bb a dorogi kontr\u00e1kban volt.\u00a0 M\u00e1r-m\u00e1r \u00fagy t\u0171nt, hogy g\u00f3l n\u00e9lk\u00fcli \u00e1ll\u00e1ssal fordulnak a felek, amikor egy v\u00e9delmi figyelmetlens\u00e9get kihaszn\u00e1lva, vezet\u00e9shez jutott a Palota. A m\u00e1sodik j\u00e1t\u00e9kr\u00e9sz els\u0151 fele dorogi f\u00f6l\u00e9nnyel telt, azonban j\u00e1t\u00e9kosaink kiss\u00e9 k\u00f6r\u00fclm\u00e9nyesen sz\u0151tt\u00e9k t\u00e1mad\u00e1saikat \u00e9s sajnos megl\u00e1tszott a s\u00e9r\u00fcl\u00e9ssel bajl\u00f3d\u00f3ak j\u00e1t\u00e9k\u00e1n is a visszafogottabb teljes\u00edtm\u00e9ny. A helyzetek r\u00e1ad\u00e1sul kimaradtak, amelyek k\u00f6z\u00fcl Szab\u00f3 remek g\u00f3lbatart\u00f3 fejese volt a leg\u00edg\u00e9retesebb, azonban a hazai kapus brav\u00farral h\u00e1r\u00edtott. Szinte ezen akci\u00f3 ellent\u00e1mad\u00e1s\u00e1b\u00f3l n\u00f6velte el\u0151ny\u00e9t az ellenf\u00e9l, majd nem sokkal k\u00e9s\u0151bb egy visszar\u00e1nt\u00e1s miatt Majort ki\u00e1ll\u00edtotta a j\u00e1t\u00e9kvezet\u0151. Ez v\u00e9gk\u00e9p megpecs\u00e9telte a sorsukat \u00e9s a h\u00e1ts\u00f3 alakzatban elk\u00f6vetett hib\u00e1kat remek\u00fcl kihaszn\u00e1lva tov\u00e1bbi k\u00e9t g\u00f3llal terhelt\u00e9k meg Schnitzer kapuj\u00e1t, s v\u00e9g\u00fcl cs\u00fafos, 4-0-\u00e1s veres\u00e9ggel hagyt\u00e1k el a p\u00e1ly\u00e1t.<\/p>\n<p><img loading=\"lazy\" decoding=\"async\" class=\"alignnone size-full wp-image-34543\" src=\"https:\/\/dorogimedence.hu\/wp-content\/uploads\/2021\/07\/foci-08.jpg\" alt=\"\" width=\"900\" height=\"506\" srcset=\"https:\/\/dorogimedence.hu\/wp-content\/uploads\/2021\/07\/foci-08.jpg 900w, https:\/\/dorogimedence.hu\/wp-content\/uploads\/2021\/07\/foci-08-300x169.jpg 300w, https:\/\/dorogimedence.hu\/wp-content\/uploads\/2021\/07\/foci-08-768x432.jpg 768w, https:\/\/dorogimedence.hu\/wp-content\/uploads\/2021\/07\/foci-08-150x84.jpg 150w, https:\/\/dorogimedence.hu\/wp-content\/uploads\/2021\/07\/foci-08-450x253.jpg 450w\" sizes=\"(max-width: 900px) 100vw, 900px\" \/><\/p>\n<p style=\"text-align: center;\"><em>Csapatunk a Felszabadul\u00e1s kupa negyedd\u00f6nt\u0151j\u00e9t megel\u0151z\u0151en. \u00c1llnak balr\u00f3l: Ivanics edz\u0151, Horv\u00e1th I., T\u00f3th, Engelbrecht, Peszeki J., Kov\u00e1cs*, Szab\u00f3, Gabala, Schnitzer. El\u0151l: Szilasi, Bartalos, Rozgonyi, Izs\u00f3, F\u00fcrstenczeller, Major. *Kov\u00e1cs Ferenc a tartal\u00e9k csapatunk tagjak\u00e9nt lett nevezve a kupam\u00e9rk\u0151z\u00e9sre.\u00a0(forr\u00e1s: Major Ferenc album\u00e1b\u00f3l)\u00a0<\/em><\/p>\n<p>Sokan kij\u00f3zan\u00edt\u00f3nak v\u00e9lt\u00e9k a fiask\u00f3t, s a csapat is igyekezett tanulni bel\u0151le. Rendezve soraikat, ism\u00e9t egyenletes j\u00f3 teljes\u00edtm\u00e9nyt siker\u00fclt hozniuk \u00fagy, hogy k\u00f6zben Majort k\u00e9t meccsr\u0151l eltiltott\u00e1k. Ennek ellen\u00e9re ez\u00fattal a mieink osztottak ki egy 4-0-\u00e1s zak\u00f3t az \u00e9lmeny\u0151zh\u00f6z tartoz\u00f3 Vol\u00e1nnak, majd egy komoly rangad\u00f3t nyertek az NB I-re p\u00e1ly\u00e1z\u00f3 P\u00e9cs ellen. Helyenk\u00e9nt ragyog\u00f3 j\u00e1t\u00e9kkal \u00e9s Szab\u00f3 J\u00f3zsef mesterh\u00e1rmas\u00e1val magabiztosan vert\u00e9k 3-1-re a mecsekieket, majd sikeresen visszav\u00e1gtak az \u0151szi veres\u00e9g\u00e9rt a Nagykanizs\u00e1nak is, valamint pontot szereztek a listavezet\u0151 Duna\u00fajv\u00e1ros otthon\u00e1ban is, egy igazi rangad\u00f3n. A Dorog ott \u00e1llt \u00fajra a nagy lehet\u0151s\u00e9g kapuj\u00e1ban, m\u00e9gpedig imm\u00e1r a bajnoks\u00e1g finis\u00e9ben. M\u00e9gsem volt felh\u0151tlen az \u00f6r\u00f6m, hiszen a sorsol\u00e1s szesz\u00e9lye folyt\u00e1n a hajr\u00e1 n\u00e9gy fordul\u00f3j\u00e1b\u00f3l h\u00e1rom idegenbeli meccs volt. Tov\u00e1bb\u00e1 egy \u00f6r\u00f6mteli t\u00e9ny ez\u00fattal ink\u00e1bb nyomaszt\u00f3 teherr\u00e9 kezdett v\u00e1lni. Nevezetesen, a mieink a Felszabadul\u00e1s kup\u00e1ban is meneteltek, ahol m\u00e1r a nyolcadd\u00f6nt\u0151ig verekedt\u00e9k magukat, ahol a Ferencv\u00e1rost kapt\u00e1k a k\u00f6vetkez\u0151 fordul\u00f3ban. Hogy teljes legyen a fejf\u00e1j\u00e1s, Bartalosra a s\u00falyos s\u00e9r\u00fcl\u00e9se miatt m\u00e1r nem lehetett sz\u00e1m\u00edtani. Joggal agg\u00f3dtak a szurkol\u00f3k is, hogy ezt a fiatal csapat aligha b\u00edrja el, s megremeg a l\u00e1buk a nagy lehet\u0151s\u00e9g \u00e9s bizony\u00edt\u00e1si k\u00e9nyszer hat\u00e1s\u00e1ra.<\/p>\n<p><img loading=\"lazy\" decoding=\"async\" class=\"alignnone size-full wp-image-34544\" src=\"https:\/\/dorogimedence.hu\/wp-content\/uploads\/2021\/07\/foci-09.jpg\" alt=\"\" width=\"900\" height=\"204\" srcset=\"https:\/\/dorogimedence.hu\/wp-content\/uploads\/2021\/07\/foci-09.jpg 900w, https:\/\/dorogimedence.hu\/wp-content\/uploads\/2021\/07\/foci-09-300x68.jpg 300w, https:\/\/dorogimedence.hu\/wp-content\/uploads\/2021\/07\/foci-09-768x174.jpg 768w, https:\/\/dorogimedence.hu\/wp-content\/uploads\/2021\/07\/foci-09-150x34.jpg 150w, https:\/\/dorogimedence.hu\/wp-content\/uploads\/2021\/07\/foci-09-450x102.jpg 450w\" sizes=\"(max-width: 900px) 100vw, 900px\" \/><\/p>\n<p style=\"text-align: center;\"><em>Brav\u00far a jav\u00e1b\u00f3l. A bajnoki menetel\u00e9s k\u00f6zepette egy komoly kupa-siker is<\/em><\/p>\n<p>A g\u00e1rda azonban nem illet\u0151d\u00f6tt meg \u00e9s gyors \u00fctemben k\u00e9tszer is h\u00e1rom g\u00f3lt szerezve beh\u00fazta a Spartacus (3-1) \u00e9s a F\u0150SPED (3-0) elleni m\u00e9rk\u0151z\u00e9seit \u00e9s k\u00f6zben j\u00f6tt a Fradi, amely m\u00e1r bajnokk\u00e9nt \u00e9rkezett Dorogra \u00e9s gyakorlatilag letudta a h\u00e1tral\u00e9v\u0151 meccseit is (az NB I p\u00e1r fordul\u00f3val el\u0151r\u00e9bb j\u00e1rt). \u00c9rdekess\u00e9g, egyben a dorogiak sz\u00e1m\u00e1ra neh\u00e9zs\u00e9g, hogy rendhagy\u00f3 m\u00f3don nem szerd\u00e1ra, hanem p\u00e9ntekre \u00edrta ki a Sz\u00f6vets\u00e9g a kupameccset, \u00edgy egyetlen nap volt csak a k\u00e9t t\u00e9tm\u00e9rk\u0151z\u00e9s k\u00f6z\u00f6tt. Az \u00f6sszecsap\u00e1s viszont felett\u00e9bb kellemes meglepet\u00e9st hozott. A dorogiak nem k\u00edm\u00e9lve erej\u00fcket \u00e9s kond\u00edci\u00f3jukat, nekimentek a nagynev\u0171 ellenfel\u00fcknek \u00e9s a tal\u00e1lkoz\u00f3 java r\u00e9sz\u00e9ben nem csak ir\u00e1ny\u00edtott\u00e1k a j\u00e1t\u00e9kot, de f\u00f6l\u00e9nyben is j\u00e1tszottak. Az els\u0151 j\u00e1t\u00e9kr\u00e9sz hajr\u00e1j\u00e1ban Rozgonyi nagyszer\u0171 fejes g\u00f3lj\u00e1val el\u0151nnyel t\u00e9rhettek pihen\u0151re, majd nem sokkal a fordul\u00e1st k\u00f6vet\u0151en Szab\u00f3 el\u0151bb n\u00f6velte az el\u0151nyt, majd dupl\u00e1j\u00e1val gyakorlatilag el is d\u00f6nt\u00f6tte a tal\u00e1lkoz\u00f3t. A h\u00e1tral\u00e9v\u0151 id\u0151ben is jobb\u00e1ra a dorogiak el\u0151tt ad\u00f3dtak tov\u00e1bbi helyzetek, de ezek m\u00e1r kimaradtak, azonban a 3:0-\u00e1s gy\u0151zelm\u00fck, s vele egy\u00fctt a biztos tov\u00e1bbjut\u00e1suk egy pillanatig sem forgott vesz\u00e9lyben.<\/p>\n<p><img loading=\"lazy\" decoding=\"async\" class=\"alignnone size-full wp-image-34545\" src=\"https:\/\/dorogimedence.hu\/wp-content\/uploads\/2021\/07\/foci-10.jpg\" alt=\"\" width=\"900\" height=\"655\" srcset=\"https:\/\/dorogimedence.hu\/wp-content\/uploads\/2021\/07\/foci-10.jpg 900w, https:\/\/dorogimedence.hu\/wp-content\/uploads\/2021\/07\/foci-10-300x218.jpg 300w, https:\/\/dorogimedence.hu\/wp-content\/uploads\/2021\/07\/foci-10-768x559.jpg 768w, https:\/\/dorogimedence.hu\/wp-content\/uploads\/2021\/07\/foci-10-150x109.jpg 150w, https:\/\/dorogimedence.hu\/wp-content\/uploads\/2021\/07\/foci-10-450x328.jpg 450w\" sizes=\"(max-width: 900px) 100vw, 900px\" \/><\/p>\n<p style=\"text-align: center;\"><em>A F\u0150SPED elleni meccs el\u0151tti cikk f\u0151c\u00edme<\/em><\/p>\n<p>\u00a0A csapat a Ferencv\u00e1ros ellen mutatott magabiztos j\u00e1t\u00e9k\u00e1t folytatva, biztosan verte a F\u0150SPED csapat\u00e1t, s m\u00e9g a Fradi elleni eredm\u00e9nyt sz\u00e1mszer\u0171en is megism\u00e9telte. A k\u00f6vetkez\u0151 h\u00e9t is zs\u00fafolt volt, hiszen a kupa-sorozat is folytat\u00f3dott \u00e9s ugyan\u00fagy p\u00e9nteki napon a szint\u00e9n NB I-es R\u00e1ba ETO ellen l\u00e9ptek p\u00e1ly\u00e1ra a negyedd\u00f6nt\u0151ben. Ez\u00fattal is nagyszer\u0171en helyt\u00e1llt a csapat \u00e9s csak n\u00fcansznyi k\u00fcl\u00f6nbs\u00e9gen m\u00falt az \u00fajabb brav\u00far, de v\u00e9g\u00fcl az ETO jutott az el\u0151d\u00f6nt\u0151be 1-0-\u00e1s gy\u0151zelm\u00e9t k\u00f6vet\u0151en. K\u00e9t nappal k\u00e9s\u0151bb\u00a0Nagyb\u00e1tonyban sorsd\u00f6nt\u0151 meccs el\u0151tt \u00e1lltak, ugyanis 3 pont el\u0151nnyel vezettek a 3. helyen \u00e1ll\u00f3 Budafok ell\u0151tt. Gy\u0151zelem eset\u00e9n m\u00e1r biztos feljut\u00f3k lehettek. K\u00fcl\u00f6n\u00f6sen a m\u00e1sodik f\u00e9lidei magabiztos j\u00e1t\u00e9kuknak k\u00f6sz\u00f6nhet\u0151en sikeresen vett\u00e9k az akad\u00e1lyt, ahol 2-0-ra gy\u0151ztek, \u00edgy a z\u00e1r\u00f3fordul\u00f3 eredm\u00e9ny\u00e9t\u0151l f\u00fcggetlen\u00fcl a csapatot m\u00e1r nem lehetett be\u00e9rni.<\/p>\n<p><img loading=\"lazy\" decoding=\"async\" class=\"alignnone size-full wp-image-34546\" src=\"https:\/\/dorogimedence.hu\/wp-content\/uploads\/2021\/07\/foci-11.jpg\" alt=\"\" width=\"900\" height=\"465\" srcset=\"https:\/\/dorogimedence.hu\/wp-content\/uploads\/2021\/07\/foci-11.jpg 900w, https:\/\/dorogimedence.hu\/wp-content\/uploads\/2021\/07\/foci-11-300x155.jpg 300w, https:\/\/dorogimedence.hu\/wp-content\/uploads\/2021\/07\/foci-11-768x397.jpg 768w, https:\/\/dorogimedence.hu\/wp-content\/uploads\/2021\/07\/foci-11-150x78.jpg 150w, https:\/\/dorogimedence.hu\/wp-content\/uploads\/2021\/07\/foci-11-450x233.jpg 450w\" sizes=\"(max-width: 900px) 100vw, 900px\" \/><\/p>\n<p style=\"text-align: center;\"><em>Az \u00f3haj teljes\u00fclt<\/em><\/p>\n<p>J\u00fanius 27-\u00e9n ker\u00fclt sor az \u00e9vad utols\u00f3 tal\u00e1lkoz\u00f3j\u00e1ra Szeksz\u00e1rdon. Ez m\u00e1r csak aff\u00e9le b\u00f3nusznak bizonyult, hiszen a bajnoks\u00e1g kimenetel\u00e9t d\u00f6nt\u0151en nem befoly\u00e1solta. A szeksz\u00e1rdiak remek\u00fcl j\u00e1tszottak, r\u00e1ad\u00e1sul a Dorog ellen am\u00fagy is legt\u00f6bbsz\u00f6r remek\u00fcl kij\u00f6tt a l\u00e9p\u00e9s a sz\u00e1mukra. Ez\u00fattal is k\u00eds\u00e9rteni l\u00e1tszott a m\u00falt, mert a hazaiak k\u00e9tszer is vezet\u00e9shez jutottak, azonban mindk\u00e9tszer fel\u00e1llt a csapat \u00e9s egyenl\u00edtett, majd a m\u00e1sodik f\u00e9lid\u0151 m\u00e1sodik fel\u00e9ben m\u00e1r\u00a0 d\u00f6nt\u0151 f\u00f6l\u00e9nyben is j\u00e1tszott. Ennek megfelel\u0151en pedig a vezet\u00e9st is \u00e1tvette \u00e9s \u00fagy t\u0171nt gy\u0151zelemmel z\u00e1rja a ragyog\u00f3 \u00e9vadot. Ivanics mester adott is lehet\u0151s\u00e9get a tartal\u00e9k h\u00e1l\u00f3\u0151rnek, Horv\u00e1th Istv\u00e1nnak, aki Schnitzert v\u00e1ltotta, s b\u00e1r a kor\u00e1bbiakban a s\u00e9r\u00fcl\u00e9se miatt a keretb\u0151l biztos kies\u0151nek sz\u00e1m\u00edtott Bartalos is cserek\u00e9nt m\u00e9gis p\u00e1ly\u00e1ra l\u00e9phetett, aki Eckert helyett \u00e9rkezett a hajr\u00e1 perceire. Sajnos, mintha a mieinket megzavarta volna a v\u00e1ltoztat\u00e1s, valamint t\u00fal hamar elk\u00f6nyvelt\u00e9k a gy\u0151zelmet, az agilis szeksz\u00e1rdiak tal\u00e1ltak egy g\u00f3lt a v\u00e9g\u00e9n, amellyel v\u00e9g\u00fcl 3-3-as d\u00f6ntetlent hozott a tal\u00e1lkoz\u00f3.<\/p>\n<p><img loading=\"lazy\" decoding=\"async\" class=\"alignnone size-full wp-image-34547\" src=\"https:\/\/dorogimedence.hu\/wp-content\/uploads\/2021\/07\/foci-12.jpg\" alt=\"\" width=\"900\" height=\"317\" srcset=\"https:\/\/dorogimedence.hu\/wp-content\/uploads\/2021\/07\/foci-12.jpg 900w, https:\/\/dorogimedence.hu\/wp-content\/uploads\/2021\/07\/foci-12-300x106.jpg 300w, https:\/\/dorogimedence.hu\/wp-content\/uploads\/2021\/07\/foci-12-768x271.jpg 768w, https:\/\/dorogimedence.hu\/wp-content\/uploads\/2021\/07\/foci-12-150x53.jpg 150w, https:\/\/dorogimedence.hu\/wp-content\/uploads\/2021\/07\/foci-12-450x159.jpg 450w\" sizes=\"(max-width: 900px) 100vw, 900px\" \/><\/p>\n<p style=\"text-align: center;\"><em>A bajnoks\u00e1g ut\u00e1ni pillanatk\u00e9p<\/em><\/p>\n<p>Azonban ez zavarta akkor a legkev\u00e9sb\u00e9 a dorogiakat, akik k\u00e9t \u00e9v ut\u00e1n \u00fajra az NB I-be jutottak. A bajnok Duna\u00fajv\u00e1ros 4 ponttal szerezve t\u00f6bbet v\u00e9gzett az \u00e9len, m\u00edg a Dorog 3 ponttal utas\u00edtotta maga m\u00f6g\u00e9 a Budafokot. A negyedik helyen v\u00e9gzett Debrecen tov\u00e1bbi k\u00e9t ponttal leszakadva a mienkt\u0151l, majd az \u00f6t\u00f6dik BVSC \u00e9s a hatodik helyezett Vol\u00e1n alkotta a k\u00f6zvetlen \u00e9lmez\u0151nyt. A sok\u00e1ig elsz\u00e1ntan k\u00fczd\u0151 \u00e9s bizakod\u00f3 P\u00e9cs v\u00e9g\u00fcl a 7. helyre szorult. Csapatunk a bajnok ellen egyszer sem szenvedett veres\u00e9get, miut\u00e1n oda-vissza d\u00f6ntetlen j\u00e1tszottak \u00e9s teljesen egyforma j\u00e1t\u00e9ker\u0151t k\u00e9pviseltek. Nagy fegyvert\u00e9ny volt a P\u00e9cs \u00e9s a Szolnok oda-vissza legy\u0151z\u00e9se, valamint a Debrecen ellen megszerzett h\u00e1rom pont, m\u00e9gpedig kapott g\u00f3l n\u00e9lk\u00fcl. Egyetlen igaz\u00e1n fekete pont a V\u00e1rpalota elleni fiask\u00f3, azonban az eg\u00e9sz \u00e9vad minden t\u00e9ren nagyon sikeresnek bizonyult, s ha hozz\u00e1 tessz\u00fck, hogy tervben sem volt nem hogy a feljut\u00e1s, de m\u00e9g az \u00e9lmez\u0151nyben val\u00f3 helyez\u00e9s sem, \u00fagy f\u0151leg \u00e9rz\u00e9kelhet\u0151, hogy mekkora meglepet\u00e9ssel teli \u00f6r\u00f6m volt Dorogon.<\/p>\n<p><img loading=\"lazy\" decoding=\"async\" class=\"alignnone size-full wp-image-34548\" src=\"https:\/\/dorogimedence.hu\/wp-content\/uploads\/2021\/07\/foci-13.jpg\" alt=\"\" width=\"900\" height=\"681\" srcset=\"https:\/\/dorogimedence.hu\/wp-content\/uploads\/2021\/07\/foci-13.jpg 900w, https:\/\/dorogimedence.hu\/wp-content\/uploads\/2021\/07\/foci-13-300x227.jpg 300w, https:\/\/dorogimedence.hu\/wp-content\/uploads\/2021\/07\/foci-13-768x581.jpg 768w, https:\/\/dorogimedence.hu\/wp-content\/uploads\/2021\/07\/foci-13-150x114.jpg 150w, https:\/\/dorogimedence.hu\/wp-content\/uploads\/2021\/07\/foci-13-450x341.jpg 450w\" sizes=\"(max-width: 900px) 100vw, 900px\" \/><\/p>\n<p style=\"text-align: center;\"><em>A feljut\u00e1s mell\u00e9 m\u00e9g egy kiemelked\u0151 dorogi teljes\u00edtm\u00e9ny<\/em><\/p>\n<p>Plusz sikerk\u00e9nt, az NB II g\u00f3lkir\u00e1lya Peszeki Jen\u0151 lett 26 g\u00f3lj\u00e1val, m\u00edg Szab\u00f3 J\u00f3zsef 22 tal\u00e1lat\u00e1val szint\u00e9n a mez\u0151ny egyik legeredm\u00e9nyesebb j\u00e1t\u00e9kos\u00e1nak bizonyult. Az \u00e9vadot Schnitzer\u00a0 v\u00e9gigv\u00e9dte, Horv\u00e1th kapus pedig csak a B\u00e1bolna elleni hazai meccsen \u00e1llt mindv\u00e9gig a kapunkban, valamint k\u00e9t alkalommal cserek\u00e9nt jutott sz\u00f3hoz. El\u0151bb a f\u00f6l\u00e9nyes Koml\u00f3 elleni gy\u0151ztes meccsen, majd a z\u00e1r\u00f3fordul\u00f3ban Szeksz\u00e1rdon cser\u00e9lt\u00e9k be Schnitzer helyett. \u00c9rdekess\u00e9g, hogy egy testv\u00e9rp\u00e1r szerepelt a csapatban, Peszeki G\u00e9za \u00e9s Jen\u0151. Ezen fel\u00fcl volt k\u00e9t Kiss csal\u00e1dnev\u0171 is, \u0151k azonban csak n\u00e9vrokonok voltak. Ivanics Tibor k\u00fcl\u00f6n sportt\u00f6rt\u00e9nelmet \u00edrt, hogy legels\u0151 hazai csapat\u00e1t, a legels\u0151 bajnoki \u00e9vet k\u00f6vet\u0151en az els\u0151 oszt\u00e1lyba vezette.<\/p>\n<p><img loading=\"lazy\" decoding=\"async\" class=\"alignnone size-full wp-image-34549\" src=\"https:\/\/dorogimedence.hu\/wp-content\/uploads\/2021\/07\/foci-14.jpg\" alt=\"\" width=\"900\" height=\"500\" srcset=\"https:\/\/dorogimedence.hu\/wp-content\/uploads\/2021\/07\/foci-14.jpg 900w, https:\/\/dorogimedence.hu\/wp-content\/uploads\/2021\/07\/foci-14-300x167.jpg 300w, https:\/\/dorogimedence.hu\/wp-content\/uploads\/2021\/07\/foci-14-768x427.jpg 768w, https:\/\/dorogimedence.hu\/wp-content\/uploads\/2021\/07\/foci-14-150x83.jpg 150w, https:\/\/dorogimedence.hu\/wp-content\/uploads\/2021\/07\/foci-14-450x250.jpg 450w\" sizes=\"(max-width: 900px) 100vw, 900px\" \/><\/p>\n<p style=\"text-align: center;\"><em>Szab\u00f3 J\u00f3zsef mind\u00f6ssze 19 esztend\u0151s volt a bajnoki \u00e9vad kezdet\u00e9n, de m\u00e1r ekkor is ontotta a g\u00f3lokat<\/em><\/p>\n<p><strong><u>Az NB II 1975-76-os \u00e9vadj\u00e1nak ez\u00fcst\u00e9rmes, egyben az NB I-be jutott dorogi csapata:\u00a0<\/u><\/strong><\/p>\n<p>Bartalos J\u00f3zsef, Ecker R\u00f3bert, Engelbrecht J\u00f3zsef, F\u00fcrstenczeller J\u00e1nos, Gabala Ferenc, Gerschner Ferenc, Hern\u00e1di Gyula, Horv\u00e1th I. Istv\u00e1n, Izs\u00f3 S\u00e1ndor, Kiss K\u00e1roly, Kiss Rudolf, Major Ferenc, Mer\u00e9nyi Lip\u00f3t, Peszeki G\u00e9za, Peszeki Jen\u0151, Rozgonyi Mikl\u00f3s, Schnitzer Imre, Szab\u00f3 J\u00f3zsef, Szentgy\u00f6rgyi Ferenc, Szilasi J\u00f3zsef, T\u00f3th Gyula.<\/p>\n<p><u>A szakmai st\u00e1b tagjai:<\/u><\/p>\n<p>Vezet\u0151 edz\u0151: Ivanics Tibor, P\u00e1lyaedz\u0151: Cs\u00f3ri L\u00e1szl\u00f3, Kapusedz\u0151: Ilku Istv\u00e1n, Technikai vezet\u0151: Buz\u00e1nszky Jen\u0151, Int\u00e9z\u0151: Fischer \u00c1kos, Csapatorvos: Dr. Cs\u00e1sz\u00e1r G\u00e1bor, Gy\u00far\u00f3: Moln\u00e1r Ern\u0151, Szakoszt\u00e1lyvezet\u0151: G\u00f6b S\u00e1ndor. A remek \u00e9vad pedig Kov\u00e1cs Antal klubeln\u00f6ks\u00e9ge alatt t\u00f6rt\u00e9nt.<\/p>\n<p>A bajnoki m\u00e9rleg: 38 m\u00e9rk\u0151z\u00e9sen 22 gy\u0151zelem, 10 d\u00f6ntetlen, 6 veres\u00e9g; 75:40-es g\u00f3lar\u00e1nnyal. A hat veres\u00e9gb\u0151l tavaszra csak kett\u0151 jutott.<\/p>\n<p><img loading=\"lazy\" decoding=\"async\" class=\"alignnone size-full wp-image-34550\" src=\"https:\/\/dorogimedence.hu\/wp-content\/uploads\/2021\/07\/foci-15.jpg\" alt=\"\" width=\"900\" height=\"145\" srcset=\"https:\/\/dorogimedence.hu\/wp-content\/uploads\/2021\/07\/foci-15.jpg 900w, https:\/\/dorogimedence.hu\/wp-content\/uploads\/2021\/07\/foci-15-300x48.jpg 300w, https:\/\/dorogimedence.hu\/wp-content\/uploads\/2021\/07\/foci-15-768x124.jpg 768w, https:\/\/dorogimedence.hu\/wp-content\/uploads\/2021\/07\/foci-15-150x24.jpg 150w, https:\/\/dorogimedence.hu\/wp-content\/uploads\/2021\/07\/foci-15-450x73.jpg 450w\" sizes=\"(max-width: 900px) 100vw, 900px\" \/><\/p>\n<p style=\"text-align: center;\"><em>A legszebb f\u0151c\u00edm, ami az elm\u00falt 45 \u00e9v sor\u00e1n a dorogi csapattal kapcsolatban napvil\u00e1got l\u00e1tott<\/em><\/p>\n<p>Az utols\u00f3 NB I-be jut\u00e1s 30 \u00e9ves \u00e9vfordul\u00f3ja alkalm\u00e1b\u00f3l nosztalgia tal\u00e1lkoz\u00f3t szervezett a klub, amelyhez a Dorogi \u00d6nkorm\u00e1nyzat is csatlakozott. Az 1975-76-os \u00e9vadban szerepelt valamennyi el\u00e9rhet\u0151 j\u00e1t\u00e9kos megh\u00edv\u00e1st kapott \u00e9s az egykori csapat sz\u00edne-java k\u00e9pviselte is mag\u00e1t az \u00f6sszej\u00f6vetelen, amelyre 2006. j\u00fanius 30-\u00e1n, Dorogon a L\u00f3gat\u00f3n ker\u00fclt sor. A r\u00e9sztvev\u0151k egy csoportja a stadion f\u0151bej\u00e1rata el\u0151tt gy\u00fclekezett, t\u00f6bben pedig egyenesen \u00e9rkeztek a rendezv\u00e9ny helysz\u00edn\u00e9re. St\u00edlszer\u0171en az \u00e9vfordul\u00f3nak megfelel\u0151en napra pontosan, azaz j\u00fanius 27-\u00e9n szerett\u00e9k volna megejteni a tal\u00e1lkoz\u00f3t, azonban l\u00e9v\u00e9n, hogy h\u00e9tk\u00f6znapra esett, \u00edgy hozz\u00e1 a legk\u00f6zelebb esed\u00e9kes p\u00e9ntek d\u00e9lut\u00e1nra lett kit\u0171zve az id\u0151pont. A d\u00edszes t\u00e1rsas\u00e1g a L\u00f3gat\u00f3 \u00e9tterm\u00e9ben egy k\u00f6z\u00f6s nagy asztaln\u00e1l foglalt helyet. Az egybegy\u0171lteket Dr. Tittmann J\u00e1nos polg\u00e1rmester k\u00f6sz\u00f6nt\u00f6tte, majd az id\u0151sebb, egyben a dorogi labdar\u00fag\u00e1s aranykor\u00e1t k\u00e9pvisel\u0151 gener\u00e1ci\u00f3 nev\u00e9ben egykori kiv\u00e1l\u00f3s\u00e1gunk, Lakat Jen\u0151 tartott egy csod\u00e1latos \u00e9s bens\u0151s\u00e9ges besz\u00e9det, amely nem csak hatalmas sikert aratott, de bizony sokan meg is k\u00f6nnyezt\u00e9k. A klub nev\u00e9ben, az akkori eln\u00f6k, Kiss L\u00e1szl\u00f3 is k\u00f6sz\u00f6nt\u0151t mondott, majd j\u00f3magam &#8211; mint az egyes\u00fclet kr\u00f3nik\u00e1sa \u00e9s sportt\u00f6rt\u00e9net\u00e9nek s hagyom\u00e1nyainak \u0151rz\u0151je, kutat\u00f3ja &#8211; el\u0151ad\u00e1sa hangzott el, amelyben az adott bajnoki \u00e9v esem\u00e9nyeit eleven\u00edtettem fel meccsr\u0151l-meccsre, sz\u00e1mos kieg\u00e9sz\u00edt\u00e9ssel. Ezt k\u00f6vet\u0151en az egykori vezet\u0151 edz\u0151, Ivanics Tibor k\u00e9rt sz\u00f3t, aki ugyan\u00fagy k\u00f6sz\u00f6ntette volt labdar\u00fag\u00f3it, mint annak idej\u00e9n az \u00f6lt\u0151z\u0151ben \u00e9s fantasztikus st\u00edlusban minden j\u00e1t\u00e9koshoz volt n\u00e9h\u00e1ny gondolata \u00e9s edz\u0151i szempontb\u00f3l is felid\u00e9zte a bajnoki \u00e9vet. A hivatalos, nagyon j\u00f3 ked\u00e9ly\u0171, s k\u00f6tetlen program tov\u00e1bb folytat\u00f3dott a j\u00e1t\u00e9kosok visszaeml\u00e9kez\u00e9seivel, anekd\u00f3t\u00e1z\u00e1sokkal \u00e9s sok-sok der\u0171s pillanattal. Az egykori csapat nev\u00e9ben el\u0151bb Bartalos J\u00f3zsef sz\u00f3lalt fel, majd Engelbrecht J\u00f3zsef mondott k\u00f6sz\u00f6netet az \u00f6sszej\u00f6vetel \u00f6tlet\u00e9\u00e9rt \u00e9s megval\u00f3s\u00edt\u00e1s\u00e1\u00e9rt, egyben \u00fcnnep\u00e9lyesen \u00e1tadta az aj\u00e1nd\u00e9k\u00e1t, amely a legels\u0151 futballcsuk\u00e1ja volt \u00e9s felaj\u00e1nlotta a Dorogi Sportm\u00fazeum r\u00e9sz\u00e9re. T\u00f6bben szint\u00e9n aj\u00e1nd\u00e9kkal \u00e9rkeztek: Kiss K\u00e1roly az egyik korabeli viselt Dorog-mez\u00e9t adom\u00e1nyozta, m\u00edg Monostori Tivadar a chilei vil\u00e1gbajnoks\u00e1gon haszn\u00e1lt stoplis\u00e1t, Ivanics Tibor pedig t\u00f6bb Dorogr\u00f3l sz\u00f3l\u00f3 korabeli \u00fajs\u00e1gcikkel kedveskedett. Megeml\u00e9kez\u00e9s t\u00f6rt\u00e9nt az az\u00f3ta elhunyt csapatt\u00e1rsakr\u00f3l illetve a szakmai st\u00e1b tagjair\u00f3l. Addigra m\u00e1r hi\u00e1nyzott k\u00f6z\u00fcl\u00fcnk a legend\u00e1s csapatkapit\u00e1ny, T\u00f3th Gyula, valamint a nagyszer\u0171 kapus, Horv\u00e1th Istv\u00e1n. A st\u00e1b tagjai k\u00fcz\u00fcl pedig Ilku Istv\u00e1n kapusedz\u0151, Fisher \u00c1kos int\u00e9z\u0151, Cs\u00e1sz\u00e1r G\u00e1bor csapatorvos \u00e9s Moln\u00e1r Ern\u0151 gy\u00far\u00f3.<\/p>\n<p><img loading=\"lazy\" decoding=\"async\" class=\"alignnone size-full wp-image-34551\" src=\"https:\/\/dorogimedence.hu\/wp-content\/uploads\/2021\/07\/foci-16.jpg\" alt=\"\" width=\"900\" height=\"675\" srcset=\"https:\/\/dorogimedence.hu\/wp-content\/uploads\/2021\/07\/foci-16.jpg 900w, https:\/\/dorogimedence.hu\/wp-content\/uploads\/2021\/07\/foci-16-300x225.jpg 300w, https:\/\/dorogimedence.hu\/wp-content\/uploads\/2021\/07\/foci-16-768x576.jpg 768w, https:\/\/dorogimedence.hu\/wp-content\/uploads\/2021\/07\/foci-16-150x113.jpg 150w, https:\/\/dorogimedence.hu\/wp-content\/uploads\/2021\/07\/foci-16-450x338.jpg 450w\" sizes=\"(max-width: 900px) 100vw, 900px\" \/><\/p>\n<p style=\"text-align: center;\"><em>A Nosztalgia tal\u00e1lkoz\u00f3 a L\u00f3gat\u00f3n 2006-ban. Fels\u0151 sor balr\u00f3l: Kiss Rudolf, Bakonyi Istv\u00e1n, G\u00f6b S\u00e1ndor, F\u00fcr Istv\u00e1n, Ivanics Tibor, Ecker R\u00f3bert, Tittmann J\u00e1nos, Peszeki Jen\u0151 (a polg\u00e1rmester el\u0151tt el\u0151rehajolva), Kov\u00e1cs Antal, Cs\u00f3ri L\u00e1szl\u00f3, Schnitzer Imre, Monostori Tivadar, Szab\u00f3 Gyula, Gabala Ferenc. El\u0151l: Engelbrecht J\u00f3zsef, Peszeki G\u00e9za, F\u00fcrstenczeller J\u00e1nos, Hern\u00e1di Gyula, Kiss K\u00e1roly, Szab\u00f3 J\u00f3zsef, Holdampf S\u00e1ndor, Bartalos J\u00f3zsef.\u00a0<\/em><\/p>\n<p>A meghitt pillanatok ut\u00e1n a lakom\u00e1\u00e9 lett a f\u0151szerepet, amelyet a v\u00e1ros \u00f6nkorm\u00e1nyzata finansz\u00edrozott. A L\u00f3gat\u00f3 \u00e9tterem kiv\u00e1l\u00f3 konyh\u00e1ja k\u00e9sz\u00edtette a nagyszer\u0171 \u00e9s kiad\u00f3s vacsor\u00e1t, amelyet a hatalmas asztal mellett k\u00f6z\u00f6sen fogyasztottunk el, n\u00e9mi ned\u0171 k\u00eds\u00e9ret\u00e9ben. K\u00f6tetlen \u00e9s igen vid\u00e1m besz\u00e9lget\u00e9ssel telt az id\u0151, majd k\u00f6z\u00f6s meccsn\u00e9z\u00e9s k\u00f6vetkezett, amelyet az \u00e9tterem hatalmas k\u00e9perny\u0151j\u00e9n kereszt\u00fcl fantasztikus min\u0151s\u00e9get \u00e9s \u00e9lm\u00e9nyt adott az \u00e9l\u0151 k\u00f6zvet\u00edt\u00e9s. Ugyanis \u00e9ppen ezen a napon volt a N\u00e9metorsz\u00e1g-Argent\u00edna vil\u00e1gbajnoki negyedd\u00f6nt\u0151. Buz\u00e1nszky Jen\u0151 \u00e9ppen a vb aprop\u00f3ja miatt nem tudott szem\u00e9lyesen jelen lenni az \u00f6sszej\u00f6vetelen, mert Grosics Gyul\u00e1val egy\u00fctt hivatalos megh\u00edvott vend\u00e9gk\u00e9nt a vb sz\u00ednhely\u00e9n, N\u00e9metorsz\u00e1gban tart\u00f3zkodtak. Az igazoltan t\u00e1vol maradt k\u00e9t legenda mellett \u00e9s a fentiekben eml\u00edtett elhunytakon k\u00edv\u00fcl tov\u00e1bbi \u00f6t egykori labdar\u00fag\u00f3t nem siker\u00fclt utol\u00e9rn\u00fcnk a szervez\u00e9s sor\u00e1n. K\u00f6z\u00fcl\u00fck az egyik legf\u00e1j\u00f3bb pont Major Ferenc, aki nagyon sz\u00edvesen j\u00f6tt is volna, viszont a szervez\u0151knek nem volt meg az el\u00e9rhet\u0151s\u00e9ge.\u00a0 Ugyanakkor aki \u00e9rtes\u00edthette volna, az meg elfelejtett sz\u00f3lni neki. Az\u00f3ta szerencs\u00e9re meg van a k\u00f6zvetlen kapcsolat vele is, \u00edgy a j\u00f6v\u0151ben biztosan nem marad le hasonl\u00f3 rendezv\u00e9nyr\u0151l. Sov\u00e1ny vigasz, de sokat volt emlegetve az egykor Gizi becen\u00e9vre keresztelt kiv\u00e1l\u00f3 j\u00e1t\u00e9kos. A remek hangulat \u00e9s meccsn\u00e9z\u00e9s annyira lek\u00f6t\u00f6tt mindenkit, hogy m\u00e1r a kora est\u00e9be tartva jutott esz\u00fcnkbe, hogy kellene fot\u00f3zkodni is. Sajnos addigra n\u00e9h\u00e1nyan, k\u00f6zt\u00fck Lakat Jen\u0151, Proh\u00e1szka J\u00e1nos \u00e9s Varga J\u00e1nos m\u00e1r elk\u00f6sz\u00f6ntek. Jen\u0151 b\u00e1csi \u00e9vtizedek \u00f3ta a Dorogi Nyugd\u00edjas Egyes\u00fclet eln\u00f6kek\u00e9nt tev\u00e9kenykedett \u00e9s ekkor is a k\u00f6teless\u00e9g sz\u00f3l\u00edtotta. Ha j\u00f3l eml\u00e9kszem m\u00e1snap kora reggelre kir\u00e1ndul\u00e1st szerveztek \u00e9s volt m\u00e9g n\u00e9h\u00e1ny elint\u00e9znival\u00f3ja, valamint id\u0151ben nyugov\u00f3ra is kellett t\u00e9rnie, s mag\u00e1val vitte a k\u00e9t Jani b\u00e1csit is. A t\u00e1rsas\u00e1g d\u00f6nt\u0151 r\u00e9sze m\u00e9g kitartott \u00e9s miel\u0151tt bes\u00f6t\u00e9tedett volna, n\u00e9h\u00e1ny k\u00fclt\u00e9ri fot\u00f3t k\u00e9sz\u00edtett\u00fcnk. A jelenl\u00e9v\u0151k k\u00f6z\u00fcl \u00edgy is eggyel kevesebben vagyunk rajta, tekintve az mell\u00e9kel p\u00e9ld\u00e1nyt \u00e9ppen Kiss L\u00e1szl\u00f3 f\u00e9nyk\u00e9pezte. Kiss\u00e9 k\u00e9sve kapcsolva, de a fot\u00f3 mellett ekkor gy\u0171jt\u00f6ttem \u00f6ssze a r\u00e9sztvev\u0151k k\u00e9zjegy\u00e9t is az egyik dorogi sportkiadv\u00e1ny h\u00e1ts\u00f3 bels\u0151 bor\u00edt\u00f3j\u00e1n. Mostanra elmondhat\u00f3, hogy \u00e9vfordul\u00f3 az \u00e9vfordul\u00f3ban, hiszen a \u00f6sszej\u00f6vetel pedig t\u00f6rt\u00e9netesen 15 \u00e9ve t\u00f6rt\u00e9nt.<\/p>\n<p><img loading=\"lazy\" decoding=\"async\" class=\"alignnone size-full wp-image-34552\" src=\"https:\/\/dorogimedence.hu\/wp-content\/uploads\/2021\/07\/foci-17.jpg\" alt=\"\" width=\"900\" height=\"800\" srcset=\"https:\/\/dorogimedence.hu\/wp-content\/uploads\/2021\/07\/foci-17.jpg 900w, https:\/\/dorogimedence.hu\/wp-content\/uploads\/2021\/07\/foci-17-300x267.jpg 300w, https:\/\/dorogimedence.hu\/wp-content\/uploads\/2021\/07\/foci-17-768x683.jpg 768w, https:\/\/dorogimedence.hu\/wp-content\/uploads\/2021\/07\/foci-17-150x133.jpg 150w, https:\/\/dorogimedence.hu\/wp-content\/uploads\/2021\/07\/foci-17-450x400.jpg 450w\" sizes=\"(max-width: 900px) 100vw, 900px\" \/><\/p>\n<p style=\"text-align: center;\"><em>Az al\u00e1\u00edr\u00e1sok<\/em><\/p>\n<p>45 \u00e9vvel az esem\u00e9nyek ut\u00e1n sajnos tov\u00e1bb apadt a k\u00f6r, mert id\u0151k\u00f6zben t\u00f6bben is m\u00e1r odafent r\u00fagj\u00e1k a labd\u00e1t. Legyen ez a cikk valamennyi\u00fck sz\u00e9p eml\u00e9kezete is egyben, s ez\u00faton gondoljunk tisztelettel \u00e9s elismer\u00e9ssel mindannyiukra. Az egykori csapat j\u00e1t\u00e9kosai k\u00f6z\u00fcl: Ecker R\u00f3bertre, Horv\u00e1th I. Istv\u00e1nra, Kiss K\u00e1rolyra, Peszeki G\u00e9z\u00e1ra, Rozgonyi Mikl\u00f3sra, Schnizter Imr\u00e9re \u00e9s T\u00f3th Gyul\u00e1ra, valamint &#8211; Cs\u00f3ri L\u00e1szl\u00f3 kiv\u00e9tel\u00e9vel &#8211; a szakmai st\u00e1b valamennyi tagj\u00e1ra.<\/p>\n<p>A dorogi csapat sikereit fel\u00e9rt\u00e9keli, hogy abban az id\u0151szakban tartoztak az orsz\u00e1g elitj\u00e9hez, amikor az egyetemes magyar labdar\u00fag\u00e1s vil\u00e1gsz\u00ednvonal\u00fa volt. Az 1966-os kies\u00e9st k\u00f6vet\u0151en\u00a0 a harmadoszt\u00e1lyig cs\u00faszott a Dorog, s ezekben az id\u0151kben a magyar foci is lesz\u00e1ll\u00f3\u00e1gba ker\u00fclt, s mid\u0151n a hetvenes \u00e9vekben a dorogiak \u00faj er\u0151re kapva ism\u00e9t a legjobbak k\u00f6z\u00e9 ker\u00fcltek, a honi futball ugyancsak felt\u00f6rekv\u0151ben volt. Nem felt\u00e9tlen a leghely\u00e9nval\u00f3bb meg\u00e1llap\u00edt\u00e1s, de sz\u00e1momra \u00f3hatatlan egy tanuls\u00e1gos p\u00e9ld\u00e1zatot juttatott az eszembe. P\u00e1zm\u00e1ny P\u00e9ter, egykori katolikus egyh\u00e1zf\u0151nk nevezetes meg\u00e1llap\u00edt\u00e1s\u00e1ra asszoci\u00e1lok gyakorta, aki a p\u00e1losrend \u00e9s haz\u00e1nk helyzete k\u00f6z\u00f6tt v\u00e9lt komoly \u00f6sszef\u00fcgg\u00e9st. Neves id\u00e9zete szerint: &#8222;Ha sz\u00e1mukat fogyni l\u00e1tod, tudd meg, hogy az orsz\u00e1gnak is rosszul \u00e1ll a sz\u00e9n\u00e1ja, de ha \u0151ket n\u00f6vekedni l\u00e1tod, tudnod kell, hogy az orsz\u00e1g is felemelked\u0151ben van. Te is Magyarorsz\u00e1g, \u00e9des haz\u00e1m, a p\u00e1losokkal fogsz n\u00f6vekedni \u00e9s ugyanazokkal fogsz hanyatlani.&#8221; P\u00e1zm\u00e1ny P\u00e9ter meg\u00e1llap\u00edt\u00e1sa t\u00f6k\u00e9letesen igaz, s t\u00e1vol \u00e1lljon t\u0151lem, hogy egy szakr\u00e1lis, \u00fcdvt\u00f6rt\u00e9neti t\u00e9mak\u00f6rt a sporttal vessem \u00f6ssze, azonban a val\u00f3 hasonlatoss\u00e1g a dorogi klub \u00e9s a magyar labdar\u00fag\u00e1s &#8211; kiemelten a v\u00e1logatott &#8211; min\u0151s\u00e9ge \u00e9s ereje, a vonzati konkl\u00fazi\u00f3 mezsgy\u00e9j\u00e9n tagadhatatlan.<\/p>\n<p><em>K\u00fcl\u00f6n k\u00f6sz\u00f6net Major Ferenc r\u00e9sz\u00e9re, a neve alatt szerepl\u0151 fot\u00f3k megoszt\u00e1s\u00e1\u00e9rt.<\/em><\/p>\n<p><strong><em>Bor\u00edt\u00f3k\u00e9p:<\/em><\/strong><\/p>\n<p><img loading=\"lazy\" decoding=\"async\" class=\"alignnone size-full wp-image-34553\" src=\"https:\/\/dorogimedence.hu\/wp-content\/uploads\/2021\/07\/foci-18.jpg\" alt=\"\" width=\"900\" height=\"93\" srcset=\"https:\/\/dorogimedence.hu\/wp-content\/uploads\/2021\/07\/foci-18.jpg 900w, https:\/\/dorogimedence.hu\/wp-content\/uploads\/2021\/07\/foci-18-300x31.jpg 300w, https:\/\/dorogimedence.hu\/wp-content\/uploads\/2021\/07\/foci-18-768x79.jpg 768w, https:\/\/dorogimedence.hu\/wp-content\/uploads\/2021\/07\/foci-18-150x16.jpg 150w, https:\/\/dorogimedence.hu\/wp-content\/uploads\/2021\/07\/foci-18-450x47.jpg 450w\" sizes=\"(max-width: 900px) 100vw, 900px\" \/><\/p>\n<p><em>Valamennyi \u00fajs\u00e1gcikk a Dolgoz\u00f3k Lapj\u00e1nak 1975-1976. \u00e9vi sz\u00e1maib\u00f3l sz\u00e1rmazik<\/em><\/p>\n<p><em>Szab\u00f3 Gyula<\/em><\/p>\n","protected":false},"excerpt":{"rendered":"<p>Egyre t\u00e1volodik az id\u0151 az abszol\u00fat \u00e9lvonalbeli szerepl\u00e9st\u0151l, ugyanakkor semmit sem halv\u00e1nyodik, s\u0151t bizonyos szempont\u00f3l csak fel\u00e9rt\u00e9kel\u0151dik a jelent\u0151s\u00e9ge. A Dorog labdar\u00fag\u00f3 csapata 1945, 1949 \u00e9s 1973 ut\u00e1n 1976-ban negyedszer, egyben utols\u00f3 alkalommal v\u00edvta ki a szerepl\u00e9s jog\u00e1t a legjobbak k\u00f6z\u00f6tt. Az esem\u00e9ny harminc \u00e9ves \u00e9vfordul\u00f3ja alkalm\u00e1b\u00f3l nosztalgia \u00f6sszej\u00f6vetelt tartottak annak idej\u00e9n, amely pedig 15<\/p>\n","protected":false},"author":1,"featured_media":34536,"comment_status":"closed","ping_status":"closed","sticky":false,"template":"","format":"standard","meta":{"ngg_post_thumbnail":0,"footnotes":""},"categories":[2,3,6031,5],"tags":[15,37,70,69,72,16],"class_list":{"0":"post-34533","1":"post","2":"type-post","3":"status-publish","4":"format-standard","5":"has-post-thumbnail","7":"category-dorog","8":"category-hirek","9":"category-kerek-evfordulok","10":"category-sport","11":"tag-dorog","12":"tag-dorogi-fc","13":"tag-foci","14":"tag-futball","15":"tag-labdarugas","16":"tag-sport"},"yoast_head":"<!-- This site is optimized with the Yoast SEO plugin v27.4 - https:\/\/yoast.com\/product\/yoast-seo-wordpress\/ -->\n<title>45 \u00e9ve t\u00f6rt\u00e9nt: A dorogi csapat utols\u00f3 NB I-be val\u00f3 jut\u00e1sa<\/title>\n<meta name=\"robots\" content=\"index, follow, max-snippet:-1, max-image-preview:large, max-video-preview:-1\" \/>\n<link rel=\"canonical\" href=\"https:\/\/dorogimedence.hu\/index.php\/2021\/07\/04\/45-eve-tortent-a-dorogi-csapat-utolso-nb-i-be-valo-jutasa\/\" class=\"yoast-seo-meta-tag\" \/>\n<meta property=\"og:locale\" content=\"hu_HU\" class=\"yoast-seo-meta-tag\" \/>\n<meta property=\"og:type\" content=\"article\" class=\"yoast-seo-meta-tag\" \/>\n<meta property=\"og:title\" content=\"45 \u00e9ve t\u00f6rt\u00e9nt: A dorogi csapat utols\u00f3 NB I-be val\u00f3 jut\u00e1sa\" class=\"yoast-seo-meta-tag\" \/>\n<meta property=\"og:description\" content=\"Egyre t\u00e1volodik az id\u0151 az abszol\u00fat \u00e9lvonalbeli szerepl\u00e9st\u0151l, ugyanakkor semmit sem halv\u00e1nyodik, s\u0151t bizonyos szempont\u00f3l csak fel\u00e9rt\u00e9kel\u0151dik a jelent\u0151s\u00e9ge. A Dorog labdar\u00fag\u00f3 csapata 1945, 1949 \u00e9s 1973 ut\u00e1n 1976-ban negyedszer, egyben utols\u00f3 alkalommal v\u00edvta ki a szerepl\u00e9s jog\u00e1t a legjobbak k\u00f6z\u00f6tt. Az esem\u00e9ny harminc \u00e9ves \u00e9vfordul\u00f3ja alkalm\u00e1b\u00f3l nosztalgia \u00f6sszej\u00f6vetelt tartottak annak idej\u00e9n, amely pedig 15\" class=\"yoast-seo-meta-tag\" \/>\n<meta property=\"og:url\" content=\"https:\/\/dorogimedence.hu\/index.php\/2021\/07\/04\/45-eve-tortent-a-dorogi-csapat-utolso-nb-i-be-valo-jutasa\/\" class=\"yoast-seo-meta-tag\" \/>\n<meta property=\"og:site_name\" content=\"Dorogi-medence Region\u00e1lis H\u00edrport\u00e1l\" class=\"yoast-seo-meta-tag\" \/>\n<meta property=\"article:publisher\" content=\"https:\/\/www.facebook.com\/dorogimedence\/\" class=\"yoast-seo-meta-tag\" \/>\n<meta property=\"article:published_time\" content=\"2021-07-04T15:37:06+00:00\" class=\"yoast-seo-meta-tag\" \/>\n<meta property=\"article:modified_time\" content=\"2021-10-18T03:25:20+00:00\" class=\"yoast-seo-meta-tag\" \/>\n<meta property=\"og:image\" content=\"https:\/\/dorogimedence.hu\/wp-content\/uploads\/2021\/07\/foci-01.jpg\" class=\"yoast-seo-meta-tag\" \/>\n\t<meta property=\"og:image:width\" content=\"900\" class=\"yoast-seo-meta-tag\" \/>\n\t<meta property=\"og:image:height\" content=\"402\" class=\"yoast-seo-meta-tag\" \/>\n\t<meta property=\"og:image:type\" content=\"image\/jpeg\" class=\"yoast-seo-meta-tag\" \/>\n<meta name=\"author\" content=\"dorogimedence.hu\" class=\"yoast-seo-meta-tag\" \/>\n<meta name=\"twitter:card\" content=\"summary_large_image\" class=\"yoast-seo-meta-tag\" \/>\n<meta name=\"twitter:label1\" content=\"Szerz\u0151:\" class=\"yoast-seo-meta-tag\" \/>\n\t<meta name=\"twitter:data1\" content=\"dorogimedence.hu\" class=\"yoast-seo-meta-tag\" \/>\n\t<meta name=\"twitter:label2\" content=\"Becs\u00fclt olvas\u00e1si id\u0151\" class=\"yoast-seo-meta-tag\" \/>\n\t<meta name=\"twitter:data2\" content=\"31 perc\" class=\"yoast-seo-meta-tag\" \/>\n<script type=\"application\/ld+json\" class=\"yoast-schema-graph\">{\"@context\":\"https:\\\/\\\/schema.org\",\"@graph\":[{\"@type\":\"Article\",\"@id\":\"https:\\\/\\\/dorogimedence.hu\\\/index.php\\\/2021\\\/07\\\/04\\\/45-eve-tortent-a-dorogi-csapat-utolso-nb-i-be-valo-jutasa\\\/#article\",\"isPartOf\":{\"@id\":\"https:\\\/\\\/dorogimedence.hu\\\/index.php\\\/2021\\\/07\\\/04\\\/45-eve-tortent-a-dorogi-csapat-utolso-nb-i-be-valo-jutasa\\\/\"},\"author\":{\"name\":\"dorogimedence.hu\",\"@id\":\"https:\\\/\\\/dorogimedence.hu\\\/#\\\/schema\\\/person\\\/ce6091eeb7e95ecdc87890d6aa8e0fd4\"},\"headline\":\"45 \u00e9ve t\u00f6rt\u00e9nt: A dorogi csapat utols\u00f3 NB I-be val\u00f3 jut\u00e1sa\",\"datePublished\":\"2021-07-04T15:37:06+00:00\",\"dateModified\":\"2021-10-18T03:25:20+00:00\",\"mainEntityOfPage\":{\"@id\":\"https:\\\/\\\/dorogimedence.hu\\\/index.php\\\/2021\\\/07\\\/04\\\/45-eve-tortent-a-dorogi-csapat-utolso-nb-i-be-valo-jutasa\\\/\"},\"wordCount\":6125,\"publisher\":{\"@id\":\"https:\\\/\\\/dorogimedence.hu\\\/#organization\"},\"image\":{\"@id\":\"https:\\\/\\\/dorogimedence.hu\\\/index.php\\\/2021\\\/07\\\/04\\\/45-eve-tortent-a-dorogi-csapat-utolso-nb-i-be-valo-jutasa\\\/#primaryimage\"},\"thumbnailUrl\":\"https:\\\/\\\/dorogimedence.hu\\\/wp-content\\\/uploads\\\/2021\\\/07\\\/foci-01.jpg\",\"keywords\":[\"Dorog\",\"Dorogi FC\",\"foci\",\"futball\",\"labdar\u00fag\u00e1s\",\"sport\"],\"articleSection\":[\"Dorog\",\"H\u00edrek\",\"Kerek \u00e9vfordul\u00f3k\",\"Sport\"],\"inLanguage\":\"hu\"},{\"@type\":\"WebPage\",\"@id\":\"https:\\\/\\\/dorogimedence.hu\\\/index.php\\\/2021\\\/07\\\/04\\\/45-eve-tortent-a-dorogi-csapat-utolso-nb-i-be-valo-jutasa\\\/\",\"url\":\"https:\\\/\\\/dorogimedence.hu\\\/index.php\\\/2021\\\/07\\\/04\\\/45-eve-tortent-a-dorogi-csapat-utolso-nb-i-be-valo-jutasa\\\/\",\"name\":\"45 \u00e9ve t\u00f6rt\u00e9nt: A dorogi csapat utols\u00f3 NB I-be val\u00f3 jut\u00e1sa\",\"isPartOf\":{\"@id\":\"https:\\\/\\\/dorogimedence.hu\\\/#website\"},\"primaryImageOfPage\":{\"@id\":\"https:\\\/\\\/dorogimedence.hu\\\/index.php\\\/2021\\\/07\\\/04\\\/45-eve-tortent-a-dorogi-csapat-utolso-nb-i-be-valo-jutasa\\\/#primaryimage\"},\"image\":{\"@id\":\"https:\\\/\\\/dorogimedence.hu\\\/index.php\\\/2021\\\/07\\\/04\\\/45-eve-tortent-a-dorogi-csapat-utolso-nb-i-be-valo-jutasa\\\/#primaryimage\"},\"thumbnailUrl\":\"https:\\\/\\\/dorogimedence.hu\\\/wp-content\\\/uploads\\\/2021\\\/07\\\/foci-01.jpg\",\"datePublished\":\"2021-07-04T15:37:06+00:00\",\"dateModified\":\"2021-10-18T03:25:20+00:00\",\"breadcrumb\":{\"@id\":\"https:\\\/\\\/dorogimedence.hu\\\/index.php\\\/2021\\\/07\\\/04\\\/45-eve-tortent-a-dorogi-csapat-utolso-nb-i-be-valo-jutasa\\\/#breadcrumb\"},\"inLanguage\":\"hu\",\"potentialAction\":[{\"@type\":\"ReadAction\",\"target\":[\"https:\\\/\\\/dorogimedence.hu\\\/index.php\\\/2021\\\/07\\\/04\\\/45-eve-tortent-a-dorogi-csapat-utolso-nb-i-be-valo-jutasa\\\/\"]}]},{\"@type\":\"ImageObject\",\"inLanguage\":\"hu\",\"@id\":\"https:\\\/\\\/dorogimedence.hu\\\/index.php\\\/2021\\\/07\\\/04\\\/45-eve-tortent-a-dorogi-csapat-utolso-nb-i-be-valo-jutasa\\\/#primaryimage\",\"url\":\"https:\\\/\\\/dorogimedence.hu\\\/wp-content\\\/uploads\\\/2021\\\/07\\\/foci-01.jpg\",\"contentUrl\":\"https:\\\/\\\/dorogimedence.hu\\\/wp-content\\\/uploads\\\/2021\\\/07\\\/foci-01.jpg\",\"width\":900,\"height\":402},{\"@type\":\"BreadcrumbList\",\"@id\":\"https:\\\/\\\/dorogimedence.hu\\\/index.php\\\/2021\\\/07\\\/04\\\/45-eve-tortent-a-dorogi-csapat-utolso-nb-i-be-valo-jutasa\\\/#breadcrumb\",\"itemListElement\":[{\"@type\":\"ListItem\",\"position\":1,\"name\":\"Kezd\u0151lap\",\"item\":\"https:\\\/\\\/dorogimedence.hu\\\/\"},{\"@type\":\"ListItem\",\"position\":2,\"name\":\"45 \u00e9ve t\u00f6rt\u00e9nt: A dorogi csapat utols\u00f3 NB I-be val\u00f3 jut\u00e1sa\"}]},{\"@type\":\"WebSite\",\"@id\":\"https:\\\/\\\/dorogimedence.hu\\\/#website\",\"url\":\"https:\\\/\\\/dorogimedence.hu\\\/\",\"name\":\"Dorogi-medence Region\u00e1lis H\u00edrport\u00e1l\",\"description\":\"Dorog, Keszt\u00f6lc, Le\u00e1nyv\u00e1r, Piliscs\u00e9v, Tokod, Tokodalt\u00e1r\u00f3, Csolnok, Esztergom-kertv\u00e1ros: h\u00edrek, programok\",\"publisher\":{\"@id\":\"https:\\\/\\\/dorogimedence.hu\\\/#organization\"},\"potentialAction\":[{\"@type\":\"SearchAction\",\"target\":{\"@type\":\"EntryPoint\",\"urlTemplate\":\"https:\\\/\\\/dorogimedence.hu\\\/?s={search_term_string}\"},\"query-input\":{\"@type\":\"PropertyValueSpecification\",\"valueRequired\":true,\"valueName\":\"search_term_string\"}}],\"inLanguage\":\"hu\"},{\"@type\":\"Organization\",\"@id\":\"https:\\\/\\\/dorogimedence.hu\\\/#organization\",\"name\":\"Dorogi-medence Region\u00e1lis H\u00edrport\u00e1l\",\"url\":\"https:\\\/\\\/dorogimedence.hu\\\/\",\"logo\":{\"@type\":\"ImageObject\",\"inLanguage\":\"hu\",\"@id\":\"https:\\\/\\\/dorogimedence.hu\\\/#\\\/schema\\\/logo\\\/image\\\/\",\"url\":\"https:\\\/\\\/dorogimedence.hu\\\/wp-content\\\/uploads\\\/2021\\\/04\\\/logo-feher-600.png\",\"contentUrl\":\"https:\\\/\\\/dorogimedence.hu\\\/wp-content\\\/uploads\\\/2021\\\/04\\\/logo-feher-600.png\",\"width\":600,\"height\":100,\"caption\":\"Dorogi-medence Region\u00e1lis H\u00edrport\u00e1l\"},\"image\":{\"@id\":\"https:\\\/\\\/dorogimedence.hu\\\/#\\\/schema\\\/logo\\\/image\\\/\"},\"sameAs\":[\"https:\\\/\\\/www.facebook.com\\\/dorogimedence\\\/\"]},{\"@type\":\"Person\",\"@id\":\"https:\\\/\\\/dorogimedence.hu\\\/#\\\/schema\\\/person\\\/ce6091eeb7e95ecdc87890d6aa8e0fd4\",\"name\":\"dorogimedence.hu\",\"image\":{\"@type\":\"ImageObject\",\"inLanguage\":\"hu\",\"@id\":\"\\\/\\\/www.gravatar.com\\\/avatar\\\/d8d45f8901aadff40a4af72c0b826f1d?s=96&#038;r=g&#038;d=mm\",\"url\":\"\\\/\\\/www.gravatar.com\\\/avatar\\\/d8d45f8901aadff40a4af72c0b826f1d?s=96&#038;r=g&#038;d=mm\",\"contentUrl\":\"\\\/\\\/www.gravatar.com\\\/avatar\\\/d8d45f8901aadff40a4af72c0b826f1d?s=96&#038;r=g&#038;d=mm\",\"caption\":\"dorogimedence.hu\"}}]}<\/script>\n<!-- \/ Yoast SEO plugin. -->","yoast_head_json":{"title":"45 \u00e9ve t\u00f6rt\u00e9nt: A dorogi csapat utols\u00f3 NB I-be val\u00f3 jut\u00e1sa","robots":{"index":"index","follow":"follow","max-snippet":"max-snippet:-1","max-image-preview":"max-image-preview:large","max-video-preview":"max-video-preview:-1"},"canonical":"https:\/\/dorogimedence.hu\/index.php\/2021\/07\/04\/45-eve-tortent-a-dorogi-csapat-utolso-nb-i-be-valo-jutasa\/","og_locale":"hu_HU","og_type":"article","og_title":"45 \u00e9ve t\u00f6rt\u00e9nt: A dorogi csapat utols\u00f3 NB I-be val\u00f3 jut\u00e1sa","og_description":"Egyre t\u00e1volodik az id\u0151 az abszol\u00fat \u00e9lvonalbeli szerepl\u00e9st\u0151l, ugyanakkor semmit sem halv\u00e1nyodik, s\u0151t bizonyos szempont\u00f3l csak fel\u00e9rt\u00e9kel\u0151dik a jelent\u0151s\u00e9ge. A Dorog labdar\u00fag\u00f3 csapata 1945, 1949 \u00e9s 1973 ut\u00e1n 1976-ban negyedszer, egyben utols\u00f3 alkalommal v\u00edvta ki a szerepl\u00e9s jog\u00e1t a legjobbak k\u00f6z\u00f6tt. Az esem\u00e9ny harminc \u00e9ves \u00e9vfordul\u00f3ja alkalm\u00e1b\u00f3l nosztalgia \u00f6sszej\u00f6vetelt tartottak annak idej\u00e9n, amely pedig 15","og_url":"https:\/\/dorogimedence.hu\/index.php\/2021\/07\/04\/45-eve-tortent-a-dorogi-csapat-utolso-nb-i-be-valo-jutasa\/","og_site_name":"Dorogi-medence Region\u00e1lis H\u00edrport\u00e1l","article_publisher":"https:\/\/www.facebook.com\/dorogimedence\/","article_published_time":"2021-07-04T15:37:06+00:00","article_modified_time":"2021-10-18T03:25:20+00:00","og_image":[{"width":900,"height":402,"url":"https:\/\/dorogimedence.hu\/wp-content\/uploads\/2021\/07\/foci-01.jpg","type":"image\/jpeg"}],"author":"dorogimedence.hu","twitter_card":"summary_large_image","twitter_misc":{"Szerz\u0151:":"dorogimedence.hu","Becs\u00fclt olvas\u00e1si id\u0151":"31 perc"},"schema":{"@context":"https:\/\/schema.org","@graph":[{"@type":"Article","@id":"https:\/\/dorogimedence.hu\/index.php\/2021\/07\/04\/45-eve-tortent-a-dorogi-csapat-utolso-nb-i-be-valo-jutasa\/#article","isPartOf":{"@id":"https:\/\/dorogimedence.hu\/index.php\/2021\/07\/04\/45-eve-tortent-a-dorogi-csapat-utolso-nb-i-be-valo-jutasa\/"},"author":{"name":"dorogimedence.hu","@id":"https:\/\/dorogimedence.hu\/#\/schema\/person\/ce6091eeb7e95ecdc87890d6aa8e0fd4"},"headline":"45 \u00e9ve t\u00f6rt\u00e9nt: A dorogi csapat utols\u00f3 NB I-be val\u00f3 jut\u00e1sa","datePublished":"2021-07-04T15:37:06+00:00","dateModified":"2021-10-18T03:25:20+00:00","mainEntityOfPage":{"@id":"https:\/\/dorogimedence.hu\/index.php\/2021\/07\/04\/45-eve-tortent-a-dorogi-csapat-utolso-nb-i-be-valo-jutasa\/"},"wordCount":6125,"publisher":{"@id":"https:\/\/dorogimedence.hu\/#organization"},"image":{"@id":"https:\/\/dorogimedence.hu\/index.php\/2021\/07\/04\/45-eve-tortent-a-dorogi-csapat-utolso-nb-i-be-valo-jutasa\/#primaryimage"},"thumbnailUrl":"https:\/\/dorogimedence.hu\/wp-content\/uploads\/2021\/07\/foci-01.jpg","keywords":["Dorog","Dorogi FC","foci","futball","labdar\u00fag\u00e1s","sport"],"articleSection":["Dorog","H\u00edrek","Kerek \u00e9vfordul\u00f3k","Sport"],"inLanguage":"hu"},{"@type":"WebPage","@id":"https:\/\/dorogimedence.hu\/index.php\/2021\/07\/04\/45-eve-tortent-a-dorogi-csapat-utolso-nb-i-be-valo-jutasa\/","url":"https:\/\/dorogimedence.hu\/index.php\/2021\/07\/04\/45-eve-tortent-a-dorogi-csapat-utolso-nb-i-be-valo-jutasa\/","name":"45 \u00e9ve t\u00f6rt\u00e9nt: A dorogi csapat utols\u00f3 NB I-be val\u00f3 jut\u00e1sa","isPartOf":{"@id":"https:\/\/dorogimedence.hu\/#website"},"primaryImageOfPage":{"@id":"https:\/\/dorogimedence.hu\/index.php\/2021\/07\/04\/45-eve-tortent-a-dorogi-csapat-utolso-nb-i-be-valo-jutasa\/#primaryimage"},"image":{"@id":"https:\/\/dorogimedence.hu\/index.php\/2021\/07\/04\/45-eve-tortent-a-dorogi-csapat-utolso-nb-i-be-valo-jutasa\/#primaryimage"},"thumbnailUrl":"https:\/\/dorogimedence.hu\/wp-content\/uploads\/2021\/07\/foci-01.jpg","datePublished":"2021-07-04T15:37:06+00:00","dateModified":"2021-10-18T03:25:20+00:00","breadcrumb":{"@id":"https:\/\/dorogimedence.hu\/index.php\/2021\/07\/04\/45-eve-tortent-a-dorogi-csapat-utolso-nb-i-be-valo-jutasa\/#breadcrumb"},"inLanguage":"hu","potentialAction":[{"@type":"ReadAction","target":["https:\/\/dorogimedence.hu\/index.php\/2021\/07\/04\/45-eve-tortent-a-dorogi-csapat-utolso-nb-i-be-valo-jutasa\/"]}]},{"@type":"ImageObject","inLanguage":"hu","@id":"https:\/\/dorogimedence.hu\/index.php\/2021\/07\/04\/45-eve-tortent-a-dorogi-csapat-utolso-nb-i-be-valo-jutasa\/#primaryimage","url":"https:\/\/dorogimedence.hu\/wp-content\/uploads\/2021\/07\/foci-01.jpg","contentUrl":"https:\/\/dorogimedence.hu\/wp-content\/uploads\/2021\/07\/foci-01.jpg","width":900,"height":402},{"@type":"BreadcrumbList","@id":"https:\/\/dorogimedence.hu\/index.php\/2021\/07\/04\/45-eve-tortent-a-dorogi-csapat-utolso-nb-i-be-valo-jutasa\/#breadcrumb","itemListElement":[{"@type":"ListItem","position":1,"name":"Kezd\u0151lap","item":"https:\/\/dorogimedence.hu\/"},{"@type":"ListItem","position":2,"name":"45 \u00e9ve t\u00f6rt\u00e9nt: A dorogi csapat utols\u00f3 NB I-be val\u00f3 jut\u00e1sa"}]},{"@type":"WebSite","@id":"https:\/\/dorogimedence.hu\/#website","url":"https:\/\/dorogimedence.hu\/","name":"Dorogi-medence Region\u00e1lis H\u00edrport\u00e1l","description":"Dorog, Keszt\u00f6lc, Le\u00e1nyv\u00e1r, Piliscs\u00e9v, Tokod, Tokodalt\u00e1r\u00f3, Csolnok, Esztergom-kertv\u00e1ros: h\u00edrek, programok","publisher":{"@id":"https:\/\/dorogimedence.hu\/#organization"},"potentialAction":[{"@type":"SearchAction","target":{"@type":"EntryPoint","urlTemplate":"https:\/\/dorogimedence.hu\/?s={search_term_string}"},"query-input":{"@type":"PropertyValueSpecification","valueRequired":true,"valueName":"search_term_string"}}],"inLanguage":"hu"},{"@type":"Organization","@id":"https:\/\/dorogimedence.hu\/#organization","name":"Dorogi-medence Region\u00e1lis H\u00edrport\u00e1l","url":"https:\/\/dorogimedence.hu\/","logo":{"@type":"ImageObject","inLanguage":"hu","@id":"https:\/\/dorogimedence.hu\/#\/schema\/logo\/image\/","url":"https:\/\/dorogimedence.hu\/wp-content\/uploads\/2021\/04\/logo-feher-600.png","contentUrl":"https:\/\/dorogimedence.hu\/wp-content\/uploads\/2021\/04\/logo-feher-600.png","width":600,"height":100,"caption":"Dorogi-medence Region\u00e1lis H\u00edrport\u00e1l"},"image":{"@id":"https:\/\/dorogimedence.hu\/#\/schema\/logo\/image\/"},"sameAs":["https:\/\/www.facebook.com\/dorogimedence\/"]},{"@type":"Person","@id":"https:\/\/dorogimedence.hu\/#\/schema\/person\/ce6091eeb7e95ecdc87890d6aa8e0fd4","name":"dorogimedence.hu","image":{"@type":"ImageObject","inLanguage":"hu","@id":"\/\/www.gravatar.com\/avatar\/d8d45f8901aadff40a4af72c0b826f1d?s=96&#038;r=g&#038;d=mm","url":"\/\/www.gravatar.com\/avatar\/d8d45f8901aadff40a4af72c0b826f1d?s=96&#038;r=g&#038;d=mm","contentUrl":"\/\/www.gravatar.com\/avatar\/d8d45f8901aadff40a4af72c0b826f1d?s=96&#038;r=g&#038;d=mm","caption":"dorogimedence.hu"}}]}},"_links":{"self":[{"href":"https:\/\/dorogimedence.hu\/index.php\/wp-json\/wp\/v2\/posts\/34533","targetHints":{"allow":["GET"]}}],"collection":[{"href":"https:\/\/dorogimedence.hu\/index.php\/wp-json\/wp\/v2\/posts"}],"about":[{"href":"https:\/\/dorogimedence.hu\/index.php\/wp-json\/wp\/v2\/types\/post"}],"author":[{"embeddable":true,"href":"https:\/\/dorogimedence.hu\/index.php\/wp-json\/wp\/v2\/users\/1"}],"replies":[{"embeddable":true,"href":"https:\/\/dorogimedence.hu\/index.php\/wp-json\/wp\/v2\/comments?post=34533"}],"version-history":[{"count":0,"href":"https:\/\/dorogimedence.hu\/index.php\/wp-json\/wp\/v2\/posts\/34533\/revisions"}],"wp:featuredmedia":[{"embeddable":true,"href":"https:\/\/dorogimedence.hu\/index.php\/wp-json\/wp\/v2\/media\/34536"}],"wp:attachment":[{"href":"https:\/\/dorogimedence.hu\/index.php\/wp-json\/wp\/v2\/media?parent=34533"}],"wp:term":[{"taxonomy":"category","embeddable":true,"href":"https:\/\/dorogimedence.hu\/index.php\/wp-json\/wp\/v2\/categories?post=34533"},{"taxonomy":"post_tag","embeddable":true,"href":"https:\/\/dorogimedence.hu\/index.php\/wp-json\/wp\/v2\/tags?post=34533"}],"curies":[{"name":"wp","href":"https:\/\/api.w.org\/{rel}","templated":true}]}}