{"id":34365,"date":"2021-06-28T15:26:37","date_gmt":"2021-06-28T13:26:37","guid":{"rendered":"https:\/\/dorogimedence.hu\/?p=34365"},"modified":"2021-10-18T05:26:19","modified_gmt":"2021-10-18T03:26:19","slug":"40-eve-tortent-a-dorogi-rockfesztival-negyedik-befejezo-resz","status":"publish","type":"post","link":"https:\/\/dorogimedence.hu\/index.php\/2021\/06\/28\/40-eve-tortent-a-dorogi-rockfesztival-negyedik-befejezo-resz\/","title":{"rendered":"40 \u00e9ve t\u00f6rt\u00e9nt: A Dorogi Rockfesztiv\u00e1l (Negyedik, befejez\u0151 r\u00e9sz)"},"content":{"rendered":"<p style=\"text-align: justify;\"><strong>Kereken n\u00e9gy \u00e9vtizeddel ezel\u0151tt, 1981. j\u00fanius 27-\u00e9n ker\u00fclt megrendez\u00e9sre, a maga nem\u00e9ben az\u00f3ta is kuri\u00f3zumnak sz\u00e1m\u00edt\u00f3 esem\u00e9ny, ahol n\u00e9h\u00e1ny k\u00fclf\u00f6ldi fell\u00e9p\u0151 mellett a hazai rockzene akkori k\u00e9pvisel\u0151inek sz\u00edne-java sz\u00ednpadra l\u00e9pett a t\u00f6bb t\u00edzezernyi rajong\u00f3 el\u0151tt. Azon a bizonyos j\u00faniusi h\u00e9tv\u00e9g\u00e9n a telep\u00fcl\u00e9s lakoss\u00e1g\u00e1nak t\u00f6bbsz\u00f6r\u00f6se gy\u0171lt \u00f6ssze Dorogon. Az \u00e9vfordul\u00f3ra k\u00e9sz\u00fclt megeml\u00e9kez\u00e9sre sz\u00e1nt eml\u00e9kcikk utols\u00f3 felvon\u00e1sa k\u00f6vetkezik <\/strong><em>&#8211; Szab\u00f3 Gyula cikke.<\/em><\/p>\n<p style=\"text-align: justify;\">Mire az est\u00e9be ny\u00fal\u00f3 fesztiv\u00e1l \u00e9rdemi r\u00e9sze befejez\u0151d\u00f6tt, s a v\u00e9gs\u0151 zenei taktusok is elcsendes\u00fcltek, az utols\u00f3 buszj\u00e1ratokra (f\u00e9l 11 ut\u00e1n le\u00e1llt a t\u00f6megk\u00f6zleked\u00e9s) mindazok felkapaszkodtak, akik csak tehett\u00e9k. A k\u00f6rnyez\u0151 telep\u00fcl\u00e9sr\u0151l \u00e9rkez\u0151k r\u00e9szben gyalog, r\u00e9szben ker\u00e9kp\u00e1ron indultak haza. Az el\u0151rel\u00e1t\u00f3 k\u00f6rny\u00e9kbeliek k\u00f6z\u00fcl sokan bicajjal tekertek \u00e1t Dorogra \u00e9s a Smidi k\u00f6rny\u00e9k\u00e9n ker\u00edt\u00e9snek t\u00e1masztva hagyt\u00e1k j\u00e1rg\u00e1nyukat, amely j\u00f3 szolg\u00e1latot tett a buli ut\u00e1n. Magam is iparkodtam haza, s m\u00e9g miel\u0151tt a t\u00f6meg megindult volna gyors \u00fctemben v\u00e1gt\u00e1ztam nagysz\u00fcleimhez.<\/p>\n<p><img fetchpriority=\"high\" decoding=\"async\" class=\"aligncenter wp-image-34368 size-full\" src=\"https:\/\/dorogimedence.hu\/wp-content\/uploads\/2021\/06\/fesztival-02.jpg\" alt=\"\" width=\"900\" height=\"675\" srcset=\"https:\/\/dorogimedence.hu\/wp-content\/uploads\/2021\/06\/fesztival-02.jpg 900w, https:\/\/dorogimedence.hu\/wp-content\/uploads\/2021\/06\/fesztival-02-300x225.jpg 300w, https:\/\/dorogimedence.hu\/wp-content\/uploads\/2021\/06\/fesztival-02-768x576.jpg 768w, https:\/\/dorogimedence.hu\/wp-content\/uploads\/2021\/06\/fesztival-02-150x113.jpg 150w, https:\/\/dorogimedence.hu\/wp-content\/uploads\/2021\/06\/fesztival-02-450x338.jpg 450w\" sizes=\"(max-width: 900px) 100vw, 900px\" \/><\/p>\n<p style=\"text-align: center;\"><span style=\"font-size: 10pt;\"><em>Csend\u00e9let a Schmidt-vill\u00e1ban (forr\u00e1s: A Lampert csal\u00e1d album\u00e1b\u00f3l)<\/em><\/span><\/p>\n<p style=\"text-align: justify;\">Az egyik szomsz\u00e9d n\u00e9ni folyamatosan t\u0171nt fel el\u0151tt\u00fcnk \u00e9s egyre idegesebben v\u00e1rakozott. Unok\u00e1j\u00e1t \u00e9s annak bar\u00e1tn\u0151j\u00e9t v\u00e1rta t\u00fcrelmetlen\u00fcl. A l\u00e1nyok akkor kezdt\u00e9k a k\u00f6z\u00e9piskol\u00e1t \u00e9s sz\u00fcl\u0151i enged\u00e9llyel mehettek a fesztiv\u00e1lra, viszont a vend\u00e9gl\u00e1t\u00f3 nagymama \u00e9rthet\u0151en agg\u00f3dott, m\u00e9gpedig tal\u00e1n t\u00fals\u00e1gosan is hergelte mag\u00e1t. M\u00e1r a vacsor\u00e1t is elfogyasztva, majd az esti f\u00fcrd\u00e9st k\u00f6vet\u0151en t\u00f6r\u00f6lk\u00f6ztem, amikor megj\u00f6tt a k\u00e9t amazon. M\u00e1ria n\u00e9nib\u0151l felt\u00f6rt a zokog\u00e1s, s n\u00e9mi k\u00e9retlen k\u00f6r\u00edt\u0151sz\u00f6veg k\u00eds\u00e9rete k\u00f6zepette meleg\u00e9ben az udvaron mindkett\u0151j\u00fcknek kiosztott egy sallert, n\u00e9mi hajcib\u00e1l\u00e1ssal. Azzal a lend\u00fclettel persze meg is b\u00e1nta \u00e9s bocs\u00e1natk\u00e9r\u0151en volt is nagy \u00f6sszeborul\u00e1s. M\u00e1snap reggel a l\u00e1nyok m\u00e1r nevetg\u00e9lve id\u00e9zt\u00e9k fel az esti fiask\u00f3t \u00e9s hogy nagymam\u00e1val szent a b\u00e9ke.<\/p>\n<p><img decoding=\"async\" class=\"alignnone size-full wp-image-34369\" src=\"https:\/\/dorogimedence.hu\/wp-content\/uploads\/2021\/06\/fesztival-03.jpg\" alt=\"\" width=\"900\" height=\"777\" srcset=\"https:\/\/dorogimedence.hu\/wp-content\/uploads\/2021\/06\/fesztival-03.jpg 900w, https:\/\/dorogimedence.hu\/wp-content\/uploads\/2021\/06\/fesztival-03-300x259.jpg 300w, https:\/\/dorogimedence.hu\/wp-content\/uploads\/2021\/06\/fesztival-03-768x663.jpg 768w, https:\/\/dorogimedence.hu\/wp-content\/uploads\/2021\/06\/fesztival-03-150x130.jpg 150w, https:\/\/dorogimedence.hu\/wp-content\/uploads\/2021\/06\/fesztival-03-450x389.jpg 450w\" sizes=\"(max-width: 900px) 100vw, 900px\" \/><\/p>\n<p style=\"text-align: center;\"><span style=\"font-size: 10pt;\"><em>A megpihent had a villa-parkban<\/em>\u00a0<em>(forr\u00e1s: A Lampert csal\u00e1d album\u00e1b\u00f3l)<\/em><\/span><\/p>\n<p style=\"text-align: justify;\">A fesztiv\u00e1loz\u00f3k k\u00f6z\u00fcl rengetegen maradtak m\u00e9g egy \u00e9jszak\u00e1t, s d\u00f6nt\u0151 t\u00f6bbs\u00e9g\u00fck helyben, a villaparkban vackolta be mag\u00e1t. A vas\u00e1rnapra virrad\u00f3 \u00e9jszaka m\u00e1r sz\u00e1razon telt, az id\u0151j\u00e1r\u00e1s ez\u00fattal nem zavarta a pihen\u00e9s\u00fcket. Igen n\u00e9pes t\u00e1bor indult a Pal\u00e1ra is, ahol kellemes f\u00fcrd\u0151vel friss\u00edtett\u00e9k magukat, lemosva magukr\u00f3l az eg\u00e9sz napi port \u00e9s izzadts\u00e1got. M\u00e1snap reggel h\u00f6mp\u00f6lyg\u0151 \u00e1radat vonult a vas\u00fat\u00e1llom\u00e1s \u00e9s a telep\u00fcl\u00e9s k\u00f6zpontja, a f\u0151bb buszvonalak meg\u00e1ll\u00f3i fel\u00e9. A nap v\u00e9g\u00e9re az utols\u00f3 csoportok is elhagyt\u00e1k Dorogot, n\u00e9h\u00e1nyan pedig m\u00e9g maradtak p\u00e1r napot, s olyanra is akadt p\u00e9lda, hogy valaki \u00f6r\u00f6kre itt is maradt.<\/p>\n<p><img decoding=\"async\" class=\"aligncenter wp-image-34370 size-full\" src=\"https:\/\/dorogimedence.hu\/wp-content\/uploads\/2021\/06\/fesztival-04.jpg\" alt=\"\" width=\"900\" height=\"692\" srcset=\"https:\/\/dorogimedence.hu\/wp-content\/uploads\/2021\/06\/fesztival-04.jpg 900w, https:\/\/dorogimedence.hu\/wp-content\/uploads\/2021\/06\/fesztival-04-300x231.jpg 300w, https:\/\/dorogimedence.hu\/wp-content\/uploads\/2021\/06\/fesztival-04-768x591.jpg 768w, https:\/\/dorogimedence.hu\/wp-content\/uploads\/2021\/06\/fesztival-04-150x115.jpg 150w, https:\/\/dorogimedence.hu\/wp-content\/uploads\/2021\/06\/fesztival-04-450x346.jpg 450w\" sizes=\"(max-width: 900px) 100vw, 900px\" \/><\/p>\n<p style=\"text-align: center;\"><span style=\"font-size: 10pt;\"><em>Elkapott pillanat (forr\u00e1s: A Lampert csal\u00e1d album\u00e1b\u00f3l)<\/em><\/span><\/p>\n<p style=\"text-align: justify;\">A fesztiv\u00e1l egyik \u00e9rdekes vonzatak\u00e9nt eml\u00edten\u00e9m meg, hogy a Hajd\u00fan\u00e1n\u00e1sr\u00f3l \u00e9rkezett T\u00f6r\u00f6k Katalin nem t\u00e9rt vissza az otthon\u00e1ba. K\u00f6zvetlen\u00fcl a nagyszab\u00e1s\u00fa rendezv\u00e9ny el\u0151tt \u00e9retts\u00e9gizett, s noha m\u00e1r \u00e9let\u00e9vei alapj\u00e1n hivatalosan is nagykor\u00fanak min\u0151s\u00fclt, sz\u00fclei nem eresztett\u00e9k hossz\u00fara a gyepl\u0151t a neveltet\u00e9se ter\u00e9n, s persze Dorogra sem engedt\u00e9k el. Katinak viszont feltett sz\u00e1nd\u00e9ka volt a bulin r\u00e9szt venni, amelyre egy hajd\u00fadorogi bar\u00e1tn\u0151je is k\u00e9sz\u00fclt, akinek t\u00f6rt\u00e9netesen Dorogon, illetve a szomsz\u00e9dos Kertv\u00e1rosban rokonai is voltak. Egyed\u00fcl utazott \u00e1t az orsz\u00e1gon, majd napokkal a fesztiv\u00e1l id\u0151pontja el\u0151tt meg is \u00e9rkezett. Hamarosan tal\u00e1lkozott is a nevezett bar\u00e1tn\u0151vel, s a Palaparton s\u00e1toroztak. A nagy buli ut\u00e1n viszont nem mert hazamenni, s sz\u00fclei el\u00e9 ker\u00fclni. Ezen fel\u00fcl hamarj\u00e1ban megtetszett neki a k\u00f6rny\u00e9k, s a sz\u00fcl\u0151v\u00e1rosa \u00e9s az itteni \u00e9letvitel k\u00f6z\u00f6tti kontraszt, \u00edgy meghozta a d\u00f6nt\u0151 elhat\u00e1roz\u00e1st, miszerint v\u00e9gleg Dorogon marad.<\/p>\n<p><img loading=\"lazy\" decoding=\"async\" class=\"aligncenter wp-image-34371 size-full\" src=\"https:\/\/dorogimedence.hu\/wp-content\/uploads\/2021\/06\/fesztival-05.jpg\" alt=\"\" width=\"900\" height=\"642\" srcset=\"https:\/\/dorogimedence.hu\/wp-content\/uploads\/2021\/06\/fesztival-05.jpg 900w, https:\/\/dorogimedence.hu\/wp-content\/uploads\/2021\/06\/fesztival-05-300x214.jpg 300w, https:\/\/dorogimedence.hu\/wp-content\/uploads\/2021\/06\/fesztival-05-768x548.jpg 768w, https:\/\/dorogimedence.hu\/wp-content\/uploads\/2021\/06\/fesztival-05-150x107.jpg 150w, https:\/\/dorogimedence.hu\/wp-content\/uploads\/2021\/06\/fesztival-05-450x321.jpg 450w\" sizes=\"(max-width: 900px) 100vw, 900px\" \/><\/p>\n<p style=\"text-align: center;\"><span style=\"font-size: 10pt;\"><em>Katalin balr\u00f3l k\u00e9s\u0151bbi f\u00e9rj\u00e9vel, Gyul\u00e1val, leend\u0151 s\u00f3gorn\u0151j\u00e9vel, Csill\u00e1val \u00e9s k\u00f6z\u00f6s bar\u00e1tjukkal, Zsolttal a fesztiv\u00e1l id\u0151szak\u00e1ban (forr\u00e1s: T\u00f6r\u00f6k Katalin)<\/em><\/span><\/p>\n<p style=\"text-align: justify;\">Elmond\u00e1sa szerint egyb\u0151l beleszeretett a dorogi &#8222;rivi\u00e9r\u00e1ba&#8221;, a Palatinus-t\u00f3ba \u00e9s a fesztiv\u00e1lt k\u00f6vet\u0151 napokban hozz\u00e1l\u00e1tott megszervezni a sarkalatos fordulatot vett \u00e9let\u00e9t. A helyiek k\u00f6z\u00fcl t\u00f6bben is seg\u00edtett\u00e9k, alb\u00e9rlethez jutott \u00e9s \u00e9ppen a fesztiv\u00e1lt szervez\u0151 gy\u00f3gyszergy\u00e1rban munk\u00e1t is kapott. M\u00e1r csak j\u00f3val az egzisztenci\u00e1j\u00e1nak meger\u0151s\u00f6d\u00e9s\u00e9t k\u00f6vet\u0151 id\u0151ben l\u00e1togatott haza sz\u00fcleihez el\u0151sz\u00f6r. Hamar beilleszkedett a helyiek k\u00f6z\u00e9, akik nem csak befogadt\u00e1k, de meg is szerett\u00e9k. N\u00e9h\u00e1ny \u00e9vvel k\u00e9s\u0151bb csal\u00e1dot alap\u00edtott \u00e9s k\u00e9t gyermek \u00e9desanyja lett. El\u0151bb le\u00e1nya, majd a fia is megsz\u00fcletett. D\u00f6nt\u00e9s\u00e9t sem akkor, sem a mai napig nem b\u00e1nta meg, s\u0151t. Az\u00f3ta is a gy\u00f3gyszergy\u00e1r alkalmazottja, azon fel\u00fcl pedig m\u00e1sod\u00e1ll\u00e1st v\u00e1llalt a dorogi stadion sportb\u00fcf\u00e9j\u00e9ben, ahol szint\u00e9n hossz\u00fa \u00e9veken \u00e1t seg\u00edtette a kiszolg\u00e1l\u00e1st, vagy \u00e9ppen vitte \u00f6n\u00e1ll\u00f3an a pultosi teend\u0151ket. \u00d6r\u00f6m\u00f6mre szolg\u00e1l, hogy magam is \u00e9vtizedek \u00f3ta szem\u00e9lyesen ismerhetem. Kata gyakorlatilag minden nap j\u00f6vet-menet elhalad a Schmidt-villa mellett, amelyt\u0151l jelenleg csak egy karny\u00fajt\u00e1snyira, a Pozsonyi utc\u00e1ban lakik. Otthona a Doroggal teljesen egybeforrt Esztergom-kertv\u00e1rosi ter\u00fcletre esik, amely k\u00f6zigazgat\u00e1silag Esztergomhoz tartozik.<\/p>\n<p><img loading=\"lazy\" decoding=\"async\" class=\"alignnone size-full wp-image-34372\" src=\"https:\/\/dorogimedence.hu\/wp-content\/uploads\/2021\/06\/fesztival-06.jpg\" alt=\"\" width=\"900\" height=\"777\" srcset=\"https:\/\/dorogimedence.hu\/wp-content\/uploads\/2021\/06\/fesztival-06.jpg 900w, https:\/\/dorogimedence.hu\/wp-content\/uploads\/2021\/06\/fesztival-06-300x259.jpg 300w, https:\/\/dorogimedence.hu\/wp-content\/uploads\/2021\/06\/fesztival-06-768x663.jpg 768w, https:\/\/dorogimedence.hu\/wp-content\/uploads\/2021\/06\/fesztival-06-150x130.jpg 150w, https:\/\/dorogimedence.hu\/wp-content\/uploads\/2021\/06\/fesztival-06-450x389.jpg 450w\" sizes=\"(max-width: 900px) 100vw, 900px\" \/><\/p>\n<p style=\"text-align: center;\"><span style=\"font-size: 10pt;\"><em>Ren\u00e1ta az egykori medence medr\u00e9ben a fesztiv\u00e1lon (forr\u00e1s: Bajnok Ren\u00e1ta)<\/em><\/span><\/p>\n<p style=\"text-align: justify;\">Az el\u0151z\u0151 r\u00e9szekben eml\u00edt\u00e9sre ker\u00fclt, hogy hat\u00e1rainkon t\u00falr\u00f3l \u00e9s sz\u00e9p sz\u00e1mmal \u00e9rkeztek a rendezv\u00e9nyre. Van szerencs\u00e9m bemutatni k\u00f6z\u00fcl\u00fck az egyik ilyen jeles szem\u00e9lyt, Bajnok Ren\u00e1t\u00e1t, aki akkoriban P\u00e1rk\u00e1nyb\u00f3l ruccant \u00e1t Dorogra. K\u00e9t testv\u00e9rb\u00e1tyja szint\u00e9n a k\u00f6z\u00f6ns\u00e9g soraiban volt, \u00e1m Ren\u00e1ta a p\u00e1rk\u00e1nyi bar\u00e1tn\u0151ivel j\u00f6tt. Fordulatokban, esem\u00e9nyekben gazdag \u00e9lete sor\u00e1n f\u00e9rjhez ment, majd a csal\u00e1dalap\u00edt\u00e1s ut\u00e1n Pr\u00e1g\u00e1ban \u00e9lt \u00e9s egy kisl\u00e1nynak adott \u00e9letet. Id\u0151vel meg\u00f6zvegy\u00fclt, s f\u00e9rje hal\u00e1l\u00e1t k\u00f6vet\u0151en visszak\u00f6lt\u00f6z\u00f6tt P\u00e1rk\u00e1nyba. A k\u00e9s\u0151bbiekben egykori egyik\u00a0 kedvenc zenekar\u00e1nak tagja, a P. Mobil git\u00e1rosa, S\u00e1rv\u00e1ri Vilmos lett az \u00e9lete p\u00e1rja mind, a mai napig. \u00c9rdekess\u00e9g, hogy a P. Mobil basszusgit\u00e1ros\u00e1nak, K\u00e9kesi L\u00e1szl\u00f3nak pedig \u00e9ppen Bajnok a beceneve. Ren\u00e1ta gyakran halad el a Schmidt-villa mellett \u00e9s olyankor valah\u00e1nyszor a fesztiv\u00e1l ugrik be egyb\u0151l az eml\u00e9kezet\u00e9be. Az \u00e9letvid\u00e1m, kedves, egyben a vil\u00e1g dolgait m\u00e9lys\u00e9g\u00e9ben is igen tiszt\u00e1n ismer\u0151 h\u00f6lgy a mai napig is rendszeresen vesz r\u00e9szt koncerteken, zenei f\u00f3rumokon. R\u00e9szemr\u0151l a megtiszteltet\u00e9s, hogy megismerhettem, s ugyan ezt mondhatom a fent eml\u00edtett Katalinnal val\u00f3 kapcsolatomr\u00f3l is.<\/p>\n<p><img loading=\"lazy\" decoding=\"async\" class=\"aligncenter wp-image-34373 size-full\" src=\"https:\/\/dorogimedence.hu\/wp-content\/uploads\/2021\/06\/fesztival-07.jpg\" alt=\"\" width=\"900\" height=\"675\" srcset=\"https:\/\/dorogimedence.hu\/wp-content\/uploads\/2021\/06\/fesztival-07.jpg 900w, https:\/\/dorogimedence.hu\/wp-content\/uploads\/2021\/06\/fesztival-07-300x225.jpg 300w, https:\/\/dorogimedence.hu\/wp-content\/uploads\/2021\/06\/fesztival-07-768x576.jpg 768w, https:\/\/dorogimedence.hu\/wp-content\/uploads\/2021\/06\/fesztival-07-150x113.jpg 150w, https:\/\/dorogimedence.hu\/wp-content\/uploads\/2021\/06\/fesztival-07-450x338.jpg 450w\" sizes=\"(max-width: 900px) 100vw, 900px\" \/><\/p>\n<p style=\"text-align: center;\"><span style=\"font-size: 10pt;\"><em>Teljes \u00fczem a b\u00fcf\u00e9n\u00e9l (forr\u00e1s: A Lampert csal\u00e1d album\u00e1b\u00f3l)<\/em><\/span><\/p>\n<p style=\"text-align: justify;\">K\u00f6zvetlen\u00fcl m\u00e1r a fesztiv\u00e1l ut\u00e1ni napokban jelentek meg cikkek, tud\u00f3s\u00edt\u00e1sok az esem\u00e9nyr\u0151l a k\u00fcl\u00f6nb\u00f6z\u0151 helyi \u00e9s orsz\u00e1gos lapokban, magazinokban. Az els\u0151k k\u00f6z\u00f6tt, a Kom\u00e1rom megyei Dolgoz\u00f3k Lapj\u00e1nak\u00a0 j\u00fanius 30-\u00e1n sz\u00e1m\u00e1ban k\u00f6zz\u00e9 tett, fot\u00f3val is illusztr\u00e1lt <em>Rock-fesztiv\u00e1l Dorogon <\/em>volt olvashat\u00f3. Az \u00f6les bet\u0171kkel szedett f\u0151c\u00edm alatti \u00edr\u00e1s r\u00e9szben ismertette a fell\u00e9p\u0151 form\u00e1ci\u00f3k neveit, ugyanakkor els\u0151sorban a kor elv\u00e1r\u00e1sainak szellem\u00e9ben er\u0151s kritik\u00e1t fogalmazott meg mind a k\u00f6z\u00f6ns\u00e9gr\u0151l, mind a program zenei min\u0151s\u00e9g\u00e9r\u0151l. A szerz\u0151 v\u00e9lem\u00e9nye alapj\u00e1n egyik sem aratott osztatlan sikert. Eleve minden olyan dolog, amely az akkori hatalom \u00e1ltal fel\u00e1ll\u00edtott norm\u00e1kt\u00f3l kicsit is elt\u00e9rt, nem k\u00edv\u00e1natosnak, jobbik esetben is megt\u0171rtnek tartottak. Kiv\u00e1ltk\u00e9pp a rockzene \u00e9s annak rajong\u00f3i, akiket egybemostak a t\u00e1rsadalom perif\u00e9ri\u00e1j\u00e1ra szorultak sz\u00e9les t\u00e1bor\u00e1val, amelyet er\u0151s el\u0151\u00edt\u00e9let \u00e9s sztereot\u00edpia jellemzett. A k\u00f6znyelvben is megszokott\u00e1 v\u00e1lt a rockrajong\u00f3kat hulig\u00e1nnak, vagy cs\u00f6vesnek nevezni.<\/p>\n<p><img loading=\"lazy\" decoding=\"async\" class=\"alignnone size-full wp-image-34374\" src=\"https:\/\/dorogimedence.hu\/wp-content\/uploads\/2021\/06\/fesztival-08.jpg\" alt=\"\" width=\"900\" height=\"756\" srcset=\"https:\/\/dorogimedence.hu\/wp-content\/uploads\/2021\/06\/fesztival-08.jpg 900w, https:\/\/dorogimedence.hu\/wp-content\/uploads\/2021\/06\/fesztival-08-300x252.jpg 300w, https:\/\/dorogimedence.hu\/wp-content\/uploads\/2021\/06\/fesztival-08-768x645.jpg 768w, https:\/\/dorogimedence.hu\/wp-content\/uploads\/2021\/06\/fesztival-08-150x126.jpg 150w, https:\/\/dorogimedence.hu\/wp-content\/uploads\/2021\/06\/fesztival-08-450x378.jpg 450w\" sizes=\"(max-width: 900px) 100vw, 900px\" \/><\/p>\n<p style=\"text-align: center;\"><span style=\"font-size: 10pt;\"><em>A flaska k\u00f6rbej\u00e1r (forr\u00e1s: A Lampert csal\u00e1d album\u00e1b\u00f3l)<\/em><\/span><\/p>\n<p style=\"text-align: justify;\">Az eml\u00edtett cikkre nem sokkal egy v\u00e1lasz \u00e9rkezett, amely Tatai Tibor toll\u00e1b\u00f3l sz\u00e1rmazott. A szerz\u0151 c\u00e1folni \u00e9s pontos\u00edtani igyekezett a nevezett cikk sematikus meg\u00e1llap\u00edt\u00e1sait, miszerint er\u0151s t\u00falz\u00e1s, hogy a fesztiv\u00e1lon r\u00e9szt vett t\u00f6meg egy alkoholm\u00e1morban leledz\u0151, \u00e1llatias viselked\u00e9s\u00e9vel ellenszenvet \u00e9s megvet\u00e9st kiv\u00e1lt\u00f3 cs\u0151csel\u00e9k lettek volna. Noha maga sem tagadja, hogy a k\u00f6z\u00f6ns\u00e9g soraiban akadtak j\u00f3p\u00e1ran leittasodott, \u00f6nmagukb\u00f3l kivetk\u0151z\u00f6tt elemek, de nem ez volt a f\u0151 jellemz\u0151. Ugyan \u00edgy v\u00e9delm\u00e9be vette a zen\u00e9t is, hiszen mint \u00edrta, igenis b\u0151ven kapott \u00e9rt\u00e9kes muzsik\u00e1t a nagy\u00e9rdem\u0171. Term\u00e9szetesen mindig is akad pro- \u00e9s kontra v\u00e9lem\u00e9ny, azonban ezt az esetet az\u00e9rt is emeln\u00e9m ki, mert az akkori zsurnalisztik\u00e1ban \u00e9s a rendszert kiszolg\u00e1l\u00f3k eset\u00e9ben nem volt megszokott, hogy egy\u00e1ltal\u00e1n meghallgass\u00e1k &#8211; urambocs\u00e1! -, megsz\u00edvlelj\u00e9k a m\u00e1sik f\u00e9l \u00e1ll\u00e1spontj\u00e1t, v\u00e9lem\u00e9ny\u00e9t. Ez\u00e9rt becs\u00fclend\u0151 \u00e9s bizony nagy sz\u00f3nak sz\u00e1m\u00edtott akkoriban, hogy a megyei lap helytadva Tatai Tibor \u00edr\u00e1s\u00e1nak, cikk\u00e9t megjelentett\u00e9k a napilap j\u00falius 9-i sz\u00e1m\u00e1ban, m\u00e9gpedig <em>Ellenv\u00e9lem\u00e9ny a dorogi rock-fesztiv\u00e1lr\u00f3l<\/em> c\u00edmmel. A f\u0151c\u00edmben szerepl\u0151 Ellenv\u00e9lem\u00e9ny sz\u00f3 pedig k\u00fcl\u00f6n vastag\u00edtva kiemelt bet\u0171vel szedve lett nyomtatva.<\/p>\n<p><img loading=\"lazy\" decoding=\"async\" class=\"aligncenter wp-image-34375 size-full\" src=\"https:\/\/dorogimedence.hu\/wp-content\/uploads\/2021\/06\/fesztival-09.jpg\" alt=\"\" width=\"900\" height=\"675\" srcset=\"https:\/\/dorogimedence.hu\/wp-content\/uploads\/2021\/06\/fesztival-09.jpg 900w, https:\/\/dorogimedence.hu\/wp-content\/uploads\/2021\/06\/fesztival-09-300x225.jpg 300w, https:\/\/dorogimedence.hu\/wp-content\/uploads\/2021\/06\/fesztival-09-768x576.jpg 768w, https:\/\/dorogimedence.hu\/wp-content\/uploads\/2021\/06\/fesztival-09-150x113.jpg 150w, https:\/\/dorogimedence.hu\/wp-content\/uploads\/2021\/06\/fesztival-09-450x338.jpg 450w\" sizes=\"(max-width: 900px) 100vw, 900px\" \/><\/p>\n<p style=\"text-align: center;\"><span style=\"font-size: 10pt;\"><em>A zs\u00fafol\u00e1sig megtelt Schmidt-villa (forr\u00e1s: A Lampert csal\u00e1d album\u00e1b\u00f3l)<\/em><\/span><\/p>\n<p style=\"text-align: justify;\">Sorra tal\u00e1lni megannyi f\u00f3rumot a fesztiv\u00e1llal kapcsolatban, ahol az egykori r\u00e9sztvev\u0151k \u00f6r\u00f6mteljes nosztalgi\u00e1val gondolnak vissza r\u00e1. Kiragadva egy igen vel\u0151s summ\u00e1zatot, Korbely Gy\u00f6rgy, a k\u00e9s\u0151bbi Hegyalja Fesztiv\u00e1l egyik koordin\u00e1tora sorait id\u00e9zn\u00e9m: <em>&#8222;Woodstock ut\u00e1n tizenk\u00e9t \u00e9vvel fesztiv\u00e1lozni Dorogon? Remek\u00fcl hangz\u00f3 aj\u00e1nlat volt ez a szervez\u0151kt\u0151l, m\u00e9g akkor is, ha Dorog nem Woodstock \u00e9s persze a P. Mobil, az Edda, a Karthago\u00a0nem Jimi Hendrix, Santana vagy Joan Baez. Akkoriban viszont, lelkes hard rock-rajong\u00f3k\u00e9nt, ha \u00fagy tetszik, cs\u00f6vesk\u00e9nt kihagyhatatlannak bizonyult \u00e9s k\u00f6zel n\u00e9gy \u00e9vtized ut\u00e1n is kijelenthet\u0151: szeg\u00e9nyebbek lenn\u00e9nk, ha nem ment\u00fcnk volna el.&#8221;<\/em><\/p>\n<p><img loading=\"lazy\" decoding=\"async\" class=\"aligncenter wp-image-34376 size-full\" src=\"https:\/\/dorogimedence.hu\/wp-content\/uploads\/2021\/06\/fesztival-10.jpg\" alt=\"\" width=\"900\" height=\"743\" srcset=\"https:\/\/dorogimedence.hu\/wp-content\/uploads\/2021\/06\/fesztival-10.jpg 900w, https:\/\/dorogimedence.hu\/wp-content\/uploads\/2021\/06\/fesztival-10-300x248.jpg 300w, https:\/\/dorogimedence.hu\/wp-content\/uploads\/2021\/06\/fesztival-10-768x634.jpg 768w, https:\/\/dorogimedence.hu\/wp-content\/uploads\/2021\/06\/fesztival-10-150x124.jpg 150w, https:\/\/dorogimedence.hu\/wp-content\/uploads\/2021\/06\/fesztival-10-450x372.jpg 450w\" sizes=\"(max-width: 900px) 100vw, 900px\" \/><\/p>\n<p style=\"text-align: center;\"><span style=\"font-size: 10pt;\"><em>Akik garant\u00e1ltan nem maradtak ki a bulib\u00f3l (forr\u00e1s: A Lampert csal\u00e1d album\u00e1b\u00f3l)<\/em><\/span><\/p>\n<p style=\"text-align: justify;\">N\u00e9h\u00e1ny kultikus alkot\u00e1s is \u0151rzi a fesztiv\u00e1l eml\u00e9k\u00e9t. A rendez\u0151i d\u00edjjal is kit\u00fcntetett 1982-ben bemutatott, <em>A p\u00e1rtfogolt<\/em> c\u00edm\u0171 dokumentum- \u00e9s j\u00e1t\u00e9kfilmben mintegy 10 percnyi anyag szerepel a fesztiv\u00e1lon forgatott jelenetekb\u0151l. Ezen k\u00edv\u00fcl egy \u00f6n\u00e1ll\u00f3 fejezetet kapott <em>Risk\u00f3 G\u00e9za: Edda M\u0171vek, Miskolc<\/em> c\u00edm\u0171 1984-ben kiadott k\u00f6nyv\u00e9ben, tov\u00e1bb\u00e1 nagy siker\u0171 fot\u00f3ki\u00e1ll\u00edt\u00e1s is ny\u00edlt annak idej\u00e9n a helyi J\u00f3zsef Attila M\u0171vel\u0151d\u00e9si K\u00f6zpont ki\u00e1ll\u00edt\u00f3term\u00e9ben, a Dorogi Gal\u00e9ri\u00e1ban.<\/p>\n<p style=\"text-align: justify;\">Mindent egybevetve elmondhat\u00f3, hogy a fesztiv\u00e1l sikeresnek bizonyult. A rajong\u00f3k j\u00f3l sz\u00f3rakoztak, m\u00edg a fell\u00e9p\u0151 zenekarok a felejthetetlen, kiemelt el\u0151ad\u00e1saik k\u00f6z\u00f6tt emlegett\u00e9k a k\u00e9s\u0151bbiek is. Zselencz L\u00e1szl\u00f3, az Edda basszusgit\u00e1rosa nyilatkozta, hogy a fell\u00e9p\u00e9seket k\u00f6vet\u0151en, legal\u00e1bb n\u00e9gy \u00f3r\u00e1n \u00e1t dedik\u00e1ltak a rajong\u00f3knak. Dorog \u00e9s a lakoss\u00e1g ki\u00e1llta az inv\u00e1zi\u00f3val j\u00e1r\u00f3 megpr\u00f3b\u00e1ltat\u00e1sokat \u00e9s a rendezv\u00e9ny m\u00e9reteihez, jelleg\u00e9hez m\u00e9rten k\u00fcl\u00f6n\u00f6sebb balh\u00e9 n\u00e9lk\u00fcl zajlott minden. A fesztiv\u00e1l v\u00e9gezt\u00e9vel sem maradt nagyobb g\u00e1ny, szem\u00e9t, mint a szok\u00e1sos vurslik, meg a b\u00e1ny\u00e1sznapi rendezv\u00e9nyek ut\u00e1n. Ezen fel\u00fcl a rendez\u0151 KISZ-esek garanci\u00e1t v\u00e1llaltak arra, hogy helysz\u00ednt rendben adj\u00e1k \u00e1t, amelyet be is tartottak.<\/p>\n<p><img loading=\"lazy\" decoding=\"async\" class=\"alignnone size-full wp-image-34377\" src=\"https:\/\/dorogimedence.hu\/wp-content\/uploads\/2021\/06\/fesztival-11.jpg\" alt=\"\" width=\"900\" height=\"600\" srcset=\"https:\/\/dorogimedence.hu\/wp-content\/uploads\/2021\/06\/fesztival-11.jpg 900w, https:\/\/dorogimedence.hu\/wp-content\/uploads\/2021\/06\/fesztival-11-300x200.jpg 300w, https:\/\/dorogimedence.hu\/wp-content\/uploads\/2021\/06\/fesztival-11-768x512.jpg 768w, https:\/\/dorogimedence.hu\/wp-content\/uploads\/2021\/06\/fesztival-11-150x100.jpg 150w, https:\/\/dorogimedence.hu\/wp-content\/uploads\/2021\/06\/fesztival-11-450x300.jpg 450w, https:\/\/dorogimedence.hu\/wp-content\/uploads\/2021\/06\/fesztival-11-272x182.jpg 272w\" sizes=\"(max-width: 900px) 100vw, 900px\" \/><\/p>\n<p style=\"text-align: center;\"><span style=\"font-size: 10pt;\"><em>Fot\u00f3t\u00f6red\u00e9k\u00a0(forr\u00e1s: A Lampert csal\u00e1d album\u00e1b\u00f3l)<\/em><\/span><\/p>\n<p style=\"text-align: justify;\">Term\u00e9szetesen sz\u00e9ls\u0151s\u00e9gek, rossz eml\u00e9k\u0171 lenyomatok \u00e9s k\u00e1rog\u00f3k mindig akadnak, azonban d\u00f6nt\u0151en ink\u00e1bb a szebb benyom\u00e1sok maradtak. Mindezt j\u00f3l igazolj\u00e1k a m\u00e1r id\u00e9zett Korbely Gy\u00f6rgy sorai, amelyek a m\u00e9g \u00e9vekkel ezel\u0151tt \u00edrt cikk\u00e9ben olvashat\u00f3k:\u00a0<em>&#8222;A dorogi rockfesztiv\u00e1l nem csak a Sziget VIP-szektor\u00e1b\u00f3l n\u00e9zve volt csapnival\u00f3an szervezetlen. De kit \u00e9rdekelt ez akkor: kev\u00e9s volt az iv\u00f3v\u00edz? Volt egy csom\u00f3 kann\u00e1s borunk (m\u00e9gpedig garant\u00e1ltan sz\u0151l\u0151b\u0151l k\u00e9sz\u00fclt). Nem volt \u00e1rny\u00e9k? F\u00e9lmeztelen\u00fcl napoztunk. Az eg\u00e9sz v\u00e1rosban ki\u00fcr\u00fcltek a boltok? Egy napot ki lehet b\u00edrni kaja n\u00e9lk\u00fcl. A sz\u00ednpad majdnem \u00f6sszeomlott? Ja, ezt csak k\u00e9s\u0151bb olvastam, \u00e1ll\u00edt\u00f3lag nem sok h\u00edja volt a trag\u00e9di\u00e1nak, de szerencs\u00e9re ezt is meg\u00fasztuk.&#8221;<\/em><\/p>\n<p><img loading=\"lazy\" decoding=\"async\" class=\"aligncenter wp-image-34378 size-full\" src=\"https:\/\/dorogimedence.hu\/wp-content\/uploads\/2021\/06\/fesztival-12.jpg\" alt=\"\" width=\"900\" height=\"675\" srcset=\"https:\/\/dorogimedence.hu\/wp-content\/uploads\/2021\/06\/fesztival-12.jpg 900w, https:\/\/dorogimedence.hu\/wp-content\/uploads\/2021\/06\/fesztival-12-300x225.jpg 300w, https:\/\/dorogimedence.hu\/wp-content\/uploads\/2021\/06\/fesztival-12-768x576.jpg 768w, https:\/\/dorogimedence.hu\/wp-content\/uploads\/2021\/06\/fesztival-12-150x113.jpg 150w, https:\/\/dorogimedence.hu\/wp-content\/uploads\/2021\/06\/fesztival-12-450x338.jpg 450w\" sizes=\"(max-width: 900px) 100vw, 900px\" \/><\/p>\n<p style=\"text-align: center;\"><span style=\"font-size: 10pt;\"><em>A karhatalom is jelen volt, b\u00e1r a fesztiv\u00e1l m\u00e9ret\u00e9hez k\u00e9pest az\u00e9rt nem volt t\u00falbiztos\u00edtva a rendezv\u00e9ny\u00a0(forr\u00e1s: A Lampert csal\u00e1d album\u00e1b\u00f3l)<\/em><\/span><\/p>\n<p style=\"text-align: justify;\">\u00a0Arr\u00f3l nem \u00edrtak az \u00fajs\u00e1gok, viszont a lakoss\u00e1g eml\u00e9kezet\u00e9ben a mai napig is \u00e9lnek kifejezetten pozit\u00edv t\u00f6rt\u00e9netek. Az egyik \u00e9ppen a mi lak\u00f3telep\u00fcnk\u00f6n, a h\u0151s dorogi b\u00e1nyament\u0151, H\u00e1m K\u00e1lm\u00e1nr\u00f3l &#8211; aki 1952-ben t\u00f6rt\u00e9nt s\u00falyos szuhak\u00e1ll\u00f3i b\u00e1nyaszerencs\u00e9tlens\u00e9g sor\u00e1n saj\u00e1t \u00e9let\u00e9t adta, hogy 12 b\u00e1ny\u00e1szt megmentsen &#8211;\u00a0 elnevezett telepen esett, ahol a l\u00e9pcs\u0151h\u00e1zakban \u00e9jszak\u00e1zott fiatalok egyenesen p\u00e9ld\u00e1san viselkedtek. Semmi szemet nem hagytak maguk ut\u00e1n, s\u0151t a lak\u00f3kt\u00f3l k\u00e9rtek tiszt\u00edt\u00f3szereket, hogy fel is takar\u00edtsanak. Tov\u00e1bb\u00e1 a lak\u00f3telepi kisbolt el\u00e9 letett hajnali sz\u00e1ll\u00edtm\u00e1nyb\u00f3l magukhoz vett \u00e9lelmiszer \u00e1r\u00e1t a l\u00e1d\u00e1ba helyezt\u00e9k. Ezt a helyi lak\u00f3k \u00e9s a bolti alkalmazottak mes\u00e9lt\u00e9k.<\/p>\n<p><img loading=\"lazy\" decoding=\"async\" class=\"aligncenter wp-image-34379 size-full\" src=\"https:\/\/dorogimedence.hu\/wp-content\/uploads\/2021\/06\/fesztival-13.jpg\" alt=\"\" width=\"900\" height=\"675\" srcset=\"https:\/\/dorogimedence.hu\/wp-content\/uploads\/2021\/06\/fesztival-13.jpg 900w, https:\/\/dorogimedence.hu\/wp-content\/uploads\/2021\/06\/fesztival-13-300x225.jpg 300w, https:\/\/dorogimedence.hu\/wp-content\/uploads\/2021\/06\/fesztival-13-768x576.jpg 768w, https:\/\/dorogimedence.hu\/wp-content\/uploads\/2021\/06\/fesztival-13-150x113.jpg 150w, https:\/\/dorogimedence.hu\/wp-content\/uploads\/2021\/06\/fesztival-13-450x338.jpg 450w\" sizes=\"(max-width: 900px) 100vw, 900px\" \/><\/p>\n<p style=\"text-align: center;\"><span style=\"font-size: 10pt;\"><em>A Schmidt-villa Esztergomi \u00fat fel\u0151li \u00e9vsz\u00e1zados ker\u00edt\u00e9se napjainkban, amely mindent \u00e1tv\u00e9szelt<\/em><\/span><\/p>\n<p style=\"text-align: justify;\">Rengeteg sztori \u00e9s vele egy\u00fctt helyi- \u00e9s egyetemes sz\u00f3besz\u00e9d mind a mai napig kering a k\u00f6ztudatban. K\u00f6z\u00fcl\u00fck egyes t\u00f6rt\u00e9ntek val\u00f3ban meg\u00e1llj\u00e1k a hely\u00fcket, viszont nagyon sok csak kital\u00e1ci\u00f3. Ilyen az is, miszerint t\u00f6bben is \u00fagy tudj\u00e1k, hogy komoly s\u00e9r\u00fcl\u00e9ssel, s\u0151t hal\u00e1los kimenetellel j\u00e1rt a panelker\u00edt\u00e9s leoml\u00e1sa, tov\u00e1bb\u00e1 j\u00f3p\u00e1ran a Pal\u00e1ba fulladtak, valamint meglehet\u0151sen szem\u00e9rmetlen m\u00f3don, t\u00f6bben is letolt gaty\u00e1val v\u00e1nszorogtak, mik\u00f6zben f\u00e9rfiass\u00e1guk k\u00f6zszemle t\u00e1rgya lett, meg hogy p\u00e1rok mindenf\u00e9le g\u00e1tl\u00e1s n\u00e9lk\u00fcl \u00fczekedtek az \u00fatsz\u00e9l\u00e9n \u00e9s az \u00e1rkokban. Szinte valamennyi \u00e1ll\u00edt\u00e1s biztosan c\u00e1folhat\u00f3. N\u00e9h\u00e1ny nappal a rendezv\u00e9nyt k\u00f6vet\u0151en val\u00f3ban t\u00f6rt\u00e9nt egy v\u00edzbe fullad\u00e1s a Pal\u00e1ban, de nem a k\u00f6z\u00f6ns\u00e9g soraib\u00f3l ker\u00fclt ki az \u00e1ldozat, hanem a k\u00f6zeli Piliscs\u00e9ven \u00e9l\u0151 f\u00e9rfi a t\u00f3 tiltott ter\u00fclet\u00e9n f\u00fcrd\u00f6tt \u00e9s val\u00f3sz\u00edn\u0171leg az el\u0151vigy\u00e1zatlans\u00e1ga \u00e9s felel\u0151tlens\u00e9ge okozta a trag\u00e9di\u00e1t.<\/p>\n<p><img loading=\"lazy\" decoding=\"async\" class=\"aligncenter wp-image-34380 size-full\" src=\"https:\/\/dorogimedence.hu\/wp-content\/uploads\/2021\/06\/fesztival-14.jpg\" alt=\"\" width=\"900\" height=\"675\" srcset=\"https:\/\/dorogimedence.hu\/wp-content\/uploads\/2021\/06\/fesztival-14.jpg 900w, https:\/\/dorogimedence.hu\/wp-content\/uploads\/2021\/06\/fesztival-14-300x225.jpg 300w, https:\/\/dorogimedence.hu\/wp-content\/uploads\/2021\/06\/fesztival-14-768x576.jpg 768w, https:\/\/dorogimedence.hu\/wp-content\/uploads\/2021\/06\/fesztival-14-150x113.jpg 150w, https:\/\/dorogimedence.hu\/wp-content\/uploads\/2021\/06\/fesztival-14-450x338.jpg 450w\" sizes=\"(max-width: 900px) 100vw, 900px\" \/><\/p>\n<p style=\"text-align: center;\"><span style=\"font-size: 10pt;\"><em>L\u00e1tk\u00e9p a fesztiv\u00e1lr\u00f3l (forr\u00e1s: A Lampert csal\u00e1d album\u00e1b\u00f3l)<\/em><\/span><\/p>\n<p style=\"text-align: justify;\">A Dorogi Rockfesztiv\u00e1l abban a form\u00e1j\u00e1ban egyedi, egyszeri \u00e9s megism\u00e9telhetetlen. Hiszen az\u00f3ta nem csak rengeteg v\u00edz folyt le nem csak a Dun\u00e1n \u00e9s a villa melletti Keny\u00e9rmez\u0151i-patakon, de sz\u00e1mos egy\u00e9b szempontb\u00f3l sem lehetett reproduk\u00e1lni \u00fagy, s nem az\u00e9rt, mert nem volna ig\u00e9ny hasonl\u00f3 nagy kaliber\u0171 rockzenei seregszeml\u00e9t \u00f6sszehozni. Az id\u0151 f\u00e1jdalmas \u00e9s k\u00e9rlelhetetlen m\u00fal\u00e1sa sok akkori f\u0151szerepl\u0151t elragadott, akik az\u00f3ta m\u00e1r a f\u00e9nyes Csillag\u00f6sv\u00e9nyen zen\u00e9lnek. Ezzel a cikksorozattal egy\u00fattal valamennyi\u00fck eml\u00e9ke el\u0151tt is ad\u00f3zunk \u00e9s gondolunk r\u00e1juk.<\/p>\n<p style=\"text-align: justify;\">Ha nem is a teljess\u00e9g abszol\u00fat ig\u00e9ny\u00e9vel, de ezen a list\u00e1n szerepel imm\u00e1r K\u0151r\u00f6s J\u00f3zsef \u00e9s Sz\u00e9nich J\u00e1nos git\u00e1rosok (Hobo Blues Band), Tunyogi P\u00e9ter \u00e9nekes (P. Mobil), Vida Ferenc basszusgit\u00e1ros,\u00a0T\u00f6r\u00f6k J\u00f3zsef billenty\u0171s, Sip\u0151cz Ern\u0151 \u00e9nekes (Lord) \u00e9s Jaszenovics Iv\u00e1n basszusgit\u00e1ros (F\u00f3rum). Ugyancsak nem lehet m\u00e1r k\u00f6z\u00f6tt\u00fcnk a dorogi f\u0151szervez\u0151k egyike, Lampert \u00d6d\u00f6n. Fia, Viktor vitte tov\u00e1bb a zene helyi f\u00e1kly\u00e1j\u00e1t, aki szint\u00e9n rockrajong\u00f3 lett, majd a k\u00f6rny\u00e9k legels\u0151 nyugati mint\u00e1j\u00fa zenei pub-j\u00e1t, a Biker&#8217;s-t nyitotta meg Dorogon 1999-ben, amely egy n\u00e9pszer\u0171, val\u00f3di rock kocsma volt.<\/p>\n<p><img loading=\"lazy\" decoding=\"async\" class=\"aligncenter wp-image-34381 size-full\" src=\"https:\/\/dorogimedence.hu\/wp-content\/uploads\/2021\/06\/fesztival-15.jpg\" alt=\"\" width=\"900\" height=\"675\" srcset=\"https:\/\/dorogimedence.hu\/wp-content\/uploads\/2021\/06\/fesztival-15.jpg 900w, https:\/\/dorogimedence.hu\/wp-content\/uploads\/2021\/06\/fesztival-15-300x225.jpg 300w, https:\/\/dorogimedence.hu\/wp-content\/uploads\/2021\/06\/fesztival-15-768x576.jpg 768w, https:\/\/dorogimedence.hu\/wp-content\/uploads\/2021\/06\/fesztival-15-150x113.jpg 150w, https:\/\/dorogimedence.hu\/wp-content\/uploads\/2021\/06\/fesztival-15-450x338.jpg 450w\" sizes=\"(max-width: 900px) 100vw, 900px\" \/><\/p>\n<p style=\"text-align: center;\"><span style=\"font-size: 10pt;\"><em>Lampert \u00d6d\u00f6n (a sapk\u00e1s ifj\u00fa \u00e9s a pultos h\u00f6lgy k\u00f6z\u00f6tt), a b\u00fcf\u00e9n\u00e9l is beseg\u00edtett a munk\u00e1ba. B\u00e1r alakoholt nem m\u00e9rtek a fesztiv\u00e1lon, az\u00e9rt az \u00fcdit\u0151nek is nagy kelletje volt.\u00a0(forr\u00e1s: A Lampert csal\u00e1d album\u00e1b\u00f3l)<\/em><\/span><\/p>\n<p style=\"text-align: justify;\">Ugyancsak a vesztes\u00e9glist\u00e1n szerepel az egyik konferanszi\u00e9, Zolt\u00e1n J\u00e1nos is. A zenevil\u00e1g sokoldal\u00fa k\u00e9pvisel\u0151jek\u00e9nt, t\u00f6bbek k\u00f6z\u00f6tt \u00fajs\u00e1g\u00edr\u00f3, n\u00e9pm\u0171vel\u0151, koncertszervez\u0151, zenei manager, \u00edr\u00f3, valamint az orsz\u00e1g legels\u0151 Heavy Metal magazinj\u00e1nak a f\u0151szerkeszt\u0151jek\u00e9nt tev\u00e9kenykedett. Dorog k\u00e9s\u0151bb is fontos szerepet t\u00f6lt\u00f6tt be az \u00e9let\u00e9ben, ugyanis egyr\u00e9szt t\u00f6bb bar\u00e1ti kapcsolatot \u00e1polt a telep\u00fcl\u00e9s\u00fcnk lak\u00f3ival, egyben hossz\u00fa \u00e9veken kereszt\u00fcl itt is t\u00f6lt\u00f6tte nem csak a vak\u00e1ci\u00f3it, de a ny\u00e1ri id\u0151szak jelent\u0151s r\u00e9sz\u00e9t is. A Pala partj\u00e1n b\u00e9relte az egyik \u00fcd\u00f6l\u0151h\u00e1zat, amelyben lek\u00f6lt\u00f6z\u00f6tt csal\u00e1dj\u00e1val. \u00c9n is ekkor ismertem meg szem\u00e9lyesen \u00e9s mondhatni k\u00f6zeli kapcsolatunk volt. Hossz\u00fa \u00f3r\u00e1kon \u00e1t besz\u00e9lgett\u00fcnk az \u00e9let \u00e9s a vil\u00e1g nagy dolgair\u00f3l, k\u00f6zpontban a zen\u00e9vel \u00e9s t\u00f6bbsz\u00f6r t\u00f6lt\u00f6tt\u00fck egy\u00fctt a vacsor\u00e1t is. Saj\u00e1tos humora nem volt mentes az \u00f6nkritik\u00e1t\u00f3l \u00e9s \u00f6nir\u00f3ni\u00e1t\u00f3l sem.<\/p>\n<p style=\"text-align: justify;\">A fell\u00e9p\u0151 zenekarok j\u00f3 r\u00e9sze a k\u00e9s\u0151bbiekben\u00a0 is meghat\u00e1roz\u00f3 szerepet t\u00f6lt\u00f6ttek be a m\u0171fajban. K\u00f6z\u00fcl\u00fck t\u00f6bb kiemelt form\u00e1ci\u00f3 m\u00e9g a mai napig is akt\u00edv. A P. Mobil ugyan t\u00f6bb szem\u00e9lyi v\u00e1ltoz\u00e1son ment kereszt\u00fcl \u00e9s a csapat \u00e9let\u00e9ben volt hosszabb sz\u00fcnet is, azonban jelenleg is m\u0171k\u00f6dik, m\u00e9gpedig az \u0151si tagjai k\u00f6z\u00fcl Schuster L\u00f3r\u00e1nttal \u00e9s S\u00e1rv\u00e1ri Vilmossal az \u00e9len. Ugyancsak a P. Mobil eml\u00e9k\u00e9t \u00e1polja a Mobilm\u00e1nia nev\u0171 t\u00e1rsulat, amelyben szint\u00e9n a Mobilban szerepelt egykori meghat\u00e1roz\u00f3 tagok zen\u00e9lnek egy\u00fctt, soraikban Vikid\u00e1l Gyula, Rud\u00e1n Joe, Zeffer Andr\u00e1s, K\u00e9kesi L\u00e1szl\u00f3, Don\u00e1szy Tibor, valamint a 2008-ban bek\u00f6vetkezett hal\u00e1la el\u0151tti id\u0151szakban, Tunyogi P\u00e9ter. A zenekar egyes kerek \u00e9vfordul\u00f3in pedig eml\u00e9kkoncertet adva, minden sz\u00e1mottev\u0151 taggal k\u00f6z\u00f6sen l\u00e9pnek sz\u00ednpadra. V\u00e1ltozatlanul nagy sikerrel munk\u00e1lkodik tov\u00e1bbra is a Lord egy\u00fcttes ak\u00e1rcsak a szint\u00e9n nagy n\u00e9pszer\u0171s\u00e9gnek \u00f6rvend\u0151 V\u00f6r\u00f6s Istv\u00e1n vezette Progn\u00f3zis, tov\u00e1bb\u00e1 a Skorpi\u00f3 is. A Karthago egy\u00fcttes pedig t\u00f6bb, mint negyven \u00e9ves fenn\u00e1ll\u00e1sa ut\u00e1n is m\u00e9g mindig az eredeti &#8211; Tak\u00e1ts Tam\u00e1s, Szigeti Ferenc, Gid\u00f3falvy Attila, Kocs\u00e1ndi Mikl\u00f3s, Kiss Zolt\u00e1n &#8211; form\u00e1ci\u00f3ban l\u00e9tezik.\u00a0 A krisztusi kort meg\u00e9lt, 33 \u00e9ven \u00e1t &#8211; sorozatban a m\u0171faj meghat\u00e1roz\u00f3 albumait k\u00e9sz\u00edt\u0151 \u00e9s rengeteg koncerten szerepl\u0151 &#8211; t\u00f6retlen siker\u0171 Hobo Blues Band \u00e9ppen id\u00e9n 10 \u00e9ve sz\u0171nt meg. Egyik egykori oszlopos tagja, P\u00f3ka Egon az\u00f3ta a P. Mobil egy\u00fcttest er\u0151s\u00edti. Igaz, a h\u0151skorhoz k\u00e9pest er\u0151sen \u00e1talakulva, de szint\u00e9n akt\u00edv m\u00e9g az Edda is.<\/p>\n<p><img loading=\"lazy\" decoding=\"async\" class=\"aligncenter wp-image-34382 size-full\" src=\"https:\/\/dorogimedence.hu\/wp-content\/uploads\/2021\/06\/fesztival-16.jpg\" alt=\"\" width=\"900\" height=\"768\" srcset=\"https:\/\/dorogimedence.hu\/wp-content\/uploads\/2021\/06\/fesztival-16.jpg 900w, https:\/\/dorogimedence.hu\/wp-content\/uploads\/2021\/06\/fesztival-16-300x256.jpg 300w, https:\/\/dorogimedence.hu\/wp-content\/uploads\/2021\/06\/fesztival-16-768x655.jpg 768w, https:\/\/dorogimedence.hu\/wp-content\/uploads\/2021\/06\/fesztival-16-150x128.jpg 150w, https:\/\/dorogimedence.hu\/wp-content\/uploads\/2021\/06\/fesztival-16-450x384.jpg 450w\" sizes=\"(max-width: 900px) 100vw, 900px\" \/><\/p>\n<p style=\"text-align: center;\"><span style=\"font-size: 10pt;\"><em>Az 1982-es Edda koncert a m\u0171vel\u0151d\u00e9si k\u00f6zpont kerthelyis\u00e9g\u00e9ben (forr\u00e1s: Dorogi helyt\u00f6rt\u00e9neti arch\u00edvum)<\/em><\/span><\/p>\n<p style=\"text-align: justify;\">Ilyen hatalmas bulit \u00fajra \u00f6sszehozni nagyon neh\u00e9z lett volna Dorogon, de b\u00e1rhol az orsz\u00e1gban is. A koncertek azonban a fesztiv\u00e1lt k\u00f6vet\u0151en is zajlottak, amelyeknek j\u00f3 ideig ugyan\u00fagy a helyi m\u0171vel\u0151d\u00e9si k\u00f6zpont adott otthont. A nagy band\u00e1k k\u00f6z\u00fcl legels\u0151k\u00e9nt az Edda t\u00e9rt vissza Dorogra, m\u00e9gpedig mindj\u00e1rt a k\u00f6vetkez\u0151 \u00e9vben, szinte pontosan egy \u00e9vre a fesztiv\u00e1l ut\u00e1n. Az el\u0151ad\u00e1sra 1982. j\u00falius 19-\u00e9n, a MUKI kerthelyis\u00e9g\u00e9ben ker\u00fclt sor, ahol ez\u00fattal m\u00e1r Bartha Alfonz billenty\u0171s is sz\u00ednpadra l\u00e9pett. A fesztiv\u00e1lon nem szerepelhetett Nagy Fer\u00f3nak \u00e9s dorogi h\u00edveinek pontosan h\u00e1rom tov\u00e1bbi \u00e9vet kellett v\u00e1rniuk arra, hogy Dorogon \u00fajra koncertje lehessen. Igaz, erre m\u00e1r az \u00faj csapat\u00e1val, a Bikinivel ker\u00fclt sor, ugyancsak a MUKI kerthelyis\u00e9g\u00e9ben 1984 nyar\u00e1n \u00e9s a kor\u00e1bbi Edda koncerthez hasonl\u00f3an dugig telth\u00e1z el\u0151tt. Az 1985-ben \u00e1tadott helyi Sportcsarnokkal b\u0151v\u00fclt a dorogi koncertek helysz\u00edneinek sora. Onnant\u00f3l kezdve a sporiban is t\u00f6bb remek el\u0151ad\u00e1st rendeztek. A sort a KFT egy\u00fcttes \u00e9s Schuster L\u00f3r\u00e1nt nyitotta 1986-ban, majd \u00e9venk\u00e9nt k\u00f6vette sorra a t\u00f6bbi produkci\u00f3, mint el\u0151bb a Lord, majd az Edda is. 1994 j\u00fanius v\u00e9g\u00e9n a stadion ker\u00edt\u00e9sein bel\u00fcl l\u00e9pett fel a Boxer Varga Mikl\u00f3ssal \u00e9s Vikid\u00e1l Gyul\u00e1val.<\/p>\n<p><img loading=\"lazy\" decoding=\"async\" class=\"alignnone size-full wp-image-34384\" src=\"https:\/\/dorogimedence.hu\/wp-content\/uploads\/2021\/06\/fesztival-17.jpg\" alt=\"\" width=\"900\" height=\"777\" srcset=\"https:\/\/dorogimedence.hu\/wp-content\/uploads\/2021\/06\/fesztival-17.jpg 900w, https:\/\/dorogimedence.hu\/wp-content\/uploads\/2021\/06\/fesztival-17-300x259.jpg 300w, https:\/\/dorogimedence.hu\/wp-content\/uploads\/2021\/06\/fesztival-17-768x663.jpg 768w, https:\/\/dorogimedence.hu\/wp-content\/uploads\/2021\/06\/fesztival-17-150x130.jpg 150w, https:\/\/dorogimedence.hu\/wp-content\/uploads\/2021\/06\/fesztival-17-450x389.jpg 450w\" sizes=\"(max-width: 900px) 100vw, 900px\" \/><\/p>\n<p style=\"text-align: center;\"><span style=\"font-size: 10pt;\"><em>A k\u00e9p jobb sz\u00e9l\u00e9n Bartl Magdolna, a Kacsa kocsma egyik \u00f6tlegazd\u00e1ja, megval\u00f3s\u00edt\u00f3ja \u00e9s \u00fczemeltet\u0151 tulajdonosa a r\u00e9gi dorogi nagy csapat tagjak\u00e9nt a h\u0151sid\u0151kben (forr\u00e1s: H\u00e9dai Ferenc)<\/em><\/span><\/p>\n<p style=\"text-align: justify;\">Kisebb form\u00e1tum\u00fa, de igen n\u00e9pszer\u0171 \u00e9s nagyon j\u00f3 hangulat\u00fa koncertek jellemezt\u00e9k a k\u00e9s\u0151bbiekben a felhozatalt a sorra ny\u00edlt tov\u00e1bbi helyek j\u00f3volt\u00e1b\u00f3l. K\u00f6z\u00fcl\u00fck az \u00fatt\u00f6r\u0151, az 1985-ben megny\u00edlt Kacsa kocsma, amely rockbuliknak \u00e9s zenei filmek vet\u00edt\u00e9s\u00e9nek is lett az \u00e1lland\u00f3 helye. Szabadt\u00e9ri jelleg\u00e9n\u00e9l fogva a ny\u00e1ri id\u0151szakban Dorog legl\u00e1togatottabb sz\u00f3rakoz\u00f3hely\u00e9v\u00e9 n\u0151tte ki mag\u00e1t, amit fokozott szol\u00edd \u00e1raival \u00e9s a koncertekre val\u00f3 d\u00edjtalan r\u00e9szv\u00e9tellel. A Kacsa id\u00e9n m\u00e1r 36. \u00e9v\u00e9t \u00fcnnepli. 1999-ben sz\u00e9lesedett a k\u00edn\u00e1lat a m\u00e1r a fentiekben is eml\u00edtett Biker&#8217;s rockkocsm\u00e1val, ahol ugyancsak fergeteges \u00e9l\u0151zenei programok is v\u00e1rt\u00e1k a m\u0171faj kedvel\u0151it. Gyakori vend\u00e9gk\u00e9nt fordult meg ott a P. Mobil tagjaib\u00f3l &#8211; Tunyogi P\u00e9ter, Zeffer Andr\u00e1s, K\u00e9kesi L\u00e1szl\u00f3 \u00e9s Don\u00e1szy Tibor &#8211; szervez\u0151d\u00f6tt TRB zenekar, amely kieg\u00e9sz\u00fclt a Piramis git\u00e1ros\u00e1val, Z\u00e1vodi J\u00e1nossal.<\/p>\n<p style=\"text-align: justify;\">2002-ben megnyitotta kapuit a Bandita rock kocsma is, profilj\u00e1ban ugyancsak sz\u00e1mos \u00e9l\u0151 koncerttel. T\u00f6bbek k\u00f6z\u00f6tt a Stress egy\u00fcttes is fell\u00e9pett a Bandita sz\u00ednpad\u00e1n \u00e9s az el\u0151ad\u00e1st k\u00f6vet\u0151en volt szerencs\u00e9m besz\u00e9lgetni a csapat git\u00e1ros\u00e1val, Borhidi Mikl\u00f3ssal, aki b\u0151 h\u00fasz \u00e9vvel a fesztiv\u00e1l ut\u00e1n is elragadtat\u00e1ssal id\u00e9zte fel akkori eml\u00e9keit. \u00dajabb egy \u00e9v eltelt\u00e9vel pedig a harmadik rock kocsma, a Pokol b\u00e1r is a csatasorba \u00e1llt. Itt is remek hangulat\u00fa koncertek v\u00e1rt\u00e1k a nagy\u00e9rdem\u0171t, s olyan neves el\u0151ad\u00f3k is j\u00e1tszottak a sz\u00ednpad\u00e1n, mint Kalap\u00e1cs J\u00f3zsef \u00e9s zenekara, az Ossian, a Sex Action, a Hooligans, vagy a Zorall. Sajnos id\u0151vel mindh\u00e1rom pub megsz\u0171nt az egyre nehezebb anyagi eredet\u0171 fenntarthat\u00f3s\u00e1g miatt. Abban viszont biztosak lehet\u00fcnk, hogy ezzel nem z\u00e1rult le \u00f6r\u00f6kre az ilyen jelleg\u0171 klubok t\u00f6rt\u00e9nete Dorogon.<\/p>\n<p><img loading=\"lazy\" decoding=\"async\" class=\"aligncenter wp-image-34383 size-full\" src=\"https:\/\/dorogimedence.hu\/wp-content\/uploads\/2021\/06\/fesztival-18.jpg\" alt=\"\" width=\"900\" height=\"692\" srcset=\"https:\/\/dorogimedence.hu\/wp-content\/uploads\/2021\/06\/fesztival-18.jpg 900w, https:\/\/dorogimedence.hu\/wp-content\/uploads\/2021\/06\/fesztival-18-300x231.jpg 300w, https:\/\/dorogimedence.hu\/wp-content\/uploads\/2021\/06\/fesztival-18-768x591.jpg 768w, https:\/\/dorogimedence.hu\/wp-content\/uploads\/2021\/06\/fesztival-18-150x115.jpg 150w, https:\/\/dorogimedence.hu\/wp-content\/uploads\/2021\/06\/fesztival-18-450x346.jpg 450w\" sizes=\"(max-width: 900px) 100vw, 900px\" \/><\/p>\n<p style=\"text-align: center;\"><span style=\"font-size: 10pt;\"><em>\u00c9ppen a fesztiv\u00e1l 40 \u00e9ves eml\u00e9knapj\u00e1n ker\u00fclt sor erre a koncertre Dorogon<\/em><\/span><\/p>\n<p style=\"text-align: justify;\">A m\u0171vel\u0151d\u00e9si k\u00f6zpont pedig folyamatosan tov\u00e1bbra is potenci\u00e1lis koncertlehet\u0151s\u00e9get jelent. A legnagyobb \u00e9rdekl\u0151d\u00e9ssel v\u00e1rt bulikat oda szervezik. K\u00f6z\u00fcl\u00fck is kiemelked\u0151 \u00e9s abszol\u00fat telth\u00e1zas volt az Edda, a No, a Tankcsapda \u00e9s a Lord koncertek. Jelenleg a folyamatos rockzenei produkci\u00f3k a Jubileum t\u00e9r szabadt\u00e9ri sz\u00ednpad\u00e1n zajlanak a B\u00e1ny\u00e1sznapi rendezv\u00e9nyek r\u00e9szek\u00e9nt, minden \u00e9v augusztus v\u00e9g\u00e9n &#8211; szeptember elej\u00e9n. Az egyhetes rendezv\u00e9nysor k\u00f6zepette egy teljes nap, a p\u00e9ntek szinte csak a rockzenekaroknak van fenntartva, de a t\u00f6bbi h\u00e9tv\u00e9gi napokon is el\u0151fordul rockegy\u00fcttes a fell\u00e9p\u0151k k\u00f6z\u00f6tt. A leggyakoribb vend\u00e9g az Edda, de t\u00f6bbsz\u00f6r fell\u00e9pett m\u00e1r a Lord, De\u00e1k Bill Gyula, a KFT \u00e9s Beatrice is. Ezen fel\u00fcl pedig a j\u00faniusban esed\u00e9kes \u00e9venk\u00e9nti Kosbor fesztiv\u00e1l keret\u00e9n bel\u00fcl, az Otthon t\u00e9ren is zajlanak koncertek. Azonban fesztiv\u00e1l-szer\u0171 esem\u00e9nyre m\u00e1r csak egy \u00edzben volt p\u00e9lda, amikor 2000 j\u00falius els\u0151 h\u00e9tv\u00e9g\u00e9j\u00e9n, a Pala partj\u00e1n megrendezett h\u00e1romnapos motoros tal\u00e1lkoz\u00f3 keret\u00e9n bel\u00fcl l\u00e9pett fel sz\u00e1mos rockegy\u00fcttes, k\u00f6zt\u00fck a nevesebbeket eml\u00edtve, mint a Kalap\u00e1cs, a TRB, a Kiss Forever Band, vagy a Harley Davidson Band. A kiv\u00e1l\u00f3 hangulat\u00fa rendezv\u00e9nynek mintegy 5 ezer l\u00e1togat\u00f3ja volt, akik az orsz\u00e1g legt\u00e1volabbi vid\u00e9keir\u0151l, j\u00f3p\u00e1ran pedig t\u00f6bbek k\u00f6z\u00f6tt Hollandi\u00e1b\u00f3l, Ausztri\u00e1b\u00f3l, N\u00e9metorsz\u00e1gb\u00f3l \u00e9s Franciaorsz\u00e1gb\u00f3l \u00e9rkeztek.<\/p>\n<p><img loading=\"lazy\" decoding=\"async\" class=\"aligncenter wp-image-34385 size-full\" src=\"https:\/\/dorogimedence.hu\/wp-content\/uploads\/2021\/06\/fesztival-19.jpg\" alt=\"\" width=\"900\" height=\"695\" srcset=\"https:\/\/dorogimedence.hu\/wp-content\/uploads\/2021\/06\/fesztival-19.jpg 900w, https:\/\/dorogimedence.hu\/wp-content\/uploads\/2021\/06\/fesztival-19-300x232.jpg 300w, https:\/\/dorogimedence.hu\/wp-content\/uploads\/2021\/06\/fesztival-19-768x593.jpg 768w, https:\/\/dorogimedence.hu\/wp-content\/uploads\/2021\/06\/fesztival-19-150x116.jpg 150w, https:\/\/dorogimedence.hu\/wp-content\/uploads\/2021\/06\/fesztival-19-450x348.jpg 450w\" sizes=\"(max-width: 900px) 100vw, 900px\" \/><\/p>\n<p style=\"text-align: center;\"><span style=\"font-size: 10pt;\"><em>Bar\u00e1ti k\u00f6r\u00fcnk n\u00e9h\u00e1ny tagj\u00e1val a Schmidt-villa parkj\u00e1ban, akikkel a nyolcvanas \u00e9vek m\u00e1sodik fel\u00e9ben rendszeresen itt tany\u00e1ztunk. Szer\u00e9nys\u00e9gem a k\u00e9p bal sz\u00e9l\u00e9n guggol \u00e9ppen.<\/em><\/span><\/p>\n<p style=\"text-align: justify;\">Z\u00e1r\u00f3akkord\u00e9nt pedig ess\u00e9k n\u00e9h\u00e1ny sz\u00f3 a Schmidt-villa fesztiv\u00e1lt k\u00f6vet\u0151 sors\u00e1r\u00f3l \u00e9s t\u00f6rt\u00e9net\u00e9r\u0151l is. A villa parkja mindig is kedvelt terep volt a helyiek szabadidej\u00e9nek elt\u00f6lt\u00e9s\u00e9hez. A dorogi rockrajong\u00f3kb\u00f3l \u00e1ll\u00f3 galerik is gyakorta tany\u00e1ztak ott, amely a fesztiv\u00e1l ut\u00e1ni \u00e9vekben sem v\u00e1ltozott, viszont \u00e9ppen a nagyszab\u00e1s\u00fa rendezv\u00e9ny miatt m\u00e9g ink\u00e1bb fel\u00e9rt\u00e9kel\u0151d\u00f6tt \u00e9s igazi kultikus helyk\u00e9nt tartott\u00e1k sz\u00e1mon. Eg\u00e9szen a kilencvenes \u00e9vek els\u0151 fel\u00e9ig a rockerek k\u00f6zkedvelt ter\u00fclete volt. A mi n\u00e9pes csapatunk is \u00e9veken \u00e1t itt \u00fct\u00f6tt tany\u00e1t. A nyarakat szinte eg\u00e9sz\u00e9ben itt h\u00e9derelt\u00fck \u00e1t. A k\u00f6rnyez\u0151 telep\u00fcl\u00e9sek hasonsz\u0151r\u0171 fiataljaival, de m\u00e9g a megye t\u00e1volabbi r\u00e9gi\u00f3ib\u00f3l \u00e9l\u0151 fanokkal is kapcsolatban voltunk, akik gyakran l\u00e1togattak meg benn\u00fcnket itt. Nem egyszer ak\u00e1r sz\u00e1zas nagys\u00e1grend\u0171 csapat is \u00f6sszever\u0151d\u00f6tt. Mindennek kiv\u00e1l\u00f3 terepnek bizonyult a hely, amelyet nem csak szerett\u00fcnk, de igyekezt\u00fcnk megbecs\u00fclni \u00e9s tiszteletben is tartani. Sosem hagytunk magunk ut\u00e1n sem szemetet, \u00e9telmarad\u00e9kot, s nyilv\u00e1nos toalettnek sem tekintett\u00fck. Igazi szabads\u00e1g\u00e9rzet\u00fcnk volt, ahol benn\u00fcnket sem h\u00e1bor\u00edtott senki, s mi sem zavartunk senkit.\u00a0 A villa \u00e9p\u00fclete viszont m\u00e9g \u00e9vekig \u00fcresen \u00e1llt \u00e9s a dorogi tan\u00e1cs t\u00f6bb tervet is k\u00e9sz\u00edtett a hasznos\u00edt\u00e1sra. Azt egyetlen helyi k\u00e9pvisel\u0151 (akkori megnevez\u00e9ssel tan\u00e1cstag), vagy lakos szem akarta, hogy a sz\u00e9p \u00e9p\u00edtm\u00e9ny lepusztuljon, de \u00e9vekbe telt, m\u00edg v\u00e9gre v\u00e9gleges megold\u00e1s sz\u00fcletett.<\/p>\n<p><img loading=\"lazy\" decoding=\"async\" class=\"aligncenter wp-image-34386 size-full\" src=\"https:\/\/dorogimedence.hu\/wp-content\/uploads\/2021\/06\/fesztival-20.jpg\" alt=\"\" width=\"900\" height=\"692\" srcset=\"https:\/\/dorogimedence.hu\/wp-content\/uploads\/2021\/06\/fesztival-20.jpg 900w, https:\/\/dorogimedence.hu\/wp-content\/uploads\/2021\/06\/fesztival-20-300x231.jpg 300w, https:\/\/dorogimedence.hu\/wp-content\/uploads\/2021\/06\/fesztival-20-768x591.jpg 768w, https:\/\/dorogimedence.hu\/wp-content\/uploads\/2021\/06\/fesztival-20-150x115.jpg 150w, https:\/\/dorogimedence.hu\/wp-content\/uploads\/2021\/06\/fesztival-20-450x346.jpg 450w\" sizes=\"(max-width: 900px) 100vw, 900px\" \/><\/p>\n<p style=\"text-align: justify;\"><span style=\"font-size: 10pt;\"><em>A dorogi brig\u00e1d egy r\u00e9sze &#8211; k\u00f6zt\u00fck magam is &#8211; a Schmidt-villa \u00e9p\u00fclet\u00e9nek nyugati sz\u00e1rny\u00e1n\u00e1l 1988 nyar\u00e1n. Ekkor m\u00e1r a v\u00edzm\u0171 birtokba vette az \u00e9p\u00fcletet \u00e9s \u00e9ppen a fel\u00faj\u00edt\u00e1si munk\u00e1latok kezd\u0151dtek meg. M\u00f6g\u00f6tt\u00fcnk l\u00e1tszik a v\u00e1llalat \u00e1ltal felh\u00fazott ker\u00edt\u00e9s is. A k\u00e9t jobb oldali nagy ablak az egykori iskolai oszt\u00e1lyterm\u00fcnk oldals\u00f3 ablakai voltak, a baloldalon l\u00e1tsz\u00f3d\u00f3 dupla sz\u00e1rny\u00fa ablak pedig a tornaterem\u00e9 volt az 1975 \u00e9s 1980 k\u00f6z\u00f6tti id\u0151szakban.<\/em><\/span><\/p>\n<p style=\"text-align: justify;\">1988-ban a Dorogi V\u00edzm\u0171, egyben a dorogi k\u00f6zpont\u00fa \u00c9szak-Dun\u00e1nt\u00fali V\u00edzm\u0171vek sz\u00e9kh\u00e1za lett. A v\u00e1llalat a villa parkj\u00e1nak csak egy kisebb darabj\u00e1ra tartott ig\u00e9nyt, amelyet le is ker\u00edtett, \u00edgy a park d\u00f6nt\u0151 h\u00e1nyada v\u00e1ltozatlanul k\u00f6zter\u00fclet maradt, ez\u00e1ltal szabadon haszn\u00e1lhat\u00f3. A &#8222;vizesekkel&#8221; is eg\u00e9sz j\u00f3 kapcsolatba ker\u00fclt\u00fcnk, s mondhatni igazi idill volt sz\u00e1munkra az az id\u0151szak. Noha a lev\u00e1lasztott ter\u00fclet a vill\u00e1val egyetemben sz\u00e9pen rendbetartott, az\u00e9rt t\u00f6bb t\u00f6r\u0151d\u00e9st ig\u00e9nyelne maga a park. Az is igaz, hogy ezen a ter\u00fcleten egy\u00e9b \u00e9s v\u00e1ltozatos, nagyszab\u00e1s\u00fa esem\u00e9nyeket lehet rendezni. Tal\u00e1n ez is az egyik oka, hogy nem lett hermetikusan elz\u00e1rva, s ez\u00e1ltan sokszor t\u00e9nyleg gazd\u00e1tlannak t\u0171nik. Az Eperjesi \u00fat fel\u0151li egykori panelker\u00edt\u00e9s teljesen elt\u0171nt, tal\u00e1n csak mutat\u00f3ban maradt meg egy-egy darabja. A id\u0151k sor\u00e1n t\u00f6bbsz\u00f6r volt itt b\u00facs\u00fa, cirkuszi el\u0151ad\u00e1s, a kilencvenes \u00e9vek k\u00f6zep\u00e9t\u0151l pedig j\u00f3 egy \u00e9vtizeden kereszt\u00fcl s\u00f6rfesztiv\u00e1l. Ut\u00f3bbi a szomsz\u00e9dos kertv\u00e1rosiak kezdem\u00e9nyez\u00e9s\u00e9re \u00e9s rendez\u00e9s\u00e9ben, a dorogi \u00f6nkorm\u00e1nyzat j\u00f3v\u00e1hagy\u00e1s\u00e1val t\u00f6rt\u00e9nt. Ezen esem\u00e9nyek alkalm\u00e1n \u00fajfent koncertek is bet\u00f6lt\u00f6tt\u00e9k a parkot. Igaz, a nagysz\u00ednpad \u00e9ppen az ellent\u00e9tes oldalon lett fel\u00e1ll\u00edtva, az Esztergomi \u00fat fel\u0151li ker\u00edt\u00e9s k\u00f6zel\u00e9ben. Ezen alkalmakkor ism\u00e9t sokezren lept\u00e9k el a helysz\u00ednt \u00e9s t\u00f6bb, nagyszer\u0171 koncert sz\u00ednes\u00edtette a programot, \u00e9l\u00e9n a Bikini, vagy a Hoolingans fell\u00e9p\u00e9s\u00e9vel. Egyik alkalommal &#8211; eml\u00e9keim szerint 1996 augusztus\u00e1ban &#8211; a sz\u00ednpad szinte pont azon a helyen \u00e1llt, mint a fesztiv\u00e1l sz\u00ednpada annak idej\u00e9n, csak eltolt form\u00e1ban, az Eperjesi \u00fat &#8211; patakpart\u00a0 ir\u00e1nyban. \u00c9ppen az Irigy H\u00f3naljmirigy produkci\u00f3j\u00e1t befejezv\u00e9n, meghajoltak a t\u00e1rsulat tagjai a k\u00f6z\u00f6ns\u00e9g fel\u00e9, mik\u00f6zben Sipos P\u00e9ter k\u00f6sz\u00f6n\u0151 szavai mellett utal\u00e1st tett a fesztiv\u00e1lra, mondv\u00e1n megtiszteltet\u00e9s volt ugyanott szerepelni, ahol az egykori legend\u00e1s buli is zajlott.<\/p>\n<p><img loading=\"lazy\" decoding=\"async\" class=\"aligncenter wp-image-34387 size-full\" src=\"https:\/\/dorogimedence.hu\/wp-content\/uploads\/2021\/06\/fesztival-21.jpg\" alt=\"\" width=\"900\" height=\"506\" srcset=\"https:\/\/dorogimedence.hu\/wp-content\/uploads\/2021\/06\/fesztival-21.jpg 900w, https:\/\/dorogimedence.hu\/wp-content\/uploads\/2021\/06\/fesztival-21-300x169.jpg 300w, https:\/\/dorogimedence.hu\/wp-content\/uploads\/2021\/06\/fesztival-21-768x432.jpg 768w, https:\/\/dorogimedence.hu\/wp-content\/uploads\/2021\/06\/fesztival-21-150x84.jpg 150w, https:\/\/dorogimedence.hu\/wp-content\/uploads\/2021\/06\/fesztival-21-450x253.jpg 450w\" sizes=\"(max-width: 900px) 100vw, 900px\" \/><\/p>\n<p style=\"text-align: center;\"><span style=\"font-size: 10pt;\"><em>A Schmidt-villa napjainkban, az \u00c9szak-Dun\u00e1nt\u00fali V\u00edzm\u0171vek k\u00f6zpontjak\u00e9nt<\/em><\/span><\/p>\n<p style=\"text-align: justify;\">Az egykori helyi f\u0151szervez\u0151 \u00e9s t\u00e1mogat\u00f3 gy\u00f3gyszergy\u00e1r id\u00e9n \u00fcnnepli fenn\u00e1ll\u00e1s\u00e1nak 120. \u00e9v\u00e9t. A c\u00e9g \u00e9s egyben a rockfesztiv\u00e1l kerek \u00e9vfordul\u00f3ja aprop\u00f3j\u00e1n, maga a Richter Rt. vette tervbe, hogy \u00fajra \u00f6sszehoz egy hasonl\u00f3 gigantikus fesztiv\u00e1lt, m\u00e9gpedig amennyire csak lehet, visszahozni az 1981-es esem\u00e9nyt, \u00e9l\u00e9n az akkori fell\u00e9p\u0151k megh\u00edv\u00e1s\u00e1val, ugyanazon a napon \u00e9s term\u00e9szetesen ugyan\u00fagy a Schmidt-vill\u00e1ban. Sajnos a koronav\u00edrus-j\u00e1rv\u00e1ny meghi\u00fas\u00edtotta a fesztiv\u00e1l kivitelez\u00e9s\u00e9t, azonban kor\u00e1ntsem biztos, hogy ezzel v\u00e9g\u00e9rv\u00e9nyesen kell lemondani minderr\u0151l.<\/p>\n<p><img loading=\"lazy\" decoding=\"async\" class=\"aligncenter wp-image-34388 size-full\" src=\"https:\/\/dorogimedence.hu\/wp-content\/uploads\/2021\/06\/fesztival-22.jpg\" alt=\"\" width=\"900\" height=\"490\" srcset=\"https:\/\/dorogimedence.hu\/wp-content\/uploads\/2021\/06\/fesztival-22.jpg 900w, https:\/\/dorogimedence.hu\/wp-content\/uploads\/2021\/06\/fesztival-22-300x163.jpg 300w, https:\/\/dorogimedence.hu\/wp-content\/uploads\/2021\/06\/fesztival-22-768x418.jpg 768w, https:\/\/dorogimedence.hu\/wp-content\/uploads\/2021\/06\/fesztival-22-150x82.jpg 150w, https:\/\/dorogimedence.hu\/wp-content\/uploads\/2021\/06\/fesztival-22-450x245.jpg 450w\" sizes=\"(max-width: 900px) 100vw, 900px\" \/><\/p>\n<p style=\"text-align: center;\"><span style=\"font-size: 10pt;\"><em>Dr. Schmidt S\u00e1ndor szobra a nev\u00e9t visel\u0151 villa parkj\u00e1ban<\/em><\/span><\/p>\n<p><em>Bor\u00edt\u00f3k\u00e9p: A sz\u00ednpad el\u0151tti tumultus (forr\u00e1s: A Lampert csal\u00e1d album\u00e1b\u00f3l)<\/em><\/p>\n<p style=\"text-align: justify;\"><em>K\u00fcl\u00f6n k\u00f6sz\u00f6net: Lampert Viktor, Bajnok Ren\u00e1ta, T\u00f6r\u00f6k Katalin, H\u00e9dai Ferenc,\u00a0Korbely Gy\u00f6rgy \u00e9s Hal\u00e1sz L\u00e1szl\u00f3\u00a0r\u00e9sz\u00e9re, a cikkben szerepl\u0151 fot\u00f3k enged\u00e9lyez\u00e9s\u00e9\u00e9rt, valamint a fesztiv\u00e1llal kapcsolatos kieg\u00e9sz\u00edt\u0151 inform\u00e1ci\u00f3k\u00e9rt.<\/em><\/p>\n<p style=\"text-align: justify;\">Ezzel ugyan befejez\u0151d\u00f6tt a cikksorozat, de amennyiben b\u00e1rki rendelkezik a fesztiv\u00e1llal kapcsolatos tov\u00e1bbi k\u00e9panyaggal, eml\u00e9kt\u00e1rggyal, \u00e9rdekes sztroival, inform\u00e1ci\u00f3val b\u00e1tran jelezze \u00e9s ossza meg vel\u00fcnk. K\u00f6sz\u00f6nettel \u00e9s \u00f6r\u00f6mmel fogadunk minden \u00e9p\u00edt\u0151 sz\u00e1nd\u00e9k\u00fa kieg\u00e9szt\u00e9st!<\/p>\n<p><strong><em>Szab\u00f3 Gyula<\/em><\/strong><\/p>\n","protected":false},"excerpt":{"rendered":"<p>Kereken n\u00e9gy \u00e9vtizeddel ezel\u0151tt, 1981. j\u00fanius 27-\u00e9n ker\u00fclt megrendez\u00e9sre, a maga nem\u00e9ben az\u00f3ta is kuri\u00f3zumnak sz\u00e1m\u00edt\u00f3 esem\u00e9ny, ahol n\u00e9h\u00e1ny k\u00fclf\u00f6ldi fell\u00e9p\u0151 mellett a hazai rockzene akkori k\u00e9pvisel\u0151inek sz\u00edne-java sz\u00ednpadra l\u00e9pett a t\u00f6bb t\u00edzezernyi rajong\u00f3 el\u0151tt. Azon a bizonyos j\u00faniusi h\u00e9tv\u00e9g\u00e9n a telep\u00fcl\u00e9s lakoss\u00e1g\u00e1nak t\u00f6bbsz\u00f6r\u00f6se gy\u0171lt \u00f6ssze Dorogon. Az \u00e9vfordul\u00f3ra k\u00e9sz\u00fclt megeml\u00e9kez\u00e9sre sz\u00e1nt eml\u00e9kcikk utols\u00f3 felvon\u00e1sa<\/p>\n","protected":false},"author":1,"featured_media":34367,"comment_status":"closed","ping_status":"closed","sticky":false,"template":"","format":"standard","meta":{"ngg_post_thumbnail":0,"footnotes":""},"categories":[2,5769,3,6031],"tags":[15,5780,5624],"class_list":{"0":"post-34365","1":"post","2":"type-post","3":"status-publish","4":"format-standard","5":"has-post-thumbnail","7":"category-dorog","8":"category-dorogi-rockfesztival","9":"category-hirek","10":"category-kerek-evfordulok","11":"tag-dorog","12":"tag-dorogi-rockfesztival","13":"tag-featured"},"yoast_head":"<!-- This site is optimized with the Yoast SEO plugin v27.5 - https:\/\/yoast.com\/product\/yoast-seo-wordpress\/ -->\n<title>40 \u00e9ve t\u00f6rt\u00e9nt: A Dorogi Rockfesztiv\u00e1l (Negyedik, befejez\u0151 r\u00e9sz)<\/title>\n<meta name=\"robots\" content=\"index, follow, max-snippet:-1, max-image-preview:large, max-video-preview:-1\" \/>\n<link rel=\"canonical\" href=\"https:\/\/dorogimedence.hu\/index.php\/2021\/06\/28\/40-eve-tortent-a-dorogi-rockfesztival-negyedik-befejezo-resz\/\" class=\"yoast-seo-meta-tag\" \/>\n<meta property=\"og:locale\" content=\"hu_HU\" class=\"yoast-seo-meta-tag\" \/>\n<meta property=\"og:type\" content=\"article\" class=\"yoast-seo-meta-tag\" \/>\n<meta property=\"og:title\" content=\"40 \u00e9ve t\u00f6rt\u00e9nt: A Dorogi Rockfesztiv\u00e1l (Negyedik, befejez\u0151 r\u00e9sz)\" class=\"yoast-seo-meta-tag\" \/>\n<meta property=\"og:description\" content=\"Kereken n\u00e9gy \u00e9vtizeddel ezel\u0151tt, 1981. j\u00fanius 27-\u00e9n ker\u00fclt megrendez\u00e9sre, a maga nem\u00e9ben az\u00f3ta is kuri\u00f3zumnak sz\u00e1m\u00edt\u00f3 esem\u00e9ny, ahol n\u00e9h\u00e1ny k\u00fclf\u00f6ldi fell\u00e9p\u0151 mellett a hazai rockzene akkori k\u00e9pvisel\u0151inek sz\u00edne-java sz\u00ednpadra l\u00e9pett a t\u00f6bb t\u00edzezernyi rajong\u00f3 el\u0151tt. Azon a bizonyos j\u00faniusi h\u00e9tv\u00e9g\u00e9n a telep\u00fcl\u00e9s lakoss\u00e1g\u00e1nak t\u00f6bbsz\u00f6r\u00f6se gy\u0171lt \u00f6ssze Dorogon. Az \u00e9vfordul\u00f3ra k\u00e9sz\u00fclt megeml\u00e9kez\u00e9sre sz\u00e1nt eml\u00e9kcikk utols\u00f3 felvon\u00e1sa\" class=\"yoast-seo-meta-tag\" \/>\n<meta property=\"og:url\" content=\"https:\/\/dorogimedence.hu\/index.php\/2021\/06\/28\/40-eve-tortent-a-dorogi-rockfesztival-negyedik-befejezo-resz\/\" class=\"yoast-seo-meta-tag\" \/>\n<meta property=\"og:site_name\" content=\"Dorogi-medence Region\u00e1lis H\u00edrport\u00e1l\" class=\"yoast-seo-meta-tag\" \/>\n<meta property=\"article:publisher\" content=\"https:\/\/www.facebook.com\/dorogimedence\/\" class=\"yoast-seo-meta-tag\" \/>\n<meta property=\"article:published_time\" content=\"2021-06-28T13:26:37+00:00\" class=\"yoast-seo-meta-tag\" \/>\n<meta property=\"article:modified_time\" content=\"2021-10-18T03:26:19+00:00\" class=\"yoast-seo-meta-tag\" \/>\n<meta property=\"og:image\" content=\"https:\/\/i0.wp.com\/dorogimedence.hu\/wp-content\/uploads\/2021\/06\/fesztival-01.jpg?fit=1200%2C900&ssl=1\" class=\"yoast-seo-meta-tag\" \/>\n\t<meta property=\"og:image:width\" content=\"1200\" class=\"yoast-seo-meta-tag\" \/>\n\t<meta property=\"og:image:height\" content=\"900\" class=\"yoast-seo-meta-tag\" \/>\n\t<meta property=\"og:image:type\" content=\"image\/jpeg\" class=\"yoast-seo-meta-tag\" \/>\n<meta name=\"author\" content=\"dorogimedence.hu\" class=\"yoast-seo-meta-tag\" \/>\n<meta name=\"twitter:card\" content=\"summary_large_image\" class=\"yoast-seo-meta-tag\" \/>\n<meta name=\"twitter:label1\" content=\"Szerz\u0151:\" class=\"yoast-seo-meta-tag\" \/>\n\t<meta name=\"twitter:data1\" content=\"dorogimedence.hu\" class=\"yoast-seo-meta-tag\" \/>\n\t<meta name=\"twitter:label2\" content=\"Becs\u00fclt olvas\u00e1si id\u0151\" class=\"yoast-seo-meta-tag\" \/>\n\t<meta name=\"twitter:data2\" content=\"28 perc\" class=\"yoast-seo-meta-tag\" \/>\n<script type=\"application\/ld+json\" class=\"yoast-schema-graph\">{\"@context\":\"https:\\\/\\\/schema.org\",\"@graph\":[{\"@type\":\"Article\",\"@id\":\"https:\\\/\\\/dorogimedence.hu\\\/index.php\\\/2021\\\/06\\\/28\\\/40-eve-tortent-a-dorogi-rockfesztival-negyedik-befejezo-resz\\\/#article\",\"isPartOf\":{\"@id\":\"https:\\\/\\\/dorogimedence.hu\\\/index.php\\\/2021\\\/06\\\/28\\\/40-eve-tortent-a-dorogi-rockfesztival-negyedik-befejezo-resz\\\/\"},\"author\":{\"name\":\"dorogimedence.hu\",\"@id\":\"https:\\\/\\\/dorogimedence.hu\\\/#\\\/schema\\\/person\\\/ce6091eeb7e95ecdc87890d6aa8e0fd4\"},\"headline\":\"40 \u00e9ve t\u00f6rt\u00e9nt: A Dorogi Rockfesztiv\u00e1l (Negyedik, befejez\u0151 r\u00e9sz)\",\"datePublished\":\"2021-06-28T13:26:37+00:00\",\"dateModified\":\"2021-10-18T03:26:19+00:00\",\"mainEntityOfPage\":{\"@id\":\"https:\\\/\\\/dorogimedence.hu\\\/index.php\\\/2021\\\/06\\\/28\\\/40-eve-tortent-a-dorogi-rockfesztival-negyedik-befejezo-resz\\\/\"},\"wordCount\":5705,\"publisher\":{\"@id\":\"https:\\\/\\\/dorogimedence.hu\\\/#organization\"},\"image\":{\"@id\":\"https:\\\/\\\/dorogimedence.hu\\\/index.php\\\/2021\\\/06\\\/28\\\/40-eve-tortent-a-dorogi-rockfesztival-negyedik-befejezo-resz\\\/#primaryimage\"},\"thumbnailUrl\":\"https:\\\/\\\/dorogimedence.hu\\\/wp-content\\\/uploads\\\/2021\\\/06\\\/fesztival-01.jpg\",\"keywords\":[\"Dorog\",\"Dorogi Rockfesztiv\u00e1l\",\"featured\"],\"articleSection\":[\"Dorog\",\"Dorogi Rockfesztiv\u00e1l\",\"H\u00edrek\",\"Kerek \u00e9vfordul\u00f3k\"],\"inLanguage\":\"hu\"},{\"@type\":\"WebPage\",\"@id\":\"https:\\\/\\\/dorogimedence.hu\\\/index.php\\\/2021\\\/06\\\/28\\\/40-eve-tortent-a-dorogi-rockfesztival-negyedik-befejezo-resz\\\/\",\"url\":\"https:\\\/\\\/dorogimedence.hu\\\/index.php\\\/2021\\\/06\\\/28\\\/40-eve-tortent-a-dorogi-rockfesztival-negyedik-befejezo-resz\\\/\",\"name\":\"40 \u00e9ve t\u00f6rt\u00e9nt: A Dorogi Rockfesztiv\u00e1l (Negyedik, befejez\u0151 r\u00e9sz)\",\"isPartOf\":{\"@id\":\"https:\\\/\\\/dorogimedence.hu\\\/#website\"},\"primaryImageOfPage\":{\"@id\":\"https:\\\/\\\/dorogimedence.hu\\\/index.php\\\/2021\\\/06\\\/28\\\/40-eve-tortent-a-dorogi-rockfesztival-negyedik-befejezo-resz\\\/#primaryimage\"},\"image\":{\"@id\":\"https:\\\/\\\/dorogimedence.hu\\\/index.php\\\/2021\\\/06\\\/28\\\/40-eve-tortent-a-dorogi-rockfesztival-negyedik-befejezo-resz\\\/#primaryimage\"},\"thumbnailUrl\":\"https:\\\/\\\/dorogimedence.hu\\\/wp-content\\\/uploads\\\/2021\\\/06\\\/fesztival-01.jpg\",\"datePublished\":\"2021-06-28T13:26:37+00:00\",\"dateModified\":\"2021-10-18T03:26:19+00:00\",\"breadcrumb\":{\"@id\":\"https:\\\/\\\/dorogimedence.hu\\\/index.php\\\/2021\\\/06\\\/28\\\/40-eve-tortent-a-dorogi-rockfesztival-negyedik-befejezo-resz\\\/#breadcrumb\"},\"inLanguage\":\"hu\",\"potentialAction\":[{\"@type\":\"ReadAction\",\"target\":[\"https:\\\/\\\/dorogimedence.hu\\\/index.php\\\/2021\\\/06\\\/28\\\/40-eve-tortent-a-dorogi-rockfesztival-negyedik-befejezo-resz\\\/\"]}]},{\"@type\":\"ImageObject\",\"inLanguage\":\"hu\",\"@id\":\"https:\\\/\\\/dorogimedence.hu\\\/index.php\\\/2021\\\/06\\\/28\\\/40-eve-tortent-a-dorogi-rockfesztival-negyedik-befejezo-resz\\\/#primaryimage\",\"url\":\"https:\\\/\\\/dorogimedence.hu\\\/wp-content\\\/uploads\\\/2021\\\/06\\\/fesztival-01.jpg\",\"contentUrl\":\"https:\\\/\\\/dorogimedence.hu\\\/wp-content\\\/uploads\\\/2021\\\/06\\\/fesztival-01.jpg\",\"width\":1200,\"height\":900},{\"@type\":\"BreadcrumbList\",\"@id\":\"https:\\\/\\\/dorogimedence.hu\\\/index.php\\\/2021\\\/06\\\/28\\\/40-eve-tortent-a-dorogi-rockfesztival-negyedik-befejezo-resz\\\/#breadcrumb\",\"itemListElement\":[{\"@type\":\"ListItem\",\"position\":1,\"name\":\"Kezd\u0151lap\",\"item\":\"https:\\\/\\\/dorogimedence.hu\\\/\"},{\"@type\":\"ListItem\",\"position\":2,\"name\":\"40 \u00e9ve t\u00f6rt\u00e9nt: A Dorogi Rockfesztiv\u00e1l (Negyedik, befejez\u0151 r\u00e9sz)\"}]},{\"@type\":\"WebSite\",\"@id\":\"https:\\\/\\\/dorogimedence.hu\\\/#website\",\"url\":\"https:\\\/\\\/dorogimedence.hu\\\/\",\"name\":\"Dorogi-medence Region\u00e1lis H\u00edrport\u00e1l\",\"description\":\"Dorog, Keszt\u00f6lc, Le\u00e1nyv\u00e1r, Piliscs\u00e9v, Tokod, Tokodalt\u00e1r\u00f3, Csolnok, Esztergom-kertv\u00e1ros: h\u00edrek, programok\",\"publisher\":{\"@id\":\"https:\\\/\\\/dorogimedence.hu\\\/#organization\"},\"potentialAction\":[{\"@type\":\"SearchAction\",\"target\":{\"@type\":\"EntryPoint\",\"urlTemplate\":\"https:\\\/\\\/dorogimedence.hu\\\/?s={search_term_string}\"},\"query-input\":{\"@type\":\"PropertyValueSpecification\",\"valueRequired\":true,\"valueName\":\"search_term_string\"}}],\"inLanguage\":\"hu\"},{\"@type\":\"Organization\",\"@id\":\"https:\\\/\\\/dorogimedence.hu\\\/#organization\",\"name\":\"Dorogi-medence Region\u00e1lis H\u00edrport\u00e1l\",\"url\":\"https:\\\/\\\/dorogimedence.hu\\\/\",\"logo\":{\"@type\":\"ImageObject\",\"inLanguage\":\"hu\",\"@id\":\"https:\\\/\\\/dorogimedence.hu\\\/#\\\/schema\\\/logo\\\/image\\\/\",\"url\":\"https:\\\/\\\/dorogimedence.hu\\\/wp-content\\\/uploads\\\/2021\\\/04\\\/logo-feher-600.png\",\"contentUrl\":\"https:\\\/\\\/dorogimedence.hu\\\/wp-content\\\/uploads\\\/2021\\\/04\\\/logo-feher-600.png\",\"width\":600,\"height\":100,\"caption\":\"Dorogi-medence Region\u00e1lis H\u00edrport\u00e1l\"},\"image\":{\"@id\":\"https:\\\/\\\/dorogimedence.hu\\\/#\\\/schema\\\/logo\\\/image\\\/\"},\"sameAs\":[\"https:\\\/\\\/www.facebook.com\\\/dorogimedence\\\/\"]},{\"@type\":\"Person\",\"@id\":\"https:\\\/\\\/dorogimedence.hu\\\/#\\\/schema\\\/person\\\/ce6091eeb7e95ecdc87890d6aa8e0fd4\",\"name\":\"dorogimedence.hu\",\"image\":{\"@type\":\"ImageObject\",\"inLanguage\":\"hu\",\"@id\":\"\\\/\\\/www.gravatar.com\\\/avatar\\\/d8d45f8901aadff40a4af72c0b826f1d?s=96&#038;r=g&#038;d=mm\",\"url\":\"\\\/\\\/www.gravatar.com\\\/avatar\\\/d8d45f8901aadff40a4af72c0b826f1d?s=96&#038;r=g&#038;d=mm\",\"contentUrl\":\"\\\/\\\/www.gravatar.com\\\/avatar\\\/d8d45f8901aadff40a4af72c0b826f1d?s=96&#038;r=g&#038;d=mm\",\"caption\":\"dorogimedence.hu\"}}]}<\/script>\n<!-- \/ Yoast SEO plugin. -->","yoast_head_json":{"title":"40 \u00e9ve t\u00f6rt\u00e9nt: A Dorogi Rockfesztiv\u00e1l (Negyedik, befejez\u0151 r\u00e9sz)","robots":{"index":"index","follow":"follow","max-snippet":"max-snippet:-1","max-image-preview":"max-image-preview:large","max-video-preview":"max-video-preview:-1"},"canonical":"https:\/\/dorogimedence.hu\/index.php\/2021\/06\/28\/40-eve-tortent-a-dorogi-rockfesztival-negyedik-befejezo-resz\/","og_locale":"hu_HU","og_type":"article","og_title":"40 \u00e9ve t\u00f6rt\u00e9nt: A Dorogi Rockfesztiv\u00e1l (Negyedik, befejez\u0151 r\u00e9sz)","og_description":"Kereken n\u00e9gy \u00e9vtizeddel ezel\u0151tt, 1981. j\u00fanius 27-\u00e9n ker\u00fclt megrendez\u00e9sre, a maga nem\u00e9ben az\u00f3ta is kuri\u00f3zumnak sz\u00e1m\u00edt\u00f3 esem\u00e9ny, ahol n\u00e9h\u00e1ny k\u00fclf\u00f6ldi fell\u00e9p\u0151 mellett a hazai rockzene akkori k\u00e9pvisel\u0151inek sz\u00edne-java sz\u00ednpadra l\u00e9pett a t\u00f6bb t\u00edzezernyi rajong\u00f3 el\u0151tt. Azon a bizonyos j\u00faniusi h\u00e9tv\u00e9g\u00e9n a telep\u00fcl\u00e9s lakoss\u00e1g\u00e1nak t\u00f6bbsz\u00f6r\u00f6se gy\u0171lt \u00f6ssze Dorogon. Az \u00e9vfordul\u00f3ra k\u00e9sz\u00fclt megeml\u00e9kez\u00e9sre sz\u00e1nt eml\u00e9kcikk utols\u00f3 felvon\u00e1sa","og_url":"https:\/\/dorogimedence.hu\/index.php\/2021\/06\/28\/40-eve-tortent-a-dorogi-rockfesztival-negyedik-befejezo-resz\/","og_site_name":"Dorogi-medence Region\u00e1lis H\u00edrport\u00e1l","article_publisher":"https:\/\/www.facebook.com\/dorogimedence\/","article_published_time":"2021-06-28T13:26:37+00:00","article_modified_time":"2021-10-18T03:26:19+00:00","og_image":[{"width":1200,"height":900,"url":"https:\/\/i0.wp.com\/dorogimedence.hu\/wp-content\/uploads\/2021\/06\/fesztival-01.jpg?fit=1200%2C900&ssl=1","type":"image\/jpeg"}],"author":"dorogimedence.hu","twitter_card":"summary_large_image","twitter_misc":{"Szerz\u0151:":"dorogimedence.hu","Becs\u00fclt olvas\u00e1si id\u0151":"28 perc"},"schema":{"@context":"https:\/\/schema.org","@graph":[{"@type":"Article","@id":"https:\/\/dorogimedence.hu\/index.php\/2021\/06\/28\/40-eve-tortent-a-dorogi-rockfesztival-negyedik-befejezo-resz\/#article","isPartOf":{"@id":"https:\/\/dorogimedence.hu\/index.php\/2021\/06\/28\/40-eve-tortent-a-dorogi-rockfesztival-negyedik-befejezo-resz\/"},"author":{"name":"dorogimedence.hu","@id":"https:\/\/dorogimedence.hu\/#\/schema\/person\/ce6091eeb7e95ecdc87890d6aa8e0fd4"},"headline":"40 \u00e9ve t\u00f6rt\u00e9nt: A Dorogi Rockfesztiv\u00e1l (Negyedik, befejez\u0151 r\u00e9sz)","datePublished":"2021-06-28T13:26:37+00:00","dateModified":"2021-10-18T03:26:19+00:00","mainEntityOfPage":{"@id":"https:\/\/dorogimedence.hu\/index.php\/2021\/06\/28\/40-eve-tortent-a-dorogi-rockfesztival-negyedik-befejezo-resz\/"},"wordCount":5705,"publisher":{"@id":"https:\/\/dorogimedence.hu\/#organization"},"image":{"@id":"https:\/\/dorogimedence.hu\/index.php\/2021\/06\/28\/40-eve-tortent-a-dorogi-rockfesztival-negyedik-befejezo-resz\/#primaryimage"},"thumbnailUrl":"https:\/\/dorogimedence.hu\/wp-content\/uploads\/2021\/06\/fesztival-01.jpg","keywords":["Dorog","Dorogi Rockfesztiv\u00e1l","featured"],"articleSection":["Dorog","Dorogi Rockfesztiv\u00e1l","H\u00edrek","Kerek \u00e9vfordul\u00f3k"],"inLanguage":"hu"},{"@type":"WebPage","@id":"https:\/\/dorogimedence.hu\/index.php\/2021\/06\/28\/40-eve-tortent-a-dorogi-rockfesztival-negyedik-befejezo-resz\/","url":"https:\/\/dorogimedence.hu\/index.php\/2021\/06\/28\/40-eve-tortent-a-dorogi-rockfesztival-negyedik-befejezo-resz\/","name":"40 \u00e9ve t\u00f6rt\u00e9nt: A Dorogi Rockfesztiv\u00e1l (Negyedik, befejez\u0151 r\u00e9sz)","isPartOf":{"@id":"https:\/\/dorogimedence.hu\/#website"},"primaryImageOfPage":{"@id":"https:\/\/dorogimedence.hu\/index.php\/2021\/06\/28\/40-eve-tortent-a-dorogi-rockfesztival-negyedik-befejezo-resz\/#primaryimage"},"image":{"@id":"https:\/\/dorogimedence.hu\/index.php\/2021\/06\/28\/40-eve-tortent-a-dorogi-rockfesztival-negyedik-befejezo-resz\/#primaryimage"},"thumbnailUrl":"https:\/\/dorogimedence.hu\/wp-content\/uploads\/2021\/06\/fesztival-01.jpg","datePublished":"2021-06-28T13:26:37+00:00","dateModified":"2021-10-18T03:26:19+00:00","breadcrumb":{"@id":"https:\/\/dorogimedence.hu\/index.php\/2021\/06\/28\/40-eve-tortent-a-dorogi-rockfesztival-negyedik-befejezo-resz\/#breadcrumb"},"inLanguage":"hu","potentialAction":[{"@type":"ReadAction","target":["https:\/\/dorogimedence.hu\/index.php\/2021\/06\/28\/40-eve-tortent-a-dorogi-rockfesztival-negyedik-befejezo-resz\/"]}]},{"@type":"ImageObject","inLanguage":"hu","@id":"https:\/\/dorogimedence.hu\/index.php\/2021\/06\/28\/40-eve-tortent-a-dorogi-rockfesztival-negyedik-befejezo-resz\/#primaryimage","url":"https:\/\/dorogimedence.hu\/wp-content\/uploads\/2021\/06\/fesztival-01.jpg","contentUrl":"https:\/\/dorogimedence.hu\/wp-content\/uploads\/2021\/06\/fesztival-01.jpg","width":1200,"height":900},{"@type":"BreadcrumbList","@id":"https:\/\/dorogimedence.hu\/index.php\/2021\/06\/28\/40-eve-tortent-a-dorogi-rockfesztival-negyedik-befejezo-resz\/#breadcrumb","itemListElement":[{"@type":"ListItem","position":1,"name":"Kezd\u0151lap","item":"https:\/\/dorogimedence.hu\/"},{"@type":"ListItem","position":2,"name":"40 \u00e9ve t\u00f6rt\u00e9nt: A Dorogi Rockfesztiv\u00e1l (Negyedik, befejez\u0151 r\u00e9sz)"}]},{"@type":"WebSite","@id":"https:\/\/dorogimedence.hu\/#website","url":"https:\/\/dorogimedence.hu\/","name":"Dorogi-medence Region\u00e1lis H\u00edrport\u00e1l","description":"Dorog, Keszt\u00f6lc, Le\u00e1nyv\u00e1r, Piliscs\u00e9v, Tokod, Tokodalt\u00e1r\u00f3, Csolnok, Esztergom-kertv\u00e1ros: h\u00edrek, programok","publisher":{"@id":"https:\/\/dorogimedence.hu\/#organization"},"potentialAction":[{"@type":"SearchAction","target":{"@type":"EntryPoint","urlTemplate":"https:\/\/dorogimedence.hu\/?s={search_term_string}"},"query-input":{"@type":"PropertyValueSpecification","valueRequired":true,"valueName":"search_term_string"}}],"inLanguage":"hu"},{"@type":"Organization","@id":"https:\/\/dorogimedence.hu\/#organization","name":"Dorogi-medence Region\u00e1lis H\u00edrport\u00e1l","url":"https:\/\/dorogimedence.hu\/","logo":{"@type":"ImageObject","inLanguage":"hu","@id":"https:\/\/dorogimedence.hu\/#\/schema\/logo\/image\/","url":"https:\/\/dorogimedence.hu\/wp-content\/uploads\/2021\/04\/logo-feher-600.png","contentUrl":"https:\/\/dorogimedence.hu\/wp-content\/uploads\/2021\/04\/logo-feher-600.png","width":600,"height":100,"caption":"Dorogi-medence Region\u00e1lis H\u00edrport\u00e1l"},"image":{"@id":"https:\/\/dorogimedence.hu\/#\/schema\/logo\/image\/"},"sameAs":["https:\/\/www.facebook.com\/dorogimedence\/"]},{"@type":"Person","@id":"https:\/\/dorogimedence.hu\/#\/schema\/person\/ce6091eeb7e95ecdc87890d6aa8e0fd4","name":"dorogimedence.hu","image":{"@type":"ImageObject","inLanguage":"hu","@id":"\/\/www.gravatar.com\/avatar\/d8d45f8901aadff40a4af72c0b826f1d?s=96&#038;r=g&#038;d=mm","url":"\/\/www.gravatar.com\/avatar\/d8d45f8901aadff40a4af72c0b826f1d?s=96&#038;r=g&#038;d=mm","contentUrl":"\/\/www.gravatar.com\/avatar\/d8d45f8901aadff40a4af72c0b826f1d?s=96&#038;r=g&#038;d=mm","caption":"dorogimedence.hu"}}]}},"_links":{"self":[{"href":"https:\/\/dorogimedence.hu\/index.php\/wp-json\/wp\/v2\/posts\/34365","targetHints":{"allow":["GET"]}}],"collection":[{"href":"https:\/\/dorogimedence.hu\/index.php\/wp-json\/wp\/v2\/posts"}],"about":[{"href":"https:\/\/dorogimedence.hu\/index.php\/wp-json\/wp\/v2\/types\/post"}],"author":[{"embeddable":true,"href":"https:\/\/dorogimedence.hu\/index.php\/wp-json\/wp\/v2\/users\/1"}],"replies":[{"embeddable":true,"href":"https:\/\/dorogimedence.hu\/index.php\/wp-json\/wp\/v2\/comments?post=34365"}],"version-history":[{"count":0,"href":"https:\/\/dorogimedence.hu\/index.php\/wp-json\/wp\/v2\/posts\/34365\/revisions"}],"wp:featuredmedia":[{"embeddable":true,"href":"https:\/\/dorogimedence.hu\/index.php\/wp-json\/wp\/v2\/media\/34367"}],"wp:attachment":[{"href":"https:\/\/dorogimedence.hu\/index.php\/wp-json\/wp\/v2\/media?parent=34365"}],"wp:term":[{"taxonomy":"category","embeddable":true,"href":"https:\/\/dorogimedence.hu\/index.php\/wp-json\/wp\/v2\/categories?post=34365"},{"taxonomy":"post_tag","embeddable":true,"href":"https:\/\/dorogimedence.hu\/index.php\/wp-json\/wp\/v2\/tags?post=34365"}],"curies":[{"name":"wp","href":"https:\/\/api.w.org\/{rel}","templated":true}]}}