{"id":34164,"date":"2021-06-22T13:26:04","date_gmt":"2021-06-22T11:26:04","guid":{"rendered":"https:\/\/dorogimedence.hu\/?p=34164"},"modified":"2021-10-18T05:26:55","modified_gmt":"2021-10-18T03:26:55","slug":"40-eve-tortent-a-dorogi-rockfesztival-2-resz","status":"publish","type":"post","link":"https:\/\/dorogimedence.hu\/index.php\/2021\/06\/22\/40-eve-tortent-a-dorogi-rockfesztival-2-resz\/","title":{"rendered":"40 \u00e9ve t\u00f6rt\u00e9nt: A Dorogi Rockfesztiv\u00e1l (2. r\u00e9sz)"},"content":{"rendered":"<p style=\"text-align: justify;\"><strong>Kereken n\u00e9gy \u00e9vtizeddel ezel\u0151tt, 1981. j\u00fanius 27-\u00e9n ker\u00fclt megrendez\u00e9sre, a maga nem\u00e9ben az\u00f3ta is kuri\u00f3zumnak sz\u00e1m\u00edt\u00f3 esem\u00e9ny, ahol n\u00e9h\u00e1ny k\u00fclf\u00f6ldi fell\u00e9p\u0151 mellett a hazai rockzene akkori k\u00e9pvisel\u0151inek sz\u00edne-java sz\u00ednpadra l\u00e9pett a t\u00f6bb t\u00edzezernyi rajong\u00f3 el\u0151tt. Azon a bizonyos j\u00faniusi h\u00e9tv\u00e9g\u00e9n a telep\u00fcl\u00e9s lakoss\u00e1g\u00e1nak t\u00f6bbsz\u00f6r\u00f6se gy\u0171lt \u00f6ssze Dorogon. Az \u00e9vfordul\u00f3ra k\u00e9sz\u00fclt megeml\u00e9kez\u00e9sre sz\u00e1nt eml\u00e9kcikk folytat\u00f3dik a m\u00e1sodik r\u00e9sszel\u00a0<\/strong><em>&#8211; Szab\u00f3 Gyula cikke<\/em><\/p>\n<p style=\"text-align: justify;\">A fesztiv\u00e1l het\u00e9ben napr\u00f3l-napra n\u0151tt a v\u00e1rakoz\u00e1s, s Dorogon ez volt a f\u0151 besz\u00e9dt\u00e9ma. A telep\u00fcl\u00e9sen \u00e9l\u0151k k\u00f6z\u00fcl nem csak sokan voltak rockrajong\u00f3k, de jellemz\u0151en, mint oly sok m\u00e1s helyen, \u00edgy Dorog is kitermelte a maga &#8222;fenegyerekeit&#8221;, akik m\u00e9g a t\u00e1volabbi r\u00e9gi\u00f3kban is szereztek n\u00e9mi h\u00edrhedts\u00e9get. A hatvanas \u00e9vekt\u0151l kezd\u0151d\u0151en minden gener\u00e1ci\u00f3b\u00f3l n\u0151ttek ki az olyan hihetetlen egy\u00e9nis\u00e9gek soraib\u00f3l a telep\u00fcl\u00e9sen, akik &#8211; a P. Mobil ut\u00e1n szabadon &#8211; az \u00fat m\u00e1sik fel\u00e9n mentek.\u00a0 A 81-es fesztiv\u00e1l idej\u00e9n a Fusz, Kacsa, Kocka, Zsan\u00f3, Sal\u00e1ta, Popej (hogy csak n\u00e9h\u00e1nyat eml\u00edtsek) nevek fogalomnak sz\u00e1m\u00edtottak, vagy az egyes galerik. K\u00f6z\u00fcl\u00fck is Dorog legr\u00e9gebbi lak\u00f3telep\u00e9hez k\u00f6thet\u0151 ZCSB (azaz a zalkai cs\u00f6ves banda) is k\u00e9sz legend\u00e1nak t\u00e9telez\u0151d\u00f6tt. Mellett\u00fck persze a r\u00e9gi nagyok m\u00e9g mindig jelen voltak \u00e9s valahol p\u00e9ldak\u00e9nt szolg\u00e1ltak sok kiskamasznak is.<\/p>\n<p><img fetchpriority=\"high\" decoding=\"async\" class=\"aligncenter wp-image-34166 size-full\" src=\"https:\/\/dorogimedence.hu\/wp-content\/uploads\/2021\/06\/rockfesztival-01-1.jpg\" alt=\"\" width=\"800\" height=\"600\" srcset=\"https:\/\/dorogimedence.hu\/wp-content\/uploads\/2021\/06\/rockfesztival-01-1.jpg 800w, https:\/\/dorogimedence.hu\/wp-content\/uploads\/2021\/06\/rockfesztival-01-1-300x225.jpg 300w, https:\/\/dorogimedence.hu\/wp-content\/uploads\/2021\/06\/rockfesztival-01-1-768x576.jpg 768w, https:\/\/dorogimedence.hu\/wp-content\/uploads\/2021\/06\/rockfesztival-01-1-150x113.jpg 150w, https:\/\/dorogimedence.hu\/wp-content\/uploads\/2021\/06\/rockfesztival-01-1-450x338.jpg 450w\" sizes=\"(max-width: 800px) 100vw, 800px\" \/><\/p>\n<p style=\"text-align: center;\"><span style=\"font-size: 10pt;\"><em>A dorogi &#8222;csib\u00e9szek&#8221; egy csoportja 1972-ben. K\u00f6z\u00fcl\u00fck t\u00f6bben is ott voltak a &#8217;81-es fesztiv\u00e1lon (forr\u00e1s: H\u00e9dai Ferenc)<\/em><\/span><\/p>\n<p style=\"text-align: justify;\">Kissr\u00e1cokk\u00e9nt &#8211; magam alig t\u00f6lt\u00f6ttem be akkor\u00a0 12. \u00e9let\u00e9vemet &#8211; bar\u00e1taimmal j\u00f3kat viccel\u0151dt\u00fcnk azon a ny\u00e1ron, mondv\u00e1n Kacs\u00e1\u00e9k mekkora h\u00e1zibulit rendeznek m\u00e1r, hogy a &#8222;Smidiben&#8221; tartj\u00e1k. Ugyancsak tal\u00e1lgat\u00e1s folyt k\u00f6z\u00f6tt\u00fcnk, hogy vajon j\u00e1tszik-e majd Dorogon az Edda az \u00faj album dalaib\u00f3l? A zenekar m\u00e1sodik nagylemeze \u00e9ppen a tavasz folyam\u00e1n jelent meg, s vele egy\u00fctt egy kislemezt is piacra dobtak, amely r\u00e9szben az \u00faj lemez egyfajta beharangoz\u00f3j\u00e1nak sz\u00e1m\u00edtott, viszont a r\u00f6gz\u00edt\u00e9s\u00e9t els\u0151sorban az el\u0151z\u0151 \u00e9vben forgatott Ballag\u00e1s c\u00edm\u0171 filmnek k\u00f6sz\u00f6nhette. A nevezett film zen\u00e9je az Edda dalaira \u00e9p\u00fclt. A kislemezen a film f\u0151c\u00edm- \u00e9s z\u00e1r\u00f3dala, a K\u00f6lyk\u00f6d voltam, valamint a N\u00e9ma v\u00f6lgy szerzem\u00e9nyek voltak hallhat\u00f3k.<\/p>\n<p><img decoding=\"async\" class=\"alignnone size-full wp-image-34167\" src=\"https:\/\/dorogimedence.hu\/wp-content\/uploads\/2021\/06\/rockfesztival-02-1.jpg\" alt=\"\" width=\"800\" height=\"594\" srcset=\"https:\/\/dorogimedence.hu\/wp-content\/uploads\/2021\/06\/rockfesztival-02-1.jpg 800w, https:\/\/dorogimedence.hu\/wp-content\/uploads\/2021\/06\/rockfesztival-02-1-300x223.jpg 300w, https:\/\/dorogimedence.hu\/wp-content\/uploads\/2021\/06\/rockfesztival-02-1-768x570.jpg 768w, https:\/\/dorogimedence.hu\/wp-content\/uploads\/2021\/06\/rockfesztival-02-1-150x111.jpg 150w, https:\/\/dorogimedence.hu\/wp-content\/uploads\/2021\/06\/rockfesztival-02-1-450x334.jpg 450w\" sizes=\"(max-width: 800px) 100vw, 800px\" \/><\/p>\n<p style=\"text-align: center;\"><span style=\"font-size: 10pt;\"><em>Az 1980-ban megjelent kislemez bor\u00edt\u00f3ja<\/em><\/span><\/p>\n<p style=\"text-align: justify;\">\u00c9ppen az el\u0151z\u0151 h\u00f3napban voltunk oszt\u00e1lykir\u00e1ndul\u00e1son, amely sor\u00e1n a Balaton-felvid\u00e9ket l\u00e1togattuk meg a k\u00e9tnapos t\u00fara sor\u00e1n. Ha j\u00f3l eml\u00e9kszem, a m\u00e1sodik nap eb\u00e9dj\u00e9t Keszthelyen ejtett\u00fck meg egy eleg\u00e1ns \u00e9tteremben, ahol volt zeneg\u00e9p, benne pedig az eml\u00edtett Edda kislemez. Desszertk\u00e9nt k\u00f6z\u00f6s zenehallgat\u00e1s folyt, miut\u00e1n oszt\u00e1lyt\u00e1rsaimmal \u00e9s a vel\u00fcnk egy\u00fctt utazott k\u00e9t m\u00e1sik p\u00e1rhuzamos oszt\u00e1ly hatodikos iskolat\u00e1rsainkkal az \u00f6sszes fellelhet\u0151 b\u00e9l\u00e1st begy\u0171jt\u00f6tt\u00fck \u00e9s dob\u00e1ltuk a g\u00e9pbe. Egy \u00f3r\u00e1n kereszt\u00fcl meg\u00e1ll\u00e1s n\u00e9lk\u00fcl a\u00a0<em>K\u00f6lyk\u00f6d voltam<\/em> sz\u00f3lt. M\u00e9g a tan\u00e1raink is k\u00edv\u00fclr\u0151l f\u00fajt\u00e1k m\u00e1r, mikor elindult a buszunk az \u00e9tteremt\u0151l.<\/p>\n<p><img decoding=\"async\" class=\"alignnone size-full wp-image-34168\" src=\"https:\/\/dorogimedence.hu\/wp-content\/uploads\/2021\/06\/rockfesztival-03-1.jpg\" alt=\"\" width=\"800\" height=\"400\" srcset=\"https:\/\/dorogimedence.hu\/wp-content\/uploads\/2021\/06\/rockfesztival-03-1.jpg 800w, https:\/\/dorogimedence.hu\/wp-content\/uploads\/2021\/06\/rockfesztival-03-1-300x150.jpg 300w, https:\/\/dorogimedence.hu\/wp-content\/uploads\/2021\/06\/rockfesztival-03-1-768x384.jpg 768w, https:\/\/dorogimedence.hu\/wp-content\/uploads\/2021\/06\/rockfesztival-03-1-150x75.jpg 150w, https:\/\/dorogimedence.hu\/wp-content\/uploads\/2021\/06\/rockfesztival-03-1-450x225.jpg 450w\" sizes=\"(max-width: 800px) 100vw, 800px\" \/><\/p>\n<p style=\"text-align: center;\"><span style=\"font-size: 10pt;\"><em>Ez pedig \u00e9n vagyok 1981-ben, 12 \u00e9vesen<\/em><\/span><\/p>\n<p style=\"text-align: justify;\">Cs\u00fct\u00f6rt\u00f6k\u00f6n elkezdtek sz\u00e1lling\u00f3zni a messzebbr\u0151l \u00e9rkez\u0151 els\u0151 fesztiv\u00e1loz\u00f3k. Akiknek voltak dorogi ismerets\u00e9gei, bar\u00e1tai, azok id\u0151ben lelevelezt\u00e9k j\u00f6tt\u00fcket \u00e9s megszervezt\u00e9k az ell\u00e1t\u00e1sukat. T\u00f6bbek s\u00e1trakkal felv\u00e9rtezve j\u00f6ttek az el\u0151re lebesz\u00e9lteknek megfelel\u0151en \u00e9s kisebb-nagyobb &#8222;kempingeket&#8221; alak\u00edtottak ki az egyes lak\u00f3telepeken l\u00e9v\u0151 z\u00f6ldter\u00fcleteken. A szerencs\u00e9sebbek egyenesen a helyiek lak\u00e1saiban kaptak sz\u00e1ll\u00e1st. P\u00e9nteken val\u00f3s\u00e1gos n\u00e9pv\u00e1ndorl\u00e1s vette kezdet\u00e9t. Az orsz\u00e1g legk\u00fcl\u00f6nb\u00f6z\u0151bb \u00e9s legt\u00e1volabbi r\u00e9gi\u00f3ib\u00f3l, valamint k\u00fclhonb\u00f3l &#8211; f\u0151leg a Felvid\u00e9kr\u0151l &#8211; \u00e9rkez\u0151k id\u0151ben akartak jelen lenni, s \u00edgy a nagy bulit megel\u0151z\u0151 napon m\u00e1r sokezren gy\u0171ltek \u00f6ssze Dorogon.<\/p>\n<p><img loading=\"lazy\" decoding=\"async\" class=\"aligncenter wp-image-34169 size-full\" src=\"https:\/\/dorogimedence.hu\/wp-content\/uploads\/2021\/06\/rockfesztival-04-1.jpg\" alt=\"\" width=\"800\" height=\"600\" srcset=\"https:\/\/dorogimedence.hu\/wp-content\/uploads\/2021\/06\/rockfesztival-04-1.jpg 800w, https:\/\/dorogimedence.hu\/wp-content\/uploads\/2021\/06\/rockfesztival-04-1-300x225.jpg 300w, https:\/\/dorogimedence.hu\/wp-content\/uploads\/2021\/06\/rockfesztival-04-1-768x576.jpg 768w, https:\/\/dorogimedence.hu\/wp-content\/uploads\/2021\/06\/rockfesztival-04-1-150x113.jpg 150w, https:\/\/dorogimedence.hu\/wp-content\/uploads\/2021\/06\/rockfesztival-04-1-450x338.jpg 450w\" sizes=\"(max-width: 800px) 100vw, 800px\" \/><\/p>\n<p style=\"text-align: justify;\"><span style=\"font-size: 10pt;\"><em>A X-es \u00fati lak\u00f3telepen (a mai K\u00f6zt\u00e1rsas\u00e1g \u00fati telep) a k\u00e9pen l\u00e1that\u00f3 III-as sz\u00e1m\u00fa h\u00e1zt\u00f6mb m\u00f6g\u00f6tt is j\u00f3p\u00e1r s\u00e1tor \u00e1llt. Az itt kempingez\u0151k a lak\u00f3k j\u00f3v\u00e1hagy\u00e1s\u00e1val t\u00f6lt\u00f6ttek n\u00e9h\u00e1ny \u00e9jszak\u00e1t. Nagysz\u00fcleim h\u00e1za \u00e9ppen e telep k\u00f6zvetlen szomsz\u00e9ds\u00e1g\u00e1ban \u00e1llt \u00e9s magam is a nagysz\u00fcl\u0151i h\u00e1zban &#8211; \u00e9s vele egy\u00fctt a k\u00e9pen l\u00e1that\u00f3 telepen &#8211; cseperedtem 6 \u00e9ves koromig. Miut\u00e1n sz\u00fcleimmel megkaptuk a saj\u00e1t lak\u00e1sunkat a k\u00f6zeli lak\u00f3telepen, azut\u00e1n sem telt nap, hogy itt ne fordultam volna meg.\u00a0 A ny\u00e1ri sz\u00fcnid\u0151 d\u00f6nt\u0151 r\u00e9sz\u00e9t szint\u00e9n itt t\u00f6lt\u00f6ttem.<\/em><\/span><\/p>\n<p style=\"text-align: justify;\">B\u00e1rmerre ment az ember, l\u00e9pten-nyomon fiatalok csoportjaival futott \u00f6ssze az utc\u00e1n, tereken, no \u00e9s a boltokban. Eleinte az egyre n\u00f6vekv\u0151 t\u00f6meg ellen\u00e9re sem volt k\u00fcl\u00f6n\u00f6sebb fennakad\u00e1s, sem konfliktus. A l\u00e1togat\u00f3k z\u00f6me j\u00f3kedv\u0171en \u00e9s bar\u00e1ts\u00e1gosan\u00a0 viseltetett. Szemtan\u00faja voltam, amikor az Otthon t\u00e9ri k\u00f6z\u00e9rtben a p\u00e9nzt\u00e1rak el\u0151tt k\u00edgy\u00f3z\u00f3 sorokat alkot\u00f3 fiatalok nem csak t\u00fcrelmesen kiv\u00e1rt\u00e1k sorukat, de egy id\u0151s n\u00e9nit el\u0151z\u00e9kenyen el\u0151re engedtek. Napk\u00f6zben is folyamatosan lehetett hallani a fiatalok hars\u00e1ny nevetg\u00e9l\u00e9seit, gyakori dalra fakad\u00e1sukat, amely sor\u00e1n a kedvencek dalait k\u00e1nt\u00e1lt\u00e1k. Nyilv\u00e1n a helybeliek k\u00f6z\u00fcl voltak, akik kev\u00e9sb\u00e9 n\u00e9zt\u00e9k j\u00f3 szemmel, vagy egyenesen megbotr\u00e1nkozva szeml\u00e9lt\u00e9k az egyre n\u00f6vekv\u0151 t\u00f6meget, azonban a lakoss\u00e1g d\u00f6nt\u0151 t\u00f6bbs\u00e9ge abszol\u00fat j\u00f3 sz\u00edvvel viszonyult hozz\u00e1juk, vagy legal\u00e1bbis toler\u00e1nsan.<\/p>\n<p><img loading=\"lazy\" decoding=\"async\" class=\"aligncenter wp-image-34170 size-full\" src=\"https:\/\/dorogimedence.hu\/wp-content\/uploads\/2021\/06\/rockfesztival-05-1.jpg\" alt=\"\" width=\"800\" height=\"505\" srcset=\"https:\/\/dorogimedence.hu\/wp-content\/uploads\/2021\/06\/rockfesztival-05-1.jpg 800w, https:\/\/dorogimedence.hu\/wp-content\/uploads\/2021\/06\/rockfesztival-05-1-300x189.jpg 300w, https:\/\/dorogimedence.hu\/wp-content\/uploads\/2021\/06\/rockfesztival-05-1-768x485.jpg 768w, https:\/\/dorogimedence.hu\/wp-content\/uploads\/2021\/06\/rockfesztival-05-1-150x95.jpg 150w, https:\/\/dorogimedence.hu\/wp-content\/uploads\/2021\/06\/rockfesztival-05-1-450x284.jpg 450w\" sizes=\"(max-width: 800px) 100vw, 800px\" \/><\/p>\n<p style=\"text-align: center;\"><span style=\"font-size: 10pt;\"><em>A nevezetes \u00fczlet az Otthon t\u00e9ri park fel\u0151li oldalr\u00f3l<\/em><\/span><\/p>\n<p style=\"text-align: justify;\">Ekkorra \u00e9rt meg anyai nagysz\u00fcleim kertj\u00e9ben a hatalmas szem\u0171, ropog\u00f3s cseresznye. A tereb\u00e9lyes fa a kert h\u00e1ts\u00f3 fel\u00e9ben l\u00e9v\u0151 ker\u00edt\u00e9s mellett \u00e1llt k\u00f6zvetlen\u00fcl. Ott vonult egy kisebb csoport \u00e9s csod\u00e1lt\u00e1k az utca fel\u0151l a sz\u00e9p term\u00e9st. Nagypap\u00e1m kisz\u00f3lt nekik, hogy enn\u00e9nek-e bel\u0151le, majd az igenl\u0151 v\u00e1laszt k\u00f6vet\u0151en a gereblye nyel\u00e9vel elkezte verni az \u00e1gakr\u00f3l a csereszny\u00e9t. A sr\u00e1cok kapdost\u00e1k a lehull\u00f3 szemeket \u00e9s csak \u00fagy nyelt\u00e9k. A papa el\u0151z\u00e9kenyen felaj\u00e1nlotta, hogy aki el\u00e9g \u00fcgyes, az felpattanhat a f\u00e1ra a ker\u00edt\u00e9sr\u0151l. H\u00e1rom-n\u00e9gy ifj\u00fa megis m\u00e1szta gyorsan \u00e9s dob\u00e1lta a t\u00f6bbieknek. P\u00e1r percnyi sz\u00fcret ut\u00e1n lem\u00e1sztak a f\u00e1r\u00f3l. Egy magasra n\u0151tt \u00e9s az \u00f6sszes k\u00f6z\u00f6tt a leghosszabb haj\u00fa fiatalember annyit mondott, hogy &#8222;<em>k\u00f6sz\u00f6nj\u00fck sz\u00e9pen b\u00e1ty\u00e1m, nagyon finom a csereszny\u00e9je!&#8221;<\/em><\/p>\n<p><img loading=\"lazy\" decoding=\"async\" class=\"aligncenter wp-image-34171 size-full\" src=\"https:\/\/dorogimedence.hu\/wp-content\/uploads\/2021\/06\/rockfesztival-06-1.jpg\" alt=\"\" width=\"800\" height=\"558\" srcset=\"https:\/\/dorogimedence.hu\/wp-content\/uploads\/2021\/06\/rockfesztival-06-1.jpg 800w, https:\/\/dorogimedence.hu\/wp-content\/uploads\/2021\/06\/rockfesztival-06-1-300x209.jpg 300w, https:\/\/dorogimedence.hu\/wp-content\/uploads\/2021\/06\/rockfesztival-06-1-768x536.jpg 768w, https:\/\/dorogimedence.hu\/wp-content\/uploads\/2021\/06\/rockfesztival-06-1-150x105.jpg 150w, https:\/\/dorogimedence.hu\/wp-content\/uploads\/2021\/06\/rockfesztival-06-1-450x314.jpg 450w\" sizes=\"(max-width: 800px) 100vw, 800px\" \/><\/p>\n<p style=\"text-align: center;\"><span style=\"font-size: 10pt;\"><em>A fesztiv\u00e1l sor\u00e1n az egyik legl\u00e1togatottabb bolt, az Otthon t\u00e9ri \u00fczlet volt, amely egy\u00e9bk\u00e9nt egyben az orsz\u00e1g legels\u0151 ABC-je is.\u00a0<\/em><\/span><\/p>\n<p style=\"text-align: justify;\"><em>A komolyabb m\u00e9ret\u0171nek sz\u00e1m\u00edt\u00f3 \u00fczlet 1964-ben ny\u00edlt, az itt mell\u00e9kelt felv\u00e9tel pedig a korh\u0171s\u00e9get igyekezve tartani, a nyolcvanas \u00e9vek legelej\u00e9r\u0151l sz\u00e1rmazik. Egyes adatok szerint azonban m\u00e9gsem ez a leges-legels\u0151, hanem a picit m\u00e9g enn\u00e9l is kor\u00e1bban \u00e1tadott, V\u00e1c v\u00e1rosr\u00e9szek\u00e9nt sz\u00e1montarott de\u00e1kv\u00e1ri \u00fczlet bizonyult az abszol\u00fat \u00fatt\u00f6r\u0151nek. Ha \u00edgy is van, ez sem von le sokat a dorogi \u00e9rt\u00e9k\u00e9b\u0151l, hiszen a l\u00e9nyeg, hogy itt val\u00f3ban mindent lehetett kapni \u00e9s a kiszolg\u00e1l\u00f3 elad\u00f3szem\u00e9lyzet hossz\u00fa \u00e9vekig szinte v\u00e1ltozatlan \u00f6sszet\u00e9tel\u0171, egyben nagyon kedves, k\u00f6zvetlen csapat volt. Tekintve, hogy karny\u00fajt\u00e1snyira laktunk innen, term\u00e9szetesen nek\u00fcnk ez volt a f\u0151 bev\u00e1s\u00e1rl\u00f3hely\u00fcnk.<\/em><\/p>\n<p style=\"text-align: justify;\">Igazi ny\u00e1ri meleg volt aznap, ver\u0151f\u00e9nyes naps\u00fct\u00e9s, azonban est\u00e9re hatalmas zivatar \u00e9rkezett. Mennyd\u00f6rg\u00e9s \u00e9s n\u00e9mi vill\u00e1ml\u00e1s \u00e1ltali bevez\u0151 ut\u00e1n iszonyatos z\u00e1por z\u00fadult eg\u00e9sz Dorogra. Sokan a k\u00f6ztereken &#8211; \u00e9l\u00e9n az Otthon t\u00e9ri \u00e9s Jubileum t\u00e9ri parkkal &#8211; k\u00e9pzelt\u00e9k esti sz\u00e1ll\u00e1sukat megejteni a szabad \u00e9g alatt, azonban a jelent\u0151s \u00e9s igen hosszan kitart\u00f3 es\u0151z\u00e9s el\u0151l menek\u00fcl\u0151re fogt\u00e1k. Rengetegen h\u00faz\u00f3dtak a lak\u00f3telepek l\u00e9pcs\u0151h\u00e1zaiba, pinc\u00e9ibe, s t\u00f6megesen t\u00f6lt\u00f6tt\u00e9k meg az alulj\u00e1r\u00f3t is.<\/p>\n<p><img loading=\"lazy\" decoding=\"async\" class=\"aligncenter wp-image-34172 size-full\" src=\"https:\/\/dorogimedence.hu\/wp-content\/uploads\/2021\/06\/rockfesztival-07-1.jpg\" alt=\"\" width=\"800\" height=\"600\" srcset=\"https:\/\/dorogimedence.hu\/wp-content\/uploads\/2021\/06\/rockfesztival-07-1.jpg 800w, https:\/\/dorogimedence.hu\/wp-content\/uploads\/2021\/06\/rockfesztival-07-1-300x225.jpg 300w, https:\/\/dorogimedence.hu\/wp-content\/uploads\/2021\/06\/rockfesztival-07-1-768x576.jpg 768w, https:\/\/dorogimedence.hu\/wp-content\/uploads\/2021\/06\/rockfesztival-07-1-150x113.jpg 150w, https:\/\/dorogimedence.hu\/wp-content\/uploads\/2021\/06\/rockfesztival-07-1-450x338.jpg 450w\" sizes=\"(max-width: 800px) 100vw, 800px\" \/><\/p>\n<p style=\"text-align: center;\"><span style=\"font-size: 10pt;\"><em>A nevezetes alulj\u00e1r\u00f3, amely a telep\u00fcl\u00e9s \u00e9szaki \u00e9s d\u00e9li r\u00e9sze k\u00f6z\u00f6tt teremt k\u00f6zvetlen \u00f6sszek\u00f6ttet\u00e9st. A felv\u00e9tel a d\u00e9li oldal fel\u0151l k\u00e9sz\u00fclt, s a t\u00e1volban az \u00e9szaki oldal kij\u00e1r\u00f3ja l\u00e1tszik.<\/em><\/span><\/p>\n<p style=\"text-align: justify;\">A tekint\u00e9lyes hossz\u00fas\u00e1g\u00fa \u00e9s egy g\u00e9pkocsinak is k\u00e9nyelmesen elegend\u0151 sz\u00e9less\u00e9g\u0171 alulj\u00e1r\u00f3t &#8211; amelyet a helybeliek csak alag\u00fatnak neveznek &#8211; teljesen ellept\u00e9k a fiatalok. Szerencs\u00e9tlens\u00e9g\u00fckre azonban a hihetetlen nagy mennyis\u00e9g\u0171 \u00e9s hirtelen lez\u00fadul\u00f3 es\u0151 id\u0151vel befolyt az alulj\u00e1r\u00f3ba is. Az alkalmi lak\u00f3k hering m\u00f3dj\u00e1ra \u00f6sszezs\u00fafol\u00f3dtak \u00e9s \u00fagy t\u00f6lt\u00f6tt\u00e9k az eg\u00e9sz \u00e9jszak\u00e1t. Szombaton a kora reggeli \u00f3r\u00e1kban a dolgukra indul\u00f3, vagy az \u00e9jszak\u00e1s m\u0171szakb\u00f3l \u00e9rkez\u0151 helyieket j\u00f3kora meglepet\u00e9s fogadta, hiszen szinte lehetetlen volt \u00e1tkelni az alulj\u00e1r\u00f3n a benne l\u00e9v\u0151 t\u00f6megt\u0151l. N\u00e9h\u00e1nyan \u00e1tk\u00fczd\u00f6tt\u00e9k ugyan magukat, de hamar h\u00edre ment Dorog-szerte, hogy ink\u00e1bb mindenki ker\u00fclje el az alagutat \u00e9s a M\u00e1ria utcai \u00e1tkel\u0151t haszn\u00e1lja.<\/p>\n<p><img loading=\"lazy\" decoding=\"async\" class=\"aligncenter wp-image-34173 size-full\" src=\"https:\/\/dorogimedence.hu\/wp-content\/uploads\/2021\/06\/rockfesztival-08-1.jpg\" alt=\"\" width=\"800\" height=\"600\" srcset=\"https:\/\/dorogimedence.hu\/wp-content\/uploads\/2021\/06\/rockfesztival-08-1.jpg 800w, https:\/\/dorogimedence.hu\/wp-content\/uploads\/2021\/06\/rockfesztival-08-1-300x225.jpg 300w, https:\/\/dorogimedence.hu\/wp-content\/uploads\/2021\/06\/rockfesztival-08-1-768x576.jpg 768w, https:\/\/dorogimedence.hu\/wp-content\/uploads\/2021\/06\/rockfesztival-08-1-150x113.jpg 150w, https:\/\/dorogimedence.hu\/wp-content\/uploads\/2021\/06\/rockfesztival-08-1-450x338.jpg 450w\" sizes=\"(max-width: 800px) 100vw, 800px\" \/><\/p>\n<p style=\"text-align: center;\"><span style=\"font-size: 10pt;\"><em>Az 1920-as \u00e9vekben k\u00e9sz\u00fclt alulj\u00e1r\u00f3, avagy alag\u00fat a m\u00e1sik oldalr\u00f3l,\u00a0 a vas\u00fat\u00e1llom\u00e1sra vezet\u0151 felj\u00e1r\u00f3 l\u00e9pcs\u0151zet\u00e9vel<\/em><\/span><\/p>\n<p style=\"text-align: justify;\">Ugyancsak sokan \u00e9jszak\u00e1ztak a Pala partj\u00e1n, ahol s\u00e1trakat vertek a fiatalok, tov\u00e1bb\u00e1 a koncert helysz\u00edn\u00e9n, a Schmidt-villa parkj\u00e1ban is, z\u00f6m\u00e9ben hal\u00f3zs\u00e1kokban. K\u00f6z\u00fcl\u00fck t\u00f6bben is a park keleti hat\u00e1r\u00e1t k\u00e9pz\u0151 \u00f3voda \u00e9p\u00fclet\u00e9nek el\u0151ter\u00e9ben kerestek mened\u00e9ket a nagy zuh\u00e9 el\u0151l. Az \u00f3voda a fesztiv\u00e1l szervez\u0151 egys\u00e9g\u00e9nek, a gy\u00f3gyszergy\u00e1rnak volt az ovija. R\u00e9szben az \u00f3vod\u00e1sok, r\u00e9szben nek\u00fcnk, a Smidibe j\u00e1r\u00f3 als\u00f3sok k\u00f6zleked\u00e9s\u00e9nek k\u00f6nny\u00edt\u00e9s\u00e9re 1976-ban k\u00e9sz\u00edtettek k\u00f6zvetlen \u00e1tj\u00e1r\u00f3t a telep\u00fcl\u00e9s s\u0171r\u0171n lakott r\u00e9szei \u00e9s a villapark k\u00f6z\u00f6tt. A villa d\u00e9li hossz\u00e1n fut\u00f3 patak, valamint a patakon t\u00fali, p\u00e1rhuzamosan fut\u00f3 Di\u00f3fa utc\u00e1b\u00f3l lehetett a villa ter\u00fclet\u00e9re bejutni, \u00edgy j\u00f3kora ker\u00fcl\u0151t\u0151l lettek mentes\u00edtve az \u00e9rintettek, nem besz\u00e9lve arr\u00f3l, hogy ez\u00e1ltal j\u00f3val biztons\u00e1gosabb volt a k\u00f6zleked\u00e9s, mintsem az Esztergomi \u00faton, a k\u00f6z\u00fati h\u00eddon val\u00f3 \u00e1tkel\u00e9ssel.<\/p>\n<p><img loading=\"lazy\" decoding=\"async\" class=\"aligncenter wp-image-34174 size-full\" src=\"https:\/\/dorogimedence.hu\/wp-content\/uploads\/2021\/06\/rockfesztival-09-1.jpg\" alt=\"\" width=\"800\" height=\"452\" srcset=\"https:\/\/dorogimedence.hu\/wp-content\/uploads\/2021\/06\/rockfesztival-09-1.jpg 800w, https:\/\/dorogimedence.hu\/wp-content\/uploads\/2021\/06\/rockfesztival-09-1-300x170.jpg 300w, https:\/\/dorogimedence.hu\/wp-content\/uploads\/2021\/06\/rockfesztival-09-1-768x434.jpg 768w, https:\/\/dorogimedence.hu\/wp-content\/uploads\/2021\/06\/rockfesztival-09-1-150x85.jpg 150w, https:\/\/dorogimedence.hu\/wp-content\/uploads\/2021\/06\/rockfesztival-09-1-450x254.jpg 450w\" sizes=\"(max-width: 800px) 100vw, 800px\" \/><\/p>\n<p style=\"text-align: center;\"><span style=\"font-size: 10pt;\"><em>A Schmidt-vill\u00e1ba \u00e9s az \u00f3vod\u00e1hoz vezet\u0151 gyalogos \u00e1tj\u00e1r\u00f3 a patakot \u00e1tszel\u0151 h\u00eddr\u00f3l napjainkban. A teniszp\u00e1ly\u00e1k ker\u00edt\u00e9s\u00e9n t\u00fal a koncert k\u00f6zvetlen helysz\u00edne ter\u00fcl el<\/em><\/span><\/p>\n<p style=\"text-align: justify;\">A fesztiv\u00e1l m\u00e1r reggel 9-kor kezdet\u00e9t vette, \u00edgy a telep\u00fcl\u00e9s belter\u00fclete 8 \u00f3ra k\u00f6r\u00fcl egyre kezdett \u00fcr\u00fclni, hiszen mindenki igyekezett k\u00e9sz\u00fclni a produkci\u00f3kra. A t\u00f6meg egy r\u00e9sze a Schmidt-villa fel\u00e9 vette az ir\u00e1nyt. Igaz, a d\u00e9lel\u0151tt folyam\u00e1n a felt\u00f6rekv\u0151 zenekarok l\u00e9ptek sz\u00ednpadra, azonban sokan szerett\u00e9k volna ezeket a csapatokat is meghallgatni. Sokan pedig az el\u0151z\u0151 nap megpr\u00f3b\u00e1ltat\u00e1sait k\u00f6vet\u0151en igyekeztek magukat \u00fagy-ahogy rendbehozni, egy\u00e9b sz\u00fcks\u00e9gleteiket elv\u00e9gezni. A telep\u00fcl\u00e9s \u00e9lelmiszer ell\u00e1t\u00e1s\u00e1ban nem kis fesz\u00fclts\u00e9get okozott, hogy a hajnali \u00f3r\u00e1kban a boltok el\u00e9 l\u00e1dasz\u00e1mra lepakolt friss tejterm\u00e9kek \u00e9s p\u00e9k\u00e1ruk a fesztiv\u00e1loz\u00f3k k\u00f6nny\u0171 zs\u00e1km\u00e1nya lett. A sz\u00e1ll\u00edt\u00f3k minden nap hajnalban t\u00f6lt\u00f6tt\u00e9k fel az \u00fczletek k\u00e9szlet\u00e9t, hogy a kora reggeli nyit\u00e1sra a friss alapvet\u0151 \u00e9lelmiszeripari term\u00e9kek v\u00e1rj\u00e1k a lakoss\u00e1got. A lepakolt \u00e1ru nagy halmaza a bolt el\u0151tt \u0151rizetlen\u00fcl sorakozott, amelyet a nyit\u00e1s el\u0151tt \u00e9rkez\u0151 bolti alkalmazottak hordtak be az \u00fczletbe. Azon a szombat reggel nem sok mindent kellett becipelni\u00fck, mert j\u00f3szer\u00e9vel az \u00f6sszes \u00fczlet el\u0151l elt\u0171ntek a port\u00e9k\u00e1k, amelyet a ki\u00e9hezett fesztiv\u00e1loz\u00f3k maguk\u00e9v\u00e1 tettek. Mondjuk a kereskedelemben \u00e9rintettek \u00e9s a f\u0151 illet\u00e9kesek az\u00e9rt lehettek volna el\u0151rel\u00e1t\u00f3bbak \u00e9s egy kis rugalmass\u00e1ggal elej\u00e9t vehett\u00e9k volna mindennek.<\/p>\n<p><img loading=\"lazy\" decoding=\"async\" class=\"aligncenter wp-image-34175 size-full\" src=\"https:\/\/dorogimedence.hu\/wp-content\/uploads\/2021\/06\/rockfesztival-10-1.jpg\" alt=\"\" width=\"800\" height=\"436\" srcset=\"https:\/\/dorogimedence.hu\/wp-content\/uploads\/2021\/06\/rockfesztival-10-1.jpg 800w, https:\/\/dorogimedence.hu\/wp-content\/uploads\/2021\/06\/rockfesztival-10-1-300x164.jpg 300w, https:\/\/dorogimedence.hu\/wp-content\/uploads\/2021\/06\/rockfesztival-10-1-768x419.jpg 768w, https:\/\/dorogimedence.hu\/wp-content\/uploads\/2021\/06\/rockfesztival-10-1-150x82.jpg 150w, https:\/\/dorogimedence.hu\/wp-content\/uploads\/2021\/06\/rockfesztival-10-1-450x245.jpg 450w\" sizes=\"(max-width: 800px) 100vw, 800px\" \/><\/p>\n<p style=\"text-align: center;\"><span style=\"font-size: 10pt;\"><em>A villa \u00e9p\u00fclete mad\u00e1rt\u00e1vlatb\u00f3l<\/em><\/span><\/p>\n<p style=\"text-align: justify;\">Reggel viszont j\u00f6tt az ut\u00e1np\u00f3tl\u00e1s, hiszen az igazi nagy t\u00f6meg ekkor \u00e9rkezett meg Dorogra. A f\u0151v\u00e1rosb\u00f3l f\u00e9l \u00f3r\u00e1nk\u00e9nt indultak buszok Dorogra, a vonatok kicsit ritk\u00e1bban, de minden j\u00e1rat dugig volt. A k\u00f6zleked\u00e9si v\u00e1llalatot szinte megoldhatatlan feladat el\u00e9 \u00e1ll\u00edtotta a fesztiv\u00e1lra val\u00f3 utaztat\u00e1s. Ugyan rengeteg p\u00f3tj\u00e1ratot iktattak be \u00e9s csak a szombati nap folyam\u00e1n t\u00f6bb, mint 700 j\u00e1rat v\u00e9gezte a fuvaroz\u00e1st, de ez is csak enyh\u00edteni tudta a tumultust.<\/p>\n<p><img loading=\"lazy\" decoding=\"async\" class=\"aligncenter wp-image-34176 size-full\" src=\"https:\/\/dorogimedence.hu\/wp-content\/uploads\/2021\/06\/rockfesztival-11.jpg\" alt=\"\" width=\"800\" height=\"441\" srcset=\"https:\/\/dorogimedence.hu\/wp-content\/uploads\/2021\/06\/rockfesztival-11.jpg 800w, https:\/\/dorogimedence.hu\/wp-content\/uploads\/2021\/06\/rockfesztival-11-300x165.jpg 300w, https:\/\/dorogimedence.hu\/wp-content\/uploads\/2021\/06\/rockfesztival-11-768x423.jpg 768w, https:\/\/dorogimedence.hu\/wp-content\/uploads\/2021\/06\/rockfesztival-11-150x83.jpg 150w, https:\/\/dorogimedence.hu\/wp-content\/uploads\/2021\/06\/rockfesztival-11-450x248.jpg 450w\" sizes=\"(max-width: 800px) 100vw, 800px\" \/><\/p>\n<p style=\"text-align: center;\"><span style=\"font-size: 10pt;\"><em>A fesztiv\u00e1l egyik beharangoz\u00f3ja &#8211; Kom\u00e1rom megyei lap, 1981. j\u00fanius 25. sz\u00e1m<\/em><\/span><\/p>\n<p style=\"text-align: justify;\">A buszon \u00e9rkez\u0151k elker\u00fclt\u00e9k a Dorog ter\u00fclet\u00e9n val\u00f3 \u00e1tbarangol\u00e1st, ugyanis a Vol\u00e1n-j\u00e1ratoknak eredetileg is hivatalos meg\u00e1ll\u00f3ja volt \u00e9ppen a Schmidt-vill\u00e1n\u00e1l, m\u00e9gpedig az Esztergomi \u00faton, a villa parkj\u00e1nak \u00e9szaknyugati sark\u00e1n\u00e1l. \u00cdgy szinte k\u00f6zvetlen\u00fcl a fesztiv\u00e1l bel\u00e9ptet\u0151 pontj\u00e1n\u00e1l \u00e9rt\u00e9k el a helysz\u00ednt. A vonattal \u00e9rkez\u0151k is elker\u00fclhett\u00e9k a telep\u00fcl\u00e9s \u00e1tgyalogl\u00e1s\u00e1t, amennyiben nem a dorogi \u00e1llom\u00e1son, hanem a k\u00f6zvetlen\u00fcl azt k\u00f6vet\u0151 Keny\u00e9rmez\u0151 (Esztergom-kertv\u00e1ros) meg\u00e1ll\u00f3helyen sz\u00e1lltak le. Innen ny\u00edlegyenesen a Wessel\u00e9nyi Mikl\u00f3s \u00fat pontosan a Schmidt-vill\u00e1hoz vezet. A mintegy 800 m\u00e9ternyi gyalogl\u00e1ssal \u00e9ppen az im\u00e9nt eml\u00edtett buszmeg\u00e1ll\u00f3n\u00e1l lyukadtak ki az emberek.<\/p>\n<p><img loading=\"lazy\" decoding=\"async\" class=\"aligncenter wp-image-34177 size-full\" src=\"https:\/\/dorogimedence.hu\/wp-content\/uploads\/2021\/06\/rockfesztival-12.jpg\" alt=\"\" width=\"923\" height=\"664\" srcset=\"https:\/\/dorogimedence.hu\/wp-content\/uploads\/2021\/06\/rockfesztival-12.jpg 923w, https:\/\/dorogimedence.hu\/wp-content\/uploads\/2021\/06\/rockfesztival-12-300x216.jpg 300w, https:\/\/dorogimedence.hu\/wp-content\/uploads\/2021\/06\/rockfesztival-12-768x552.jpg 768w, https:\/\/dorogimedence.hu\/wp-content\/uploads\/2021\/06\/rockfesztival-12-150x108.jpg 150w, https:\/\/dorogimedence.hu\/wp-content\/uploads\/2021\/06\/rockfesztival-12-450x324.jpg 450w\" sizes=\"(max-width: 923px) 100vw, 923px\" \/><\/p>\n<p style=\"text-align: center;\"><span style=\"font-size: 10pt;\"><em>A Dorog \u00e9szaki telep\u00fcl\u00e9sr\u00e9sz\u00e9n l\u00e9v\u0151 fesztiv\u00e1l pontos helysz\u00edne (keretezve j\u00f6lve) j\u00f3l l\u00e1that\u00f3 az egykori l\u00e9gifelv\u00e9tel alapj\u00e1n\u00a0<\/em><\/span><\/p>\n<p style=\"text-align: justify;\">A bel\u00e9p\u0151jegy 80 forintot k\u00f3st\u00e1lt, ami alapj\u00e1ban v\u00e9ve, s f\u0151leg a fell\u00e9p\u0151k felhozatal\u00e1t tekintve nem nevezhet\u0151 elrugaszkodott \u00e1rnak. Ann\u00e1l ink\u00e1bb sem, mert akkoriban egy \u00e1tlag koncert (f\u0151banda plusz egy vend\u00e9g-, illetve el\u0151zenekar) 30-40 forintba ker\u00fclt. Persze egy ifj\u00fanak akkoriban 80 forint kor\u00e1ntsem holmi apr\u00f3p\u00e9nznek sz\u00e1m\u00edtott. Egy adag fagyit 1 forint\u00e9rt m\u00e9rtek, egy kil\u00f3 keny\u00e9r 3.60 volt, a mozijegy 2-10 forint k\u00f6z\u00f6tt v\u00e1ltakozott \u00e9s f\u00e9l\u00e1r\u00fa jeggyel 28 forint\u00e9rt utazhattunk Pestre vonattal. A magyar el\u0151ad\u00f3k nagylemezei 90 forintba, m\u0171soros magn\u00f3kazett\u00e1i pedig 150 forintba ker\u00fclt. A hanghordoz\u00f3kn\u00e1l tartva eml\u00edtem meg azt a sz\u00e1munkra b\u00fcszke t\u00e9nyt, hogy az orsz\u00e1g egyetlen hanglemezgy\u00e1ra, a Hungaroton Dorogon m\u0171k\u00f6d\u00f6tt, r\u00e1ad\u00e1sul a Schmidt-vill\u00e1hoz k\u00f6zel, alig 10 percnyi k\u00e9nyelmes s\u00e9t\u00e1l\u00e1snyira. Egy \u00e9vvel kor\u00e1bban t\u00f6bb helysz\u00ednen l\u00e9pett fel egy\u00fctt az Omega-LGT-Beatrice \u00f6sszet\u00e9tel\u0171 produkci\u00f3, amelyre ugyancsak 80 forint volt a beugr\u00f3. A korabeli sajt\u00f3 nehezm\u00e9nyezte is az \u00e1rat, mondv\u00e1n, a fiatalok sz\u00e1m\u00e1ra ez komoly \u00f6sszeg. Ennek t\u00fckr\u00e9ben \u00f6sszem\u00e9rhet\u0151, hogy a &#8217;81-es dorogi buli bel\u00e9p\u0151je val\u00f3ban nem volt t\u00falsz\u00e1ml\u00e1zva.<\/p>\n<p><img loading=\"lazy\" decoding=\"async\" class=\"aligncenter wp-image-34178 size-full\" src=\"https:\/\/dorogimedence.hu\/wp-content\/uploads\/2021\/06\/rockfesztival-13.jpg\" alt=\"\" width=\"800\" height=\"600\" srcset=\"https:\/\/dorogimedence.hu\/wp-content\/uploads\/2021\/06\/rockfesztival-13.jpg 800w, https:\/\/dorogimedence.hu\/wp-content\/uploads\/2021\/06\/rockfesztival-13-300x225.jpg 300w, https:\/\/dorogimedence.hu\/wp-content\/uploads\/2021\/06\/rockfesztival-13-768x576.jpg 768w, https:\/\/dorogimedence.hu\/wp-content\/uploads\/2021\/06\/rockfesztival-13-150x113.jpg 150w, https:\/\/dorogimedence.hu\/wp-content\/uploads\/2021\/06\/rockfesztival-13-450x338.jpg 450w\" sizes=\"(max-width: 800px) 100vw, 800px\" \/><\/p>\n<p><span style=\"font-size: 10pt;\"><em>A villapark az egykori sz\u00ednpad fel\u0151l fot\u00f3zva, a k\u00fczd\u0151t\u00e9r egy r\u00e9szlet\u00e9t \u00f6r\u00f6k\u00edti meg, a t\u00e1volban az Esztergomi \u00fat h\u00e1zaival<\/em><\/span><\/p>\n<p style=\"text-align: justify;\">A fesztiv\u00e1lon r\u00e9szt vett t\u00f6meg pontos sz\u00e1m\u00e1t lehetetlen megadni, azonban t\u00e9ny, hogy az eladott bel\u00e9p\u0151k meghaladt\u00e1k a 30 ezret. Az is igaz, hogy ezen fel\u00fcl pedig igen sokan l\u00f3gtak be, amely nem volt t\u00fal neh\u00e9z. A bel\u00e9ptet\u00e9skor ugyanis egy 0-jelet nyomtak az emberek k\u00e9zfej\u00e9re, amelyet t\u00f6bben is k\u00f6nnyed\u00e9n \u00e1tadt\u00e1k t\u00e1rsaiknak, am\u00edg meg nem sz\u00e1radt az eredeti lenyomat. Mondjuk amennyiben egy R, vagy P-bet\u0171t nyomtak volna, hamar kider\u00fclt volna, hogy mely az igazi b\u00e9lyegz\u0151t\u0151l sz\u00e1rmaz\u00f3 jelz\u00e9s. Egyes helyeken 50 ezer f\u0151t is emlegettek, de \u00fagy gondolom a realit\u00e1s valahol 35-40 ezer f\u0151 k\u00f6z\u00f6ttire tehet\u0151. Dorog akkori 12 ezres l\u00e9leksz\u00e1m\u00e1hoz m\u00e9rten elk\u00e9peszt\u0151 sz\u00e1m ez.<\/p>\n<p><img loading=\"lazy\" decoding=\"async\" class=\"aligncenter wp-image-34179 size-full\" src=\"https:\/\/dorogimedence.hu\/wp-content\/uploads\/2021\/06\/rockfesztival-14.jpg\" alt=\"\" width=\"800\" height=\"486\" srcset=\"https:\/\/dorogimedence.hu\/wp-content\/uploads\/2021\/06\/rockfesztival-14.jpg 800w, https:\/\/dorogimedence.hu\/wp-content\/uploads\/2021\/06\/rockfesztival-14-300x182.jpg 300w, https:\/\/dorogimedence.hu\/wp-content\/uploads\/2021\/06\/rockfesztival-14-768x467.jpg 768w, https:\/\/dorogimedence.hu\/wp-content\/uploads\/2021\/06\/rockfesztival-14-150x91.jpg 150w, https:\/\/dorogimedence.hu\/wp-content\/uploads\/2021\/06\/rockfesztival-14-450x273.jpg 450w\" sizes=\"(max-width: 800px) 100vw, 800px\" \/><\/p>\n<p style=\"text-align: center;\"><span style=\"font-size: 10pt;\"><em>Cikkr\u00e9szlet &#8211; Kom\u00e1rom megyei Dolgoz\u00f3k Lapa, 1981. j\u00fanius 25. sz\u00e1m<\/em><\/span><\/p>\n<p style=\"text-align: justify;\">Ekkora t\u00f6megdemonstr\u00e1ci\u00f3ra nem volt p\u00e9lda Dorog t\u00f6rt\u00e9net\u00e9ben, b\u00e1r hasonl\u00f3an hatalmas forgatag m\u00e1r az\u00e9rt el\u0151fordult egy \u00edzben kor\u00e1bban is. Igaz, jelleg\u00e9t tekintve teljesen m\u00e1s t\u00f6ltet\u0171 esem\u00e9nyre gy\u0171ltek \u00f6ssze akkor a telep\u00fcl\u00e9s\u00fcnk\u00f6n. 1938-ban Magyarorsz\u00e1g lehetett a h\u00e1zigazd\u00e1ja a 34. Eucharisztikus vil\u00e1gkongresszusnak. Noha a k\u00f6zponti \u00fcnnepi esem\u00e9nyek a f\u0151v\u00e1rosban zajlottak, azonban volt vid\u00e9ki programja is. K\u00f6zt\u00fck az egyik kiemelked\u0151 rendezv\u00e9ny \u00e9ppen Dorogon t\u00f6rt\u00e9nt 1938. m\u00e1jus 30-\u00e1n, melynek keret\u00e9ben t\u00f6bbek k\u00f6z\u00f6tt egy szabadt\u00e9ri mis\u00e9re ker\u00fclt sor a Sz\u00e9nolt\u00e1r t\u00e9ren (\u00e9ppen 1981-ben kapta az \u00faj\u00a0 nev\u00e9t, mint Jubileum t\u00e9r), ahol 30 ezres t\u00f6meg gy\u0171lt \u00f6ssze.<\/p>\n<p>Folytat\u00e1s k\u00f6vetkezik&#8230;..<\/p>\n<p><em>Bor\u00edt\u00f3k\u00e9p: A rajong\u00f3k t\u00f6mege a Schmidt-vill\u00e1ban a sz\u00ednpad fel\u0151l fot\u00f3zva &#8211; MTVA Arch\u00edvum<\/em><\/p>\n<p><em>K\u00fcl\u00f6n k\u00f6sz\u00f6net: H\u00e9dai Ferenc (Bubu) r\u00e9sz\u00e9re, a cikkben szerepl\u0151 fot\u00f3\u00e9rt<\/em><\/p>\n<p><strong><em>Szab\u00f3 Gyula<\/em><\/strong><\/p>\n","protected":false},"excerpt":{"rendered":"<p>Kereken n\u00e9gy \u00e9vtizeddel ezel\u0151tt, 1981. j\u00fanius 27-\u00e9n ker\u00fclt megrendez\u00e9sre, a maga nem\u00e9ben az\u00f3ta is kuri\u00f3zumnak sz\u00e1m\u00edt\u00f3 esem\u00e9ny, ahol n\u00e9h\u00e1ny k\u00fclf\u00f6ldi fell\u00e9p\u0151 mellett a hazai rockzene akkori k\u00e9pvisel\u0151inek sz\u00edne-java sz\u00ednpadra l\u00e9pett a t\u00f6bb t\u00edzezernyi rajong\u00f3 el\u0151tt. Azon a bizonyos j\u00faniusi h\u00e9tv\u00e9g\u00e9n a telep\u00fcl\u00e9s lakoss\u00e1g\u00e1nak t\u00f6bbsz\u00f6r\u00f6se gy\u0171lt \u00f6ssze Dorogon. Az \u00e9vfordul\u00f3ra k\u00e9sz\u00fclt megeml\u00e9kez\u00e9sre sz\u00e1nt eml\u00e9kcikk folytat\u00f3dik a<\/p>\n","protected":false},"author":1,"featured_media":34096,"comment_status":"closed","ping_status":"closed","sticky":false,"template":"","format":"standard","meta":{"ngg_post_thumbnail":0,"footnotes":""},"categories":[2,5769,3,6031],"tags":[15,5780,5624,660,3969,266],"class_list":{"0":"post-34164","1":"post","2":"type-post","3":"status-publish","4":"format-standard","5":"has-post-thumbnail","7":"category-dorog","8":"category-dorogi-rockfesztival","9":"category-hirek","10":"category-kerek-evfordulok","11":"tag-dorog","12":"tag-dorogi-rockfesztival","13":"tag-featured","14":"tag-fesztival","15":"tag-szabo-gyula","16":"tag-tortenelem"},"yoast_head":"<!-- This site is optimized with the Yoast SEO plugin v27.5 - https:\/\/yoast.com\/product\/yoast-seo-wordpress\/ -->\n<title>40 \u00e9ve t\u00f6rt\u00e9nt: A Dorogi Rockfesztiv\u00e1l (2. r\u00e9sz)<\/title>\n<meta name=\"robots\" content=\"index, follow, max-snippet:-1, max-image-preview:large, max-video-preview:-1\" \/>\n<link rel=\"canonical\" href=\"https:\/\/dorogimedence.hu\/index.php\/2021\/06\/22\/40-eve-tortent-a-dorogi-rockfesztival-2-resz\/\" class=\"yoast-seo-meta-tag\" \/>\n<meta property=\"og:locale\" content=\"hu_HU\" class=\"yoast-seo-meta-tag\" \/>\n<meta property=\"og:type\" content=\"article\" class=\"yoast-seo-meta-tag\" \/>\n<meta property=\"og:title\" content=\"40 \u00e9ve t\u00f6rt\u00e9nt: A Dorogi Rockfesztiv\u00e1l (2. r\u00e9sz)\" class=\"yoast-seo-meta-tag\" \/>\n<meta property=\"og:description\" content=\"Kereken n\u00e9gy \u00e9vtizeddel ezel\u0151tt, 1981. j\u00fanius 27-\u00e9n ker\u00fclt megrendez\u00e9sre, a maga nem\u00e9ben az\u00f3ta is kuri\u00f3zumnak sz\u00e1m\u00edt\u00f3 esem\u00e9ny, ahol n\u00e9h\u00e1ny k\u00fclf\u00f6ldi fell\u00e9p\u0151 mellett a hazai rockzene akkori k\u00e9pvisel\u0151inek sz\u00edne-java sz\u00ednpadra l\u00e9pett a t\u00f6bb t\u00edzezernyi rajong\u00f3 el\u0151tt. Azon a bizonyos j\u00faniusi h\u00e9tv\u00e9g\u00e9n a telep\u00fcl\u00e9s lakoss\u00e1g\u00e1nak t\u00f6bbsz\u00f6r\u00f6se gy\u0171lt \u00f6ssze Dorogon. Az \u00e9vfordul\u00f3ra k\u00e9sz\u00fclt megeml\u00e9kez\u00e9sre sz\u00e1nt eml\u00e9kcikk folytat\u00f3dik a\" class=\"yoast-seo-meta-tag\" \/>\n<meta property=\"og:url\" content=\"https:\/\/dorogimedence.hu\/index.php\/2021\/06\/22\/40-eve-tortent-a-dorogi-rockfesztival-2-resz\/\" class=\"yoast-seo-meta-tag\" \/>\n<meta property=\"og:site_name\" content=\"Dorogi-medence Region\u00e1lis H\u00edrport\u00e1l\" class=\"yoast-seo-meta-tag\" \/>\n<meta property=\"article:publisher\" content=\"https:\/\/www.facebook.com\/dorogimedence\/\" class=\"yoast-seo-meta-tag\" \/>\n<meta property=\"article:published_time\" content=\"2021-06-22T11:26:04+00:00\" class=\"yoast-seo-meta-tag\" \/>\n<meta property=\"article:modified_time\" content=\"2021-10-18T03:26:55+00:00\" class=\"yoast-seo-meta-tag\" \/>\n<meta property=\"og:image\" content=\"https:\/\/i0.wp.com\/dorogimedence.hu\/wp-content\/uploads\/2021\/06\/rockfesztival-01.jpg?fit=1000%2C663&ssl=1\" class=\"yoast-seo-meta-tag\" \/>\n\t<meta property=\"og:image:width\" content=\"1000\" class=\"yoast-seo-meta-tag\" \/>\n\t<meta property=\"og:image:height\" content=\"663\" class=\"yoast-seo-meta-tag\" \/>\n\t<meta property=\"og:image:type\" content=\"image\/jpeg\" class=\"yoast-seo-meta-tag\" \/>\n<meta name=\"author\" content=\"dorogimedence.hu\" class=\"yoast-seo-meta-tag\" \/>\n<meta name=\"twitter:card\" content=\"summary_large_image\" class=\"yoast-seo-meta-tag\" \/>\n<meta name=\"twitter:label1\" content=\"Szerz\u0151:\" class=\"yoast-seo-meta-tag\" \/>\n\t<meta name=\"twitter:data1\" content=\"dorogimedence.hu\" class=\"yoast-seo-meta-tag\" \/>\n\t<meta name=\"twitter:label2\" content=\"Becs\u00fclt olvas\u00e1si id\u0151\" class=\"yoast-seo-meta-tag\" \/>\n\t<meta name=\"twitter:data2\" content=\"16 perc\" class=\"yoast-seo-meta-tag\" \/>\n<script type=\"application\/ld+json\" class=\"yoast-schema-graph\">{\"@context\":\"https:\\\/\\\/schema.org\",\"@graph\":[{\"@type\":\"Article\",\"@id\":\"https:\\\/\\\/dorogimedence.hu\\\/index.php\\\/2021\\\/06\\\/22\\\/40-eve-tortent-a-dorogi-rockfesztival-2-resz\\\/#article\",\"isPartOf\":{\"@id\":\"https:\\\/\\\/dorogimedence.hu\\\/index.php\\\/2021\\\/06\\\/22\\\/40-eve-tortent-a-dorogi-rockfesztival-2-resz\\\/\"},\"author\":{\"name\":\"dorogimedence.hu\",\"@id\":\"https:\\\/\\\/dorogimedence.hu\\\/#\\\/schema\\\/person\\\/ce6091eeb7e95ecdc87890d6aa8e0fd4\"},\"headline\":\"40 \u00e9ve t\u00f6rt\u00e9nt: A Dorogi Rockfesztiv\u00e1l (2. r\u00e9sz)\",\"datePublished\":\"2021-06-22T11:26:04+00:00\",\"dateModified\":\"2021-10-18T03:26:55+00:00\",\"mainEntityOfPage\":{\"@id\":\"https:\\\/\\\/dorogimedence.hu\\\/index.php\\\/2021\\\/06\\\/22\\\/40-eve-tortent-a-dorogi-rockfesztival-2-resz\\\/\"},\"wordCount\":3162,\"publisher\":{\"@id\":\"https:\\\/\\\/dorogimedence.hu\\\/#organization\"},\"image\":{\"@id\":\"https:\\\/\\\/dorogimedence.hu\\\/index.php\\\/2021\\\/06\\\/22\\\/40-eve-tortent-a-dorogi-rockfesztival-2-resz\\\/#primaryimage\"},\"thumbnailUrl\":\"https:\\\/\\\/dorogimedence.hu\\\/wp-content\\\/uploads\\\/2021\\\/06\\\/rockfesztival-01.jpg\",\"keywords\":[\"Dorog\",\"Dorogi Rockfesztiv\u00e1l\",\"featured\",\"fesztiv\u00e1l\",\"Szab\u00f3 Gyula\",\"t\u00f6rt\u00e9nelem\"],\"articleSection\":[\"Dorog\",\"Dorogi Rockfesztiv\u00e1l\",\"H\u00edrek\",\"Kerek \u00e9vfordul\u00f3k\"],\"inLanguage\":\"hu\"},{\"@type\":\"WebPage\",\"@id\":\"https:\\\/\\\/dorogimedence.hu\\\/index.php\\\/2021\\\/06\\\/22\\\/40-eve-tortent-a-dorogi-rockfesztival-2-resz\\\/\",\"url\":\"https:\\\/\\\/dorogimedence.hu\\\/index.php\\\/2021\\\/06\\\/22\\\/40-eve-tortent-a-dorogi-rockfesztival-2-resz\\\/\",\"name\":\"40 \u00e9ve t\u00f6rt\u00e9nt: A Dorogi Rockfesztiv\u00e1l (2. r\u00e9sz)\",\"isPartOf\":{\"@id\":\"https:\\\/\\\/dorogimedence.hu\\\/#website\"},\"primaryImageOfPage\":{\"@id\":\"https:\\\/\\\/dorogimedence.hu\\\/index.php\\\/2021\\\/06\\\/22\\\/40-eve-tortent-a-dorogi-rockfesztival-2-resz\\\/#primaryimage\"},\"image\":{\"@id\":\"https:\\\/\\\/dorogimedence.hu\\\/index.php\\\/2021\\\/06\\\/22\\\/40-eve-tortent-a-dorogi-rockfesztival-2-resz\\\/#primaryimage\"},\"thumbnailUrl\":\"https:\\\/\\\/dorogimedence.hu\\\/wp-content\\\/uploads\\\/2021\\\/06\\\/rockfesztival-01.jpg\",\"datePublished\":\"2021-06-22T11:26:04+00:00\",\"dateModified\":\"2021-10-18T03:26:55+00:00\",\"breadcrumb\":{\"@id\":\"https:\\\/\\\/dorogimedence.hu\\\/index.php\\\/2021\\\/06\\\/22\\\/40-eve-tortent-a-dorogi-rockfesztival-2-resz\\\/#breadcrumb\"},\"inLanguage\":\"hu\",\"potentialAction\":[{\"@type\":\"ReadAction\",\"target\":[\"https:\\\/\\\/dorogimedence.hu\\\/index.php\\\/2021\\\/06\\\/22\\\/40-eve-tortent-a-dorogi-rockfesztival-2-resz\\\/\"]}]},{\"@type\":\"ImageObject\",\"inLanguage\":\"hu\",\"@id\":\"https:\\\/\\\/dorogimedence.hu\\\/index.php\\\/2021\\\/06\\\/22\\\/40-eve-tortent-a-dorogi-rockfesztival-2-resz\\\/#primaryimage\",\"url\":\"https:\\\/\\\/dorogimedence.hu\\\/wp-content\\\/uploads\\\/2021\\\/06\\\/rockfesztival-01.jpg\",\"contentUrl\":\"https:\\\/\\\/dorogimedence.hu\\\/wp-content\\\/uploads\\\/2021\\\/06\\\/rockfesztival-01.jpg\",\"width\":1000,\"height\":663},{\"@type\":\"BreadcrumbList\",\"@id\":\"https:\\\/\\\/dorogimedence.hu\\\/index.php\\\/2021\\\/06\\\/22\\\/40-eve-tortent-a-dorogi-rockfesztival-2-resz\\\/#breadcrumb\",\"itemListElement\":[{\"@type\":\"ListItem\",\"position\":1,\"name\":\"Kezd\u0151lap\",\"item\":\"https:\\\/\\\/dorogimedence.hu\\\/\"},{\"@type\":\"ListItem\",\"position\":2,\"name\":\"40 \u00e9ve t\u00f6rt\u00e9nt: A Dorogi Rockfesztiv\u00e1l (2. r\u00e9sz)\"}]},{\"@type\":\"WebSite\",\"@id\":\"https:\\\/\\\/dorogimedence.hu\\\/#website\",\"url\":\"https:\\\/\\\/dorogimedence.hu\\\/\",\"name\":\"Dorogi-medence Region\u00e1lis H\u00edrport\u00e1l\",\"description\":\"Dorog, Keszt\u00f6lc, Le\u00e1nyv\u00e1r, Piliscs\u00e9v, Tokod, Tokodalt\u00e1r\u00f3, Csolnok, Esztergom-kertv\u00e1ros: h\u00edrek, programok\",\"publisher\":{\"@id\":\"https:\\\/\\\/dorogimedence.hu\\\/#organization\"},\"potentialAction\":[{\"@type\":\"SearchAction\",\"target\":{\"@type\":\"EntryPoint\",\"urlTemplate\":\"https:\\\/\\\/dorogimedence.hu\\\/?s={search_term_string}\"},\"query-input\":{\"@type\":\"PropertyValueSpecification\",\"valueRequired\":true,\"valueName\":\"search_term_string\"}}],\"inLanguage\":\"hu\"},{\"@type\":\"Organization\",\"@id\":\"https:\\\/\\\/dorogimedence.hu\\\/#organization\",\"name\":\"Dorogi-medence Region\u00e1lis H\u00edrport\u00e1l\",\"url\":\"https:\\\/\\\/dorogimedence.hu\\\/\",\"logo\":{\"@type\":\"ImageObject\",\"inLanguage\":\"hu\",\"@id\":\"https:\\\/\\\/dorogimedence.hu\\\/#\\\/schema\\\/logo\\\/image\\\/\",\"url\":\"https:\\\/\\\/dorogimedence.hu\\\/wp-content\\\/uploads\\\/2021\\\/04\\\/logo-feher-600.png\",\"contentUrl\":\"https:\\\/\\\/dorogimedence.hu\\\/wp-content\\\/uploads\\\/2021\\\/04\\\/logo-feher-600.png\",\"width\":600,\"height\":100,\"caption\":\"Dorogi-medence Region\u00e1lis H\u00edrport\u00e1l\"},\"image\":{\"@id\":\"https:\\\/\\\/dorogimedence.hu\\\/#\\\/schema\\\/logo\\\/image\\\/\"},\"sameAs\":[\"https:\\\/\\\/www.facebook.com\\\/dorogimedence\\\/\"]},{\"@type\":\"Person\",\"@id\":\"https:\\\/\\\/dorogimedence.hu\\\/#\\\/schema\\\/person\\\/ce6091eeb7e95ecdc87890d6aa8e0fd4\",\"name\":\"dorogimedence.hu\",\"image\":{\"@type\":\"ImageObject\",\"inLanguage\":\"hu\",\"@id\":\"\\\/\\\/www.gravatar.com\\\/avatar\\\/d8d45f8901aadff40a4af72c0b826f1d?s=96&#038;r=g&#038;d=mm\",\"url\":\"\\\/\\\/www.gravatar.com\\\/avatar\\\/d8d45f8901aadff40a4af72c0b826f1d?s=96&#038;r=g&#038;d=mm\",\"contentUrl\":\"\\\/\\\/www.gravatar.com\\\/avatar\\\/d8d45f8901aadff40a4af72c0b826f1d?s=96&#038;r=g&#038;d=mm\",\"caption\":\"dorogimedence.hu\"}}]}<\/script>\n<!-- \/ Yoast SEO plugin. -->","yoast_head_json":{"title":"40 \u00e9ve t\u00f6rt\u00e9nt: A Dorogi Rockfesztiv\u00e1l (2. r\u00e9sz)","robots":{"index":"index","follow":"follow","max-snippet":"max-snippet:-1","max-image-preview":"max-image-preview:large","max-video-preview":"max-video-preview:-1"},"canonical":"https:\/\/dorogimedence.hu\/index.php\/2021\/06\/22\/40-eve-tortent-a-dorogi-rockfesztival-2-resz\/","og_locale":"hu_HU","og_type":"article","og_title":"40 \u00e9ve t\u00f6rt\u00e9nt: A Dorogi Rockfesztiv\u00e1l (2. r\u00e9sz)","og_description":"Kereken n\u00e9gy \u00e9vtizeddel ezel\u0151tt, 1981. j\u00fanius 27-\u00e9n ker\u00fclt megrendez\u00e9sre, a maga nem\u00e9ben az\u00f3ta is kuri\u00f3zumnak sz\u00e1m\u00edt\u00f3 esem\u00e9ny, ahol n\u00e9h\u00e1ny k\u00fclf\u00f6ldi fell\u00e9p\u0151 mellett a hazai rockzene akkori k\u00e9pvisel\u0151inek sz\u00edne-java sz\u00ednpadra l\u00e9pett a t\u00f6bb t\u00edzezernyi rajong\u00f3 el\u0151tt. Azon a bizonyos j\u00faniusi h\u00e9tv\u00e9g\u00e9n a telep\u00fcl\u00e9s lakoss\u00e1g\u00e1nak t\u00f6bbsz\u00f6r\u00f6se gy\u0171lt \u00f6ssze Dorogon. Az \u00e9vfordul\u00f3ra k\u00e9sz\u00fclt megeml\u00e9kez\u00e9sre sz\u00e1nt eml\u00e9kcikk folytat\u00f3dik a","og_url":"https:\/\/dorogimedence.hu\/index.php\/2021\/06\/22\/40-eve-tortent-a-dorogi-rockfesztival-2-resz\/","og_site_name":"Dorogi-medence Region\u00e1lis H\u00edrport\u00e1l","article_publisher":"https:\/\/www.facebook.com\/dorogimedence\/","article_published_time":"2021-06-22T11:26:04+00:00","article_modified_time":"2021-10-18T03:26:55+00:00","og_image":[{"width":1000,"height":663,"url":"https:\/\/i0.wp.com\/dorogimedence.hu\/wp-content\/uploads\/2021\/06\/rockfesztival-01.jpg?fit=1000%2C663&ssl=1","type":"image\/jpeg"}],"author":"dorogimedence.hu","twitter_card":"summary_large_image","twitter_misc":{"Szerz\u0151:":"dorogimedence.hu","Becs\u00fclt olvas\u00e1si id\u0151":"16 perc"},"schema":{"@context":"https:\/\/schema.org","@graph":[{"@type":"Article","@id":"https:\/\/dorogimedence.hu\/index.php\/2021\/06\/22\/40-eve-tortent-a-dorogi-rockfesztival-2-resz\/#article","isPartOf":{"@id":"https:\/\/dorogimedence.hu\/index.php\/2021\/06\/22\/40-eve-tortent-a-dorogi-rockfesztival-2-resz\/"},"author":{"name":"dorogimedence.hu","@id":"https:\/\/dorogimedence.hu\/#\/schema\/person\/ce6091eeb7e95ecdc87890d6aa8e0fd4"},"headline":"40 \u00e9ve t\u00f6rt\u00e9nt: A Dorogi Rockfesztiv\u00e1l (2. r\u00e9sz)","datePublished":"2021-06-22T11:26:04+00:00","dateModified":"2021-10-18T03:26:55+00:00","mainEntityOfPage":{"@id":"https:\/\/dorogimedence.hu\/index.php\/2021\/06\/22\/40-eve-tortent-a-dorogi-rockfesztival-2-resz\/"},"wordCount":3162,"publisher":{"@id":"https:\/\/dorogimedence.hu\/#organization"},"image":{"@id":"https:\/\/dorogimedence.hu\/index.php\/2021\/06\/22\/40-eve-tortent-a-dorogi-rockfesztival-2-resz\/#primaryimage"},"thumbnailUrl":"https:\/\/dorogimedence.hu\/wp-content\/uploads\/2021\/06\/rockfesztival-01.jpg","keywords":["Dorog","Dorogi Rockfesztiv\u00e1l","featured","fesztiv\u00e1l","Szab\u00f3 Gyula","t\u00f6rt\u00e9nelem"],"articleSection":["Dorog","Dorogi Rockfesztiv\u00e1l","H\u00edrek","Kerek \u00e9vfordul\u00f3k"],"inLanguage":"hu"},{"@type":"WebPage","@id":"https:\/\/dorogimedence.hu\/index.php\/2021\/06\/22\/40-eve-tortent-a-dorogi-rockfesztival-2-resz\/","url":"https:\/\/dorogimedence.hu\/index.php\/2021\/06\/22\/40-eve-tortent-a-dorogi-rockfesztival-2-resz\/","name":"40 \u00e9ve t\u00f6rt\u00e9nt: A Dorogi Rockfesztiv\u00e1l (2. r\u00e9sz)","isPartOf":{"@id":"https:\/\/dorogimedence.hu\/#website"},"primaryImageOfPage":{"@id":"https:\/\/dorogimedence.hu\/index.php\/2021\/06\/22\/40-eve-tortent-a-dorogi-rockfesztival-2-resz\/#primaryimage"},"image":{"@id":"https:\/\/dorogimedence.hu\/index.php\/2021\/06\/22\/40-eve-tortent-a-dorogi-rockfesztival-2-resz\/#primaryimage"},"thumbnailUrl":"https:\/\/dorogimedence.hu\/wp-content\/uploads\/2021\/06\/rockfesztival-01.jpg","datePublished":"2021-06-22T11:26:04+00:00","dateModified":"2021-10-18T03:26:55+00:00","breadcrumb":{"@id":"https:\/\/dorogimedence.hu\/index.php\/2021\/06\/22\/40-eve-tortent-a-dorogi-rockfesztival-2-resz\/#breadcrumb"},"inLanguage":"hu","potentialAction":[{"@type":"ReadAction","target":["https:\/\/dorogimedence.hu\/index.php\/2021\/06\/22\/40-eve-tortent-a-dorogi-rockfesztival-2-resz\/"]}]},{"@type":"ImageObject","inLanguage":"hu","@id":"https:\/\/dorogimedence.hu\/index.php\/2021\/06\/22\/40-eve-tortent-a-dorogi-rockfesztival-2-resz\/#primaryimage","url":"https:\/\/dorogimedence.hu\/wp-content\/uploads\/2021\/06\/rockfesztival-01.jpg","contentUrl":"https:\/\/dorogimedence.hu\/wp-content\/uploads\/2021\/06\/rockfesztival-01.jpg","width":1000,"height":663},{"@type":"BreadcrumbList","@id":"https:\/\/dorogimedence.hu\/index.php\/2021\/06\/22\/40-eve-tortent-a-dorogi-rockfesztival-2-resz\/#breadcrumb","itemListElement":[{"@type":"ListItem","position":1,"name":"Kezd\u0151lap","item":"https:\/\/dorogimedence.hu\/"},{"@type":"ListItem","position":2,"name":"40 \u00e9ve t\u00f6rt\u00e9nt: A Dorogi Rockfesztiv\u00e1l (2. r\u00e9sz)"}]},{"@type":"WebSite","@id":"https:\/\/dorogimedence.hu\/#website","url":"https:\/\/dorogimedence.hu\/","name":"Dorogi-medence Region\u00e1lis H\u00edrport\u00e1l","description":"Dorog, Keszt\u00f6lc, Le\u00e1nyv\u00e1r, Piliscs\u00e9v, Tokod, Tokodalt\u00e1r\u00f3, Csolnok, Esztergom-kertv\u00e1ros: h\u00edrek, programok","publisher":{"@id":"https:\/\/dorogimedence.hu\/#organization"},"potentialAction":[{"@type":"SearchAction","target":{"@type":"EntryPoint","urlTemplate":"https:\/\/dorogimedence.hu\/?s={search_term_string}"},"query-input":{"@type":"PropertyValueSpecification","valueRequired":true,"valueName":"search_term_string"}}],"inLanguage":"hu"},{"@type":"Organization","@id":"https:\/\/dorogimedence.hu\/#organization","name":"Dorogi-medence Region\u00e1lis H\u00edrport\u00e1l","url":"https:\/\/dorogimedence.hu\/","logo":{"@type":"ImageObject","inLanguage":"hu","@id":"https:\/\/dorogimedence.hu\/#\/schema\/logo\/image\/","url":"https:\/\/dorogimedence.hu\/wp-content\/uploads\/2021\/04\/logo-feher-600.png","contentUrl":"https:\/\/dorogimedence.hu\/wp-content\/uploads\/2021\/04\/logo-feher-600.png","width":600,"height":100,"caption":"Dorogi-medence Region\u00e1lis H\u00edrport\u00e1l"},"image":{"@id":"https:\/\/dorogimedence.hu\/#\/schema\/logo\/image\/"},"sameAs":["https:\/\/www.facebook.com\/dorogimedence\/"]},{"@type":"Person","@id":"https:\/\/dorogimedence.hu\/#\/schema\/person\/ce6091eeb7e95ecdc87890d6aa8e0fd4","name":"dorogimedence.hu","image":{"@type":"ImageObject","inLanguage":"hu","@id":"\/\/www.gravatar.com\/avatar\/d8d45f8901aadff40a4af72c0b826f1d?s=96&#038;r=g&#038;d=mm","url":"\/\/www.gravatar.com\/avatar\/d8d45f8901aadff40a4af72c0b826f1d?s=96&#038;r=g&#038;d=mm","contentUrl":"\/\/www.gravatar.com\/avatar\/d8d45f8901aadff40a4af72c0b826f1d?s=96&#038;r=g&#038;d=mm","caption":"dorogimedence.hu"}}]}},"_links":{"self":[{"href":"https:\/\/dorogimedence.hu\/index.php\/wp-json\/wp\/v2\/posts\/34164","targetHints":{"allow":["GET"]}}],"collection":[{"href":"https:\/\/dorogimedence.hu\/index.php\/wp-json\/wp\/v2\/posts"}],"about":[{"href":"https:\/\/dorogimedence.hu\/index.php\/wp-json\/wp\/v2\/types\/post"}],"author":[{"embeddable":true,"href":"https:\/\/dorogimedence.hu\/index.php\/wp-json\/wp\/v2\/users\/1"}],"replies":[{"embeddable":true,"href":"https:\/\/dorogimedence.hu\/index.php\/wp-json\/wp\/v2\/comments?post=34164"}],"version-history":[{"count":0,"href":"https:\/\/dorogimedence.hu\/index.php\/wp-json\/wp\/v2\/posts\/34164\/revisions"}],"wp:featuredmedia":[{"embeddable":true,"href":"https:\/\/dorogimedence.hu\/index.php\/wp-json\/wp\/v2\/media\/34096"}],"wp:attachment":[{"href":"https:\/\/dorogimedence.hu\/index.php\/wp-json\/wp\/v2\/media?parent=34164"}],"wp:term":[{"taxonomy":"category","embeddable":true,"href":"https:\/\/dorogimedence.hu\/index.php\/wp-json\/wp\/v2\/categories?post=34164"},{"taxonomy":"post_tag","embeddable":true,"href":"https:\/\/dorogimedence.hu\/index.php\/wp-json\/wp\/v2\/tags?post=34164"}],"curies":[{"name":"wp","href":"https:\/\/api.w.org\/{rel}","templated":true}]}}