{"id":34156,"date":"2021-06-21T18:07:19","date_gmt":"2021-06-21T16:07:19","guid":{"rendered":"https:\/\/dorogimedence.hu\/?p=34156"},"modified":"2021-06-22T06:52:55","modified_gmt":"2021-06-22T04:52:55","slug":"bemutatkozott-a-dunakanyar-fesztival","status":"publish","type":"post","link":"https:\/\/dorogimedence.hu\/index.php\/2021\/06\/21\/bemutatkozott-a-dunakanyar-fesztival\/","title":{"rendered":"Bemutatkozott a Dunakanyar Fesztiv\u00e1l"},"content":{"rendered":"<p><strong>Id\u00e9n els\u0151 alkalommal rendezik meg a Dunakanyar M\u0171v\u00e9szeti Fesztiv\u00e1lt. A MAHART PassNave Szem\u00e9lyhaj\u00f3z\u00e1si Kft. \u00e9s az Emberi Er\u0151forr\u00e1sok Miniszt\u00e9rium\u00e1nak egy\u00fcttm\u0171k\u00f6d\u00e9s\u00e9ben megval\u00f3sul\u00f3 esem\u00e9nysorozat programjai j\u00fanius \u00e9s augusztus k\u00f6z\u00f6tt minden p\u00e9nteken, szombaton \u00e9s vas\u00e1rnap v\u00e1rj\u00e1k az \u00e9rdekl\u0151d\u0151ket.<\/strong><\/p>\n<p>2021. j\u00fanius 21-\u00e9n, h\u00e9tf\u0151n tartott\u00e1k meg a fesztiv\u00e1l megnyit\u00f3j\u00e1t az esem\u00e9nysorozat egyik helysz\u00edn\u00e9n, a visegr\u00e1di Duna Event rendezv\u00e9nyhaj\u00f3n.<\/p>\n<p>Vit\u00e1lyos Eszter, az Emberi Er\u0151forr\u00e1sok Miniszt\u00e9rium\u00e1nak eur\u00f3pai uni\u00f3s fejleszt\u00e9spolitik\u00e1\u00e9rt felel\u0151s \u00e1llamtitk\u00e1ra, egyben a t\u00e9rs\u00e9gi v\u00e1laszt\u00f3ker\u00fclet eln\u00f6ke a megnyit\u00f3n elmondta, hogy b\u00e1tran kijelenthetj\u00fck, hogy Visegr\u00e1d \u00e9s ez az eg\u00e9sz t\u00e9rs\u00e9g Magyarorsz\u00e1g \u00e9kszerdoboza. Itt olyan programok lesznek a k\u00f6zelj\u00f6v\u0151ben, amelyek a helyi lakosoknak \u00e9s az idel\u00e1togat\u00f3knak egyar\u00e1nt izgalmas lesz. Kiemelte, hogy olyan programokkal k\u00e9sz\u00fclnek, amely az adott telep\u00fcl\u00e9s sz\u00e9ps\u00e9geit \u00e9s kult\u00far\u00e1j\u00e1t mutatja be a helyi k\u00f6z\u00f6ss\u00e9gek bevon\u00e1s\u00e1val. Az \u00e1llamtitk\u00e1r t\u00falmen\u0151en azon, hogy \u00fcdv\u00f6z\u00f6lte a Dunakanyar fejleszt\u00e9seit, j\u00f3 h\u00edrt is k\u00f6z\u00f6lt a v\u00edzi sportok szerelmeseinek: ugyanis meg\u00fajult Budapest \u00e9s Pest megye 15 v\u00edzit\u00fara meg\u00e1ll\u00f3helye Szobt\u00f3l eg\u00e9szen D\u00f6ms\u00f6dig.<\/p>\n<p><img fetchpriority=\"high\" decoding=\"async\" class=\"alignnone size-full wp-image-2297\" src=\"https:\/\/szendre365.hu\/wp-content\/uploads\/2021\/06\/dunakanyar-fesztival-02.jpg\" alt=\"\" width=\"1200\" height=\"771\"><\/p>\n<p>Dr. V\u00f6lner P\u00e1l, az Igas\u00e1g\u00fcgyi Miniszt\u00e9rium miniszterhelyettese, egyben a Magyar Haj\u00f3z\u00e1si Sz\u00f6vets\u00e9g eln\u00f6ke besz\u00e9d\u00e9ben elmondta, hogy nem csak a Dunakanyarra, de a vid\u00e9kfejleszt\u00e9sre is nagy hangs\u00falyt fektet a korm\u00e1ny. Ez meg is mutatkozik a vid\u00e9kfejleszt\u00e9si programokban \u00e9s a falusi CSOK int\u00e9zm\u00e9ny\u00e9ben is, amely tettekkel bizony\u00edtja, hogy nem csak szlogenekr\u0151l van sz\u00f3. Kiemelte, hogy m\u00e1r a tavalyi v\u00e1ls\u00e1g idej\u00e9n a MAHART PassNave Kft. fellend\u00edtette a turizmust, hiszen k\u00f6rj\u00e1ratokat szervezett a Dunakanyarban, ezt pedig id\u00e9n is folytatta. Mindemellett a mostani kultur\u00e1lis fesztiv\u00e1lnak is \u0151 lesz a h\u00e1zigazd\u00e1ja.<\/p>\n<p><img decoding=\"async\" class=\"alignnone size-full wp-image-2298\" src=\"https:\/\/szendre365.hu\/wp-content\/uploads\/2021\/06\/dunakanyar-fesztival-03.jpg\" alt=\"\" width=\"1200\" height=\"800\"><\/p>\n<p>R\u00e9tv\u00e1ri Bence, az Emberi Er\u0151forr\u00e1sok Miniszt\u00e9rium\u00e1nak miniszterhelyettese, a t\u00e9rs\u00e9g orsz\u00e1ggy\u0171l\u00e9si k\u00e9pvisel\u0151je megk\u00f6sz\u00f6nte a MAHART PassNave Kft. \u00fcgyvezet\u0151j\u00e9nek, Sp\u00e1nyik G\u00e1bornak a megh\u00edv\u00e1st. Kit\u00e9rt arra, hogy a tavalyi \u00e9vben is egy nagyon innovat\u00edv \u00f6tlet\u00fck volt, hogy elind\u00edtott\u00e1k a dunakanyari haj\u00f3 k\u00f6rj\u00e1ratokat, amin sz\u00e1zh\u00faszezer utas volt. Id\u00e9n pedig azzal b\u0151v\u00fclnek ezek a k\u00f6rj\u00e1ratok, hogy nemcsak, hogy most m\u00e1r \u00f6t k\u00f6rj\u00e1rat van, hanem minden kik\u00f6t\u0151ben kultur\u00e1lis program is fogadja az ide l\u00e1togat\u00f3kat augusztus v\u00e9g\u00e9ig.<\/p>\n<p><img decoding=\"async\" class=\"alignnone size-full wp-image-2299\" src=\"https:\/\/szendre365.hu\/wp-content\/uploads\/2021\/06\/dunakanyar-fesztival-04.jpg\" alt=\"\" width=\"1200\" height=\"800\"><\/p>\n<p>Sp\u00e1nyik G\u00e1bor elmondta, hogy a MAHART PassNave Kft-nek, mint \u00e1llami v\u00e1llalatnak felel\u0151ss\u00e9ge \u00e9s feladata, hogy r\u00e9szt vegyen olyan programokban is mint ez a kultur\u00e1lis fesztiv\u00e1l, hiszen vannak lehet\u0151s\u00e9geik \u00e9s eszk\u00f6zeik, amivel seg\u00edteni tudj\u00e1k a gazdas\u00e1g, a turizmus \u00e9s a m\u0171v\u00e9szeti \u00e1gak \u00fajraind\u00edt\u00e1s\u00e1t.<\/p>\n<p><img loading=\"lazy\" decoding=\"async\" class=\"alignnone size-full wp-image-2300\" src=\"https:\/\/szendre365.hu\/wp-content\/uploads\/2021\/06\/dunakanyar-fesztival-05.jpg\" alt=\"\" width=\"1200\" height=\"800\"><\/p>\n<p>A fesztiv\u00e1l saj\u00e1toss\u00e1ga, hogy a programok a MAHART PassNave Kft. dunakanyari kik\u00f6t\u0151iben, illetve a Visegr\u00e1don \u00e1llom\u00e1soz\u00f3 DUNA EVENT rendezv\u00e9nyk\u00f6zpontban rendezik meg, \u00edgy Visegr\u00e1don, a V4-ek v\u00e1ros\u00e1n k\u00edv\u00fcl Nagymaros, Zebeg\u00e9ny \u00e9s D\u00f6m\u00f6s is szerepel a rendezv\u00e9nyhelysz\u00ednek k\u00f6z\u00f6tt.&nbsp;A szervez\u0151k soksz\u00edn\u0171 kultur\u00e1lis programmal k\u00e9sz\u00fclnek a ny\u00e1rra: m\u0171v\u00e9sz besz\u00e9lget\u00e9sek, zongoraestek \u00e9s egy\u00e9b kisebb form\u00e1ci\u00f3k koncertjei, bork\u00f3stol\u00f3val egybek\u00f6t\u00f6tt verses estek, sz\u00edni el\u0151ad\u00e1sok, \u00e9s zenekari fell\u00e9p\u00e9sek teszik a fest\u0151i Dunakanyart m\u00e9g vonz\u00f3bb kir\u00e1ndul\u00e1si \u00e9s kikapcsol\u00f3d\u00e1si c\u00e9lpontt\u00e1.<\/p>\n<p><img loading=\"lazy\" decoding=\"async\" class=\"alignnone size-full wp-image-2301\" src=\"https:\/\/szendre365.hu\/wp-content\/uploads\/2021\/06\/dunakanyar-fesztival-06.jpg\" alt=\"\" width=\"1200\" height=\"775\"><\/p>\n<p>A fesztiv\u00e1l programjai k\u00f6z\u00f6tt az aut\u00f3sport szerelmesei is tal\u00e1lhatnak kedv\u00fckre val\u00f3 id\u0151t\u00f6lt\u00e9st. Szalay Bal\u00e1zs magyar aut\u00f3versenyz\u0151, az Opel Dakar Team pil\u00f3t\u00e1ja \u00e9s tulajdonosa bemutat\u00f3 keret\u00e9ben t\u00f6bb alkalommal is bepillant\u00e1st biztos\u00edt az aut\u00f3versenyz\u00e9s vil\u00e1g\u00e1ba.<\/p>\n<p>A h\u00e1rom h\u00f3napos esem\u00e9nysort augusztus v\u00e9g\u00e9n egy h\u00e1romnapos Opera Fesztiv\u00e1l z\u00e1rja.<\/p>\n<p><img loading=\"lazy\" decoding=\"async\" class=\"alignnone size-full wp-image-2302\" src=\"https:\/\/szendre365.hu\/wp-content\/uploads\/2021\/06\/dunakanyar-fesztival-07.jpg\" alt=\"\" width=\"1200\" height=\"800\"><\/p>\n","protected":false},"excerpt":{"rendered":"<p>Id\u00e9n els\u0151 alkalommal rendezik meg a Dunakanyar M\u0171v\u00e9szeti Fesztiv\u00e1lt. A MAHART PassNave Szem\u00e9lyhaj\u00f3z\u00e1si Kft. \u00e9s az Emberi Er\u0151forr\u00e1sok Miniszt\u00e9rium\u00e1nak egy\u00fcttm\u0171k\u00f6d\u00e9s\u00e9ben megval\u00f3sul\u00f3 esem\u00e9nysorozat programjai j\u00fanius \u00e9s augusztus k\u00f6z\u00f6tt minden p\u00e9nteken, szombaton \u00e9s vas\u00e1rnap v\u00e1rj\u00e1k az \u00e9rdekl\u0151d\u0151ket. 2021. j\u00fanius 21-\u00e9n, h\u00e9tf\u0151n tartott\u00e1k meg a fesztiv\u00e1l megnyit\u00f3j\u00e1t az esem\u00e9nysorozat egyik helysz\u00edn\u00e9n, a visegr\u00e1di Duna Event rendezv\u00e9nyhaj\u00f3n. Vit\u00e1lyos Eszter,<\/p>\n","protected":false},"author":1,"featured_media":34157,"comment_status":"closed","ping_status":"closed","sticky":false,"template":"","format":"standard","meta":{"ngg_post_thumbnail":0,"footnotes":""},"categories":[3],"tags":[181,5779,5624],"class_list":{"0":"post-34156","1":"post","2":"type-post","3":"status-publish","4":"format-standard","5":"has-post-thumbnail","7":"category-hirek","8":"tag-dunakanyar","9":"tag-dunakanyar-fesztival","10":"tag-featured"},"yoast_head":"<!-- This site is optimized with the Yoast SEO plugin v27.4 - https:\/\/yoast.com\/product\/yoast-seo-wordpress\/ -->\n<title>Bemutatkozott a Dunakanyar Fesztiv\u00e1l<\/title>\n<meta name=\"robots\" content=\"index, follow, max-snippet:-1, max-image-preview:large, max-video-preview:-1\" \/>\n<link rel=\"canonical\" href=\"https:\/\/dorogimedence.hu\/index.php\/2021\/06\/21\/bemutatkozott-a-dunakanyar-fesztival\/\" class=\"yoast-seo-meta-tag\" \/>\n<meta property=\"og:locale\" content=\"hu_HU\" class=\"yoast-seo-meta-tag\" \/>\n<meta property=\"og:type\" content=\"article\" class=\"yoast-seo-meta-tag\" \/>\n<meta property=\"og:title\" content=\"Bemutatkozott a Dunakanyar Fesztiv\u00e1l\" class=\"yoast-seo-meta-tag\" \/>\n<meta property=\"og:description\" content=\"Id\u00e9n els\u0151 alkalommal rendezik meg a Dunakanyar M\u0171v\u00e9szeti Fesztiv\u00e1lt. A MAHART PassNave Szem\u00e9lyhaj\u00f3z\u00e1si Kft. \u00e9s az Emberi Er\u0151forr\u00e1sok Miniszt\u00e9rium\u00e1nak egy\u00fcttm\u0171k\u00f6d\u00e9s\u00e9ben megval\u00f3sul\u00f3 esem\u00e9nysorozat programjai j\u00fanius \u00e9s augusztus k\u00f6z\u00f6tt minden p\u00e9nteken, szombaton \u00e9s vas\u00e1rnap v\u00e1rj\u00e1k az \u00e9rdekl\u0151d\u0151ket. 2021. j\u00fanius 21-\u00e9n, h\u00e9tf\u0151n tartott\u00e1k meg a fesztiv\u00e1l megnyit\u00f3j\u00e1t az esem\u00e9nysorozat egyik helysz\u00edn\u00e9n, a visegr\u00e1di Duna Event rendezv\u00e9nyhaj\u00f3n. Vit\u00e1lyos Eszter,\" class=\"yoast-seo-meta-tag\" \/>\n<meta property=\"og:url\" content=\"https:\/\/dorogimedence.hu\/index.php\/2021\/06\/21\/bemutatkozott-a-dunakanyar-fesztival\/\" class=\"yoast-seo-meta-tag\" \/>\n<meta property=\"og:site_name\" content=\"Dorogi-medence Region\u00e1lis H\u00edrport\u00e1l\" class=\"yoast-seo-meta-tag\" \/>\n<meta property=\"article:publisher\" content=\"https:\/\/www.facebook.com\/dorogimedence\/\" class=\"yoast-seo-meta-tag\" \/>\n<meta property=\"article:published_time\" content=\"2021-06-21T16:07:19+00:00\" class=\"yoast-seo-meta-tag\" \/>\n<meta property=\"article:modified_time\" content=\"2021-06-22T04:52:55+00:00\" class=\"yoast-seo-meta-tag\" \/>\n<meta property=\"og:image\" content=\"https:\/\/i0.wp.com\/dorogimedence.hu\/wp-content\/uploads\/2021\/06\/dunakanyar-fesztival-01.jpg?fit=1920%2C1280&ssl=1\" class=\"yoast-seo-meta-tag\" \/>\n\t<meta property=\"og:image:width\" content=\"1920\" class=\"yoast-seo-meta-tag\" \/>\n\t<meta property=\"og:image:height\" content=\"1280\" class=\"yoast-seo-meta-tag\" \/>\n\t<meta property=\"og:image:type\" content=\"image\/jpeg\" class=\"yoast-seo-meta-tag\" \/>\n<meta name=\"author\" content=\"dorogimedence.hu\" class=\"yoast-seo-meta-tag\" \/>\n<meta name=\"twitter:card\" content=\"summary_large_image\" class=\"yoast-seo-meta-tag\" \/>\n<meta name=\"twitter:label1\" content=\"Szerz\u0151:\" class=\"yoast-seo-meta-tag\" \/>\n\t<meta name=\"twitter:data1\" content=\"dorogimedence.hu\" class=\"yoast-seo-meta-tag\" \/>\n\t<meta name=\"twitter:label2\" content=\"Becs\u00fclt olvas\u00e1si id\u0151\" class=\"yoast-seo-meta-tag\" \/>\n\t<meta name=\"twitter:data2\" content=\"4 perc\" class=\"yoast-seo-meta-tag\" \/>\n<script type=\"application\/ld+json\" class=\"yoast-schema-graph\">{\"@context\":\"https:\\\/\\\/schema.org\",\"@graph\":[{\"@type\":\"Article\",\"@id\":\"https:\\\/\\\/dorogimedence.hu\\\/index.php\\\/2021\\\/06\\\/21\\\/bemutatkozott-a-dunakanyar-fesztival\\\/#article\",\"isPartOf\":{\"@id\":\"https:\\\/\\\/dorogimedence.hu\\\/index.php\\\/2021\\\/06\\\/21\\\/bemutatkozott-a-dunakanyar-fesztival\\\/\"},\"author\":{\"name\":\"dorogimedence.hu\",\"@id\":\"https:\\\/\\\/dorogimedence.hu\\\/#\\\/schema\\\/person\\\/ce6091eeb7e95ecdc87890d6aa8e0fd4\"},\"headline\":\"Bemutatkozott a Dunakanyar Fesztiv\u00e1l\",\"datePublished\":\"2021-06-21T16:07:19+00:00\",\"dateModified\":\"2021-06-22T04:52:55+00:00\",\"mainEntityOfPage\":{\"@id\":\"https:\\\/\\\/dorogimedence.hu\\\/index.php\\\/2021\\\/06\\\/21\\\/bemutatkozott-a-dunakanyar-fesztival\\\/\"},\"wordCount\":747,\"publisher\":{\"@id\":\"https:\\\/\\\/dorogimedence.hu\\\/#organization\"},\"image\":{\"@id\":\"https:\\\/\\\/dorogimedence.hu\\\/index.php\\\/2021\\\/06\\\/21\\\/bemutatkozott-a-dunakanyar-fesztival\\\/#primaryimage\"},\"thumbnailUrl\":\"https:\\\/\\\/dorogimedence.hu\\\/wp-content\\\/uploads\\\/2021\\\/06\\\/dunakanyar-fesztival-01.jpg\",\"keywords\":[\"dunakanyar\",\"Dunakanyar Fesztiv\u00e1l\",\"featured\"],\"articleSection\":[\"H\u00edrek\"],\"inLanguage\":\"hu\"},{\"@type\":\"WebPage\",\"@id\":\"https:\\\/\\\/dorogimedence.hu\\\/index.php\\\/2021\\\/06\\\/21\\\/bemutatkozott-a-dunakanyar-fesztival\\\/\",\"url\":\"https:\\\/\\\/dorogimedence.hu\\\/index.php\\\/2021\\\/06\\\/21\\\/bemutatkozott-a-dunakanyar-fesztival\\\/\",\"name\":\"Bemutatkozott a Dunakanyar Fesztiv\u00e1l\",\"isPartOf\":{\"@id\":\"https:\\\/\\\/dorogimedence.hu\\\/#website\"},\"primaryImageOfPage\":{\"@id\":\"https:\\\/\\\/dorogimedence.hu\\\/index.php\\\/2021\\\/06\\\/21\\\/bemutatkozott-a-dunakanyar-fesztival\\\/#primaryimage\"},\"image\":{\"@id\":\"https:\\\/\\\/dorogimedence.hu\\\/index.php\\\/2021\\\/06\\\/21\\\/bemutatkozott-a-dunakanyar-fesztival\\\/#primaryimage\"},\"thumbnailUrl\":\"https:\\\/\\\/dorogimedence.hu\\\/wp-content\\\/uploads\\\/2021\\\/06\\\/dunakanyar-fesztival-01.jpg\",\"datePublished\":\"2021-06-21T16:07:19+00:00\",\"dateModified\":\"2021-06-22T04:52:55+00:00\",\"breadcrumb\":{\"@id\":\"https:\\\/\\\/dorogimedence.hu\\\/index.php\\\/2021\\\/06\\\/21\\\/bemutatkozott-a-dunakanyar-fesztival\\\/#breadcrumb\"},\"inLanguage\":\"hu\",\"potentialAction\":[{\"@type\":\"ReadAction\",\"target\":[\"https:\\\/\\\/dorogimedence.hu\\\/index.php\\\/2021\\\/06\\\/21\\\/bemutatkozott-a-dunakanyar-fesztival\\\/\"]}]},{\"@type\":\"ImageObject\",\"inLanguage\":\"hu\",\"@id\":\"https:\\\/\\\/dorogimedence.hu\\\/index.php\\\/2021\\\/06\\\/21\\\/bemutatkozott-a-dunakanyar-fesztival\\\/#primaryimage\",\"url\":\"https:\\\/\\\/dorogimedence.hu\\\/wp-content\\\/uploads\\\/2021\\\/06\\\/dunakanyar-fesztival-01.jpg\",\"contentUrl\":\"https:\\\/\\\/dorogimedence.hu\\\/wp-content\\\/uploads\\\/2021\\\/06\\\/dunakanyar-fesztival-01.jpg\",\"width\":1920,\"height\":1280},{\"@type\":\"BreadcrumbList\",\"@id\":\"https:\\\/\\\/dorogimedence.hu\\\/index.php\\\/2021\\\/06\\\/21\\\/bemutatkozott-a-dunakanyar-fesztival\\\/#breadcrumb\",\"itemListElement\":[{\"@type\":\"ListItem\",\"position\":1,\"name\":\"Kezd\u0151lap\",\"item\":\"https:\\\/\\\/dorogimedence.hu\\\/\"},{\"@type\":\"ListItem\",\"position\":2,\"name\":\"Bemutatkozott a Dunakanyar Fesztiv\u00e1l\"}]},{\"@type\":\"WebSite\",\"@id\":\"https:\\\/\\\/dorogimedence.hu\\\/#website\",\"url\":\"https:\\\/\\\/dorogimedence.hu\\\/\",\"name\":\"Dorogi-medence Region\u00e1lis H\u00edrport\u00e1l\",\"description\":\"Dorog, Keszt\u00f6lc, Le\u00e1nyv\u00e1r, Piliscs\u00e9v, Tokod, Tokodalt\u00e1r\u00f3, Csolnok, Esztergom-kertv\u00e1ros: h\u00edrek, programok\",\"publisher\":{\"@id\":\"https:\\\/\\\/dorogimedence.hu\\\/#organization\"},\"potentialAction\":[{\"@type\":\"SearchAction\",\"target\":{\"@type\":\"EntryPoint\",\"urlTemplate\":\"https:\\\/\\\/dorogimedence.hu\\\/?s={search_term_string}\"},\"query-input\":{\"@type\":\"PropertyValueSpecification\",\"valueRequired\":true,\"valueName\":\"search_term_string\"}}],\"inLanguage\":\"hu\"},{\"@type\":\"Organization\",\"@id\":\"https:\\\/\\\/dorogimedence.hu\\\/#organization\",\"name\":\"Dorogi-medence Region\u00e1lis H\u00edrport\u00e1l\",\"url\":\"https:\\\/\\\/dorogimedence.hu\\\/\",\"logo\":{\"@type\":\"ImageObject\",\"inLanguage\":\"hu\",\"@id\":\"https:\\\/\\\/dorogimedence.hu\\\/#\\\/schema\\\/logo\\\/image\\\/\",\"url\":\"https:\\\/\\\/dorogimedence.hu\\\/wp-content\\\/uploads\\\/2021\\\/04\\\/logo-feher-600.png\",\"contentUrl\":\"https:\\\/\\\/dorogimedence.hu\\\/wp-content\\\/uploads\\\/2021\\\/04\\\/logo-feher-600.png\",\"width\":600,\"height\":100,\"caption\":\"Dorogi-medence Region\u00e1lis H\u00edrport\u00e1l\"},\"image\":{\"@id\":\"https:\\\/\\\/dorogimedence.hu\\\/#\\\/schema\\\/logo\\\/image\\\/\"},\"sameAs\":[\"https:\\\/\\\/www.facebook.com\\\/dorogimedence\\\/\"]},{\"@type\":\"Person\",\"@id\":\"https:\\\/\\\/dorogimedence.hu\\\/#\\\/schema\\\/person\\\/ce6091eeb7e95ecdc87890d6aa8e0fd4\",\"name\":\"dorogimedence.hu\",\"image\":{\"@type\":\"ImageObject\",\"inLanguage\":\"hu\",\"@id\":\"\\\/\\\/www.gravatar.com\\\/avatar\\\/d8d45f8901aadff40a4af72c0b826f1d?s=96&#038;r=g&#038;d=mm\",\"url\":\"\\\/\\\/www.gravatar.com\\\/avatar\\\/d8d45f8901aadff40a4af72c0b826f1d?s=96&#038;r=g&#038;d=mm\",\"contentUrl\":\"\\\/\\\/www.gravatar.com\\\/avatar\\\/d8d45f8901aadff40a4af72c0b826f1d?s=96&#038;r=g&#038;d=mm\",\"caption\":\"dorogimedence.hu\"}}]}<\/script>\n<!-- \/ Yoast SEO plugin. -->","yoast_head_json":{"title":"Bemutatkozott a Dunakanyar Fesztiv\u00e1l","robots":{"index":"index","follow":"follow","max-snippet":"max-snippet:-1","max-image-preview":"max-image-preview:large","max-video-preview":"max-video-preview:-1"},"canonical":"https:\/\/dorogimedence.hu\/index.php\/2021\/06\/21\/bemutatkozott-a-dunakanyar-fesztival\/","og_locale":"hu_HU","og_type":"article","og_title":"Bemutatkozott a Dunakanyar Fesztiv\u00e1l","og_description":"Id\u00e9n els\u0151 alkalommal rendezik meg a Dunakanyar M\u0171v\u00e9szeti Fesztiv\u00e1lt. A MAHART PassNave Szem\u00e9lyhaj\u00f3z\u00e1si Kft. \u00e9s az Emberi Er\u0151forr\u00e1sok Miniszt\u00e9rium\u00e1nak egy\u00fcttm\u0171k\u00f6d\u00e9s\u00e9ben megval\u00f3sul\u00f3 esem\u00e9nysorozat programjai j\u00fanius \u00e9s augusztus k\u00f6z\u00f6tt minden p\u00e9nteken, szombaton \u00e9s vas\u00e1rnap v\u00e1rj\u00e1k az \u00e9rdekl\u0151d\u0151ket. 2021. j\u00fanius 21-\u00e9n, h\u00e9tf\u0151n tartott\u00e1k meg a fesztiv\u00e1l megnyit\u00f3j\u00e1t az esem\u00e9nysorozat egyik helysz\u00edn\u00e9n, a visegr\u00e1di Duna Event rendezv\u00e9nyhaj\u00f3n. Vit\u00e1lyos Eszter,","og_url":"https:\/\/dorogimedence.hu\/index.php\/2021\/06\/21\/bemutatkozott-a-dunakanyar-fesztival\/","og_site_name":"Dorogi-medence Region\u00e1lis H\u00edrport\u00e1l","article_publisher":"https:\/\/www.facebook.com\/dorogimedence\/","article_published_time":"2021-06-21T16:07:19+00:00","article_modified_time":"2021-06-22T04:52:55+00:00","og_image":[{"width":1920,"height":1280,"url":"https:\/\/i0.wp.com\/dorogimedence.hu\/wp-content\/uploads\/2021\/06\/dunakanyar-fesztival-01.jpg?fit=1920%2C1280&ssl=1","type":"image\/jpeg"}],"author":"dorogimedence.hu","twitter_card":"summary_large_image","twitter_misc":{"Szerz\u0151:":"dorogimedence.hu","Becs\u00fclt olvas\u00e1si id\u0151":"4 perc"},"schema":{"@context":"https:\/\/schema.org","@graph":[{"@type":"Article","@id":"https:\/\/dorogimedence.hu\/index.php\/2021\/06\/21\/bemutatkozott-a-dunakanyar-fesztival\/#article","isPartOf":{"@id":"https:\/\/dorogimedence.hu\/index.php\/2021\/06\/21\/bemutatkozott-a-dunakanyar-fesztival\/"},"author":{"name":"dorogimedence.hu","@id":"https:\/\/dorogimedence.hu\/#\/schema\/person\/ce6091eeb7e95ecdc87890d6aa8e0fd4"},"headline":"Bemutatkozott a Dunakanyar Fesztiv\u00e1l","datePublished":"2021-06-21T16:07:19+00:00","dateModified":"2021-06-22T04:52:55+00:00","mainEntityOfPage":{"@id":"https:\/\/dorogimedence.hu\/index.php\/2021\/06\/21\/bemutatkozott-a-dunakanyar-fesztival\/"},"wordCount":747,"publisher":{"@id":"https:\/\/dorogimedence.hu\/#organization"},"image":{"@id":"https:\/\/dorogimedence.hu\/index.php\/2021\/06\/21\/bemutatkozott-a-dunakanyar-fesztival\/#primaryimage"},"thumbnailUrl":"https:\/\/dorogimedence.hu\/wp-content\/uploads\/2021\/06\/dunakanyar-fesztival-01.jpg","keywords":["dunakanyar","Dunakanyar Fesztiv\u00e1l","featured"],"articleSection":["H\u00edrek"],"inLanguage":"hu"},{"@type":"WebPage","@id":"https:\/\/dorogimedence.hu\/index.php\/2021\/06\/21\/bemutatkozott-a-dunakanyar-fesztival\/","url":"https:\/\/dorogimedence.hu\/index.php\/2021\/06\/21\/bemutatkozott-a-dunakanyar-fesztival\/","name":"Bemutatkozott a Dunakanyar Fesztiv\u00e1l","isPartOf":{"@id":"https:\/\/dorogimedence.hu\/#website"},"primaryImageOfPage":{"@id":"https:\/\/dorogimedence.hu\/index.php\/2021\/06\/21\/bemutatkozott-a-dunakanyar-fesztival\/#primaryimage"},"image":{"@id":"https:\/\/dorogimedence.hu\/index.php\/2021\/06\/21\/bemutatkozott-a-dunakanyar-fesztival\/#primaryimage"},"thumbnailUrl":"https:\/\/dorogimedence.hu\/wp-content\/uploads\/2021\/06\/dunakanyar-fesztival-01.jpg","datePublished":"2021-06-21T16:07:19+00:00","dateModified":"2021-06-22T04:52:55+00:00","breadcrumb":{"@id":"https:\/\/dorogimedence.hu\/index.php\/2021\/06\/21\/bemutatkozott-a-dunakanyar-fesztival\/#breadcrumb"},"inLanguage":"hu","potentialAction":[{"@type":"ReadAction","target":["https:\/\/dorogimedence.hu\/index.php\/2021\/06\/21\/bemutatkozott-a-dunakanyar-fesztival\/"]}]},{"@type":"ImageObject","inLanguage":"hu","@id":"https:\/\/dorogimedence.hu\/index.php\/2021\/06\/21\/bemutatkozott-a-dunakanyar-fesztival\/#primaryimage","url":"https:\/\/dorogimedence.hu\/wp-content\/uploads\/2021\/06\/dunakanyar-fesztival-01.jpg","contentUrl":"https:\/\/dorogimedence.hu\/wp-content\/uploads\/2021\/06\/dunakanyar-fesztival-01.jpg","width":1920,"height":1280},{"@type":"BreadcrumbList","@id":"https:\/\/dorogimedence.hu\/index.php\/2021\/06\/21\/bemutatkozott-a-dunakanyar-fesztival\/#breadcrumb","itemListElement":[{"@type":"ListItem","position":1,"name":"Kezd\u0151lap","item":"https:\/\/dorogimedence.hu\/"},{"@type":"ListItem","position":2,"name":"Bemutatkozott a Dunakanyar Fesztiv\u00e1l"}]},{"@type":"WebSite","@id":"https:\/\/dorogimedence.hu\/#website","url":"https:\/\/dorogimedence.hu\/","name":"Dorogi-medence Region\u00e1lis H\u00edrport\u00e1l","description":"Dorog, Keszt\u00f6lc, Le\u00e1nyv\u00e1r, Piliscs\u00e9v, Tokod, Tokodalt\u00e1r\u00f3, Csolnok, Esztergom-kertv\u00e1ros: h\u00edrek, programok","publisher":{"@id":"https:\/\/dorogimedence.hu\/#organization"},"potentialAction":[{"@type":"SearchAction","target":{"@type":"EntryPoint","urlTemplate":"https:\/\/dorogimedence.hu\/?s={search_term_string}"},"query-input":{"@type":"PropertyValueSpecification","valueRequired":true,"valueName":"search_term_string"}}],"inLanguage":"hu"},{"@type":"Organization","@id":"https:\/\/dorogimedence.hu\/#organization","name":"Dorogi-medence Region\u00e1lis H\u00edrport\u00e1l","url":"https:\/\/dorogimedence.hu\/","logo":{"@type":"ImageObject","inLanguage":"hu","@id":"https:\/\/dorogimedence.hu\/#\/schema\/logo\/image\/","url":"https:\/\/dorogimedence.hu\/wp-content\/uploads\/2021\/04\/logo-feher-600.png","contentUrl":"https:\/\/dorogimedence.hu\/wp-content\/uploads\/2021\/04\/logo-feher-600.png","width":600,"height":100,"caption":"Dorogi-medence Region\u00e1lis H\u00edrport\u00e1l"},"image":{"@id":"https:\/\/dorogimedence.hu\/#\/schema\/logo\/image\/"},"sameAs":["https:\/\/www.facebook.com\/dorogimedence\/"]},{"@type":"Person","@id":"https:\/\/dorogimedence.hu\/#\/schema\/person\/ce6091eeb7e95ecdc87890d6aa8e0fd4","name":"dorogimedence.hu","image":{"@type":"ImageObject","inLanguage":"hu","@id":"\/\/www.gravatar.com\/avatar\/d8d45f8901aadff40a4af72c0b826f1d?s=96&#038;r=g&#038;d=mm","url":"\/\/www.gravatar.com\/avatar\/d8d45f8901aadff40a4af72c0b826f1d?s=96&#038;r=g&#038;d=mm","contentUrl":"\/\/www.gravatar.com\/avatar\/d8d45f8901aadff40a4af72c0b826f1d?s=96&#038;r=g&#038;d=mm","caption":"dorogimedence.hu"}}]}},"_links":{"self":[{"href":"https:\/\/dorogimedence.hu\/index.php\/wp-json\/wp\/v2\/posts\/34156","targetHints":{"allow":["GET"]}}],"collection":[{"href":"https:\/\/dorogimedence.hu\/index.php\/wp-json\/wp\/v2\/posts"}],"about":[{"href":"https:\/\/dorogimedence.hu\/index.php\/wp-json\/wp\/v2\/types\/post"}],"author":[{"embeddable":true,"href":"https:\/\/dorogimedence.hu\/index.php\/wp-json\/wp\/v2\/users\/1"}],"replies":[{"embeddable":true,"href":"https:\/\/dorogimedence.hu\/index.php\/wp-json\/wp\/v2\/comments?post=34156"}],"version-history":[{"count":0,"href":"https:\/\/dorogimedence.hu\/index.php\/wp-json\/wp\/v2\/posts\/34156\/revisions"}],"wp:featuredmedia":[{"embeddable":true,"href":"https:\/\/dorogimedence.hu\/index.php\/wp-json\/wp\/v2\/media\/34157"}],"wp:attachment":[{"href":"https:\/\/dorogimedence.hu\/index.php\/wp-json\/wp\/v2\/media?parent=34156"}],"wp:term":[{"taxonomy":"category","embeddable":true,"href":"https:\/\/dorogimedence.hu\/index.php\/wp-json\/wp\/v2\/categories?post=34156"},{"taxonomy":"post_tag","embeddable":true,"href":"https:\/\/dorogimedence.hu\/index.php\/wp-json\/wp\/v2\/tags?post=34156"}],"curies":[{"name":"wp","href":"https:\/\/api.w.org\/{rel}","templated":true}]}}