{"id":34123,"date":"2021-06-20T11:06:21","date_gmt":"2021-06-20T09:06:21","guid":{"rendered":"https:\/\/dorogimedence.hu\/?p=34123"},"modified":"2021-06-20T11:06:27","modified_gmt":"2021-06-20T09:06:27","slug":"papokat-es-diakonusokat-szenteltek-esztergomban","status":"publish","type":"post","link":"https:\/\/dorogimedence.hu\/index.php\/2021\/06\/20\/papokat-es-diakonusokat-szenteltek-esztergomban\/","title":{"rendered":"Papokat \u00e9s diak\u00f3nusokat szenteltek Esztergomban"},"content":{"rendered":"<p><strong>Erd\u0151 P\u00e9ter b\u00edboros, pr\u00edm\u00e1s j\u00fanius 19-\u00e9n, szombaton az esztergomi Nagyboldogasszony \u00e9s Szent Adalbert-f\u0151sz\u00e9kesegyh\u00e1zban \u00e1ldoz\u00f3papp\u00e1 szentelte Eredics Gerg\u0151, Forg\u00e1cs Bal\u00e1zs, Kiss G\u00e9za Imre, \u0150ri Imre \u00e9s Riesz Domonkos diak\u00f3nusokat, \u00e9s szerpapp\u00e1 B\u00e1rsony \u00c1rp\u00e1d, Farkas Ferenc \u00c1kos \u00e9s R\u00f3nasz\u00e9ki J\u00e1nos akolitusokat. A szentmis\u00e9n h\u00e1l\u00e1t adtak a jubil\u00e1ns paptestv\u00e9rek szolg\u00e1lat\u00e1\u00e9rt is.<\/strong><\/p>\n<p>Az \u00fcnnepi szentmis\u00e9n koncelebr\u00e1ltak Cserh\u00e1ti Ferenc \u00e9s Mohos G\u00e1bor esztergom-budapesti seg\u00e9dp\u00fcsp\u00f6k\u00f6k, valamint az egyh\u00e1zmegye paps\u00e1ga.<\/p>\n<p>A bazilika orgon\u00e1j\u00e1nak hangja t\u00f6lt\u00f6tte be a templombels\u0151t, amikor az asszisztencia a b\u00edboros fogad\u00e1s\u00e1ra vonult a f\u0151sz\u00e9kesegyh\u00e1z bej\u00e1rat\u00e1hoz. \u201eOltalmaz\u00f3 Isten, tekints le, \u00e9s n\u00e9zz f\u00f6lkented arc\u00e1ra\u201d \u2013 sz\u00f3lt a bevonul\u00e1si \u00e9nek, majd Erd\u0151 P\u00e9ter k\u00f6sz\u00f6nt\u00f6tte a szentelend\u0151ket, a jubil\u00e1l\u00f3kat, \u00e9s kifejezte \u00f6r\u00f6m\u00e9t, hogy a j\u00e1rv\u00e1ny lecseng\u00e9se lehet\u0151v\u00e9 tette, hogy megteljen \u00fajra a bazilika \u00fcnnepl\u0151kkel.<\/p>\n<p><img fetchpriority=\"high\" decoding=\"async\" class=\"alignnone size-full wp-image-34125\" src=\"https:\/\/dorogimedence.hu\/wp-content\/uploads\/2021\/06\/erdopeter-02.jpg\" alt=\"\" width=\"850\" height=\"566\" srcset=\"https:\/\/dorogimedence.hu\/wp-content\/uploads\/2021\/06\/erdopeter-02.jpg 850w, https:\/\/dorogimedence.hu\/wp-content\/uploads\/2021\/06\/erdopeter-02-300x200.jpg 300w, https:\/\/dorogimedence.hu\/wp-content\/uploads\/2021\/06\/erdopeter-02-768x511.jpg 768w, https:\/\/dorogimedence.hu\/wp-content\/uploads\/2021\/06\/erdopeter-02-150x100.jpg 150w, https:\/\/dorogimedence.hu\/wp-content\/uploads\/2021\/06\/erdopeter-02-450x300.jpg 450w, https:\/\/dorogimedence.hu\/wp-content\/uploads\/2021\/06\/erdopeter-02-272x182.jpg 272w\" sizes=\"(max-width: 850px) 100vw, 850px\" \/><\/p>\n<p>A szentlecke Szent P\u00e1l Korintusiakhoz \u00edrt m\u00e1sodik level\u00e9b\u0151l hangzott el, mely szakaszban az apostol a gyenges\u00e9g\u00e9vel dicsekedik. Az evang\u00e9liumi r\u00e9szt a hegyi besz\u00e9db\u0151l Szent M\u00e1t\u00e9 apostol megfogalmaz\u00e1s\u00e1ban hallhattuk. A szentel\u00e9s k\u00e9r\u00e9se \u00e9s a szentelend\u0151k m\u00e9lt\u00f3s\u00e1g\u00e1r\u00f3l val\u00f3 meggy\u0151z\u0151d\u00e9s ut\u00e1n Erd\u0151 P\u00e9ter elmondta hom\u00edli\u00e1j\u00e1t, amely <a href=\"https:\/\/www.magyarkurir.hu\/hirek\/az-egyhaz-el-az-egyhaz-fiatal-papokat-es-diakonusokat-szenteltek-esztergomban\" target=\"_blank\" rel=\"noopener\"><span style=\"text-decoration: underline; color: #0000ff;\">ide kattintva<\/span><\/a> olvashat\u00f3 el!<\/p>\n<p><em>Fot\u00f3k, forr\u00e1s: magyarkurir.hu<\/em><\/p>\n","protected":false},"excerpt":{"rendered":"<p>Erd\u0151 P\u00e9ter b\u00edboros, pr\u00edm\u00e1s j\u00fanius 19-\u00e9n, szombaton az esztergomi Nagyboldogasszony \u00e9s Szent Adalbert-f\u0151sz\u00e9kesegyh\u00e1zban \u00e1ldoz\u00f3papp\u00e1 szentelte Eredics Gerg\u0151, Forg\u00e1cs Bal\u00e1zs, Kiss G\u00e9za Imre, \u0150ri Imre \u00e9s Riesz Domonkos diak\u00f3nusokat, \u00e9s szerpapp\u00e1 B\u00e1rsony \u00c1rp\u00e1d, Farkas Ferenc \u00c1kos \u00e9s R\u00f3nasz\u00e9ki J\u00e1nos akolitusokat. A szentmis\u00e9n h\u00e1l\u00e1t adtak a jubil\u00e1ns paptestv\u00e9rek szolg\u00e1lat\u00e1\u00e9rt is. Az \u00fcnnepi szentmis\u00e9n koncelebr\u00e1ltak Cserh\u00e1ti Ferenc \u00e9s<\/p>\n","protected":false},"author":1,"featured_media":34126,"comment_status":"closed","ping_status":"closed","sticky":false,"template":"","format":"standard","meta":{"ngg_post_thumbnail":0,"footnotes":""},"categories":[38,3],"tags":[1334,764,42,3163,762,5775],"class_list":{"0":"post-34123","1":"post","2":"type-post","3":"status-publish","4":"format-standard","5":"has-post-thumbnail","7":"category-esztergom","8":"category-hirek","9":"tag-egyhaz","10":"tag-erdo-peter","11":"tag-esztergom","12":"tag-esztergomi-bazilika","13":"tag-katolikus-egyhaz","14":"tag-papszenteles"},"yoast_head":"<!-- This site is optimized with the Yoast SEO plugin v27.5 - https:\/\/yoast.com\/product\/yoast-seo-wordpress\/ -->\n<title>Papokat \u00e9s diak\u00f3nusokat szenteltek Esztergomban<\/title>\n<meta name=\"robots\" content=\"index, follow, max-snippet:-1, max-image-preview:large, max-video-preview:-1\" \/>\n<link rel=\"canonical\" href=\"https:\/\/dorogimedence.hu\/index.php\/2021\/06\/20\/papokat-es-diakonusokat-szenteltek-esztergomban\/\" class=\"yoast-seo-meta-tag\" \/>\n<meta property=\"og:locale\" content=\"hu_HU\" class=\"yoast-seo-meta-tag\" \/>\n<meta property=\"og:type\" content=\"article\" class=\"yoast-seo-meta-tag\" \/>\n<meta property=\"og:title\" content=\"Papokat \u00e9s diak\u00f3nusokat szenteltek Esztergomban\" class=\"yoast-seo-meta-tag\" \/>\n<meta property=\"og:description\" content=\"Erd\u0151 P\u00e9ter b\u00edboros, pr\u00edm\u00e1s j\u00fanius 19-\u00e9n, szombaton az esztergomi Nagyboldogasszony \u00e9s Szent Adalbert-f\u0151sz\u00e9kesegyh\u00e1zban \u00e1ldoz\u00f3papp\u00e1 szentelte Eredics Gerg\u0151, Forg\u00e1cs Bal\u00e1zs, Kiss G\u00e9za Imre, \u0150ri Imre \u00e9s Riesz Domonkos diak\u00f3nusokat, \u00e9s szerpapp\u00e1 B\u00e1rsony \u00c1rp\u00e1d, Farkas Ferenc \u00c1kos \u00e9s R\u00f3nasz\u00e9ki J\u00e1nos akolitusokat. A szentmis\u00e9n h\u00e1l\u00e1t adtak a jubil\u00e1ns paptestv\u00e9rek szolg\u00e1lat\u00e1\u00e9rt is. Az \u00fcnnepi szentmis\u00e9n koncelebr\u00e1ltak Cserh\u00e1ti Ferenc \u00e9s\" class=\"yoast-seo-meta-tag\" \/>\n<meta property=\"og:url\" content=\"https:\/\/dorogimedence.hu\/index.php\/2021\/06\/20\/papokat-es-diakonusokat-szenteltek-esztergomban\/\" class=\"yoast-seo-meta-tag\" \/>\n<meta property=\"og:site_name\" content=\"Dorogi-medence Region\u00e1lis H\u00edrport\u00e1l\" class=\"yoast-seo-meta-tag\" \/>\n<meta property=\"article:publisher\" content=\"https:\/\/www.facebook.com\/dorogimedence\/\" class=\"yoast-seo-meta-tag\" \/>\n<meta property=\"article:published_time\" content=\"2021-06-20T09:06:21+00:00\" class=\"yoast-seo-meta-tag\" \/>\n<meta property=\"article:modified_time\" content=\"2021-06-20T09:06:27+00:00\" class=\"yoast-seo-meta-tag\" \/>\n<meta property=\"og:image\" content=\"https:\/\/i0.wp.com\/dorogimedence.hu\/wp-content\/uploads\/2021\/06\/erdopeter-01.jpg?fit=850%2C566&ssl=1\" class=\"yoast-seo-meta-tag\" \/>\n\t<meta property=\"og:image:width\" content=\"850\" class=\"yoast-seo-meta-tag\" \/>\n\t<meta property=\"og:image:height\" content=\"566\" class=\"yoast-seo-meta-tag\" \/>\n\t<meta property=\"og:image:type\" content=\"image\/jpeg\" class=\"yoast-seo-meta-tag\" \/>\n<meta name=\"author\" content=\"dorogimedence.hu\" class=\"yoast-seo-meta-tag\" \/>\n<meta name=\"twitter:card\" content=\"summary_large_image\" class=\"yoast-seo-meta-tag\" \/>\n<meta name=\"twitter:label1\" content=\"Szerz\u0151:\" class=\"yoast-seo-meta-tag\" \/>\n\t<meta name=\"twitter:data1\" content=\"dorogimedence.hu\" class=\"yoast-seo-meta-tag\" \/>\n\t<meta name=\"twitter:label2\" content=\"Becs\u00fclt olvas\u00e1si id\u0151\" class=\"yoast-seo-meta-tag\" \/>\n\t<meta name=\"twitter:data2\" content=\"1 perc\" class=\"yoast-seo-meta-tag\" \/>\n<script type=\"application\/ld+json\" class=\"yoast-schema-graph\">{\"@context\":\"https:\\\/\\\/schema.org\",\"@graph\":[{\"@type\":\"Article\",\"@id\":\"https:\\\/\\\/dorogimedence.hu\\\/index.php\\\/2021\\\/06\\\/20\\\/papokat-es-diakonusokat-szenteltek-esztergomban\\\/#article\",\"isPartOf\":{\"@id\":\"https:\\\/\\\/dorogimedence.hu\\\/index.php\\\/2021\\\/06\\\/20\\\/papokat-es-diakonusokat-szenteltek-esztergomban\\\/\"},\"author\":{\"name\":\"dorogimedence.hu\",\"@id\":\"https:\\\/\\\/dorogimedence.hu\\\/#\\\/schema\\\/person\\\/ce6091eeb7e95ecdc87890d6aa8e0fd4\"},\"headline\":\"Papokat \u00e9s diak\u00f3nusokat szenteltek Esztergomban\",\"datePublished\":\"2021-06-20T09:06:21+00:00\",\"dateModified\":\"2021-06-20T09:06:27+00:00\",\"mainEntityOfPage\":{\"@id\":\"https:\\\/\\\/dorogimedence.hu\\\/index.php\\\/2021\\\/06\\\/20\\\/papokat-es-diakonusokat-szenteltek-esztergomban\\\/\"},\"wordCount\":273,\"publisher\":{\"@id\":\"https:\\\/\\\/dorogimedence.hu\\\/#organization\"},\"image\":{\"@id\":\"https:\\\/\\\/dorogimedence.hu\\\/index.php\\\/2021\\\/06\\\/20\\\/papokat-es-diakonusokat-szenteltek-esztergomban\\\/#primaryimage\"},\"thumbnailUrl\":\"https:\\\/\\\/dorogimedence.hu\\\/wp-content\\\/uploads\\\/2021\\\/06\\\/erdopeter-01.jpg\",\"keywords\":[\"egyh\u00e1z\",\"Erd\u0151 P\u00e9ter\",\"esztergom\",\"esztergomi bazilika\",\"katolikus egyh\u00e1z\",\"papszentel\u00e9s\"],\"articleSection\":[\"Esztergom\",\"H\u00edrek\"],\"inLanguage\":\"hu\"},{\"@type\":\"WebPage\",\"@id\":\"https:\\\/\\\/dorogimedence.hu\\\/index.php\\\/2021\\\/06\\\/20\\\/papokat-es-diakonusokat-szenteltek-esztergomban\\\/\",\"url\":\"https:\\\/\\\/dorogimedence.hu\\\/index.php\\\/2021\\\/06\\\/20\\\/papokat-es-diakonusokat-szenteltek-esztergomban\\\/\",\"name\":\"Papokat \u00e9s diak\u00f3nusokat szenteltek Esztergomban\",\"isPartOf\":{\"@id\":\"https:\\\/\\\/dorogimedence.hu\\\/#website\"},\"primaryImageOfPage\":{\"@id\":\"https:\\\/\\\/dorogimedence.hu\\\/index.php\\\/2021\\\/06\\\/20\\\/papokat-es-diakonusokat-szenteltek-esztergomban\\\/#primaryimage\"},\"image\":{\"@id\":\"https:\\\/\\\/dorogimedence.hu\\\/index.php\\\/2021\\\/06\\\/20\\\/papokat-es-diakonusokat-szenteltek-esztergomban\\\/#primaryimage\"},\"thumbnailUrl\":\"https:\\\/\\\/dorogimedence.hu\\\/wp-content\\\/uploads\\\/2021\\\/06\\\/erdopeter-01.jpg\",\"datePublished\":\"2021-06-20T09:06:21+00:00\",\"dateModified\":\"2021-06-20T09:06:27+00:00\",\"breadcrumb\":{\"@id\":\"https:\\\/\\\/dorogimedence.hu\\\/index.php\\\/2021\\\/06\\\/20\\\/papokat-es-diakonusokat-szenteltek-esztergomban\\\/#breadcrumb\"},\"inLanguage\":\"hu\",\"potentialAction\":[{\"@type\":\"ReadAction\",\"target\":[\"https:\\\/\\\/dorogimedence.hu\\\/index.php\\\/2021\\\/06\\\/20\\\/papokat-es-diakonusokat-szenteltek-esztergomban\\\/\"]}]},{\"@type\":\"ImageObject\",\"inLanguage\":\"hu\",\"@id\":\"https:\\\/\\\/dorogimedence.hu\\\/index.php\\\/2021\\\/06\\\/20\\\/papokat-es-diakonusokat-szenteltek-esztergomban\\\/#primaryimage\",\"url\":\"https:\\\/\\\/dorogimedence.hu\\\/wp-content\\\/uploads\\\/2021\\\/06\\\/erdopeter-01.jpg\",\"contentUrl\":\"https:\\\/\\\/dorogimedence.hu\\\/wp-content\\\/uploads\\\/2021\\\/06\\\/erdopeter-01.jpg\",\"width\":850,\"height\":566},{\"@type\":\"BreadcrumbList\",\"@id\":\"https:\\\/\\\/dorogimedence.hu\\\/index.php\\\/2021\\\/06\\\/20\\\/papokat-es-diakonusokat-szenteltek-esztergomban\\\/#breadcrumb\",\"itemListElement\":[{\"@type\":\"ListItem\",\"position\":1,\"name\":\"Kezd\u0151lap\",\"item\":\"https:\\\/\\\/dorogimedence.hu\\\/\"},{\"@type\":\"ListItem\",\"position\":2,\"name\":\"Papokat \u00e9s diak\u00f3nusokat szenteltek Esztergomban\"}]},{\"@type\":\"WebSite\",\"@id\":\"https:\\\/\\\/dorogimedence.hu\\\/#website\",\"url\":\"https:\\\/\\\/dorogimedence.hu\\\/\",\"name\":\"Dorogi-medence Region\u00e1lis H\u00edrport\u00e1l\",\"description\":\"Dorog, Keszt\u00f6lc, Le\u00e1nyv\u00e1r, Piliscs\u00e9v, Tokod, Tokodalt\u00e1r\u00f3, Csolnok, Esztergom-kertv\u00e1ros: h\u00edrek, programok\",\"publisher\":{\"@id\":\"https:\\\/\\\/dorogimedence.hu\\\/#organization\"},\"potentialAction\":[{\"@type\":\"SearchAction\",\"target\":{\"@type\":\"EntryPoint\",\"urlTemplate\":\"https:\\\/\\\/dorogimedence.hu\\\/?s={search_term_string}\"},\"query-input\":{\"@type\":\"PropertyValueSpecification\",\"valueRequired\":true,\"valueName\":\"search_term_string\"}}],\"inLanguage\":\"hu\"},{\"@type\":\"Organization\",\"@id\":\"https:\\\/\\\/dorogimedence.hu\\\/#organization\",\"name\":\"Dorogi-medence Region\u00e1lis H\u00edrport\u00e1l\",\"url\":\"https:\\\/\\\/dorogimedence.hu\\\/\",\"logo\":{\"@type\":\"ImageObject\",\"inLanguage\":\"hu\",\"@id\":\"https:\\\/\\\/dorogimedence.hu\\\/#\\\/schema\\\/logo\\\/image\\\/\",\"url\":\"https:\\\/\\\/dorogimedence.hu\\\/wp-content\\\/uploads\\\/2021\\\/04\\\/logo-feher-600.png\",\"contentUrl\":\"https:\\\/\\\/dorogimedence.hu\\\/wp-content\\\/uploads\\\/2021\\\/04\\\/logo-feher-600.png\",\"width\":600,\"height\":100,\"caption\":\"Dorogi-medence Region\u00e1lis H\u00edrport\u00e1l\"},\"image\":{\"@id\":\"https:\\\/\\\/dorogimedence.hu\\\/#\\\/schema\\\/logo\\\/image\\\/\"},\"sameAs\":[\"https:\\\/\\\/www.facebook.com\\\/dorogimedence\\\/\"]},{\"@type\":\"Person\",\"@id\":\"https:\\\/\\\/dorogimedence.hu\\\/#\\\/schema\\\/person\\\/ce6091eeb7e95ecdc87890d6aa8e0fd4\",\"name\":\"dorogimedence.hu\",\"image\":{\"@type\":\"ImageObject\",\"inLanguage\":\"hu\",\"@id\":\"\\\/\\\/www.gravatar.com\\\/avatar\\\/d8d45f8901aadff40a4af72c0b826f1d?s=96&#038;r=g&#038;d=mm\",\"url\":\"\\\/\\\/www.gravatar.com\\\/avatar\\\/d8d45f8901aadff40a4af72c0b826f1d?s=96&#038;r=g&#038;d=mm\",\"contentUrl\":\"\\\/\\\/www.gravatar.com\\\/avatar\\\/d8d45f8901aadff40a4af72c0b826f1d?s=96&#038;r=g&#038;d=mm\",\"caption\":\"dorogimedence.hu\"}}]}<\/script>\n<!-- \/ Yoast SEO plugin. -->","yoast_head_json":{"title":"Papokat \u00e9s diak\u00f3nusokat szenteltek Esztergomban","robots":{"index":"index","follow":"follow","max-snippet":"max-snippet:-1","max-image-preview":"max-image-preview:large","max-video-preview":"max-video-preview:-1"},"canonical":"https:\/\/dorogimedence.hu\/index.php\/2021\/06\/20\/papokat-es-diakonusokat-szenteltek-esztergomban\/","og_locale":"hu_HU","og_type":"article","og_title":"Papokat \u00e9s diak\u00f3nusokat szenteltek Esztergomban","og_description":"Erd\u0151 P\u00e9ter b\u00edboros, pr\u00edm\u00e1s j\u00fanius 19-\u00e9n, szombaton az esztergomi Nagyboldogasszony \u00e9s Szent Adalbert-f\u0151sz\u00e9kesegyh\u00e1zban \u00e1ldoz\u00f3papp\u00e1 szentelte Eredics Gerg\u0151, Forg\u00e1cs Bal\u00e1zs, Kiss G\u00e9za Imre, \u0150ri Imre \u00e9s Riesz Domonkos diak\u00f3nusokat, \u00e9s szerpapp\u00e1 B\u00e1rsony \u00c1rp\u00e1d, Farkas Ferenc \u00c1kos \u00e9s R\u00f3nasz\u00e9ki J\u00e1nos akolitusokat. A szentmis\u00e9n h\u00e1l\u00e1t adtak a jubil\u00e1ns paptestv\u00e9rek szolg\u00e1lat\u00e1\u00e9rt is. Az \u00fcnnepi szentmis\u00e9n koncelebr\u00e1ltak Cserh\u00e1ti Ferenc \u00e9s","og_url":"https:\/\/dorogimedence.hu\/index.php\/2021\/06\/20\/papokat-es-diakonusokat-szenteltek-esztergomban\/","og_site_name":"Dorogi-medence Region\u00e1lis H\u00edrport\u00e1l","article_publisher":"https:\/\/www.facebook.com\/dorogimedence\/","article_published_time":"2021-06-20T09:06:21+00:00","article_modified_time":"2021-06-20T09:06:27+00:00","og_image":[{"width":850,"height":566,"url":"https:\/\/i0.wp.com\/dorogimedence.hu\/wp-content\/uploads\/2021\/06\/erdopeter-01.jpg?fit=850%2C566&ssl=1","type":"image\/jpeg"}],"author":"dorogimedence.hu","twitter_card":"summary_large_image","twitter_misc":{"Szerz\u0151:":"dorogimedence.hu","Becs\u00fclt olvas\u00e1si id\u0151":"1 perc"},"schema":{"@context":"https:\/\/schema.org","@graph":[{"@type":"Article","@id":"https:\/\/dorogimedence.hu\/index.php\/2021\/06\/20\/papokat-es-diakonusokat-szenteltek-esztergomban\/#article","isPartOf":{"@id":"https:\/\/dorogimedence.hu\/index.php\/2021\/06\/20\/papokat-es-diakonusokat-szenteltek-esztergomban\/"},"author":{"name":"dorogimedence.hu","@id":"https:\/\/dorogimedence.hu\/#\/schema\/person\/ce6091eeb7e95ecdc87890d6aa8e0fd4"},"headline":"Papokat \u00e9s diak\u00f3nusokat szenteltek Esztergomban","datePublished":"2021-06-20T09:06:21+00:00","dateModified":"2021-06-20T09:06:27+00:00","mainEntityOfPage":{"@id":"https:\/\/dorogimedence.hu\/index.php\/2021\/06\/20\/papokat-es-diakonusokat-szenteltek-esztergomban\/"},"wordCount":273,"publisher":{"@id":"https:\/\/dorogimedence.hu\/#organization"},"image":{"@id":"https:\/\/dorogimedence.hu\/index.php\/2021\/06\/20\/papokat-es-diakonusokat-szenteltek-esztergomban\/#primaryimage"},"thumbnailUrl":"https:\/\/dorogimedence.hu\/wp-content\/uploads\/2021\/06\/erdopeter-01.jpg","keywords":["egyh\u00e1z","Erd\u0151 P\u00e9ter","esztergom","esztergomi bazilika","katolikus egyh\u00e1z","papszentel\u00e9s"],"articleSection":["Esztergom","H\u00edrek"],"inLanguage":"hu"},{"@type":"WebPage","@id":"https:\/\/dorogimedence.hu\/index.php\/2021\/06\/20\/papokat-es-diakonusokat-szenteltek-esztergomban\/","url":"https:\/\/dorogimedence.hu\/index.php\/2021\/06\/20\/papokat-es-diakonusokat-szenteltek-esztergomban\/","name":"Papokat \u00e9s diak\u00f3nusokat szenteltek Esztergomban","isPartOf":{"@id":"https:\/\/dorogimedence.hu\/#website"},"primaryImageOfPage":{"@id":"https:\/\/dorogimedence.hu\/index.php\/2021\/06\/20\/papokat-es-diakonusokat-szenteltek-esztergomban\/#primaryimage"},"image":{"@id":"https:\/\/dorogimedence.hu\/index.php\/2021\/06\/20\/papokat-es-diakonusokat-szenteltek-esztergomban\/#primaryimage"},"thumbnailUrl":"https:\/\/dorogimedence.hu\/wp-content\/uploads\/2021\/06\/erdopeter-01.jpg","datePublished":"2021-06-20T09:06:21+00:00","dateModified":"2021-06-20T09:06:27+00:00","breadcrumb":{"@id":"https:\/\/dorogimedence.hu\/index.php\/2021\/06\/20\/papokat-es-diakonusokat-szenteltek-esztergomban\/#breadcrumb"},"inLanguage":"hu","potentialAction":[{"@type":"ReadAction","target":["https:\/\/dorogimedence.hu\/index.php\/2021\/06\/20\/papokat-es-diakonusokat-szenteltek-esztergomban\/"]}]},{"@type":"ImageObject","inLanguage":"hu","@id":"https:\/\/dorogimedence.hu\/index.php\/2021\/06\/20\/papokat-es-diakonusokat-szenteltek-esztergomban\/#primaryimage","url":"https:\/\/dorogimedence.hu\/wp-content\/uploads\/2021\/06\/erdopeter-01.jpg","contentUrl":"https:\/\/dorogimedence.hu\/wp-content\/uploads\/2021\/06\/erdopeter-01.jpg","width":850,"height":566},{"@type":"BreadcrumbList","@id":"https:\/\/dorogimedence.hu\/index.php\/2021\/06\/20\/papokat-es-diakonusokat-szenteltek-esztergomban\/#breadcrumb","itemListElement":[{"@type":"ListItem","position":1,"name":"Kezd\u0151lap","item":"https:\/\/dorogimedence.hu\/"},{"@type":"ListItem","position":2,"name":"Papokat \u00e9s diak\u00f3nusokat szenteltek Esztergomban"}]},{"@type":"WebSite","@id":"https:\/\/dorogimedence.hu\/#website","url":"https:\/\/dorogimedence.hu\/","name":"Dorogi-medence Region\u00e1lis H\u00edrport\u00e1l","description":"Dorog, Keszt\u00f6lc, Le\u00e1nyv\u00e1r, Piliscs\u00e9v, Tokod, Tokodalt\u00e1r\u00f3, Csolnok, Esztergom-kertv\u00e1ros: h\u00edrek, programok","publisher":{"@id":"https:\/\/dorogimedence.hu\/#organization"},"potentialAction":[{"@type":"SearchAction","target":{"@type":"EntryPoint","urlTemplate":"https:\/\/dorogimedence.hu\/?s={search_term_string}"},"query-input":{"@type":"PropertyValueSpecification","valueRequired":true,"valueName":"search_term_string"}}],"inLanguage":"hu"},{"@type":"Organization","@id":"https:\/\/dorogimedence.hu\/#organization","name":"Dorogi-medence Region\u00e1lis H\u00edrport\u00e1l","url":"https:\/\/dorogimedence.hu\/","logo":{"@type":"ImageObject","inLanguage":"hu","@id":"https:\/\/dorogimedence.hu\/#\/schema\/logo\/image\/","url":"https:\/\/dorogimedence.hu\/wp-content\/uploads\/2021\/04\/logo-feher-600.png","contentUrl":"https:\/\/dorogimedence.hu\/wp-content\/uploads\/2021\/04\/logo-feher-600.png","width":600,"height":100,"caption":"Dorogi-medence Region\u00e1lis H\u00edrport\u00e1l"},"image":{"@id":"https:\/\/dorogimedence.hu\/#\/schema\/logo\/image\/"},"sameAs":["https:\/\/www.facebook.com\/dorogimedence\/"]},{"@type":"Person","@id":"https:\/\/dorogimedence.hu\/#\/schema\/person\/ce6091eeb7e95ecdc87890d6aa8e0fd4","name":"dorogimedence.hu","image":{"@type":"ImageObject","inLanguage":"hu","@id":"\/\/www.gravatar.com\/avatar\/d8d45f8901aadff40a4af72c0b826f1d?s=96&#038;r=g&#038;d=mm","url":"\/\/www.gravatar.com\/avatar\/d8d45f8901aadff40a4af72c0b826f1d?s=96&#038;r=g&#038;d=mm","contentUrl":"\/\/www.gravatar.com\/avatar\/d8d45f8901aadff40a4af72c0b826f1d?s=96&#038;r=g&#038;d=mm","caption":"dorogimedence.hu"}}]}},"_links":{"self":[{"href":"https:\/\/dorogimedence.hu\/index.php\/wp-json\/wp\/v2\/posts\/34123","targetHints":{"allow":["GET"]}}],"collection":[{"href":"https:\/\/dorogimedence.hu\/index.php\/wp-json\/wp\/v2\/posts"}],"about":[{"href":"https:\/\/dorogimedence.hu\/index.php\/wp-json\/wp\/v2\/types\/post"}],"author":[{"embeddable":true,"href":"https:\/\/dorogimedence.hu\/index.php\/wp-json\/wp\/v2\/users\/1"}],"replies":[{"embeddable":true,"href":"https:\/\/dorogimedence.hu\/index.php\/wp-json\/wp\/v2\/comments?post=34123"}],"version-history":[{"count":0,"href":"https:\/\/dorogimedence.hu\/index.php\/wp-json\/wp\/v2\/posts\/34123\/revisions"}],"wp:featuredmedia":[{"embeddable":true,"href":"https:\/\/dorogimedence.hu\/index.php\/wp-json\/wp\/v2\/media\/34126"}],"wp:attachment":[{"href":"https:\/\/dorogimedence.hu\/index.php\/wp-json\/wp\/v2\/media?parent=34123"}],"wp:term":[{"taxonomy":"category","embeddable":true,"href":"https:\/\/dorogimedence.hu\/index.php\/wp-json\/wp\/v2\/categories?post=34123"},{"taxonomy":"post_tag","embeddable":true,"href":"https:\/\/dorogimedence.hu\/index.php\/wp-json\/wp\/v2\/tags?post=34123"}],"curies":[{"name":"wp","href":"https:\/\/api.w.org\/{rel}","templated":true}]}}