{"id":34043,"date":"2021-06-17T14:22:04","date_gmt":"2021-06-17T12:22:04","guid":{"rendered":"https:\/\/dorogimedence.hu\/?p=34043"},"modified":"2021-06-17T15:00:17","modified_gmt":"2021-06-17T13:00:17","slug":"ittasan-kabitoszer-hatasa-alatt-okozta-a-baleseteket","status":"publish","type":"post","link":"https:\/\/dorogimedence.hu\/index.php\/2021\/06\/17\/ittasan-kabitoszer-hatasa-alatt-okozta-a-baleseteket\/","title":{"rendered":"Ittasan, k\u00e1b\u00edt\u00f3szer hat\u00e1sa alatt okozta a baleseteket"},"content":{"rendered":"<p><strong><a href=\"https:\/\/dorogimedence.hu\/index.php\/2021\/06\/16\/balesetet-okozott-elhajtott-majd-ismet-egy-autonak-csapodott\/\" target=\"_blank\" rel=\"noopener\"><span style=\"text-decoration: underline; color: #0000ff;\">Tegnap besz\u00e1moltunk r\u00f3la<\/span><\/a>, hogy egym\u00e1s ut\u00e1n k\u00e9t balesetet is okozott egy f\u00e9rfi. A rend\u0151rs\u00e9g mostani k\u00f6zlem\u00e9ny\u00e9b\u0151l kider\u00fclt, hogy a 30 \u00e9ves szlov\u00e1k sof\u0151rn\u00e9l alkalmazott alkohol- \u00e9s a k\u00e1b\u00edt\u00f3szerteszt is pozit\u00edv lett.<\/strong><\/p>\n<p>Szlov\u00e1kia fel\u0151l k\u00f6zlekedett az esztergomi M\u00e1ria Val\u00e9ria h\u00eddon egy szem\u00e9lyg\u00e9pkocsi 2021. j\u00fanius 16-\u00e1n 14 \u00f3ra 20 perckor. A 30 \u00e9ves j\u00e1rm\u0171vezet\u0151 a halad\u00e1sa sor\u00e1n nem tartott megfelel\u0151 oldalt\u00e1vols\u00e1got, \u00e1tt\u00e9rt a szemk\u00f6zti forgalmi s\u00e1vba \u00e9s \u00e9rint\u0151legesen neki\u00fctk\u00f6z\u00f6tt egy szem\u00e9lyg\u00e9pkocsinak. A balesetet a h\u00eddon szolg\u00e1latot teljes\u00edt\u0151 rend\u0151r l\u00e1tta \u00e9s pr\u00f3b\u00e1lta meg\u00e1ll\u00edtani a szlov\u00e1k honoss\u00e1g\u00fa j\u00e1rm\u0171vet. Annak vezet\u0151je a rend\u0151ri karjelz\u00e9seket figyelmen k\u00edv\u00fcl hagyta \u00e9s elhajtott. Az okoz\u00f3 j\u00e1rm\u0171vel kapcsolatban a rend\u0151r\u00f6k a koll\u00e9g\u00e1jukt\u00f3l kaptak inform\u00e1ci\u00f3kat, a tov\u00e1bbi rend\u0151ri egys\u00e9gek a v\u00e1rosban keresni kezdt\u00e9k a szem\u00e9lyg\u00e9pkocsit. Alig 8 perc eltelt\u00e9vel a rend\u0151r\u00f6k egy m\u00e1sik s\u00e9r\u00fclt aut\u00f3t tal\u00e1ltak, ennek h\u00e1tulr\u00f3l hajtott neki a szlov\u00e1k f\u00e9rfi.<\/p>\n<p><img fetchpriority=\"high\" decoding=\"async\" class=\"alignnone size-full wp-image-34045\" src=\"https:\/\/dorogimedence.hu\/wp-content\/uploads\/2021\/06\/egom-baleset-2.jpg\" alt=\"\" width=\"751\" height=\"388\" srcset=\"https:\/\/dorogimedence.hu\/wp-content\/uploads\/2021\/06\/egom-baleset-2.jpg 751w, https:\/\/dorogimedence.hu\/wp-content\/uploads\/2021\/06\/egom-baleset-2-300x155.jpg 300w, https:\/\/dorogimedence.hu\/wp-content\/uploads\/2021\/06\/egom-baleset-2-150x77.jpg 150w, https:\/\/dorogimedence.hu\/wp-content\/uploads\/2021\/06\/egom-baleset-2-450x232.jpg 450w\" sizes=\"(max-width: 751px) 100vw, 751px\" \/><\/p>\n<p>Az esztergomi rend\u0151r\u00f6k a 30 \u00e9ves sof\u0151r menek\u00fcl\u00e9si \u00fatj\u00e1t el\u00e1llt\u00e1k, \u0151t megbilincselt\u00e9k. A vele szemben alkalmazott alkoholszonda \u00e9s k\u00e1b\u00edt\u00f3szerteszt is pozit\u00edv eredm\u00e9nyt jelezett. A f\u00e9rfit tov\u00e1bbi mintav\u00e9telre egy eg\u00e9szs\u00e9g\u00fcgyi int\u00e9zm\u00e9nybe el\u0151\u00e1ll\u00edtott\u00e1k. A k\u00e9t baleset sor\u00e1n anyagi k\u00e1r keletkezett. Az esztergomi rend\u0151rkapit\u00e1nys\u00e1g az \u00fcgyben b\u00fcntet\u0151elj\u00e1r\u00e1st ind\u00edtott j\u00e1rm\u0171vezet\u00e9s ittas \u00e1llapotban b\u0171ncselekm\u00e9ny miatt. A rend\u0151r\u00f6k a f\u00e9rfi vezet\u0151i enged\u00e9ly\u00e9t elvett\u00e9k \u00e9s szak\u00e9rt\u0151 bevon\u00e1s\u00e1val vizsg\u00e1lj\u00e1k, hogy a j\u00e1rm\u0171vezet\u00e9s b\u00f3dult \u00e1llapotban b\u0171ncselekm\u00e9ny megval\u00f3sult-e.<\/p>\n<p><em>Fot\u00f3k, forr\u00e1s: police.hu<\/em><\/p>\n","protected":false},"excerpt":{"rendered":"<p>Tegnap besz\u00e1moltunk r\u00f3la, hogy egym\u00e1s ut\u00e1n k\u00e9t balesetet is okozott egy f\u00e9rfi. A rend\u0151rs\u00e9g mostani k\u00f6zlem\u00e9ny\u00e9b\u0151l kider\u00fclt, hogy a 30 \u00e9ves szlov\u00e1k sof\u0151rn\u00e9l alkalmazott alkohol- \u00e9s a k\u00e1b\u00edt\u00f3szerteszt is pozit\u00edv lett. Szlov\u00e1kia fel\u0151l k\u00f6zlekedett az esztergomi M\u00e1ria Val\u00e9ria h\u00eddon egy szem\u00e9lyg\u00e9pkocsi 2021. j\u00fanius 16-\u00e1n 14 \u00f3ra 20 perckor. A 30 \u00e9ves j\u00e1rm\u0171vezet\u0151 a halad\u00e1sa sor\u00e1n<\/p>\n","protected":false},"author":1,"featured_media":34044,"comment_status":"closed","ping_status":"closed","sticky":false,"template":"","format":"standard","meta":{"ngg_post_thumbnail":0,"footnotes":""},"categories":[38,3,39],"tags":[45,44,42,5624,164,61],"class_list":{"0":"post-34043","1":"post","2":"type-post","3":"status-publish","4":"format-standard","5":"has-post-thumbnail","7":"category-esztergom","8":"category-hirek","9":"category-kek-hirek","10":"tag-autobaleset","11":"tag-baleset","12":"tag-esztergom","13":"tag-featured","14":"tag-ittas-vezetes","15":"tag-rendorsegi-hirek"},"yoast_head":"<!-- This site is optimized with the Yoast SEO plugin v27.4 - https:\/\/yoast.com\/product\/yoast-seo-wordpress\/ -->\n<title>Ittasan, k\u00e1b\u00edt\u00f3szer hat\u00e1sa alatt okozta a baleseteket<\/title>\n<meta name=\"robots\" content=\"index, follow, max-snippet:-1, max-image-preview:large, max-video-preview:-1\" \/>\n<link rel=\"canonical\" href=\"https:\/\/dorogimedence.hu\/index.php\/2021\/06\/17\/ittasan-kabitoszer-hatasa-alatt-okozta-a-baleseteket\/\" class=\"yoast-seo-meta-tag\" \/>\n<meta property=\"og:locale\" content=\"hu_HU\" class=\"yoast-seo-meta-tag\" \/>\n<meta property=\"og:type\" content=\"article\" class=\"yoast-seo-meta-tag\" \/>\n<meta property=\"og:title\" content=\"Ittasan, k\u00e1b\u00edt\u00f3szer hat\u00e1sa alatt okozta a baleseteket\" class=\"yoast-seo-meta-tag\" \/>\n<meta property=\"og:description\" content=\"Tegnap besz\u00e1moltunk r\u00f3la, hogy egym\u00e1s ut\u00e1n k\u00e9t balesetet is okozott egy f\u00e9rfi. A rend\u0151rs\u00e9g mostani k\u00f6zlem\u00e9ny\u00e9b\u0151l kider\u00fclt, hogy a 30 \u00e9ves szlov\u00e1k sof\u0151rn\u00e9l alkalmazott alkohol- \u00e9s a k\u00e1b\u00edt\u00f3szerteszt is pozit\u00edv lett. Szlov\u00e1kia fel\u0151l k\u00f6zlekedett az esztergomi M\u00e1ria Val\u00e9ria h\u00eddon egy szem\u00e9lyg\u00e9pkocsi 2021. j\u00fanius 16-\u00e1n 14 \u00f3ra 20 perckor. A 30 \u00e9ves j\u00e1rm\u0171vezet\u0151 a halad\u00e1sa sor\u00e1n\" class=\"yoast-seo-meta-tag\" \/>\n<meta property=\"og:url\" content=\"https:\/\/dorogimedence.hu\/index.php\/2021\/06\/17\/ittasan-kabitoszer-hatasa-alatt-okozta-a-baleseteket\/\" class=\"yoast-seo-meta-tag\" \/>\n<meta property=\"og:site_name\" content=\"Dorogi-medence Region\u00e1lis H\u00edrport\u00e1l\" class=\"yoast-seo-meta-tag\" \/>\n<meta property=\"article:publisher\" content=\"https:\/\/www.facebook.com\/dorogimedence\/\" class=\"yoast-seo-meta-tag\" \/>\n<meta property=\"article:published_time\" content=\"2021-06-17T12:22:04+00:00\" class=\"yoast-seo-meta-tag\" \/>\n<meta property=\"article:modified_time\" content=\"2021-06-17T13:00:17+00:00\" class=\"yoast-seo-meta-tag\" \/>\n<meta property=\"og:image\" content=\"https:\/\/i0.wp.com\/dorogimedence.hu\/wp-content\/uploads\/2021\/06\/egom-baleset-3.jpg?fit=751%2C500&ssl=1\" class=\"yoast-seo-meta-tag\" \/>\n\t<meta property=\"og:image:width\" content=\"751\" class=\"yoast-seo-meta-tag\" \/>\n\t<meta property=\"og:image:height\" content=\"500\" class=\"yoast-seo-meta-tag\" \/>\n\t<meta property=\"og:image:type\" content=\"image\/jpeg\" class=\"yoast-seo-meta-tag\" \/>\n<meta name=\"author\" content=\"dorogimedence.hu\" class=\"yoast-seo-meta-tag\" \/>\n<meta name=\"twitter:card\" content=\"summary_large_image\" class=\"yoast-seo-meta-tag\" \/>\n<meta name=\"twitter:label1\" content=\"Szerz\u0151:\" class=\"yoast-seo-meta-tag\" \/>\n\t<meta name=\"twitter:data1\" content=\"dorogimedence.hu\" class=\"yoast-seo-meta-tag\" \/>\n\t<meta name=\"twitter:label2\" content=\"Becs\u00fclt olvas\u00e1si id\u0151\" class=\"yoast-seo-meta-tag\" \/>\n\t<meta name=\"twitter:data2\" content=\"2 perc\" class=\"yoast-seo-meta-tag\" \/>\n<script type=\"application\/ld+json\" class=\"yoast-schema-graph\">{\"@context\":\"https:\\\/\\\/schema.org\",\"@graph\":[{\"@type\":\"Article\",\"@id\":\"https:\\\/\\\/dorogimedence.hu\\\/index.php\\\/2021\\\/06\\\/17\\\/ittasan-kabitoszer-hatasa-alatt-okozta-a-baleseteket\\\/#article\",\"isPartOf\":{\"@id\":\"https:\\\/\\\/dorogimedence.hu\\\/index.php\\\/2021\\\/06\\\/17\\\/ittasan-kabitoszer-hatasa-alatt-okozta-a-baleseteket\\\/\"},\"author\":{\"name\":\"dorogimedence.hu\",\"@id\":\"https:\\\/\\\/dorogimedence.hu\\\/#\\\/schema\\\/person\\\/ce6091eeb7e95ecdc87890d6aa8e0fd4\"},\"headline\":\"Ittasan, k\u00e1b\u00edt\u00f3szer hat\u00e1sa alatt okozta a baleseteket\",\"datePublished\":\"2021-06-17T12:22:04+00:00\",\"dateModified\":\"2021-06-17T13:00:17+00:00\",\"mainEntityOfPage\":{\"@id\":\"https:\\\/\\\/dorogimedence.hu\\\/index.php\\\/2021\\\/06\\\/17\\\/ittasan-kabitoszer-hatasa-alatt-okozta-a-baleseteket\\\/\"},\"wordCount\":361,\"publisher\":{\"@id\":\"https:\\\/\\\/dorogimedence.hu\\\/#organization\"},\"image\":{\"@id\":\"https:\\\/\\\/dorogimedence.hu\\\/index.php\\\/2021\\\/06\\\/17\\\/ittasan-kabitoszer-hatasa-alatt-okozta-a-baleseteket\\\/#primaryimage\"},\"thumbnailUrl\":\"https:\\\/\\\/dorogimedence.hu\\\/wp-content\\\/uploads\\\/2021\\\/06\\\/egom-baleset-3.jpg\",\"keywords\":[\"aut\u00f3baleset\",\"baleset\",\"esztergom\",\"featured\",\"ittas vezet\u00e9s\",\"rend\u0151rs\u00e9gi h\u00edrek\"],\"articleSection\":[\"Esztergom\",\"H\u00edrek\",\"K\u00e9k h\u00edrek\"],\"inLanguage\":\"hu\"},{\"@type\":\"WebPage\",\"@id\":\"https:\\\/\\\/dorogimedence.hu\\\/index.php\\\/2021\\\/06\\\/17\\\/ittasan-kabitoszer-hatasa-alatt-okozta-a-baleseteket\\\/\",\"url\":\"https:\\\/\\\/dorogimedence.hu\\\/index.php\\\/2021\\\/06\\\/17\\\/ittasan-kabitoszer-hatasa-alatt-okozta-a-baleseteket\\\/\",\"name\":\"Ittasan, k\u00e1b\u00edt\u00f3szer hat\u00e1sa alatt okozta a baleseteket\",\"isPartOf\":{\"@id\":\"https:\\\/\\\/dorogimedence.hu\\\/#website\"},\"primaryImageOfPage\":{\"@id\":\"https:\\\/\\\/dorogimedence.hu\\\/index.php\\\/2021\\\/06\\\/17\\\/ittasan-kabitoszer-hatasa-alatt-okozta-a-baleseteket\\\/#primaryimage\"},\"image\":{\"@id\":\"https:\\\/\\\/dorogimedence.hu\\\/index.php\\\/2021\\\/06\\\/17\\\/ittasan-kabitoszer-hatasa-alatt-okozta-a-baleseteket\\\/#primaryimage\"},\"thumbnailUrl\":\"https:\\\/\\\/dorogimedence.hu\\\/wp-content\\\/uploads\\\/2021\\\/06\\\/egom-baleset-3.jpg\",\"datePublished\":\"2021-06-17T12:22:04+00:00\",\"dateModified\":\"2021-06-17T13:00:17+00:00\",\"breadcrumb\":{\"@id\":\"https:\\\/\\\/dorogimedence.hu\\\/index.php\\\/2021\\\/06\\\/17\\\/ittasan-kabitoszer-hatasa-alatt-okozta-a-baleseteket\\\/#breadcrumb\"},\"inLanguage\":\"hu\",\"potentialAction\":[{\"@type\":\"ReadAction\",\"target\":[\"https:\\\/\\\/dorogimedence.hu\\\/index.php\\\/2021\\\/06\\\/17\\\/ittasan-kabitoszer-hatasa-alatt-okozta-a-baleseteket\\\/\"]}]},{\"@type\":\"ImageObject\",\"inLanguage\":\"hu\",\"@id\":\"https:\\\/\\\/dorogimedence.hu\\\/index.php\\\/2021\\\/06\\\/17\\\/ittasan-kabitoszer-hatasa-alatt-okozta-a-baleseteket\\\/#primaryimage\",\"url\":\"https:\\\/\\\/dorogimedence.hu\\\/wp-content\\\/uploads\\\/2021\\\/06\\\/egom-baleset-3.jpg\",\"contentUrl\":\"https:\\\/\\\/dorogimedence.hu\\\/wp-content\\\/uploads\\\/2021\\\/06\\\/egom-baleset-3.jpg\",\"width\":751,\"height\":500},{\"@type\":\"BreadcrumbList\",\"@id\":\"https:\\\/\\\/dorogimedence.hu\\\/index.php\\\/2021\\\/06\\\/17\\\/ittasan-kabitoszer-hatasa-alatt-okozta-a-baleseteket\\\/#breadcrumb\",\"itemListElement\":[{\"@type\":\"ListItem\",\"position\":1,\"name\":\"Kezd\u0151lap\",\"item\":\"https:\\\/\\\/dorogimedence.hu\\\/\"},{\"@type\":\"ListItem\",\"position\":2,\"name\":\"Ittasan, k\u00e1b\u00edt\u00f3szer hat\u00e1sa alatt okozta a baleseteket\"}]},{\"@type\":\"WebSite\",\"@id\":\"https:\\\/\\\/dorogimedence.hu\\\/#website\",\"url\":\"https:\\\/\\\/dorogimedence.hu\\\/\",\"name\":\"Dorogi-medence Region\u00e1lis H\u00edrport\u00e1l\",\"description\":\"Dorog, Keszt\u00f6lc, Le\u00e1nyv\u00e1r, Piliscs\u00e9v, Tokod, Tokodalt\u00e1r\u00f3, Csolnok, Esztergom-kertv\u00e1ros: h\u00edrek, programok\",\"publisher\":{\"@id\":\"https:\\\/\\\/dorogimedence.hu\\\/#organization\"},\"potentialAction\":[{\"@type\":\"SearchAction\",\"target\":{\"@type\":\"EntryPoint\",\"urlTemplate\":\"https:\\\/\\\/dorogimedence.hu\\\/?s={search_term_string}\"},\"query-input\":{\"@type\":\"PropertyValueSpecification\",\"valueRequired\":true,\"valueName\":\"search_term_string\"}}],\"inLanguage\":\"hu\"},{\"@type\":\"Organization\",\"@id\":\"https:\\\/\\\/dorogimedence.hu\\\/#organization\",\"name\":\"Dorogi-medence Region\u00e1lis H\u00edrport\u00e1l\",\"url\":\"https:\\\/\\\/dorogimedence.hu\\\/\",\"logo\":{\"@type\":\"ImageObject\",\"inLanguage\":\"hu\",\"@id\":\"https:\\\/\\\/dorogimedence.hu\\\/#\\\/schema\\\/logo\\\/image\\\/\",\"url\":\"https:\\\/\\\/dorogimedence.hu\\\/wp-content\\\/uploads\\\/2021\\\/04\\\/logo-feher-600.png\",\"contentUrl\":\"https:\\\/\\\/dorogimedence.hu\\\/wp-content\\\/uploads\\\/2021\\\/04\\\/logo-feher-600.png\",\"width\":600,\"height\":100,\"caption\":\"Dorogi-medence Region\u00e1lis H\u00edrport\u00e1l\"},\"image\":{\"@id\":\"https:\\\/\\\/dorogimedence.hu\\\/#\\\/schema\\\/logo\\\/image\\\/\"},\"sameAs\":[\"https:\\\/\\\/www.facebook.com\\\/dorogimedence\\\/\"]},{\"@type\":\"Person\",\"@id\":\"https:\\\/\\\/dorogimedence.hu\\\/#\\\/schema\\\/person\\\/ce6091eeb7e95ecdc87890d6aa8e0fd4\",\"name\":\"dorogimedence.hu\",\"image\":{\"@type\":\"ImageObject\",\"inLanguage\":\"hu\",\"@id\":\"\\\/\\\/www.gravatar.com\\\/avatar\\\/d8d45f8901aadff40a4af72c0b826f1d?s=96&#038;r=g&#038;d=mm\",\"url\":\"\\\/\\\/www.gravatar.com\\\/avatar\\\/d8d45f8901aadff40a4af72c0b826f1d?s=96&#038;r=g&#038;d=mm\",\"contentUrl\":\"\\\/\\\/www.gravatar.com\\\/avatar\\\/d8d45f8901aadff40a4af72c0b826f1d?s=96&#038;r=g&#038;d=mm\",\"caption\":\"dorogimedence.hu\"}}]}<\/script>\n<!-- \/ Yoast SEO plugin. -->","yoast_head_json":{"title":"Ittasan, k\u00e1b\u00edt\u00f3szer hat\u00e1sa alatt okozta a baleseteket","robots":{"index":"index","follow":"follow","max-snippet":"max-snippet:-1","max-image-preview":"max-image-preview:large","max-video-preview":"max-video-preview:-1"},"canonical":"https:\/\/dorogimedence.hu\/index.php\/2021\/06\/17\/ittasan-kabitoszer-hatasa-alatt-okozta-a-baleseteket\/","og_locale":"hu_HU","og_type":"article","og_title":"Ittasan, k\u00e1b\u00edt\u00f3szer hat\u00e1sa alatt okozta a baleseteket","og_description":"Tegnap besz\u00e1moltunk r\u00f3la, hogy egym\u00e1s ut\u00e1n k\u00e9t balesetet is okozott egy f\u00e9rfi. A rend\u0151rs\u00e9g mostani k\u00f6zlem\u00e9ny\u00e9b\u0151l kider\u00fclt, hogy a 30 \u00e9ves szlov\u00e1k sof\u0151rn\u00e9l alkalmazott alkohol- \u00e9s a k\u00e1b\u00edt\u00f3szerteszt is pozit\u00edv lett. Szlov\u00e1kia fel\u0151l k\u00f6zlekedett az esztergomi M\u00e1ria Val\u00e9ria h\u00eddon egy szem\u00e9lyg\u00e9pkocsi 2021. j\u00fanius 16-\u00e1n 14 \u00f3ra 20 perckor. A 30 \u00e9ves j\u00e1rm\u0171vezet\u0151 a halad\u00e1sa sor\u00e1n","og_url":"https:\/\/dorogimedence.hu\/index.php\/2021\/06\/17\/ittasan-kabitoszer-hatasa-alatt-okozta-a-baleseteket\/","og_site_name":"Dorogi-medence Region\u00e1lis H\u00edrport\u00e1l","article_publisher":"https:\/\/www.facebook.com\/dorogimedence\/","article_published_time":"2021-06-17T12:22:04+00:00","article_modified_time":"2021-06-17T13:00:17+00:00","og_image":[{"width":751,"height":500,"url":"https:\/\/i0.wp.com\/dorogimedence.hu\/wp-content\/uploads\/2021\/06\/egom-baleset-3.jpg?fit=751%2C500&ssl=1","type":"image\/jpeg"}],"author":"dorogimedence.hu","twitter_card":"summary_large_image","twitter_misc":{"Szerz\u0151:":"dorogimedence.hu","Becs\u00fclt olvas\u00e1si id\u0151":"2 perc"},"schema":{"@context":"https:\/\/schema.org","@graph":[{"@type":"Article","@id":"https:\/\/dorogimedence.hu\/index.php\/2021\/06\/17\/ittasan-kabitoszer-hatasa-alatt-okozta-a-baleseteket\/#article","isPartOf":{"@id":"https:\/\/dorogimedence.hu\/index.php\/2021\/06\/17\/ittasan-kabitoszer-hatasa-alatt-okozta-a-baleseteket\/"},"author":{"name":"dorogimedence.hu","@id":"https:\/\/dorogimedence.hu\/#\/schema\/person\/ce6091eeb7e95ecdc87890d6aa8e0fd4"},"headline":"Ittasan, k\u00e1b\u00edt\u00f3szer hat\u00e1sa alatt okozta a baleseteket","datePublished":"2021-06-17T12:22:04+00:00","dateModified":"2021-06-17T13:00:17+00:00","mainEntityOfPage":{"@id":"https:\/\/dorogimedence.hu\/index.php\/2021\/06\/17\/ittasan-kabitoszer-hatasa-alatt-okozta-a-baleseteket\/"},"wordCount":361,"publisher":{"@id":"https:\/\/dorogimedence.hu\/#organization"},"image":{"@id":"https:\/\/dorogimedence.hu\/index.php\/2021\/06\/17\/ittasan-kabitoszer-hatasa-alatt-okozta-a-baleseteket\/#primaryimage"},"thumbnailUrl":"https:\/\/dorogimedence.hu\/wp-content\/uploads\/2021\/06\/egom-baleset-3.jpg","keywords":["aut\u00f3baleset","baleset","esztergom","featured","ittas vezet\u00e9s","rend\u0151rs\u00e9gi h\u00edrek"],"articleSection":["Esztergom","H\u00edrek","K\u00e9k h\u00edrek"],"inLanguage":"hu"},{"@type":"WebPage","@id":"https:\/\/dorogimedence.hu\/index.php\/2021\/06\/17\/ittasan-kabitoszer-hatasa-alatt-okozta-a-baleseteket\/","url":"https:\/\/dorogimedence.hu\/index.php\/2021\/06\/17\/ittasan-kabitoszer-hatasa-alatt-okozta-a-baleseteket\/","name":"Ittasan, k\u00e1b\u00edt\u00f3szer hat\u00e1sa alatt okozta a baleseteket","isPartOf":{"@id":"https:\/\/dorogimedence.hu\/#website"},"primaryImageOfPage":{"@id":"https:\/\/dorogimedence.hu\/index.php\/2021\/06\/17\/ittasan-kabitoszer-hatasa-alatt-okozta-a-baleseteket\/#primaryimage"},"image":{"@id":"https:\/\/dorogimedence.hu\/index.php\/2021\/06\/17\/ittasan-kabitoszer-hatasa-alatt-okozta-a-baleseteket\/#primaryimage"},"thumbnailUrl":"https:\/\/dorogimedence.hu\/wp-content\/uploads\/2021\/06\/egom-baleset-3.jpg","datePublished":"2021-06-17T12:22:04+00:00","dateModified":"2021-06-17T13:00:17+00:00","breadcrumb":{"@id":"https:\/\/dorogimedence.hu\/index.php\/2021\/06\/17\/ittasan-kabitoszer-hatasa-alatt-okozta-a-baleseteket\/#breadcrumb"},"inLanguage":"hu","potentialAction":[{"@type":"ReadAction","target":["https:\/\/dorogimedence.hu\/index.php\/2021\/06\/17\/ittasan-kabitoszer-hatasa-alatt-okozta-a-baleseteket\/"]}]},{"@type":"ImageObject","inLanguage":"hu","@id":"https:\/\/dorogimedence.hu\/index.php\/2021\/06\/17\/ittasan-kabitoszer-hatasa-alatt-okozta-a-baleseteket\/#primaryimage","url":"https:\/\/dorogimedence.hu\/wp-content\/uploads\/2021\/06\/egom-baleset-3.jpg","contentUrl":"https:\/\/dorogimedence.hu\/wp-content\/uploads\/2021\/06\/egom-baleset-3.jpg","width":751,"height":500},{"@type":"BreadcrumbList","@id":"https:\/\/dorogimedence.hu\/index.php\/2021\/06\/17\/ittasan-kabitoszer-hatasa-alatt-okozta-a-baleseteket\/#breadcrumb","itemListElement":[{"@type":"ListItem","position":1,"name":"Kezd\u0151lap","item":"https:\/\/dorogimedence.hu\/"},{"@type":"ListItem","position":2,"name":"Ittasan, k\u00e1b\u00edt\u00f3szer hat\u00e1sa alatt okozta a baleseteket"}]},{"@type":"WebSite","@id":"https:\/\/dorogimedence.hu\/#website","url":"https:\/\/dorogimedence.hu\/","name":"Dorogi-medence Region\u00e1lis H\u00edrport\u00e1l","description":"Dorog, Keszt\u00f6lc, Le\u00e1nyv\u00e1r, Piliscs\u00e9v, Tokod, Tokodalt\u00e1r\u00f3, Csolnok, Esztergom-kertv\u00e1ros: h\u00edrek, programok","publisher":{"@id":"https:\/\/dorogimedence.hu\/#organization"},"potentialAction":[{"@type":"SearchAction","target":{"@type":"EntryPoint","urlTemplate":"https:\/\/dorogimedence.hu\/?s={search_term_string}"},"query-input":{"@type":"PropertyValueSpecification","valueRequired":true,"valueName":"search_term_string"}}],"inLanguage":"hu"},{"@type":"Organization","@id":"https:\/\/dorogimedence.hu\/#organization","name":"Dorogi-medence Region\u00e1lis H\u00edrport\u00e1l","url":"https:\/\/dorogimedence.hu\/","logo":{"@type":"ImageObject","inLanguage":"hu","@id":"https:\/\/dorogimedence.hu\/#\/schema\/logo\/image\/","url":"https:\/\/dorogimedence.hu\/wp-content\/uploads\/2021\/04\/logo-feher-600.png","contentUrl":"https:\/\/dorogimedence.hu\/wp-content\/uploads\/2021\/04\/logo-feher-600.png","width":600,"height":100,"caption":"Dorogi-medence Region\u00e1lis H\u00edrport\u00e1l"},"image":{"@id":"https:\/\/dorogimedence.hu\/#\/schema\/logo\/image\/"},"sameAs":["https:\/\/www.facebook.com\/dorogimedence\/"]},{"@type":"Person","@id":"https:\/\/dorogimedence.hu\/#\/schema\/person\/ce6091eeb7e95ecdc87890d6aa8e0fd4","name":"dorogimedence.hu","image":{"@type":"ImageObject","inLanguage":"hu","@id":"\/\/www.gravatar.com\/avatar\/d8d45f8901aadff40a4af72c0b826f1d?s=96&#038;r=g&#038;d=mm","url":"\/\/www.gravatar.com\/avatar\/d8d45f8901aadff40a4af72c0b826f1d?s=96&#038;r=g&#038;d=mm","contentUrl":"\/\/www.gravatar.com\/avatar\/d8d45f8901aadff40a4af72c0b826f1d?s=96&#038;r=g&#038;d=mm","caption":"dorogimedence.hu"}}]}},"_links":{"self":[{"href":"https:\/\/dorogimedence.hu\/index.php\/wp-json\/wp\/v2\/posts\/34043","targetHints":{"allow":["GET"]}}],"collection":[{"href":"https:\/\/dorogimedence.hu\/index.php\/wp-json\/wp\/v2\/posts"}],"about":[{"href":"https:\/\/dorogimedence.hu\/index.php\/wp-json\/wp\/v2\/types\/post"}],"author":[{"embeddable":true,"href":"https:\/\/dorogimedence.hu\/index.php\/wp-json\/wp\/v2\/users\/1"}],"replies":[{"embeddable":true,"href":"https:\/\/dorogimedence.hu\/index.php\/wp-json\/wp\/v2\/comments?post=34043"}],"version-history":[{"count":0,"href":"https:\/\/dorogimedence.hu\/index.php\/wp-json\/wp\/v2\/posts\/34043\/revisions"}],"wp:featuredmedia":[{"embeddable":true,"href":"https:\/\/dorogimedence.hu\/index.php\/wp-json\/wp\/v2\/media\/34044"}],"wp:attachment":[{"href":"https:\/\/dorogimedence.hu\/index.php\/wp-json\/wp\/v2\/media?parent=34043"}],"wp:term":[{"taxonomy":"category","embeddable":true,"href":"https:\/\/dorogimedence.hu\/index.php\/wp-json\/wp\/v2\/categories?post=34043"},{"taxonomy":"post_tag","embeddable":true,"href":"https:\/\/dorogimedence.hu\/index.php\/wp-json\/wp\/v2\/tags?post=34043"}],"curies":[{"name":"wp","href":"https:\/\/api.w.org\/{rel}","templated":true}]}}