{"id":34033,"date":"2021-06-17T12:07:10","date_gmt":"2021-06-17T10:07:10","guid":{"rendered":"https:\/\/dorogimedence.hu\/?p=34033"},"modified":"2021-06-17T12:07:52","modified_gmt":"2021-06-17T10:07:52","slug":"muzeumok-ejszakaja-esztergomban-3","status":"publish","type":"post","link":"https:\/\/dorogimedence.hu\/index.php\/2021\/06\/17\/muzeumok-ejszakaja-esztergomban-3\/","title":{"rendered":"M\u00fazeumok \u00c9jszak\u00e1ja Esztergomban"},"content":{"rendered":"<div class=\"item_introtext\">\n<p><strong>Az elm\u00falt \u00e9v kihagy\u00e1sa ut\u00e1n, id\u00e9n \u00fajra lesz M\u00fazeumok \u00c9jszak\u00e1ja Esztergomban. A v\u00e1ros m\u00fazeumai ism\u00e9t k\u00f6z\u00f6s szervez\u00e9sben rendezik meg az \u00e9vek \u00f3ta nagy sikernek \u00f6rvend\u0151 esem\u00e9nyt, \u00e9s 11 helysz\u00ednen v\u00e1rj\u00e1k a l\u00e1togat\u00f3kat. Esztergom V\u00e1ros \u00d6nkorm\u00e1nyzat\u00e1nak k\u00f6sz\u00f6nhet\u0151en ism\u00e9t v\u00e1rosn\u00e9z\u0151 kisvonat seg\u00edti majd a l\u00e1togat\u00f3k k\u00f6zleked\u00e9s\u00e9t, mely szinte elmaradhatatlan k\u00eds\u00e9r\u0151je az esztergomi M\u00fazeumok \u00c9jszak\u00e1ja \u00e9lm\u00e9nynek.<\/strong><\/p>\n<\/div>\n<div class=\"item_fulltext\">\n<p>A m\u00fazeumok \u00e9s ki\u00e1ll\u00edt\u00f3 helyek sz\u00ednes programokkal v\u00e1rj\u00e1k az \u00e9rdekl\u0151d\u0151ket: \u201eMese az egyszarv\u00far\u00f3l\u201d, \u201eZsebl\u00e1mp\u00e1val az Altemplomban\u201d, \u201eT\u00fal\u00e9ln\u00e9d a k\u00f6z\u00e9pkort?\u201d, \u201e\u00c1llati j\u00f3 m\u00f3ka\u201d, \u201eVirtu\u00e1lis utaz\u00e1s t\u00e9rben \u00e9s id\u0151ben\u201d &#8211; olvashat\u00f3 a r\u00e9szletes programban. Minden helysz\u00ednen a csal\u00e1dok, a fiatalok figyelm\u00e9t igyekeznek felkelteni k\u00fcl\u00f6nf\u00e9le j\u00e1t\u00e9kok, foglalkoz\u00e1sok, m\u0171sorok \u00e9jf\u00e9lig tart\u00f3 sorozat\u00e1val. Koncertek, kamara sz\u00edndarab, filmvet\u00edt\u00e9sek, el\u0151ad\u00e1sok, k\u00e9zm\u0171ves foglalkoz\u00e1sok, tematikus t\u00e1rlatvezet\u00e9sek, kincskeres\u0151 j\u00e1t\u00e9kok lesznek a j\u00fanius 26-i est programjai.<\/p>\n<p>Ezen az est\u00e9n k\u00fcl\u00f6nleges ki\u00e1ll\u00edt\u00e1sok \u00e9s m\u0171t\u00e1rgyak lesznek l\u00e1that\u00f3k: a t\u00f6bbsz\u00f6r\u00f6sen d\u00edjazott V\u00edzeum a Duna M\u00fazeumban, a Bazilika id\u0151kapszul\u00e1j\u00e1t bemutat\u00f3 t\u00e1rlat a F\u0151sz\u00e9kesegyh\u00e1zi Kincst\u00e1rban, a T\u00fck\u00f6r el\u0151tt c\u00edm\u0171 id\u0151szaki ki\u00e1ll\u00edt\u00e1s a Balassa M\u00fazeumban, melyen 19. sz\u00e1zadi polg\u00e1ri viseletek \u00e9s haszn\u00e1lati t\u00e1rgyak ker\u00fclnek bemutat\u00e1sra, valamint eddig be nem mutatott k\u00f6z\u00e9pkori \u00e9s renesz\u00e1nsz, Euchariszti\u00e1hoz k\u00f6thet\u0151 \u00f6tv\u00f6sm\u0171v\u00e9szeti t\u00e1rgyak a Kereszt\u00e9ny M\u00fazeumban.<\/p>\n<p>A M\u00fazeumok \u00c9jszak\u00e1ja bel\u00e9p\u0151jegy\u00e9nek \u00e1ra: 1500 Ft (feln\u0151tt), 750 Ft (6-14 \u00e9veseknek), mely a m\u00fazeumok \u00e9s ki\u00e1ll\u00edt\u00f3helyek programjain ingyenes vagy kedvezm\u00e9nyes r\u00e9szv\u00e9telre \u00e9s az esztergomi kisvonat \u00e9jszakai j\u00e1ratain val\u00f3 utaz\u00e1sra jogos\u00edt.&nbsp;Jegyek el\u0151v\u00e9telben is megv\u00e1s\u00e1rolhat\u00f3k a m\u00fazeumokban, nyitvatart\u00e1si id\u0151ben, valamint a Tourinform Sz\u00e9chenyi t\u00e9ri standj\u00e1n\u00e1l.<\/p>\n<p><span style=\"color: #0000ff;\"><strong><span style=\"text-decoration: underline;\"><a style=\"color: #0000ff; text-decoration: underline;\" href=\"https:\/\/www.facebook.com\/M%C3%BAzeumok-%C3%89jszak%C3%A1ja-Esztergom-108321111416327\/\" target=\"_blank\" rel=\"noopener\">R\u00e9szletes program&gt;&gt;<\/a><\/span><\/strong><\/span><\/p>\n<p>A hat\u00e1lyos jogszab\u00e1lyoknak megfelel\u0151en csak \u00e9rv\u00e9nyes v\u00e9detts\u00e9gi igazolv\u00e1nnyal rendelkez\u0151 nagykor\u00faak (18 \u00e9v felettiek) \u00e9s a vele egy\u00fctt \u00e9rkez\u0151 kiskor\u00faak v\u00e1lthatnak jegyet a M\u00fazeumok \u00c9jszak\u00e1ja programjaira. K\u00f6vess\u00e9k a m\u00fazeumok honlapjait, az aktu\u00e1lis biztons\u00e1gi szab\u00e1lyokr\u00f3l (maszkvisel\u00e9s, k\u00e9zfert\u0151tlen\u00edt\u00e9s, t\u00e1vols\u00e1gtart\u00e1s, l\u00e9tsz\u00e1m korl\u00e1toz\u00e1sok stb\u2026)! Figyelj\u00e9k tov\u00e1bb\u00e1 a kihelyezett t\u00e1j\u00e9koztat\u00f3kat, \u00e9s azok betart\u00e1s\u00e1val l\u00e1togass\u00e1k a programban r\u00e9sztvev\u0151 int\u00e9zm\u00e9nyeket!<\/p>\n<\/div>\n","protected":false},"excerpt":{"rendered":"<p>Az elm\u00falt \u00e9v kihagy\u00e1sa ut\u00e1n, id\u00e9n \u00fajra lesz M\u00fazeumok \u00c9jszak\u00e1ja Esztergomban. A v\u00e1ros m\u00fazeumai ism\u00e9t k\u00f6z\u00f6s szervez\u00e9sben rendezik meg az \u00e9vek \u00f3ta nagy sikernek \u00f6rvend\u0151 esem\u00e9nyt, \u00e9s 11 helysz\u00ednen v\u00e1rj\u00e1k a l\u00e1togat\u00f3kat. Esztergom V\u00e1ros \u00d6nkorm\u00e1nyzat\u00e1nak k\u00f6sz\u00f6nhet\u0151en ism\u00e9t v\u00e1rosn\u00e9z\u0151 kisvonat seg\u00edti majd a l\u00e1togat\u00f3k k\u00f6zleked\u00e9s\u00e9t, mely szinte elmaradhatatlan k\u00eds\u00e9r\u0151je az esztergomi M\u00fazeumok \u00c9jszak\u00e1ja \u00e9lm\u00e9nynek. A m\u00fazeumok<\/p>\n","protected":false},"author":1,"featured_media":34034,"comment_status":"closed","ping_status":"closed","sticky":false,"template":"","format":"standard","meta":{"ngg_post_thumbnail":0,"footnotes":""},"categories":[38,3,3561],"tags":[42,1167],"class_list":{"0":"post-34033","1":"post","2":"type-post","3":"status-publish","4":"format-standard","5":"has-post-thumbnail","7":"category-esztergom","8":"category-hirek","9":"category-programok","10":"tag-esztergom","11":"tag-muzeumok-ejszakaja"},"yoast_head":"<!-- This site is optimized with the Yoast SEO plugin v27.4 - https:\/\/yoast.com\/product\/yoast-seo-wordpress\/ -->\n<title>M\u00fazeumok \u00c9jszak\u00e1ja Esztergomban<\/title>\n<meta name=\"robots\" content=\"index, follow, max-snippet:-1, max-image-preview:large, max-video-preview:-1\" \/>\n<link rel=\"canonical\" href=\"https:\/\/dorogimedence.hu\/index.php\/2021\/06\/17\/muzeumok-ejszakaja-esztergomban-3\/\" class=\"yoast-seo-meta-tag\" \/>\n<meta property=\"og:locale\" content=\"hu_HU\" class=\"yoast-seo-meta-tag\" \/>\n<meta property=\"og:type\" content=\"article\" class=\"yoast-seo-meta-tag\" \/>\n<meta property=\"og:title\" content=\"M\u00fazeumok \u00c9jszak\u00e1ja Esztergomban\" class=\"yoast-seo-meta-tag\" \/>\n<meta property=\"og:description\" content=\"Az elm\u00falt \u00e9v kihagy\u00e1sa ut\u00e1n, id\u00e9n \u00fajra lesz M\u00fazeumok \u00c9jszak\u00e1ja Esztergomban. A v\u00e1ros m\u00fazeumai ism\u00e9t k\u00f6z\u00f6s szervez\u00e9sben rendezik meg az \u00e9vek \u00f3ta nagy sikernek \u00f6rvend\u0151 esem\u00e9nyt, \u00e9s 11 helysz\u00ednen v\u00e1rj\u00e1k a l\u00e1togat\u00f3kat. Esztergom V\u00e1ros \u00d6nkorm\u00e1nyzat\u00e1nak k\u00f6sz\u00f6nhet\u0151en ism\u00e9t v\u00e1rosn\u00e9z\u0151 kisvonat seg\u00edti majd a l\u00e1togat\u00f3k k\u00f6zleked\u00e9s\u00e9t, mely szinte elmaradhatatlan k\u00eds\u00e9r\u0151je az esztergomi M\u00fazeumok \u00c9jszak\u00e1ja \u00e9lm\u00e9nynek. A m\u00fazeumok\" class=\"yoast-seo-meta-tag\" \/>\n<meta property=\"og:url\" content=\"https:\/\/dorogimedence.hu\/index.php\/2021\/06\/17\/muzeumok-ejszakaja-esztergomban-3\/\" class=\"yoast-seo-meta-tag\" \/>\n<meta property=\"og:site_name\" content=\"Dorogi-medence Region\u00e1lis H\u00edrport\u00e1l\" class=\"yoast-seo-meta-tag\" \/>\n<meta property=\"article:publisher\" content=\"https:\/\/www.facebook.com\/dorogimedence\/\" class=\"yoast-seo-meta-tag\" \/>\n<meta property=\"article:published_time\" content=\"2021-06-17T10:07:10+00:00\" class=\"yoast-seo-meta-tag\" \/>\n<meta property=\"article:modified_time\" content=\"2021-06-17T10:07:52+00:00\" class=\"yoast-seo-meta-tag\" \/>\n<meta property=\"og:image\" content=\"https:\/\/i0.wp.com\/dorogimedence.hu\/wp-content\/uploads\/2021\/06\/454899.jpg?fit=2480%2C1464&ssl=1\" class=\"yoast-seo-meta-tag\" \/>\n\t<meta property=\"og:image:width\" content=\"2480\" class=\"yoast-seo-meta-tag\" \/>\n\t<meta property=\"og:image:height\" content=\"1464\" class=\"yoast-seo-meta-tag\" \/>\n\t<meta property=\"og:image:type\" content=\"image\/jpeg\" class=\"yoast-seo-meta-tag\" \/>\n<meta name=\"author\" content=\"dorogimedence.hu\" class=\"yoast-seo-meta-tag\" \/>\n<meta name=\"twitter:card\" content=\"summary_large_image\" class=\"yoast-seo-meta-tag\" \/>\n<meta name=\"twitter:label1\" content=\"Szerz\u0151:\" class=\"yoast-seo-meta-tag\" \/>\n\t<meta name=\"twitter:data1\" content=\"dorogimedence.hu\" class=\"yoast-seo-meta-tag\" \/>\n\t<meta name=\"twitter:label2\" content=\"Becs\u00fclt olvas\u00e1si id\u0151\" class=\"yoast-seo-meta-tag\" \/>\n\t<meta name=\"twitter:data2\" content=\"2 perc\" class=\"yoast-seo-meta-tag\" \/>\n<script type=\"application\/ld+json\" class=\"yoast-schema-graph\">{\"@context\":\"https:\\\/\\\/schema.org\",\"@graph\":[{\"@type\":\"Article\",\"@id\":\"https:\\\/\\\/dorogimedence.hu\\\/index.php\\\/2021\\\/06\\\/17\\\/muzeumok-ejszakaja-esztergomban-3\\\/#article\",\"isPartOf\":{\"@id\":\"https:\\\/\\\/dorogimedence.hu\\\/index.php\\\/2021\\\/06\\\/17\\\/muzeumok-ejszakaja-esztergomban-3\\\/\"},\"author\":{\"name\":\"dorogimedence.hu\",\"@id\":\"https:\\\/\\\/dorogimedence.hu\\\/#\\\/schema\\\/person\\\/ce6091eeb7e95ecdc87890d6aa8e0fd4\"},\"headline\":\"M\u00fazeumok \u00c9jszak\u00e1ja Esztergomban\",\"datePublished\":\"2021-06-17T10:07:10+00:00\",\"dateModified\":\"2021-06-17T10:07:52+00:00\",\"mainEntityOfPage\":{\"@id\":\"https:\\\/\\\/dorogimedence.hu\\\/index.php\\\/2021\\\/06\\\/17\\\/muzeumok-ejszakaja-esztergomban-3\\\/\"},\"wordCount\":488,\"publisher\":{\"@id\":\"https:\\\/\\\/dorogimedence.hu\\\/#organization\"},\"image\":{\"@id\":\"https:\\\/\\\/dorogimedence.hu\\\/index.php\\\/2021\\\/06\\\/17\\\/muzeumok-ejszakaja-esztergomban-3\\\/#primaryimage\"},\"thumbnailUrl\":\"https:\\\/\\\/dorogimedence.hu\\\/wp-content\\\/uploads\\\/2021\\\/06\\\/454899.jpg\",\"keywords\":[\"esztergom\",\"M\u00fazeumok \u00c9jszak\u00e1ja\"],\"articleSection\":[\"Esztergom\",\"H\u00edrek\",\"Programok\"],\"inLanguage\":\"hu\"},{\"@type\":\"WebPage\",\"@id\":\"https:\\\/\\\/dorogimedence.hu\\\/index.php\\\/2021\\\/06\\\/17\\\/muzeumok-ejszakaja-esztergomban-3\\\/\",\"url\":\"https:\\\/\\\/dorogimedence.hu\\\/index.php\\\/2021\\\/06\\\/17\\\/muzeumok-ejszakaja-esztergomban-3\\\/\",\"name\":\"M\u00fazeumok \u00c9jszak\u00e1ja Esztergomban\",\"isPartOf\":{\"@id\":\"https:\\\/\\\/dorogimedence.hu\\\/#website\"},\"primaryImageOfPage\":{\"@id\":\"https:\\\/\\\/dorogimedence.hu\\\/index.php\\\/2021\\\/06\\\/17\\\/muzeumok-ejszakaja-esztergomban-3\\\/#primaryimage\"},\"image\":{\"@id\":\"https:\\\/\\\/dorogimedence.hu\\\/index.php\\\/2021\\\/06\\\/17\\\/muzeumok-ejszakaja-esztergomban-3\\\/#primaryimage\"},\"thumbnailUrl\":\"https:\\\/\\\/dorogimedence.hu\\\/wp-content\\\/uploads\\\/2021\\\/06\\\/454899.jpg\",\"datePublished\":\"2021-06-17T10:07:10+00:00\",\"dateModified\":\"2021-06-17T10:07:52+00:00\",\"breadcrumb\":{\"@id\":\"https:\\\/\\\/dorogimedence.hu\\\/index.php\\\/2021\\\/06\\\/17\\\/muzeumok-ejszakaja-esztergomban-3\\\/#breadcrumb\"},\"inLanguage\":\"hu\",\"potentialAction\":[{\"@type\":\"ReadAction\",\"target\":[\"https:\\\/\\\/dorogimedence.hu\\\/index.php\\\/2021\\\/06\\\/17\\\/muzeumok-ejszakaja-esztergomban-3\\\/\"]}]},{\"@type\":\"ImageObject\",\"inLanguage\":\"hu\",\"@id\":\"https:\\\/\\\/dorogimedence.hu\\\/index.php\\\/2021\\\/06\\\/17\\\/muzeumok-ejszakaja-esztergomban-3\\\/#primaryimage\",\"url\":\"https:\\\/\\\/dorogimedence.hu\\\/wp-content\\\/uploads\\\/2021\\\/06\\\/454899.jpg\",\"contentUrl\":\"https:\\\/\\\/dorogimedence.hu\\\/wp-content\\\/uploads\\\/2021\\\/06\\\/454899.jpg\",\"width\":2480,\"height\":1464},{\"@type\":\"BreadcrumbList\",\"@id\":\"https:\\\/\\\/dorogimedence.hu\\\/index.php\\\/2021\\\/06\\\/17\\\/muzeumok-ejszakaja-esztergomban-3\\\/#breadcrumb\",\"itemListElement\":[{\"@type\":\"ListItem\",\"position\":1,\"name\":\"Kezd\u0151lap\",\"item\":\"https:\\\/\\\/dorogimedence.hu\\\/\"},{\"@type\":\"ListItem\",\"position\":2,\"name\":\"M\u00fazeumok \u00c9jszak\u00e1ja Esztergomban\"}]},{\"@type\":\"WebSite\",\"@id\":\"https:\\\/\\\/dorogimedence.hu\\\/#website\",\"url\":\"https:\\\/\\\/dorogimedence.hu\\\/\",\"name\":\"Dorogi-medence Region\u00e1lis H\u00edrport\u00e1l\",\"description\":\"Dorog, Keszt\u00f6lc, Le\u00e1nyv\u00e1r, Piliscs\u00e9v, Tokod, Tokodalt\u00e1r\u00f3, Csolnok, Esztergom-kertv\u00e1ros: h\u00edrek, programok\",\"publisher\":{\"@id\":\"https:\\\/\\\/dorogimedence.hu\\\/#organization\"},\"potentialAction\":[{\"@type\":\"SearchAction\",\"target\":{\"@type\":\"EntryPoint\",\"urlTemplate\":\"https:\\\/\\\/dorogimedence.hu\\\/?s={search_term_string}\"},\"query-input\":{\"@type\":\"PropertyValueSpecification\",\"valueRequired\":true,\"valueName\":\"search_term_string\"}}],\"inLanguage\":\"hu\"},{\"@type\":\"Organization\",\"@id\":\"https:\\\/\\\/dorogimedence.hu\\\/#organization\",\"name\":\"Dorogi-medence Region\u00e1lis H\u00edrport\u00e1l\",\"url\":\"https:\\\/\\\/dorogimedence.hu\\\/\",\"logo\":{\"@type\":\"ImageObject\",\"inLanguage\":\"hu\",\"@id\":\"https:\\\/\\\/dorogimedence.hu\\\/#\\\/schema\\\/logo\\\/image\\\/\",\"url\":\"https:\\\/\\\/dorogimedence.hu\\\/wp-content\\\/uploads\\\/2021\\\/04\\\/logo-feher-600.png\",\"contentUrl\":\"https:\\\/\\\/dorogimedence.hu\\\/wp-content\\\/uploads\\\/2021\\\/04\\\/logo-feher-600.png\",\"width\":600,\"height\":100,\"caption\":\"Dorogi-medence Region\u00e1lis H\u00edrport\u00e1l\"},\"image\":{\"@id\":\"https:\\\/\\\/dorogimedence.hu\\\/#\\\/schema\\\/logo\\\/image\\\/\"},\"sameAs\":[\"https:\\\/\\\/www.facebook.com\\\/dorogimedence\\\/\"]},{\"@type\":\"Person\",\"@id\":\"https:\\\/\\\/dorogimedence.hu\\\/#\\\/schema\\\/person\\\/ce6091eeb7e95ecdc87890d6aa8e0fd4\",\"name\":\"dorogimedence.hu\",\"image\":{\"@type\":\"ImageObject\",\"inLanguage\":\"hu\",\"@id\":\"\\\/\\\/www.gravatar.com\\\/avatar\\\/d8d45f8901aadff40a4af72c0b826f1d?s=96&#038;r=g&#038;d=mm\",\"url\":\"\\\/\\\/www.gravatar.com\\\/avatar\\\/d8d45f8901aadff40a4af72c0b826f1d?s=96&#038;r=g&#038;d=mm\",\"contentUrl\":\"\\\/\\\/www.gravatar.com\\\/avatar\\\/d8d45f8901aadff40a4af72c0b826f1d?s=96&#038;r=g&#038;d=mm\",\"caption\":\"dorogimedence.hu\"}}]}<\/script>\n<!-- \/ Yoast SEO plugin. -->","yoast_head_json":{"title":"M\u00fazeumok \u00c9jszak\u00e1ja Esztergomban","robots":{"index":"index","follow":"follow","max-snippet":"max-snippet:-1","max-image-preview":"max-image-preview:large","max-video-preview":"max-video-preview:-1"},"canonical":"https:\/\/dorogimedence.hu\/index.php\/2021\/06\/17\/muzeumok-ejszakaja-esztergomban-3\/","og_locale":"hu_HU","og_type":"article","og_title":"M\u00fazeumok \u00c9jszak\u00e1ja Esztergomban","og_description":"Az elm\u00falt \u00e9v kihagy\u00e1sa ut\u00e1n, id\u00e9n \u00fajra lesz M\u00fazeumok \u00c9jszak\u00e1ja Esztergomban. A v\u00e1ros m\u00fazeumai ism\u00e9t k\u00f6z\u00f6s szervez\u00e9sben rendezik meg az \u00e9vek \u00f3ta nagy sikernek \u00f6rvend\u0151 esem\u00e9nyt, \u00e9s 11 helysz\u00ednen v\u00e1rj\u00e1k a l\u00e1togat\u00f3kat. Esztergom V\u00e1ros \u00d6nkorm\u00e1nyzat\u00e1nak k\u00f6sz\u00f6nhet\u0151en ism\u00e9t v\u00e1rosn\u00e9z\u0151 kisvonat seg\u00edti majd a l\u00e1togat\u00f3k k\u00f6zleked\u00e9s\u00e9t, mely szinte elmaradhatatlan k\u00eds\u00e9r\u0151je az esztergomi M\u00fazeumok \u00c9jszak\u00e1ja \u00e9lm\u00e9nynek. A m\u00fazeumok","og_url":"https:\/\/dorogimedence.hu\/index.php\/2021\/06\/17\/muzeumok-ejszakaja-esztergomban-3\/","og_site_name":"Dorogi-medence Region\u00e1lis H\u00edrport\u00e1l","article_publisher":"https:\/\/www.facebook.com\/dorogimedence\/","article_published_time":"2021-06-17T10:07:10+00:00","article_modified_time":"2021-06-17T10:07:52+00:00","og_image":[{"width":2480,"height":1464,"url":"https:\/\/i0.wp.com\/dorogimedence.hu\/wp-content\/uploads\/2021\/06\/454899.jpg?fit=2480%2C1464&ssl=1","type":"image\/jpeg"}],"author":"dorogimedence.hu","twitter_card":"summary_large_image","twitter_misc":{"Szerz\u0151:":"dorogimedence.hu","Becs\u00fclt olvas\u00e1si id\u0151":"2 perc"},"schema":{"@context":"https:\/\/schema.org","@graph":[{"@type":"Article","@id":"https:\/\/dorogimedence.hu\/index.php\/2021\/06\/17\/muzeumok-ejszakaja-esztergomban-3\/#article","isPartOf":{"@id":"https:\/\/dorogimedence.hu\/index.php\/2021\/06\/17\/muzeumok-ejszakaja-esztergomban-3\/"},"author":{"name":"dorogimedence.hu","@id":"https:\/\/dorogimedence.hu\/#\/schema\/person\/ce6091eeb7e95ecdc87890d6aa8e0fd4"},"headline":"M\u00fazeumok \u00c9jszak\u00e1ja Esztergomban","datePublished":"2021-06-17T10:07:10+00:00","dateModified":"2021-06-17T10:07:52+00:00","mainEntityOfPage":{"@id":"https:\/\/dorogimedence.hu\/index.php\/2021\/06\/17\/muzeumok-ejszakaja-esztergomban-3\/"},"wordCount":488,"publisher":{"@id":"https:\/\/dorogimedence.hu\/#organization"},"image":{"@id":"https:\/\/dorogimedence.hu\/index.php\/2021\/06\/17\/muzeumok-ejszakaja-esztergomban-3\/#primaryimage"},"thumbnailUrl":"https:\/\/dorogimedence.hu\/wp-content\/uploads\/2021\/06\/454899.jpg","keywords":["esztergom","M\u00fazeumok \u00c9jszak\u00e1ja"],"articleSection":["Esztergom","H\u00edrek","Programok"],"inLanguage":"hu"},{"@type":"WebPage","@id":"https:\/\/dorogimedence.hu\/index.php\/2021\/06\/17\/muzeumok-ejszakaja-esztergomban-3\/","url":"https:\/\/dorogimedence.hu\/index.php\/2021\/06\/17\/muzeumok-ejszakaja-esztergomban-3\/","name":"M\u00fazeumok \u00c9jszak\u00e1ja Esztergomban","isPartOf":{"@id":"https:\/\/dorogimedence.hu\/#website"},"primaryImageOfPage":{"@id":"https:\/\/dorogimedence.hu\/index.php\/2021\/06\/17\/muzeumok-ejszakaja-esztergomban-3\/#primaryimage"},"image":{"@id":"https:\/\/dorogimedence.hu\/index.php\/2021\/06\/17\/muzeumok-ejszakaja-esztergomban-3\/#primaryimage"},"thumbnailUrl":"https:\/\/dorogimedence.hu\/wp-content\/uploads\/2021\/06\/454899.jpg","datePublished":"2021-06-17T10:07:10+00:00","dateModified":"2021-06-17T10:07:52+00:00","breadcrumb":{"@id":"https:\/\/dorogimedence.hu\/index.php\/2021\/06\/17\/muzeumok-ejszakaja-esztergomban-3\/#breadcrumb"},"inLanguage":"hu","potentialAction":[{"@type":"ReadAction","target":["https:\/\/dorogimedence.hu\/index.php\/2021\/06\/17\/muzeumok-ejszakaja-esztergomban-3\/"]}]},{"@type":"ImageObject","inLanguage":"hu","@id":"https:\/\/dorogimedence.hu\/index.php\/2021\/06\/17\/muzeumok-ejszakaja-esztergomban-3\/#primaryimage","url":"https:\/\/dorogimedence.hu\/wp-content\/uploads\/2021\/06\/454899.jpg","contentUrl":"https:\/\/dorogimedence.hu\/wp-content\/uploads\/2021\/06\/454899.jpg","width":2480,"height":1464},{"@type":"BreadcrumbList","@id":"https:\/\/dorogimedence.hu\/index.php\/2021\/06\/17\/muzeumok-ejszakaja-esztergomban-3\/#breadcrumb","itemListElement":[{"@type":"ListItem","position":1,"name":"Kezd\u0151lap","item":"https:\/\/dorogimedence.hu\/"},{"@type":"ListItem","position":2,"name":"M\u00fazeumok \u00c9jszak\u00e1ja Esztergomban"}]},{"@type":"WebSite","@id":"https:\/\/dorogimedence.hu\/#website","url":"https:\/\/dorogimedence.hu\/","name":"Dorogi-medence Region\u00e1lis H\u00edrport\u00e1l","description":"Dorog, Keszt\u00f6lc, Le\u00e1nyv\u00e1r, Piliscs\u00e9v, Tokod, Tokodalt\u00e1r\u00f3, Csolnok, Esztergom-kertv\u00e1ros: h\u00edrek, programok","publisher":{"@id":"https:\/\/dorogimedence.hu\/#organization"},"potentialAction":[{"@type":"SearchAction","target":{"@type":"EntryPoint","urlTemplate":"https:\/\/dorogimedence.hu\/?s={search_term_string}"},"query-input":{"@type":"PropertyValueSpecification","valueRequired":true,"valueName":"search_term_string"}}],"inLanguage":"hu"},{"@type":"Organization","@id":"https:\/\/dorogimedence.hu\/#organization","name":"Dorogi-medence Region\u00e1lis H\u00edrport\u00e1l","url":"https:\/\/dorogimedence.hu\/","logo":{"@type":"ImageObject","inLanguage":"hu","@id":"https:\/\/dorogimedence.hu\/#\/schema\/logo\/image\/","url":"https:\/\/dorogimedence.hu\/wp-content\/uploads\/2021\/04\/logo-feher-600.png","contentUrl":"https:\/\/dorogimedence.hu\/wp-content\/uploads\/2021\/04\/logo-feher-600.png","width":600,"height":100,"caption":"Dorogi-medence Region\u00e1lis H\u00edrport\u00e1l"},"image":{"@id":"https:\/\/dorogimedence.hu\/#\/schema\/logo\/image\/"},"sameAs":["https:\/\/www.facebook.com\/dorogimedence\/"]},{"@type":"Person","@id":"https:\/\/dorogimedence.hu\/#\/schema\/person\/ce6091eeb7e95ecdc87890d6aa8e0fd4","name":"dorogimedence.hu","image":{"@type":"ImageObject","inLanguage":"hu","@id":"\/\/www.gravatar.com\/avatar\/d8d45f8901aadff40a4af72c0b826f1d?s=96&#038;r=g&#038;d=mm","url":"\/\/www.gravatar.com\/avatar\/d8d45f8901aadff40a4af72c0b826f1d?s=96&#038;r=g&#038;d=mm","contentUrl":"\/\/www.gravatar.com\/avatar\/d8d45f8901aadff40a4af72c0b826f1d?s=96&#038;r=g&#038;d=mm","caption":"dorogimedence.hu"}}]}},"_links":{"self":[{"href":"https:\/\/dorogimedence.hu\/index.php\/wp-json\/wp\/v2\/posts\/34033","targetHints":{"allow":["GET"]}}],"collection":[{"href":"https:\/\/dorogimedence.hu\/index.php\/wp-json\/wp\/v2\/posts"}],"about":[{"href":"https:\/\/dorogimedence.hu\/index.php\/wp-json\/wp\/v2\/types\/post"}],"author":[{"embeddable":true,"href":"https:\/\/dorogimedence.hu\/index.php\/wp-json\/wp\/v2\/users\/1"}],"replies":[{"embeddable":true,"href":"https:\/\/dorogimedence.hu\/index.php\/wp-json\/wp\/v2\/comments?post=34033"}],"version-history":[{"count":0,"href":"https:\/\/dorogimedence.hu\/index.php\/wp-json\/wp\/v2\/posts\/34033\/revisions"}],"wp:featuredmedia":[{"embeddable":true,"href":"https:\/\/dorogimedence.hu\/index.php\/wp-json\/wp\/v2\/media\/34034"}],"wp:attachment":[{"href":"https:\/\/dorogimedence.hu\/index.php\/wp-json\/wp\/v2\/media?parent=34033"}],"wp:term":[{"taxonomy":"category","embeddable":true,"href":"https:\/\/dorogimedence.hu\/index.php\/wp-json\/wp\/v2\/categories?post=34033"},{"taxonomy":"post_tag","embeddable":true,"href":"https:\/\/dorogimedence.hu\/index.php\/wp-json\/wp\/v2\/tags?post=34033"}],"curies":[{"name":"wp","href":"https:\/\/api.w.org\/{rel}","templated":true}]}}