{"id":3400,"date":"2017-05-27T09:21:50","date_gmt":"2017-05-27T07:21:50","guid":{"rendered":"http:\/\/dorogimedence.hu\/?p=3400"},"modified":"2017-05-27T09:25:12","modified_gmt":"2017-05-27T07:25:12","slug":"volner-pal-2018-a-biztonsagrol-szol","status":"publish","type":"post","link":"https:\/\/dorogimedence.hu\/index.php\/2017\/05\/27\/volner-pal-2018-a-biztonsagrol-szol\/","title":{"rendered":"V\u00f6lner P\u00e1l: 2018 a biztons\u00e1gr\u00f3l sz\u00f3l"},"content":{"rendered":"<p><strong>A munk\u00e1b\u00f3l \u00e9l\u0151kr\u0151l, a csal\u00e1dokr\u00f3l \u00e9s a biztons\u00e1gr\u00f3l sz\u00f3l a j\u00f6v\u0151 \u00e9vi k\u00f6lts\u00e9gvet\u00e9s &#8211; mondta dr. V\u00f6lner P\u00e1l orsz\u00e1ggy\u0171l\u00e9si k\u00e9pvisel\u0151nk mindezt, miut\u00e1n a dorogi eg\u00e9szs\u00e9g\u00fcgy le\u00e9p\u00edt\u00e9s\u00e9t sz\u00e9p\u00edtette Dorogon.<\/strong><\/p>\n<p>Hozz\u00e1tette esztergomi sajt\u00f3t\u00e1j\u00e9koztat\u00f3j\u00e1n, hogy kiemelt c\u00e9l, hogy a magyar csal\u00e1dok tov\u00e1bbi t\u00e1mogat\u00e1sokhoz jussanak, valamint er\u0151s\u00f6dj\u00f6n az orsz\u00e1g biztons\u00e1ga.<\/p>\n<p>Kifejtette, hogy a fenti c\u00e9lok alapja Magyarorsz\u00e1g meger\u0151s\u00f6d\u00e9se, melyb\u0151l komoly eredm\u00e9nyek sz\u00fclettek, \u00edgy p\u00e9ld\u00e1ul 2010 \u00f3ta 700 ezerrel t\u00f6bb munkahely l\u00e9tes\u00fclt, cs\u00f6kkennek a munk\u00e1t terhel\u0151 ad\u00f3k. Az orsz\u00e1ggy\u0171l\u00e9si k\u00e9pvisel\u0151 azt is kiemelte, hogy 2018-ban a b\u00e9remel\u00e9si programot hajtanak v\u00e9gre a k\u00f6zszf\u00e9r\u00e1ban, a piaci szf\u00e9r\u00e1ban pedig a munk\u00e1t terhel\u0151 ad\u00f3k cs\u00f6kkent\u00e9s\u00e9vel teszik lehet\u0151v\u00e9 a b\u00e9rek n\u00f6veked\u00e9s\u00e9t. 2018-ban a minim\u00e1lb\u00e9r tov\u00e1bbi 8 sz\u00e1zal\u00e9kkal emelkedik majd, a szakmunk\u00e1s minim\u00e1lb\u00e9r pedig az idei 25 sz\u00e1zal\u00e9k ut\u00e1n, j\u00f6v\u0151re \u00fajabb 12 sz\u00e1zal\u00e9kkal n\u0151 &#8211; tette hozz\u00e1 V\u00f6lner P\u00e1l.<\/p>\n","protected":false},"excerpt":{"rendered":"<p>A munk\u00e1b\u00f3l \u00e9l\u0151kr\u0151l, a csal\u00e1dokr\u00f3l \u00e9s a biztons\u00e1gr\u00f3l sz\u00f3l a j\u00f6v\u0151 \u00e9vi k\u00f6lts\u00e9gvet\u00e9s &#8211; mondta dr. V\u00f6lner P\u00e1l orsz\u00e1ggy\u0171l\u00e9si k\u00e9pvisel\u0151nk mindezt, miut\u00e1n a dorogi eg\u00e9szs\u00e9g\u00fcgy le\u00e9p\u00edt\u00e9s\u00e9t sz\u00e9p\u00edtette Dorogon. Hozz\u00e1tette esztergomi sajt\u00f3t\u00e1j\u00e9koztat\u00f3j\u00e1n, hogy kiemelt c\u00e9l, hogy a magyar csal\u00e1dok tov\u00e1bbi t\u00e1mogat\u00e1sokhoz jussanak, valamint er\u0151s\u00f6dj\u00f6n az orsz\u00e1g biztons\u00e1ga. Kifejtette, hogy a fenti c\u00e9lok alapja Magyarorsz\u00e1g meger\u0151s\u00f6d\u00e9se, melyb\u0151l<\/p>\n","protected":false},"author":1,"featured_media":3401,"comment_status":"closed","ping_status":"closed","sticky":false,"template":"","format":"standard","meta":{"ngg_post_thumbnail":0,"footnotes":""},"categories":[3],"tags":[42,1060],"class_list":{"0":"post-3400","1":"post","2":"type-post","3":"status-publish","4":"format-standard","5":"has-post-thumbnail","7":"category-hirek","8":"tag-esztergom","9":"tag-volner-pal"},"yoast_head":"<!-- This site is optimized with the Yoast SEO plugin v27.5 - https:\/\/yoast.com\/product\/yoast-seo-wordpress\/ -->\n<title>V\u00f6lner P\u00e1l: 2018 a biztons\u00e1gr\u00f3l sz\u00f3l<\/title>\n<meta name=\"robots\" content=\"index, follow, max-snippet:-1, max-image-preview:large, max-video-preview:-1\" \/>\n<link rel=\"canonical\" href=\"https:\/\/dorogimedence.hu\/index.php\/2017\/05\/27\/volner-pal-2018-a-biztonsagrol-szol\/\" class=\"yoast-seo-meta-tag\" \/>\n<meta property=\"og:locale\" content=\"hu_HU\" class=\"yoast-seo-meta-tag\" \/>\n<meta property=\"og:type\" content=\"article\" class=\"yoast-seo-meta-tag\" \/>\n<meta property=\"og:title\" content=\"V\u00f6lner P\u00e1l: 2018 a biztons\u00e1gr\u00f3l sz\u00f3l\" class=\"yoast-seo-meta-tag\" \/>\n<meta property=\"og:description\" content=\"A munk\u00e1b\u00f3l \u00e9l\u0151kr\u0151l, a csal\u00e1dokr\u00f3l \u00e9s a biztons\u00e1gr\u00f3l sz\u00f3l a j\u00f6v\u0151 \u00e9vi k\u00f6lts\u00e9gvet\u00e9s &#8211; mondta dr. V\u00f6lner P\u00e1l orsz\u00e1ggy\u0171l\u00e9si k\u00e9pvisel\u0151nk mindezt, miut\u00e1n a dorogi eg\u00e9szs\u00e9g\u00fcgy le\u00e9p\u00edt\u00e9s\u00e9t sz\u00e9p\u00edtette Dorogon. Hozz\u00e1tette esztergomi sajt\u00f3t\u00e1j\u00e9koztat\u00f3j\u00e1n, hogy kiemelt c\u00e9l, hogy a magyar csal\u00e1dok tov\u00e1bbi t\u00e1mogat\u00e1sokhoz jussanak, valamint er\u0151s\u00f6dj\u00f6n az orsz\u00e1g biztons\u00e1ga. Kifejtette, hogy a fenti c\u00e9lok alapja Magyarorsz\u00e1g meger\u0151s\u00f6d\u00e9se, melyb\u0151l\" class=\"yoast-seo-meta-tag\" \/>\n<meta property=\"og:url\" content=\"https:\/\/dorogimedence.hu\/index.php\/2017\/05\/27\/volner-pal-2018-a-biztonsagrol-szol\/\" class=\"yoast-seo-meta-tag\" \/>\n<meta property=\"og:site_name\" content=\"Dorogi-medence Region\u00e1lis H\u00edrport\u00e1l\" class=\"yoast-seo-meta-tag\" \/>\n<meta property=\"article:publisher\" content=\"https:\/\/www.facebook.com\/dorogimedence\/\" class=\"yoast-seo-meta-tag\" \/>\n<meta property=\"article:published_time\" content=\"2017-05-27T07:21:50+00:00\" class=\"yoast-seo-meta-tag\" \/>\n<meta property=\"article:modified_time\" content=\"2017-05-27T07:25:12+00:00\" class=\"yoast-seo-meta-tag\" \/>\n<meta property=\"og:image\" content=\"https:\/\/i0.wp.com\/dorogimedence.hu\/wp-content\/uploads\/2017\/05\/volner-01.jpg?fit=670%2C365&ssl=1\" class=\"yoast-seo-meta-tag\" \/>\n\t<meta property=\"og:image:width\" content=\"670\" class=\"yoast-seo-meta-tag\" \/>\n\t<meta property=\"og:image:height\" content=\"365\" class=\"yoast-seo-meta-tag\" \/>\n\t<meta property=\"og:image:type\" content=\"image\/jpeg\" class=\"yoast-seo-meta-tag\" \/>\n<meta name=\"author\" content=\"dorogimedence.hu\" class=\"yoast-seo-meta-tag\" \/>\n<meta name=\"twitter:card\" content=\"summary_large_image\" class=\"yoast-seo-meta-tag\" \/>\n<meta name=\"twitter:label1\" content=\"Szerz\u0151:\" class=\"yoast-seo-meta-tag\" \/>\n\t<meta name=\"twitter:data1\" content=\"dorogimedence.hu\" class=\"yoast-seo-meta-tag\" \/>\n\t<meta name=\"twitter:label2\" content=\"Becs\u00fclt olvas\u00e1si id\u0151\" class=\"yoast-seo-meta-tag\" \/>\n\t<meta name=\"twitter:data2\" content=\"1 perc\" class=\"yoast-seo-meta-tag\" \/>\n<script type=\"application\/ld+json\" class=\"yoast-schema-graph\">{\"@context\":\"https:\\\/\\\/schema.org\",\"@graph\":[{\"@type\":\"Article\",\"@id\":\"https:\\\/\\\/dorogimedence.hu\\\/index.php\\\/2017\\\/05\\\/27\\\/volner-pal-2018-a-biztonsagrol-szol\\\/#article\",\"isPartOf\":{\"@id\":\"https:\\\/\\\/dorogimedence.hu\\\/index.php\\\/2017\\\/05\\\/27\\\/volner-pal-2018-a-biztonsagrol-szol\\\/\"},\"author\":{\"name\":\"dorogimedence.hu\",\"@id\":\"https:\\\/\\\/dorogimedence.hu\\\/#\\\/schema\\\/person\\\/ce6091eeb7e95ecdc87890d6aa8e0fd4\"},\"headline\":\"V\u00f6lner P\u00e1l: 2018 a biztons\u00e1gr\u00f3l sz\u00f3l\",\"datePublished\":\"2017-05-27T07:21:50+00:00\",\"dateModified\":\"2017-05-27T07:25:12+00:00\",\"mainEntityOfPage\":{\"@id\":\"https:\\\/\\\/dorogimedence.hu\\\/index.php\\\/2017\\\/05\\\/27\\\/volner-pal-2018-a-biztonsagrol-szol\\\/\"},\"wordCount\":234,\"publisher\":{\"@id\":\"https:\\\/\\\/dorogimedence.hu\\\/#organization\"},\"image\":{\"@id\":\"https:\\\/\\\/dorogimedence.hu\\\/index.php\\\/2017\\\/05\\\/27\\\/volner-pal-2018-a-biztonsagrol-szol\\\/#primaryimage\"},\"thumbnailUrl\":\"https:\\\/\\\/dorogimedence.hu\\\/wp-content\\\/uploads\\\/2017\\\/05\\\/volner-01.jpg\",\"keywords\":[\"esztergom\",\"V\u00f6lner P\u00e1l\"],\"articleSection\":[\"H\u00edrek\"],\"inLanguage\":\"hu\"},{\"@type\":\"WebPage\",\"@id\":\"https:\\\/\\\/dorogimedence.hu\\\/index.php\\\/2017\\\/05\\\/27\\\/volner-pal-2018-a-biztonsagrol-szol\\\/\",\"url\":\"https:\\\/\\\/dorogimedence.hu\\\/index.php\\\/2017\\\/05\\\/27\\\/volner-pal-2018-a-biztonsagrol-szol\\\/\",\"name\":\"V\u00f6lner P\u00e1l: 2018 a biztons\u00e1gr\u00f3l sz\u00f3l\",\"isPartOf\":{\"@id\":\"https:\\\/\\\/dorogimedence.hu\\\/#website\"},\"primaryImageOfPage\":{\"@id\":\"https:\\\/\\\/dorogimedence.hu\\\/index.php\\\/2017\\\/05\\\/27\\\/volner-pal-2018-a-biztonsagrol-szol\\\/#primaryimage\"},\"image\":{\"@id\":\"https:\\\/\\\/dorogimedence.hu\\\/index.php\\\/2017\\\/05\\\/27\\\/volner-pal-2018-a-biztonsagrol-szol\\\/#primaryimage\"},\"thumbnailUrl\":\"https:\\\/\\\/dorogimedence.hu\\\/wp-content\\\/uploads\\\/2017\\\/05\\\/volner-01.jpg\",\"datePublished\":\"2017-05-27T07:21:50+00:00\",\"dateModified\":\"2017-05-27T07:25:12+00:00\",\"breadcrumb\":{\"@id\":\"https:\\\/\\\/dorogimedence.hu\\\/index.php\\\/2017\\\/05\\\/27\\\/volner-pal-2018-a-biztonsagrol-szol\\\/#breadcrumb\"},\"inLanguage\":\"hu\",\"potentialAction\":[{\"@type\":\"ReadAction\",\"target\":[\"https:\\\/\\\/dorogimedence.hu\\\/index.php\\\/2017\\\/05\\\/27\\\/volner-pal-2018-a-biztonsagrol-szol\\\/\"]}]},{\"@type\":\"ImageObject\",\"inLanguage\":\"hu\",\"@id\":\"https:\\\/\\\/dorogimedence.hu\\\/index.php\\\/2017\\\/05\\\/27\\\/volner-pal-2018-a-biztonsagrol-szol\\\/#primaryimage\",\"url\":\"https:\\\/\\\/dorogimedence.hu\\\/wp-content\\\/uploads\\\/2017\\\/05\\\/volner-01.jpg\",\"contentUrl\":\"https:\\\/\\\/dorogimedence.hu\\\/wp-content\\\/uploads\\\/2017\\\/05\\\/volner-01.jpg\",\"width\":670,\"height\":365},{\"@type\":\"BreadcrumbList\",\"@id\":\"https:\\\/\\\/dorogimedence.hu\\\/index.php\\\/2017\\\/05\\\/27\\\/volner-pal-2018-a-biztonsagrol-szol\\\/#breadcrumb\",\"itemListElement\":[{\"@type\":\"ListItem\",\"position\":1,\"name\":\"Kezd\u0151lap\",\"item\":\"https:\\\/\\\/dorogimedence.hu\\\/\"},{\"@type\":\"ListItem\",\"position\":2,\"name\":\"V\u00f6lner P\u00e1l: 2018 a biztons\u00e1gr\u00f3l sz\u00f3l\"}]},{\"@type\":\"WebSite\",\"@id\":\"https:\\\/\\\/dorogimedence.hu\\\/#website\",\"url\":\"https:\\\/\\\/dorogimedence.hu\\\/\",\"name\":\"Dorogi-medence Region\u00e1lis H\u00edrport\u00e1l\",\"description\":\"Dorog, Keszt\u00f6lc, Le\u00e1nyv\u00e1r, Piliscs\u00e9v, Tokod, Tokodalt\u00e1r\u00f3, Csolnok, Esztergom-kertv\u00e1ros: h\u00edrek, programok\",\"publisher\":{\"@id\":\"https:\\\/\\\/dorogimedence.hu\\\/#organization\"},\"potentialAction\":[{\"@type\":\"SearchAction\",\"target\":{\"@type\":\"EntryPoint\",\"urlTemplate\":\"https:\\\/\\\/dorogimedence.hu\\\/?s={search_term_string}\"},\"query-input\":{\"@type\":\"PropertyValueSpecification\",\"valueRequired\":true,\"valueName\":\"search_term_string\"}}],\"inLanguage\":\"hu\"},{\"@type\":\"Organization\",\"@id\":\"https:\\\/\\\/dorogimedence.hu\\\/#organization\",\"name\":\"Dorogi-medence Region\u00e1lis H\u00edrport\u00e1l\",\"url\":\"https:\\\/\\\/dorogimedence.hu\\\/\",\"logo\":{\"@type\":\"ImageObject\",\"inLanguage\":\"hu\",\"@id\":\"https:\\\/\\\/dorogimedence.hu\\\/#\\\/schema\\\/logo\\\/image\\\/\",\"url\":\"https:\\\/\\\/dorogimedence.hu\\\/wp-content\\\/uploads\\\/2021\\\/04\\\/logo-feher-600.png\",\"contentUrl\":\"https:\\\/\\\/dorogimedence.hu\\\/wp-content\\\/uploads\\\/2021\\\/04\\\/logo-feher-600.png\",\"width\":600,\"height\":100,\"caption\":\"Dorogi-medence Region\u00e1lis H\u00edrport\u00e1l\"},\"image\":{\"@id\":\"https:\\\/\\\/dorogimedence.hu\\\/#\\\/schema\\\/logo\\\/image\\\/\"},\"sameAs\":[\"https:\\\/\\\/www.facebook.com\\\/dorogimedence\\\/\"]},{\"@type\":\"Person\",\"@id\":\"https:\\\/\\\/dorogimedence.hu\\\/#\\\/schema\\\/person\\\/ce6091eeb7e95ecdc87890d6aa8e0fd4\",\"name\":\"dorogimedence.hu\",\"image\":{\"@type\":\"ImageObject\",\"inLanguage\":\"hu\",\"@id\":\"\\\/\\\/www.gravatar.com\\\/avatar\\\/d8d45f8901aadff40a4af72c0b826f1d?s=96&#038;r=g&#038;d=mm\",\"url\":\"\\\/\\\/www.gravatar.com\\\/avatar\\\/d8d45f8901aadff40a4af72c0b826f1d?s=96&#038;r=g&#038;d=mm\",\"contentUrl\":\"\\\/\\\/www.gravatar.com\\\/avatar\\\/d8d45f8901aadff40a4af72c0b826f1d?s=96&#038;r=g&#038;d=mm\",\"caption\":\"dorogimedence.hu\"}}]}<\/script>\n<!-- \/ Yoast SEO plugin. -->","yoast_head_json":{"title":"V\u00f6lner P\u00e1l: 2018 a biztons\u00e1gr\u00f3l sz\u00f3l","robots":{"index":"index","follow":"follow","max-snippet":"max-snippet:-1","max-image-preview":"max-image-preview:large","max-video-preview":"max-video-preview:-1"},"canonical":"https:\/\/dorogimedence.hu\/index.php\/2017\/05\/27\/volner-pal-2018-a-biztonsagrol-szol\/","og_locale":"hu_HU","og_type":"article","og_title":"V\u00f6lner P\u00e1l: 2018 a biztons\u00e1gr\u00f3l sz\u00f3l","og_description":"A munk\u00e1b\u00f3l \u00e9l\u0151kr\u0151l, a csal\u00e1dokr\u00f3l \u00e9s a biztons\u00e1gr\u00f3l sz\u00f3l a j\u00f6v\u0151 \u00e9vi k\u00f6lts\u00e9gvet\u00e9s &#8211; mondta dr. V\u00f6lner P\u00e1l orsz\u00e1ggy\u0171l\u00e9si k\u00e9pvisel\u0151nk mindezt, miut\u00e1n a dorogi eg\u00e9szs\u00e9g\u00fcgy le\u00e9p\u00edt\u00e9s\u00e9t sz\u00e9p\u00edtette Dorogon. Hozz\u00e1tette esztergomi sajt\u00f3t\u00e1j\u00e9koztat\u00f3j\u00e1n, hogy kiemelt c\u00e9l, hogy a magyar csal\u00e1dok tov\u00e1bbi t\u00e1mogat\u00e1sokhoz jussanak, valamint er\u0151s\u00f6dj\u00f6n az orsz\u00e1g biztons\u00e1ga. Kifejtette, hogy a fenti c\u00e9lok alapja Magyarorsz\u00e1g meger\u0151s\u00f6d\u00e9se, melyb\u0151l","og_url":"https:\/\/dorogimedence.hu\/index.php\/2017\/05\/27\/volner-pal-2018-a-biztonsagrol-szol\/","og_site_name":"Dorogi-medence Region\u00e1lis H\u00edrport\u00e1l","article_publisher":"https:\/\/www.facebook.com\/dorogimedence\/","article_published_time":"2017-05-27T07:21:50+00:00","article_modified_time":"2017-05-27T07:25:12+00:00","og_image":[{"width":670,"height":365,"url":"https:\/\/i0.wp.com\/dorogimedence.hu\/wp-content\/uploads\/2017\/05\/volner-01.jpg?fit=670%2C365&ssl=1","type":"image\/jpeg"}],"author":"dorogimedence.hu","twitter_card":"summary_large_image","twitter_misc":{"Szerz\u0151:":"dorogimedence.hu","Becs\u00fclt olvas\u00e1si id\u0151":"1 perc"},"schema":{"@context":"https:\/\/schema.org","@graph":[{"@type":"Article","@id":"https:\/\/dorogimedence.hu\/index.php\/2017\/05\/27\/volner-pal-2018-a-biztonsagrol-szol\/#article","isPartOf":{"@id":"https:\/\/dorogimedence.hu\/index.php\/2017\/05\/27\/volner-pal-2018-a-biztonsagrol-szol\/"},"author":{"name":"dorogimedence.hu","@id":"https:\/\/dorogimedence.hu\/#\/schema\/person\/ce6091eeb7e95ecdc87890d6aa8e0fd4"},"headline":"V\u00f6lner P\u00e1l: 2018 a biztons\u00e1gr\u00f3l sz\u00f3l","datePublished":"2017-05-27T07:21:50+00:00","dateModified":"2017-05-27T07:25:12+00:00","mainEntityOfPage":{"@id":"https:\/\/dorogimedence.hu\/index.php\/2017\/05\/27\/volner-pal-2018-a-biztonsagrol-szol\/"},"wordCount":234,"publisher":{"@id":"https:\/\/dorogimedence.hu\/#organization"},"image":{"@id":"https:\/\/dorogimedence.hu\/index.php\/2017\/05\/27\/volner-pal-2018-a-biztonsagrol-szol\/#primaryimage"},"thumbnailUrl":"https:\/\/dorogimedence.hu\/wp-content\/uploads\/2017\/05\/volner-01.jpg","keywords":["esztergom","V\u00f6lner P\u00e1l"],"articleSection":["H\u00edrek"],"inLanguage":"hu"},{"@type":"WebPage","@id":"https:\/\/dorogimedence.hu\/index.php\/2017\/05\/27\/volner-pal-2018-a-biztonsagrol-szol\/","url":"https:\/\/dorogimedence.hu\/index.php\/2017\/05\/27\/volner-pal-2018-a-biztonsagrol-szol\/","name":"V\u00f6lner P\u00e1l: 2018 a biztons\u00e1gr\u00f3l sz\u00f3l","isPartOf":{"@id":"https:\/\/dorogimedence.hu\/#website"},"primaryImageOfPage":{"@id":"https:\/\/dorogimedence.hu\/index.php\/2017\/05\/27\/volner-pal-2018-a-biztonsagrol-szol\/#primaryimage"},"image":{"@id":"https:\/\/dorogimedence.hu\/index.php\/2017\/05\/27\/volner-pal-2018-a-biztonsagrol-szol\/#primaryimage"},"thumbnailUrl":"https:\/\/dorogimedence.hu\/wp-content\/uploads\/2017\/05\/volner-01.jpg","datePublished":"2017-05-27T07:21:50+00:00","dateModified":"2017-05-27T07:25:12+00:00","breadcrumb":{"@id":"https:\/\/dorogimedence.hu\/index.php\/2017\/05\/27\/volner-pal-2018-a-biztonsagrol-szol\/#breadcrumb"},"inLanguage":"hu","potentialAction":[{"@type":"ReadAction","target":["https:\/\/dorogimedence.hu\/index.php\/2017\/05\/27\/volner-pal-2018-a-biztonsagrol-szol\/"]}]},{"@type":"ImageObject","inLanguage":"hu","@id":"https:\/\/dorogimedence.hu\/index.php\/2017\/05\/27\/volner-pal-2018-a-biztonsagrol-szol\/#primaryimage","url":"https:\/\/dorogimedence.hu\/wp-content\/uploads\/2017\/05\/volner-01.jpg","contentUrl":"https:\/\/dorogimedence.hu\/wp-content\/uploads\/2017\/05\/volner-01.jpg","width":670,"height":365},{"@type":"BreadcrumbList","@id":"https:\/\/dorogimedence.hu\/index.php\/2017\/05\/27\/volner-pal-2018-a-biztonsagrol-szol\/#breadcrumb","itemListElement":[{"@type":"ListItem","position":1,"name":"Kezd\u0151lap","item":"https:\/\/dorogimedence.hu\/"},{"@type":"ListItem","position":2,"name":"V\u00f6lner P\u00e1l: 2018 a biztons\u00e1gr\u00f3l sz\u00f3l"}]},{"@type":"WebSite","@id":"https:\/\/dorogimedence.hu\/#website","url":"https:\/\/dorogimedence.hu\/","name":"Dorogi-medence Region\u00e1lis H\u00edrport\u00e1l","description":"Dorog, Keszt\u00f6lc, Le\u00e1nyv\u00e1r, Piliscs\u00e9v, Tokod, Tokodalt\u00e1r\u00f3, Csolnok, Esztergom-kertv\u00e1ros: h\u00edrek, programok","publisher":{"@id":"https:\/\/dorogimedence.hu\/#organization"},"potentialAction":[{"@type":"SearchAction","target":{"@type":"EntryPoint","urlTemplate":"https:\/\/dorogimedence.hu\/?s={search_term_string}"},"query-input":{"@type":"PropertyValueSpecification","valueRequired":true,"valueName":"search_term_string"}}],"inLanguage":"hu"},{"@type":"Organization","@id":"https:\/\/dorogimedence.hu\/#organization","name":"Dorogi-medence Region\u00e1lis H\u00edrport\u00e1l","url":"https:\/\/dorogimedence.hu\/","logo":{"@type":"ImageObject","inLanguage":"hu","@id":"https:\/\/dorogimedence.hu\/#\/schema\/logo\/image\/","url":"https:\/\/dorogimedence.hu\/wp-content\/uploads\/2021\/04\/logo-feher-600.png","contentUrl":"https:\/\/dorogimedence.hu\/wp-content\/uploads\/2021\/04\/logo-feher-600.png","width":600,"height":100,"caption":"Dorogi-medence Region\u00e1lis H\u00edrport\u00e1l"},"image":{"@id":"https:\/\/dorogimedence.hu\/#\/schema\/logo\/image\/"},"sameAs":["https:\/\/www.facebook.com\/dorogimedence\/"]},{"@type":"Person","@id":"https:\/\/dorogimedence.hu\/#\/schema\/person\/ce6091eeb7e95ecdc87890d6aa8e0fd4","name":"dorogimedence.hu","image":{"@type":"ImageObject","inLanguage":"hu","@id":"\/\/www.gravatar.com\/avatar\/d8d45f8901aadff40a4af72c0b826f1d?s=96&#038;r=g&#038;d=mm","url":"\/\/www.gravatar.com\/avatar\/d8d45f8901aadff40a4af72c0b826f1d?s=96&#038;r=g&#038;d=mm","contentUrl":"\/\/www.gravatar.com\/avatar\/d8d45f8901aadff40a4af72c0b826f1d?s=96&#038;r=g&#038;d=mm","caption":"dorogimedence.hu"}}]}},"_links":{"self":[{"href":"https:\/\/dorogimedence.hu\/index.php\/wp-json\/wp\/v2\/posts\/3400","targetHints":{"allow":["GET"]}}],"collection":[{"href":"https:\/\/dorogimedence.hu\/index.php\/wp-json\/wp\/v2\/posts"}],"about":[{"href":"https:\/\/dorogimedence.hu\/index.php\/wp-json\/wp\/v2\/types\/post"}],"author":[{"embeddable":true,"href":"https:\/\/dorogimedence.hu\/index.php\/wp-json\/wp\/v2\/users\/1"}],"replies":[{"embeddable":true,"href":"https:\/\/dorogimedence.hu\/index.php\/wp-json\/wp\/v2\/comments?post=3400"}],"version-history":[{"count":0,"href":"https:\/\/dorogimedence.hu\/index.php\/wp-json\/wp\/v2\/posts\/3400\/revisions"}],"wp:featuredmedia":[{"embeddable":true,"href":"https:\/\/dorogimedence.hu\/index.php\/wp-json\/wp\/v2\/media\/3401"}],"wp:attachment":[{"href":"https:\/\/dorogimedence.hu\/index.php\/wp-json\/wp\/v2\/media?parent=3400"}],"wp:term":[{"taxonomy":"category","embeddable":true,"href":"https:\/\/dorogimedence.hu\/index.php\/wp-json\/wp\/v2\/categories?post=3400"},{"taxonomy":"post_tag","embeddable":true,"href":"https:\/\/dorogimedence.hu\/index.php\/wp-json\/wp\/v2\/tags?post=3400"}],"curies":[{"name":"wp","href":"https:\/\/api.w.org\/{rel}","templated":true}]}}