{"id":33858,"date":"2021-06-11T14:56:17","date_gmt":"2021-06-11T12:56:17","guid":{"rendered":"https:\/\/dorogimedence.hu\/?p=33858"},"modified":"2021-06-11T14:56:36","modified_gmt":"2021-06-11T12:56:36","slug":"komarom-esztergomert-tevekenykedoket-dijaztak-a-megyehazan","status":"publish","type":"post","link":"https:\/\/dorogimedence.hu\/index.php\/2021\/06\/11\/komarom-esztergomert-tevekenykedoket-dijaztak-a-megyehazan\/","title":{"rendered":"Kom\u00e1rom-Esztergom\u00e9rt tev\u00e9kenyked\u0151ket d\u00edjaztak a megyeh\u00e1z\u00e1n"},"content":{"rendered":"<p><strong>A megyei \u00f6nkorm\u00e1nyzat h\u00e9t d\u00edj\u00e1t adtak \u00e1t \u00fcnnep\u00e9lyes keretek k\u00f6z\u00f6tt j\u00fanius 11-\u00e9n, p\u00e9nteken d\u00e9lel\u0151tt a megyesz\u00e9khelyen. T\u00f6bbek k\u00f6z\u00f6tt rangos elismer\u00e9st kapott a Magyar Suzuki, de a S\u00e1ris\u00e1pi \u00d6nk\u00e9ntes T\u0171zolt\u00f3 Egyes\u00fcletet \u00e9s dr. Rov\u00e1cs Melind\u00e1t is d\u00edjazt\u00e1k.<\/strong><\/p>\n<p>A sz\u0171kk\u00f6r\u0171 d\u00edj\u00e1tad\u00f3n els\u0151k\u00e9nt Popovics Gy\u00f6rgy a megyei k\u00f6zgy\u0171l\u00e9s eln\u00f6ke k\u00f6sz\u00f6nt\u00f6tte a megjelenteket. A d\u00edjak \u00e1tad\u00e1s\u00e1ban k\u00f6zrem\u0171k\u00f6dtek Czunyin\u00e9 dr. Bertalan Judit, V\u00f6lner P\u00e1l \u00e9s Bencsik J\u00e1nos orsz\u00e1ggy\u0171l\u00e9si k\u00e9pvisel\u0151k.<\/p>\n<p>A Kom\u00e1rom-Esztergom Megye Strat\u00e9giailag Kiemelked\u0151 Fontoss\u00e1g\u00fa Nagyv\u00e1llalata 2019-ben kit\u00fcntet\u0151 c\u00edmet, s a vele j\u00e1r\u00f3 oklevelet \u00e9s bronzplakettet Atsumi Masato, a Magyar Suzuki Zrt. vez\u00e9rigazgat\u00f3ja vette \u00e1t.<\/p>\n<p>Kom\u00e1rom-Esztergom Megy\u00e9\u00e9rt D\u00edjban h\u00e1rman r\u00e9szes\u00fcltek: a S\u00e1ris\u00e1pi \u00d6nk\u00e9ntes T\u0171zolt\u00f3 Egyes\u00fclet (az elismer\u00e9st Szab\u00f3 Imre, a szervezet eln\u00f6ke vette \u00e1t), V\u00e1l\u00f3czi Ferenc, a Mozg\u00e1skorl\u00e1tozottak Kom\u00e1rom-Esztergom Megyei Egyes\u00fclet\u00e9nek kor\u00e1bbi eln\u00f6ke, jelenlegi eln\u00f6khelyettese \u00e9s Dr. Leh\u0151cz Irma, a Tatab\u00e1nyai Szent Borb\u00e1la K\u00f3rh\u00e1zban t\u00f6bb mint 3 \u00e9vtizede dolgoz\u00f3 orvos, f\u00fcl-orr-g\u00e9gegy\u00f3gy\u00e1sz audiol\u00f3gus.<\/p>\n<p>Ugyancsak h\u00e1rman kaptak \u00fagynevezett Megy\u00e9\u00e9rt Szakmai D\u00edjakat: Dr. Horv\u00e1thn\u00e9 dr. Rov\u00e1cs Melinda, nyerges\u00fajfalui gyermek h\u00e1ziorvos, Nyitrai Istv\u00e1n, a tatab\u00e1nyai ipari parkot fejleszt\u0151 IPH Kft. t\u00e1rs\u00fcgyvezet\u0151je, valamint az Aranykocsi Zrt., melyet a vez\u00e9rigazgat\u00f3, L\u00e1szl\u00f3 K\u00e1lm\u00e1n k\u00e9pviselt.<\/p>\n<p><img fetchpriority=\"high\" decoding=\"async\" class=\"alignnone size-large wp-image-33860\" src=\"https:\/\/dorogimedence.hu\/wp-content\/uploads\/2021\/06\/198359061_2613050265656002_8531353217858737697_n-1024x683.jpg\" alt=\"\" width=\"755\" height=\"504\" srcset=\"https:\/\/dorogimedence.hu\/wp-content\/uploads\/2021\/06\/198359061_2613050265656002_8531353217858737697_n-1024x683.jpg 1024w, https:\/\/dorogimedence.hu\/wp-content\/uploads\/2021\/06\/198359061_2613050265656002_8531353217858737697_n-300x200.jpg 300w, https:\/\/dorogimedence.hu\/wp-content\/uploads\/2021\/06\/198359061_2613050265656002_8531353217858737697_n-768x512.jpg 768w, https:\/\/dorogimedence.hu\/wp-content\/uploads\/2021\/06\/198359061_2613050265656002_8531353217858737697_n-1536x1024.jpg 1536w, https:\/\/dorogimedence.hu\/wp-content\/uploads\/2021\/06\/198359061_2613050265656002_8531353217858737697_n-150x100.jpg 150w, https:\/\/dorogimedence.hu\/wp-content\/uploads\/2021\/06\/198359061_2613050265656002_8531353217858737697_n-450x300.jpg 450w, https:\/\/dorogimedence.hu\/wp-content\/uploads\/2021\/06\/198359061_2613050265656002_8531353217858737697_n-1200x800.jpg 1200w, https:\/\/dorogimedence.hu\/wp-content\/uploads\/2021\/06\/198359061_2613050265656002_8531353217858737697_n-272x182.jpg 272w, https:\/\/dorogimedence.hu\/wp-content\/uploads\/2021\/06\/198359061_2613050265656002_8531353217858737697_n.jpg 2048w\" sizes=\"(max-width: 755px) 100vw, 755px\" \/><\/p>\n<p><em>Fot\u00f3k, forr\u00e1s: KEM\u00d6H<\/em><\/p>\n","protected":false},"excerpt":{"rendered":"<p>A megyei \u00f6nkorm\u00e1nyzat h\u00e9t d\u00edj\u00e1t adtak \u00e1t \u00fcnnep\u00e9lyes keretek k\u00f6z\u00f6tt j\u00fanius 11-\u00e9n, p\u00e9nteken d\u00e9lel\u0151tt a megyesz\u00e9khelyen. T\u00f6bbek k\u00f6z\u00f6tt rangos elismer\u00e9st kapott a Magyar Suzuki, de a S\u00e1ris\u00e1pi \u00d6nk\u00e9ntes T\u0171zolt\u00f3 Egyes\u00fcletet \u00e9s dr. Rov\u00e1cs Melind\u00e1t is d\u00edjazt\u00e1k. A sz\u0171kk\u00f6r\u0171 d\u00edj\u00e1tad\u00f3n els\u0151k\u00e9nt Popovics Gy\u00f6rgy a megyei k\u00f6zgy\u0171l\u00e9s eln\u00f6ke k\u00f6sz\u00f6nt\u00f6tte a megjelenteket. A d\u00edjak \u00e1tad\u00e1s\u00e1ban k\u00f6zrem\u0171k\u00f6dtek Czunyin\u00e9 dr.<\/p>\n","protected":false},"author":1,"featured_media":33859,"comment_status":"closed","ping_status":"closed","sticky":false,"template":"","format":"standard","meta":{"ngg_post_thumbnail":0,"footnotes":""},"categories":[38,3,56,1390],"tags":[585,3799],"class_list":{"0":"post-33858","1":"post","2":"type-post","3":"status-publish","4":"format-standard","5":"has-post-thumbnail","7":"category-esztergom","8":"category-hirek","9":"category-komarom-esztergom","10":"category-nyergesujfalu","11":"tag-dij","12":"tag-komarom-esztergom-megye"},"yoast_head":"<!-- This site is optimized with the Yoast SEO plugin v27.5 - https:\/\/yoast.com\/product\/yoast-seo-wordpress\/ -->\n<title>Kom\u00e1rom-Esztergom\u00e9rt tev\u00e9kenyked\u0151ket d\u00edjaztak a megyeh\u00e1z\u00e1n<\/title>\n<meta name=\"robots\" content=\"index, follow, max-snippet:-1, max-image-preview:large, max-video-preview:-1\" \/>\n<link rel=\"canonical\" href=\"https:\/\/dorogimedence.hu\/index.php\/2021\/06\/11\/komarom-esztergomert-tevekenykedoket-dijaztak-a-megyehazan\/\" class=\"yoast-seo-meta-tag\" \/>\n<meta property=\"og:locale\" content=\"hu_HU\" class=\"yoast-seo-meta-tag\" \/>\n<meta property=\"og:type\" content=\"article\" class=\"yoast-seo-meta-tag\" \/>\n<meta property=\"og:title\" content=\"Kom\u00e1rom-Esztergom\u00e9rt tev\u00e9kenyked\u0151ket d\u00edjaztak a megyeh\u00e1z\u00e1n\" class=\"yoast-seo-meta-tag\" \/>\n<meta property=\"og:description\" content=\"A megyei \u00f6nkorm\u00e1nyzat h\u00e9t d\u00edj\u00e1t adtak \u00e1t \u00fcnnep\u00e9lyes keretek k\u00f6z\u00f6tt j\u00fanius 11-\u00e9n, p\u00e9nteken d\u00e9lel\u0151tt a megyesz\u00e9khelyen. T\u00f6bbek k\u00f6z\u00f6tt rangos elismer\u00e9st kapott a Magyar Suzuki, de a S\u00e1ris\u00e1pi \u00d6nk\u00e9ntes T\u0171zolt\u00f3 Egyes\u00fcletet \u00e9s dr. Rov\u00e1cs Melind\u00e1t is d\u00edjazt\u00e1k. A sz\u0171kk\u00f6r\u0171 d\u00edj\u00e1tad\u00f3n els\u0151k\u00e9nt Popovics Gy\u00f6rgy a megyei k\u00f6zgy\u0171l\u00e9s eln\u00f6ke k\u00f6sz\u00f6nt\u00f6tte a megjelenteket. A d\u00edjak \u00e1tad\u00e1s\u00e1ban k\u00f6zrem\u0171k\u00f6dtek Czunyin\u00e9 dr.\" class=\"yoast-seo-meta-tag\" \/>\n<meta property=\"og:url\" content=\"https:\/\/dorogimedence.hu\/index.php\/2021\/06\/11\/komarom-esztergomert-tevekenykedoket-dijaztak-a-megyehazan\/\" class=\"yoast-seo-meta-tag\" \/>\n<meta property=\"og:site_name\" content=\"Dorogi-medence Region\u00e1lis H\u00edrport\u00e1l\" class=\"yoast-seo-meta-tag\" \/>\n<meta property=\"article:publisher\" content=\"https:\/\/www.facebook.com\/dorogimedence\/\" class=\"yoast-seo-meta-tag\" \/>\n<meta property=\"article:published_time\" content=\"2021-06-11T12:56:17+00:00\" class=\"yoast-seo-meta-tag\" \/>\n<meta property=\"article:modified_time\" content=\"2021-06-11T12:56:36+00:00\" class=\"yoast-seo-meta-tag\" \/>\n<meta property=\"og:image\" content=\"https:\/\/i0.wp.com\/dorogimedence.hu\/wp-content\/uploads\/2021\/06\/megye-dijak.jpg?fit=1725%2C1026&ssl=1\" class=\"yoast-seo-meta-tag\" \/>\n\t<meta property=\"og:image:width\" content=\"1725\" class=\"yoast-seo-meta-tag\" \/>\n\t<meta property=\"og:image:height\" content=\"1026\" class=\"yoast-seo-meta-tag\" \/>\n\t<meta property=\"og:image:type\" content=\"image\/jpeg\" class=\"yoast-seo-meta-tag\" \/>\n<meta name=\"author\" content=\"dorogimedence.hu\" class=\"yoast-seo-meta-tag\" \/>\n<meta name=\"twitter:card\" content=\"summary_large_image\" class=\"yoast-seo-meta-tag\" \/>\n<meta name=\"twitter:label1\" content=\"Szerz\u0151:\" class=\"yoast-seo-meta-tag\" \/>\n\t<meta name=\"twitter:data1\" content=\"dorogimedence.hu\" class=\"yoast-seo-meta-tag\" \/>\n\t<meta name=\"twitter:label2\" content=\"Becs\u00fclt olvas\u00e1si id\u0151\" class=\"yoast-seo-meta-tag\" \/>\n\t<meta name=\"twitter:data2\" content=\"1 perc\" class=\"yoast-seo-meta-tag\" \/>\n<script type=\"application\/ld+json\" class=\"yoast-schema-graph\">{\"@context\":\"https:\\\/\\\/schema.org\",\"@graph\":[{\"@type\":\"Article\",\"@id\":\"https:\\\/\\\/dorogimedence.hu\\\/index.php\\\/2021\\\/06\\\/11\\\/komarom-esztergomert-tevekenykedoket-dijaztak-a-megyehazan\\\/#article\",\"isPartOf\":{\"@id\":\"https:\\\/\\\/dorogimedence.hu\\\/index.php\\\/2021\\\/06\\\/11\\\/komarom-esztergomert-tevekenykedoket-dijaztak-a-megyehazan\\\/\"},\"author\":{\"name\":\"dorogimedence.hu\",\"@id\":\"https:\\\/\\\/dorogimedence.hu\\\/#\\\/schema\\\/person\\\/ce6091eeb7e95ecdc87890d6aa8e0fd4\"},\"headline\":\"Kom\u00e1rom-Esztergom\u00e9rt tev\u00e9kenyked\u0151ket d\u00edjaztak a megyeh\u00e1z\u00e1n\",\"datePublished\":\"2021-06-11T12:56:17+00:00\",\"dateModified\":\"2021-06-11T12:56:36+00:00\",\"mainEntityOfPage\":{\"@id\":\"https:\\\/\\\/dorogimedence.hu\\\/index.php\\\/2021\\\/06\\\/11\\\/komarom-esztergomert-tevekenykedoket-dijaztak-a-megyehazan\\\/\"},\"wordCount\":304,\"publisher\":{\"@id\":\"https:\\\/\\\/dorogimedence.hu\\\/#organization\"},\"image\":{\"@id\":\"https:\\\/\\\/dorogimedence.hu\\\/index.php\\\/2021\\\/06\\\/11\\\/komarom-esztergomert-tevekenykedoket-dijaztak-a-megyehazan\\\/#primaryimage\"},\"thumbnailUrl\":\"https:\\\/\\\/dorogimedence.hu\\\/wp-content\\\/uploads\\\/2021\\\/06\\\/megye-dijak.jpg\",\"keywords\":[\"d\u00edj\",\"Kom\u00e1rom-Esztergom megye\"],\"articleSection\":[\"Esztergom\",\"H\u00edrek\",\"Kom\u00e1rom-Esztergom\",\"Nyerges\u00fajfalu\"],\"inLanguage\":\"hu\"},{\"@type\":\"WebPage\",\"@id\":\"https:\\\/\\\/dorogimedence.hu\\\/index.php\\\/2021\\\/06\\\/11\\\/komarom-esztergomert-tevekenykedoket-dijaztak-a-megyehazan\\\/\",\"url\":\"https:\\\/\\\/dorogimedence.hu\\\/index.php\\\/2021\\\/06\\\/11\\\/komarom-esztergomert-tevekenykedoket-dijaztak-a-megyehazan\\\/\",\"name\":\"Kom\u00e1rom-Esztergom\u00e9rt tev\u00e9kenyked\u0151ket d\u00edjaztak a megyeh\u00e1z\u00e1n\",\"isPartOf\":{\"@id\":\"https:\\\/\\\/dorogimedence.hu\\\/#website\"},\"primaryImageOfPage\":{\"@id\":\"https:\\\/\\\/dorogimedence.hu\\\/index.php\\\/2021\\\/06\\\/11\\\/komarom-esztergomert-tevekenykedoket-dijaztak-a-megyehazan\\\/#primaryimage\"},\"image\":{\"@id\":\"https:\\\/\\\/dorogimedence.hu\\\/index.php\\\/2021\\\/06\\\/11\\\/komarom-esztergomert-tevekenykedoket-dijaztak-a-megyehazan\\\/#primaryimage\"},\"thumbnailUrl\":\"https:\\\/\\\/dorogimedence.hu\\\/wp-content\\\/uploads\\\/2021\\\/06\\\/megye-dijak.jpg\",\"datePublished\":\"2021-06-11T12:56:17+00:00\",\"dateModified\":\"2021-06-11T12:56:36+00:00\",\"breadcrumb\":{\"@id\":\"https:\\\/\\\/dorogimedence.hu\\\/index.php\\\/2021\\\/06\\\/11\\\/komarom-esztergomert-tevekenykedoket-dijaztak-a-megyehazan\\\/#breadcrumb\"},\"inLanguage\":\"hu\",\"potentialAction\":[{\"@type\":\"ReadAction\",\"target\":[\"https:\\\/\\\/dorogimedence.hu\\\/index.php\\\/2021\\\/06\\\/11\\\/komarom-esztergomert-tevekenykedoket-dijaztak-a-megyehazan\\\/\"]}]},{\"@type\":\"ImageObject\",\"inLanguage\":\"hu\",\"@id\":\"https:\\\/\\\/dorogimedence.hu\\\/index.php\\\/2021\\\/06\\\/11\\\/komarom-esztergomert-tevekenykedoket-dijaztak-a-megyehazan\\\/#primaryimage\",\"url\":\"https:\\\/\\\/dorogimedence.hu\\\/wp-content\\\/uploads\\\/2021\\\/06\\\/megye-dijak.jpg\",\"contentUrl\":\"https:\\\/\\\/dorogimedence.hu\\\/wp-content\\\/uploads\\\/2021\\\/06\\\/megye-dijak.jpg\",\"width\":1725,\"height\":1026},{\"@type\":\"BreadcrumbList\",\"@id\":\"https:\\\/\\\/dorogimedence.hu\\\/index.php\\\/2021\\\/06\\\/11\\\/komarom-esztergomert-tevekenykedoket-dijaztak-a-megyehazan\\\/#breadcrumb\",\"itemListElement\":[{\"@type\":\"ListItem\",\"position\":1,\"name\":\"Kezd\u0151lap\",\"item\":\"https:\\\/\\\/dorogimedence.hu\\\/\"},{\"@type\":\"ListItem\",\"position\":2,\"name\":\"Kom\u00e1rom-Esztergom\u00e9rt tev\u00e9kenyked\u0151ket d\u00edjaztak a megyeh\u00e1z\u00e1n\"}]},{\"@type\":\"WebSite\",\"@id\":\"https:\\\/\\\/dorogimedence.hu\\\/#website\",\"url\":\"https:\\\/\\\/dorogimedence.hu\\\/\",\"name\":\"Dorogi-medence Region\u00e1lis H\u00edrport\u00e1l\",\"description\":\"Dorog, Keszt\u00f6lc, Le\u00e1nyv\u00e1r, Piliscs\u00e9v, Tokod, Tokodalt\u00e1r\u00f3, Csolnok, Esztergom-kertv\u00e1ros: h\u00edrek, programok\",\"publisher\":{\"@id\":\"https:\\\/\\\/dorogimedence.hu\\\/#organization\"},\"potentialAction\":[{\"@type\":\"SearchAction\",\"target\":{\"@type\":\"EntryPoint\",\"urlTemplate\":\"https:\\\/\\\/dorogimedence.hu\\\/?s={search_term_string}\"},\"query-input\":{\"@type\":\"PropertyValueSpecification\",\"valueRequired\":true,\"valueName\":\"search_term_string\"}}],\"inLanguage\":\"hu\"},{\"@type\":\"Organization\",\"@id\":\"https:\\\/\\\/dorogimedence.hu\\\/#organization\",\"name\":\"Dorogi-medence Region\u00e1lis H\u00edrport\u00e1l\",\"url\":\"https:\\\/\\\/dorogimedence.hu\\\/\",\"logo\":{\"@type\":\"ImageObject\",\"inLanguage\":\"hu\",\"@id\":\"https:\\\/\\\/dorogimedence.hu\\\/#\\\/schema\\\/logo\\\/image\\\/\",\"url\":\"https:\\\/\\\/dorogimedence.hu\\\/wp-content\\\/uploads\\\/2021\\\/04\\\/logo-feher-600.png\",\"contentUrl\":\"https:\\\/\\\/dorogimedence.hu\\\/wp-content\\\/uploads\\\/2021\\\/04\\\/logo-feher-600.png\",\"width\":600,\"height\":100,\"caption\":\"Dorogi-medence Region\u00e1lis H\u00edrport\u00e1l\"},\"image\":{\"@id\":\"https:\\\/\\\/dorogimedence.hu\\\/#\\\/schema\\\/logo\\\/image\\\/\"},\"sameAs\":[\"https:\\\/\\\/www.facebook.com\\\/dorogimedence\\\/\"]},{\"@type\":\"Person\",\"@id\":\"https:\\\/\\\/dorogimedence.hu\\\/#\\\/schema\\\/person\\\/ce6091eeb7e95ecdc87890d6aa8e0fd4\",\"name\":\"dorogimedence.hu\",\"image\":{\"@type\":\"ImageObject\",\"inLanguage\":\"hu\",\"@id\":\"\\\/\\\/www.gravatar.com\\\/avatar\\\/d8d45f8901aadff40a4af72c0b826f1d?s=96&#038;r=g&#038;d=mm\",\"url\":\"\\\/\\\/www.gravatar.com\\\/avatar\\\/d8d45f8901aadff40a4af72c0b826f1d?s=96&#038;r=g&#038;d=mm\",\"contentUrl\":\"\\\/\\\/www.gravatar.com\\\/avatar\\\/d8d45f8901aadff40a4af72c0b826f1d?s=96&#038;r=g&#038;d=mm\",\"caption\":\"dorogimedence.hu\"}}]}<\/script>\n<!-- \/ Yoast SEO plugin. -->","yoast_head_json":{"title":"Kom\u00e1rom-Esztergom\u00e9rt tev\u00e9kenyked\u0151ket d\u00edjaztak a megyeh\u00e1z\u00e1n","robots":{"index":"index","follow":"follow","max-snippet":"max-snippet:-1","max-image-preview":"max-image-preview:large","max-video-preview":"max-video-preview:-1"},"canonical":"https:\/\/dorogimedence.hu\/index.php\/2021\/06\/11\/komarom-esztergomert-tevekenykedoket-dijaztak-a-megyehazan\/","og_locale":"hu_HU","og_type":"article","og_title":"Kom\u00e1rom-Esztergom\u00e9rt tev\u00e9kenyked\u0151ket d\u00edjaztak a megyeh\u00e1z\u00e1n","og_description":"A megyei \u00f6nkorm\u00e1nyzat h\u00e9t d\u00edj\u00e1t adtak \u00e1t \u00fcnnep\u00e9lyes keretek k\u00f6z\u00f6tt j\u00fanius 11-\u00e9n, p\u00e9nteken d\u00e9lel\u0151tt a megyesz\u00e9khelyen. T\u00f6bbek k\u00f6z\u00f6tt rangos elismer\u00e9st kapott a Magyar Suzuki, de a S\u00e1ris\u00e1pi \u00d6nk\u00e9ntes T\u0171zolt\u00f3 Egyes\u00fcletet \u00e9s dr. Rov\u00e1cs Melind\u00e1t is d\u00edjazt\u00e1k. A sz\u0171kk\u00f6r\u0171 d\u00edj\u00e1tad\u00f3n els\u0151k\u00e9nt Popovics Gy\u00f6rgy a megyei k\u00f6zgy\u0171l\u00e9s eln\u00f6ke k\u00f6sz\u00f6nt\u00f6tte a megjelenteket. A d\u00edjak \u00e1tad\u00e1s\u00e1ban k\u00f6zrem\u0171k\u00f6dtek Czunyin\u00e9 dr.","og_url":"https:\/\/dorogimedence.hu\/index.php\/2021\/06\/11\/komarom-esztergomert-tevekenykedoket-dijaztak-a-megyehazan\/","og_site_name":"Dorogi-medence Region\u00e1lis H\u00edrport\u00e1l","article_publisher":"https:\/\/www.facebook.com\/dorogimedence\/","article_published_time":"2021-06-11T12:56:17+00:00","article_modified_time":"2021-06-11T12:56:36+00:00","og_image":[{"width":1725,"height":1026,"url":"https:\/\/i0.wp.com\/dorogimedence.hu\/wp-content\/uploads\/2021\/06\/megye-dijak.jpg?fit=1725%2C1026&ssl=1","type":"image\/jpeg"}],"author":"dorogimedence.hu","twitter_card":"summary_large_image","twitter_misc":{"Szerz\u0151:":"dorogimedence.hu","Becs\u00fclt olvas\u00e1si id\u0151":"1 perc"},"schema":{"@context":"https:\/\/schema.org","@graph":[{"@type":"Article","@id":"https:\/\/dorogimedence.hu\/index.php\/2021\/06\/11\/komarom-esztergomert-tevekenykedoket-dijaztak-a-megyehazan\/#article","isPartOf":{"@id":"https:\/\/dorogimedence.hu\/index.php\/2021\/06\/11\/komarom-esztergomert-tevekenykedoket-dijaztak-a-megyehazan\/"},"author":{"name":"dorogimedence.hu","@id":"https:\/\/dorogimedence.hu\/#\/schema\/person\/ce6091eeb7e95ecdc87890d6aa8e0fd4"},"headline":"Kom\u00e1rom-Esztergom\u00e9rt tev\u00e9kenyked\u0151ket d\u00edjaztak a megyeh\u00e1z\u00e1n","datePublished":"2021-06-11T12:56:17+00:00","dateModified":"2021-06-11T12:56:36+00:00","mainEntityOfPage":{"@id":"https:\/\/dorogimedence.hu\/index.php\/2021\/06\/11\/komarom-esztergomert-tevekenykedoket-dijaztak-a-megyehazan\/"},"wordCount":304,"publisher":{"@id":"https:\/\/dorogimedence.hu\/#organization"},"image":{"@id":"https:\/\/dorogimedence.hu\/index.php\/2021\/06\/11\/komarom-esztergomert-tevekenykedoket-dijaztak-a-megyehazan\/#primaryimage"},"thumbnailUrl":"https:\/\/dorogimedence.hu\/wp-content\/uploads\/2021\/06\/megye-dijak.jpg","keywords":["d\u00edj","Kom\u00e1rom-Esztergom megye"],"articleSection":["Esztergom","H\u00edrek","Kom\u00e1rom-Esztergom","Nyerges\u00fajfalu"],"inLanguage":"hu"},{"@type":"WebPage","@id":"https:\/\/dorogimedence.hu\/index.php\/2021\/06\/11\/komarom-esztergomert-tevekenykedoket-dijaztak-a-megyehazan\/","url":"https:\/\/dorogimedence.hu\/index.php\/2021\/06\/11\/komarom-esztergomert-tevekenykedoket-dijaztak-a-megyehazan\/","name":"Kom\u00e1rom-Esztergom\u00e9rt tev\u00e9kenyked\u0151ket d\u00edjaztak a megyeh\u00e1z\u00e1n","isPartOf":{"@id":"https:\/\/dorogimedence.hu\/#website"},"primaryImageOfPage":{"@id":"https:\/\/dorogimedence.hu\/index.php\/2021\/06\/11\/komarom-esztergomert-tevekenykedoket-dijaztak-a-megyehazan\/#primaryimage"},"image":{"@id":"https:\/\/dorogimedence.hu\/index.php\/2021\/06\/11\/komarom-esztergomert-tevekenykedoket-dijaztak-a-megyehazan\/#primaryimage"},"thumbnailUrl":"https:\/\/dorogimedence.hu\/wp-content\/uploads\/2021\/06\/megye-dijak.jpg","datePublished":"2021-06-11T12:56:17+00:00","dateModified":"2021-06-11T12:56:36+00:00","breadcrumb":{"@id":"https:\/\/dorogimedence.hu\/index.php\/2021\/06\/11\/komarom-esztergomert-tevekenykedoket-dijaztak-a-megyehazan\/#breadcrumb"},"inLanguage":"hu","potentialAction":[{"@type":"ReadAction","target":["https:\/\/dorogimedence.hu\/index.php\/2021\/06\/11\/komarom-esztergomert-tevekenykedoket-dijaztak-a-megyehazan\/"]}]},{"@type":"ImageObject","inLanguage":"hu","@id":"https:\/\/dorogimedence.hu\/index.php\/2021\/06\/11\/komarom-esztergomert-tevekenykedoket-dijaztak-a-megyehazan\/#primaryimage","url":"https:\/\/dorogimedence.hu\/wp-content\/uploads\/2021\/06\/megye-dijak.jpg","contentUrl":"https:\/\/dorogimedence.hu\/wp-content\/uploads\/2021\/06\/megye-dijak.jpg","width":1725,"height":1026},{"@type":"BreadcrumbList","@id":"https:\/\/dorogimedence.hu\/index.php\/2021\/06\/11\/komarom-esztergomert-tevekenykedoket-dijaztak-a-megyehazan\/#breadcrumb","itemListElement":[{"@type":"ListItem","position":1,"name":"Kezd\u0151lap","item":"https:\/\/dorogimedence.hu\/"},{"@type":"ListItem","position":2,"name":"Kom\u00e1rom-Esztergom\u00e9rt tev\u00e9kenyked\u0151ket d\u00edjaztak a megyeh\u00e1z\u00e1n"}]},{"@type":"WebSite","@id":"https:\/\/dorogimedence.hu\/#website","url":"https:\/\/dorogimedence.hu\/","name":"Dorogi-medence Region\u00e1lis H\u00edrport\u00e1l","description":"Dorog, Keszt\u00f6lc, Le\u00e1nyv\u00e1r, Piliscs\u00e9v, Tokod, Tokodalt\u00e1r\u00f3, Csolnok, Esztergom-kertv\u00e1ros: h\u00edrek, programok","publisher":{"@id":"https:\/\/dorogimedence.hu\/#organization"},"potentialAction":[{"@type":"SearchAction","target":{"@type":"EntryPoint","urlTemplate":"https:\/\/dorogimedence.hu\/?s={search_term_string}"},"query-input":{"@type":"PropertyValueSpecification","valueRequired":true,"valueName":"search_term_string"}}],"inLanguage":"hu"},{"@type":"Organization","@id":"https:\/\/dorogimedence.hu\/#organization","name":"Dorogi-medence Region\u00e1lis H\u00edrport\u00e1l","url":"https:\/\/dorogimedence.hu\/","logo":{"@type":"ImageObject","inLanguage":"hu","@id":"https:\/\/dorogimedence.hu\/#\/schema\/logo\/image\/","url":"https:\/\/dorogimedence.hu\/wp-content\/uploads\/2021\/04\/logo-feher-600.png","contentUrl":"https:\/\/dorogimedence.hu\/wp-content\/uploads\/2021\/04\/logo-feher-600.png","width":600,"height":100,"caption":"Dorogi-medence Region\u00e1lis H\u00edrport\u00e1l"},"image":{"@id":"https:\/\/dorogimedence.hu\/#\/schema\/logo\/image\/"},"sameAs":["https:\/\/www.facebook.com\/dorogimedence\/"]},{"@type":"Person","@id":"https:\/\/dorogimedence.hu\/#\/schema\/person\/ce6091eeb7e95ecdc87890d6aa8e0fd4","name":"dorogimedence.hu","image":{"@type":"ImageObject","inLanguage":"hu","@id":"\/\/www.gravatar.com\/avatar\/d8d45f8901aadff40a4af72c0b826f1d?s=96&#038;r=g&#038;d=mm","url":"\/\/www.gravatar.com\/avatar\/d8d45f8901aadff40a4af72c0b826f1d?s=96&#038;r=g&#038;d=mm","contentUrl":"\/\/www.gravatar.com\/avatar\/d8d45f8901aadff40a4af72c0b826f1d?s=96&#038;r=g&#038;d=mm","caption":"dorogimedence.hu"}}]}},"_links":{"self":[{"href":"https:\/\/dorogimedence.hu\/index.php\/wp-json\/wp\/v2\/posts\/33858","targetHints":{"allow":["GET"]}}],"collection":[{"href":"https:\/\/dorogimedence.hu\/index.php\/wp-json\/wp\/v2\/posts"}],"about":[{"href":"https:\/\/dorogimedence.hu\/index.php\/wp-json\/wp\/v2\/types\/post"}],"author":[{"embeddable":true,"href":"https:\/\/dorogimedence.hu\/index.php\/wp-json\/wp\/v2\/users\/1"}],"replies":[{"embeddable":true,"href":"https:\/\/dorogimedence.hu\/index.php\/wp-json\/wp\/v2\/comments?post=33858"}],"version-history":[{"count":0,"href":"https:\/\/dorogimedence.hu\/index.php\/wp-json\/wp\/v2\/posts\/33858\/revisions"}],"wp:featuredmedia":[{"embeddable":true,"href":"https:\/\/dorogimedence.hu\/index.php\/wp-json\/wp\/v2\/media\/33859"}],"wp:attachment":[{"href":"https:\/\/dorogimedence.hu\/index.php\/wp-json\/wp\/v2\/media?parent=33858"}],"wp:term":[{"taxonomy":"category","embeddable":true,"href":"https:\/\/dorogimedence.hu\/index.php\/wp-json\/wp\/v2\/categories?post=33858"},{"taxonomy":"post_tag","embeddable":true,"href":"https:\/\/dorogimedence.hu\/index.php\/wp-json\/wp\/v2\/tags?post=33858"}],"curies":[{"name":"wp","href":"https:\/\/api.w.org\/{rel}","templated":true}]}}