{"id":33844,"date":"2021-06-11T11:36:56","date_gmt":"2021-06-11T09:36:56","guid":{"rendered":"https:\/\/dorogimedence.hu\/?p=33844"},"modified":"2021-06-11T11:37:08","modified_gmt":"2021-06-11T09:37:08","slug":"sorosuveget-es-szeket-dobott-sajat-fia-gepkocsijara","status":"publish","type":"post","link":"https:\/\/dorogimedence.hu\/index.php\/2021\/06\/11\/sorosuveget-es-szeket-dobott-sajat-fia-gepkocsijara\/","title":{"rendered":"S\u00f6r\u00f6s\u00fcveget \u00e9s sz\u00e9ket dobott saj\u00e1t fia g\u00e9pkocsij\u00e1ra"},"content":{"rendered":"<p><strong>Az Esztergomi J\u00e1r\u00e1sb\u00edr\u00f3s\u00e1g 90 nap elz\u00e1r\u00e1sra \u00e9s 600.000 Ft p\u00e9nzb\u00fcntet\u00e9sre \u00edt\u00e9lte azt a f\u00e9rfit, aki s\u00f6r\u00f6s\u00fcveget \u00e9s sz\u00e9ket dobott a fia \u00e1ltal vezetett szem\u00e9lyg\u00e9pkocsira. Az els\u0151fok\u00fa \u00edt\u00e9lettel szemben az \u00fcgy\u00e9sz a v\u00e1dlott terh\u00e9re, s\u00falyosb\u00edt\u00e1s, azaz b\u00f6rt\u00f6nb\u00fcntet\u00e9sre \u00e9s k\u00f6z\u00fcgyekt\u0151l eltilt\u00e1sra el\u00edt\u00e9l\u00e9s ir\u00e1nt jelentett be fellebbez\u00e9st. <\/strong><\/p>\n<p>A v\u00e1dirat szerint az elk\u00f6vet\u0151 f\u00e9rfi 2017. j\u00fanius 3-\u00e1n annav\u00f6lgyi sz\u00f3rakoz\u00f3helyen alkoholfogyaszt\u00e1st k\u00f6vet\u0151en sz\u00f3v\u00e1lt\u00e1sba keveredett fi\u00e1val, aki ittas \u00e1llapotban vezetett egy szem\u00e9lyg\u00e9pkocsit \u00e9s a j\u00e1rm\u0171vel tov\u00e1bbra is ittas \u00e1llapotban k\u00edv\u00e1nt k\u00f6zlekedni.<\/p>\n<p><img fetchpriority=\"high\" decoding=\"async\" class=\"alignnone size-large wp-image-33846\" src=\"https:\/\/dorogimedence.hu\/wp-content\/uploads\/2021\/06\/foto3-1024x653.jpg\" alt=\"\" width=\"755\" height=\"481\" srcset=\"https:\/\/dorogimedence.hu\/wp-content\/uploads\/2021\/06\/foto3-1024x653.jpg 1024w, https:\/\/dorogimedence.hu\/wp-content\/uploads\/2021\/06\/foto3-300x191.jpg 300w, https:\/\/dorogimedence.hu\/wp-content\/uploads\/2021\/06\/foto3-768x490.jpg 768w, https:\/\/dorogimedence.hu\/wp-content\/uploads\/2021\/06\/foto3-150x96.jpg 150w, https:\/\/dorogimedence.hu\/wp-content\/uploads\/2021\/06\/foto3-450x287.jpg 450w, https:\/\/dorogimedence.hu\/wp-content\/uploads\/2021\/06\/foto3.jpg 1054w\" sizes=\"(max-width: 755px) 100vw, 755px\" \/><\/p>\n<p>A s\u00e9rtett \u2013 a v\u00e1dlott k\u00e9r\u00e9se ellen\u00e9re \u2013 nem adta \u00e1t a szem\u00e9lyg\u00e9pkocsi kulcs\u00e1t a v\u00e1dlottnak, hanem azzal az annav\u00f6lgyi \u00fatszakaszon t\u00f6bbsz\u00f6r elhaladt, amely sor\u00e1n&nbsp; v\u00e1dlott az \u00fattest menetir\u00e1ny szerinti bal oldala mell\u0151l s\u00f6r\u00f6s\u00fcveggel, valamint egy fa sz\u00e9kkel dobta meg a j\u00e1rm\u0171vet. A sz\u00e9k az els\u0151 sz\u00e9lv\u00e9d\u0151t bet\u00f6rte, a bal oldal\u00e1n 70&#215;70 centim\u00e9ter nagys\u00e1g\u00fa p\u00f3kh\u00e1l\u00f3s s\u00e9r\u00fcl\u00e9st okozva. A szem\u00e9lyg\u00e9pkocsiban a sz\u00e9lv\u00e9d\u0151 bet\u00f6r\u00e9se miatt 38. 000 forint k\u00e1r keletkezett.<\/p>\n<p>A s\u00e9rtett \u00e1ltal vezetett szem\u00e9lyg\u00e9pkocsi sz\u00e9lv\u00e9d\u0151j\u00e9nek bal oldal\u00e1n l\u00e9v\u0151 t\u00f6r\u00e9s sz\u00e1mottev\u0151en nem befoly\u00e1solta a kil\u00e1t\u00e1st, el\u0151refel\u00e9 n\u00e9zve azonban er\u0151sen korl\u00e1tozta azt, \u00edgy vesz\u00e9lyeztetve a j\u00e1rm\u0171vel tov\u00e1bbhalad\u00f3 s\u00e9rtett \u00e9let\u00e9t \u00e9s testi \u00e9ps\u00e9g\u00e9t. A s\u00e9rtett ennek ellen\u00e9re nem \u00e1llt meg az \u00e1ltala vezetett szem\u00e9lyg\u00e9pkocsival, hanem azzal megfordult \u00e9s 43-46 km\/h k\u00f6z\u00f6tti sebess\u00e9ggel a F\u0151 \u00fat ir\u00e1ny\u00e1ba indult, majd azzal k\u00f6zleked\u00e9si balesetet okozott.<\/p>\n<p><img decoding=\"async\" class=\"alignnone size-large wp-image-33847\" src=\"https:\/\/dorogimedence.hu\/wp-content\/uploads\/2021\/06\/foto2-1024x579.jpg\" alt=\"\" width=\"755\" height=\"427\" srcset=\"https:\/\/dorogimedence.hu\/wp-content\/uploads\/2021\/06\/foto2-1024x579.jpg 1024w, https:\/\/dorogimedence.hu\/wp-content\/uploads\/2021\/06\/foto2-300x169.jpg 300w, https:\/\/dorogimedence.hu\/wp-content\/uploads\/2021\/06\/foto2-768x434.jpg 768w, https:\/\/dorogimedence.hu\/wp-content\/uploads\/2021\/06\/foto2-150x85.jpg 150w, https:\/\/dorogimedence.hu\/wp-content\/uploads\/2021\/06\/foto2-450x254.jpg 450w, https:\/\/dorogimedence.hu\/wp-content\/uploads\/2021\/06\/foto2.jpg 1124w\" sizes=\"(max-width: 755px) 100vw, 755px\" \/><\/p>\n<p><em>Forr\u00e1s: Tatab\u00e1nyai T\u00f6rv\u00e9nysz\u00e9k \/ Kom\u00e1rom-Esztergom Megyei F\u0151\u00fcgy\u00e9szs\u00e9g<\/em><br \/>\n<em>Fot\u00f3k: Kom\u00e1rom-Esztergom Megyei F\u0151\u00fcgy\u00e9szs\u00e9g<\/em><\/p>\n","protected":false},"excerpt":{"rendered":"<p>Az Esztergomi J\u00e1r\u00e1sb\u00edr\u00f3s\u00e1g 90 nap elz\u00e1r\u00e1sra \u00e9s 600.000 Ft p\u00e9nzb\u00fcntet\u00e9sre \u00edt\u00e9lte azt a f\u00e9rfit, aki s\u00f6r\u00f6s\u00fcveget \u00e9s sz\u00e9ket dobott a fia \u00e1ltal vezetett szem\u00e9lyg\u00e9pkocsira. Az els\u0151fok\u00fa \u00edt\u00e9lettel szemben az \u00fcgy\u00e9sz a v\u00e1dlott terh\u00e9re, s\u00falyosb\u00edt\u00e1s, azaz b\u00f6rt\u00f6nb\u00fcntet\u00e9sre \u00e9s k\u00f6z\u00fcgyekt\u0151l eltilt\u00e1sra el\u00edt\u00e9l\u00e9s ir\u00e1nt jelentett be fellebbez\u00e9st. A v\u00e1dirat szerint az elk\u00f6vet\u0151 f\u00e9rfi 2017. j\u00fanius 3-\u00e1n annav\u00f6lgyi sz\u00f3rakoz\u00f3helyen<\/p>\n","protected":false},"author":1,"featured_media":33845,"comment_status":"closed","ping_status":"closed","sticky":false,"template":"","format":"standard","meta":{"ngg_post_thumbnail":0,"footnotes":""},"categories":[3,39],"tags":[347,1042,63,164,61,326],"class_list":{"0":"post-33844","1":"post","2":"type-post","3":"status-publish","4":"format-standard","5":"has-post-thumbnail","7":"category-hirek","8":"category-kek-hirek","9":"tag-annavolgy","10":"tag-birosag","11":"tag-buncselekmeny","12":"tag-ittas-vezetes","13":"tag-rendorsegi-hirek","14":"tag-ugyeszseg"},"yoast_head":"<!-- This site is optimized with the Yoast SEO plugin v27.4 - https:\/\/yoast.com\/product\/yoast-seo-wordpress\/ -->\n<title>S\u00f6r\u00f6s\u00fcveget \u00e9s sz\u00e9ket dobott saj\u00e1t fia g\u00e9pkocsij\u00e1ra<\/title>\n<meta name=\"robots\" content=\"index, follow, max-snippet:-1, max-image-preview:large, max-video-preview:-1\" \/>\n<link rel=\"canonical\" href=\"https:\/\/dorogimedence.hu\/index.php\/2021\/06\/11\/sorosuveget-es-szeket-dobott-sajat-fia-gepkocsijara\/\" class=\"yoast-seo-meta-tag\" \/>\n<meta property=\"og:locale\" content=\"hu_HU\" class=\"yoast-seo-meta-tag\" \/>\n<meta property=\"og:type\" content=\"article\" class=\"yoast-seo-meta-tag\" \/>\n<meta property=\"og:title\" content=\"S\u00f6r\u00f6s\u00fcveget \u00e9s sz\u00e9ket dobott saj\u00e1t fia g\u00e9pkocsij\u00e1ra\" class=\"yoast-seo-meta-tag\" \/>\n<meta property=\"og:description\" content=\"Az Esztergomi J\u00e1r\u00e1sb\u00edr\u00f3s\u00e1g 90 nap elz\u00e1r\u00e1sra \u00e9s 600.000 Ft p\u00e9nzb\u00fcntet\u00e9sre \u00edt\u00e9lte azt a f\u00e9rfit, aki s\u00f6r\u00f6s\u00fcveget \u00e9s sz\u00e9ket dobott a fia \u00e1ltal vezetett szem\u00e9lyg\u00e9pkocsira. Az els\u0151fok\u00fa \u00edt\u00e9lettel szemben az \u00fcgy\u00e9sz a v\u00e1dlott terh\u00e9re, s\u00falyosb\u00edt\u00e1s, azaz b\u00f6rt\u00f6nb\u00fcntet\u00e9sre \u00e9s k\u00f6z\u00fcgyekt\u0151l eltilt\u00e1sra el\u00edt\u00e9l\u00e9s ir\u00e1nt jelentett be fellebbez\u00e9st. A v\u00e1dirat szerint az elk\u00f6vet\u0151 f\u00e9rfi 2017. j\u00fanius 3-\u00e1n annav\u00f6lgyi sz\u00f3rakoz\u00f3helyen\" class=\"yoast-seo-meta-tag\" \/>\n<meta property=\"og:url\" content=\"https:\/\/dorogimedence.hu\/index.php\/2021\/06\/11\/sorosuveget-es-szeket-dobott-sajat-fia-gepkocsijara\/\" class=\"yoast-seo-meta-tag\" \/>\n<meta property=\"og:site_name\" content=\"Dorogi-medence Region\u00e1lis H\u00edrport\u00e1l\" class=\"yoast-seo-meta-tag\" \/>\n<meta property=\"article:publisher\" content=\"https:\/\/www.facebook.com\/dorogimedence\/\" class=\"yoast-seo-meta-tag\" \/>\n<meta property=\"article:published_time\" content=\"2021-06-11T09:36:56+00:00\" class=\"yoast-seo-meta-tag\" \/>\n<meta property=\"article:modified_time\" content=\"2021-06-11T09:37:08+00:00\" class=\"yoast-seo-meta-tag\" \/>\n<meta property=\"og:image\" content=\"https:\/\/i0.wp.com\/dorogimedence.hu\/wp-content\/uploads\/2021\/06\/foto4.jpg?fit=1089%2C662&ssl=1\" class=\"yoast-seo-meta-tag\" \/>\n\t<meta property=\"og:image:width\" content=\"1089\" class=\"yoast-seo-meta-tag\" \/>\n\t<meta property=\"og:image:height\" content=\"662\" class=\"yoast-seo-meta-tag\" \/>\n\t<meta property=\"og:image:type\" content=\"image\/jpeg\" class=\"yoast-seo-meta-tag\" \/>\n<meta name=\"author\" content=\"dorogimedence.hu\" class=\"yoast-seo-meta-tag\" \/>\n<meta name=\"twitter:card\" content=\"summary_large_image\" class=\"yoast-seo-meta-tag\" \/>\n<meta name=\"twitter:label1\" content=\"Szerz\u0151:\" class=\"yoast-seo-meta-tag\" \/>\n\t<meta name=\"twitter:data1\" content=\"dorogimedence.hu\" class=\"yoast-seo-meta-tag\" \/>\n\t<meta name=\"twitter:label2\" content=\"Becs\u00fclt olvas\u00e1si id\u0151\" class=\"yoast-seo-meta-tag\" \/>\n\t<meta name=\"twitter:data2\" content=\"2 perc\" class=\"yoast-seo-meta-tag\" \/>\n<script type=\"application\/ld+json\" class=\"yoast-schema-graph\">{\"@context\":\"https:\\\/\\\/schema.org\",\"@graph\":[{\"@type\":\"Article\",\"@id\":\"https:\\\/\\\/dorogimedence.hu\\\/index.php\\\/2021\\\/06\\\/11\\\/sorosuveget-es-szeket-dobott-sajat-fia-gepkocsijara\\\/#article\",\"isPartOf\":{\"@id\":\"https:\\\/\\\/dorogimedence.hu\\\/index.php\\\/2021\\\/06\\\/11\\\/sorosuveget-es-szeket-dobott-sajat-fia-gepkocsijara\\\/\"},\"author\":{\"name\":\"dorogimedence.hu\",\"@id\":\"https:\\\/\\\/dorogimedence.hu\\\/#\\\/schema\\\/person\\\/ce6091eeb7e95ecdc87890d6aa8e0fd4\"},\"headline\":\"S\u00f6r\u00f6s\u00fcveget \u00e9s sz\u00e9ket dobott saj\u00e1t fia g\u00e9pkocsij\u00e1ra\",\"datePublished\":\"2021-06-11T09:36:56+00:00\",\"dateModified\":\"2021-06-11T09:37:08+00:00\",\"mainEntityOfPage\":{\"@id\":\"https:\\\/\\\/dorogimedence.hu\\\/index.php\\\/2021\\\/06\\\/11\\\/sorosuveget-es-szeket-dobott-sajat-fia-gepkocsijara\\\/\"},\"wordCount\":380,\"publisher\":{\"@id\":\"https:\\\/\\\/dorogimedence.hu\\\/#organization\"},\"image\":{\"@id\":\"https:\\\/\\\/dorogimedence.hu\\\/index.php\\\/2021\\\/06\\\/11\\\/sorosuveget-es-szeket-dobott-sajat-fia-gepkocsijara\\\/#primaryimage\"},\"thumbnailUrl\":\"https:\\\/\\\/dorogimedence.hu\\\/wp-content\\\/uploads\\\/2021\\\/06\\\/foto4.jpg\",\"keywords\":[\"Annav\u00f6lgy\",\"b\u00edr\u00f3s\u00e1g\",\"b\u0171ncselekm\u00e9ny\",\"ittas vezet\u00e9s\",\"rend\u0151rs\u00e9gi h\u00edrek\",\"\u00fcgy\u00e9szs\u00e9g\"],\"articleSection\":[\"H\u00edrek\",\"K\u00e9k h\u00edrek\"],\"inLanguage\":\"hu\"},{\"@type\":\"WebPage\",\"@id\":\"https:\\\/\\\/dorogimedence.hu\\\/index.php\\\/2021\\\/06\\\/11\\\/sorosuveget-es-szeket-dobott-sajat-fia-gepkocsijara\\\/\",\"url\":\"https:\\\/\\\/dorogimedence.hu\\\/index.php\\\/2021\\\/06\\\/11\\\/sorosuveget-es-szeket-dobott-sajat-fia-gepkocsijara\\\/\",\"name\":\"S\u00f6r\u00f6s\u00fcveget \u00e9s sz\u00e9ket dobott saj\u00e1t fia g\u00e9pkocsij\u00e1ra\",\"isPartOf\":{\"@id\":\"https:\\\/\\\/dorogimedence.hu\\\/#website\"},\"primaryImageOfPage\":{\"@id\":\"https:\\\/\\\/dorogimedence.hu\\\/index.php\\\/2021\\\/06\\\/11\\\/sorosuveget-es-szeket-dobott-sajat-fia-gepkocsijara\\\/#primaryimage\"},\"image\":{\"@id\":\"https:\\\/\\\/dorogimedence.hu\\\/index.php\\\/2021\\\/06\\\/11\\\/sorosuveget-es-szeket-dobott-sajat-fia-gepkocsijara\\\/#primaryimage\"},\"thumbnailUrl\":\"https:\\\/\\\/dorogimedence.hu\\\/wp-content\\\/uploads\\\/2021\\\/06\\\/foto4.jpg\",\"datePublished\":\"2021-06-11T09:36:56+00:00\",\"dateModified\":\"2021-06-11T09:37:08+00:00\",\"breadcrumb\":{\"@id\":\"https:\\\/\\\/dorogimedence.hu\\\/index.php\\\/2021\\\/06\\\/11\\\/sorosuveget-es-szeket-dobott-sajat-fia-gepkocsijara\\\/#breadcrumb\"},\"inLanguage\":\"hu\",\"potentialAction\":[{\"@type\":\"ReadAction\",\"target\":[\"https:\\\/\\\/dorogimedence.hu\\\/index.php\\\/2021\\\/06\\\/11\\\/sorosuveget-es-szeket-dobott-sajat-fia-gepkocsijara\\\/\"]}]},{\"@type\":\"ImageObject\",\"inLanguage\":\"hu\",\"@id\":\"https:\\\/\\\/dorogimedence.hu\\\/index.php\\\/2021\\\/06\\\/11\\\/sorosuveget-es-szeket-dobott-sajat-fia-gepkocsijara\\\/#primaryimage\",\"url\":\"https:\\\/\\\/dorogimedence.hu\\\/wp-content\\\/uploads\\\/2021\\\/06\\\/foto4.jpg\",\"contentUrl\":\"https:\\\/\\\/dorogimedence.hu\\\/wp-content\\\/uploads\\\/2021\\\/06\\\/foto4.jpg\",\"width\":1089,\"height\":662},{\"@type\":\"BreadcrumbList\",\"@id\":\"https:\\\/\\\/dorogimedence.hu\\\/index.php\\\/2021\\\/06\\\/11\\\/sorosuveget-es-szeket-dobott-sajat-fia-gepkocsijara\\\/#breadcrumb\",\"itemListElement\":[{\"@type\":\"ListItem\",\"position\":1,\"name\":\"Kezd\u0151lap\",\"item\":\"https:\\\/\\\/dorogimedence.hu\\\/\"},{\"@type\":\"ListItem\",\"position\":2,\"name\":\"S\u00f6r\u00f6s\u00fcveget \u00e9s sz\u00e9ket dobott saj\u00e1t fia g\u00e9pkocsij\u00e1ra\"}]},{\"@type\":\"WebSite\",\"@id\":\"https:\\\/\\\/dorogimedence.hu\\\/#website\",\"url\":\"https:\\\/\\\/dorogimedence.hu\\\/\",\"name\":\"Dorogi-medence Region\u00e1lis H\u00edrport\u00e1l\",\"description\":\"Dorog, Keszt\u00f6lc, Le\u00e1nyv\u00e1r, Piliscs\u00e9v, Tokod, Tokodalt\u00e1r\u00f3, Csolnok, Esztergom-kertv\u00e1ros: h\u00edrek, programok\",\"publisher\":{\"@id\":\"https:\\\/\\\/dorogimedence.hu\\\/#organization\"},\"potentialAction\":[{\"@type\":\"SearchAction\",\"target\":{\"@type\":\"EntryPoint\",\"urlTemplate\":\"https:\\\/\\\/dorogimedence.hu\\\/?s={search_term_string}\"},\"query-input\":{\"@type\":\"PropertyValueSpecification\",\"valueRequired\":true,\"valueName\":\"search_term_string\"}}],\"inLanguage\":\"hu\"},{\"@type\":\"Organization\",\"@id\":\"https:\\\/\\\/dorogimedence.hu\\\/#organization\",\"name\":\"Dorogi-medence Region\u00e1lis H\u00edrport\u00e1l\",\"url\":\"https:\\\/\\\/dorogimedence.hu\\\/\",\"logo\":{\"@type\":\"ImageObject\",\"inLanguage\":\"hu\",\"@id\":\"https:\\\/\\\/dorogimedence.hu\\\/#\\\/schema\\\/logo\\\/image\\\/\",\"url\":\"https:\\\/\\\/dorogimedence.hu\\\/wp-content\\\/uploads\\\/2021\\\/04\\\/logo-feher-600.png\",\"contentUrl\":\"https:\\\/\\\/dorogimedence.hu\\\/wp-content\\\/uploads\\\/2021\\\/04\\\/logo-feher-600.png\",\"width\":600,\"height\":100,\"caption\":\"Dorogi-medence Region\u00e1lis H\u00edrport\u00e1l\"},\"image\":{\"@id\":\"https:\\\/\\\/dorogimedence.hu\\\/#\\\/schema\\\/logo\\\/image\\\/\"},\"sameAs\":[\"https:\\\/\\\/www.facebook.com\\\/dorogimedence\\\/\"]},{\"@type\":\"Person\",\"@id\":\"https:\\\/\\\/dorogimedence.hu\\\/#\\\/schema\\\/person\\\/ce6091eeb7e95ecdc87890d6aa8e0fd4\",\"name\":\"dorogimedence.hu\",\"image\":{\"@type\":\"ImageObject\",\"inLanguage\":\"hu\",\"@id\":\"\\\/\\\/www.gravatar.com\\\/avatar\\\/d8d45f8901aadff40a4af72c0b826f1d?s=96&#038;r=g&#038;d=mm\",\"url\":\"\\\/\\\/www.gravatar.com\\\/avatar\\\/d8d45f8901aadff40a4af72c0b826f1d?s=96&#038;r=g&#038;d=mm\",\"contentUrl\":\"\\\/\\\/www.gravatar.com\\\/avatar\\\/d8d45f8901aadff40a4af72c0b826f1d?s=96&#038;r=g&#038;d=mm\",\"caption\":\"dorogimedence.hu\"}}]}<\/script>\n<!-- \/ Yoast SEO plugin. -->","yoast_head_json":{"title":"S\u00f6r\u00f6s\u00fcveget \u00e9s sz\u00e9ket dobott saj\u00e1t fia g\u00e9pkocsij\u00e1ra","robots":{"index":"index","follow":"follow","max-snippet":"max-snippet:-1","max-image-preview":"max-image-preview:large","max-video-preview":"max-video-preview:-1"},"canonical":"https:\/\/dorogimedence.hu\/index.php\/2021\/06\/11\/sorosuveget-es-szeket-dobott-sajat-fia-gepkocsijara\/","og_locale":"hu_HU","og_type":"article","og_title":"S\u00f6r\u00f6s\u00fcveget \u00e9s sz\u00e9ket dobott saj\u00e1t fia g\u00e9pkocsij\u00e1ra","og_description":"Az Esztergomi J\u00e1r\u00e1sb\u00edr\u00f3s\u00e1g 90 nap elz\u00e1r\u00e1sra \u00e9s 600.000 Ft p\u00e9nzb\u00fcntet\u00e9sre \u00edt\u00e9lte azt a f\u00e9rfit, aki s\u00f6r\u00f6s\u00fcveget \u00e9s sz\u00e9ket dobott a fia \u00e1ltal vezetett szem\u00e9lyg\u00e9pkocsira. Az els\u0151fok\u00fa \u00edt\u00e9lettel szemben az \u00fcgy\u00e9sz a v\u00e1dlott terh\u00e9re, s\u00falyosb\u00edt\u00e1s, azaz b\u00f6rt\u00f6nb\u00fcntet\u00e9sre \u00e9s k\u00f6z\u00fcgyekt\u0151l eltilt\u00e1sra el\u00edt\u00e9l\u00e9s ir\u00e1nt jelentett be fellebbez\u00e9st. A v\u00e1dirat szerint az elk\u00f6vet\u0151 f\u00e9rfi 2017. j\u00fanius 3-\u00e1n annav\u00f6lgyi sz\u00f3rakoz\u00f3helyen","og_url":"https:\/\/dorogimedence.hu\/index.php\/2021\/06\/11\/sorosuveget-es-szeket-dobott-sajat-fia-gepkocsijara\/","og_site_name":"Dorogi-medence Region\u00e1lis H\u00edrport\u00e1l","article_publisher":"https:\/\/www.facebook.com\/dorogimedence\/","article_published_time":"2021-06-11T09:36:56+00:00","article_modified_time":"2021-06-11T09:37:08+00:00","og_image":[{"width":1089,"height":662,"url":"https:\/\/i0.wp.com\/dorogimedence.hu\/wp-content\/uploads\/2021\/06\/foto4.jpg?fit=1089%2C662&ssl=1","type":"image\/jpeg"}],"author":"dorogimedence.hu","twitter_card":"summary_large_image","twitter_misc":{"Szerz\u0151:":"dorogimedence.hu","Becs\u00fclt olvas\u00e1si id\u0151":"2 perc"},"schema":{"@context":"https:\/\/schema.org","@graph":[{"@type":"Article","@id":"https:\/\/dorogimedence.hu\/index.php\/2021\/06\/11\/sorosuveget-es-szeket-dobott-sajat-fia-gepkocsijara\/#article","isPartOf":{"@id":"https:\/\/dorogimedence.hu\/index.php\/2021\/06\/11\/sorosuveget-es-szeket-dobott-sajat-fia-gepkocsijara\/"},"author":{"name":"dorogimedence.hu","@id":"https:\/\/dorogimedence.hu\/#\/schema\/person\/ce6091eeb7e95ecdc87890d6aa8e0fd4"},"headline":"S\u00f6r\u00f6s\u00fcveget \u00e9s sz\u00e9ket dobott saj\u00e1t fia g\u00e9pkocsij\u00e1ra","datePublished":"2021-06-11T09:36:56+00:00","dateModified":"2021-06-11T09:37:08+00:00","mainEntityOfPage":{"@id":"https:\/\/dorogimedence.hu\/index.php\/2021\/06\/11\/sorosuveget-es-szeket-dobott-sajat-fia-gepkocsijara\/"},"wordCount":380,"publisher":{"@id":"https:\/\/dorogimedence.hu\/#organization"},"image":{"@id":"https:\/\/dorogimedence.hu\/index.php\/2021\/06\/11\/sorosuveget-es-szeket-dobott-sajat-fia-gepkocsijara\/#primaryimage"},"thumbnailUrl":"https:\/\/dorogimedence.hu\/wp-content\/uploads\/2021\/06\/foto4.jpg","keywords":["Annav\u00f6lgy","b\u00edr\u00f3s\u00e1g","b\u0171ncselekm\u00e9ny","ittas vezet\u00e9s","rend\u0151rs\u00e9gi h\u00edrek","\u00fcgy\u00e9szs\u00e9g"],"articleSection":["H\u00edrek","K\u00e9k h\u00edrek"],"inLanguage":"hu"},{"@type":"WebPage","@id":"https:\/\/dorogimedence.hu\/index.php\/2021\/06\/11\/sorosuveget-es-szeket-dobott-sajat-fia-gepkocsijara\/","url":"https:\/\/dorogimedence.hu\/index.php\/2021\/06\/11\/sorosuveget-es-szeket-dobott-sajat-fia-gepkocsijara\/","name":"S\u00f6r\u00f6s\u00fcveget \u00e9s sz\u00e9ket dobott saj\u00e1t fia g\u00e9pkocsij\u00e1ra","isPartOf":{"@id":"https:\/\/dorogimedence.hu\/#website"},"primaryImageOfPage":{"@id":"https:\/\/dorogimedence.hu\/index.php\/2021\/06\/11\/sorosuveget-es-szeket-dobott-sajat-fia-gepkocsijara\/#primaryimage"},"image":{"@id":"https:\/\/dorogimedence.hu\/index.php\/2021\/06\/11\/sorosuveget-es-szeket-dobott-sajat-fia-gepkocsijara\/#primaryimage"},"thumbnailUrl":"https:\/\/dorogimedence.hu\/wp-content\/uploads\/2021\/06\/foto4.jpg","datePublished":"2021-06-11T09:36:56+00:00","dateModified":"2021-06-11T09:37:08+00:00","breadcrumb":{"@id":"https:\/\/dorogimedence.hu\/index.php\/2021\/06\/11\/sorosuveget-es-szeket-dobott-sajat-fia-gepkocsijara\/#breadcrumb"},"inLanguage":"hu","potentialAction":[{"@type":"ReadAction","target":["https:\/\/dorogimedence.hu\/index.php\/2021\/06\/11\/sorosuveget-es-szeket-dobott-sajat-fia-gepkocsijara\/"]}]},{"@type":"ImageObject","inLanguage":"hu","@id":"https:\/\/dorogimedence.hu\/index.php\/2021\/06\/11\/sorosuveget-es-szeket-dobott-sajat-fia-gepkocsijara\/#primaryimage","url":"https:\/\/dorogimedence.hu\/wp-content\/uploads\/2021\/06\/foto4.jpg","contentUrl":"https:\/\/dorogimedence.hu\/wp-content\/uploads\/2021\/06\/foto4.jpg","width":1089,"height":662},{"@type":"BreadcrumbList","@id":"https:\/\/dorogimedence.hu\/index.php\/2021\/06\/11\/sorosuveget-es-szeket-dobott-sajat-fia-gepkocsijara\/#breadcrumb","itemListElement":[{"@type":"ListItem","position":1,"name":"Kezd\u0151lap","item":"https:\/\/dorogimedence.hu\/"},{"@type":"ListItem","position":2,"name":"S\u00f6r\u00f6s\u00fcveget \u00e9s sz\u00e9ket dobott saj\u00e1t fia g\u00e9pkocsij\u00e1ra"}]},{"@type":"WebSite","@id":"https:\/\/dorogimedence.hu\/#website","url":"https:\/\/dorogimedence.hu\/","name":"Dorogi-medence Region\u00e1lis H\u00edrport\u00e1l","description":"Dorog, Keszt\u00f6lc, Le\u00e1nyv\u00e1r, Piliscs\u00e9v, Tokod, Tokodalt\u00e1r\u00f3, Csolnok, Esztergom-kertv\u00e1ros: h\u00edrek, programok","publisher":{"@id":"https:\/\/dorogimedence.hu\/#organization"},"potentialAction":[{"@type":"SearchAction","target":{"@type":"EntryPoint","urlTemplate":"https:\/\/dorogimedence.hu\/?s={search_term_string}"},"query-input":{"@type":"PropertyValueSpecification","valueRequired":true,"valueName":"search_term_string"}}],"inLanguage":"hu"},{"@type":"Organization","@id":"https:\/\/dorogimedence.hu\/#organization","name":"Dorogi-medence Region\u00e1lis H\u00edrport\u00e1l","url":"https:\/\/dorogimedence.hu\/","logo":{"@type":"ImageObject","inLanguage":"hu","@id":"https:\/\/dorogimedence.hu\/#\/schema\/logo\/image\/","url":"https:\/\/dorogimedence.hu\/wp-content\/uploads\/2021\/04\/logo-feher-600.png","contentUrl":"https:\/\/dorogimedence.hu\/wp-content\/uploads\/2021\/04\/logo-feher-600.png","width":600,"height":100,"caption":"Dorogi-medence Region\u00e1lis H\u00edrport\u00e1l"},"image":{"@id":"https:\/\/dorogimedence.hu\/#\/schema\/logo\/image\/"},"sameAs":["https:\/\/www.facebook.com\/dorogimedence\/"]},{"@type":"Person","@id":"https:\/\/dorogimedence.hu\/#\/schema\/person\/ce6091eeb7e95ecdc87890d6aa8e0fd4","name":"dorogimedence.hu","image":{"@type":"ImageObject","inLanguage":"hu","@id":"\/\/www.gravatar.com\/avatar\/d8d45f8901aadff40a4af72c0b826f1d?s=96&#038;r=g&#038;d=mm","url":"\/\/www.gravatar.com\/avatar\/d8d45f8901aadff40a4af72c0b826f1d?s=96&#038;r=g&#038;d=mm","contentUrl":"\/\/www.gravatar.com\/avatar\/d8d45f8901aadff40a4af72c0b826f1d?s=96&#038;r=g&#038;d=mm","caption":"dorogimedence.hu"}}]}},"_links":{"self":[{"href":"https:\/\/dorogimedence.hu\/index.php\/wp-json\/wp\/v2\/posts\/33844","targetHints":{"allow":["GET"]}}],"collection":[{"href":"https:\/\/dorogimedence.hu\/index.php\/wp-json\/wp\/v2\/posts"}],"about":[{"href":"https:\/\/dorogimedence.hu\/index.php\/wp-json\/wp\/v2\/types\/post"}],"author":[{"embeddable":true,"href":"https:\/\/dorogimedence.hu\/index.php\/wp-json\/wp\/v2\/users\/1"}],"replies":[{"embeddable":true,"href":"https:\/\/dorogimedence.hu\/index.php\/wp-json\/wp\/v2\/comments?post=33844"}],"version-history":[{"count":0,"href":"https:\/\/dorogimedence.hu\/index.php\/wp-json\/wp\/v2\/posts\/33844\/revisions"}],"wp:featuredmedia":[{"embeddable":true,"href":"https:\/\/dorogimedence.hu\/index.php\/wp-json\/wp\/v2\/media\/33845"}],"wp:attachment":[{"href":"https:\/\/dorogimedence.hu\/index.php\/wp-json\/wp\/v2\/media?parent=33844"}],"wp:term":[{"taxonomy":"category","embeddable":true,"href":"https:\/\/dorogimedence.hu\/index.php\/wp-json\/wp\/v2\/categories?post=33844"},{"taxonomy":"post_tag","embeddable":true,"href":"https:\/\/dorogimedence.hu\/index.php\/wp-json\/wp\/v2\/tags?post=33844"}],"curies":[{"name":"wp","href":"https:\/\/api.w.org\/{rel}","templated":true}]}}