{"id":33772,"date":"2021-06-09T09:19:16","date_gmt":"2021-06-09T07:19:16","guid":{"rendered":"https:\/\/dorogimedence.hu\/?p=33772"},"modified":"2021-06-09T09:19:33","modified_gmt":"2021-06-09T07:19:33","slug":"nyolc-eve-vonult-le-a-nagy-dunai-arhullam","status":"publish","type":"post","link":"https:\/\/dorogimedence.hu\/index.php\/2021\/06\/09\/nyolc-eve-vonult-le-a-nagy-dunai-arhullam\/","title":{"rendered":"Nyolc \u00e9ve vonult le a nagy dunai \u00e1rhull\u00e1m"},"content":{"rendered":"<p><strong>2013 j\u00fanius\u00e1ban vonult le az a minden id\u0151k legmagasabb tet\u0151z\u0151 v\u00edzszintjeivel rendelkez\u0151 dunai \u00e1rhull\u00e1m, amely l\u00e9nyeg\u00e9ben a teljes magyarorsz\u00e1gi Duna szakaszon fel\u00fcl\u00edrta a kor\u00e1bbi t\u00f6rt\u00e9nelmi \u00e1rvizek \u00e9szlelt \u00e9rt\u00e9keit, valamint nyomait \u00e9s jeleit a t\u00f6lt\u00e9sek ment\u00e9n, rakpartokon, hidakon, telep\u00fcl\u00e9sek ment\u00e9n.<\/strong><\/p>\n<p>2013. j\u00fanius 9-\u00e9n kora d\u00e9lut\u00e1n, 891 centim\u00e9terrel megd\u0151lt a Budapesten eddig m\u00e9rt legmagasabb \u00e1rv\u00edzi Duna-v\u00edz\u00e1ll\u00e1s rekordja. Legnagyobb folyamunk a f\u0151v\u00e1ros \u00e9s az osztr\u00e1k hat\u00e1r k\u00f6z\u00f6tt minden\u00fctt rekordokat produk\u00e1lt.<\/p>\n<p><img fetchpriority=\"high\" decoding=\"async\" class=\"alignnone size-large wp-image-33774\" src=\"https:\/\/dorogimedence.hu\/wp-content\/uploads\/2021\/06\/2013.06.06.legi-214k-MDuna-toltes-Zamoly-Ujfalu-1024x685.jpg\" alt=\"\" width=\"755\" height=\"505\" srcset=\"https:\/\/dorogimedence.hu\/wp-content\/uploads\/2021\/06\/2013.06.06.legi-214k-MDuna-toltes-Zamoly-Ujfalu-1024x685.jpg 1024w, https:\/\/dorogimedence.hu\/wp-content\/uploads\/2021\/06\/2013.06.06.legi-214k-MDuna-toltes-Zamoly-Ujfalu-300x201.jpg 300w, https:\/\/dorogimedence.hu\/wp-content\/uploads\/2021\/06\/2013.06.06.legi-214k-MDuna-toltes-Zamoly-Ujfalu-768x514.jpg 768w, https:\/\/dorogimedence.hu\/wp-content\/uploads\/2021\/06\/2013.06.06.legi-214k-MDuna-toltes-Zamoly-Ujfalu-1536x1028.jpg 1536w, https:\/\/dorogimedence.hu\/wp-content\/uploads\/2021\/06\/2013.06.06.legi-214k-MDuna-toltes-Zamoly-Ujfalu-2048x1370.jpg 2048w, https:\/\/dorogimedence.hu\/wp-content\/uploads\/2021\/06\/2013.06.06.legi-214k-MDuna-toltes-Zamoly-Ujfalu-150x100.jpg 150w, https:\/\/dorogimedence.hu\/wp-content\/uploads\/2021\/06\/2013.06.06.legi-214k-MDuna-toltes-Zamoly-Ujfalu-450x301.jpg 450w, https:\/\/dorogimedence.hu\/wp-content\/uploads\/2021\/06\/2013.06.06.legi-214k-MDuna-toltes-Zamoly-Ujfalu-1200x803.jpg 1200w, https:\/\/dorogimedence.hu\/wp-content\/uploads\/2021\/06\/2013.06.06.legi-214k-MDuna-toltes-Zamoly-Ujfalu-272x182.jpg 272w\" sizes=\"(max-width: 755px) 100vw, 755px\" \/><\/p>\n<p>A v\u00e9dekez\u0151 \u00e1llami szervezetek \u00e9s a t\u00e1rsadalom p\u00e9lda\u00e9rt\u00e9k\u0171 \u00f6sszefog\u00e1s\u00e1nak eredm\u00e9nyek\u00e9ppen nagyobb k\u00e1rokoz\u00e1s n\u00e9lk\u00fcl &#8222;fogt\u00e1k meg&#8221; az \u00e1rhull\u00e1mot, de hat\u00e1sai mind a mai napig \u00e9rezhet\u0151ek. Mindezek k\u00f6vetkezt\u00e9ben 2014 \u00e9vben sz\u00fcks\u00e9gess\u00e9 v\u00e1lt, hogy \u00fajrasz\u00e1molj\u00e1k a m\u00e9rt\u00e9kad\u00f3 \u00e1rv\u00edzszintet az eg\u00e9sz orsz\u00e1gban \u00e9s azt tapasztalt\u00e1k, hogy jelent\u0151sen emelkedtek ezek a tervez\u00e9si \u00e9rt\u00e9kek. Bevezett\u00e9k a nagyv\u00edzi mederkezel\u00e9si int\u00e9zked\u00e9scsomagot \u00e9s a ny\u00edlt \u00e1rt\u00e9ri telep\u00fcl\u00e9sekre \u00faj v\u00e9delmi tervek k\u00e9sz\u00fcltek. Ezek eredm\u00e9nyek\u00e9nt az \u00c9szak-dun\u00e1nt\u00fali V\u00edz\u00fcgyi Igazgat\u00f3s\u00e1g m\u0171k\u00f6d\u00e9si ter\u00fclet\u00e9n is t\u00f6bb \u00e1rv\u00edzi biztons\u00e1got n\u00f6vel\u0151 megold\u00e1s sz\u00fcletett az az\u00f3ta eltelt 8 \u00e9vben: ki\u00e9p\u00fclt az els\u0151rend\u0171 \u00e1rv\u00e9delmi vonal a Mosoni-Duna \u00e9s a Born\u00e1t-\u00e9r ment\u00e9n, mindk\u00e9t parton. A Mosoni-Duna V\u00e9nek mellett \u00e9p\u00fcl\u0151 torkolati m\u0171t\u00e1rgya hamarosan megkezdi pr\u00f3ba\u00fczem\u00e9t. A m\u0171 \u00e1rv\u00edzkapuk\u00e9nt is funkcion\u00e1l majd, \u00edgy a v\u00edzszint rehabilit\u00e1ci\u00f3 hat\u00e1ster\u00fclet\u00e9n az \u00e1rv\u00edzv\u00e9delmi biztons\u00e1g javulni fog.<br \/>\nKom\u00e1rom v\u00e9delm\u00e9re \u00faj v\u00e9dvonal szakasz l\u00e9tes\u00fclt a megl\u00e9v\u0151 fejleszt\u00e9s\u00e9vel egy\u00fctt. <strong>Idei \u00e9vben elk\u00e9sz\u00fclt Nyerges\u00fajfalu ment\u00e9n tov\u00e1bbi 1 km v\u00e9dvonal \u00e9s Esztergom v\u00e9delm\u00e9nek ki\u00e9p\u00edt\u00e9se is a k\u00fcsz\u00f6b\u00f6n \u00e1ll.<\/strong><\/p>\n<p><img decoding=\"async\" class=\"alignnone size-large wp-image-33775\" src=\"https:\/\/dorogimedence.hu\/wp-content\/uploads\/2021\/06\/2013.06.06.legi-247k-MDuna-Gyor-1024x685.jpg\" alt=\"\" width=\"755\" height=\"505\" srcset=\"https:\/\/dorogimedence.hu\/wp-content\/uploads\/2021\/06\/2013.06.06.legi-247k-MDuna-Gyor-1024x685.jpg 1024w, https:\/\/dorogimedence.hu\/wp-content\/uploads\/2021\/06\/2013.06.06.legi-247k-MDuna-Gyor-300x201.jpg 300w, https:\/\/dorogimedence.hu\/wp-content\/uploads\/2021\/06\/2013.06.06.legi-247k-MDuna-Gyor-768x514.jpg 768w, https:\/\/dorogimedence.hu\/wp-content\/uploads\/2021\/06\/2013.06.06.legi-247k-MDuna-Gyor-1536x1028.jpg 1536w, https:\/\/dorogimedence.hu\/wp-content\/uploads\/2021\/06\/2013.06.06.legi-247k-MDuna-Gyor-2048x1370.jpg 2048w, https:\/\/dorogimedence.hu\/wp-content\/uploads\/2021\/06\/2013.06.06.legi-247k-MDuna-Gyor-150x100.jpg 150w, https:\/\/dorogimedence.hu\/wp-content\/uploads\/2021\/06\/2013.06.06.legi-247k-MDuna-Gyor-450x301.jpg 450w, https:\/\/dorogimedence.hu\/wp-content\/uploads\/2021\/06\/2013.06.06.legi-247k-MDuna-Gyor-1200x803.jpg 1200w, https:\/\/dorogimedence.hu\/wp-content\/uploads\/2021\/06\/2013.06.06.legi-247k-MDuna-Gyor-272x182.jpg 272w\" sizes=\"(max-width: 755px) 100vw, 755px\" \/><\/p>\n<p>Hatalmas el\u0151rel\u00e9p\u00e9sek t\u00f6rt\u00e9ntek az ut\u00f3bbi 8 \u00e9vben mindk\u00e9t \u00e9rintett megy\u00e9ben a megnyugtat\u00f3 \u00e1rv\u00edzi biztons\u00e1g \u00e9rdek\u00e9ben. Az ezt c\u00e9lz\u00f3 m\u00e1r megval\u00f3s\u00edtott projektek a t\u00e9nyleges \u00e1rv\u00edzv\u00e9delmi biztons\u00e1got jelent\u0151sen emelt\u00e9k, a fizikai v\u00e9delmi kapacit\u00e1s az elv\u00e9gzett fejleszt\u00e9seknek k\u00f6sz\u00f6nhet\u0151en \u00e9rdemben javult. Az Igazgat\u00f3s\u00e1g korszer\u0171 t\u00e9rinformatikai nyilv\u00e1ntart\u00e1si rendszere \u00e9s felk\u00e9sz\u00fclt m\u0171szaki szolg\u00e1lata is lek\u00f6vette a v\u00e1ltoz\u00e1sokat \u00e9s a j\u00f6v\u0151ben \u00e9rkez\u0151 \u00e1rhull\u00e1mok eset\u00e9n az \u00f6bl\u00f6zetek is nagyobb biztons\u00e1gban vannak. A 2013. \u00e9v \u00f3ta \u00e1tadott, \u00fajonnan l\u00e9tes\u00edtett t\u00f6lt\u00e9sszakaszok \u00e9rdemi \u00e1rv\u00edzi terhel\u00e9st m\u00e9g nem kaptak, de a szakszem\u00e9lyzet \u00e1lland\u00f3 jelenl\u00e9te \u00e9s a rendszeres v\u00e9delmi gyakorlatok megteremtik a sikeres v\u00e9dekez\u00e9s alapjait.<\/p>\n<p><em>Fot\u00f3k, forr\u00e1s: \u00c9DUVIZIG<\/em><\/p>\n","protected":false},"excerpt":{"rendered":"<p>2013 j\u00fanius\u00e1ban vonult le az a minden id\u0151k legmagasabb tet\u0151z\u0151 v\u00edzszintjeivel rendelkez\u0151 dunai \u00e1rhull\u00e1m, amely l\u00e9nyeg\u00e9ben a teljes magyarorsz\u00e1gi Duna szakaszon fel\u00fcl\u00edrta a kor\u00e1bbi t\u00f6rt\u00e9nelmi \u00e1rvizek \u00e9szlelt \u00e9rt\u00e9keit, valamint nyomait \u00e9s jeleit a t\u00f6lt\u00e9sek ment\u00e9n, rakpartokon, hidakon, telep\u00fcl\u00e9sek ment\u00e9n. 2013. j\u00fanius 9-\u00e9n kora d\u00e9lut\u00e1n, 891 centim\u00e9terrel megd\u0151lt a Budapesten eddig m\u00e9rt legmagasabb \u00e1rv\u00edzi Duna-v\u00edz\u00e1ll\u00e1s rekordja.<\/p>\n","protected":false},"author":1,"featured_media":33773,"comment_status":"closed","ping_status":"closed","sticky":false,"template":"","format":"standard","meta":{"ngg_post_thumbnail":0,"footnotes":""},"categories":[3],"tags":[137,229],"class_list":{"0":"post-33772","1":"post","2":"type-post","3":"status-publish","4":"format-standard","5":"has-post-thumbnail","7":"category-hirek","8":"tag-arviz","9":"tag-duna"},"yoast_head":"<!-- This site is optimized with the Yoast SEO plugin v27.5 - https:\/\/yoast.com\/product\/yoast-seo-wordpress\/ -->\n<title>Nyolc \u00e9ve vonult le a nagy dunai \u00e1rhull\u00e1m<\/title>\n<meta name=\"robots\" content=\"index, follow, max-snippet:-1, max-image-preview:large, max-video-preview:-1\" \/>\n<link rel=\"canonical\" href=\"https:\/\/dorogimedence.hu\/index.php\/2021\/06\/09\/nyolc-eve-vonult-le-a-nagy-dunai-arhullam\/\" class=\"yoast-seo-meta-tag\" \/>\n<meta property=\"og:locale\" content=\"hu_HU\" class=\"yoast-seo-meta-tag\" \/>\n<meta property=\"og:type\" content=\"article\" class=\"yoast-seo-meta-tag\" \/>\n<meta property=\"og:title\" content=\"Nyolc \u00e9ve vonult le a nagy dunai \u00e1rhull\u00e1m\" class=\"yoast-seo-meta-tag\" \/>\n<meta property=\"og:description\" content=\"2013 j\u00fanius\u00e1ban vonult le az a minden id\u0151k legmagasabb tet\u0151z\u0151 v\u00edzszintjeivel rendelkez\u0151 dunai \u00e1rhull\u00e1m, amely l\u00e9nyeg\u00e9ben a teljes magyarorsz\u00e1gi Duna szakaszon fel\u00fcl\u00edrta a kor\u00e1bbi t\u00f6rt\u00e9nelmi \u00e1rvizek \u00e9szlelt \u00e9rt\u00e9keit, valamint nyomait \u00e9s jeleit a t\u00f6lt\u00e9sek ment\u00e9n, rakpartokon, hidakon, telep\u00fcl\u00e9sek ment\u00e9n. 2013. j\u00fanius 9-\u00e9n kora d\u00e9lut\u00e1n, 891 centim\u00e9terrel megd\u0151lt a Budapesten eddig m\u00e9rt legmagasabb \u00e1rv\u00edzi Duna-v\u00edz\u00e1ll\u00e1s rekordja.\" class=\"yoast-seo-meta-tag\" \/>\n<meta property=\"og:url\" content=\"https:\/\/dorogimedence.hu\/index.php\/2021\/06\/09\/nyolc-eve-vonult-le-a-nagy-dunai-arhullam\/\" class=\"yoast-seo-meta-tag\" \/>\n<meta property=\"og:site_name\" content=\"Dorogi-medence Region\u00e1lis H\u00edrport\u00e1l\" class=\"yoast-seo-meta-tag\" \/>\n<meta property=\"article:publisher\" content=\"https:\/\/www.facebook.com\/dorogimedence\/\" class=\"yoast-seo-meta-tag\" \/>\n<meta property=\"article:published_time\" content=\"2021-06-09T07:19:16+00:00\" class=\"yoast-seo-meta-tag\" \/>\n<meta property=\"article:modified_time\" content=\"2021-06-09T07:19:33+00:00\" class=\"yoast-seo-meta-tag\" \/>\n<meta property=\"og:image\" content=\"https:\/\/i0.wp.com\/dorogimedence.hu\/wp-content\/uploads\/2021\/06\/2013.06.06.legi-019k-Komarom.jpg?fit=2128%2C1424&ssl=1\" class=\"yoast-seo-meta-tag\" \/>\n\t<meta property=\"og:image:width\" content=\"2128\" class=\"yoast-seo-meta-tag\" \/>\n\t<meta property=\"og:image:height\" content=\"1424\" class=\"yoast-seo-meta-tag\" \/>\n\t<meta property=\"og:image:type\" content=\"image\/jpeg\" class=\"yoast-seo-meta-tag\" \/>\n<meta name=\"author\" content=\"dorogimedence.hu\" class=\"yoast-seo-meta-tag\" \/>\n<meta name=\"twitter:card\" content=\"summary_large_image\" class=\"yoast-seo-meta-tag\" \/>\n<meta name=\"twitter:label1\" content=\"Szerz\u0151:\" class=\"yoast-seo-meta-tag\" \/>\n\t<meta name=\"twitter:data1\" content=\"dorogimedence.hu\" class=\"yoast-seo-meta-tag\" \/>\n\t<meta name=\"twitter:label2\" content=\"Becs\u00fclt olvas\u00e1si id\u0151\" class=\"yoast-seo-meta-tag\" \/>\n\t<meta name=\"twitter:data2\" content=\"3 perc\" class=\"yoast-seo-meta-tag\" \/>\n<script type=\"application\/ld+json\" class=\"yoast-schema-graph\">{\"@context\":\"https:\\\/\\\/schema.org\",\"@graph\":[{\"@type\":\"Article\",\"@id\":\"https:\\\/\\\/dorogimedence.hu\\\/index.php\\\/2021\\\/06\\\/09\\\/nyolc-eve-vonult-le-a-nagy-dunai-arhullam\\\/#article\",\"isPartOf\":{\"@id\":\"https:\\\/\\\/dorogimedence.hu\\\/index.php\\\/2021\\\/06\\\/09\\\/nyolc-eve-vonult-le-a-nagy-dunai-arhullam\\\/\"},\"author\":{\"name\":\"dorogimedence.hu\",\"@id\":\"https:\\\/\\\/dorogimedence.hu\\\/#\\\/schema\\\/person\\\/ce6091eeb7e95ecdc87890d6aa8e0fd4\"},\"headline\":\"Nyolc \u00e9ve vonult le a nagy dunai \u00e1rhull\u00e1m\",\"datePublished\":\"2021-06-09T07:19:16+00:00\",\"dateModified\":\"2021-06-09T07:19:33+00:00\",\"mainEntityOfPage\":{\"@id\":\"https:\\\/\\\/dorogimedence.hu\\\/index.php\\\/2021\\\/06\\\/09\\\/nyolc-eve-vonult-le-a-nagy-dunai-arhullam\\\/\"},\"wordCount\":526,\"publisher\":{\"@id\":\"https:\\\/\\\/dorogimedence.hu\\\/#organization\"},\"image\":{\"@id\":\"https:\\\/\\\/dorogimedence.hu\\\/index.php\\\/2021\\\/06\\\/09\\\/nyolc-eve-vonult-le-a-nagy-dunai-arhullam\\\/#primaryimage\"},\"thumbnailUrl\":\"https:\\\/\\\/dorogimedence.hu\\\/wp-content\\\/uploads\\\/2021\\\/06\\\/2013.06.06.legi-019k-Komarom.jpg\",\"keywords\":[\"\u00e1rv\u00edz\",\"Duna\"],\"articleSection\":[\"H\u00edrek\"],\"inLanguage\":\"hu\"},{\"@type\":\"WebPage\",\"@id\":\"https:\\\/\\\/dorogimedence.hu\\\/index.php\\\/2021\\\/06\\\/09\\\/nyolc-eve-vonult-le-a-nagy-dunai-arhullam\\\/\",\"url\":\"https:\\\/\\\/dorogimedence.hu\\\/index.php\\\/2021\\\/06\\\/09\\\/nyolc-eve-vonult-le-a-nagy-dunai-arhullam\\\/\",\"name\":\"Nyolc \u00e9ve vonult le a nagy dunai \u00e1rhull\u00e1m\",\"isPartOf\":{\"@id\":\"https:\\\/\\\/dorogimedence.hu\\\/#website\"},\"primaryImageOfPage\":{\"@id\":\"https:\\\/\\\/dorogimedence.hu\\\/index.php\\\/2021\\\/06\\\/09\\\/nyolc-eve-vonult-le-a-nagy-dunai-arhullam\\\/#primaryimage\"},\"image\":{\"@id\":\"https:\\\/\\\/dorogimedence.hu\\\/index.php\\\/2021\\\/06\\\/09\\\/nyolc-eve-vonult-le-a-nagy-dunai-arhullam\\\/#primaryimage\"},\"thumbnailUrl\":\"https:\\\/\\\/dorogimedence.hu\\\/wp-content\\\/uploads\\\/2021\\\/06\\\/2013.06.06.legi-019k-Komarom.jpg\",\"datePublished\":\"2021-06-09T07:19:16+00:00\",\"dateModified\":\"2021-06-09T07:19:33+00:00\",\"breadcrumb\":{\"@id\":\"https:\\\/\\\/dorogimedence.hu\\\/index.php\\\/2021\\\/06\\\/09\\\/nyolc-eve-vonult-le-a-nagy-dunai-arhullam\\\/#breadcrumb\"},\"inLanguage\":\"hu\",\"potentialAction\":[{\"@type\":\"ReadAction\",\"target\":[\"https:\\\/\\\/dorogimedence.hu\\\/index.php\\\/2021\\\/06\\\/09\\\/nyolc-eve-vonult-le-a-nagy-dunai-arhullam\\\/\"]}]},{\"@type\":\"ImageObject\",\"inLanguage\":\"hu\",\"@id\":\"https:\\\/\\\/dorogimedence.hu\\\/index.php\\\/2021\\\/06\\\/09\\\/nyolc-eve-vonult-le-a-nagy-dunai-arhullam\\\/#primaryimage\",\"url\":\"https:\\\/\\\/dorogimedence.hu\\\/wp-content\\\/uploads\\\/2021\\\/06\\\/2013.06.06.legi-019k-Komarom.jpg\",\"contentUrl\":\"https:\\\/\\\/dorogimedence.hu\\\/wp-content\\\/uploads\\\/2021\\\/06\\\/2013.06.06.legi-019k-Komarom.jpg\",\"width\":2128,\"height\":1424},{\"@type\":\"BreadcrumbList\",\"@id\":\"https:\\\/\\\/dorogimedence.hu\\\/index.php\\\/2021\\\/06\\\/09\\\/nyolc-eve-vonult-le-a-nagy-dunai-arhullam\\\/#breadcrumb\",\"itemListElement\":[{\"@type\":\"ListItem\",\"position\":1,\"name\":\"Kezd\u0151lap\",\"item\":\"https:\\\/\\\/dorogimedence.hu\\\/\"},{\"@type\":\"ListItem\",\"position\":2,\"name\":\"Nyolc \u00e9ve vonult le a nagy dunai \u00e1rhull\u00e1m\"}]},{\"@type\":\"WebSite\",\"@id\":\"https:\\\/\\\/dorogimedence.hu\\\/#website\",\"url\":\"https:\\\/\\\/dorogimedence.hu\\\/\",\"name\":\"Dorogi-medence Region\u00e1lis H\u00edrport\u00e1l\",\"description\":\"Dorog, Keszt\u00f6lc, Le\u00e1nyv\u00e1r, Piliscs\u00e9v, Tokod, Tokodalt\u00e1r\u00f3, Csolnok, Esztergom-kertv\u00e1ros: h\u00edrek, programok\",\"publisher\":{\"@id\":\"https:\\\/\\\/dorogimedence.hu\\\/#organization\"},\"potentialAction\":[{\"@type\":\"SearchAction\",\"target\":{\"@type\":\"EntryPoint\",\"urlTemplate\":\"https:\\\/\\\/dorogimedence.hu\\\/?s={search_term_string}\"},\"query-input\":{\"@type\":\"PropertyValueSpecification\",\"valueRequired\":true,\"valueName\":\"search_term_string\"}}],\"inLanguage\":\"hu\"},{\"@type\":\"Organization\",\"@id\":\"https:\\\/\\\/dorogimedence.hu\\\/#organization\",\"name\":\"Dorogi-medence Region\u00e1lis H\u00edrport\u00e1l\",\"url\":\"https:\\\/\\\/dorogimedence.hu\\\/\",\"logo\":{\"@type\":\"ImageObject\",\"inLanguage\":\"hu\",\"@id\":\"https:\\\/\\\/dorogimedence.hu\\\/#\\\/schema\\\/logo\\\/image\\\/\",\"url\":\"https:\\\/\\\/dorogimedence.hu\\\/wp-content\\\/uploads\\\/2021\\\/04\\\/logo-feher-600.png\",\"contentUrl\":\"https:\\\/\\\/dorogimedence.hu\\\/wp-content\\\/uploads\\\/2021\\\/04\\\/logo-feher-600.png\",\"width\":600,\"height\":100,\"caption\":\"Dorogi-medence Region\u00e1lis H\u00edrport\u00e1l\"},\"image\":{\"@id\":\"https:\\\/\\\/dorogimedence.hu\\\/#\\\/schema\\\/logo\\\/image\\\/\"},\"sameAs\":[\"https:\\\/\\\/www.facebook.com\\\/dorogimedence\\\/\"]},{\"@type\":\"Person\",\"@id\":\"https:\\\/\\\/dorogimedence.hu\\\/#\\\/schema\\\/person\\\/ce6091eeb7e95ecdc87890d6aa8e0fd4\",\"name\":\"dorogimedence.hu\",\"image\":{\"@type\":\"ImageObject\",\"inLanguage\":\"hu\",\"@id\":\"\\\/\\\/www.gravatar.com\\\/avatar\\\/d8d45f8901aadff40a4af72c0b826f1d?s=96&#038;r=g&#038;d=mm\",\"url\":\"\\\/\\\/www.gravatar.com\\\/avatar\\\/d8d45f8901aadff40a4af72c0b826f1d?s=96&#038;r=g&#038;d=mm\",\"contentUrl\":\"\\\/\\\/www.gravatar.com\\\/avatar\\\/d8d45f8901aadff40a4af72c0b826f1d?s=96&#038;r=g&#038;d=mm\",\"caption\":\"dorogimedence.hu\"}}]}<\/script>\n<!-- \/ Yoast SEO plugin. -->","yoast_head_json":{"title":"Nyolc \u00e9ve vonult le a nagy dunai \u00e1rhull\u00e1m","robots":{"index":"index","follow":"follow","max-snippet":"max-snippet:-1","max-image-preview":"max-image-preview:large","max-video-preview":"max-video-preview:-1"},"canonical":"https:\/\/dorogimedence.hu\/index.php\/2021\/06\/09\/nyolc-eve-vonult-le-a-nagy-dunai-arhullam\/","og_locale":"hu_HU","og_type":"article","og_title":"Nyolc \u00e9ve vonult le a nagy dunai \u00e1rhull\u00e1m","og_description":"2013 j\u00fanius\u00e1ban vonult le az a minden id\u0151k legmagasabb tet\u0151z\u0151 v\u00edzszintjeivel rendelkez\u0151 dunai \u00e1rhull\u00e1m, amely l\u00e9nyeg\u00e9ben a teljes magyarorsz\u00e1gi Duna szakaszon fel\u00fcl\u00edrta a kor\u00e1bbi t\u00f6rt\u00e9nelmi \u00e1rvizek \u00e9szlelt \u00e9rt\u00e9keit, valamint nyomait \u00e9s jeleit a t\u00f6lt\u00e9sek ment\u00e9n, rakpartokon, hidakon, telep\u00fcl\u00e9sek ment\u00e9n. 2013. j\u00fanius 9-\u00e9n kora d\u00e9lut\u00e1n, 891 centim\u00e9terrel megd\u0151lt a Budapesten eddig m\u00e9rt legmagasabb \u00e1rv\u00edzi Duna-v\u00edz\u00e1ll\u00e1s rekordja.","og_url":"https:\/\/dorogimedence.hu\/index.php\/2021\/06\/09\/nyolc-eve-vonult-le-a-nagy-dunai-arhullam\/","og_site_name":"Dorogi-medence Region\u00e1lis H\u00edrport\u00e1l","article_publisher":"https:\/\/www.facebook.com\/dorogimedence\/","article_published_time":"2021-06-09T07:19:16+00:00","article_modified_time":"2021-06-09T07:19:33+00:00","og_image":[{"width":2128,"height":1424,"url":"https:\/\/i0.wp.com\/dorogimedence.hu\/wp-content\/uploads\/2021\/06\/2013.06.06.legi-019k-Komarom.jpg?fit=2128%2C1424&ssl=1","type":"image\/jpeg"}],"author":"dorogimedence.hu","twitter_card":"summary_large_image","twitter_misc":{"Szerz\u0151:":"dorogimedence.hu","Becs\u00fclt olvas\u00e1si id\u0151":"3 perc"},"schema":{"@context":"https:\/\/schema.org","@graph":[{"@type":"Article","@id":"https:\/\/dorogimedence.hu\/index.php\/2021\/06\/09\/nyolc-eve-vonult-le-a-nagy-dunai-arhullam\/#article","isPartOf":{"@id":"https:\/\/dorogimedence.hu\/index.php\/2021\/06\/09\/nyolc-eve-vonult-le-a-nagy-dunai-arhullam\/"},"author":{"name":"dorogimedence.hu","@id":"https:\/\/dorogimedence.hu\/#\/schema\/person\/ce6091eeb7e95ecdc87890d6aa8e0fd4"},"headline":"Nyolc \u00e9ve vonult le a nagy dunai \u00e1rhull\u00e1m","datePublished":"2021-06-09T07:19:16+00:00","dateModified":"2021-06-09T07:19:33+00:00","mainEntityOfPage":{"@id":"https:\/\/dorogimedence.hu\/index.php\/2021\/06\/09\/nyolc-eve-vonult-le-a-nagy-dunai-arhullam\/"},"wordCount":526,"publisher":{"@id":"https:\/\/dorogimedence.hu\/#organization"},"image":{"@id":"https:\/\/dorogimedence.hu\/index.php\/2021\/06\/09\/nyolc-eve-vonult-le-a-nagy-dunai-arhullam\/#primaryimage"},"thumbnailUrl":"https:\/\/dorogimedence.hu\/wp-content\/uploads\/2021\/06\/2013.06.06.legi-019k-Komarom.jpg","keywords":["\u00e1rv\u00edz","Duna"],"articleSection":["H\u00edrek"],"inLanguage":"hu"},{"@type":"WebPage","@id":"https:\/\/dorogimedence.hu\/index.php\/2021\/06\/09\/nyolc-eve-vonult-le-a-nagy-dunai-arhullam\/","url":"https:\/\/dorogimedence.hu\/index.php\/2021\/06\/09\/nyolc-eve-vonult-le-a-nagy-dunai-arhullam\/","name":"Nyolc \u00e9ve vonult le a nagy dunai \u00e1rhull\u00e1m","isPartOf":{"@id":"https:\/\/dorogimedence.hu\/#website"},"primaryImageOfPage":{"@id":"https:\/\/dorogimedence.hu\/index.php\/2021\/06\/09\/nyolc-eve-vonult-le-a-nagy-dunai-arhullam\/#primaryimage"},"image":{"@id":"https:\/\/dorogimedence.hu\/index.php\/2021\/06\/09\/nyolc-eve-vonult-le-a-nagy-dunai-arhullam\/#primaryimage"},"thumbnailUrl":"https:\/\/dorogimedence.hu\/wp-content\/uploads\/2021\/06\/2013.06.06.legi-019k-Komarom.jpg","datePublished":"2021-06-09T07:19:16+00:00","dateModified":"2021-06-09T07:19:33+00:00","breadcrumb":{"@id":"https:\/\/dorogimedence.hu\/index.php\/2021\/06\/09\/nyolc-eve-vonult-le-a-nagy-dunai-arhullam\/#breadcrumb"},"inLanguage":"hu","potentialAction":[{"@type":"ReadAction","target":["https:\/\/dorogimedence.hu\/index.php\/2021\/06\/09\/nyolc-eve-vonult-le-a-nagy-dunai-arhullam\/"]}]},{"@type":"ImageObject","inLanguage":"hu","@id":"https:\/\/dorogimedence.hu\/index.php\/2021\/06\/09\/nyolc-eve-vonult-le-a-nagy-dunai-arhullam\/#primaryimage","url":"https:\/\/dorogimedence.hu\/wp-content\/uploads\/2021\/06\/2013.06.06.legi-019k-Komarom.jpg","contentUrl":"https:\/\/dorogimedence.hu\/wp-content\/uploads\/2021\/06\/2013.06.06.legi-019k-Komarom.jpg","width":2128,"height":1424},{"@type":"BreadcrumbList","@id":"https:\/\/dorogimedence.hu\/index.php\/2021\/06\/09\/nyolc-eve-vonult-le-a-nagy-dunai-arhullam\/#breadcrumb","itemListElement":[{"@type":"ListItem","position":1,"name":"Kezd\u0151lap","item":"https:\/\/dorogimedence.hu\/"},{"@type":"ListItem","position":2,"name":"Nyolc \u00e9ve vonult le a nagy dunai \u00e1rhull\u00e1m"}]},{"@type":"WebSite","@id":"https:\/\/dorogimedence.hu\/#website","url":"https:\/\/dorogimedence.hu\/","name":"Dorogi-medence Region\u00e1lis H\u00edrport\u00e1l","description":"Dorog, Keszt\u00f6lc, Le\u00e1nyv\u00e1r, Piliscs\u00e9v, Tokod, Tokodalt\u00e1r\u00f3, Csolnok, Esztergom-kertv\u00e1ros: h\u00edrek, programok","publisher":{"@id":"https:\/\/dorogimedence.hu\/#organization"},"potentialAction":[{"@type":"SearchAction","target":{"@type":"EntryPoint","urlTemplate":"https:\/\/dorogimedence.hu\/?s={search_term_string}"},"query-input":{"@type":"PropertyValueSpecification","valueRequired":true,"valueName":"search_term_string"}}],"inLanguage":"hu"},{"@type":"Organization","@id":"https:\/\/dorogimedence.hu\/#organization","name":"Dorogi-medence Region\u00e1lis H\u00edrport\u00e1l","url":"https:\/\/dorogimedence.hu\/","logo":{"@type":"ImageObject","inLanguage":"hu","@id":"https:\/\/dorogimedence.hu\/#\/schema\/logo\/image\/","url":"https:\/\/dorogimedence.hu\/wp-content\/uploads\/2021\/04\/logo-feher-600.png","contentUrl":"https:\/\/dorogimedence.hu\/wp-content\/uploads\/2021\/04\/logo-feher-600.png","width":600,"height":100,"caption":"Dorogi-medence Region\u00e1lis H\u00edrport\u00e1l"},"image":{"@id":"https:\/\/dorogimedence.hu\/#\/schema\/logo\/image\/"},"sameAs":["https:\/\/www.facebook.com\/dorogimedence\/"]},{"@type":"Person","@id":"https:\/\/dorogimedence.hu\/#\/schema\/person\/ce6091eeb7e95ecdc87890d6aa8e0fd4","name":"dorogimedence.hu","image":{"@type":"ImageObject","inLanguage":"hu","@id":"\/\/www.gravatar.com\/avatar\/d8d45f8901aadff40a4af72c0b826f1d?s=96&#038;r=g&#038;d=mm","url":"\/\/www.gravatar.com\/avatar\/d8d45f8901aadff40a4af72c0b826f1d?s=96&#038;r=g&#038;d=mm","contentUrl":"\/\/www.gravatar.com\/avatar\/d8d45f8901aadff40a4af72c0b826f1d?s=96&#038;r=g&#038;d=mm","caption":"dorogimedence.hu"}}]}},"_links":{"self":[{"href":"https:\/\/dorogimedence.hu\/index.php\/wp-json\/wp\/v2\/posts\/33772","targetHints":{"allow":["GET"]}}],"collection":[{"href":"https:\/\/dorogimedence.hu\/index.php\/wp-json\/wp\/v2\/posts"}],"about":[{"href":"https:\/\/dorogimedence.hu\/index.php\/wp-json\/wp\/v2\/types\/post"}],"author":[{"embeddable":true,"href":"https:\/\/dorogimedence.hu\/index.php\/wp-json\/wp\/v2\/users\/1"}],"replies":[{"embeddable":true,"href":"https:\/\/dorogimedence.hu\/index.php\/wp-json\/wp\/v2\/comments?post=33772"}],"version-history":[{"count":0,"href":"https:\/\/dorogimedence.hu\/index.php\/wp-json\/wp\/v2\/posts\/33772\/revisions"}],"wp:featuredmedia":[{"embeddable":true,"href":"https:\/\/dorogimedence.hu\/index.php\/wp-json\/wp\/v2\/media\/33773"}],"wp:attachment":[{"href":"https:\/\/dorogimedence.hu\/index.php\/wp-json\/wp\/v2\/media?parent=33772"}],"wp:term":[{"taxonomy":"category","embeddable":true,"href":"https:\/\/dorogimedence.hu\/index.php\/wp-json\/wp\/v2\/categories?post=33772"},{"taxonomy":"post_tag","embeddable":true,"href":"https:\/\/dorogimedence.hu\/index.php\/wp-json\/wp\/v2\/tags?post=33772"}],"curies":[{"name":"wp","href":"https:\/\/api.w.org\/{rel}","templated":true}]}}