{"id":33690,"date":"2021-06-06T07:11:00","date_gmt":"2021-06-06T05:11:00","guid":{"rendered":"https:\/\/dorogimedence.hu\/?p=33690"},"modified":"2021-06-06T07:11:14","modified_gmt":"2021-06-06T05:11:14","slug":"volner-bakocz-tamas-egy-eros-kozepkori-magyarorszagon-elt","status":"publish","type":"post","link":"https:\/\/dorogimedence.hu\/index.php\/2021\/06\/06\/volner-bakocz-tamas-egy-eros-kozepkori-magyarorszagon-elt\/","title":{"rendered":"V\u00f6lner: Bak\u00f3cz Tam\u00e1s egy er\u0151s k\u00f6z\u00e9pkori Magyarorsz\u00e1gon \u00e9lt"},"content":{"rendered":"<p><strong>Bak\u00f3cz Tam\u00e1s esztergomi \u00e9rsek egy er\u0151s k\u00f6z\u00e9pkori Magyarorsz\u00e1gon \u00e9lt, ahol Hunyadi ellen\u00e1llt a t\u00f6r\u00f6knek, de az egyh\u00e1zi m\u00e9lt\u00f3s\u00e1g hal\u00e1l\u00e1nak \u00e9v\u00e9ben Szulejm\u00e1n m\u00e1r elindult N\u00e1ndorfeh\u00e9rv\u00e1r ellen &#8211; mondta V\u00f6lner P\u00e1l, a t\u00e9rs\u00e9g fideszes orsz\u00e1ggy\u0171l\u00e9si k\u00e9pvisel\u0151je szombaton Esztergomban.<\/strong><\/p>\n<p>A Bak\u00f3cz Tam\u00e1s hal\u00e1l\u00e1nak 500. \u00e9vfordul\u00f3j\u00e1ra rendezett eml\u00e9knapon az Igazs\u00e1g\u00fcgyi Miniszt\u00e9rium parlamenti \u00e1llamtitk\u00e1ra azt mondta, &#8222;abban a vil\u00e1gban halt meg, melyben megsz\u00fcletett, nem \u00e9rte meg a k\u00f6z\u00e9pkori Magyarorsz\u00e1g buk\u00e1s\u00e1t&#8221;.<\/p>\n<p>Hozz\u00e1tette, az \u00e9rsek szem\u00e9lyes felel\u0151ss\u00e9ge meg\u00edt\u00e9lhetetlen abban, hogy Magyarorsz\u00e1g nem volt eredm\u00e9nyes, de cs\u00e1sz\u00e1roknak \u00e9s kir\u00e1lyoknak sem siker\u00fclt meg\u00e1ll\u00edtani a t\u00f6r\u00f6k birodalom el\u0151ret\u00f6r\u00e9s\u00e9t.<\/p>\n<p>Val\u00f3s\u00e1gos csoda, hogy 150 \u00e9v ut\u00e1n vissza lehetett t\u00e9rni Esztergomba, hiszen a v\u00e1rosb\u00f3l a t\u00f6r\u00f6k 11 ezer embert evaku\u00e1lt. M\u00e9g tov\u00e1bbi 100 \u00e9v kellett, hogy az \u00e9rseki k\u00f6zpont r\u00e9gi f\u00e9ny\u00e9nek vissza\u00e1ll\u00edt\u00e1s\u00e1ra tett er\u0151fesz\u00edt\u00e9sek r\u00e9vbe \u00e9rjenek &#8211; mondta k\u00f6sz\u00f6nt\u0151j\u00e9ben Erd\u0151 P\u00e9ter b\u00edboros, majd hozz\u00e1tette, &#8222;a mi mai felel\u0151ss\u00e9g\u00fcnk Esztergom \u00e9rt\u00e9keinek bemutat\u00e1sa, hogy a t\u00e9rs\u00e9g egyik kultur\u00e1lis \u00e9s vall\u00e1si k\u00f6zpontja legyen&#8221;.<\/p>\n<p>Az Esztergomi V\u00e1rsz\u00ednh\u00e1z szombaton tudom\u00e1nyos el\u0151ad\u00e1sokkal \u00e9s a Bak\u00f3cz Tam\u00e1s \u00e9let\u00e9r\u0151l \u00edrt sz\u00ednm\u0171 alapj\u00e1n k\u00e9sz\u00fclt t\u00e9v\u00e9j\u00e1t\u00e9k bemutat\u00e1s\u00e1val eml\u00e9kezett meg az egykori esztergomi hercegpr\u00edm\u00e1s hal\u00e1l\u00e1nak 500. \u00e9vfordul\u00f3j\u00e1r\u00f3l.<\/p>\n<p>Az eml\u00e9knapon Horv\u00e1th Rich\u00e1rd t\u00f6rt\u00e9n\u00e9sz, a B\u00f6lcs\u00e9szettudom\u00e1nyi Kutat\u00f3k\u00f6zpont f\u0151munkat\u00e1rsa \u00e9s T\u00f6r\u00f6k Csaba, a F\u0151sz\u00e9kesegyh\u00e1zi Kincst\u00e1r igazgat\u00f3ja tartott el\u0151ad\u00e1st a Bak\u00f3cz Tam\u00e1s p\u00e1ly\u00e1j\u00e1t, \u00e9let\u00e9t befoly\u00e1sol\u00f3 szem\u00e9lyekr\u0151l \u00e9s t\u00f6rt\u00e9nelmi k\u00f6r\u00fclm\u00e9nyekr\u0151l, majd Szakonyi K\u00e1roly \u00edr\u00f3 m\u00e9ltatta T\u00f3th-M\u00e1th\u00e9 Mikl\u00f3st, a Nagyrahivatott c\u00edm\u0171 m\u0171 szerz\u0151j\u00e9t.<\/p>\n<p>Az alkot\u00e1st nyolc \u00e9ve \u00e1ll\u00edtotta sz\u00ednpadra az Esztergomi V\u00e1rsz\u00ednh\u00e1z. A mostani eml\u00e9knapon els\u0151 alkalommal vet\u00edtett\u00e9k le a t\u00f6rt\u00e9nelmi dr\u00e1ma alapj\u00e1n k\u00e9sz\u00fclt t\u00e9v\u00e9j\u00e1t\u00e9kot, amelyet t\u00f6bbek k\u00f6z\u00f6tt a Bak\u00f3cz-k\u00e1poln\u00e1ban, a Bazilik\u00e1ban \u00e9s a V\u00e1rhegyen forgattak. A t\u00e9v\u00e9j\u00e1t\u00e9kban Bak\u00f3cz Tam\u00e1st Hor\u00e1nyi L\u00e1szl\u00f3, D\u00f3zsa Gy\u00f6rgy\u00f6t Ott J\u00f3zsef szem\u00e9lyes\u00edti meg.<\/p>\n<p><iframe title=\"Komment\u00e1r N\u00e9lk\u00fcl - 2021.06.05. - Bak\u00f3cz 500 - Eml\u00e9knap Esztergomban\" width=\"755\" height=\"425\" src=\"https:\/\/www.youtube.com\/embed\/A2r_NQewd04?feature=oembed\" frameborder=\"0\" allow=\"accelerometer; autoplay; clipboard-write; encrypted-media; gyroscope; picture-in-picture; web-share\" referrerpolicy=\"strict-origin-when-cross-origin\" allowfullscreen><\/iframe><\/p>\n<p><em>Forr\u00e1s: MTI<br \/>\nBor\u00edt\u00f3k\u00e9p, vide\u00f3: R\u00e9gi\u00f3 TV Esztergom<\/em><\/p>\n","protected":false},"excerpt":{"rendered":"<p>Bak\u00f3cz Tam\u00e1s esztergomi \u00e9rsek egy er\u0151s k\u00f6z\u00e9pkori Magyarorsz\u00e1gon \u00e9lt, ahol Hunyadi ellen\u00e1llt a t\u00f6r\u00f6knek, de az egyh\u00e1zi m\u00e9lt\u00f3s\u00e1g hal\u00e1l\u00e1nak \u00e9v\u00e9ben Szulejm\u00e1n m\u00e1r elindult N\u00e1ndorfeh\u00e9rv\u00e1r ellen &#8211; mondta V\u00f6lner P\u00e1l, a t\u00e9rs\u00e9g fideszes orsz\u00e1ggy\u0171l\u00e9si k\u00e9pvisel\u0151je szombaton Esztergomban. A Bak\u00f3cz Tam\u00e1s hal\u00e1l\u00e1nak 500. \u00e9vfordul\u00f3j\u00e1ra rendezett eml\u00e9knapon az Igazs\u00e1g\u00fcgyi Miniszt\u00e9rium parlamenti \u00e1llamtitk\u00e1ra azt mondta, &#8222;abban a vil\u00e1gban halt<\/p>\n","protected":false},"author":1,"featured_media":33691,"comment_status":"closed","ping_status":"closed","sticky":false,"template":"","format":"standard","meta":{"ngg_post_thumbnail":0,"footnotes":""},"categories":[38,3],"tags":[5732,5733,42,5624],"class_list":{"0":"post-33690","1":"post","2":"type-post","3":"status-publish","4":"format-standard","5":"has-post-thumbnail","7":"category-esztergom","8":"category-hirek","9":"tag-bakocz-500","10":"tag-bakocz-tamas","11":"tag-esztergom","12":"tag-featured"},"yoast_head":"<!-- This site is optimized with the Yoast SEO plugin v27.5 - https:\/\/yoast.com\/product\/yoast-seo-wordpress\/ -->\n<title>V\u00f6lner: Bak\u00f3cz Tam\u00e1s egy er\u0151s k\u00f6z\u00e9pkori Magyarorsz\u00e1gon \u00e9lt<\/title>\n<meta name=\"robots\" content=\"index, follow, max-snippet:-1, max-image-preview:large, max-video-preview:-1\" \/>\n<link rel=\"canonical\" href=\"https:\/\/dorogimedence.hu\/index.php\/2021\/06\/06\/volner-bakocz-tamas-egy-eros-kozepkori-magyarorszagon-elt\/\" class=\"yoast-seo-meta-tag\" \/>\n<meta property=\"og:locale\" content=\"hu_HU\" class=\"yoast-seo-meta-tag\" \/>\n<meta property=\"og:type\" content=\"article\" class=\"yoast-seo-meta-tag\" \/>\n<meta property=\"og:title\" content=\"V\u00f6lner: Bak\u00f3cz Tam\u00e1s egy er\u0151s k\u00f6z\u00e9pkori Magyarorsz\u00e1gon \u00e9lt\" class=\"yoast-seo-meta-tag\" \/>\n<meta property=\"og:description\" content=\"Bak\u00f3cz Tam\u00e1s esztergomi \u00e9rsek egy er\u0151s k\u00f6z\u00e9pkori Magyarorsz\u00e1gon \u00e9lt, ahol Hunyadi ellen\u00e1llt a t\u00f6r\u00f6knek, de az egyh\u00e1zi m\u00e9lt\u00f3s\u00e1g hal\u00e1l\u00e1nak \u00e9v\u00e9ben Szulejm\u00e1n m\u00e1r elindult N\u00e1ndorfeh\u00e9rv\u00e1r ellen &#8211; mondta V\u00f6lner P\u00e1l, a t\u00e9rs\u00e9g fideszes orsz\u00e1ggy\u0171l\u00e9si k\u00e9pvisel\u0151je szombaton Esztergomban. A Bak\u00f3cz Tam\u00e1s hal\u00e1l\u00e1nak 500. \u00e9vfordul\u00f3j\u00e1ra rendezett eml\u00e9knapon az Igazs\u00e1g\u00fcgyi Miniszt\u00e9rium parlamenti \u00e1llamtitk\u00e1ra azt mondta, &#8222;abban a vil\u00e1gban halt\" class=\"yoast-seo-meta-tag\" \/>\n<meta property=\"og:url\" content=\"https:\/\/dorogimedence.hu\/index.php\/2021\/06\/06\/volner-bakocz-tamas-egy-eros-kozepkori-magyarorszagon-elt\/\" class=\"yoast-seo-meta-tag\" \/>\n<meta property=\"og:site_name\" content=\"Dorogi-medence Region\u00e1lis H\u00edrport\u00e1l\" class=\"yoast-seo-meta-tag\" \/>\n<meta property=\"article:publisher\" content=\"https:\/\/www.facebook.com\/dorogimedence\/\" class=\"yoast-seo-meta-tag\" \/>\n<meta property=\"article:published_time\" content=\"2021-06-06T05:11:00+00:00\" class=\"yoast-seo-meta-tag\" \/>\n<meta property=\"article:modified_time\" content=\"2021-06-06T05:11:14+00:00\" class=\"yoast-seo-meta-tag\" \/>\n<meta property=\"og:image\" content=\"https:\/\/i0.wp.com\/dorogimedence.hu\/wp-content\/uploads\/2021\/06\/volner.jpg?fit=1715%2C880&ssl=1\" class=\"yoast-seo-meta-tag\" \/>\n\t<meta property=\"og:image:width\" content=\"1715\" class=\"yoast-seo-meta-tag\" \/>\n\t<meta property=\"og:image:height\" content=\"880\" class=\"yoast-seo-meta-tag\" \/>\n\t<meta property=\"og:image:type\" content=\"image\/jpeg\" class=\"yoast-seo-meta-tag\" \/>\n<meta name=\"author\" content=\"dorogimedence.hu\" class=\"yoast-seo-meta-tag\" \/>\n<meta name=\"twitter:card\" content=\"summary_large_image\" class=\"yoast-seo-meta-tag\" \/>\n<meta name=\"twitter:label1\" content=\"Szerz\u0151:\" class=\"yoast-seo-meta-tag\" \/>\n\t<meta name=\"twitter:data1\" content=\"dorogimedence.hu\" class=\"yoast-seo-meta-tag\" \/>\n\t<meta name=\"twitter:label2\" content=\"Becs\u00fclt olvas\u00e1si id\u0151\" class=\"yoast-seo-meta-tag\" \/>\n\t<meta name=\"twitter:data2\" content=\"2 perc\" class=\"yoast-seo-meta-tag\" \/>\n<script type=\"application\/ld+json\" class=\"yoast-schema-graph\">{\"@context\":\"https:\\\/\\\/schema.org\",\"@graph\":[{\"@type\":\"Article\",\"@id\":\"https:\\\/\\\/dorogimedence.hu\\\/index.php\\\/2021\\\/06\\\/06\\\/volner-bakocz-tamas-egy-eros-kozepkori-magyarorszagon-elt\\\/#article\",\"isPartOf\":{\"@id\":\"https:\\\/\\\/dorogimedence.hu\\\/index.php\\\/2021\\\/06\\\/06\\\/volner-bakocz-tamas-egy-eros-kozepkori-magyarorszagon-elt\\\/\"},\"author\":{\"name\":\"dorogimedence.hu\",\"@id\":\"https:\\\/\\\/dorogimedence.hu\\\/#\\\/schema\\\/person\\\/ce6091eeb7e95ecdc87890d6aa8e0fd4\"},\"headline\":\"V\u00f6lner: Bak\u00f3cz Tam\u00e1s egy er\u0151s k\u00f6z\u00e9pkori Magyarorsz\u00e1gon \u00e9lt\",\"datePublished\":\"2021-06-06T05:11:00+00:00\",\"dateModified\":\"2021-06-06T05:11:14+00:00\",\"mainEntityOfPage\":{\"@id\":\"https:\\\/\\\/dorogimedence.hu\\\/index.php\\\/2021\\\/06\\\/06\\\/volner-bakocz-tamas-egy-eros-kozepkori-magyarorszagon-elt\\\/\"},\"wordCount\":511,\"publisher\":{\"@id\":\"https:\\\/\\\/dorogimedence.hu\\\/#organization\"},\"image\":{\"@id\":\"https:\\\/\\\/dorogimedence.hu\\\/index.php\\\/2021\\\/06\\\/06\\\/volner-bakocz-tamas-egy-eros-kozepkori-magyarorszagon-elt\\\/#primaryimage\"},\"thumbnailUrl\":\"https:\\\/\\\/dorogimedence.hu\\\/wp-content\\\/uploads\\\/2021\\\/06\\\/volner.jpg\",\"keywords\":[\"Bak\u00f3cz 500\",\"Bak\u00f3cz Tam\u00e1s\",\"esztergom\",\"featured\"],\"articleSection\":[\"Esztergom\",\"H\u00edrek\"],\"inLanguage\":\"hu\"},{\"@type\":\"WebPage\",\"@id\":\"https:\\\/\\\/dorogimedence.hu\\\/index.php\\\/2021\\\/06\\\/06\\\/volner-bakocz-tamas-egy-eros-kozepkori-magyarorszagon-elt\\\/\",\"url\":\"https:\\\/\\\/dorogimedence.hu\\\/index.php\\\/2021\\\/06\\\/06\\\/volner-bakocz-tamas-egy-eros-kozepkori-magyarorszagon-elt\\\/\",\"name\":\"V\u00f6lner: Bak\u00f3cz Tam\u00e1s egy er\u0151s k\u00f6z\u00e9pkori Magyarorsz\u00e1gon \u00e9lt\",\"isPartOf\":{\"@id\":\"https:\\\/\\\/dorogimedence.hu\\\/#website\"},\"primaryImageOfPage\":{\"@id\":\"https:\\\/\\\/dorogimedence.hu\\\/index.php\\\/2021\\\/06\\\/06\\\/volner-bakocz-tamas-egy-eros-kozepkori-magyarorszagon-elt\\\/#primaryimage\"},\"image\":{\"@id\":\"https:\\\/\\\/dorogimedence.hu\\\/index.php\\\/2021\\\/06\\\/06\\\/volner-bakocz-tamas-egy-eros-kozepkori-magyarorszagon-elt\\\/#primaryimage\"},\"thumbnailUrl\":\"https:\\\/\\\/dorogimedence.hu\\\/wp-content\\\/uploads\\\/2021\\\/06\\\/volner.jpg\",\"datePublished\":\"2021-06-06T05:11:00+00:00\",\"dateModified\":\"2021-06-06T05:11:14+00:00\",\"breadcrumb\":{\"@id\":\"https:\\\/\\\/dorogimedence.hu\\\/index.php\\\/2021\\\/06\\\/06\\\/volner-bakocz-tamas-egy-eros-kozepkori-magyarorszagon-elt\\\/#breadcrumb\"},\"inLanguage\":\"hu\",\"potentialAction\":[{\"@type\":\"ReadAction\",\"target\":[\"https:\\\/\\\/dorogimedence.hu\\\/index.php\\\/2021\\\/06\\\/06\\\/volner-bakocz-tamas-egy-eros-kozepkori-magyarorszagon-elt\\\/\"]}]},{\"@type\":\"ImageObject\",\"inLanguage\":\"hu\",\"@id\":\"https:\\\/\\\/dorogimedence.hu\\\/index.php\\\/2021\\\/06\\\/06\\\/volner-bakocz-tamas-egy-eros-kozepkori-magyarorszagon-elt\\\/#primaryimage\",\"url\":\"https:\\\/\\\/dorogimedence.hu\\\/wp-content\\\/uploads\\\/2021\\\/06\\\/volner.jpg\",\"contentUrl\":\"https:\\\/\\\/dorogimedence.hu\\\/wp-content\\\/uploads\\\/2021\\\/06\\\/volner.jpg\",\"width\":1715,\"height\":880},{\"@type\":\"BreadcrumbList\",\"@id\":\"https:\\\/\\\/dorogimedence.hu\\\/index.php\\\/2021\\\/06\\\/06\\\/volner-bakocz-tamas-egy-eros-kozepkori-magyarorszagon-elt\\\/#breadcrumb\",\"itemListElement\":[{\"@type\":\"ListItem\",\"position\":1,\"name\":\"Kezd\u0151lap\",\"item\":\"https:\\\/\\\/dorogimedence.hu\\\/\"},{\"@type\":\"ListItem\",\"position\":2,\"name\":\"V\u00f6lner: Bak\u00f3cz Tam\u00e1s egy er\u0151s k\u00f6z\u00e9pkori Magyarorsz\u00e1gon \u00e9lt\"}]},{\"@type\":\"WebSite\",\"@id\":\"https:\\\/\\\/dorogimedence.hu\\\/#website\",\"url\":\"https:\\\/\\\/dorogimedence.hu\\\/\",\"name\":\"Dorogi-medence Region\u00e1lis H\u00edrport\u00e1l\",\"description\":\"Dorog, Keszt\u00f6lc, Le\u00e1nyv\u00e1r, Piliscs\u00e9v, Tokod, Tokodalt\u00e1r\u00f3, Csolnok, Esztergom-kertv\u00e1ros: h\u00edrek, programok\",\"publisher\":{\"@id\":\"https:\\\/\\\/dorogimedence.hu\\\/#organization\"},\"potentialAction\":[{\"@type\":\"SearchAction\",\"target\":{\"@type\":\"EntryPoint\",\"urlTemplate\":\"https:\\\/\\\/dorogimedence.hu\\\/?s={search_term_string}\"},\"query-input\":{\"@type\":\"PropertyValueSpecification\",\"valueRequired\":true,\"valueName\":\"search_term_string\"}}],\"inLanguage\":\"hu\"},{\"@type\":\"Organization\",\"@id\":\"https:\\\/\\\/dorogimedence.hu\\\/#organization\",\"name\":\"Dorogi-medence Region\u00e1lis H\u00edrport\u00e1l\",\"url\":\"https:\\\/\\\/dorogimedence.hu\\\/\",\"logo\":{\"@type\":\"ImageObject\",\"inLanguage\":\"hu\",\"@id\":\"https:\\\/\\\/dorogimedence.hu\\\/#\\\/schema\\\/logo\\\/image\\\/\",\"url\":\"https:\\\/\\\/dorogimedence.hu\\\/wp-content\\\/uploads\\\/2021\\\/04\\\/logo-feher-600.png\",\"contentUrl\":\"https:\\\/\\\/dorogimedence.hu\\\/wp-content\\\/uploads\\\/2021\\\/04\\\/logo-feher-600.png\",\"width\":600,\"height\":100,\"caption\":\"Dorogi-medence Region\u00e1lis H\u00edrport\u00e1l\"},\"image\":{\"@id\":\"https:\\\/\\\/dorogimedence.hu\\\/#\\\/schema\\\/logo\\\/image\\\/\"},\"sameAs\":[\"https:\\\/\\\/www.facebook.com\\\/dorogimedence\\\/\"]},{\"@type\":\"Person\",\"@id\":\"https:\\\/\\\/dorogimedence.hu\\\/#\\\/schema\\\/person\\\/ce6091eeb7e95ecdc87890d6aa8e0fd4\",\"name\":\"dorogimedence.hu\",\"image\":{\"@type\":\"ImageObject\",\"inLanguage\":\"hu\",\"@id\":\"\\\/\\\/www.gravatar.com\\\/avatar\\\/d8d45f8901aadff40a4af72c0b826f1d?s=96&#038;r=g&#038;d=mm\",\"url\":\"\\\/\\\/www.gravatar.com\\\/avatar\\\/d8d45f8901aadff40a4af72c0b826f1d?s=96&#038;r=g&#038;d=mm\",\"contentUrl\":\"\\\/\\\/www.gravatar.com\\\/avatar\\\/d8d45f8901aadff40a4af72c0b826f1d?s=96&#038;r=g&#038;d=mm\",\"caption\":\"dorogimedence.hu\"}}]}<\/script>\n<!-- \/ Yoast SEO plugin. -->","yoast_head_json":{"title":"V\u00f6lner: Bak\u00f3cz Tam\u00e1s egy er\u0151s k\u00f6z\u00e9pkori Magyarorsz\u00e1gon \u00e9lt","robots":{"index":"index","follow":"follow","max-snippet":"max-snippet:-1","max-image-preview":"max-image-preview:large","max-video-preview":"max-video-preview:-1"},"canonical":"https:\/\/dorogimedence.hu\/index.php\/2021\/06\/06\/volner-bakocz-tamas-egy-eros-kozepkori-magyarorszagon-elt\/","og_locale":"hu_HU","og_type":"article","og_title":"V\u00f6lner: Bak\u00f3cz Tam\u00e1s egy er\u0151s k\u00f6z\u00e9pkori Magyarorsz\u00e1gon \u00e9lt","og_description":"Bak\u00f3cz Tam\u00e1s esztergomi \u00e9rsek egy er\u0151s k\u00f6z\u00e9pkori Magyarorsz\u00e1gon \u00e9lt, ahol Hunyadi ellen\u00e1llt a t\u00f6r\u00f6knek, de az egyh\u00e1zi m\u00e9lt\u00f3s\u00e1g hal\u00e1l\u00e1nak \u00e9v\u00e9ben Szulejm\u00e1n m\u00e1r elindult N\u00e1ndorfeh\u00e9rv\u00e1r ellen &#8211; mondta V\u00f6lner P\u00e1l, a t\u00e9rs\u00e9g fideszes orsz\u00e1ggy\u0171l\u00e9si k\u00e9pvisel\u0151je szombaton Esztergomban. A Bak\u00f3cz Tam\u00e1s hal\u00e1l\u00e1nak 500. \u00e9vfordul\u00f3j\u00e1ra rendezett eml\u00e9knapon az Igazs\u00e1g\u00fcgyi Miniszt\u00e9rium parlamenti \u00e1llamtitk\u00e1ra azt mondta, &#8222;abban a vil\u00e1gban halt","og_url":"https:\/\/dorogimedence.hu\/index.php\/2021\/06\/06\/volner-bakocz-tamas-egy-eros-kozepkori-magyarorszagon-elt\/","og_site_name":"Dorogi-medence Region\u00e1lis H\u00edrport\u00e1l","article_publisher":"https:\/\/www.facebook.com\/dorogimedence\/","article_published_time":"2021-06-06T05:11:00+00:00","article_modified_time":"2021-06-06T05:11:14+00:00","og_image":[{"width":1715,"height":880,"url":"https:\/\/i0.wp.com\/dorogimedence.hu\/wp-content\/uploads\/2021\/06\/volner.jpg?fit=1715%2C880&ssl=1","type":"image\/jpeg"}],"author":"dorogimedence.hu","twitter_card":"summary_large_image","twitter_misc":{"Szerz\u0151:":"dorogimedence.hu","Becs\u00fclt olvas\u00e1si id\u0151":"2 perc"},"schema":{"@context":"https:\/\/schema.org","@graph":[{"@type":"Article","@id":"https:\/\/dorogimedence.hu\/index.php\/2021\/06\/06\/volner-bakocz-tamas-egy-eros-kozepkori-magyarorszagon-elt\/#article","isPartOf":{"@id":"https:\/\/dorogimedence.hu\/index.php\/2021\/06\/06\/volner-bakocz-tamas-egy-eros-kozepkori-magyarorszagon-elt\/"},"author":{"name":"dorogimedence.hu","@id":"https:\/\/dorogimedence.hu\/#\/schema\/person\/ce6091eeb7e95ecdc87890d6aa8e0fd4"},"headline":"V\u00f6lner: Bak\u00f3cz Tam\u00e1s egy er\u0151s k\u00f6z\u00e9pkori Magyarorsz\u00e1gon \u00e9lt","datePublished":"2021-06-06T05:11:00+00:00","dateModified":"2021-06-06T05:11:14+00:00","mainEntityOfPage":{"@id":"https:\/\/dorogimedence.hu\/index.php\/2021\/06\/06\/volner-bakocz-tamas-egy-eros-kozepkori-magyarorszagon-elt\/"},"wordCount":511,"publisher":{"@id":"https:\/\/dorogimedence.hu\/#organization"},"image":{"@id":"https:\/\/dorogimedence.hu\/index.php\/2021\/06\/06\/volner-bakocz-tamas-egy-eros-kozepkori-magyarorszagon-elt\/#primaryimage"},"thumbnailUrl":"https:\/\/dorogimedence.hu\/wp-content\/uploads\/2021\/06\/volner.jpg","keywords":["Bak\u00f3cz 500","Bak\u00f3cz Tam\u00e1s","esztergom","featured"],"articleSection":["Esztergom","H\u00edrek"],"inLanguage":"hu"},{"@type":"WebPage","@id":"https:\/\/dorogimedence.hu\/index.php\/2021\/06\/06\/volner-bakocz-tamas-egy-eros-kozepkori-magyarorszagon-elt\/","url":"https:\/\/dorogimedence.hu\/index.php\/2021\/06\/06\/volner-bakocz-tamas-egy-eros-kozepkori-magyarorszagon-elt\/","name":"V\u00f6lner: Bak\u00f3cz Tam\u00e1s egy er\u0151s k\u00f6z\u00e9pkori Magyarorsz\u00e1gon \u00e9lt","isPartOf":{"@id":"https:\/\/dorogimedence.hu\/#website"},"primaryImageOfPage":{"@id":"https:\/\/dorogimedence.hu\/index.php\/2021\/06\/06\/volner-bakocz-tamas-egy-eros-kozepkori-magyarorszagon-elt\/#primaryimage"},"image":{"@id":"https:\/\/dorogimedence.hu\/index.php\/2021\/06\/06\/volner-bakocz-tamas-egy-eros-kozepkori-magyarorszagon-elt\/#primaryimage"},"thumbnailUrl":"https:\/\/dorogimedence.hu\/wp-content\/uploads\/2021\/06\/volner.jpg","datePublished":"2021-06-06T05:11:00+00:00","dateModified":"2021-06-06T05:11:14+00:00","breadcrumb":{"@id":"https:\/\/dorogimedence.hu\/index.php\/2021\/06\/06\/volner-bakocz-tamas-egy-eros-kozepkori-magyarorszagon-elt\/#breadcrumb"},"inLanguage":"hu","potentialAction":[{"@type":"ReadAction","target":["https:\/\/dorogimedence.hu\/index.php\/2021\/06\/06\/volner-bakocz-tamas-egy-eros-kozepkori-magyarorszagon-elt\/"]}]},{"@type":"ImageObject","inLanguage":"hu","@id":"https:\/\/dorogimedence.hu\/index.php\/2021\/06\/06\/volner-bakocz-tamas-egy-eros-kozepkori-magyarorszagon-elt\/#primaryimage","url":"https:\/\/dorogimedence.hu\/wp-content\/uploads\/2021\/06\/volner.jpg","contentUrl":"https:\/\/dorogimedence.hu\/wp-content\/uploads\/2021\/06\/volner.jpg","width":1715,"height":880},{"@type":"BreadcrumbList","@id":"https:\/\/dorogimedence.hu\/index.php\/2021\/06\/06\/volner-bakocz-tamas-egy-eros-kozepkori-magyarorszagon-elt\/#breadcrumb","itemListElement":[{"@type":"ListItem","position":1,"name":"Kezd\u0151lap","item":"https:\/\/dorogimedence.hu\/"},{"@type":"ListItem","position":2,"name":"V\u00f6lner: Bak\u00f3cz Tam\u00e1s egy er\u0151s k\u00f6z\u00e9pkori Magyarorsz\u00e1gon \u00e9lt"}]},{"@type":"WebSite","@id":"https:\/\/dorogimedence.hu\/#website","url":"https:\/\/dorogimedence.hu\/","name":"Dorogi-medence Region\u00e1lis H\u00edrport\u00e1l","description":"Dorog, Keszt\u00f6lc, Le\u00e1nyv\u00e1r, Piliscs\u00e9v, Tokod, Tokodalt\u00e1r\u00f3, Csolnok, Esztergom-kertv\u00e1ros: h\u00edrek, programok","publisher":{"@id":"https:\/\/dorogimedence.hu\/#organization"},"potentialAction":[{"@type":"SearchAction","target":{"@type":"EntryPoint","urlTemplate":"https:\/\/dorogimedence.hu\/?s={search_term_string}"},"query-input":{"@type":"PropertyValueSpecification","valueRequired":true,"valueName":"search_term_string"}}],"inLanguage":"hu"},{"@type":"Organization","@id":"https:\/\/dorogimedence.hu\/#organization","name":"Dorogi-medence Region\u00e1lis H\u00edrport\u00e1l","url":"https:\/\/dorogimedence.hu\/","logo":{"@type":"ImageObject","inLanguage":"hu","@id":"https:\/\/dorogimedence.hu\/#\/schema\/logo\/image\/","url":"https:\/\/dorogimedence.hu\/wp-content\/uploads\/2021\/04\/logo-feher-600.png","contentUrl":"https:\/\/dorogimedence.hu\/wp-content\/uploads\/2021\/04\/logo-feher-600.png","width":600,"height":100,"caption":"Dorogi-medence Region\u00e1lis H\u00edrport\u00e1l"},"image":{"@id":"https:\/\/dorogimedence.hu\/#\/schema\/logo\/image\/"},"sameAs":["https:\/\/www.facebook.com\/dorogimedence\/"]},{"@type":"Person","@id":"https:\/\/dorogimedence.hu\/#\/schema\/person\/ce6091eeb7e95ecdc87890d6aa8e0fd4","name":"dorogimedence.hu","image":{"@type":"ImageObject","inLanguage":"hu","@id":"\/\/www.gravatar.com\/avatar\/d8d45f8901aadff40a4af72c0b826f1d?s=96&#038;r=g&#038;d=mm","url":"\/\/www.gravatar.com\/avatar\/d8d45f8901aadff40a4af72c0b826f1d?s=96&#038;r=g&#038;d=mm","contentUrl":"\/\/www.gravatar.com\/avatar\/d8d45f8901aadff40a4af72c0b826f1d?s=96&#038;r=g&#038;d=mm","caption":"dorogimedence.hu"}}]}},"_links":{"self":[{"href":"https:\/\/dorogimedence.hu\/index.php\/wp-json\/wp\/v2\/posts\/33690","targetHints":{"allow":["GET"]}}],"collection":[{"href":"https:\/\/dorogimedence.hu\/index.php\/wp-json\/wp\/v2\/posts"}],"about":[{"href":"https:\/\/dorogimedence.hu\/index.php\/wp-json\/wp\/v2\/types\/post"}],"author":[{"embeddable":true,"href":"https:\/\/dorogimedence.hu\/index.php\/wp-json\/wp\/v2\/users\/1"}],"replies":[{"embeddable":true,"href":"https:\/\/dorogimedence.hu\/index.php\/wp-json\/wp\/v2\/comments?post=33690"}],"version-history":[{"count":0,"href":"https:\/\/dorogimedence.hu\/index.php\/wp-json\/wp\/v2\/posts\/33690\/revisions"}],"wp:featuredmedia":[{"embeddable":true,"href":"https:\/\/dorogimedence.hu\/index.php\/wp-json\/wp\/v2\/media\/33691"}],"wp:attachment":[{"href":"https:\/\/dorogimedence.hu\/index.php\/wp-json\/wp\/v2\/media?parent=33690"}],"wp:term":[{"taxonomy":"category","embeddable":true,"href":"https:\/\/dorogimedence.hu\/index.php\/wp-json\/wp\/v2\/categories?post=33690"},{"taxonomy":"post_tag","embeddable":true,"href":"https:\/\/dorogimedence.hu\/index.php\/wp-json\/wp\/v2\/tags?post=33690"}],"curies":[{"name":"wp","href":"https:\/\/api.w.org\/{rel}","templated":true}]}}