{"id":33686,"date":"2021-06-06T07:04:56","date_gmt":"2021-06-06T05:04:56","guid":{"rendered":"https:\/\/dorogimedence.hu\/?p=33686"},"modified":"2021-06-07T12:10:34","modified_gmt":"2021-06-07T10:10:34","slug":"szidiropulosz-archimedesz-szociologus-kapta-a-szent-istvan-dijat","status":"publish","type":"post","link":"https:\/\/dorogimedence.hu\/index.php\/2021\/06\/06\/szidiropulosz-archimedesz-szociologus-kapta-a-szent-istvan-dijat\/","title":{"rendered":"Szidiropulosz Archim\u00e9desz szociol\u00f3gus kapta a Szent Istv\u00e1n-d\u00edjat"},"content":{"rendered":"<p><strong>Szidiropulosz Archim\u00e9desz szociol\u00f3gus, a Trianon Kutat\u00f3int\u00e9zet alap\u00edt\u00f3 eln\u00f6ke, a Trianoni Szemle foly\u00f3irat alap\u00edt\u00f3 f\u0151szerkeszt\u0151je kapta szombaton Szent Istv\u00e1n-d\u00edjat. Az esztergomi d\u00edj\u00e1tad\u00f3n az Emberi Er\u0151forr\u00e1sok Miniszt\u00e9rium\u00e1nak parlamenti \u00e1llamtitk\u00e1ra azt mondta, a g\u00f6r\u00f6g sz\u00e1rmaz\u00e1s\u00fa szociol\u00f3gusnak abban is jelent\u0151s szerepe volt, hogy ma m\u00e1r nem tabut\u00e9ma Trianon.<\/strong><\/p>\n<p>R\u00e9tv\u00e1ri Bence a rendezv\u00e9nyen elmondta, mind a Trianon Kutat\u00f3int\u00e9zet, mind pedig a Trianoni Szemle foly\u00f3irat hozz\u00e1j\u00e1rul ahhoz, hogy j\u00fanius 4-\u00e9n a nemzeti \u00f6sszetartoz\u00e1s napj\u00e1t \u00fcnnepelhetj\u00fck.<\/p>\n<p>Eml\u00e9keztetett, hogy a kit\u00fcntetett az eddigi tev\u00e9kenys\u00e9g\u00e9\u00e9rt megkapta a Rend\u00fcletlen\u00fcl diplom\u00e1t, a Teleki P\u00e1l-\u00e9rdem\u00e9rmet, a Honv\u00e9delem\u00e9rt c\u00edm polg\u00e1ri fokozat\u00e1t \u00e9s a Magyar \u00c9rdemrend lovagkeresztj\u00e9t.<\/p>\n<p>R\u00e9tv\u00e1ri Bence \u00fagy fogalmazott, ma is sokakat foglalkoztat, hogy mi vezetett a 101 \u00e9vvel \u00e9s egy nappal ezel\u0151tt t\u00f6rt\u00e9nt trianoni trag\u00e9di\u00e1hoz. Szidiropulosz Archim\u00e9desz tudom\u00e1nyos munk\u00e1ja \u00e9ppen ennek meg\u00e9rt\u00e9s\u00e9ben seg\u00edt benn\u00fcnket &#8211; f\u0171zte hozz\u00e1 az \u00e1llamtitk\u00e1r.<\/p>\n<p>Elmondta azt is, a nemzet \u00fajraegyes\u00edt\u00e9s\u00e9ben fontos l\u00e9p\u00e9s volt a kett\u0151s \u00e1llampolg\u00e1rs\u00e1g bevezet\u00e9se, aminek r\u00e9v\u00e9n t\u00f6bb mint egymilli\u00f3an tudtak \u00fajra &#8211; k\u00f6zjogi form\u00e1ban &#8211; a magyars\u00e1ghoz csatlakozni.<\/p>\n<p>&#8222;Minden orsz\u00e1g vezet\u00e9s\u00e9nek teh\u00e1t els\u0151dleges feladata, hogy mindig megv\u00e9dje a saj\u00e1t haz\u00e1j\u00e1t, s ebben sokat seg\u00edtenek ezek az iratok, ezek a tanulm\u00e1nyok, ez a felt\u00e1r\u00f3 munka&#8221; &#8211; m\u00e9ltatta az \u00e1llamtitk\u00e1r a d\u00edjazottat.<\/p>\n<p>R\u00e9tv\u00e1ri Bence kiemelte, sz\u00e1z \u00e9vvel k\u00e9s\u0151bb is tanuls\u00e1g, hogy b\u00e9k\u00e9s k\u00f6r\u00fclm\u00e9nyek k\u00f6z\u00f6tt is a nemzeti \u00e9rdek kell, hogy az els\u0151 legyen. &#8222;Mindig akkor tudtunk el\u0151re l\u00e9pni, akkor tudtuk a saj\u00e1t teljes\u00edtm\u00e9ny\u00fcnket megv\u00e9deni, amikor magunkban, a magyar emberekben, a saj\u00e1t er\u0151nkben \u00e9s a saj\u00e1t teljes\u00edtm\u00e9ny\u00fcnkben b\u00edztunk&#8221; &#8211; fogalmazott.<\/p>\n<p>A 2021-ben tizenkilencedik alkalommal \u00e1tadott Szent Istv\u00e1n-d\u00edjat jelk\u00e9pez\u0151 szobor Melocco Mikl\u00f3s alkot\u00e1sa; a kir\u00e1lyt \u00e1br\u00e1zolja, amint a keresztet mindk\u00e9t kez\u00e9vel magasba emeli nemzete el\u0151tt. A d\u00edjazottakat minden \u00e9vben k\u00f6zv\u00e9lem\u00e9ny-kutat\u00e1s \u00e9s internetes szavaz\u00e1s ut\u00e1n v\u00e1lasztja ki a Szent Istv\u00e1n-d\u00edj Alap\u00edtv\u00e1ny kurat\u00f3riuma.<\/p>\n<p>A d\u00edjjal els\u0151k\u00e9nt Orb\u00e1n Viktor minisztereln\u00f6k\u00f6t t\u00fcntett\u00e9k ki, birtokosai k\u00f6z\u00f6tt van Nemesk\u00fcrty Istv\u00e1n, Makovecz Imre, a P\u00fcski h\u00e1zasp\u00e1r, T\u0151k\u00e9s L\u00e1szl\u00f3 \u00e9s Kall\u00f3s Zolt\u00e1n is.<\/p>\n<p><em>Forr\u00e1s: MTI<br \/>\nFot\u00f3: MTI\/Illy\u00e9s Tibor<\/em><\/p>\n","protected":false},"excerpt":{"rendered":"<p>Szidiropulosz Archim\u00e9desz szociol\u00f3gus, a Trianon Kutat\u00f3int\u00e9zet alap\u00edt\u00f3 eln\u00f6ke, a Trianoni Szemle foly\u00f3irat alap\u00edt\u00f3 f\u0151szerkeszt\u0151je kapta szombaton Szent Istv\u00e1n-d\u00edjat. Az esztergomi d\u00edj\u00e1tad\u00f3n az Emberi Er\u0151forr\u00e1sok Miniszt\u00e9rium\u00e1nak parlamenti \u00e1llamtitk\u00e1ra azt mondta, a g\u00f6r\u00f6g sz\u00e1rmaz\u00e1s\u00fa szociol\u00f3gusnak abban is jelent\u0151s szerepe volt, hogy ma m\u00e1r nem tabut\u00e9ma Trianon. R\u00e9tv\u00e1ri Bence a rendezv\u00e9nyen elmondta, mind a Trianon Kutat\u00f3int\u00e9zet, mind pedig<\/p>\n","protected":false},"author":1,"featured_media":33687,"comment_status":"closed","ping_status":"closed","sticky":false,"template":"","format":"standard","meta":{"ngg_post_thumbnail":0,"footnotes":""},"categories":[38,3],"tags":[594,42,1635],"class_list":{"0":"post-33686","1":"post","2":"type-post","3":"status-publish","4":"format-standard","5":"has-post-thumbnail","7":"category-esztergom","8":"category-hirek","9":"tag-dijatado","10":"tag-esztergom","11":"tag-szent-istvan-dij"},"yoast_head":"<!-- This site is optimized with the Yoast SEO plugin v27.5 - https:\/\/yoast.com\/product\/yoast-seo-wordpress\/ -->\n<title>Szidiropulosz Archim\u00e9desz szociol\u00f3gus kapta a Szent Istv\u00e1n-d\u00edjat<\/title>\n<meta name=\"robots\" content=\"index, follow, max-snippet:-1, max-image-preview:large, max-video-preview:-1\" \/>\n<link rel=\"canonical\" href=\"https:\/\/dorogimedence.hu\/index.php\/2021\/06\/06\/szidiropulosz-archimedesz-szociologus-kapta-a-szent-istvan-dijat\/\" class=\"yoast-seo-meta-tag\" \/>\n<meta property=\"og:locale\" content=\"hu_HU\" class=\"yoast-seo-meta-tag\" \/>\n<meta property=\"og:type\" content=\"article\" class=\"yoast-seo-meta-tag\" \/>\n<meta property=\"og:title\" content=\"Szidiropulosz Archim\u00e9desz szociol\u00f3gus kapta a Szent Istv\u00e1n-d\u00edjat\" class=\"yoast-seo-meta-tag\" \/>\n<meta property=\"og:description\" content=\"Szidiropulosz Archim\u00e9desz szociol\u00f3gus, a Trianon Kutat\u00f3int\u00e9zet alap\u00edt\u00f3 eln\u00f6ke, a Trianoni Szemle foly\u00f3irat alap\u00edt\u00f3 f\u0151szerkeszt\u0151je kapta szombaton Szent Istv\u00e1n-d\u00edjat. Az esztergomi d\u00edj\u00e1tad\u00f3n az Emberi Er\u0151forr\u00e1sok Miniszt\u00e9rium\u00e1nak parlamenti \u00e1llamtitk\u00e1ra azt mondta, a g\u00f6r\u00f6g sz\u00e1rmaz\u00e1s\u00fa szociol\u00f3gusnak abban is jelent\u0151s szerepe volt, hogy ma m\u00e1r nem tabut\u00e9ma Trianon. R\u00e9tv\u00e1ri Bence a rendezv\u00e9nyen elmondta, mind a Trianon Kutat\u00f3int\u00e9zet, mind pedig\" class=\"yoast-seo-meta-tag\" \/>\n<meta property=\"og:url\" content=\"https:\/\/dorogimedence.hu\/index.php\/2021\/06\/06\/szidiropulosz-archimedesz-szociologus-kapta-a-szent-istvan-dijat\/\" class=\"yoast-seo-meta-tag\" \/>\n<meta property=\"og:site_name\" content=\"Dorogi-medence Region\u00e1lis H\u00edrport\u00e1l\" class=\"yoast-seo-meta-tag\" \/>\n<meta property=\"article:publisher\" content=\"https:\/\/www.facebook.com\/dorogimedence\/\" class=\"yoast-seo-meta-tag\" \/>\n<meta property=\"article:published_time\" content=\"2021-06-06T05:04:56+00:00\" class=\"yoast-seo-meta-tag\" \/>\n<meta property=\"article:modified_time\" content=\"2021-06-07T10:10:34+00:00\" class=\"yoast-seo-meta-tag\" \/>\n<meta property=\"og:image\" content=\"https:\/\/i0.wp.com\/dorogimedence.hu\/wp-content\/uploads\/2021\/06\/szent-istvan-dij.jpg?fit=1920%2C1280&ssl=1\" class=\"yoast-seo-meta-tag\" \/>\n\t<meta property=\"og:image:width\" content=\"1920\" class=\"yoast-seo-meta-tag\" \/>\n\t<meta property=\"og:image:height\" content=\"1280\" class=\"yoast-seo-meta-tag\" \/>\n\t<meta property=\"og:image:type\" content=\"image\/jpeg\" class=\"yoast-seo-meta-tag\" \/>\n<meta name=\"author\" content=\"dorogimedence.hu\" class=\"yoast-seo-meta-tag\" \/>\n<meta name=\"twitter:card\" content=\"summary_large_image\" class=\"yoast-seo-meta-tag\" \/>\n<meta name=\"twitter:label1\" content=\"Szerz\u0151:\" class=\"yoast-seo-meta-tag\" \/>\n\t<meta name=\"twitter:data1\" content=\"dorogimedence.hu\" class=\"yoast-seo-meta-tag\" \/>\n\t<meta name=\"twitter:label2\" content=\"Becs\u00fclt olvas\u00e1si id\u0151\" class=\"yoast-seo-meta-tag\" \/>\n\t<meta name=\"twitter:data2\" content=\"2 perc\" class=\"yoast-seo-meta-tag\" \/>\n<script type=\"application\/ld+json\" class=\"yoast-schema-graph\">{\"@context\":\"https:\\\/\\\/schema.org\",\"@graph\":[{\"@type\":\"Article\",\"@id\":\"https:\\\/\\\/dorogimedence.hu\\\/index.php\\\/2021\\\/06\\\/06\\\/szidiropulosz-archimedesz-szociologus-kapta-a-szent-istvan-dijat\\\/#article\",\"isPartOf\":{\"@id\":\"https:\\\/\\\/dorogimedence.hu\\\/index.php\\\/2021\\\/06\\\/06\\\/szidiropulosz-archimedesz-szociologus-kapta-a-szent-istvan-dijat\\\/\"},\"author\":{\"name\":\"dorogimedence.hu\",\"@id\":\"https:\\\/\\\/dorogimedence.hu\\\/#\\\/schema\\\/person\\\/ce6091eeb7e95ecdc87890d6aa8e0fd4\"},\"headline\":\"Szidiropulosz Archim\u00e9desz szociol\u00f3gus kapta a Szent Istv\u00e1n-d\u00edjat\",\"datePublished\":\"2021-06-06T05:04:56+00:00\",\"dateModified\":\"2021-06-07T10:10:34+00:00\",\"mainEntityOfPage\":{\"@id\":\"https:\\\/\\\/dorogimedence.hu\\\/index.php\\\/2021\\\/06\\\/06\\\/szidiropulosz-archimedesz-szociologus-kapta-a-szent-istvan-dijat\\\/\"},\"wordCount\":492,\"publisher\":{\"@id\":\"https:\\\/\\\/dorogimedence.hu\\\/#organization\"},\"image\":{\"@id\":\"https:\\\/\\\/dorogimedence.hu\\\/index.php\\\/2021\\\/06\\\/06\\\/szidiropulosz-archimedesz-szociologus-kapta-a-szent-istvan-dijat\\\/#primaryimage\"},\"thumbnailUrl\":\"https:\\\/\\\/dorogimedence.hu\\\/wp-content\\\/uploads\\\/2021\\\/06\\\/szent-istvan-dij.jpg\",\"keywords\":[\"d\u00edj\u00e1tad\u00f3\",\"esztergom\",\"Szent Istv\u00e1n-d\u00edj\"],\"articleSection\":[\"Esztergom\",\"H\u00edrek\"],\"inLanguage\":\"hu\"},{\"@type\":\"WebPage\",\"@id\":\"https:\\\/\\\/dorogimedence.hu\\\/index.php\\\/2021\\\/06\\\/06\\\/szidiropulosz-archimedesz-szociologus-kapta-a-szent-istvan-dijat\\\/\",\"url\":\"https:\\\/\\\/dorogimedence.hu\\\/index.php\\\/2021\\\/06\\\/06\\\/szidiropulosz-archimedesz-szociologus-kapta-a-szent-istvan-dijat\\\/\",\"name\":\"Szidiropulosz Archim\u00e9desz szociol\u00f3gus kapta a Szent Istv\u00e1n-d\u00edjat\",\"isPartOf\":{\"@id\":\"https:\\\/\\\/dorogimedence.hu\\\/#website\"},\"primaryImageOfPage\":{\"@id\":\"https:\\\/\\\/dorogimedence.hu\\\/index.php\\\/2021\\\/06\\\/06\\\/szidiropulosz-archimedesz-szociologus-kapta-a-szent-istvan-dijat\\\/#primaryimage\"},\"image\":{\"@id\":\"https:\\\/\\\/dorogimedence.hu\\\/index.php\\\/2021\\\/06\\\/06\\\/szidiropulosz-archimedesz-szociologus-kapta-a-szent-istvan-dijat\\\/#primaryimage\"},\"thumbnailUrl\":\"https:\\\/\\\/dorogimedence.hu\\\/wp-content\\\/uploads\\\/2021\\\/06\\\/szent-istvan-dij.jpg\",\"datePublished\":\"2021-06-06T05:04:56+00:00\",\"dateModified\":\"2021-06-07T10:10:34+00:00\",\"breadcrumb\":{\"@id\":\"https:\\\/\\\/dorogimedence.hu\\\/index.php\\\/2021\\\/06\\\/06\\\/szidiropulosz-archimedesz-szociologus-kapta-a-szent-istvan-dijat\\\/#breadcrumb\"},\"inLanguage\":\"hu\",\"potentialAction\":[{\"@type\":\"ReadAction\",\"target\":[\"https:\\\/\\\/dorogimedence.hu\\\/index.php\\\/2021\\\/06\\\/06\\\/szidiropulosz-archimedesz-szociologus-kapta-a-szent-istvan-dijat\\\/\"]}]},{\"@type\":\"ImageObject\",\"inLanguage\":\"hu\",\"@id\":\"https:\\\/\\\/dorogimedence.hu\\\/index.php\\\/2021\\\/06\\\/06\\\/szidiropulosz-archimedesz-szociologus-kapta-a-szent-istvan-dijat\\\/#primaryimage\",\"url\":\"https:\\\/\\\/dorogimedence.hu\\\/wp-content\\\/uploads\\\/2021\\\/06\\\/szent-istvan-dij.jpg\",\"contentUrl\":\"https:\\\/\\\/dorogimedence.hu\\\/wp-content\\\/uploads\\\/2021\\\/06\\\/szent-istvan-dij.jpg\",\"width\":1920,\"height\":1280},{\"@type\":\"BreadcrumbList\",\"@id\":\"https:\\\/\\\/dorogimedence.hu\\\/index.php\\\/2021\\\/06\\\/06\\\/szidiropulosz-archimedesz-szociologus-kapta-a-szent-istvan-dijat\\\/#breadcrumb\",\"itemListElement\":[{\"@type\":\"ListItem\",\"position\":1,\"name\":\"Kezd\u0151lap\",\"item\":\"https:\\\/\\\/dorogimedence.hu\\\/\"},{\"@type\":\"ListItem\",\"position\":2,\"name\":\"Szidiropulosz Archim\u00e9desz szociol\u00f3gus kapta a Szent Istv\u00e1n-d\u00edjat\"}]},{\"@type\":\"WebSite\",\"@id\":\"https:\\\/\\\/dorogimedence.hu\\\/#website\",\"url\":\"https:\\\/\\\/dorogimedence.hu\\\/\",\"name\":\"Dorogi-medence Region\u00e1lis H\u00edrport\u00e1l\",\"description\":\"Dorog, Keszt\u00f6lc, Le\u00e1nyv\u00e1r, Piliscs\u00e9v, Tokod, Tokodalt\u00e1r\u00f3, Csolnok, Esztergom-kertv\u00e1ros: h\u00edrek, programok\",\"publisher\":{\"@id\":\"https:\\\/\\\/dorogimedence.hu\\\/#organization\"},\"potentialAction\":[{\"@type\":\"SearchAction\",\"target\":{\"@type\":\"EntryPoint\",\"urlTemplate\":\"https:\\\/\\\/dorogimedence.hu\\\/?s={search_term_string}\"},\"query-input\":{\"@type\":\"PropertyValueSpecification\",\"valueRequired\":true,\"valueName\":\"search_term_string\"}}],\"inLanguage\":\"hu\"},{\"@type\":\"Organization\",\"@id\":\"https:\\\/\\\/dorogimedence.hu\\\/#organization\",\"name\":\"Dorogi-medence Region\u00e1lis H\u00edrport\u00e1l\",\"url\":\"https:\\\/\\\/dorogimedence.hu\\\/\",\"logo\":{\"@type\":\"ImageObject\",\"inLanguage\":\"hu\",\"@id\":\"https:\\\/\\\/dorogimedence.hu\\\/#\\\/schema\\\/logo\\\/image\\\/\",\"url\":\"https:\\\/\\\/dorogimedence.hu\\\/wp-content\\\/uploads\\\/2021\\\/04\\\/logo-feher-600.png\",\"contentUrl\":\"https:\\\/\\\/dorogimedence.hu\\\/wp-content\\\/uploads\\\/2021\\\/04\\\/logo-feher-600.png\",\"width\":600,\"height\":100,\"caption\":\"Dorogi-medence Region\u00e1lis H\u00edrport\u00e1l\"},\"image\":{\"@id\":\"https:\\\/\\\/dorogimedence.hu\\\/#\\\/schema\\\/logo\\\/image\\\/\"},\"sameAs\":[\"https:\\\/\\\/www.facebook.com\\\/dorogimedence\\\/\"]},{\"@type\":\"Person\",\"@id\":\"https:\\\/\\\/dorogimedence.hu\\\/#\\\/schema\\\/person\\\/ce6091eeb7e95ecdc87890d6aa8e0fd4\",\"name\":\"dorogimedence.hu\",\"image\":{\"@type\":\"ImageObject\",\"inLanguage\":\"hu\",\"@id\":\"\\\/\\\/www.gravatar.com\\\/avatar\\\/d8d45f8901aadff40a4af72c0b826f1d?s=96&#038;r=g&#038;d=mm\",\"url\":\"\\\/\\\/www.gravatar.com\\\/avatar\\\/d8d45f8901aadff40a4af72c0b826f1d?s=96&#038;r=g&#038;d=mm\",\"contentUrl\":\"\\\/\\\/www.gravatar.com\\\/avatar\\\/d8d45f8901aadff40a4af72c0b826f1d?s=96&#038;r=g&#038;d=mm\",\"caption\":\"dorogimedence.hu\"}}]}<\/script>\n<!-- \/ Yoast SEO plugin. -->","yoast_head_json":{"title":"Szidiropulosz Archim\u00e9desz szociol\u00f3gus kapta a Szent Istv\u00e1n-d\u00edjat","robots":{"index":"index","follow":"follow","max-snippet":"max-snippet:-1","max-image-preview":"max-image-preview:large","max-video-preview":"max-video-preview:-1"},"canonical":"https:\/\/dorogimedence.hu\/index.php\/2021\/06\/06\/szidiropulosz-archimedesz-szociologus-kapta-a-szent-istvan-dijat\/","og_locale":"hu_HU","og_type":"article","og_title":"Szidiropulosz Archim\u00e9desz szociol\u00f3gus kapta a Szent Istv\u00e1n-d\u00edjat","og_description":"Szidiropulosz Archim\u00e9desz szociol\u00f3gus, a Trianon Kutat\u00f3int\u00e9zet alap\u00edt\u00f3 eln\u00f6ke, a Trianoni Szemle foly\u00f3irat alap\u00edt\u00f3 f\u0151szerkeszt\u0151je kapta szombaton Szent Istv\u00e1n-d\u00edjat. Az esztergomi d\u00edj\u00e1tad\u00f3n az Emberi Er\u0151forr\u00e1sok Miniszt\u00e9rium\u00e1nak parlamenti \u00e1llamtitk\u00e1ra azt mondta, a g\u00f6r\u00f6g sz\u00e1rmaz\u00e1s\u00fa szociol\u00f3gusnak abban is jelent\u0151s szerepe volt, hogy ma m\u00e1r nem tabut\u00e9ma Trianon. R\u00e9tv\u00e1ri Bence a rendezv\u00e9nyen elmondta, mind a Trianon Kutat\u00f3int\u00e9zet, mind pedig","og_url":"https:\/\/dorogimedence.hu\/index.php\/2021\/06\/06\/szidiropulosz-archimedesz-szociologus-kapta-a-szent-istvan-dijat\/","og_site_name":"Dorogi-medence Region\u00e1lis H\u00edrport\u00e1l","article_publisher":"https:\/\/www.facebook.com\/dorogimedence\/","article_published_time":"2021-06-06T05:04:56+00:00","article_modified_time":"2021-06-07T10:10:34+00:00","og_image":[{"width":1920,"height":1280,"url":"https:\/\/i0.wp.com\/dorogimedence.hu\/wp-content\/uploads\/2021\/06\/szent-istvan-dij.jpg?fit=1920%2C1280&ssl=1","type":"image\/jpeg"}],"author":"dorogimedence.hu","twitter_card":"summary_large_image","twitter_misc":{"Szerz\u0151:":"dorogimedence.hu","Becs\u00fclt olvas\u00e1si id\u0151":"2 perc"},"schema":{"@context":"https:\/\/schema.org","@graph":[{"@type":"Article","@id":"https:\/\/dorogimedence.hu\/index.php\/2021\/06\/06\/szidiropulosz-archimedesz-szociologus-kapta-a-szent-istvan-dijat\/#article","isPartOf":{"@id":"https:\/\/dorogimedence.hu\/index.php\/2021\/06\/06\/szidiropulosz-archimedesz-szociologus-kapta-a-szent-istvan-dijat\/"},"author":{"name":"dorogimedence.hu","@id":"https:\/\/dorogimedence.hu\/#\/schema\/person\/ce6091eeb7e95ecdc87890d6aa8e0fd4"},"headline":"Szidiropulosz Archim\u00e9desz szociol\u00f3gus kapta a Szent Istv\u00e1n-d\u00edjat","datePublished":"2021-06-06T05:04:56+00:00","dateModified":"2021-06-07T10:10:34+00:00","mainEntityOfPage":{"@id":"https:\/\/dorogimedence.hu\/index.php\/2021\/06\/06\/szidiropulosz-archimedesz-szociologus-kapta-a-szent-istvan-dijat\/"},"wordCount":492,"publisher":{"@id":"https:\/\/dorogimedence.hu\/#organization"},"image":{"@id":"https:\/\/dorogimedence.hu\/index.php\/2021\/06\/06\/szidiropulosz-archimedesz-szociologus-kapta-a-szent-istvan-dijat\/#primaryimage"},"thumbnailUrl":"https:\/\/dorogimedence.hu\/wp-content\/uploads\/2021\/06\/szent-istvan-dij.jpg","keywords":["d\u00edj\u00e1tad\u00f3","esztergom","Szent Istv\u00e1n-d\u00edj"],"articleSection":["Esztergom","H\u00edrek"],"inLanguage":"hu"},{"@type":"WebPage","@id":"https:\/\/dorogimedence.hu\/index.php\/2021\/06\/06\/szidiropulosz-archimedesz-szociologus-kapta-a-szent-istvan-dijat\/","url":"https:\/\/dorogimedence.hu\/index.php\/2021\/06\/06\/szidiropulosz-archimedesz-szociologus-kapta-a-szent-istvan-dijat\/","name":"Szidiropulosz Archim\u00e9desz szociol\u00f3gus kapta a Szent Istv\u00e1n-d\u00edjat","isPartOf":{"@id":"https:\/\/dorogimedence.hu\/#website"},"primaryImageOfPage":{"@id":"https:\/\/dorogimedence.hu\/index.php\/2021\/06\/06\/szidiropulosz-archimedesz-szociologus-kapta-a-szent-istvan-dijat\/#primaryimage"},"image":{"@id":"https:\/\/dorogimedence.hu\/index.php\/2021\/06\/06\/szidiropulosz-archimedesz-szociologus-kapta-a-szent-istvan-dijat\/#primaryimage"},"thumbnailUrl":"https:\/\/dorogimedence.hu\/wp-content\/uploads\/2021\/06\/szent-istvan-dij.jpg","datePublished":"2021-06-06T05:04:56+00:00","dateModified":"2021-06-07T10:10:34+00:00","breadcrumb":{"@id":"https:\/\/dorogimedence.hu\/index.php\/2021\/06\/06\/szidiropulosz-archimedesz-szociologus-kapta-a-szent-istvan-dijat\/#breadcrumb"},"inLanguage":"hu","potentialAction":[{"@type":"ReadAction","target":["https:\/\/dorogimedence.hu\/index.php\/2021\/06\/06\/szidiropulosz-archimedesz-szociologus-kapta-a-szent-istvan-dijat\/"]}]},{"@type":"ImageObject","inLanguage":"hu","@id":"https:\/\/dorogimedence.hu\/index.php\/2021\/06\/06\/szidiropulosz-archimedesz-szociologus-kapta-a-szent-istvan-dijat\/#primaryimage","url":"https:\/\/dorogimedence.hu\/wp-content\/uploads\/2021\/06\/szent-istvan-dij.jpg","contentUrl":"https:\/\/dorogimedence.hu\/wp-content\/uploads\/2021\/06\/szent-istvan-dij.jpg","width":1920,"height":1280},{"@type":"BreadcrumbList","@id":"https:\/\/dorogimedence.hu\/index.php\/2021\/06\/06\/szidiropulosz-archimedesz-szociologus-kapta-a-szent-istvan-dijat\/#breadcrumb","itemListElement":[{"@type":"ListItem","position":1,"name":"Kezd\u0151lap","item":"https:\/\/dorogimedence.hu\/"},{"@type":"ListItem","position":2,"name":"Szidiropulosz Archim\u00e9desz szociol\u00f3gus kapta a Szent Istv\u00e1n-d\u00edjat"}]},{"@type":"WebSite","@id":"https:\/\/dorogimedence.hu\/#website","url":"https:\/\/dorogimedence.hu\/","name":"Dorogi-medence Region\u00e1lis H\u00edrport\u00e1l","description":"Dorog, Keszt\u00f6lc, Le\u00e1nyv\u00e1r, Piliscs\u00e9v, Tokod, Tokodalt\u00e1r\u00f3, Csolnok, Esztergom-kertv\u00e1ros: h\u00edrek, programok","publisher":{"@id":"https:\/\/dorogimedence.hu\/#organization"},"potentialAction":[{"@type":"SearchAction","target":{"@type":"EntryPoint","urlTemplate":"https:\/\/dorogimedence.hu\/?s={search_term_string}"},"query-input":{"@type":"PropertyValueSpecification","valueRequired":true,"valueName":"search_term_string"}}],"inLanguage":"hu"},{"@type":"Organization","@id":"https:\/\/dorogimedence.hu\/#organization","name":"Dorogi-medence Region\u00e1lis H\u00edrport\u00e1l","url":"https:\/\/dorogimedence.hu\/","logo":{"@type":"ImageObject","inLanguage":"hu","@id":"https:\/\/dorogimedence.hu\/#\/schema\/logo\/image\/","url":"https:\/\/dorogimedence.hu\/wp-content\/uploads\/2021\/04\/logo-feher-600.png","contentUrl":"https:\/\/dorogimedence.hu\/wp-content\/uploads\/2021\/04\/logo-feher-600.png","width":600,"height":100,"caption":"Dorogi-medence Region\u00e1lis H\u00edrport\u00e1l"},"image":{"@id":"https:\/\/dorogimedence.hu\/#\/schema\/logo\/image\/"},"sameAs":["https:\/\/www.facebook.com\/dorogimedence\/"]},{"@type":"Person","@id":"https:\/\/dorogimedence.hu\/#\/schema\/person\/ce6091eeb7e95ecdc87890d6aa8e0fd4","name":"dorogimedence.hu","image":{"@type":"ImageObject","inLanguage":"hu","@id":"\/\/www.gravatar.com\/avatar\/d8d45f8901aadff40a4af72c0b826f1d?s=96&#038;r=g&#038;d=mm","url":"\/\/www.gravatar.com\/avatar\/d8d45f8901aadff40a4af72c0b826f1d?s=96&#038;r=g&#038;d=mm","contentUrl":"\/\/www.gravatar.com\/avatar\/d8d45f8901aadff40a4af72c0b826f1d?s=96&#038;r=g&#038;d=mm","caption":"dorogimedence.hu"}}]}},"_links":{"self":[{"href":"https:\/\/dorogimedence.hu\/index.php\/wp-json\/wp\/v2\/posts\/33686","targetHints":{"allow":["GET"]}}],"collection":[{"href":"https:\/\/dorogimedence.hu\/index.php\/wp-json\/wp\/v2\/posts"}],"about":[{"href":"https:\/\/dorogimedence.hu\/index.php\/wp-json\/wp\/v2\/types\/post"}],"author":[{"embeddable":true,"href":"https:\/\/dorogimedence.hu\/index.php\/wp-json\/wp\/v2\/users\/1"}],"replies":[{"embeddable":true,"href":"https:\/\/dorogimedence.hu\/index.php\/wp-json\/wp\/v2\/comments?post=33686"}],"version-history":[{"count":0,"href":"https:\/\/dorogimedence.hu\/index.php\/wp-json\/wp\/v2\/posts\/33686\/revisions"}],"wp:featuredmedia":[{"embeddable":true,"href":"https:\/\/dorogimedence.hu\/index.php\/wp-json\/wp\/v2\/media\/33687"}],"wp:attachment":[{"href":"https:\/\/dorogimedence.hu\/index.php\/wp-json\/wp\/v2\/media?parent=33686"}],"wp:term":[{"taxonomy":"category","embeddable":true,"href":"https:\/\/dorogimedence.hu\/index.php\/wp-json\/wp\/v2\/categories?post=33686"},{"taxonomy":"post_tag","embeddable":true,"href":"https:\/\/dorogimedence.hu\/index.php\/wp-json\/wp\/v2\/tags?post=33686"}],"curies":[{"name":"wp","href":"https:\/\/api.w.org\/{rel}","templated":true}]}}