{"id":33555,"date":"2021-06-01T15:49:03","date_gmt":"2021-06-01T13:49:03","guid":{"rendered":"https:\/\/dorogimedence.hu\/?p=33555"},"modified":"2021-06-01T15:49:12","modified_gmt":"2021-06-01T13:49:12","slug":"vizipipadohany-helyett-fureszport-ertekesitett-2","status":"publish","type":"post","link":"https:\/\/dorogimedence.hu\/index.php\/2021\/06\/01\/vizipipadohany-helyett-fureszport-ertekesitett-2\/","title":{"rendered":"V\u00edzipipadoh\u00e1ny helyett f\u0171r\u00e9szport \u00e9rt\u00e9kes\u00edtett"},"content":{"rendered":"<p><strong>Meghosszabb\u00edthatj\u00e1k a letart\u00f3ztat\u00e1s\u00e1t annak a f\u00e9rfinak, aki 2019. \u00e9v december\u00e9t\u0151l egy esztergomi ingatlanban olyan v\u00edzipipadoh\u00e1ny gy\u00e1rt\u00e1s\u00e1ban \u00e9s \u00e9rt\u00e9kes\u00edt\u00e9s\u00e9ben vett r\u00e9szt, melybe doh\u00e1ny helyett faforg\u00e1cs \u00e9s f\u0171r\u00e9szpor ker\u00fclt.<\/strong><\/p>\n<p>A megalapozott gyan\u00fa szerint a gyan\u00fas\u00edtott 2019. \u00e9v december\u00e9t\u0151l egy esztergomi ingatlanban \u00f6sszesen k\u00f6zel 20.000 kg v\u00edzipipadoh\u00e1ny gy\u00e1rt\u00e1s\u00e1ban \u00e9s \u00e9rt\u00e9kes\u00edt\u00e9s\u00e9ben vett r\u00e9szt, oly m\u00f3don, hogy a doh\u00e1ny helyett faforg\u00e1cs, illetve f\u0171r\u00e9szpor ker\u00fclt a k\u00e9szterm\u00e9kekbe. Mivel a doh\u00e1nygy\u00e1rtm\u00e1nyok a tartalmukat tekintve hamis\u00edtv\u00e1nyok, \u00edgy rossz min\u0151s\u00e9g\u0171 term\u00e9keknek min\u0151s\u00fclnek. A gyan\u00fas\u00edtott a v\u00edzipipadoh\u00e1ny gy\u00e1rt\u00e1s\u00e1hoz ad\u00f3rakt\u00e1ri enged\u00e9llyel nem rendelkezett, a term\u00e9kek el\u0151\u00e1ll\u00edt\u00e1sa, t\u00e1rol\u00e1sa \u00e9s sz\u00e1ll\u00edt\u00e1sa hat\u00f3s\u00e1gi enged\u00e9ly n\u00e9lk\u00fcl t\u00f6rt\u00e9nt, \u00edgy az el\u0151\u00e1ll\u00edtott v\u00edzipipadoh\u00e1ny ad\u00f3z\u00e1s al\u00f3l elvontnak min\u0151s\u00fcl. A doh\u00e1nyterm\u00e9k ut\u00e1n a gyan\u00fas\u00edtott nem fizette meg a 409.471.300 Ft j\u00f6ved\u00e9ki ad\u00f3t \u00e9s a 232.472.041 Ft \u00f6sszeg\u0171 \u00c1FA-t, \u00edgy \u00f6sszesen 641.943.341 Ft vagyoni h\u00e1tr\u00e1nyt okozott az \u00e1llami k\u00f6lts\u00e9gvet\u00e9snek.<\/p>\n<p>A Nemzeti Ad\u00f3-\u00e9s V\u00e1mhivatal K\u00f6z\u00e9p-Dun\u00e1nt\u00fali B\u0171n\u00fcgyi Igazgat\u00f3s\u00e1ga Kom\u00e1rom-Esztergom Megyei Vizsg\u00e1lati Oszt\u00e1ly\u00e1nak nyomoz\u00f3i a f\u00e9rfit k\u00fcl\u00f6n\u00f6sen jelent\u0151s vagyoni h\u00e1tr\u00e1nyt okoz\u00f3 k\u00f6lts\u00e9gvet\u00e9si csal\u00e1s b\u0171ntette \u00e9s jelent\u0151s mennyis\u00e9g\u0171, \u00fczletszer\u0171en elk\u00f6vetett rossz min\u0151s\u00e9g\u0171 term\u00e9k forgalomba hozatala b\u0171ntett\u00e9nek elk\u00f6vet\u00e9se miatt hallgatta ki gyan\u00fas\u00edtottk\u00e9nt.<\/p>\n<p>A f\u0151\u00fcgy\u00e9szs\u00e9g ind\u00edtv\u00e1ny\u00e1val egyez\u0151en a Tatab\u00e1nyai J\u00e1r\u00e1sb\u00edr\u00f3s\u00e1g nyomoz\u00e1si b\u00edr\u00e1ja a gyan\u00fas\u00edtott letart\u00f3ztat\u00e1s\u00e1t 2021. m\u00e1jus 4-\u00e9n egy h\u00f3nap id\u0151tartamra elrendelte.<\/p>\n<p>A f\u0151\u00fcgy\u00e9szs\u00e9g ind\u00edtv\u00e1nyt tett a f\u00e9rfi letart\u00f3ztat\u00e1s\u00e1nak tov\u00e1bbi h\u00e1rom h\u00f3nappal t\u00f6rt\u00e9n\u0151 meghosszabb\u00edt\u00e1s\u00e1ra tekintettel arra, hogy vele szemben tov\u00e1bbra is fenn\u00e1ll annak a vesz\u00e9lye, hogy szabadl\u00e1bra ker\u00fcl\u00e9se eset\u00e9n a bizony\u00edt\u00e1st vesz\u00e9lyeztetn\u00e9, tov\u00e1bb\u00e1 \u00fajabb szabads\u00e1gveszt\u00e9ssel b\u00fcntetend\u0151 b\u0171ncselekm\u00e9nyt k\u00f6vetne el.<\/p>\n<p>A nyomoz\u00e1si b\u00edr\u00f3 az \u00fcgy\u00e9szi ind\u00edtv\u00e1nyr\u00f3l az iratok alapj\u00e1n fog d\u00f6nteni.<\/p>\n<p><em>Forr\u00e1s: Kom\u00e1rom-Esztergom Megyei F\u0151\u00fcgy\u00e9szs\u00e9g Sajt\u00f3<\/em><\/p>\n","protected":false},"excerpt":{"rendered":"<p>Meghosszabb\u00edthatj\u00e1k a letart\u00f3ztat\u00e1s\u00e1t annak a f\u00e9rfinak, aki 2019. \u00e9v december\u00e9t\u0151l egy esztergomi ingatlanban olyan v\u00edzipipadoh\u00e1ny gy\u00e1rt\u00e1s\u00e1ban \u00e9s \u00e9rt\u00e9kes\u00edt\u00e9s\u00e9ben vett r\u00e9szt, melybe doh\u00e1ny helyett faforg\u00e1cs \u00e9s f\u0171r\u00e9szpor ker\u00fclt. A megalapozott gyan\u00fa szerint a gyan\u00fas\u00edtott 2019. \u00e9v december\u00e9t\u0151l egy esztergomi ingatlanban \u00f6sszesen k\u00f6zel 20.000 kg v\u00edzipipadoh\u00e1ny gy\u00e1rt\u00e1s\u00e1ban \u00e9s \u00e9rt\u00e9kes\u00edt\u00e9s\u00e9ben vett r\u00e9szt, oly m\u00f3don, hogy a doh\u00e1ny helyett<\/p>\n","protected":false},"author":1,"featured_media":33556,"comment_status":"closed","ping_status":"closed","sticky":false,"template":"","format":"standard","meta":{"ngg_post_thumbnail":0,"footnotes":""},"categories":[38,3,39],"tags":[1042,63,42,61,326],"class_list":{"0":"post-33555","1":"post","2":"type-post","3":"status-publish","4":"format-standard","5":"has-post-thumbnail","7":"category-esztergom","8":"category-hirek","9":"category-kek-hirek","10":"tag-birosag","11":"tag-buncselekmeny","12":"tag-esztergom","13":"tag-rendorsegi-hirek","14":"tag-ugyeszseg"},"yoast_head":"<!-- This site is optimized with the Yoast SEO plugin v27.5 - https:\/\/yoast.com\/product\/yoast-seo-wordpress\/ -->\n<title>V\u00edzipipadoh\u00e1ny helyett f\u0171r\u00e9szport \u00e9rt\u00e9kes\u00edtett<\/title>\n<meta name=\"robots\" content=\"index, follow, max-snippet:-1, max-image-preview:large, max-video-preview:-1\" \/>\n<link rel=\"canonical\" href=\"https:\/\/dorogimedence.hu\/index.php\/2021\/06\/01\/vizipipadohany-helyett-fureszport-ertekesitett-2\/\" class=\"yoast-seo-meta-tag\" \/>\n<meta property=\"og:locale\" content=\"hu_HU\" class=\"yoast-seo-meta-tag\" \/>\n<meta property=\"og:type\" content=\"article\" class=\"yoast-seo-meta-tag\" \/>\n<meta property=\"og:title\" content=\"V\u00edzipipadoh\u00e1ny helyett f\u0171r\u00e9szport \u00e9rt\u00e9kes\u00edtett\" class=\"yoast-seo-meta-tag\" \/>\n<meta property=\"og:description\" content=\"Meghosszabb\u00edthatj\u00e1k a letart\u00f3ztat\u00e1s\u00e1t annak a f\u00e9rfinak, aki 2019. \u00e9v december\u00e9t\u0151l egy esztergomi ingatlanban olyan v\u00edzipipadoh\u00e1ny gy\u00e1rt\u00e1s\u00e1ban \u00e9s \u00e9rt\u00e9kes\u00edt\u00e9s\u00e9ben vett r\u00e9szt, melybe doh\u00e1ny helyett faforg\u00e1cs \u00e9s f\u0171r\u00e9szpor ker\u00fclt. A megalapozott gyan\u00fa szerint a gyan\u00fas\u00edtott 2019. \u00e9v december\u00e9t\u0151l egy esztergomi ingatlanban \u00f6sszesen k\u00f6zel 20.000 kg v\u00edzipipadoh\u00e1ny gy\u00e1rt\u00e1s\u00e1ban \u00e9s \u00e9rt\u00e9kes\u00edt\u00e9s\u00e9ben vett r\u00e9szt, oly m\u00f3don, hogy a doh\u00e1ny helyett\" class=\"yoast-seo-meta-tag\" \/>\n<meta property=\"og:url\" content=\"https:\/\/dorogimedence.hu\/index.php\/2021\/06\/01\/vizipipadohany-helyett-fureszport-ertekesitett-2\/\" class=\"yoast-seo-meta-tag\" \/>\n<meta property=\"og:site_name\" content=\"Dorogi-medence Region\u00e1lis H\u00edrport\u00e1l\" class=\"yoast-seo-meta-tag\" \/>\n<meta property=\"article:publisher\" content=\"https:\/\/www.facebook.com\/dorogimedence\/\" class=\"yoast-seo-meta-tag\" \/>\n<meta property=\"article:published_time\" content=\"2021-06-01T13:49:03+00:00\" class=\"yoast-seo-meta-tag\" \/>\n<meta property=\"article:modified_time\" content=\"2021-06-01T13:49:12+00:00\" class=\"yoast-seo-meta-tag\" \/>\n<meta property=\"og:image\" content=\"https:\/\/i0.wp.com\/dorogimedence.hu\/wp-content\/uploads\/2021\/06\/smoke-5129777_1920.jpg?fit=1920%2C1280&ssl=1\" class=\"yoast-seo-meta-tag\" \/>\n\t<meta property=\"og:image:width\" content=\"1920\" class=\"yoast-seo-meta-tag\" \/>\n\t<meta property=\"og:image:height\" content=\"1280\" class=\"yoast-seo-meta-tag\" \/>\n\t<meta property=\"og:image:type\" content=\"image\/jpeg\" class=\"yoast-seo-meta-tag\" \/>\n<meta name=\"author\" content=\"dorogimedence.hu\" class=\"yoast-seo-meta-tag\" \/>\n<meta name=\"twitter:card\" content=\"summary_large_image\" class=\"yoast-seo-meta-tag\" \/>\n<meta name=\"twitter:label1\" content=\"Szerz\u0151:\" class=\"yoast-seo-meta-tag\" \/>\n\t<meta name=\"twitter:data1\" content=\"dorogimedence.hu\" class=\"yoast-seo-meta-tag\" \/>\n\t<meta name=\"twitter:label2\" content=\"Becs\u00fclt olvas\u00e1si id\u0151\" class=\"yoast-seo-meta-tag\" \/>\n\t<meta name=\"twitter:data2\" content=\"2 perc\" class=\"yoast-seo-meta-tag\" \/>\n<script type=\"application\/ld+json\" class=\"yoast-schema-graph\">{\"@context\":\"https:\\\/\\\/schema.org\",\"@graph\":[{\"@type\":\"Article\",\"@id\":\"https:\\\/\\\/dorogimedence.hu\\\/index.php\\\/2021\\\/06\\\/01\\\/vizipipadohany-helyett-fureszport-ertekesitett-2\\\/#article\",\"isPartOf\":{\"@id\":\"https:\\\/\\\/dorogimedence.hu\\\/index.php\\\/2021\\\/06\\\/01\\\/vizipipadohany-helyett-fureszport-ertekesitett-2\\\/\"},\"author\":{\"name\":\"dorogimedence.hu\",\"@id\":\"https:\\\/\\\/dorogimedence.hu\\\/#\\\/schema\\\/person\\\/ce6091eeb7e95ecdc87890d6aa8e0fd4\"},\"headline\":\"V\u00edzipipadoh\u00e1ny helyett f\u0171r\u00e9szport \u00e9rt\u00e9kes\u00edtett\",\"datePublished\":\"2021-06-01T13:49:03+00:00\",\"dateModified\":\"2021-06-01T13:49:12+00:00\",\"mainEntityOfPage\":{\"@id\":\"https:\\\/\\\/dorogimedence.hu\\\/index.php\\\/2021\\\/06\\\/01\\\/vizipipadohany-helyett-fureszport-ertekesitett-2\\\/\"},\"wordCount\":460,\"publisher\":{\"@id\":\"https:\\\/\\\/dorogimedence.hu\\\/#organization\"},\"image\":{\"@id\":\"https:\\\/\\\/dorogimedence.hu\\\/index.php\\\/2021\\\/06\\\/01\\\/vizipipadohany-helyett-fureszport-ertekesitett-2\\\/#primaryimage\"},\"thumbnailUrl\":\"https:\\\/\\\/dorogimedence.hu\\\/wp-content\\\/uploads\\\/2021\\\/06\\\/smoke-5129777_1920.jpg\",\"keywords\":[\"b\u00edr\u00f3s\u00e1g\",\"b\u0171ncselekm\u00e9ny\",\"esztergom\",\"rend\u0151rs\u00e9gi h\u00edrek\",\"\u00fcgy\u00e9szs\u00e9g\"],\"articleSection\":[\"Esztergom\",\"H\u00edrek\",\"K\u00e9k h\u00edrek\"],\"inLanguage\":\"hu\"},{\"@type\":\"WebPage\",\"@id\":\"https:\\\/\\\/dorogimedence.hu\\\/index.php\\\/2021\\\/06\\\/01\\\/vizipipadohany-helyett-fureszport-ertekesitett-2\\\/\",\"url\":\"https:\\\/\\\/dorogimedence.hu\\\/index.php\\\/2021\\\/06\\\/01\\\/vizipipadohany-helyett-fureszport-ertekesitett-2\\\/\",\"name\":\"V\u00edzipipadoh\u00e1ny helyett f\u0171r\u00e9szport \u00e9rt\u00e9kes\u00edtett\",\"isPartOf\":{\"@id\":\"https:\\\/\\\/dorogimedence.hu\\\/#website\"},\"primaryImageOfPage\":{\"@id\":\"https:\\\/\\\/dorogimedence.hu\\\/index.php\\\/2021\\\/06\\\/01\\\/vizipipadohany-helyett-fureszport-ertekesitett-2\\\/#primaryimage\"},\"image\":{\"@id\":\"https:\\\/\\\/dorogimedence.hu\\\/index.php\\\/2021\\\/06\\\/01\\\/vizipipadohany-helyett-fureszport-ertekesitett-2\\\/#primaryimage\"},\"thumbnailUrl\":\"https:\\\/\\\/dorogimedence.hu\\\/wp-content\\\/uploads\\\/2021\\\/06\\\/smoke-5129777_1920.jpg\",\"datePublished\":\"2021-06-01T13:49:03+00:00\",\"dateModified\":\"2021-06-01T13:49:12+00:00\",\"breadcrumb\":{\"@id\":\"https:\\\/\\\/dorogimedence.hu\\\/index.php\\\/2021\\\/06\\\/01\\\/vizipipadohany-helyett-fureszport-ertekesitett-2\\\/#breadcrumb\"},\"inLanguage\":\"hu\",\"potentialAction\":[{\"@type\":\"ReadAction\",\"target\":[\"https:\\\/\\\/dorogimedence.hu\\\/index.php\\\/2021\\\/06\\\/01\\\/vizipipadohany-helyett-fureszport-ertekesitett-2\\\/\"]}]},{\"@type\":\"ImageObject\",\"inLanguage\":\"hu\",\"@id\":\"https:\\\/\\\/dorogimedence.hu\\\/index.php\\\/2021\\\/06\\\/01\\\/vizipipadohany-helyett-fureszport-ertekesitett-2\\\/#primaryimage\",\"url\":\"https:\\\/\\\/dorogimedence.hu\\\/wp-content\\\/uploads\\\/2021\\\/06\\\/smoke-5129777_1920.jpg\",\"contentUrl\":\"https:\\\/\\\/dorogimedence.hu\\\/wp-content\\\/uploads\\\/2021\\\/06\\\/smoke-5129777_1920.jpg\",\"width\":1920,\"height\":1280},{\"@type\":\"BreadcrumbList\",\"@id\":\"https:\\\/\\\/dorogimedence.hu\\\/index.php\\\/2021\\\/06\\\/01\\\/vizipipadohany-helyett-fureszport-ertekesitett-2\\\/#breadcrumb\",\"itemListElement\":[{\"@type\":\"ListItem\",\"position\":1,\"name\":\"Kezd\u0151lap\",\"item\":\"https:\\\/\\\/dorogimedence.hu\\\/\"},{\"@type\":\"ListItem\",\"position\":2,\"name\":\"V\u00edzipipadoh\u00e1ny helyett f\u0171r\u00e9szport \u00e9rt\u00e9kes\u00edtett\"}]},{\"@type\":\"WebSite\",\"@id\":\"https:\\\/\\\/dorogimedence.hu\\\/#website\",\"url\":\"https:\\\/\\\/dorogimedence.hu\\\/\",\"name\":\"Dorogi-medence Region\u00e1lis H\u00edrport\u00e1l\",\"description\":\"Dorog, Keszt\u00f6lc, Le\u00e1nyv\u00e1r, Piliscs\u00e9v, Tokod, Tokodalt\u00e1r\u00f3, Csolnok, Esztergom-kertv\u00e1ros: h\u00edrek, programok\",\"publisher\":{\"@id\":\"https:\\\/\\\/dorogimedence.hu\\\/#organization\"},\"potentialAction\":[{\"@type\":\"SearchAction\",\"target\":{\"@type\":\"EntryPoint\",\"urlTemplate\":\"https:\\\/\\\/dorogimedence.hu\\\/?s={search_term_string}\"},\"query-input\":{\"@type\":\"PropertyValueSpecification\",\"valueRequired\":true,\"valueName\":\"search_term_string\"}}],\"inLanguage\":\"hu\"},{\"@type\":\"Organization\",\"@id\":\"https:\\\/\\\/dorogimedence.hu\\\/#organization\",\"name\":\"Dorogi-medence Region\u00e1lis H\u00edrport\u00e1l\",\"url\":\"https:\\\/\\\/dorogimedence.hu\\\/\",\"logo\":{\"@type\":\"ImageObject\",\"inLanguage\":\"hu\",\"@id\":\"https:\\\/\\\/dorogimedence.hu\\\/#\\\/schema\\\/logo\\\/image\\\/\",\"url\":\"https:\\\/\\\/dorogimedence.hu\\\/wp-content\\\/uploads\\\/2021\\\/04\\\/logo-feher-600.png\",\"contentUrl\":\"https:\\\/\\\/dorogimedence.hu\\\/wp-content\\\/uploads\\\/2021\\\/04\\\/logo-feher-600.png\",\"width\":600,\"height\":100,\"caption\":\"Dorogi-medence Region\u00e1lis H\u00edrport\u00e1l\"},\"image\":{\"@id\":\"https:\\\/\\\/dorogimedence.hu\\\/#\\\/schema\\\/logo\\\/image\\\/\"},\"sameAs\":[\"https:\\\/\\\/www.facebook.com\\\/dorogimedence\\\/\"]},{\"@type\":\"Person\",\"@id\":\"https:\\\/\\\/dorogimedence.hu\\\/#\\\/schema\\\/person\\\/ce6091eeb7e95ecdc87890d6aa8e0fd4\",\"name\":\"dorogimedence.hu\",\"image\":{\"@type\":\"ImageObject\",\"inLanguage\":\"hu\",\"@id\":\"\\\/\\\/www.gravatar.com\\\/avatar\\\/d8d45f8901aadff40a4af72c0b826f1d?s=96&#038;r=g&#038;d=mm\",\"url\":\"\\\/\\\/www.gravatar.com\\\/avatar\\\/d8d45f8901aadff40a4af72c0b826f1d?s=96&#038;r=g&#038;d=mm\",\"contentUrl\":\"\\\/\\\/www.gravatar.com\\\/avatar\\\/d8d45f8901aadff40a4af72c0b826f1d?s=96&#038;r=g&#038;d=mm\",\"caption\":\"dorogimedence.hu\"}}]}<\/script>\n<!-- \/ Yoast SEO plugin. -->","yoast_head_json":{"title":"V\u00edzipipadoh\u00e1ny helyett f\u0171r\u00e9szport \u00e9rt\u00e9kes\u00edtett","robots":{"index":"index","follow":"follow","max-snippet":"max-snippet:-1","max-image-preview":"max-image-preview:large","max-video-preview":"max-video-preview:-1"},"canonical":"https:\/\/dorogimedence.hu\/index.php\/2021\/06\/01\/vizipipadohany-helyett-fureszport-ertekesitett-2\/","og_locale":"hu_HU","og_type":"article","og_title":"V\u00edzipipadoh\u00e1ny helyett f\u0171r\u00e9szport \u00e9rt\u00e9kes\u00edtett","og_description":"Meghosszabb\u00edthatj\u00e1k a letart\u00f3ztat\u00e1s\u00e1t annak a f\u00e9rfinak, aki 2019. \u00e9v december\u00e9t\u0151l egy esztergomi ingatlanban olyan v\u00edzipipadoh\u00e1ny gy\u00e1rt\u00e1s\u00e1ban \u00e9s \u00e9rt\u00e9kes\u00edt\u00e9s\u00e9ben vett r\u00e9szt, melybe doh\u00e1ny helyett faforg\u00e1cs \u00e9s f\u0171r\u00e9szpor ker\u00fclt. A megalapozott gyan\u00fa szerint a gyan\u00fas\u00edtott 2019. \u00e9v december\u00e9t\u0151l egy esztergomi ingatlanban \u00f6sszesen k\u00f6zel 20.000 kg v\u00edzipipadoh\u00e1ny gy\u00e1rt\u00e1s\u00e1ban \u00e9s \u00e9rt\u00e9kes\u00edt\u00e9s\u00e9ben vett r\u00e9szt, oly m\u00f3don, hogy a doh\u00e1ny helyett","og_url":"https:\/\/dorogimedence.hu\/index.php\/2021\/06\/01\/vizipipadohany-helyett-fureszport-ertekesitett-2\/","og_site_name":"Dorogi-medence Region\u00e1lis H\u00edrport\u00e1l","article_publisher":"https:\/\/www.facebook.com\/dorogimedence\/","article_published_time":"2021-06-01T13:49:03+00:00","article_modified_time":"2021-06-01T13:49:12+00:00","og_image":[{"width":1920,"height":1280,"url":"https:\/\/i0.wp.com\/dorogimedence.hu\/wp-content\/uploads\/2021\/06\/smoke-5129777_1920.jpg?fit=1920%2C1280&ssl=1","type":"image\/jpeg"}],"author":"dorogimedence.hu","twitter_card":"summary_large_image","twitter_misc":{"Szerz\u0151:":"dorogimedence.hu","Becs\u00fclt olvas\u00e1si id\u0151":"2 perc"},"schema":{"@context":"https:\/\/schema.org","@graph":[{"@type":"Article","@id":"https:\/\/dorogimedence.hu\/index.php\/2021\/06\/01\/vizipipadohany-helyett-fureszport-ertekesitett-2\/#article","isPartOf":{"@id":"https:\/\/dorogimedence.hu\/index.php\/2021\/06\/01\/vizipipadohany-helyett-fureszport-ertekesitett-2\/"},"author":{"name":"dorogimedence.hu","@id":"https:\/\/dorogimedence.hu\/#\/schema\/person\/ce6091eeb7e95ecdc87890d6aa8e0fd4"},"headline":"V\u00edzipipadoh\u00e1ny helyett f\u0171r\u00e9szport \u00e9rt\u00e9kes\u00edtett","datePublished":"2021-06-01T13:49:03+00:00","dateModified":"2021-06-01T13:49:12+00:00","mainEntityOfPage":{"@id":"https:\/\/dorogimedence.hu\/index.php\/2021\/06\/01\/vizipipadohany-helyett-fureszport-ertekesitett-2\/"},"wordCount":460,"publisher":{"@id":"https:\/\/dorogimedence.hu\/#organization"},"image":{"@id":"https:\/\/dorogimedence.hu\/index.php\/2021\/06\/01\/vizipipadohany-helyett-fureszport-ertekesitett-2\/#primaryimage"},"thumbnailUrl":"https:\/\/dorogimedence.hu\/wp-content\/uploads\/2021\/06\/smoke-5129777_1920.jpg","keywords":["b\u00edr\u00f3s\u00e1g","b\u0171ncselekm\u00e9ny","esztergom","rend\u0151rs\u00e9gi h\u00edrek","\u00fcgy\u00e9szs\u00e9g"],"articleSection":["Esztergom","H\u00edrek","K\u00e9k h\u00edrek"],"inLanguage":"hu"},{"@type":"WebPage","@id":"https:\/\/dorogimedence.hu\/index.php\/2021\/06\/01\/vizipipadohany-helyett-fureszport-ertekesitett-2\/","url":"https:\/\/dorogimedence.hu\/index.php\/2021\/06\/01\/vizipipadohany-helyett-fureszport-ertekesitett-2\/","name":"V\u00edzipipadoh\u00e1ny helyett f\u0171r\u00e9szport \u00e9rt\u00e9kes\u00edtett","isPartOf":{"@id":"https:\/\/dorogimedence.hu\/#website"},"primaryImageOfPage":{"@id":"https:\/\/dorogimedence.hu\/index.php\/2021\/06\/01\/vizipipadohany-helyett-fureszport-ertekesitett-2\/#primaryimage"},"image":{"@id":"https:\/\/dorogimedence.hu\/index.php\/2021\/06\/01\/vizipipadohany-helyett-fureszport-ertekesitett-2\/#primaryimage"},"thumbnailUrl":"https:\/\/dorogimedence.hu\/wp-content\/uploads\/2021\/06\/smoke-5129777_1920.jpg","datePublished":"2021-06-01T13:49:03+00:00","dateModified":"2021-06-01T13:49:12+00:00","breadcrumb":{"@id":"https:\/\/dorogimedence.hu\/index.php\/2021\/06\/01\/vizipipadohany-helyett-fureszport-ertekesitett-2\/#breadcrumb"},"inLanguage":"hu","potentialAction":[{"@type":"ReadAction","target":["https:\/\/dorogimedence.hu\/index.php\/2021\/06\/01\/vizipipadohany-helyett-fureszport-ertekesitett-2\/"]}]},{"@type":"ImageObject","inLanguage":"hu","@id":"https:\/\/dorogimedence.hu\/index.php\/2021\/06\/01\/vizipipadohany-helyett-fureszport-ertekesitett-2\/#primaryimage","url":"https:\/\/dorogimedence.hu\/wp-content\/uploads\/2021\/06\/smoke-5129777_1920.jpg","contentUrl":"https:\/\/dorogimedence.hu\/wp-content\/uploads\/2021\/06\/smoke-5129777_1920.jpg","width":1920,"height":1280},{"@type":"BreadcrumbList","@id":"https:\/\/dorogimedence.hu\/index.php\/2021\/06\/01\/vizipipadohany-helyett-fureszport-ertekesitett-2\/#breadcrumb","itemListElement":[{"@type":"ListItem","position":1,"name":"Kezd\u0151lap","item":"https:\/\/dorogimedence.hu\/"},{"@type":"ListItem","position":2,"name":"V\u00edzipipadoh\u00e1ny helyett f\u0171r\u00e9szport \u00e9rt\u00e9kes\u00edtett"}]},{"@type":"WebSite","@id":"https:\/\/dorogimedence.hu\/#website","url":"https:\/\/dorogimedence.hu\/","name":"Dorogi-medence Region\u00e1lis H\u00edrport\u00e1l","description":"Dorog, Keszt\u00f6lc, Le\u00e1nyv\u00e1r, Piliscs\u00e9v, Tokod, Tokodalt\u00e1r\u00f3, Csolnok, Esztergom-kertv\u00e1ros: h\u00edrek, programok","publisher":{"@id":"https:\/\/dorogimedence.hu\/#organization"},"potentialAction":[{"@type":"SearchAction","target":{"@type":"EntryPoint","urlTemplate":"https:\/\/dorogimedence.hu\/?s={search_term_string}"},"query-input":{"@type":"PropertyValueSpecification","valueRequired":true,"valueName":"search_term_string"}}],"inLanguage":"hu"},{"@type":"Organization","@id":"https:\/\/dorogimedence.hu\/#organization","name":"Dorogi-medence Region\u00e1lis H\u00edrport\u00e1l","url":"https:\/\/dorogimedence.hu\/","logo":{"@type":"ImageObject","inLanguage":"hu","@id":"https:\/\/dorogimedence.hu\/#\/schema\/logo\/image\/","url":"https:\/\/dorogimedence.hu\/wp-content\/uploads\/2021\/04\/logo-feher-600.png","contentUrl":"https:\/\/dorogimedence.hu\/wp-content\/uploads\/2021\/04\/logo-feher-600.png","width":600,"height":100,"caption":"Dorogi-medence Region\u00e1lis H\u00edrport\u00e1l"},"image":{"@id":"https:\/\/dorogimedence.hu\/#\/schema\/logo\/image\/"},"sameAs":["https:\/\/www.facebook.com\/dorogimedence\/"]},{"@type":"Person","@id":"https:\/\/dorogimedence.hu\/#\/schema\/person\/ce6091eeb7e95ecdc87890d6aa8e0fd4","name":"dorogimedence.hu","image":{"@type":"ImageObject","inLanguage":"hu","@id":"\/\/www.gravatar.com\/avatar\/d8d45f8901aadff40a4af72c0b826f1d?s=96&#038;r=g&#038;d=mm","url":"\/\/www.gravatar.com\/avatar\/d8d45f8901aadff40a4af72c0b826f1d?s=96&#038;r=g&#038;d=mm","contentUrl":"\/\/www.gravatar.com\/avatar\/d8d45f8901aadff40a4af72c0b826f1d?s=96&#038;r=g&#038;d=mm","caption":"dorogimedence.hu"}}]}},"_links":{"self":[{"href":"https:\/\/dorogimedence.hu\/index.php\/wp-json\/wp\/v2\/posts\/33555","targetHints":{"allow":["GET"]}}],"collection":[{"href":"https:\/\/dorogimedence.hu\/index.php\/wp-json\/wp\/v2\/posts"}],"about":[{"href":"https:\/\/dorogimedence.hu\/index.php\/wp-json\/wp\/v2\/types\/post"}],"author":[{"embeddable":true,"href":"https:\/\/dorogimedence.hu\/index.php\/wp-json\/wp\/v2\/users\/1"}],"replies":[{"embeddable":true,"href":"https:\/\/dorogimedence.hu\/index.php\/wp-json\/wp\/v2\/comments?post=33555"}],"version-history":[{"count":0,"href":"https:\/\/dorogimedence.hu\/index.php\/wp-json\/wp\/v2\/posts\/33555\/revisions"}],"wp:featuredmedia":[{"embeddable":true,"href":"https:\/\/dorogimedence.hu\/index.php\/wp-json\/wp\/v2\/media\/33556"}],"wp:attachment":[{"href":"https:\/\/dorogimedence.hu\/index.php\/wp-json\/wp\/v2\/media?parent=33555"}],"wp:term":[{"taxonomy":"category","embeddable":true,"href":"https:\/\/dorogimedence.hu\/index.php\/wp-json\/wp\/v2\/categories?post=33555"},{"taxonomy":"post_tag","embeddable":true,"href":"https:\/\/dorogimedence.hu\/index.php\/wp-json\/wp\/v2\/tags?post=33555"}],"curies":[{"name":"wp","href":"https:\/\/api.w.org\/{rel}","templated":true}]}}