{"id":33473,"date":"2021-05-28T16:23:57","date_gmt":"2021-05-28T14:23:57","guid":{"rendered":"https:\/\/dorogimedence.hu\/?p=33473"},"modified":"2021-05-28T16:24:05","modified_gmt":"2021-05-28T14:24:05","slug":"csokit-kaptak-a-mogyorosbanyai-gyerekek","status":"publish","type":"post","link":"https:\/\/dorogimedence.hu\/index.php\/2021\/05\/28\/csokit-kaptak-a-mogyorosbanyai-gyerekek\/","title":{"rendered":"Csokit kaptak a mogyor\u00f3sb\u00e1nyai gyerekek"},"content":{"rendered":"<p><strong>Mogyor\u00f3sb\u00e1nya K\u00f6zs\u00e9g \u00d6nkorm\u00e1nyzata m\u00e1jus 28-\u00e1n gyermeknap alkalm\u00e1b\u00f3l jelk\u00e9pes aj\u00e1nd\u00e9kk\u00e9nt egy t\u00e1bla csokol\u00e1d\u00e9val kedveskedett a k\u00f6zs\u00e9gben \u00e9l\u0151 gyermekeknek.<\/strong><\/p>\n<p>A j\u00e1rv\u00e1ny\u00fcgyi korl\u00e1toz\u00e1sok r\u00e9szleges felold\u00e1sa ellen\u00e9re, a csal\u00e1dok eg\u00e9szs\u00e9g\u00e9nek meg\u0151rz\u00e9se \u00e9rdek\u00e9ben a telep\u00fcl\u00e9s vezet\u00e9se az idei \u00e9vben sem tartja meg a j\u00e1rv\u00e1ny el\u0151tti \u00e9vekben nagy n\u00e9pszer\u0171s\u00e9gnek \u00f6rvend\u0151 gyermeknapot. A k\u00f6zs\u00e9g fiataljai annak ellen\u00e9re, hogy m\u00e1r \u00fajra j\u00e1rnak \u00f3vod\u00e1ba \u00e9s iskol\u00e1ba, sz\u00e1mtalan k\u00f6z\u00f6ss\u00e9gi \u00e9lm\u00e9nyt\u0151l, \u00f6nfeledt sz\u00f3rakoz\u00e1st biztos\u00edt\u00f3 programt\u00f3l esnek el. Havrancsik Tibor polg\u00e1rmester \u00fagy d\u00f6nt\u00f6tt, hogy a tavalyi \u00e9vhez hasonl\u00f3an boldog pillanatokat szereznek a helyi fiataloknak, ez\u00e9rt megaj\u00e1nd\u00e9koznak minden mogyor\u00f3sb\u00e1nyai 18 \u00e9v alattit.<\/p>\n<p>\u201eNem csak a mogyor\u00f3sb\u00e1nyai lakhellyel rendelkez\u0151 gyermekeket aj\u00e1nd\u00e9koztuk meg, hanem minden, a helyi \u00f3vod\u00e1ba \u00e9s iskol\u00e1ba idej\u00e1r\u00f3 gyerk\u0151c\u00f6t. Rem\u00e9lem, hogy ezzel az apr\u00f3 figyelmess\u00e9ggel mosolyt tudtunk csalni a gyermekek arc\u00e1ra.\u201d <em>\u2013 mondta a telep\u00fcl\u00e9s polg\u00e1rmestere.<\/em><\/p>\n<p><img fetchpriority=\"high\" decoding=\"async\" class=\"alignnone size-large wp-image-33476\" src=\"https:\/\/dorogimedence.hu\/wp-content\/uploads\/2021\/05\/mogyoros-csoki-04-1024x577.jpg\" alt=\"\" width=\"755\" height=\"425\" srcset=\"https:\/\/dorogimedence.hu\/wp-content\/uploads\/2021\/05\/mogyoros-csoki-04-1024x577.jpg 1024w, https:\/\/dorogimedence.hu\/wp-content\/uploads\/2021\/05\/mogyoros-csoki-04-300x169.jpg 300w, https:\/\/dorogimedence.hu\/wp-content\/uploads\/2021\/05\/mogyoros-csoki-04-768x432.jpg 768w, https:\/\/dorogimedence.hu\/wp-content\/uploads\/2021\/05\/mogyoros-csoki-04-1536x865.jpg 1536w, https:\/\/dorogimedence.hu\/wp-content\/uploads\/2021\/05\/mogyoros-csoki-04-150x84.jpg 150w, https:\/\/dorogimedence.hu\/wp-content\/uploads\/2021\/05\/mogyoros-csoki-04-450x253.jpg 450w, https:\/\/dorogimedence.hu\/wp-content\/uploads\/2021\/05\/mogyoros-csoki-04-1200x676.jpg 1200w, https:\/\/dorogimedence.hu\/wp-content\/uploads\/2021\/05\/mogyoros-csoki-04.jpg 1920w\" sizes=\"(max-width: 755px) 100vw, 755px\" \/><\/p>\n<p>A helyi iskol\u00e1ba egy\u00e9bk\u00e9nt Havrancsik Tibor szem\u00e9lyesen vitte el az \u00e9dess\u00e9geket, melyeket gyermeknapi k\u00f6sz\u00f6nt\u0151je ut\u00e1n j\u00f3k\u00edv\u00e1ns\u00e1gaival egy\u00fctt adott \u00e1t a gyermekeknek. A polg\u00e1rmester elmondta, hogy \u00f6r\u00fclt annak, hogy a tanul\u00f3k tavasszal visszat\u00e9rhettek a tantermi oktat\u00e1sra, \u00edgy \u00fajra megt\u00f6lt\u00f6tt\u00e9k \u00e9lettel, vid\u00e1ms\u00e1ggal az iskola \u00e9p\u00fclet\u00e9t \u00e9s udvar\u00e1t, mely a digit\u00e1lis oktat\u00e1s ideje alatt szokatlanul csendes k\u00f6rny\u00e9k volt.<\/p>\n<p>A Mogyor\u00f3sb\u00e1ny\u00e1n \u00e9l\u0151 gyermekekhez az \u00f6nkorm\u00e1nyzat \u00e9s a hivatal munkat\u00e1rsainak seg\u00edts\u00e9g\u00e9vel juttatt\u00e1k el a mintegy 210 t\u00e1bla csokol\u00e1d\u00e9t, melyekre egy-egy matric\u00e1t is ragasztottak, amin a boldog gyermeknapot k\u00edv\u00e1nunk felirat olvashat\u00f3.<\/p>\n","protected":false},"excerpt":{"rendered":"<p>Mogyor\u00f3sb\u00e1nya K\u00f6zs\u00e9g \u00d6nkorm\u00e1nyzata m\u00e1jus 28-\u00e1n gyermeknap alkalm\u00e1b\u00f3l jelk\u00e9pes aj\u00e1nd\u00e9kk\u00e9nt egy t\u00e1bla csokol\u00e1d\u00e9val kedveskedett a k\u00f6zs\u00e9gben \u00e9l\u0151 gyermekeknek. A j\u00e1rv\u00e1ny\u00fcgyi korl\u00e1toz\u00e1sok r\u00e9szleges felold\u00e1sa ellen\u00e9re, a csal\u00e1dok eg\u00e9szs\u00e9g\u00e9nek meg\u0151rz\u00e9se \u00e9rdek\u00e9ben a telep\u00fcl\u00e9s vezet\u00e9se az idei \u00e9vben sem tartja meg a j\u00e1rv\u00e1ny el\u0151tti \u00e9vekben nagy n\u00e9pszer\u0171s\u00e9gnek \u00f6rvend\u0151 gyermeknapot. A k\u00f6zs\u00e9g fiataljai annak ellen\u00e9re, hogy m\u00e1r \u00fajra j\u00e1rnak \u00f3vod\u00e1ba<\/p>\n","protected":false},"author":1,"featured_media":33475,"comment_status":"closed","ping_status":"closed","sticky":false,"template":"","format":"standard","meta":{"ngg_post_thumbnail":0,"footnotes":""},"categories":[3],"tags":[3124,5624,936,450],"class_list":{"0":"post-33473","1":"post","2":"type-post","3":"status-publish","4":"format-standard","5":"has-post-thumbnail","7":"category-hirek","8":"tag-csokolade","9":"tag-featured","10":"tag-gyermeknap","11":"tag-mogyorosbanya"},"yoast_head":"<!-- This site is optimized with the Yoast SEO plugin v27.4 - https:\/\/yoast.com\/product\/yoast-seo-wordpress\/ -->\n<title>Csokit kaptak a mogyor\u00f3sb\u00e1nyai gyerekek<\/title>\n<meta name=\"robots\" content=\"index, follow, max-snippet:-1, max-image-preview:large, max-video-preview:-1\" \/>\n<link rel=\"canonical\" href=\"https:\/\/dorogimedence.hu\/index.php\/2021\/05\/28\/csokit-kaptak-a-mogyorosbanyai-gyerekek\/\" class=\"yoast-seo-meta-tag\" \/>\n<meta property=\"og:locale\" content=\"hu_HU\" class=\"yoast-seo-meta-tag\" \/>\n<meta property=\"og:type\" content=\"article\" class=\"yoast-seo-meta-tag\" \/>\n<meta property=\"og:title\" content=\"Csokit kaptak a mogyor\u00f3sb\u00e1nyai gyerekek\" class=\"yoast-seo-meta-tag\" \/>\n<meta property=\"og:description\" content=\"Mogyor\u00f3sb\u00e1nya K\u00f6zs\u00e9g \u00d6nkorm\u00e1nyzata m\u00e1jus 28-\u00e1n gyermeknap alkalm\u00e1b\u00f3l jelk\u00e9pes aj\u00e1nd\u00e9kk\u00e9nt egy t\u00e1bla csokol\u00e1d\u00e9val kedveskedett a k\u00f6zs\u00e9gben \u00e9l\u0151 gyermekeknek. A j\u00e1rv\u00e1ny\u00fcgyi korl\u00e1toz\u00e1sok r\u00e9szleges felold\u00e1sa ellen\u00e9re, a csal\u00e1dok eg\u00e9szs\u00e9g\u00e9nek meg\u0151rz\u00e9se \u00e9rdek\u00e9ben a telep\u00fcl\u00e9s vezet\u00e9se az idei \u00e9vben sem tartja meg a j\u00e1rv\u00e1ny el\u0151tti \u00e9vekben nagy n\u00e9pszer\u0171s\u00e9gnek \u00f6rvend\u0151 gyermeknapot. A k\u00f6zs\u00e9g fiataljai annak ellen\u00e9re, hogy m\u00e1r \u00fajra j\u00e1rnak \u00f3vod\u00e1ba\" class=\"yoast-seo-meta-tag\" \/>\n<meta property=\"og:url\" content=\"https:\/\/dorogimedence.hu\/index.php\/2021\/05\/28\/csokit-kaptak-a-mogyorosbanyai-gyerekek\/\" class=\"yoast-seo-meta-tag\" \/>\n<meta property=\"og:site_name\" content=\"Dorogi-medence Region\u00e1lis H\u00edrport\u00e1l\" class=\"yoast-seo-meta-tag\" \/>\n<meta property=\"article:publisher\" content=\"https:\/\/www.facebook.com\/dorogimedence\/\" class=\"yoast-seo-meta-tag\" \/>\n<meta property=\"article:published_time\" content=\"2021-05-28T14:23:57+00:00\" class=\"yoast-seo-meta-tag\" \/>\n<meta property=\"article:modified_time\" content=\"2021-05-28T14:24:05+00:00\" class=\"yoast-seo-meta-tag\" \/>\n<meta property=\"og:image\" content=\"https:\/\/i0.wp.com\/dorogimedence.hu\/wp-content\/uploads\/2021\/05\/mogyoros-csoki-03-1.jpg?fit=1920%2C1280&ssl=1\" class=\"yoast-seo-meta-tag\" \/>\n\t<meta property=\"og:image:width\" content=\"1920\" class=\"yoast-seo-meta-tag\" \/>\n\t<meta property=\"og:image:height\" content=\"1280\" class=\"yoast-seo-meta-tag\" \/>\n\t<meta property=\"og:image:type\" content=\"image\/jpeg\" class=\"yoast-seo-meta-tag\" \/>\n<meta name=\"author\" content=\"dorogimedence.hu\" class=\"yoast-seo-meta-tag\" \/>\n<meta name=\"twitter:card\" content=\"summary_large_image\" class=\"yoast-seo-meta-tag\" \/>\n<meta name=\"twitter:label1\" content=\"Szerz\u0151:\" class=\"yoast-seo-meta-tag\" \/>\n\t<meta name=\"twitter:data1\" content=\"dorogimedence.hu\" class=\"yoast-seo-meta-tag\" \/>\n\t<meta name=\"twitter:label2\" content=\"Becs\u00fclt olvas\u00e1si id\u0151\" class=\"yoast-seo-meta-tag\" \/>\n\t<meta name=\"twitter:data2\" content=\"2 perc\" class=\"yoast-seo-meta-tag\" \/>\n<script type=\"application\/ld+json\" class=\"yoast-schema-graph\">{\"@context\":\"https:\\\/\\\/schema.org\",\"@graph\":[{\"@type\":\"Article\",\"@id\":\"https:\\\/\\\/dorogimedence.hu\\\/index.php\\\/2021\\\/05\\\/28\\\/csokit-kaptak-a-mogyorosbanyai-gyerekek\\\/#article\",\"isPartOf\":{\"@id\":\"https:\\\/\\\/dorogimedence.hu\\\/index.php\\\/2021\\\/05\\\/28\\\/csokit-kaptak-a-mogyorosbanyai-gyerekek\\\/\"},\"author\":{\"name\":\"dorogimedence.hu\",\"@id\":\"https:\\\/\\\/dorogimedence.hu\\\/#\\\/schema\\\/person\\\/ce6091eeb7e95ecdc87890d6aa8e0fd4\"},\"headline\":\"Csokit kaptak a mogyor\u00f3sb\u00e1nyai gyerekek\",\"datePublished\":\"2021-05-28T14:23:57+00:00\",\"dateModified\":\"2021-05-28T14:24:05+00:00\",\"mainEntityOfPage\":{\"@id\":\"https:\\\/\\\/dorogimedence.hu\\\/index.php\\\/2021\\\/05\\\/28\\\/csokit-kaptak-a-mogyorosbanyai-gyerekek\\\/\"},\"wordCount\":342,\"publisher\":{\"@id\":\"https:\\\/\\\/dorogimedence.hu\\\/#organization\"},\"image\":{\"@id\":\"https:\\\/\\\/dorogimedence.hu\\\/index.php\\\/2021\\\/05\\\/28\\\/csokit-kaptak-a-mogyorosbanyai-gyerekek\\\/#primaryimage\"},\"thumbnailUrl\":\"https:\\\/\\\/dorogimedence.hu\\\/wp-content\\\/uploads\\\/2021\\\/05\\\/mogyoros-csoki-03-1.jpg\",\"keywords\":[\"csokol\u00e1d\u00e9\",\"featured\",\"gyermeknap\",\"Mogyor\u00f3sb\u00e1nya\"],\"articleSection\":[\"H\u00edrek\"],\"inLanguage\":\"hu\"},{\"@type\":\"WebPage\",\"@id\":\"https:\\\/\\\/dorogimedence.hu\\\/index.php\\\/2021\\\/05\\\/28\\\/csokit-kaptak-a-mogyorosbanyai-gyerekek\\\/\",\"url\":\"https:\\\/\\\/dorogimedence.hu\\\/index.php\\\/2021\\\/05\\\/28\\\/csokit-kaptak-a-mogyorosbanyai-gyerekek\\\/\",\"name\":\"Csokit kaptak a mogyor\u00f3sb\u00e1nyai gyerekek\",\"isPartOf\":{\"@id\":\"https:\\\/\\\/dorogimedence.hu\\\/#website\"},\"primaryImageOfPage\":{\"@id\":\"https:\\\/\\\/dorogimedence.hu\\\/index.php\\\/2021\\\/05\\\/28\\\/csokit-kaptak-a-mogyorosbanyai-gyerekek\\\/#primaryimage\"},\"image\":{\"@id\":\"https:\\\/\\\/dorogimedence.hu\\\/index.php\\\/2021\\\/05\\\/28\\\/csokit-kaptak-a-mogyorosbanyai-gyerekek\\\/#primaryimage\"},\"thumbnailUrl\":\"https:\\\/\\\/dorogimedence.hu\\\/wp-content\\\/uploads\\\/2021\\\/05\\\/mogyoros-csoki-03-1.jpg\",\"datePublished\":\"2021-05-28T14:23:57+00:00\",\"dateModified\":\"2021-05-28T14:24:05+00:00\",\"breadcrumb\":{\"@id\":\"https:\\\/\\\/dorogimedence.hu\\\/index.php\\\/2021\\\/05\\\/28\\\/csokit-kaptak-a-mogyorosbanyai-gyerekek\\\/#breadcrumb\"},\"inLanguage\":\"hu\",\"potentialAction\":[{\"@type\":\"ReadAction\",\"target\":[\"https:\\\/\\\/dorogimedence.hu\\\/index.php\\\/2021\\\/05\\\/28\\\/csokit-kaptak-a-mogyorosbanyai-gyerekek\\\/\"]}]},{\"@type\":\"ImageObject\",\"inLanguage\":\"hu\",\"@id\":\"https:\\\/\\\/dorogimedence.hu\\\/index.php\\\/2021\\\/05\\\/28\\\/csokit-kaptak-a-mogyorosbanyai-gyerekek\\\/#primaryimage\",\"url\":\"https:\\\/\\\/dorogimedence.hu\\\/wp-content\\\/uploads\\\/2021\\\/05\\\/mogyoros-csoki-03-1.jpg\",\"contentUrl\":\"https:\\\/\\\/dorogimedence.hu\\\/wp-content\\\/uploads\\\/2021\\\/05\\\/mogyoros-csoki-03-1.jpg\",\"width\":1920,\"height\":1280},{\"@type\":\"BreadcrumbList\",\"@id\":\"https:\\\/\\\/dorogimedence.hu\\\/index.php\\\/2021\\\/05\\\/28\\\/csokit-kaptak-a-mogyorosbanyai-gyerekek\\\/#breadcrumb\",\"itemListElement\":[{\"@type\":\"ListItem\",\"position\":1,\"name\":\"Kezd\u0151lap\",\"item\":\"https:\\\/\\\/dorogimedence.hu\\\/\"},{\"@type\":\"ListItem\",\"position\":2,\"name\":\"Csokit kaptak a mogyor\u00f3sb\u00e1nyai gyerekek\"}]},{\"@type\":\"WebSite\",\"@id\":\"https:\\\/\\\/dorogimedence.hu\\\/#website\",\"url\":\"https:\\\/\\\/dorogimedence.hu\\\/\",\"name\":\"Dorogi-medence Region\u00e1lis H\u00edrport\u00e1l\",\"description\":\"Dorog, Keszt\u00f6lc, Le\u00e1nyv\u00e1r, Piliscs\u00e9v, Tokod, Tokodalt\u00e1r\u00f3, Csolnok, Esztergom-kertv\u00e1ros: h\u00edrek, programok\",\"publisher\":{\"@id\":\"https:\\\/\\\/dorogimedence.hu\\\/#organization\"},\"potentialAction\":[{\"@type\":\"SearchAction\",\"target\":{\"@type\":\"EntryPoint\",\"urlTemplate\":\"https:\\\/\\\/dorogimedence.hu\\\/?s={search_term_string}\"},\"query-input\":{\"@type\":\"PropertyValueSpecification\",\"valueRequired\":true,\"valueName\":\"search_term_string\"}}],\"inLanguage\":\"hu\"},{\"@type\":\"Organization\",\"@id\":\"https:\\\/\\\/dorogimedence.hu\\\/#organization\",\"name\":\"Dorogi-medence Region\u00e1lis H\u00edrport\u00e1l\",\"url\":\"https:\\\/\\\/dorogimedence.hu\\\/\",\"logo\":{\"@type\":\"ImageObject\",\"inLanguage\":\"hu\",\"@id\":\"https:\\\/\\\/dorogimedence.hu\\\/#\\\/schema\\\/logo\\\/image\\\/\",\"url\":\"https:\\\/\\\/dorogimedence.hu\\\/wp-content\\\/uploads\\\/2021\\\/04\\\/logo-feher-600.png\",\"contentUrl\":\"https:\\\/\\\/dorogimedence.hu\\\/wp-content\\\/uploads\\\/2021\\\/04\\\/logo-feher-600.png\",\"width\":600,\"height\":100,\"caption\":\"Dorogi-medence Region\u00e1lis H\u00edrport\u00e1l\"},\"image\":{\"@id\":\"https:\\\/\\\/dorogimedence.hu\\\/#\\\/schema\\\/logo\\\/image\\\/\"},\"sameAs\":[\"https:\\\/\\\/www.facebook.com\\\/dorogimedence\\\/\"]},{\"@type\":\"Person\",\"@id\":\"https:\\\/\\\/dorogimedence.hu\\\/#\\\/schema\\\/person\\\/ce6091eeb7e95ecdc87890d6aa8e0fd4\",\"name\":\"dorogimedence.hu\",\"image\":{\"@type\":\"ImageObject\",\"inLanguage\":\"hu\",\"@id\":\"\\\/\\\/www.gravatar.com\\\/avatar\\\/d8d45f8901aadff40a4af72c0b826f1d?s=96&#038;r=g&#038;d=mm\",\"url\":\"\\\/\\\/www.gravatar.com\\\/avatar\\\/d8d45f8901aadff40a4af72c0b826f1d?s=96&#038;r=g&#038;d=mm\",\"contentUrl\":\"\\\/\\\/www.gravatar.com\\\/avatar\\\/d8d45f8901aadff40a4af72c0b826f1d?s=96&#038;r=g&#038;d=mm\",\"caption\":\"dorogimedence.hu\"}}]}<\/script>\n<!-- \/ Yoast SEO plugin. -->","yoast_head_json":{"title":"Csokit kaptak a mogyor\u00f3sb\u00e1nyai gyerekek","robots":{"index":"index","follow":"follow","max-snippet":"max-snippet:-1","max-image-preview":"max-image-preview:large","max-video-preview":"max-video-preview:-1"},"canonical":"https:\/\/dorogimedence.hu\/index.php\/2021\/05\/28\/csokit-kaptak-a-mogyorosbanyai-gyerekek\/","og_locale":"hu_HU","og_type":"article","og_title":"Csokit kaptak a mogyor\u00f3sb\u00e1nyai gyerekek","og_description":"Mogyor\u00f3sb\u00e1nya K\u00f6zs\u00e9g \u00d6nkorm\u00e1nyzata m\u00e1jus 28-\u00e1n gyermeknap alkalm\u00e1b\u00f3l jelk\u00e9pes aj\u00e1nd\u00e9kk\u00e9nt egy t\u00e1bla csokol\u00e1d\u00e9val kedveskedett a k\u00f6zs\u00e9gben \u00e9l\u0151 gyermekeknek. A j\u00e1rv\u00e1ny\u00fcgyi korl\u00e1toz\u00e1sok r\u00e9szleges felold\u00e1sa ellen\u00e9re, a csal\u00e1dok eg\u00e9szs\u00e9g\u00e9nek meg\u0151rz\u00e9se \u00e9rdek\u00e9ben a telep\u00fcl\u00e9s vezet\u00e9se az idei \u00e9vben sem tartja meg a j\u00e1rv\u00e1ny el\u0151tti \u00e9vekben nagy n\u00e9pszer\u0171s\u00e9gnek \u00f6rvend\u0151 gyermeknapot. A k\u00f6zs\u00e9g fiataljai annak ellen\u00e9re, hogy m\u00e1r \u00fajra j\u00e1rnak \u00f3vod\u00e1ba","og_url":"https:\/\/dorogimedence.hu\/index.php\/2021\/05\/28\/csokit-kaptak-a-mogyorosbanyai-gyerekek\/","og_site_name":"Dorogi-medence Region\u00e1lis H\u00edrport\u00e1l","article_publisher":"https:\/\/www.facebook.com\/dorogimedence\/","article_published_time":"2021-05-28T14:23:57+00:00","article_modified_time":"2021-05-28T14:24:05+00:00","og_image":[{"width":1920,"height":1280,"url":"https:\/\/i0.wp.com\/dorogimedence.hu\/wp-content\/uploads\/2021\/05\/mogyoros-csoki-03-1.jpg?fit=1920%2C1280&ssl=1","type":"image\/jpeg"}],"author":"dorogimedence.hu","twitter_card":"summary_large_image","twitter_misc":{"Szerz\u0151:":"dorogimedence.hu","Becs\u00fclt olvas\u00e1si id\u0151":"2 perc"},"schema":{"@context":"https:\/\/schema.org","@graph":[{"@type":"Article","@id":"https:\/\/dorogimedence.hu\/index.php\/2021\/05\/28\/csokit-kaptak-a-mogyorosbanyai-gyerekek\/#article","isPartOf":{"@id":"https:\/\/dorogimedence.hu\/index.php\/2021\/05\/28\/csokit-kaptak-a-mogyorosbanyai-gyerekek\/"},"author":{"name":"dorogimedence.hu","@id":"https:\/\/dorogimedence.hu\/#\/schema\/person\/ce6091eeb7e95ecdc87890d6aa8e0fd4"},"headline":"Csokit kaptak a mogyor\u00f3sb\u00e1nyai gyerekek","datePublished":"2021-05-28T14:23:57+00:00","dateModified":"2021-05-28T14:24:05+00:00","mainEntityOfPage":{"@id":"https:\/\/dorogimedence.hu\/index.php\/2021\/05\/28\/csokit-kaptak-a-mogyorosbanyai-gyerekek\/"},"wordCount":342,"publisher":{"@id":"https:\/\/dorogimedence.hu\/#organization"},"image":{"@id":"https:\/\/dorogimedence.hu\/index.php\/2021\/05\/28\/csokit-kaptak-a-mogyorosbanyai-gyerekek\/#primaryimage"},"thumbnailUrl":"https:\/\/dorogimedence.hu\/wp-content\/uploads\/2021\/05\/mogyoros-csoki-03-1.jpg","keywords":["csokol\u00e1d\u00e9","featured","gyermeknap","Mogyor\u00f3sb\u00e1nya"],"articleSection":["H\u00edrek"],"inLanguage":"hu"},{"@type":"WebPage","@id":"https:\/\/dorogimedence.hu\/index.php\/2021\/05\/28\/csokit-kaptak-a-mogyorosbanyai-gyerekek\/","url":"https:\/\/dorogimedence.hu\/index.php\/2021\/05\/28\/csokit-kaptak-a-mogyorosbanyai-gyerekek\/","name":"Csokit kaptak a mogyor\u00f3sb\u00e1nyai gyerekek","isPartOf":{"@id":"https:\/\/dorogimedence.hu\/#website"},"primaryImageOfPage":{"@id":"https:\/\/dorogimedence.hu\/index.php\/2021\/05\/28\/csokit-kaptak-a-mogyorosbanyai-gyerekek\/#primaryimage"},"image":{"@id":"https:\/\/dorogimedence.hu\/index.php\/2021\/05\/28\/csokit-kaptak-a-mogyorosbanyai-gyerekek\/#primaryimage"},"thumbnailUrl":"https:\/\/dorogimedence.hu\/wp-content\/uploads\/2021\/05\/mogyoros-csoki-03-1.jpg","datePublished":"2021-05-28T14:23:57+00:00","dateModified":"2021-05-28T14:24:05+00:00","breadcrumb":{"@id":"https:\/\/dorogimedence.hu\/index.php\/2021\/05\/28\/csokit-kaptak-a-mogyorosbanyai-gyerekek\/#breadcrumb"},"inLanguage":"hu","potentialAction":[{"@type":"ReadAction","target":["https:\/\/dorogimedence.hu\/index.php\/2021\/05\/28\/csokit-kaptak-a-mogyorosbanyai-gyerekek\/"]}]},{"@type":"ImageObject","inLanguage":"hu","@id":"https:\/\/dorogimedence.hu\/index.php\/2021\/05\/28\/csokit-kaptak-a-mogyorosbanyai-gyerekek\/#primaryimage","url":"https:\/\/dorogimedence.hu\/wp-content\/uploads\/2021\/05\/mogyoros-csoki-03-1.jpg","contentUrl":"https:\/\/dorogimedence.hu\/wp-content\/uploads\/2021\/05\/mogyoros-csoki-03-1.jpg","width":1920,"height":1280},{"@type":"BreadcrumbList","@id":"https:\/\/dorogimedence.hu\/index.php\/2021\/05\/28\/csokit-kaptak-a-mogyorosbanyai-gyerekek\/#breadcrumb","itemListElement":[{"@type":"ListItem","position":1,"name":"Kezd\u0151lap","item":"https:\/\/dorogimedence.hu\/"},{"@type":"ListItem","position":2,"name":"Csokit kaptak a mogyor\u00f3sb\u00e1nyai gyerekek"}]},{"@type":"WebSite","@id":"https:\/\/dorogimedence.hu\/#website","url":"https:\/\/dorogimedence.hu\/","name":"Dorogi-medence Region\u00e1lis H\u00edrport\u00e1l","description":"Dorog, Keszt\u00f6lc, Le\u00e1nyv\u00e1r, Piliscs\u00e9v, Tokod, Tokodalt\u00e1r\u00f3, Csolnok, Esztergom-kertv\u00e1ros: h\u00edrek, programok","publisher":{"@id":"https:\/\/dorogimedence.hu\/#organization"},"potentialAction":[{"@type":"SearchAction","target":{"@type":"EntryPoint","urlTemplate":"https:\/\/dorogimedence.hu\/?s={search_term_string}"},"query-input":{"@type":"PropertyValueSpecification","valueRequired":true,"valueName":"search_term_string"}}],"inLanguage":"hu"},{"@type":"Organization","@id":"https:\/\/dorogimedence.hu\/#organization","name":"Dorogi-medence Region\u00e1lis H\u00edrport\u00e1l","url":"https:\/\/dorogimedence.hu\/","logo":{"@type":"ImageObject","inLanguage":"hu","@id":"https:\/\/dorogimedence.hu\/#\/schema\/logo\/image\/","url":"https:\/\/dorogimedence.hu\/wp-content\/uploads\/2021\/04\/logo-feher-600.png","contentUrl":"https:\/\/dorogimedence.hu\/wp-content\/uploads\/2021\/04\/logo-feher-600.png","width":600,"height":100,"caption":"Dorogi-medence Region\u00e1lis H\u00edrport\u00e1l"},"image":{"@id":"https:\/\/dorogimedence.hu\/#\/schema\/logo\/image\/"},"sameAs":["https:\/\/www.facebook.com\/dorogimedence\/"]},{"@type":"Person","@id":"https:\/\/dorogimedence.hu\/#\/schema\/person\/ce6091eeb7e95ecdc87890d6aa8e0fd4","name":"dorogimedence.hu","image":{"@type":"ImageObject","inLanguage":"hu","@id":"\/\/www.gravatar.com\/avatar\/d8d45f8901aadff40a4af72c0b826f1d?s=96&#038;r=g&#038;d=mm","url":"\/\/www.gravatar.com\/avatar\/d8d45f8901aadff40a4af72c0b826f1d?s=96&#038;r=g&#038;d=mm","contentUrl":"\/\/www.gravatar.com\/avatar\/d8d45f8901aadff40a4af72c0b826f1d?s=96&#038;r=g&#038;d=mm","caption":"dorogimedence.hu"}}]}},"_links":{"self":[{"href":"https:\/\/dorogimedence.hu\/index.php\/wp-json\/wp\/v2\/posts\/33473","targetHints":{"allow":["GET"]}}],"collection":[{"href":"https:\/\/dorogimedence.hu\/index.php\/wp-json\/wp\/v2\/posts"}],"about":[{"href":"https:\/\/dorogimedence.hu\/index.php\/wp-json\/wp\/v2\/types\/post"}],"author":[{"embeddable":true,"href":"https:\/\/dorogimedence.hu\/index.php\/wp-json\/wp\/v2\/users\/1"}],"replies":[{"embeddable":true,"href":"https:\/\/dorogimedence.hu\/index.php\/wp-json\/wp\/v2\/comments?post=33473"}],"version-history":[{"count":0,"href":"https:\/\/dorogimedence.hu\/index.php\/wp-json\/wp\/v2\/posts\/33473\/revisions"}],"wp:featuredmedia":[{"embeddable":true,"href":"https:\/\/dorogimedence.hu\/index.php\/wp-json\/wp\/v2\/media\/33475"}],"wp:attachment":[{"href":"https:\/\/dorogimedence.hu\/index.php\/wp-json\/wp\/v2\/media?parent=33473"}],"wp:term":[{"taxonomy":"category","embeddable":true,"href":"https:\/\/dorogimedence.hu\/index.php\/wp-json\/wp\/v2\/categories?post=33473"},{"taxonomy":"post_tag","embeddable":true,"href":"https:\/\/dorogimedence.hu\/index.php\/wp-json\/wp\/v2\/tags?post=33473"}],"curies":[{"name":"wp","href":"https:\/\/api.w.org\/{rel}","templated":true}]}}