{"id":33467,"date":"2021-05-28T11:17:47","date_gmt":"2021-05-28T09:17:47","guid":{"rendered":"https:\/\/dorogimedence.hu\/?p=33467"},"modified":"2021-05-28T11:17:53","modified_gmt":"2021-05-28T09:17:53","slug":"ezer-ala-csokkent-a-lelegeztetes-nelkul-korhazban-levo-betegek-szama","status":"publish","type":"post","link":"https:\/\/dorogimedence.hu\/index.php\/2021\/05\/28\/ezer-ala-csokkent-a-lelegeztetes-nelkul-korhazban-levo-betegek-szama\/","title":{"rendered":"Ezer al\u00e1 cs\u00f6kkent a l\u00e9legeztet\u00e9s n\u00e9lk\u00fcl k\u00f3rh\u00e1zban l\u00e9v\u0151 betegek sz\u00e1ma"},"content":{"rendered":"<p><strong>Hossz\u00fa id\u0151 ut\u00e1n el\u0151sz\u00f6r cs\u00f6kkent a l\u00e9legeztet\u00e9s n\u00e9lk\u00fcl k\u00f3rh\u00e1zban l\u00e9v\u0151 Covid-betegeknek a sz\u00e1ma ezer al\u00e1, \u00e9s sz\u00e1zezer alatt van az akt\u00edv betegek\u00e9<\/strong> <em>&#8211; k\u00f6z\u00f6lte Orb\u00e1n Viktor p\u00e9nteken a Kossuth r\u00e1di\u00f3 J\u00f3 reggelt, Magyarorsz\u00e1g! c\u00edm\u0171 m\u0171sor\u00e1ban.<\/em><\/p>\n<p><strong>A v\u00edrus nem fog elmenni, csak a v\u00e9d\u0151olt\u00e1ssal \u00f3vhatjuk meg eg\u00e9szs\u00e9g\u00fcnket<\/strong><\/p>\n<p>A minisztereln\u00f6k azt mondta: a k\u00f3rh\u00e1zban \u00e1poltak k\u00f6z\u00fcl 121-en vannak l\u00e9legeztet\u0151g\u00e9pen. A jelenleg is akt\u00edv fert\u0151z\u00f6ttek sz\u00e1ma 84 719, \u0151k teh\u00e1t m\u00e9g nem tudnak dolgozni, vesz\u00e9lyben az eg\u00e9szs\u00e9g\u00fck, van, aki az \u00e9let\u00e9\u00e9rt k\u00fczd.<br \/>\nA korm\u00e1nyf\u0151 k\u00f6z\u00f6lte: cs\u00fct\u00f6rt\u00f6k\u00f6n 25 ezer ember kapta meg az els\u0151 v\u00e9d\u0151olt\u00e1s\u00e1t, 117 ezren pedig a m\u00e1sodikat. Ezek j\u00f3 h\u00edrek, de tov\u00e1bbi mintegy h\u00e1rommilli\u00f3 feln\u0151tt m\u00e9g nincs beoltva Magyarorsz\u00e1gon, m\u00e1rpedig &#8222;tudom\u00e1nyos t\u00e9ny, hogy ez a v\u00edrus nem fog elmenni&#8221;.<br \/>\nSokan t\u00e9vesen gondolj\u00e1k, hogy ha nincsenek beoltva, akkor meg\u00faszhatj\u00e1k a megfert\u0151z\u0151d\u00e9st. &#8222;Meg fogja tal\u00e1lni a v\u00edrus az utols\u00f3 embert is, aki nem v\u00e9dett&#8221;, m\u00e1rpedig a saj\u00e1t \u00e9s a csal\u00e1dunk eg\u00e9szs\u00e9g\u00e9t csak a v\u00e9d\u0151olt\u00e1ssal \u00f3vhatjuk meg &#8211; hangs\u00falyozta Orb\u00e1n Viktor.<\/p>\n<p><strong>Magyarorsz\u00e1g az \u00e1toltotts\u00e1gi rangsor \u00e9lmez\u0151ny\u00e9ben<\/strong><\/p>\n<p>Kifejtette: az olt\u00e1s megszervez\u00e9se hatalmas kih\u00edv\u00e1s, \u00e9s \u00f6nbecs\u00fcl\u00e9sre ad okot, hogy Magyarorsz\u00e1g az Egyes\u00fclt \u00c1llamokn\u00e1l is jobb eredm\u00e9nyeket \u00e9r el az els\u0151 olt\u00e1sok tekintet\u00e9ben, pedig ott maguk gy\u00e1rtj\u00e1k a vakcin\u00e1kat.<br \/>\nMegjegyezte: most mindenki f\u00e9l az indiai mut\u00e1nst\u00f3l, de azok az olt\u00f3anyagok, amelyeket Magyarorsz\u00e1gon alkalmaznak, kiv\u00e9tel n\u00e9lk\u00fcl alkalmasak arra, hogy ezt is legy\u0151zz\u00e9k.<\/p>\n<p><strong>Magyarorsz\u00e1g egym\u00e1s ut\u00e1n k\u00f6ti a k\u00e9toldal\u00fa meg\u00e1llapod\u00e1sokat &nbsp;a v\u00e9detts\u00e9gi igazolv\u00e1nyok k\u00f6lcs\u00f6n\u00f6s elismer\u00e9s\u00e9r\u0151l<\/strong><\/p>\n<p>A minisztereln\u00f6k szerint r\u00e9mh\u00edr, hogy t\u00f6bb uni\u00f3s orsz\u00e1g nem biztos, hogy beengedi azt, akit keleti vakcin\u00e1val oltottak. A t\u00f6bbi orsz\u00e1g m\u00e9g nem az utaz\u00e1sr\u00f3l besz\u00e9l, nekik ez m\u00e9g messze van, de Magyarorsz\u00e1g egym\u00e1s ut\u00e1n k\u00f6ti a k\u00e9toldal\u00fa meg\u00e1llapod\u00e1sokat, amelyekkel lehet\u0151v\u00e9 teszik a szabad mozg\u00e1st &#8211; mutatott r\u00e1.<br \/>\n\u00dagy v\u00e9lte, tal\u00e1n j\u00faliusban lesz k\u00f6z\u00f6s uni\u00f3s k\u00e1rtya, \u00e9s akkor egym\u00e1s orsz\u00e1g\u00e1ban k\u00f6telez\u0151 lesz elfogadni az Eur\u00f3p\u00e1ban elismert vakcin\u00e1kat, a t\u00f6bbit pedig elfogadhatj\u00e1k, de nincs olyan orsz\u00e1g, amely elz\u00e1rn\u00e1 mag\u00e1t a turist\u00e1k el\u0151l.<\/p>\n<p><strong>A v\u00e9dekez\u00e9sr\u0151l \u00e1t kell \u00e1llni a gazdas\u00e1g \u00fajraind\u00edt\u00e1s\u00e1ra<\/strong><\/p>\n<p>Orb\u00e1n Viktor arr\u00f3l is besz\u00e9lt, hogy most a v\u00e9dekez\u00e9sr\u0151l \u00e1t kell \u00e1llni a gazdas\u00e1g \u00fajraind\u00edt\u00e1s\u00e1ra. Amikor a j\u00e1rv\u00e1ny &#8222;cs\u00facsra j\u00e1rt&#8221;, a v\u00e9dekez\u00e9s volt a fontos a gazdas\u00e1gban is, meg kellett v\u00e9deni a munkahelyeket, a fizet\u00e9st, de most, hogy a harmadik hull\u00e1mot &#8222;leszor\u00edtottuk a f\u00f6ldre&#8221;, m\u00e1r nem v\u00e9dekezni kell, hanem \u00fajraind\u00edtani a gazdas\u00e1got &#8211; fogalmazott. Hozz\u00e1f\u0171zte: a 2022-es k\u00f6lts\u00e9gvet\u00e9s is err\u0151l fog sz\u00f3lni.<br \/>\nMegjegyezte: a 2. negyed\u00e9v sz\u00e1mai m\u00e1r biztat\u00f3 eredm\u00e9nyeket mutathatnak.<br \/>\nA korm\u00e1nyf\u0151 a napokban megtartott EU-cs\u00facsr\u00f3l elmondta: a kl\u00edmav\u00e9delmet mindenki fontosnak tartja, de a terhek sz\u00e9toszt\u00e1sa tekintet\u00e9ben elt\u00e9rnek az \u00e1ll\u00e1spontok. Az orsz\u00e1gok nem tudnak ugyanannyi terhet viselni, \u00e9s az a gondolat, hogy a kl\u00edmav\u00e1ltoz\u00e1s \u00e1r\u00e1t az emberekkel fizettess\u00e9k meg, Nyugaton term\u00e9szetesnek t\u0171nhet, mert ott a j\u00f3l\u00e9t hagy mozg\u00e1steret, de Magyarorsz\u00e1gon nem tudnak \u00e9s nem akarnak emiatt ad\u00f3t fizettetni az emberekkel, itt \u00e9vekig k\u00fczd\u00f6ttek, hogy a rezsit leszor\u00edts\u00e1k &#8211; jelentette ki.<br \/>\nHangs\u00falyozta: a kl\u00edmav\u00e9delem k\u00f6lts\u00e9g\u00e9nek sz\u00e9tter\u00edt\u00e9se nem fogadhat\u00f3 el; a k\u00f6z\u00e9p-eur\u00f3pai orsz\u00e1gok szerint a kl\u00edmarombol\u00e1st legink\u00e1bb a nagy c\u00e9gek v\u00e9gzik, ez\u00e9rt nem az emberekkel kell megfizettetni ennek az \u00e1r\u00e1t. A k\u00f6vetkez\u0151 k\u00e9t-h\u00e1rom \u00e9v a kl\u00edmav\u00e9delemr\u0151l is sz\u00f3l majd, \u00e9s a rezsiharcot is folytatni kell &#8211; mondta.<\/p>\n<p>Orb\u00e1n Viktor kit\u00e9rt arra is, hogy cs\u00fct\u00f6rt\u00f6k\u00f6n a spanyol jobboldali VOX p\u00e1rt vezet\u0151j\u00e9vel t\u00e1rgyalt. K\u00f6z\u00f6lte: a j\u00e1rv\u00e1ny elleni v\u00e9dekez\u00e9s miatt h\u00e1tra sorolt r\u00e9gi t\u00e9m\u00e1k megint el\u0151ker\u00fclnek, ilyen a kl\u00edmav\u00e9delem \u00e9s az illeg\u00e1lis bev\u00e1ndorl\u00e1s. 2015-ben, amikor Magyarorsz\u00e1g a ker\u00edt\u00e9s meg\u00e9p\u00edt\u00e9se mellett d\u00f6nt\u00f6tt, a spanyol korm\u00e1ny is b\u00edr\u00e1lta, de most magasabb ker\u00edt\u00e9s\u00fck van a hat\u00e1rukon &#8211; mondta. Hozz\u00e1tette: egy felt\u00f6rekv\u0151, komoly p\u00e1rttal er\u0151s\u00f6d\u00f6tt a bev\u00e1ndorl\u00e1sellenesek csoportja.<\/p>\n<p>A minisztereln\u00f6k arr\u00f3l is besz\u00e1molt, hogy p\u00e9nteken Londonban t\u00e1rgyal Boris Johnson brit korm\u00e1nyf\u0151vel. Kifejtette: nem j\u00f3, hogy Nagy-Britannia kil\u00e9pett az EU-b\u00f3l, mert sok dologban \u00e9rtettek egyet. Nagy-Britannia most alak\u00edtja a k\u00e9toldal\u00fa kapcsolatait, \u00e9s Magyarorsz\u00e1gnak is ki kell \u00e9p\u00edteni egy egy\u00fcttm\u0171k\u00f6d\u00e9st az orsz\u00e1ggal, keresik ennek ter\u00fcleteit &#8211; mondta.<br \/>\nOrb\u00e1n Viktor az \u0151sz\u00f6di besz\u00e9d 15. \u00e9vfordul\u00f3j\u00e1t illet\u0151en kiemelte: a t\u00f6rt\u00e9nteket aligha lehet elfelejteni, eml\u00e9kszik, amikor kit\u00f6rtek a l\u00e1zad\u00e1sok miatta. Hangs\u00falyozta: mindig megd\u00f6bben az ember, nem is azon, hogy mindez megt\u00f6rt\u00e9nt, hanem azon, hogy aki miatt megt\u00f6rt\u00e9nt, az ugyan\u00fagy ott van a magyar politik\u00e1ban, mintha mi sem t\u00f6rt\u00e9nt volna. Senki nem v\u00e1llalta a felel\u0151ss\u00e9get, nem k\u00e9rt bocs\u00e1natot, \u00e9s most ugyanezzel az emberrel harcol, hiszen &#8222;\u0151 a f\u0151n\u00f6k a m\u00e1sik oldalon&#8221; &#8211; fogalmazott. Hozz\u00e1tette: a V\u00e1rosh\u00e1z\u00e1n is felt\u0171nnek olyan emberek, akiket a Gyurcs\u00e1ny-korm\u00e1nyb\u00f3l ismer, &#8222;a f\u0151polg\u00e1rmester h\u00e1ta m\u00f6g\u00f6tt szinte \u00fajj\u00e1alakult a Gyurcs\u00e1ny-korm\u00e1ny&#8221;.<br \/>\nK\u00f6z\u00f6lte: a fiataloknak a sz\u00fcleik mondhatj\u00e1k el, mi t\u00f6rt\u00e9nt.<\/p>\n<p>A gyermeknapr\u00f3l Orb\u00e1n Viktor azt mondta: a j\u00e1rv\u00e1nyhelyzet a gyermekeket is megviselte, \u00e9s rem\u00e9lhet\u0151leg szebb \u00fcnnep v\u00e1r r\u00e1juk.<\/p>\n<p><em>Fot\u00f3, forr\u00e1s: koronavirus.gov.hu \/ MTI<\/em><\/p>\n","protected":false},"excerpt":{"rendered":"<p>Hossz\u00fa id\u0151 ut\u00e1n el\u0151sz\u00f6r cs\u00f6kkent a l\u00e9legeztet\u00e9s n\u00e9lk\u00fcl k\u00f3rh\u00e1zban l\u00e9v\u0151 Covid-betegeknek a sz\u00e1ma ezer al\u00e1, \u00e9s sz\u00e1zezer alatt van az akt\u00edv betegek\u00e9 &#8211; k\u00f6z\u00f6lte Orb\u00e1n Viktor p\u00e9nteken a Kossuth r\u00e1di\u00f3 J\u00f3 reggelt, Magyarorsz\u00e1g! c\u00edm\u0171 m\u0171sor\u00e1ban. A v\u00edrus nem fog elmenni, csak a v\u00e9d\u0151olt\u00e1ssal \u00f3vhatjuk meg eg\u00e9szs\u00e9g\u00fcnket A minisztereln\u00f6k azt mondta: a k\u00f3rh\u00e1zban \u00e1poltak k\u00f6z\u00fcl 121-en<\/p>\n","protected":false},"author":1,"featured_media":33468,"comment_status":"closed","ping_status":"closed","sticky":false,"template":"","format":"standard","meta":{"ngg_post_thumbnail":0,"footnotes":""},"categories":[3],"tags":[4738,3677],"class_list":{"0":"post-33467","1":"post","2":"type-post","3":"status-publish","4":"format-standard","5":"has-post-thumbnail","7":"category-hirek","8":"tag-koronavirus","9":"tag-orban-viktor"},"yoast_head":"<!-- This site is optimized with the Yoast SEO plugin v27.4 - https:\/\/yoast.com\/product\/yoast-seo-wordpress\/ -->\n<title>Ezer al\u00e1 cs\u00f6kkent a l\u00e9legeztet\u00e9s n\u00e9lk\u00fcl k\u00f3rh\u00e1zban l\u00e9v\u0151 betegek sz\u00e1ma<\/title>\n<meta name=\"robots\" content=\"index, follow, max-snippet:-1, max-image-preview:large, max-video-preview:-1\" \/>\n<link rel=\"canonical\" href=\"https:\/\/dorogimedence.hu\/index.php\/2021\/05\/28\/ezer-ala-csokkent-a-lelegeztetes-nelkul-korhazban-levo-betegek-szama\/\" class=\"yoast-seo-meta-tag\" \/>\n<meta property=\"og:locale\" content=\"hu_HU\" class=\"yoast-seo-meta-tag\" \/>\n<meta property=\"og:type\" content=\"article\" class=\"yoast-seo-meta-tag\" \/>\n<meta property=\"og:title\" content=\"Ezer al\u00e1 cs\u00f6kkent a l\u00e9legeztet\u00e9s n\u00e9lk\u00fcl k\u00f3rh\u00e1zban l\u00e9v\u0151 betegek sz\u00e1ma\" class=\"yoast-seo-meta-tag\" \/>\n<meta property=\"og:description\" content=\"Hossz\u00fa id\u0151 ut\u00e1n el\u0151sz\u00f6r cs\u00f6kkent a l\u00e9legeztet\u00e9s n\u00e9lk\u00fcl k\u00f3rh\u00e1zban l\u00e9v\u0151 Covid-betegeknek a sz\u00e1ma ezer al\u00e1, \u00e9s sz\u00e1zezer alatt van az akt\u00edv betegek\u00e9 &#8211; k\u00f6z\u00f6lte Orb\u00e1n Viktor p\u00e9nteken a Kossuth r\u00e1di\u00f3 J\u00f3 reggelt, Magyarorsz\u00e1g! c\u00edm\u0171 m\u0171sor\u00e1ban. A v\u00edrus nem fog elmenni, csak a v\u00e9d\u0151olt\u00e1ssal \u00f3vhatjuk meg eg\u00e9szs\u00e9g\u00fcnket A minisztereln\u00f6k azt mondta: a k\u00f3rh\u00e1zban \u00e1poltak k\u00f6z\u00fcl 121-en\" class=\"yoast-seo-meta-tag\" \/>\n<meta property=\"og:url\" content=\"https:\/\/dorogimedence.hu\/index.php\/2021\/05\/28\/ezer-ala-csokkent-a-lelegeztetes-nelkul-korhazban-levo-betegek-szama\/\" class=\"yoast-seo-meta-tag\" \/>\n<meta property=\"og:site_name\" content=\"Dorogi-medence Region\u00e1lis H\u00edrport\u00e1l\" class=\"yoast-seo-meta-tag\" \/>\n<meta property=\"article:publisher\" content=\"https:\/\/www.facebook.com\/dorogimedence\/\" class=\"yoast-seo-meta-tag\" \/>\n<meta property=\"article:published_time\" content=\"2021-05-28T09:17:47+00:00\" class=\"yoast-seo-meta-tag\" \/>\n<meta property=\"article:modified_time\" content=\"2021-05-28T09:17:53+00:00\" class=\"yoast-seo-meta-tag\" \/>\n<meta property=\"og:image\" content=\"https:\/\/i0.wp.com\/dorogimedence.hu\/wp-content\/uploads\/2021\/05\/192526918_10159295546991093_2420470101550121844_n.jpg?fit=1200%2C800&ssl=1\" class=\"yoast-seo-meta-tag\" \/>\n\t<meta property=\"og:image:width\" content=\"1200\" class=\"yoast-seo-meta-tag\" \/>\n\t<meta property=\"og:image:height\" content=\"800\" class=\"yoast-seo-meta-tag\" \/>\n\t<meta property=\"og:image:type\" content=\"image\/jpeg\" class=\"yoast-seo-meta-tag\" \/>\n<meta name=\"author\" content=\"dorogimedence.hu\" class=\"yoast-seo-meta-tag\" \/>\n<meta name=\"twitter:card\" content=\"summary_large_image\" class=\"yoast-seo-meta-tag\" \/>\n<meta name=\"twitter:label1\" content=\"Szerz\u0151:\" class=\"yoast-seo-meta-tag\" \/>\n\t<meta name=\"twitter:data1\" content=\"dorogimedence.hu\" class=\"yoast-seo-meta-tag\" \/>\n\t<meta name=\"twitter:label2\" content=\"Becs\u00fclt olvas\u00e1si id\u0151\" class=\"yoast-seo-meta-tag\" \/>\n\t<meta name=\"twitter:data2\" content=\"6 perc\" class=\"yoast-seo-meta-tag\" \/>\n<script type=\"application\/ld+json\" class=\"yoast-schema-graph\">{\"@context\":\"https:\\\/\\\/schema.org\",\"@graph\":[{\"@type\":\"Article\",\"@id\":\"https:\\\/\\\/dorogimedence.hu\\\/index.php\\\/2021\\\/05\\\/28\\\/ezer-ala-csokkent-a-lelegeztetes-nelkul-korhazban-levo-betegek-szama\\\/#article\",\"isPartOf\":{\"@id\":\"https:\\\/\\\/dorogimedence.hu\\\/index.php\\\/2021\\\/05\\\/28\\\/ezer-ala-csokkent-a-lelegeztetes-nelkul-korhazban-levo-betegek-szama\\\/\"},\"author\":{\"name\":\"dorogimedence.hu\",\"@id\":\"https:\\\/\\\/dorogimedence.hu\\\/#\\\/schema\\\/person\\\/ce6091eeb7e95ecdc87890d6aa8e0fd4\"},\"headline\":\"Ezer al\u00e1 cs\u00f6kkent a l\u00e9legeztet\u00e9s n\u00e9lk\u00fcl k\u00f3rh\u00e1zban l\u00e9v\u0151 betegek sz\u00e1ma\",\"datePublished\":\"2021-05-28T09:17:47+00:00\",\"dateModified\":\"2021-05-28T09:17:53+00:00\",\"mainEntityOfPage\":{\"@id\":\"https:\\\/\\\/dorogimedence.hu\\\/index.php\\\/2021\\\/05\\\/28\\\/ezer-ala-csokkent-a-lelegeztetes-nelkul-korhazban-levo-betegek-szama\\\/\"},\"wordCount\":1158,\"publisher\":{\"@id\":\"https:\\\/\\\/dorogimedence.hu\\\/#organization\"},\"image\":{\"@id\":\"https:\\\/\\\/dorogimedence.hu\\\/index.php\\\/2021\\\/05\\\/28\\\/ezer-ala-csokkent-a-lelegeztetes-nelkul-korhazban-levo-betegek-szama\\\/#primaryimage\"},\"thumbnailUrl\":\"https:\\\/\\\/dorogimedence.hu\\\/wp-content\\\/uploads\\\/2021\\\/05\\\/192526918_10159295546991093_2420470101550121844_n.jpg\",\"keywords\":[\"koronav\u00edrus\",\"Orb\u00e1n Viktor\"],\"articleSection\":[\"H\u00edrek\"],\"inLanguage\":\"hu\"},{\"@type\":\"WebPage\",\"@id\":\"https:\\\/\\\/dorogimedence.hu\\\/index.php\\\/2021\\\/05\\\/28\\\/ezer-ala-csokkent-a-lelegeztetes-nelkul-korhazban-levo-betegek-szama\\\/\",\"url\":\"https:\\\/\\\/dorogimedence.hu\\\/index.php\\\/2021\\\/05\\\/28\\\/ezer-ala-csokkent-a-lelegeztetes-nelkul-korhazban-levo-betegek-szama\\\/\",\"name\":\"Ezer al\u00e1 cs\u00f6kkent a l\u00e9legeztet\u00e9s n\u00e9lk\u00fcl k\u00f3rh\u00e1zban l\u00e9v\u0151 betegek sz\u00e1ma\",\"isPartOf\":{\"@id\":\"https:\\\/\\\/dorogimedence.hu\\\/#website\"},\"primaryImageOfPage\":{\"@id\":\"https:\\\/\\\/dorogimedence.hu\\\/index.php\\\/2021\\\/05\\\/28\\\/ezer-ala-csokkent-a-lelegeztetes-nelkul-korhazban-levo-betegek-szama\\\/#primaryimage\"},\"image\":{\"@id\":\"https:\\\/\\\/dorogimedence.hu\\\/index.php\\\/2021\\\/05\\\/28\\\/ezer-ala-csokkent-a-lelegeztetes-nelkul-korhazban-levo-betegek-szama\\\/#primaryimage\"},\"thumbnailUrl\":\"https:\\\/\\\/dorogimedence.hu\\\/wp-content\\\/uploads\\\/2021\\\/05\\\/192526918_10159295546991093_2420470101550121844_n.jpg\",\"datePublished\":\"2021-05-28T09:17:47+00:00\",\"dateModified\":\"2021-05-28T09:17:53+00:00\",\"breadcrumb\":{\"@id\":\"https:\\\/\\\/dorogimedence.hu\\\/index.php\\\/2021\\\/05\\\/28\\\/ezer-ala-csokkent-a-lelegeztetes-nelkul-korhazban-levo-betegek-szama\\\/#breadcrumb\"},\"inLanguage\":\"hu\",\"potentialAction\":[{\"@type\":\"ReadAction\",\"target\":[\"https:\\\/\\\/dorogimedence.hu\\\/index.php\\\/2021\\\/05\\\/28\\\/ezer-ala-csokkent-a-lelegeztetes-nelkul-korhazban-levo-betegek-szama\\\/\"]}]},{\"@type\":\"ImageObject\",\"inLanguage\":\"hu\",\"@id\":\"https:\\\/\\\/dorogimedence.hu\\\/index.php\\\/2021\\\/05\\\/28\\\/ezer-ala-csokkent-a-lelegeztetes-nelkul-korhazban-levo-betegek-szama\\\/#primaryimage\",\"url\":\"https:\\\/\\\/dorogimedence.hu\\\/wp-content\\\/uploads\\\/2021\\\/05\\\/192526918_10159295546991093_2420470101550121844_n.jpg\",\"contentUrl\":\"https:\\\/\\\/dorogimedence.hu\\\/wp-content\\\/uploads\\\/2021\\\/05\\\/192526918_10159295546991093_2420470101550121844_n.jpg\",\"width\":1200,\"height\":800},{\"@type\":\"BreadcrumbList\",\"@id\":\"https:\\\/\\\/dorogimedence.hu\\\/index.php\\\/2021\\\/05\\\/28\\\/ezer-ala-csokkent-a-lelegeztetes-nelkul-korhazban-levo-betegek-szama\\\/#breadcrumb\",\"itemListElement\":[{\"@type\":\"ListItem\",\"position\":1,\"name\":\"Kezd\u0151lap\",\"item\":\"https:\\\/\\\/dorogimedence.hu\\\/\"},{\"@type\":\"ListItem\",\"position\":2,\"name\":\"Ezer al\u00e1 cs\u00f6kkent a l\u00e9legeztet\u00e9s n\u00e9lk\u00fcl k\u00f3rh\u00e1zban l\u00e9v\u0151 betegek sz\u00e1ma\"}]},{\"@type\":\"WebSite\",\"@id\":\"https:\\\/\\\/dorogimedence.hu\\\/#website\",\"url\":\"https:\\\/\\\/dorogimedence.hu\\\/\",\"name\":\"Dorogi-medence Region\u00e1lis H\u00edrport\u00e1l\",\"description\":\"Dorog, Keszt\u00f6lc, Le\u00e1nyv\u00e1r, Piliscs\u00e9v, Tokod, Tokodalt\u00e1r\u00f3, Csolnok, Esztergom-kertv\u00e1ros: h\u00edrek, programok\",\"publisher\":{\"@id\":\"https:\\\/\\\/dorogimedence.hu\\\/#organization\"},\"potentialAction\":[{\"@type\":\"SearchAction\",\"target\":{\"@type\":\"EntryPoint\",\"urlTemplate\":\"https:\\\/\\\/dorogimedence.hu\\\/?s={search_term_string}\"},\"query-input\":{\"@type\":\"PropertyValueSpecification\",\"valueRequired\":true,\"valueName\":\"search_term_string\"}}],\"inLanguage\":\"hu\"},{\"@type\":\"Organization\",\"@id\":\"https:\\\/\\\/dorogimedence.hu\\\/#organization\",\"name\":\"Dorogi-medence Region\u00e1lis H\u00edrport\u00e1l\",\"url\":\"https:\\\/\\\/dorogimedence.hu\\\/\",\"logo\":{\"@type\":\"ImageObject\",\"inLanguage\":\"hu\",\"@id\":\"https:\\\/\\\/dorogimedence.hu\\\/#\\\/schema\\\/logo\\\/image\\\/\",\"url\":\"https:\\\/\\\/dorogimedence.hu\\\/wp-content\\\/uploads\\\/2021\\\/04\\\/logo-feher-600.png\",\"contentUrl\":\"https:\\\/\\\/dorogimedence.hu\\\/wp-content\\\/uploads\\\/2021\\\/04\\\/logo-feher-600.png\",\"width\":600,\"height\":100,\"caption\":\"Dorogi-medence Region\u00e1lis H\u00edrport\u00e1l\"},\"image\":{\"@id\":\"https:\\\/\\\/dorogimedence.hu\\\/#\\\/schema\\\/logo\\\/image\\\/\"},\"sameAs\":[\"https:\\\/\\\/www.facebook.com\\\/dorogimedence\\\/\"]},{\"@type\":\"Person\",\"@id\":\"https:\\\/\\\/dorogimedence.hu\\\/#\\\/schema\\\/person\\\/ce6091eeb7e95ecdc87890d6aa8e0fd4\",\"name\":\"dorogimedence.hu\",\"image\":{\"@type\":\"ImageObject\",\"inLanguage\":\"hu\",\"@id\":\"\\\/\\\/www.gravatar.com\\\/avatar\\\/d8d45f8901aadff40a4af72c0b826f1d?s=96&#038;r=g&#038;d=mm\",\"url\":\"\\\/\\\/www.gravatar.com\\\/avatar\\\/d8d45f8901aadff40a4af72c0b826f1d?s=96&#038;r=g&#038;d=mm\",\"contentUrl\":\"\\\/\\\/www.gravatar.com\\\/avatar\\\/d8d45f8901aadff40a4af72c0b826f1d?s=96&#038;r=g&#038;d=mm\",\"caption\":\"dorogimedence.hu\"}}]}<\/script>\n<!-- \/ Yoast SEO plugin. -->","yoast_head_json":{"title":"Ezer al\u00e1 cs\u00f6kkent a l\u00e9legeztet\u00e9s n\u00e9lk\u00fcl k\u00f3rh\u00e1zban l\u00e9v\u0151 betegek sz\u00e1ma","robots":{"index":"index","follow":"follow","max-snippet":"max-snippet:-1","max-image-preview":"max-image-preview:large","max-video-preview":"max-video-preview:-1"},"canonical":"https:\/\/dorogimedence.hu\/index.php\/2021\/05\/28\/ezer-ala-csokkent-a-lelegeztetes-nelkul-korhazban-levo-betegek-szama\/","og_locale":"hu_HU","og_type":"article","og_title":"Ezer al\u00e1 cs\u00f6kkent a l\u00e9legeztet\u00e9s n\u00e9lk\u00fcl k\u00f3rh\u00e1zban l\u00e9v\u0151 betegek sz\u00e1ma","og_description":"Hossz\u00fa id\u0151 ut\u00e1n el\u0151sz\u00f6r cs\u00f6kkent a l\u00e9legeztet\u00e9s n\u00e9lk\u00fcl k\u00f3rh\u00e1zban l\u00e9v\u0151 Covid-betegeknek a sz\u00e1ma ezer al\u00e1, \u00e9s sz\u00e1zezer alatt van az akt\u00edv betegek\u00e9 &#8211; k\u00f6z\u00f6lte Orb\u00e1n Viktor p\u00e9nteken a Kossuth r\u00e1di\u00f3 J\u00f3 reggelt, Magyarorsz\u00e1g! c\u00edm\u0171 m\u0171sor\u00e1ban. A v\u00edrus nem fog elmenni, csak a v\u00e9d\u0151olt\u00e1ssal \u00f3vhatjuk meg eg\u00e9szs\u00e9g\u00fcnket A minisztereln\u00f6k azt mondta: a k\u00f3rh\u00e1zban \u00e1poltak k\u00f6z\u00fcl 121-en","og_url":"https:\/\/dorogimedence.hu\/index.php\/2021\/05\/28\/ezer-ala-csokkent-a-lelegeztetes-nelkul-korhazban-levo-betegek-szama\/","og_site_name":"Dorogi-medence Region\u00e1lis H\u00edrport\u00e1l","article_publisher":"https:\/\/www.facebook.com\/dorogimedence\/","article_published_time":"2021-05-28T09:17:47+00:00","article_modified_time":"2021-05-28T09:17:53+00:00","og_image":[{"width":1200,"height":800,"url":"https:\/\/i0.wp.com\/dorogimedence.hu\/wp-content\/uploads\/2021\/05\/192526918_10159295546991093_2420470101550121844_n.jpg?fit=1200%2C800&ssl=1","type":"image\/jpeg"}],"author":"dorogimedence.hu","twitter_card":"summary_large_image","twitter_misc":{"Szerz\u0151:":"dorogimedence.hu","Becs\u00fclt olvas\u00e1si id\u0151":"6 perc"},"schema":{"@context":"https:\/\/schema.org","@graph":[{"@type":"Article","@id":"https:\/\/dorogimedence.hu\/index.php\/2021\/05\/28\/ezer-ala-csokkent-a-lelegeztetes-nelkul-korhazban-levo-betegek-szama\/#article","isPartOf":{"@id":"https:\/\/dorogimedence.hu\/index.php\/2021\/05\/28\/ezer-ala-csokkent-a-lelegeztetes-nelkul-korhazban-levo-betegek-szama\/"},"author":{"name":"dorogimedence.hu","@id":"https:\/\/dorogimedence.hu\/#\/schema\/person\/ce6091eeb7e95ecdc87890d6aa8e0fd4"},"headline":"Ezer al\u00e1 cs\u00f6kkent a l\u00e9legeztet\u00e9s n\u00e9lk\u00fcl k\u00f3rh\u00e1zban l\u00e9v\u0151 betegek sz\u00e1ma","datePublished":"2021-05-28T09:17:47+00:00","dateModified":"2021-05-28T09:17:53+00:00","mainEntityOfPage":{"@id":"https:\/\/dorogimedence.hu\/index.php\/2021\/05\/28\/ezer-ala-csokkent-a-lelegeztetes-nelkul-korhazban-levo-betegek-szama\/"},"wordCount":1158,"publisher":{"@id":"https:\/\/dorogimedence.hu\/#organization"},"image":{"@id":"https:\/\/dorogimedence.hu\/index.php\/2021\/05\/28\/ezer-ala-csokkent-a-lelegeztetes-nelkul-korhazban-levo-betegek-szama\/#primaryimage"},"thumbnailUrl":"https:\/\/dorogimedence.hu\/wp-content\/uploads\/2021\/05\/192526918_10159295546991093_2420470101550121844_n.jpg","keywords":["koronav\u00edrus","Orb\u00e1n Viktor"],"articleSection":["H\u00edrek"],"inLanguage":"hu"},{"@type":"WebPage","@id":"https:\/\/dorogimedence.hu\/index.php\/2021\/05\/28\/ezer-ala-csokkent-a-lelegeztetes-nelkul-korhazban-levo-betegek-szama\/","url":"https:\/\/dorogimedence.hu\/index.php\/2021\/05\/28\/ezer-ala-csokkent-a-lelegeztetes-nelkul-korhazban-levo-betegek-szama\/","name":"Ezer al\u00e1 cs\u00f6kkent a l\u00e9legeztet\u00e9s n\u00e9lk\u00fcl k\u00f3rh\u00e1zban l\u00e9v\u0151 betegek sz\u00e1ma","isPartOf":{"@id":"https:\/\/dorogimedence.hu\/#website"},"primaryImageOfPage":{"@id":"https:\/\/dorogimedence.hu\/index.php\/2021\/05\/28\/ezer-ala-csokkent-a-lelegeztetes-nelkul-korhazban-levo-betegek-szama\/#primaryimage"},"image":{"@id":"https:\/\/dorogimedence.hu\/index.php\/2021\/05\/28\/ezer-ala-csokkent-a-lelegeztetes-nelkul-korhazban-levo-betegek-szama\/#primaryimage"},"thumbnailUrl":"https:\/\/dorogimedence.hu\/wp-content\/uploads\/2021\/05\/192526918_10159295546991093_2420470101550121844_n.jpg","datePublished":"2021-05-28T09:17:47+00:00","dateModified":"2021-05-28T09:17:53+00:00","breadcrumb":{"@id":"https:\/\/dorogimedence.hu\/index.php\/2021\/05\/28\/ezer-ala-csokkent-a-lelegeztetes-nelkul-korhazban-levo-betegek-szama\/#breadcrumb"},"inLanguage":"hu","potentialAction":[{"@type":"ReadAction","target":["https:\/\/dorogimedence.hu\/index.php\/2021\/05\/28\/ezer-ala-csokkent-a-lelegeztetes-nelkul-korhazban-levo-betegek-szama\/"]}]},{"@type":"ImageObject","inLanguage":"hu","@id":"https:\/\/dorogimedence.hu\/index.php\/2021\/05\/28\/ezer-ala-csokkent-a-lelegeztetes-nelkul-korhazban-levo-betegek-szama\/#primaryimage","url":"https:\/\/dorogimedence.hu\/wp-content\/uploads\/2021\/05\/192526918_10159295546991093_2420470101550121844_n.jpg","contentUrl":"https:\/\/dorogimedence.hu\/wp-content\/uploads\/2021\/05\/192526918_10159295546991093_2420470101550121844_n.jpg","width":1200,"height":800},{"@type":"BreadcrumbList","@id":"https:\/\/dorogimedence.hu\/index.php\/2021\/05\/28\/ezer-ala-csokkent-a-lelegeztetes-nelkul-korhazban-levo-betegek-szama\/#breadcrumb","itemListElement":[{"@type":"ListItem","position":1,"name":"Kezd\u0151lap","item":"https:\/\/dorogimedence.hu\/"},{"@type":"ListItem","position":2,"name":"Ezer al\u00e1 cs\u00f6kkent a l\u00e9legeztet\u00e9s n\u00e9lk\u00fcl k\u00f3rh\u00e1zban l\u00e9v\u0151 betegek sz\u00e1ma"}]},{"@type":"WebSite","@id":"https:\/\/dorogimedence.hu\/#website","url":"https:\/\/dorogimedence.hu\/","name":"Dorogi-medence Region\u00e1lis H\u00edrport\u00e1l","description":"Dorog, Keszt\u00f6lc, Le\u00e1nyv\u00e1r, Piliscs\u00e9v, Tokod, Tokodalt\u00e1r\u00f3, Csolnok, Esztergom-kertv\u00e1ros: h\u00edrek, programok","publisher":{"@id":"https:\/\/dorogimedence.hu\/#organization"},"potentialAction":[{"@type":"SearchAction","target":{"@type":"EntryPoint","urlTemplate":"https:\/\/dorogimedence.hu\/?s={search_term_string}"},"query-input":{"@type":"PropertyValueSpecification","valueRequired":true,"valueName":"search_term_string"}}],"inLanguage":"hu"},{"@type":"Organization","@id":"https:\/\/dorogimedence.hu\/#organization","name":"Dorogi-medence Region\u00e1lis H\u00edrport\u00e1l","url":"https:\/\/dorogimedence.hu\/","logo":{"@type":"ImageObject","inLanguage":"hu","@id":"https:\/\/dorogimedence.hu\/#\/schema\/logo\/image\/","url":"https:\/\/dorogimedence.hu\/wp-content\/uploads\/2021\/04\/logo-feher-600.png","contentUrl":"https:\/\/dorogimedence.hu\/wp-content\/uploads\/2021\/04\/logo-feher-600.png","width":600,"height":100,"caption":"Dorogi-medence Region\u00e1lis H\u00edrport\u00e1l"},"image":{"@id":"https:\/\/dorogimedence.hu\/#\/schema\/logo\/image\/"},"sameAs":["https:\/\/www.facebook.com\/dorogimedence\/"]},{"@type":"Person","@id":"https:\/\/dorogimedence.hu\/#\/schema\/person\/ce6091eeb7e95ecdc87890d6aa8e0fd4","name":"dorogimedence.hu","image":{"@type":"ImageObject","inLanguage":"hu","@id":"\/\/www.gravatar.com\/avatar\/d8d45f8901aadff40a4af72c0b826f1d?s=96&#038;r=g&#038;d=mm","url":"\/\/www.gravatar.com\/avatar\/d8d45f8901aadff40a4af72c0b826f1d?s=96&#038;r=g&#038;d=mm","contentUrl":"\/\/www.gravatar.com\/avatar\/d8d45f8901aadff40a4af72c0b826f1d?s=96&#038;r=g&#038;d=mm","caption":"dorogimedence.hu"}}]}},"_links":{"self":[{"href":"https:\/\/dorogimedence.hu\/index.php\/wp-json\/wp\/v2\/posts\/33467","targetHints":{"allow":["GET"]}}],"collection":[{"href":"https:\/\/dorogimedence.hu\/index.php\/wp-json\/wp\/v2\/posts"}],"about":[{"href":"https:\/\/dorogimedence.hu\/index.php\/wp-json\/wp\/v2\/types\/post"}],"author":[{"embeddable":true,"href":"https:\/\/dorogimedence.hu\/index.php\/wp-json\/wp\/v2\/users\/1"}],"replies":[{"embeddable":true,"href":"https:\/\/dorogimedence.hu\/index.php\/wp-json\/wp\/v2\/comments?post=33467"}],"version-history":[{"count":0,"href":"https:\/\/dorogimedence.hu\/index.php\/wp-json\/wp\/v2\/posts\/33467\/revisions"}],"wp:featuredmedia":[{"embeddable":true,"href":"https:\/\/dorogimedence.hu\/index.php\/wp-json\/wp\/v2\/media\/33468"}],"wp:attachment":[{"href":"https:\/\/dorogimedence.hu\/index.php\/wp-json\/wp\/v2\/media?parent=33467"}],"wp:term":[{"taxonomy":"category","embeddable":true,"href":"https:\/\/dorogimedence.hu\/index.php\/wp-json\/wp\/v2\/categories?post=33467"},{"taxonomy":"post_tag","embeddable":true,"href":"https:\/\/dorogimedence.hu\/index.php\/wp-json\/wp\/v2\/tags?post=33467"}],"curies":[{"name":"wp","href":"https:\/\/api.w.org\/{rel}","templated":true}]}}