{"id":33465,"date":"2021-05-28T10:38:21","date_gmt":"2021-05-28T08:38:21","guid":{"rendered":"https:\/\/dorogimedence.hu\/?p=33465"},"modified":"2021-05-28T10:38:52","modified_gmt":"2021-05-28T08:38:52","slug":"nem-fizette-a-tartasdijat-kozmunkara-itelhetik-2","status":"publish","type":"post","link":"https:\/\/dorogimedence.hu\/index.php\/2021\/05\/28\/nem-fizette-a-tartasdijat-kozmunkara-itelhetik-2\/","title":{"rendered":"Nem fizette a tart\u00e1sd\u00edjat, k\u00f6zmunk\u00e1ra \u00edt\u00e9lhetik"},"content":{"rendered":"<p><strong>Az Esztergomi J\u00e1r\u00e1si \u00dcgy\u00e9szs\u00e9g v\u00e1dat emelt egy f\u00e9rfivel szemben, mivel a f\u00e9rfi \u00f6nhib\u00e1j\u00e1b\u00f3l ered\u0151en nem fizette egy gyermeke ut\u00e1n meg\u00e1llap\u00edtott tart\u00e1sd\u00edjat.<\/strong><\/p>\n<p>A v\u00e1dlottat a b\u00edr\u00f3s\u00e1g k\u00f6telezte arra, hogy 2020. \u00e9v febru\u00e1rj\u00e1t\u00f3l fizessen a gyermeke ut\u00e1n havi 20.000 Ft \u00f6sszeget. A v\u00e1dlott 2020. janu\u00e1r 24. napj\u00e1ig egy Kft. alkalmaz\u00e1s\u00e1ban \u00e1llt, azonban mivel t\u00f6bb esetben igazolatlanul hi\u00e1nyzott a munkahely\u00e9r\u0151l, a munkaviszony\u00e1t k\u00f6z\u00f6s megegyez\u00e9ssel megsz\u00fcntette a munk\u00e1ltat\u00f3ja.<\/p>\n<p>A v\u00e1dlott legutolj\u00e1ra 2020. febru\u00e1r 22. napj\u00e1n fizetett tart\u00e1sd\u00edjat a Dorogon \u00e9l\u0151 gyermek \u00e9desanyja r\u00e9sz\u00e9re, majd ezt k\u00f6vet\u0151en a tart\u00e1sd\u00edjfizet\u00e9si k\u00f6telezetts\u00e9g\u00e9t \u00f6nhib\u00e1j\u00e1b\u00f3l nem teljes\u00edtette, mivel alkalmi munk\u00e1kb\u00f3l rendszeres j\u00f6vedelme sz\u00e1rmazott, de a tart\u00e1sd\u00edjat m\u00e9gsem fizette.<\/p>\n<p>A v\u00e1dlott 2020. szeptember\u00e9ben \u00e9s okt\u00f3ber\u00e9rben egy m\u00e1sik Kft. alkalmaz\u00e1s\u00e1ban \u00e1llt, egyszer\u0171s\u00edtett foglalkoztat\u00e1s keret\u00e9ben \u00f6sszesen 180.000 Ft nett\u00f3 j\u00f6vedelemmel.<\/p>\n<p>A v\u00e1dlottnak nincs olyan eg\u00e9szs\u00e9gi probl\u00e9m\u00e1ja, amely a munkav\u00e9gz\u00e9sben akad\u00e1lyozn\u00e1, \u00e1ll\u00e1skeres\u0151k\u00e9nt nem regisztr\u00e1ltatta mag\u00e1t.<\/p>\n<p>A f\u00e9rfi 2021. janu\u00e1r 13. \u00e9s 2021. \u00e1prilis 06. k\u00f6z\u00f6tt b\u00fcntet\u00e9sv\u00e9grehajt\u00e1si int\u00e9zetben tart\u00f3zkodott, \u00edgy erre az id\u0151szakra \u00f6nhiba nem terheli.<\/p>\n<p>A v\u00e1dlott a BV Int\u00e9zetben t\u00f6lt\u00f6tt id\u0151t figyelmen k\u00edv\u00fcl hagyva 2020. m\u00e1rcius\u00e1t\u00f3l 2021. m\u00e1jus\u00e1ig eltelt id\u0151ben \u00f6sszesen 240.000 Ft tart\u00e1sd\u00edj-h\u00e1tral\u00e9kot halmozott fel.<\/p>\n<p>Az Esztergomi J\u00e1r\u00e1si \u00dcgy\u00e9szs\u00e9g most emelt v\u00e1dat az \u00fcgyben \u00e9s a v\u00e1diratban arra tett ind\u00edtv\u00e1nyt, hogy az Esztergomi J\u00e1r\u00e1sb\u00edr\u00f3s\u00e1g a f\u00e9rfival szemben t\u00e1rgyal\u00e1s mell\u0151z\u00e9s\u00e9vel, b\u00fcntet\u0151v\u00e9gz\u00e9sben k\u00f6z\u00e9rdek\u0171 munka b\u00fcntet\u00e9st szabjon ki.<\/p>\n<p><em>Forr\u00e1s: Kom\u00e1rom-Esztergom Megyei F\u0151\u00fcgy\u00e9szs\u00e9g<\/em><\/p>\n","protected":false},"excerpt":{"rendered":"<p>Az Esztergomi J\u00e1r\u00e1si \u00dcgy\u00e9szs\u00e9g v\u00e1dat emelt egy f\u00e9rfivel szemben, mivel a f\u00e9rfi \u00f6nhib\u00e1j\u00e1b\u00f3l ered\u0151en nem fizette egy gyermeke ut\u00e1n meg\u00e1llap\u00edtott tart\u00e1sd\u00edjat. A v\u00e1dlottat a b\u00edr\u00f3s\u00e1g k\u00f6telezte arra, hogy 2020. \u00e9v febru\u00e1rj\u00e1t\u00f3l fizessen a gyermeke ut\u00e1n havi 20.000 Ft \u00f6sszeget. A v\u00e1dlott 2020. janu\u00e1r 24. napj\u00e1ig egy Kft. alkalmaz\u00e1s\u00e1ban \u00e1llt, azonban mivel t\u00f6bb esetben igazolatlanul hi\u00e1nyzott<\/p>\n","protected":false},"author":1,"featured_media":0,"comment_status":"closed","ping_status":"closed","sticky":false,"template":"","format":"standard","meta":{"ngg_post_thumbnail":0,"footnotes":""},"categories":[2,3,39],"tags":[],"class_list":{"0":"post-33465","1":"post","2":"type-post","3":"status-publish","4":"format-standard","6":"category-dorog","7":"category-hirek","8":"category-kek-hirek"},"yoast_head":"<!-- This site is optimized with the Yoast SEO plugin v27.4 - https:\/\/yoast.com\/product\/yoast-seo-wordpress\/ -->\n<title>Nem fizette a tart\u00e1sd\u00edjat, k\u00f6zmunk\u00e1ra \u00edt\u00e9lhetik<\/title>\n<meta name=\"robots\" content=\"index, follow, max-snippet:-1, max-image-preview:large, max-video-preview:-1\" \/>\n<link rel=\"canonical\" href=\"https:\/\/dorogimedence.hu\/index.php\/2021\/05\/28\/nem-fizette-a-tartasdijat-kozmunkara-itelhetik-2\/\" class=\"yoast-seo-meta-tag\" \/>\n<meta property=\"og:locale\" content=\"hu_HU\" class=\"yoast-seo-meta-tag\" \/>\n<meta property=\"og:type\" content=\"article\" class=\"yoast-seo-meta-tag\" \/>\n<meta property=\"og:title\" content=\"Nem fizette a tart\u00e1sd\u00edjat, k\u00f6zmunk\u00e1ra \u00edt\u00e9lhetik\" class=\"yoast-seo-meta-tag\" \/>\n<meta property=\"og:description\" content=\"Az Esztergomi J\u00e1r\u00e1si \u00dcgy\u00e9szs\u00e9g v\u00e1dat emelt egy f\u00e9rfivel szemben, mivel a f\u00e9rfi \u00f6nhib\u00e1j\u00e1b\u00f3l ered\u0151en nem fizette egy gyermeke ut\u00e1n meg\u00e1llap\u00edtott tart\u00e1sd\u00edjat. A v\u00e1dlottat a b\u00edr\u00f3s\u00e1g k\u00f6telezte arra, hogy 2020. \u00e9v febru\u00e1rj\u00e1t\u00f3l fizessen a gyermeke ut\u00e1n havi 20.000 Ft \u00f6sszeget. A v\u00e1dlott 2020. janu\u00e1r 24. napj\u00e1ig egy Kft. alkalmaz\u00e1s\u00e1ban \u00e1llt, azonban mivel t\u00f6bb esetben igazolatlanul hi\u00e1nyzott\" class=\"yoast-seo-meta-tag\" \/>\n<meta property=\"og:url\" content=\"https:\/\/dorogimedence.hu\/index.php\/2021\/05\/28\/nem-fizette-a-tartasdijat-kozmunkara-itelhetik-2\/\" class=\"yoast-seo-meta-tag\" \/>\n<meta property=\"og:site_name\" content=\"Dorogi-medence Region\u00e1lis H\u00edrport\u00e1l\" class=\"yoast-seo-meta-tag\" \/>\n<meta property=\"article:publisher\" content=\"https:\/\/www.facebook.com\/dorogimedence\/\" class=\"yoast-seo-meta-tag\" \/>\n<meta property=\"article:published_time\" content=\"2021-05-28T08:38:21+00:00\" class=\"yoast-seo-meta-tag\" \/>\n<meta property=\"article:modified_time\" content=\"2021-05-28T08:38:52+00:00\" class=\"yoast-seo-meta-tag\" \/>\n<meta property=\"og:image\" content=\"https:\/\/i0.wp.com\/dorogimedence.hu\/wp-content\/uploads\/2020\/11\/birosag-05.jpg?fit=830%2C450&ssl=1\" class=\"yoast-seo-meta-tag\" \/>\n\t<meta property=\"og:image:width\" content=\"830\" class=\"yoast-seo-meta-tag\" \/>\n\t<meta property=\"og:image:height\" content=\"450\" class=\"yoast-seo-meta-tag\" \/>\n\t<meta property=\"og:image:type\" content=\"image\/jpeg\" class=\"yoast-seo-meta-tag\" \/>\n<meta name=\"author\" content=\"dorogimedence.hu\" class=\"yoast-seo-meta-tag\" \/>\n<meta name=\"twitter:card\" content=\"summary_large_image\" class=\"yoast-seo-meta-tag\" \/>\n<meta name=\"twitter:label1\" content=\"Szerz\u0151:\" class=\"yoast-seo-meta-tag\" \/>\n\t<meta name=\"twitter:data1\" content=\"dorogimedence.hu\" class=\"yoast-seo-meta-tag\" \/>\n\t<meta name=\"twitter:label2\" content=\"Becs\u00fclt olvas\u00e1si id\u0151\" class=\"yoast-seo-meta-tag\" \/>\n\t<meta name=\"twitter:data2\" content=\"2 perc\" class=\"yoast-seo-meta-tag\" \/>\n<script type=\"application\/ld+json\" class=\"yoast-schema-graph\">{\"@context\":\"https:\\\/\\\/schema.org\",\"@graph\":[{\"@type\":\"Article\",\"@id\":\"https:\\\/\\\/dorogimedence.hu\\\/index.php\\\/2021\\\/05\\\/28\\\/nem-fizette-a-tartasdijat-kozmunkara-itelhetik-2\\\/#article\",\"isPartOf\":{\"@id\":\"https:\\\/\\\/dorogimedence.hu\\\/index.php\\\/2021\\\/05\\\/28\\\/nem-fizette-a-tartasdijat-kozmunkara-itelhetik-2\\\/\"},\"author\":{\"name\":\"dorogimedence.hu\",\"@id\":\"https:\\\/\\\/dorogimedence.hu\\\/#\\\/schema\\\/person\\\/ce6091eeb7e95ecdc87890d6aa8e0fd4\"},\"headline\":\"Nem fizette a tart\u00e1sd\u00edjat, k\u00f6zmunk\u00e1ra \u00edt\u00e9lhetik\",\"datePublished\":\"2021-05-28T08:38:21+00:00\",\"dateModified\":\"2021-05-28T08:38:52+00:00\",\"mainEntityOfPage\":{\"@id\":\"https:\\\/\\\/dorogimedence.hu\\\/index.php\\\/2021\\\/05\\\/28\\\/nem-fizette-a-tartasdijat-kozmunkara-itelhetik-2\\\/\"},\"wordCount\":357,\"publisher\":{\"@id\":\"https:\\\/\\\/dorogimedence.hu\\\/#organization\"},\"articleSection\":[\"Dorog\",\"H\u00edrek\",\"K\u00e9k h\u00edrek\"],\"inLanguage\":\"hu\"},{\"@type\":\"WebPage\",\"@id\":\"https:\\\/\\\/dorogimedence.hu\\\/index.php\\\/2021\\\/05\\\/28\\\/nem-fizette-a-tartasdijat-kozmunkara-itelhetik-2\\\/\",\"url\":\"https:\\\/\\\/dorogimedence.hu\\\/index.php\\\/2021\\\/05\\\/28\\\/nem-fizette-a-tartasdijat-kozmunkara-itelhetik-2\\\/\",\"name\":\"Nem fizette a tart\u00e1sd\u00edjat, k\u00f6zmunk\u00e1ra \u00edt\u00e9lhetik\",\"isPartOf\":{\"@id\":\"https:\\\/\\\/dorogimedence.hu\\\/#website\"},\"datePublished\":\"2021-05-28T08:38:21+00:00\",\"dateModified\":\"2021-05-28T08:38:52+00:00\",\"breadcrumb\":{\"@id\":\"https:\\\/\\\/dorogimedence.hu\\\/index.php\\\/2021\\\/05\\\/28\\\/nem-fizette-a-tartasdijat-kozmunkara-itelhetik-2\\\/#breadcrumb\"},\"inLanguage\":\"hu\",\"potentialAction\":[{\"@type\":\"ReadAction\",\"target\":[\"https:\\\/\\\/dorogimedence.hu\\\/index.php\\\/2021\\\/05\\\/28\\\/nem-fizette-a-tartasdijat-kozmunkara-itelhetik-2\\\/\"]}]},{\"@type\":\"BreadcrumbList\",\"@id\":\"https:\\\/\\\/dorogimedence.hu\\\/index.php\\\/2021\\\/05\\\/28\\\/nem-fizette-a-tartasdijat-kozmunkara-itelhetik-2\\\/#breadcrumb\",\"itemListElement\":[{\"@type\":\"ListItem\",\"position\":1,\"name\":\"Kezd\u0151lap\",\"item\":\"https:\\\/\\\/dorogimedence.hu\\\/\"},{\"@type\":\"ListItem\",\"position\":2,\"name\":\"Nem fizette a tart\u00e1sd\u00edjat, k\u00f6zmunk\u00e1ra \u00edt\u00e9lhetik\"}]},{\"@type\":\"WebSite\",\"@id\":\"https:\\\/\\\/dorogimedence.hu\\\/#website\",\"url\":\"https:\\\/\\\/dorogimedence.hu\\\/\",\"name\":\"Dorogi-medence Region\u00e1lis H\u00edrport\u00e1l\",\"description\":\"Dorog, Keszt\u00f6lc, Le\u00e1nyv\u00e1r, Piliscs\u00e9v, Tokod, Tokodalt\u00e1r\u00f3, Csolnok, Esztergom-kertv\u00e1ros: h\u00edrek, programok\",\"publisher\":{\"@id\":\"https:\\\/\\\/dorogimedence.hu\\\/#organization\"},\"potentialAction\":[{\"@type\":\"SearchAction\",\"target\":{\"@type\":\"EntryPoint\",\"urlTemplate\":\"https:\\\/\\\/dorogimedence.hu\\\/?s={search_term_string}\"},\"query-input\":{\"@type\":\"PropertyValueSpecification\",\"valueRequired\":true,\"valueName\":\"search_term_string\"}}],\"inLanguage\":\"hu\"},{\"@type\":\"Organization\",\"@id\":\"https:\\\/\\\/dorogimedence.hu\\\/#organization\",\"name\":\"Dorogi-medence Region\u00e1lis H\u00edrport\u00e1l\",\"url\":\"https:\\\/\\\/dorogimedence.hu\\\/\",\"logo\":{\"@type\":\"ImageObject\",\"inLanguage\":\"hu\",\"@id\":\"https:\\\/\\\/dorogimedence.hu\\\/#\\\/schema\\\/logo\\\/image\\\/\",\"url\":\"https:\\\/\\\/dorogimedence.hu\\\/wp-content\\\/uploads\\\/2021\\\/04\\\/logo-feher-600.png\",\"contentUrl\":\"https:\\\/\\\/dorogimedence.hu\\\/wp-content\\\/uploads\\\/2021\\\/04\\\/logo-feher-600.png\",\"width\":600,\"height\":100,\"caption\":\"Dorogi-medence Region\u00e1lis H\u00edrport\u00e1l\"},\"image\":{\"@id\":\"https:\\\/\\\/dorogimedence.hu\\\/#\\\/schema\\\/logo\\\/image\\\/\"},\"sameAs\":[\"https:\\\/\\\/www.facebook.com\\\/dorogimedence\\\/\"]},{\"@type\":\"Person\",\"@id\":\"https:\\\/\\\/dorogimedence.hu\\\/#\\\/schema\\\/person\\\/ce6091eeb7e95ecdc87890d6aa8e0fd4\",\"name\":\"dorogimedence.hu\",\"image\":{\"@type\":\"ImageObject\",\"inLanguage\":\"hu\",\"@id\":\"\\\/\\\/www.gravatar.com\\\/avatar\\\/d8d45f8901aadff40a4af72c0b826f1d?s=96&#038;r=g&#038;d=mm\",\"url\":\"\\\/\\\/www.gravatar.com\\\/avatar\\\/d8d45f8901aadff40a4af72c0b826f1d?s=96&#038;r=g&#038;d=mm\",\"contentUrl\":\"\\\/\\\/www.gravatar.com\\\/avatar\\\/d8d45f8901aadff40a4af72c0b826f1d?s=96&#038;r=g&#038;d=mm\",\"caption\":\"dorogimedence.hu\"}}]}<\/script>\n<!-- \/ Yoast SEO plugin. -->","yoast_head_json":{"title":"Nem fizette a tart\u00e1sd\u00edjat, k\u00f6zmunk\u00e1ra \u00edt\u00e9lhetik","robots":{"index":"index","follow":"follow","max-snippet":"max-snippet:-1","max-image-preview":"max-image-preview:large","max-video-preview":"max-video-preview:-1"},"canonical":"https:\/\/dorogimedence.hu\/index.php\/2021\/05\/28\/nem-fizette-a-tartasdijat-kozmunkara-itelhetik-2\/","og_locale":"hu_HU","og_type":"article","og_title":"Nem fizette a tart\u00e1sd\u00edjat, k\u00f6zmunk\u00e1ra \u00edt\u00e9lhetik","og_description":"Az Esztergomi J\u00e1r\u00e1si \u00dcgy\u00e9szs\u00e9g v\u00e1dat emelt egy f\u00e9rfivel szemben, mivel a f\u00e9rfi \u00f6nhib\u00e1j\u00e1b\u00f3l ered\u0151en nem fizette egy gyermeke ut\u00e1n meg\u00e1llap\u00edtott tart\u00e1sd\u00edjat. A v\u00e1dlottat a b\u00edr\u00f3s\u00e1g k\u00f6telezte arra, hogy 2020. \u00e9v febru\u00e1rj\u00e1t\u00f3l fizessen a gyermeke ut\u00e1n havi 20.000 Ft \u00f6sszeget. A v\u00e1dlott 2020. janu\u00e1r 24. napj\u00e1ig egy Kft. alkalmaz\u00e1s\u00e1ban \u00e1llt, azonban mivel t\u00f6bb esetben igazolatlanul hi\u00e1nyzott","og_url":"https:\/\/dorogimedence.hu\/index.php\/2021\/05\/28\/nem-fizette-a-tartasdijat-kozmunkara-itelhetik-2\/","og_site_name":"Dorogi-medence Region\u00e1lis H\u00edrport\u00e1l","article_publisher":"https:\/\/www.facebook.com\/dorogimedence\/","article_published_time":"2021-05-28T08:38:21+00:00","article_modified_time":"2021-05-28T08:38:52+00:00","og_image":[{"width":830,"height":450,"url":"https:\/\/i0.wp.com\/dorogimedence.hu\/wp-content\/uploads\/2020\/11\/birosag-05.jpg?fit=830%2C450&ssl=1","type":"image\/jpeg"}],"author":"dorogimedence.hu","twitter_card":"summary_large_image","twitter_misc":{"Szerz\u0151:":"dorogimedence.hu","Becs\u00fclt olvas\u00e1si id\u0151":"2 perc"},"schema":{"@context":"https:\/\/schema.org","@graph":[{"@type":"Article","@id":"https:\/\/dorogimedence.hu\/index.php\/2021\/05\/28\/nem-fizette-a-tartasdijat-kozmunkara-itelhetik-2\/#article","isPartOf":{"@id":"https:\/\/dorogimedence.hu\/index.php\/2021\/05\/28\/nem-fizette-a-tartasdijat-kozmunkara-itelhetik-2\/"},"author":{"name":"dorogimedence.hu","@id":"https:\/\/dorogimedence.hu\/#\/schema\/person\/ce6091eeb7e95ecdc87890d6aa8e0fd4"},"headline":"Nem fizette a tart\u00e1sd\u00edjat, k\u00f6zmunk\u00e1ra \u00edt\u00e9lhetik","datePublished":"2021-05-28T08:38:21+00:00","dateModified":"2021-05-28T08:38:52+00:00","mainEntityOfPage":{"@id":"https:\/\/dorogimedence.hu\/index.php\/2021\/05\/28\/nem-fizette-a-tartasdijat-kozmunkara-itelhetik-2\/"},"wordCount":357,"publisher":{"@id":"https:\/\/dorogimedence.hu\/#organization"},"articleSection":["Dorog","H\u00edrek","K\u00e9k h\u00edrek"],"inLanguage":"hu"},{"@type":"WebPage","@id":"https:\/\/dorogimedence.hu\/index.php\/2021\/05\/28\/nem-fizette-a-tartasdijat-kozmunkara-itelhetik-2\/","url":"https:\/\/dorogimedence.hu\/index.php\/2021\/05\/28\/nem-fizette-a-tartasdijat-kozmunkara-itelhetik-2\/","name":"Nem fizette a tart\u00e1sd\u00edjat, k\u00f6zmunk\u00e1ra \u00edt\u00e9lhetik","isPartOf":{"@id":"https:\/\/dorogimedence.hu\/#website"},"datePublished":"2021-05-28T08:38:21+00:00","dateModified":"2021-05-28T08:38:52+00:00","breadcrumb":{"@id":"https:\/\/dorogimedence.hu\/index.php\/2021\/05\/28\/nem-fizette-a-tartasdijat-kozmunkara-itelhetik-2\/#breadcrumb"},"inLanguage":"hu","potentialAction":[{"@type":"ReadAction","target":["https:\/\/dorogimedence.hu\/index.php\/2021\/05\/28\/nem-fizette-a-tartasdijat-kozmunkara-itelhetik-2\/"]}]},{"@type":"BreadcrumbList","@id":"https:\/\/dorogimedence.hu\/index.php\/2021\/05\/28\/nem-fizette-a-tartasdijat-kozmunkara-itelhetik-2\/#breadcrumb","itemListElement":[{"@type":"ListItem","position":1,"name":"Kezd\u0151lap","item":"https:\/\/dorogimedence.hu\/"},{"@type":"ListItem","position":2,"name":"Nem fizette a tart\u00e1sd\u00edjat, k\u00f6zmunk\u00e1ra \u00edt\u00e9lhetik"}]},{"@type":"WebSite","@id":"https:\/\/dorogimedence.hu\/#website","url":"https:\/\/dorogimedence.hu\/","name":"Dorogi-medence Region\u00e1lis H\u00edrport\u00e1l","description":"Dorog, Keszt\u00f6lc, Le\u00e1nyv\u00e1r, Piliscs\u00e9v, Tokod, Tokodalt\u00e1r\u00f3, Csolnok, Esztergom-kertv\u00e1ros: h\u00edrek, programok","publisher":{"@id":"https:\/\/dorogimedence.hu\/#organization"},"potentialAction":[{"@type":"SearchAction","target":{"@type":"EntryPoint","urlTemplate":"https:\/\/dorogimedence.hu\/?s={search_term_string}"},"query-input":{"@type":"PropertyValueSpecification","valueRequired":true,"valueName":"search_term_string"}}],"inLanguage":"hu"},{"@type":"Organization","@id":"https:\/\/dorogimedence.hu\/#organization","name":"Dorogi-medence Region\u00e1lis H\u00edrport\u00e1l","url":"https:\/\/dorogimedence.hu\/","logo":{"@type":"ImageObject","inLanguage":"hu","@id":"https:\/\/dorogimedence.hu\/#\/schema\/logo\/image\/","url":"https:\/\/dorogimedence.hu\/wp-content\/uploads\/2021\/04\/logo-feher-600.png","contentUrl":"https:\/\/dorogimedence.hu\/wp-content\/uploads\/2021\/04\/logo-feher-600.png","width":600,"height":100,"caption":"Dorogi-medence Region\u00e1lis H\u00edrport\u00e1l"},"image":{"@id":"https:\/\/dorogimedence.hu\/#\/schema\/logo\/image\/"},"sameAs":["https:\/\/www.facebook.com\/dorogimedence\/"]},{"@type":"Person","@id":"https:\/\/dorogimedence.hu\/#\/schema\/person\/ce6091eeb7e95ecdc87890d6aa8e0fd4","name":"dorogimedence.hu","image":{"@type":"ImageObject","inLanguage":"hu","@id":"\/\/www.gravatar.com\/avatar\/d8d45f8901aadff40a4af72c0b826f1d?s=96&#038;r=g&#038;d=mm","url":"\/\/www.gravatar.com\/avatar\/d8d45f8901aadff40a4af72c0b826f1d?s=96&#038;r=g&#038;d=mm","contentUrl":"\/\/www.gravatar.com\/avatar\/d8d45f8901aadff40a4af72c0b826f1d?s=96&#038;r=g&#038;d=mm","caption":"dorogimedence.hu"}}]}},"_links":{"self":[{"href":"https:\/\/dorogimedence.hu\/index.php\/wp-json\/wp\/v2\/posts\/33465","targetHints":{"allow":["GET"]}}],"collection":[{"href":"https:\/\/dorogimedence.hu\/index.php\/wp-json\/wp\/v2\/posts"}],"about":[{"href":"https:\/\/dorogimedence.hu\/index.php\/wp-json\/wp\/v2\/types\/post"}],"author":[{"embeddable":true,"href":"https:\/\/dorogimedence.hu\/index.php\/wp-json\/wp\/v2\/users\/1"}],"replies":[{"embeddable":true,"href":"https:\/\/dorogimedence.hu\/index.php\/wp-json\/wp\/v2\/comments?post=33465"}],"version-history":[{"count":0,"href":"https:\/\/dorogimedence.hu\/index.php\/wp-json\/wp\/v2\/posts\/33465\/revisions"}],"wp:attachment":[{"href":"https:\/\/dorogimedence.hu\/index.php\/wp-json\/wp\/v2\/media?parent=33465"}],"wp:term":[{"taxonomy":"category","embeddable":true,"href":"https:\/\/dorogimedence.hu\/index.php\/wp-json\/wp\/v2\/categories?post=33465"},{"taxonomy":"post_tag","embeddable":true,"href":"https:\/\/dorogimedence.hu\/index.php\/wp-json\/wp\/v2\/tags?post=33465"}],"curies":[{"name":"wp","href":"https:\/\/api.w.org\/{rel}","templated":true}]}}