{"id":33447,"date":"2021-05-27T14:31:53","date_gmt":"2021-05-27T12:31:53","guid":{"rendered":"https:\/\/dorogimedence.hu\/?p=33447"},"modified":"2021-05-27T14:32:21","modified_gmt":"2021-05-27T12:32:21","slug":"ingyen-hajozhatnak-a-gyerekek-vasarnap","status":"publish","type":"post","link":"https:\/\/dorogimedence.hu\/index.php\/2021\/05\/27\/ingyen-hajozhatnak-a-gyerekek-vasarnap\/","title":{"rendered":"Ingyen haj\u00f3zhatnak a gyerekek vas\u00e1rnap"},"content":{"rendered":"<p><strong>M\u00e1jus 29-\u00e9n, szombaton \u00fajraindul az Esztergom-Szob-Zebeg\u00e9ny k\u00f6rj\u00e1rat, gyermeknapon pedig ingyen haj\u00f3zhatnak a 18 \u00e9ven aluliak<\/strong> <em>\u2013 \u00edrja dr. V\u00f6lner P\u00e1l, a t\u00e9rs\u00e9g orsz\u00e1ggy\u0171l\u00e9si k\u00e9pvisel\u0151je a k\u00f6z\u00f6ss\u00e9gi oldal\u00e1n.<\/em><\/p>\n<p>M\u00e1r szombaton \u00fajraindul az Esztergom-Szob-Zebeg\u00e9ny k\u00f6rj\u00e1rat. Sp\u00e1nyik G\u00e1bor, a MAHART PassNave Kft. \u00fcgyvezet\u0151je arr\u00f3l t\u00e1j\u00e9koztatta dr. V\u00f6lner P\u00e1lt, hogy Hern\u00e1di \u00c1d\u00e1m polg\u00e1rmester m\u00e1r kor\u00e1bban jelezte, hogy Esztergom turizmus\u00e1nak \u00fajb\u00f3li fellend\u00edt\u00e9s\u00e9hez sz\u00fcks\u00e9g lenne a j\u00e1rat miel\u0151bbi \u00fajraind\u00edt\u00e1s\u00e1ra \u2013 mivel a j\u00e1rv\u00e1ny\u00fcgyi adatok folyamatosan javulnak, erre lehet\u0151s\u00e9g is ny\u00edlt. Az Esztergom-Szob-Zebeg\u00e9ny k\u00f6rj\u00e1rat napi k\u00e9t alkalommal v\u00e1rja majd a haj\u00f3zni v\u00e1gy\u00f3kat, \u00e9s a t\u00f6bbi dunakanyari haj\u00f3j\u00e1rathoz hasonl\u00f3an rendk\u00edv\u00fcl kedvez\u0151 \u00e1ron, ezer forint\u00e9rt vehetik ig\u00e9nybe az utasok.<\/p>\n<p>Vas\u00e1rnap, gyermeknapon ingyen haj\u00f3zhatnak a 18 \u00e9v alattiak az Esztergomb\u00f3l 11 \u00e9s 16 \u00f3ra k\u00f6z\u00f6tt \u00f3r\u00e1nk\u00e9nt indul\u00f3 Hunyadi kir\u00e1ndul\u00f3haj\u00f3val az esztergomi \u00f6nkorm\u00e1nyzat t\u00e1mogat\u00e1s\u00e1val, err\u0151l Hern\u00e1di \u00c1d\u00e1m \u00e1llapodott meg a haj\u00f3z\u00e1si t\u00e1rsas\u00e1g \u00fcgyvezet\u0151j\u00e9vel. Mindemellett a gyerekek k\u00eds\u00e9r\u0151inek a jegye is mind\u00f6ssze 500 forintba fog ker\u00fclni ezen a napon.<\/p>\n<p><img fetchpriority=\"high\" decoding=\"async\" class=\"alignnone size-full wp-image-33449\" src=\"https:\/\/dorogimedence.hu\/wp-content\/uploads\/2021\/05\/02376fa421d4d1348601cb523c0a96b9_f4370.jpg\" alt=\"\" width=\"940\" height=\"665\" srcset=\"https:\/\/dorogimedence.hu\/wp-content\/uploads\/2021\/05\/02376fa421d4d1348601cb523c0a96b9_f4370.jpg 940w, https:\/\/dorogimedence.hu\/wp-content\/uploads\/2021\/05\/02376fa421d4d1348601cb523c0a96b9_f4370-300x212.jpg 300w, https:\/\/dorogimedence.hu\/wp-content\/uploads\/2021\/05\/02376fa421d4d1348601cb523c0a96b9_f4370-768x543.jpg 768w, https:\/\/dorogimedence.hu\/wp-content\/uploads\/2021\/05\/02376fa421d4d1348601cb523c0a96b9_f4370-150x106.jpg 150w, https:\/\/dorogimedence.hu\/wp-content\/uploads\/2021\/05\/02376fa421d4d1348601cb523c0a96b9_f4370-450x318.jpg 450w\" sizes=\"(max-width: 940px) 100vw, 940px\" \/><\/p>\n<p>\u201eCsak biztatni tudok mindenkit, hogy l\u00e1togasson el Esztergomba, hiszen rengeteg l\u00e1tnival\u00f3 v\u00e1rja! A v\u00e1ros \u00e9s a kereszt\u00e9ny magyars\u00e1g jelk\u00e9p\u00e9nek egyar\u00e1nt tekinthet\u0151 Nagyboldogasszony \u00e9s Szent Adalbert F\u0151sz\u00e9kesegyh\u00e1z, azaz a bazilika \u00e9s a Magyar Nemzeti M\u00fazeum Esztergomi V\u00e1rm\u00fazeuma olyan kincseket rejt, amelyeket \u00e9rdemes \u00e9vr\u0151l \u00e9vre megn\u00e9zni. A Duna M\u00fazeum \u2013 amely nemr\u00e9g r\u00e9szes\u00fclt rangos nemzetk\u00f6zi elismer\u00e9sben \u2013 amellett, hogy rendk\u00edv\u00fcl l\u00e1tv\u00e1nyos ki\u00e1ll\u00edt\u00e1ssal \u00e9s nagyon gazdag ismeretterjeszt\u0151 anyagokkal b\u00edr, a legkisebbeknek is sz\u00f3rakoztat\u00f3 hely. A term\u00e9szetj\u00e1r\u00e1st el\u0151nyben r\u00e9szes\u00edt\u0151knek pedig ak\u00e1r a B\u00fab\u00e1natv\u00f6lgy, ak\u00e1r a Vaskapu j\u00f3 c\u00e9lpont lehet, \u00e9s a Duna-Ipoly Nemzeti Park (DINPI) Str\u00e1zsa-hegyi tan\u00f6sv\u00e9nye is sok \u00e9rdekess\u00e9get tartogat.\u201d <em>\u2013 \u00edgy \u00f6szt\u00f6nzi dr. V\u00f6lner P\u00e1l a kir\u00e1ndul\u00f3kat.<\/em><\/p>\n<p><em>Fot\u00f3k: mahartpassnave.hu<\/em><\/p>\n","protected":false},"excerpt":{"rendered":"<p>M\u00e1jus 29-\u00e9n, szombaton \u00fajraindul az Esztergom-Szob-Zebeg\u00e9ny k\u00f6rj\u00e1rat, gyermeknapon pedig ingyen haj\u00f3zhatnak a 18 \u00e9ven aluliak \u2013 \u00edrja dr. V\u00f6lner P\u00e1l, a t\u00e9rs\u00e9g orsz\u00e1ggy\u0171l\u00e9si k\u00e9pvisel\u0151je a k\u00f6z\u00f6ss\u00e9gi oldal\u00e1n. M\u00e1r szombaton \u00fajraindul az Esztergom-Szob-Zebeg\u00e9ny k\u00f6rj\u00e1rat. Sp\u00e1nyik G\u00e1bor, a MAHART PassNave Kft. \u00fcgyvezet\u0151je arr\u00f3l t\u00e1j\u00e9koztatta dr. V\u00f6lner P\u00e1lt, hogy Hern\u00e1di \u00c1d\u00e1m polg\u00e1rmester m\u00e1r kor\u00e1bban jelezte, hogy Esztergom turizmus\u00e1nak<\/p>\n","protected":false},"author":1,"featured_media":33448,"comment_status":"closed","ping_status":"closed","sticky":false,"template":"","format":"standard","meta":{"ngg_post_thumbnail":0,"footnotes":""},"categories":[38,3],"tags":[42,5624,936,747,2623,121],"class_list":{"0":"post-33447","1":"post","2":"type-post","3":"status-publish","4":"format-standard","5":"has-post-thumbnail","7":"category-esztergom","8":"category-hirek","9":"tag-esztergom","10":"tag-featured","11":"tag-gyermeknap","12":"tag-hajo","13":"tag-hajozas","14":"tag-kirandulas"},"yoast_head":"<!-- This site is optimized with the Yoast SEO plugin v27.5 - https:\/\/yoast.com\/product\/yoast-seo-wordpress\/ -->\n<title>Ingyen haj\u00f3zhatnak a gyerekek vas\u00e1rnap<\/title>\n<meta name=\"robots\" content=\"index, follow, max-snippet:-1, max-image-preview:large, max-video-preview:-1\" \/>\n<link rel=\"canonical\" href=\"https:\/\/dorogimedence.hu\/index.php\/2021\/05\/27\/ingyen-hajozhatnak-a-gyerekek-vasarnap\/\" class=\"yoast-seo-meta-tag\" \/>\n<meta property=\"og:locale\" content=\"hu_HU\" class=\"yoast-seo-meta-tag\" \/>\n<meta property=\"og:type\" content=\"article\" class=\"yoast-seo-meta-tag\" \/>\n<meta property=\"og:title\" content=\"Ingyen haj\u00f3zhatnak a gyerekek vas\u00e1rnap\" class=\"yoast-seo-meta-tag\" \/>\n<meta property=\"og:description\" content=\"M\u00e1jus 29-\u00e9n, szombaton \u00fajraindul az Esztergom-Szob-Zebeg\u00e9ny k\u00f6rj\u00e1rat, gyermeknapon pedig ingyen haj\u00f3zhatnak a 18 \u00e9ven aluliak \u2013 \u00edrja dr. V\u00f6lner P\u00e1l, a t\u00e9rs\u00e9g orsz\u00e1ggy\u0171l\u00e9si k\u00e9pvisel\u0151je a k\u00f6z\u00f6ss\u00e9gi oldal\u00e1n. M\u00e1r szombaton \u00fajraindul az Esztergom-Szob-Zebeg\u00e9ny k\u00f6rj\u00e1rat. Sp\u00e1nyik G\u00e1bor, a MAHART PassNave Kft. \u00fcgyvezet\u0151je arr\u00f3l t\u00e1j\u00e9koztatta dr. V\u00f6lner P\u00e1lt, hogy Hern\u00e1di \u00c1d\u00e1m polg\u00e1rmester m\u00e1r kor\u00e1bban jelezte, hogy Esztergom turizmus\u00e1nak\" class=\"yoast-seo-meta-tag\" \/>\n<meta property=\"og:url\" content=\"https:\/\/dorogimedence.hu\/index.php\/2021\/05\/27\/ingyen-hajozhatnak-a-gyerekek-vasarnap\/\" class=\"yoast-seo-meta-tag\" \/>\n<meta property=\"og:site_name\" content=\"Dorogi-medence Region\u00e1lis H\u00edrport\u00e1l\" class=\"yoast-seo-meta-tag\" \/>\n<meta property=\"article:publisher\" content=\"https:\/\/www.facebook.com\/dorogimedence\/\" class=\"yoast-seo-meta-tag\" \/>\n<meta property=\"article:published_time\" content=\"2021-05-27T12:31:53+00:00\" class=\"yoast-seo-meta-tag\" \/>\n<meta property=\"article:modified_time\" content=\"2021-05-27T12:32:21+00:00\" class=\"yoast-seo-meta-tag\" \/>\n<meta property=\"og:image\" content=\"https:\/\/i0.wp.com\/dorogimedence.hu\/wp-content\/uploads\/2021\/05\/hajo-gyermeknap.jpg?fit=1920%2C1281&ssl=1\" class=\"yoast-seo-meta-tag\" \/>\n\t<meta property=\"og:image:width\" content=\"1920\" class=\"yoast-seo-meta-tag\" \/>\n\t<meta property=\"og:image:height\" content=\"1281\" class=\"yoast-seo-meta-tag\" \/>\n\t<meta property=\"og:image:type\" content=\"image\/jpeg\" class=\"yoast-seo-meta-tag\" \/>\n<meta name=\"author\" content=\"dorogimedence.hu\" class=\"yoast-seo-meta-tag\" \/>\n<meta name=\"twitter:card\" content=\"summary_large_image\" class=\"yoast-seo-meta-tag\" \/>\n<meta name=\"twitter:label1\" content=\"Szerz\u0151:\" class=\"yoast-seo-meta-tag\" \/>\n\t<meta name=\"twitter:data1\" content=\"dorogimedence.hu\" class=\"yoast-seo-meta-tag\" \/>\n\t<meta name=\"twitter:label2\" content=\"Becs\u00fclt olvas\u00e1si id\u0151\" class=\"yoast-seo-meta-tag\" \/>\n\t<meta name=\"twitter:data2\" content=\"2 perc\" class=\"yoast-seo-meta-tag\" \/>\n<script type=\"application\/ld+json\" class=\"yoast-schema-graph\">{\"@context\":\"https:\\\/\\\/schema.org\",\"@graph\":[{\"@type\":\"Article\",\"@id\":\"https:\\\/\\\/dorogimedence.hu\\\/index.php\\\/2021\\\/05\\\/27\\\/ingyen-hajozhatnak-a-gyerekek-vasarnap\\\/#article\",\"isPartOf\":{\"@id\":\"https:\\\/\\\/dorogimedence.hu\\\/index.php\\\/2021\\\/05\\\/27\\\/ingyen-hajozhatnak-a-gyerekek-vasarnap\\\/\"},\"author\":{\"name\":\"dorogimedence.hu\",\"@id\":\"https:\\\/\\\/dorogimedence.hu\\\/#\\\/schema\\\/person\\\/ce6091eeb7e95ecdc87890d6aa8e0fd4\"},\"headline\":\"Ingyen haj\u00f3zhatnak a gyerekek vas\u00e1rnap\",\"datePublished\":\"2021-05-27T12:31:53+00:00\",\"dateModified\":\"2021-05-27T12:32:21+00:00\",\"mainEntityOfPage\":{\"@id\":\"https:\\\/\\\/dorogimedence.hu\\\/index.php\\\/2021\\\/05\\\/27\\\/ingyen-hajozhatnak-a-gyerekek-vasarnap\\\/\"},\"wordCount\":405,\"publisher\":{\"@id\":\"https:\\\/\\\/dorogimedence.hu\\\/#organization\"},\"image\":{\"@id\":\"https:\\\/\\\/dorogimedence.hu\\\/index.php\\\/2021\\\/05\\\/27\\\/ingyen-hajozhatnak-a-gyerekek-vasarnap\\\/#primaryimage\"},\"thumbnailUrl\":\"https:\\\/\\\/dorogimedence.hu\\\/wp-content\\\/uploads\\\/2021\\\/05\\\/hajo-gyermeknap.jpg\",\"keywords\":[\"esztergom\",\"featured\",\"gyermeknap\",\"haj\u00f3\",\"haj\u00f3z\u00e1s\",\"kir\u00e1ndul\u00e1s\"],\"articleSection\":[\"Esztergom\",\"H\u00edrek\"],\"inLanguage\":\"hu\"},{\"@type\":\"WebPage\",\"@id\":\"https:\\\/\\\/dorogimedence.hu\\\/index.php\\\/2021\\\/05\\\/27\\\/ingyen-hajozhatnak-a-gyerekek-vasarnap\\\/\",\"url\":\"https:\\\/\\\/dorogimedence.hu\\\/index.php\\\/2021\\\/05\\\/27\\\/ingyen-hajozhatnak-a-gyerekek-vasarnap\\\/\",\"name\":\"Ingyen haj\u00f3zhatnak a gyerekek vas\u00e1rnap\",\"isPartOf\":{\"@id\":\"https:\\\/\\\/dorogimedence.hu\\\/#website\"},\"primaryImageOfPage\":{\"@id\":\"https:\\\/\\\/dorogimedence.hu\\\/index.php\\\/2021\\\/05\\\/27\\\/ingyen-hajozhatnak-a-gyerekek-vasarnap\\\/#primaryimage\"},\"image\":{\"@id\":\"https:\\\/\\\/dorogimedence.hu\\\/index.php\\\/2021\\\/05\\\/27\\\/ingyen-hajozhatnak-a-gyerekek-vasarnap\\\/#primaryimage\"},\"thumbnailUrl\":\"https:\\\/\\\/dorogimedence.hu\\\/wp-content\\\/uploads\\\/2021\\\/05\\\/hajo-gyermeknap.jpg\",\"datePublished\":\"2021-05-27T12:31:53+00:00\",\"dateModified\":\"2021-05-27T12:32:21+00:00\",\"breadcrumb\":{\"@id\":\"https:\\\/\\\/dorogimedence.hu\\\/index.php\\\/2021\\\/05\\\/27\\\/ingyen-hajozhatnak-a-gyerekek-vasarnap\\\/#breadcrumb\"},\"inLanguage\":\"hu\",\"potentialAction\":[{\"@type\":\"ReadAction\",\"target\":[\"https:\\\/\\\/dorogimedence.hu\\\/index.php\\\/2021\\\/05\\\/27\\\/ingyen-hajozhatnak-a-gyerekek-vasarnap\\\/\"]}]},{\"@type\":\"ImageObject\",\"inLanguage\":\"hu\",\"@id\":\"https:\\\/\\\/dorogimedence.hu\\\/index.php\\\/2021\\\/05\\\/27\\\/ingyen-hajozhatnak-a-gyerekek-vasarnap\\\/#primaryimage\",\"url\":\"https:\\\/\\\/dorogimedence.hu\\\/wp-content\\\/uploads\\\/2021\\\/05\\\/hajo-gyermeknap.jpg\",\"contentUrl\":\"https:\\\/\\\/dorogimedence.hu\\\/wp-content\\\/uploads\\\/2021\\\/05\\\/hajo-gyermeknap.jpg\",\"width\":1920,\"height\":1281},{\"@type\":\"BreadcrumbList\",\"@id\":\"https:\\\/\\\/dorogimedence.hu\\\/index.php\\\/2021\\\/05\\\/27\\\/ingyen-hajozhatnak-a-gyerekek-vasarnap\\\/#breadcrumb\",\"itemListElement\":[{\"@type\":\"ListItem\",\"position\":1,\"name\":\"Kezd\u0151lap\",\"item\":\"https:\\\/\\\/dorogimedence.hu\\\/\"},{\"@type\":\"ListItem\",\"position\":2,\"name\":\"Ingyen haj\u00f3zhatnak a gyerekek vas\u00e1rnap\"}]},{\"@type\":\"WebSite\",\"@id\":\"https:\\\/\\\/dorogimedence.hu\\\/#website\",\"url\":\"https:\\\/\\\/dorogimedence.hu\\\/\",\"name\":\"Dorogi-medence Region\u00e1lis H\u00edrport\u00e1l\",\"description\":\"Dorog, Keszt\u00f6lc, Le\u00e1nyv\u00e1r, Piliscs\u00e9v, Tokod, Tokodalt\u00e1r\u00f3, Csolnok, Esztergom-kertv\u00e1ros: h\u00edrek, programok\",\"publisher\":{\"@id\":\"https:\\\/\\\/dorogimedence.hu\\\/#organization\"},\"potentialAction\":[{\"@type\":\"SearchAction\",\"target\":{\"@type\":\"EntryPoint\",\"urlTemplate\":\"https:\\\/\\\/dorogimedence.hu\\\/?s={search_term_string}\"},\"query-input\":{\"@type\":\"PropertyValueSpecification\",\"valueRequired\":true,\"valueName\":\"search_term_string\"}}],\"inLanguage\":\"hu\"},{\"@type\":\"Organization\",\"@id\":\"https:\\\/\\\/dorogimedence.hu\\\/#organization\",\"name\":\"Dorogi-medence Region\u00e1lis H\u00edrport\u00e1l\",\"url\":\"https:\\\/\\\/dorogimedence.hu\\\/\",\"logo\":{\"@type\":\"ImageObject\",\"inLanguage\":\"hu\",\"@id\":\"https:\\\/\\\/dorogimedence.hu\\\/#\\\/schema\\\/logo\\\/image\\\/\",\"url\":\"https:\\\/\\\/dorogimedence.hu\\\/wp-content\\\/uploads\\\/2021\\\/04\\\/logo-feher-600.png\",\"contentUrl\":\"https:\\\/\\\/dorogimedence.hu\\\/wp-content\\\/uploads\\\/2021\\\/04\\\/logo-feher-600.png\",\"width\":600,\"height\":100,\"caption\":\"Dorogi-medence Region\u00e1lis H\u00edrport\u00e1l\"},\"image\":{\"@id\":\"https:\\\/\\\/dorogimedence.hu\\\/#\\\/schema\\\/logo\\\/image\\\/\"},\"sameAs\":[\"https:\\\/\\\/www.facebook.com\\\/dorogimedence\\\/\"]},{\"@type\":\"Person\",\"@id\":\"https:\\\/\\\/dorogimedence.hu\\\/#\\\/schema\\\/person\\\/ce6091eeb7e95ecdc87890d6aa8e0fd4\",\"name\":\"dorogimedence.hu\",\"image\":{\"@type\":\"ImageObject\",\"inLanguage\":\"hu\",\"@id\":\"\\\/\\\/www.gravatar.com\\\/avatar\\\/d8d45f8901aadff40a4af72c0b826f1d?s=96&#038;r=g&#038;d=mm\",\"url\":\"\\\/\\\/www.gravatar.com\\\/avatar\\\/d8d45f8901aadff40a4af72c0b826f1d?s=96&#038;r=g&#038;d=mm\",\"contentUrl\":\"\\\/\\\/www.gravatar.com\\\/avatar\\\/d8d45f8901aadff40a4af72c0b826f1d?s=96&#038;r=g&#038;d=mm\",\"caption\":\"dorogimedence.hu\"}}]}<\/script>\n<!-- \/ Yoast SEO plugin. -->","yoast_head_json":{"title":"Ingyen haj\u00f3zhatnak a gyerekek vas\u00e1rnap","robots":{"index":"index","follow":"follow","max-snippet":"max-snippet:-1","max-image-preview":"max-image-preview:large","max-video-preview":"max-video-preview:-1"},"canonical":"https:\/\/dorogimedence.hu\/index.php\/2021\/05\/27\/ingyen-hajozhatnak-a-gyerekek-vasarnap\/","og_locale":"hu_HU","og_type":"article","og_title":"Ingyen haj\u00f3zhatnak a gyerekek vas\u00e1rnap","og_description":"M\u00e1jus 29-\u00e9n, szombaton \u00fajraindul az Esztergom-Szob-Zebeg\u00e9ny k\u00f6rj\u00e1rat, gyermeknapon pedig ingyen haj\u00f3zhatnak a 18 \u00e9ven aluliak \u2013 \u00edrja dr. V\u00f6lner P\u00e1l, a t\u00e9rs\u00e9g orsz\u00e1ggy\u0171l\u00e9si k\u00e9pvisel\u0151je a k\u00f6z\u00f6ss\u00e9gi oldal\u00e1n. M\u00e1r szombaton \u00fajraindul az Esztergom-Szob-Zebeg\u00e9ny k\u00f6rj\u00e1rat. Sp\u00e1nyik G\u00e1bor, a MAHART PassNave Kft. \u00fcgyvezet\u0151je arr\u00f3l t\u00e1j\u00e9koztatta dr. V\u00f6lner P\u00e1lt, hogy Hern\u00e1di \u00c1d\u00e1m polg\u00e1rmester m\u00e1r kor\u00e1bban jelezte, hogy Esztergom turizmus\u00e1nak","og_url":"https:\/\/dorogimedence.hu\/index.php\/2021\/05\/27\/ingyen-hajozhatnak-a-gyerekek-vasarnap\/","og_site_name":"Dorogi-medence Region\u00e1lis H\u00edrport\u00e1l","article_publisher":"https:\/\/www.facebook.com\/dorogimedence\/","article_published_time":"2021-05-27T12:31:53+00:00","article_modified_time":"2021-05-27T12:32:21+00:00","og_image":[{"width":1920,"height":1281,"url":"https:\/\/i0.wp.com\/dorogimedence.hu\/wp-content\/uploads\/2021\/05\/hajo-gyermeknap.jpg?fit=1920%2C1281&ssl=1","type":"image\/jpeg"}],"author":"dorogimedence.hu","twitter_card":"summary_large_image","twitter_misc":{"Szerz\u0151:":"dorogimedence.hu","Becs\u00fclt olvas\u00e1si id\u0151":"2 perc"},"schema":{"@context":"https:\/\/schema.org","@graph":[{"@type":"Article","@id":"https:\/\/dorogimedence.hu\/index.php\/2021\/05\/27\/ingyen-hajozhatnak-a-gyerekek-vasarnap\/#article","isPartOf":{"@id":"https:\/\/dorogimedence.hu\/index.php\/2021\/05\/27\/ingyen-hajozhatnak-a-gyerekek-vasarnap\/"},"author":{"name":"dorogimedence.hu","@id":"https:\/\/dorogimedence.hu\/#\/schema\/person\/ce6091eeb7e95ecdc87890d6aa8e0fd4"},"headline":"Ingyen haj\u00f3zhatnak a gyerekek vas\u00e1rnap","datePublished":"2021-05-27T12:31:53+00:00","dateModified":"2021-05-27T12:32:21+00:00","mainEntityOfPage":{"@id":"https:\/\/dorogimedence.hu\/index.php\/2021\/05\/27\/ingyen-hajozhatnak-a-gyerekek-vasarnap\/"},"wordCount":405,"publisher":{"@id":"https:\/\/dorogimedence.hu\/#organization"},"image":{"@id":"https:\/\/dorogimedence.hu\/index.php\/2021\/05\/27\/ingyen-hajozhatnak-a-gyerekek-vasarnap\/#primaryimage"},"thumbnailUrl":"https:\/\/dorogimedence.hu\/wp-content\/uploads\/2021\/05\/hajo-gyermeknap.jpg","keywords":["esztergom","featured","gyermeknap","haj\u00f3","haj\u00f3z\u00e1s","kir\u00e1ndul\u00e1s"],"articleSection":["Esztergom","H\u00edrek"],"inLanguage":"hu"},{"@type":"WebPage","@id":"https:\/\/dorogimedence.hu\/index.php\/2021\/05\/27\/ingyen-hajozhatnak-a-gyerekek-vasarnap\/","url":"https:\/\/dorogimedence.hu\/index.php\/2021\/05\/27\/ingyen-hajozhatnak-a-gyerekek-vasarnap\/","name":"Ingyen haj\u00f3zhatnak a gyerekek vas\u00e1rnap","isPartOf":{"@id":"https:\/\/dorogimedence.hu\/#website"},"primaryImageOfPage":{"@id":"https:\/\/dorogimedence.hu\/index.php\/2021\/05\/27\/ingyen-hajozhatnak-a-gyerekek-vasarnap\/#primaryimage"},"image":{"@id":"https:\/\/dorogimedence.hu\/index.php\/2021\/05\/27\/ingyen-hajozhatnak-a-gyerekek-vasarnap\/#primaryimage"},"thumbnailUrl":"https:\/\/dorogimedence.hu\/wp-content\/uploads\/2021\/05\/hajo-gyermeknap.jpg","datePublished":"2021-05-27T12:31:53+00:00","dateModified":"2021-05-27T12:32:21+00:00","breadcrumb":{"@id":"https:\/\/dorogimedence.hu\/index.php\/2021\/05\/27\/ingyen-hajozhatnak-a-gyerekek-vasarnap\/#breadcrumb"},"inLanguage":"hu","potentialAction":[{"@type":"ReadAction","target":["https:\/\/dorogimedence.hu\/index.php\/2021\/05\/27\/ingyen-hajozhatnak-a-gyerekek-vasarnap\/"]}]},{"@type":"ImageObject","inLanguage":"hu","@id":"https:\/\/dorogimedence.hu\/index.php\/2021\/05\/27\/ingyen-hajozhatnak-a-gyerekek-vasarnap\/#primaryimage","url":"https:\/\/dorogimedence.hu\/wp-content\/uploads\/2021\/05\/hajo-gyermeknap.jpg","contentUrl":"https:\/\/dorogimedence.hu\/wp-content\/uploads\/2021\/05\/hajo-gyermeknap.jpg","width":1920,"height":1281},{"@type":"BreadcrumbList","@id":"https:\/\/dorogimedence.hu\/index.php\/2021\/05\/27\/ingyen-hajozhatnak-a-gyerekek-vasarnap\/#breadcrumb","itemListElement":[{"@type":"ListItem","position":1,"name":"Kezd\u0151lap","item":"https:\/\/dorogimedence.hu\/"},{"@type":"ListItem","position":2,"name":"Ingyen haj\u00f3zhatnak a gyerekek vas\u00e1rnap"}]},{"@type":"WebSite","@id":"https:\/\/dorogimedence.hu\/#website","url":"https:\/\/dorogimedence.hu\/","name":"Dorogi-medence Region\u00e1lis H\u00edrport\u00e1l","description":"Dorog, Keszt\u00f6lc, Le\u00e1nyv\u00e1r, Piliscs\u00e9v, Tokod, Tokodalt\u00e1r\u00f3, Csolnok, Esztergom-kertv\u00e1ros: h\u00edrek, programok","publisher":{"@id":"https:\/\/dorogimedence.hu\/#organization"},"potentialAction":[{"@type":"SearchAction","target":{"@type":"EntryPoint","urlTemplate":"https:\/\/dorogimedence.hu\/?s={search_term_string}"},"query-input":{"@type":"PropertyValueSpecification","valueRequired":true,"valueName":"search_term_string"}}],"inLanguage":"hu"},{"@type":"Organization","@id":"https:\/\/dorogimedence.hu\/#organization","name":"Dorogi-medence Region\u00e1lis H\u00edrport\u00e1l","url":"https:\/\/dorogimedence.hu\/","logo":{"@type":"ImageObject","inLanguage":"hu","@id":"https:\/\/dorogimedence.hu\/#\/schema\/logo\/image\/","url":"https:\/\/dorogimedence.hu\/wp-content\/uploads\/2021\/04\/logo-feher-600.png","contentUrl":"https:\/\/dorogimedence.hu\/wp-content\/uploads\/2021\/04\/logo-feher-600.png","width":600,"height":100,"caption":"Dorogi-medence Region\u00e1lis H\u00edrport\u00e1l"},"image":{"@id":"https:\/\/dorogimedence.hu\/#\/schema\/logo\/image\/"},"sameAs":["https:\/\/www.facebook.com\/dorogimedence\/"]},{"@type":"Person","@id":"https:\/\/dorogimedence.hu\/#\/schema\/person\/ce6091eeb7e95ecdc87890d6aa8e0fd4","name":"dorogimedence.hu","image":{"@type":"ImageObject","inLanguage":"hu","@id":"\/\/www.gravatar.com\/avatar\/d8d45f8901aadff40a4af72c0b826f1d?s=96&#038;r=g&#038;d=mm","url":"\/\/www.gravatar.com\/avatar\/d8d45f8901aadff40a4af72c0b826f1d?s=96&#038;r=g&#038;d=mm","contentUrl":"\/\/www.gravatar.com\/avatar\/d8d45f8901aadff40a4af72c0b826f1d?s=96&#038;r=g&#038;d=mm","caption":"dorogimedence.hu"}}]}},"_links":{"self":[{"href":"https:\/\/dorogimedence.hu\/index.php\/wp-json\/wp\/v2\/posts\/33447","targetHints":{"allow":["GET"]}}],"collection":[{"href":"https:\/\/dorogimedence.hu\/index.php\/wp-json\/wp\/v2\/posts"}],"about":[{"href":"https:\/\/dorogimedence.hu\/index.php\/wp-json\/wp\/v2\/types\/post"}],"author":[{"embeddable":true,"href":"https:\/\/dorogimedence.hu\/index.php\/wp-json\/wp\/v2\/users\/1"}],"replies":[{"embeddable":true,"href":"https:\/\/dorogimedence.hu\/index.php\/wp-json\/wp\/v2\/comments?post=33447"}],"version-history":[{"count":0,"href":"https:\/\/dorogimedence.hu\/index.php\/wp-json\/wp\/v2\/posts\/33447\/revisions"}],"wp:featuredmedia":[{"embeddable":true,"href":"https:\/\/dorogimedence.hu\/index.php\/wp-json\/wp\/v2\/media\/33448"}],"wp:attachment":[{"href":"https:\/\/dorogimedence.hu\/index.php\/wp-json\/wp\/v2\/media?parent=33447"}],"wp:term":[{"taxonomy":"category","embeddable":true,"href":"https:\/\/dorogimedence.hu\/index.php\/wp-json\/wp\/v2\/categories?post=33447"},{"taxonomy":"post_tag","embeddable":true,"href":"https:\/\/dorogimedence.hu\/index.php\/wp-json\/wp\/v2\/tags?post=33447"}],"curies":[{"name":"wp","href":"https:\/\/api.w.org\/{rel}","templated":true}]}}