{"id":3336,"date":"2017-05-24T14:36:26","date_gmt":"2017-05-24T12:36:26","guid":{"rendered":"http:\/\/dorogimedence.hu\/?p=3336"},"modified":"2017-05-24T14:36:26","modified_gmt":"2017-05-24T12:36:26","slug":"10-evet-kapott-a-tati-robbanto","status":"publish","type":"post","link":"https:\/\/dorogimedence.hu\/index.php\/2017\/05\/24\/10-evet-kapott-a-tati-robbanto\/","title":{"rendered":"10 \u00e9vet kapott a t\u00e1ti robbant\u00f3"},"content":{"rendered":"<p><strong>T\u00edz \u00e9v fegyh\u00e1zra \u00edt\u00e9lt a Tatab\u00e1nyai T\u00f6rv\u00e9nysz\u00e9k kedden egy f\u00e9rfit, aki 2014 janu\u00e1rj\u00e1ban k\u00e9t t\u00e1rs\u00e1val ellopott egy nyom\u00e1s alatt \u00e1ll\u00f3 g\u00e1zcs\u00f6vet egy csal\u00e1di h\u00e1z alagsor\u00e1b\u00f3l T\u00e1ton, emiatt az \u00e9p\u00fclet megtelt g\u00e1zzal \u00e9s felrobbant. Az \u00edt\u00e9let csak a harmadrend\u0171 v\u00e1dlott eset\u00e9ben emelkedett joger\u0151re<\/strong> <em>&#8211; \u00edrja az MTI.<\/em><\/p>\n<p><span id=\"ctl05_lbBody\">A v\u00e1dlott \u00e9s k\u00e9t t\u00e1rsa a n\u00e9h\u00e1ny m\u00e9ter r\u00e9zcs\u0151 ellop\u00e1s\u00e1val 15 ezer forintos k\u00e1rt okozott. A lop\u00e1s okozta robban\u00e1s k\u00f6vetkezt\u00e9ben azonban a h\u00e1romszintes lak\u00f3h\u00e1z megsemmis\u00fclt, emellett tov\u00e1bbi 25 h\u00e1z \u00e9s k\u00e9t j\u00e1rm\u0171 rong\u00e1l\u00f3dott meg, a v\u00e1dirat szerint csaknem hetvenmilli\u00f3 forint \u00e9rt\u00e9kben &#8211; ismertette az elj\u00e1r\u00f3 b\u00edr\u00f3.<\/span><\/p>\n<p><span id=\"ctl05_lbBody\">\u00c9l\u0151 Andr\u00e1s hozz\u00e1tette, mindh\u00e1rom v\u00e1dlott felismerte, hogy g\u00e1zrobban\u00e1s k\u00f6vetkezhet be. A harmadrend\u0171 v\u00e1dlott a sziv\u00e1rg\u00e1st \u00e9szlelve el is ment a helysz\u00ednr\u0151l, az els\u0151- \u00e9s a m\u00e1sodrend\u0171 v\u00e1dlott pedig semmit nem tett az\u00e9rt, hogy a megakad\u00e1lyozza a legal\u00e1bb kilenc \u00f3r\u00e1n \u00e1t tart\u00f3 g\u00e1z\u00f6ml\u00e9st.<\/span><\/p>\n<p><span id=\"ctl05_lbBody\">A v\u00e1dlottak tudt\u00e1k, hogy a s\u00e9rtett hosszabb ideig nem tart\u00f3zkodik t\u00e1ti h\u00e1z\u00e1ban, ez\u00e9rt t\u00f6bb alkalommal bementek az ingatlanba, \u00e9s el\u0151sz\u00f6r f\u00e9mt\u00e1rgyakat, majd k\u00fcl\u00f6nf\u00e9le ing\u00f3s\u00e1gokat loptak el. Amikor az alagsorban megbontott\u00e1k a nyom\u00e1s alatt \u00e1ll g\u00e1zvezet\u00e9ket, a f\u00f6ldg\u00e1z felsziv\u00e1rgott a tet\u0151t\u00e9rig, majd az ott t\u00e1rolt fagyaszt\u00f3l\u00e1da kikapcsol\u00f3d\u00e1sa sor\u00e1n kialakult szikra berobbantotta a g\u00e1zelegyet. A robban\u00e1sban senki sem s\u00e9r\u00fclt meg, de a h\u00e1z megsemmis\u00fclt.<\/span><\/p>\n<p><span id=\"ctl05_lbBody\">A Tatab\u00e1nyai T\u00f6rv\u00e9nysz\u00e9k az els\u0151rend\u0171 v\u00e1dlottat k\u00f6zvesz\u00e9lyokoz\u00e1s \u00e9s lop\u00e1s miatt t\u00f6bbsz\u00f6r\u00f6s visszaes\u0151k\u00e9nt t\u00edz \u00e9v fegyh\u00e1zb\u00fcntet\u00e9sre \u00edt\u00e9lte. A f\u00e9rfi felt\u00e9teles szabadl\u00e1bra nem bocs\u00e1that\u00f3, mert kor\u00e1bban 13 \u00e9v fegyh\u00e1zra \u00edt\u00e9lt\u00e9k \u00e9s ezt a cselekm\u00e9nyt felt\u00e9teles szabadul\u00e1sa idej\u00e9n k\u00f6vette el.<\/span><\/p>\n<p><span id=\"ctl05_lbBody\">A m\u00e1sodrend\u0171 v\u00e1dlott k\u00f6zvesz\u00e9lyokoz\u00e1s \u00e9s lop\u00e1s miatt \u00f6t \u00e9s f\u00e9l \u00e9v b\u00f6rt\u00f6nb\u00fcntet\u00e9st kapott, \u0151 a b\u0171ncselekm\u00e9nyt pr\u00f3b\u00e1ra bocs\u00e1t\u00e1s ideje alatt k\u00f6vette el. A harmadrend\u0171 v\u00e1dlottat csak lop\u00e1s miatt marasztalt\u00e1k el, egy \u00e9v b\u00f6rt\u00f6nre \u00edt\u00e9lt\u00e9k, a b\u00fcntet\u00e9s v\u00e9grehajt\u00e1s\u00e1t k\u00e9t \u00e9vre felf\u00fcggesztve.<\/span><\/p>\n<p><span id=\"ctl05_lbBody\">A t\u00f6rv\u00e9nysz\u00e9k az els\u0151- \u00e9s a m\u00e1sodrend\u0171 v\u00e1dlottat egyetemlegesen csaknem 45 milli\u00f3 forint k\u00e1rt\u00e9r\u00edt\u00e9s megfizet\u00e9s\u00e9re k\u00f6telezte.<\/span><\/p>\n<p><span id=\"ctl05_lbBody\">Az \u00edt\u00e9let a harmadrend\u0171 v\u00e1dlott eset\u00e9ben joger\u0151re emelkedett. Az els\u0151- \u00e9s a m\u00e1sodrend\u0171 v\u00e1dlott enyh\u00edt\u00e9s\u00e9rt fellebbezett, az \u00fcgy\u00e9sz h\u00e1rom nap gondolkod\u00e1si id\u0151t k\u00e9rt.<\/span><\/p>\n<p><em>Forr\u00e1s: MTI<\/em><br \/>\n<em>Fot\u00f3: Barlangi Gerg\u0151 2011. (kemma.hu)<\/em><\/p>\n","protected":false},"excerpt":{"rendered":"<p>T\u00edz \u00e9v fegyh\u00e1zra \u00edt\u00e9lt a Tatab\u00e1nyai T\u00f6rv\u00e9nysz\u00e9k kedden egy f\u00e9rfit, aki 2014 janu\u00e1rj\u00e1ban k\u00e9t t\u00e1rs\u00e1val ellopott egy nyom\u00e1s alatt \u00e1ll\u00f3 g\u00e1zcs\u00f6vet egy csal\u00e1di h\u00e1z alagsor\u00e1b\u00f3l T\u00e1ton, emiatt az \u00e9p\u00fclet megtelt g\u00e1zzal \u00e9s felrobbant. Az \u00edt\u00e9let csak a harmadrend\u0171 v\u00e1dlott eset\u00e9ben emelkedett joger\u0151re &#8211; \u00edrja az MTI. A v\u00e1dlott \u00e9s k\u00e9t t\u00e1rsa a n\u00e9h\u00e1ny m\u00e9ter r\u00e9zcs\u0151<\/p>\n","protected":false},"author":1,"featured_media":3337,"comment_status":"closed","ping_status":"closed","sticky":false,"template":"","format":"standard","meta":{"ngg_post_thumbnail":0,"footnotes":""},"categories":[3,110],"tags":[1042,63,575,111],"class_list":{"0":"post-3336","1":"post","2":"type-post","3":"status-publish","4":"format-standard","5":"has-post-thumbnail","7":"category-hirek","8":"category-tat","9":"tag-birosag","10":"tag-buncselekmeny","11":"tag-robbantas","12":"tag-tat"},"yoast_head":"<!-- This site is optimized with the Yoast SEO plugin v27.4 - https:\/\/yoast.com\/product\/yoast-seo-wordpress\/ -->\n<title>10 \u00e9vet kapott a t\u00e1ti robbant\u00f3<\/title>\n<meta name=\"robots\" content=\"index, follow, max-snippet:-1, max-image-preview:large, max-video-preview:-1\" \/>\n<link rel=\"canonical\" href=\"https:\/\/dorogimedence.hu\/index.php\/2017\/05\/24\/10-evet-kapott-a-tati-robbanto\/\" class=\"yoast-seo-meta-tag\" \/>\n<meta property=\"og:locale\" content=\"hu_HU\" class=\"yoast-seo-meta-tag\" \/>\n<meta property=\"og:type\" content=\"article\" class=\"yoast-seo-meta-tag\" \/>\n<meta property=\"og:title\" content=\"10 \u00e9vet kapott a t\u00e1ti robbant\u00f3\" class=\"yoast-seo-meta-tag\" \/>\n<meta property=\"og:description\" content=\"T\u00edz \u00e9v fegyh\u00e1zra \u00edt\u00e9lt a Tatab\u00e1nyai T\u00f6rv\u00e9nysz\u00e9k kedden egy f\u00e9rfit, aki 2014 janu\u00e1rj\u00e1ban k\u00e9t t\u00e1rs\u00e1val ellopott egy nyom\u00e1s alatt \u00e1ll\u00f3 g\u00e1zcs\u00f6vet egy csal\u00e1di h\u00e1z alagsor\u00e1b\u00f3l T\u00e1ton, emiatt az \u00e9p\u00fclet megtelt g\u00e1zzal \u00e9s felrobbant. Az \u00edt\u00e9let csak a harmadrend\u0171 v\u00e1dlott eset\u00e9ben emelkedett joger\u0151re &#8211; \u00edrja az MTI. A v\u00e1dlott \u00e9s k\u00e9t t\u00e1rsa a n\u00e9h\u00e1ny m\u00e9ter r\u00e9zcs\u0151\" class=\"yoast-seo-meta-tag\" \/>\n<meta property=\"og:url\" content=\"https:\/\/dorogimedence.hu\/index.php\/2017\/05\/24\/10-evet-kapott-a-tati-robbanto\/\" class=\"yoast-seo-meta-tag\" \/>\n<meta property=\"og:site_name\" content=\"Dorogi-medence Region\u00e1lis H\u00edrport\u00e1l\" class=\"yoast-seo-meta-tag\" \/>\n<meta property=\"article:publisher\" content=\"https:\/\/www.facebook.com\/dorogimedence\/\" class=\"yoast-seo-meta-tag\" \/>\n<meta property=\"article:published_time\" content=\"2017-05-24T12:36:26+00:00\" class=\"yoast-seo-meta-tag\" \/>\n<meta property=\"og:image\" content=\"https:\/\/i0.wp.com\/dorogimedence.hu\/wp-content\/uploads\/2017\/05\/tati-robbantas.jpg?fit=670%2C365&ssl=1\" class=\"yoast-seo-meta-tag\" \/>\n\t<meta property=\"og:image:width\" content=\"670\" class=\"yoast-seo-meta-tag\" \/>\n\t<meta property=\"og:image:height\" content=\"365\" class=\"yoast-seo-meta-tag\" \/>\n\t<meta property=\"og:image:type\" content=\"image\/jpeg\" class=\"yoast-seo-meta-tag\" \/>\n<meta name=\"author\" content=\"dorogimedence.hu\" class=\"yoast-seo-meta-tag\" \/>\n<meta name=\"twitter:card\" content=\"summary_large_image\" class=\"yoast-seo-meta-tag\" \/>\n<meta name=\"twitter:label1\" content=\"Szerz\u0151:\" class=\"yoast-seo-meta-tag\" \/>\n\t<meta name=\"twitter:data1\" content=\"dorogimedence.hu\" class=\"yoast-seo-meta-tag\" \/>\n\t<meta name=\"twitter:label2\" content=\"Becs\u00fclt olvas\u00e1si id\u0151\" class=\"yoast-seo-meta-tag\" \/>\n\t<meta name=\"twitter:data2\" content=\"3 perc\" class=\"yoast-seo-meta-tag\" \/>\n<script type=\"application\/ld+json\" class=\"yoast-schema-graph\">{\"@context\":\"https:\\\/\\\/schema.org\",\"@graph\":[{\"@type\":\"Article\",\"@id\":\"https:\\\/\\\/dorogimedence.hu\\\/index.php\\\/2017\\\/05\\\/24\\\/10-evet-kapott-a-tati-robbanto\\\/#article\",\"isPartOf\":{\"@id\":\"https:\\\/\\\/dorogimedence.hu\\\/index.php\\\/2017\\\/05\\\/24\\\/10-evet-kapott-a-tati-robbanto\\\/\"},\"author\":{\"name\":\"dorogimedence.hu\",\"@id\":\"https:\\\/\\\/dorogimedence.hu\\\/#\\\/schema\\\/person\\\/ce6091eeb7e95ecdc87890d6aa8e0fd4\"},\"headline\":\"10 \u00e9vet kapott a t\u00e1ti robbant\u00f3\",\"datePublished\":\"2017-05-24T12:36:26+00:00\",\"mainEntityOfPage\":{\"@id\":\"https:\\\/\\\/dorogimedence.hu\\\/index.php\\\/2017\\\/05\\\/24\\\/10-evet-kapott-a-tati-robbanto\\\/\"},\"wordCount\":529,\"publisher\":{\"@id\":\"https:\\\/\\\/dorogimedence.hu\\\/#organization\"},\"image\":{\"@id\":\"https:\\\/\\\/dorogimedence.hu\\\/index.php\\\/2017\\\/05\\\/24\\\/10-evet-kapott-a-tati-robbanto\\\/#primaryimage\"},\"thumbnailUrl\":\"https:\\\/\\\/dorogimedence.hu\\\/wp-content\\\/uploads\\\/2017\\\/05\\\/tati-robbantas.jpg\",\"keywords\":[\"b\u00edr\u00f3s\u00e1g\",\"b\u0171ncselekm\u00e9ny\",\"robbant\u00e1s\",\"T\u00e1t\"],\"articleSection\":[\"H\u00edrek\",\"T\u00e1t\"],\"inLanguage\":\"hu\"},{\"@type\":\"WebPage\",\"@id\":\"https:\\\/\\\/dorogimedence.hu\\\/index.php\\\/2017\\\/05\\\/24\\\/10-evet-kapott-a-tati-robbanto\\\/\",\"url\":\"https:\\\/\\\/dorogimedence.hu\\\/index.php\\\/2017\\\/05\\\/24\\\/10-evet-kapott-a-tati-robbanto\\\/\",\"name\":\"10 \u00e9vet kapott a t\u00e1ti robbant\u00f3\",\"isPartOf\":{\"@id\":\"https:\\\/\\\/dorogimedence.hu\\\/#website\"},\"primaryImageOfPage\":{\"@id\":\"https:\\\/\\\/dorogimedence.hu\\\/index.php\\\/2017\\\/05\\\/24\\\/10-evet-kapott-a-tati-robbanto\\\/#primaryimage\"},\"image\":{\"@id\":\"https:\\\/\\\/dorogimedence.hu\\\/index.php\\\/2017\\\/05\\\/24\\\/10-evet-kapott-a-tati-robbanto\\\/#primaryimage\"},\"thumbnailUrl\":\"https:\\\/\\\/dorogimedence.hu\\\/wp-content\\\/uploads\\\/2017\\\/05\\\/tati-robbantas.jpg\",\"datePublished\":\"2017-05-24T12:36:26+00:00\",\"breadcrumb\":{\"@id\":\"https:\\\/\\\/dorogimedence.hu\\\/index.php\\\/2017\\\/05\\\/24\\\/10-evet-kapott-a-tati-robbanto\\\/#breadcrumb\"},\"inLanguage\":\"hu\",\"potentialAction\":[{\"@type\":\"ReadAction\",\"target\":[\"https:\\\/\\\/dorogimedence.hu\\\/index.php\\\/2017\\\/05\\\/24\\\/10-evet-kapott-a-tati-robbanto\\\/\"]}]},{\"@type\":\"ImageObject\",\"inLanguage\":\"hu\",\"@id\":\"https:\\\/\\\/dorogimedence.hu\\\/index.php\\\/2017\\\/05\\\/24\\\/10-evet-kapott-a-tati-robbanto\\\/#primaryimage\",\"url\":\"https:\\\/\\\/dorogimedence.hu\\\/wp-content\\\/uploads\\\/2017\\\/05\\\/tati-robbantas.jpg\",\"contentUrl\":\"https:\\\/\\\/dorogimedence.hu\\\/wp-content\\\/uploads\\\/2017\\\/05\\\/tati-robbantas.jpg\",\"width\":670,\"height\":365},{\"@type\":\"BreadcrumbList\",\"@id\":\"https:\\\/\\\/dorogimedence.hu\\\/index.php\\\/2017\\\/05\\\/24\\\/10-evet-kapott-a-tati-robbanto\\\/#breadcrumb\",\"itemListElement\":[{\"@type\":\"ListItem\",\"position\":1,\"name\":\"Kezd\u0151lap\",\"item\":\"https:\\\/\\\/dorogimedence.hu\\\/\"},{\"@type\":\"ListItem\",\"position\":2,\"name\":\"10 \u00e9vet kapott a t\u00e1ti robbant\u00f3\"}]},{\"@type\":\"WebSite\",\"@id\":\"https:\\\/\\\/dorogimedence.hu\\\/#website\",\"url\":\"https:\\\/\\\/dorogimedence.hu\\\/\",\"name\":\"Dorogi-medence Region\u00e1lis H\u00edrport\u00e1l\",\"description\":\"Dorog, Keszt\u00f6lc, Le\u00e1nyv\u00e1r, Piliscs\u00e9v, Tokod, Tokodalt\u00e1r\u00f3, Csolnok, Esztergom-kertv\u00e1ros: h\u00edrek, programok\",\"publisher\":{\"@id\":\"https:\\\/\\\/dorogimedence.hu\\\/#organization\"},\"potentialAction\":[{\"@type\":\"SearchAction\",\"target\":{\"@type\":\"EntryPoint\",\"urlTemplate\":\"https:\\\/\\\/dorogimedence.hu\\\/?s={search_term_string}\"},\"query-input\":{\"@type\":\"PropertyValueSpecification\",\"valueRequired\":true,\"valueName\":\"search_term_string\"}}],\"inLanguage\":\"hu\"},{\"@type\":\"Organization\",\"@id\":\"https:\\\/\\\/dorogimedence.hu\\\/#organization\",\"name\":\"Dorogi-medence Region\u00e1lis H\u00edrport\u00e1l\",\"url\":\"https:\\\/\\\/dorogimedence.hu\\\/\",\"logo\":{\"@type\":\"ImageObject\",\"inLanguage\":\"hu\",\"@id\":\"https:\\\/\\\/dorogimedence.hu\\\/#\\\/schema\\\/logo\\\/image\\\/\",\"url\":\"https:\\\/\\\/dorogimedence.hu\\\/wp-content\\\/uploads\\\/2021\\\/04\\\/logo-feher-600.png\",\"contentUrl\":\"https:\\\/\\\/dorogimedence.hu\\\/wp-content\\\/uploads\\\/2021\\\/04\\\/logo-feher-600.png\",\"width\":600,\"height\":100,\"caption\":\"Dorogi-medence Region\u00e1lis H\u00edrport\u00e1l\"},\"image\":{\"@id\":\"https:\\\/\\\/dorogimedence.hu\\\/#\\\/schema\\\/logo\\\/image\\\/\"},\"sameAs\":[\"https:\\\/\\\/www.facebook.com\\\/dorogimedence\\\/\"]},{\"@type\":\"Person\",\"@id\":\"https:\\\/\\\/dorogimedence.hu\\\/#\\\/schema\\\/person\\\/ce6091eeb7e95ecdc87890d6aa8e0fd4\",\"name\":\"dorogimedence.hu\",\"image\":{\"@type\":\"ImageObject\",\"inLanguage\":\"hu\",\"@id\":\"\\\/\\\/www.gravatar.com\\\/avatar\\\/d8d45f8901aadff40a4af72c0b826f1d?s=96&#038;r=g&#038;d=mm\",\"url\":\"\\\/\\\/www.gravatar.com\\\/avatar\\\/d8d45f8901aadff40a4af72c0b826f1d?s=96&#038;r=g&#038;d=mm\",\"contentUrl\":\"\\\/\\\/www.gravatar.com\\\/avatar\\\/d8d45f8901aadff40a4af72c0b826f1d?s=96&#038;r=g&#038;d=mm\",\"caption\":\"dorogimedence.hu\"}}]}<\/script>\n<!-- \/ Yoast SEO plugin. -->","yoast_head_json":{"title":"10 \u00e9vet kapott a t\u00e1ti robbant\u00f3","robots":{"index":"index","follow":"follow","max-snippet":"max-snippet:-1","max-image-preview":"max-image-preview:large","max-video-preview":"max-video-preview:-1"},"canonical":"https:\/\/dorogimedence.hu\/index.php\/2017\/05\/24\/10-evet-kapott-a-tati-robbanto\/","og_locale":"hu_HU","og_type":"article","og_title":"10 \u00e9vet kapott a t\u00e1ti robbant\u00f3","og_description":"T\u00edz \u00e9v fegyh\u00e1zra \u00edt\u00e9lt a Tatab\u00e1nyai T\u00f6rv\u00e9nysz\u00e9k kedden egy f\u00e9rfit, aki 2014 janu\u00e1rj\u00e1ban k\u00e9t t\u00e1rs\u00e1val ellopott egy nyom\u00e1s alatt \u00e1ll\u00f3 g\u00e1zcs\u00f6vet egy csal\u00e1di h\u00e1z alagsor\u00e1b\u00f3l T\u00e1ton, emiatt az \u00e9p\u00fclet megtelt g\u00e1zzal \u00e9s felrobbant. Az \u00edt\u00e9let csak a harmadrend\u0171 v\u00e1dlott eset\u00e9ben emelkedett joger\u0151re &#8211; \u00edrja az MTI. A v\u00e1dlott \u00e9s k\u00e9t t\u00e1rsa a n\u00e9h\u00e1ny m\u00e9ter r\u00e9zcs\u0151","og_url":"https:\/\/dorogimedence.hu\/index.php\/2017\/05\/24\/10-evet-kapott-a-tati-robbanto\/","og_site_name":"Dorogi-medence Region\u00e1lis H\u00edrport\u00e1l","article_publisher":"https:\/\/www.facebook.com\/dorogimedence\/","article_published_time":"2017-05-24T12:36:26+00:00","og_image":[{"width":670,"height":365,"url":"https:\/\/i0.wp.com\/dorogimedence.hu\/wp-content\/uploads\/2017\/05\/tati-robbantas.jpg?fit=670%2C365&ssl=1","type":"image\/jpeg"}],"author":"dorogimedence.hu","twitter_card":"summary_large_image","twitter_misc":{"Szerz\u0151:":"dorogimedence.hu","Becs\u00fclt olvas\u00e1si id\u0151":"3 perc"},"schema":{"@context":"https:\/\/schema.org","@graph":[{"@type":"Article","@id":"https:\/\/dorogimedence.hu\/index.php\/2017\/05\/24\/10-evet-kapott-a-tati-robbanto\/#article","isPartOf":{"@id":"https:\/\/dorogimedence.hu\/index.php\/2017\/05\/24\/10-evet-kapott-a-tati-robbanto\/"},"author":{"name":"dorogimedence.hu","@id":"https:\/\/dorogimedence.hu\/#\/schema\/person\/ce6091eeb7e95ecdc87890d6aa8e0fd4"},"headline":"10 \u00e9vet kapott a t\u00e1ti robbant\u00f3","datePublished":"2017-05-24T12:36:26+00:00","mainEntityOfPage":{"@id":"https:\/\/dorogimedence.hu\/index.php\/2017\/05\/24\/10-evet-kapott-a-tati-robbanto\/"},"wordCount":529,"publisher":{"@id":"https:\/\/dorogimedence.hu\/#organization"},"image":{"@id":"https:\/\/dorogimedence.hu\/index.php\/2017\/05\/24\/10-evet-kapott-a-tati-robbanto\/#primaryimage"},"thumbnailUrl":"https:\/\/dorogimedence.hu\/wp-content\/uploads\/2017\/05\/tati-robbantas.jpg","keywords":["b\u00edr\u00f3s\u00e1g","b\u0171ncselekm\u00e9ny","robbant\u00e1s","T\u00e1t"],"articleSection":["H\u00edrek","T\u00e1t"],"inLanguage":"hu"},{"@type":"WebPage","@id":"https:\/\/dorogimedence.hu\/index.php\/2017\/05\/24\/10-evet-kapott-a-tati-robbanto\/","url":"https:\/\/dorogimedence.hu\/index.php\/2017\/05\/24\/10-evet-kapott-a-tati-robbanto\/","name":"10 \u00e9vet kapott a t\u00e1ti robbant\u00f3","isPartOf":{"@id":"https:\/\/dorogimedence.hu\/#website"},"primaryImageOfPage":{"@id":"https:\/\/dorogimedence.hu\/index.php\/2017\/05\/24\/10-evet-kapott-a-tati-robbanto\/#primaryimage"},"image":{"@id":"https:\/\/dorogimedence.hu\/index.php\/2017\/05\/24\/10-evet-kapott-a-tati-robbanto\/#primaryimage"},"thumbnailUrl":"https:\/\/dorogimedence.hu\/wp-content\/uploads\/2017\/05\/tati-robbantas.jpg","datePublished":"2017-05-24T12:36:26+00:00","breadcrumb":{"@id":"https:\/\/dorogimedence.hu\/index.php\/2017\/05\/24\/10-evet-kapott-a-tati-robbanto\/#breadcrumb"},"inLanguage":"hu","potentialAction":[{"@type":"ReadAction","target":["https:\/\/dorogimedence.hu\/index.php\/2017\/05\/24\/10-evet-kapott-a-tati-robbanto\/"]}]},{"@type":"ImageObject","inLanguage":"hu","@id":"https:\/\/dorogimedence.hu\/index.php\/2017\/05\/24\/10-evet-kapott-a-tati-robbanto\/#primaryimage","url":"https:\/\/dorogimedence.hu\/wp-content\/uploads\/2017\/05\/tati-robbantas.jpg","contentUrl":"https:\/\/dorogimedence.hu\/wp-content\/uploads\/2017\/05\/tati-robbantas.jpg","width":670,"height":365},{"@type":"BreadcrumbList","@id":"https:\/\/dorogimedence.hu\/index.php\/2017\/05\/24\/10-evet-kapott-a-tati-robbanto\/#breadcrumb","itemListElement":[{"@type":"ListItem","position":1,"name":"Kezd\u0151lap","item":"https:\/\/dorogimedence.hu\/"},{"@type":"ListItem","position":2,"name":"10 \u00e9vet kapott a t\u00e1ti robbant\u00f3"}]},{"@type":"WebSite","@id":"https:\/\/dorogimedence.hu\/#website","url":"https:\/\/dorogimedence.hu\/","name":"Dorogi-medence Region\u00e1lis H\u00edrport\u00e1l","description":"Dorog, Keszt\u00f6lc, Le\u00e1nyv\u00e1r, Piliscs\u00e9v, Tokod, Tokodalt\u00e1r\u00f3, Csolnok, Esztergom-kertv\u00e1ros: h\u00edrek, programok","publisher":{"@id":"https:\/\/dorogimedence.hu\/#organization"},"potentialAction":[{"@type":"SearchAction","target":{"@type":"EntryPoint","urlTemplate":"https:\/\/dorogimedence.hu\/?s={search_term_string}"},"query-input":{"@type":"PropertyValueSpecification","valueRequired":true,"valueName":"search_term_string"}}],"inLanguage":"hu"},{"@type":"Organization","@id":"https:\/\/dorogimedence.hu\/#organization","name":"Dorogi-medence Region\u00e1lis H\u00edrport\u00e1l","url":"https:\/\/dorogimedence.hu\/","logo":{"@type":"ImageObject","inLanguage":"hu","@id":"https:\/\/dorogimedence.hu\/#\/schema\/logo\/image\/","url":"https:\/\/dorogimedence.hu\/wp-content\/uploads\/2021\/04\/logo-feher-600.png","contentUrl":"https:\/\/dorogimedence.hu\/wp-content\/uploads\/2021\/04\/logo-feher-600.png","width":600,"height":100,"caption":"Dorogi-medence Region\u00e1lis H\u00edrport\u00e1l"},"image":{"@id":"https:\/\/dorogimedence.hu\/#\/schema\/logo\/image\/"},"sameAs":["https:\/\/www.facebook.com\/dorogimedence\/"]},{"@type":"Person","@id":"https:\/\/dorogimedence.hu\/#\/schema\/person\/ce6091eeb7e95ecdc87890d6aa8e0fd4","name":"dorogimedence.hu","image":{"@type":"ImageObject","inLanguage":"hu","@id":"\/\/www.gravatar.com\/avatar\/d8d45f8901aadff40a4af72c0b826f1d?s=96&#038;r=g&#038;d=mm","url":"\/\/www.gravatar.com\/avatar\/d8d45f8901aadff40a4af72c0b826f1d?s=96&#038;r=g&#038;d=mm","contentUrl":"\/\/www.gravatar.com\/avatar\/d8d45f8901aadff40a4af72c0b826f1d?s=96&#038;r=g&#038;d=mm","caption":"dorogimedence.hu"}}]}},"_links":{"self":[{"href":"https:\/\/dorogimedence.hu\/index.php\/wp-json\/wp\/v2\/posts\/3336","targetHints":{"allow":["GET"]}}],"collection":[{"href":"https:\/\/dorogimedence.hu\/index.php\/wp-json\/wp\/v2\/posts"}],"about":[{"href":"https:\/\/dorogimedence.hu\/index.php\/wp-json\/wp\/v2\/types\/post"}],"author":[{"embeddable":true,"href":"https:\/\/dorogimedence.hu\/index.php\/wp-json\/wp\/v2\/users\/1"}],"replies":[{"embeddable":true,"href":"https:\/\/dorogimedence.hu\/index.php\/wp-json\/wp\/v2\/comments?post=3336"}],"version-history":[{"count":0,"href":"https:\/\/dorogimedence.hu\/index.php\/wp-json\/wp\/v2\/posts\/3336\/revisions"}],"wp:featuredmedia":[{"embeddable":true,"href":"https:\/\/dorogimedence.hu\/index.php\/wp-json\/wp\/v2\/media\/3337"}],"wp:attachment":[{"href":"https:\/\/dorogimedence.hu\/index.php\/wp-json\/wp\/v2\/media?parent=3336"}],"wp:term":[{"taxonomy":"category","embeddable":true,"href":"https:\/\/dorogimedence.hu\/index.php\/wp-json\/wp\/v2\/categories?post=3336"},{"taxonomy":"post_tag","embeddable":true,"href":"https:\/\/dorogimedence.hu\/index.php\/wp-json\/wp\/v2\/tags?post=3336"}],"curies":[{"name":"wp","href":"https:\/\/api.w.org\/{rel}","templated":true}]}}