{"id":33338,"date":"2021-05-25T11:37:37","date_gmt":"2021-05-25T09:37:37","guid":{"rendered":"https:\/\/dorogimedence.hu\/?p=33338"},"modified":"2021-05-25T11:37:53","modified_gmt":"2021-05-25T09:37:53","slug":"nyit-a-parkanyi-furdo","status":"publish","type":"post","link":"https:\/\/dorogimedence.hu\/index.php\/2021\/05\/25\/nyit-a-parkanyi-furdo\/","title":{"rendered":"Nyit a p\u00e1rk\u00e1nyi f\u00fcrd\u0151"},"content":{"rendered":"<div class=\"item_introtext\">\n<p><strong>M\u00e1jus 24-\u00e9t\u0151l a szlov\u00e1kiai orsz\u00e1gos j\u00e1rv\u00e1ny\u00fcgyi szab\u00e1lyok lehet\u0151v\u00e9 teszik, hogy j\u00fanius elsej\u00e9t\u0151l kinyithasson a p\u00e1rk\u00e1nyi term\u00e1lf\u00fcrd\u0151 is.<\/strong><\/p>\n<\/div>\n<div class=\"item_fulltext\">\n<p>Mivel h\u00e9tf\u0151t\u0151l az \u00c9rsek\u00fajv\u00e1ri J\u00e1r\u00e1s narancss\u00e1rga besorol\u00e1st kapott, ez\u00e9rt az orsz\u00e1gosr\u00f3l a region\u00e1lis Covid-automat\u00e1ra t\u00e9rnek \u00e1t, ami lehet\u0151v\u00e9 teszi, hogy a Vadas Thermal Resort j\u00fanius 1-j\u00e9n kinyithatja a kapuit \u2013 mondta Hogenbuch Endre, a term\u00e1lf\u00fcrd\u0151 igazgat\u00f3ja az&nbsp;<a href=\"https:\/\/ujszo.com\/regio\/parkany-junius-elsejen-nyit-a-vadas-furdo\" target=\"_blank\" rel=\"noopener noreferrer\"><span style=\"text-decoration: underline; color: #0000ff;\">ujszo.com<\/span><\/a>&nbsp;port\u00e1lnak. Hozz\u00e1tette, hogy egyel\u0151re csak harminc sz\u00e1zal\u00e9kos kihaszn\u00e1lts\u00e1ggal nyitnak meg, viszont az \u00f6sszes medence, cs\u00faszda \u00e9s a sz\u00e1lloda is l\u00e1togathat\u00f3 lesz. A 30 sz\u00e1zal\u00e9kos kihaszn\u00e1lts\u00e1g a Vadas eset\u00e9ben h\u00e1romezer szem\u00e9lyt jelent.<\/p>\n<p>Hogenbuch Endre kit\u00e9rt arra is, hogy a f\u0151bej\u00e1ratn\u00e1l k\u00fcl\u00f6n eg\u00e9szs\u00e9g\u00fcgyi igazol\u00e1st, tesztet stb. nem fognak k\u00e9rni azokt\u00f3l, akik csak strandolni mennek. Viszont akik a wellnessk\u00f6zpontot is ig\u00e9nybe szeretn\u00e9k venni, azoknak eg\u00e9szs\u00e9g\u00fcgyi igazol\u00e1sra lesz sz\u00fcks\u00e9g\u00fck. Mindemellett a f\u00fcrd\u0151 eg\u00e9sz ter\u00fclet\u00e9n a higi\u00e9niai \u00e9s t\u00e1vols\u00e1gtart\u00e1si szab\u00e1lyokat be kell majd tartani. Ugyanakkor a Vadas ter\u00fclet\u00e9n belt\u00e9rben elegend\u0151 lesz viselni az egyszer\u0171 sz\u00f6vet arcmaszkot, nem kell kimondottan reszpir\u00e1tor.<\/p>\n<p>A l\u00e1togat\u00f3k a bel\u00e9p\u0151jegyeiket m\u00e1jus 31-t\u0151l online is megv\u00e1lthatj\u00e1k a tickets.vadas.sk oldalon. Az online megv\u00e1ltott bel\u00e9p\u0151k id\u00e9n is 50 centtel olcs\u00f3bbak. A f\u00fcrd\u0151 naponta 9 \u00e9s 20 \u00f3ra k\u00f6z\u00f6tt v\u00e1rja a vend\u00e9geit.<\/p>\n<p><em>Forr\u00e1s: ujszo.com \/ vadasthermal.sk<br \/>\nFot\u00f3: vadasthermal.sk<\/em><\/p>\n<\/div>\n","protected":false},"excerpt":{"rendered":"<p>M\u00e1jus 24-\u00e9t\u0151l a szlov\u00e1kiai orsz\u00e1gos j\u00e1rv\u00e1ny\u00fcgyi szab\u00e1lyok lehet\u0151v\u00e9 teszik, hogy j\u00fanius elsej\u00e9t\u0151l kinyithasson a p\u00e1rk\u00e1nyi term\u00e1lf\u00fcrd\u0151 is. Mivel h\u00e9tf\u0151t\u0151l az \u00c9rsek\u00fajv\u00e1ri J\u00e1r\u00e1s narancss\u00e1rga besorol\u00e1st kapott, ez\u00e9rt az orsz\u00e1gosr\u00f3l a region\u00e1lis Covid-automat\u00e1ra t\u00e9rnek \u00e1t, ami lehet\u0151v\u00e9 teszi, hogy a Vadas Thermal Resort j\u00fanius 1-j\u00e9n kinyithatja a kapuit \u2013 mondta Hogenbuch Endre, a term\u00e1lf\u00fcrd\u0151 igazgat\u00f3ja az&nbsp;ujszo.com&nbsp;port\u00e1lnak. Hozz\u00e1tette,<\/p>\n","protected":false},"author":1,"featured_media":33339,"comment_status":"closed","ping_status":"closed","sticky":false,"template":"","format":"standard","meta":{"ngg_post_thumbnail":0,"footnotes":""},"categories":[3],"tags":[787,212,2143],"class_list":{"0":"post-33338","1":"post","2":"type-post","3":"status-publish","4":"format-standard","5":"has-post-thumbnail","7":"category-hirek","8":"tag-furdo","9":"tag-parkany","10":"tag-termalfurdo"},"yoast_head":"<!-- This site is optimized with the Yoast SEO plugin v27.4 - https:\/\/yoast.com\/product\/yoast-seo-wordpress\/ -->\n<title>Nyit a p\u00e1rk\u00e1nyi f\u00fcrd\u0151<\/title>\n<meta name=\"robots\" content=\"index, follow, max-snippet:-1, max-image-preview:large, max-video-preview:-1\" \/>\n<link rel=\"canonical\" href=\"https:\/\/dorogimedence.hu\/index.php\/2021\/05\/25\/nyit-a-parkanyi-furdo\/\" class=\"yoast-seo-meta-tag\" \/>\n<meta property=\"og:locale\" content=\"hu_HU\" class=\"yoast-seo-meta-tag\" \/>\n<meta property=\"og:type\" content=\"article\" class=\"yoast-seo-meta-tag\" \/>\n<meta property=\"og:title\" content=\"Nyit a p\u00e1rk\u00e1nyi f\u00fcrd\u0151\" class=\"yoast-seo-meta-tag\" \/>\n<meta property=\"og:description\" content=\"M\u00e1jus 24-\u00e9t\u0151l a szlov\u00e1kiai orsz\u00e1gos j\u00e1rv\u00e1ny\u00fcgyi szab\u00e1lyok lehet\u0151v\u00e9 teszik, hogy j\u00fanius elsej\u00e9t\u0151l kinyithasson a p\u00e1rk\u00e1nyi term\u00e1lf\u00fcrd\u0151 is. Mivel h\u00e9tf\u0151t\u0151l az \u00c9rsek\u00fajv\u00e1ri J\u00e1r\u00e1s narancss\u00e1rga besorol\u00e1st kapott, ez\u00e9rt az orsz\u00e1gosr\u00f3l a region\u00e1lis Covid-automat\u00e1ra t\u00e9rnek \u00e1t, ami lehet\u0151v\u00e9 teszi, hogy a Vadas Thermal Resort j\u00fanius 1-j\u00e9n kinyithatja a kapuit \u2013 mondta Hogenbuch Endre, a term\u00e1lf\u00fcrd\u0151 igazgat\u00f3ja az&nbsp;ujszo.com&nbsp;port\u00e1lnak. Hozz\u00e1tette,\" class=\"yoast-seo-meta-tag\" \/>\n<meta property=\"og:url\" content=\"https:\/\/dorogimedence.hu\/index.php\/2021\/05\/25\/nyit-a-parkanyi-furdo\/\" class=\"yoast-seo-meta-tag\" \/>\n<meta property=\"og:site_name\" content=\"Dorogi-medence Region\u00e1lis H\u00edrport\u00e1l\" class=\"yoast-seo-meta-tag\" \/>\n<meta property=\"article:publisher\" content=\"https:\/\/www.facebook.com\/dorogimedence\/\" class=\"yoast-seo-meta-tag\" \/>\n<meta property=\"article:published_time\" content=\"2021-05-25T09:37:37+00:00\" class=\"yoast-seo-meta-tag\" \/>\n<meta property=\"article:modified_time\" content=\"2021-05-25T09:37:53+00:00\" class=\"yoast-seo-meta-tag\" \/>\n<meta property=\"og:image\" content=\"https:\/\/i0.wp.com\/dorogimedence.hu\/wp-content\/uploads\/2021\/05\/bazen_relax-a121abb468-1000x585-1.jpg?fit=1000%2C585&ssl=1\" class=\"yoast-seo-meta-tag\" \/>\n\t<meta property=\"og:image:width\" content=\"1000\" class=\"yoast-seo-meta-tag\" \/>\n\t<meta property=\"og:image:height\" content=\"585\" class=\"yoast-seo-meta-tag\" \/>\n\t<meta property=\"og:image:type\" content=\"image\/jpeg\" class=\"yoast-seo-meta-tag\" \/>\n<meta name=\"author\" content=\"dorogimedence.hu\" class=\"yoast-seo-meta-tag\" \/>\n<meta name=\"twitter:card\" content=\"summary_large_image\" class=\"yoast-seo-meta-tag\" \/>\n<meta name=\"twitter:label1\" content=\"Szerz\u0151:\" class=\"yoast-seo-meta-tag\" \/>\n\t<meta name=\"twitter:data1\" content=\"dorogimedence.hu\" class=\"yoast-seo-meta-tag\" \/>\n\t<meta name=\"twitter:label2\" content=\"Becs\u00fclt olvas\u00e1si id\u0151\" class=\"yoast-seo-meta-tag\" \/>\n\t<meta name=\"twitter:data2\" content=\"2 perc\" class=\"yoast-seo-meta-tag\" \/>\n<script type=\"application\/ld+json\" class=\"yoast-schema-graph\">{\"@context\":\"https:\\\/\\\/schema.org\",\"@graph\":[{\"@type\":\"Article\",\"@id\":\"https:\\\/\\\/dorogimedence.hu\\\/index.php\\\/2021\\\/05\\\/25\\\/nyit-a-parkanyi-furdo\\\/#article\",\"isPartOf\":{\"@id\":\"https:\\\/\\\/dorogimedence.hu\\\/index.php\\\/2021\\\/05\\\/25\\\/nyit-a-parkanyi-furdo\\\/\"},\"author\":{\"name\":\"dorogimedence.hu\",\"@id\":\"https:\\\/\\\/dorogimedence.hu\\\/#\\\/schema\\\/person\\\/ce6091eeb7e95ecdc87890d6aa8e0fd4\"},\"headline\":\"Nyit a p\u00e1rk\u00e1nyi f\u00fcrd\u0151\",\"datePublished\":\"2021-05-25T09:37:37+00:00\",\"dateModified\":\"2021-05-25T09:37:53+00:00\",\"mainEntityOfPage\":{\"@id\":\"https:\\\/\\\/dorogimedence.hu\\\/index.php\\\/2021\\\/05\\\/25\\\/nyit-a-parkanyi-furdo\\\/\"},\"wordCount\":307,\"publisher\":{\"@id\":\"https:\\\/\\\/dorogimedence.hu\\\/#organization\"},\"image\":{\"@id\":\"https:\\\/\\\/dorogimedence.hu\\\/index.php\\\/2021\\\/05\\\/25\\\/nyit-a-parkanyi-furdo\\\/#primaryimage\"},\"thumbnailUrl\":\"https:\\\/\\\/dorogimedence.hu\\\/wp-content\\\/uploads\\\/2021\\\/05\\\/bazen_relax-a121abb468-1000x585-1.jpg\",\"keywords\":[\"f\u00fcrd\u0151\",\"P\u00e1rk\u00e1ny\",\"term\u00e1lf\u00fcrd\u0151\"],\"articleSection\":[\"H\u00edrek\"],\"inLanguage\":\"hu\"},{\"@type\":\"WebPage\",\"@id\":\"https:\\\/\\\/dorogimedence.hu\\\/index.php\\\/2021\\\/05\\\/25\\\/nyit-a-parkanyi-furdo\\\/\",\"url\":\"https:\\\/\\\/dorogimedence.hu\\\/index.php\\\/2021\\\/05\\\/25\\\/nyit-a-parkanyi-furdo\\\/\",\"name\":\"Nyit a p\u00e1rk\u00e1nyi f\u00fcrd\u0151\",\"isPartOf\":{\"@id\":\"https:\\\/\\\/dorogimedence.hu\\\/#website\"},\"primaryImageOfPage\":{\"@id\":\"https:\\\/\\\/dorogimedence.hu\\\/index.php\\\/2021\\\/05\\\/25\\\/nyit-a-parkanyi-furdo\\\/#primaryimage\"},\"image\":{\"@id\":\"https:\\\/\\\/dorogimedence.hu\\\/index.php\\\/2021\\\/05\\\/25\\\/nyit-a-parkanyi-furdo\\\/#primaryimage\"},\"thumbnailUrl\":\"https:\\\/\\\/dorogimedence.hu\\\/wp-content\\\/uploads\\\/2021\\\/05\\\/bazen_relax-a121abb468-1000x585-1.jpg\",\"datePublished\":\"2021-05-25T09:37:37+00:00\",\"dateModified\":\"2021-05-25T09:37:53+00:00\",\"breadcrumb\":{\"@id\":\"https:\\\/\\\/dorogimedence.hu\\\/index.php\\\/2021\\\/05\\\/25\\\/nyit-a-parkanyi-furdo\\\/#breadcrumb\"},\"inLanguage\":\"hu\",\"potentialAction\":[{\"@type\":\"ReadAction\",\"target\":[\"https:\\\/\\\/dorogimedence.hu\\\/index.php\\\/2021\\\/05\\\/25\\\/nyit-a-parkanyi-furdo\\\/\"]}]},{\"@type\":\"ImageObject\",\"inLanguage\":\"hu\",\"@id\":\"https:\\\/\\\/dorogimedence.hu\\\/index.php\\\/2021\\\/05\\\/25\\\/nyit-a-parkanyi-furdo\\\/#primaryimage\",\"url\":\"https:\\\/\\\/dorogimedence.hu\\\/wp-content\\\/uploads\\\/2021\\\/05\\\/bazen_relax-a121abb468-1000x585-1.jpg\",\"contentUrl\":\"https:\\\/\\\/dorogimedence.hu\\\/wp-content\\\/uploads\\\/2021\\\/05\\\/bazen_relax-a121abb468-1000x585-1.jpg\",\"width\":1000,\"height\":585},{\"@type\":\"BreadcrumbList\",\"@id\":\"https:\\\/\\\/dorogimedence.hu\\\/index.php\\\/2021\\\/05\\\/25\\\/nyit-a-parkanyi-furdo\\\/#breadcrumb\",\"itemListElement\":[{\"@type\":\"ListItem\",\"position\":1,\"name\":\"Kezd\u0151lap\",\"item\":\"https:\\\/\\\/dorogimedence.hu\\\/\"},{\"@type\":\"ListItem\",\"position\":2,\"name\":\"Nyit a p\u00e1rk\u00e1nyi f\u00fcrd\u0151\"}]},{\"@type\":\"WebSite\",\"@id\":\"https:\\\/\\\/dorogimedence.hu\\\/#website\",\"url\":\"https:\\\/\\\/dorogimedence.hu\\\/\",\"name\":\"Dorogi-medence Region\u00e1lis H\u00edrport\u00e1l\",\"description\":\"Dorog, Keszt\u00f6lc, Le\u00e1nyv\u00e1r, Piliscs\u00e9v, Tokod, Tokodalt\u00e1r\u00f3, Csolnok, Esztergom-kertv\u00e1ros: h\u00edrek, programok\",\"publisher\":{\"@id\":\"https:\\\/\\\/dorogimedence.hu\\\/#organization\"},\"potentialAction\":[{\"@type\":\"SearchAction\",\"target\":{\"@type\":\"EntryPoint\",\"urlTemplate\":\"https:\\\/\\\/dorogimedence.hu\\\/?s={search_term_string}\"},\"query-input\":{\"@type\":\"PropertyValueSpecification\",\"valueRequired\":true,\"valueName\":\"search_term_string\"}}],\"inLanguage\":\"hu\"},{\"@type\":\"Organization\",\"@id\":\"https:\\\/\\\/dorogimedence.hu\\\/#organization\",\"name\":\"Dorogi-medence Region\u00e1lis H\u00edrport\u00e1l\",\"url\":\"https:\\\/\\\/dorogimedence.hu\\\/\",\"logo\":{\"@type\":\"ImageObject\",\"inLanguage\":\"hu\",\"@id\":\"https:\\\/\\\/dorogimedence.hu\\\/#\\\/schema\\\/logo\\\/image\\\/\",\"url\":\"https:\\\/\\\/dorogimedence.hu\\\/wp-content\\\/uploads\\\/2021\\\/04\\\/logo-feher-600.png\",\"contentUrl\":\"https:\\\/\\\/dorogimedence.hu\\\/wp-content\\\/uploads\\\/2021\\\/04\\\/logo-feher-600.png\",\"width\":600,\"height\":100,\"caption\":\"Dorogi-medence Region\u00e1lis H\u00edrport\u00e1l\"},\"image\":{\"@id\":\"https:\\\/\\\/dorogimedence.hu\\\/#\\\/schema\\\/logo\\\/image\\\/\"},\"sameAs\":[\"https:\\\/\\\/www.facebook.com\\\/dorogimedence\\\/\"]},{\"@type\":\"Person\",\"@id\":\"https:\\\/\\\/dorogimedence.hu\\\/#\\\/schema\\\/person\\\/ce6091eeb7e95ecdc87890d6aa8e0fd4\",\"name\":\"dorogimedence.hu\",\"image\":{\"@type\":\"ImageObject\",\"inLanguage\":\"hu\",\"@id\":\"\\\/\\\/www.gravatar.com\\\/avatar\\\/d8d45f8901aadff40a4af72c0b826f1d?s=96&#038;r=g&#038;d=mm\",\"url\":\"\\\/\\\/www.gravatar.com\\\/avatar\\\/d8d45f8901aadff40a4af72c0b826f1d?s=96&#038;r=g&#038;d=mm\",\"contentUrl\":\"\\\/\\\/www.gravatar.com\\\/avatar\\\/d8d45f8901aadff40a4af72c0b826f1d?s=96&#038;r=g&#038;d=mm\",\"caption\":\"dorogimedence.hu\"}}]}<\/script>\n<!-- \/ Yoast SEO plugin. -->","yoast_head_json":{"title":"Nyit a p\u00e1rk\u00e1nyi f\u00fcrd\u0151","robots":{"index":"index","follow":"follow","max-snippet":"max-snippet:-1","max-image-preview":"max-image-preview:large","max-video-preview":"max-video-preview:-1"},"canonical":"https:\/\/dorogimedence.hu\/index.php\/2021\/05\/25\/nyit-a-parkanyi-furdo\/","og_locale":"hu_HU","og_type":"article","og_title":"Nyit a p\u00e1rk\u00e1nyi f\u00fcrd\u0151","og_description":"M\u00e1jus 24-\u00e9t\u0151l a szlov\u00e1kiai orsz\u00e1gos j\u00e1rv\u00e1ny\u00fcgyi szab\u00e1lyok lehet\u0151v\u00e9 teszik, hogy j\u00fanius elsej\u00e9t\u0151l kinyithasson a p\u00e1rk\u00e1nyi term\u00e1lf\u00fcrd\u0151 is. Mivel h\u00e9tf\u0151t\u0151l az \u00c9rsek\u00fajv\u00e1ri J\u00e1r\u00e1s narancss\u00e1rga besorol\u00e1st kapott, ez\u00e9rt az orsz\u00e1gosr\u00f3l a region\u00e1lis Covid-automat\u00e1ra t\u00e9rnek \u00e1t, ami lehet\u0151v\u00e9 teszi, hogy a Vadas Thermal Resort j\u00fanius 1-j\u00e9n kinyithatja a kapuit \u2013 mondta Hogenbuch Endre, a term\u00e1lf\u00fcrd\u0151 igazgat\u00f3ja az&nbsp;ujszo.com&nbsp;port\u00e1lnak. Hozz\u00e1tette,","og_url":"https:\/\/dorogimedence.hu\/index.php\/2021\/05\/25\/nyit-a-parkanyi-furdo\/","og_site_name":"Dorogi-medence Region\u00e1lis H\u00edrport\u00e1l","article_publisher":"https:\/\/www.facebook.com\/dorogimedence\/","article_published_time":"2021-05-25T09:37:37+00:00","article_modified_time":"2021-05-25T09:37:53+00:00","og_image":[{"width":1000,"height":585,"url":"https:\/\/i0.wp.com\/dorogimedence.hu\/wp-content\/uploads\/2021\/05\/bazen_relax-a121abb468-1000x585-1.jpg?fit=1000%2C585&ssl=1","type":"image\/jpeg"}],"author":"dorogimedence.hu","twitter_card":"summary_large_image","twitter_misc":{"Szerz\u0151:":"dorogimedence.hu","Becs\u00fclt olvas\u00e1si id\u0151":"2 perc"},"schema":{"@context":"https:\/\/schema.org","@graph":[{"@type":"Article","@id":"https:\/\/dorogimedence.hu\/index.php\/2021\/05\/25\/nyit-a-parkanyi-furdo\/#article","isPartOf":{"@id":"https:\/\/dorogimedence.hu\/index.php\/2021\/05\/25\/nyit-a-parkanyi-furdo\/"},"author":{"name":"dorogimedence.hu","@id":"https:\/\/dorogimedence.hu\/#\/schema\/person\/ce6091eeb7e95ecdc87890d6aa8e0fd4"},"headline":"Nyit a p\u00e1rk\u00e1nyi f\u00fcrd\u0151","datePublished":"2021-05-25T09:37:37+00:00","dateModified":"2021-05-25T09:37:53+00:00","mainEntityOfPage":{"@id":"https:\/\/dorogimedence.hu\/index.php\/2021\/05\/25\/nyit-a-parkanyi-furdo\/"},"wordCount":307,"publisher":{"@id":"https:\/\/dorogimedence.hu\/#organization"},"image":{"@id":"https:\/\/dorogimedence.hu\/index.php\/2021\/05\/25\/nyit-a-parkanyi-furdo\/#primaryimage"},"thumbnailUrl":"https:\/\/dorogimedence.hu\/wp-content\/uploads\/2021\/05\/bazen_relax-a121abb468-1000x585-1.jpg","keywords":["f\u00fcrd\u0151","P\u00e1rk\u00e1ny","term\u00e1lf\u00fcrd\u0151"],"articleSection":["H\u00edrek"],"inLanguage":"hu"},{"@type":"WebPage","@id":"https:\/\/dorogimedence.hu\/index.php\/2021\/05\/25\/nyit-a-parkanyi-furdo\/","url":"https:\/\/dorogimedence.hu\/index.php\/2021\/05\/25\/nyit-a-parkanyi-furdo\/","name":"Nyit a p\u00e1rk\u00e1nyi f\u00fcrd\u0151","isPartOf":{"@id":"https:\/\/dorogimedence.hu\/#website"},"primaryImageOfPage":{"@id":"https:\/\/dorogimedence.hu\/index.php\/2021\/05\/25\/nyit-a-parkanyi-furdo\/#primaryimage"},"image":{"@id":"https:\/\/dorogimedence.hu\/index.php\/2021\/05\/25\/nyit-a-parkanyi-furdo\/#primaryimage"},"thumbnailUrl":"https:\/\/dorogimedence.hu\/wp-content\/uploads\/2021\/05\/bazen_relax-a121abb468-1000x585-1.jpg","datePublished":"2021-05-25T09:37:37+00:00","dateModified":"2021-05-25T09:37:53+00:00","breadcrumb":{"@id":"https:\/\/dorogimedence.hu\/index.php\/2021\/05\/25\/nyit-a-parkanyi-furdo\/#breadcrumb"},"inLanguage":"hu","potentialAction":[{"@type":"ReadAction","target":["https:\/\/dorogimedence.hu\/index.php\/2021\/05\/25\/nyit-a-parkanyi-furdo\/"]}]},{"@type":"ImageObject","inLanguage":"hu","@id":"https:\/\/dorogimedence.hu\/index.php\/2021\/05\/25\/nyit-a-parkanyi-furdo\/#primaryimage","url":"https:\/\/dorogimedence.hu\/wp-content\/uploads\/2021\/05\/bazen_relax-a121abb468-1000x585-1.jpg","contentUrl":"https:\/\/dorogimedence.hu\/wp-content\/uploads\/2021\/05\/bazen_relax-a121abb468-1000x585-1.jpg","width":1000,"height":585},{"@type":"BreadcrumbList","@id":"https:\/\/dorogimedence.hu\/index.php\/2021\/05\/25\/nyit-a-parkanyi-furdo\/#breadcrumb","itemListElement":[{"@type":"ListItem","position":1,"name":"Kezd\u0151lap","item":"https:\/\/dorogimedence.hu\/"},{"@type":"ListItem","position":2,"name":"Nyit a p\u00e1rk\u00e1nyi f\u00fcrd\u0151"}]},{"@type":"WebSite","@id":"https:\/\/dorogimedence.hu\/#website","url":"https:\/\/dorogimedence.hu\/","name":"Dorogi-medence Region\u00e1lis H\u00edrport\u00e1l","description":"Dorog, Keszt\u00f6lc, Le\u00e1nyv\u00e1r, Piliscs\u00e9v, Tokod, Tokodalt\u00e1r\u00f3, Csolnok, Esztergom-kertv\u00e1ros: h\u00edrek, programok","publisher":{"@id":"https:\/\/dorogimedence.hu\/#organization"},"potentialAction":[{"@type":"SearchAction","target":{"@type":"EntryPoint","urlTemplate":"https:\/\/dorogimedence.hu\/?s={search_term_string}"},"query-input":{"@type":"PropertyValueSpecification","valueRequired":true,"valueName":"search_term_string"}}],"inLanguage":"hu"},{"@type":"Organization","@id":"https:\/\/dorogimedence.hu\/#organization","name":"Dorogi-medence Region\u00e1lis H\u00edrport\u00e1l","url":"https:\/\/dorogimedence.hu\/","logo":{"@type":"ImageObject","inLanguage":"hu","@id":"https:\/\/dorogimedence.hu\/#\/schema\/logo\/image\/","url":"https:\/\/dorogimedence.hu\/wp-content\/uploads\/2021\/04\/logo-feher-600.png","contentUrl":"https:\/\/dorogimedence.hu\/wp-content\/uploads\/2021\/04\/logo-feher-600.png","width":600,"height":100,"caption":"Dorogi-medence Region\u00e1lis H\u00edrport\u00e1l"},"image":{"@id":"https:\/\/dorogimedence.hu\/#\/schema\/logo\/image\/"},"sameAs":["https:\/\/www.facebook.com\/dorogimedence\/"]},{"@type":"Person","@id":"https:\/\/dorogimedence.hu\/#\/schema\/person\/ce6091eeb7e95ecdc87890d6aa8e0fd4","name":"dorogimedence.hu","image":{"@type":"ImageObject","inLanguage":"hu","@id":"\/\/www.gravatar.com\/avatar\/d8d45f8901aadff40a4af72c0b826f1d?s=96&#038;r=g&#038;d=mm","url":"\/\/www.gravatar.com\/avatar\/d8d45f8901aadff40a4af72c0b826f1d?s=96&#038;r=g&#038;d=mm","contentUrl":"\/\/www.gravatar.com\/avatar\/d8d45f8901aadff40a4af72c0b826f1d?s=96&#038;r=g&#038;d=mm","caption":"dorogimedence.hu"}}]}},"_links":{"self":[{"href":"https:\/\/dorogimedence.hu\/index.php\/wp-json\/wp\/v2\/posts\/33338","targetHints":{"allow":["GET"]}}],"collection":[{"href":"https:\/\/dorogimedence.hu\/index.php\/wp-json\/wp\/v2\/posts"}],"about":[{"href":"https:\/\/dorogimedence.hu\/index.php\/wp-json\/wp\/v2\/types\/post"}],"author":[{"embeddable":true,"href":"https:\/\/dorogimedence.hu\/index.php\/wp-json\/wp\/v2\/users\/1"}],"replies":[{"embeddable":true,"href":"https:\/\/dorogimedence.hu\/index.php\/wp-json\/wp\/v2\/comments?post=33338"}],"version-history":[{"count":0,"href":"https:\/\/dorogimedence.hu\/index.php\/wp-json\/wp\/v2\/posts\/33338\/revisions"}],"wp:featuredmedia":[{"embeddable":true,"href":"https:\/\/dorogimedence.hu\/index.php\/wp-json\/wp\/v2\/media\/33339"}],"wp:attachment":[{"href":"https:\/\/dorogimedence.hu\/index.php\/wp-json\/wp\/v2\/media?parent=33338"}],"wp:term":[{"taxonomy":"category","embeddable":true,"href":"https:\/\/dorogimedence.hu\/index.php\/wp-json\/wp\/v2\/categories?post=33338"},{"taxonomy":"post_tag","embeddable":true,"href":"https:\/\/dorogimedence.hu\/index.php\/wp-json\/wp\/v2\/tags?post=33338"}],"curies":[{"name":"wp","href":"https:\/\/api.w.org\/{rel}","templated":true}]}}