{"id":33306,"date":"2021-05-25T07:20:02","date_gmt":"2021-05-25T05:20:02","guid":{"rendered":"https:\/\/dorogimedence.hu\/?p=33306"},"modified":"2022-06-15T20:25:41","modified_gmt":"2022-06-15T18:25:41","slug":"30-eve-tortent-a-dorogi-labdarugo-csapat-nagyszeru-kupamenetelese","status":"publish","type":"post","link":"https:\/\/dorogimedence.hu\/index.php\/2021\/05\/25\/30-eve-tortent-a-dorogi-labdarugo-csapat-nagyszeru-kupamenetelese\/","title":{"rendered":"30 \u00e9ve t\u00f6rt\u00e9nt: A dorogi labdar\u00fag\u00f3 csapat nagyszer\u0171 kupamenetel\u00e9se"},"content":{"rendered":"<p style=\"text-align: justify;\"><strong>N\u00e9h\u00e1ny nappal ezel\u0151tt megjelent cikkben eml\u00e9kezt\u00fcnk meg a Dorogi B\u00e1ny\u00e1sz 1991 m\u00e1jus\u00e1ban, N\u00e9metorsz\u00e1gban rendezett nemzetk\u00f6zi kupagy\u0151zelm\u00e9nek \u00e9vfordul\u00f3j\u00e1r\u00f3l. Ezzel m\u00e9g kor\u00e1ntsem \u00e9rtek v\u00e9get a mozgalmas esem\u00e9nyek, ugyanis a dorogiak ugyanabban az id\u0151ben a Magyar Kupa-k\u00fczdelmeiben is igen sikeres sz\u00e9ri\u00e1t tudhattak maguk m\u00f6g\u00f6tt \u00e9s v\u00e9g\u00fcl \u00fagy b\u00facs\u00faztak a negyedd\u00f6nt\u0151t k\u00f6vet\u0151en, hogy egyszer sem szenvedtek veres\u00e9get<\/strong> <em>&#8211; Szab\u00f3 Gyula cikke.<\/em><\/p>\n<p style=\"text-align: justify;\">1991 m\u00e1jus\u00e1ban a dorogi csapat sikeres szerepl\u00e9seivel ker\u00fclt a honi sajt\u00f3 \u00e9rdekl\u0151d\u00e9s\u00e9nek k\u00f6z\u00e9ppontj\u00e1ban, s a v\u00e1rosban is \u00e9rezhet\u0151en tapinthat\u00f3 volt a futball-l\u00e1z. A piros-fekete leg\u00e9nys\u00e9g h\u00e1rom fronton is kiv\u00e1l\u00f3an helyt\u00e1llt. A bajnoks\u00e1gban felj\u00f6tt az 5. helyre, mik\u00f6zben megnyerte a n\u00edv\u00f3s nemzetk\u00f6zi kup\u00e1t N\u00e9metorsz\u00e1gban, s mellette sorra verte ellenfeleit a Magyar Kupa k\u00fczdelmei sor\u00e1n, ahol m\u00e1r a negyedd\u00f6nt\u0151ig jutott.<\/p>\n<p style=\"text-align: justify;\">Igaz, nem p\u00e9lda n\u00e9lk\u00fcli volt a remek kupa-szerepl\u00e9s, hiszen a Magyar Kupa t\u00f6rt\u00e9net\u00e9ben m\u00e1r a kor\u00e1bbiakban is volt negyedd\u00f6nt\u0151s a csapat, s\u0151t, az 1943-44-es kupaki\u00edr\u00e1sban az el\u0151d\u00f6nt\u0151ig jutott, az 1951-52-es szezonban pedig d\u00f6nt\u0151t is j\u00e1tszott.<\/p>\n<p style=\"text-align: justify;\">1991-ben imm\u00e1r hatodj\u00e1ra j\u00e1tszott negyedd\u00f6nt\u0151t a Dorog. Am\u00edg 1944-ben \u00e9s 1952-ben is sikerrel vett\u00e9k, addig viszont 1955-ben az MTK, 1964-ben a R\u00e1ba ETO b\u00facs\u00faztatta a dorogiakat, m\u00edg az 1976-77-es ki\u00edr\u00e1sban oda-visszav\u00e1g\u00f3 alapon csoportmeccseket kellett j\u00e1tszania a Vasas, a Bp. Honv\u00e9d, a Csepel \u00e9s a Zalaegerszeg ellen, s v\u00e9g\u00fcl a csoportels\u0151 juthatott a legjobb 4-k\u00f6z\u00e9. Azonban a kor\u00e1bbi alkalmak eset\u00e9n &#8211; az 1944-es megm\u00e9rettet\u00e9s\u00e9t lesz\u00e1m\u00edtva &#8211; a Dorog az NB I-ben szerepelt, viszont 1991-ben m\u00e1sodoszt\u00e1ly\u00fa csapatk\u00e9nt jutott ilyen messzire.<\/p>\n<p style=\"text-align: center;\"><strong><u>\u00dat\u00a0<\/u><\/strong><strong><u>a negyedd\u00f6nt\u0151ig<\/u><\/strong><\/p>\n<p><span style=\"font-size: 14px; text-align: justify; color: var(--c-contrast-800);\">1990. augusztus 4-\u00e9n a\u00a0 k\u00f6zelg\u0151 bajnoki nyit\u00e1nyra, egyben a kupa-rajtra villanyf\u00e9nyes meccsen a Bp. Honv\u00e9d ellen, a Bozsik stadionban hangoltak a dorogiak, ahol a Mezey Gy\u00f6rgy edz\u0151 \u00e1ltal vezetett hazaiakat ragyog\u00f3 j\u00e1t\u00e9kkal, Ign\u00e1cz J\u00e1nos \u00e9s Borsos Zsolt g\u00f3ljaival 2:1-re legy\u0151zt\u00e9k. Az NB I\u00a0 el\u0151z\u0151 \u00e9vi bajnok\u00e1nak g\u00f3lj\u00e1t Gregor J\u00f3zsef szerezte 11-esb\u0151l. A kupa-k\u00fczdelmek 1990 augusztus\u00e1ban kezd\u0151dtek, amely sor\u00e1n els\u0151k\u00e9nt a f\u0151v\u00e1rosban l\u00e9ptek p\u00e1ly\u00e1ra az egy oszt\u00e1llyal lejebb szerepl\u0151, NB III-as vet\u00e9lyt\u00e1rsuk ellen, m\u00e9gpedig eg\u00e9szen pontosan augusztus 12-\u00e9n. Csapatunk a <\/span><em style=\"font-size: 14px; text-align: justify; color: var(--c-contrast-800);\">Bel\u00e1nyi &#8211; Sz\u00e9pv\u00f6lgyi &#8211; Schuttovics &#8211; Harmat &#8211; Borsos &#8211; G\u00f3dor &#8211; Szenczi &#8211; Ign\u00e1cz &#8211; Guba &#8211; M\u00f3zner &#8211; Romfa <\/em><span style=\"font-size: 14px; text-align: justify; color: var(--c-contrast-800);\">\u00f6ssze\u00e1ll\u00edt\u00e1sban l\u00e9pett p\u00e1ly\u00e1ra, ahol a m\u00e1sodik f\u00e9lid\u0151ben a Gub\u00e1t v\u00e1lt\u00f3 <\/span><em style=\"font-size: 14px; text-align: justify; color: var(--c-contrast-800);\">Marosv\u00f6lgyi<\/em><span style=\"font-size: 14px; text-align: justify; color: var(--c-contrast-800);\"> is sz\u00f3hoz jutott.<\/span><\/p>\n<p><img fetchpriority=\"high\" decoding=\"async\" class=\"alignnone size-full wp-image-33308\" src=\"https:\/\/dorogimedence.hu\/wp-content\/uploads\/2021\/05\/foci-02.jpg\" alt=\"\" width=\"800\" height=\"500\" srcset=\"https:\/\/dorogimedence.hu\/wp-content\/uploads\/2021\/05\/foci-02.jpg 800w, https:\/\/dorogimedence.hu\/wp-content\/uploads\/2021\/05\/foci-02-300x188.jpg 300w, https:\/\/dorogimedence.hu\/wp-content\/uploads\/2021\/05\/foci-02-768x480.jpg 768w, https:\/\/dorogimedence.hu\/wp-content\/uploads\/2021\/05\/foci-02-150x94.jpg 150w, https:\/\/dorogimedence.hu\/wp-content\/uploads\/2021\/05\/foci-02-450x281.jpg 450w\" sizes=\"(max-width: 800px) 100vw, 800px\" \/><\/p>\n<p style=\"text-align: center;\"><strong>MAGYAR K\u00c1BEL SC\u00a0<\/strong><strong>\u2013 DOROG\u00a0 0 : 4<\/strong><\/p>\n<p>G\u00f3lszerz\u0151k: M\u00f3zner J\u00e1nos (2), Romfa K\u00e1roly \u00e9s egy \u00f6ng\u00f3l.<\/p>\n<p>M\u00e9g ugyanennek a h\u00f3nap v\u00e9g\u00e9n j\u00f6tt a k\u00f6vetkez\u0151 fordul\u00f3, ahol a bajnoks\u00e1gban a Halad\u00e1s \u00e9s az Oroszl\u00e1ny elleni vesztes m\u00e9rk\u0151z\u00e9sekkel rajtol\u00f3 dorogiakra a Pest megyei m\u00e1sodoszt\u00e1lyban szerepl\u0151 magl\u00f3diak v\u00e1rtak.<\/p>\n<p><img decoding=\"async\" class=\"alignnone size-full wp-image-33309\" src=\"https:\/\/dorogimedence.hu\/wp-content\/uploads\/2021\/05\/foci-03.jpg\" alt=\"\" width=\"800\" height=\"393\" srcset=\"https:\/\/dorogimedence.hu\/wp-content\/uploads\/2021\/05\/foci-03.jpg 800w, https:\/\/dorogimedence.hu\/wp-content\/uploads\/2021\/05\/foci-03-300x147.jpg 300w, https:\/\/dorogimedence.hu\/wp-content\/uploads\/2021\/05\/foci-03-768x377.jpg 768w, https:\/\/dorogimedence.hu\/wp-content\/uploads\/2021\/05\/foci-03-150x74.jpg 150w, https:\/\/dorogimedence.hu\/wp-content\/uploads\/2021\/05\/foci-03-450x221.jpg 450w\" sizes=\"(max-width: 800px) 100vw, 800px\" \/><\/p>\n<p style=\"text-align: center;\"><strong>MAGL\u00d3D TC\u00a0<\/strong><strong>\u2013 DOROG\u00a0 0 : 3<\/strong><\/p>\n<p>G\u00f3lszerz\u0151k: M\u00f3zner J\u00e1nos, Szedlacsek Istv\u00e1n, T\u00f3th Ferenc.<\/p>\n<p style=\"text-align: justify;\">A csapat a bajnoks\u00e1gban viszont tov\u00e1bbra is gyeng\u00e9lkedett \u00e9s 5 fordul\u00f3 ut\u00e1n egyetlen megszerzett ponttal sereghajt\u00f3 volt. Szeptember 12-\u00e9n k\u00f6vetkezett a kupa harmadik fordul\u00f3ja, ahol a Budapest II. oszt\u00e1lyban szerepl\u0151 f\u0151v\u00e1rosi g\u00e1rda volt az ellenf\u00e9l. Sajnos a m\u00e9rk\u0151z\u00e9s id\u0151pontj\u00e1n \u00e9s eredm\u00e9ny\u00e9n k\u00edv\u00fcl egy\u00e9b r\u00e9szletek nem maradtak fenn.<\/p>\n<p><img decoding=\"async\" class=\"alignnone size-full wp-image-33310\" src=\"https:\/\/dorogimedence.hu\/wp-content\/uploads\/2021\/05\/foci-04.jpg\" alt=\"\" width=\"800\" height=\"393\" srcset=\"https:\/\/dorogimedence.hu\/wp-content\/uploads\/2021\/05\/foci-04.jpg 800w, https:\/\/dorogimedence.hu\/wp-content\/uploads\/2021\/05\/foci-04-300x147.jpg 300w, https:\/\/dorogimedence.hu\/wp-content\/uploads\/2021\/05\/foci-04-768x377.jpg 768w, https:\/\/dorogimedence.hu\/wp-content\/uploads\/2021\/05\/foci-04-150x74.jpg 150w, https:\/\/dorogimedence.hu\/wp-content\/uploads\/2021\/05\/foci-04-450x221.jpg 450w\" sizes=\"(max-width: 800px) 100vw, 800px\" \/><\/p>\n<p style=\"text-align: center;\"><strong>TELEFONGY\u00c1R SC\u00a0<\/strong><strong>\u2013 DOROG\u00a0 1 : 5<\/strong><\/p>\n<p style=\"text-align: justify;\">V\u00e1ltozatlanul tartott a p\u00e9ld\u00e1tlanul gyenge bajnoki szerepl\u00e9s, mind\u00f6ssze 2 pontot gy\u0171jtve a tabella v\u00e9g\u00e9n kullogott a csapat. \u00cdgy nem a legjobb el\u0151jelekkel k\u00e9sz\u00fcltek a 32-k\u00f6z\u00e9 jut\u00e1s\u00e9rt esed\u00e9kes tal\u00e1lkoz\u00f3ra, az ann\u00e1l jobb form\u00e1ban l\u00e9v\u0151 \u00e9s \u00f6nbizalommal teli NB III-as listavezet\u0151 otthon\u00e1ba, amely azt\u00e1n a bajnok is lett \u00e9s a k\u00f6vetkez\u0151 \u00e9vben feljutva m\u00e1r a Doroggal ker\u00fclt azonos csoportba az NB II-ben. A bakonyi v\u00e1rosban szeptember 26-\u00e1n a mieink a k\u00f6vetkez\u0151 \u00f6ssze\u00e1ll\u00edt\u00e1sban l\u00e9ptek p\u00e1ly\u00e1ra: Bel\u00e1nyi &#8211; Szabados &#8211; Varga &#8211; Schuttovics &#8211; Borsos &#8211; Csorba &#8211; Ign\u00e1cz &#8211; T\u00f3th &#8211; Szenczi &#8211; M\u00f3zner &#8211; Szedlacsek. Cserek\u00e9nt lehet\u0151s\u00e9get kapott Guba \u00e9s Sp\u00e1th.<\/p>\n<p><img loading=\"lazy\" decoding=\"async\" class=\"alignnone size-full wp-image-33311\" src=\"https:\/\/dorogimedence.hu\/wp-content\/uploads\/2021\/05\/foci-05.jpg\" alt=\"\" width=\"800\" height=\"500\" srcset=\"https:\/\/dorogimedence.hu\/wp-content\/uploads\/2021\/05\/foci-05.jpg 800w, https:\/\/dorogimedence.hu\/wp-content\/uploads\/2021\/05\/foci-05-300x188.jpg 300w, https:\/\/dorogimedence.hu\/wp-content\/uploads\/2021\/05\/foci-05-768x480.jpg 768w, https:\/\/dorogimedence.hu\/wp-content\/uploads\/2021\/05\/foci-05-150x94.jpg 150w, https:\/\/dorogimedence.hu\/wp-content\/uploads\/2021\/05\/foci-05-450x281.jpg 450w\" sizes=\"(max-width: 800px) 100vw, 800px\" \/><\/p>\n<p style=\"text-align: center;\"><strong>AJKAI B\u00c1NY\u00c1SZ\u00a0<\/strong><strong>\u2013 DOROG\u00a0 1 : 4<\/strong><\/p>\n<p>G\u00f3lszerz\u0151k: Guba P\u00e9ter (2), M\u00f3zner J\u00e1nos, Szedlacsek Istv\u00e1n.<\/p>\n<p style=\"text-align: justify;\">\u00cdgy ker\u00fclt biztosan a csapatunk a kupa 32-es mez\u0151ny\u00e9be, a folytat\u00e1sra viszont m\u00e1r a k\u00f6vetkez\u0151 esztend\u0151ben ker\u00fclt sor. A csapat egyenesbe ker\u00fclt a bajnoks\u00e1gban is. Az \u00e9lcsapatok egyike, a Duna\u00fajv\u00e1ros elleni k\u00e1pr\u00e1zatos 3-0-\u00e1s gy\u0151zelem jelentette a legels\u0151 bajnoki gy\u0151zelm\u00fcket a 7. fordul\u00f3ban, s innen kezdve szorgosan gy\u0171jt\u00f6tt\u00e9k a pontokat \u00e9s az \u0151szi z\u00e1r\u00e1st k\u00f6vet\u0151en az utols\u00f3r\u00f3l a 10. helyig kapaszkodtak fel.<\/p>\n<p style=\"text-align: justify;\">\u00dagy festett, hogy a dorogiak rem\u00e9nyteljes tavasz el\u00e9 n\u00e9zhetnek. A t\u00e9li sz\u00fcnet azonban nem v\u00e1rt negat\u00edv t\u00e9nyez\u0151k eg\u00e9sz sor\u00e1val keser\u00edtette az egyes\u00fcletet \u00e9s a lelkes drukkereket. K\u00f6z\u00fcl\u00fck is \u00e9lre k\u00edv\u00e1nkozik egy orsz\u00e1gos visszhangot kiv\u00e1lt\u00f3 esem\u00e9ny, amely egy \u00e1rtatlannak indult edz\u0151meccsel vette kezdet\u00e9t. A sok \u00e9ves hagyom\u00e1nyoknak megfelel\u0151en, megy\u00e9nk k\u00e9t legkimagasl\u00f3bb csapata, a Tatab\u00e1nya \u00e9s a Dorog ez\u00fattal is egym\u00e1s elleni tal\u00e1lkoz\u00f3val kezdt\u00e9k a felk\u00e9sz\u00fcl\u00e9st az \u00faj szezonra. Szint\u00e9n a trad\u00edci\u00f3kkal j\u00e1rt, hogy ezen meccseken nem egyszer a dorogiak megleck\u00e9ztett\u00e9k az NB I-es megyesz\u00e9khely csapat\u00e1t. Nem volt ez m\u00e1sk\u00e9nt 1991 \u00e9v elej\u00e9n sem, s miut\u00e1n a dorogiak legy\u0151zt\u00e9k a tatab\u00e1nyaiakat, vezet\u0151 edz\u0151j\u00fck, Tornyi Barnab\u00e1s visszav\u00e1g\u00f3t k\u00e9rt. A k\u00e9t csapat \u00edgy \u00fajfent meg\u00fctk\u00f6z\u00f6tt egym\u00e1ssal, de ez\u00fattal is a Dorog ker\u00fclt ki gy\u0151ztesen. Tornyi szem\u00e9lyes preszt\u00edzsk\u00e9nt kezelte imm\u00e1r a csorb\u00e1t, amelyben nem igen tudott belenyugodni, ez\u00e9rt \u00fajabb revansot ind\u00edtv\u00e1nyozott, amelynek a dorogiak \u00e1lltak el\u00e9be. A tatab\u00e1nyai mester mindenk\u00e9ppen el\u00e9gt\u00e9telt akart, m\u00e9gpedig b\u00e1rmi \u00e1ron. J\u00e1t\u00e9kosait felt\u00fczelve \u00fagy k\u00fcldte p\u00e1ly\u00e1ra \u0151ket, hogy a c\u00e9l szentes\u00edti az eszk\u00f6zt alapon, minden enged\u00e9lyezett. Sajn\u00e1latos m\u00f3don a nagy akar\u00e1s \u00e1mokfut\u00e1sba torkolt \u00e9s sz\u00e1mos k\u00edm\u00e9letlen tatab\u00e1nyai belemen\u0151 mellett egy \u00edzben az ifj\u00fa Romfa K\u00e1rolyt gyalult\u00e1k le brut\u00e1lisan, akinek a l\u00e1ba t\u00f6rt.<\/p>\n<p><img loading=\"lazy\" decoding=\"async\" class=\"aligncenter wp-image-33312\" src=\"https:\/\/dorogimedence.hu\/wp-content\/uploads\/2021\/05\/foci-06.jpg\" alt=\"\" width=\"666\" height=\"242\" srcset=\"https:\/\/dorogimedence.hu\/wp-content\/uploads\/2021\/05\/foci-06.jpg 777w, https:\/\/dorogimedence.hu\/wp-content\/uploads\/2021\/05\/foci-06-300x109.jpg 300w, https:\/\/dorogimedence.hu\/wp-content\/uploads\/2021\/05\/foci-06-768x279.jpg 768w, https:\/\/dorogimedence.hu\/wp-content\/uploads\/2021\/05\/foci-06-150x54.jpg 150w, https:\/\/dorogimedence.hu\/wp-content\/uploads\/2021\/05\/foci-06-450x163.jpg 450w\" sizes=\"(max-width: 666px) 100vw, 666px\" \/><\/p>\n<p style=\"text-align: justify;\">Az el\u0151zetes orvosi vizsg\u00e1lat les\u00fajt\u00f3 volt, amely szerint a dorogi j\u00e1t\u00e9kos k\u00e9nytelen p\u00e1lyafut\u00e1s\u00e1t befejezni. Meccsek helyett k\u00f3rh\u00e1z, m\u0171t\u00e9t \u00e9s \u00f3ri\u00e1si szenved\u00e9s lett Romfa oszt\u00e1lyr\u00e9sze. A dorogiak saj\u00e1t nevel\u00e9s\u0171 j\u00e1t\u00e9kosa kiv\u00e1l\u00f3 tehets\u00e9g volt, aki komolyan vette a sportot \u00e9s al\u00e1zatos munk\u00e1t v\u00e9gzett. Ragyog\u00f3 csat\u00e1regy\u00e9nis\u00e9gnek tartott\u00e1k, aki \u00f6rd\u00f6ng\u00f6sen cselez, vill\u00e1mgyors, nagyszer\u0171 a fizikuma \u00e9s a kaput is remek\u00fcl \u00e9rzi. Nagy j\u00f6v\u0151 \u00e1llt el\u0151tte, s csapatt\u00e1rsai \u00e9s vezet\u0151i szeretete, megbecs\u00fcl\u00e9se mellett a szurkol\u00f3k rokonszenv\u00e9t is kiv\u00edvta. Sajnos nem ez volt az els\u0151 ilyen s\u00falyos eset a k\u00e9t csapat t\u00f6rt\u00e9net\u00e9ben. N\u00e9h\u00e1ny \u00e9vvel kor\u00e1bban a Dorogi B\u00e1ny\u00e1sz fenn\u00e1ll\u00e1s\u00e1nak 75. \u00e9v\u00e9nek tisztelet\u00e9re nemzetk\u00f6zi kup\u00e1t rendeztek, amelynek d\u00f6nt\u0151j\u00e9t a Dorog v\u00edvta a Tatab\u00e1nya ellen. Akkor M\u00f3zner J\u00e1nos l\u00e1b\u00e1t t\u00f6rt\u00e9k az ellenf\u00e9l v\u00e9d\u0151i, aki hossz\u00fa id\u0151re harck\u00e9ptelenn\u00e9 v\u00e1lt. Noha id\u0151vel visszat\u00e9rt az akt\u00edv j\u00e1t\u00e9kba, s olykor kiv\u00e1l\u00f3 csat\u00e1rteljes\u00edtm\u00e9nyre is k\u00e9pes volt, m\u00e9gis, m\u00e1r t\u00f6bb\u00e9 nem volt a l\u00e1ba a r\u00e9gi. M\u00f3zner k\u00f6zben t\u00falhaladt a 30. \u00e9let\u00e9v\u00e9n, s a t\u00e9li id\u0151szakban eligazolt Dorogr\u00f3l. A harmadik nagy \u00e9rv\u00e1g\u00e1snak Marosv\u00f6lgyi J\u00f3zsef t\u00e1voz\u00e1sa bizonyult. A kit\u0171n\u0151 dorogi j\u00e1t\u00e9kos t\u00f6bb, mint egy teljes \u00e9vtizeden kereszt\u00fcl volt oszlopos tagja a csapatnak, ekkor azonban a Duna\u00fajv\u00e1ros aj\u00e1nlat\u00e1nak nem tudott ellen\u00e1llni, ugyanis a Fej\u00e9r megyei klub az NB I-es visszaker\u00fcl\u00e9st c\u00e9lozta meg, amelyre j\u00f3 es\u00e9lye is volt. \u00cdgy h\u00e1rom meghat\u00e1roz\u00f3, r\u00e1ad\u00e1sul igen g\u00f3ler\u0151s labdar\u00fag\u00f3val lett szeg\u00e9nyebb a csapat. Igaz, viszont \u00e9rkezett a fiatal Orosz Ferenc, de akkoriban m\u00e9g amolyan csiszolatlan gy\u00e9m\u00e1ntnak sz\u00e1m\u00edtott. Az eml\u00edtett fiask\u00f3 miatt \u00e9rthet\u0151 m\u00f3don nem maradt felh\u0151tlen a kapcsolat a tatab\u00e1nyaikkal sem. A k\u00e9t edz\u0151 a k\u00e9s\u0151bbiekben is cipelte mag\u00e1val e terhet \u00e9s hossz\u00fa \u00e9vekig haragban voltak, s nem is sz\u00f3ltak egym\u00e1shoz.<\/p>\n<p><img loading=\"lazy\" decoding=\"async\" class=\"aligncenter wp-image-33313\" src=\"https:\/\/dorogimedence.hu\/wp-content\/uploads\/2021\/05\/foci-07.jpg\" alt=\"\" width=\"658\" height=\"136\" srcset=\"https:\/\/dorogimedence.hu\/wp-content\/uploads\/2021\/05\/foci-07.jpg 777w, https:\/\/dorogimedence.hu\/wp-content\/uploads\/2021\/05\/foci-07-300x62.jpg 300w, https:\/\/dorogimedence.hu\/wp-content\/uploads\/2021\/05\/foci-07-768x158.jpg 768w, https:\/\/dorogimedence.hu\/wp-content\/uploads\/2021\/05\/foci-07-150x31.jpg 150w, https:\/\/dorogimedence.hu\/wp-content\/uploads\/2021\/05\/foci-07-450x93.jpg 450w\" sizes=\"(max-width: 658px) 100vw, 658px\" \/><\/p>\n<p style=\"text-align: justify;\">A tavaszi bajnoki rajtot megel\u0151z\u0151en a kup\u00e1ban fordul\u00f3t rendeztek. A legjobb 16-k\u00f6z\u00e9 jut\u00e1s\u00e9rt m\u00e1r NB I-es g\u00e1rd\u00e1t sorsoltak a dorogiak ellenfel\u00e9nek, m\u00e9gpedig a Gy\u0151rt. Nemcsak az oszt\u00e1lyk\u00fcl\u00f6nbs\u00e9g miatt t\u0171nt szinte rem\u00e9nytelennek a tov\u00e1bbjut\u00e1s, de a gy\u0151riek ellen a kor\u00e1bbiakban rendre vesztettek m\u00e9g az NB I-ben is. Azonban nem csak a bajnokik sor\u00e1n, de a kup\u00e1ban is nem egyszer \u00e9ppen \u0151k b\u00facs\u00faztatt\u00e1k a dorogiakat, t\u00f6bbek k\u00f6z\u00f6tt a fentebb m\u00e1r megeml\u00edtett negyedd\u00f6nt\u0151 alkalm\u00e1n m\u00e9g 1964-ben, vagy az ugyancsak negyedd\u00f6nt\u0151 tal\u00e1lkoz\u00f3 sor\u00e1n, az 1976-os Felszabadul\u00e1s Kupa-sorozatban.\u00a0 A t\u00e9lies id\u0151j\u00e1r\u00e1sb\u00f3l fakad\u00f3an, a dorogi p\u00e1lya k\u00edm\u00e9l\u00e9se \u00e9rdek\u00e9ben a m\u00e9rk\u0151z\u00e9st Tokodalt\u00e1r\u00f3n rendezt\u00e9k, 1991. m\u00e1rcius 2-\u00e1n.<\/p>\n<p style=\"text-align: center;\"><strong>Legjobb 16-k\u00f6z\u00e9 jut\u00e1s\u00e9rt:<\/strong><\/p>\n<p><img loading=\"lazy\" decoding=\"async\" class=\"alignnone size-full wp-image-33314\" src=\"https:\/\/dorogimedence.hu\/wp-content\/uploads\/2021\/05\/foci-08.jpg\" alt=\"\" width=\"800\" height=\"393\" srcset=\"https:\/\/dorogimedence.hu\/wp-content\/uploads\/2021\/05\/foci-08.jpg 800w, https:\/\/dorogimedence.hu\/wp-content\/uploads\/2021\/05\/foci-08-300x147.jpg 300w, https:\/\/dorogimedence.hu\/wp-content\/uploads\/2021\/05\/foci-08-768x377.jpg 768w, https:\/\/dorogimedence.hu\/wp-content\/uploads\/2021\/05\/foci-08-150x74.jpg 150w, https:\/\/dorogimedence.hu\/wp-content\/uploads\/2021\/05\/foci-08-450x221.jpg 450w\" sizes=\"(max-width: 800px) 100vw, 800px\" \/><\/p>\n<p style=\"text-align: center;\"><strong>DOROG\u00a0<\/strong><strong>\u2013 R\u00c1BA ETO\u00a0 2 : 0<\/strong><\/p>\n<p>G\u00f3lszerz\u0151k: Ign\u00e1cz J\u00e1nos, Csap\u00f3 K\u00e1roly.<\/p>\n<p><img loading=\"lazy\" decoding=\"async\" class=\"aligncenter wp-image-33315\" src=\"https:\/\/dorogimedence.hu\/wp-content\/uploads\/2021\/05\/foci-09.jpg\" alt=\"\" width=\"654\" height=\"203\" srcset=\"https:\/\/dorogimedence.hu\/wp-content\/uploads\/2021\/05\/foci-09.jpg 777w, https:\/\/dorogimedence.hu\/wp-content\/uploads\/2021\/05\/foci-09-300x93.jpg 300w, https:\/\/dorogimedence.hu\/wp-content\/uploads\/2021\/05\/foci-09-768x238.jpg 768w, https:\/\/dorogimedence.hu\/wp-content\/uploads\/2021\/05\/foci-09-150x47.jpg 150w, https:\/\/dorogimedence.hu\/wp-content\/uploads\/2021\/05\/foci-09-450x140.jpg 450w\" sizes=\"(max-width: 654px) 100vw, 654px\" \/><\/p>\n<p style=\"text-align: justify;\">A folytat\u00e1sban nem csak \u00fajabb NB I-es ellenf\u00e9l k\u00f6vetkezett, de a szab\u00e1lyoknak megfelel\u0151en, innent\u0151l kezdve oda-visszav\u00e1g\u00f3n d\u0151lt el a tov\u00e1bbjut\u00e1s. Az ellenf\u00e9l az els\u0151 oszt\u00e1ly el\u0151kel\u0151 5. helyezettje, a Veszpr\u00e9m volt. Vel\u00fck egy \u00e9vvel kor\u00e1bban is \u00f6sszeker\u00fclt a csapat, csak egy k\u00f6rrel kor\u00e1bban, a legjobb 16-k\u00f6z\u00e9 jut\u00e1s\u00e9rt. Akkor ki\u00e9lezett remek csat\u00e1ban a veszpr\u00e9miek 3-2-es gy\u0151zelm\u00fckkel ejtett\u00e9k ki a dorogiakat a Dorogon j\u00e1tszott m\u00e9rk\u0151z\u00e9sen. Az els\u0151 meccsen a dorogiak voltak a p\u00e1lyav\u00e1laszt\u00f3k, viszont ez\u00fatal is Alt\u00e1r\u00f3ra vitt\u00e9k ki a kupameccset, amelyre m\u00e1rcius 6-\u00e1n ker\u00fclt sor.<\/p>\n<p style=\"text-align: center;\"><strong>Nyolcadd\u00f6nt\u0151, els\u0151 m\u00e9rk\u0151z\u00e9s:<\/strong><\/p>\n<p><img loading=\"lazy\" decoding=\"async\" class=\"alignnone size-full wp-image-33316\" src=\"https:\/\/dorogimedence.hu\/wp-content\/uploads\/2021\/05\/foci-10.jpg\" alt=\"\" width=\"800\" height=\"393\" srcset=\"https:\/\/dorogimedence.hu\/wp-content\/uploads\/2021\/05\/foci-10.jpg 800w, https:\/\/dorogimedence.hu\/wp-content\/uploads\/2021\/05\/foci-10-300x147.jpg 300w, https:\/\/dorogimedence.hu\/wp-content\/uploads\/2021\/05\/foci-10-768x377.jpg 768w, https:\/\/dorogimedence.hu\/wp-content\/uploads\/2021\/05\/foci-10-150x74.jpg 150w, https:\/\/dorogimedence.hu\/wp-content\/uploads\/2021\/05\/foci-10-450x221.jpg 450w\" sizes=\"(max-width: 800px) 100vw, 800px\" \/><\/p>\n<p style=\"text-align: center;\"><strong>DOROG\u00a0<\/strong><strong>\u2013 VESZPR\u00c9M\u00a0 1 : 0<\/strong><\/p>\n<p>G\u00f3lszerz\u0151: Orosz Ferenc.<\/p>\n<p><img loading=\"lazy\" decoding=\"async\" class=\"aligncenter wp-image-33317\" src=\"https:\/\/dorogimedence.hu\/wp-content\/uploads\/2021\/05\/foci-11.jpg\" alt=\"\" width=\"648\" height=\"714\" srcset=\"https:\/\/dorogimedence.hu\/wp-content\/uploads\/2021\/05\/foci-11.jpg 777w, https:\/\/dorogimedence.hu\/wp-content\/uploads\/2021\/05\/foci-11-272x300.jpg 272w, https:\/\/dorogimedence.hu\/wp-content\/uploads\/2021\/05\/foci-11-768x847.jpg 768w, https:\/\/dorogimedence.hu\/wp-content\/uploads\/2021\/05\/foci-11-150x165.jpg 150w, https:\/\/dorogimedence.hu\/wp-content\/uploads\/2021\/05\/foci-11-450x496.jpg 450w\" sizes=\"(max-width: 648px) 100vw, 648px\" \/><\/p>\n<p style=\"text-align: justify;\">K\u00e9t h\u00e9ttel k\u00e9s\u0151bb, m\u00e1rcius 20-\u00e1n k\u00f6vetkezett a visszav\u00e1g\u00f3. A dorogiak Borsos Zsoltot voltak k\u00e9nytelenek n\u00e9lk\u00fcl\u00f6zni, mivel a kiv\u00e1l\u00f3 form\u00e1ban j\u00e1tsz\u00f3 v\u00e9d\u0151nk begy\u0171jt\u00f6tte harmadik s\u00e1rga lapj\u00e1t a h\u00e9tv\u00e9gi bajnokin, \u00edgy egy m\u00e9rk\u0151z\u00e9st ki kellett hagynia. Ennek ellen\u00e9re is remek\u00fcl z\u00e1rt a dorogi v\u00e9delem \u00e9s f\u0151leg a m\u00e1sodik j\u00e1t\u00e9kr\u00e9szben sokkal t\u00f6bb g\u00f3lhelyzete is ad\u00f3dott els\u0151 oszt\u00e1ly\u00fa vet\u00e9lyt\u00e1rs\u00e1n\u00e1l. V\u00e9g\u00fcl egy gy\u0151zelemmel fel\u00e9r\u0151 d\u00f6ntetlennel z\u00e1rult a visszav\u00e1g\u00f3, amely a dorogiak tov\u00e1bbjut\u00e1s\u00e1t jelentette.<\/p>\n<p style=\"text-align: center;\"><strong>Nyolcadd\u00f6nt\u0151, visszav\u00e1g\u00f3:<\/strong><\/p>\n<p><img loading=\"lazy\" decoding=\"async\" class=\"alignnone size-full wp-image-33318\" src=\"https:\/\/dorogimedence.hu\/wp-content\/uploads\/2021\/05\/foci-12.jpg\" alt=\"\" width=\"800\" height=\"393\" srcset=\"https:\/\/dorogimedence.hu\/wp-content\/uploads\/2021\/05\/foci-12.jpg 800w, https:\/\/dorogimedence.hu\/wp-content\/uploads\/2021\/05\/foci-12-300x147.jpg 300w, https:\/\/dorogimedence.hu\/wp-content\/uploads\/2021\/05\/foci-12-768x377.jpg 768w, https:\/\/dorogimedence.hu\/wp-content\/uploads\/2021\/05\/foci-12-150x74.jpg 150w, https:\/\/dorogimedence.hu\/wp-content\/uploads\/2021\/05\/foci-12-450x221.jpg 450w\" sizes=\"(max-width: 800px) 100vw, 800px\" \/><\/p>\n<p style=\"text-align: center;\"><strong>VESZPR\u00c9M\u00a0<\/strong><strong>\u2013 DOROG\u00a0 0 : 0<\/strong><\/p>\n<p><img loading=\"lazy\" decoding=\"async\" class=\"aligncenter wp-image-33319\" src=\"https:\/\/dorogimedence.hu\/wp-content\/uploads\/2021\/05\/foci-13.jpg\" alt=\"\" width=\"655\" height=\"251\" srcset=\"https:\/\/dorogimedence.hu\/wp-content\/uploads\/2021\/05\/foci-13.jpg 777w, https:\/\/dorogimedence.hu\/wp-content\/uploads\/2021\/05\/foci-13-300x115.jpg 300w, https:\/\/dorogimedence.hu\/wp-content\/uploads\/2021\/05\/foci-13-768x295.jpg 768w, https:\/\/dorogimedence.hu\/wp-content\/uploads\/2021\/05\/foci-13-150x58.jpg 150w, https:\/\/dorogimedence.hu\/wp-content\/uploads\/2021\/05\/foci-13-450x173.jpg 450w\" sizes=\"(max-width: 655px) 100vw, 655px\" \/><\/p>\n<p style=\"text-align: justify;\">A sorsol\u00e1sn\u00e1l alaposan kifogt\u00e1k a mieink, ugyanis az NB I dobog\u00f3s hely\u00e9n \u00e1ll\u00f3 v\u00e1ci csapatot kapt\u00e1k. Ez\u00fattal idegenben ker\u00fclt sor az odav\u00e1g\u00f3ra, amelyet m\u00e1jus 8-\u00e1n j\u00e1tszottak a v\u00e1ci stadionban. Igen szervezetten \u00e9s meglehet\u0151sen b\u00e1tran futballoztak Reszeli mester fiai, a t\u00e9rf\u00e9lcser\u00e9t k\u00f6vet\u0151en pedig a helyzetek ter\u00e9n vet\u00e9lyt\u00e1rsuk f\u00f6l\u00e9 is n\u0151ttek. Egy nagyszer\u0171 g\u00f3llal az utols\u00f3 percekig vezettek is, v\u00e9g\u00fcl azonban egy sz\u00f6gletet k\u00f6vet\u0151en Talapa Tibor fejese tal\u00e1lt utat a dorogi kapuba.<\/p>\n<p style=\"text-align: center;\"><strong>Negyedd\u00f6nt\u0151, els\u0151 m\u00e9rk\u0151z\u00e9s:<\/strong><\/p>\n<p><img loading=\"lazy\" decoding=\"async\" class=\"alignnone size-full wp-image-33320\" src=\"https:\/\/dorogimedence.hu\/wp-content\/uploads\/2021\/05\/foci-14.jpg\" alt=\"\" width=\"800\" height=\"393\" srcset=\"https:\/\/dorogimedence.hu\/wp-content\/uploads\/2021\/05\/foci-14.jpg 800w, https:\/\/dorogimedence.hu\/wp-content\/uploads\/2021\/05\/foci-14-300x147.jpg 300w, https:\/\/dorogimedence.hu\/wp-content\/uploads\/2021\/05\/foci-14-768x377.jpg 768w, https:\/\/dorogimedence.hu\/wp-content\/uploads\/2021\/05\/foci-14-150x74.jpg 150w, https:\/\/dorogimedence.hu\/wp-content\/uploads\/2021\/05\/foci-14-450x221.jpg 450w\" sizes=\"(max-width: 800px) 100vw, 800px\" \/><\/p>\n<p style=\"text-align: center;\"><strong>V\u00c1CI IZZ\u00d3\u00a0<\/strong><strong>\u2013 DOROG\u00a0 1 : 1<\/strong><strong><br \/>\n<\/strong><\/p>\n<p>G\u00f3lszerz\u0151: Orosz Ferenc.<strong><br \/>\n<\/strong><\/p>\n<p><img loading=\"lazy\" decoding=\"async\" class=\"aligncenter wp-image-33321\" src=\"https:\/\/dorogimedence.hu\/wp-content\/uploads\/2021\/05\/foci-15.jpg\" alt=\"\" width=\"665\" height=\"362\" srcset=\"https:\/\/dorogimedence.hu\/wp-content\/uploads\/2021\/05\/foci-15.jpg 777w, https:\/\/dorogimedence.hu\/wp-content\/uploads\/2021\/05\/foci-15-300x163.jpg 300w, https:\/\/dorogimedence.hu\/wp-content\/uploads\/2021\/05\/foci-15-768x418.jpg 768w, https:\/\/dorogimedence.hu\/wp-content\/uploads\/2021\/05\/foci-15-150x82.jpg 150w, https:\/\/dorogimedence.hu\/wp-content\/uploads\/2021\/05\/foci-15-450x245.jpg 450w\" sizes=\"(max-width: 665px) 100vw, 665px\" \/><\/p>\n<p style=\"text-align: justify;\">A k\u00e9t h\u00e9ttel k\u00e9s\u0151bb esed\u00e9kes visszav\u00e1g\u00f3ig a dorogiak j\u00f3szer\u00e9vel t\u00f6bb id\u0151t t\u00f6lt\u00f6ttek a p\u00e1ly\u00e1n, mint azon k\u00edv\u00fcl. K\u00e9t bajnoki tal\u00e1lkoz\u00f3jukon k\u00edv\u00fcl ekkor ker\u00fclt sor a N\u00e9metorsz\u00e1g-beli nemzetk\u00f6zi kup\u00e1ra is, amelyet a piros-feket\u00e9k megnyertek (a kup\u00e1r\u00f3l sz\u00f3l\u00f3 cikk <a href=\"https:\/\/dorogimedence.hu\/index.php\/2021\/05\/21\/30-eve-tortent-nemzetkozi-labdarugo-kupat-nyert-a-dorog-nemetorszagban\/\" target=\"_blank\" rel=\"noopener\"><span style=\"text-decoration: underline;\"><span style=\"color: #0000ff; text-decoration: underline;\">ide kattintva<\/span><\/span><\/a> olvashat\u00f3). A csapat a v\u00e1ciak elleni kupameccs\u00fck el\u0151tt k\u00e9t nappal m\u00e9g kupad\u00f6nt\u0151t j\u00e1tszottak N\u00e9metorsz\u00e1gban, majd kedden \u00e9rkeztek magyar f\u00f6ldre. Gy\u0151rben sz\u00e1lltak meg, ahol az ETO stadionj\u00e1ban tartottak egy edz\u00e9st, majd onnan indulva, k\u00f6zvetlen\u00fcl a m\u00e9rk\u0151z\u00e9sre \u00e9rkeztek egyenesen a dorogi stadionba. B\u0151 egy h\u00e9t leforg\u00e1sa alatt hat t\u00e9tm\u00e9rk\u0151z\u00e9ssel a l\u00e1bukban futottak ki a kupa-visszav\u00e1g\u00f3 tal\u00e1lkoz\u00f3ra m\u00e1jus 22-\u00e9n, 6000 n\u00e9z\u0151 (egyes lapok szerint 7 ezer)\u00a0 hangork\u00e1nj\u00e1t\u00f3l k\u00eds\u00e9rve. A nagy er\u0151pr\u00f3ba ellen\u00e9re mind fizik\u00e1lisan, mind ment\u00e1lisan frissnek t\u0171ntek \u00e9s mindv\u00e9gig er\u0151s iramot dikt\u00e1ltak a lend\u00fcletes m\u00e9rk\u0151z\u00e9sen. S\u0151t, ink\u00e1bb a vend\u00e9gek l\u00e1tszottak f\u00e1radtabbnak, amihez hozz\u00e1j\u00e1rult az is, hogy az els\u0151 f\u00e9lid\u0151ben Talapa Tibort egy igen durva szab\u00e1lytalans\u00e1g\u00e9rt jogosan \u00e1ll\u00edtott\u00e1k ki, \u00edgy a vend\u00e9geknek a meccs nagy r\u00e9sz\u00e9t emberh\u00e1tr\u00e1nyban kellett j\u00e1tszaniuk. A dorogiak szinte minden t\u00e1mad\u00e1sa g\u00f3lvesz\u00e9lyes volt \u00e9s h\u00e1rom komoly kimaradt lehet\u0151s\u00e9g ut\u00e1n szinte a semmib\u0151l szerzett vezet\u00e9st a vend\u00e9g csapat, m\u00e9gpedig egykori saj\u00e1t nevel\u00e9s\u0171, nagy k\u00f6z\u00f6ns\u00e9g kedvencnek sz\u00e1m\u00edtott F\u00fcle Antal fejes g\u00f3lj\u00e1val. A bekapott g\u00f3l nem z\u00f6kkentette ki a hazaiakat \u00e9s m\u00e9g az els\u0151 j\u00e1t\u00e9kr\u00e9szben egy mintaszer\u0171 akci\u00f3 v\u00e9g\u00e9n Orosz egyenl\u00edtett.<\/p>\n<p><img loading=\"lazy\" decoding=\"async\" class=\"aligncenter wp-image-33322\" src=\"https:\/\/dorogimedence.hu\/wp-content\/uploads\/2021\/05\/foci-16.jpg\" alt=\"\" width=\"662\" height=\"430\" srcset=\"https:\/\/dorogimedence.hu\/wp-content\/uploads\/2021\/05\/foci-16.jpg 777w, https:\/\/dorogimedence.hu\/wp-content\/uploads\/2021\/05\/foci-16-300x195.jpg 300w, https:\/\/dorogimedence.hu\/wp-content\/uploads\/2021\/05\/foci-16-768x498.jpg 768w, https:\/\/dorogimedence.hu\/wp-content\/uploads\/2021\/05\/foci-16-150x97.jpg 150w, https:\/\/dorogimedence.hu\/wp-content\/uploads\/2021\/05\/foci-16-450x292.jpg 450w\" sizes=\"(max-width: 662px) 100vw, 662px\" \/><\/p>\n<p style=\"text-align: center;\"><span style=\"font-size: 10pt;\"><em>A dorogiak m\u00e1sodik g\u00f3lja ut\u00e1ni pillanat a V\u00e1c elleni kupa-visszav\u00e1g\u00f3n<\/em><\/span><\/p>\n<p style=\"text-align: justify;\">A m\u00e1sodik f\u00e9lid\u0151ben is mez\u0151f\u00f6l\u00e9nyben j\u00e1tszottak a piros-feket\u00e9k \u00e9s sz\u00e9p sz\u00e1mmal ad\u00f3dtak meleg pillanatok a v\u00e1ci kapu el\u0151tt. Guba p\u00e9ld\u00e1ul egyed\u00fcl kil\u00e9pve a kifut\u00f3 Koszta J\u00e1nos felett l\u0151tt \u00fagy, hogy labd\u00e1ja t\u00e1n m\u00e9g s\u00farolta is a fels\u0151 l\u00e9cet. \u00dajfent v\u00e1ratlanul ker\u00fclt el\u0151nybe a vend\u00e9g alakulat. R\u00e9p\u00e1si L\u00e1szl\u00f3 sz\u00e9ps\u00e9gd\u00edjas mozdulattal k\u00fcld\u00f6tt, de nem t\u00fal vesz\u00e9lyes l\u00f6v\u00e9st a kapura. Bel\u00e1nyi Istv\u00e1n kapus viszont pont elmozdult arr\u00f3l a helyr\u0151l, ahol n\u00e9h\u00e1ny pillanattal k\u00e9s\u0151bb a labda fejmagass\u00e1gban a kapu k\u00f6zep\u00e9be v\u00e1g\u00f3dott. Az utols\u00f3 negyed\u00f3r\u00e1t v\u00e9gigt\u00e1madta a Dorog \u00e9s a 80. percben Szenczi ragyog\u00f3 bead\u00e1s\u00e1t Csap\u00f3 felh\u0151fejessel k\u00fcldte a jobb fels\u0151 sarokba. A v\u00e9gs\u0151 percekre teljesen beszorult V\u00e1c m\u00e1r csak az eredm\u00e9ny tart\u00e1s\u00e1ra t\u00f6rekedett. 3 perccel a v\u00e9ge el\u0151tt Csap\u00f3 forintos labd\u00e1j\u00e1val Orosz tiszta ziccerbe ker\u00fclt \u00e9s csak a kiszolg\u00e1ltatott Koszt\u00e1val \u00e1llt szemben, amikor a l\u00f6v\u00e9s pillanat\u00e1ban a t\u00e1maszkod\u00f3 l\u00e1b\u00e1t h\u00e1tulr\u00f3l elh\u00fazt\u00e1k a k\u00e9ts\u00e9gbeesett v\u00e9d\u0151k. Az egy\u00e9rtelm\u0171 11-est azonban nem \u00edt\u00e9lte meg V\u00e1gner j\u00e1t\u00e9kvezet\u0151, \u00edgy maradt a d\u00f6ntetlen, s az idegenben r\u00fagott t\u00f6bb g\u00f3lj\u00e1val a V\u00e1c jutott tov\u00e1bb. A m\u00e9rk\u0151z\u00e9st k\u00f6zvet\u00edt\u0151 Kn\u00e9zy Jen\u0151 csak annyit mondott az omin\u00f3zus esetn\u00e9l, hogy a V\u00e1c megk\u00f6sz\u00f6nheti a j\u00e1t\u00e9kvezet\u0151nek.<\/p>\n<p style=\"text-align: center;\"><strong>Negyedd\u00f6nt\u0151 visszav\u00e1g\u00f3:<\/strong><\/p>\n<p><img loading=\"lazy\" decoding=\"async\" class=\"alignnone size-full wp-image-33323\" src=\"https:\/\/dorogimedence.hu\/wp-content\/uploads\/2021\/05\/foci-17.jpg\" alt=\"\" width=\"800\" height=\"393\" srcset=\"https:\/\/dorogimedence.hu\/wp-content\/uploads\/2021\/05\/foci-17.jpg 800w, https:\/\/dorogimedence.hu\/wp-content\/uploads\/2021\/05\/foci-17-300x147.jpg 300w, https:\/\/dorogimedence.hu\/wp-content\/uploads\/2021\/05\/foci-17-768x377.jpg 768w, https:\/\/dorogimedence.hu\/wp-content\/uploads\/2021\/05\/foci-17-150x74.jpg 150w, https:\/\/dorogimedence.hu\/wp-content\/uploads\/2021\/05\/foci-17-450x221.jpg 450w\" sizes=\"(max-width: 800px) 100vw, 800px\" \/><\/p>\n<p style=\"text-align: center;\"><strong>DOROG\u00a0<\/strong><strong>\u2013 V\u00c1CI IZZ\u00d3\u00a0 2 : 2<\/strong><br \/>\n<strong><br \/>\n<\/strong><\/p>\n<p>G\u00f3lszerz\u0151k: Orosz Ferenc, Csap\u00f3 K\u00e1roly.<\/p>\n<p><img loading=\"lazy\" decoding=\"async\" class=\"aligncenter wp-image-33324\" src=\"https:\/\/dorogimedence.hu\/wp-content\/uploads\/2021\/05\/foci-18.jpg\" alt=\"\" width=\"660\" height=\"222\" srcset=\"https:\/\/dorogimedence.hu\/wp-content\/uploads\/2021\/05\/foci-18.jpg 777w, https:\/\/dorogimedence.hu\/wp-content\/uploads\/2021\/05\/foci-18-300x101.jpg 300w, https:\/\/dorogimedence.hu\/wp-content\/uploads\/2021\/05\/foci-18-768x258.jpg 768w, https:\/\/dorogimedence.hu\/wp-content\/uploads\/2021\/05\/foci-18-150x50.jpg 150w, https:\/\/dorogimedence.hu\/wp-content\/uploads\/2021\/05\/foci-18-450x151.jpg 450w\" sizes=\"(max-width: 660px) 100vw, 660px\" \/><\/p>\n<p style=\"text-align: justify;\">Ezzel veretlen\u00fcl, de m\u00e9gis b\u00facs\u00fazni k\u00e9nyszer\u00fclt a kup\u00e1b\u00f3l a Dorog, amely ak\u00e1r meccsenk\u00e9nt lebontva, s \u00f6sszess\u00e9g\u00e9ben is meg\u00e9rdemelte volna a tov\u00e1bbjut\u00e1st, amely val\u00f3ban csak egy hajsz\u00e1lon, valamint a j\u00e1t\u00e9kvezet\u0151 t\u00falzott nagyvonal\u00fas\u00e1g\u00e1n m\u00falott. Az igen eredm\u00e9nyes sorozat alatt 9 m\u00e9rk\u0151z\u00e9st j\u00e1tszott a csapat, amelyb\u0151l h\u00e1rom d\u00f6ntetlen mellett hatot megnyert. 22 g\u00f3lt szerzett \u00e9s mind\u00f6ssze 5 g\u00f3lt kapott. A negyedd\u00f6nt\u0151ig pedig csak k\u00e9tszer rezd\u00fclt meg a dorogi h\u00e1l\u00f3. Az eredm\u00e9ny \u00e9rt\u00e9k\u00e9t tov\u00e1bb n\u00f6veli, hogy saj\u00e1t p\u00e1ly\u00e1n csak egyetlen egyszer j\u00e1tszott a csapat, \u00e9ppen a legutols\u00f3 m\u00e9rk\u0151z\u00e9s\u00e9n.<\/p>\n<p style=\"text-align: justify;\">Az \u00e9let egyetlen ter\u00fclete sem szereti a <em>mi lett volna, ha<\/em> kezdet\u0171 felt\u00e9teles m\u00f3dot, m\u00e9gis amennyiben a Dorog l\u00e9p tov\u00e1bb, \u00fagy az el\u0151d\u00f6nt\u0151ben a Kazincbarcik\u00e1t kapta volna ellenf\u00e9lnek. B\u00e1r m\u00e9rget nem lehet r\u00e1 venni, m\u00e9gis j\u00f3 es\u00e9lye lett volna ak\u00e1r a d\u00f6nt\u0151ig menetelnie, ahol a Ferencv\u00e1rossal k\u00fczd\u00f6tt volna meg a kup\u00e1\u00e9rt Di\u00f3sgy\u0151rben. Az biztos, hogy a semleges labdar\u00fag\u00f3 szurkol\u00f3k minden bizonnyal jobban j\u00e1rtak volna, ugyanis az FTC-V\u00e1c d\u00f6nt\u0151 finoman fogalmazva sem tartozott a Magyar Kupa-d\u00f6nt\u0151k felejthetetlen m\u00e9rk\u0151z\u00e9seinek sor\u00e1ba.<\/p>\n<p style=\"text-align: justify;\">A dorogi csapat az\u00a0 az\u00f3ta eltelt id\u0151t k\u00f6vet\u0151en, \u00e9ppen tavaly tudott ilyen messzire eljutni, azonban a maga nem\u00e9ben az 1991-es kupamenetel\u00e9s \u00e9rt\u00e9kesebb, ugyanis sokkal nehezebb \u00fat vezetett a negyedd\u00f6nt\u0151ig, mint 2020-ban. Legut\u00f3bb csak a Debrecen kiejt\u00e9se jelentette az egyetlen igazi brav\u00fart, arr\u00f3l pedig nem sz\u00f3lva, hogy a negyedd\u00f6nt\u0151 mindk\u00e9t m\u00e9rk\u0151z\u00e9s\u00e9n veres\u00e9get szenvedtek, m\u00e9gpedig r\u00fagott g\u00f3l n\u00e9lk\u00fcl, 4 kapott ellen\u00e9ben az azonos oszt\u00e1lyban szerepl\u0151 MTK ellen.<\/p>\n<p style=\"text-align: justify;\">Ezt a visszaeml\u00e9kez\u00e9st egy\u00fattal a cikkben szerepl\u0151, az\u00f3ta sajnos m\u00e1r elhunyt r\u00e9sztvev\u0151k &#8211; Reszeli-So\u00f3s Istv\u00e1n vezet\u0151 edz\u0151, M\u00f3zner J\u00e1nos labdar\u00fag\u00f3, Csuha Andr\u00e1s klubeln\u00f6k \u00e9s F\u00fcle Antal labdar\u00fag\u00f3, valamint a m\u00e9rk\u0151z\u00e9seinkr\u0151l tud\u00f3s\u00edt\u00f3 \u00fajs\u00e1g\u00edr\u00f3, egykori j\u00e1t\u00e9kosunk, P\u00e9ntek S\u00e1ndor \u00e9s a Dorog-V\u00e1c m\u00e9rk\u0151z\u00e9st k\u00f6zvet\u00edt\u0151 Kn\u00e9zy Jen\u0151 &#8211; eml\u00e9k\u00e9re \u00e9s tisztelet\u00e9re is aj\u00e1nlom. V\u00e9gezet\u00fcl n\u00e9h\u00e1ny \u00fajs\u00e1gcikk-t\u00f6red\u00e9k, k\u00f6zte a h\u00e1rom jeles ellenf\u00e9l edz\u0151i nyilatkozata is olvashat\u00f3.<\/p>\n<p><img loading=\"lazy\" decoding=\"async\" class=\"alignnone size-full wp-image-33325\" src=\"https:\/\/dorogimedence.hu\/wp-content\/uploads\/2021\/05\/foci-19.jpg\" alt=\"\" width=\"700\" height=\"252\" srcset=\"https:\/\/dorogimedence.hu\/wp-content\/uploads\/2021\/05\/foci-19.jpg 700w, https:\/\/dorogimedence.hu\/wp-content\/uploads\/2021\/05\/foci-19-300x108.jpg 300w, https:\/\/dorogimedence.hu\/wp-content\/uploads\/2021\/05\/foci-19-150x54.jpg 150w, https:\/\/dorogimedence.hu\/wp-content\/uploads\/2021\/05\/foci-19-450x162.jpg 450w\" sizes=\"(max-width: 700px) 100vw, 700px\" \/><\/p>\n<p><img loading=\"lazy\" decoding=\"async\" class=\"alignnone size-full wp-image-33326\" src=\"https:\/\/dorogimedence.hu\/wp-content\/uploads\/2021\/05\/foci-20.jpg\" alt=\"\" width=\"880\" height=\"209\" srcset=\"https:\/\/dorogimedence.hu\/wp-content\/uploads\/2021\/05\/foci-20.jpg 880w, https:\/\/dorogimedence.hu\/wp-content\/uploads\/2021\/05\/foci-20-300x71.jpg 300w, https:\/\/dorogimedence.hu\/wp-content\/uploads\/2021\/05\/foci-20-768x182.jpg 768w, https:\/\/dorogimedence.hu\/wp-content\/uploads\/2021\/05\/foci-20-150x36.jpg 150w, https:\/\/dorogimedence.hu\/wp-content\/uploads\/2021\/05\/foci-20-450x107.jpg 450w\" sizes=\"(max-width: 880px) 100vw, 880px\" \/><\/p>\n<p><strong><em>Szab\u00f3 Gyula<\/em><\/strong><\/p>\n","protected":false},"excerpt":{"rendered":"<p>N\u00e9h\u00e1ny nappal ezel\u0151tt megjelent cikkben eml\u00e9kezt\u00fcnk meg a Dorogi B\u00e1ny\u00e1sz 1991 m\u00e1jus\u00e1ban, N\u00e9metorsz\u00e1gban rendezett nemzetk\u00f6zi kupagy\u0151zelm\u00e9nek \u00e9vfordul\u00f3j\u00e1r\u00f3l. Ezzel m\u00e9g kor\u00e1ntsem \u00e9rtek v\u00e9get a mozgalmas esem\u00e9nyek, ugyanis a dorogiak ugyanabban az id\u0151ben a Magyar Kupa-k\u00fczdelmeiben is igen sikeres sz\u00e9ri\u00e1t tudhattak maguk m\u00f6g\u00f6tt \u00e9s v\u00e9g\u00fcl \u00fagy b\u00facs\u00faztak a negyedd\u00f6nt\u0151t k\u00f6vet\u0151en, hogy egyszer sem szenvedtek veres\u00e9get &#8211; Szab\u00f3<\/p>\n","protected":false},"author":1,"featured_media":33307,"comment_status":"closed","ping_status":"closed","sticky":false,"template":"","format":"standard","meta":{"ngg_post_thumbnail":0,"footnotes":""},"categories":[2,3,6031,5],"tags":[15,37,70,69,72,16],"class_list":{"0":"post-33306","1":"post","2":"type-post","3":"status-publish","4":"format-standard","5":"has-post-thumbnail","7":"category-dorog","8":"category-hirek","9":"category-kerek-evfordulok","10":"category-sport","11":"tag-dorog","12":"tag-dorogi-fc","13":"tag-foci","14":"tag-futball","15":"tag-labdarugas","16":"tag-sport"},"yoast_head":"<!-- This site is optimized with the Yoast SEO plugin v27.5 - https:\/\/yoast.com\/product\/yoast-seo-wordpress\/ -->\n<title>30 \u00e9ve t\u00f6rt\u00e9nt: A dorogi labdar\u00fag\u00f3 csapat nagyszer\u0171 kupamenetel\u00e9se<\/title>\n<meta name=\"robots\" content=\"index, follow, max-snippet:-1, max-image-preview:large, max-video-preview:-1\" \/>\n<link rel=\"canonical\" href=\"https:\/\/dorogimedence.hu\/index.php\/2021\/05\/25\/30-eve-tortent-a-dorogi-labdarugo-csapat-nagyszeru-kupamenetelese\/\" class=\"yoast-seo-meta-tag\" \/>\n<meta property=\"og:locale\" content=\"hu_HU\" class=\"yoast-seo-meta-tag\" \/>\n<meta property=\"og:type\" content=\"article\" class=\"yoast-seo-meta-tag\" \/>\n<meta property=\"og:title\" content=\"30 \u00e9ve t\u00f6rt\u00e9nt: A dorogi labdar\u00fag\u00f3 csapat nagyszer\u0171 kupamenetel\u00e9se\" class=\"yoast-seo-meta-tag\" \/>\n<meta property=\"og:description\" content=\"N\u00e9h\u00e1ny nappal ezel\u0151tt megjelent cikkben eml\u00e9kezt\u00fcnk meg a Dorogi B\u00e1ny\u00e1sz 1991 m\u00e1jus\u00e1ban, N\u00e9metorsz\u00e1gban rendezett nemzetk\u00f6zi kupagy\u0151zelm\u00e9nek \u00e9vfordul\u00f3j\u00e1r\u00f3l. Ezzel m\u00e9g kor\u00e1ntsem \u00e9rtek v\u00e9get a mozgalmas esem\u00e9nyek, ugyanis a dorogiak ugyanabban az id\u0151ben a Magyar Kupa-k\u00fczdelmeiben is igen sikeres sz\u00e9ri\u00e1t tudhattak maguk m\u00f6g\u00f6tt \u00e9s v\u00e9g\u00fcl \u00fagy b\u00facs\u00faztak a negyedd\u00f6nt\u0151t k\u00f6vet\u0151en, hogy egyszer sem szenvedtek veres\u00e9get &#8211; Szab\u00f3\" class=\"yoast-seo-meta-tag\" \/>\n<meta property=\"og:url\" content=\"https:\/\/dorogimedence.hu\/index.php\/2021\/05\/25\/30-eve-tortent-a-dorogi-labdarugo-csapat-nagyszeru-kupamenetelese\/\" class=\"yoast-seo-meta-tag\" \/>\n<meta property=\"og:site_name\" content=\"Dorogi-medence Region\u00e1lis H\u00edrport\u00e1l\" class=\"yoast-seo-meta-tag\" \/>\n<meta property=\"article:publisher\" content=\"https:\/\/www.facebook.com\/dorogimedence\/\" class=\"yoast-seo-meta-tag\" \/>\n<meta property=\"article:published_time\" content=\"2021-05-25T05:20:02+00:00\" class=\"yoast-seo-meta-tag\" \/>\n<meta property=\"article:modified_time\" content=\"2022-06-15T18:25:41+00:00\" class=\"yoast-seo-meta-tag\" \/>\n<meta property=\"og:image\" content=\"https:\/\/i0.wp.com\/dorogimedence.hu\/wp-content\/uploads\/2021\/05\/foci-01.jpg?fit=1920%2C1166&ssl=1\" class=\"yoast-seo-meta-tag\" \/>\n\t<meta property=\"og:image:width\" content=\"1920\" class=\"yoast-seo-meta-tag\" \/>\n\t<meta property=\"og:image:height\" content=\"1166\" class=\"yoast-seo-meta-tag\" \/>\n\t<meta property=\"og:image:type\" content=\"image\/jpeg\" class=\"yoast-seo-meta-tag\" \/>\n<meta name=\"author\" content=\"dorogimedence.hu\" class=\"yoast-seo-meta-tag\" \/>\n<meta name=\"twitter:card\" content=\"summary_large_image\" class=\"yoast-seo-meta-tag\" \/>\n<meta name=\"twitter:label1\" content=\"Szerz\u0151:\" class=\"yoast-seo-meta-tag\" \/>\n\t<meta name=\"twitter:data1\" content=\"dorogimedence.hu\" class=\"yoast-seo-meta-tag\" \/>\n\t<meta name=\"twitter:label2\" content=\"Becs\u00fclt olvas\u00e1si id\u0151\" class=\"yoast-seo-meta-tag\" \/>\n\t<meta name=\"twitter:data2\" content=\"16 perc\" class=\"yoast-seo-meta-tag\" \/>\n<script type=\"application\/ld+json\" class=\"yoast-schema-graph\">{\"@context\":\"https:\\\/\\\/schema.org\",\"@graph\":[{\"@type\":\"Article\",\"@id\":\"https:\\\/\\\/dorogimedence.hu\\\/index.php\\\/2021\\\/05\\\/25\\\/30-eve-tortent-a-dorogi-labdarugo-csapat-nagyszeru-kupamenetelese\\\/#article\",\"isPartOf\":{\"@id\":\"https:\\\/\\\/dorogimedence.hu\\\/index.php\\\/2021\\\/05\\\/25\\\/30-eve-tortent-a-dorogi-labdarugo-csapat-nagyszeru-kupamenetelese\\\/\"},\"author\":{\"name\":\"dorogimedence.hu\",\"@id\":\"https:\\\/\\\/dorogimedence.hu\\\/#\\\/schema\\\/person\\\/ce6091eeb7e95ecdc87890d6aa8e0fd4\"},\"headline\":\"30 \u00e9ve t\u00f6rt\u00e9nt: A dorogi labdar\u00fag\u00f3 csapat nagyszer\u0171 kupamenetel\u00e9se\",\"datePublished\":\"2021-05-25T05:20:02+00:00\",\"dateModified\":\"2022-06-15T18:25:41+00:00\",\"mainEntityOfPage\":{\"@id\":\"https:\\\/\\\/dorogimedence.hu\\\/index.php\\\/2021\\\/05\\\/25\\\/30-eve-tortent-a-dorogi-labdarugo-csapat-nagyszeru-kupamenetelese\\\/\"},\"wordCount\":3307,\"publisher\":{\"@id\":\"https:\\\/\\\/dorogimedence.hu\\\/#organization\"},\"image\":{\"@id\":\"https:\\\/\\\/dorogimedence.hu\\\/index.php\\\/2021\\\/05\\\/25\\\/30-eve-tortent-a-dorogi-labdarugo-csapat-nagyszeru-kupamenetelese\\\/#primaryimage\"},\"thumbnailUrl\":\"https:\\\/\\\/dorogimedence.hu\\\/wp-content\\\/uploads\\\/2021\\\/05\\\/foci-01.jpg\",\"keywords\":[\"Dorog\",\"Dorogi FC\",\"foci\",\"futball\",\"labdar\u00fag\u00e1s\",\"sport\"],\"articleSection\":[\"Dorog\",\"H\u00edrek\",\"Kerek \u00e9vfordul\u00f3k\",\"Sport\"],\"inLanguage\":\"hu\"},{\"@type\":\"WebPage\",\"@id\":\"https:\\\/\\\/dorogimedence.hu\\\/index.php\\\/2021\\\/05\\\/25\\\/30-eve-tortent-a-dorogi-labdarugo-csapat-nagyszeru-kupamenetelese\\\/\",\"url\":\"https:\\\/\\\/dorogimedence.hu\\\/index.php\\\/2021\\\/05\\\/25\\\/30-eve-tortent-a-dorogi-labdarugo-csapat-nagyszeru-kupamenetelese\\\/\",\"name\":\"30 \u00e9ve t\u00f6rt\u00e9nt: A dorogi labdar\u00fag\u00f3 csapat nagyszer\u0171 kupamenetel\u00e9se\",\"isPartOf\":{\"@id\":\"https:\\\/\\\/dorogimedence.hu\\\/#website\"},\"primaryImageOfPage\":{\"@id\":\"https:\\\/\\\/dorogimedence.hu\\\/index.php\\\/2021\\\/05\\\/25\\\/30-eve-tortent-a-dorogi-labdarugo-csapat-nagyszeru-kupamenetelese\\\/#primaryimage\"},\"image\":{\"@id\":\"https:\\\/\\\/dorogimedence.hu\\\/index.php\\\/2021\\\/05\\\/25\\\/30-eve-tortent-a-dorogi-labdarugo-csapat-nagyszeru-kupamenetelese\\\/#primaryimage\"},\"thumbnailUrl\":\"https:\\\/\\\/dorogimedence.hu\\\/wp-content\\\/uploads\\\/2021\\\/05\\\/foci-01.jpg\",\"datePublished\":\"2021-05-25T05:20:02+00:00\",\"dateModified\":\"2022-06-15T18:25:41+00:00\",\"breadcrumb\":{\"@id\":\"https:\\\/\\\/dorogimedence.hu\\\/index.php\\\/2021\\\/05\\\/25\\\/30-eve-tortent-a-dorogi-labdarugo-csapat-nagyszeru-kupamenetelese\\\/#breadcrumb\"},\"inLanguage\":\"hu\",\"potentialAction\":[{\"@type\":\"ReadAction\",\"target\":[\"https:\\\/\\\/dorogimedence.hu\\\/index.php\\\/2021\\\/05\\\/25\\\/30-eve-tortent-a-dorogi-labdarugo-csapat-nagyszeru-kupamenetelese\\\/\"]}]},{\"@type\":\"ImageObject\",\"inLanguage\":\"hu\",\"@id\":\"https:\\\/\\\/dorogimedence.hu\\\/index.php\\\/2021\\\/05\\\/25\\\/30-eve-tortent-a-dorogi-labdarugo-csapat-nagyszeru-kupamenetelese\\\/#primaryimage\",\"url\":\"https:\\\/\\\/dorogimedence.hu\\\/wp-content\\\/uploads\\\/2021\\\/05\\\/foci-01.jpg\",\"contentUrl\":\"https:\\\/\\\/dorogimedence.hu\\\/wp-content\\\/uploads\\\/2021\\\/05\\\/foci-01.jpg\",\"width\":1920,\"height\":1166},{\"@type\":\"BreadcrumbList\",\"@id\":\"https:\\\/\\\/dorogimedence.hu\\\/index.php\\\/2021\\\/05\\\/25\\\/30-eve-tortent-a-dorogi-labdarugo-csapat-nagyszeru-kupamenetelese\\\/#breadcrumb\",\"itemListElement\":[{\"@type\":\"ListItem\",\"position\":1,\"name\":\"Kezd\u0151lap\",\"item\":\"https:\\\/\\\/dorogimedence.hu\\\/\"},{\"@type\":\"ListItem\",\"position\":2,\"name\":\"30 \u00e9ve t\u00f6rt\u00e9nt: A dorogi labdar\u00fag\u00f3 csapat nagyszer\u0171 kupamenetel\u00e9se\"}]},{\"@type\":\"WebSite\",\"@id\":\"https:\\\/\\\/dorogimedence.hu\\\/#website\",\"url\":\"https:\\\/\\\/dorogimedence.hu\\\/\",\"name\":\"Dorogi-medence Region\u00e1lis H\u00edrport\u00e1l\",\"description\":\"Dorog, Keszt\u00f6lc, Le\u00e1nyv\u00e1r, Piliscs\u00e9v, Tokod, Tokodalt\u00e1r\u00f3, Csolnok, Esztergom-kertv\u00e1ros: h\u00edrek, programok\",\"publisher\":{\"@id\":\"https:\\\/\\\/dorogimedence.hu\\\/#organization\"},\"potentialAction\":[{\"@type\":\"SearchAction\",\"target\":{\"@type\":\"EntryPoint\",\"urlTemplate\":\"https:\\\/\\\/dorogimedence.hu\\\/?s={search_term_string}\"},\"query-input\":{\"@type\":\"PropertyValueSpecification\",\"valueRequired\":true,\"valueName\":\"search_term_string\"}}],\"inLanguage\":\"hu\"},{\"@type\":\"Organization\",\"@id\":\"https:\\\/\\\/dorogimedence.hu\\\/#organization\",\"name\":\"Dorogi-medence Region\u00e1lis H\u00edrport\u00e1l\",\"url\":\"https:\\\/\\\/dorogimedence.hu\\\/\",\"logo\":{\"@type\":\"ImageObject\",\"inLanguage\":\"hu\",\"@id\":\"https:\\\/\\\/dorogimedence.hu\\\/#\\\/schema\\\/logo\\\/image\\\/\",\"url\":\"https:\\\/\\\/dorogimedence.hu\\\/wp-content\\\/uploads\\\/2021\\\/04\\\/logo-feher-600.png\",\"contentUrl\":\"https:\\\/\\\/dorogimedence.hu\\\/wp-content\\\/uploads\\\/2021\\\/04\\\/logo-feher-600.png\",\"width\":600,\"height\":100,\"caption\":\"Dorogi-medence Region\u00e1lis H\u00edrport\u00e1l\"},\"image\":{\"@id\":\"https:\\\/\\\/dorogimedence.hu\\\/#\\\/schema\\\/logo\\\/image\\\/\"},\"sameAs\":[\"https:\\\/\\\/www.facebook.com\\\/dorogimedence\\\/\"]},{\"@type\":\"Person\",\"@id\":\"https:\\\/\\\/dorogimedence.hu\\\/#\\\/schema\\\/person\\\/ce6091eeb7e95ecdc87890d6aa8e0fd4\",\"name\":\"dorogimedence.hu\",\"image\":{\"@type\":\"ImageObject\",\"inLanguage\":\"hu\",\"@id\":\"\\\/\\\/www.gravatar.com\\\/avatar\\\/d8d45f8901aadff40a4af72c0b826f1d?s=96&#038;r=g&#038;d=mm\",\"url\":\"\\\/\\\/www.gravatar.com\\\/avatar\\\/d8d45f8901aadff40a4af72c0b826f1d?s=96&#038;r=g&#038;d=mm\",\"contentUrl\":\"\\\/\\\/www.gravatar.com\\\/avatar\\\/d8d45f8901aadff40a4af72c0b826f1d?s=96&#038;r=g&#038;d=mm\",\"caption\":\"dorogimedence.hu\"}}]}<\/script>\n<!-- \/ Yoast SEO plugin. -->","yoast_head_json":{"title":"30 \u00e9ve t\u00f6rt\u00e9nt: A dorogi labdar\u00fag\u00f3 csapat nagyszer\u0171 kupamenetel\u00e9se","robots":{"index":"index","follow":"follow","max-snippet":"max-snippet:-1","max-image-preview":"max-image-preview:large","max-video-preview":"max-video-preview:-1"},"canonical":"https:\/\/dorogimedence.hu\/index.php\/2021\/05\/25\/30-eve-tortent-a-dorogi-labdarugo-csapat-nagyszeru-kupamenetelese\/","og_locale":"hu_HU","og_type":"article","og_title":"30 \u00e9ve t\u00f6rt\u00e9nt: A dorogi labdar\u00fag\u00f3 csapat nagyszer\u0171 kupamenetel\u00e9se","og_description":"N\u00e9h\u00e1ny nappal ezel\u0151tt megjelent cikkben eml\u00e9kezt\u00fcnk meg a Dorogi B\u00e1ny\u00e1sz 1991 m\u00e1jus\u00e1ban, N\u00e9metorsz\u00e1gban rendezett nemzetk\u00f6zi kupagy\u0151zelm\u00e9nek \u00e9vfordul\u00f3j\u00e1r\u00f3l. Ezzel m\u00e9g kor\u00e1ntsem \u00e9rtek v\u00e9get a mozgalmas esem\u00e9nyek, ugyanis a dorogiak ugyanabban az id\u0151ben a Magyar Kupa-k\u00fczdelmeiben is igen sikeres sz\u00e9ri\u00e1t tudhattak maguk m\u00f6g\u00f6tt \u00e9s v\u00e9g\u00fcl \u00fagy b\u00facs\u00faztak a negyedd\u00f6nt\u0151t k\u00f6vet\u0151en, hogy egyszer sem szenvedtek veres\u00e9get &#8211; Szab\u00f3","og_url":"https:\/\/dorogimedence.hu\/index.php\/2021\/05\/25\/30-eve-tortent-a-dorogi-labdarugo-csapat-nagyszeru-kupamenetelese\/","og_site_name":"Dorogi-medence Region\u00e1lis H\u00edrport\u00e1l","article_publisher":"https:\/\/www.facebook.com\/dorogimedence\/","article_published_time":"2021-05-25T05:20:02+00:00","article_modified_time":"2022-06-15T18:25:41+00:00","og_image":[{"width":1920,"height":1166,"url":"https:\/\/i0.wp.com\/dorogimedence.hu\/wp-content\/uploads\/2021\/05\/foci-01.jpg?fit=1920%2C1166&ssl=1","type":"image\/jpeg"}],"author":"dorogimedence.hu","twitter_card":"summary_large_image","twitter_misc":{"Szerz\u0151:":"dorogimedence.hu","Becs\u00fclt olvas\u00e1si id\u0151":"16 perc"},"schema":{"@context":"https:\/\/schema.org","@graph":[{"@type":"Article","@id":"https:\/\/dorogimedence.hu\/index.php\/2021\/05\/25\/30-eve-tortent-a-dorogi-labdarugo-csapat-nagyszeru-kupamenetelese\/#article","isPartOf":{"@id":"https:\/\/dorogimedence.hu\/index.php\/2021\/05\/25\/30-eve-tortent-a-dorogi-labdarugo-csapat-nagyszeru-kupamenetelese\/"},"author":{"name":"dorogimedence.hu","@id":"https:\/\/dorogimedence.hu\/#\/schema\/person\/ce6091eeb7e95ecdc87890d6aa8e0fd4"},"headline":"30 \u00e9ve t\u00f6rt\u00e9nt: A dorogi labdar\u00fag\u00f3 csapat nagyszer\u0171 kupamenetel\u00e9se","datePublished":"2021-05-25T05:20:02+00:00","dateModified":"2022-06-15T18:25:41+00:00","mainEntityOfPage":{"@id":"https:\/\/dorogimedence.hu\/index.php\/2021\/05\/25\/30-eve-tortent-a-dorogi-labdarugo-csapat-nagyszeru-kupamenetelese\/"},"wordCount":3307,"publisher":{"@id":"https:\/\/dorogimedence.hu\/#organization"},"image":{"@id":"https:\/\/dorogimedence.hu\/index.php\/2021\/05\/25\/30-eve-tortent-a-dorogi-labdarugo-csapat-nagyszeru-kupamenetelese\/#primaryimage"},"thumbnailUrl":"https:\/\/dorogimedence.hu\/wp-content\/uploads\/2021\/05\/foci-01.jpg","keywords":["Dorog","Dorogi FC","foci","futball","labdar\u00fag\u00e1s","sport"],"articleSection":["Dorog","H\u00edrek","Kerek \u00e9vfordul\u00f3k","Sport"],"inLanguage":"hu"},{"@type":"WebPage","@id":"https:\/\/dorogimedence.hu\/index.php\/2021\/05\/25\/30-eve-tortent-a-dorogi-labdarugo-csapat-nagyszeru-kupamenetelese\/","url":"https:\/\/dorogimedence.hu\/index.php\/2021\/05\/25\/30-eve-tortent-a-dorogi-labdarugo-csapat-nagyszeru-kupamenetelese\/","name":"30 \u00e9ve t\u00f6rt\u00e9nt: A dorogi labdar\u00fag\u00f3 csapat nagyszer\u0171 kupamenetel\u00e9se","isPartOf":{"@id":"https:\/\/dorogimedence.hu\/#website"},"primaryImageOfPage":{"@id":"https:\/\/dorogimedence.hu\/index.php\/2021\/05\/25\/30-eve-tortent-a-dorogi-labdarugo-csapat-nagyszeru-kupamenetelese\/#primaryimage"},"image":{"@id":"https:\/\/dorogimedence.hu\/index.php\/2021\/05\/25\/30-eve-tortent-a-dorogi-labdarugo-csapat-nagyszeru-kupamenetelese\/#primaryimage"},"thumbnailUrl":"https:\/\/dorogimedence.hu\/wp-content\/uploads\/2021\/05\/foci-01.jpg","datePublished":"2021-05-25T05:20:02+00:00","dateModified":"2022-06-15T18:25:41+00:00","breadcrumb":{"@id":"https:\/\/dorogimedence.hu\/index.php\/2021\/05\/25\/30-eve-tortent-a-dorogi-labdarugo-csapat-nagyszeru-kupamenetelese\/#breadcrumb"},"inLanguage":"hu","potentialAction":[{"@type":"ReadAction","target":["https:\/\/dorogimedence.hu\/index.php\/2021\/05\/25\/30-eve-tortent-a-dorogi-labdarugo-csapat-nagyszeru-kupamenetelese\/"]}]},{"@type":"ImageObject","inLanguage":"hu","@id":"https:\/\/dorogimedence.hu\/index.php\/2021\/05\/25\/30-eve-tortent-a-dorogi-labdarugo-csapat-nagyszeru-kupamenetelese\/#primaryimage","url":"https:\/\/dorogimedence.hu\/wp-content\/uploads\/2021\/05\/foci-01.jpg","contentUrl":"https:\/\/dorogimedence.hu\/wp-content\/uploads\/2021\/05\/foci-01.jpg","width":1920,"height":1166},{"@type":"BreadcrumbList","@id":"https:\/\/dorogimedence.hu\/index.php\/2021\/05\/25\/30-eve-tortent-a-dorogi-labdarugo-csapat-nagyszeru-kupamenetelese\/#breadcrumb","itemListElement":[{"@type":"ListItem","position":1,"name":"Kezd\u0151lap","item":"https:\/\/dorogimedence.hu\/"},{"@type":"ListItem","position":2,"name":"30 \u00e9ve t\u00f6rt\u00e9nt: A dorogi labdar\u00fag\u00f3 csapat nagyszer\u0171 kupamenetel\u00e9se"}]},{"@type":"WebSite","@id":"https:\/\/dorogimedence.hu\/#website","url":"https:\/\/dorogimedence.hu\/","name":"Dorogi-medence Region\u00e1lis H\u00edrport\u00e1l","description":"Dorog, Keszt\u00f6lc, Le\u00e1nyv\u00e1r, Piliscs\u00e9v, Tokod, Tokodalt\u00e1r\u00f3, Csolnok, Esztergom-kertv\u00e1ros: h\u00edrek, programok","publisher":{"@id":"https:\/\/dorogimedence.hu\/#organization"},"potentialAction":[{"@type":"SearchAction","target":{"@type":"EntryPoint","urlTemplate":"https:\/\/dorogimedence.hu\/?s={search_term_string}"},"query-input":{"@type":"PropertyValueSpecification","valueRequired":true,"valueName":"search_term_string"}}],"inLanguage":"hu"},{"@type":"Organization","@id":"https:\/\/dorogimedence.hu\/#organization","name":"Dorogi-medence Region\u00e1lis H\u00edrport\u00e1l","url":"https:\/\/dorogimedence.hu\/","logo":{"@type":"ImageObject","inLanguage":"hu","@id":"https:\/\/dorogimedence.hu\/#\/schema\/logo\/image\/","url":"https:\/\/dorogimedence.hu\/wp-content\/uploads\/2021\/04\/logo-feher-600.png","contentUrl":"https:\/\/dorogimedence.hu\/wp-content\/uploads\/2021\/04\/logo-feher-600.png","width":600,"height":100,"caption":"Dorogi-medence Region\u00e1lis H\u00edrport\u00e1l"},"image":{"@id":"https:\/\/dorogimedence.hu\/#\/schema\/logo\/image\/"},"sameAs":["https:\/\/www.facebook.com\/dorogimedence\/"]},{"@type":"Person","@id":"https:\/\/dorogimedence.hu\/#\/schema\/person\/ce6091eeb7e95ecdc87890d6aa8e0fd4","name":"dorogimedence.hu","image":{"@type":"ImageObject","inLanguage":"hu","@id":"\/\/www.gravatar.com\/avatar\/d8d45f8901aadff40a4af72c0b826f1d?s=96&#038;r=g&#038;d=mm","url":"\/\/www.gravatar.com\/avatar\/d8d45f8901aadff40a4af72c0b826f1d?s=96&#038;r=g&#038;d=mm","contentUrl":"\/\/www.gravatar.com\/avatar\/d8d45f8901aadff40a4af72c0b826f1d?s=96&#038;r=g&#038;d=mm","caption":"dorogimedence.hu"}}]}},"_links":{"self":[{"href":"https:\/\/dorogimedence.hu\/index.php\/wp-json\/wp\/v2\/posts\/33306","targetHints":{"allow":["GET"]}}],"collection":[{"href":"https:\/\/dorogimedence.hu\/index.php\/wp-json\/wp\/v2\/posts"}],"about":[{"href":"https:\/\/dorogimedence.hu\/index.php\/wp-json\/wp\/v2\/types\/post"}],"author":[{"embeddable":true,"href":"https:\/\/dorogimedence.hu\/index.php\/wp-json\/wp\/v2\/users\/1"}],"replies":[{"embeddable":true,"href":"https:\/\/dorogimedence.hu\/index.php\/wp-json\/wp\/v2\/comments?post=33306"}],"version-history":[{"count":0,"href":"https:\/\/dorogimedence.hu\/index.php\/wp-json\/wp\/v2\/posts\/33306\/revisions"}],"wp:featuredmedia":[{"embeddable":true,"href":"https:\/\/dorogimedence.hu\/index.php\/wp-json\/wp\/v2\/media\/33307"}],"wp:attachment":[{"href":"https:\/\/dorogimedence.hu\/index.php\/wp-json\/wp\/v2\/media?parent=33306"}],"wp:term":[{"taxonomy":"category","embeddable":true,"href":"https:\/\/dorogimedence.hu\/index.php\/wp-json\/wp\/v2\/categories?post=33306"},{"taxonomy":"post_tag","embeddable":true,"href":"https:\/\/dorogimedence.hu\/index.php\/wp-json\/wp\/v2\/tags?post=33306"}],"curies":[{"name":"wp","href":"https:\/\/api.w.org\/{rel}","templated":true}]}}