{"id":33265,"date":"2021-05-21T14:38:41","date_gmt":"2021-05-21T12:38:41","guid":{"rendered":"https:\/\/dorogimedence.hu\/?p=33265"},"modified":"2021-05-21T14:48:57","modified_gmt":"2021-05-21T12:48:57","slug":"a-kesobbi-m10-es-egy-rovid-szakasza-is-kiepulhet","status":"publish","type":"post","link":"https:\/\/dorogimedence.hu\/index.php\/2021\/05\/21\/a-kesobbi-m10-es-egy-rovid-szakasza-is-kiepulhet\/","title":{"rendered":"A k\u00e9s\u0151bbi M10-es egy r\u00f6vid szakasza is ki\u00e9p\u00fclhet"},"content":{"rendered":"<p><strong>K\u00e9t alag\u00fattal \u00e9p\u00fclhet meg az M0-\u00e1s \u00e9szaki szektora. A jelenleg a Megyeri-h\u00edd nyugati v\u00e9g\u00e9ig \u00e9r\u0151 budapesti k\u00f6rgy\u0171r\u0171 a jelent\u0151s forgalmat lebonyol\u00edt\u00f3 10-es f\u0151\u00fatig hosszabbodik meg ebben a projektben <\/strong><em>&#8211; tudta meg a <a href=\"https:\/\/magyarepitok.hu\/utepites\/2021\/05\/mar-keresik-a-tervezot-az-m0-as-eszaki-szektorahoz\" target=\"_blank\" rel=\"noopener\"><span style=\"text-decoration: underline; color: #0000ff;\">magyarepitok.hu<\/span><\/a><\/em><b><br \/>\n<\/b><\/p>\n<p>A beruh\u00e1z\u00f3 Nemzeti Infrastrukt\u00fara Fejleszt\u0151 Zrt. (NIF) kihirdette az M0-\u00e1s k\u00f6rgy\u0171r\u0171 \u00e9szaki szektor\u00e1ra vonatkoz\u00f3 tervez\u0151i k\u00f6zbeszerz\u00e9st. A projekt a f\u0151v\u00e1rosb\u00f3l a Szentendr\u00e9re vezet\u0151 11-es f\u0151\u00fat \u00e9s a Pilisv\u00f6r\u00f6sv\u00e1r fel\u00e9 fut\u00f3 10-es f\u0151\u00fat k\u00f6z\u00f6tti szakaszra vonatkozik. A feladat a kiviteli- \u00e9s tender tervdokument\u00e1ci\u00f3 elk\u00e9sz\u00edt\u00e9s\u00e9re, a megl\u00e9v\u0151 enged\u00e9lyek sz\u00fcks\u00e9g szerinti m\u00f3dos\u00edt\u00e1s\u00e1val, a tov\u00e1bbi enged\u00e9lyek beszerz\u00e9s\u00e9vel.<\/p>\n<p>A k\u00f6zbeszerz\u00e9s n\u00e9gys\u00e1vos aut\u00f3\u00fat ki\u00e9p\u00edt\u00e9s\u00e9t \u00edrja el\u0151. A 8 kilom\u00e9teres szakasz \u00faj nyomvonalon j\u00f6n l\u00e9tre, le\u00e1ll\u00f3s\u00e1vval \u00e9s fizikai elv\u00e1laszt\u00e1ssal. A ki\u00edr\u00e1s szerint az \u00e9szaki szektor nyomvonala egy 2,0 kilom\u00e9teres egybef\u00fcgg\u0151 szakaszon, valamint egy 3,2 kilom\u00e9teres egybef\u00fcgg\u0151 szakaszon alag\u00fatp\u00e1rban vezet majd.<\/p>\n<p><strong>A k\u00e9s\u0151bbi M10-es egy r\u00f6vid szakasza is ki\u00e9p\u00fclne ebben a projektben<\/strong><\/p>\n<p>A NIF ki\u00edr\u00e1s\u00e1b\u00f3l az is kider\u00fcl, hogy az M0-\u00e1s sz\u00f3ban forg\u00f3 \u00e9szaki szakasz\u00e1nak kezdet\u00e9n\u00e9l (a Megyeri-h\u00edd nyugati v\u00e9g\u00e9n\u00e9l) a budakal\u00e1szi k\u00fcl\u00f6n szint\u0171 csom\u00f3pont a forgalmi ig\u00e9nyeknek megfelel\u0151en \u00e1t\u00e9p\u00fcl. Emellett \u00dcr\u00f6mn\u00e9l egy k\u00fcl\u00f6n szint\u0171 forgalmi csom\u00f3pontot j\u00f6n majd l\u00e9tre, t\u00e1mfallal hat\u00e1rolt bev\u00e1g\u00e1sban. A szakasz m\u00e1sik v\u00e9g\u00e9n az M0-\u00e1s egy k\u00fcl\u00f6nszint\u0171 csom\u00f3pont \u00e1ltal csatlakozik majd az M10-es \u00dcr\u00f6m \u00e9s Solym\u00e1r k\u00f6z\u00f6tti szakasz\u00e1hoz. Az M10-es ut\u00f3bbi szakasza mintegy 4 km hossz\u00fa, k\u00e9ts\u00e1vos \u00fatk\u00e9nt a jelen projekt r\u00e9szek\u00e9nt \u00e9p\u00fclne ki <em>&#8211; der\u00fcl ki a k\u00f6zbeszerz\u00e9sb\u0151l.<\/em><\/p>\n<p>Mindezeken t\u00fal Solym\u00e1ron egy k\u00e9szenl\u00e9ti \u00fczemm\u00e9rn\u00f6ks\u00e9gi telepet is terveznek, valamint az alagutak kelet-nyugat ir\u00e1ny\u00fa fekv\u00e9se miatt az alag\u00fat be- \u00e9s kihajt\u00e1sa sor\u00e1n az \u00e1rny\u00e9kol\u00e1s biztons\u00e1g\u00e1t is megvizsg\u00e1lj\u00e1k.<\/p>\n<p><em>Bor\u00edt\u00f3k\u00e9p: illusztr\u00e1ci\u00f3<br \/>\nForr\u00e1s: magyarepitok.hu<\/em><\/p>\n","protected":false},"excerpt":{"rendered":"<p>K\u00e9t alag\u00fattal \u00e9p\u00fclhet meg az M0-\u00e1s \u00e9szaki szektora. A jelenleg a Megyeri-h\u00edd nyugati v\u00e9g\u00e9ig \u00e9r\u0151 budapesti k\u00f6rgy\u0171r\u0171 a jelent\u0151s forgalmat lebonyol\u00edt\u00f3 10-es f\u0151\u00fatig hosszabbodik meg ebben a projektben &#8211; tudta meg a magyarepitok.hu A beruh\u00e1z\u00f3 Nemzeti Infrastrukt\u00fara Fejleszt\u0151 Zrt. (NIF) kihirdette az M0-\u00e1s k\u00f6rgy\u0171r\u0171 \u00e9szaki szektor\u00e1ra vonatkoz\u00f3 tervez\u0151i k\u00f6zbeszerz\u00e9st. A projekt a f\u0151v\u00e1rosb\u00f3l a Szentendr\u00e9re<\/p>\n","protected":false},"author":1,"featured_media":33266,"comment_status":"closed","ping_status":"closed","sticky":false,"template":"","format":"standard","meta":{"ngg_post_thumbnail":0,"footnotes":""},"categories":[3],"tags":[48,259,5624,157,3500,5692],"class_list":{"0":"post-33265","1":"post","2":"type-post","3":"status-publish","4":"format-standard","5":"has-post-thumbnail","7":"category-hirek","8":"tag-10-es-ut","9":"tag-autopalya","10":"tag-featured","11":"tag-fejlesztes","12":"tag-m10","13":"tag-utfejlesztes"},"yoast_head":"<!-- This site is optimized with the Yoast SEO plugin v27.4 - https:\/\/yoast.com\/product\/yoast-seo-wordpress\/ -->\n<title>A k\u00e9s\u0151bbi M10-es egy r\u00f6vid szakasza is ki\u00e9p\u00fclhet<\/title>\n<meta name=\"robots\" content=\"index, follow, max-snippet:-1, max-image-preview:large, max-video-preview:-1\" \/>\n<link rel=\"canonical\" href=\"https:\/\/dorogimedence.hu\/index.php\/2021\/05\/21\/a-kesobbi-m10-es-egy-rovid-szakasza-is-kiepulhet\/\" class=\"yoast-seo-meta-tag\" \/>\n<meta property=\"og:locale\" content=\"hu_HU\" class=\"yoast-seo-meta-tag\" \/>\n<meta property=\"og:type\" content=\"article\" class=\"yoast-seo-meta-tag\" \/>\n<meta property=\"og:title\" content=\"A k\u00e9s\u0151bbi M10-es egy r\u00f6vid szakasza is ki\u00e9p\u00fclhet\" class=\"yoast-seo-meta-tag\" \/>\n<meta property=\"og:description\" content=\"K\u00e9t alag\u00fattal \u00e9p\u00fclhet meg az M0-\u00e1s \u00e9szaki szektora. A jelenleg a Megyeri-h\u00edd nyugati v\u00e9g\u00e9ig \u00e9r\u0151 budapesti k\u00f6rgy\u0171r\u0171 a jelent\u0151s forgalmat lebonyol\u00edt\u00f3 10-es f\u0151\u00fatig hosszabbodik meg ebben a projektben &#8211; tudta meg a magyarepitok.hu A beruh\u00e1z\u00f3 Nemzeti Infrastrukt\u00fara Fejleszt\u0151 Zrt. (NIF) kihirdette az M0-\u00e1s k\u00f6rgy\u0171r\u0171 \u00e9szaki szektor\u00e1ra vonatkoz\u00f3 tervez\u0151i k\u00f6zbeszerz\u00e9st. A projekt a f\u0151v\u00e1rosb\u00f3l a Szentendr\u00e9re\" class=\"yoast-seo-meta-tag\" \/>\n<meta property=\"og:url\" content=\"https:\/\/dorogimedence.hu\/index.php\/2021\/05\/21\/a-kesobbi-m10-es-egy-rovid-szakasza-is-kiepulhet\/\" class=\"yoast-seo-meta-tag\" \/>\n<meta property=\"og:site_name\" content=\"Dorogi-medence Region\u00e1lis H\u00edrport\u00e1l\" class=\"yoast-seo-meta-tag\" \/>\n<meta property=\"article:publisher\" content=\"https:\/\/www.facebook.com\/dorogimedence\/\" class=\"yoast-seo-meta-tag\" \/>\n<meta property=\"article:published_time\" content=\"2021-05-21T12:38:41+00:00\" class=\"yoast-seo-meta-tag\" \/>\n<meta property=\"article:modified_time\" content=\"2021-05-21T12:48:57+00:00\" class=\"yoast-seo-meta-tag\" \/>\n<meta property=\"og:image\" content=\"https:\/\/i0.wp.com\/dorogimedence.hu\/wp-content\/uploads\/2021\/05\/football-stadium-3404535_1920.jpg?fit=1920%2C1279&ssl=1\" class=\"yoast-seo-meta-tag\" \/>\n\t<meta property=\"og:image:width\" content=\"1920\" class=\"yoast-seo-meta-tag\" \/>\n\t<meta property=\"og:image:height\" content=\"1279\" class=\"yoast-seo-meta-tag\" \/>\n\t<meta property=\"og:image:type\" content=\"image\/jpeg\" class=\"yoast-seo-meta-tag\" \/>\n<meta name=\"author\" content=\"dorogimedence.hu\" class=\"yoast-seo-meta-tag\" \/>\n<meta name=\"twitter:card\" content=\"summary_large_image\" class=\"yoast-seo-meta-tag\" \/>\n<meta name=\"twitter:label1\" content=\"Szerz\u0151:\" class=\"yoast-seo-meta-tag\" \/>\n\t<meta name=\"twitter:data1\" content=\"dorogimedence.hu\" class=\"yoast-seo-meta-tag\" \/>\n\t<meta name=\"twitter:label2\" content=\"Becs\u00fclt olvas\u00e1si id\u0151\" class=\"yoast-seo-meta-tag\" \/>\n\t<meta name=\"twitter:data2\" content=\"2 perc\" class=\"yoast-seo-meta-tag\" \/>\n<script type=\"application\/ld+json\" class=\"yoast-schema-graph\">{\"@context\":\"https:\\\/\\\/schema.org\",\"@graph\":[{\"@type\":\"Article\",\"@id\":\"https:\\\/\\\/dorogimedence.hu\\\/index.php\\\/2021\\\/05\\\/21\\\/a-kesobbi-m10-es-egy-rovid-szakasza-is-kiepulhet\\\/#article\",\"isPartOf\":{\"@id\":\"https:\\\/\\\/dorogimedence.hu\\\/index.php\\\/2021\\\/05\\\/21\\\/a-kesobbi-m10-es-egy-rovid-szakasza-is-kiepulhet\\\/\"},\"author\":{\"name\":\"dorogimedence.hu\",\"@id\":\"https:\\\/\\\/dorogimedence.hu\\\/#\\\/schema\\\/person\\\/ce6091eeb7e95ecdc87890d6aa8e0fd4\"},\"headline\":\"A k\u00e9s\u0151bbi M10-es egy r\u00f6vid szakasza is ki\u00e9p\u00fclhet\",\"datePublished\":\"2021-05-21T12:38:41+00:00\",\"dateModified\":\"2021-05-21T12:48:57+00:00\",\"mainEntityOfPage\":{\"@id\":\"https:\\\/\\\/dorogimedence.hu\\\/index.php\\\/2021\\\/05\\\/21\\\/a-kesobbi-m10-es-egy-rovid-szakasza-is-kiepulhet\\\/\"},\"wordCount\":426,\"publisher\":{\"@id\":\"https:\\\/\\\/dorogimedence.hu\\\/#organization\"},\"image\":{\"@id\":\"https:\\\/\\\/dorogimedence.hu\\\/index.php\\\/2021\\\/05\\\/21\\\/a-kesobbi-m10-es-egy-rovid-szakasza-is-kiepulhet\\\/#primaryimage\"},\"thumbnailUrl\":\"https:\\\/\\\/dorogimedence.hu\\\/wp-content\\\/uploads\\\/2021\\\/05\\\/football-stadium-3404535_1920.jpg\",\"keywords\":[\"10-es \u00fat\",\"aut\u00f3p\u00e1lya\",\"featured\",\"fejleszt\u00e9s\",\"M10\",\"\u00fatfejleszt\u00e9s\"],\"articleSection\":[\"H\u00edrek\"],\"inLanguage\":\"hu\"},{\"@type\":\"WebPage\",\"@id\":\"https:\\\/\\\/dorogimedence.hu\\\/index.php\\\/2021\\\/05\\\/21\\\/a-kesobbi-m10-es-egy-rovid-szakasza-is-kiepulhet\\\/\",\"url\":\"https:\\\/\\\/dorogimedence.hu\\\/index.php\\\/2021\\\/05\\\/21\\\/a-kesobbi-m10-es-egy-rovid-szakasza-is-kiepulhet\\\/\",\"name\":\"A k\u00e9s\u0151bbi M10-es egy r\u00f6vid szakasza is ki\u00e9p\u00fclhet\",\"isPartOf\":{\"@id\":\"https:\\\/\\\/dorogimedence.hu\\\/#website\"},\"primaryImageOfPage\":{\"@id\":\"https:\\\/\\\/dorogimedence.hu\\\/index.php\\\/2021\\\/05\\\/21\\\/a-kesobbi-m10-es-egy-rovid-szakasza-is-kiepulhet\\\/#primaryimage\"},\"image\":{\"@id\":\"https:\\\/\\\/dorogimedence.hu\\\/index.php\\\/2021\\\/05\\\/21\\\/a-kesobbi-m10-es-egy-rovid-szakasza-is-kiepulhet\\\/#primaryimage\"},\"thumbnailUrl\":\"https:\\\/\\\/dorogimedence.hu\\\/wp-content\\\/uploads\\\/2021\\\/05\\\/football-stadium-3404535_1920.jpg\",\"datePublished\":\"2021-05-21T12:38:41+00:00\",\"dateModified\":\"2021-05-21T12:48:57+00:00\",\"breadcrumb\":{\"@id\":\"https:\\\/\\\/dorogimedence.hu\\\/index.php\\\/2021\\\/05\\\/21\\\/a-kesobbi-m10-es-egy-rovid-szakasza-is-kiepulhet\\\/#breadcrumb\"},\"inLanguage\":\"hu\",\"potentialAction\":[{\"@type\":\"ReadAction\",\"target\":[\"https:\\\/\\\/dorogimedence.hu\\\/index.php\\\/2021\\\/05\\\/21\\\/a-kesobbi-m10-es-egy-rovid-szakasza-is-kiepulhet\\\/\"]}]},{\"@type\":\"ImageObject\",\"inLanguage\":\"hu\",\"@id\":\"https:\\\/\\\/dorogimedence.hu\\\/index.php\\\/2021\\\/05\\\/21\\\/a-kesobbi-m10-es-egy-rovid-szakasza-is-kiepulhet\\\/#primaryimage\",\"url\":\"https:\\\/\\\/dorogimedence.hu\\\/wp-content\\\/uploads\\\/2021\\\/05\\\/football-stadium-3404535_1920.jpg\",\"contentUrl\":\"https:\\\/\\\/dorogimedence.hu\\\/wp-content\\\/uploads\\\/2021\\\/05\\\/football-stadium-3404535_1920.jpg\",\"width\":1920,\"height\":1279},{\"@type\":\"BreadcrumbList\",\"@id\":\"https:\\\/\\\/dorogimedence.hu\\\/index.php\\\/2021\\\/05\\\/21\\\/a-kesobbi-m10-es-egy-rovid-szakasza-is-kiepulhet\\\/#breadcrumb\",\"itemListElement\":[{\"@type\":\"ListItem\",\"position\":1,\"name\":\"Kezd\u0151lap\",\"item\":\"https:\\\/\\\/dorogimedence.hu\\\/\"},{\"@type\":\"ListItem\",\"position\":2,\"name\":\"A k\u00e9s\u0151bbi M10-es egy r\u00f6vid szakasza is ki\u00e9p\u00fclhet\"}]},{\"@type\":\"WebSite\",\"@id\":\"https:\\\/\\\/dorogimedence.hu\\\/#website\",\"url\":\"https:\\\/\\\/dorogimedence.hu\\\/\",\"name\":\"Dorogi-medence Region\u00e1lis H\u00edrport\u00e1l\",\"description\":\"Dorog, Keszt\u00f6lc, Le\u00e1nyv\u00e1r, Piliscs\u00e9v, Tokod, Tokodalt\u00e1r\u00f3, Csolnok, Esztergom-kertv\u00e1ros: h\u00edrek, programok\",\"publisher\":{\"@id\":\"https:\\\/\\\/dorogimedence.hu\\\/#organization\"},\"potentialAction\":[{\"@type\":\"SearchAction\",\"target\":{\"@type\":\"EntryPoint\",\"urlTemplate\":\"https:\\\/\\\/dorogimedence.hu\\\/?s={search_term_string}\"},\"query-input\":{\"@type\":\"PropertyValueSpecification\",\"valueRequired\":true,\"valueName\":\"search_term_string\"}}],\"inLanguage\":\"hu\"},{\"@type\":\"Organization\",\"@id\":\"https:\\\/\\\/dorogimedence.hu\\\/#organization\",\"name\":\"Dorogi-medence Region\u00e1lis H\u00edrport\u00e1l\",\"url\":\"https:\\\/\\\/dorogimedence.hu\\\/\",\"logo\":{\"@type\":\"ImageObject\",\"inLanguage\":\"hu\",\"@id\":\"https:\\\/\\\/dorogimedence.hu\\\/#\\\/schema\\\/logo\\\/image\\\/\",\"url\":\"https:\\\/\\\/dorogimedence.hu\\\/wp-content\\\/uploads\\\/2021\\\/04\\\/logo-feher-600.png\",\"contentUrl\":\"https:\\\/\\\/dorogimedence.hu\\\/wp-content\\\/uploads\\\/2021\\\/04\\\/logo-feher-600.png\",\"width\":600,\"height\":100,\"caption\":\"Dorogi-medence Region\u00e1lis H\u00edrport\u00e1l\"},\"image\":{\"@id\":\"https:\\\/\\\/dorogimedence.hu\\\/#\\\/schema\\\/logo\\\/image\\\/\"},\"sameAs\":[\"https:\\\/\\\/www.facebook.com\\\/dorogimedence\\\/\"]},{\"@type\":\"Person\",\"@id\":\"https:\\\/\\\/dorogimedence.hu\\\/#\\\/schema\\\/person\\\/ce6091eeb7e95ecdc87890d6aa8e0fd4\",\"name\":\"dorogimedence.hu\",\"image\":{\"@type\":\"ImageObject\",\"inLanguage\":\"hu\",\"@id\":\"\\\/\\\/www.gravatar.com\\\/avatar\\\/d8d45f8901aadff40a4af72c0b826f1d?s=96&#038;r=g&#038;d=mm\",\"url\":\"\\\/\\\/www.gravatar.com\\\/avatar\\\/d8d45f8901aadff40a4af72c0b826f1d?s=96&#038;r=g&#038;d=mm\",\"contentUrl\":\"\\\/\\\/www.gravatar.com\\\/avatar\\\/d8d45f8901aadff40a4af72c0b826f1d?s=96&#038;r=g&#038;d=mm\",\"caption\":\"dorogimedence.hu\"}}]}<\/script>\n<!-- \/ Yoast SEO plugin. -->","yoast_head_json":{"title":"A k\u00e9s\u0151bbi M10-es egy r\u00f6vid szakasza is ki\u00e9p\u00fclhet","robots":{"index":"index","follow":"follow","max-snippet":"max-snippet:-1","max-image-preview":"max-image-preview:large","max-video-preview":"max-video-preview:-1"},"canonical":"https:\/\/dorogimedence.hu\/index.php\/2021\/05\/21\/a-kesobbi-m10-es-egy-rovid-szakasza-is-kiepulhet\/","og_locale":"hu_HU","og_type":"article","og_title":"A k\u00e9s\u0151bbi M10-es egy r\u00f6vid szakasza is ki\u00e9p\u00fclhet","og_description":"K\u00e9t alag\u00fattal \u00e9p\u00fclhet meg az M0-\u00e1s \u00e9szaki szektora. A jelenleg a Megyeri-h\u00edd nyugati v\u00e9g\u00e9ig \u00e9r\u0151 budapesti k\u00f6rgy\u0171r\u0171 a jelent\u0151s forgalmat lebonyol\u00edt\u00f3 10-es f\u0151\u00fatig hosszabbodik meg ebben a projektben &#8211; tudta meg a magyarepitok.hu A beruh\u00e1z\u00f3 Nemzeti Infrastrukt\u00fara Fejleszt\u0151 Zrt. (NIF) kihirdette az M0-\u00e1s k\u00f6rgy\u0171r\u0171 \u00e9szaki szektor\u00e1ra vonatkoz\u00f3 tervez\u0151i k\u00f6zbeszerz\u00e9st. A projekt a f\u0151v\u00e1rosb\u00f3l a Szentendr\u00e9re","og_url":"https:\/\/dorogimedence.hu\/index.php\/2021\/05\/21\/a-kesobbi-m10-es-egy-rovid-szakasza-is-kiepulhet\/","og_site_name":"Dorogi-medence Region\u00e1lis H\u00edrport\u00e1l","article_publisher":"https:\/\/www.facebook.com\/dorogimedence\/","article_published_time":"2021-05-21T12:38:41+00:00","article_modified_time":"2021-05-21T12:48:57+00:00","og_image":[{"width":1920,"height":1279,"url":"https:\/\/i0.wp.com\/dorogimedence.hu\/wp-content\/uploads\/2021\/05\/football-stadium-3404535_1920.jpg?fit=1920%2C1279&ssl=1","type":"image\/jpeg"}],"author":"dorogimedence.hu","twitter_card":"summary_large_image","twitter_misc":{"Szerz\u0151:":"dorogimedence.hu","Becs\u00fclt olvas\u00e1si id\u0151":"2 perc"},"schema":{"@context":"https:\/\/schema.org","@graph":[{"@type":"Article","@id":"https:\/\/dorogimedence.hu\/index.php\/2021\/05\/21\/a-kesobbi-m10-es-egy-rovid-szakasza-is-kiepulhet\/#article","isPartOf":{"@id":"https:\/\/dorogimedence.hu\/index.php\/2021\/05\/21\/a-kesobbi-m10-es-egy-rovid-szakasza-is-kiepulhet\/"},"author":{"name":"dorogimedence.hu","@id":"https:\/\/dorogimedence.hu\/#\/schema\/person\/ce6091eeb7e95ecdc87890d6aa8e0fd4"},"headline":"A k\u00e9s\u0151bbi M10-es egy r\u00f6vid szakasza is ki\u00e9p\u00fclhet","datePublished":"2021-05-21T12:38:41+00:00","dateModified":"2021-05-21T12:48:57+00:00","mainEntityOfPage":{"@id":"https:\/\/dorogimedence.hu\/index.php\/2021\/05\/21\/a-kesobbi-m10-es-egy-rovid-szakasza-is-kiepulhet\/"},"wordCount":426,"publisher":{"@id":"https:\/\/dorogimedence.hu\/#organization"},"image":{"@id":"https:\/\/dorogimedence.hu\/index.php\/2021\/05\/21\/a-kesobbi-m10-es-egy-rovid-szakasza-is-kiepulhet\/#primaryimage"},"thumbnailUrl":"https:\/\/dorogimedence.hu\/wp-content\/uploads\/2021\/05\/football-stadium-3404535_1920.jpg","keywords":["10-es \u00fat","aut\u00f3p\u00e1lya","featured","fejleszt\u00e9s","M10","\u00fatfejleszt\u00e9s"],"articleSection":["H\u00edrek"],"inLanguage":"hu"},{"@type":"WebPage","@id":"https:\/\/dorogimedence.hu\/index.php\/2021\/05\/21\/a-kesobbi-m10-es-egy-rovid-szakasza-is-kiepulhet\/","url":"https:\/\/dorogimedence.hu\/index.php\/2021\/05\/21\/a-kesobbi-m10-es-egy-rovid-szakasza-is-kiepulhet\/","name":"A k\u00e9s\u0151bbi M10-es egy r\u00f6vid szakasza is ki\u00e9p\u00fclhet","isPartOf":{"@id":"https:\/\/dorogimedence.hu\/#website"},"primaryImageOfPage":{"@id":"https:\/\/dorogimedence.hu\/index.php\/2021\/05\/21\/a-kesobbi-m10-es-egy-rovid-szakasza-is-kiepulhet\/#primaryimage"},"image":{"@id":"https:\/\/dorogimedence.hu\/index.php\/2021\/05\/21\/a-kesobbi-m10-es-egy-rovid-szakasza-is-kiepulhet\/#primaryimage"},"thumbnailUrl":"https:\/\/dorogimedence.hu\/wp-content\/uploads\/2021\/05\/football-stadium-3404535_1920.jpg","datePublished":"2021-05-21T12:38:41+00:00","dateModified":"2021-05-21T12:48:57+00:00","breadcrumb":{"@id":"https:\/\/dorogimedence.hu\/index.php\/2021\/05\/21\/a-kesobbi-m10-es-egy-rovid-szakasza-is-kiepulhet\/#breadcrumb"},"inLanguage":"hu","potentialAction":[{"@type":"ReadAction","target":["https:\/\/dorogimedence.hu\/index.php\/2021\/05\/21\/a-kesobbi-m10-es-egy-rovid-szakasza-is-kiepulhet\/"]}]},{"@type":"ImageObject","inLanguage":"hu","@id":"https:\/\/dorogimedence.hu\/index.php\/2021\/05\/21\/a-kesobbi-m10-es-egy-rovid-szakasza-is-kiepulhet\/#primaryimage","url":"https:\/\/dorogimedence.hu\/wp-content\/uploads\/2021\/05\/football-stadium-3404535_1920.jpg","contentUrl":"https:\/\/dorogimedence.hu\/wp-content\/uploads\/2021\/05\/football-stadium-3404535_1920.jpg","width":1920,"height":1279},{"@type":"BreadcrumbList","@id":"https:\/\/dorogimedence.hu\/index.php\/2021\/05\/21\/a-kesobbi-m10-es-egy-rovid-szakasza-is-kiepulhet\/#breadcrumb","itemListElement":[{"@type":"ListItem","position":1,"name":"Kezd\u0151lap","item":"https:\/\/dorogimedence.hu\/"},{"@type":"ListItem","position":2,"name":"A k\u00e9s\u0151bbi M10-es egy r\u00f6vid szakasza is ki\u00e9p\u00fclhet"}]},{"@type":"WebSite","@id":"https:\/\/dorogimedence.hu\/#website","url":"https:\/\/dorogimedence.hu\/","name":"Dorogi-medence Region\u00e1lis H\u00edrport\u00e1l","description":"Dorog, Keszt\u00f6lc, Le\u00e1nyv\u00e1r, Piliscs\u00e9v, Tokod, Tokodalt\u00e1r\u00f3, Csolnok, Esztergom-kertv\u00e1ros: h\u00edrek, programok","publisher":{"@id":"https:\/\/dorogimedence.hu\/#organization"},"potentialAction":[{"@type":"SearchAction","target":{"@type":"EntryPoint","urlTemplate":"https:\/\/dorogimedence.hu\/?s={search_term_string}"},"query-input":{"@type":"PropertyValueSpecification","valueRequired":true,"valueName":"search_term_string"}}],"inLanguage":"hu"},{"@type":"Organization","@id":"https:\/\/dorogimedence.hu\/#organization","name":"Dorogi-medence Region\u00e1lis H\u00edrport\u00e1l","url":"https:\/\/dorogimedence.hu\/","logo":{"@type":"ImageObject","inLanguage":"hu","@id":"https:\/\/dorogimedence.hu\/#\/schema\/logo\/image\/","url":"https:\/\/dorogimedence.hu\/wp-content\/uploads\/2021\/04\/logo-feher-600.png","contentUrl":"https:\/\/dorogimedence.hu\/wp-content\/uploads\/2021\/04\/logo-feher-600.png","width":600,"height":100,"caption":"Dorogi-medence Region\u00e1lis H\u00edrport\u00e1l"},"image":{"@id":"https:\/\/dorogimedence.hu\/#\/schema\/logo\/image\/"},"sameAs":["https:\/\/www.facebook.com\/dorogimedence\/"]},{"@type":"Person","@id":"https:\/\/dorogimedence.hu\/#\/schema\/person\/ce6091eeb7e95ecdc87890d6aa8e0fd4","name":"dorogimedence.hu","image":{"@type":"ImageObject","inLanguage":"hu","@id":"\/\/www.gravatar.com\/avatar\/d8d45f8901aadff40a4af72c0b826f1d?s=96&#038;r=g&#038;d=mm","url":"\/\/www.gravatar.com\/avatar\/d8d45f8901aadff40a4af72c0b826f1d?s=96&#038;r=g&#038;d=mm","contentUrl":"\/\/www.gravatar.com\/avatar\/d8d45f8901aadff40a4af72c0b826f1d?s=96&#038;r=g&#038;d=mm","caption":"dorogimedence.hu"}}]}},"_links":{"self":[{"href":"https:\/\/dorogimedence.hu\/index.php\/wp-json\/wp\/v2\/posts\/33265","targetHints":{"allow":["GET"]}}],"collection":[{"href":"https:\/\/dorogimedence.hu\/index.php\/wp-json\/wp\/v2\/posts"}],"about":[{"href":"https:\/\/dorogimedence.hu\/index.php\/wp-json\/wp\/v2\/types\/post"}],"author":[{"embeddable":true,"href":"https:\/\/dorogimedence.hu\/index.php\/wp-json\/wp\/v2\/users\/1"}],"replies":[{"embeddable":true,"href":"https:\/\/dorogimedence.hu\/index.php\/wp-json\/wp\/v2\/comments?post=33265"}],"version-history":[{"count":0,"href":"https:\/\/dorogimedence.hu\/index.php\/wp-json\/wp\/v2\/posts\/33265\/revisions"}],"wp:featuredmedia":[{"embeddable":true,"href":"https:\/\/dorogimedence.hu\/index.php\/wp-json\/wp\/v2\/media\/33266"}],"wp:attachment":[{"href":"https:\/\/dorogimedence.hu\/index.php\/wp-json\/wp\/v2\/media?parent=33265"}],"wp:term":[{"taxonomy":"category","embeddable":true,"href":"https:\/\/dorogimedence.hu\/index.php\/wp-json\/wp\/v2\/categories?post=33265"},{"taxonomy":"post_tag","embeddable":true,"href":"https:\/\/dorogimedence.hu\/index.php\/wp-json\/wp\/v2\/tags?post=33265"}],"curies":[{"name":"wp","href":"https:\/\/api.w.org\/{rel}","templated":true}]}}