{"id":33223,"date":"2021-05-21T07:20:42","date_gmt":"2021-05-21T05:20:42","guid":{"rendered":"https:\/\/dorogimedence.hu\/?p=33223"},"modified":"2022-02-14T02:07:00","modified_gmt":"2022-02-14T01:07:00","slug":"30-eve-tortent-nemzetkozi-labdarugo-kupat-nyert-a-dorog-nemetorszagban","status":"publish","type":"post","link":"https:\/\/dorogimedence.hu\/index.php\/2021\/05\/21\/30-eve-tortent-nemzetkozi-labdarugo-kupat-nyert-a-dorog-nemetorszagban\/","title":{"rendered":"30 \u00e9ve t\u00f6rt\u00e9nt: Nemzetk\u00f6zi labdar\u00fag\u00f3-kup\u00e1t nyert a Dorog N\u00e9metorsz\u00e1gban"},"content":{"rendered":"<p style=\"text-align: justify;\"><strong>1991 m\u00e1jus\u00e1ban a dorogi labdar\u00fag\u00f3 csapat a n\u00e9met-orsz\u00e1gbeli P\u00fcnk\u00f6sd Kup\u00e1n vett r\u00e9szt t\u00f6bb illusztris klubbal egy\u00fctt, ahol nem kis meglepet\u00e9sre, az akkor m\u00e1sodoszt\u00e1lyban szerepelt Dorogi B\u00e1ny\u00e1sz tornagy\u0151ztes lett <\/strong><em>&#8211; Szab\u00f3 Gyula cikke.<\/em><\/p>\n<p style=\"text-align: justify;\">Az 1991-ben megrendezett P\u00fcnk\u00f6sd Kupa m\u00e1r \u00e9vtizedes hagyom\u00e1nyokra tekintett vissza, s a XX. sz\u00e1zad utols\u00f3 \u00e9vtized\u00e9nek els\u0151 \u00e9v\u00e9ben \u00e9ppen a negyed \u00e9vsz\u00e1zados jubileuma is volt egyben. Nagy megtiszteltet\u00e9s volt, hogy a dorogiak megh\u00edv\u00e1st kaptak, ugyanakkor kem\u00e9ny pr\u00f3bat\u00e9tel el\u00e9 is lettek \u00e1ll\u00edtva a piros-feket\u00e9k. Nem csak a nemzetk\u00f6zi megm\u00e9rettet\u00e9s miatt, hanem az \u00e9v tavasz\u00e1n meglehet\u0151sen zs\u00fafoltt\u00e1 v\u00e1lt a dorogi versenynapt\u00e1r v\u00e9gett is. A bajnoki k\u00fczdelmek mellett, \u00e9rdekeltek voltak a Magyar Kup\u00e1ban is, amelyben m\u00e1r a legjobb 8-k\u00f6z\u00e9 ker\u00fcl\u00e9s\u00fcket k\u00f6vet\u0151en a negyedd\u00f6nt\u0151 k\u00e9t tal\u00e1lkoz\u00f3ja is ezekre a napokra esett.<\/p>\n<p><img fetchpriority=\"high\" decoding=\"async\" class=\"size-full wp-image-33225 aligncenter\" src=\"https:\/\/dorogimedence.hu\/wp-content\/uploads\/2021\/05\/dorog-nemet-02.jpg\" alt=\"\" width=\"700\" height=\"669\" srcset=\"https:\/\/dorogimedence.hu\/wp-content\/uploads\/2021\/05\/dorog-nemet-02.jpg 700w, https:\/\/dorogimedence.hu\/wp-content\/uploads\/2021\/05\/dorog-nemet-02-300x287.jpg 300w, https:\/\/dorogimedence.hu\/wp-content\/uploads\/2021\/05\/dorog-nemet-02-150x143.jpg 150w, https:\/\/dorogimedence.hu\/wp-content\/uploads\/2021\/05\/dorog-nemet-02-450x430.jpg 450w\" sizes=\"(max-width: 700px) 100vw, 700px\" \/><\/p>\n<p style=\"text-align: center;\"><em>Illerzell-i v\u00e1rosk\u00e9p<\/em><\/p>\n<p style=\"text-align: justify;\">A nemzetk\u00f6zi torna helysz\u00edne a V\u00f6hringen tartom\u00e1nyban, Ulm v\u00e1rost\u00e1l\u00f3l d\u00e9lre alig 15 km-re tal\u00e1lhat\u00f3 Illerzell, a viadal h\u00e1zigazd\u00e1ja pedig az SV Illerzell egyes\u00fclete volt. A kupa-k\u00fczdelmek m\u00e1jus 17. \u00e9s 20. k\u00f6z\u00f6tt zajlottak. A dorogi csapat tavasszal mind a bajnoks\u00e1gban, mind a hazai kup\u00e1ban \u00edg\u00e9retesen szerepelt, a m\u00e1jusi h\u00f3nap pedig k\u00fcl\u00f6n\u00f6sen j\u00f3l alakult. A h\u00f3nap elej\u00e9n Szombathelyen a kiv\u00e1l\u00f3 er\u0151kb\u0151l \u00e1ll\u00f3 Sabari\u00e1t vert\u00e9k 1-0-ra, majd r\u00e1 egy h\u00e9ttel hazai p\u00e1ly\u00e1n ragyog\u00f3 j\u00e1t\u00e9kkal a Sopront 3:0 ar\u00e1nyban, amellyel az 5. helyre l\u00e9pett el\u0151re a b\u00e1ny\u00e1sz g\u00e1rda a tabell\u00e1n. A k\u00e9t bajnoki tal\u00e1lkoz\u00f3 k\u00f6z\u00f6tt h\u00e9t k\u00f6zben ker\u00fclt sor a V\u00e1c elleni Magyar Kupa negyedd\u00f6nt\u0151j\u00e9nek els\u0151 m\u00e9rk\u0151z\u00e9s\u00e9re V\u00e1con, amely 1-1-es d\u00f6ntetlennel z\u00e1rult. A csapat a n\u00e9metorsz\u00e1gi kupa-szerepl\u00e9se miatt el\u0151rehozott bajnokin l\u00e9pett p\u00e1ly\u00e1ra Pakson 15-\u00e9n, szerd\u00e1n, r\u00e1ad\u00e1sul a szint\u00e9n j\u00f3 sz\u00e9ri\u00e1ban l\u00e9v\u0151, egyben tabellaszomsz\u00e9d Paksi Atom ellen. A kiegyenl\u00edtett j\u00e1t\u00e9kot hoz\u00f3 els\u0151 f\u00e9lid\u0151 g\u00f3l n\u00e9lk\u00fcli \u00e1ll\u00e1ssal z\u00e1rult, majd a t\u00e9rf\u00e9lcser\u00e9t k\u00f6vet\u0151en k\u00e9tszer is vezettek a dorogiak. \u00dagy t\u0171nt, hogy folytat\u00f3dik a gy\u0151zelmi sz\u00e9ria, viszont a v\u00e9delem t\u00edz perces r\u00f6vidz\u00e1rlat\u00e1nak k\u00f6sz\u00f6nhet\u0151en, a befejez\u00e9s el\u0151tt b\u0151 t\u00edz perccel ford\u00edtottak a hazaiak. Itt \u00fct\u00f6tt vissza, hogy a meccs el\u0151tt Schuttovics L\u00e1szl\u00f3 h\u00faz\u00f3d\u00e1s miatt nem b\u00edrta v\u00e1llalni a j\u00e1t\u00e9kot, \u00edgy kiesett a v\u00e9delem tengely\u00e9b\u0151l. Ezt a r\u00e9st a v\u00e9g\u00e9re nem tudt\u00e1k kompenz\u00e1lni a dorogiak, akik a hajr\u00e1 perceiben m\u00e1r futottak az eredm\u00e9ny ut\u00e1n, amely sor\u00e1n m\u00e9g egy g\u00f3lv\u00e1lt\u00e1s t\u00f6rt\u00e9nt, s v\u00e9g\u00fcl 4-3-as veres\u00e9g lett a v\u00e9ge. \u00cdgy nem a legjobban siker\u00fclt a kupa-szerepl\u00e9s el\u0151tti f\u0151pr\u00f3ba, de amint a mond\u00e1s is tartja, ha a f\u0151pr\u00f3ba nem siker\u00fcl, a premier ann\u00e1l f\u00e9nyesebb lesz.<\/p>\n<p><img decoding=\"async\" class=\"alignnone size-full wp-image-33227\" src=\"https:\/\/dorogimedence.hu\/wp-content\/uploads\/2021\/05\/dorog-nemet-03.jpg\" alt=\"\" width=\"777\" height=\"771\" srcset=\"https:\/\/dorogimedence.hu\/wp-content\/uploads\/2021\/05\/dorog-nemet-03.jpg 777w, https:\/\/dorogimedence.hu\/wp-content\/uploads\/2021\/05\/dorog-nemet-03-300x298.jpg 300w, https:\/\/dorogimedence.hu\/wp-content\/uploads\/2021\/05\/dorog-nemet-03-150x149.jpg 150w, https:\/\/dorogimedence.hu\/wp-content\/uploads\/2021\/05\/dorog-nemet-03-768x762.jpg 768w, https:\/\/dorogimedence.hu\/wp-content\/uploads\/2021\/05\/dorog-nemet-03-450x447.jpg 450w\" sizes=\"(max-width: 777px) 100vw, 777px\" \/><\/p>\n<p style=\"text-align: center;\"><em>A kupa helysz\u00edn\u00e9nek k\u00f6rny\u00e9ke<\/em><\/p>\n<p style=\"text-align: justify;\">A csapat a Paks elleni m\u00e9rk\u0151z\u00e9s m\u00e1snapj\u00e1n elutazott N\u00e9metorsz\u00e1gban \u00e9s m\u00e1jus 17-\u00e9n m\u00e1r p\u00e1ly\u00e1ra is l\u00e9pett. A csoportk\u00f6r els\u0151 felvon\u00e1sa a helyi \u0151si alap\u00edt\u00e1s\u00fa klub, a Dietenheim ellen t\u00f6rt\u00e9nt, ahol magabiztos k\u00e9tg\u00f3los gy\u0151zelmet k\u00f6nyvelhettek el Reszeli edz\u0151 tan\u00edtv\u00e1nyai.<\/p>\n<p style=\"text-align: center;\"><span style=\"font-size: 14pt;\"><strong>DIETENHEIM <\/strong><strong>\u2013 DOROG\u00a0 0 : 2<\/strong><\/span><\/p>\n<p style=\"text-align: center;\"><strong>G\u00f3lszerz\u0151: Ign\u00e1cz J\u00e1nos, Szedlacsek Istv\u00e1n.<\/strong><\/p>\n<p style=\"text-align: justify;\"><img decoding=\"async\" class=\"alignnone size-full wp-image-33229\" src=\"https:\/\/dorogimedence.hu\/wp-content\/uploads\/2021\/05\/dorog-nemet-04.jpg\" alt=\"\" width=\"800\" height=\"397\" srcset=\"https:\/\/dorogimedence.hu\/wp-content\/uploads\/2021\/05\/dorog-nemet-04.jpg 800w, https:\/\/dorogimedence.hu\/wp-content\/uploads\/2021\/05\/dorog-nemet-04-300x149.jpg 300w, https:\/\/dorogimedence.hu\/wp-content\/uploads\/2021\/05\/dorog-nemet-04-768x381.jpg 768w, https:\/\/dorogimedence.hu\/wp-content\/uploads\/2021\/05\/dorog-nemet-04-150x74.jpg 150w, https:\/\/dorogimedence.hu\/wp-content\/uploads\/2021\/05\/dorog-nemet-04-450x223.jpg 450w\" sizes=\"(max-width: 800px) 100vw, 800px\" \/>M\u00e1snap az Eur\u00f3pa-klasszis holland Feyenoord egy\u00fcttese ellen nem csak b\u00e1tran j\u00e1tszottak, de a kiv\u00e1l\u00f3 helyzetkihaszn\u00e1l\u00e1snak k\u00f6sz\u00f6nhet\u0151en meglep\u0151 3-0-\u00e1s gy\u0151zelem sz\u00fcletett.<\/p>\n<p style=\"text-align: center;\"><span style=\"font-size: 14pt;\"><strong>DOROG <\/strong><strong>\u2013 FEYENOORD\u00a0 3 : 0<\/strong><\/span><\/p>\n<p style=\"text-align: center;\"><strong>G\u00f3lszerz\u0151: Orosz Ferenc, Guba P\u00e9ter, \u00c1goston Zolt\u00e1n.<\/strong><\/p>\n<p style=\"text-align: justify;\"><img loading=\"lazy\" decoding=\"async\" class=\"alignnone size-full wp-image-33230\" src=\"https:\/\/dorogimedence.hu\/wp-content\/uploads\/2021\/05\/dorog-nemet-05.jpg\" alt=\"\" width=\"800\" height=\"397\" srcset=\"https:\/\/dorogimedence.hu\/wp-content\/uploads\/2021\/05\/dorog-nemet-05.jpg 800w, https:\/\/dorogimedence.hu\/wp-content\/uploads\/2021\/05\/dorog-nemet-05-300x149.jpg 300w, https:\/\/dorogimedence.hu\/wp-content\/uploads\/2021\/05\/dorog-nemet-05-768x381.jpg 768w, https:\/\/dorogimedence.hu\/wp-content\/uploads\/2021\/05\/dorog-nemet-05-150x74.jpg 150w, https:\/\/dorogimedence.hu\/wp-content\/uploads\/2021\/05\/dorog-nemet-05-450x223.jpg 450w\" sizes=\"(max-width: 800px) 100vw, 800px\" \/>P\u00fcnk\u00f6sdvas\u00e1rnap \u00fajfent egy nagynev\u0171 ellenf\u00e9l, a n\u00e9met Kaiserslautern k\u00f6vetkezett, amely ellen szoros m\u00e9rk\u0151z\u00e9sen siker\u00fclt kicsikarni a gy\u0151zelmet. Ez pedig m\u00e1r azt jelentette, hogy a dorogiak m\u00e1snap m\u00e1r mag\u00e1\u00e9rt, a kupagy\u0151zelem\u00e9rt vehetik fel a harcot.<\/p>\n<p style=\"text-align: center;\"><span style=\"font-size: 14pt;\"><strong>KAISERSLAUTERN <\/strong><strong>\u2013 DOROG\u00a0 0 : 1<\/strong><\/span><\/p>\n<p style=\"text-align: center;\"><strong>G\u00f3lszerz\u0151: Ign\u00e1cz J\u00e1nos.<\/strong><\/p>\n<p style=\"text-align: justify;\"><img loading=\"lazy\" decoding=\"async\" class=\"alignnone size-full wp-image-33231\" src=\"https:\/\/dorogimedence.hu\/wp-content\/uploads\/2021\/05\/dorog-nemet-06.jpg\" alt=\"\" width=\"800\" height=\"397\" srcset=\"https:\/\/dorogimedence.hu\/wp-content\/uploads\/2021\/05\/dorog-nemet-06.jpg 800w, https:\/\/dorogimedence.hu\/wp-content\/uploads\/2021\/05\/dorog-nemet-06-300x149.jpg 300w, https:\/\/dorogimedence.hu\/wp-content\/uploads\/2021\/05\/dorog-nemet-06-768x381.jpg 768w, https:\/\/dorogimedence.hu\/wp-content\/uploads\/2021\/05\/dorog-nemet-06-150x74.jpg 150w, https:\/\/dorogimedence.hu\/wp-content\/uploads\/2021\/05\/dorog-nemet-06-450x223.jpg 450w\" sizes=\"(max-width: 800px) 100vw, 800px\" \/>P\u00fcnk\u00f6sdh\u00e9tf\u0151n, m\u00e1jus 20-\u00e1n a csehszlov\u00e1k \u00e9lvonal csapata, a FC Chomutov elleni m\u00e9rk\u0151z\u00e9s jelentette a mindent eld\u00f6nt\u0151 tal\u00e1lkoz\u00f3t, ahol a dorogiak megint csak nyerni tudtak, \u00edgy hib\u00e1tlan teljes\u00edtm\u00e9nnyel, kapott g\u00f3l n\u00e9lk\u00fcl h\u00f3d\u00edtott\u00e1k el a kup\u00e1t.<\/p>\n<p style=\"text-align: center;\"><span style=\"font-size: 14pt;\"><strong>DOROG <\/strong><strong>\u2013 FC CHOMUTOV\u00a0 1 : 0<\/strong><\/span><\/p>\n<p style=\"text-align: center;\"><strong>G\u00f3lszerz\u0151: Schuttovics L\u00e1szl\u00f3.<\/strong><\/p>\n<p style=\"text-align: justify;\"><img loading=\"lazy\" decoding=\"async\" class=\"alignnone size-full wp-image-33232\" src=\"https:\/\/dorogimedence.hu\/wp-content\/uploads\/2021\/05\/dorog-nemet-07.jpg\" alt=\"\" width=\"800\" height=\"397\" srcset=\"https:\/\/dorogimedence.hu\/wp-content\/uploads\/2021\/05\/dorog-nemet-07.jpg 800w, https:\/\/dorogimedence.hu\/wp-content\/uploads\/2021\/05\/dorog-nemet-07-300x149.jpg 300w, https:\/\/dorogimedence.hu\/wp-content\/uploads\/2021\/05\/dorog-nemet-07-768x381.jpg 768w, https:\/\/dorogimedence.hu\/wp-content\/uploads\/2021\/05\/dorog-nemet-07-150x74.jpg 150w, https:\/\/dorogimedence.hu\/wp-content\/uploads\/2021\/05\/dorog-nemet-07-450x223.jpg 450w\" sizes=\"(max-width: 800px) 100vw, 800px\" \/>Az egyre tetszet\u0151sebb \u00e9s tudatosabb futballt j\u00e1tsz\u00f3 dorogiak a helyzetkihaszn\u00e1l\u00e1s ter\u00e9n is nagyot l\u00e9ptek el\u0151re az 1991-es \u00e9vben. A kaput j\u00f3l \u00e9rz\u0151, v\u00e9rbeli t\u00e1mad\u00f3i mellett is szinte valamennyi mez\u0151nyj\u00e1t\u00e9kos g\u00f3lk\u00e9pes volt. Azonban a csapat egyik f\u0151 er\u00e9nye a rendk\u00edv\u00fcl j\u00f3 fizikai \u00e1ll\u00f3k\u00e9pess\u00e9g \u00e9s a csapatszellem. T\u00f6bbek k\u00f6z\u00f6tt ennek is k\u00f6sz\u00f6nhet\u0151, hogy ebben az id\u0151szakban mer\u00e9szebb terveket is kezdtek sz\u0151ni Dorogon. A g\u00e1rda nem ak\u00e1rmilyen sorozaton volt t\u00fal, hiszen a h\u00f3napb\u00f3l eltelt h\u00fasz nap leforg\u00e1sa alatt 8, azaz nyolc t\u00e9tm\u00e9rk\u0151z\u00e9st tudtak le, nem is ak\u00e1rmilyen ellenfelek ellen, amely sor\u00e1n \u00f6sszess\u00e9g\u00e9ben egy d\u00f6ntetlen \u00e9s egyetlen veres\u00e9g t\u00f6rt\u00e9nt csup\u00e1n. Ehhez pedig t\u00e9nyleg nem csak egy j\u00f3l felk\u00e9sz\u00edtett csapat sz\u00fcks\u00e9ges, hanem kiv\u00e1l\u00f3 fizikai kond\u00edci\u00f3 is.<\/p>\n<p><img loading=\"lazy\" decoding=\"async\" class=\"alignnone size-full wp-image-33233\" src=\"https:\/\/dorogimedence.hu\/wp-content\/uploads\/2021\/05\/dorog-nemet-08.jpg\" alt=\"\" width=\"800\" height=\"960\" srcset=\"https:\/\/dorogimedence.hu\/wp-content\/uploads\/2021\/05\/dorog-nemet-08.jpg 800w, https:\/\/dorogimedence.hu\/wp-content\/uploads\/2021\/05\/dorog-nemet-08-250x300.jpg 250w, https:\/\/dorogimedence.hu\/wp-content\/uploads\/2021\/05\/dorog-nemet-08-768x922.jpg 768w, https:\/\/dorogimedence.hu\/wp-content\/uploads\/2021\/05\/dorog-nemet-08-150x180.jpg 150w, https:\/\/dorogimedence.hu\/wp-content\/uploads\/2021\/05\/dorog-nemet-08-450x540.jpg 450w\" sizes=\"(max-width: 800px) 100vw, 800px\" \/><\/p>\n<p style=\"text-align: center;\"><em>A megnyert 25. P\u00fcnk\u00f6sd Kupa a Dorogi Sportm\u00fazeumban<\/em><\/p>\n<p style=\"text-align: justify;\">T\u00f6rt\u00e9net\u00e9ben imm\u00e1r harmadik jeles nemzetk\u00f6zi tr\u00f3fe\u00e1j\u00e1t nyerte a Dorog, amely ez\u00fattal is tov\u00e1bb \u00f6regb\u00edtette az egyes\u00fclet j\u00f3 h\u00edrnev\u00e9t \u00e9s nagy k\u00f6z\u00f6ns\u00e9gsikert is aratott bajor f\u00f6ld\u00f6n. A n\u00e9met f\u00e9l elismer\u00e9se mellett r\u00f6gt\u00f6n megh\u00edv\u00e1st aj\u00e1nlott a k\u00f6vetkez\u0151 \u00e9vi torn\u00e1ra is. K\u00f6zvetlen\u00fcl a kupak\u00fczdelmek befejez\u00e9s\u00e9t k\u00f6vet\u0151en a dorogiakat bankettre is invit\u00e1lt\u00e1k a h\u00e1zigazd\u00e1k, a gy\u0151ztes csapat gondolatai viszont ekkor m\u00e1r a k\u00e9t nappal k\u00e9s\u0151bbi Magyar Kupa negyedd\u00f6nt\u0151j\u00e9nek visszav\u00e1g\u00f3j\u00e1n j\u00e1rtak. Ez azonban m\u00e1r egy k\u00fcl\u00f6n t\u00f6rt\u00e9net, amelynek terveink szerint a napokban szint\u00e9n eml\u00e9ket k\u00edv\u00e1nunk \u00e1ll\u00edtani.<\/p>\n<p><img loading=\"lazy\" decoding=\"async\" class=\"alignnone size-full wp-image-33234\" src=\"https:\/\/dorogimedence.hu\/wp-content\/uploads\/2021\/05\/dorog-nemet-09.jpg\" alt=\"\" width=\"800\" height=\"307\" srcset=\"https:\/\/dorogimedence.hu\/wp-content\/uploads\/2021\/05\/dorog-nemet-09.jpg 800w, https:\/\/dorogimedence.hu\/wp-content\/uploads\/2021\/05\/dorog-nemet-09-300x115.jpg 300w, https:\/\/dorogimedence.hu\/wp-content\/uploads\/2021\/05\/dorog-nemet-09-768x295.jpg 768w, https:\/\/dorogimedence.hu\/wp-content\/uploads\/2021\/05\/dorog-nemet-09-150x58.jpg 150w, https:\/\/dorogimedence.hu\/wp-content\/uploads\/2021\/05\/dorog-nemet-09-450x173.jpg 450w\" sizes=\"(max-width: 800px) 100vw, 800px\" \/><\/p>\n<p style=\"text-align: center;\"><em>A dorogi csapat 1990 \u0151sz\u00e9n<\/em><\/p>\n<p style=\"text-align: justify;\"><u><strong>A torn\u00e1n r\u00e9szt vett dorogi csapat<\/strong>:<\/u> \u00c1goston Zolt\u00e1n, Bel\u00e1nyi Istv\u00e1n, Bohner Zolt\u00e1n, Borsos Zsolt, Burkodi Istv\u00e1n, Csap\u00f3 K\u00e1roly, Guba P\u00e9ter, Harmat J\u00f3zsef, Ign\u00e1cz J\u00e1nos, Kili\u00e1n G\u00e9za, Orosz Ferenc, Papp Tibor, Schuttovics L\u00e1szl\u00f3, Szedlacsek Istv\u00e1n, Szenczi G\u00e1bor, Sz\u00e9pv\u00f6lgyi Zolt\u00e1n, T\u00f3th Ferenc, Varga J\u00e1nos, tov\u00e1bb\u00e1 Reszeli-So\u00f3s Istv\u00e1n vezet\u0151 edz\u0151, Honti J\u00f3zsef p\u00e1lyaedz\u0151, Holdampf S\u00e1ndor massz\u0151r-gy\u00far\u00f3, Csuha Andr\u00e1s eln\u00f6k. Szint\u00e9n a csapattal utazott az \u00e9v elej\u00e9n s\u00falyosan megs\u00e9r\u00fclt Romfa K\u00e1roly is, akinek l\u00e1b\u00e1t t\u00f6rt\u00e9k a Tatab\u00e1nya elleni edz\u0151m\u00e9rk\u0151z\u00e9sen. Sok\u00e1ig \u00fagy tetszett, hogy az ifj\u00fa tehets\u00e9ges dorogi labdar\u00fag\u00f3 t\u00f6bbet nem is j\u00e1tszhat, ennek ellen\u00e9re a dorogi egyes\u00fclet mag\u00e1val vitte N\u00e9metorsz\u00e1gba.<\/p>\n<p><em><strong>Bor\u00edt\u00f3k\u00e9p:<\/strong> A telep\u00fcl\u00e9s n\u00e9vad\u00f3ja, az Iller foly\u00f3 tavaszi pomp\u00e1ban a v\u00e1ros hat\u00e1r\u00e1ban h\u00faz\u00f3d\u00f3 Auwald z\u00f6ldter\u00fclettel, valamint a h\u00e1zigazda egyes\u00fclet klubc\u00edmer\u00e9vel \u00e9s V\u00f6rhringen tartom\u00e1nyi c\u00edmerrel.<\/em><\/p>\n<p><em><strong>Szab\u00f3 Gyula<\/strong><\/em><\/p>\n","protected":false},"excerpt":{"rendered":"<p>1991 m\u00e1jus\u00e1ban a dorogi labdar\u00fag\u00f3 csapat a n\u00e9met-orsz\u00e1gbeli P\u00fcnk\u00f6sd Kup\u00e1n vett r\u00e9szt t\u00f6bb illusztris klubbal egy\u00fctt, ahol nem kis meglepet\u00e9sre, az akkor m\u00e1sodoszt\u00e1lyban szerepelt Dorogi B\u00e1ny\u00e1sz tornagy\u0151ztes lett &#8211; Szab\u00f3 Gyula cikke. Az 1991-ben megrendezett P\u00fcnk\u00f6sd Kupa m\u00e1r \u00e9vtizedes hagyom\u00e1nyokra tekintett vissza, s a XX. sz\u00e1zad utols\u00f3 \u00e9vtized\u00e9nek els\u0151 \u00e9v\u00e9ben \u00e9ppen a negyed \u00e9vsz\u00e1zados jubileuma<\/p>\n","protected":false},"author":1,"featured_media":33240,"comment_status":"closed","ping_status":"closed","sticky":false,"template":"","format":"standard","meta":{"ngg_post_thumbnail":0,"footnotes":""},"categories":[2,3,6031,5],"tags":[15,37,5624,70,69,72,16],"class_list":{"0":"post-33223","1":"post","2":"type-post","3":"status-publish","4":"format-standard","5":"has-post-thumbnail","7":"category-dorog","8":"category-hirek","9":"category-kerek-evfordulok","10":"category-sport","11":"tag-dorog","12":"tag-dorogi-fc","13":"tag-featured","14":"tag-foci","15":"tag-futball","16":"tag-labdarugas","17":"tag-sport"},"yoast_head":"<!-- This site is optimized with the Yoast SEO plugin v27.5 - https:\/\/yoast.com\/product\/yoast-seo-wordpress\/ -->\n<title>30 \u00e9ve t\u00f6rt\u00e9nt: Nemzetk\u00f6zi labdar\u00fag\u00f3-kup\u00e1t nyert a Dorog N\u00e9metorsz\u00e1gban<\/title>\n<meta name=\"robots\" content=\"index, follow, max-snippet:-1, max-image-preview:large, max-video-preview:-1\" \/>\n<link rel=\"canonical\" href=\"https:\/\/dorogimedence.hu\/index.php\/2021\/05\/21\/30-eve-tortent-nemzetkozi-labdarugo-kupat-nyert-a-dorog-nemetorszagban\/\" class=\"yoast-seo-meta-tag\" \/>\n<meta property=\"og:locale\" content=\"hu_HU\" class=\"yoast-seo-meta-tag\" \/>\n<meta property=\"og:type\" content=\"article\" class=\"yoast-seo-meta-tag\" \/>\n<meta property=\"og:title\" content=\"30 \u00e9ve t\u00f6rt\u00e9nt: Nemzetk\u00f6zi labdar\u00fag\u00f3-kup\u00e1t nyert a Dorog N\u00e9metorsz\u00e1gban\" class=\"yoast-seo-meta-tag\" \/>\n<meta property=\"og:description\" content=\"1991 m\u00e1jus\u00e1ban a dorogi labdar\u00fag\u00f3 csapat a n\u00e9met-orsz\u00e1gbeli P\u00fcnk\u00f6sd Kup\u00e1n vett r\u00e9szt t\u00f6bb illusztris klubbal egy\u00fctt, ahol nem kis meglepet\u00e9sre, az akkor m\u00e1sodoszt\u00e1lyban szerepelt Dorogi B\u00e1ny\u00e1sz tornagy\u0151ztes lett &#8211; Szab\u00f3 Gyula cikke. Az 1991-ben megrendezett P\u00fcnk\u00f6sd Kupa m\u00e1r \u00e9vtizedes hagyom\u00e1nyokra tekintett vissza, s a XX. sz\u00e1zad utols\u00f3 \u00e9vtized\u00e9nek els\u0151 \u00e9v\u00e9ben \u00e9ppen a negyed \u00e9vsz\u00e1zados jubileuma\" class=\"yoast-seo-meta-tag\" \/>\n<meta property=\"og:url\" content=\"https:\/\/dorogimedence.hu\/index.php\/2021\/05\/21\/30-eve-tortent-nemzetkozi-labdarugo-kupat-nyert-a-dorog-nemetorszagban\/\" class=\"yoast-seo-meta-tag\" \/>\n<meta property=\"og:site_name\" content=\"Dorogi-medence Region\u00e1lis H\u00edrport\u00e1l\" class=\"yoast-seo-meta-tag\" \/>\n<meta property=\"article:publisher\" content=\"https:\/\/www.facebook.com\/dorogimedence\/\" class=\"yoast-seo-meta-tag\" \/>\n<meta property=\"article:published_time\" content=\"2021-05-21T05:20:42+00:00\" class=\"yoast-seo-meta-tag\" \/>\n<meta property=\"article:modified_time\" content=\"2022-02-14T01:07:00+00:00\" class=\"yoast-seo-meta-tag\" \/>\n<meta property=\"og:image\" content=\"https:\/\/i0.wp.com\/dorogimedence.hu\/wp-content\/uploads\/2021\/05\/188084529_501100887983119_1606445761427261818_n.jpg?fit=777%2C583&ssl=1\" class=\"yoast-seo-meta-tag\" \/>\n\t<meta property=\"og:image:width\" content=\"777\" class=\"yoast-seo-meta-tag\" \/>\n\t<meta property=\"og:image:height\" content=\"583\" class=\"yoast-seo-meta-tag\" \/>\n\t<meta property=\"og:image:type\" content=\"image\/jpeg\" class=\"yoast-seo-meta-tag\" \/>\n<meta name=\"author\" content=\"dorogimedence.hu\" class=\"yoast-seo-meta-tag\" \/>\n<meta name=\"twitter:card\" content=\"summary_large_image\" class=\"yoast-seo-meta-tag\" \/>\n<meta name=\"twitter:label1\" content=\"Szerz\u0151:\" class=\"yoast-seo-meta-tag\" \/>\n\t<meta name=\"twitter:data1\" content=\"dorogimedence.hu\" class=\"yoast-seo-meta-tag\" \/>\n\t<meta name=\"twitter:label2\" content=\"Becs\u00fclt olvas\u00e1si id\u0151\" class=\"yoast-seo-meta-tag\" \/>\n\t<meta name=\"twitter:data2\" content=\"7 perc\" class=\"yoast-seo-meta-tag\" \/>\n<script type=\"application\/ld+json\" class=\"yoast-schema-graph\">{\"@context\":\"https:\\\/\\\/schema.org\",\"@graph\":[{\"@type\":\"Article\",\"@id\":\"https:\\\/\\\/dorogimedence.hu\\\/index.php\\\/2021\\\/05\\\/21\\\/30-eve-tortent-nemzetkozi-labdarugo-kupat-nyert-a-dorog-nemetorszagban\\\/#article\",\"isPartOf\":{\"@id\":\"https:\\\/\\\/dorogimedence.hu\\\/index.php\\\/2021\\\/05\\\/21\\\/30-eve-tortent-nemzetkozi-labdarugo-kupat-nyert-a-dorog-nemetorszagban\\\/\"},\"author\":{\"name\":\"dorogimedence.hu\",\"@id\":\"https:\\\/\\\/dorogimedence.hu\\\/#\\\/schema\\\/person\\\/ce6091eeb7e95ecdc87890d6aa8e0fd4\"},\"headline\":\"30 \u00e9ve t\u00f6rt\u00e9nt: Nemzetk\u00f6zi labdar\u00fag\u00f3-kup\u00e1t nyert a Dorog N\u00e9metorsz\u00e1gban\",\"datePublished\":\"2021-05-21T05:20:42+00:00\",\"dateModified\":\"2022-02-14T01:07:00+00:00\",\"mainEntityOfPage\":{\"@id\":\"https:\\\/\\\/dorogimedence.hu\\\/index.php\\\/2021\\\/05\\\/21\\\/30-eve-tortent-nemzetkozi-labdarugo-kupat-nyert-a-dorog-nemetorszagban\\\/\"},\"wordCount\":1375,\"publisher\":{\"@id\":\"https:\\\/\\\/dorogimedence.hu\\\/#organization\"},\"image\":{\"@id\":\"https:\\\/\\\/dorogimedence.hu\\\/index.php\\\/2021\\\/05\\\/21\\\/30-eve-tortent-nemzetkozi-labdarugo-kupat-nyert-a-dorog-nemetorszagban\\\/#primaryimage\"},\"thumbnailUrl\":\"https:\\\/\\\/dorogimedence.hu\\\/wp-content\\\/uploads\\\/2021\\\/05\\\/188084529_501100887983119_1606445761427261818_n.jpg\",\"keywords\":[\"Dorog\",\"Dorogi FC\",\"featured\",\"foci\",\"futball\",\"labdar\u00fag\u00e1s\",\"sport\"],\"articleSection\":[\"Dorog\",\"H\u00edrek\",\"Kerek \u00e9vfordul\u00f3k\",\"Sport\"],\"inLanguage\":\"hu\"},{\"@type\":\"WebPage\",\"@id\":\"https:\\\/\\\/dorogimedence.hu\\\/index.php\\\/2021\\\/05\\\/21\\\/30-eve-tortent-nemzetkozi-labdarugo-kupat-nyert-a-dorog-nemetorszagban\\\/\",\"url\":\"https:\\\/\\\/dorogimedence.hu\\\/index.php\\\/2021\\\/05\\\/21\\\/30-eve-tortent-nemzetkozi-labdarugo-kupat-nyert-a-dorog-nemetorszagban\\\/\",\"name\":\"30 \u00e9ve t\u00f6rt\u00e9nt: Nemzetk\u00f6zi labdar\u00fag\u00f3-kup\u00e1t nyert a Dorog N\u00e9metorsz\u00e1gban\",\"isPartOf\":{\"@id\":\"https:\\\/\\\/dorogimedence.hu\\\/#website\"},\"primaryImageOfPage\":{\"@id\":\"https:\\\/\\\/dorogimedence.hu\\\/index.php\\\/2021\\\/05\\\/21\\\/30-eve-tortent-nemzetkozi-labdarugo-kupat-nyert-a-dorog-nemetorszagban\\\/#primaryimage\"},\"image\":{\"@id\":\"https:\\\/\\\/dorogimedence.hu\\\/index.php\\\/2021\\\/05\\\/21\\\/30-eve-tortent-nemzetkozi-labdarugo-kupat-nyert-a-dorog-nemetorszagban\\\/#primaryimage\"},\"thumbnailUrl\":\"https:\\\/\\\/dorogimedence.hu\\\/wp-content\\\/uploads\\\/2021\\\/05\\\/188084529_501100887983119_1606445761427261818_n.jpg\",\"datePublished\":\"2021-05-21T05:20:42+00:00\",\"dateModified\":\"2022-02-14T01:07:00+00:00\",\"breadcrumb\":{\"@id\":\"https:\\\/\\\/dorogimedence.hu\\\/index.php\\\/2021\\\/05\\\/21\\\/30-eve-tortent-nemzetkozi-labdarugo-kupat-nyert-a-dorog-nemetorszagban\\\/#breadcrumb\"},\"inLanguage\":\"hu\",\"potentialAction\":[{\"@type\":\"ReadAction\",\"target\":[\"https:\\\/\\\/dorogimedence.hu\\\/index.php\\\/2021\\\/05\\\/21\\\/30-eve-tortent-nemzetkozi-labdarugo-kupat-nyert-a-dorog-nemetorszagban\\\/\"]}]},{\"@type\":\"ImageObject\",\"inLanguage\":\"hu\",\"@id\":\"https:\\\/\\\/dorogimedence.hu\\\/index.php\\\/2021\\\/05\\\/21\\\/30-eve-tortent-nemzetkozi-labdarugo-kupat-nyert-a-dorog-nemetorszagban\\\/#primaryimage\",\"url\":\"https:\\\/\\\/dorogimedence.hu\\\/wp-content\\\/uploads\\\/2021\\\/05\\\/188084529_501100887983119_1606445761427261818_n.jpg\",\"contentUrl\":\"https:\\\/\\\/dorogimedence.hu\\\/wp-content\\\/uploads\\\/2021\\\/05\\\/188084529_501100887983119_1606445761427261818_n.jpg\",\"width\":777,\"height\":583},{\"@type\":\"BreadcrumbList\",\"@id\":\"https:\\\/\\\/dorogimedence.hu\\\/index.php\\\/2021\\\/05\\\/21\\\/30-eve-tortent-nemzetkozi-labdarugo-kupat-nyert-a-dorog-nemetorszagban\\\/#breadcrumb\",\"itemListElement\":[{\"@type\":\"ListItem\",\"position\":1,\"name\":\"Kezd\u0151lap\",\"item\":\"https:\\\/\\\/dorogimedence.hu\\\/\"},{\"@type\":\"ListItem\",\"position\":2,\"name\":\"30 \u00e9ve t\u00f6rt\u00e9nt: Nemzetk\u00f6zi labdar\u00fag\u00f3-kup\u00e1t nyert a Dorog N\u00e9metorsz\u00e1gban\"}]},{\"@type\":\"WebSite\",\"@id\":\"https:\\\/\\\/dorogimedence.hu\\\/#website\",\"url\":\"https:\\\/\\\/dorogimedence.hu\\\/\",\"name\":\"Dorogi-medence Region\u00e1lis H\u00edrport\u00e1l\",\"description\":\"Dorog, Keszt\u00f6lc, Le\u00e1nyv\u00e1r, Piliscs\u00e9v, Tokod, Tokodalt\u00e1r\u00f3, Csolnok, Esztergom-kertv\u00e1ros: h\u00edrek, programok\",\"publisher\":{\"@id\":\"https:\\\/\\\/dorogimedence.hu\\\/#organization\"},\"potentialAction\":[{\"@type\":\"SearchAction\",\"target\":{\"@type\":\"EntryPoint\",\"urlTemplate\":\"https:\\\/\\\/dorogimedence.hu\\\/?s={search_term_string}\"},\"query-input\":{\"@type\":\"PropertyValueSpecification\",\"valueRequired\":true,\"valueName\":\"search_term_string\"}}],\"inLanguage\":\"hu\"},{\"@type\":\"Organization\",\"@id\":\"https:\\\/\\\/dorogimedence.hu\\\/#organization\",\"name\":\"Dorogi-medence Region\u00e1lis H\u00edrport\u00e1l\",\"url\":\"https:\\\/\\\/dorogimedence.hu\\\/\",\"logo\":{\"@type\":\"ImageObject\",\"inLanguage\":\"hu\",\"@id\":\"https:\\\/\\\/dorogimedence.hu\\\/#\\\/schema\\\/logo\\\/image\\\/\",\"url\":\"https:\\\/\\\/dorogimedence.hu\\\/wp-content\\\/uploads\\\/2021\\\/04\\\/logo-feher-600.png\",\"contentUrl\":\"https:\\\/\\\/dorogimedence.hu\\\/wp-content\\\/uploads\\\/2021\\\/04\\\/logo-feher-600.png\",\"width\":600,\"height\":100,\"caption\":\"Dorogi-medence Region\u00e1lis H\u00edrport\u00e1l\"},\"image\":{\"@id\":\"https:\\\/\\\/dorogimedence.hu\\\/#\\\/schema\\\/logo\\\/image\\\/\"},\"sameAs\":[\"https:\\\/\\\/www.facebook.com\\\/dorogimedence\\\/\"]},{\"@type\":\"Person\",\"@id\":\"https:\\\/\\\/dorogimedence.hu\\\/#\\\/schema\\\/person\\\/ce6091eeb7e95ecdc87890d6aa8e0fd4\",\"name\":\"dorogimedence.hu\",\"image\":{\"@type\":\"ImageObject\",\"inLanguage\":\"hu\",\"@id\":\"\\\/\\\/www.gravatar.com\\\/avatar\\\/d8d45f8901aadff40a4af72c0b826f1d?s=96&#038;r=g&#038;d=mm\",\"url\":\"\\\/\\\/www.gravatar.com\\\/avatar\\\/d8d45f8901aadff40a4af72c0b826f1d?s=96&#038;r=g&#038;d=mm\",\"contentUrl\":\"\\\/\\\/www.gravatar.com\\\/avatar\\\/d8d45f8901aadff40a4af72c0b826f1d?s=96&#038;r=g&#038;d=mm\",\"caption\":\"dorogimedence.hu\"}}]}<\/script>\n<!-- \/ Yoast SEO plugin. -->","yoast_head_json":{"title":"30 \u00e9ve t\u00f6rt\u00e9nt: Nemzetk\u00f6zi labdar\u00fag\u00f3-kup\u00e1t nyert a Dorog N\u00e9metorsz\u00e1gban","robots":{"index":"index","follow":"follow","max-snippet":"max-snippet:-1","max-image-preview":"max-image-preview:large","max-video-preview":"max-video-preview:-1"},"canonical":"https:\/\/dorogimedence.hu\/index.php\/2021\/05\/21\/30-eve-tortent-nemzetkozi-labdarugo-kupat-nyert-a-dorog-nemetorszagban\/","og_locale":"hu_HU","og_type":"article","og_title":"30 \u00e9ve t\u00f6rt\u00e9nt: Nemzetk\u00f6zi labdar\u00fag\u00f3-kup\u00e1t nyert a Dorog N\u00e9metorsz\u00e1gban","og_description":"1991 m\u00e1jus\u00e1ban a dorogi labdar\u00fag\u00f3 csapat a n\u00e9met-orsz\u00e1gbeli P\u00fcnk\u00f6sd Kup\u00e1n vett r\u00e9szt t\u00f6bb illusztris klubbal egy\u00fctt, ahol nem kis meglepet\u00e9sre, az akkor m\u00e1sodoszt\u00e1lyban szerepelt Dorogi B\u00e1ny\u00e1sz tornagy\u0151ztes lett &#8211; Szab\u00f3 Gyula cikke. Az 1991-ben megrendezett P\u00fcnk\u00f6sd Kupa m\u00e1r \u00e9vtizedes hagyom\u00e1nyokra tekintett vissza, s a XX. sz\u00e1zad utols\u00f3 \u00e9vtized\u00e9nek els\u0151 \u00e9v\u00e9ben \u00e9ppen a negyed \u00e9vsz\u00e1zados jubileuma","og_url":"https:\/\/dorogimedence.hu\/index.php\/2021\/05\/21\/30-eve-tortent-nemzetkozi-labdarugo-kupat-nyert-a-dorog-nemetorszagban\/","og_site_name":"Dorogi-medence Region\u00e1lis H\u00edrport\u00e1l","article_publisher":"https:\/\/www.facebook.com\/dorogimedence\/","article_published_time":"2021-05-21T05:20:42+00:00","article_modified_time":"2022-02-14T01:07:00+00:00","og_image":[{"width":777,"height":583,"url":"https:\/\/i0.wp.com\/dorogimedence.hu\/wp-content\/uploads\/2021\/05\/188084529_501100887983119_1606445761427261818_n.jpg?fit=777%2C583&ssl=1","type":"image\/jpeg"}],"author":"dorogimedence.hu","twitter_card":"summary_large_image","twitter_misc":{"Szerz\u0151:":"dorogimedence.hu","Becs\u00fclt olvas\u00e1si id\u0151":"7 perc"},"schema":{"@context":"https:\/\/schema.org","@graph":[{"@type":"Article","@id":"https:\/\/dorogimedence.hu\/index.php\/2021\/05\/21\/30-eve-tortent-nemzetkozi-labdarugo-kupat-nyert-a-dorog-nemetorszagban\/#article","isPartOf":{"@id":"https:\/\/dorogimedence.hu\/index.php\/2021\/05\/21\/30-eve-tortent-nemzetkozi-labdarugo-kupat-nyert-a-dorog-nemetorszagban\/"},"author":{"name":"dorogimedence.hu","@id":"https:\/\/dorogimedence.hu\/#\/schema\/person\/ce6091eeb7e95ecdc87890d6aa8e0fd4"},"headline":"30 \u00e9ve t\u00f6rt\u00e9nt: Nemzetk\u00f6zi labdar\u00fag\u00f3-kup\u00e1t nyert a Dorog N\u00e9metorsz\u00e1gban","datePublished":"2021-05-21T05:20:42+00:00","dateModified":"2022-02-14T01:07:00+00:00","mainEntityOfPage":{"@id":"https:\/\/dorogimedence.hu\/index.php\/2021\/05\/21\/30-eve-tortent-nemzetkozi-labdarugo-kupat-nyert-a-dorog-nemetorszagban\/"},"wordCount":1375,"publisher":{"@id":"https:\/\/dorogimedence.hu\/#organization"},"image":{"@id":"https:\/\/dorogimedence.hu\/index.php\/2021\/05\/21\/30-eve-tortent-nemzetkozi-labdarugo-kupat-nyert-a-dorog-nemetorszagban\/#primaryimage"},"thumbnailUrl":"https:\/\/dorogimedence.hu\/wp-content\/uploads\/2021\/05\/188084529_501100887983119_1606445761427261818_n.jpg","keywords":["Dorog","Dorogi FC","featured","foci","futball","labdar\u00fag\u00e1s","sport"],"articleSection":["Dorog","H\u00edrek","Kerek \u00e9vfordul\u00f3k","Sport"],"inLanguage":"hu"},{"@type":"WebPage","@id":"https:\/\/dorogimedence.hu\/index.php\/2021\/05\/21\/30-eve-tortent-nemzetkozi-labdarugo-kupat-nyert-a-dorog-nemetorszagban\/","url":"https:\/\/dorogimedence.hu\/index.php\/2021\/05\/21\/30-eve-tortent-nemzetkozi-labdarugo-kupat-nyert-a-dorog-nemetorszagban\/","name":"30 \u00e9ve t\u00f6rt\u00e9nt: Nemzetk\u00f6zi labdar\u00fag\u00f3-kup\u00e1t nyert a Dorog N\u00e9metorsz\u00e1gban","isPartOf":{"@id":"https:\/\/dorogimedence.hu\/#website"},"primaryImageOfPage":{"@id":"https:\/\/dorogimedence.hu\/index.php\/2021\/05\/21\/30-eve-tortent-nemzetkozi-labdarugo-kupat-nyert-a-dorog-nemetorszagban\/#primaryimage"},"image":{"@id":"https:\/\/dorogimedence.hu\/index.php\/2021\/05\/21\/30-eve-tortent-nemzetkozi-labdarugo-kupat-nyert-a-dorog-nemetorszagban\/#primaryimage"},"thumbnailUrl":"https:\/\/dorogimedence.hu\/wp-content\/uploads\/2021\/05\/188084529_501100887983119_1606445761427261818_n.jpg","datePublished":"2021-05-21T05:20:42+00:00","dateModified":"2022-02-14T01:07:00+00:00","breadcrumb":{"@id":"https:\/\/dorogimedence.hu\/index.php\/2021\/05\/21\/30-eve-tortent-nemzetkozi-labdarugo-kupat-nyert-a-dorog-nemetorszagban\/#breadcrumb"},"inLanguage":"hu","potentialAction":[{"@type":"ReadAction","target":["https:\/\/dorogimedence.hu\/index.php\/2021\/05\/21\/30-eve-tortent-nemzetkozi-labdarugo-kupat-nyert-a-dorog-nemetorszagban\/"]}]},{"@type":"ImageObject","inLanguage":"hu","@id":"https:\/\/dorogimedence.hu\/index.php\/2021\/05\/21\/30-eve-tortent-nemzetkozi-labdarugo-kupat-nyert-a-dorog-nemetorszagban\/#primaryimage","url":"https:\/\/dorogimedence.hu\/wp-content\/uploads\/2021\/05\/188084529_501100887983119_1606445761427261818_n.jpg","contentUrl":"https:\/\/dorogimedence.hu\/wp-content\/uploads\/2021\/05\/188084529_501100887983119_1606445761427261818_n.jpg","width":777,"height":583},{"@type":"BreadcrumbList","@id":"https:\/\/dorogimedence.hu\/index.php\/2021\/05\/21\/30-eve-tortent-nemzetkozi-labdarugo-kupat-nyert-a-dorog-nemetorszagban\/#breadcrumb","itemListElement":[{"@type":"ListItem","position":1,"name":"Kezd\u0151lap","item":"https:\/\/dorogimedence.hu\/"},{"@type":"ListItem","position":2,"name":"30 \u00e9ve t\u00f6rt\u00e9nt: Nemzetk\u00f6zi labdar\u00fag\u00f3-kup\u00e1t nyert a Dorog N\u00e9metorsz\u00e1gban"}]},{"@type":"WebSite","@id":"https:\/\/dorogimedence.hu\/#website","url":"https:\/\/dorogimedence.hu\/","name":"Dorogi-medence Region\u00e1lis H\u00edrport\u00e1l","description":"Dorog, Keszt\u00f6lc, Le\u00e1nyv\u00e1r, Piliscs\u00e9v, Tokod, Tokodalt\u00e1r\u00f3, Csolnok, Esztergom-kertv\u00e1ros: h\u00edrek, programok","publisher":{"@id":"https:\/\/dorogimedence.hu\/#organization"},"potentialAction":[{"@type":"SearchAction","target":{"@type":"EntryPoint","urlTemplate":"https:\/\/dorogimedence.hu\/?s={search_term_string}"},"query-input":{"@type":"PropertyValueSpecification","valueRequired":true,"valueName":"search_term_string"}}],"inLanguage":"hu"},{"@type":"Organization","@id":"https:\/\/dorogimedence.hu\/#organization","name":"Dorogi-medence Region\u00e1lis H\u00edrport\u00e1l","url":"https:\/\/dorogimedence.hu\/","logo":{"@type":"ImageObject","inLanguage":"hu","@id":"https:\/\/dorogimedence.hu\/#\/schema\/logo\/image\/","url":"https:\/\/dorogimedence.hu\/wp-content\/uploads\/2021\/04\/logo-feher-600.png","contentUrl":"https:\/\/dorogimedence.hu\/wp-content\/uploads\/2021\/04\/logo-feher-600.png","width":600,"height":100,"caption":"Dorogi-medence Region\u00e1lis H\u00edrport\u00e1l"},"image":{"@id":"https:\/\/dorogimedence.hu\/#\/schema\/logo\/image\/"},"sameAs":["https:\/\/www.facebook.com\/dorogimedence\/"]},{"@type":"Person","@id":"https:\/\/dorogimedence.hu\/#\/schema\/person\/ce6091eeb7e95ecdc87890d6aa8e0fd4","name":"dorogimedence.hu","image":{"@type":"ImageObject","inLanguage":"hu","@id":"\/\/www.gravatar.com\/avatar\/d8d45f8901aadff40a4af72c0b826f1d?s=96&#038;r=g&#038;d=mm","url":"\/\/www.gravatar.com\/avatar\/d8d45f8901aadff40a4af72c0b826f1d?s=96&#038;r=g&#038;d=mm","contentUrl":"\/\/www.gravatar.com\/avatar\/d8d45f8901aadff40a4af72c0b826f1d?s=96&#038;r=g&#038;d=mm","caption":"dorogimedence.hu"}}]}},"_links":{"self":[{"href":"https:\/\/dorogimedence.hu\/index.php\/wp-json\/wp\/v2\/posts\/33223","targetHints":{"allow":["GET"]}}],"collection":[{"href":"https:\/\/dorogimedence.hu\/index.php\/wp-json\/wp\/v2\/posts"}],"about":[{"href":"https:\/\/dorogimedence.hu\/index.php\/wp-json\/wp\/v2\/types\/post"}],"author":[{"embeddable":true,"href":"https:\/\/dorogimedence.hu\/index.php\/wp-json\/wp\/v2\/users\/1"}],"replies":[{"embeddable":true,"href":"https:\/\/dorogimedence.hu\/index.php\/wp-json\/wp\/v2\/comments?post=33223"}],"version-history":[{"count":0,"href":"https:\/\/dorogimedence.hu\/index.php\/wp-json\/wp\/v2\/posts\/33223\/revisions"}],"wp:featuredmedia":[{"embeddable":true,"href":"https:\/\/dorogimedence.hu\/index.php\/wp-json\/wp\/v2\/media\/33240"}],"wp:attachment":[{"href":"https:\/\/dorogimedence.hu\/index.php\/wp-json\/wp\/v2\/media?parent=33223"}],"wp:term":[{"taxonomy":"category","embeddable":true,"href":"https:\/\/dorogimedence.hu\/index.php\/wp-json\/wp\/v2\/categories?post=33223"},{"taxonomy":"post_tag","embeddable":true,"href":"https:\/\/dorogimedence.hu\/index.php\/wp-json\/wp\/v2\/tags?post=33223"}],"curies":[{"name":"wp","href":"https:\/\/api.w.org\/{rel}","templated":true}]}}