{"id":33212,"date":"2021-05-20T15:03:57","date_gmt":"2021-05-20T13:03:57","guid":{"rendered":"https:\/\/dorogimedence.hu\/?p=33212"},"modified":"2021-05-20T15:06:40","modified_gmt":"2021-05-20T13:06:40","slug":"eltunes-miatt-keresik-kodmon-adriant-2","status":"publish","type":"post","link":"https:\/\/dorogimedence.hu\/index.php\/2021\/05\/20\/eltunes-miatt-keresik-kodmon-adriant-2\/","title":{"rendered":"Elt\u0171n\u00e9s miatt keresik K\u00f6dm\u00f6n Adri\u00e1nt"},"content":{"rendered":"<div class=\"lead-text\">\n<p><strong>A Kom\u00e1romi Rend\u0151rkapit\u00e1nys\u00e1g a lakoss\u00e1g seg\u00edts\u00e9g\u00e9t k\u00e9ri az esztergomi sz\u00fclet\u00e9s\u0171 elt\u0171nt fiatal tart\u00f3zkod\u00e1si hely\u00e9nek meg\u00e1llap\u00edt\u00e1sa \u00e9rdek\u00e9ben.<\/strong><\/p>\n<p>A Kom\u00e1romi Rend\u0151rkapit\u00e1nys\u00e1g 11030\/157\/106\/2021. sz\u00e1mon k\u00f6r\u00f6z\u00e9si elj\u00e1r\u00e1st folytat K\u00f6dm\u00f6n Adri\u00e1n elt\u0171n\u00e9se kapcs\u00e1n. A 16 \u00e9ves fi\u00fa 2021. \u00e1prilis 7-\u00e9n t\u00e1vozott a kom\u00e1romi gyermekotthonb\u00f3l, az\u00f3ta ismeretlen helyen tart\u00f3zkodik.<\/p>\n<p>K\u00f6dm\u00f6n Adri\u00e1n 180 centim\u00e9ter magas, k\u00e9k szem\u0171, festett r\u00f6vid haja van. Arca hossz\u00fak\u00e1s, v\u00e9kony testalkat\u00fa. K\u00fcl\u00f6n\u00f6s ismertet\u0151jegye, hogy biceg. Elt\u0171n\u00e9sekor fekete sz\u00edn\u0171 nadr\u00e1got, k\u00e9k pul\u00f3vert, fekete mint\u00e1s sz\u00f6vetkab\u00e1tot \u00e9s feh\u00e9r cip\u0151t viselt.<\/p>\n<p>A Kom\u00e1romi Rend\u0151rkapit\u00e1nys\u00e1g v\u00e1rja azok jelentkez\u00e9s\u00e9t, akik a k\u00e9pen l\u00e1that\u00f3 szem\u00e9ly tart\u00f3zkod\u00e1si hely\u00e9vel kapcsolatban b\u00e1rmilyen inform\u00e1ci\u00f3val rendelkeznek. Bejelent\u00e9s tehet\u0151 a 06\/34-517-777-es telefonsz\u00e1mon, illetve n\u00e9vtelens\u00e9g meg\u0151rz\u00e9se mellett az ingyenesen h\u00edvhat\u00f3 06-80-555-111 Telefontan\u00fa z\u00f6ldsz\u00e1m\u00e1n, valamint a 112-es k\u00f6zponti seg\u00e9lyh\u00edv\u00f3 telefonsz\u00e1mon.<\/p>\n<p><a href=\"http:\/\/www.police.hu\/hu\/koral\/eltunt-szemelyek\/556181\" target=\"_blank\" rel=\"noopener\"><span style=\"text-decoration: underline; color: #0000ff;\">Az elt\u0171nt szem\u00e9ly adatlapja&gt;&gt;<\/span><\/a><\/p>\n<p><em>Fot\u00f3, forr\u00e1s: police.hu<\/em><\/p>\n<\/div>\n","protected":false},"excerpt":{"rendered":"<p>A Kom\u00e1romi Rend\u0151rkapit\u00e1nys\u00e1g a lakoss\u00e1g seg\u00edts\u00e9g\u00e9t k\u00e9ri az esztergomi sz\u00fclet\u00e9s\u0171 elt\u0171nt fiatal tart\u00f3zkod\u00e1si hely\u00e9nek meg\u00e1llap\u00edt\u00e1sa \u00e9rdek\u00e9ben. A Kom\u00e1romi Rend\u0151rkapit\u00e1nys\u00e1g 11030\/157\/106\/2021. sz\u00e1mon k\u00f6r\u00f6z\u00e9si elj\u00e1r\u00e1st folytat K\u00f6dm\u00f6n Adri\u00e1n elt\u0171n\u00e9se kapcs\u00e1n. A 16 \u00e9ves fi\u00fa 2021. \u00e1prilis 7-\u00e9n t\u00e1vozott a kom\u00e1romi gyermekotthonb\u00f3l, az\u00f3ta ismeretlen helyen tart\u00f3zkodik. K\u00f6dm\u00f6n Adri\u00e1n 180 centim\u00e9ter magas, k\u00e9k szem\u0171, festett r\u00f6vid haja van. Arca<\/p>\n","protected":false},"author":1,"featured_media":31640,"comment_status":"closed","ping_status":"closed","sticky":false,"template":"","format":"standard","meta":{"ngg_post_thumbnail":0,"footnotes":""},"categories":[3,39],"tags":[427,106],"class_list":{"0":"post-33212","1":"post","2":"type-post","3":"status-publish","4":"format-standard","5":"has-post-thumbnail","7":"category-hirek","8":"category-kek-hirek","9":"tag-eltunt-szemely","10":"tag-korozes"},"yoast_head":"<!-- This site is optimized with the Yoast SEO plugin v27.5 - https:\/\/yoast.com\/product\/yoast-seo-wordpress\/ -->\n<title>Elt\u0171n\u00e9s miatt keresik K\u00f6dm\u00f6n Adri\u00e1nt<\/title>\n<meta name=\"robots\" content=\"index, follow, max-snippet:-1, max-image-preview:large, max-video-preview:-1\" \/>\n<link rel=\"canonical\" href=\"https:\/\/dorogimedence.hu\/index.php\/2021\/05\/20\/eltunes-miatt-keresik-kodmon-adriant-2\/\" class=\"yoast-seo-meta-tag\" \/>\n<meta property=\"og:locale\" content=\"hu_HU\" class=\"yoast-seo-meta-tag\" \/>\n<meta property=\"og:type\" content=\"article\" class=\"yoast-seo-meta-tag\" \/>\n<meta property=\"og:title\" content=\"Elt\u0171n\u00e9s miatt keresik K\u00f6dm\u00f6n Adri\u00e1nt\" class=\"yoast-seo-meta-tag\" \/>\n<meta property=\"og:description\" content=\"A Kom\u00e1romi Rend\u0151rkapit\u00e1nys\u00e1g a lakoss\u00e1g seg\u00edts\u00e9g\u00e9t k\u00e9ri az esztergomi sz\u00fclet\u00e9s\u0171 elt\u0171nt fiatal tart\u00f3zkod\u00e1si hely\u00e9nek meg\u00e1llap\u00edt\u00e1sa \u00e9rdek\u00e9ben. A Kom\u00e1romi Rend\u0151rkapit\u00e1nys\u00e1g 11030\/157\/106\/2021. sz\u00e1mon k\u00f6r\u00f6z\u00e9si elj\u00e1r\u00e1st folytat K\u00f6dm\u00f6n Adri\u00e1n elt\u0171n\u00e9se kapcs\u00e1n. A 16 \u00e9ves fi\u00fa 2021. \u00e1prilis 7-\u00e9n t\u00e1vozott a kom\u00e1romi gyermekotthonb\u00f3l, az\u00f3ta ismeretlen helyen tart\u00f3zkodik. K\u00f6dm\u00f6n Adri\u00e1n 180 centim\u00e9ter magas, k\u00e9k szem\u0171, festett r\u00f6vid haja van. Arca\" class=\"yoast-seo-meta-tag\" \/>\n<meta property=\"og:url\" content=\"https:\/\/dorogimedence.hu\/index.php\/2021\/05\/20\/eltunes-miatt-keresik-kodmon-adriant-2\/\" class=\"yoast-seo-meta-tag\" \/>\n<meta property=\"og:site_name\" content=\"Dorogi-medence Region\u00e1lis H\u00edrport\u00e1l\" class=\"yoast-seo-meta-tag\" \/>\n<meta property=\"article:publisher\" content=\"https:\/\/www.facebook.com\/dorogimedence\/\" class=\"yoast-seo-meta-tag\" \/>\n<meta property=\"article:published_time\" content=\"2021-05-20T13:03:57+00:00\" class=\"yoast-seo-meta-tag\" \/>\n<meta property=\"article:modified_time\" content=\"2021-05-20T13:06:40+00:00\" class=\"yoast-seo-meta-tag\" \/>\n<meta property=\"og:image\" content=\"https:\/\/i0.wp.com\/dorogimedence.hu\/wp-content\/uploads\/2021\/04\/kodmon-adrian.jpg?fit=830%2C450&ssl=1\" class=\"yoast-seo-meta-tag\" \/>\n\t<meta property=\"og:image:width\" content=\"830\" class=\"yoast-seo-meta-tag\" \/>\n\t<meta property=\"og:image:height\" content=\"450\" class=\"yoast-seo-meta-tag\" \/>\n\t<meta property=\"og:image:type\" content=\"image\/jpeg\" class=\"yoast-seo-meta-tag\" \/>\n<meta name=\"author\" content=\"dorogimedence.hu\" class=\"yoast-seo-meta-tag\" \/>\n<meta name=\"twitter:card\" content=\"summary_large_image\" class=\"yoast-seo-meta-tag\" \/>\n<meta name=\"twitter:label1\" content=\"Szerz\u0151:\" class=\"yoast-seo-meta-tag\" \/>\n\t<meta name=\"twitter:data1\" content=\"dorogimedence.hu\" class=\"yoast-seo-meta-tag\" \/>\n\t<meta name=\"twitter:label2\" content=\"Becs\u00fclt olvas\u00e1si id\u0151\" class=\"yoast-seo-meta-tag\" \/>\n\t<meta name=\"twitter:data2\" content=\"1 perc\" class=\"yoast-seo-meta-tag\" \/>\n<script type=\"application\/ld+json\" class=\"yoast-schema-graph\">{\"@context\":\"https:\\\/\\\/schema.org\",\"@graph\":[{\"@type\":\"Article\",\"@id\":\"https:\\\/\\\/dorogimedence.hu\\\/index.php\\\/2021\\\/05\\\/20\\\/eltunes-miatt-keresik-kodmon-adriant-2\\\/#article\",\"isPartOf\":{\"@id\":\"https:\\\/\\\/dorogimedence.hu\\\/index.php\\\/2021\\\/05\\\/20\\\/eltunes-miatt-keresik-kodmon-adriant-2\\\/\"},\"author\":{\"name\":\"dorogimedence.hu\",\"@id\":\"https:\\\/\\\/dorogimedence.hu\\\/#\\\/schema\\\/person\\\/ce6091eeb7e95ecdc87890d6aa8e0fd4\"},\"headline\":\"Elt\u0171n\u00e9s miatt keresik K\u00f6dm\u00f6n Adri\u00e1nt\",\"datePublished\":\"2021-05-20T13:03:57+00:00\",\"dateModified\":\"2021-05-20T13:06:40+00:00\",\"mainEntityOfPage\":{\"@id\":\"https:\\\/\\\/dorogimedence.hu\\\/index.php\\\/2021\\\/05\\\/20\\\/eltunes-miatt-keresik-kodmon-adriant-2\\\/\"},\"wordCount\":231,\"publisher\":{\"@id\":\"https:\\\/\\\/dorogimedence.hu\\\/#organization\"},\"image\":{\"@id\":\"https:\\\/\\\/dorogimedence.hu\\\/index.php\\\/2021\\\/05\\\/20\\\/eltunes-miatt-keresik-kodmon-adriant-2\\\/#primaryimage\"},\"thumbnailUrl\":\"https:\\\/\\\/dorogimedence.hu\\\/wp-content\\\/uploads\\\/2021\\\/04\\\/kodmon-adrian.jpg\",\"keywords\":[\"elt\u0171nt szem\u00e9ly\",\"k\u00f6r\u00f6z\u00e9s\"],\"articleSection\":[\"H\u00edrek\",\"K\u00e9k h\u00edrek\"],\"inLanguage\":\"hu\"},{\"@type\":\"WebPage\",\"@id\":\"https:\\\/\\\/dorogimedence.hu\\\/index.php\\\/2021\\\/05\\\/20\\\/eltunes-miatt-keresik-kodmon-adriant-2\\\/\",\"url\":\"https:\\\/\\\/dorogimedence.hu\\\/index.php\\\/2021\\\/05\\\/20\\\/eltunes-miatt-keresik-kodmon-adriant-2\\\/\",\"name\":\"Elt\u0171n\u00e9s miatt keresik K\u00f6dm\u00f6n Adri\u00e1nt\",\"isPartOf\":{\"@id\":\"https:\\\/\\\/dorogimedence.hu\\\/#website\"},\"primaryImageOfPage\":{\"@id\":\"https:\\\/\\\/dorogimedence.hu\\\/index.php\\\/2021\\\/05\\\/20\\\/eltunes-miatt-keresik-kodmon-adriant-2\\\/#primaryimage\"},\"image\":{\"@id\":\"https:\\\/\\\/dorogimedence.hu\\\/index.php\\\/2021\\\/05\\\/20\\\/eltunes-miatt-keresik-kodmon-adriant-2\\\/#primaryimage\"},\"thumbnailUrl\":\"https:\\\/\\\/dorogimedence.hu\\\/wp-content\\\/uploads\\\/2021\\\/04\\\/kodmon-adrian.jpg\",\"datePublished\":\"2021-05-20T13:03:57+00:00\",\"dateModified\":\"2021-05-20T13:06:40+00:00\",\"breadcrumb\":{\"@id\":\"https:\\\/\\\/dorogimedence.hu\\\/index.php\\\/2021\\\/05\\\/20\\\/eltunes-miatt-keresik-kodmon-adriant-2\\\/#breadcrumb\"},\"inLanguage\":\"hu\",\"potentialAction\":[{\"@type\":\"ReadAction\",\"target\":[\"https:\\\/\\\/dorogimedence.hu\\\/index.php\\\/2021\\\/05\\\/20\\\/eltunes-miatt-keresik-kodmon-adriant-2\\\/\"]}]},{\"@type\":\"ImageObject\",\"inLanguage\":\"hu\",\"@id\":\"https:\\\/\\\/dorogimedence.hu\\\/index.php\\\/2021\\\/05\\\/20\\\/eltunes-miatt-keresik-kodmon-adriant-2\\\/#primaryimage\",\"url\":\"https:\\\/\\\/dorogimedence.hu\\\/wp-content\\\/uploads\\\/2021\\\/04\\\/kodmon-adrian.jpg\",\"contentUrl\":\"https:\\\/\\\/dorogimedence.hu\\\/wp-content\\\/uploads\\\/2021\\\/04\\\/kodmon-adrian.jpg\",\"width\":830,\"height\":450},{\"@type\":\"BreadcrumbList\",\"@id\":\"https:\\\/\\\/dorogimedence.hu\\\/index.php\\\/2021\\\/05\\\/20\\\/eltunes-miatt-keresik-kodmon-adriant-2\\\/#breadcrumb\",\"itemListElement\":[{\"@type\":\"ListItem\",\"position\":1,\"name\":\"Kezd\u0151lap\",\"item\":\"https:\\\/\\\/dorogimedence.hu\\\/\"},{\"@type\":\"ListItem\",\"position\":2,\"name\":\"Elt\u0171n\u00e9s miatt keresik K\u00f6dm\u00f6n Adri\u00e1nt\"}]},{\"@type\":\"WebSite\",\"@id\":\"https:\\\/\\\/dorogimedence.hu\\\/#website\",\"url\":\"https:\\\/\\\/dorogimedence.hu\\\/\",\"name\":\"Dorogi-medence Region\u00e1lis H\u00edrport\u00e1l\",\"description\":\"Dorog, Keszt\u00f6lc, Le\u00e1nyv\u00e1r, Piliscs\u00e9v, Tokod, Tokodalt\u00e1r\u00f3, Csolnok, Esztergom-kertv\u00e1ros: h\u00edrek, programok\",\"publisher\":{\"@id\":\"https:\\\/\\\/dorogimedence.hu\\\/#organization\"},\"potentialAction\":[{\"@type\":\"SearchAction\",\"target\":{\"@type\":\"EntryPoint\",\"urlTemplate\":\"https:\\\/\\\/dorogimedence.hu\\\/?s={search_term_string}\"},\"query-input\":{\"@type\":\"PropertyValueSpecification\",\"valueRequired\":true,\"valueName\":\"search_term_string\"}}],\"inLanguage\":\"hu\"},{\"@type\":\"Organization\",\"@id\":\"https:\\\/\\\/dorogimedence.hu\\\/#organization\",\"name\":\"Dorogi-medence Region\u00e1lis H\u00edrport\u00e1l\",\"url\":\"https:\\\/\\\/dorogimedence.hu\\\/\",\"logo\":{\"@type\":\"ImageObject\",\"inLanguage\":\"hu\",\"@id\":\"https:\\\/\\\/dorogimedence.hu\\\/#\\\/schema\\\/logo\\\/image\\\/\",\"url\":\"https:\\\/\\\/dorogimedence.hu\\\/wp-content\\\/uploads\\\/2021\\\/04\\\/logo-feher-600.png\",\"contentUrl\":\"https:\\\/\\\/dorogimedence.hu\\\/wp-content\\\/uploads\\\/2021\\\/04\\\/logo-feher-600.png\",\"width\":600,\"height\":100,\"caption\":\"Dorogi-medence Region\u00e1lis H\u00edrport\u00e1l\"},\"image\":{\"@id\":\"https:\\\/\\\/dorogimedence.hu\\\/#\\\/schema\\\/logo\\\/image\\\/\"},\"sameAs\":[\"https:\\\/\\\/www.facebook.com\\\/dorogimedence\\\/\"]},{\"@type\":\"Person\",\"@id\":\"https:\\\/\\\/dorogimedence.hu\\\/#\\\/schema\\\/person\\\/ce6091eeb7e95ecdc87890d6aa8e0fd4\",\"name\":\"dorogimedence.hu\",\"image\":{\"@type\":\"ImageObject\",\"inLanguage\":\"hu\",\"@id\":\"\\\/\\\/www.gravatar.com\\\/avatar\\\/d8d45f8901aadff40a4af72c0b826f1d?s=96&#038;r=g&#038;d=mm\",\"url\":\"\\\/\\\/www.gravatar.com\\\/avatar\\\/d8d45f8901aadff40a4af72c0b826f1d?s=96&#038;r=g&#038;d=mm\",\"contentUrl\":\"\\\/\\\/www.gravatar.com\\\/avatar\\\/d8d45f8901aadff40a4af72c0b826f1d?s=96&#038;r=g&#038;d=mm\",\"caption\":\"dorogimedence.hu\"}}]}<\/script>\n<!-- \/ Yoast SEO plugin. -->","yoast_head_json":{"title":"Elt\u0171n\u00e9s miatt keresik K\u00f6dm\u00f6n Adri\u00e1nt","robots":{"index":"index","follow":"follow","max-snippet":"max-snippet:-1","max-image-preview":"max-image-preview:large","max-video-preview":"max-video-preview:-1"},"canonical":"https:\/\/dorogimedence.hu\/index.php\/2021\/05\/20\/eltunes-miatt-keresik-kodmon-adriant-2\/","og_locale":"hu_HU","og_type":"article","og_title":"Elt\u0171n\u00e9s miatt keresik K\u00f6dm\u00f6n Adri\u00e1nt","og_description":"A Kom\u00e1romi Rend\u0151rkapit\u00e1nys\u00e1g a lakoss\u00e1g seg\u00edts\u00e9g\u00e9t k\u00e9ri az esztergomi sz\u00fclet\u00e9s\u0171 elt\u0171nt fiatal tart\u00f3zkod\u00e1si hely\u00e9nek meg\u00e1llap\u00edt\u00e1sa \u00e9rdek\u00e9ben. A Kom\u00e1romi Rend\u0151rkapit\u00e1nys\u00e1g 11030\/157\/106\/2021. sz\u00e1mon k\u00f6r\u00f6z\u00e9si elj\u00e1r\u00e1st folytat K\u00f6dm\u00f6n Adri\u00e1n elt\u0171n\u00e9se kapcs\u00e1n. A 16 \u00e9ves fi\u00fa 2021. \u00e1prilis 7-\u00e9n t\u00e1vozott a kom\u00e1romi gyermekotthonb\u00f3l, az\u00f3ta ismeretlen helyen tart\u00f3zkodik. K\u00f6dm\u00f6n Adri\u00e1n 180 centim\u00e9ter magas, k\u00e9k szem\u0171, festett r\u00f6vid haja van. Arca","og_url":"https:\/\/dorogimedence.hu\/index.php\/2021\/05\/20\/eltunes-miatt-keresik-kodmon-adriant-2\/","og_site_name":"Dorogi-medence Region\u00e1lis H\u00edrport\u00e1l","article_publisher":"https:\/\/www.facebook.com\/dorogimedence\/","article_published_time":"2021-05-20T13:03:57+00:00","article_modified_time":"2021-05-20T13:06:40+00:00","og_image":[{"width":830,"height":450,"url":"https:\/\/i0.wp.com\/dorogimedence.hu\/wp-content\/uploads\/2021\/04\/kodmon-adrian.jpg?fit=830%2C450&ssl=1","type":"image\/jpeg"}],"author":"dorogimedence.hu","twitter_card":"summary_large_image","twitter_misc":{"Szerz\u0151:":"dorogimedence.hu","Becs\u00fclt olvas\u00e1si id\u0151":"1 perc"},"schema":{"@context":"https:\/\/schema.org","@graph":[{"@type":"Article","@id":"https:\/\/dorogimedence.hu\/index.php\/2021\/05\/20\/eltunes-miatt-keresik-kodmon-adriant-2\/#article","isPartOf":{"@id":"https:\/\/dorogimedence.hu\/index.php\/2021\/05\/20\/eltunes-miatt-keresik-kodmon-adriant-2\/"},"author":{"name":"dorogimedence.hu","@id":"https:\/\/dorogimedence.hu\/#\/schema\/person\/ce6091eeb7e95ecdc87890d6aa8e0fd4"},"headline":"Elt\u0171n\u00e9s miatt keresik K\u00f6dm\u00f6n Adri\u00e1nt","datePublished":"2021-05-20T13:03:57+00:00","dateModified":"2021-05-20T13:06:40+00:00","mainEntityOfPage":{"@id":"https:\/\/dorogimedence.hu\/index.php\/2021\/05\/20\/eltunes-miatt-keresik-kodmon-adriant-2\/"},"wordCount":231,"publisher":{"@id":"https:\/\/dorogimedence.hu\/#organization"},"image":{"@id":"https:\/\/dorogimedence.hu\/index.php\/2021\/05\/20\/eltunes-miatt-keresik-kodmon-adriant-2\/#primaryimage"},"thumbnailUrl":"https:\/\/dorogimedence.hu\/wp-content\/uploads\/2021\/04\/kodmon-adrian.jpg","keywords":["elt\u0171nt szem\u00e9ly","k\u00f6r\u00f6z\u00e9s"],"articleSection":["H\u00edrek","K\u00e9k h\u00edrek"],"inLanguage":"hu"},{"@type":"WebPage","@id":"https:\/\/dorogimedence.hu\/index.php\/2021\/05\/20\/eltunes-miatt-keresik-kodmon-adriant-2\/","url":"https:\/\/dorogimedence.hu\/index.php\/2021\/05\/20\/eltunes-miatt-keresik-kodmon-adriant-2\/","name":"Elt\u0171n\u00e9s miatt keresik K\u00f6dm\u00f6n Adri\u00e1nt","isPartOf":{"@id":"https:\/\/dorogimedence.hu\/#website"},"primaryImageOfPage":{"@id":"https:\/\/dorogimedence.hu\/index.php\/2021\/05\/20\/eltunes-miatt-keresik-kodmon-adriant-2\/#primaryimage"},"image":{"@id":"https:\/\/dorogimedence.hu\/index.php\/2021\/05\/20\/eltunes-miatt-keresik-kodmon-adriant-2\/#primaryimage"},"thumbnailUrl":"https:\/\/dorogimedence.hu\/wp-content\/uploads\/2021\/04\/kodmon-adrian.jpg","datePublished":"2021-05-20T13:03:57+00:00","dateModified":"2021-05-20T13:06:40+00:00","breadcrumb":{"@id":"https:\/\/dorogimedence.hu\/index.php\/2021\/05\/20\/eltunes-miatt-keresik-kodmon-adriant-2\/#breadcrumb"},"inLanguage":"hu","potentialAction":[{"@type":"ReadAction","target":["https:\/\/dorogimedence.hu\/index.php\/2021\/05\/20\/eltunes-miatt-keresik-kodmon-adriant-2\/"]}]},{"@type":"ImageObject","inLanguage":"hu","@id":"https:\/\/dorogimedence.hu\/index.php\/2021\/05\/20\/eltunes-miatt-keresik-kodmon-adriant-2\/#primaryimage","url":"https:\/\/dorogimedence.hu\/wp-content\/uploads\/2021\/04\/kodmon-adrian.jpg","contentUrl":"https:\/\/dorogimedence.hu\/wp-content\/uploads\/2021\/04\/kodmon-adrian.jpg","width":830,"height":450},{"@type":"BreadcrumbList","@id":"https:\/\/dorogimedence.hu\/index.php\/2021\/05\/20\/eltunes-miatt-keresik-kodmon-adriant-2\/#breadcrumb","itemListElement":[{"@type":"ListItem","position":1,"name":"Kezd\u0151lap","item":"https:\/\/dorogimedence.hu\/"},{"@type":"ListItem","position":2,"name":"Elt\u0171n\u00e9s miatt keresik K\u00f6dm\u00f6n Adri\u00e1nt"}]},{"@type":"WebSite","@id":"https:\/\/dorogimedence.hu\/#website","url":"https:\/\/dorogimedence.hu\/","name":"Dorogi-medence Region\u00e1lis H\u00edrport\u00e1l","description":"Dorog, Keszt\u00f6lc, Le\u00e1nyv\u00e1r, Piliscs\u00e9v, Tokod, Tokodalt\u00e1r\u00f3, Csolnok, Esztergom-kertv\u00e1ros: h\u00edrek, programok","publisher":{"@id":"https:\/\/dorogimedence.hu\/#organization"},"potentialAction":[{"@type":"SearchAction","target":{"@type":"EntryPoint","urlTemplate":"https:\/\/dorogimedence.hu\/?s={search_term_string}"},"query-input":{"@type":"PropertyValueSpecification","valueRequired":true,"valueName":"search_term_string"}}],"inLanguage":"hu"},{"@type":"Organization","@id":"https:\/\/dorogimedence.hu\/#organization","name":"Dorogi-medence Region\u00e1lis H\u00edrport\u00e1l","url":"https:\/\/dorogimedence.hu\/","logo":{"@type":"ImageObject","inLanguage":"hu","@id":"https:\/\/dorogimedence.hu\/#\/schema\/logo\/image\/","url":"https:\/\/dorogimedence.hu\/wp-content\/uploads\/2021\/04\/logo-feher-600.png","contentUrl":"https:\/\/dorogimedence.hu\/wp-content\/uploads\/2021\/04\/logo-feher-600.png","width":600,"height":100,"caption":"Dorogi-medence Region\u00e1lis H\u00edrport\u00e1l"},"image":{"@id":"https:\/\/dorogimedence.hu\/#\/schema\/logo\/image\/"},"sameAs":["https:\/\/www.facebook.com\/dorogimedence\/"]},{"@type":"Person","@id":"https:\/\/dorogimedence.hu\/#\/schema\/person\/ce6091eeb7e95ecdc87890d6aa8e0fd4","name":"dorogimedence.hu","image":{"@type":"ImageObject","inLanguage":"hu","@id":"\/\/www.gravatar.com\/avatar\/d8d45f8901aadff40a4af72c0b826f1d?s=96&#038;r=g&#038;d=mm","url":"\/\/www.gravatar.com\/avatar\/d8d45f8901aadff40a4af72c0b826f1d?s=96&#038;r=g&#038;d=mm","contentUrl":"\/\/www.gravatar.com\/avatar\/d8d45f8901aadff40a4af72c0b826f1d?s=96&#038;r=g&#038;d=mm","caption":"dorogimedence.hu"}}]}},"_links":{"self":[{"href":"https:\/\/dorogimedence.hu\/index.php\/wp-json\/wp\/v2\/posts\/33212","targetHints":{"allow":["GET"]}}],"collection":[{"href":"https:\/\/dorogimedence.hu\/index.php\/wp-json\/wp\/v2\/posts"}],"about":[{"href":"https:\/\/dorogimedence.hu\/index.php\/wp-json\/wp\/v2\/types\/post"}],"author":[{"embeddable":true,"href":"https:\/\/dorogimedence.hu\/index.php\/wp-json\/wp\/v2\/users\/1"}],"replies":[{"embeddable":true,"href":"https:\/\/dorogimedence.hu\/index.php\/wp-json\/wp\/v2\/comments?post=33212"}],"version-history":[{"count":0,"href":"https:\/\/dorogimedence.hu\/index.php\/wp-json\/wp\/v2\/posts\/33212\/revisions"}],"wp:featuredmedia":[{"embeddable":true,"href":"https:\/\/dorogimedence.hu\/index.php\/wp-json\/wp\/v2\/media\/31640"}],"wp:attachment":[{"href":"https:\/\/dorogimedence.hu\/index.php\/wp-json\/wp\/v2\/media?parent=33212"}],"wp:term":[{"taxonomy":"category","embeddable":true,"href":"https:\/\/dorogimedence.hu\/index.php\/wp-json\/wp\/v2\/categories?post=33212"},{"taxonomy":"post_tag","embeddable":true,"href":"https:\/\/dorogimedence.hu\/index.php\/wp-json\/wp\/v2\/tags?post=33212"}],"curies":[{"name":"wp","href":"https:\/\/api.w.org\/{rel}","templated":true}]}}