{"id":33109,"date":"2021-05-17T06:59:26","date_gmt":"2021-05-17T04:59:26","guid":{"rendered":"https:\/\/dorogimedence.hu\/?p=33109"},"modified":"2021-05-17T06:59:55","modified_gmt":"2021-05-17T04:59:55","slug":"letartoztattak-az-egyik-femtolvajt","status":"publish","type":"post","link":"https:\/\/dorogimedence.hu\/index.php\/2021\/05\/17\/letartoztattak-az-egyik-femtolvajt\/","title":{"rendered":"Letart\u00f3ztatt\u00e1k az egyik f\u00e9mtolvajt"},"content":{"rendered":"<p><strong>A Kom\u00e1rom-Esztergom Megyei F\u0151\u00fcgy\u00e9szs\u00e9g \u00fcgyeletes \u00fcgy\u00e9sze eredm\u00e9nyesen ind\u00edtv\u00e1nyozta annak a f\u00e9rfinak a letart\u00f3ztat\u00e1s\u00e1t, aki t\u00e1rs\u00e1val egy <a href=\"https:\/\/dorogimedence.hu\/index.php\/2021\/05\/15\/domoson-fogtak-el-a-rezcsotolvajokat\/\" target=\"_blank\" rel=\"noopener\"><span style=\"text-decoration: underline; color: #0000ff;\">pilismar\u00f3ti \u00fczemb\u0151l<\/span><\/a> r\u00e9zb\u0151l k\u00e9sz\u00fclt anyagokat tulajdon\u00edtott el.<\/strong><\/p>\n<p>Az ind\u00edtv\u00e1ny szerint k\u00e9t f\u00e9rfi 2021. m\u00e1jus 13-\u00e1n&nbsp;22 \u00e9s 23 \u00f3ra k\u00f6z\u00f6tti id\u0151ben egy pilismar\u00f3ti telephelyre \u00fagy hatoltak be, hogy az \u00fczem csarnok\u00e1nak ajtaj\u00e1t felfesz\u00edtett\u00e9k, \u00e9s onnan eltulajdon\u00edtottak \u00f6sszesen 201.000 Ft \u00e9rt\u00e9kben r\u00e9zcs\u00f6veket, r\u00e9zszalagot, r\u00e9zkorongokat \u00e9s r\u00e9z k\u00e1belv\u00e9geket, r\u00e9z goly\u00f3s csapot, r\u00e9z csapokat, \u00e9s 1 darab sz\u00fcrke m\u0171anyag l\u00e1d\u00e1t.<\/p>\n<p><img fetchpriority=\"high\" decoding=\"async\" class=\"alignnone size-full wp-image-33089\" src=\"https:\/\/dorogimedence.hu\/wp-content\/uploads\/2021\/05\/Screenshot_5.png\" alt=\"\" width=\"757\" height=\"500\" srcset=\"https:\/\/dorogimedence.hu\/wp-content\/uploads\/2021\/05\/Screenshot_5.png 757w, https:\/\/dorogimedence.hu\/wp-content\/uploads\/2021\/05\/Screenshot_5-300x198.png 300w, https:\/\/dorogimedence.hu\/wp-content\/uploads\/2021\/05\/Screenshot_5-150x99.png 150w, https:\/\/dorogimedence.hu\/wp-content\/uploads\/2021\/05\/Screenshot_5-450x297.png 450w\" sizes=\"(max-width: 757px) 100vw, 757px\" \/><\/p>\n<p>Az elk\u00f6vet\u0151ket a bet\u00f6r\u00e9st k\u00f6vet\u0151en 2021. m\u00e1jus 14-\u00e9n 4 \u00f3ra 5 perckor a lopott anyagok sz\u00e1ll\u00edt\u00e1sa k\u00f6zben D\u00f6m\u00f6s\u00f6n \u00e1ll\u00edtott\u00e1k meg \u00e9s fogt\u00e1k el az esztergomi rend\u0151rj\u00e1r\u0151r\u00f6k.<\/p>\n<p>Az \u00fcgy\u00e9szs\u00e9g az egyik f\u00e9rfi letart\u00f3ztat\u00e1s\u00e1ra tett ind\u00edtv\u00e1nyt, amely szerint vele szemben fenn\u00e1ll a b\u0171nism\u00e9tl\u00e9s vesz\u00e9lye, \u00e9s az elj\u00e1r\u00e1s megnehez\u00edt\u00e9s\u00e9nek a vesz\u00e9lye.<\/p>\n<p><img decoding=\"async\" class=\"alignnone size-full wp-image-33088\" src=\"https:\/\/dorogimedence.hu\/wp-content\/uploads\/2021\/05\/Screenshot_2.png\" alt=\"\" width=\"754\" height=\"500\" srcset=\"https:\/\/dorogimedence.hu\/wp-content\/uploads\/2021\/05\/Screenshot_2.png 754w, https:\/\/dorogimedence.hu\/wp-content\/uploads\/2021\/05\/Screenshot_2-300x199.png 300w, https:\/\/dorogimedence.hu\/wp-content\/uploads\/2021\/05\/Screenshot_2-150x99.png 150w, https:\/\/dorogimedence.hu\/wp-content\/uploads\/2021\/05\/Screenshot_2-450x298.png 450w\" sizes=\"(max-width: 754px) 100vw, 754px\" \/><\/p>\n<p>Az \u00fcgyeletes \u00fcgy\u00e9sz ind\u00edtv\u00e1ny\u00e1ra az Esztergomi J\u00e1r\u00e1sb\u00edr\u00f3s\u00e1g&nbsp;nyomoz\u00e1si b\u00edr\u00e1ja 2021. m\u00e1jus 16-\u00e1n tartott \u00fcl\u00e9st, azon a f\u00e9rfit meghallgatta, azt k\u00f6vet\u0151en hozta meg v\u00e9gz\u00e9s\u00e9t.<\/p>\n<p>A b\u00edr\u00f3s\u00e1g a v\u00e9gz\u00e9sben a f\u00e9rfi letart\u00f3ztat\u00e1s\u00e1t egy h\u00f3napra elrendelte. A v\u00e9gz\u00e9st az \u00fcgy\u00e9sz tudom\u00e1sul vette, a f\u00e9rfi fellebbez\u00e9st jelentett be.<\/p>\n<p><em>Forr\u00e1s: Kom\u00e1rom-Esztergom Megyei F\u0151\u00fcgy\u00e9szs\u00e9g Sajt\u00f3<br \/>\nFot\u00f3k: police.hu<\/em><\/p>\n","protected":false},"excerpt":{"rendered":"<p>A Kom\u00e1rom-Esztergom Megyei F\u0151\u00fcgy\u00e9szs\u00e9g \u00fcgyeletes \u00fcgy\u00e9sze eredm\u00e9nyesen ind\u00edtv\u00e1nyozta annak a f\u00e9rfinak a letart\u00f3ztat\u00e1s\u00e1t, aki t\u00e1rs\u00e1val egy pilismar\u00f3ti \u00fczemb\u0151l r\u00e9zb\u0151l k\u00e9sz\u00fclt anyagokat tulajdon\u00edtott el. Az ind\u00edtv\u00e1ny szerint k\u00e9t f\u00e9rfi 2021. m\u00e1jus 13-\u00e1n&nbsp;22 \u00e9s 23 \u00f3ra k\u00f6z\u00f6tti id\u0151ben egy pilismar\u00f3ti telephelyre \u00fagy hatoltak be, hogy az \u00fczem csarnok\u00e1nak ajtaj\u00e1t felfesz\u00edtett\u00e9k, \u00e9s onnan eltulajdon\u00edtottak \u00f6sszesen 201.000 Ft \u00e9rt\u00e9kben<\/p>\n","protected":false},"author":1,"featured_media":33090,"comment_status":"closed","ping_status":"closed","sticky":false,"template":"","format":"standard","meta":{"ngg_post_thumbnail":0,"footnotes":""},"categories":[3,39],"tags":[1042,876,447,480,61,326],"class_list":{"0":"post-33109","1":"post","2":"type-post","3":"status-publish","4":"format-standard","5":"has-post-thumbnail","7":"category-hirek","8":"category-kek-hirek","9":"tag-birosag","10":"tag-domos","11":"tag-lopas","12":"tag-pilismarot","13":"tag-rendorsegi-hirek","14":"tag-ugyeszseg"},"yoast_head":"<!-- This site is optimized with the Yoast SEO plugin v27.5 - https:\/\/yoast.com\/product\/yoast-seo-wordpress\/ -->\n<title>Letart\u00f3ztatt\u00e1k az egyik f\u00e9mtolvajt<\/title>\n<meta name=\"robots\" content=\"index, follow, max-snippet:-1, max-image-preview:large, max-video-preview:-1\" \/>\n<link rel=\"canonical\" href=\"https:\/\/dorogimedence.hu\/index.php\/2021\/05\/17\/letartoztattak-az-egyik-femtolvajt\/\" class=\"yoast-seo-meta-tag\" \/>\n<meta property=\"og:locale\" content=\"hu_HU\" class=\"yoast-seo-meta-tag\" \/>\n<meta property=\"og:type\" content=\"article\" class=\"yoast-seo-meta-tag\" \/>\n<meta property=\"og:title\" content=\"Letart\u00f3ztatt\u00e1k az egyik f\u00e9mtolvajt\" class=\"yoast-seo-meta-tag\" \/>\n<meta property=\"og:description\" content=\"A Kom\u00e1rom-Esztergom Megyei F\u0151\u00fcgy\u00e9szs\u00e9g \u00fcgyeletes \u00fcgy\u00e9sze eredm\u00e9nyesen ind\u00edtv\u00e1nyozta annak a f\u00e9rfinak a letart\u00f3ztat\u00e1s\u00e1t, aki t\u00e1rs\u00e1val egy pilismar\u00f3ti \u00fczemb\u0151l r\u00e9zb\u0151l k\u00e9sz\u00fclt anyagokat tulajdon\u00edtott el. Az ind\u00edtv\u00e1ny szerint k\u00e9t f\u00e9rfi 2021. m\u00e1jus 13-\u00e1n&nbsp;22 \u00e9s 23 \u00f3ra k\u00f6z\u00f6tti id\u0151ben egy pilismar\u00f3ti telephelyre \u00fagy hatoltak be, hogy az \u00fczem csarnok\u00e1nak ajtaj\u00e1t felfesz\u00edtett\u00e9k, \u00e9s onnan eltulajdon\u00edtottak \u00f6sszesen 201.000 Ft \u00e9rt\u00e9kben\" class=\"yoast-seo-meta-tag\" \/>\n<meta property=\"og:url\" content=\"https:\/\/dorogimedence.hu\/index.php\/2021\/05\/17\/letartoztattak-az-egyik-femtolvajt\/\" class=\"yoast-seo-meta-tag\" \/>\n<meta property=\"og:site_name\" content=\"Dorogi-medence Region\u00e1lis H\u00edrport\u00e1l\" class=\"yoast-seo-meta-tag\" \/>\n<meta property=\"article:publisher\" content=\"https:\/\/www.facebook.com\/dorogimedence\/\" class=\"yoast-seo-meta-tag\" \/>\n<meta property=\"article:published_time\" content=\"2021-05-17T04:59:26+00:00\" class=\"yoast-seo-meta-tag\" \/>\n<meta property=\"article:modified_time\" content=\"2021-05-17T04:59:55+00:00\" class=\"yoast-seo-meta-tag\" \/>\n<meta property=\"og:image\" content=\"https:\/\/i0.wp.com\/dorogimedence.hu\/wp-content\/uploads\/2021\/05\/Screenshot_1.png?fit=751%2C500&ssl=1\" class=\"yoast-seo-meta-tag\" \/>\n\t<meta property=\"og:image:width\" content=\"751\" class=\"yoast-seo-meta-tag\" \/>\n\t<meta property=\"og:image:height\" content=\"500\" class=\"yoast-seo-meta-tag\" \/>\n\t<meta property=\"og:image:type\" content=\"image\/png\" class=\"yoast-seo-meta-tag\" \/>\n<meta name=\"author\" content=\"dorogimedence.hu\" class=\"yoast-seo-meta-tag\" \/>\n<meta name=\"twitter:card\" content=\"summary_large_image\" class=\"yoast-seo-meta-tag\" \/>\n<meta name=\"twitter:label1\" content=\"Szerz\u0151:\" class=\"yoast-seo-meta-tag\" \/>\n\t<meta name=\"twitter:data1\" content=\"dorogimedence.hu\" class=\"yoast-seo-meta-tag\" \/>\n\t<meta name=\"twitter:label2\" content=\"Becs\u00fclt olvas\u00e1si id\u0151\" class=\"yoast-seo-meta-tag\" \/>\n\t<meta name=\"twitter:data2\" content=\"2 perc\" class=\"yoast-seo-meta-tag\" \/>\n<script type=\"application\/ld+json\" class=\"yoast-schema-graph\">{\"@context\":\"https:\\\/\\\/schema.org\",\"@graph\":[{\"@type\":\"Article\",\"@id\":\"https:\\\/\\\/dorogimedence.hu\\\/index.php\\\/2021\\\/05\\\/17\\\/letartoztattak-az-egyik-femtolvajt\\\/#article\",\"isPartOf\":{\"@id\":\"https:\\\/\\\/dorogimedence.hu\\\/index.php\\\/2021\\\/05\\\/17\\\/letartoztattak-az-egyik-femtolvajt\\\/\"},\"author\":{\"name\":\"dorogimedence.hu\",\"@id\":\"https:\\\/\\\/dorogimedence.hu\\\/#\\\/schema\\\/person\\\/ce6091eeb7e95ecdc87890d6aa8e0fd4\"},\"headline\":\"Letart\u00f3ztatt\u00e1k az egyik f\u00e9mtolvajt\",\"datePublished\":\"2021-05-17T04:59:26+00:00\",\"dateModified\":\"2021-05-17T04:59:55+00:00\",\"mainEntityOfPage\":{\"@id\":\"https:\\\/\\\/dorogimedence.hu\\\/index.php\\\/2021\\\/05\\\/17\\\/letartoztattak-az-egyik-femtolvajt\\\/\"},\"wordCount\":308,\"publisher\":{\"@id\":\"https:\\\/\\\/dorogimedence.hu\\\/#organization\"},\"image\":{\"@id\":\"https:\\\/\\\/dorogimedence.hu\\\/index.php\\\/2021\\\/05\\\/17\\\/letartoztattak-az-egyik-femtolvajt\\\/#primaryimage\"},\"thumbnailUrl\":\"https:\\\/\\\/dorogimedence.hu\\\/wp-content\\\/uploads\\\/2021\\\/05\\\/Screenshot_1.png\",\"keywords\":[\"b\u00edr\u00f3s\u00e1g\",\"D\u00f6m\u00f6s\",\"lop\u00e1s\",\"Pilismar\u00f3t\",\"rend\u0151rs\u00e9gi h\u00edrek\",\"\u00fcgy\u00e9szs\u00e9g\"],\"articleSection\":[\"H\u00edrek\",\"K\u00e9k h\u00edrek\"],\"inLanguage\":\"hu\"},{\"@type\":\"WebPage\",\"@id\":\"https:\\\/\\\/dorogimedence.hu\\\/index.php\\\/2021\\\/05\\\/17\\\/letartoztattak-az-egyik-femtolvajt\\\/\",\"url\":\"https:\\\/\\\/dorogimedence.hu\\\/index.php\\\/2021\\\/05\\\/17\\\/letartoztattak-az-egyik-femtolvajt\\\/\",\"name\":\"Letart\u00f3ztatt\u00e1k az egyik f\u00e9mtolvajt\",\"isPartOf\":{\"@id\":\"https:\\\/\\\/dorogimedence.hu\\\/#website\"},\"primaryImageOfPage\":{\"@id\":\"https:\\\/\\\/dorogimedence.hu\\\/index.php\\\/2021\\\/05\\\/17\\\/letartoztattak-az-egyik-femtolvajt\\\/#primaryimage\"},\"image\":{\"@id\":\"https:\\\/\\\/dorogimedence.hu\\\/index.php\\\/2021\\\/05\\\/17\\\/letartoztattak-az-egyik-femtolvajt\\\/#primaryimage\"},\"thumbnailUrl\":\"https:\\\/\\\/dorogimedence.hu\\\/wp-content\\\/uploads\\\/2021\\\/05\\\/Screenshot_1.png\",\"datePublished\":\"2021-05-17T04:59:26+00:00\",\"dateModified\":\"2021-05-17T04:59:55+00:00\",\"breadcrumb\":{\"@id\":\"https:\\\/\\\/dorogimedence.hu\\\/index.php\\\/2021\\\/05\\\/17\\\/letartoztattak-az-egyik-femtolvajt\\\/#breadcrumb\"},\"inLanguage\":\"hu\",\"potentialAction\":[{\"@type\":\"ReadAction\",\"target\":[\"https:\\\/\\\/dorogimedence.hu\\\/index.php\\\/2021\\\/05\\\/17\\\/letartoztattak-az-egyik-femtolvajt\\\/\"]}]},{\"@type\":\"ImageObject\",\"inLanguage\":\"hu\",\"@id\":\"https:\\\/\\\/dorogimedence.hu\\\/index.php\\\/2021\\\/05\\\/17\\\/letartoztattak-az-egyik-femtolvajt\\\/#primaryimage\",\"url\":\"https:\\\/\\\/dorogimedence.hu\\\/wp-content\\\/uploads\\\/2021\\\/05\\\/Screenshot_1.png\",\"contentUrl\":\"https:\\\/\\\/dorogimedence.hu\\\/wp-content\\\/uploads\\\/2021\\\/05\\\/Screenshot_1.png\",\"width\":751,\"height\":500},{\"@type\":\"BreadcrumbList\",\"@id\":\"https:\\\/\\\/dorogimedence.hu\\\/index.php\\\/2021\\\/05\\\/17\\\/letartoztattak-az-egyik-femtolvajt\\\/#breadcrumb\",\"itemListElement\":[{\"@type\":\"ListItem\",\"position\":1,\"name\":\"Kezd\u0151lap\",\"item\":\"https:\\\/\\\/dorogimedence.hu\\\/\"},{\"@type\":\"ListItem\",\"position\":2,\"name\":\"Letart\u00f3ztatt\u00e1k az egyik f\u00e9mtolvajt\"}]},{\"@type\":\"WebSite\",\"@id\":\"https:\\\/\\\/dorogimedence.hu\\\/#website\",\"url\":\"https:\\\/\\\/dorogimedence.hu\\\/\",\"name\":\"Dorogi-medence Region\u00e1lis H\u00edrport\u00e1l\",\"description\":\"Dorog, Keszt\u00f6lc, Le\u00e1nyv\u00e1r, Piliscs\u00e9v, Tokod, Tokodalt\u00e1r\u00f3, Csolnok, Esztergom-kertv\u00e1ros: h\u00edrek, programok\",\"publisher\":{\"@id\":\"https:\\\/\\\/dorogimedence.hu\\\/#organization\"},\"potentialAction\":[{\"@type\":\"SearchAction\",\"target\":{\"@type\":\"EntryPoint\",\"urlTemplate\":\"https:\\\/\\\/dorogimedence.hu\\\/?s={search_term_string}\"},\"query-input\":{\"@type\":\"PropertyValueSpecification\",\"valueRequired\":true,\"valueName\":\"search_term_string\"}}],\"inLanguage\":\"hu\"},{\"@type\":\"Organization\",\"@id\":\"https:\\\/\\\/dorogimedence.hu\\\/#organization\",\"name\":\"Dorogi-medence Region\u00e1lis H\u00edrport\u00e1l\",\"url\":\"https:\\\/\\\/dorogimedence.hu\\\/\",\"logo\":{\"@type\":\"ImageObject\",\"inLanguage\":\"hu\",\"@id\":\"https:\\\/\\\/dorogimedence.hu\\\/#\\\/schema\\\/logo\\\/image\\\/\",\"url\":\"https:\\\/\\\/dorogimedence.hu\\\/wp-content\\\/uploads\\\/2021\\\/04\\\/logo-feher-600.png\",\"contentUrl\":\"https:\\\/\\\/dorogimedence.hu\\\/wp-content\\\/uploads\\\/2021\\\/04\\\/logo-feher-600.png\",\"width\":600,\"height\":100,\"caption\":\"Dorogi-medence Region\u00e1lis H\u00edrport\u00e1l\"},\"image\":{\"@id\":\"https:\\\/\\\/dorogimedence.hu\\\/#\\\/schema\\\/logo\\\/image\\\/\"},\"sameAs\":[\"https:\\\/\\\/www.facebook.com\\\/dorogimedence\\\/\"]},{\"@type\":\"Person\",\"@id\":\"https:\\\/\\\/dorogimedence.hu\\\/#\\\/schema\\\/person\\\/ce6091eeb7e95ecdc87890d6aa8e0fd4\",\"name\":\"dorogimedence.hu\",\"image\":{\"@type\":\"ImageObject\",\"inLanguage\":\"hu\",\"@id\":\"\\\/\\\/www.gravatar.com\\\/avatar\\\/d8d45f8901aadff40a4af72c0b826f1d?s=96&#038;r=g&#038;d=mm\",\"url\":\"\\\/\\\/www.gravatar.com\\\/avatar\\\/d8d45f8901aadff40a4af72c0b826f1d?s=96&#038;r=g&#038;d=mm\",\"contentUrl\":\"\\\/\\\/www.gravatar.com\\\/avatar\\\/d8d45f8901aadff40a4af72c0b826f1d?s=96&#038;r=g&#038;d=mm\",\"caption\":\"dorogimedence.hu\"}}]}<\/script>\n<!-- \/ Yoast SEO plugin. -->","yoast_head_json":{"title":"Letart\u00f3ztatt\u00e1k az egyik f\u00e9mtolvajt","robots":{"index":"index","follow":"follow","max-snippet":"max-snippet:-1","max-image-preview":"max-image-preview:large","max-video-preview":"max-video-preview:-1"},"canonical":"https:\/\/dorogimedence.hu\/index.php\/2021\/05\/17\/letartoztattak-az-egyik-femtolvajt\/","og_locale":"hu_HU","og_type":"article","og_title":"Letart\u00f3ztatt\u00e1k az egyik f\u00e9mtolvajt","og_description":"A Kom\u00e1rom-Esztergom Megyei F\u0151\u00fcgy\u00e9szs\u00e9g \u00fcgyeletes \u00fcgy\u00e9sze eredm\u00e9nyesen ind\u00edtv\u00e1nyozta annak a f\u00e9rfinak a letart\u00f3ztat\u00e1s\u00e1t, aki t\u00e1rs\u00e1val egy pilismar\u00f3ti \u00fczemb\u0151l r\u00e9zb\u0151l k\u00e9sz\u00fclt anyagokat tulajdon\u00edtott el. Az ind\u00edtv\u00e1ny szerint k\u00e9t f\u00e9rfi 2021. m\u00e1jus 13-\u00e1n&nbsp;22 \u00e9s 23 \u00f3ra k\u00f6z\u00f6tti id\u0151ben egy pilismar\u00f3ti telephelyre \u00fagy hatoltak be, hogy az \u00fczem csarnok\u00e1nak ajtaj\u00e1t felfesz\u00edtett\u00e9k, \u00e9s onnan eltulajdon\u00edtottak \u00f6sszesen 201.000 Ft \u00e9rt\u00e9kben","og_url":"https:\/\/dorogimedence.hu\/index.php\/2021\/05\/17\/letartoztattak-az-egyik-femtolvajt\/","og_site_name":"Dorogi-medence Region\u00e1lis H\u00edrport\u00e1l","article_publisher":"https:\/\/www.facebook.com\/dorogimedence\/","article_published_time":"2021-05-17T04:59:26+00:00","article_modified_time":"2021-05-17T04:59:55+00:00","og_image":[{"width":751,"height":500,"url":"https:\/\/i0.wp.com\/dorogimedence.hu\/wp-content\/uploads\/2021\/05\/Screenshot_1.png?fit=751%2C500&ssl=1","type":"image\/png"}],"author":"dorogimedence.hu","twitter_card":"summary_large_image","twitter_misc":{"Szerz\u0151:":"dorogimedence.hu","Becs\u00fclt olvas\u00e1si id\u0151":"2 perc"},"schema":{"@context":"https:\/\/schema.org","@graph":[{"@type":"Article","@id":"https:\/\/dorogimedence.hu\/index.php\/2021\/05\/17\/letartoztattak-az-egyik-femtolvajt\/#article","isPartOf":{"@id":"https:\/\/dorogimedence.hu\/index.php\/2021\/05\/17\/letartoztattak-az-egyik-femtolvajt\/"},"author":{"name":"dorogimedence.hu","@id":"https:\/\/dorogimedence.hu\/#\/schema\/person\/ce6091eeb7e95ecdc87890d6aa8e0fd4"},"headline":"Letart\u00f3ztatt\u00e1k az egyik f\u00e9mtolvajt","datePublished":"2021-05-17T04:59:26+00:00","dateModified":"2021-05-17T04:59:55+00:00","mainEntityOfPage":{"@id":"https:\/\/dorogimedence.hu\/index.php\/2021\/05\/17\/letartoztattak-az-egyik-femtolvajt\/"},"wordCount":308,"publisher":{"@id":"https:\/\/dorogimedence.hu\/#organization"},"image":{"@id":"https:\/\/dorogimedence.hu\/index.php\/2021\/05\/17\/letartoztattak-az-egyik-femtolvajt\/#primaryimage"},"thumbnailUrl":"https:\/\/dorogimedence.hu\/wp-content\/uploads\/2021\/05\/Screenshot_1.png","keywords":["b\u00edr\u00f3s\u00e1g","D\u00f6m\u00f6s","lop\u00e1s","Pilismar\u00f3t","rend\u0151rs\u00e9gi h\u00edrek","\u00fcgy\u00e9szs\u00e9g"],"articleSection":["H\u00edrek","K\u00e9k h\u00edrek"],"inLanguage":"hu"},{"@type":"WebPage","@id":"https:\/\/dorogimedence.hu\/index.php\/2021\/05\/17\/letartoztattak-az-egyik-femtolvajt\/","url":"https:\/\/dorogimedence.hu\/index.php\/2021\/05\/17\/letartoztattak-az-egyik-femtolvajt\/","name":"Letart\u00f3ztatt\u00e1k az egyik f\u00e9mtolvajt","isPartOf":{"@id":"https:\/\/dorogimedence.hu\/#website"},"primaryImageOfPage":{"@id":"https:\/\/dorogimedence.hu\/index.php\/2021\/05\/17\/letartoztattak-az-egyik-femtolvajt\/#primaryimage"},"image":{"@id":"https:\/\/dorogimedence.hu\/index.php\/2021\/05\/17\/letartoztattak-az-egyik-femtolvajt\/#primaryimage"},"thumbnailUrl":"https:\/\/dorogimedence.hu\/wp-content\/uploads\/2021\/05\/Screenshot_1.png","datePublished":"2021-05-17T04:59:26+00:00","dateModified":"2021-05-17T04:59:55+00:00","breadcrumb":{"@id":"https:\/\/dorogimedence.hu\/index.php\/2021\/05\/17\/letartoztattak-az-egyik-femtolvajt\/#breadcrumb"},"inLanguage":"hu","potentialAction":[{"@type":"ReadAction","target":["https:\/\/dorogimedence.hu\/index.php\/2021\/05\/17\/letartoztattak-az-egyik-femtolvajt\/"]}]},{"@type":"ImageObject","inLanguage":"hu","@id":"https:\/\/dorogimedence.hu\/index.php\/2021\/05\/17\/letartoztattak-az-egyik-femtolvajt\/#primaryimage","url":"https:\/\/dorogimedence.hu\/wp-content\/uploads\/2021\/05\/Screenshot_1.png","contentUrl":"https:\/\/dorogimedence.hu\/wp-content\/uploads\/2021\/05\/Screenshot_1.png","width":751,"height":500},{"@type":"BreadcrumbList","@id":"https:\/\/dorogimedence.hu\/index.php\/2021\/05\/17\/letartoztattak-az-egyik-femtolvajt\/#breadcrumb","itemListElement":[{"@type":"ListItem","position":1,"name":"Kezd\u0151lap","item":"https:\/\/dorogimedence.hu\/"},{"@type":"ListItem","position":2,"name":"Letart\u00f3ztatt\u00e1k az egyik f\u00e9mtolvajt"}]},{"@type":"WebSite","@id":"https:\/\/dorogimedence.hu\/#website","url":"https:\/\/dorogimedence.hu\/","name":"Dorogi-medence Region\u00e1lis H\u00edrport\u00e1l","description":"Dorog, Keszt\u00f6lc, Le\u00e1nyv\u00e1r, Piliscs\u00e9v, Tokod, Tokodalt\u00e1r\u00f3, Csolnok, Esztergom-kertv\u00e1ros: h\u00edrek, programok","publisher":{"@id":"https:\/\/dorogimedence.hu\/#organization"},"potentialAction":[{"@type":"SearchAction","target":{"@type":"EntryPoint","urlTemplate":"https:\/\/dorogimedence.hu\/?s={search_term_string}"},"query-input":{"@type":"PropertyValueSpecification","valueRequired":true,"valueName":"search_term_string"}}],"inLanguage":"hu"},{"@type":"Organization","@id":"https:\/\/dorogimedence.hu\/#organization","name":"Dorogi-medence Region\u00e1lis H\u00edrport\u00e1l","url":"https:\/\/dorogimedence.hu\/","logo":{"@type":"ImageObject","inLanguage":"hu","@id":"https:\/\/dorogimedence.hu\/#\/schema\/logo\/image\/","url":"https:\/\/dorogimedence.hu\/wp-content\/uploads\/2021\/04\/logo-feher-600.png","contentUrl":"https:\/\/dorogimedence.hu\/wp-content\/uploads\/2021\/04\/logo-feher-600.png","width":600,"height":100,"caption":"Dorogi-medence Region\u00e1lis H\u00edrport\u00e1l"},"image":{"@id":"https:\/\/dorogimedence.hu\/#\/schema\/logo\/image\/"},"sameAs":["https:\/\/www.facebook.com\/dorogimedence\/"]},{"@type":"Person","@id":"https:\/\/dorogimedence.hu\/#\/schema\/person\/ce6091eeb7e95ecdc87890d6aa8e0fd4","name":"dorogimedence.hu","image":{"@type":"ImageObject","inLanguage":"hu","@id":"\/\/www.gravatar.com\/avatar\/d8d45f8901aadff40a4af72c0b826f1d?s=96&#038;r=g&#038;d=mm","url":"\/\/www.gravatar.com\/avatar\/d8d45f8901aadff40a4af72c0b826f1d?s=96&#038;r=g&#038;d=mm","contentUrl":"\/\/www.gravatar.com\/avatar\/d8d45f8901aadff40a4af72c0b826f1d?s=96&#038;r=g&#038;d=mm","caption":"dorogimedence.hu"}}]}},"_links":{"self":[{"href":"https:\/\/dorogimedence.hu\/index.php\/wp-json\/wp\/v2\/posts\/33109","targetHints":{"allow":["GET"]}}],"collection":[{"href":"https:\/\/dorogimedence.hu\/index.php\/wp-json\/wp\/v2\/posts"}],"about":[{"href":"https:\/\/dorogimedence.hu\/index.php\/wp-json\/wp\/v2\/types\/post"}],"author":[{"embeddable":true,"href":"https:\/\/dorogimedence.hu\/index.php\/wp-json\/wp\/v2\/users\/1"}],"replies":[{"embeddable":true,"href":"https:\/\/dorogimedence.hu\/index.php\/wp-json\/wp\/v2\/comments?post=33109"}],"version-history":[{"count":0,"href":"https:\/\/dorogimedence.hu\/index.php\/wp-json\/wp\/v2\/posts\/33109\/revisions"}],"wp:featuredmedia":[{"embeddable":true,"href":"https:\/\/dorogimedence.hu\/index.php\/wp-json\/wp\/v2\/media\/33090"}],"wp:attachment":[{"href":"https:\/\/dorogimedence.hu\/index.php\/wp-json\/wp\/v2\/media?parent=33109"}],"wp:term":[{"taxonomy":"category","embeddable":true,"href":"https:\/\/dorogimedence.hu\/index.php\/wp-json\/wp\/v2\/categories?post=33109"},{"taxonomy":"post_tag","embeddable":true,"href":"https:\/\/dorogimedence.hu\/index.php\/wp-json\/wp\/v2\/tags?post=33109"}],"curies":[{"name":"wp","href":"https:\/\/api.w.org\/{rel}","templated":true}]}}