{"id":33087,"date":"2021-05-15T09:44:58","date_gmt":"2021-05-15T07:44:58","guid":{"rendered":"https:\/\/dorogimedence.hu\/?p=33087"},"modified":"2021-05-15T09:46:50","modified_gmt":"2021-05-15T07:46:50","slug":"domoson-fogtak-el-a-rezcsotolvajokat","status":"publish","type":"post","link":"https:\/\/dorogimedence.hu\/index.php\/2021\/05\/15\/domoson-fogtak-el-a-rezcsotolvajokat\/","title":{"rendered":"D\u00f6m\u00f6s\u00f6n fogt\u00e1k el a r\u00e9zcs\u0151tolvajokat"},"content":{"rendered":"<div class=\"lead-text\">\n<p><strong>Az esztergomi j\u00e1r\u0151r\u00f6k igazoltat\u00e1s sor\u00e1n egy szem\u00e9lyg\u00e9pkocsiban lop\u00e1sb\u00f3l sz\u00e1rmaz\u00f3 f\u00e9mt\u00e1rgyakat, r\u00e9zcs\u00f6veket tal\u00e1ltak.<\/strong><\/p>\n<div class=\"body-text\">\n<p>Az Esztergomi Rend\u0151rkapit\u00e1nys\u00e1g j\u00e1r\u0151rei 2021. m\u00e1jus 14-\u00e9n, p\u00e9nteken 4 \u00f3ra 5 perckor D\u00f6m\u00f6s\u00f6n, a Kossuth Lajos utc\u00e1ban meg\u00e1ll\u00edtottak egy szem\u00e9lyg\u00e9pkocsival k\u00f6zleked\u0151 helyi lakost. A j\u00e1rm\u0171 \u00e1tvizsg\u00e1l\u00e1sa sor\u00e1n a rakter\u00e9ben egy talicsk\u00e1t \u00e9s egy zs\u00e1kban r\u00e9zcs\u00f6veket \u00e9s csaptelepeket tal\u00e1ltak.<\/p>\n<p><img fetchpriority=\"high\" decoding=\"async\" class=\"alignnone size-full wp-image-33089\" src=\"https:\/\/dorogimedence.hu\/wp-content\/uploads\/2021\/05\/Screenshot_5.png\" alt=\"\" width=\"757\" height=\"500\" srcset=\"https:\/\/dorogimedence.hu\/wp-content\/uploads\/2021\/05\/Screenshot_5.png 757w, https:\/\/dorogimedence.hu\/wp-content\/uploads\/2021\/05\/Screenshot_5-300x198.png 300w, https:\/\/dorogimedence.hu\/wp-content\/uploads\/2021\/05\/Screenshot_5-150x99.png 150w, https:\/\/dorogimedence.hu\/wp-content\/uploads\/2021\/05\/Screenshot_5-450x297.png 450w\" sizes=\"(max-width: 757px) 100vw, 757px\" \/><\/p>\n<p>Az adatgy\u0171jt\u00e9s sor\u00e1n az egyenruh\u00e1sok meg\u00e1llap\u00edtott\u00e1k, hogy 2021. m\u00e1jus 5. \u00e9s 14. k\u00f6z\u00f6tt egy pilismar\u00f3ti \u00fczem telephely\u00e9r\u0151l loptak k\u00fcl\u00f6nf\u00e9le sz\u00ednesf\u00e9meket. A rend\u0151r\u00f6k a sof\u0151rt \u00e9s utas\u00e1t a rend\u0151rkapit\u00e1nys\u00e1gra el\u0151\u00e1ll\u00edtott\u00e1k, ahol gyan\u00fas\u00edtottk\u00e9nt kihallgatt\u00e1k \u0151ket. A nyomoz\u00f3k a lopott zs\u00e1km\u00e1nyt t\u0151l\u00fck lefoglalt\u00e1k, majd a s\u00e9rtettnek visszaadt\u00e1k. V. R\u00f3bert \u00e9s B. Mih\u00e1ly ellen lop\u00e1s b\u0171ntett elk\u00f6vet\u00e9se miatt indult b\u00fcntet\u0151elj\u00e1r\u00e1s.<\/p>\n<p><img decoding=\"async\" class=\"alignnone size-full wp-image-33090\" src=\"https:\/\/dorogimedence.hu\/wp-content\/uploads\/2021\/05\/Screenshot_1.png\" alt=\"\" width=\"751\" height=\"500\" srcset=\"https:\/\/dorogimedence.hu\/wp-content\/uploads\/2021\/05\/Screenshot_1.png 751w, https:\/\/dorogimedence.hu\/wp-content\/uploads\/2021\/05\/Screenshot_1-300x200.png 300w, https:\/\/dorogimedence.hu\/wp-content\/uploads\/2021\/05\/Screenshot_1-150x100.png 150w, https:\/\/dorogimedence.hu\/wp-content\/uploads\/2021\/05\/Screenshot_1-450x300.png 450w, https:\/\/dorogimedence.hu\/wp-content\/uploads\/2021\/05\/Screenshot_1-272x182.png 272w\" sizes=\"(max-width: 751px) 100vw, 751px\" \/><\/p>\n<p>A 27 \u00e9ves B. Mih\u00e1ly nem volt ismeretlen a nyomoz\u00f3k sz\u00e1m\u00e1ra, kor\u00e1bban t\u00f6bb, hasonl\u00f3 jelleg\u0171 b\u0171ncselekm\u00e9nyt is elk\u00f6vetett, ez\u00e9rt a rend\u0151r\u00f6k \u0151rizetbe vett\u00e9k, \u00e9s kezdem\u00e9nyezt\u00e9k letart\u00f3ztat\u00e1s\u00e1nak ind\u00edtv\u00e1nyoz\u00e1s\u00e1t.<\/p>\n<p><em>Fot\u00f3k, forr\u00e1s: police.hu<\/em><\/p>\n<\/div>\n<\/div>\n","protected":false},"excerpt":{"rendered":"<p>Az esztergomi j\u00e1r\u0151r\u00f6k igazoltat\u00e1s sor\u00e1n egy szem\u00e9lyg\u00e9pkocsiban lop\u00e1sb\u00f3l sz\u00e1rmaz\u00f3 f\u00e9mt\u00e1rgyakat, r\u00e9zcs\u00f6veket tal\u00e1ltak. Az Esztergomi Rend\u0151rkapit\u00e1nys\u00e1g j\u00e1r\u0151rei 2021. m\u00e1jus 14-\u00e9n, p\u00e9nteken 4 \u00f3ra 5 perckor D\u00f6m\u00f6s\u00f6n, a Kossuth Lajos utc\u00e1ban meg\u00e1ll\u00edtottak egy szem\u00e9lyg\u00e9pkocsival k\u00f6zleked\u0151 helyi lakost. A j\u00e1rm\u0171 \u00e1tvizsg\u00e1l\u00e1sa sor\u00e1n a rakter\u00e9ben egy talicsk\u00e1t \u00e9s egy zs\u00e1kban r\u00e9zcs\u00f6veket \u00e9s csaptelepeket tal\u00e1ltak. Az adatgy\u0171jt\u00e9s sor\u00e1n az egyenruh\u00e1sok<\/p>\n","protected":false},"author":1,"featured_media":33088,"comment_status":"closed","ping_status":"closed","sticky":false,"template":"","format":"standard","meta":{"ngg_post_thumbnail":0,"footnotes":""},"categories":[3,39],"tags":[63,876,3725,447,61],"class_list":{"0":"post-33087","1":"post","2":"type-post","3":"status-publish","4":"format-standard","5":"has-post-thumbnail","7":"category-hirek","8":"category-kek-hirek","9":"tag-buncselekmeny","10":"tag-domos","11":"tag-esztergomi-rendorok","12":"tag-lopas","13":"tag-rendorsegi-hirek"},"yoast_head":"<!-- This site is optimized with the Yoast SEO plugin v27.4 - https:\/\/yoast.com\/product\/yoast-seo-wordpress\/ -->\n<title>D\u00f6m\u00f6s\u00f6n fogt\u00e1k el a r\u00e9zcs\u0151tolvajokat<\/title>\n<meta name=\"robots\" content=\"index, follow, max-snippet:-1, max-image-preview:large, max-video-preview:-1\" \/>\n<link rel=\"canonical\" href=\"https:\/\/dorogimedence.hu\/index.php\/2021\/05\/15\/domoson-fogtak-el-a-rezcsotolvajokat\/\" class=\"yoast-seo-meta-tag\" \/>\n<meta property=\"og:locale\" content=\"hu_HU\" class=\"yoast-seo-meta-tag\" \/>\n<meta property=\"og:type\" content=\"article\" class=\"yoast-seo-meta-tag\" \/>\n<meta property=\"og:title\" content=\"D\u00f6m\u00f6s\u00f6n fogt\u00e1k el a r\u00e9zcs\u0151tolvajokat\" class=\"yoast-seo-meta-tag\" \/>\n<meta property=\"og:description\" content=\"Az esztergomi j\u00e1r\u0151r\u00f6k igazoltat\u00e1s sor\u00e1n egy szem\u00e9lyg\u00e9pkocsiban lop\u00e1sb\u00f3l sz\u00e1rmaz\u00f3 f\u00e9mt\u00e1rgyakat, r\u00e9zcs\u00f6veket tal\u00e1ltak. Az Esztergomi Rend\u0151rkapit\u00e1nys\u00e1g j\u00e1r\u0151rei 2021. m\u00e1jus 14-\u00e9n, p\u00e9nteken 4 \u00f3ra 5 perckor D\u00f6m\u00f6s\u00f6n, a Kossuth Lajos utc\u00e1ban meg\u00e1ll\u00edtottak egy szem\u00e9lyg\u00e9pkocsival k\u00f6zleked\u0151 helyi lakost. A j\u00e1rm\u0171 \u00e1tvizsg\u00e1l\u00e1sa sor\u00e1n a rakter\u00e9ben egy talicsk\u00e1t \u00e9s egy zs\u00e1kban r\u00e9zcs\u00f6veket \u00e9s csaptelepeket tal\u00e1ltak. Az adatgy\u0171jt\u00e9s sor\u00e1n az egyenruh\u00e1sok\" class=\"yoast-seo-meta-tag\" \/>\n<meta property=\"og:url\" content=\"https:\/\/dorogimedence.hu\/index.php\/2021\/05\/15\/domoson-fogtak-el-a-rezcsotolvajokat\/\" class=\"yoast-seo-meta-tag\" \/>\n<meta property=\"og:site_name\" content=\"Dorogi-medence Region\u00e1lis H\u00edrport\u00e1l\" class=\"yoast-seo-meta-tag\" \/>\n<meta property=\"article:publisher\" content=\"https:\/\/www.facebook.com\/dorogimedence\/\" class=\"yoast-seo-meta-tag\" \/>\n<meta property=\"article:published_time\" content=\"2021-05-15T07:44:58+00:00\" class=\"yoast-seo-meta-tag\" \/>\n<meta property=\"article:modified_time\" content=\"2021-05-15T07:46:50+00:00\" class=\"yoast-seo-meta-tag\" \/>\n<meta property=\"og:image\" content=\"https:\/\/i0.wp.com\/dorogimedence.hu\/wp-content\/uploads\/2021\/05\/Screenshot_2.png?fit=754%2C500&ssl=1\" class=\"yoast-seo-meta-tag\" \/>\n\t<meta property=\"og:image:width\" content=\"754\" class=\"yoast-seo-meta-tag\" \/>\n\t<meta property=\"og:image:height\" content=\"500\" class=\"yoast-seo-meta-tag\" \/>\n\t<meta property=\"og:image:type\" content=\"image\/png\" class=\"yoast-seo-meta-tag\" \/>\n<meta name=\"author\" content=\"dorogimedence.hu\" class=\"yoast-seo-meta-tag\" \/>\n<meta name=\"twitter:card\" content=\"summary_large_image\" class=\"yoast-seo-meta-tag\" \/>\n<meta name=\"twitter:label1\" content=\"Szerz\u0151:\" class=\"yoast-seo-meta-tag\" \/>\n\t<meta name=\"twitter:data1\" content=\"dorogimedence.hu\" class=\"yoast-seo-meta-tag\" \/>\n\t<meta name=\"twitter:label2\" content=\"Becs\u00fclt olvas\u00e1si id\u0151\" class=\"yoast-seo-meta-tag\" \/>\n\t<meta name=\"twitter:data2\" content=\"1 perc\" class=\"yoast-seo-meta-tag\" \/>\n<script type=\"application\/ld+json\" class=\"yoast-schema-graph\">{\"@context\":\"https:\\\/\\\/schema.org\",\"@graph\":[{\"@type\":\"Article\",\"@id\":\"https:\\\/\\\/dorogimedence.hu\\\/index.php\\\/2021\\\/05\\\/15\\\/domoson-fogtak-el-a-rezcsotolvajokat\\\/#article\",\"isPartOf\":{\"@id\":\"https:\\\/\\\/dorogimedence.hu\\\/index.php\\\/2021\\\/05\\\/15\\\/domoson-fogtak-el-a-rezcsotolvajokat\\\/\"},\"author\":{\"name\":\"dorogimedence.hu\",\"@id\":\"https:\\\/\\\/dorogimedence.hu\\\/#\\\/schema\\\/person\\\/ce6091eeb7e95ecdc87890d6aa8e0fd4\"},\"headline\":\"D\u00f6m\u00f6s\u00f6n fogt\u00e1k el a r\u00e9zcs\u0151tolvajokat\",\"datePublished\":\"2021-05-15T07:44:58+00:00\",\"dateModified\":\"2021-05-15T07:46:50+00:00\",\"mainEntityOfPage\":{\"@id\":\"https:\\\/\\\/dorogimedence.hu\\\/index.php\\\/2021\\\/05\\\/15\\\/domoson-fogtak-el-a-rezcsotolvajokat\\\/\"},\"wordCount\":257,\"publisher\":{\"@id\":\"https:\\\/\\\/dorogimedence.hu\\\/#organization\"},\"image\":{\"@id\":\"https:\\\/\\\/dorogimedence.hu\\\/index.php\\\/2021\\\/05\\\/15\\\/domoson-fogtak-el-a-rezcsotolvajokat\\\/#primaryimage\"},\"thumbnailUrl\":\"https:\\\/\\\/dorogimedence.hu\\\/wp-content\\\/uploads\\\/2021\\\/05\\\/Screenshot_2.png\",\"keywords\":[\"b\u0171ncselekm\u00e9ny\",\"D\u00f6m\u00f6s\",\"esztergomi rend\u0151r\u00f6k\",\"lop\u00e1s\",\"rend\u0151rs\u00e9gi h\u00edrek\"],\"articleSection\":[\"H\u00edrek\",\"K\u00e9k h\u00edrek\"],\"inLanguage\":\"hu\"},{\"@type\":\"WebPage\",\"@id\":\"https:\\\/\\\/dorogimedence.hu\\\/index.php\\\/2021\\\/05\\\/15\\\/domoson-fogtak-el-a-rezcsotolvajokat\\\/\",\"url\":\"https:\\\/\\\/dorogimedence.hu\\\/index.php\\\/2021\\\/05\\\/15\\\/domoson-fogtak-el-a-rezcsotolvajokat\\\/\",\"name\":\"D\u00f6m\u00f6s\u00f6n fogt\u00e1k el a r\u00e9zcs\u0151tolvajokat\",\"isPartOf\":{\"@id\":\"https:\\\/\\\/dorogimedence.hu\\\/#website\"},\"primaryImageOfPage\":{\"@id\":\"https:\\\/\\\/dorogimedence.hu\\\/index.php\\\/2021\\\/05\\\/15\\\/domoson-fogtak-el-a-rezcsotolvajokat\\\/#primaryimage\"},\"image\":{\"@id\":\"https:\\\/\\\/dorogimedence.hu\\\/index.php\\\/2021\\\/05\\\/15\\\/domoson-fogtak-el-a-rezcsotolvajokat\\\/#primaryimage\"},\"thumbnailUrl\":\"https:\\\/\\\/dorogimedence.hu\\\/wp-content\\\/uploads\\\/2021\\\/05\\\/Screenshot_2.png\",\"datePublished\":\"2021-05-15T07:44:58+00:00\",\"dateModified\":\"2021-05-15T07:46:50+00:00\",\"breadcrumb\":{\"@id\":\"https:\\\/\\\/dorogimedence.hu\\\/index.php\\\/2021\\\/05\\\/15\\\/domoson-fogtak-el-a-rezcsotolvajokat\\\/#breadcrumb\"},\"inLanguage\":\"hu\",\"potentialAction\":[{\"@type\":\"ReadAction\",\"target\":[\"https:\\\/\\\/dorogimedence.hu\\\/index.php\\\/2021\\\/05\\\/15\\\/domoson-fogtak-el-a-rezcsotolvajokat\\\/\"]}]},{\"@type\":\"ImageObject\",\"inLanguage\":\"hu\",\"@id\":\"https:\\\/\\\/dorogimedence.hu\\\/index.php\\\/2021\\\/05\\\/15\\\/domoson-fogtak-el-a-rezcsotolvajokat\\\/#primaryimage\",\"url\":\"https:\\\/\\\/dorogimedence.hu\\\/wp-content\\\/uploads\\\/2021\\\/05\\\/Screenshot_2.png\",\"contentUrl\":\"https:\\\/\\\/dorogimedence.hu\\\/wp-content\\\/uploads\\\/2021\\\/05\\\/Screenshot_2.png\",\"width\":754,\"height\":500},{\"@type\":\"BreadcrumbList\",\"@id\":\"https:\\\/\\\/dorogimedence.hu\\\/index.php\\\/2021\\\/05\\\/15\\\/domoson-fogtak-el-a-rezcsotolvajokat\\\/#breadcrumb\",\"itemListElement\":[{\"@type\":\"ListItem\",\"position\":1,\"name\":\"Kezd\u0151lap\",\"item\":\"https:\\\/\\\/dorogimedence.hu\\\/\"},{\"@type\":\"ListItem\",\"position\":2,\"name\":\"D\u00f6m\u00f6s\u00f6n fogt\u00e1k el a r\u00e9zcs\u0151tolvajokat\"}]},{\"@type\":\"WebSite\",\"@id\":\"https:\\\/\\\/dorogimedence.hu\\\/#website\",\"url\":\"https:\\\/\\\/dorogimedence.hu\\\/\",\"name\":\"Dorogi-medence Region\u00e1lis H\u00edrport\u00e1l\",\"description\":\"Dorog, Keszt\u00f6lc, Le\u00e1nyv\u00e1r, Piliscs\u00e9v, Tokod, Tokodalt\u00e1r\u00f3, Csolnok, Esztergom-kertv\u00e1ros: h\u00edrek, programok\",\"publisher\":{\"@id\":\"https:\\\/\\\/dorogimedence.hu\\\/#organization\"},\"potentialAction\":[{\"@type\":\"SearchAction\",\"target\":{\"@type\":\"EntryPoint\",\"urlTemplate\":\"https:\\\/\\\/dorogimedence.hu\\\/?s={search_term_string}\"},\"query-input\":{\"@type\":\"PropertyValueSpecification\",\"valueRequired\":true,\"valueName\":\"search_term_string\"}}],\"inLanguage\":\"hu\"},{\"@type\":\"Organization\",\"@id\":\"https:\\\/\\\/dorogimedence.hu\\\/#organization\",\"name\":\"Dorogi-medence Region\u00e1lis H\u00edrport\u00e1l\",\"url\":\"https:\\\/\\\/dorogimedence.hu\\\/\",\"logo\":{\"@type\":\"ImageObject\",\"inLanguage\":\"hu\",\"@id\":\"https:\\\/\\\/dorogimedence.hu\\\/#\\\/schema\\\/logo\\\/image\\\/\",\"url\":\"https:\\\/\\\/dorogimedence.hu\\\/wp-content\\\/uploads\\\/2021\\\/04\\\/logo-feher-600.png\",\"contentUrl\":\"https:\\\/\\\/dorogimedence.hu\\\/wp-content\\\/uploads\\\/2021\\\/04\\\/logo-feher-600.png\",\"width\":600,\"height\":100,\"caption\":\"Dorogi-medence Region\u00e1lis H\u00edrport\u00e1l\"},\"image\":{\"@id\":\"https:\\\/\\\/dorogimedence.hu\\\/#\\\/schema\\\/logo\\\/image\\\/\"},\"sameAs\":[\"https:\\\/\\\/www.facebook.com\\\/dorogimedence\\\/\"]},{\"@type\":\"Person\",\"@id\":\"https:\\\/\\\/dorogimedence.hu\\\/#\\\/schema\\\/person\\\/ce6091eeb7e95ecdc87890d6aa8e0fd4\",\"name\":\"dorogimedence.hu\",\"image\":{\"@type\":\"ImageObject\",\"inLanguage\":\"hu\",\"@id\":\"\\\/\\\/www.gravatar.com\\\/avatar\\\/d8d45f8901aadff40a4af72c0b826f1d?s=96&#038;r=g&#038;d=mm\",\"url\":\"\\\/\\\/www.gravatar.com\\\/avatar\\\/d8d45f8901aadff40a4af72c0b826f1d?s=96&#038;r=g&#038;d=mm\",\"contentUrl\":\"\\\/\\\/www.gravatar.com\\\/avatar\\\/d8d45f8901aadff40a4af72c0b826f1d?s=96&#038;r=g&#038;d=mm\",\"caption\":\"dorogimedence.hu\"}}]}<\/script>\n<!-- \/ Yoast SEO plugin. -->","yoast_head_json":{"title":"D\u00f6m\u00f6s\u00f6n fogt\u00e1k el a r\u00e9zcs\u0151tolvajokat","robots":{"index":"index","follow":"follow","max-snippet":"max-snippet:-1","max-image-preview":"max-image-preview:large","max-video-preview":"max-video-preview:-1"},"canonical":"https:\/\/dorogimedence.hu\/index.php\/2021\/05\/15\/domoson-fogtak-el-a-rezcsotolvajokat\/","og_locale":"hu_HU","og_type":"article","og_title":"D\u00f6m\u00f6s\u00f6n fogt\u00e1k el a r\u00e9zcs\u0151tolvajokat","og_description":"Az esztergomi j\u00e1r\u0151r\u00f6k igazoltat\u00e1s sor\u00e1n egy szem\u00e9lyg\u00e9pkocsiban lop\u00e1sb\u00f3l sz\u00e1rmaz\u00f3 f\u00e9mt\u00e1rgyakat, r\u00e9zcs\u00f6veket tal\u00e1ltak. Az Esztergomi Rend\u0151rkapit\u00e1nys\u00e1g j\u00e1r\u0151rei 2021. m\u00e1jus 14-\u00e9n, p\u00e9nteken 4 \u00f3ra 5 perckor D\u00f6m\u00f6s\u00f6n, a Kossuth Lajos utc\u00e1ban meg\u00e1ll\u00edtottak egy szem\u00e9lyg\u00e9pkocsival k\u00f6zleked\u0151 helyi lakost. A j\u00e1rm\u0171 \u00e1tvizsg\u00e1l\u00e1sa sor\u00e1n a rakter\u00e9ben egy talicsk\u00e1t \u00e9s egy zs\u00e1kban r\u00e9zcs\u00f6veket \u00e9s csaptelepeket tal\u00e1ltak. Az adatgy\u0171jt\u00e9s sor\u00e1n az egyenruh\u00e1sok","og_url":"https:\/\/dorogimedence.hu\/index.php\/2021\/05\/15\/domoson-fogtak-el-a-rezcsotolvajokat\/","og_site_name":"Dorogi-medence Region\u00e1lis H\u00edrport\u00e1l","article_publisher":"https:\/\/www.facebook.com\/dorogimedence\/","article_published_time":"2021-05-15T07:44:58+00:00","article_modified_time":"2021-05-15T07:46:50+00:00","og_image":[{"width":754,"height":500,"url":"https:\/\/i0.wp.com\/dorogimedence.hu\/wp-content\/uploads\/2021\/05\/Screenshot_2.png?fit=754%2C500&ssl=1","type":"image\/png"}],"author":"dorogimedence.hu","twitter_card":"summary_large_image","twitter_misc":{"Szerz\u0151:":"dorogimedence.hu","Becs\u00fclt olvas\u00e1si id\u0151":"1 perc"},"schema":{"@context":"https:\/\/schema.org","@graph":[{"@type":"Article","@id":"https:\/\/dorogimedence.hu\/index.php\/2021\/05\/15\/domoson-fogtak-el-a-rezcsotolvajokat\/#article","isPartOf":{"@id":"https:\/\/dorogimedence.hu\/index.php\/2021\/05\/15\/domoson-fogtak-el-a-rezcsotolvajokat\/"},"author":{"name":"dorogimedence.hu","@id":"https:\/\/dorogimedence.hu\/#\/schema\/person\/ce6091eeb7e95ecdc87890d6aa8e0fd4"},"headline":"D\u00f6m\u00f6s\u00f6n fogt\u00e1k el a r\u00e9zcs\u0151tolvajokat","datePublished":"2021-05-15T07:44:58+00:00","dateModified":"2021-05-15T07:46:50+00:00","mainEntityOfPage":{"@id":"https:\/\/dorogimedence.hu\/index.php\/2021\/05\/15\/domoson-fogtak-el-a-rezcsotolvajokat\/"},"wordCount":257,"publisher":{"@id":"https:\/\/dorogimedence.hu\/#organization"},"image":{"@id":"https:\/\/dorogimedence.hu\/index.php\/2021\/05\/15\/domoson-fogtak-el-a-rezcsotolvajokat\/#primaryimage"},"thumbnailUrl":"https:\/\/dorogimedence.hu\/wp-content\/uploads\/2021\/05\/Screenshot_2.png","keywords":["b\u0171ncselekm\u00e9ny","D\u00f6m\u00f6s","esztergomi rend\u0151r\u00f6k","lop\u00e1s","rend\u0151rs\u00e9gi h\u00edrek"],"articleSection":["H\u00edrek","K\u00e9k h\u00edrek"],"inLanguage":"hu"},{"@type":"WebPage","@id":"https:\/\/dorogimedence.hu\/index.php\/2021\/05\/15\/domoson-fogtak-el-a-rezcsotolvajokat\/","url":"https:\/\/dorogimedence.hu\/index.php\/2021\/05\/15\/domoson-fogtak-el-a-rezcsotolvajokat\/","name":"D\u00f6m\u00f6s\u00f6n fogt\u00e1k el a r\u00e9zcs\u0151tolvajokat","isPartOf":{"@id":"https:\/\/dorogimedence.hu\/#website"},"primaryImageOfPage":{"@id":"https:\/\/dorogimedence.hu\/index.php\/2021\/05\/15\/domoson-fogtak-el-a-rezcsotolvajokat\/#primaryimage"},"image":{"@id":"https:\/\/dorogimedence.hu\/index.php\/2021\/05\/15\/domoson-fogtak-el-a-rezcsotolvajokat\/#primaryimage"},"thumbnailUrl":"https:\/\/dorogimedence.hu\/wp-content\/uploads\/2021\/05\/Screenshot_2.png","datePublished":"2021-05-15T07:44:58+00:00","dateModified":"2021-05-15T07:46:50+00:00","breadcrumb":{"@id":"https:\/\/dorogimedence.hu\/index.php\/2021\/05\/15\/domoson-fogtak-el-a-rezcsotolvajokat\/#breadcrumb"},"inLanguage":"hu","potentialAction":[{"@type":"ReadAction","target":["https:\/\/dorogimedence.hu\/index.php\/2021\/05\/15\/domoson-fogtak-el-a-rezcsotolvajokat\/"]}]},{"@type":"ImageObject","inLanguage":"hu","@id":"https:\/\/dorogimedence.hu\/index.php\/2021\/05\/15\/domoson-fogtak-el-a-rezcsotolvajokat\/#primaryimage","url":"https:\/\/dorogimedence.hu\/wp-content\/uploads\/2021\/05\/Screenshot_2.png","contentUrl":"https:\/\/dorogimedence.hu\/wp-content\/uploads\/2021\/05\/Screenshot_2.png","width":754,"height":500},{"@type":"BreadcrumbList","@id":"https:\/\/dorogimedence.hu\/index.php\/2021\/05\/15\/domoson-fogtak-el-a-rezcsotolvajokat\/#breadcrumb","itemListElement":[{"@type":"ListItem","position":1,"name":"Kezd\u0151lap","item":"https:\/\/dorogimedence.hu\/"},{"@type":"ListItem","position":2,"name":"D\u00f6m\u00f6s\u00f6n fogt\u00e1k el a r\u00e9zcs\u0151tolvajokat"}]},{"@type":"WebSite","@id":"https:\/\/dorogimedence.hu\/#website","url":"https:\/\/dorogimedence.hu\/","name":"Dorogi-medence Region\u00e1lis H\u00edrport\u00e1l","description":"Dorog, Keszt\u00f6lc, Le\u00e1nyv\u00e1r, Piliscs\u00e9v, Tokod, Tokodalt\u00e1r\u00f3, Csolnok, Esztergom-kertv\u00e1ros: h\u00edrek, programok","publisher":{"@id":"https:\/\/dorogimedence.hu\/#organization"},"potentialAction":[{"@type":"SearchAction","target":{"@type":"EntryPoint","urlTemplate":"https:\/\/dorogimedence.hu\/?s={search_term_string}"},"query-input":{"@type":"PropertyValueSpecification","valueRequired":true,"valueName":"search_term_string"}}],"inLanguage":"hu"},{"@type":"Organization","@id":"https:\/\/dorogimedence.hu\/#organization","name":"Dorogi-medence Region\u00e1lis H\u00edrport\u00e1l","url":"https:\/\/dorogimedence.hu\/","logo":{"@type":"ImageObject","inLanguage":"hu","@id":"https:\/\/dorogimedence.hu\/#\/schema\/logo\/image\/","url":"https:\/\/dorogimedence.hu\/wp-content\/uploads\/2021\/04\/logo-feher-600.png","contentUrl":"https:\/\/dorogimedence.hu\/wp-content\/uploads\/2021\/04\/logo-feher-600.png","width":600,"height":100,"caption":"Dorogi-medence Region\u00e1lis H\u00edrport\u00e1l"},"image":{"@id":"https:\/\/dorogimedence.hu\/#\/schema\/logo\/image\/"},"sameAs":["https:\/\/www.facebook.com\/dorogimedence\/"]},{"@type":"Person","@id":"https:\/\/dorogimedence.hu\/#\/schema\/person\/ce6091eeb7e95ecdc87890d6aa8e0fd4","name":"dorogimedence.hu","image":{"@type":"ImageObject","inLanguage":"hu","@id":"\/\/www.gravatar.com\/avatar\/d8d45f8901aadff40a4af72c0b826f1d?s=96&#038;r=g&#038;d=mm","url":"\/\/www.gravatar.com\/avatar\/d8d45f8901aadff40a4af72c0b826f1d?s=96&#038;r=g&#038;d=mm","contentUrl":"\/\/www.gravatar.com\/avatar\/d8d45f8901aadff40a4af72c0b826f1d?s=96&#038;r=g&#038;d=mm","caption":"dorogimedence.hu"}}]}},"_links":{"self":[{"href":"https:\/\/dorogimedence.hu\/index.php\/wp-json\/wp\/v2\/posts\/33087","targetHints":{"allow":["GET"]}}],"collection":[{"href":"https:\/\/dorogimedence.hu\/index.php\/wp-json\/wp\/v2\/posts"}],"about":[{"href":"https:\/\/dorogimedence.hu\/index.php\/wp-json\/wp\/v2\/types\/post"}],"author":[{"embeddable":true,"href":"https:\/\/dorogimedence.hu\/index.php\/wp-json\/wp\/v2\/users\/1"}],"replies":[{"embeddable":true,"href":"https:\/\/dorogimedence.hu\/index.php\/wp-json\/wp\/v2\/comments?post=33087"}],"version-history":[{"count":0,"href":"https:\/\/dorogimedence.hu\/index.php\/wp-json\/wp\/v2\/posts\/33087\/revisions"}],"wp:featuredmedia":[{"embeddable":true,"href":"https:\/\/dorogimedence.hu\/index.php\/wp-json\/wp\/v2\/media\/33088"}],"wp:attachment":[{"href":"https:\/\/dorogimedence.hu\/index.php\/wp-json\/wp\/v2\/media?parent=33087"}],"wp:term":[{"taxonomy":"category","embeddable":true,"href":"https:\/\/dorogimedence.hu\/index.php\/wp-json\/wp\/v2\/categories?post=33087"},{"taxonomy":"post_tag","embeddable":true,"href":"https:\/\/dorogimedence.hu\/index.php\/wp-json\/wp\/v2\/tags?post=33087"}],"curies":[{"name":"wp","href":"https:\/\/api.w.org\/{rel}","templated":true}]}}