{"id":33073,"date":"2021-05-14T14:41:04","date_gmt":"2021-05-14T12:41:04","guid":{"rendered":"https:\/\/dorogimedence.hu\/?p=33073"},"modified":"2021-05-14T14:51:10","modified_gmt":"2021-05-14T12:51:10","slug":"egyuttmukodo-kamarak-az-unios-forrasok-hatekony-eleresere","status":"publish","type":"post","link":"https:\/\/dorogimedence.hu\/index.php\/2021\/05\/14\/egyuttmukodo-kamarak-az-unios-forrasok-hatekony-eleresere\/","title":{"rendered":"Egy\u00fcttm\u0171k\u00f6d\u0151 kamar\u00e1k az uni\u00f3s forr\u00e1sok hat\u00e9kony el\u00e9r\u00e9s\u00e9re"},"content":{"rendered":"<p><strong>Az \u00c9szaknyugat-magyarorsz\u00e1gi Gazdas\u00e1gfejleszt\u00e9si Z\u00f3n\u00e1ban m\u0171k\u00f6d\u0151 kilenc kereskedelmi \u00e9s iparkamara k\u00f6t\u00f6tt egym\u00e1ssal egy\u00fcttm\u0171k\u00f6d\u00e9si mag\u00e1llapod\u00e1st a napokban Zalaegerszegen, hogy a megny\u00edl\u00f3 eur\u00f3pai uni\u00f3s forr\u00e1sokat min\u00e9l jobban a r\u00e9gi\u00f3 speci\u00e1lis ig\u00e9nyeire figyelve haszn\u00e1lhass\u00e1k fel <\/strong><em>&#8211; mondta dr. Szerencs\u00e9s L\u00e1szl\u00f3, a Kom\u00e1rom-Esztergom Megyei Kereskedelmi \u00e9s Iparkamara (KEMKIK) eln\u00f6ke.<\/em><strong><br \/>\n<\/strong><\/p>\n<p>Dr. Szerencs\u00e9s L\u00e1szl\u00f3 hozz\u00e1tette, a kamarai f\u00f3rum jelent\u0151s eredm\u00e9nye az al\u00e1\u00edrt meg\u00e1llapod\u00e1s, amely a ter\u00fcleti kamar\u00e1k egy\u00fcttm\u0171k\u00f6d\u00e9s\u00e9t szolg\u00e1lja. Ezek a szervezetek ugyanis felismert\u00e9k, hogy sz\u00fcks\u00e9g van egy olyan nagy t\u00e9rs\u00e9gi \u00f6sszefog\u00e1sra, ami a megy\u00e9k \u00e9s a megyei jog\u00fa v\u00e1rosok egym\u00e1st\u00f3l eddig elszigetelt vagy p\u00e1rhuzamosan fut\u00f3 fejleszt\u00e9si elk\u00e9pzel\u00e9seit \u00f6sszehangolja.<\/p>\n<p>A meg\u00e1llapod\u00e1s al\u00e1\u00edr\u00e1sa el\u0151tti f\u00f3rumon t\u00f6bbek k\u00f6z\u00f6tt r\u00e9szt vett Gy\u00f6rgy L\u00e1szl\u00f3, az Innov\u00e1ci\u00f3s \u00e9s Technol\u00f3giai Miniszt\u00e9rium (ITM) gazdas\u00e1gstrat\u00e9gi\u00e1\u00e9rt \u00e9s szab\u00e1lyoz\u00e1s\u00e9rt felel\u0151s \u00e1llamtitk\u00e1ra, P\u00f6l\u00f6skei G\u00e1born\u00e9, az ITM szakk\u00e9pz\u00e9s\u00e9rt felel\u0151s helyettes \u00e1llamtitk\u00e1ra \u00e9s Navracsics Tibor, a r\u00e9gi\u00f3 fejleszt\u00e9s\u00e9\u00e9rt felel\u0151s korm\u00e1nybiztos.<\/p>\n<p>Navracsics Tibor elmondta, a t\u00e9rs\u00e9g gazdas\u00e1gfejleszt\u00e9si programja m\u00e1r a korm\u00e1ny el\u0151tt van \u00e9s napokon bel\u00fcl el is fogadhatj\u00e1k. Arra k\u00e9sz\u00fclnek, hogy a megny\u00edl\u00f3 eur\u00f3pai uni\u00f3s forr\u00e1sokat min\u00e9l hat\u00e9konyabban, a r\u00e9gi\u00f3 specialit\u00e1saira min\u00e9l \u00e9rz\u00e9kenyebben k\u00f6lts\u00e9k majd el. A felk\u00e9sz\u00fcl\u00e9si folyamat egyik r\u00e9sze a zalaegerszegi tal\u00e1lkoz\u00f3, ahol a kamar\u00e1k elmondt\u00e1k \u00e9szrev\u00e9teleiket, biztos\u00edtott\u00e1k a d\u00f6nt\u00e9shoz\u00f3kat gazdas\u00e1gfejleszt\u00e9sben v\u00e1llalt szerep\u00fckr\u0151l.<\/p>\n<p><img fetchpriority=\"high\" decoding=\"async\" class=\"alignnone size-large wp-image-33076\" src=\"https:\/\/dorogimedence.hu\/wp-content\/uploads\/2021\/05\/ESP_3698-1024x713.jpg\" alt=\"\" width=\"755\" height=\"526\" srcset=\"https:\/\/dorogimedence.hu\/wp-content\/uploads\/2021\/05\/ESP_3698-1024x713.jpg 1024w, https:\/\/dorogimedence.hu\/wp-content\/uploads\/2021\/05\/ESP_3698-300x209.jpg 300w, https:\/\/dorogimedence.hu\/wp-content\/uploads\/2021\/05\/ESP_3698-768x535.jpg 768w, https:\/\/dorogimedence.hu\/wp-content\/uploads\/2021\/05\/ESP_3698-150x105.jpg 150w, https:\/\/dorogimedence.hu\/wp-content\/uploads\/2021\/05\/ESP_3698-450x314.jpg 450w, https:\/\/dorogimedence.hu\/wp-content\/uploads\/2021\/05\/ESP_3698.jpg 1200w\" sizes=\"(max-width: 755px) 100vw, 755px\" \/><\/p>\n<p>Az ITM gazdas\u00e1gstrat\u00e9gi\u00e1j\u00e1\u00e9rt \u00e9s szab\u00e1lyoz\u00e1s\u00e1\u00e9rt felel\u0151s \u00e1llamtitk\u00e1ra, dr. Gy\u00f6rgy L\u00e1szl\u00f3 a miniszt\u00e9rium c\u00e9lj\u00e1t tolm\u00e1csolta. Azt szeretn\u00e9k, ha m\u00e1sf\u00e9l \u00e9v alatt legal\u00e1bb annyi v\u00e1llalkoz\u00e1st \u00e9rn\u00e9nek el gazdas\u00e1gfejleszt\u00e9si programjaikkal, mint az elm\u00falt harminc \u00e9vben.<\/p>\n<p>P\u00f6l\u00f6skei G\u00e1born\u00e9, az ITM szakk\u00e9pz\u00e9s\u00e9rt felel\u0151s helyettes \u00e1llamtitk\u00e1ra r\u00e1vil\u00e1g\u00edtott: a t\u00e9rs\u00e9g v\u00e1llalkoz\u00f3i csak \u00fagy lehetnek a p\u00e1ly\u00e1zatok nyertesei, ha min\u0151s\u00e9gi, j\u00f3l k\u00e9pzett munkaer\u0151h\u00f6z jutnak, azt pedig a szak- \u00e9s feln\u0151ttk\u00e9pz\u00e9s tudja szolg\u00e1ltatni. A kamar\u00e1k a du\u00e1lis k\u00e9pz\u00e9s kiteljesed\u00e9s\u00e9ben, annak n\u00e9pszer\u0171s\u00edt\u00e9s\u00e9ben tudnak seg\u00edteni.<\/p>\n<p>A tal\u00e1lkoz\u00f3 v\u00e9g\u00e9n a gazdas\u00e1gfejleszt\u00e9si z\u00f3n\u00e1hoz tartoz\u00f3 hat megye kilenc kamarai eln\u00f6ke egy\u00fcttm\u0171k\u00f6d\u00e9si meg\u00e1llapod\u00e1st \u00edrt al\u00e1, mellyel a v\u00e1llalkoz\u00e1sok versenyk\u00e9pess\u00e9g\u00e9nek er\u0151s\u00edt\u00e9s\u00e9t szeretn\u00e9k el\u0151mozd\u00edtani.<\/p>\n<p>Sz\u00e1nd\u00e9kuk szerint a felek Innov\u00e1ci\u00f3s \u00e9s Gazdas\u00e1gfejleszt\u00e9si T\u00e1mogat\u00f3 H\u00e1l\u00f3zatot hoznak l\u00e9tre, mely kamarai munkat\u00e1rsak \u00e9s k\u00fcls\u0151 szakemberek bevon\u00e1s\u00e1val k\u00f6zvetlen\u00fcl, m\u00e9rhet\u0151 \u00e9s \u00e9rt\u00e9kelhet\u0151 m\u00f3dszerrel seg\u00edti a KKV szektort, hogy a v\u00e1llalkoz\u00e1sok sz\u00e1m\u00e1ra egys\u00e9ges szolg\u00e1ltat\u00e1si portf\u00f3li\u00f3 j\u00f6jj\u00f6n l\u00e9tre, amely integr\u00e1lja az eddig m\u0171k\u00f6dtetett \u00e9s kipr\u00f3b\u00e1lt h\u00e1l\u00f3zati elemeket.<\/p>\n<p>Az al\u00e1\u00edr\u00f3k egy\u00fcttm\u0171k\u00f6dnek tov\u00e1bb\u00e1 abban, hogy a t\u00e9rs\u00e9g ipar\u00e1gi jellemz\u0151it figyelembe v\u00e9ve \u00f6sszehangolj\u00e1k a k\u00f6z\u00e9p- \u00e9s fels\u0151fok\u00fa k\u00e9pz\u00e9ssel, illetve feln\u0151ttk\u00e9pz\u00e9ssel \u00f6sszef\u00fcgg\u0151 tev\u00e9kenys\u00e9geiket, az illet\u00e9kes oktat\u00e1si int\u00e9zm\u00e9nyek bevon\u00e1s\u00e1val &#8211; ismertette. dr. Szerencs\u00e9s L\u00e1szl\u00f3, a KEMKIK eln\u00f6ke.<\/p>\n<p><em>Fot\u00f3k, forr\u00e1s: KEMKIK<\/em><\/p>\n","protected":false},"excerpt":{"rendered":"<p>Az \u00c9szaknyugat-magyarorsz\u00e1gi Gazdas\u00e1gfejleszt\u00e9si Z\u00f3n\u00e1ban m\u0171k\u00f6d\u0151 kilenc kereskedelmi \u00e9s iparkamara k\u00f6t\u00f6tt egym\u00e1ssal egy\u00fcttm\u0171k\u00f6d\u00e9si mag\u00e1llapod\u00e1st a napokban Zalaegerszegen, hogy a megny\u00edl\u00f3 eur\u00f3pai uni\u00f3s forr\u00e1sokat min\u00e9l jobban a r\u00e9gi\u00f3 speci\u00e1lis ig\u00e9nyeire figyelve haszn\u00e1lhass\u00e1k fel &#8211; mondta dr. Szerencs\u00e9s L\u00e1szl\u00f3, a Kom\u00e1rom-Esztergom Megyei Kereskedelmi \u00e9s Iparkamara (KEMKIK) eln\u00f6ke. Dr. Szerencs\u00e9s L\u00e1szl\u00f3 hozz\u00e1tette, a kamarai f\u00f3rum jelent\u0151s eredm\u00e9nye az al\u00e1\u00edrt<\/p>\n","protected":false},"author":1,"featured_media":33075,"comment_status":"closed","ping_status":"closed","sticky":false,"template":"","format":"standard","meta":{"ngg_post_thumbnail":0,"footnotes":""},"categories":[3,56],"tags":[3799,5683],"class_list":{"0":"post-33073","1":"post","2":"type-post","3":"status-publish","4":"format-standard","5":"has-post-thumbnail","7":"category-hirek","8":"category-komarom-esztergom","9":"tag-komarom-esztergom-megye","10":"tag-omarom-esztergom-megyei-kereskedelmi-es-iparkamara"},"yoast_head":"<!-- This site is optimized with the Yoast SEO plugin v27.5 - https:\/\/yoast.com\/product\/yoast-seo-wordpress\/ -->\n<title>Egy\u00fcttm\u0171k\u00f6d\u0151 kamar\u00e1k az uni\u00f3s forr\u00e1sok hat\u00e9kony el\u00e9r\u00e9s\u00e9re<\/title>\n<meta name=\"robots\" content=\"index, follow, max-snippet:-1, max-image-preview:large, max-video-preview:-1\" \/>\n<link rel=\"canonical\" href=\"https:\/\/dorogimedence.hu\/index.php\/2021\/05\/14\/egyuttmukodo-kamarak-az-unios-forrasok-hatekony-eleresere\/\" class=\"yoast-seo-meta-tag\" \/>\n<meta property=\"og:locale\" content=\"hu_HU\" class=\"yoast-seo-meta-tag\" \/>\n<meta property=\"og:type\" content=\"article\" class=\"yoast-seo-meta-tag\" \/>\n<meta property=\"og:title\" content=\"Egy\u00fcttm\u0171k\u00f6d\u0151 kamar\u00e1k az uni\u00f3s forr\u00e1sok hat\u00e9kony el\u00e9r\u00e9s\u00e9re\" class=\"yoast-seo-meta-tag\" \/>\n<meta property=\"og:description\" content=\"Az \u00c9szaknyugat-magyarorsz\u00e1gi Gazdas\u00e1gfejleszt\u00e9si Z\u00f3n\u00e1ban m\u0171k\u00f6d\u0151 kilenc kereskedelmi \u00e9s iparkamara k\u00f6t\u00f6tt egym\u00e1ssal egy\u00fcttm\u0171k\u00f6d\u00e9si mag\u00e1llapod\u00e1st a napokban Zalaegerszegen, hogy a megny\u00edl\u00f3 eur\u00f3pai uni\u00f3s forr\u00e1sokat min\u00e9l jobban a r\u00e9gi\u00f3 speci\u00e1lis ig\u00e9nyeire figyelve haszn\u00e1lhass\u00e1k fel &#8211; mondta dr. Szerencs\u00e9s L\u00e1szl\u00f3, a Kom\u00e1rom-Esztergom Megyei Kereskedelmi \u00e9s Iparkamara (KEMKIK) eln\u00f6ke. Dr. Szerencs\u00e9s L\u00e1szl\u00f3 hozz\u00e1tette, a kamarai f\u00f3rum jelent\u0151s eredm\u00e9nye az al\u00e1\u00edrt\" class=\"yoast-seo-meta-tag\" \/>\n<meta property=\"og:url\" content=\"https:\/\/dorogimedence.hu\/index.php\/2021\/05\/14\/egyuttmukodo-kamarak-az-unios-forrasok-hatekony-eleresere\/\" class=\"yoast-seo-meta-tag\" \/>\n<meta property=\"og:site_name\" content=\"Dorogi-medence Region\u00e1lis H\u00edrport\u00e1l\" class=\"yoast-seo-meta-tag\" \/>\n<meta property=\"article:publisher\" content=\"https:\/\/www.facebook.com\/dorogimedence\/\" class=\"yoast-seo-meta-tag\" \/>\n<meta property=\"article:published_time\" content=\"2021-05-14T12:41:04+00:00\" class=\"yoast-seo-meta-tag\" \/>\n<meta property=\"article:modified_time\" content=\"2021-05-14T12:51:10+00:00\" class=\"yoast-seo-meta-tag\" \/>\n<meta property=\"og:image\" content=\"https:\/\/i0.wp.com\/dorogimedence.hu\/wp-content\/uploads\/2021\/05\/ESP_3689.jpg?fit=1200%2C813&ssl=1\" class=\"yoast-seo-meta-tag\" \/>\n\t<meta property=\"og:image:width\" content=\"1200\" class=\"yoast-seo-meta-tag\" \/>\n\t<meta property=\"og:image:height\" content=\"813\" class=\"yoast-seo-meta-tag\" \/>\n\t<meta property=\"og:image:type\" content=\"image\/jpeg\" class=\"yoast-seo-meta-tag\" \/>\n<meta name=\"author\" content=\"dorogimedence.hu\" class=\"yoast-seo-meta-tag\" \/>\n<meta name=\"twitter:card\" content=\"summary_large_image\" class=\"yoast-seo-meta-tag\" \/>\n<meta name=\"twitter:label1\" content=\"Szerz\u0151:\" class=\"yoast-seo-meta-tag\" \/>\n\t<meta name=\"twitter:data1\" content=\"dorogimedence.hu\" class=\"yoast-seo-meta-tag\" \/>\n\t<meta name=\"twitter:label2\" content=\"Becs\u00fclt olvas\u00e1si id\u0151\" class=\"yoast-seo-meta-tag\" \/>\n\t<meta name=\"twitter:data2\" content=\"3 perc\" class=\"yoast-seo-meta-tag\" \/>\n<script type=\"application\/ld+json\" class=\"yoast-schema-graph\">{\"@context\":\"https:\\\/\\\/schema.org\",\"@graph\":[{\"@type\":\"Article\",\"@id\":\"https:\\\/\\\/dorogimedence.hu\\\/index.php\\\/2021\\\/05\\\/14\\\/egyuttmukodo-kamarak-az-unios-forrasok-hatekony-eleresere\\\/#article\",\"isPartOf\":{\"@id\":\"https:\\\/\\\/dorogimedence.hu\\\/index.php\\\/2021\\\/05\\\/14\\\/egyuttmukodo-kamarak-az-unios-forrasok-hatekony-eleresere\\\/\"},\"author\":{\"name\":\"dorogimedence.hu\",\"@id\":\"https:\\\/\\\/dorogimedence.hu\\\/#\\\/schema\\\/person\\\/ce6091eeb7e95ecdc87890d6aa8e0fd4\"},\"headline\":\"Egy\u00fcttm\u0171k\u00f6d\u0151 kamar\u00e1k az uni\u00f3s forr\u00e1sok hat\u00e9kony el\u00e9r\u00e9s\u00e9re\",\"datePublished\":\"2021-05-14T12:41:04+00:00\",\"dateModified\":\"2021-05-14T12:51:10+00:00\",\"mainEntityOfPage\":{\"@id\":\"https:\\\/\\\/dorogimedence.hu\\\/index.php\\\/2021\\\/05\\\/14\\\/egyuttmukodo-kamarak-az-unios-forrasok-hatekony-eleresere\\\/\"},\"wordCount\":683,\"publisher\":{\"@id\":\"https:\\\/\\\/dorogimedence.hu\\\/#organization\"},\"image\":{\"@id\":\"https:\\\/\\\/dorogimedence.hu\\\/index.php\\\/2021\\\/05\\\/14\\\/egyuttmukodo-kamarak-az-unios-forrasok-hatekony-eleresere\\\/#primaryimage\"},\"thumbnailUrl\":\"https:\\\/\\\/dorogimedence.hu\\\/wp-content\\\/uploads\\\/2021\\\/05\\\/ESP_3689.jpg\",\"keywords\":[\"Kom\u00e1rom-Esztergom megye\",\"om\u00e1rom-Esztergom Megyei Kereskedelmi \u00e9s Iparkamara\"],\"articleSection\":[\"H\u00edrek\",\"Kom\u00e1rom-Esztergom\"],\"inLanguage\":\"hu\"},{\"@type\":\"WebPage\",\"@id\":\"https:\\\/\\\/dorogimedence.hu\\\/index.php\\\/2021\\\/05\\\/14\\\/egyuttmukodo-kamarak-az-unios-forrasok-hatekony-eleresere\\\/\",\"url\":\"https:\\\/\\\/dorogimedence.hu\\\/index.php\\\/2021\\\/05\\\/14\\\/egyuttmukodo-kamarak-az-unios-forrasok-hatekony-eleresere\\\/\",\"name\":\"Egy\u00fcttm\u0171k\u00f6d\u0151 kamar\u00e1k az uni\u00f3s forr\u00e1sok hat\u00e9kony el\u00e9r\u00e9s\u00e9re\",\"isPartOf\":{\"@id\":\"https:\\\/\\\/dorogimedence.hu\\\/#website\"},\"primaryImageOfPage\":{\"@id\":\"https:\\\/\\\/dorogimedence.hu\\\/index.php\\\/2021\\\/05\\\/14\\\/egyuttmukodo-kamarak-az-unios-forrasok-hatekony-eleresere\\\/#primaryimage\"},\"image\":{\"@id\":\"https:\\\/\\\/dorogimedence.hu\\\/index.php\\\/2021\\\/05\\\/14\\\/egyuttmukodo-kamarak-az-unios-forrasok-hatekony-eleresere\\\/#primaryimage\"},\"thumbnailUrl\":\"https:\\\/\\\/dorogimedence.hu\\\/wp-content\\\/uploads\\\/2021\\\/05\\\/ESP_3689.jpg\",\"datePublished\":\"2021-05-14T12:41:04+00:00\",\"dateModified\":\"2021-05-14T12:51:10+00:00\",\"breadcrumb\":{\"@id\":\"https:\\\/\\\/dorogimedence.hu\\\/index.php\\\/2021\\\/05\\\/14\\\/egyuttmukodo-kamarak-az-unios-forrasok-hatekony-eleresere\\\/#breadcrumb\"},\"inLanguage\":\"hu\",\"potentialAction\":[{\"@type\":\"ReadAction\",\"target\":[\"https:\\\/\\\/dorogimedence.hu\\\/index.php\\\/2021\\\/05\\\/14\\\/egyuttmukodo-kamarak-az-unios-forrasok-hatekony-eleresere\\\/\"]}]},{\"@type\":\"ImageObject\",\"inLanguage\":\"hu\",\"@id\":\"https:\\\/\\\/dorogimedence.hu\\\/index.php\\\/2021\\\/05\\\/14\\\/egyuttmukodo-kamarak-az-unios-forrasok-hatekony-eleresere\\\/#primaryimage\",\"url\":\"https:\\\/\\\/dorogimedence.hu\\\/wp-content\\\/uploads\\\/2021\\\/05\\\/ESP_3689.jpg\",\"contentUrl\":\"https:\\\/\\\/dorogimedence.hu\\\/wp-content\\\/uploads\\\/2021\\\/05\\\/ESP_3689.jpg\",\"width\":1200,\"height\":813},{\"@type\":\"BreadcrumbList\",\"@id\":\"https:\\\/\\\/dorogimedence.hu\\\/index.php\\\/2021\\\/05\\\/14\\\/egyuttmukodo-kamarak-az-unios-forrasok-hatekony-eleresere\\\/#breadcrumb\",\"itemListElement\":[{\"@type\":\"ListItem\",\"position\":1,\"name\":\"Kezd\u0151lap\",\"item\":\"https:\\\/\\\/dorogimedence.hu\\\/\"},{\"@type\":\"ListItem\",\"position\":2,\"name\":\"Egy\u00fcttm\u0171k\u00f6d\u0151 kamar\u00e1k az uni\u00f3s forr\u00e1sok hat\u00e9kony el\u00e9r\u00e9s\u00e9re\"}]},{\"@type\":\"WebSite\",\"@id\":\"https:\\\/\\\/dorogimedence.hu\\\/#website\",\"url\":\"https:\\\/\\\/dorogimedence.hu\\\/\",\"name\":\"Dorogi-medence Region\u00e1lis H\u00edrport\u00e1l\",\"description\":\"Dorog, Keszt\u00f6lc, Le\u00e1nyv\u00e1r, Piliscs\u00e9v, Tokod, Tokodalt\u00e1r\u00f3, Csolnok, Esztergom-kertv\u00e1ros: h\u00edrek, programok\",\"publisher\":{\"@id\":\"https:\\\/\\\/dorogimedence.hu\\\/#organization\"},\"potentialAction\":[{\"@type\":\"SearchAction\",\"target\":{\"@type\":\"EntryPoint\",\"urlTemplate\":\"https:\\\/\\\/dorogimedence.hu\\\/?s={search_term_string}\"},\"query-input\":{\"@type\":\"PropertyValueSpecification\",\"valueRequired\":true,\"valueName\":\"search_term_string\"}}],\"inLanguage\":\"hu\"},{\"@type\":\"Organization\",\"@id\":\"https:\\\/\\\/dorogimedence.hu\\\/#organization\",\"name\":\"Dorogi-medence Region\u00e1lis H\u00edrport\u00e1l\",\"url\":\"https:\\\/\\\/dorogimedence.hu\\\/\",\"logo\":{\"@type\":\"ImageObject\",\"inLanguage\":\"hu\",\"@id\":\"https:\\\/\\\/dorogimedence.hu\\\/#\\\/schema\\\/logo\\\/image\\\/\",\"url\":\"https:\\\/\\\/dorogimedence.hu\\\/wp-content\\\/uploads\\\/2021\\\/04\\\/logo-feher-600.png\",\"contentUrl\":\"https:\\\/\\\/dorogimedence.hu\\\/wp-content\\\/uploads\\\/2021\\\/04\\\/logo-feher-600.png\",\"width\":600,\"height\":100,\"caption\":\"Dorogi-medence Region\u00e1lis H\u00edrport\u00e1l\"},\"image\":{\"@id\":\"https:\\\/\\\/dorogimedence.hu\\\/#\\\/schema\\\/logo\\\/image\\\/\"},\"sameAs\":[\"https:\\\/\\\/www.facebook.com\\\/dorogimedence\\\/\"]},{\"@type\":\"Person\",\"@id\":\"https:\\\/\\\/dorogimedence.hu\\\/#\\\/schema\\\/person\\\/ce6091eeb7e95ecdc87890d6aa8e0fd4\",\"name\":\"dorogimedence.hu\",\"image\":{\"@type\":\"ImageObject\",\"inLanguage\":\"hu\",\"@id\":\"\\\/\\\/www.gravatar.com\\\/avatar\\\/d8d45f8901aadff40a4af72c0b826f1d?s=96&#038;r=g&#038;d=mm\",\"url\":\"\\\/\\\/www.gravatar.com\\\/avatar\\\/d8d45f8901aadff40a4af72c0b826f1d?s=96&#038;r=g&#038;d=mm\",\"contentUrl\":\"\\\/\\\/www.gravatar.com\\\/avatar\\\/d8d45f8901aadff40a4af72c0b826f1d?s=96&#038;r=g&#038;d=mm\",\"caption\":\"dorogimedence.hu\"}}]}<\/script>\n<!-- \/ Yoast SEO plugin. -->","yoast_head_json":{"title":"Egy\u00fcttm\u0171k\u00f6d\u0151 kamar\u00e1k az uni\u00f3s forr\u00e1sok hat\u00e9kony el\u00e9r\u00e9s\u00e9re","robots":{"index":"index","follow":"follow","max-snippet":"max-snippet:-1","max-image-preview":"max-image-preview:large","max-video-preview":"max-video-preview:-1"},"canonical":"https:\/\/dorogimedence.hu\/index.php\/2021\/05\/14\/egyuttmukodo-kamarak-az-unios-forrasok-hatekony-eleresere\/","og_locale":"hu_HU","og_type":"article","og_title":"Egy\u00fcttm\u0171k\u00f6d\u0151 kamar\u00e1k az uni\u00f3s forr\u00e1sok hat\u00e9kony el\u00e9r\u00e9s\u00e9re","og_description":"Az \u00c9szaknyugat-magyarorsz\u00e1gi Gazdas\u00e1gfejleszt\u00e9si Z\u00f3n\u00e1ban m\u0171k\u00f6d\u0151 kilenc kereskedelmi \u00e9s iparkamara k\u00f6t\u00f6tt egym\u00e1ssal egy\u00fcttm\u0171k\u00f6d\u00e9si mag\u00e1llapod\u00e1st a napokban Zalaegerszegen, hogy a megny\u00edl\u00f3 eur\u00f3pai uni\u00f3s forr\u00e1sokat min\u00e9l jobban a r\u00e9gi\u00f3 speci\u00e1lis ig\u00e9nyeire figyelve haszn\u00e1lhass\u00e1k fel &#8211; mondta dr. Szerencs\u00e9s L\u00e1szl\u00f3, a Kom\u00e1rom-Esztergom Megyei Kereskedelmi \u00e9s Iparkamara (KEMKIK) eln\u00f6ke. Dr. Szerencs\u00e9s L\u00e1szl\u00f3 hozz\u00e1tette, a kamarai f\u00f3rum jelent\u0151s eredm\u00e9nye az al\u00e1\u00edrt","og_url":"https:\/\/dorogimedence.hu\/index.php\/2021\/05\/14\/egyuttmukodo-kamarak-az-unios-forrasok-hatekony-eleresere\/","og_site_name":"Dorogi-medence Region\u00e1lis H\u00edrport\u00e1l","article_publisher":"https:\/\/www.facebook.com\/dorogimedence\/","article_published_time":"2021-05-14T12:41:04+00:00","article_modified_time":"2021-05-14T12:51:10+00:00","og_image":[{"width":1200,"height":813,"url":"https:\/\/i0.wp.com\/dorogimedence.hu\/wp-content\/uploads\/2021\/05\/ESP_3689.jpg?fit=1200%2C813&ssl=1","type":"image\/jpeg"}],"author":"dorogimedence.hu","twitter_card":"summary_large_image","twitter_misc":{"Szerz\u0151:":"dorogimedence.hu","Becs\u00fclt olvas\u00e1si id\u0151":"3 perc"},"schema":{"@context":"https:\/\/schema.org","@graph":[{"@type":"Article","@id":"https:\/\/dorogimedence.hu\/index.php\/2021\/05\/14\/egyuttmukodo-kamarak-az-unios-forrasok-hatekony-eleresere\/#article","isPartOf":{"@id":"https:\/\/dorogimedence.hu\/index.php\/2021\/05\/14\/egyuttmukodo-kamarak-az-unios-forrasok-hatekony-eleresere\/"},"author":{"name":"dorogimedence.hu","@id":"https:\/\/dorogimedence.hu\/#\/schema\/person\/ce6091eeb7e95ecdc87890d6aa8e0fd4"},"headline":"Egy\u00fcttm\u0171k\u00f6d\u0151 kamar\u00e1k az uni\u00f3s forr\u00e1sok hat\u00e9kony el\u00e9r\u00e9s\u00e9re","datePublished":"2021-05-14T12:41:04+00:00","dateModified":"2021-05-14T12:51:10+00:00","mainEntityOfPage":{"@id":"https:\/\/dorogimedence.hu\/index.php\/2021\/05\/14\/egyuttmukodo-kamarak-az-unios-forrasok-hatekony-eleresere\/"},"wordCount":683,"publisher":{"@id":"https:\/\/dorogimedence.hu\/#organization"},"image":{"@id":"https:\/\/dorogimedence.hu\/index.php\/2021\/05\/14\/egyuttmukodo-kamarak-az-unios-forrasok-hatekony-eleresere\/#primaryimage"},"thumbnailUrl":"https:\/\/dorogimedence.hu\/wp-content\/uploads\/2021\/05\/ESP_3689.jpg","keywords":["Kom\u00e1rom-Esztergom megye","om\u00e1rom-Esztergom Megyei Kereskedelmi \u00e9s Iparkamara"],"articleSection":["H\u00edrek","Kom\u00e1rom-Esztergom"],"inLanguage":"hu"},{"@type":"WebPage","@id":"https:\/\/dorogimedence.hu\/index.php\/2021\/05\/14\/egyuttmukodo-kamarak-az-unios-forrasok-hatekony-eleresere\/","url":"https:\/\/dorogimedence.hu\/index.php\/2021\/05\/14\/egyuttmukodo-kamarak-az-unios-forrasok-hatekony-eleresere\/","name":"Egy\u00fcttm\u0171k\u00f6d\u0151 kamar\u00e1k az uni\u00f3s forr\u00e1sok hat\u00e9kony el\u00e9r\u00e9s\u00e9re","isPartOf":{"@id":"https:\/\/dorogimedence.hu\/#website"},"primaryImageOfPage":{"@id":"https:\/\/dorogimedence.hu\/index.php\/2021\/05\/14\/egyuttmukodo-kamarak-az-unios-forrasok-hatekony-eleresere\/#primaryimage"},"image":{"@id":"https:\/\/dorogimedence.hu\/index.php\/2021\/05\/14\/egyuttmukodo-kamarak-az-unios-forrasok-hatekony-eleresere\/#primaryimage"},"thumbnailUrl":"https:\/\/dorogimedence.hu\/wp-content\/uploads\/2021\/05\/ESP_3689.jpg","datePublished":"2021-05-14T12:41:04+00:00","dateModified":"2021-05-14T12:51:10+00:00","breadcrumb":{"@id":"https:\/\/dorogimedence.hu\/index.php\/2021\/05\/14\/egyuttmukodo-kamarak-az-unios-forrasok-hatekony-eleresere\/#breadcrumb"},"inLanguage":"hu","potentialAction":[{"@type":"ReadAction","target":["https:\/\/dorogimedence.hu\/index.php\/2021\/05\/14\/egyuttmukodo-kamarak-az-unios-forrasok-hatekony-eleresere\/"]}]},{"@type":"ImageObject","inLanguage":"hu","@id":"https:\/\/dorogimedence.hu\/index.php\/2021\/05\/14\/egyuttmukodo-kamarak-az-unios-forrasok-hatekony-eleresere\/#primaryimage","url":"https:\/\/dorogimedence.hu\/wp-content\/uploads\/2021\/05\/ESP_3689.jpg","contentUrl":"https:\/\/dorogimedence.hu\/wp-content\/uploads\/2021\/05\/ESP_3689.jpg","width":1200,"height":813},{"@type":"BreadcrumbList","@id":"https:\/\/dorogimedence.hu\/index.php\/2021\/05\/14\/egyuttmukodo-kamarak-az-unios-forrasok-hatekony-eleresere\/#breadcrumb","itemListElement":[{"@type":"ListItem","position":1,"name":"Kezd\u0151lap","item":"https:\/\/dorogimedence.hu\/"},{"@type":"ListItem","position":2,"name":"Egy\u00fcttm\u0171k\u00f6d\u0151 kamar\u00e1k az uni\u00f3s forr\u00e1sok hat\u00e9kony el\u00e9r\u00e9s\u00e9re"}]},{"@type":"WebSite","@id":"https:\/\/dorogimedence.hu\/#website","url":"https:\/\/dorogimedence.hu\/","name":"Dorogi-medence Region\u00e1lis H\u00edrport\u00e1l","description":"Dorog, Keszt\u00f6lc, Le\u00e1nyv\u00e1r, Piliscs\u00e9v, Tokod, Tokodalt\u00e1r\u00f3, Csolnok, Esztergom-kertv\u00e1ros: h\u00edrek, programok","publisher":{"@id":"https:\/\/dorogimedence.hu\/#organization"},"potentialAction":[{"@type":"SearchAction","target":{"@type":"EntryPoint","urlTemplate":"https:\/\/dorogimedence.hu\/?s={search_term_string}"},"query-input":{"@type":"PropertyValueSpecification","valueRequired":true,"valueName":"search_term_string"}}],"inLanguage":"hu"},{"@type":"Organization","@id":"https:\/\/dorogimedence.hu\/#organization","name":"Dorogi-medence Region\u00e1lis H\u00edrport\u00e1l","url":"https:\/\/dorogimedence.hu\/","logo":{"@type":"ImageObject","inLanguage":"hu","@id":"https:\/\/dorogimedence.hu\/#\/schema\/logo\/image\/","url":"https:\/\/dorogimedence.hu\/wp-content\/uploads\/2021\/04\/logo-feher-600.png","contentUrl":"https:\/\/dorogimedence.hu\/wp-content\/uploads\/2021\/04\/logo-feher-600.png","width":600,"height":100,"caption":"Dorogi-medence Region\u00e1lis H\u00edrport\u00e1l"},"image":{"@id":"https:\/\/dorogimedence.hu\/#\/schema\/logo\/image\/"},"sameAs":["https:\/\/www.facebook.com\/dorogimedence\/"]},{"@type":"Person","@id":"https:\/\/dorogimedence.hu\/#\/schema\/person\/ce6091eeb7e95ecdc87890d6aa8e0fd4","name":"dorogimedence.hu","image":{"@type":"ImageObject","inLanguage":"hu","@id":"\/\/www.gravatar.com\/avatar\/d8d45f8901aadff40a4af72c0b826f1d?s=96&#038;r=g&#038;d=mm","url":"\/\/www.gravatar.com\/avatar\/d8d45f8901aadff40a4af72c0b826f1d?s=96&#038;r=g&#038;d=mm","contentUrl":"\/\/www.gravatar.com\/avatar\/d8d45f8901aadff40a4af72c0b826f1d?s=96&#038;r=g&#038;d=mm","caption":"dorogimedence.hu"}}]}},"_links":{"self":[{"href":"https:\/\/dorogimedence.hu\/index.php\/wp-json\/wp\/v2\/posts\/33073","targetHints":{"allow":["GET"]}}],"collection":[{"href":"https:\/\/dorogimedence.hu\/index.php\/wp-json\/wp\/v2\/posts"}],"about":[{"href":"https:\/\/dorogimedence.hu\/index.php\/wp-json\/wp\/v2\/types\/post"}],"author":[{"embeddable":true,"href":"https:\/\/dorogimedence.hu\/index.php\/wp-json\/wp\/v2\/users\/1"}],"replies":[{"embeddable":true,"href":"https:\/\/dorogimedence.hu\/index.php\/wp-json\/wp\/v2\/comments?post=33073"}],"version-history":[{"count":0,"href":"https:\/\/dorogimedence.hu\/index.php\/wp-json\/wp\/v2\/posts\/33073\/revisions"}],"wp:featuredmedia":[{"embeddable":true,"href":"https:\/\/dorogimedence.hu\/index.php\/wp-json\/wp\/v2\/media\/33075"}],"wp:attachment":[{"href":"https:\/\/dorogimedence.hu\/index.php\/wp-json\/wp\/v2\/media?parent=33073"}],"wp:term":[{"taxonomy":"category","embeddable":true,"href":"https:\/\/dorogimedence.hu\/index.php\/wp-json\/wp\/v2\/categories?post=33073"},{"taxonomy":"post_tag","embeddable":true,"href":"https:\/\/dorogimedence.hu\/index.php\/wp-json\/wp\/v2\/tags?post=33073"}],"curies":[{"name":"wp","href":"https:\/\/api.w.org\/{rel}","templated":true}]}}