{"id":3286,"date":"2017-05-22T13:48:31","date_gmt":"2017-05-22T11:48:31","guid":{"rendered":"http:\/\/dorogimedence.hu\/?p=3286"},"modified":"2017-05-22T13:48:31","modified_gmt":"2017-05-22T11:48:31","slug":"video-jotekonysagi-koncert","status":"publish","type":"post","link":"https:\/\/dorogimedence.hu\/index.php\/2017\/05\/22\/video-jotekonysagi-koncert\/","title":{"rendered":"Vide\u00f3: j\u00f3t\u00e9konys\u00e1gi koncert"},"content":{"rendered":"<p><strong>M\u00e1jus 21-\u00e9n, vas\u00e1rnap, j\u00f3t\u00e9konys\u00e1gi koncertet rendeztek Pilissz\u00e1nt\u00f3n, a Boldogasszony K\u00e1poln\u00e1n\u00e1l. Aki esetleg nem vett r\u00e9szt az Ismer\u0151s Arcok j\u00f3t\u00e9konys\u00e1gi koncertj\u00e9n \u00e9s szeretn\u00e9 visszan\u00e9zni\/hallgatni az esem\u00e9nyt, az Valovics L\u00e1szl\u00f3 j\u00f3volt\u00e1b\u00f3l megteheti.<\/strong><\/p>\n<p><iframe src=\"https:\/\/www.youtube.com\/embed\/E29p8QKQtHA\" width=\"670\" height=\"400\" frameborder=\"0\" allowfullscreen=\"allowfullscreen\"><\/iframe><\/p>\n<p>A koncerten gy\u0171jt\u0151l\u00e1d\u00e1kat helyeztek el, az adom\u00e1nyb\u00f3l pedig a pilissz\u00e1nt\u00f3i iskola tornaterm\u00e9t szeretn\u00e9k fel\u00faj\u00edtani.<\/p>\n<p><em><strong>Valovics L\u00e1szl\u00f3nak k\u00f6sz\u00f6nj\u00fck a vide\u00f3t!<\/strong><\/em><\/p>\n","protected":false},"excerpt":{"rendered":"<p>M\u00e1jus 21-\u00e9n, vas\u00e1rnap, j\u00f3t\u00e9konys\u00e1gi koncertet rendeztek Pilissz\u00e1nt\u00f3n, a Boldogasszony K\u00e1poln\u00e1n\u00e1l. Aki esetleg nem vett r\u00e9szt az Ismer\u0151s Arcok j\u00f3t\u00e9konys\u00e1gi koncertj\u00e9n \u00e9s szeretn\u00e9 visszan\u00e9zni\/hallgatni az esem\u00e9nyt, az Valovics L\u00e1szl\u00f3 j\u00f3volt\u00e1b\u00f3l megteheti. A koncerten gy\u0171jt\u0151l\u00e1d\u00e1kat helyeztek el, az adom\u00e1nyb\u00f3l pedig a pilissz\u00e1nt\u00f3i iskola tornaterm\u00e9t szeretn\u00e9k fel\u00faj\u00edtani. Valovics L\u00e1szl\u00f3nak k\u00f6sz\u00f6nj\u00fck a vide\u00f3t!<\/p>\n","protected":false},"author":1,"featured_media":3287,"comment_status":"closed","ping_status":"closed","sticky":false,"template":"","format":"standard","meta":{"ngg_post_thumbnail":0,"footnotes":""},"categories":[3],"tags":[1033,995,195],"class_list":{"0":"post-3286","1":"post","2":"type-post","3":"status-publish","4":"format-standard","5":"has-post-thumbnail","7":"category-hirek","8":"tag-ismeros-arcok","9":"tag-jotekonysagi-koncert","10":"tag-pilisszanto"},"yoast_head":"<!-- This site is optimized with the Yoast SEO plugin v27.4 - https:\/\/yoast.com\/product\/yoast-seo-wordpress\/ -->\n<title>Vide\u00f3: j\u00f3t\u00e9konys\u00e1gi koncert<\/title>\n<meta name=\"robots\" content=\"index, follow, max-snippet:-1, max-image-preview:large, max-video-preview:-1\" \/>\n<link rel=\"canonical\" href=\"https:\/\/dorogimedence.hu\/index.php\/2017\/05\/22\/video-jotekonysagi-koncert\/\" class=\"yoast-seo-meta-tag\" \/>\n<meta property=\"og:locale\" content=\"hu_HU\" class=\"yoast-seo-meta-tag\" \/>\n<meta property=\"og:type\" content=\"article\" class=\"yoast-seo-meta-tag\" \/>\n<meta property=\"og:title\" content=\"Vide\u00f3: j\u00f3t\u00e9konys\u00e1gi koncert\" class=\"yoast-seo-meta-tag\" \/>\n<meta property=\"og:description\" content=\"M\u00e1jus 21-\u00e9n, vas\u00e1rnap, j\u00f3t\u00e9konys\u00e1gi koncertet rendeztek Pilissz\u00e1nt\u00f3n, a Boldogasszony K\u00e1poln\u00e1n\u00e1l. Aki esetleg nem vett r\u00e9szt az Ismer\u0151s Arcok j\u00f3t\u00e9konys\u00e1gi koncertj\u00e9n \u00e9s szeretn\u00e9 visszan\u00e9zni\/hallgatni az esem\u00e9nyt, az Valovics L\u00e1szl\u00f3 j\u00f3volt\u00e1b\u00f3l megteheti. A koncerten gy\u0171jt\u0151l\u00e1d\u00e1kat helyeztek el, az adom\u00e1nyb\u00f3l pedig a pilissz\u00e1nt\u00f3i iskola tornaterm\u00e9t szeretn\u00e9k fel\u00faj\u00edtani. Valovics L\u00e1szl\u00f3nak k\u00f6sz\u00f6nj\u00fck a vide\u00f3t!\" class=\"yoast-seo-meta-tag\" \/>\n<meta property=\"og:url\" content=\"https:\/\/dorogimedence.hu\/index.php\/2017\/05\/22\/video-jotekonysagi-koncert\/\" class=\"yoast-seo-meta-tag\" \/>\n<meta property=\"og:site_name\" content=\"Dorogi-medence Region\u00e1lis H\u00edrport\u00e1l\" class=\"yoast-seo-meta-tag\" \/>\n<meta property=\"article:publisher\" content=\"https:\/\/www.facebook.com\/dorogimedence\/\" class=\"yoast-seo-meta-tag\" \/>\n<meta property=\"article:published_time\" content=\"2017-05-22T11:48:31+00:00\" class=\"yoast-seo-meta-tag\" \/>\n<meta property=\"og:image\" content=\"https:\/\/i0.wp.com\/dorogimedence.hu\/wp-content\/uploads\/2017\/05\/ismeros-arcok-01.png?fit=670%2C365&ssl=1\" class=\"yoast-seo-meta-tag\" \/>\n\t<meta property=\"og:image:width\" content=\"670\" class=\"yoast-seo-meta-tag\" \/>\n\t<meta property=\"og:image:height\" content=\"365\" class=\"yoast-seo-meta-tag\" \/>\n\t<meta property=\"og:image:type\" content=\"image\/png\" class=\"yoast-seo-meta-tag\" \/>\n<meta name=\"author\" content=\"dorogimedence.hu\" class=\"yoast-seo-meta-tag\" \/>\n<meta name=\"twitter:card\" content=\"summary_large_image\" class=\"yoast-seo-meta-tag\" \/>\n<meta name=\"twitter:label1\" content=\"Szerz\u0151:\" class=\"yoast-seo-meta-tag\" \/>\n\t<meta name=\"twitter:data1\" content=\"dorogimedence.hu\" class=\"yoast-seo-meta-tag\" \/>\n<script type=\"application\/ld+json\" class=\"yoast-schema-graph\">{\"@context\":\"https:\\\/\\\/schema.org\",\"@graph\":[{\"@type\":\"Article\",\"@id\":\"https:\\\/\\\/dorogimedence.hu\\\/index.php\\\/2017\\\/05\\\/22\\\/video-jotekonysagi-koncert\\\/#article\",\"isPartOf\":{\"@id\":\"https:\\\/\\\/dorogimedence.hu\\\/index.php\\\/2017\\\/05\\\/22\\\/video-jotekonysagi-koncert\\\/\"},\"author\":{\"name\":\"dorogimedence.hu\",\"@id\":\"https:\\\/\\\/dorogimedence.hu\\\/#\\\/schema\\\/person\\\/ce6091eeb7e95ecdc87890d6aa8e0fd4\"},\"headline\":\"Vide\u00f3: j\u00f3t\u00e9konys\u00e1gi koncert\",\"datePublished\":\"2017-05-22T11:48:31+00:00\",\"mainEntityOfPage\":{\"@id\":\"https:\\\/\\\/dorogimedence.hu\\\/index.php\\\/2017\\\/05\\\/22\\\/video-jotekonysagi-koncert\\\/\"},\"wordCount\":97,\"publisher\":{\"@id\":\"https:\\\/\\\/dorogimedence.hu\\\/#organization\"},\"image\":{\"@id\":\"https:\\\/\\\/dorogimedence.hu\\\/index.php\\\/2017\\\/05\\\/22\\\/video-jotekonysagi-koncert\\\/#primaryimage\"},\"thumbnailUrl\":\"https:\\\/\\\/dorogimedence.hu\\\/wp-content\\\/uploads\\\/2017\\\/05\\\/ismeros-arcok-01.png\",\"keywords\":[\"Ismer\u0151s Arcok\",\"j\u00f3t\u00e9konys\u00e1gi koncert\",\"Pilissz\u00e1nt\u00f3\"],\"articleSection\":[\"H\u00edrek\"],\"inLanguage\":\"hu\"},{\"@type\":\"WebPage\",\"@id\":\"https:\\\/\\\/dorogimedence.hu\\\/index.php\\\/2017\\\/05\\\/22\\\/video-jotekonysagi-koncert\\\/\",\"url\":\"https:\\\/\\\/dorogimedence.hu\\\/index.php\\\/2017\\\/05\\\/22\\\/video-jotekonysagi-koncert\\\/\",\"name\":\"Vide\u00f3: j\u00f3t\u00e9konys\u00e1gi koncert\",\"isPartOf\":{\"@id\":\"https:\\\/\\\/dorogimedence.hu\\\/#website\"},\"primaryImageOfPage\":{\"@id\":\"https:\\\/\\\/dorogimedence.hu\\\/index.php\\\/2017\\\/05\\\/22\\\/video-jotekonysagi-koncert\\\/#primaryimage\"},\"image\":{\"@id\":\"https:\\\/\\\/dorogimedence.hu\\\/index.php\\\/2017\\\/05\\\/22\\\/video-jotekonysagi-koncert\\\/#primaryimage\"},\"thumbnailUrl\":\"https:\\\/\\\/dorogimedence.hu\\\/wp-content\\\/uploads\\\/2017\\\/05\\\/ismeros-arcok-01.png\",\"datePublished\":\"2017-05-22T11:48:31+00:00\",\"breadcrumb\":{\"@id\":\"https:\\\/\\\/dorogimedence.hu\\\/index.php\\\/2017\\\/05\\\/22\\\/video-jotekonysagi-koncert\\\/#breadcrumb\"},\"inLanguage\":\"hu\",\"potentialAction\":[{\"@type\":\"ReadAction\",\"target\":[\"https:\\\/\\\/dorogimedence.hu\\\/index.php\\\/2017\\\/05\\\/22\\\/video-jotekonysagi-koncert\\\/\"]}]},{\"@type\":\"ImageObject\",\"inLanguage\":\"hu\",\"@id\":\"https:\\\/\\\/dorogimedence.hu\\\/index.php\\\/2017\\\/05\\\/22\\\/video-jotekonysagi-koncert\\\/#primaryimage\",\"url\":\"https:\\\/\\\/dorogimedence.hu\\\/wp-content\\\/uploads\\\/2017\\\/05\\\/ismeros-arcok-01.png\",\"contentUrl\":\"https:\\\/\\\/dorogimedence.hu\\\/wp-content\\\/uploads\\\/2017\\\/05\\\/ismeros-arcok-01.png\",\"width\":670,\"height\":365},{\"@type\":\"BreadcrumbList\",\"@id\":\"https:\\\/\\\/dorogimedence.hu\\\/index.php\\\/2017\\\/05\\\/22\\\/video-jotekonysagi-koncert\\\/#breadcrumb\",\"itemListElement\":[{\"@type\":\"ListItem\",\"position\":1,\"name\":\"Kezd\u0151lap\",\"item\":\"https:\\\/\\\/dorogimedence.hu\\\/\"},{\"@type\":\"ListItem\",\"position\":2,\"name\":\"Vide\u00f3: j\u00f3t\u00e9konys\u00e1gi koncert\"}]},{\"@type\":\"WebSite\",\"@id\":\"https:\\\/\\\/dorogimedence.hu\\\/#website\",\"url\":\"https:\\\/\\\/dorogimedence.hu\\\/\",\"name\":\"Dorogi-medence Region\u00e1lis H\u00edrport\u00e1l\",\"description\":\"Dorog, Keszt\u00f6lc, Le\u00e1nyv\u00e1r, Piliscs\u00e9v, Tokod, Tokodalt\u00e1r\u00f3, Csolnok, Esztergom-kertv\u00e1ros: h\u00edrek, programok\",\"publisher\":{\"@id\":\"https:\\\/\\\/dorogimedence.hu\\\/#organization\"},\"potentialAction\":[{\"@type\":\"SearchAction\",\"target\":{\"@type\":\"EntryPoint\",\"urlTemplate\":\"https:\\\/\\\/dorogimedence.hu\\\/?s={search_term_string}\"},\"query-input\":{\"@type\":\"PropertyValueSpecification\",\"valueRequired\":true,\"valueName\":\"search_term_string\"}}],\"inLanguage\":\"hu\"},{\"@type\":\"Organization\",\"@id\":\"https:\\\/\\\/dorogimedence.hu\\\/#organization\",\"name\":\"Dorogi-medence Region\u00e1lis H\u00edrport\u00e1l\",\"url\":\"https:\\\/\\\/dorogimedence.hu\\\/\",\"logo\":{\"@type\":\"ImageObject\",\"inLanguage\":\"hu\",\"@id\":\"https:\\\/\\\/dorogimedence.hu\\\/#\\\/schema\\\/logo\\\/image\\\/\",\"url\":\"https:\\\/\\\/dorogimedence.hu\\\/wp-content\\\/uploads\\\/2021\\\/04\\\/logo-feher-600.png\",\"contentUrl\":\"https:\\\/\\\/dorogimedence.hu\\\/wp-content\\\/uploads\\\/2021\\\/04\\\/logo-feher-600.png\",\"width\":600,\"height\":100,\"caption\":\"Dorogi-medence Region\u00e1lis H\u00edrport\u00e1l\"},\"image\":{\"@id\":\"https:\\\/\\\/dorogimedence.hu\\\/#\\\/schema\\\/logo\\\/image\\\/\"},\"sameAs\":[\"https:\\\/\\\/www.facebook.com\\\/dorogimedence\\\/\"]},{\"@type\":\"Person\",\"@id\":\"https:\\\/\\\/dorogimedence.hu\\\/#\\\/schema\\\/person\\\/ce6091eeb7e95ecdc87890d6aa8e0fd4\",\"name\":\"dorogimedence.hu\",\"image\":{\"@type\":\"ImageObject\",\"inLanguage\":\"hu\",\"@id\":\"\\\/\\\/www.gravatar.com\\\/avatar\\\/d8d45f8901aadff40a4af72c0b826f1d?s=96&#038;r=g&#038;d=mm\",\"url\":\"\\\/\\\/www.gravatar.com\\\/avatar\\\/d8d45f8901aadff40a4af72c0b826f1d?s=96&#038;r=g&#038;d=mm\",\"contentUrl\":\"\\\/\\\/www.gravatar.com\\\/avatar\\\/d8d45f8901aadff40a4af72c0b826f1d?s=96&#038;r=g&#038;d=mm\",\"caption\":\"dorogimedence.hu\"}}]}<\/script>\n<!-- \/ Yoast SEO plugin. -->","yoast_head_json":{"title":"Vide\u00f3: j\u00f3t\u00e9konys\u00e1gi koncert","robots":{"index":"index","follow":"follow","max-snippet":"max-snippet:-1","max-image-preview":"max-image-preview:large","max-video-preview":"max-video-preview:-1"},"canonical":"https:\/\/dorogimedence.hu\/index.php\/2017\/05\/22\/video-jotekonysagi-koncert\/","og_locale":"hu_HU","og_type":"article","og_title":"Vide\u00f3: j\u00f3t\u00e9konys\u00e1gi koncert","og_description":"M\u00e1jus 21-\u00e9n, vas\u00e1rnap, j\u00f3t\u00e9konys\u00e1gi koncertet rendeztek Pilissz\u00e1nt\u00f3n, a Boldogasszony K\u00e1poln\u00e1n\u00e1l. Aki esetleg nem vett r\u00e9szt az Ismer\u0151s Arcok j\u00f3t\u00e9konys\u00e1gi koncertj\u00e9n \u00e9s szeretn\u00e9 visszan\u00e9zni\/hallgatni az esem\u00e9nyt, az Valovics L\u00e1szl\u00f3 j\u00f3volt\u00e1b\u00f3l megteheti. A koncerten gy\u0171jt\u0151l\u00e1d\u00e1kat helyeztek el, az adom\u00e1nyb\u00f3l pedig a pilissz\u00e1nt\u00f3i iskola tornaterm\u00e9t szeretn\u00e9k fel\u00faj\u00edtani. Valovics L\u00e1szl\u00f3nak k\u00f6sz\u00f6nj\u00fck a vide\u00f3t!","og_url":"https:\/\/dorogimedence.hu\/index.php\/2017\/05\/22\/video-jotekonysagi-koncert\/","og_site_name":"Dorogi-medence Region\u00e1lis H\u00edrport\u00e1l","article_publisher":"https:\/\/www.facebook.com\/dorogimedence\/","article_published_time":"2017-05-22T11:48:31+00:00","og_image":[{"width":670,"height":365,"url":"https:\/\/i0.wp.com\/dorogimedence.hu\/wp-content\/uploads\/2017\/05\/ismeros-arcok-01.png?fit=670%2C365&ssl=1","type":"image\/png"}],"author":"dorogimedence.hu","twitter_card":"summary_large_image","twitter_misc":{"Szerz\u0151:":"dorogimedence.hu"},"schema":{"@context":"https:\/\/schema.org","@graph":[{"@type":"Article","@id":"https:\/\/dorogimedence.hu\/index.php\/2017\/05\/22\/video-jotekonysagi-koncert\/#article","isPartOf":{"@id":"https:\/\/dorogimedence.hu\/index.php\/2017\/05\/22\/video-jotekonysagi-koncert\/"},"author":{"name":"dorogimedence.hu","@id":"https:\/\/dorogimedence.hu\/#\/schema\/person\/ce6091eeb7e95ecdc87890d6aa8e0fd4"},"headline":"Vide\u00f3: j\u00f3t\u00e9konys\u00e1gi koncert","datePublished":"2017-05-22T11:48:31+00:00","mainEntityOfPage":{"@id":"https:\/\/dorogimedence.hu\/index.php\/2017\/05\/22\/video-jotekonysagi-koncert\/"},"wordCount":97,"publisher":{"@id":"https:\/\/dorogimedence.hu\/#organization"},"image":{"@id":"https:\/\/dorogimedence.hu\/index.php\/2017\/05\/22\/video-jotekonysagi-koncert\/#primaryimage"},"thumbnailUrl":"https:\/\/dorogimedence.hu\/wp-content\/uploads\/2017\/05\/ismeros-arcok-01.png","keywords":["Ismer\u0151s Arcok","j\u00f3t\u00e9konys\u00e1gi koncert","Pilissz\u00e1nt\u00f3"],"articleSection":["H\u00edrek"],"inLanguage":"hu"},{"@type":"WebPage","@id":"https:\/\/dorogimedence.hu\/index.php\/2017\/05\/22\/video-jotekonysagi-koncert\/","url":"https:\/\/dorogimedence.hu\/index.php\/2017\/05\/22\/video-jotekonysagi-koncert\/","name":"Vide\u00f3: j\u00f3t\u00e9konys\u00e1gi koncert","isPartOf":{"@id":"https:\/\/dorogimedence.hu\/#website"},"primaryImageOfPage":{"@id":"https:\/\/dorogimedence.hu\/index.php\/2017\/05\/22\/video-jotekonysagi-koncert\/#primaryimage"},"image":{"@id":"https:\/\/dorogimedence.hu\/index.php\/2017\/05\/22\/video-jotekonysagi-koncert\/#primaryimage"},"thumbnailUrl":"https:\/\/dorogimedence.hu\/wp-content\/uploads\/2017\/05\/ismeros-arcok-01.png","datePublished":"2017-05-22T11:48:31+00:00","breadcrumb":{"@id":"https:\/\/dorogimedence.hu\/index.php\/2017\/05\/22\/video-jotekonysagi-koncert\/#breadcrumb"},"inLanguage":"hu","potentialAction":[{"@type":"ReadAction","target":["https:\/\/dorogimedence.hu\/index.php\/2017\/05\/22\/video-jotekonysagi-koncert\/"]}]},{"@type":"ImageObject","inLanguage":"hu","@id":"https:\/\/dorogimedence.hu\/index.php\/2017\/05\/22\/video-jotekonysagi-koncert\/#primaryimage","url":"https:\/\/dorogimedence.hu\/wp-content\/uploads\/2017\/05\/ismeros-arcok-01.png","contentUrl":"https:\/\/dorogimedence.hu\/wp-content\/uploads\/2017\/05\/ismeros-arcok-01.png","width":670,"height":365},{"@type":"BreadcrumbList","@id":"https:\/\/dorogimedence.hu\/index.php\/2017\/05\/22\/video-jotekonysagi-koncert\/#breadcrumb","itemListElement":[{"@type":"ListItem","position":1,"name":"Kezd\u0151lap","item":"https:\/\/dorogimedence.hu\/"},{"@type":"ListItem","position":2,"name":"Vide\u00f3: j\u00f3t\u00e9konys\u00e1gi koncert"}]},{"@type":"WebSite","@id":"https:\/\/dorogimedence.hu\/#website","url":"https:\/\/dorogimedence.hu\/","name":"Dorogi-medence Region\u00e1lis H\u00edrport\u00e1l","description":"Dorog, Keszt\u00f6lc, Le\u00e1nyv\u00e1r, Piliscs\u00e9v, Tokod, Tokodalt\u00e1r\u00f3, Csolnok, Esztergom-kertv\u00e1ros: h\u00edrek, programok","publisher":{"@id":"https:\/\/dorogimedence.hu\/#organization"},"potentialAction":[{"@type":"SearchAction","target":{"@type":"EntryPoint","urlTemplate":"https:\/\/dorogimedence.hu\/?s={search_term_string}"},"query-input":{"@type":"PropertyValueSpecification","valueRequired":true,"valueName":"search_term_string"}}],"inLanguage":"hu"},{"@type":"Organization","@id":"https:\/\/dorogimedence.hu\/#organization","name":"Dorogi-medence Region\u00e1lis H\u00edrport\u00e1l","url":"https:\/\/dorogimedence.hu\/","logo":{"@type":"ImageObject","inLanguage":"hu","@id":"https:\/\/dorogimedence.hu\/#\/schema\/logo\/image\/","url":"https:\/\/dorogimedence.hu\/wp-content\/uploads\/2021\/04\/logo-feher-600.png","contentUrl":"https:\/\/dorogimedence.hu\/wp-content\/uploads\/2021\/04\/logo-feher-600.png","width":600,"height":100,"caption":"Dorogi-medence Region\u00e1lis H\u00edrport\u00e1l"},"image":{"@id":"https:\/\/dorogimedence.hu\/#\/schema\/logo\/image\/"},"sameAs":["https:\/\/www.facebook.com\/dorogimedence\/"]},{"@type":"Person","@id":"https:\/\/dorogimedence.hu\/#\/schema\/person\/ce6091eeb7e95ecdc87890d6aa8e0fd4","name":"dorogimedence.hu","image":{"@type":"ImageObject","inLanguage":"hu","@id":"\/\/www.gravatar.com\/avatar\/d8d45f8901aadff40a4af72c0b826f1d?s=96&#038;r=g&#038;d=mm","url":"\/\/www.gravatar.com\/avatar\/d8d45f8901aadff40a4af72c0b826f1d?s=96&#038;r=g&#038;d=mm","contentUrl":"\/\/www.gravatar.com\/avatar\/d8d45f8901aadff40a4af72c0b826f1d?s=96&#038;r=g&#038;d=mm","caption":"dorogimedence.hu"}}]}},"_links":{"self":[{"href":"https:\/\/dorogimedence.hu\/index.php\/wp-json\/wp\/v2\/posts\/3286","targetHints":{"allow":["GET"]}}],"collection":[{"href":"https:\/\/dorogimedence.hu\/index.php\/wp-json\/wp\/v2\/posts"}],"about":[{"href":"https:\/\/dorogimedence.hu\/index.php\/wp-json\/wp\/v2\/types\/post"}],"author":[{"embeddable":true,"href":"https:\/\/dorogimedence.hu\/index.php\/wp-json\/wp\/v2\/users\/1"}],"replies":[{"embeddable":true,"href":"https:\/\/dorogimedence.hu\/index.php\/wp-json\/wp\/v2\/comments?post=3286"}],"version-history":[{"count":0,"href":"https:\/\/dorogimedence.hu\/index.php\/wp-json\/wp\/v2\/posts\/3286\/revisions"}],"wp:featuredmedia":[{"embeddable":true,"href":"https:\/\/dorogimedence.hu\/index.php\/wp-json\/wp\/v2\/media\/3287"}],"wp:attachment":[{"href":"https:\/\/dorogimedence.hu\/index.php\/wp-json\/wp\/v2\/media?parent=3286"}],"wp:term":[{"taxonomy":"category","embeddable":true,"href":"https:\/\/dorogimedence.hu\/index.php\/wp-json\/wp\/v2\/categories?post=3286"},{"taxonomy":"post_tag","embeddable":true,"href":"https:\/\/dorogimedence.hu\/index.php\/wp-json\/wp\/v2\/tags?post=3286"}],"curies":[{"name":"wp","href":"https:\/\/api.w.org\/{rel}","templated":true}]}}