{"id":32824,"date":"2021-05-07T10:20:36","date_gmt":"2021-05-07T08:20:36","guid":{"rendered":"https:\/\/dorogimedence.hu\/?p=32824"},"modified":"2021-05-07T10:20:54","modified_gmt":"2021-05-07T08:20:54","slug":"kinyitott-az-esztergomi-varmuzeum","status":"publish","type":"post","link":"https:\/\/dorogimedence.hu\/index.php\/2021\/05\/07\/kinyitott-az-esztergomi-varmuzeum\/","title":{"rendered":"Kinyitott az Esztergomi V\u00e1rm\u00fazeum"},"content":{"rendered":"<p><strong>Az MNM Esztergomi V\u00e1rm\u00fazeuma 2021. m\u00e1jus 7-\u00e9n, p\u00e9nteken 10 \u00f3rakor ism\u00e9t megnyitotta kapuit.<\/strong><\/p>\n<p>M\u00e1jusban cs\u00fct\u00f6rt\u00f6kt\u0151l vas\u00e1rnapig 10 \u00e9s 18 \u00f3ra k\u00f6z\u00f6tt v\u00e1rj\u00e1k az \u00e9rdekl\u0151d\u0151ket. P\u00fcnk\u00f6sd h\u00e9tf\u0151 kiv\u00e9tel\u00e9vel ebben a h\u00f3napban h\u00e9tf\u0151 \u00e9s szerda k\u00f6z\u00f6tt tov\u00e1bbra is z\u00e1rva tartanak.<\/p>\n<p>A j\u00e1rv\u00e1ny\u00fcgyi helyzetre val\u00f3 tekintettel m\u00f3dosultak a l\u00e1togat\u00e1s felt\u00e9telei:<\/p>\n<ul>\n<li>A hat\u00e1lyos jogszab\u00e1lyoknak megfelel\u0151en csak \u00e9rv\u00e9nyes v\u00e9detts\u00e9gi igazolv\u00e1nnyal rendelkez\u0151 nagykor\u00faak (18 \u00e9v felettiek) \u00e9s a vele egy\u00fctt \u00e9rkez\u0151 kiskor\u00faak v\u00e1lthatnak jegyet (pl. sz\u00fcl\u0151 gyermekkel vagy pedag\u00f3gus gyerekcsoporttal).<\/li>\n<li>6 \u00e9v feletti l\u00e1togat\u00f3knak a m\u00fazeum eg\u00e9sz ter\u00fclet\u00e9n tov\u00e1bbra is k\u00f6telez\u0151 a maszk visel\u00e9s, kiv\u00e9ve a m\u00fazeum k\u00e1v\u00e9z\u00f3 terasz\u00e1n.<\/li>\n<li>\u00c9rkez\u00e9skor k\u00e9rik, hogy haszn\u00e1lj\u00e1k a kihelyezett k\u00e9zfert\u0151tlen\u00edt\u0151t \u00e9s tarts\u00e1k meg az 1,5 m\u00e9teres v\u00e9d\u0151t\u00e1vols\u00e1got.<\/li>\n<li>A ki\u00e1ll\u00edt\u00f3 t\u00e9rben egyszerre maximum 100 f\u0151 tart\u00f3zkodhat.<\/li>\n<li>T\u00e1rlatvezet\u00e9s \u00e9s ifj\u00fas\u00e1gi t\u00e1rlatvezet\u00e9s el\u0151zetes bejelentkez\u00e9s ut\u00e1n maximum 15 f\u0151 l\u00e9tsz\u00e1mig ig\u00e9nyelhet\u0151k ezen az email c\u00edmen: kapcsolat@mnmvarmuzeuma.hu<\/li>\n<li>M\u00fazeumpedag\u00f3giai foglalkoz\u00e1sok \u00e1tmenetileg nem vehet\u0151k ig\u00e9nybe.<\/li>\n<\/ul>\n<p><span style=\"text-decoration: underline; color: #0000ff;\"><a style=\"color: #0000ff;\" href=\"https:\/\/www.varmegom.hu\/informaciok\" target=\"_blank\" rel=\"noopener\">Tov\u00e1bbi inform\u00e1ci\u00f3k&gt;&gt;<\/a><\/span><\/p>\n<p><em>Forr\u00e1s: MNM Esztergomi V\u00e1rm\u00fazeuma<\/em><\/p>\n","protected":false},"excerpt":{"rendered":"<p>Az MNM Esztergomi V\u00e1rm\u00fazeuma 2021. m\u00e1jus 7-\u00e9n, p\u00e9nteken 10 \u00f3rakor ism\u00e9t megnyitotta kapuit. M\u00e1jusban cs\u00fct\u00f6rt\u00f6kt\u0151l vas\u00e1rnapig 10 \u00e9s 18 \u00f3ra k\u00f6z\u00f6tt v\u00e1rj\u00e1k az \u00e9rdekl\u0151d\u0151ket. P\u00fcnk\u00f6sd h\u00e9tf\u0151 kiv\u00e9tel\u00e9vel ebben a h\u00f3napban h\u00e9tf\u0151 \u00e9s szerda k\u00f6z\u00f6tt tov\u00e1bbra is z\u00e1rva tartanak. A j\u00e1rv\u00e1ny\u00fcgyi helyzetre val\u00f3 tekintettel m\u00f3dosultak a l\u00e1togat\u00e1s felt\u00e9telei: A hat\u00e1lyos jogszab\u00e1lyoknak megfelel\u0151en csak \u00e9rv\u00e9nyes v\u00e9detts\u00e9gi igazolv\u00e1nnyal<\/p>\n","protected":false},"author":1,"featured_media":32825,"comment_status":"closed","ping_status":"closed","sticky":false,"template":"","format":"standard","meta":{"ngg_post_thumbnail":0,"footnotes":""},"categories":[38,3],"tags":[42,5661,5624,388,5569],"class_list":{"0":"post-32824","1":"post","2":"type-post","3":"status-publish","4":"format-standard","5":"has-post-thumbnail","7":"category-esztergom","8":"category-hirek","9":"tag-esztergom","10":"tag-esztergomi-varmuzeum","11":"tag-featured","12":"tag-kultura","13":"tag-nyitas"},"yoast_head":"<!-- This site is optimized with the Yoast SEO plugin v27.4 - https:\/\/yoast.com\/product\/yoast-seo-wordpress\/ -->\n<title>Kinyitott az Esztergomi V\u00e1rm\u00fazeum<\/title>\n<meta name=\"robots\" content=\"index, follow, max-snippet:-1, max-image-preview:large, max-video-preview:-1\" \/>\n<link rel=\"canonical\" href=\"https:\/\/dorogimedence.hu\/index.php\/2021\/05\/07\/kinyitott-az-esztergomi-varmuzeum\/\" class=\"yoast-seo-meta-tag\" \/>\n<meta property=\"og:locale\" content=\"hu_HU\" class=\"yoast-seo-meta-tag\" \/>\n<meta property=\"og:type\" content=\"article\" class=\"yoast-seo-meta-tag\" \/>\n<meta property=\"og:title\" content=\"Kinyitott az Esztergomi V\u00e1rm\u00fazeum\" class=\"yoast-seo-meta-tag\" \/>\n<meta property=\"og:description\" content=\"Az MNM Esztergomi V\u00e1rm\u00fazeuma 2021. m\u00e1jus 7-\u00e9n, p\u00e9nteken 10 \u00f3rakor ism\u00e9t megnyitotta kapuit. M\u00e1jusban cs\u00fct\u00f6rt\u00f6kt\u0151l vas\u00e1rnapig 10 \u00e9s 18 \u00f3ra k\u00f6z\u00f6tt v\u00e1rj\u00e1k az \u00e9rdekl\u0151d\u0151ket. P\u00fcnk\u00f6sd h\u00e9tf\u0151 kiv\u00e9tel\u00e9vel ebben a h\u00f3napban h\u00e9tf\u0151 \u00e9s szerda k\u00f6z\u00f6tt tov\u00e1bbra is z\u00e1rva tartanak. A j\u00e1rv\u00e1ny\u00fcgyi helyzetre val\u00f3 tekintettel m\u00f3dosultak a l\u00e1togat\u00e1s felt\u00e9telei: A hat\u00e1lyos jogszab\u00e1lyoknak megfelel\u0151en csak \u00e9rv\u00e9nyes v\u00e9detts\u00e9gi igazolv\u00e1nnyal\" class=\"yoast-seo-meta-tag\" \/>\n<meta property=\"og:url\" content=\"https:\/\/dorogimedence.hu\/index.php\/2021\/05\/07\/kinyitott-az-esztergomi-varmuzeum\/\" class=\"yoast-seo-meta-tag\" \/>\n<meta property=\"og:site_name\" content=\"Dorogi-medence Region\u00e1lis H\u00edrport\u00e1l\" class=\"yoast-seo-meta-tag\" \/>\n<meta property=\"article:publisher\" content=\"https:\/\/www.facebook.com\/dorogimedence\/\" class=\"yoast-seo-meta-tag\" \/>\n<meta property=\"article:published_time\" content=\"2021-05-07T08:20:36+00:00\" class=\"yoast-seo-meta-tag\" \/>\n<meta property=\"article:modified_time\" content=\"2021-05-07T08:20:54+00:00\" class=\"yoast-seo-meta-tag\" \/>\n<meta property=\"og:image\" content=\"https:\/\/i0.wp.com\/dorogimedence.hu\/wp-content\/uploads\/2021\/05\/esztergom-varmuzeum.jpg?fit=1080%2C646&ssl=1\" class=\"yoast-seo-meta-tag\" \/>\n\t<meta property=\"og:image:width\" content=\"1080\" class=\"yoast-seo-meta-tag\" \/>\n\t<meta property=\"og:image:height\" content=\"646\" class=\"yoast-seo-meta-tag\" \/>\n\t<meta property=\"og:image:type\" content=\"image\/jpeg\" class=\"yoast-seo-meta-tag\" \/>\n<meta name=\"author\" content=\"dorogimedence.hu\" class=\"yoast-seo-meta-tag\" \/>\n<meta name=\"twitter:card\" content=\"summary_large_image\" class=\"yoast-seo-meta-tag\" \/>\n<meta name=\"twitter:label1\" content=\"Szerz\u0151:\" class=\"yoast-seo-meta-tag\" \/>\n\t<meta name=\"twitter:data1\" content=\"dorogimedence.hu\" class=\"yoast-seo-meta-tag\" \/>\n\t<meta name=\"twitter:label2\" content=\"Becs\u00fclt olvas\u00e1si id\u0151\" class=\"yoast-seo-meta-tag\" \/>\n\t<meta name=\"twitter:data2\" content=\"1 perc\" class=\"yoast-seo-meta-tag\" \/>\n<script type=\"application\/ld+json\" class=\"yoast-schema-graph\">{\"@context\":\"https:\\\/\\\/schema.org\",\"@graph\":[{\"@type\":\"Article\",\"@id\":\"https:\\\/\\\/dorogimedence.hu\\\/index.php\\\/2021\\\/05\\\/07\\\/kinyitott-az-esztergomi-varmuzeum\\\/#article\",\"isPartOf\":{\"@id\":\"https:\\\/\\\/dorogimedence.hu\\\/index.php\\\/2021\\\/05\\\/07\\\/kinyitott-az-esztergomi-varmuzeum\\\/\"},\"author\":{\"name\":\"dorogimedence.hu\",\"@id\":\"https:\\\/\\\/dorogimedence.hu\\\/#\\\/schema\\\/person\\\/ce6091eeb7e95ecdc87890d6aa8e0fd4\"},\"headline\":\"Kinyitott az Esztergomi V\u00e1rm\u00fazeum\",\"datePublished\":\"2021-05-07T08:20:36+00:00\",\"dateModified\":\"2021-05-07T08:20:54+00:00\",\"mainEntityOfPage\":{\"@id\":\"https:\\\/\\\/dorogimedence.hu\\\/index.php\\\/2021\\\/05\\\/07\\\/kinyitott-az-esztergomi-varmuzeum\\\/\"},\"wordCount\":251,\"publisher\":{\"@id\":\"https:\\\/\\\/dorogimedence.hu\\\/#organization\"},\"image\":{\"@id\":\"https:\\\/\\\/dorogimedence.hu\\\/index.php\\\/2021\\\/05\\\/07\\\/kinyitott-az-esztergomi-varmuzeum\\\/#primaryimage\"},\"thumbnailUrl\":\"https:\\\/\\\/dorogimedence.hu\\\/wp-content\\\/uploads\\\/2021\\\/05\\\/esztergom-varmuzeum.jpg\",\"keywords\":[\"esztergom\",\"Esztergomi V\u00e1rm\u00fazeum\",\"featured\",\"kult\u00fara\",\"nyit\u00e1s\"],\"articleSection\":[\"Esztergom\",\"H\u00edrek\"],\"inLanguage\":\"hu\"},{\"@type\":\"WebPage\",\"@id\":\"https:\\\/\\\/dorogimedence.hu\\\/index.php\\\/2021\\\/05\\\/07\\\/kinyitott-az-esztergomi-varmuzeum\\\/\",\"url\":\"https:\\\/\\\/dorogimedence.hu\\\/index.php\\\/2021\\\/05\\\/07\\\/kinyitott-az-esztergomi-varmuzeum\\\/\",\"name\":\"Kinyitott az Esztergomi V\u00e1rm\u00fazeum\",\"isPartOf\":{\"@id\":\"https:\\\/\\\/dorogimedence.hu\\\/#website\"},\"primaryImageOfPage\":{\"@id\":\"https:\\\/\\\/dorogimedence.hu\\\/index.php\\\/2021\\\/05\\\/07\\\/kinyitott-az-esztergomi-varmuzeum\\\/#primaryimage\"},\"image\":{\"@id\":\"https:\\\/\\\/dorogimedence.hu\\\/index.php\\\/2021\\\/05\\\/07\\\/kinyitott-az-esztergomi-varmuzeum\\\/#primaryimage\"},\"thumbnailUrl\":\"https:\\\/\\\/dorogimedence.hu\\\/wp-content\\\/uploads\\\/2021\\\/05\\\/esztergom-varmuzeum.jpg\",\"datePublished\":\"2021-05-07T08:20:36+00:00\",\"dateModified\":\"2021-05-07T08:20:54+00:00\",\"breadcrumb\":{\"@id\":\"https:\\\/\\\/dorogimedence.hu\\\/index.php\\\/2021\\\/05\\\/07\\\/kinyitott-az-esztergomi-varmuzeum\\\/#breadcrumb\"},\"inLanguage\":\"hu\",\"potentialAction\":[{\"@type\":\"ReadAction\",\"target\":[\"https:\\\/\\\/dorogimedence.hu\\\/index.php\\\/2021\\\/05\\\/07\\\/kinyitott-az-esztergomi-varmuzeum\\\/\"]}]},{\"@type\":\"ImageObject\",\"inLanguage\":\"hu\",\"@id\":\"https:\\\/\\\/dorogimedence.hu\\\/index.php\\\/2021\\\/05\\\/07\\\/kinyitott-az-esztergomi-varmuzeum\\\/#primaryimage\",\"url\":\"https:\\\/\\\/dorogimedence.hu\\\/wp-content\\\/uploads\\\/2021\\\/05\\\/esztergom-varmuzeum.jpg\",\"contentUrl\":\"https:\\\/\\\/dorogimedence.hu\\\/wp-content\\\/uploads\\\/2021\\\/05\\\/esztergom-varmuzeum.jpg\",\"width\":1080,\"height\":646},{\"@type\":\"BreadcrumbList\",\"@id\":\"https:\\\/\\\/dorogimedence.hu\\\/index.php\\\/2021\\\/05\\\/07\\\/kinyitott-az-esztergomi-varmuzeum\\\/#breadcrumb\",\"itemListElement\":[{\"@type\":\"ListItem\",\"position\":1,\"name\":\"Kezd\u0151lap\",\"item\":\"https:\\\/\\\/dorogimedence.hu\\\/\"},{\"@type\":\"ListItem\",\"position\":2,\"name\":\"Kinyitott az Esztergomi V\u00e1rm\u00fazeum\"}]},{\"@type\":\"WebSite\",\"@id\":\"https:\\\/\\\/dorogimedence.hu\\\/#website\",\"url\":\"https:\\\/\\\/dorogimedence.hu\\\/\",\"name\":\"Dorogi-medence Region\u00e1lis H\u00edrport\u00e1l\",\"description\":\"Dorog, Keszt\u00f6lc, Le\u00e1nyv\u00e1r, Piliscs\u00e9v, Tokod, Tokodalt\u00e1r\u00f3, Csolnok, Esztergom-kertv\u00e1ros: h\u00edrek, programok\",\"publisher\":{\"@id\":\"https:\\\/\\\/dorogimedence.hu\\\/#organization\"},\"potentialAction\":[{\"@type\":\"SearchAction\",\"target\":{\"@type\":\"EntryPoint\",\"urlTemplate\":\"https:\\\/\\\/dorogimedence.hu\\\/?s={search_term_string}\"},\"query-input\":{\"@type\":\"PropertyValueSpecification\",\"valueRequired\":true,\"valueName\":\"search_term_string\"}}],\"inLanguage\":\"hu\"},{\"@type\":\"Organization\",\"@id\":\"https:\\\/\\\/dorogimedence.hu\\\/#organization\",\"name\":\"Dorogi-medence Region\u00e1lis H\u00edrport\u00e1l\",\"url\":\"https:\\\/\\\/dorogimedence.hu\\\/\",\"logo\":{\"@type\":\"ImageObject\",\"inLanguage\":\"hu\",\"@id\":\"https:\\\/\\\/dorogimedence.hu\\\/#\\\/schema\\\/logo\\\/image\\\/\",\"url\":\"https:\\\/\\\/dorogimedence.hu\\\/wp-content\\\/uploads\\\/2021\\\/04\\\/logo-feher-600.png\",\"contentUrl\":\"https:\\\/\\\/dorogimedence.hu\\\/wp-content\\\/uploads\\\/2021\\\/04\\\/logo-feher-600.png\",\"width\":600,\"height\":100,\"caption\":\"Dorogi-medence Region\u00e1lis H\u00edrport\u00e1l\"},\"image\":{\"@id\":\"https:\\\/\\\/dorogimedence.hu\\\/#\\\/schema\\\/logo\\\/image\\\/\"},\"sameAs\":[\"https:\\\/\\\/www.facebook.com\\\/dorogimedence\\\/\"]},{\"@type\":\"Person\",\"@id\":\"https:\\\/\\\/dorogimedence.hu\\\/#\\\/schema\\\/person\\\/ce6091eeb7e95ecdc87890d6aa8e0fd4\",\"name\":\"dorogimedence.hu\",\"image\":{\"@type\":\"ImageObject\",\"inLanguage\":\"hu\",\"@id\":\"\\\/\\\/www.gravatar.com\\\/avatar\\\/d8d45f8901aadff40a4af72c0b826f1d?s=96&#038;r=g&#038;d=mm\",\"url\":\"\\\/\\\/www.gravatar.com\\\/avatar\\\/d8d45f8901aadff40a4af72c0b826f1d?s=96&#038;r=g&#038;d=mm\",\"contentUrl\":\"\\\/\\\/www.gravatar.com\\\/avatar\\\/d8d45f8901aadff40a4af72c0b826f1d?s=96&#038;r=g&#038;d=mm\",\"caption\":\"dorogimedence.hu\"}}]}<\/script>\n<!-- \/ Yoast SEO plugin. -->","yoast_head_json":{"title":"Kinyitott az Esztergomi V\u00e1rm\u00fazeum","robots":{"index":"index","follow":"follow","max-snippet":"max-snippet:-1","max-image-preview":"max-image-preview:large","max-video-preview":"max-video-preview:-1"},"canonical":"https:\/\/dorogimedence.hu\/index.php\/2021\/05\/07\/kinyitott-az-esztergomi-varmuzeum\/","og_locale":"hu_HU","og_type":"article","og_title":"Kinyitott az Esztergomi V\u00e1rm\u00fazeum","og_description":"Az MNM Esztergomi V\u00e1rm\u00fazeuma 2021. m\u00e1jus 7-\u00e9n, p\u00e9nteken 10 \u00f3rakor ism\u00e9t megnyitotta kapuit. M\u00e1jusban cs\u00fct\u00f6rt\u00f6kt\u0151l vas\u00e1rnapig 10 \u00e9s 18 \u00f3ra k\u00f6z\u00f6tt v\u00e1rj\u00e1k az \u00e9rdekl\u0151d\u0151ket. P\u00fcnk\u00f6sd h\u00e9tf\u0151 kiv\u00e9tel\u00e9vel ebben a h\u00f3napban h\u00e9tf\u0151 \u00e9s szerda k\u00f6z\u00f6tt tov\u00e1bbra is z\u00e1rva tartanak. A j\u00e1rv\u00e1ny\u00fcgyi helyzetre val\u00f3 tekintettel m\u00f3dosultak a l\u00e1togat\u00e1s felt\u00e9telei: A hat\u00e1lyos jogszab\u00e1lyoknak megfelel\u0151en csak \u00e9rv\u00e9nyes v\u00e9detts\u00e9gi igazolv\u00e1nnyal","og_url":"https:\/\/dorogimedence.hu\/index.php\/2021\/05\/07\/kinyitott-az-esztergomi-varmuzeum\/","og_site_name":"Dorogi-medence Region\u00e1lis H\u00edrport\u00e1l","article_publisher":"https:\/\/www.facebook.com\/dorogimedence\/","article_published_time":"2021-05-07T08:20:36+00:00","article_modified_time":"2021-05-07T08:20:54+00:00","og_image":[{"width":1080,"height":646,"url":"https:\/\/i0.wp.com\/dorogimedence.hu\/wp-content\/uploads\/2021\/05\/esztergom-varmuzeum.jpg?fit=1080%2C646&ssl=1","type":"image\/jpeg"}],"author":"dorogimedence.hu","twitter_card":"summary_large_image","twitter_misc":{"Szerz\u0151:":"dorogimedence.hu","Becs\u00fclt olvas\u00e1si id\u0151":"1 perc"},"schema":{"@context":"https:\/\/schema.org","@graph":[{"@type":"Article","@id":"https:\/\/dorogimedence.hu\/index.php\/2021\/05\/07\/kinyitott-az-esztergomi-varmuzeum\/#article","isPartOf":{"@id":"https:\/\/dorogimedence.hu\/index.php\/2021\/05\/07\/kinyitott-az-esztergomi-varmuzeum\/"},"author":{"name":"dorogimedence.hu","@id":"https:\/\/dorogimedence.hu\/#\/schema\/person\/ce6091eeb7e95ecdc87890d6aa8e0fd4"},"headline":"Kinyitott az Esztergomi V\u00e1rm\u00fazeum","datePublished":"2021-05-07T08:20:36+00:00","dateModified":"2021-05-07T08:20:54+00:00","mainEntityOfPage":{"@id":"https:\/\/dorogimedence.hu\/index.php\/2021\/05\/07\/kinyitott-az-esztergomi-varmuzeum\/"},"wordCount":251,"publisher":{"@id":"https:\/\/dorogimedence.hu\/#organization"},"image":{"@id":"https:\/\/dorogimedence.hu\/index.php\/2021\/05\/07\/kinyitott-az-esztergomi-varmuzeum\/#primaryimage"},"thumbnailUrl":"https:\/\/dorogimedence.hu\/wp-content\/uploads\/2021\/05\/esztergom-varmuzeum.jpg","keywords":["esztergom","Esztergomi V\u00e1rm\u00fazeum","featured","kult\u00fara","nyit\u00e1s"],"articleSection":["Esztergom","H\u00edrek"],"inLanguage":"hu"},{"@type":"WebPage","@id":"https:\/\/dorogimedence.hu\/index.php\/2021\/05\/07\/kinyitott-az-esztergomi-varmuzeum\/","url":"https:\/\/dorogimedence.hu\/index.php\/2021\/05\/07\/kinyitott-az-esztergomi-varmuzeum\/","name":"Kinyitott az Esztergomi V\u00e1rm\u00fazeum","isPartOf":{"@id":"https:\/\/dorogimedence.hu\/#website"},"primaryImageOfPage":{"@id":"https:\/\/dorogimedence.hu\/index.php\/2021\/05\/07\/kinyitott-az-esztergomi-varmuzeum\/#primaryimage"},"image":{"@id":"https:\/\/dorogimedence.hu\/index.php\/2021\/05\/07\/kinyitott-az-esztergomi-varmuzeum\/#primaryimage"},"thumbnailUrl":"https:\/\/dorogimedence.hu\/wp-content\/uploads\/2021\/05\/esztergom-varmuzeum.jpg","datePublished":"2021-05-07T08:20:36+00:00","dateModified":"2021-05-07T08:20:54+00:00","breadcrumb":{"@id":"https:\/\/dorogimedence.hu\/index.php\/2021\/05\/07\/kinyitott-az-esztergomi-varmuzeum\/#breadcrumb"},"inLanguage":"hu","potentialAction":[{"@type":"ReadAction","target":["https:\/\/dorogimedence.hu\/index.php\/2021\/05\/07\/kinyitott-az-esztergomi-varmuzeum\/"]}]},{"@type":"ImageObject","inLanguage":"hu","@id":"https:\/\/dorogimedence.hu\/index.php\/2021\/05\/07\/kinyitott-az-esztergomi-varmuzeum\/#primaryimage","url":"https:\/\/dorogimedence.hu\/wp-content\/uploads\/2021\/05\/esztergom-varmuzeum.jpg","contentUrl":"https:\/\/dorogimedence.hu\/wp-content\/uploads\/2021\/05\/esztergom-varmuzeum.jpg","width":1080,"height":646},{"@type":"BreadcrumbList","@id":"https:\/\/dorogimedence.hu\/index.php\/2021\/05\/07\/kinyitott-az-esztergomi-varmuzeum\/#breadcrumb","itemListElement":[{"@type":"ListItem","position":1,"name":"Kezd\u0151lap","item":"https:\/\/dorogimedence.hu\/"},{"@type":"ListItem","position":2,"name":"Kinyitott az Esztergomi V\u00e1rm\u00fazeum"}]},{"@type":"WebSite","@id":"https:\/\/dorogimedence.hu\/#website","url":"https:\/\/dorogimedence.hu\/","name":"Dorogi-medence Region\u00e1lis H\u00edrport\u00e1l","description":"Dorog, Keszt\u00f6lc, Le\u00e1nyv\u00e1r, Piliscs\u00e9v, Tokod, Tokodalt\u00e1r\u00f3, Csolnok, Esztergom-kertv\u00e1ros: h\u00edrek, programok","publisher":{"@id":"https:\/\/dorogimedence.hu\/#organization"},"potentialAction":[{"@type":"SearchAction","target":{"@type":"EntryPoint","urlTemplate":"https:\/\/dorogimedence.hu\/?s={search_term_string}"},"query-input":{"@type":"PropertyValueSpecification","valueRequired":true,"valueName":"search_term_string"}}],"inLanguage":"hu"},{"@type":"Organization","@id":"https:\/\/dorogimedence.hu\/#organization","name":"Dorogi-medence Region\u00e1lis H\u00edrport\u00e1l","url":"https:\/\/dorogimedence.hu\/","logo":{"@type":"ImageObject","inLanguage":"hu","@id":"https:\/\/dorogimedence.hu\/#\/schema\/logo\/image\/","url":"https:\/\/dorogimedence.hu\/wp-content\/uploads\/2021\/04\/logo-feher-600.png","contentUrl":"https:\/\/dorogimedence.hu\/wp-content\/uploads\/2021\/04\/logo-feher-600.png","width":600,"height":100,"caption":"Dorogi-medence Region\u00e1lis H\u00edrport\u00e1l"},"image":{"@id":"https:\/\/dorogimedence.hu\/#\/schema\/logo\/image\/"},"sameAs":["https:\/\/www.facebook.com\/dorogimedence\/"]},{"@type":"Person","@id":"https:\/\/dorogimedence.hu\/#\/schema\/person\/ce6091eeb7e95ecdc87890d6aa8e0fd4","name":"dorogimedence.hu","image":{"@type":"ImageObject","inLanguage":"hu","@id":"\/\/www.gravatar.com\/avatar\/d8d45f8901aadff40a4af72c0b826f1d?s=96&#038;r=g&#038;d=mm","url":"\/\/www.gravatar.com\/avatar\/d8d45f8901aadff40a4af72c0b826f1d?s=96&#038;r=g&#038;d=mm","contentUrl":"\/\/www.gravatar.com\/avatar\/d8d45f8901aadff40a4af72c0b826f1d?s=96&#038;r=g&#038;d=mm","caption":"dorogimedence.hu"}}]}},"_links":{"self":[{"href":"https:\/\/dorogimedence.hu\/index.php\/wp-json\/wp\/v2\/posts\/32824","targetHints":{"allow":["GET"]}}],"collection":[{"href":"https:\/\/dorogimedence.hu\/index.php\/wp-json\/wp\/v2\/posts"}],"about":[{"href":"https:\/\/dorogimedence.hu\/index.php\/wp-json\/wp\/v2\/types\/post"}],"author":[{"embeddable":true,"href":"https:\/\/dorogimedence.hu\/index.php\/wp-json\/wp\/v2\/users\/1"}],"replies":[{"embeddable":true,"href":"https:\/\/dorogimedence.hu\/index.php\/wp-json\/wp\/v2\/comments?post=32824"}],"version-history":[{"count":0,"href":"https:\/\/dorogimedence.hu\/index.php\/wp-json\/wp\/v2\/posts\/32824\/revisions"}],"wp:featuredmedia":[{"embeddable":true,"href":"https:\/\/dorogimedence.hu\/index.php\/wp-json\/wp\/v2\/media\/32825"}],"wp:attachment":[{"href":"https:\/\/dorogimedence.hu\/index.php\/wp-json\/wp\/v2\/media?parent=32824"}],"wp:term":[{"taxonomy":"category","embeddable":true,"href":"https:\/\/dorogimedence.hu\/index.php\/wp-json\/wp\/v2\/categories?post=32824"},{"taxonomy":"post_tag","embeddable":true,"href":"https:\/\/dorogimedence.hu\/index.php\/wp-json\/wp\/v2\/tags?post=32824"}],"curies":[{"name":"wp","href":"https:\/\/api.w.org\/{rel}","templated":true}]}}