{"id":32786,"date":"2021-05-05T13:08:39","date_gmt":"2021-05-05T11:08:39","guid":{"rendered":"https:\/\/dorogimedence.hu\/?p=32786"},"modified":"2021-05-05T13:08:43","modified_gmt":"2021-05-05T11:08:43","slug":"elkeszult-a-nyergesujfalui-ipari-parkot-vedo-gat","status":"publish","type":"post","link":"https:\/\/dorogimedence.hu\/index.php\/2021\/05\/05\/elkeszult-a-nyergesujfalui-ipari-parkot-vedo-gat\/","title":{"rendered":"Elk\u00e9sz\u00fclt a nyerges\u00fajfalui ipari parkot v\u00e9d\u0151 g\u00e1t"},"content":{"rendered":"<p><strong>Csaknem egy kilom\u00e9ter hossz\u00fas\u00e1gban elk\u00e9sz\u00fclt a Nyerges\u00fajfalu-Dunaalm\u00e1s \u00f6bl\u00f6zet \u00e9s a nyerges\u00fajfalui ipari park \u00e1rv\u00edzv\u00e9delmi biztons\u00e1g\u00e1t megteremt\u0151 g\u00e1trendszer.<\/strong><\/p>\n<p>L\u00e1ng Istv\u00e1n, az Orsz\u00e1gos V\u00edz\u00fcgyi F\u0151igazgat\u00f3s\u00e1g vezet\u0151je m\u00e1jus 4-\u00e9n, kedden a nyerges\u00fajfalui polg\u00e1rmesteri hivatalban tartott sajt\u00f3t\u00e1j\u00e9koztat\u00f3n elmondta: az 1970-es \u00e9vekt\u0151l n\u00e9gy jelent\u0151s \u00e1rhull\u00e1m vonult le a t\u00e9rs\u00e9gben, az\u00f3ta 120 centim\u00e9terrel magasabb tet\u0151z\u00e9sekre lehet sz\u00e1m\u00edtani, k\u00f6zben pedig \u2013 a t\u00e9rs\u00e9g iparosod\u00e1s\u00e1val \u2013 jelent\u0151sen n\u0151tt a vesz\u00e9lyeztetett vagyoni \u00e9rt\u00e9k. T\u00e1t \u00e9s Kom\u00e1rom ut\u00e1n most Nyerges\u00fajfalu t\u00e9rs\u00e9g\u00e9ben k\u00e9sz\u00fcltek el a v\u00e9dm\u0171vek, \u00e9s j\u00f6v\u0151re megkezd\u0151dik az esztergomi g\u00e1tak \u00e9p\u00edt\u00e9se, ezek sok \u00e9vig szavatolhatj\u00e1k a t\u00e9rs\u00e9g \u00e1rv\u00edzi biztons\u00e1g\u00e1t.<\/p>\n<p><img fetchpriority=\"high\" decoding=\"async\" class=\"alignnone size-full wp-image-32788\" src=\"https:\/\/dorogimedence.hu\/wp-content\/uploads\/2021\/05\/182643556_3776566289107207_4494693762266686189_n.jpg\" alt=\"\" width=\"960\" height=\"641\" srcset=\"https:\/\/dorogimedence.hu\/wp-content\/uploads\/2021\/05\/182643556_3776566289107207_4494693762266686189_n.jpg 960w, https:\/\/dorogimedence.hu\/wp-content\/uploads\/2021\/05\/182643556_3776566289107207_4494693762266686189_n-300x200.jpg 300w, https:\/\/dorogimedence.hu\/wp-content\/uploads\/2021\/05\/182643556_3776566289107207_4494693762266686189_n-768x513.jpg 768w, https:\/\/dorogimedence.hu\/wp-content\/uploads\/2021\/05\/182643556_3776566289107207_4494693762266686189_n-150x100.jpg 150w, https:\/\/dorogimedence.hu\/wp-content\/uploads\/2021\/05\/182643556_3776566289107207_4494693762266686189_n-450x300.jpg 450w, https:\/\/dorogimedence.hu\/wp-content\/uploads\/2021\/05\/182643556_3776566289107207_4494693762266686189_n-272x182.jpg 272w\" sizes=\"(max-width: 960px) 100vw, 960px\" \/><\/p>\n<p>\u201eMindannyian eml\u00e9ksz\u00fcnk a 2013-as, hatalmas \u00e1rv\u00edzre. A nyerges\u00fajfalui g\u00e1tnak k\u00f6sz\u00f6nhet\u0151en a v\u00e1ros keleti r\u00e9sz\u00e9n m\u00e1r nem kell att\u00f3l tartani, hogy egy hasonl\u00f3 m\u00e9rt\u00e9k\u0171 \u00e1rad\u00e1skor vesz\u00e9lybe ker\u00fcln\u00e9nek\u201d \u2013 mondta lapunknak V\u00f6lner P\u00e1l azzal \u00f6sszef\u00fcgg\u00e9sben, hogy elk\u00e9sz\u00fclt a megyei g\u00e1trendszer egy \u00fajabb szakasza. A t\u00e9rs\u00e9g orsz\u00e1ggy\u0171l\u00e9si k\u00e9pvisel\u0151je arr\u00f3l is besz\u00e9lt, hogy rem\u00e9li, hamarosan folytat\u00f3dhat a g\u00e1trendszer fejleszt\u00e9se, \u00e9s az eg\u00e9sz t\u00e9rs\u00e9g v\u00e9dett\u00e9 v\u00e1lhat. V\u00f6lner P\u00e1l hozz\u00e1tette azt is, hogy a k\u00e9tmilli\u00e1rdos korm\u00e1nyzati t\u00e1mogat\u00e1sb\u00f3l megval\u00f3sult beruh\u00e1z\u00e1s nagy \u00e9s fontos seg\u00edts\u00e9g a v\u00e1rosnak, de nem ez az egyetlen fejleszt\u00e9s, amellyel Nyerges\u00fajfalu mostan\u00e1ban b\u00fcszk\u00e9lkedhet. \u201eA r\u00e9gi focip\u00e1ly\u00e1n p\u00e9ld\u00e1ul szabadid\u0151park l\u00e9tes\u00fclhet, k\u00f6sz\u00f6nhet\u0151en annak a 180 milli\u00f3 forint t\u00e1mogat\u00e1snak, amelyre sikerrel p\u00e1ly\u00e1zott az \u00f6nkorm\u00e1nyzat. A v\u00e1ros idei k\u00f6lts\u00e9gvet\u00e9se pedig azt is lehet\u0151v\u00e9 tette, hogy Mihelik Magdolna polg\u00e1rmester asszony \u00e9s a k\u00e9pvisel\u0151test\u00fclet \u00fagynevezett utcai j\u00e1tsz\u00f3terek telep\u00edt\u00e9s\u00e9r\u0151l d\u00f6nts\u00f6n, \u00e9s meg is \u00e9p\u00edttesse azokat\u201d \u2013 sorolta az \u00faj\u00edt\u00e1sokat V\u00f6lner P\u00e1l, \u00e9s k\u00fcl\u00f6n kiemelte a Kernstok-villa fel\u00faj\u00edt\u00e1s\u00e1t: \u201eKernstok K\u00e1roly a XX. sz\u00e1zad egyik meghat\u00e1roz\u00f3 alkot\u00f3ja volt, nagyon j\u00f3 h\u00edr, hogy az eml\u00e9k\u00e9nek \u00e1pol\u00e1s\u00e1t, \u00e9s egyben a v\u00e1ros kultur\u00e1lis \u00e9let\u00e9nek felpezsd\u00edt\u00e9s\u00e9t egy ilyen beruh\u00e1z\u00e1s seg\u00edti\u201d \u2013 mondta az orsz\u00e1ggy\u0171l\u00e9si k\u00e9pvisel\u0151.<\/p>\n<p><img decoding=\"async\" class=\"alignnone size-full wp-image-32789\" src=\"https:\/\/dorogimedence.hu\/wp-content\/uploads\/2021\/05\/181709605_3776567782440391_1987295431575728570_n.jpg\" alt=\"\" width=\"960\" height=\"641\" srcset=\"https:\/\/dorogimedence.hu\/wp-content\/uploads\/2021\/05\/181709605_3776567782440391_1987295431575728570_n.jpg 960w, https:\/\/dorogimedence.hu\/wp-content\/uploads\/2021\/05\/181709605_3776567782440391_1987295431575728570_n-300x200.jpg 300w, https:\/\/dorogimedence.hu\/wp-content\/uploads\/2021\/05\/181709605_3776567782440391_1987295431575728570_n-768x513.jpg 768w, https:\/\/dorogimedence.hu\/wp-content\/uploads\/2021\/05\/181709605_3776567782440391_1987295431575728570_n-150x100.jpg 150w, https:\/\/dorogimedence.hu\/wp-content\/uploads\/2021\/05\/181709605_3776567782440391_1987295431575728570_n-450x300.jpg 450w, https:\/\/dorogimedence.hu\/wp-content\/uploads\/2021\/05\/181709605_3776567782440391_1987295431575728570_n-272x182.jpg 272w\" sizes=\"(max-width: 960px) 100vw, 960px\" \/><\/p>\n<p>N\u00e9meth J\u00f3zsef, az \u00fczemeltet\u0151 \u00c9szak-Dun\u00e1nt\u00fali V\u00edz\u00fcgyi Igazgat\u00f3s\u00e1g vezet\u0151je elmondta, a beruh\u00e1z\u00e1s t\u00f6bb mint k\u00e9tmilli\u00e1rd forintb\u00f3l val\u00f3sult meg, a v\u00e9dm\u0171veket az eddig m\u00e9rt legmagasabb \u00e1rv\u00edzszint felett 150 centim\u00e9terre tervezt\u00e9k. A g\u00e1trendszer els\u0151, 120 m\u00e9teres szakasz\u00e1n a term\u00e9szetes domborzatot magaspartt\u00e1 alak\u00edtott\u00e1k, majd 900 m\u00e9teren f\u00f6ldt\u00f6lt\u00e9s \u00e9p\u00edt\u00e9s\u00e9vel biztos\u00edtott\u00e1k az \u00e1rv\u00edzv\u00e9delmet. A l\u00e9tes\u00edtm\u00e9ny meg\u00e9p\u00edt\u00e9s\u00e9hez 60 ezer k\u00f6bm\u00e9ternyi anyagot haszn\u00e1ltak fel. A g\u00e1t \u00e9s a S\u00e1ndor-patak keresztez\u00e9s\u00e9ben \u00e1rv\u00edzv\u00e9delmi zsilipet \u00e9s szivatty\u00fa\u00e1ll\u00e1st l\u00e9tes\u00edtettek, valamint a torkolati szakaszon egy 30 ezer k\u00f6bm\u00e9teres v\u00edzt\u00e1roz\u00f3t hoztak l\u00e9tre a patakon \u00e9rkez\u0151, gyors lefoly\u00e1s\u00fa \u00e1rhull\u00e1mok miatt. A t\u00e1roz\u00f3t\u00e9rben \u00f6sszegy\u0171l\u0151 vizek \u00e1temel\u00e9s\u00e9re egy nagy teljes\u00edtm\u00e9ny\u0171 szivatty\u00fat telep\u00edtettek.<\/p>\n<p><img decoding=\"async\" class=\"alignnone size-full wp-image-32790\" src=\"https:\/\/dorogimedence.hu\/wp-content\/uploads\/2021\/05\/182499003_3776569639106872_5084708386333545620_n.jpg\" alt=\"\" width=\"960\" height=\"640\" srcset=\"https:\/\/dorogimedence.hu\/wp-content\/uploads\/2021\/05\/182499003_3776569639106872_5084708386333545620_n.jpg 960w, https:\/\/dorogimedence.hu\/wp-content\/uploads\/2021\/05\/182499003_3776569639106872_5084708386333545620_n-300x200.jpg 300w, https:\/\/dorogimedence.hu\/wp-content\/uploads\/2021\/05\/182499003_3776569639106872_5084708386333545620_n-768x512.jpg 768w, https:\/\/dorogimedence.hu\/wp-content\/uploads\/2021\/05\/182499003_3776569639106872_5084708386333545620_n-150x100.jpg 150w, https:\/\/dorogimedence.hu\/wp-content\/uploads\/2021\/05\/182499003_3776569639106872_5084708386333545620_n-450x300.jpg 450w, https:\/\/dorogimedence.hu\/wp-content\/uploads\/2021\/05\/182499003_3776569639106872_5084708386333545620_n-272x182.jpg 272w\" sizes=\"(max-width: 960px) 100vw, 960px\" \/><\/p>\n<p>Mihelik Magdolna polg\u00e1rmester asszony elmondta, hogy a g\u00e1t az ipari parkban m\u0171k\u00f6d\u0151 14 c\u00e9g telephelye mellett a v\u00e1ros lakott ter\u00fcleteit is v\u00e9di. Eml\u00e9keztetett arra, hogy a 2013-as \u00e1rv\u00edz ut\u00e1n k\u00e9sz\u00fclt, nagyobb v\u00edz\u00e1ll\u00e1ssal sz\u00e1mol\u00f3 t\u00e9rk\u00e9peken a S\u00e1ndor-patak visszaduzzad\u00e1sa miatt a M\u00e1jus 1. t\u00e9r \u00e9s k\u00f6rnyezete a v\u00e1ros k\u00f6zep\u00e9ig el\u00f6nt\u00f6tt ter\u00fcletk\u00e9nt jelent meg. Mihelik Magdolna kiemelte, hogy a v\u00edz\u00fcgy figyelembe vette a lakoss\u00e1g \u00e9s a horg\u00e1szok ig\u00e9nyeit, \u00edgy a t\u00f6lt\u00e9s egyik v\u00e9g\u00e9n parkol\u00f3t alak\u00edtottak ki \u00e9s rendezett lej\u00e1r\u00f3n \u00e1t k\u00f6zel\u00edthet\u0151 meg a v\u00edzfel\u00fclet. Hozz\u00e1tette, hogy a nyerges\u00fajfalui ipari parkban 2022 elej\u00e9re k\u00e9sz\u00fcl el Toray Industries Hungary Kft. 127 milli\u00e1rd forintos beruh\u00e1z\u00e1sa. Jap\u00e1n egyik legnagyobb vegyipari v\u00e1llalata a mintegy \u00f6tven hekt\u00e1ros ter\u00fcleten fekv\u0151 \u00fczem\u00e9ben l\u00edtiumakkumul\u00e1torokhoz gy\u00e1rt szepar\u00e1torfilmet, mintegy 200 \u00faj munkahelyet teremtve.<\/p>\n<p><img loading=\"lazy\" decoding=\"async\" class=\"alignnone size-full wp-image-32791\" src=\"https:\/\/dorogimedence.hu\/wp-content\/uploads\/2021\/05\/181709611_3776571562440013_2734534581275315946_n.jpg\" alt=\"\" width=\"960\" height=\"641\" srcset=\"https:\/\/dorogimedence.hu\/wp-content\/uploads\/2021\/05\/181709611_3776571562440013_2734534581275315946_n.jpg 960w, https:\/\/dorogimedence.hu\/wp-content\/uploads\/2021\/05\/181709611_3776571562440013_2734534581275315946_n-300x200.jpg 300w, https:\/\/dorogimedence.hu\/wp-content\/uploads\/2021\/05\/181709611_3776571562440013_2734534581275315946_n-768x513.jpg 768w, https:\/\/dorogimedence.hu\/wp-content\/uploads\/2021\/05\/181709611_3776571562440013_2734534581275315946_n-150x100.jpg 150w, https:\/\/dorogimedence.hu\/wp-content\/uploads\/2021\/05\/181709611_3776571562440013_2734534581275315946_n-450x300.jpg 450w, https:\/\/dorogimedence.hu\/wp-content\/uploads\/2021\/05\/181709611_3776571562440013_2734534581275315946_n-272x182.jpg 272w\" sizes=\"(max-width: 960px) 100vw, 960px\" \/><\/p>\n<p><em>Forr\u00e1s: MTI \/ dorogimedence.hu<br \/>\nFot\u00f3k: V\u00f6lner P\u00e1l Facebook oldala<\/em><\/p>\n","protected":false},"excerpt":{"rendered":"<p>Csaknem egy kilom\u00e9ter hossz\u00fas\u00e1gban elk\u00e9sz\u00fclt a Nyerges\u00fajfalu-Dunaalm\u00e1s \u00f6bl\u00f6zet \u00e9s a nyerges\u00fajfalui ipari park \u00e1rv\u00edzv\u00e9delmi biztons\u00e1g\u00e1t megteremt\u0151 g\u00e1trendszer. L\u00e1ng Istv\u00e1n, az Orsz\u00e1gos V\u00edz\u00fcgyi F\u0151igazgat\u00f3s\u00e1g vezet\u0151je m\u00e1jus 4-\u00e9n, kedden a nyerges\u00fajfalui polg\u00e1rmesteri hivatalban tartott sajt\u00f3t\u00e1j\u00e9koztat\u00f3n elmondta: az 1970-es \u00e9vekt\u0151l n\u00e9gy jelent\u0151s \u00e1rhull\u00e1m vonult le a t\u00e9rs\u00e9gben, az\u00f3ta 120 centim\u00e9terrel magasabb tet\u0151z\u00e9sekre lehet sz\u00e1m\u00edtani, k\u00f6zben pedig \u2013 a<\/p>\n","protected":false},"author":1,"featured_media":32787,"comment_status":"closed","ping_status":"closed","sticky":false,"template":"","format":"standard","meta":{"ngg_post_thumbnail":0,"footnotes":""},"categories":[3,1390],"tags":[2408,4928,5624,157,136,140],"class_list":{"0":"post-32786","1":"post","2":"type-post","3":"status-publish","4":"format-standard","5":"has-post-thumbnail","7":"category-hirek","8":"category-nyergesujfalu","9":"tag-arvizvedelem","10":"tag-dunaalmas","11":"tag-featured","12":"tag-fejlesztes","13":"tag-gat","14":"tag-nyergesujfalu"},"yoast_head":"<!-- This site is optimized with the Yoast SEO plugin v27.5 - https:\/\/yoast.com\/product\/yoast-seo-wordpress\/ -->\n<title>Elk\u00e9sz\u00fclt a nyerges\u00fajfalui ipari parkot v\u00e9d\u0151 g\u00e1t<\/title>\n<meta name=\"robots\" content=\"index, follow, max-snippet:-1, max-image-preview:large, max-video-preview:-1\" \/>\n<link rel=\"canonical\" href=\"https:\/\/dorogimedence.hu\/index.php\/2021\/05\/05\/elkeszult-a-nyergesujfalui-ipari-parkot-vedo-gat\/\" class=\"yoast-seo-meta-tag\" \/>\n<meta property=\"og:locale\" content=\"hu_HU\" class=\"yoast-seo-meta-tag\" \/>\n<meta property=\"og:type\" content=\"article\" class=\"yoast-seo-meta-tag\" \/>\n<meta property=\"og:title\" content=\"Elk\u00e9sz\u00fclt a nyerges\u00fajfalui ipari parkot v\u00e9d\u0151 g\u00e1t\" class=\"yoast-seo-meta-tag\" \/>\n<meta property=\"og:description\" content=\"Csaknem egy kilom\u00e9ter hossz\u00fas\u00e1gban elk\u00e9sz\u00fclt a Nyerges\u00fajfalu-Dunaalm\u00e1s \u00f6bl\u00f6zet \u00e9s a nyerges\u00fajfalui ipari park \u00e1rv\u00edzv\u00e9delmi biztons\u00e1g\u00e1t megteremt\u0151 g\u00e1trendszer. L\u00e1ng Istv\u00e1n, az Orsz\u00e1gos V\u00edz\u00fcgyi F\u0151igazgat\u00f3s\u00e1g vezet\u0151je m\u00e1jus 4-\u00e9n, kedden a nyerges\u00fajfalui polg\u00e1rmesteri hivatalban tartott sajt\u00f3t\u00e1j\u00e9koztat\u00f3n elmondta: az 1970-es \u00e9vekt\u0151l n\u00e9gy jelent\u0151s \u00e1rhull\u00e1m vonult le a t\u00e9rs\u00e9gben, az\u00f3ta 120 centim\u00e9terrel magasabb tet\u0151z\u00e9sekre lehet sz\u00e1m\u00edtani, k\u00f6zben pedig \u2013 a\" class=\"yoast-seo-meta-tag\" \/>\n<meta property=\"og:url\" content=\"https:\/\/dorogimedence.hu\/index.php\/2021\/05\/05\/elkeszult-a-nyergesujfalui-ipari-parkot-vedo-gat\/\" class=\"yoast-seo-meta-tag\" \/>\n<meta property=\"og:site_name\" content=\"Dorogi-medence Region\u00e1lis H\u00edrport\u00e1l\" class=\"yoast-seo-meta-tag\" \/>\n<meta property=\"article:publisher\" content=\"https:\/\/www.facebook.com\/dorogimedence\/\" class=\"yoast-seo-meta-tag\" \/>\n<meta property=\"article:published_time\" content=\"2021-05-05T11:08:39+00:00\" class=\"yoast-seo-meta-tag\" \/>\n<meta property=\"article:modified_time\" content=\"2021-05-05T11:08:43+00:00\" class=\"yoast-seo-meta-tag\" \/>\n<meta property=\"og:image\" content=\"https:\/\/i0.wp.com\/dorogimedence.hu\/wp-content\/uploads\/2021\/05\/182145161_3776568812440288_8102667408926476418_n.jpg?fit=960%2C641&ssl=1\" class=\"yoast-seo-meta-tag\" \/>\n\t<meta property=\"og:image:width\" content=\"960\" class=\"yoast-seo-meta-tag\" \/>\n\t<meta property=\"og:image:height\" content=\"641\" class=\"yoast-seo-meta-tag\" \/>\n\t<meta property=\"og:image:type\" content=\"image\/jpeg\" class=\"yoast-seo-meta-tag\" \/>\n<meta name=\"author\" content=\"dorogimedence.hu\" class=\"yoast-seo-meta-tag\" \/>\n<meta name=\"twitter:card\" content=\"summary_large_image\" class=\"yoast-seo-meta-tag\" \/>\n<meta name=\"twitter:label1\" content=\"Szerz\u0151:\" class=\"yoast-seo-meta-tag\" \/>\n\t<meta name=\"twitter:data1\" content=\"dorogimedence.hu\" class=\"yoast-seo-meta-tag\" \/>\n\t<meta name=\"twitter:label2\" content=\"Becs\u00fclt olvas\u00e1si id\u0151\" class=\"yoast-seo-meta-tag\" \/>\n\t<meta name=\"twitter:data2\" content=\"4 perc\" class=\"yoast-seo-meta-tag\" \/>\n<script type=\"application\/ld+json\" class=\"yoast-schema-graph\">{\"@context\":\"https:\\\/\\\/schema.org\",\"@graph\":[{\"@type\":\"Article\",\"@id\":\"https:\\\/\\\/dorogimedence.hu\\\/index.php\\\/2021\\\/05\\\/05\\\/elkeszult-a-nyergesujfalui-ipari-parkot-vedo-gat\\\/#article\",\"isPartOf\":{\"@id\":\"https:\\\/\\\/dorogimedence.hu\\\/index.php\\\/2021\\\/05\\\/05\\\/elkeszult-a-nyergesujfalui-ipari-parkot-vedo-gat\\\/\"},\"author\":{\"name\":\"dorogimedence.hu\",\"@id\":\"https:\\\/\\\/dorogimedence.hu\\\/#\\\/schema\\\/person\\\/ce6091eeb7e95ecdc87890d6aa8e0fd4\"},\"headline\":\"Elk\u00e9sz\u00fclt a nyerges\u00fajfalui ipari parkot v\u00e9d\u0151 g\u00e1t\",\"datePublished\":\"2021-05-05T11:08:39+00:00\",\"dateModified\":\"2021-05-05T11:08:43+00:00\",\"mainEntityOfPage\":{\"@id\":\"https:\\\/\\\/dorogimedence.hu\\\/index.php\\\/2021\\\/05\\\/05\\\/elkeszult-a-nyergesujfalui-ipari-parkot-vedo-gat\\\/\"},\"wordCount\":837,\"publisher\":{\"@id\":\"https:\\\/\\\/dorogimedence.hu\\\/#organization\"},\"image\":{\"@id\":\"https:\\\/\\\/dorogimedence.hu\\\/index.php\\\/2021\\\/05\\\/05\\\/elkeszult-a-nyergesujfalui-ipari-parkot-vedo-gat\\\/#primaryimage\"},\"thumbnailUrl\":\"https:\\\/\\\/dorogimedence.hu\\\/wp-content\\\/uploads\\\/2021\\\/05\\\/182145161_3776568812440288_8102667408926476418_n.jpg\",\"keywords\":[\"\u00e1rv\u00edzv\u00e9delem\",\"Dunaalm\u00e1s\",\"featured\",\"fejleszt\u00e9s\",\"g\u00e1t\",\"Nyerges\u00fajfalu\"],\"articleSection\":[\"H\u00edrek\",\"Nyerges\u00fajfalu\"],\"inLanguage\":\"hu\"},{\"@type\":\"WebPage\",\"@id\":\"https:\\\/\\\/dorogimedence.hu\\\/index.php\\\/2021\\\/05\\\/05\\\/elkeszult-a-nyergesujfalui-ipari-parkot-vedo-gat\\\/\",\"url\":\"https:\\\/\\\/dorogimedence.hu\\\/index.php\\\/2021\\\/05\\\/05\\\/elkeszult-a-nyergesujfalui-ipari-parkot-vedo-gat\\\/\",\"name\":\"Elk\u00e9sz\u00fclt a nyerges\u00fajfalui ipari parkot v\u00e9d\u0151 g\u00e1t\",\"isPartOf\":{\"@id\":\"https:\\\/\\\/dorogimedence.hu\\\/#website\"},\"primaryImageOfPage\":{\"@id\":\"https:\\\/\\\/dorogimedence.hu\\\/index.php\\\/2021\\\/05\\\/05\\\/elkeszult-a-nyergesujfalui-ipari-parkot-vedo-gat\\\/#primaryimage\"},\"image\":{\"@id\":\"https:\\\/\\\/dorogimedence.hu\\\/index.php\\\/2021\\\/05\\\/05\\\/elkeszult-a-nyergesujfalui-ipari-parkot-vedo-gat\\\/#primaryimage\"},\"thumbnailUrl\":\"https:\\\/\\\/dorogimedence.hu\\\/wp-content\\\/uploads\\\/2021\\\/05\\\/182145161_3776568812440288_8102667408926476418_n.jpg\",\"datePublished\":\"2021-05-05T11:08:39+00:00\",\"dateModified\":\"2021-05-05T11:08:43+00:00\",\"breadcrumb\":{\"@id\":\"https:\\\/\\\/dorogimedence.hu\\\/index.php\\\/2021\\\/05\\\/05\\\/elkeszult-a-nyergesujfalui-ipari-parkot-vedo-gat\\\/#breadcrumb\"},\"inLanguage\":\"hu\",\"potentialAction\":[{\"@type\":\"ReadAction\",\"target\":[\"https:\\\/\\\/dorogimedence.hu\\\/index.php\\\/2021\\\/05\\\/05\\\/elkeszult-a-nyergesujfalui-ipari-parkot-vedo-gat\\\/\"]}]},{\"@type\":\"ImageObject\",\"inLanguage\":\"hu\",\"@id\":\"https:\\\/\\\/dorogimedence.hu\\\/index.php\\\/2021\\\/05\\\/05\\\/elkeszult-a-nyergesujfalui-ipari-parkot-vedo-gat\\\/#primaryimage\",\"url\":\"https:\\\/\\\/dorogimedence.hu\\\/wp-content\\\/uploads\\\/2021\\\/05\\\/182145161_3776568812440288_8102667408926476418_n.jpg\",\"contentUrl\":\"https:\\\/\\\/dorogimedence.hu\\\/wp-content\\\/uploads\\\/2021\\\/05\\\/182145161_3776568812440288_8102667408926476418_n.jpg\",\"width\":960,\"height\":641},{\"@type\":\"BreadcrumbList\",\"@id\":\"https:\\\/\\\/dorogimedence.hu\\\/index.php\\\/2021\\\/05\\\/05\\\/elkeszult-a-nyergesujfalui-ipari-parkot-vedo-gat\\\/#breadcrumb\",\"itemListElement\":[{\"@type\":\"ListItem\",\"position\":1,\"name\":\"Kezd\u0151lap\",\"item\":\"https:\\\/\\\/dorogimedence.hu\\\/\"},{\"@type\":\"ListItem\",\"position\":2,\"name\":\"Elk\u00e9sz\u00fclt a nyerges\u00fajfalui ipari parkot v\u00e9d\u0151 g\u00e1t\"}]},{\"@type\":\"WebSite\",\"@id\":\"https:\\\/\\\/dorogimedence.hu\\\/#website\",\"url\":\"https:\\\/\\\/dorogimedence.hu\\\/\",\"name\":\"Dorogi-medence Region\u00e1lis H\u00edrport\u00e1l\",\"description\":\"Dorog, Keszt\u00f6lc, Le\u00e1nyv\u00e1r, Piliscs\u00e9v, Tokod, Tokodalt\u00e1r\u00f3, Csolnok, Esztergom-kertv\u00e1ros: h\u00edrek, programok\",\"publisher\":{\"@id\":\"https:\\\/\\\/dorogimedence.hu\\\/#organization\"},\"potentialAction\":[{\"@type\":\"SearchAction\",\"target\":{\"@type\":\"EntryPoint\",\"urlTemplate\":\"https:\\\/\\\/dorogimedence.hu\\\/?s={search_term_string}\"},\"query-input\":{\"@type\":\"PropertyValueSpecification\",\"valueRequired\":true,\"valueName\":\"search_term_string\"}}],\"inLanguage\":\"hu\"},{\"@type\":\"Organization\",\"@id\":\"https:\\\/\\\/dorogimedence.hu\\\/#organization\",\"name\":\"Dorogi-medence Region\u00e1lis H\u00edrport\u00e1l\",\"url\":\"https:\\\/\\\/dorogimedence.hu\\\/\",\"logo\":{\"@type\":\"ImageObject\",\"inLanguage\":\"hu\",\"@id\":\"https:\\\/\\\/dorogimedence.hu\\\/#\\\/schema\\\/logo\\\/image\\\/\",\"url\":\"https:\\\/\\\/dorogimedence.hu\\\/wp-content\\\/uploads\\\/2021\\\/04\\\/logo-feher-600.png\",\"contentUrl\":\"https:\\\/\\\/dorogimedence.hu\\\/wp-content\\\/uploads\\\/2021\\\/04\\\/logo-feher-600.png\",\"width\":600,\"height\":100,\"caption\":\"Dorogi-medence Region\u00e1lis H\u00edrport\u00e1l\"},\"image\":{\"@id\":\"https:\\\/\\\/dorogimedence.hu\\\/#\\\/schema\\\/logo\\\/image\\\/\"},\"sameAs\":[\"https:\\\/\\\/www.facebook.com\\\/dorogimedence\\\/\"]},{\"@type\":\"Person\",\"@id\":\"https:\\\/\\\/dorogimedence.hu\\\/#\\\/schema\\\/person\\\/ce6091eeb7e95ecdc87890d6aa8e0fd4\",\"name\":\"dorogimedence.hu\",\"image\":{\"@type\":\"ImageObject\",\"inLanguage\":\"hu\",\"@id\":\"\\\/\\\/www.gravatar.com\\\/avatar\\\/d8d45f8901aadff40a4af72c0b826f1d?s=96&#038;r=g&#038;d=mm\",\"url\":\"\\\/\\\/www.gravatar.com\\\/avatar\\\/d8d45f8901aadff40a4af72c0b826f1d?s=96&#038;r=g&#038;d=mm\",\"contentUrl\":\"\\\/\\\/www.gravatar.com\\\/avatar\\\/d8d45f8901aadff40a4af72c0b826f1d?s=96&#038;r=g&#038;d=mm\",\"caption\":\"dorogimedence.hu\"}}]}<\/script>\n<!-- \/ Yoast SEO plugin. -->","yoast_head_json":{"title":"Elk\u00e9sz\u00fclt a nyerges\u00fajfalui ipari parkot v\u00e9d\u0151 g\u00e1t","robots":{"index":"index","follow":"follow","max-snippet":"max-snippet:-1","max-image-preview":"max-image-preview:large","max-video-preview":"max-video-preview:-1"},"canonical":"https:\/\/dorogimedence.hu\/index.php\/2021\/05\/05\/elkeszult-a-nyergesujfalui-ipari-parkot-vedo-gat\/","og_locale":"hu_HU","og_type":"article","og_title":"Elk\u00e9sz\u00fclt a nyerges\u00fajfalui ipari parkot v\u00e9d\u0151 g\u00e1t","og_description":"Csaknem egy kilom\u00e9ter hossz\u00fas\u00e1gban elk\u00e9sz\u00fclt a Nyerges\u00fajfalu-Dunaalm\u00e1s \u00f6bl\u00f6zet \u00e9s a nyerges\u00fajfalui ipari park \u00e1rv\u00edzv\u00e9delmi biztons\u00e1g\u00e1t megteremt\u0151 g\u00e1trendszer. L\u00e1ng Istv\u00e1n, az Orsz\u00e1gos V\u00edz\u00fcgyi F\u0151igazgat\u00f3s\u00e1g vezet\u0151je m\u00e1jus 4-\u00e9n, kedden a nyerges\u00fajfalui polg\u00e1rmesteri hivatalban tartott sajt\u00f3t\u00e1j\u00e9koztat\u00f3n elmondta: az 1970-es \u00e9vekt\u0151l n\u00e9gy jelent\u0151s \u00e1rhull\u00e1m vonult le a t\u00e9rs\u00e9gben, az\u00f3ta 120 centim\u00e9terrel magasabb tet\u0151z\u00e9sekre lehet sz\u00e1m\u00edtani, k\u00f6zben pedig \u2013 a","og_url":"https:\/\/dorogimedence.hu\/index.php\/2021\/05\/05\/elkeszult-a-nyergesujfalui-ipari-parkot-vedo-gat\/","og_site_name":"Dorogi-medence Region\u00e1lis H\u00edrport\u00e1l","article_publisher":"https:\/\/www.facebook.com\/dorogimedence\/","article_published_time":"2021-05-05T11:08:39+00:00","article_modified_time":"2021-05-05T11:08:43+00:00","og_image":[{"width":960,"height":641,"url":"https:\/\/i0.wp.com\/dorogimedence.hu\/wp-content\/uploads\/2021\/05\/182145161_3776568812440288_8102667408926476418_n.jpg?fit=960%2C641&ssl=1","type":"image\/jpeg"}],"author":"dorogimedence.hu","twitter_card":"summary_large_image","twitter_misc":{"Szerz\u0151:":"dorogimedence.hu","Becs\u00fclt olvas\u00e1si id\u0151":"4 perc"},"schema":{"@context":"https:\/\/schema.org","@graph":[{"@type":"Article","@id":"https:\/\/dorogimedence.hu\/index.php\/2021\/05\/05\/elkeszult-a-nyergesujfalui-ipari-parkot-vedo-gat\/#article","isPartOf":{"@id":"https:\/\/dorogimedence.hu\/index.php\/2021\/05\/05\/elkeszult-a-nyergesujfalui-ipari-parkot-vedo-gat\/"},"author":{"name":"dorogimedence.hu","@id":"https:\/\/dorogimedence.hu\/#\/schema\/person\/ce6091eeb7e95ecdc87890d6aa8e0fd4"},"headline":"Elk\u00e9sz\u00fclt a nyerges\u00fajfalui ipari parkot v\u00e9d\u0151 g\u00e1t","datePublished":"2021-05-05T11:08:39+00:00","dateModified":"2021-05-05T11:08:43+00:00","mainEntityOfPage":{"@id":"https:\/\/dorogimedence.hu\/index.php\/2021\/05\/05\/elkeszult-a-nyergesujfalui-ipari-parkot-vedo-gat\/"},"wordCount":837,"publisher":{"@id":"https:\/\/dorogimedence.hu\/#organization"},"image":{"@id":"https:\/\/dorogimedence.hu\/index.php\/2021\/05\/05\/elkeszult-a-nyergesujfalui-ipari-parkot-vedo-gat\/#primaryimage"},"thumbnailUrl":"https:\/\/dorogimedence.hu\/wp-content\/uploads\/2021\/05\/182145161_3776568812440288_8102667408926476418_n.jpg","keywords":["\u00e1rv\u00edzv\u00e9delem","Dunaalm\u00e1s","featured","fejleszt\u00e9s","g\u00e1t","Nyerges\u00fajfalu"],"articleSection":["H\u00edrek","Nyerges\u00fajfalu"],"inLanguage":"hu"},{"@type":"WebPage","@id":"https:\/\/dorogimedence.hu\/index.php\/2021\/05\/05\/elkeszult-a-nyergesujfalui-ipari-parkot-vedo-gat\/","url":"https:\/\/dorogimedence.hu\/index.php\/2021\/05\/05\/elkeszult-a-nyergesujfalui-ipari-parkot-vedo-gat\/","name":"Elk\u00e9sz\u00fclt a nyerges\u00fajfalui ipari parkot v\u00e9d\u0151 g\u00e1t","isPartOf":{"@id":"https:\/\/dorogimedence.hu\/#website"},"primaryImageOfPage":{"@id":"https:\/\/dorogimedence.hu\/index.php\/2021\/05\/05\/elkeszult-a-nyergesujfalui-ipari-parkot-vedo-gat\/#primaryimage"},"image":{"@id":"https:\/\/dorogimedence.hu\/index.php\/2021\/05\/05\/elkeszult-a-nyergesujfalui-ipari-parkot-vedo-gat\/#primaryimage"},"thumbnailUrl":"https:\/\/dorogimedence.hu\/wp-content\/uploads\/2021\/05\/182145161_3776568812440288_8102667408926476418_n.jpg","datePublished":"2021-05-05T11:08:39+00:00","dateModified":"2021-05-05T11:08:43+00:00","breadcrumb":{"@id":"https:\/\/dorogimedence.hu\/index.php\/2021\/05\/05\/elkeszult-a-nyergesujfalui-ipari-parkot-vedo-gat\/#breadcrumb"},"inLanguage":"hu","potentialAction":[{"@type":"ReadAction","target":["https:\/\/dorogimedence.hu\/index.php\/2021\/05\/05\/elkeszult-a-nyergesujfalui-ipari-parkot-vedo-gat\/"]}]},{"@type":"ImageObject","inLanguage":"hu","@id":"https:\/\/dorogimedence.hu\/index.php\/2021\/05\/05\/elkeszult-a-nyergesujfalui-ipari-parkot-vedo-gat\/#primaryimage","url":"https:\/\/dorogimedence.hu\/wp-content\/uploads\/2021\/05\/182145161_3776568812440288_8102667408926476418_n.jpg","contentUrl":"https:\/\/dorogimedence.hu\/wp-content\/uploads\/2021\/05\/182145161_3776568812440288_8102667408926476418_n.jpg","width":960,"height":641},{"@type":"BreadcrumbList","@id":"https:\/\/dorogimedence.hu\/index.php\/2021\/05\/05\/elkeszult-a-nyergesujfalui-ipari-parkot-vedo-gat\/#breadcrumb","itemListElement":[{"@type":"ListItem","position":1,"name":"Kezd\u0151lap","item":"https:\/\/dorogimedence.hu\/"},{"@type":"ListItem","position":2,"name":"Elk\u00e9sz\u00fclt a nyerges\u00fajfalui ipari parkot v\u00e9d\u0151 g\u00e1t"}]},{"@type":"WebSite","@id":"https:\/\/dorogimedence.hu\/#website","url":"https:\/\/dorogimedence.hu\/","name":"Dorogi-medence Region\u00e1lis H\u00edrport\u00e1l","description":"Dorog, Keszt\u00f6lc, Le\u00e1nyv\u00e1r, Piliscs\u00e9v, Tokod, Tokodalt\u00e1r\u00f3, Csolnok, Esztergom-kertv\u00e1ros: h\u00edrek, programok","publisher":{"@id":"https:\/\/dorogimedence.hu\/#organization"},"potentialAction":[{"@type":"SearchAction","target":{"@type":"EntryPoint","urlTemplate":"https:\/\/dorogimedence.hu\/?s={search_term_string}"},"query-input":{"@type":"PropertyValueSpecification","valueRequired":true,"valueName":"search_term_string"}}],"inLanguage":"hu"},{"@type":"Organization","@id":"https:\/\/dorogimedence.hu\/#organization","name":"Dorogi-medence Region\u00e1lis H\u00edrport\u00e1l","url":"https:\/\/dorogimedence.hu\/","logo":{"@type":"ImageObject","inLanguage":"hu","@id":"https:\/\/dorogimedence.hu\/#\/schema\/logo\/image\/","url":"https:\/\/dorogimedence.hu\/wp-content\/uploads\/2021\/04\/logo-feher-600.png","contentUrl":"https:\/\/dorogimedence.hu\/wp-content\/uploads\/2021\/04\/logo-feher-600.png","width":600,"height":100,"caption":"Dorogi-medence Region\u00e1lis H\u00edrport\u00e1l"},"image":{"@id":"https:\/\/dorogimedence.hu\/#\/schema\/logo\/image\/"},"sameAs":["https:\/\/www.facebook.com\/dorogimedence\/"]},{"@type":"Person","@id":"https:\/\/dorogimedence.hu\/#\/schema\/person\/ce6091eeb7e95ecdc87890d6aa8e0fd4","name":"dorogimedence.hu","image":{"@type":"ImageObject","inLanguage":"hu","@id":"\/\/www.gravatar.com\/avatar\/d8d45f8901aadff40a4af72c0b826f1d?s=96&#038;r=g&#038;d=mm","url":"\/\/www.gravatar.com\/avatar\/d8d45f8901aadff40a4af72c0b826f1d?s=96&#038;r=g&#038;d=mm","contentUrl":"\/\/www.gravatar.com\/avatar\/d8d45f8901aadff40a4af72c0b826f1d?s=96&#038;r=g&#038;d=mm","caption":"dorogimedence.hu"}}]}},"_links":{"self":[{"href":"https:\/\/dorogimedence.hu\/index.php\/wp-json\/wp\/v2\/posts\/32786","targetHints":{"allow":["GET"]}}],"collection":[{"href":"https:\/\/dorogimedence.hu\/index.php\/wp-json\/wp\/v2\/posts"}],"about":[{"href":"https:\/\/dorogimedence.hu\/index.php\/wp-json\/wp\/v2\/types\/post"}],"author":[{"embeddable":true,"href":"https:\/\/dorogimedence.hu\/index.php\/wp-json\/wp\/v2\/users\/1"}],"replies":[{"embeddable":true,"href":"https:\/\/dorogimedence.hu\/index.php\/wp-json\/wp\/v2\/comments?post=32786"}],"version-history":[{"count":0,"href":"https:\/\/dorogimedence.hu\/index.php\/wp-json\/wp\/v2\/posts\/32786\/revisions"}],"wp:featuredmedia":[{"embeddable":true,"href":"https:\/\/dorogimedence.hu\/index.php\/wp-json\/wp\/v2\/media\/32787"}],"wp:attachment":[{"href":"https:\/\/dorogimedence.hu\/index.php\/wp-json\/wp\/v2\/media?parent=32786"}],"wp:term":[{"taxonomy":"category","embeddable":true,"href":"https:\/\/dorogimedence.hu\/index.php\/wp-json\/wp\/v2\/categories?post=32786"},{"taxonomy":"post_tag","embeddable":true,"href":"https:\/\/dorogimedence.hu\/index.php\/wp-json\/wp\/v2\/tags?post=32786"}],"curies":[{"name":"wp","href":"https:\/\/api.w.org\/{rel}","templated":true}]}}