{"id":32782,"date":"2021-05-05T11:52:02","date_gmt":"2021-05-05T09:52:02","guid":{"rendered":"https:\/\/dorogimedence.hu\/?p=32782"},"modified":"2021-05-05T12:00:07","modified_gmt":"2021-05-05T10:00:07","slug":"ma-van-a-kezhigienias-vilagnap","status":"publish","type":"post","link":"https:\/\/dorogimedence.hu\/index.php\/2021\/05\/05\/ma-van-a-kezhigienias-vilagnap\/","title":{"rendered":"Ma van a k\u00e9zhigi\u00e9ni\u00e1s vil\u00e1gnap"},"content":{"rendered":"<p><strong>M\u00e1r ehet\u00fcnk \u00e9tteremben, mehet\u00fcnk fodr\u00e1szhoz \u00e9s edz\u0151terembe is. A nyerges\u00fajfalui Lucart<\/strong> <strong>a k\u00e9zhigi\u00e9ni\u00e1s vil\u00e1gnapon arra figyelmeztet minket, hogy nem el\u00e9g a helyes k\u00e9zmos\u00e1s elsaj\u00e1t\u00edt\u00e1sa, az sem mindegy, hogy mivel sz\u00e1r\u00edtunk kezet, ha nem otthon vagyunk. A Cambridge University Pressben publik\u00e1lt friss tanulm\u00e1ny szerint a v\u00edrusszennyez\u0151d\u00e9s 10-szer magasabb volt akkor, amikor a rosszul mosott kezet k\u00e9zsz\u00e1r\u00edt\u00f3val sz\u00e1r\u00edtott\u00e1k, mint amikor pap\u00edrt\u00f6rl\u0151t haszn\u00e1ltak.<\/strong><\/p>\n<p>A WHO kezdem\u00e9nyez\u00e9s\u00e9re 2009. \u00f3ta m\u00e1jus 5-e K\u00e9zhigi\u00e9ni\u00e1s vil\u00e1gnap (World Hand Hygiene Day). A koronav\u00edrusj\u00e1rv\u00e1ny miatt szomor\u00fa aktualit\u00e1sa van a napnak. A WHO idei kamp\u00e1ny\u00e1nak mott\u00f3ja: A m\u00e1sodpercek \u00e9leteket mentenek \u2013 Moss kezet! (Seconds save lives \u2013 clean your hands). Igen \u00e1m, de nem mindegy, hogy hogyan mossuk, \u00e9s mivel sz\u00e1r\u00edtjuk a kez\u00fcnket \u2013 h\u00edvja fel a figyelmet a haz\u00e1nkban Nyerges\u00fajfalun jelenl\u00e9v\u0151 pap\u00edripari c\u00e9g, a Lucart. \u00c9s most, hogy ny\u00edlnak a teraszok, \u00fajra mehet\u00fcnk fodr\u00e1szhoz, kozmetikushoz, s\u0151t, sokan m\u00e1r sz\u00e1ll\u00e1sokat is foglaltak, fontos, hogy tiszt\u00e1ban legy\u00fcnk azzal, hogy milyen egyszer\u0171 mozdulatokkal tehet\u00fcnk saj\u00e1t \u00e9s m\u00e1sok eg\u00e9szs\u00e9g\u00e9nek meg\u00f3v\u00e1sa \u00e9rdek\u00e9ben.<\/p>\n<p><strong>A K\u00c9ZMOS\u00c1S AZ ALFA \u00c9S AZ \u00d3MEGA<\/strong><\/p>\n<p>A k\u00e9zmos\u00e1s a v\u00edrus elleni k\u00fczdelem alapja. A gyakori szell\u0151ztet\u00e9s, a terek rendszeres fert\u0151tlen\u00edt\u00e9se \u00e9s a gyakran meg\u00e9rintett ter\u00fcletek megfelel\u0151 tisztas\u00e1ga mellett teh\u00e1t a k\u00e9zmos\u00e1sr\u00f3l, k\u00e9zfert\u0151tlen\u00edt\u00e9sr\u0151l is besz\u00e9lni kell.<\/p>\n<p>Ha nem otthon vagyunk, akkor k\u00e9zmos\u00e1skor haszn\u00e1ljunk \u00e9rint\u00e9smentes szappanadagol\u00f3t \u00e9s laponk\u00e9nt adagolt pap\u00edr k\u00e9zt\u00f6rl\u0151t! Az egyszer haszn\u00e1latos pap\u00edr k\u00e9zt\u00f6rl\u0151 haszn\u00e1lata a legbiztons\u00e1gosabb, ha k\u00e9zsz\u00e1r\u00edt\u00e1sr\u00f3l van sz\u00f3.&nbsp; A Lucart Hygiene &amp; Care Platformj\u00e1n \u00e1bra szeml\u00e9lteti a k\u00fcl\u00f6nbs\u00e9get, hogy mi t\u00f6rt\u00e9nik, ha egyszer haszn\u00e1latos pap\u00edr k\u00e9zt\u00f6rl\u0151t, melegleveg\u0151s k\u00e9zsz\u00e1r\u00edt\u00f3t vagy nagy sebess\u00e9g\u0171 leveg\u0151vel sz\u00e1r\u00edt\u00f3 k\u00e9zsz\u00e1r\u00edt\u00f3t haszn\u00e1lunk. Kider\u00fcl bel\u0151le, hogy a pap\u00edrt\u00f6rl\u0151 adagol\u00f3hoz k\u00e9pest 2,5-szer t\u00f6bb bakt\u00e9rium is lerak\u00f3dhat a fel\u00fcletekre, ha melegleveg\u0151s k\u00e9zsz\u00e1r\u00edt\u00f3 al\u00e1, \u00e9s 1000-szer t\u00f6bb, ha nagy sebess\u00e9g\u0171 leveg\u0151vel sz\u00e1r\u00edt\u00f3 k\u00e9zsz\u00e1r\u00edt\u00f3ba dugjuk a kez\u00fcnket. A Westminster Egyetem tanulm\u00e1nya a leveg\u0151be ker\u00fcl\u0151 v\u00edrusr\u00e9szecsk\u00e9k sz\u00e1ma alapj\u00e1n rangsorolta a k\u00fcl\u00f6nb\u00f6z\u0151 k\u00e9zsz\u00e1r\u00edt\u00e1si m\u00f3dokat. Itt is a pap\u00edrt\u00f6rl\u0151 diadalmaskodott. Eset\u00e9ben 15 perc eltelt\u00e9vel k\u00fcl\u00f6nb\u00f6z\u0151 t\u00e1vols\u00e1gokban 15 leveg\u0151be ker\u00fcl\u0151 r\u00e9szecsk\u00e9t m\u00e9rtek, m\u00edg a melegleveg\u0151s k\u00e9zsz\u00e1r\u00edt\u00f3n\u00e1l 104-et, a nagy sebess\u00e9g\u0171n\u00e9l pedig m\u00e1r 3005-\u00f6t.<\/p>\n<p><img fetchpriority=\"high\" decoding=\"async\" class=\"alignnone size-large wp-image-32783\" src=\"https:\/\/dorogimedence.hu\/wp-content\/uploads\/2021\/05\/kezmosas-01-1024x329.png\" alt=\"\" width=\"755\" height=\"243\" srcset=\"https:\/\/dorogimedence.hu\/wp-content\/uploads\/2021\/05\/kezmosas-01-1024x329.png 1024w, https:\/\/dorogimedence.hu\/wp-content\/uploads\/2021\/05\/kezmosas-01-300x96.png 300w, https:\/\/dorogimedence.hu\/wp-content\/uploads\/2021\/05\/kezmosas-01-768x247.png 768w, https:\/\/dorogimedence.hu\/wp-content\/uploads\/2021\/05\/kezmosas-01-150x48.png 150w, https:\/\/dorogimedence.hu\/wp-content\/uploads\/2021\/05\/kezmosas-01-450x145.png 450w, https:\/\/dorogimedence.hu\/wp-content\/uploads\/2021\/05\/kezmosas-01.png 1055w\" sizes=\"(max-width: 755px) 100vw, 755px\" \/><\/p>\n<p style=\"text-align: center;\"><em>Forr\u00e1s: Lucart Hygiene &amp; Care Platform<\/em><\/p>\n<p><strong>EGY FRISS, K\u00d3RH\u00c1ZBAN V\u00c9GZETT TANULM\u00c1NY<\/strong><\/p>\n<p>A Cambridge University Press 2021. m\u00e1rcius\u00e1ban publik\u00e1lta a Fert\u0151z\u00e9smegel\u0151z\u00e9s &amp; K\u00f3rh\u00e1zi j\u00e1rv\u00e1nytan c. szaklap (Infection Control &amp; Hospital Epidemiology) <a href=\"https:\/\/www.cambridge.org\/core\/journals\/infection-control-and-hospital-epidemiology\/article\/from-the-hospital-toilet-to-the-ward-a-pilot-study-on-microbe-dispersal-to-multiple-hospital-surfaces-following-hand-drying-using-a-jet-air-dryer-versus-paper-towels\/FA51D26C9C3DC261D35F122EF97593D5\" target=\"_blank\" rel=\"noopener\"><span style=\"text-decoration: underline; color: #0000ff;\">bevezet\u0151 tanulm\u00e1ny\u00e1t<\/span><\/a>, ami arra vil\u00e1g\u00edt r\u00e1, hogy a k\u00e9zsz\u00e1r\u00edt\u00e1s m\u00f3dja jelent\u0151s hat\u00e1ssal lehet a mikroorganizmusok \u00e1tad\u00e1s\u00e1ra a k\u00f3rh\u00e1zi mosd\u00f3kt\u00f3l a k\u00f3rtermekbe. A tanulm\u00e1ny meg\u00e1llap\u00edt\u00e1sa szerint a k\u00e9zen \u00e9s a ruh\u00e1n, \u00e9s ennek k\u00f6vetkezt\u00e9ben a t\u00f6bbi k\u00f3rh\u00e1zi fel\u00fcleten a v\u00edrusszennyez\u0151d\u00e9s 10-szer magasabb volt akkor, amikor a rosszul mosott kezet k\u00e9zsz\u00e1r\u00edt\u00f3val sz\u00e1r\u00edtott\u00e1k, mint amikor pap\u00edrt\u00f6rl\u0151t haszn\u00e1ltak. A speci\u00e1lis, emberre \u00e1rtalmatlan v\u00edrus\u00e1tviteli vizsg\u00e1latot a Leeds General Infirmary oktat\u00f3k\u00f3rh\u00e1z (UK) mosd\u00f3iban, nyilv\u00e1nos \u00e9s klinikai ter\u00fcletein v\u00e9gezt\u00e9k. A t\u00e1rgyak (pl. telefon, sztetoszk\u00f3p) \u00e9s a fel\u00fcletek t\u00e1rol\u00f3k\u00e9nt szolg\u00e1lhatnak a mikroorganizmusok sz\u00e1m\u00e1ra, \u00edgy az el\u0151k\u00e9sz\u00edt\u0151 tanulm\u00e1ny megk\u00e9rd\u0151jelezi a k\u00e9zsz\u00e1r\u00edt\u00f3g\u00e9pek haszn\u00e1lat\u00e1t a k\u00f3rh\u00e1zakban.<\/p>\n<p><strong>AKKOR H\u00c1T MILYEN A HELYES K\u00c9ZMOS\u00c1S?<\/strong><\/p>\n<p>Mivel helyes k\u00e9zfert\u0151tlen\u00edt\u00e9s n\u00e9lk\u00fcl nincs v\u00edrus elleni v\u00e9dekez\u00e9s, ez\u00e9rt a Lucart a v\u00e1llalkoz\u00e1soknak ny\u00fajtott platformj\u00e1n ism\u00e9t bemutatta a helyes szappanos k\u00e9zmos\u00e1s menet\u00e9t \u00e9s a helyes k\u00e9zbed\u00f6rzs\u00f6l\u00e9st is arra az esetre, ha nem \u00e1ll rendelkez\u00e9sre szappan \u00e9s v\u00edz. A helyes technika mellett az id\u0151 sem mindegy: a k\u00e9zmos\u00e1s min. 40, a k\u00e9zbed\u00f6rzs\u00f6l\u00e9s pedig legal\u00e1bb 20 m\u00e1sodpercig tartson! S\u0151t, k\u00e9zmos\u00e1skor a csukl\u00f3 ter\u00fclet\u00e9r\u0151l se feledkezz\u00fcnk el, a v\u00edzcsapot pedig pap\u00edrt\u00f6rl\u0151 seg\u00edts\u00e9g\u00e9vel z\u00e1rjuk el, ha nem otthon vagyunk.<\/p>\n<p><a href=\"https:\/\/www.lucartprofessional.com\/hygiene_toolkit\/how_to_wash_your_hands_HU.pdf\" target=\"_blank\" rel=\"noopener\"><span style=\"color: #0000ff;\"><strong><span style=\"text-decoration: underline;\">A helyes szappanos k\u00e9zmos\u00e1s menete&gt;&gt;<\/span><\/strong><\/span><\/a><\/p>\n<p><a href=\"https:\/\/www.lucartprofessional.com\/hygiene_toolkit\/how_to_scrub_your_hands_HU.pdf\" target=\"_blank\" rel=\"noopener\"><span style=\"text-decoration: underline; color: #0000ff;\"><strong>Helyes k\u00e9zbed\u00f6rzs\u00f6l\u00e9s, ha nem \u00e1ll rendelkez\u00e9sre szappan \u00e9s v\u00edz&gt;&gt;<\/strong><\/span><\/a><\/p>\n","protected":false},"excerpt":{"rendered":"<p>M\u00e1r ehet\u00fcnk \u00e9tteremben, mehet\u00fcnk fodr\u00e1szhoz \u00e9s edz\u0151terembe is. A nyerges\u00fajfalui Lucart a k\u00e9zhigi\u00e9ni\u00e1s vil\u00e1gnapon arra figyelmeztet minket, hogy nem el\u00e9g a helyes k\u00e9zmos\u00e1s elsaj\u00e1t\u00edt\u00e1sa, az sem mindegy, hogy mivel sz\u00e1r\u00edtunk kezet, ha nem otthon vagyunk. A Cambridge University Pressben publik\u00e1lt friss tanulm\u00e1ny szerint a v\u00edrusszennyez\u0151d\u00e9s 10-szer magasabb volt akkor, amikor a rosszul mosott kezet k\u00e9zsz\u00e1r\u00edt\u00f3val<\/p>\n","protected":false},"author":1,"featured_media":32784,"comment_status":"closed","ping_status":"closed","sticky":false,"template":"","format":"standard","meta":{"ngg_post_thumbnail":0,"footnotes":""},"categories":[3],"tags":[5657],"class_list":{"0":"post-32782","1":"post","2":"type-post","3":"status-publish","4":"format-standard","5":"has-post-thumbnail","7":"category-hirek","8":"tag-kezhigienias-vilagnap"},"yoast_head":"<!-- This site is optimized with the Yoast SEO plugin v27.5 - https:\/\/yoast.com\/product\/yoast-seo-wordpress\/ -->\n<title>Ma van a k\u00e9zhigi\u00e9ni\u00e1s vil\u00e1gnap<\/title>\n<meta name=\"robots\" content=\"index, follow, max-snippet:-1, max-image-preview:large, max-video-preview:-1\" \/>\n<link rel=\"canonical\" href=\"https:\/\/dorogimedence.hu\/index.php\/2021\/05\/05\/ma-van-a-kezhigienias-vilagnap\/\" class=\"yoast-seo-meta-tag\" \/>\n<meta property=\"og:locale\" content=\"hu_HU\" class=\"yoast-seo-meta-tag\" \/>\n<meta property=\"og:type\" content=\"article\" class=\"yoast-seo-meta-tag\" \/>\n<meta property=\"og:title\" content=\"Ma van a k\u00e9zhigi\u00e9ni\u00e1s vil\u00e1gnap\" class=\"yoast-seo-meta-tag\" \/>\n<meta property=\"og:description\" content=\"M\u00e1r ehet\u00fcnk \u00e9tteremben, mehet\u00fcnk fodr\u00e1szhoz \u00e9s edz\u0151terembe is. A nyerges\u00fajfalui Lucart a k\u00e9zhigi\u00e9ni\u00e1s vil\u00e1gnapon arra figyelmeztet minket, hogy nem el\u00e9g a helyes k\u00e9zmos\u00e1s elsaj\u00e1t\u00edt\u00e1sa, az sem mindegy, hogy mivel sz\u00e1r\u00edtunk kezet, ha nem otthon vagyunk. A Cambridge University Pressben publik\u00e1lt friss tanulm\u00e1ny szerint a v\u00edrusszennyez\u0151d\u00e9s 10-szer magasabb volt akkor, amikor a rosszul mosott kezet k\u00e9zsz\u00e1r\u00edt\u00f3val\" class=\"yoast-seo-meta-tag\" \/>\n<meta property=\"og:url\" content=\"https:\/\/dorogimedence.hu\/index.php\/2021\/05\/05\/ma-van-a-kezhigienias-vilagnap\/\" class=\"yoast-seo-meta-tag\" \/>\n<meta property=\"og:site_name\" content=\"Dorogi-medence Region\u00e1lis H\u00edrport\u00e1l\" class=\"yoast-seo-meta-tag\" \/>\n<meta property=\"article:publisher\" content=\"https:\/\/www.facebook.com\/dorogimedence\/\" class=\"yoast-seo-meta-tag\" \/>\n<meta property=\"article:published_time\" content=\"2021-05-05T09:52:02+00:00\" class=\"yoast-seo-meta-tag\" \/>\n<meta property=\"article:modified_time\" content=\"2021-05-05T10:00:07+00:00\" class=\"yoast-seo-meta-tag\" \/>\n<meta property=\"og:image\" content=\"https:\/\/i0.wp.com\/dorogimedence.hu\/wp-content\/uploads\/2021\/05\/wash-hands-5029421_1920.jpg?fit=1920%2C1280&ssl=1\" class=\"yoast-seo-meta-tag\" \/>\n\t<meta property=\"og:image:width\" content=\"1920\" class=\"yoast-seo-meta-tag\" \/>\n\t<meta property=\"og:image:height\" content=\"1280\" class=\"yoast-seo-meta-tag\" \/>\n\t<meta property=\"og:image:type\" content=\"image\/jpeg\" class=\"yoast-seo-meta-tag\" \/>\n<meta name=\"author\" content=\"dorogimedence.hu\" class=\"yoast-seo-meta-tag\" \/>\n<meta name=\"twitter:card\" content=\"summary_large_image\" class=\"yoast-seo-meta-tag\" \/>\n<meta name=\"twitter:label1\" content=\"Szerz\u0151:\" class=\"yoast-seo-meta-tag\" \/>\n\t<meta name=\"twitter:data1\" content=\"dorogimedence.hu\" class=\"yoast-seo-meta-tag\" \/>\n\t<meta name=\"twitter:label2\" content=\"Becs\u00fclt olvas\u00e1si id\u0151\" class=\"yoast-seo-meta-tag\" \/>\n\t<meta name=\"twitter:data2\" content=\"5 perc\" class=\"yoast-seo-meta-tag\" \/>\n<script type=\"application\/ld+json\" class=\"yoast-schema-graph\">{\"@context\":\"https:\\\/\\\/schema.org\",\"@graph\":[{\"@type\":\"Article\",\"@id\":\"https:\\\/\\\/dorogimedence.hu\\\/index.php\\\/2021\\\/05\\\/05\\\/ma-van-a-kezhigienias-vilagnap\\\/#article\",\"isPartOf\":{\"@id\":\"https:\\\/\\\/dorogimedence.hu\\\/index.php\\\/2021\\\/05\\\/05\\\/ma-van-a-kezhigienias-vilagnap\\\/\"},\"author\":{\"name\":\"dorogimedence.hu\",\"@id\":\"https:\\\/\\\/dorogimedence.hu\\\/#\\\/schema\\\/person\\\/ce6091eeb7e95ecdc87890d6aa8e0fd4\"},\"headline\":\"Ma van a k\u00e9zhigi\u00e9ni\u00e1s vil\u00e1gnap\",\"datePublished\":\"2021-05-05T09:52:02+00:00\",\"dateModified\":\"2021-05-05T10:00:07+00:00\",\"mainEntityOfPage\":{\"@id\":\"https:\\\/\\\/dorogimedence.hu\\\/index.php\\\/2021\\\/05\\\/05\\\/ma-van-a-kezhigienias-vilagnap\\\/\"},\"wordCount\":911,\"publisher\":{\"@id\":\"https:\\\/\\\/dorogimedence.hu\\\/#organization\"},\"image\":{\"@id\":\"https:\\\/\\\/dorogimedence.hu\\\/index.php\\\/2021\\\/05\\\/05\\\/ma-van-a-kezhigienias-vilagnap\\\/#primaryimage\"},\"thumbnailUrl\":\"https:\\\/\\\/dorogimedence.hu\\\/wp-content\\\/uploads\\\/2021\\\/05\\\/wash-hands-5029421_1920.jpg\",\"keywords\":[\"k\u00e9zhigi\u00e9ni\u00e1s vil\u00e1gnap\"],\"articleSection\":[\"H\u00edrek\"],\"inLanguage\":\"hu\"},{\"@type\":\"WebPage\",\"@id\":\"https:\\\/\\\/dorogimedence.hu\\\/index.php\\\/2021\\\/05\\\/05\\\/ma-van-a-kezhigienias-vilagnap\\\/\",\"url\":\"https:\\\/\\\/dorogimedence.hu\\\/index.php\\\/2021\\\/05\\\/05\\\/ma-van-a-kezhigienias-vilagnap\\\/\",\"name\":\"Ma van a k\u00e9zhigi\u00e9ni\u00e1s vil\u00e1gnap\",\"isPartOf\":{\"@id\":\"https:\\\/\\\/dorogimedence.hu\\\/#website\"},\"primaryImageOfPage\":{\"@id\":\"https:\\\/\\\/dorogimedence.hu\\\/index.php\\\/2021\\\/05\\\/05\\\/ma-van-a-kezhigienias-vilagnap\\\/#primaryimage\"},\"image\":{\"@id\":\"https:\\\/\\\/dorogimedence.hu\\\/index.php\\\/2021\\\/05\\\/05\\\/ma-van-a-kezhigienias-vilagnap\\\/#primaryimage\"},\"thumbnailUrl\":\"https:\\\/\\\/dorogimedence.hu\\\/wp-content\\\/uploads\\\/2021\\\/05\\\/wash-hands-5029421_1920.jpg\",\"datePublished\":\"2021-05-05T09:52:02+00:00\",\"dateModified\":\"2021-05-05T10:00:07+00:00\",\"breadcrumb\":{\"@id\":\"https:\\\/\\\/dorogimedence.hu\\\/index.php\\\/2021\\\/05\\\/05\\\/ma-van-a-kezhigienias-vilagnap\\\/#breadcrumb\"},\"inLanguage\":\"hu\",\"potentialAction\":[{\"@type\":\"ReadAction\",\"target\":[\"https:\\\/\\\/dorogimedence.hu\\\/index.php\\\/2021\\\/05\\\/05\\\/ma-van-a-kezhigienias-vilagnap\\\/\"]}]},{\"@type\":\"ImageObject\",\"inLanguage\":\"hu\",\"@id\":\"https:\\\/\\\/dorogimedence.hu\\\/index.php\\\/2021\\\/05\\\/05\\\/ma-van-a-kezhigienias-vilagnap\\\/#primaryimage\",\"url\":\"https:\\\/\\\/dorogimedence.hu\\\/wp-content\\\/uploads\\\/2021\\\/05\\\/wash-hands-5029421_1920.jpg\",\"contentUrl\":\"https:\\\/\\\/dorogimedence.hu\\\/wp-content\\\/uploads\\\/2021\\\/05\\\/wash-hands-5029421_1920.jpg\",\"width\":1920,\"height\":1280},{\"@type\":\"BreadcrumbList\",\"@id\":\"https:\\\/\\\/dorogimedence.hu\\\/index.php\\\/2021\\\/05\\\/05\\\/ma-van-a-kezhigienias-vilagnap\\\/#breadcrumb\",\"itemListElement\":[{\"@type\":\"ListItem\",\"position\":1,\"name\":\"Kezd\u0151lap\",\"item\":\"https:\\\/\\\/dorogimedence.hu\\\/\"},{\"@type\":\"ListItem\",\"position\":2,\"name\":\"Ma van a k\u00e9zhigi\u00e9ni\u00e1s vil\u00e1gnap\"}]},{\"@type\":\"WebSite\",\"@id\":\"https:\\\/\\\/dorogimedence.hu\\\/#website\",\"url\":\"https:\\\/\\\/dorogimedence.hu\\\/\",\"name\":\"Dorogi-medence Region\u00e1lis H\u00edrport\u00e1l\",\"description\":\"Dorog, Keszt\u00f6lc, Le\u00e1nyv\u00e1r, Piliscs\u00e9v, Tokod, Tokodalt\u00e1r\u00f3, Csolnok, Esztergom-kertv\u00e1ros: h\u00edrek, programok\",\"publisher\":{\"@id\":\"https:\\\/\\\/dorogimedence.hu\\\/#organization\"},\"potentialAction\":[{\"@type\":\"SearchAction\",\"target\":{\"@type\":\"EntryPoint\",\"urlTemplate\":\"https:\\\/\\\/dorogimedence.hu\\\/?s={search_term_string}\"},\"query-input\":{\"@type\":\"PropertyValueSpecification\",\"valueRequired\":true,\"valueName\":\"search_term_string\"}}],\"inLanguage\":\"hu\"},{\"@type\":\"Organization\",\"@id\":\"https:\\\/\\\/dorogimedence.hu\\\/#organization\",\"name\":\"Dorogi-medence Region\u00e1lis H\u00edrport\u00e1l\",\"url\":\"https:\\\/\\\/dorogimedence.hu\\\/\",\"logo\":{\"@type\":\"ImageObject\",\"inLanguage\":\"hu\",\"@id\":\"https:\\\/\\\/dorogimedence.hu\\\/#\\\/schema\\\/logo\\\/image\\\/\",\"url\":\"https:\\\/\\\/dorogimedence.hu\\\/wp-content\\\/uploads\\\/2021\\\/04\\\/logo-feher-600.png\",\"contentUrl\":\"https:\\\/\\\/dorogimedence.hu\\\/wp-content\\\/uploads\\\/2021\\\/04\\\/logo-feher-600.png\",\"width\":600,\"height\":100,\"caption\":\"Dorogi-medence Region\u00e1lis H\u00edrport\u00e1l\"},\"image\":{\"@id\":\"https:\\\/\\\/dorogimedence.hu\\\/#\\\/schema\\\/logo\\\/image\\\/\"},\"sameAs\":[\"https:\\\/\\\/www.facebook.com\\\/dorogimedence\\\/\"]},{\"@type\":\"Person\",\"@id\":\"https:\\\/\\\/dorogimedence.hu\\\/#\\\/schema\\\/person\\\/ce6091eeb7e95ecdc87890d6aa8e0fd4\",\"name\":\"dorogimedence.hu\",\"image\":{\"@type\":\"ImageObject\",\"inLanguage\":\"hu\",\"@id\":\"\\\/\\\/www.gravatar.com\\\/avatar\\\/d8d45f8901aadff40a4af72c0b826f1d?s=96&#038;r=g&#038;d=mm\",\"url\":\"\\\/\\\/www.gravatar.com\\\/avatar\\\/d8d45f8901aadff40a4af72c0b826f1d?s=96&#038;r=g&#038;d=mm\",\"contentUrl\":\"\\\/\\\/www.gravatar.com\\\/avatar\\\/d8d45f8901aadff40a4af72c0b826f1d?s=96&#038;r=g&#038;d=mm\",\"caption\":\"dorogimedence.hu\"}}]}<\/script>\n<!-- \/ Yoast SEO plugin. -->","yoast_head_json":{"title":"Ma van a k\u00e9zhigi\u00e9ni\u00e1s vil\u00e1gnap","robots":{"index":"index","follow":"follow","max-snippet":"max-snippet:-1","max-image-preview":"max-image-preview:large","max-video-preview":"max-video-preview:-1"},"canonical":"https:\/\/dorogimedence.hu\/index.php\/2021\/05\/05\/ma-van-a-kezhigienias-vilagnap\/","og_locale":"hu_HU","og_type":"article","og_title":"Ma van a k\u00e9zhigi\u00e9ni\u00e1s vil\u00e1gnap","og_description":"M\u00e1r ehet\u00fcnk \u00e9tteremben, mehet\u00fcnk fodr\u00e1szhoz \u00e9s edz\u0151terembe is. A nyerges\u00fajfalui Lucart a k\u00e9zhigi\u00e9ni\u00e1s vil\u00e1gnapon arra figyelmeztet minket, hogy nem el\u00e9g a helyes k\u00e9zmos\u00e1s elsaj\u00e1t\u00edt\u00e1sa, az sem mindegy, hogy mivel sz\u00e1r\u00edtunk kezet, ha nem otthon vagyunk. A Cambridge University Pressben publik\u00e1lt friss tanulm\u00e1ny szerint a v\u00edrusszennyez\u0151d\u00e9s 10-szer magasabb volt akkor, amikor a rosszul mosott kezet k\u00e9zsz\u00e1r\u00edt\u00f3val","og_url":"https:\/\/dorogimedence.hu\/index.php\/2021\/05\/05\/ma-van-a-kezhigienias-vilagnap\/","og_site_name":"Dorogi-medence Region\u00e1lis H\u00edrport\u00e1l","article_publisher":"https:\/\/www.facebook.com\/dorogimedence\/","article_published_time":"2021-05-05T09:52:02+00:00","article_modified_time":"2021-05-05T10:00:07+00:00","og_image":[{"width":1920,"height":1280,"url":"https:\/\/i0.wp.com\/dorogimedence.hu\/wp-content\/uploads\/2021\/05\/wash-hands-5029421_1920.jpg?fit=1920%2C1280&ssl=1","type":"image\/jpeg"}],"author":"dorogimedence.hu","twitter_card":"summary_large_image","twitter_misc":{"Szerz\u0151:":"dorogimedence.hu","Becs\u00fclt olvas\u00e1si id\u0151":"5 perc"},"schema":{"@context":"https:\/\/schema.org","@graph":[{"@type":"Article","@id":"https:\/\/dorogimedence.hu\/index.php\/2021\/05\/05\/ma-van-a-kezhigienias-vilagnap\/#article","isPartOf":{"@id":"https:\/\/dorogimedence.hu\/index.php\/2021\/05\/05\/ma-van-a-kezhigienias-vilagnap\/"},"author":{"name":"dorogimedence.hu","@id":"https:\/\/dorogimedence.hu\/#\/schema\/person\/ce6091eeb7e95ecdc87890d6aa8e0fd4"},"headline":"Ma van a k\u00e9zhigi\u00e9ni\u00e1s vil\u00e1gnap","datePublished":"2021-05-05T09:52:02+00:00","dateModified":"2021-05-05T10:00:07+00:00","mainEntityOfPage":{"@id":"https:\/\/dorogimedence.hu\/index.php\/2021\/05\/05\/ma-van-a-kezhigienias-vilagnap\/"},"wordCount":911,"publisher":{"@id":"https:\/\/dorogimedence.hu\/#organization"},"image":{"@id":"https:\/\/dorogimedence.hu\/index.php\/2021\/05\/05\/ma-van-a-kezhigienias-vilagnap\/#primaryimage"},"thumbnailUrl":"https:\/\/dorogimedence.hu\/wp-content\/uploads\/2021\/05\/wash-hands-5029421_1920.jpg","keywords":["k\u00e9zhigi\u00e9ni\u00e1s vil\u00e1gnap"],"articleSection":["H\u00edrek"],"inLanguage":"hu"},{"@type":"WebPage","@id":"https:\/\/dorogimedence.hu\/index.php\/2021\/05\/05\/ma-van-a-kezhigienias-vilagnap\/","url":"https:\/\/dorogimedence.hu\/index.php\/2021\/05\/05\/ma-van-a-kezhigienias-vilagnap\/","name":"Ma van a k\u00e9zhigi\u00e9ni\u00e1s vil\u00e1gnap","isPartOf":{"@id":"https:\/\/dorogimedence.hu\/#website"},"primaryImageOfPage":{"@id":"https:\/\/dorogimedence.hu\/index.php\/2021\/05\/05\/ma-van-a-kezhigienias-vilagnap\/#primaryimage"},"image":{"@id":"https:\/\/dorogimedence.hu\/index.php\/2021\/05\/05\/ma-van-a-kezhigienias-vilagnap\/#primaryimage"},"thumbnailUrl":"https:\/\/dorogimedence.hu\/wp-content\/uploads\/2021\/05\/wash-hands-5029421_1920.jpg","datePublished":"2021-05-05T09:52:02+00:00","dateModified":"2021-05-05T10:00:07+00:00","breadcrumb":{"@id":"https:\/\/dorogimedence.hu\/index.php\/2021\/05\/05\/ma-van-a-kezhigienias-vilagnap\/#breadcrumb"},"inLanguage":"hu","potentialAction":[{"@type":"ReadAction","target":["https:\/\/dorogimedence.hu\/index.php\/2021\/05\/05\/ma-van-a-kezhigienias-vilagnap\/"]}]},{"@type":"ImageObject","inLanguage":"hu","@id":"https:\/\/dorogimedence.hu\/index.php\/2021\/05\/05\/ma-van-a-kezhigienias-vilagnap\/#primaryimage","url":"https:\/\/dorogimedence.hu\/wp-content\/uploads\/2021\/05\/wash-hands-5029421_1920.jpg","contentUrl":"https:\/\/dorogimedence.hu\/wp-content\/uploads\/2021\/05\/wash-hands-5029421_1920.jpg","width":1920,"height":1280},{"@type":"BreadcrumbList","@id":"https:\/\/dorogimedence.hu\/index.php\/2021\/05\/05\/ma-van-a-kezhigienias-vilagnap\/#breadcrumb","itemListElement":[{"@type":"ListItem","position":1,"name":"Kezd\u0151lap","item":"https:\/\/dorogimedence.hu\/"},{"@type":"ListItem","position":2,"name":"Ma van a k\u00e9zhigi\u00e9ni\u00e1s vil\u00e1gnap"}]},{"@type":"WebSite","@id":"https:\/\/dorogimedence.hu\/#website","url":"https:\/\/dorogimedence.hu\/","name":"Dorogi-medence Region\u00e1lis H\u00edrport\u00e1l","description":"Dorog, Keszt\u00f6lc, Le\u00e1nyv\u00e1r, Piliscs\u00e9v, Tokod, Tokodalt\u00e1r\u00f3, Csolnok, Esztergom-kertv\u00e1ros: h\u00edrek, programok","publisher":{"@id":"https:\/\/dorogimedence.hu\/#organization"},"potentialAction":[{"@type":"SearchAction","target":{"@type":"EntryPoint","urlTemplate":"https:\/\/dorogimedence.hu\/?s={search_term_string}"},"query-input":{"@type":"PropertyValueSpecification","valueRequired":true,"valueName":"search_term_string"}}],"inLanguage":"hu"},{"@type":"Organization","@id":"https:\/\/dorogimedence.hu\/#organization","name":"Dorogi-medence Region\u00e1lis H\u00edrport\u00e1l","url":"https:\/\/dorogimedence.hu\/","logo":{"@type":"ImageObject","inLanguage":"hu","@id":"https:\/\/dorogimedence.hu\/#\/schema\/logo\/image\/","url":"https:\/\/dorogimedence.hu\/wp-content\/uploads\/2021\/04\/logo-feher-600.png","contentUrl":"https:\/\/dorogimedence.hu\/wp-content\/uploads\/2021\/04\/logo-feher-600.png","width":600,"height":100,"caption":"Dorogi-medence Region\u00e1lis H\u00edrport\u00e1l"},"image":{"@id":"https:\/\/dorogimedence.hu\/#\/schema\/logo\/image\/"},"sameAs":["https:\/\/www.facebook.com\/dorogimedence\/"]},{"@type":"Person","@id":"https:\/\/dorogimedence.hu\/#\/schema\/person\/ce6091eeb7e95ecdc87890d6aa8e0fd4","name":"dorogimedence.hu","image":{"@type":"ImageObject","inLanguage":"hu","@id":"\/\/www.gravatar.com\/avatar\/d8d45f8901aadff40a4af72c0b826f1d?s=96&#038;r=g&#038;d=mm","url":"\/\/www.gravatar.com\/avatar\/d8d45f8901aadff40a4af72c0b826f1d?s=96&#038;r=g&#038;d=mm","contentUrl":"\/\/www.gravatar.com\/avatar\/d8d45f8901aadff40a4af72c0b826f1d?s=96&#038;r=g&#038;d=mm","caption":"dorogimedence.hu"}}]}},"_links":{"self":[{"href":"https:\/\/dorogimedence.hu\/index.php\/wp-json\/wp\/v2\/posts\/32782","targetHints":{"allow":["GET"]}}],"collection":[{"href":"https:\/\/dorogimedence.hu\/index.php\/wp-json\/wp\/v2\/posts"}],"about":[{"href":"https:\/\/dorogimedence.hu\/index.php\/wp-json\/wp\/v2\/types\/post"}],"author":[{"embeddable":true,"href":"https:\/\/dorogimedence.hu\/index.php\/wp-json\/wp\/v2\/users\/1"}],"replies":[{"embeddable":true,"href":"https:\/\/dorogimedence.hu\/index.php\/wp-json\/wp\/v2\/comments?post=32782"}],"version-history":[{"count":0,"href":"https:\/\/dorogimedence.hu\/index.php\/wp-json\/wp\/v2\/posts\/32782\/revisions"}],"wp:featuredmedia":[{"embeddable":true,"href":"https:\/\/dorogimedence.hu\/index.php\/wp-json\/wp\/v2\/media\/32784"}],"wp:attachment":[{"href":"https:\/\/dorogimedence.hu\/index.php\/wp-json\/wp\/v2\/media?parent=32782"}],"wp:term":[{"taxonomy":"category","embeddable":true,"href":"https:\/\/dorogimedence.hu\/index.php\/wp-json\/wp\/v2\/categories?post=32782"},{"taxonomy":"post_tag","embeddable":true,"href":"https:\/\/dorogimedence.hu\/index.php\/wp-json\/wp\/v2\/tags?post=32782"}],"curies":[{"name":"wp","href":"https:\/\/api.w.org\/{rel}","templated":true}]}}