{"id":32689,"date":"2021-05-03T06:25:08","date_gmt":"2021-05-03T04:25:08","guid":{"rendered":"https:\/\/dorogimedence.hu\/?p=32689"},"modified":"2021-05-03T06:25:26","modified_gmt":"2021-05-03T04:25:26","slug":"kikaptak-a-dorogiak-az-angyalfoldiektol","status":"publish","type":"post","link":"https:\/\/dorogimedence.hu\/index.php\/2021\/05\/03\/kikaptak-a-dorogiak-az-angyalfoldiektol\/","title":{"rendered":"Kikaptak a dorogiak az angyalf\u00f6ldiekt\u0151l"},"content":{"rendered":"<p><strong>A labdar\u00fag\u00f3 NB II 36. fordul\u00f3j\u00e1ban a Vasas FC a Dorogi FC-t l\u00e1tta vend\u00e9g\u00fcl m\u00e1jus 2-\u00e1n, vas\u00e1rnap.<\/strong><\/p>\n<p>J\u00f3 iramban kezd\u0151d\u00f6tt a m\u00e9rk\u0151z\u00e9s, de a kapusoknak t\u00fal sok idegeskedni val\u00f3juk nem volt az els\u0151 f\u00e9l \u00f3r\u00e1ban. Viszont a 34. percben Rad\u00f3 Andr\u00e1s egy gy\u00f6ny\u00f6r\u0171 t\u00e1mad\u00e1s v\u00e9g\u00e9n megszerezte a vezet\u00e9st az angyalf\u00f6ldiek sz\u00e1m\u00e1ra. Az els\u0151 f\u00e9lid\u0151ben m\u00e9g tartotta mag\u00e1t a dorogi g\u00e1rda, \u00e1m amikor a sz\u00fcnet ut\u00e1n az 53. percben Balajti \u00c1d\u00e1m kett\u0151re n\u00f6velte csapata el\u0151ny\u00e9t, minden es\u00e9ly\u00fck elsz\u00e1llt a pontszerz\u00e9sre a vend\u00e9geknek. A harmadik g\u00f3lra sem kellett t\u00fal sokat v\u00e1rniuk az angyalf\u00f6ldieknek: Szatm\u00e1ri bal oldali szabadr\u00fag\u00e1sa ut\u00e1n Viczi\u00e1n gy\u00f6ny\u00f6r\u0171 mozdulattal cs\u00fasztatott a bal sarokba.<\/p>\n<p><strong>LABDAR\u00daG\u00d3 NB II &#8211; 36. FORDUL\u00d3<br \/>\n<span style=\"color: #ff0000;\">Vasas FC<\/span><\/strong><span style=\"color: #ff0000;\"><strong>\u2013Dorogi FC 3<\/strong><strong>\u20130 (1<\/strong><\/span><strong><span style=\"color: #ff0000;\">\u20130)<\/span><br \/>\nBudapest,<\/strong> Illovszky Rudolf Stadion, <strong>561 <\/strong>n\u00e9z\u0151.<strong> Vezette: <\/strong>Tak\u00e1cs Tam\u00e1s (Belicza P\u00e9ter, Szil\u00e1gyi Norbert)<br \/>\n<strong>VASAS:<\/strong> Rados \u2013 Litauszki, Viczi\u00e1n, Szil\u00e1gyi Z. \u2013 Szivacski, Hidi M. (K\u00f6b\u00f6l, 81.), P\u00e1tkai (Vernes, 75.), Silye \u2013 Szatm\u00e1ri (Kov\u00e1cs M., 73.), Rad\u00f3 (Hinora, 81.) \u2013 Balajti (Birtalan, 81.). <strong>Vezet\u0151edz\u0151:<\/strong> Schindler Szabolcs<br \/>\n<strong>DOROG: <\/strong>Borsos \u2013 K\u00e1r\u00e1sz, Bel\u00e9nyesi, Dlusztus, Papp M. (Zabari, 83.) \u2013 Rjasko, L\u00e9n\u00e1rth (Nagyh\u00e1zi, 83.) \u2013 Girsik (Barna, 73.), T\u00f3th B. (Csillag, 86.), Kanalos \u2013 Szerencsi (Szab\u00f3 L., 73.). <strong>Vezet\u0151edz\u0151:<\/strong> Fenyvesi L\u00e1szl\u00f3<br \/>\n<strong>G\u00f3lszerz\u0151:<\/strong> Rad\u00f3 (<strong>1\u20130<\/strong>) a 34., Balajti (<strong>2\u20130<\/strong>) az 53., Viczi\u00e1n (<strong>3\u20130<\/strong>) a 72. percben<\/p>\n<p><strong>MESTERM\u00c9RLEG<br \/>\nSchindler Szabolcs<\/strong>: \u2013 Az els\u0151 f\u00e9lid\u0151ben medd\u0151 volt a f\u00f6l\u00e9ny\u00fcnk, nem j\u00e1tszottunk olyan j\u00f3l, ahogy eltervezt\u00fck \u00e9s nem voltunk hat\u00e9konyak. A sz\u00fcnetben cser\u00e9lni terveztem, de ezt v\u00e9g\u00fcl elvetettem, ehelyett form\u00e1ci\u00f3t v\u00e1ltoztattunk, ami bej\u00f6tt. A m\u00e1sodik j\u00e1t\u00e9kr\u00e9szben m\u00e1r l\u00e1tv\u00e1nyosan is j\u00e1tszottunk \u00e9s fizikailag j\u00f3l b\u00edrtuk a v\u00e9g\u00e9ig, \u00edgy meg\u00e9rdemelten nyert\u00fcnk.<br \/>\n<strong>Fenyvesi L\u00e1szl\u00f3<\/strong>: \u2013 Nehezen indult a m\u00e9rk\u0151z\u00e9s, de azt\u00e1n egyre ink\u00e1bb belej\u00f6tt\u00fcnk a j\u00e1t\u00e9kba. A f\u00e9lid\u0151 v\u00e9g\u00e9n volt egy nagy helyzet\u00fcnk, majd a sz\u00fcnet ut\u00e1n kapuf\u00e1val kezdt\u00fcnk, de a tizenegyes eld\u00f6nt\u00f6tte a h\u00e1rom pont sors\u00e1t. K\u00e9tg\u00f3los el\u0151nye birtok\u00e1ban a Vasas egy\u00e9rtelm\u0171en f\u00f6l\u00e9nk kerekedett. A veres\u00e9g ellen\u00e9re matematikailag biztoss\u00e1 v\u00e1lt, hogy siker\u00fcl a bennmarad\u00e1s \u2013 neh\u00e9z id\u00e9nyen vagyunk t\u00fal, de nagyon \u00f6r\u00fcl\u00fcnk. A fi\u00fak nagy munk\u00e1t tettek be a k\u00f6z\u00f6sbe.<\/p>\n<p><a href=\"https:\/\/www.nemzetisport.hu\/labdarugo_nb_ii\/nb-ii-vasas-dorogi-fc--2824013\" target=\"_blank\" rel=\"noopener\"><span style=\"text-decoration: underline; color: #0000ff;\"><strong>A m\u00e9rk\u0151z\u00e9s r\u00e9szletei&gt;&gt;<\/strong><\/span><\/a><\/p>\n<p><em>Forr\u00e1s: Nemzeti Sport<br \/>\nBor\u00edt\u00f3k\u00e9p: F\u00f6ldi Imre (nemzetisport.hu)<\/em><\/p>\n","protected":false},"excerpt":{"rendered":"<p>A labdar\u00fag\u00f3 NB II 36. fordul\u00f3j\u00e1ban a Vasas FC a Dorogi FC-t l\u00e1tta vend\u00e9g\u00fcl m\u00e1jus 2-\u00e1n, vas\u00e1rnap. J\u00f3 iramban kezd\u0151d\u00f6tt a m\u00e9rk\u0151z\u00e9s, de a kapusoknak t\u00fal sok idegeskedni val\u00f3juk nem volt az els\u0151 f\u00e9l \u00f3r\u00e1ban. Viszont a 34. percben Rad\u00f3 Andr\u00e1s egy gy\u00f6ny\u00f6r\u0171 t\u00e1mad\u00e1s v\u00e9g\u00e9n megszerezte a vezet\u00e9st az angyalf\u00f6ldiek sz\u00e1m\u00e1ra. Az els\u0151 f\u00e9lid\u0151ben m\u00e9g<\/p>\n","protected":false},"author":1,"featured_media":32690,"comment_status":"closed","ping_status":"closed","sticky":false,"template":"","format":"standard","meta":{"ngg_post_thumbnail":0,"footnotes":""},"categories":[2,3,5],"tags":[15,37,70,69,72,263,16,3064],"class_list":{"0":"post-32689","1":"post","2":"type-post","3":"status-publish","4":"format-standard","5":"has-post-thumbnail","7":"category-dorog","8":"category-hirek","9":"category-sport","10":"tag-dorog","11":"tag-dorogi-fc","12":"tag-foci","13":"tag-futball","14":"tag-labdarugas","15":"tag-nb-ii","16":"tag-sport","17":"tag-vasas-fc"},"yoast_head":"<!-- This site is optimized with the Yoast SEO plugin v27.4 - https:\/\/yoast.com\/product\/yoast-seo-wordpress\/ -->\n<title>Kikaptak a dorogiak az angyalf\u00f6ldiekt\u0151l<\/title>\n<meta name=\"robots\" content=\"index, follow, max-snippet:-1, max-image-preview:large, max-video-preview:-1\" \/>\n<link rel=\"canonical\" href=\"https:\/\/dorogimedence.hu\/index.php\/2021\/05\/03\/kikaptak-a-dorogiak-az-angyalfoldiektol\/\" class=\"yoast-seo-meta-tag\" \/>\n<meta property=\"og:locale\" content=\"hu_HU\" class=\"yoast-seo-meta-tag\" \/>\n<meta property=\"og:type\" content=\"article\" class=\"yoast-seo-meta-tag\" \/>\n<meta property=\"og:title\" content=\"Kikaptak a dorogiak az angyalf\u00f6ldiekt\u0151l\" class=\"yoast-seo-meta-tag\" \/>\n<meta property=\"og:description\" content=\"A labdar\u00fag\u00f3 NB II 36. fordul\u00f3j\u00e1ban a Vasas FC a Dorogi FC-t l\u00e1tta vend\u00e9g\u00fcl m\u00e1jus 2-\u00e1n, vas\u00e1rnap. J\u00f3 iramban kezd\u0151d\u00f6tt a m\u00e9rk\u0151z\u00e9s, de a kapusoknak t\u00fal sok idegeskedni val\u00f3juk nem volt az els\u0151 f\u00e9l \u00f3r\u00e1ban. Viszont a 34. percben Rad\u00f3 Andr\u00e1s egy gy\u00f6ny\u00f6r\u0171 t\u00e1mad\u00e1s v\u00e9g\u00e9n megszerezte a vezet\u00e9st az angyalf\u00f6ldiek sz\u00e1m\u00e1ra. Az els\u0151 f\u00e9lid\u0151ben m\u00e9g\" class=\"yoast-seo-meta-tag\" \/>\n<meta property=\"og:url\" content=\"https:\/\/dorogimedence.hu\/index.php\/2021\/05\/03\/kikaptak-a-dorogiak-az-angyalfoldiektol\/\" class=\"yoast-seo-meta-tag\" \/>\n<meta property=\"og:site_name\" content=\"Dorogi-medence Region\u00e1lis H\u00edrport\u00e1l\" class=\"yoast-seo-meta-tag\" \/>\n<meta property=\"article:publisher\" content=\"https:\/\/www.facebook.com\/dorogimedence\/\" class=\"yoast-seo-meta-tag\" \/>\n<meta property=\"article:published_time\" content=\"2021-05-03T04:25:08+00:00\" class=\"yoast-seo-meta-tag\" \/>\n<meta property=\"article:modified_time\" content=\"2021-05-03T04:25:26+00:00\" class=\"yoast-seo-meta-tag\" \/>\n<meta property=\"og:image\" content=\"https:\/\/i0.wp.com\/dorogimedence.hu\/wp-content\/uploads\/2021\/05\/vasas-dorog.jpg?fit=1200%2C710&ssl=1\" class=\"yoast-seo-meta-tag\" \/>\n\t<meta property=\"og:image:width\" content=\"1200\" class=\"yoast-seo-meta-tag\" \/>\n\t<meta property=\"og:image:height\" content=\"710\" class=\"yoast-seo-meta-tag\" \/>\n\t<meta property=\"og:image:type\" content=\"image\/jpeg\" class=\"yoast-seo-meta-tag\" \/>\n<meta name=\"author\" content=\"dorogimedence.hu\" class=\"yoast-seo-meta-tag\" \/>\n<meta name=\"twitter:card\" content=\"summary_large_image\" class=\"yoast-seo-meta-tag\" \/>\n<meta name=\"twitter:label1\" content=\"Szerz\u0151:\" class=\"yoast-seo-meta-tag\" \/>\n\t<meta name=\"twitter:data1\" content=\"dorogimedence.hu\" class=\"yoast-seo-meta-tag\" \/>\n\t<meta name=\"twitter:label2\" content=\"Becs\u00fclt olvas\u00e1si id\u0151\" class=\"yoast-seo-meta-tag\" \/>\n\t<meta name=\"twitter:data2\" content=\"2 perc\" class=\"yoast-seo-meta-tag\" \/>\n<script type=\"application\/ld+json\" class=\"yoast-schema-graph\">{\"@context\":\"https:\\\/\\\/schema.org\",\"@graph\":[{\"@type\":\"Article\",\"@id\":\"https:\\\/\\\/dorogimedence.hu\\\/index.php\\\/2021\\\/05\\\/03\\\/kikaptak-a-dorogiak-az-angyalfoldiektol\\\/#article\",\"isPartOf\":{\"@id\":\"https:\\\/\\\/dorogimedence.hu\\\/index.php\\\/2021\\\/05\\\/03\\\/kikaptak-a-dorogiak-az-angyalfoldiektol\\\/\"},\"author\":{\"name\":\"dorogimedence.hu\",\"@id\":\"https:\\\/\\\/dorogimedence.hu\\\/#\\\/schema\\\/person\\\/ce6091eeb7e95ecdc87890d6aa8e0fd4\"},\"headline\":\"Kikaptak a dorogiak az angyalf\u00f6ldiekt\u0151l\",\"datePublished\":\"2021-05-03T04:25:08+00:00\",\"dateModified\":\"2021-05-03T04:25:26+00:00\",\"mainEntityOfPage\":{\"@id\":\"https:\\\/\\\/dorogimedence.hu\\\/index.php\\\/2021\\\/05\\\/03\\\/kikaptak-a-dorogiak-az-angyalfoldiektol\\\/\"},\"wordCount\":479,\"publisher\":{\"@id\":\"https:\\\/\\\/dorogimedence.hu\\\/#organization\"},\"image\":{\"@id\":\"https:\\\/\\\/dorogimedence.hu\\\/index.php\\\/2021\\\/05\\\/03\\\/kikaptak-a-dorogiak-az-angyalfoldiektol\\\/#primaryimage\"},\"thumbnailUrl\":\"https:\\\/\\\/dorogimedence.hu\\\/wp-content\\\/uploads\\\/2021\\\/05\\\/vasas-dorog.jpg\",\"keywords\":[\"Dorog\",\"Dorogi FC\",\"foci\",\"futball\",\"labdar\u00fag\u00e1s\",\"NB II\",\"sport\",\"Vasas FC\"],\"articleSection\":[\"Dorog\",\"H\u00edrek\",\"Sport\"],\"inLanguage\":\"hu\"},{\"@type\":\"WebPage\",\"@id\":\"https:\\\/\\\/dorogimedence.hu\\\/index.php\\\/2021\\\/05\\\/03\\\/kikaptak-a-dorogiak-az-angyalfoldiektol\\\/\",\"url\":\"https:\\\/\\\/dorogimedence.hu\\\/index.php\\\/2021\\\/05\\\/03\\\/kikaptak-a-dorogiak-az-angyalfoldiektol\\\/\",\"name\":\"Kikaptak a dorogiak az angyalf\u00f6ldiekt\u0151l\",\"isPartOf\":{\"@id\":\"https:\\\/\\\/dorogimedence.hu\\\/#website\"},\"primaryImageOfPage\":{\"@id\":\"https:\\\/\\\/dorogimedence.hu\\\/index.php\\\/2021\\\/05\\\/03\\\/kikaptak-a-dorogiak-az-angyalfoldiektol\\\/#primaryimage\"},\"image\":{\"@id\":\"https:\\\/\\\/dorogimedence.hu\\\/index.php\\\/2021\\\/05\\\/03\\\/kikaptak-a-dorogiak-az-angyalfoldiektol\\\/#primaryimage\"},\"thumbnailUrl\":\"https:\\\/\\\/dorogimedence.hu\\\/wp-content\\\/uploads\\\/2021\\\/05\\\/vasas-dorog.jpg\",\"datePublished\":\"2021-05-03T04:25:08+00:00\",\"dateModified\":\"2021-05-03T04:25:26+00:00\",\"breadcrumb\":{\"@id\":\"https:\\\/\\\/dorogimedence.hu\\\/index.php\\\/2021\\\/05\\\/03\\\/kikaptak-a-dorogiak-az-angyalfoldiektol\\\/#breadcrumb\"},\"inLanguage\":\"hu\",\"potentialAction\":[{\"@type\":\"ReadAction\",\"target\":[\"https:\\\/\\\/dorogimedence.hu\\\/index.php\\\/2021\\\/05\\\/03\\\/kikaptak-a-dorogiak-az-angyalfoldiektol\\\/\"]}]},{\"@type\":\"ImageObject\",\"inLanguage\":\"hu\",\"@id\":\"https:\\\/\\\/dorogimedence.hu\\\/index.php\\\/2021\\\/05\\\/03\\\/kikaptak-a-dorogiak-az-angyalfoldiektol\\\/#primaryimage\",\"url\":\"https:\\\/\\\/dorogimedence.hu\\\/wp-content\\\/uploads\\\/2021\\\/05\\\/vasas-dorog.jpg\",\"contentUrl\":\"https:\\\/\\\/dorogimedence.hu\\\/wp-content\\\/uploads\\\/2021\\\/05\\\/vasas-dorog.jpg\",\"width\":1200,\"height\":710},{\"@type\":\"BreadcrumbList\",\"@id\":\"https:\\\/\\\/dorogimedence.hu\\\/index.php\\\/2021\\\/05\\\/03\\\/kikaptak-a-dorogiak-az-angyalfoldiektol\\\/#breadcrumb\",\"itemListElement\":[{\"@type\":\"ListItem\",\"position\":1,\"name\":\"Kezd\u0151lap\",\"item\":\"https:\\\/\\\/dorogimedence.hu\\\/\"},{\"@type\":\"ListItem\",\"position\":2,\"name\":\"Kikaptak a dorogiak az angyalf\u00f6ldiekt\u0151l\"}]},{\"@type\":\"WebSite\",\"@id\":\"https:\\\/\\\/dorogimedence.hu\\\/#website\",\"url\":\"https:\\\/\\\/dorogimedence.hu\\\/\",\"name\":\"Dorogi-medence Region\u00e1lis H\u00edrport\u00e1l\",\"description\":\"Dorog, Keszt\u00f6lc, Le\u00e1nyv\u00e1r, Piliscs\u00e9v, Tokod, Tokodalt\u00e1r\u00f3, Csolnok, Esztergom-kertv\u00e1ros: h\u00edrek, programok\",\"publisher\":{\"@id\":\"https:\\\/\\\/dorogimedence.hu\\\/#organization\"},\"potentialAction\":[{\"@type\":\"SearchAction\",\"target\":{\"@type\":\"EntryPoint\",\"urlTemplate\":\"https:\\\/\\\/dorogimedence.hu\\\/?s={search_term_string}\"},\"query-input\":{\"@type\":\"PropertyValueSpecification\",\"valueRequired\":true,\"valueName\":\"search_term_string\"}}],\"inLanguage\":\"hu\"},{\"@type\":\"Organization\",\"@id\":\"https:\\\/\\\/dorogimedence.hu\\\/#organization\",\"name\":\"Dorogi-medence Region\u00e1lis H\u00edrport\u00e1l\",\"url\":\"https:\\\/\\\/dorogimedence.hu\\\/\",\"logo\":{\"@type\":\"ImageObject\",\"inLanguage\":\"hu\",\"@id\":\"https:\\\/\\\/dorogimedence.hu\\\/#\\\/schema\\\/logo\\\/image\\\/\",\"url\":\"https:\\\/\\\/dorogimedence.hu\\\/wp-content\\\/uploads\\\/2021\\\/04\\\/logo-feher-600.png\",\"contentUrl\":\"https:\\\/\\\/dorogimedence.hu\\\/wp-content\\\/uploads\\\/2021\\\/04\\\/logo-feher-600.png\",\"width\":600,\"height\":100,\"caption\":\"Dorogi-medence Region\u00e1lis H\u00edrport\u00e1l\"},\"image\":{\"@id\":\"https:\\\/\\\/dorogimedence.hu\\\/#\\\/schema\\\/logo\\\/image\\\/\"},\"sameAs\":[\"https:\\\/\\\/www.facebook.com\\\/dorogimedence\\\/\"]},{\"@type\":\"Person\",\"@id\":\"https:\\\/\\\/dorogimedence.hu\\\/#\\\/schema\\\/person\\\/ce6091eeb7e95ecdc87890d6aa8e0fd4\",\"name\":\"dorogimedence.hu\",\"image\":{\"@type\":\"ImageObject\",\"inLanguage\":\"hu\",\"@id\":\"\\\/\\\/www.gravatar.com\\\/avatar\\\/d8d45f8901aadff40a4af72c0b826f1d?s=96&#038;r=g&#038;d=mm\",\"url\":\"\\\/\\\/www.gravatar.com\\\/avatar\\\/d8d45f8901aadff40a4af72c0b826f1d?s=96&#038;r=g&#038;d=mm\",\"contentUrl\":\"\\\/\\\/www.gravatar.com\\\/avatar\\\/d8d45f8901aadff40a4af72c0b826f1d?s=96&#038;r=g&#038;d=mm\",\"caption\":\"dorogimedence.hu\"}}]}<\/script>\n<!-- \/ Yoast SEO plugin. -->","yoast_head_json":{"title":"Kikaptak a dorogiak az angyalf\u00f6ldiekt\u0151l","robots":{"index":"index","follow":"follow","max-snippet":"max-snippet:-1","max-image-preview":"max-image-preview:large","max-video-preview":"max-video-preview:-1"},"canonical":"https:\/\/dorogimedence.hu\/index.php\/2021\/05\/03\/kikaptak-a-dorogiak-az-angyalfoldiektol\/","og_locale":"hu_HU","og_type":"article","og_title":"Kikaptak a dorogiak az angyalf\u00f6ldiekt\u0151l","og_description":"A labdar\u00fag\u00f3 NB II 36. fordul\u00f3j\u00e1ban a Vasas FC a Dorogi FC-t l\u00e1tta vend\u00e9g\u00fcl m\u00e1jus 2-\u00e1n, vas\u00e1rnap. J\u00f3 iramban kezd\u0151d\u00f6tt a m\u00e9rk\u0151z\u00e9s, de a kapusoknak t\u00fal sok idegeskedni val\u00f3juk nem volt az els\u0151 f\u00e9l \u00f3r\u00e1ban. Viszont a 34. percben Rad\u00f3 Andr\u00e1s egy gy\u00f6ny\u00f6r\u0171 t\u00e1mad\u00e1s v\u00e9g\u00e9n megszerezte a vezet\u00e9st az angyalf\u00f6ldiek sz\u00e1m\u00e1ra. Az els\u0151 f\u00e9lid\u0151ben m\u00e9g","og_url":"https:\/\/dorogimedence.hu\/index.php\/2021\/05\/03\/kikaptak-a-dorogiak-az-angyalfoldiektol\/","og_site_name":"Dorogi-medence Region\u00e1lis H\u00edrport\u00e1l","article_publisher":"https:\/\/www.facebook.com\/dorogimedence\/","article_published_time":"2021-05-03T04:25:08+00:00","article_modified_time":"2021-05-03T04:25:26+00:00","og_image":[{"width":1200,"height":710,"url":"https:\/\/i0.wp.com\/dorogimedence.hu\/wp-content\/uploads\/2021\/05\/vasas-dorog.jpg?fit=1200%2C710&ssl=1","type":"image\/jpeg"}],"author":"dorogimedence.hu","twitter_card":"summary_large_image","twitter_misc":{"Szerz\u0151:":"dorogimedence.hu","Becs\u00fclt olvas\u00e1si id\u0151":"2 perc"},"schema":{"@context":"https:\/\/schema.org","@graph":[{"@type":"Article","@id":"https:\/\/dorogimedence.hu\/index.php\/2021\/05\/03\/kikaptak-a-dorogiak-az-angyalfoldiektol\/#article","isPartOf":{"@id":"https:\/\/dorogimedence.hu\/index.php\/2021\/05\/03\/kikaptak-a-dorogiak-az-angyalfoldiektol\/"},"author":{"name":"dorogimedence.hu","@id":"https:\/\/dorogimedence.hu\/#\/schema\/person\/ce6091eeb7e95ecdc87890d6aa8e0fd4"},"headline":"Kikaptak a dorogiak az angyalf\u00f6ldiekt\u0151l","datePublished":"2021-05-03T04:25:08+00:00","dateModified":"2021-05-03T04:25:26+00:00","mainEntityOfPage":{"@id":"https:\/\/dorogimedence.hu\/index.php\/2021\/05\/03\/kikaptak-a-dorogiak-az-angyalfoldiektol\/"},"wordCount":479,"publisher":{"@id":"https:\/\/dorogimedence.hu\/#organization"},"image":{"@id":"https:\/\/dorogimedence.hu\/index.php\/2021\/05\/03\/kikaptak-a-dorogiak-az-angyalfoldiektol\/#primaryimage"},"thumbnailUrl":"https:\/\/dorogimedence.hu\/wp-content\/uploads\/2021\/05\/vasas-dorog.jpg","keywords":["Dorog","Dorogi FC","foci","futball","labdar\u00fag\u00e1s","NB II","sport","Vasas FC"],"articleSection":["Dorog","H\u00edrek","Sport"],"inLanguage":"hu"},{"@type":"WebPage","@id":"https:\/\/dorogimedence.hu\/index.php\/2021\/05\/03\/kikaptak-a-dorogiak-az-angyalfoldiektol\/","url":"https:\/\/dorogimedence.hu\/index.php\/2021\/05\/03\/kikaptak-a-dorogiak-az-angyalfoldiektol\/","name":"Kikaptak a dorogiak az angyalf\u00f6ldiekt\u0151l","isPartOf":{"@id":"https:\/\/dorogimedence.hu\/#website"},"primaryImageOfPage":{"@id":"https:\/\/dorogimedence.hu\/index.php\/2021\/05\/03\/kikaptak-a-dorogiak-az-angyalfoldiektol\/#primaryimage"},"image":{"@id":"https:\/\/dorogimedence.hu\/index.php\/2021\/05\/03\/kikaptak-a-dorogiak-az-angyalfoldiektol\/#primaryimage"},"thumbnailUrl":"https:\/\/dorogimedence.hu\/wp-content\/uploads\/2021\/05\/vasas-dorog.jpg","datePublished":"2021-05-03T04:25:08+00:00","dateModified":"2021-05-03T04:25:26+00:00","breadcrumb":{"@id":"https:\/\/dorogimedence.hu\/index.php\/2021\/05\/03\/kikaptak-a-dorogiak-az-angyalfoldiektol\/#breadcrumb"},"inLanguage":"hu","potentialAction":[{"@type":"ReadAction","target":["https:\/\/dorogimedence.hu\/index.php\/2021\/05\/03\/kikaptak-a-dorogiak-az-angyalfoldiektol\/"]}]},{"@type":"ImageObject","inLanguage":"hu","@id":"https:\/\/dorogimedence.hu\/index.php\/2021\/05\/03\/kikaptak-a-dorogiak-az-angyalfoldiektol\/#primaryimage","url":"https:\/\/dorogimedence.hu\/wp-content\/uploads\/2021\/05\/vasas-dorog.jpg","contentUrl":"https:\/\/dorogimedence.hu\/wp-content\/uploads\/2021\/05\/vasas-dorog.jpg","width":1200,"height":710},{"@type":"BreadcrumbList","@id":"https:\/\/dorogimedence.hu\/index.php\/2021\/05\/03\/kikaptak-a-dorogiak-az-angyalfoldiektol\/#breadcrumb","itemListElement":[{"@type":"ListItem","position":1,"name":"Kezd\u0151lap","item":"https:\/\/dorogimedence.hu\/"},{"@type":"ListItem","position":2,"name":"Kikaptak a dorogiak az angyalf\u00f6ldiekt\u0151l"}]},{"@type":"WebSite","@id":"https:\/\/dorogimedence.hu\/#website","url":"https:\/\/dorogimedence.hu\/","name":"Dorogi-medence Region\u00e1lis H\u00edrport\u00e1l","description":"Dorog, Keszt\u00f6lc, Le\u00e1nyv\u00e1r, Piliscs\u00e9v, Tokod, Tokodalt\u00e1r\u00f3, Csolnok, Esztergom-kertv\u00e1ros: h\u00edrek, programok","publisher":{"@id":"https:\/\/dorogimedence.hu\/#organization"},"potentialAction":[{"@type":"SearchAction","target":{"@type":"EntryPoint","urlTemplate":"https:\/\/dorogimedence.hu\/?s={search_term_string}"},"query-input":{"@type":"PropertyValueSpecification","valueRequired":true,"valueName":"search_term_string"}}],"inLanguage":"hu"},{"@type":"Organization","@id":"https:\/\/dorogimedence.hu\/#organization","name":"Dorogi-medence Region\u00e1lis H\u00edrport\u00e1l","url":"https:\/\/dorogimedence.hu\/","logo":{"@type":"ImageObject","inLanguage":"hu","@id":"https:\/\/dorogimedence.hu\/#\/schema\/logo\/image\/","url":"https:\/\/dorogimedence.hu\/wp-content\/uploads\/2021\/04\/logo-feher-600.png","contentUrl":"https:\/\/dorogimedence.hu\/wp-content\/uploads\/2021\/04\/logo-feher-600.png","width":600,"height":100,"caption":"Dorogi-medence Region\u00e1lis H\u00edrport\u00e1l"},"image":{"@id":"https:\/\/dorogimedence.hu\/#\/schema\/logo\/image\/"},"sameAs":["https:\/\/www.facebook.com\/dorogimedence\/"]},{"@type":"Person","@id":"https:\/\/dorogimedence.hu\/#\/schema\/person\/ce6091eeb7e95ecdc87890d6aa8e0fd4","name":"dorogimedence.hu","image":{"@type":"ImageObject","inLanguage":"hu","@id":"\/\/www.gravatar.com\/avatar\/d8d45f8901aadff40a4af72c0b826f1d?s=96&#038;r=g&#038;d=mm","url":"\/\/www.gravatar.com\/avatar\/d8d45f8901aadff40a4af72c0b826f1d?s=96&#038;r=g&#038;d=mm","contentUrl":"\/\/www.gravatar.com\/avatar\/d8d45f8901aadff40a4af72c0b826f1d?s=96&#038;r=g&#038;d=mm","caption":"dorogimedence.hu"}}]}},"_links":{"self":[{"href":"https:\/\/dorogimedence.hu\/index.php\/wp-json\/wp\/v2\/posts\/32689","targetHints":{"allow":["GET"]}}],"collection":[{"href":"https:\/\/dorogimedence.hu\/index.php\/wp-json\/wp\/v2\/posts"}],"about":[{"href":"https:\/\/dorogimedence.hu\/index.php\/wp-json\/wp\/v2\/types\/post"}],"author":[{"embeddable":true,"href":"https:\/\/dorogimedence.hu\/index.php\/wp-json\/wp\/v2\/users\/1"}],"replies":[{"embeddable":true,"href":"https:\/\/dorogimedence.hu\/index.php\/wp-json\/wp\/v2\/comments?post=32689"}],"version-history":[{"count":0,"href":"https:\/\/dorogimedence.hu\/index.php\/wp-json\/wp\/v2\/posts\/32689\/revisions"}],"wp:featuredmedia":[{"embeddable":true,"href":"https:\/\/dorogimedence.hu\/index.php\/wp-json\/wp\/v2\/media\/32690"}],"wp:attachment":[{"href":"https:\/\/dorogimedence.hu\/index.php\/wp-json\/wp\/v2\/media?parent=32689"}],"wp:term":[{"taxonomy":"category","embeddable":true,"href":"https:\/\/dorogimedence.hu\/index.php\/wp-json\/wp\/v2\/categories?post=32689"},{"taxonomy":"post_tag","embeddable":true,"href":"https:\/\/dorogimedence.hu\/index.php\/wp-json\/wp\/v2\/tags?post=32689"}],"curies":[{"name":"wp","href":"https:\/\/api.w.org\/{rel}","templated":true}]}}